{"id":656354,"date":"2026-04-23T07:11:43","date_gmt":"2026-04-23T05:11:43","guid":{"rendered":"https:\/\/kohenavocats.com\/tribunal-judiciaire-de-dijon-le-19-fevrier-2025-n24-00429\/"},"modified":"2026-04-23T07:11:43","modified_gmt":"2026-04-23T05:11:43","slug":"tribunal-judiciaire-de-dijon-le-19-fevrier-2025-n24-00429","status":"publish","type":"post","link":"https:\/\/kohenavocats.com\/tr\/tribunal-judiciaire-de-dijon-le-19-fevrier-2025-n24-00429\/","title":{"rendered":"Tribunal judiciaire de Dijon, le 19 f\u00e9vrier 2025, n\u00b024\/00429"},"content":{"rendered":"<div class=\"article-content\">\n<p>Le tribunal judiciaire de Dijon, par jugement du 19 f\u00e9vrier 2025, statue sur une demande de remise de majorations de retard. Une soci\u00e9t\u00e9 sollicitait l&#8217;annulation puis la remise de majorations appliqu\u00e9es pour retard de paiement de cotisations sociales, invoquant un incident informatique. Le tribunal d\u00e9clare la demande d&#8217;annulation irrecevable et rejette la demande de remise au fond, consid\u00e9rant que l&#8217;incident all\u00e9gu\u00e9 ne constitue pas un cas de force majeure.<\/p>\n<p>Le formalisme proc\u00e9dural du contentieux social<\/p>\n<p>Le respect des voies de recours administratives pr\u00e9alables est strictement exig\u00e9. Le juge rappelle que la saisine de la commission de recours amiable est un pr\u00e9alable obligatoire \u00e0 tout recours juridictionnel. Les termes de cette saisine fixent ensuite les limites du litige pouvant \u00eatre soumis au juge. En l&#8217;esp\u00e8ce, la demande initiale ne portait que sur une sollicitation d&#8217;indulgence, rendant irrecevable toute demande ult\u00e9rieure d&#8217;annulation. Ce formalisme assure la s\u00e9curit\u00e9 juridique et permet un filtrage des litiges par l&#8217;administration. La proc\u00e9dure pr\u00e9alable constitue ainsi une condition essentielle de recevabilit\u00e9 devant le juge judiciaire.<\/p>\n<p>Le tribunal pr\u00e9cise ensuite la nature de son office en mati\u00e8re de remise gracieuse. Il n&#8217;est pas une juridiction d&#8217;appel des d\u00e9cisions de la commission de recours amiable. Son contr\u00f4le porte sur la d\u00e9cision initiale de l&#8217;organisme de recouvrement, et non sur la r\u00e9gularit\u00e9 formelle de l&#8217;avis de la commission. &#8220;Le p\u00f4le social du tribunal judiciaire n\u2019est pas une juridiction de recours des d\u00e9cisions rendues par la commission de recours amiable&#8221; (Motifs, Sur le fond). Cette clarification limite le contr\u00f4le du juge au fond du droit et \u00e9vite les discussions sur des vices de forme sans incidence r\u00e9elle. Elle renforce l&#8217;autonomie de la phase administrative pr\u00e9contentieuse.<\/p>\n<p>L&#8217;appr\u00e9ciation restrictive de la force majeure<\/p>\n<p>Le juge op\u00e8re une distinction essentielle entre la nature des majorations pour d\u00e9terminer son contr\u00f4le. Seules les majorations \u00e0 caract\u00e8re punitif sont soumises \u00e0 un contr\u00f4le de proportionnalit\u00e9 au regard de l&#8217;article 6 de la Convention europ\u00e9enne des droits de l&#8217;homme. Les majorations de retard forfaitaires, vis\u00e9es en l&#8217;esp\u00e8ce, ont pour objet de compenser un pr\u00e9judice. &#8220;Les majorations appliqu\u00e9es de plein droit aux cotisations et contributions qui n\u2019ont pas \u00e9t\u00e9 acquitt\u00e9es aux dates limites de versement ont pour objet de compenser le pr\u00e9judice subi par l\u2019organisme de recouvrement&#8221; (Motifs, Sur le fond). Cette distinction issue de la jurisprudence r\u00e9cente guide l&#8217;office du juge et \u00e9carte tout contr\u00f4le d&#8217;ad\u00e9quation pour les majorations compensatoires.<\/p>\n<p>La qualification d&#8217;un \u00e9v\u00e9nement comme force majeure fait l&#8217;objet d&#8217;une appr\u00e9ciation exigeante. Le juge retient que l&#8217;incident informatique et les d\u00e9lais bancaires invoqu\u00e9s r\u00e9sultent d&#8217;un manque d&#8217;anticipation et de prudence. &#8220;L\u2019\u00e9v\u00e8nement dont elle argue ne rev\u00eat donc pas un caract\u00e8re irr\u00e9sistible et ext\u00e9rieur au sens des dispositions susvis\u00e9es&#8221; (Motifs, Sur le fond). Cette s\u00e9v\u00e9rit\u00e9 s&#8217;appuie sur le fait que la soci\u00e9t\u00e9 avait programm\u00e9 le paiement \u00e0 la derni\u00e8re limite malgr\u00e9 la connaissance des risques. La d\u00e9cision rappelle que la force majeure suppose un \u00e9v\u00e9nement impr\u00e9visible et irr\u00e9sistible, excluant les difficult\u00e9s internes et pr\u00e9visibles. Elle prot\u00e8ge ainsi le principe de l&#8217;exigibilit\u00e9 des cotisations sociales.<\/p>\n<\/div>\n","protected":false},"excerpt":{"rendered":"<p>Le tribunal judiciaire de Dijon, par jugement du 19 f\u00e9vrier 2025, statue sur une demande de remise de majorations de retard. Une soci\u00e9t\u00e9 sollicitait l&#8217;annula&#8230;<\/p>\n","protected":false},"author":232070755,"featured_media":9678,"comment_status":"open","ping_status":"open","sticky":false,"template":"","format":"standard","meta":{"_crdt_document":"","_jetpack_newsletter_access":"","_jetpack_dont_email_post_to_subs":false,"_jetpack_newsletter_tier_id":0,"_jetpack_memberships_contains_paywalled_content":false,"_kj_source_type":"judilibre","_kj_official_id":"68dc3e09b3454b98788dec99","_kj_official_url":"https:\/\/www.courdecassation.fr\/decision\/68dc3e09b3454b98788dec99","_kj_judilibre_id":"68dc3e09b3454b98788dec99","_kj_jur":"Tribunal judiciaire","_kj_lieu":"Tribunal judiciaire de Dijon","_kj_chambre":"CTX PROTECTION SOCIALE","_kj_rg":"24\/00429","_kj_date":"2025-09-30","_jetpack_memberships_contains_paid_content":false,"footnotes":"","jetpack_post_was_ever_published":false},"categories":[7597],"tags":[],"class_list":["post-656354","post","type-post","status-publish","format-standard","has-post-thumbnail","hentry","category-jurisprudence"],"yoast_head":"<!-- This site is optimized with the Yoast SEO Premium plugin v27.5 (Yoast SEO v27.5) - https:\/\/yoast.com\/product\/yoast-seo-premium-wordpress\/ -->\n<title>Tribunal judiciaire de Dijon, le 19 f\u00e9vrier 2025, n\u00b024\/00429 - Ma\u00eetre Hassan Kohen, avocat en droit p\u00e9nal \u00e0 Paris<\/title>\n<meta name=\"description\" content=\"Le tribunal judiciaire de Dijon, par jugement du 19 f\u00e9vrier 2025, statue sur une demande de remise de majorations de retard. Une soci\u00e9t\u00e9 sollicitait l&#039;annula...\" \/>\n<meta name=\"robots\" content=\"index, follow, max-snippet:-1, max-image-preview:large, max-video-preview:-1\" \/>\n<link rel=\"canonical\" href=\"https:\/\/kohenavocats.com\/tr\/tribunal-judiciaire-de-dijon-le-19-fevrier-2025-n24-00429\/\" \/>\n<meta property=\"og:locale\" content=\"tr_TR\" \/>\n<meta property=\"og:type\" content=\"article\" \/>\n<meta property=\"og:title\" content=\"Tribunal judiciaire de Dijon, le 19 f\u00e9vrier 2025, n\u00b024\/00429\" \/>\n<meta property=\"og:description\" content=\"Le tribunal judiciaire de Dijon, par jugement du 19 f\u00e9vrier 2025, statue sur une demande de remise de majorations de retard. Une soci\u00e9t\u00e9 sollicitait l&#039;annula...\" \/>\n<meta property=\"og:url\" content=\"https:\/\/kohenavocats.com\/tr\/tribunal-judiciaire-de-dijon-le-19-fevrier-2025-n24-00429\/\" \/>\n<meta property=\"og:site_name\" content=\"Ma\u00eetre Hassan Kohen, avocat en droit p\u00e9nal \u00e0 Paris\" \/>\n<meta property=\"article:published_time\" content=\"2026-04-23T05:11:43+00:00\" \/>\n<meta property=\"og:image\" content=\"https:\/\/kohenavocats.com\/wp-content\/uploads\/2024\/11\/planet-volumes-C3xYPsybD0U-unsplash.webp\" \/>\n\t<meta property=\"og:image:width\" content=\"3000\" \/>\n\t<meta property=\"og:image:height\" content=\"3889\" \/>\n\t<meta property=\"og:image:type\" content=\"image\/webp\" \/>\n<meta name=\"author\" content=\"Kohen\" \/>\n<meta name=\"twitter:card\" content=\"summary_large_image\" \/>\n<meta name=\"twitter:label1\" content=\"Yazan:\" \/>\n\t<meta name=\"twitter:data1\" content=\"Kohen\" \/>\n\t<meta name=\"twitter:label2\" content=\"Tahmini okuma s\u00fcresi\" \/>\n\t<meta name=\"twitter:data2\" content=\"3 dakika\" \/>\n<script type=\"application\/ld+json\" class=\"yoast-schema-graph\">{\"@context\":\"https:\\\/\\\/schema.org\",\"@graph\":[{\"@type\":\"Article\",\"@id\":\"https:\\\/\\\/kohenavocats.com\\\/tr\\\/tribunal-judiciaire-de-dijon-le-19-fevrier-2025-n24-00429\\\/#article\",\"isPartOf\":{\"@id\":\"https:\\\/\\\/kohenavocats.com\\\/tr\\\/tribunal-judiciaire-de-dijon-le-19-fevrier-2025-n24-00429\\\/\"},\"author\":{\"name\":\"Kohen\",\"@id\":\"https:\\\/\\\/kohenavocats.com\\\/tr\\\/#\\\/schema\\\/person\\\/761c9ba54fa1ca84d405cef0831ff751\"},\"headline\":\"Tribunal judiciaire de Dijon, le 19 f\u00e9vrier 2025, n\u00b024\\\/00429\",\"datePublished\":\"2026-04-23T05:11:43+00:00\",\"mainEntityOfPage\":{\"@id\":\"https:\\\/\\\/kohenavocats.com\\\/tr\\\/tribunal-judiciaire-de-dijon-le-19-fevrier-2025-n24-00429\\\/\"},\"wordCount\":589,\"commentCount\":0,\"publisher\":{\"@id\":\"https:\\\/\\\/kohenavocats.com\\\/tr\\\/#organization\"},\"image\":{\"@id\":\"https:\\\/\\\/kohenavocats.com\\\/tr\\\/tribunal-judiciaire-de-dijon-le-19-fevrier-2025-n24-00429\\\/#primaryimage\"},\"thumbnailUrl\":\"https:\\\/\\\/kohenavocats.com\\\/wp-content\\\/uploads\\\/2024\\\/11\\\/planet-volumes-C3xYPsybD0U-unsplash.webp\",\"articleSection\":[\"Jurisprudence\"],\"inLanguage\":\"tr\",\"potentialAction\":[{\"@type\":\"CommentAction\",\"name\":\"Comment\",\"target\":[\"https:\\\/\\\/kohenavocats.com\\\/tr\\\/tribunal-judiciaire-de-dijon-le-19-fevrier-2025-n24-00429\\\/#respond\"]}],\"citation\":\"Tribunal judiciaire de Dijon, le 19 f\u00e9vrier 2025, n\u00b024\\\/00429\",\"about\":[{\"@type\":\"Thing\",\"name\":\"Jurisprudence\"}],\"dateModified\":\"2026-04-23T05:11:43+00:00\",\"speakable\":{\"@type\":\"SpeakableSpecification\",\"cssSelector\":[\".article-content > p:first-of-type\"]}},{\"@type\":\"WebPage\",\"@id\":\"https:\\\/\\\/kohenavocats.com\\\/tr\\\/tribunal-judiciaire-de-dijon-le-19-fevrier-2025-n24-00429\\\/\",\"url\":\"https:\\\/\\\/kohenavocats.com\\\/tr\\\/tribunal-judiciaire-de-dijon-le-19-fevrier-2025-n24-00429\\\/\",\"name\":\"Tribunal judiciaire de Dijon, le 19 f\u00e9vrier 2025, n\u00b024\\\/00429 - Ma\u00eetre Hassan Kohen, avocat en droit p\u00e9nal \u00e0 Paris\",\"isPartOf\":{\"@id\":\"https:\\\/\\\/kohenavocats.com\\\/tr\\\/#website\"},\"primaryImageOfPage\":{\"@id\":\"https:\\\/\\\/kohenavocats.com\\\/tr\\\/tribunal-judiciaire-de-dijon-le-19-fevrier-2025-n24-00429\\\/#primaryimage\"},\"image\":{\"@id\":\"https:\\\/\\\/kohenavocats.com\\\/tr\\\/tribunal-judiciaire-de-dijon-le-19-fevrier-2025-n24-00429\\\/#primaryimage\"},\"thumbnailUrl\":\"https:\\\/\\\/kohenavocats.com\\\/wp-content\\\/uploads\\\/2024\\\/11\\\/planet-volumes-C3xYPsybD0U-unsplash.webp\",\"datePublished\":\"2026-04-23T05:11:43+00:00\",\"description\":\"Le tribunal judiciaire de Dijon, par jugement du 19 f\u00e9vrier 2025, statue sur une demande de remise de majorations de retard. Une soci\u00e9t\u00e9 sollicitait l'annula...\",\"breadcrumb\":{\"@id\":\"https:\\\/\\\/kohenavocats.com\\\/tr\\\/tribunal-judiciaire-de-dijon-le-19-fevrier-2025-n24-00429\\\/#breadcrumb\"},\"inLanguage\":\"tr\",\"potentialAction\":[{\"@type\":\"ReadAction\",\"target\":[\"https:\\\/\\\/kohenavocats.com\\\/tr\\\/tribunal-judiciaire-de-dijon-le-19-fevrier-2025-n24-00429\\\/\"]}]},{\"@type\":\"ImageObject\",\"inLanguage\":\"tr\",\"@id\":\"https:\\\/\\\/kohenavocats.com\\\/tr\\\/tribunal-judiciaire-de-dijon-le-19-fevrier-2025-n24-00429\\\/#primaryimage\",\"url\":\"https:\\\/\\\/kohenavocats.com\\\/wp-content\\\/uploads\\\/2024\\\/11\\\/planet-volumes-C3xYPsybD0U-unsplash.webp\",\"contentUrl\":\"https:\\\/\\\/kohenavocats.com\\\/wp-content\\\/uploads\\\/2024\\\/11\\\/planet-volumes-C3xYPsybD0U-unsplash.webp\",\"width\":3000,\"height\":3889},{\"@type\":\"BreadcrumbList\",\"@id\":\"https:\\\/\\\/kohenavocats.com\\\/tr\\\/tribunal-judiciaire-de-dijon-le-19-fevrier-2025-n24-00429\\\/#breadcrumb\",\"itemListElement\":[{\"@type\":\"ListItem\",\"position\":1,\"name\":\"Home\",\"item\":\"https:\\\/\\\/kohenavocats.com\\\/tr\\\/avocats-en-droit-penal-a-paris-conseil-et-defense-strategique\\\/\"},{\"@type\":\"ListItem\",\"position\":2,\"name\":\"Tribunal judiciaire de Dijon, le 19 f\u00e9vrier 2025, n\u00b024\\\/00429\"}]},{\"@type\":\"WebSite\",\"@id\":\"https:\\\/\\\/kohenavocats.com\\\/tr\\\/#website\",\"url\":\"https:\\\/\\\/kohenavocats.com\\\/tr\\\/\",\"name\":\"Kohen Avocats\",\"description\":\"Ma\u00eetre Hassan Kohen, avocat p\u00e9naliste \u00e0 Paris, intervient exclusivement en droit p\u00e9nal pour la d\u00e9fense des particuliers, notamment en mati\u00e8re d\u2019accusations de viol. Il assure un accompagnement rigoureux d\u00e8s la garde \u00e0 vue jusqu\u2019\u00e0 la Cour d\u2019assises, veillant au strict respect des garanties proc\u00e9durales.\",\"publisher\":{\"@id\":\"https:\\\/\\\/kohenavocats.com\\\/tr\\\/#organization\"},\"potentialAction\":[{\"@type\":\"SearchAction\",\"target\":{\"@type\":\"EntryPoint\",\"urlTemplate\":\"https:\\\/\\\/kohenavocats.com\\\/tr\\\/?s={search_term_string}\"},\"query-input\":{\"@type\":\"PropertyValueSpecification\",\"valueRequired\":true,\"valueName\":\"search_term_string\"}}],\"inLanguage\":\"tr\"},{\"@type\":\"Organization\",\"@id\":\"https:\\\/\\\/kohenavocats.com\\\/tr\\\/#organization\",\"name\":\"Kohen Avocats\",\"url\":\"https:\\\/\\\/kohenavocats.com\\\/tr\\\/\",\"logo\":{\"@type\":\"ImageObject\",\"inLanguage\":\"tr\",\"@id\":\"https:\\\/\\\/kohenavocats.com\\\/tr\\\/#\\\/schema\\\/logo\\\/image\\\/\",\"url\":\"https:\\\/\\\/kohenavocats.com\\\/wp-content\\\/uploads\\\/2026\\\/01\\\/Logo-2-1.webp\",\"contentUrl\":\"https:\\\/\\\/kohenavocats.com\\\/wp-content\\\/uploads\\\/2026\\\/01\\\/Logo-2-1.webp\",\"width\":2114,\"height\":1253,\"caption\":\"Kohen Avocats\"},\"image\":{\"@id\":\"https:\\\/\\\/kohenavocats.com\\\/tr\\\/#\\\/schema\\\/logo\\\/image\\\/\"}},{\"@type\":\"Person\",\"@id\":\"https:\\\/\\\/kohenavocats.com\\\/tr\\\/#\\\/schema\\\/person\\\/761c9ba54fa1ca84d405cef0831ff751\",\"name\":\"Kohen\",\"image\":{\"@type\":\"ImageObject\",\"inLanguage\":\"tr\",\"@id\":\"https:\\\/\\\/secure.gravatar.com\\\/avatar\\\/1c5e76ef76bbbfdd2b4da984e2bf2fa4056fd51a27d25ce2c332047f1dfd6e00?s=96&d=identicon&r=g\",\"url\":\"https:\\\/\\\/secure.gravatar.com\\\/avatar\\\/1c5e76ef76bbbfdd2b4da984e2bf2fa4056fd51a27d25ce2c332047f1dfd6e00?s=96&d=identicon&r=g\",\"contentUrl\":\"https:\\\/\\\/secure.gravatar.com\\\/avatar\\\/1c5e76ef76bbbfdd2b4da984e2bf2fa4056fd51a27d25ce2c332047f1dfd6e00?s=96&d=identicon&r=g\",\"caption\":\"Kohen\"},\"sameAs\":[\"https:\\\/\\\/www.linkedin.com\\\/in\\\/hassan-kohen-448548192\\\/\",\"https:\\\/\\\/www.youtube.com\\\/@Kohen-Avocats\"],\"url\":\"https:\\\/\\\/kohenavocats.com\\\/tr\\\/author\\\/kohenmlk\\\/\"}]}<\/script>\n<!-- \/ Yoast SEO Premium plugin. -->","yoast_head_json":{"title":"Tribunal judiciaire de Dijon, le 19 f\u00e9vrier 2025, n\u00b024\/00429 - Ma\u00eetre Hassan Kohen, avocat en droit p\u00e9nal \u00e0 Paris","description":"Le tribunal judiciaire de Dijon, par jugement du 19 f\u00e9vrier 2025, statue sur une demande de remise de majorations de retard. Une soci\u00e9t\u00e9 sollicitait l'annula...","robots":{"index":"index","follow":"follow","max-snippet":"max-snippet:-1","max-image-preview":"max-image-preview:large","max-video-preview":"max-video-preview:-1"},"canonical":"https:\/\/kohenavocats.com\/tr\/tribunal-judiciaire-de-dijon-le-19-fevrier-2025-n24-00429\/","og_locale":"tr_TR","og_type":"article","og_title":"Tribunal judiciaire de Dijon, le 19 f\u00e9vrier 2025, n\u00b024\/00429","og_description":"Le tribunal judiciaire de Dijon, par jugement du 19 f\u00e9vrier 2025, statue sur une demande de remise de majorations de retard. Une soci\u00e9t\u00e9 sollicitait l'annula...","og_url":"https:\/\/kohenavocats.com\/tr\/tribunal-judiciaire-de-dijon-le-19-fevrier-2025-n24-00429\/","og_site_name":"Ma\u00eetre Hassan Kohen, avocat en droit p\u00e9nal \u00e0 Paris","article_published_time":"2026-04-23T05:11:43+00:00","og_image":[{"width":3000,"height":3889,"url":"https:\/\/kohenavocats.com\/wp-content\/uploads\/2024\/11\/planet-volumes-C3xYPsybD0U-unsplash.webp","type":"image\/webp"}],"author":"Kohen","twitter_card":"summary_large_image","twitter_misc":{"Yazan:":"Kohen","Tahmini okuma s\u00fcresi":"3 dakika"},"schema":{"@context":"https:\/\/schema.org","@graph":[{"@type":"Article","@id":"https:\/\/kohenavocats.com\/tr\/tribunal-judiciaire-de-dijon-le-19-fevrier-2025-n24-00429\/#article","isPartOf":{"@id":"https:\/\/kohenavocats.com\/tr\/tribunal-judiciaire-de-dijon-le-19-fevrier-2025-n24-00429\/"},"author":{"name":"Kohen","@id":"https:\/\/kohenavocats.com\/tr\/#\/schema\/person\/761c9ba54fa1ca84d405cef0831ff751"},"headline":"Tribunal judiciaire de Dijon, le 19 f\u00e9vrier 2025, n\u00b024\/00429","datePublished":"2026-04-23T05:11:43+00:00","mainEntityOfPage":{"@id":"https:\/\/kohenavocats.com\/tr\/tribunal-judiciaire-de-dijon-le-19-fevrier-2025-n24-00429\/"},"wordCount":589,"commentCount":0,"publisher":{"@id":"https:\/\/kohenavocats.com\/tr\/#organization"},"image":{"@id":"https:\/\/kohenavocats.com\/tr\/tribunal-judiciaire-de-dijon-le-19-fevrier-2025-n24-00429\/#primaryimage"},"thumbnailUrl":"https:\/\/kohenavocats.com\/wp-content\/uploads\/2024\/11\/planet-volumes-C3xYPsybD0U-unsplash.webp","articleSection":["Jurisprudence"],"inLanguage":"tr","potentialAction":[{"@type":"CommentAction","name":"Comment","target":["https:\/\/kohenavocats.com\/tr\/tribunal-judiciaire-de-dijon-le-19-fevrier-2025-n24-00429\/#respond"]}],"citation":"Tribunal judiciaire de Dijon, le 19 f\u00e9vrier 2025, n\u00b024\/00429","about":[{"@type":"Thing","name":"Jurisprudence"}],"dateModified":"2026-04-23T05:11:43+00:00","speakable":{"@type":"SpeakableSpecification","cssSelector":[".article-content > p:first-of-type"]}},{"@type":"WebPage","@id":"https:\/\/kohenavocats.com\/tr\/tribunal-judiciaire-de-dijon-le-19-fevrier-2025-n24-00429\/","url":"https:\/\/kohenavocats.com\/tr\/tribunal-judiciaire-de-dijon-le-19-fevrier-2025-n24-00429\/","name":"Tribunal judiciaire de Dijon, le 19 f\u00e9vrier 2025, n\u00b024\/00429 - Ma\u00eetre Hassan Kohen, avocat en droit p\u00e9nal \u00e0 Paris","isPartOf":{"@id":"https:\/\/kohenavocats.com\/tr\/#website"},"primaryImageOfPage":{"@id":"https:\/\/kohenavocats.com\/tr\/tribunal-judiciaire-de-dijon-le-19-fevrier-2025-n24-00429\/#primaryimage"},"image":{"@id":"https:\/\/kohenavocats.com\/tr\/tribunal-judiciaire-de-dijon-le-19-fevrier-2025-n24-00429\/#primaryimage"},"thumbnailUrl":"https:\/\/kohenavocats.com\/wp-content\/uploads\/2024\/11\/planet-volumes-C3xYPsybD0U-unsplash.webp","datePublished":"2026-04-23T05:11:43+00:00","description":"Le tribunal judiciaire de Dijon, par jugement du 19 f\u00e9vrier 2025, statue sur une demande de remise de majorations de retard. Une soci\u00e9t\u00e9 sollicitait l'annula...","breadcrumb":{"@id":"https:\/\/kohenavocats.com\/tr\/tribunal-judiciaire-de-dijon-le-19-fevrier-2025-n24-00429\/#breadcrumb"},"inLanguage":"tr","potentialAction":[{"@type":"ReadAction","target":["https:\/\/kohenavocats.com\/tr\/tribunal-judiciaire-de-dijon-le-19-fevrier-2025-n24-00429\/"]}]},{"@type":"ImageObject","inLanguage":"tr","@id":"https:\/\/kohenavocats.com\/tr\/tribunal-judiciaire-de-dijon-le-19-fevrier-2025-n24-00429\/#primaryimage","url":"https:\/\/kohenavocats.com\/wp-content\/uploads\/2024\/11\/planet-volumes-C3xYPsybD0U-unsplash.webp","contentUrl":"https:\/\/kohenavocats.com\/wp-content\/uploads\/2024\/11\/planet-volumes-C3xYPsybD0U-unsplash.webp","width":3000,"height":3889},{"@type":"BreadcrumbList","@id":"https:\/\/kohenavocats.com\/tr\/tribunal-judiciaire-de-dijon-le-19-fevrier-2025-n24-00429\/#breadcrumb","itemListElement":[{"@type":"ListItem","position":1,"name":"Home","item":"https:\/\/kohenavocats.com\/tr\/avocats-en-droit-penal-a-paris-conseil-et-defense-strategique\/"},{"@type":"ListItem","position":2,"name":"Tribunal judiciaire de Dijon, le 19 f\u00e9vrier 2025, n\u00b024\/00429"}]},{"@type":"WebSite","@id":"https:\/\/kohenavocats.com\/tr\/#website","url":"https:\/\/kohenavocats.com\/tr\/","name":"Kohen Avocats","description":"Ma\u00eetre Hassan Kohen, avocat p\u00e9naliste \u00e0 Paris, intervient exclusivement en droit p\u00e9nal pour la d\u00e9fense des particuliers, notamment en mati\u00e8re d\u2019accusations de viol. Il assure un accompagnement rigoureux d\u00e8s la garde \u00e0 vue jusqu\u2019\u00e0 la Cour d\u2019assises, veillant au strict respect des garanties proc\u00e9durales.","publisher":{"@id":"https:\/\/kohenavocats.com\/tr\/#organization"},"potentialAction":[{"@type":"SearchAction","target":{"@type":"EntryPoint","urlTemplate":"https:\/\/kohenavocats.com\/tr\/?s={search_term_string}"},"query-input":{"@type":"PropertyValueSpecification","valueRequired":true,"valueName":"search_term_string"}}],"inLanguage":"tr"},{"@type":"Organization","@id":"https:\/\/kohenavocats.com\/tr\/#organization","name":"Kohen Avocats","url":"https:\/\/kohenavocats.com\/tr\/","logo":{"@type":"ImageObject","inLanguage":"tr","@id":"https:\/\/kohenavocats.com\/tr\/#\/schema\/logo\/image\/","url":"https:\/\/kohenavocats.com\/wp-content\/uploads\/2026\/01\/Logo-2-1.webp","contentUrl":"https:\/\/kohenavocats.com\/wp-content\/uploads\/2026\/01\/Logo-2-1.webp","width":2114,"height":1253,"caption":"Kohen Avocats"},"image":{"@id":"https:\/\/kohenavocats.com\/tr\/#\/schema\/logo\/image\/"}},{"@type":"Person","@id":"https:\/\/kohenavocats.com\/tr\/#\/schema\/person\/761c9ba54fa1ca84d405cef0831ff751","name":"Kohen","image":{"@type":"ImageObject","inLanguage":"tr","@id":"https:\/\/secure.gravatar.com\/avatar\/1c5e76ef76bbbfdd2b4da984e2bf2fa4056fd51a27d25ce2c332047f1dfd6e00?s=96&d=identicon&r=g","url":"https:\/\/secure.gravatar.com\/avatar\/1c5e76ef76bbbfdd2b4da984e2bf2fa4056fd51a27d25ce2c332047f1dfd6e00?s=96&d=identicon&r=g","contentUrl":"https:\/\/secure.gravatar.com\/avatar\/1c5e76ef76bbbfdd2b4da984e2bf2fa4056fd51a27d25ce2c332047f1dfd6e00?s=96&d=identicon&r=g","caption":"Kohen"},"sameAs":["https:\/\/www.linkedin.com\/in\/hassan-kohen-448548192\/","https:\/\/www.youtube.com\/@Kohen-Avocats"],"url":"https:\/\/kohenavocats.com\/tr\/author\/kohenmlk\/"}]}},"jetpack_featured_media_url":"https:\/\/kohenavocats.com\/wp-content\/uploads\/2024\/11\/planet-volumes-C3xYPsybD0U-unsplash.webp","jetpack_likes_enabled":false,"jetpack_shortlink":"https:\/\/wp.me\/peCrII-2KKm","jetpack-related-posts":[{"id":475941,"url":"https:\/\/kohenavocats.com\/tr\/tribunal-judiciaire-de-dijon-le-7-fevrier-2025-n25-00114\/","url_meta":{"origin":656354,"position":0},"title":"Tribunal judiciaire de Dijon, le 7 f\u00e9vrier 2025, n\u00b025\/00114","author":"Kohen","date":"7 Nisan 2026","format":false,"excerpt":"Le tribunal judiciaire de Dijon, par jugement du 7 f\u00e9vrier 2025, statue sur une opposition \u00e0 contrainte \u00e9mise par un exploitant agricole. L\u2019organisme de reco...","rel":"","context":"&quot;Jurisprudence&quot; i\u00e7inde","block_context":{"text":"Jurisprudence","link":"https:\/\/kohenavocats.com\/category\/jurisprudence\/"},"img":{"alt_text":"","src":"https:\/\/i0.wp.com\/kohenavocats.com\/wp-content\/uploads\/2024\/11\/laura-adai-uVe-JpiFDmE-unsplash.webp?resize=350%2C200&ssl=1","width":350,"height":200,"srcset":"https:\/\/i0.wp.com\/kohenavocats.com\/wp-content\/uploads\/2024\/11\/laura-adai-uVe-JpiFDmE-unsplash.webp?resize=350%2C200&ssl=1 1x, https:\/\/i0.wp.com\/kohenavocats.com\/wp-content\/uploads\/2024\/11\/laura-adai-uVe-JpiFDmE-unsplash.webp?resize=525%2C300&ssl=1 1.5x, https:\/\/i0.wp.com\/kohenavocats.com\/wp-content\/uploads\/2024\/11\/laura-adai-uVe-JpiFDmE-unsplash.webp?resize=700%2C400&ssl=1 2x, https:\/\/i0.wp.com\/kohenavocats.com\/wp-content\/uploads\/2024\/11\/laura-adai-uVe-JpiFDmE-unsplash.webp?resize=1050%2C600&ssl=1 3x, https:\/\/i0.wp.com\/kohenavocats.com\/wp-content\/uploads\/2024\/11\/laura-adai-uVe-JpiFDmE-unsplash.webp?resize=1400%2C800&ssl=1 4x"},"classes":[]},{"id":656668,"url":"https:\/\/kohenavocats.com\/tr\/tribunal-judiciaire-de-dijon-le-15-mars-2027-n24-00464\/","url_meta":{"origin":656354,"position":1},"title":"Tribunal judiciaire de Dijon, le 15 mars 2027, n\u00b024\/00464","author":"Kohen","date":"23 Nisan 2026","format":false,"excerpt":"Le tribunal judiciaire de Dijon, le 15 mars 2027, a eu \u00e0 conna\u00eetre d\u2019un litige opposant un organisme de s\u00e9curit\u00e9 sociale \u00e0 un couple. L\u2019organisme r\u00e9clamait l...","rel":"","context":"&quot;Jurisprudence&quot; i\u00e7inde","block_context":{"text":"Jurisprudence","link":"https:\/\/kohenavocats.com\/category\/jurisprudence\/"},"img":{"alt_text":"","src":"https:\/\/i0.wp.com\/kohenavocats.com\/wp-content\/uploads\/2024\/08\/clark-van-der-beken-Azns3dVZEBQ-unsplash.webp?resize=350%2C200&ssl=1","width":350,"height":200,"srcset":"https:\/\/i0.wp.com\/kohenavocats.com\/wp-content\/uploads\/2024\/08\/clark-van-der-beken-Azns3dVZEBQ-unsplash.webp?resize=350%2C200&ssl=1 1x, https:\/\/i0.wp.com\/kohenavocats.com\/wp-content\/uploads\/2024\/08\/clark-van-der-beken-Azns3dVZEBQ-unsplash.webp?resize=525%2C300&ssl=1 1.5x, https:\/\/i0.wp.com\/kohenavocats.com\/wp-content\/uploads\/2024\/08\/clark-van-der-beken-Azns3dVZEBQ-unsplash.webp?resize=700%2C400&ssl=1 2x, https:\/\/i0.wp.com\/kohenavocats.com\/wp-content\/uploads\/2024\/08\/clark-van-der-beken-Azns3dVZEBQ-unsplash.webp?resize=1050%2C600&ssl=1 3x, https:\/\/i0.wp.com\/kohenavocats.com\/wp-content\/uploads\/2024\/08\/clark-van-der-beken-Azns3dVZEBQ-unsplash.webp?resize=1400%2C800&ssl=1 4x"},"classes":[]},{"id":35265,"url":"https:\/\/kohenavocats.com\/tr\/tribunal-judiciaire-de-dijon-le-17-juin-2025-n24-00210\/","url_meta":{"origin":656354,"position":2},"title":"Tribunal judiciaire de Dijon, le 17 juin 2025, n\u00b024\/00210","author":"Kohen","date":"6 Kas\u0131m 2025","format":false,"excerpt":"Tribunal judiciaire de Dijon, p\u00f4le social, 17 juin 2025. Un indu de compl\u00e9ment de libre choix du mode de garde est r\u00e9clam\u00e9 pour la p\u00e9riode du 1er f\u00e9vrier 2022 au 30 septembre 2023, \u00e0 la suite d\u2019un contr\u00f4le r\u00e9v\u00e9lant le financement de la structure d\u2019accueil par la prestation de service\u2026","rel":"","context":"&quot;D\u00e9cisions juridiques&quot; i\u00e7inde","block_context":{"text":"D\u00e9cisions juridiques","link":"https:\/\/kohenavocats.com\/category\/decisions-juridiques\/"},"img":{"alt_text":"","src":"https:\/\/i0.wp.com\/kohenavocats.com\/wp-content\/uploads\/2024\/11\/allison-saeng-MrtYdShGeQY-unsplash.webp?resize=350%2C200&ssl=1","width":350,"height":200,"srcset":"https:\/\/i0.wp.com\/kohenavocats.com\/wp-content\/uploads\/2024\/11\/allison-saeng-MrtYdShGeQY-unsplash.webp?resize=350%2C200&ssl=1 1x, https:\/\/i0.wp.com\/kohenavocats.com\/wp-content\/uploads\/2024\/11\/allison-saeng-MrtYdShGeQY-unsplash.webp?resize=525%2C300&ssl=1 1.5x, https:\/\/i0.wp.com\/kohenavocats.com\/wp-content\/uploads\/2024\/11\/allison-saeng-MrtYdShGeQY-unsplash.webp?resize=700%2C400&ssl=1 2x, https:\/\/i0.wp.com\/kohenavocats.com\/wp-content\/uploads\/2024\/11\/allison-saeng-MrtYdShGeQY-unsplash.webp?resize=1050%2C600&ssl=1 3x, https:\/\/i0.wp.com\/kohenavocats.com\/wp-content\/uploads\/2024\/11\/allison-saeng-MrtYdShGeQY-unsplash.webp?resize=1400%2C800&ssl=1 4x"},"classes":[]},{"id":70556,"url":"https:\/\/kohenavocats.com\/tr\/cour-dappel-de-paris-le-27-juin-2025-n21-10163\/","url_meta":{"origin":656354,"position":3},"title":"Cour d&#8217;appel de Paris, le 27 juin 2025, n\u00b021\/10163","author":"Kohen","date":"9 Kas\u0131m 2025","format":false,"excerpt":"Par un arr\u00eat du 27 juin 2025, la Cour d'appel de Paris (P\u00f4le 6 - Chambre 13) statue sur l'appel d'une soci\u00e9t\u00e9 contre un jugement du tribunal judiciaire de Paris du 19 novembre 2021. La contrainte signifi\u00e9e le 29 janvier 2020 totalisait 63 506 euros, avec 7 euros de cotisations\u2026","rel":"","context":"&quot;Cour d'appel&quot; i\u00e7inde","block_context":{"text":"Cour d'appel","link":"https:\/\/kohenavocats.com\/category\/cour-dappel\/"},"img":{"alt_text":"","src":"https:\/\/i0.wp.com\/kohenavocats.com\/wp-content\/uploads\/2024\/11\/getty-images-xdphsBoOFvY-unsplash.webp?resize=350%2C200&ssl=1","width":350,"height":200,"srcset":"https:\/\/i0.wp.com\/kohenavocats.com\/wp-content\/uploads\/2024\/11\/getty-images-xdphsBoOFvY-unsplash.webp?resize=350%2C200&ssl=1 1x, https:\/\/i0.wp.com\/kohenavocats.com\/wp-content\/uploads\/2024\/11\/getty-images-xdphsBoOFvY-unsplash.webp?resize=525%2C300&ssl=1 1.5x, https:\/\/i0.wp.com\/kohenavocats.com\/wp-content\/uploads\/2024\/11\/getty-images-xdphsBoOFvY-unsplash.webp?resize=700%2C400&ssl=1 2x, https:\/\/i0.wp.com\/kohenavocats.com\/wp-content\/uploads\/2024\/11\/getty-images-xdphsBoOFvY-unsplash.webp?resize=1050%2C600&ssl=1 3x, https:\/\/i0.wp.com\/kohenavocats.com\/wp-content\/uploads\/2024\/11\/getty-images-xdphsBoOFvY-unsplash.webp?resize=1400%2C800&ssl=1 4x"},"classes":[]},{"id":240353,"url":"https:\/\/kohenavocats.com\/tr\/tribunal-judiciaire-de-dijon-le-13-juin-2025-n24-00124\/","url_meta":{"origin":656354,"position":4},"title":"Tribunal judiciaire de Dijon, le 13 juin 2025, n\u00b024\/00124","author":"Kohen","date":"1 Ocak 2026","format":false,"excerpt":"Tribunal judiciaire de Dijon (p\u00f4le social), jugement du 13 juin 2025, n\u00b0 RG 24\/00124, n\u00b0 25\/323. Un cotisant a form\u00e9 opposition \u00e0 une contrainte \u00e9mise le 18 janvier 2024 et signifi\u00e9e le 23 janvier. La cr\u00e9ance portait 1 999,55 euros au titre de cotisations et majorations relatives aux 4e trimestres\u2026","rel":"","context":"&quot;D\u00e9cisions juridiques&quot; i\u00e7inde","block_context":{"text":"D\u00e9cisions juridiques","link":"https:\/\/kohenavocats.com\/category\/decisions-juridiques\/"},"img":{"alt_text":"","src":"https:\/\/i0.wp.com\/kohenavocats.com\/wp-content\/uploads\/2024\/08\/patrick-schneider-cFeRWofFkw8-unsplash.webp?resize=350%2C200&ssl=1","width":350,"height":200,"srcset":"https:\/\/i0.wp.com\/kohenavocats.com\/wp-content\/uploads\/2024\/08\/patrick-schneider-cFeRWofFkw8-unsplash.webp?resize=350%2C200&ssl=1 1x, https:\/\/i0.wp.com\/kohenavocats.com\/wp-content\/uploads\/2024\/08\/patrick-schneider-cFeRWofFkw8-unsplash.webp?resize=525%2C300&ssl=1 1.5x, https:\/\/i0.wp.com\/kohenavocats.com\/wp-content\/uploads\/2024\/08\/patrick-schneider-cFeRWofFkw8-unsplash.webp?resize=700%2C400&ssl=1 2x, https:\/\/i0.wp.com\/kohenavocats.com\/wp-content\/uploads\/2024\/08\/patrick-schneider-cFeRWofFkw8-unsplash.webp?resize=1050%2C600&ssl=1 3x, https:\/\/i0.wp.com\/kohenavocats.com\/wp-content\/uploads\/2024\/08\/patrick-schneider-cFeRWofFkw8-unsplash.webp?resize=1400%2C800&ssl=1 4x"},"classes":[]},{"id":431140,"url":"https:\/\/kohenavocats.com\/tr\/cour-dappel-de-montpellier-le-26-fevrier-2026-n22-02901\/","url_meta":{"origin":656354,"position":5},"title":"Cour d&#8217;appel de Montpellier, le 26 f\u00e9vrier 2026, n\u00b022\/02901","author":"Kohen","date":"24 Mart 2026","format":false,"excerpt":"La Cour d'appel de Montpellier, dans un arr\u00eat du 26 f\u00e9vrier 2026, a confirm\u00e9 un jugement rejetant une demande de remise gracieuse totale de majorations de retard sur cotisations sociales. Une soci\u00e9t\u00e9, contr\u00f4l\u00e9e par l'organisme de recouvrement, avait sold\u00e9 un redressement apr\u00e8s un \u00e9ch\u00e9ancier. Elle sollicitait ensuite la remise de\u2026","rel":"","context":"&quot;Cour d'appel&quot; i\u00e7inde","block_context":{"text":"Cour d'appel","link":"https:\/\/kohenavocats.com\/category\/cour-dappel\/"},"img":{"alt_text":"","src":"https:\/\/i0.wp.com\/kohenavocats.com\/wp-content\/uploads\/2024\/11\/planet-volumes-2RKetzja9-4-unsplash.webp?resize=350%2C200&ssl=1","width":350,"height":200,"srcset":"https:\/\/i0.wp.com\/kohenavocats.com\/wp-content\/uploads\/2024\/11\/planet-volumes-2RKetzja9-4-unsplash.webp?resize=350%2C200&ssl=1 1x, https:\/\/i0.wp.com\/kohenavocats.com\/wp-content\/uploads\/2024\/11\/planet-volumes-2RKetzja9-4-unsplash.webp?resize=525%2C300&ssl=1 1.5x, https:\/\/i0.wp.com\/kohenavocats.com\/wp-content\/uploads\/2024\/11\/planet-volumes-2RKetzja9-4-unsplash.webp?resize=700%2C400&ssl=1 2x, https:\/\/i0.wp.com\/kohenavocats.com\/wp-content\/uploads\/2024\/11\/planet-volumes-2RKetzja9-4-unsplash.webp?resize=1050%2C600&ssl=1 3x, https:\/\/i0.wp.com\/kohenavocats.com\/wp-content\/uploads\/2024\/11\/planet-volumes-2RKetzja9-4-unsplash.webp?resize=1400%2C800&ssl=1 4x"},"classes":[]}],"jetpack_sharing_enabled":true,"_links":{"self":[{"href":"https:\/\/kohenavocats.com\/tr\/wp-json\/wp\/v2\/posts\/656354","targetHints":{"allow":["GET"]}}],"collection":[{"href":"https:\/\/kohenavocats.com\/tr\/wp-json\/wp\/v2\/posts"}],"about":[{"href":"https:\/\/kohenavocats.com\/tr\/wp-json\/wp\/v2\/types\/post"}],"author":[{"embeddable":true,"href":"https:\/\/kohenavocats.com\/tr\/wp-json\/wp\/v2\/users\/232070755"}],"replies":[{"embeddable":true,"href":"https:\/\/kohenavocats.com\/tr\/wp-json\/wp\/v2\/comments?post=656354"}],"version-history":[{"count":0,"href":"https:\/\/kohenavocats.com\/tr\/wp-json\/wp\/v2\/posts\/656354\/revisions"}],"wp:featuredmedia":[{"embeddable":true,"href":"https:\/\/kohenavocats.com\/tr\/wp-json\/wp\/v2\/media\/9678"}],"wp:attachment":[{"href":"https:\/\/kohenavocats.com\/tr\/wp-json\/wp\/v2\/media?parent=656354"}],"wp:term":[{"taxonomy":"category","embeddable":true,"href":"https:\/\/kohenavocats.com\/tr\/wp-json\/wp\/v2\/categories?post=656354"},{"taxonomy":"post_tag","embeddable":true,"href":"https:\/\/kohenavocats.com\/tr\/wp-json\/wp\/v2\/tags?post=656354"}],"curies":[{"name":"wp","href":"https:\/\/api.w.org\/{rel}","templated":true}]}}