{"id":656356,"date":"2026-04-23T07:11:51","date_gmt":"2026-04-23T05:11:51","guid":{"rendered":"https:\/\/kohenavocats.com\/cour-dappel-de-paris-le-30-septembre-2025-n25-03880\/"},"modified":"2026-04-23T07:11:51","modified_gmt":"2026-04-23T05:11:51","slug":"cour-dappel-de-paris-le-30-septembre-2025-n25-03880","status":"publish","type":"post","link":"https:\/\/kohenavocats.com\/tr\/cour-dappel-de-paris-le-30-septembre-2025-n25-03880\/","title":{"rendered":"Cour d&#8217;appel de Paris, le 30 septembre 2025, n\u00b025\/03880"},"content":{"rendered":"<div class=\"article-content\">\n<p>La cour d&#8217;appel de Paris, le 30 septembre 2025, statue sur une requ\u00eate en rectification d&#8217;erreur mat\u00e9rielle. Un syndicat de copropri\u00e9t\u00e9 sollicite la correction d&#8217;une ordonnance de r\u00e9f\u00e9r\u00e9 omettant une condamnation p\u00e9cuniaire. La juridiction accueille la demande et ordonne l&#8217;ajout de la condamnation dans la motivation et le dispositif.<\/p>\n<p>Le r\u00e9gime de la rectification des erreurs mat\u00e9rielles<\/p>\n<p>Le fondement l\u00e9gal de l&#8217;intervention du juge. La d\u00e9cision rappelle le principe selon lequel les erreurs mat\u00e9rielles sont toujours r\u00e9parables. Elle se fonde express\u00e9ment sur l&#8217;article 462 du code de proc\u00e9dure civile pour justifier son pouvoir de correction. &#8220;Les erreurs et omissions mat\u00e9rielles qui affectent un jugement, m\u00eame pass\u00e9 en force de chose jug\u00e9e, peuvent toujours \u00eatre r\u00e9par\u00e9es&#8221; (Par application de l\u2019article 462 du code de proc\u00e9dure civile). Ce texte offre une s\u00e9curit\u00e9 proc\u00e9durale essentielle pour les parties. Il \u00e9vite qu&#8217;une simple inadvertance ne n\u00e9cessite une voie de recours lourde.<\/p>\n<p>La qualification de l&#8217;omission comme erreur mat\u00e9rielle. La juridiction caract\u00e9rise l&#8217;oubli d&#8217;un chef de condamnation comme une erreur relevant de ce texte. L&#8217;omission porte sur une somme pr\u00e9cise et un terme \u00e9chu, \u00e9l\u00e9ment objectif du litige. Cette omission affecte \u00e0 la fois le raisonnement et la partie op\u00e9ratoire de la d\u00e9cision. La jurisprudence confirme cette approche extensive de la notion d&#8217;erreur mat\u00e9rielle. &#8220;selon ce que le dossier r\u00e9v\u00e8le ou, \u00e0 d\u00e9faut, ce que la raison commande&#8221; (Par application de l\u2019article 462 du code de proc\u00e9dure civile). La rectification vise ainsi \u00e0 aligner la d\u00e9cision \u00e9crite sur l&#8217;intention du juge.<\/p>\n<p>Les modalit\u00e9s proc\u00e9durales de la rectification<\/p>\n<p>Une proc\u00e9dure simplifi\u00e9e et non contradictoire par d\u00e9faut. La cour statue par ordonnance sur requ\u00eate, sans audience, conform\u00e9ment \u00e0 la loi. Cette c\u00e9l\u00e9rit\u00e9 est permise car la rectification ne porte pas sur le fond du d\u00e9bat. Le juge peut toutefois d\u00e9cider d&#8217;entendre les parties s&#8217;il l&#8217;estime n\u00e9cessaire. La d\u00e9cision est ainsi r\u00e9put\u00e9e contradictoire malgr\u00e9 l&#8217;absence de d\u00e9bat. Cette \u00e9conomie proc\u00e9durale sert l&#8217;efficacit\u00e9 et la bonne administration de la justice. Elle permet une correction rapide sans remettre en cause l&#8217;autorit\u00e9 de la chose jug\u00e9e.<\/p>\n<p>Les effets limit\u00e9s de la rectification sur l&#8217;autorit\u00e9 de la d\u00e9cision. L&#8217;op\u00e9ration consiste \u00e0 ajouter la mention manquante dans la motivation et le dispositif. La d\u00e9cision rectifi\u00e9e fait ensuite l&#8217;objet d&#8217;une mention sur la minute originale. Cette formalit\u00e9 assure la coh\u00e9rence et l&#8217;authenticit\u00e9 du document juridictionnel. La rectification ne modifie pas les autres chefs de la d\u00e9cision initiale. Elle comble uniquement un vide sans r\u00e9examiner le litige au fond. La solution pr\u00e9serve donc la stabilit\u00e9 des d\u00e9cisions de justice tout en corrigeant leurs imperfections manifestes.<\/p>\n<\/div>\n","protected":false},"excerpt":{"rendered":"<p>La cour d&#8217;appel de Paris, le 30 septembre 2025, statue sur une requ\u00eate en rectification d&#8217;erreur mat\u00e9rielle. Un syndicat de copropri\u00e9t\u00e9 sollicite la correcti&#8230;<\/p>\n","protected":false},"author":232070755,"featured_media":9719,"comment_status":"open","ping_status":"open","sticky":false,"template":"","format":"standard","meta":{"_crdt_document":"","_jetpack_newsletter_access":"","_jetpack_dont_email_post_to_subs":false,"_jetpack_newsletter_tier_id":0,"_jetpack_memberships_contains_paywalled_content":false,"_kj_source_type":"judilibre","_kj_official_id":"68dc20fcb3454b98788c2f62","_kj_official_url":"https:\/\/www.courdecassation.fr\/decision\/68dc20fcb3454b98788c2f62","_kj_judilibre_id":"68dc20fcb3454b98788c2f62","_kj_jur":"Tribunal judiciaire","_kj_lieu":"Tribunal judiciaire de Marseille","_kj_chambre":"R\u00e9f\u00e9r\u00e9s Cabinet 2","_kj_rg":"25\/03880","_kj_date":"2025-09-30","_jetpack_memberships_contains_paid_content":false,"footnotes":"","jetpack_post_was_ever_published":false},"categories":[7597],"tags":[],"class_list":["post-656356","post","type-post","status-publish","format-standard","has-post-thumbnail","hentry","category-jurisprudence"],"yoast_head":"<!-- This site is optimized with the Yoast SEO Premium plugin v27.5 (Yoast SEO v27.5) - https:\/\/yoast.com\/product\/yoast-seo-premium-wordpress\/ -->\n<title>Cour d&#039;appel de Paris, le 30 septembre 2025, n\u00b025\/03880 - Ma\u00eetre Hassan Kohen, avocat en droit p\u00e9nal \u00e0 Paris<\/title>\n<meta name=\"description\" content=\"La cour d&#039;appel de Paris, le 30 septembre 2025, statue sur une requ\u00eate en rectification d&#039;erreur mat\u00e9rielle. Un syndicat de copropri\u00e9t\u00e9 sollicite la correcti...\" \/>\n<meta name=\"robots\" content=\"index, follow, max-snippet:-1, max-image-preview:large, max-video-preview:-1\" \/>\n<link rel=\"canonical\" href=\"https:\/\/kohenavocats.com\/tr\/cour-dappel-de-paris-le-30-septembre-2025-n25-03880\/\" \/>\n<meta property=\"og:locale\" content=\"tr_TR\" \/>\n<meta property=\"og:type\" content=\"article\" \/>\n<meta property=\"og:title\" content=\"Cour d&#039;appel de Paris, le 30 septembre 2025, n\u00b025\/03880\" \/>\n<meta property=\"og:description\" content=\"La cour d&#039;appel de Paris, le 30 septembre 2025, statue sur une requ\u00eate en rectification d&#039;erreur mat\u00e9rielle. Un syndicat de copropri\u00e9t\u00e9 sollicite la correcti...\" \/>\n<meta property=\"og:url\" content=\"https:\/\/kohenavocats.com\/tr\/cour-dappel-de-paris-le-30-septembre-2025-n25-03880\/\" \/>\n<meta property=\"og:site_name\" content=\"Ma\u00eetre Hassan Kohen, avocat en droit p\u00e9nal \u00e0 Paris\" \/>\n<meta property=\"article:published_time\" content=\"2026-04-23T05:11:51+00:00\" \/>\n<meta property=\"og:image\" content=\"https:\/\/kohenavocats.com\/wp-content\/uploads\/2024\/11\/getty-images-J7MPbX1-XzA-unsplash.webp\" \/>\n\t<meta property=\"og:image:width\" content=\"4950\" \/>\n\t<meta property=\"og:image:height\" content=\"3300\" \/>\n\t<meta property=\"og:image:type\" content=\"image\/webp\" \/>\n<meta name=\"author\" content=\"Kohen\" \/>\n<meta name=\"twitter:card\" content=\"summary_large_image\" \/>\n<meta name=\"twitter:label1\" content=\"Yazan:\" \/>\n\t<meta name=\"twitter:data1\" content=\"Kohen\" \/>\n\t<meta name=\"twitter:label2\" content=\"Tahmini okuma s\u00fcresi\" \/>\n\t<meta name=\"twitter:data2\" content=\"2 dakika\" \/>\n<script type=\"application\/ld+json\" class=\"yoast-schema-graph\">{\"@context\":\"https:\\\/\\\/schema.org\",\"@graph\":[{\"@type\":\"Article\",\"@id\":\"https:\\\/\\\/kohenavocats.com\\\/tr\\\/cour-dappel-de-paris-le-30-septembre-2025-n25-03880\\\/#article\",\"isPartOf\":{\"@id\":\"https:\\\/\\\/kohenavocats.com\\\/tr\\\/cour-dappel-de-paris-le-30-septembre-2025-n25-03880\\\/\"},\"author\":{\"name\":\"Kohen\",\"@id\":\"https:\\\/\\\/kohenavocats.com\\\/tr\\\/#\\\/schema\\\/person\\\/761c9ba54fa1ca84d405cef0831ff751\"},\"headline\":\"Cour d&#8217;appel de Paris, le 30 septembre 2025, n\u00b025\\\/03880\",\"datePublished\":\"2026-04-23T05:11:51+00:00\",\"mainEntityOfPage\":{\"@id\":\"https:\\\/\\\/kohenavocats.com\\\/tr\\\/cour-dappel-de-paris-le-30-septembre-2025-n25-03880\\\/\"},\"wordCount\":507,\"commentCount\":0,\"publisher\":{\"@id\":\"https:\\\/\\\/kohenavocats.com\\\/tr\\\/#organization\"},\"image\":{\"@id\":\"https:\\\/\\\/kohenavocats.com\\\/tr\\\/cour-dappel-de-paris-le-30-septembre-2025-n25-03880\\\/#primaryimage\"},\"thumbnailUrl\":\"https:\\\/\\\/kohenavocats.com\\\/wp-content\\\/uploads\\\/2024\\\/11\\\/getty-images-J7MPbX1-XzA-unsplash.webp\",\"articleSection\":[\"Jurisprudence\"],\"inLanguage\":\"tr\",\"potentialAction\":[{\"@type\":\"CommentAction\",\"name\":\"Comment\",\"target\":[\"https:\\\/\\\/kohenavocats.com\\\/tr\\\/cour-dappel-de-paris-le-30-septembre-2025-n25-03880\\\/#respond\"]}],\"citation\":\"Cour d&#8217;appel de Paris, le 30 septembre 2025, n\u00b025\\\/03880\",\"about\":[{\"@type\":\"Thing\",\"name\":\"Jurisprudence\"}],\"dateModified\":\"2026-04-23T05:11:51+00:00\",\"speakable\":{\"@type\":\"SpeakableSpecification\",\"cssSelector\":[\".article-content > p:first-of-type\"]}},{\"@type\":\"WebPage\",\"@id\":\"https:\\\/\\\/kohenavocats.com\\\/tr\\\/cour-dappel-de-paris-le-30-septembre-2025-n25-03880\\\/\",\"url\":\"https:\\\/\\\/kohenavocats.com\\\/tr\\\/cour-dappel-de-paris-le-30-septembre-2025-n25-03880\\\/\",\"name\":\"Cour d'appel de Paris, le 30 septembre 2025, n\u00b025\\\/03880 - Ma\u00eetre Hassan Kohen, avocat en droit p\u00e9nal \u00e0 Paris\",\"isPartOf\":{\"@id\":\"https:\\\/\\\/kohenavocats.com\\\/tr\\\/#website\"},\"primaryImageOfPage\":{\"@id\":\"https:\\\/\\\/kohenavocats.com\\\/tr\\\/cour-dappel-de-paris-le-30-septembre-2025-n25-03880\\\/#primaryimage\"},\"image\":{\"@id\":\"https:\\\/\\\/kohenavocats.com\\\/tr\\\/cour-dappel-de-paris-le-30-septembre-2025-n25-03880\\\/#primaryimage\"},\"thumbnailUrl\":\"https:\\\/\\\/kohenavocats.com\\\/wp-content\\\/uploads\\\/2024\\\/11\\\/getty-images-J7MPbX1-XzA-unsplash.webp\",\"datePublished\":\"2026-04-23T05:11:51+00:00\",\"description\":\"La cour d'appel de Paris, le 30 septembre 2025, statue sur une requ\u00eate en rectification d'erreur mat\u00e9rielle. Un syndicat de copropri\u00e9t\u00e9 sollicite la correcti...\",\"breadcrumb\":{\"@id\":\"https:\\\/\\\/kohenavocats.com\\\/tr\\\/cour-dappel-de-paris-le-30-septembre-2025-n25-03880\\\/#breadcrumb\"},\"inLanguage\":\"tr\",\"potentialAction\":[{\"@type\":\"ReadAction\",\"target\":[\"https:\\\/\\\/kohenavocats.com\\\/tr\\\/cour-dappel-de-paris-le-30-septembre-2025-n25-03880\\\/\"]}]},{\"@type\":\"ImageObject\",\"inLanguage\":\"tr\",\"@id\":\"https:\\\/\\\/kohenavocats.com\\\/tr\\\/cour-dappel-de-paris-le-30-septembre-2025-n25-03880\\\/#primaryimage\",\"url\":\"https:\\\/\\\/kohenavocats.com\\\/wp-content\\\/uploads\\\/2024\\\/11\\\/getty-images-J7MPbX1-XzA-unsplash.webp\",\"contentUrl\":\"https:\\\/\\\/kohenavocats.com\\\/wp-content\\\/uploads\\\/2024\\\/11\\\/getty-images-J7MPbX1-XzA-unsplash.webp\",\"width\":4950,\"height\":3300},{\"@type\":\"BreadcrumbList\",\"@id\":\"https:\\\/\\\/kohenavocats.com\\\/tr\\\/cour-dappel-de-paris-le-30-septembre-2025-n25-03880\\\/#breadcrumb\",\"itemListElement\":[{\"@type\":\"ListItem\",\"position\":1,\"name\":\"Home\",\"item\":\"https:\\\/\\\/kohenavocats.com\\\/tr\\\/avocats-en-droit-penal-a-paris-conseil-et-defense-strategique\\\/\"},{\"@type\":\"ListItem\",\"position\":2,\"name\":\"Cour d&rsquo;appel de Paris, le 30 septembre 2025, n\u00b025\\\/03880\"}]},{\"@type\":\"WebSite\",\"@id\":\"https:\\\/\\\/kohenavocats.com\\\/tr\\\/#website\",\"url\":\"https:\\\/\\\/kohenavocats.com\\\/tr\\\/\",\"name\":\"Kohen Avocats\",\"description\":\"Ma\u00eetre Hassan Kohen, avocat p\u00e9naliste \u00e0 Paris, intervient exclusivement en droit p\u00e9nal pour la d\u00e9fense des particuliers, notamment en mati\u00e8re d\u2019accusations de viol. Il assure un accompagnement rigoureux d\u00e8s la garde \u00e0 vue jusqu\u2019\u00e0 la Cour d\u2019assises, veillant au strict respect des garanties proc\u00e9durales.\",\"publisher\":{\"@id\":\"https:\\\/\\\/kohenavocats.com\\\/tr\\\/#organization\"},\"potentialAction\":[{\"@type\":\"SearchAction\",\"target\":{\"@type\":\"EntryPoint\",\"urlTemplate\":\"https:\\\/\\\/kohenavocats.com\\\/tr\\\/?s={search_term_string}\"},\"query-input\":{\"@type\":\"PropertyValueSpecification\",\"valueRequired\":true,\"valueName\":\"search_term_string\"}}],\"inLanguage\":\"tr\"},{\"@type\":\"Organization\",\"@id\":\"https:\\\/\\\/kohenavocats.com\\\/tr\\\/#organization\",\"name\":\"Kohen Avocats\",\"url\":\"https:\\\/\\\/kohenavocats.com\\\/tr\\\/\",\"logo\":{\"@type\":\"ImageObject\",\"inLanguage\":\"tr\",\"@id\":\"https:\\\/\\\/kohenavocats.com\\\/tr\\\/#\\\/schema\\\/logo\\\/image\\\/\",\"url\":\"https:\\\/\\\/kohenavocats.com\\\/wp-content\\\/uploads\\\/2026\\\/01\\\/Logo-2-1.webp\",\"contentUrl\":\"https:\\\/\\\/kohenavocats.com\\\/wp-content\\\/uploads\\\/2026\\\/01\\\/Logo-2-1.webp\",\"width\":2114,\"height\":1253,\"caption\":\"Kohen Avocats\"},\"image\":{\"@id\":\"https:\\\/\\\/kohenavocats.com\\\/tr\\\/#\\\/schema\\\/logo\\\/image\\\/\"}},{\"@type\":\"Person\",\"@id\":\"https:\\\/\\\/kohenavocats.com\\\/tr\\\/#\\\/schema\\\/person\\\/761c9ba54fa1ca84d405cef0831ff751\",\"name\":\"Kohen\",\"image\":{\"@type\":\"ImageObject\",\"inLanguage\":\"tr\",\"@id\":\"https:\\\/\\\/secure.gravatar.com\\\/avatar\\\/1c5e76ef76bbbfdd2b4da984e2bf2fa4056fd51a27d25ce2c332047f1dfd6e00?s=96&d=identicon&r=g\",\"url\":\"https:\\\/\\\/secure.gravatar.com\\\/avatar\\\/1c5e76ef76bbbfdd2b4da984e2bf2fa4056fd51a27d25ce2c332047f1dfd6e00?s=96&d=identicon&r=g\",\"contentUrl\":\"https:\\\/\\\/secure.gravatar.com\\\/avatar\\\/1c5e76ef76bbbfdd2b4da984e2bf2fa4056fd51a27d25ce2c332047f1dfd6e00?s=96&d=identicon&r=g\",\"caption\":\"Kohen\"},\"sameAs\":[\"https:\\\/\\\/www.linkedin.com\\\/in\\\/hassan-kohen-448548192\\\/\",\"https:\\\/\\\/www.youtube.com\\\/@Kohen-Avocats\"],\"url\":\"https:\\\/\\\/kohenavocats.com\\\/tr\\\/author\\\/kohenmlk\\\/\"}]}<\/script>\n<!-- \/ Yoast SEO Premium plugin. -->","yoast_head_json":{"title":"Cour d'appel de Paris, le 30 septembre 2025, n\u00b025\/03880 - Ma\u00eetre Hassan Kohen, avocat en droit p\u00e9nal \u00e0 Paris","description":"La cour d'appel de Paris, le 30 septembre 2025, statue sur une requ\u00eate en rectification d'erreur mat\u00e9rielle. Un syndicat de copropri\u00e9t\u00e9 sollicite la correcti...","robots":{"index":"index","follow":"follow","max-snippet":"max-snippet:-1","max-image-preview":"max-image-preview:large","max-video-preview":"max-video-preview:-1"},"canonical":"https:\/\/kohenavocats.com\/tr\/cour-dappel-de-paris-le-30-septembre-2025-n25-03880\/","og_locale":"tr_TR","og_type":"article","og_title":"Cour d'appel de Paris, le 30 septembre 2025, n\u00b025\/03880","og_description":"La cour d'appel de Paris, le 30 septembre 2025, statue sur une requ\u00eate en rectification d'erreur mat\u00e9rielle. Un syndicat de copropri\u00e9t\u00e9 sollicite la correcti...","og_url":"https:\/\/kohenavocats.com\/tr\/cour-dappel-de-paris-le-30-septembre-2025-n25-03880\/","og_site_name":"Ma\u00eetre Hassan Kohen, avocat en droit p\u00e9nal \u00e0 Paris","article_published_time":"2026-04-23T05:11:51+00:00","og_image":[{"width":4950,"height":3300,"url":"https:\/\/kohenavocats.com\/wp-content\/uploads\/2024\/11\/getty-images-J7MPbX1-XzA-unsplash.webp","type":"image\/webp"}],"author":"Kohen","twitter_card":"summary_large_image","twitter_misc":{"Yazan:":"Kohen","Tahmini okuma s\u00fcresi":"2 dakika"},"schema":{"@context":"https:\/\/schema.org","@graph":[{"@type":"Article","@id":"https:\/\/kohenavocats.com\/tr\/cour-dappel-de-paris-le-30-septembre-2025-n25-03880\/#article","isPartOf":{"@id":"https:\/\/kohenavocats.com\/tr\/cour-dappel-de-paris-le-30-septembre-2025-n25-03880\/"},"author":{"name":"Kohen","@id":"https:\/\/kohenavocats.com\/tr\/#\/schema\/person\/761c9ba54fa1ca84d405cef0831ff751"},"headline":"Cour d&#8217;appel de Paris, le 30 septembre 2025, n\u00b025\/03880","datePublished":"2026-04-23T05:11:51+00:00","mainEntityOfPage":{"@id":"https:\/\/kohenavocats.com\/tr\/cour-dappel-de-paris-le-30-septembre-2025-n25-03880\/"},"wordCount":507,"commentCount":0,"publisher":{"@id":"https:\/\/kohenavocats.com\/tr\/#organization"},"image":{"@id":"https:\/\/kohenavocats.com\/tr\/cour-dappel-de-paris-le-30-septembre-2025-n25-03880\/#primaryimage"},"thumbnailUrl":"https:\/\/kohenavocats.com\/wp-content\/uploads\/2024\/11\/getty-images-J7MPbX1-XzA-unsplash.webp","articleSection":["Jurisprudence"],"inLanguage":"tr","potentialAction":[{"@type":"CommentAction","name":"Comment","target":["https:\/\/kohenavocats.com\/tr\/cour-dappel-de-paris-le-30-septembre-2025-n25-03880\/#respond"]}],"citation":"Cour d&#8217;appel de Paris, le 30 septembre 2025, n\u00b025\/03880","about":[{"@type":"Thing","name":"Jurisprudence"}],"dateModified":"2026-04-23T05:11:51+00:00","speakable":{"@type":"SpeakableSpecification","cssSelector":[".article-content > p:first-of-type"]}},{"@type":"WebPage","@id":"https:\/\/kohenavocats.com\/tr\/cour-dappel-de-paris-le-30-septembre-2025-n25-03880\/","url":"https:\/\/kohenavocats.com\/tr\/cour-dappel-de-paris-le-30-septembre-2025-n25-03880\/","name":"Cour d'appel de Paris, le 30 septembre 2025, n\u00b025\/03880 - Ma\u00eetre Hassan Kohen, avocat en droit p\u00e9nal \u00e0 Paris","isPartOf":{"@id":"https:\/\/kohenavocats.com\/tr\/#website"},"primaryImageOfPage":{"@id":"https:\/\/kohenavocats.com\/tr\/cour-dappel-de-paris-le-30-septembre-2025-n25-03880\/#primaryimage"},"image":{"@id":"https:\/\/kohenavocats.com\/tr\/cour-dappel-de-paris-le-30-septembre-2025-n25-03880\/#primaryimage"},"thumbnailUrl":"https:\/\/kohenavocats.com\/wp-content\/uploads\/2024\/11\/getty-images-J7MPbX1-XzA-unsplash.webp","datePublished":"2026-04-23T05:11:51+00:00","description":"La cour d'appel de Paris, le 30 septembre 2025, statue sur une requ\u00eate en rectification d'erreur mat\u00e9rielle. Un syndicat de copropri\u00e9t\u00e9 sollicite la correcti...","breadcrumb":{"@id":"https:\/\/kohenavocats.com\/tr\/cour-dappel-de-paris-le-30-septembre-2025-n25-03880\/#breadcrumb"},"inLanguage":"tr","potentialAction":[{"@type":"ReadAction","target":["https:\/\/kohenavocats.com\/tr\/cour-dappel-de-paris-le-30-septembre-2025-n25-03880\/"]}]},{"@type":"ImageObject","inLanguage":"tr","@id":"https:\/\/kohenavocats.com\/tr\/cour-dappel-de-paris-le-30-septembre-2025-n25-03880\/#primaryimage","url":"https:\/\/kohenavocats.com\/wp-content\/uploads\/2024\/11\/getty-images-J7MPbX1-XzA-unsplash.webp","contentUrl":"https:\/\/kohenavocats.com\/wp-content\/uploads\/2024\/11\/getty-images-J7MPbX1-XzA-unsplash.webp","width":4950,"height":3300},{"@type":"BreadcrumbList","@id":"https:\/\/kohenavocats.com\/tr\/cour-dappel-de-paris-le-30-septembre-2025-n25-03880\/#breadcrumb","itemListElement":[{"@type":"ListItem","position":1,"name":"Home","item":"https:\/\/kohenavocats.com\/tr\/avocats-en-droit-penal-a-paris-conseil-et-defense-strategique\/"},{"@type":"ListItem","position":2,"name":"Cour d&rsquo;appel de Paris, le 30 septembre 2025, n\u00b025\/03880"}]},{"@type":"WebSite","@id":"https:\/\/kohenavocats.com\/tr\/#website","url":"https:\/\/kohenavocats.com\/tr\/","name":"Kohen Avocats","description":"Ma\u00eetre Hassan Kohen, avocat p\u00e9naliste \u00e0 Paris, intervient exclusivement en droit p\u00e9nal pour la d\u00e9fense des particuliers, notamment en mati\u00e8re d\u2019accusations de viol. Il assure un accompagnement rigoureux d\u00e8s la garde \u00e0 vue jusqu\u2019\u00e0 la Cour d\u2019assises, veillant au strict respect des garanties proc\u00e9durales.","publisher":{"@id":"https:\/\/kohenavocats.com\/tr\/#organization"},"potentialAction":[{"@type":"SearchAction","target":{"@type":"EntryPoint","urlTemplate":"https:\/\/kohenavocats.com\/tr\/?s={search_term_string}"},"query-input":{"@type":"PropertyValueSpecification","valueRequired":true,"valueName":"search_term_string"}}],"inLanguage":"tr"},{"@type":"Organization","@id":"https:\/\/kohenavocats.com\/tr\/#organization","name":"Kohen Avocats","url":"https:\/\/kohenavocats.com\/tr\/","logo":{"@type":"ImageObject","inLanguage":"tr","@id":"https:\/\/kohenavocats.com\/tr\/#\/schema\/logo\/image\/","url":"https:\/\/kohenavocats.com\/wp-content\/uploads\/2026\/01\/Logo-2-1.webp","contentUrl":"https:\/\/kohenavocats.com\/wp-content\/uploads\/2026\/01\/Logo-2-1.webp","width":2114,"height":1253,"caption":"Kohen Avocats"},"image":{"@id":"https:\/\/kohenavocats.com\/tr\/#\/schema\/logo\/image\/"}},{"@type":"Person","@id":"https:\/\/kohenavocats.com\/tr\/#\/schema\/person\/761c9ba54fa1ca84d405cef0831ff751","name":"Kohen","image":{"@type":"ImageObject","inLanguage":"tr","@id":"https:\/\/secure.gravatar.com\/avatar\/1c5e76ef76bbbfdd2b4da984e2bf2fa4056fd51a27d25ce2c332047f1dfd6e00?s=96&d=identicon&r=g","url":"https:\/\/secure.gravatar.com\/avatar\/1c5e76ef76bbbfdd2b4da984e2bf2fa4056fd51a27d25ce2c332047f1dfd6e00?s=96&d=identicon&r=g","contentUrl":"https:\/\/secure.gravatar.com\/avatar\/1c5e76ef76bbbfdd2b4da984e2bf2fa4056fd51a27d25ce2c332047f1dfd6e00?s=96&d=identicon&r=g","caption":"Kohen"},"sameAs":["https:\/\/www.linkedin.com\/in\/hassan-kohen-448548192\/","https:\/\/www.youtube.com\/@Kohen-Avocats"],"url":"https:\/\/kohenavocats.com\/tr\/author\/kohenmlk\/"}]}},"jetpack_featured_media_url":"https:\/\/kohenavocats.com\/wp-content\/uploads\/2024\/11\/getty-images-J7MPbX1-XzA-unsplash.webp","jetpack_likes_enabled":false,"jetpack_shortlink":"https:\/\/wp.me\/peCrII-2KKo","jetpack-related-posts":[{"id":668768,"url":"https:\/\/kohenavocats.com\/tr\/cour-dappel-de-paris-le-22-septembre-2025-n25-02529\/","url_meta":{"origin":656356,"position":0},"title":"Cour d&#8217;appel de Paris, le 22 septembre 2025, n\u00b025\/02529","author":"Kohen","date":"24 Nisan 2026","format":false,"excerpt":"La Cour d'appel de Paris, le 22 septembre 2025, statue sur une requ\u00eate en rectification d'erreur mat\u00e9rielle. Cette requ\u00eate vise un arr\u00eat rendu par la m\u00eame ju...","rel":"","context":"&quot;Jurisprudence&quot; i\u00e7inde","block_context":{"text":"Jurisprudence","link":"https:\/\/kohenavocats.com\/category\/jurisprudence\/"},"img":{"alt_text":"","src":"https:\/\/i0.wp.com\/kohenavocats.com\/wp-content\/uploads\/2024\/08\/fabian-schneidereit-pahbeN4wc_M-unsplash.webp?resize=350%2C200&ssl=1","width":350,"height":200,"srcset":"https:\/\/i0.wp.com\/kohenavocats.com\/wp-content\/uploads\/2024\/08\/fabian-schneidereit-pahbeN4wc_M-unsplash.webp?resize=350%2C200&ssl=1 1x, https:\/\/i0.wp.com\/kohenavocats.com\/wp-content\/uploads\/2024\/08\/fabian-schneidereit-pahbeN4wc_M-unsplash.webp?resize=525%2C300&ssl=1 1.5x, https:\/\/i0.wp.com\/kohenavocats.com\/wp-content\/uploads\/2024\/08\/fabian-schneidereit-pahbeN4wc_M-unsplash.webp?resize=700%2C400&ssl=1 2x, https:\/\/i0.wp.com\/kohenavocats.com\/wp-content\/uploads\/2024\/08\/fabian-schneidereit-pahbeN4wc_M-unsplash.webp?resize=1050%2C600&ssl=1 3x, https:\/\/i0.wp.com\/kohenavocats.com\/wp-content\/uploads\/2024\/08\/fabian-schneidereit-pahbeN4wc_M-unsplash.webp?resize=1400%2C800&ssl=1 4x"},"classes":[]},{"id":605986,"url":"https:\/\/kohenavocats.com\/tr\/tribunal-judiciaire-de-paris-le-5-decembre-2025-n25-12890\/","url_meta":{"origin":656356,"position":1},"title":"Tribunal judiciaire de Paris, le 5 d\u00e9cembre 2025, n\u00b025\/12890","author":"Kohen","date":"19 Nisan 2026","format":false,"excerpt":"Le tribunal judiciaire de Paris, statuant en juge de la mise en \u00e9tat, a rendu une ordonnance le 5 d\u00e9cembre 2025. Cette d\u00e9cision fait suite \u00e0 une requ\u00eate en r...","rel":"","context":"&quot;Jurisprudence&quot; i\u00e7inde","block_context":{"text":"Jurisprudence","link":"https:\/\/kohenavocats.com\/category\/jurisprudence\/"},"img":{"alt_text":"","src":"https:\/\/i0.wp.com\/kohenavocats.com\/wp-content\/uploads\/2024\/08\/mathew-schwartz-onOdABjwC0M-unsplash.webp?resize=350%2C200&ssl=1","width":350,"height":200,"srcset":"https:\/\/i0.wp.com\/kohenavocats.com\/wp-content\/uploads\/2024\/08\/mathew-schwartz-onOdABjwC0M-unsplash.webp?resize=350%2C200&ssl=1 1x, https:\/\/i0.wp.com\/kohenavocats.com\/wp-content\/uploads\/2024\/08\/mathew-schwartz-onOdABjwC0M-unsplash.webp?resize=525%2C300&ssl=1 1.5x, https:\/\/i0.wp.com\/kohenavocats.com\/wp-content\/uploads\/2024\/08\/mathew-schwartz-onOdABjwC0M-unsplash.webp?resize=700%2C400&ssl=1 2x, https:\/\/i0.wp.com\/kohenavocats.com\/wp-content\/uploads\/2024\/08\/mathew-schwartz-onOdABjwC0M-unsplash.webp?resize=1050%2C600&ssl=1 3x, https:\/\/i0.wp.com\/kohenavocats.com\/wp-content\/uploads\/2024\/08\/mathew-schwartz-onOdABjwC0M-unsplash.webp?resize=1400%2C800&ssl=1 4x"},"classes":[]},{"id":658818,"url":"https:\/\/kohenavocats.com\/tr\/cour-dappel-de-paris-le-29-septembre-2025-n25-04912\/","url_meta":{"origin":656356,"position":2},"title":"Cour d&#8217;appel de Paris, le 29 septembre 2025, n\u00b025\/04912","author":"Kohen","date":"23 Nisan 2026","format":false,"excerpt":"La Cour d'appel de Paris, statuant par ordonnance le 29 septembre 2025, est saisie d'une requ\u00eate en rectification d'erreur mat\u00e9rielle. Le juge des contentieu...","rel":"","context":"&quot;Jurisprudence&quot; i\u00e7inde","block_context":{"text":"Jurisprudence","link":"https:\/\/kohenavocats.com\/category\/jurisprudence\/"},"img":{"alt_text":"","src":"https:\/\/i0.wp.com\/kohenavocats.com\/wp-content\/uploads\/2024\/06\/pexels-pavel-danilyuk-8112201.jpg?resize=350%2C200&ssl=1","width":350,"height":200,"srcset":"https:\/\/i0.wp.com\/kohenavocats.com\/wp-content\/uploads\/2024\/06\/pexels-pavel-danilyuk-8112201.jpg?resize=350%2C200&ssl=1 1x, https:\/\/i0.wp.com\/kohenavocats.com\/wp-content\/uploads\/2024\/06\/pexels-pavel-danilyuk-8112201.jpg?resize=525%2C300&ssl=1 1.5x, https:\/\/i0.wp.com\/kohenavocats.com\/wp-content\/uploads\/2024\/06\/pexels-pavel-danilyuk-8112201.jpg?resize=700%2C400&ssl=1 2x, https:\/\/i0.wp.com\/kohenavocats.com\/wp-content\/uploads\/2024\/06\/pexels-pavel-danilyuk-8112201.jpg?resize=1050%2C600&ssl=1 3x, https:\/\/i0.wp.com\/kohenavocats.com\/wp-content\/uploads\/2024\/06\/pexels-pavel-danilyuk-8112201.jpg?resize=1400%2C800&ssl=1 4x"},"classes":[]},{"id":478407,"url":"https:\/\/kohenavocats.com\/tr\/cour-dappel-le-17-septembre-2025-n25-00577\/","url_meta":{"origin":656356,"position":3},"title":"Cour d&#8217;appel, le 17 septembre 2025, n\u00b025\/00577","author":"Kohen","date":"7 Nisan 2026","format":false,"excerpt":"La Cour d\u2019appel, statuant en formation de rectification d\u2019erreur mat\u00e9rielle, a \u00e9t\u00e9 saisie \u00e0 la suite d\u2019une requ\u00eate. Un arr\u00eat ant\u00e9rieur contenait une m\u00e9prise ...","rel":"","context":"&quot;Jurisprudence&quot; i\u00e7inde","block_context":{"text":"Jurisprudence","link":"https:\/\/kohenavocats.com\/category\/jurisprudence\/"},"img":{"alt_text":"","src":"https:\/\/i0.wp.com\/kohenavocats.com\/wp-content\/uploads\/2024\/08\/adam-wood-IDVIKdf8JYw-unsplash.webp?resize=350%2C200&ssl=1","width":350,"height":200,"srcset":"https:\/\/i0.wp.com\/kohenavocats.com\/wp-content\/uploads\/2024\/08\/adam-wood-IDVIKdf8JYw-unsplash.webp?resize=350%2C200&ssl=1 1x, https:\/\/i0.wp.com\/kohenavocats.com\/wp-content\/uploads\/2024\/08\/adam-wood-IDVIKdf8JYw-unsplash.webp?resize=525%2C300&ssl=1 1.5x, https:\/\/i0.wp.com\/kohenavocats.com\/wp-content\/uploads\/2024\/08\/adam-wood-IDVIKdf8JYw-unsplash.webp?resize=700%2C400&ssl=1 2x, https:\/\/i0.wp.com\/kohenavocats.com\/wp-content\/uploads\/2024\/08\/adam-wood-IDVIKdf8JYw-unsplash.webp?resize=1050%2C600&ssl=1 3x, https:\/\/i0.wp.com\/kohenavocats.com\/wp-content\/uploads\/2024\/08\/adam-wood-IDVIKdf8JYw-unsplash.webp?resize=1400%2C800&ssl=1 4x"},"classes":[]},{"id":657234,"url":"https:\/\/kohenavocats.com\/tr\/cour-dappel-de-reims-le-30-septembre-2025-n25-00905\/","url_meta":{"origin":656356,"position":4},"title":"Cour d&#8217;appel de Reims, le 30 septembre 2025, n\u00b025\/00905","author":"Kohen","date":"23 Nisan 2026","format":false,"excerpt":"La Cour d\u2019appel de Reims, chambre civile et commerciale, le 30 septembre 2025, statue sur une requ\u00eate en rectification d\u2019erreur mat\u00e9rielle. L\u2019auteur de la re...","rel":"","context":"&quot;Jurisprudence&quot; i\u00e7inde","block_context":{"text":"Jurisprudence","link":"https:\/\/kohenavocats.com\/category\/jurisprudence\/"},"img":{"alt_text":"","src":"https:\/\/i0.wp.com\/kohenavocats.com\/wp-content\/uploads\/2024\/07\/giammarco-boscaro-xLhKkk2tKkA-unsplash.webp?resize=350%2C200&ssl=1","width":350,"height":200,"srcset":"https:\/\/i0.wp.com\/kohenavocats.com\/wp-content\/uploads\/2024\/07\/giammarco-boscaro-xLhKkk2tKkA-unsplash.webp?resize=350%2C200&ssl=1 1x, https:\/\/i0.wp.com\/kohenavocats.com\/wp-content\/uploads\/2024\/07\/giammarco-boscaro-xLhKkk2tKkA-unsplash.webp?resize=525%2C300&ssl=1 1.5x, https:\/\/i0.wp.com\/kohenavocats.com\/wp-content\/uploads\/2024\/07\/giammarco-boscaro-xLhKkk2tKkA-unsplash.webp?resize=700%2C400&ssl=1 2x, https:\/\/i0.wp.com\/kohenavocats.com\/wp-content\/uploads\/2024\/07\/giammarco-boscaro-xLhKkk2tKkA-unsplash.webp?resize=1050%2C600&ssl=1 3x, https:\/\/i0.wp.com\/kohenavocats.com\/wp-content\/uploads\/2024\/07\/giammarco-boscaro-xLhKkk2tKkA-unsplash.webp?resize=1400%2C800&ssl=1 4x"},"classes":[]},{"id":288665,"url":"https:\/\/kohenavocats.com\/tr\/tribunal-judiciaire-de-paris-le-30-juin-2025-n25-04404\/","url_meta":{"origin":656356,"position":5},"title":"Tribunal judiciaire de Paris, le 30 juin 2025, n\u00b025\/04404","author":"Kohen","date":"17 Ocak 2026","format":false,"excerpt":"Rendu par le tribunal judiciaire de Paris le 30 juin 2025, le jugement rectificatif statue sur requ\u00eate en application de l\u2019article 462 du code de proc\u00e9dure civile. La d\u00e9cision initiale du 3 avril 2025 comportait des erreurs mat\u00e9rielles affectant l\u2019intitul\u00e9 et la ventilation de deux sommes, ainsi qu\u2019une inversion du\u2026","rel":"","context":"&quot;D\u00e9cisions juridiques&quot; i\u00e7inde","block_context":{"text":"D\u00e9cisions juridiques","link":"https:\/\/kohenavocats.com\/category\/decisions-juridiques\/"},"img":{"alt_text":"","src":"https:\/\/i0.wp.com\/kohenavocats.com\/wp-content\/uploads\/2024\/11\/planet-volumes-C3xYPsybD0U-unsplash.webp?resize=350%2C200&ssl=1","width":350,"height":200,"srcset":"https:\/\/i0.wp.com\/kohenavocats.com\/wp-content\/uploads\/2024\/11\/planet-volumes-C3xYPsybD0U-unsplash.webp?resize=350%2C200&ssl=1 1x, https:\/\/i0.wp.com\/kohenavocats.com\/wp-content\/uploads\/2024\/11\/planet-volumes-C3xYPsybD0U-unsplash.webp?resize=525%2C300&ssl=1 1.5x, https:\/\/i0.wp.com\/kohenavocats.com\/wp-content\/uploads\/2024\/11\/planet-volumes-C3xYPsybD0U-unsplash.webp?resize=700%2C400&ssl=1 2x, https:\/\/i0.wp.com\/kohenavocats.com\/wp-content\/uploads\/2024\/11\/planet-volumes-C3xYPsybD0U-unsplash.webp?resize=1050%2C600&ssl=1 3x, https:\/\/i0.wp.com\/kohenavocats.com\/wp-content\/uploads\/2024\/11\/planet-volumes-C3xYPsybD0U-unsplash.webp?resize=1400%2C800&ssl=1 4x"},"classes":[]}],"jetpack_sharing_enabled":true,"_links":{"self":[{"href":"https:\/\/kohenavocats.com\/tr\/wp-json\/wp\/v2\/posts\/656356","targetHints":{"allow":["GET"]}}],"collection":[{"href":"https:\/\/kohenavocats.com\/tr\/wp-json\/wp\/v2\/posts"}],"about":[{"href":"https:\/\/kohenavocats.com\/tr\/wp-json\/wp\/v2\/types\/post"}],"author":[{"embeddable":true,"href":"https:\/\/kohenavocats.com\/tr\/wp-json\/wp\/v2\/users\/232070755"}],"replies":[{"embeddable":true,"href":"https:\/\/kohenavocats.com\/tr\/wp-json\/wp\/v2\/comments?post=656356"}],"version-history":[{"count":0,"href":"https:\/\/kohenavocats.com\/tr\/wp-json\/wp\/v2\/posts\/656356\/revisions"}],"wp:featuredmedia":[{"embeddable":true,"href":"https:\/\/kohenavocats.com\/tr\/wp-json\/wp\/v2\/media\/9719"}],"wp:attachment":[{"href":"https:\/\/kohenavocats.com\/tr\/wp-json\/wp\/v2\/media?parent=656356"}],"wp:term":[{"taxonomy":"category","embeddable":true,"href":"https:\/\/kohenavocats.com\/tr\/wp-json\/wp\/v2\/categories?post=656356"},{"taxonomy":"post_tag","embeddable":true,"href":"https:\/\/kohenavocats.com\/tr\/wp-json\/wp\/v2\/tags?post=656356"}],"curies":[{"name":"wp","href":"https:\/\/api.w.org\/{rel}","templated":true}]}}