{"id":656773,"date":"2026-04-23T07:53:57","date_gmt":"2026-04-23T05:53:57","guid":{"rendered":"https:\/\/kohenavocats.com\/tribunal-judiciaire-de-orleans-le-30-septembre-2025-n24-05971\/"},"modified":"2026-04-23T07:53:57","modified_gmt":"2026-04-23T05:53:57","slug":"tribunal-judiciaire-de-orleans-le-30-septembre-2025-n24-05971","status":"publish","type":"post","link":"https:\/\/kohenavocats.com\/tr\/tribunal-judiciaire-de-orleans-le-30-septembre-2025-n24-05971\/","title":{"rendered":"Tribunal judiciaire de Orl\u00e9ans, le 30 septembre 2025, n\u00b024\/05971"},"content":{"rendered":"<div class=\"article-content\">\n<p>Le tribunal judiciaire d&#8217;Orl\u00e9ans, le 30 septembre 2025, statue sur une demande en r\u00e9solution de vente pour vice cach\u00e9. L&#8217;acqu\u00e9reur d&#8217;un v\u00e9hicule d&#8217;occasion constate des dysfonctionnements imm\u00e9diats apr\u00e8s l&#8217;achat. Une expertise r\u00e9v\u00e8le une anomalie de direction assist\u00e9e rendant le v\u00e9hicule impropre \u00e0 l&#8217;usage. Le vendeur professionnel propose initialement la r\u00e9paration mais accepte finalement la r\u00e9solution. Le juge prononce la r\u00e9solution du contrat et condamne le vendeur \u00e0 restituer le prix et \u00e0 indemniser divers frais accessoires.<\/p>\n<p>La caract\u00e9risation rigoureuse du vice cach\u00e9<\/p>\n<p>La d\u00e9cision rappelle les conditions l\u00e9gales de la garantie des vices cach\u00e9s. Le juge exige que le d\u00e9faut rende la chose impropre \u00e0 son usage ou en diminue tellement l&#8217;utilit\u00e9. L&#8217;expertise amiable d\u00e9montre en l&#8217;esp\u00e8ce l&#8217;existence d&#8217;un tel vice. &#8220;Le v\u00e9hicule pr\u00e9sente une anomalie de direction assist\u00e9e le rendant impropre \u00e0 l&#8217;usage&#8221; (Motifs). Le d\u00e9sordre \u00e9tait latent et ind\u00e9celable par un acheteur non professionnel. Cette analyse rejoint une jurisprudence constante sur l&#8217;impropri\u00e9t\u00e9 \u00e0 l&#8217;usage. &#8220;Il est ainsi d\u00e9montr\u00e9 [&#8230;] que le v\u00e9hicule est, en raison de ce d\u00e9faut grave, [&#8230;] impropre \u00e0 l&#8217;usage normal auquel il \u00e9tait destin\u00e9&#8221; (Cour d&#8217;appel de Poitiers, le 18 mars 2025, n\u00b023\/00763). La d\u00e9cision souligne ainsi la rigueur apport\u00e9e \u00e0 la preuve du vice.<\/p>\n<p>La qualit\u00e9 professionnelle du vendeur influence l&#8217;appr\u00e9ciation de sa responsabilit\u00e9. Le tribunal rel\u00e8ve que le vendeur est un garage automobile. En tant que professionnel, il ne pouvait ignorer les vices cach\u00e9s affectant le v\u00e9hicule litigieux. Cette circonstance aggrave sa responsabilit\u00e9 et justifie la condamnation. La solution retenue confirme que le professionnel est pr\u00e9sum\u00e9 conna\u00eetre les d\u00e9fauts de la chose qu&#8217;il vend. La port\u00e9e de l&#8217;arr\u00eat est de renforcer l&#8217;obligation de diligence pesant sur le vendeur professionnel. Il ne peut se pr\u00e9valoir de sa bonne foi pour \u00e9chapper \u00e0 la garantie l\u00e9gale.<\/p>\n<p>L&#8217;\u00e9tendue de la r\u00e9paration cons\u00e9cutive \u00e0 la r\u00e9solution<\/p>\n<p>Le juge accorde la r\u00e9solution de la vente et la restitution int\u00e9grale du prix. L&#8217;acqu\u00e9reur exerce son choix conform\u00e9ment \u00e0 l&#8217;article 1644 du code civil. &#8220;L&#8217;acheteur peut alors rendre la chose et se faire restituer le prix&#8221; (Motifs). Cette solution est classique lorsque le vice est grave. Elle est coh\u00e9rente avec une jurisprudence r\u00e9cente qui ordonne la r\u00e9solution lorsque les travaux \u00e9quivalent au prix d&#8217;achat. &#8220;La r\u00e9solution de la vente sera donc ordonn\u00e9e&#8221; (Tribunal judiciaire de Grenoble, le 2 juin 2025, n\u00b024\/02088). La d\u00e9cision pr\u00e9cise les modalit\u00e9s pratiques de la restitution, imposant au vendeur de reprendre le v\u00e9hicule \u00e0 ses frais.<\/p>\n<p>La r\u00e9paration inclut l&#8217;indemnisation de tous les pr\u00e9judices accessoires et corr\u00e9latifs. Le tribunal accorde le remboursement des frais de carte grise, d&#8217;expertise et d&#8217;assurance. Ces d\u00e9penses sont consid\u00e9r\u00e9es comme une cons\u00e9quence directe de la vente vicieuse. &#8220;Si le demandeur n\u2019avait pas acquis le v\u00e9hicule litigieux, il n\u2019aurait pas eu \u00e0 r\u00e9gler&#8221; ces frais (Motifs). Un pr\u00e9judice de jouissance est \u00e9galement reconnu et \u00e9valu\u00e9 \u00e0 cinq cents euros. Enfin, une somme au titre de l&#8217;article 700 du code de proc\u00e9dure civile est allou\u00e9e. Cette approche extensive de la r\u00e9paration vise \u00e0 replacer l&#8217;acqu\u00e9reur dans la situation ant\u00e9rieure au contrat. Elle sanctionne pleinement le comportement du vendeur professionnel.<\/p>\n<\/div>\n","protected":false},"excerpt":{"rendered":"<p>Le tribunal judiciaire d&#8217;Orl\u00e9ans, le 30 septembre 2025, statue sur une demande en r\u00e9solution de vente pour vice cach\u00e9. L&#8217;acqu\u00e9reur d&#8217;un v\u00e9hicule d&#8217;occasion c&#8230;<\/p>\n","protected":false},"author":232070755,"featured_media":4777,"comment_status":"open","ping_status":"open","sticky":false,"template":"","format":"standard","meta":{"_crdt_document":"","_jetpack_newsletter_access":"","_jetpack_dont_email_post_to_subs":false,"_jetpack_newsletter_tier_id":0,"_jetpack_memberships_contains_paywalled_content":false,"_kj_source_type":"judilibre","_kj_official_id":"68dc4899b3454b98788ea627","_kj_official_url":"https:\/\/www.courdecassation.fr\/decision\/68dc4899b3454b98788ea627","_kj_judilibre_id":"68dc4899b3454b98788ea627","_kj_jur":"Tribunal judiciaire","_kj_lieu":"Tribunal judiciaire d'Orl\u00e9ans","_kj_chambre":"Chambre 1- section B","_kj_rg":"24\/05971","_kj_date":"2025-09-30","_jetpack_memberships_contains_paid_content":false,"footnotes":"","jetpack_post_was_ever_published":false},"categories":[7597],"tags":[],"class_list":["post-656773","post","type-post","status-publish","format-standard","has-post-thumbnail","hentry","category-jurisprudence"],"yoast_head":"<!-- This site is optimized with the Yoast SEO Premium plugin v27.5 (Yoast SEO v27.5) - https:\/\/yoast.com\/product\/yoast-seo-premium-wordpress\/ -->\n<title>Tribunal judiciaire de Orl\u00e9ans, le 30 septembre 2025, n\u00b024\/05971 - Ma\u00eetre Hassan Kohen, avocat en droit p\u00e9nal \u00e0 Paris<\/title>\n<meta name=\"description\" content=\"Le tribunal judiciaire d&#039;Orl\u00e9ans, le 30 septembre 2025, statue sur une demande en r\u00e9solution de vente pour vice cach\u00e9. L&#039;acqu\u00e9reur d&#039;un v\u00e9hicule d&#039;occasion c...\" \/>\n<meta name=\"robots\" content=\"index, follow, max-snippet:-1, max-image-preview:large, max-video-preview:-1\" \/>\n<link rel=\"canonical\" href=\"https:\/\/kohenavocats.com\/tr\/tribunal-judiciaire-de-orleans-le-30-septembre-2025-n24-05971\/\" \/>\n<meta property=\"og:locale\" content=\"tr_TR\" \/>\n<meta property=\"og:type\" content=\"article\" \/>\n<meta property=\"og:title\" content=\"Tribunal judiciaire de Orl\u00e9ans, le 30 septembre 2025, n\u00b024\/05971\" \/>\n<meta property=\"og:description\" content=\"Le tribunal judiciaire d&#039;Orl\u00e9ans, le 30 septembre 2025, statue sur une demande en r\u00e9solution de vente pour vice cach\u00e9. L&#039;acqu\u00e9reur d&#039;un v\u00e9hicule d&#039;occasion c...\" \/>\n<meta property=\"og:url\" content=\"https:\/\/kohenavocats.com\/tr\/tribunal-judiciaire-de-orleans-le-30-septembre-2025-n24-05971\/\" \/>\n<meta property=\"og:site_name\" content=\"Ma\u00eetre Hassan Kohen, avocat en droit p\u00e9nal \u00e0 Paris\" \/>\n<meta property=\"article:published_time\" content=\"2026-04-23T05:53:57+00:00\" \/>\n<meta property=\"og:image\" content=\"https:\/\/kohenavocats.com\/wp-content\/uploads\/2024\/08\/jan-zinnbauer-XoiUrDgtB-g-unsplash.webp\" \/>\n\t<meta property=\"og:image:width\" content=\"6000\" \/>\n\t<meta property=\"og:image:height\" content=\"4000\" \/>\n\t<meta property=\"og:image:type\" content=\"image\/webp\" \/>\n<meta name=\"author\" content=\"Kohen\" \/>\n<meta name=\"twitter:card\" content=\"summary_large_image\" \/>\n<meta name=\"twitter:label1\" content=\"Yazan:\" \/>\n\t<meta name=\"twitter:data1\" content=\"Kohen\" \/>\n\t<meta name=\"twitter:label2\" content=\"Tahmini okuma s\u00fcresi\" \/>\n\t<meta name=\"twitter:data2\" content=\"3 dakika\" \/>\n<script type=\"application\/ld+json\" class=\"yoast-schema-graph\">{\"@context\":\"https:\\\/\\\/schema.org\",\"@graph\":[{\"@type\":\"Article\",\"@id\":\"https:\\\/\\\/kohenavocats.com\\\/tr\\\/tribunal-judiciaire-de-orleans-le-30-septembre-2025-n24-05971\\\/#article\",\"isPartOf\":{\"@id\":\"https:\\\/\\\/kohenavocats.com\\\/tr\\\/tribunal-judiciaire-de-orleans-le-30-septembre-2025-n24-05971\\\/\"},\"author\":{\"name\":\"Kohen\",\"@id\":\"https:\\\/\\\/kohenavocats.com\\\/tr\\\/#\\\/schema\\\/person\\\/761c9ba54fa1ca84d405cef0831ff751\"},\"headline\":\"Tribunal judiciaire de Orl\u00e9ans, le 30 septembre 2025, n\u00b024\\\/05971\",\"datePublished\":\"2026-04-23T05:53:57+00:00\",\"mainEntityOfPage\":{\"@id\":\"https:\\\/\\\/kohenavocats.com\\\/tr\\\/tribunal-judiciaire-de-orleans-le-30-septembre-2025-n24-05971\\\/\"},\"wordCount\":595,\"commentCount\":0,\"publisher\":{\"@id\":\"https:\\\/\\\/kohenavocats.com\\\/tr\\\/#organization\"},\"image\":{\"@id\":\"https:\\\/\\\/kohenavocats.com\\\/tr\\\/tribunal-judiciaire-de-orleans-le-30-septembre-2025-n24-05971\\\/#primaryimage\"},\"thumbnailUrl\":\"https:\\\/\\\/kohenavocats.com\\\/wp-content\\\/uploads\\\/2024\\\/08\\\/jan-zinnbauer-XoiUrDgtB-g-unsplash.webp\",\"articleSection\":[\"Jurisprudence\"],\"inLanguage\":\"tr\",\"potentialAction\":[{\"@type\":\"CommentAction\",\"name\":\"Comment\",\"target\":[\"https:\\\/\\\/kohenavocats.com\\\/tr\\\/tribunal-judiciaire-de-orleans-le-30-septembre-2025-n24-05971\\\/#respond\"]}],\"citation\":\"Tribunal judiciaire de Orl\u00e9ans, le 30 septembre 2025, n\u00b024\\\/05971\",\"about\":[{\"@type\":\"Thing\",\"name\":\"Jurisprudence\"}],\"dateModified\":\"2026-04-23T05:53:57+00:00\",\"speakable\":{\"@type\":\"SpeakableSpecification\",\"cssSelector\":[\".article-content > p:first-of-type\"]}},{\"@type\":\"WebPage\",\"@id\":\"https:\\\/\\\/kohenavocats.com\\\/tr\\\/tribunal-judiciaire-de-orleans-le-30-septembre-2025-n24-05971\\\/\",\"url\":\"https:\\\/\\\/kohenavocats.com\\\/tr\\\/tribunal-judiciaire-de-orleans-le-30-septembre-2025-n24-05971\\\/\",\"name\":\"Tribunal judiciaire de Orl\u00e9ans, le 30 septembre 2025, n\u00b024\\\/05971 - Ma\u00eetre Hassan Kohen, avocat en droit p\u00e9nal \u00e0 Paris\",\"isPartOf\":{\"@id\":\"https:\\\/\\\/kohenavocats.com\\\/tr\\\/#website\"},\"primaryImageOfPage\":{\"@id\":\"https:\\\/\\\/kohenavocats.com\\\/tr\\\/tribunal-judiciaire-de-orleans-le-30-septembre-2025-n24-05971\\\/#primaryimage\"},\"image\":{\"@id\":\"https:\\\/\\\/kohenavocats.com\\\/tr\\\/tribunal-judiciaire-de-orleans-le-30-septembre-2025-n24-05971\\\/#primaryimage\"},\"thumbnailUrl\":\"https:\\\/\\\/kohenavocats.com\\\/wp-content\\\/uploads\\\/2024\\\/08\\\/jan-zinnbauer-XoiUrDgtB-g-unsplash.webp\",\"datePublished\":\"2026-04-23T05:53:57+00:00\",\"description\":\"Le tribunal judiciaire d'Orl\u00e9ans, le 30 septembre 2025, statue sur une demande en r\u00e9solution de vente pour vice cach\u00e9. L'acqu\u00e9reur d'un v\u00e9hicule d'occasion c...\",\"breadcrumb\":{\"@id\":\"https:\\\/\\\/kohenavocats.com\\\/tr\\\/tribunal-judiciaire-de-orleans-le-30-septembre-2025-n24-05971\\\/#breadcrumb\"},\"inLanguage\":\"tr\",\"potentialAction\":[{\"@type\":\"ReadAction\",\"target\":[\"https:\\\/\\\/kohenavocats.com\\\/tr\\\/tribunal-judiciaire-de-orleans-le-30-septembre-2025-n24-05971\\\/\"]}]},{\"@type\":\"ImageObject\",\"inLanguage\":\"tr\",\"@id\":\"https:\\\/\\\/kohenavocats.com\\\/tr\\\/tribunal-judiciaire-de-orleans-le-30-septembre-2025-n24-05971\\\/#primaryimage\",\"url\":\"https:\\\/\\\/kohenavocats.com\\\/wp-content\\\/uploads\\\/2024\\\/08\\\/jan-zinnbauer-XoiUrDgtB-g-unsplash.webp\",\"contentUrl\":\"https:\\\/\\\/kohenavocats.com\\\/wp-content\\\/uploads\\\/2024\\\/08\\\/jan-zinnbauer-XoiUrDgtB-g-unsplash.webp\",\"width\":6000,\"height\":4000},{\"@type\":\"BreadcrumbList\",\"@id\":\"https:\\\/\\\/kohenavocats.com\\\/tr\\\/tribunal-judiciaire-de-orleans-le-30-septembre-2025-n24-05971\\\/#breadcrumb\",\"itemListElement\":[{\"@type\":\"ListItem\",\"position\":1,\"name\":\"Home\",\"item\":\"https:\\\/\\\/kohenavocats.com\\\/tr\\\/avocats-en-droit-penal-a-paris-conseil-et-defense-strategique\\\/\"},{\"@type\":\"ListItem\",\"position\":2,\"name\":\"Tribunal judiciaire de Orl\u00e9ans, le 30 septembre 2025, n\u00b024\\\/05971\"}]},{\"@type\":\"WebSite\",\"@id\":\"https:\\\/\\\/kohenavocats.com\\\/tr\\\/#website\",\"url\":\"https:\\\/\\\/kohenavocats.com\\\/tr\\\/\",\"name\":\"Kohen Avocats\",\"description\":\"Ma\u00eetre Hassan Kohen, avocat p\u00e9naliste \u00e0 Paris, intervient exclusivement en droit p\u00e9nal pour la d\u00e9fense des particuliers, notamment en mati\u00e8re d\u2019accusations de viol. Il assure un accompagnement rigoureux d\u00e8s la garde \u00e0 vue jusqu\u2019\u00e0 la Cour d\u2019assises, veillant au strict respect des garanties proc\u00e9durales.\",\"publisher\":{\"@id\":\"https:\\\/\\\/kohenavocats.com\\\/tr\\\/#organization\"},\"potentialAction\":[{\"@type\":\"SearchAction\",\"target\":{\"@type\":\"EntryPoint\",\"urlTemplate\":\"https:\\\/\\\/kohenavocats.com\\\/tr\\\/?s={search_term_string}\"},\"query-input\":{\"@type\":\"PropertyValueSpecification\",\"valueRequired\":true,\"valueName\":\"search_term_string\"}}],\"inLanguage\":\"tr\"},{\"@type\":\"Organization\",\"@id\":\"https:\\\/\\\/kohenavocats.com\\\/tr\\\/#organization\",\"name\":\"Kohen Avocats\",\"url\":\"https:\\\/\\\/kohenavocats.com\\\/tr\\\/\",\"logo\":{\"@type\":\"ImageObject\",\"inLanguage\":\"tr\",\"@id\":\"https:\\\/\\\/kohenavocats.com\\\/tr\\\/#\\\/schema\\\/logo\\\/image\\\/\",\"url\":\"https:\\\/\\\/kohenavocats.com\\\/wp-content\\\/uploads\\\/2026\\\/01\\\/Logo-2-1.webp\",\"contentUrl\":\"https:\\\/\\\/kohenavocats.com\\\/wp-content\\\/uploads\\\/2026\\\/01\\\/Logo-2-1.webp\",\"width\":2114,\"height\":1253,\"caption\":\"Kohen Avocats\"},\"image\":{\"@id\":\"https:\\\/\\\/kohenavocats.com\\\/tr\\\/#\\\/schema\\\/logo\\\/image\\\/\"}},{\"@type\":\"Person\",\"@id\":\"https:\\\/\\\/kohenavocats.com\\\/tr\\\/#\\\/schema\\\/person\\\/761c9ba54fa1ca84d405cef0831ff751\",\"name\":\"Kohen\",\"image\":{\"@type\":\"ImageObject\",\"inLanguage\":\"tr\",\"@id\":\"https:\\\/\\\/secure.gravatar.com\\\/avatar\\\/1c5e76ef76bbbfdd2b4da984e2bf2fa4056fd51a27d25ce2c332047f1dfd6e00?s=96&d=identicon&r=g\",\"url\":\"https:\\\/\\\/secure.gravatar.com\\\/avatar\\\/1c5e76ef76bbbfdd2b4da984e2bf2fa4056fd51a27d25ce2c332047f1dfd6e00?s=96&d=identicon&r=g\",\"contentUrl\":\"https:\\\/\\\/secure.gravatar.com\\\/avatar\\\/1c5e76ef76bbbfdd2b4da984e2bf2fa4056fd51a27d25ce2c332047f1dfd6e00?s=96&d=identicon&r=g\",\"caption\":\"Kohen\"},\"sameAs\":[\"https:\\\/\\\/www.linkedin.com\\\/in\\\/hassan-kohen-448548192\\\/\",\"https:\\\/\\\/www.youtube.com\\\/@Kohen-Avocats\"],\"url\":\"https:\\\/\\\/kohenavocats.com\\\/tr\\\/author\\\/kohenmlk\\\/\"}]}<\/script>\n<!-- \/ Yoast SEO Premium plugin. -->","yoast_head_json":{"title":"Tribunal judiciaire de Orl\u00e9ans, le 30 septembre 2025, n\u00b024\/05971 - Ma\u00eetre Hassan Kohen, avocat en droit p\u00e9nal \u00e0 Paris","description":"Le tribunal judiciaire d'Orl\u00e9ans, le 30 septembre 2025, statue sur une demande en r\u00e9solution de vente pour vice cach\u00e9. L'acqu\u00e9reur d'un v\u00e9hicule d'occasion c...","robots":{"index":"index","follow":"follow","max-snippet":"max-snippet:-1","max-image-preview":"max-image-preview:large","max-video-preview":"max-video-preview:-1"},"canonical":"https:\/\/kohenavocats.com\/tr\/tribunal-judiciaire-de-orleans-le-30-septembre-2025-n24-05971\/","og_locale":"tr_TR","og_type":"article","og_title":"Tribunal judiciaire de Orl\u00e9ans, le 30 septembre 2025, n\u00b024\/05971","og_description":"Le tribunal judiciaire d'Orl\u00e9ans, le 30 septembre 2025, statue sur une demande en r\u00e9solution de vente pour vice cach\u00e9. L'acqu\u00e9reur d'un v\u00e9hicule d'occasion c...","og_url":"https:\/\/kohenavocats.com\/tr\/tribunal-judiciaire-de-orleans-le-30-septembre-2025-n24-05971\/","og_site_name":"Ma\u00eetre Hassan Kohen, avocat en droit p\u00e9nal \u00e0 Paris","article_published_time":"2026-04-23T05:53:57+00:00","og_image":[{"width":6000,"height":4000,"url":"https:\/\/kohenavocats.com\/wp-content\/uploads\/2024\/08\/jan-zinnbauer-XoiUrDgtB-g-unsplash.webp","type":"image\/webp"}],"author":"Kohen","twitter_card":"summary_large_image","twitter_misc":{"Yazan:":"Kohen","Tahmini okuma s\u00fcresi":"3 dakika"},"schema":{"@context":"https:\/\/schema.org","@graph":[{"@type":"Article","@id":"https:\/\/kohenavocats.com\/tr\/tribunal-judiciaire-de-orleans-le-30-septembre-2025-n24-05971\/#article","isPartOf":{"@id":"https:\/\/kohenavocats.com\/tr\/tribunal-judiciaire-de-orleans-le-30-septembre-2025-n24-05971\/"},"author":{"name":"Kohen","@id":"https:\/\/kohenavocats.com\/tr\/#\/schema\/person\/761c9ba54fa1ca84d405cef0831ff751"},"headline":"Tribunal judiciaire de Orl\u00e9ans, le 30 septembre 2025, n\u00b024\/05971","datePublished":"2026-04-23T05:53:57+00:00","mainEntityOfPage":{"@id":"https:\/\/kohenavocats.com\/tr\/tribunal-judiciaire-de-orleans-le-30-septembre-2025-n24-05971\/"},"wordCount":595,"commentCount":0,"publisher":{"@id":"https:\/\/kohenavocats.com\/tr\/#organization"},"image":{"@id":"https:\/\/kohenavocats.com\/tr\/tribunal-judiciaire-de-orleans-le-30-septembre-2025-n24-05971\/#primaryimage"},"thumbnailUrl":"https:\/\/kohenavocats.com\/wp-content\/uploads\/2024\/08\/jan-zinnbauer-XoiUrDgtB-g-unsplash.webp","articleSection":["Jurisprudence"],"inLanguage":"tr","potentialAction":[{"@type":"CommentAction","name":"Comment","target":["https:\/\/kohenavocats.com\/tr\/tribunal-judiciaire-de-orleans-le-30-septembre-2025-n24-05971\/#respond"]}],"citation":"Tribunal judiciaire de Orl\u00e9ans, le 30 septembre 2025, n\u00b024\/05971","about":[{"@type":"Thing","name":"Jurisprudence"}],"dateModified":"2026-04-23T05:53:57+00:00","speakable":{"@type":"SpeakableSpecification","cssSelector":[".article-content > p:first-of-type"]}},{"@type":"WebPage","@id":"https:\/\/kohenavocats.com\/tr\/tribunal-judiciaire-de-orleans-le-30-septembre-2025-n24-05971\/","url":"https:\/\/kohenavocats.com\/tr\/tribunal-judiciaire-de-orleans-le-30-septembre-2025-n24-05971\/","name":"Tribunal judiciaire de Orl\u00e9ans, le 30 septembre 2025, n\u00b024\/05971 - Ma\u00eetre Hassan Kohen, avocat en droit p\u00e9nal \u00e0 Paris","isPartOf":{"@id":"https:\/\/kohenavocats.com\/tr\/#website"},"primaryImageOfPage":{"@id":"https:\/\/kohenavocats.com\/tr\/tribunal-judiciaire-de-orleans-le-30-septembre-2025-n24-05971\/#primaryimage"},"image":{"@id":"https:\/\/kohenavocats.com\/tr\/tribunal-judiciaire-de-orleans-le-30-septembre-2025-n24-05971\/#primaryimage"},"thumbnailUrl":"https:\/\/kohenavocats.com\/wp-content\/uploads\/2024\/08\/jan-zinnbauer-XoiUrDgtB-g-unsplash.webp","datePublished":"2026-04-23T05:53:57+00:00","description":"Le tribunal judiciaire d'Orl\u00e9ans, le 30 septembre 2025, statue sur une demande en r\u00e9solution de vente pour vice cach\u00e9. L'acqu\u00e9reur d'un v\u00e9hicule d'occasion c...","breadcrumb":{"@id":"https:\/\/kohenavocats.com\/tr\/tribunal-judiciaire-de-orleans-le-30-septembre-2025-n24-05971\/#breadcrumb"},"inLanguage":"tr","potentialAction":[{"@type":"ReadAction","target":["https:\/\/kohenavocats.com\/tr\/tribunal-judiciaire-de-orleans-le-30-septembre-2025-n24-05971\/"]}]},{"@type":"ImageObject","inLanguage":"tr","@id":"https:\/\/kohenavocats.com\/tr\/tribunal-judiciaire-de-orleans-le-30-septembre-2025-n24-05971\/#primaryimage","url":"https:\/\/kohenavocats.com\/wp-content\/uploads\/2024\/08\/jan-zinnbauer-XoiUrDgtB-g-unsplash.webp","contentUrl":"https:\/\/kohenavocats.com\/wp-content\/uploads\/2024\/08\/jan-zinnbauer-XoiUrDgtB-g-unsplash.webp","width":6000,"height":4000},{"@type":"BreadcrumbList","@id":"https:\/\/kohenavocats.com\/tr\/tribunal-judiciaire-de-orleans-le-30-septembre-2025-n24-05971\/#breadcrumb","itemListElement":[{"@type":"ListItem","position":1,"name":"Home","item":"https:\/\/kohenavocats.com\/tr\/avocats-en-droit-penal-a-paris-conseil-et-defense-strategique\/"},{"@type":"ListItem","position":2,"name":"Tribunal judiciaire de Orl\u00e9ans, le 30 septembre 2025, n\u00b024\/05971"}]},{"@type":"WebSite","@id":"https:\/\/kohenavocats.com\/tr\/#website","url":"https:\/\/kohenavocats.com\/tr\/","name":"Kohen Avocats","description":"Ma\u00eetre Hassan Kohen, avocat p\u00e9naliste \u00e0 Paris, intervient exclusivement en droit p\u00e9nal pour la d\u00e9fense des particuliers, notamment en mati\u00e8re d\u2019accusations de viol. Il assure un accompagnement rigoureux d\u00e8s la garde \u00e0 vue jusqu\u2019\u00e0 la Cour d\u2019assises, veillant au strict respect des garanties proc\u00e9durales.","publisher":{"@id":"https:\/\/kohenavocats.com\/tr\/#organization"},"potentialAction":[{"@type":"SearchAction","target":{"@type":"EntryPoint","urlTemplate":"https:\/\/kohenavocats.com\/tr\/?s={search_term_string}"},"query-input":{"@type":"PropertyValueSpecification","valueRequired":true,"valueName":"search_term_string"}}],"inLanguage":"tr"},{"@type":"Organization","@id":"https:\/\/kohenavocats.com\/tr\/#organization","name":"Kohen Avocats","url":"https:\/\/kohenavocats.com\/tr\/","logo":{"@type":"ImageObject","inLanguage":"tr","@id":"https:\/\/kohenavocats.com\/tr\/#\/schema\/logo\/image\/","url":"https:\/\/kohenavocats.com\/wp-content\/uploads\/2026\/01\/Logo-2-1.webp","contentUrl":"https:\/\/kohenavocats.com\/wp-content\/uploads\/2026\/01\/Logo-2-1.webp","width":2114,"height":1253,"caption":"Kohen Avocats"},"image":{"@id":"https:\/\/kohenavocats.com\/tr\/#\/schema\/logo\/image\/"}},{"@type":"Person","@id":"https:\/\/kohenavocats.com\/tr\/#\/schema\/person\/761c9ba54fa1ca84d405cef0831ff751","name":"Kohen","image":{"@type":"ImageObject","inLanguage":"tr","@id":"https:\/\/secure.gravatar.com\/avatar\/1c5e76ef76bbbfdd2b4da984e2bf2fa4056fd51a27d25ce2c332047f1dfd6e00?s=96&d=identicon&r=g","url":"https:\/\/secure.gravatar.com\/avatar\/1c5e76ef76bbbfdd2b4da984e2bf2fa4056fd51a27d25ce2c332047f1dfd6e00?s=96&d=identicon&r=g","contentUrl":"https:\/\/secure.gravatar.com\/avatar\/1c5e76ef76bbbfdd2b4da984e2bf2fa4056fd51a27d25ce2c332047f1dfd6e00?s=96&d=identicon&r=g","caption":"Kohen"},"sameAs":["https:\/\/www.linkedin.com\/in\/hassan-kohen-448548192\/","https:\/\/www.youtube.com\/@Kohen-Avocats"],"url":"https:\/\/kohenavocats.com\/tr\/author\/kohenmlk\/"}]}},"jetpack_featured_media_url":"https:\/\/kohenavocats.com\/wp-content\/uploads\/2024\/08\/jan-zinnbauer-XoiUrDgtB-g-unsplash.webp","jetpack_likes_enabled":false,"jetpack_shortlink":"https:\/\/wp.me\/peCrII-2KR7","jetpack-related-posts":[{"id":488569,"url":"https:\/\/kohenavocats.com\/tr\/tribunal-judiciaire-de-aix-en-provence-le-24-novembre-2025-n24-02158\/","url_meta":{"origin":656773,"position":0},"title":"Tribunal judiciaire de Aix-en-Provence, le 24 novembre 2025, n\u00b024\/02158","author":"Kohen","date":"8 Nisan 2026","format":false,"excerpt":"Le tribunal judiciaire d\u2019Aix-en-Provence, le 24 novembre 2025, statue sur une action en garantie apr\u00e8s la vente d\u2019un v\u00e9hicule d\u2019occasion. L\u2019acqu\u00e9reur invoque...","rel":"","context":"&quot;Jurisprudence&quot; i\u00e7inde","block_context":{"text":"Jurisprudence","link":"https:\/\/kohenavocats.com\/category\/jurisprudence\/"},"img":{"alt_text":"","src":"https:\/\/i0.wp.com\/kohenavocats.com\/wp-content\/uploads\/2024\/11\/mohamed-nohassi-wHmB_RPpurI-unsplash.webp?resize=350%2C200&ssl=1","width":350,"height":200,"srcset":"https:\/\/i0.wp.com\/kohenavocats.com\/wp-content\/uploads\/2024\/11\/mohamed-nohassi-wHmB_RPpurI-unsplash.webp?resize=350%2C200&ssl=1 1x, https:\/\/i0.wp.com\/kohenavocats.com\/wp-content\/uploads\/2024\/11\/mohamed-nohassi-wHmB_RPpurI-unsplash.webp?resize=525%2C300&ssl=1 1.5x, https:\/\/i0.wp.com\/kohenavocats.com\/wp-content\/uploads\/2024\/11\/mohamed-nohassi-wHmB_RPpurI-unsplash.webp?resize=700%2C400&ssl=1 2x, https:\/\/i0.wp.com\/kohenavocats.com\/wp-content\/uploads\/2024\/11\/mohamed-nohassi-wHmB_RPpurI-unsplash.webp?resize=1050%2C600&ssl=1 3x, https:\/\/i0.wp.com\/kohenavocats.com\/wp-content\/uploads\/2024\/11\/mohamed-nohassi-wHmB_RPpurI-unsplash.webp?resize=1400%2C800&ssl=1 4x"},"classes":[]},{"id":684491,"url":"https:\/\/kohenavocats.com\/tr\/cour-dappel-de-amiens-le-11-septembre-2025-n23-04090\/","url_meta":{"origin":656773,"position":1},"title":"Cour d&#8217;appel de Amiens, le 11 septembre 2025, n\u00b023\/04090","author":"Kohen","date":"25 Nisan 2026","format":false,"excerpt":"Par un arr\u00eat de la Cour d\u2019appel d\u2019Amiens du 11 septembre 2025, la juridiction tranche un litige de vente d\u2019un v\u00e9hicule d\u2019occasion assorti d\u2019une garantie \u00ab bo...","rel":"","context":"&quot;Jurisprudence&quot; i\u00e7inde","block_context":{"text":"Jurisprudence","link":"https:\/\/kohenavocats.com\/category\/jurisprudence\/"},"img":{"alt_text":"","src":"https:\/\/i0.wp.com\/kohenavocats.com\/wp-content\/uploads\/2024\/11\/laura-adai-XdxxYxeOFUo-unsplash.webp?resize=350%2C200&ssl=1","width":350,"height":200,"srcset":"https:\/\/i0.wp.com\/kohenavocats.com\/wp-content\/uploads\/2024\/11\/laura-adai-XdxxYxeOFUo-unsplash.webp?resize=350%2C200&ssl=1 1x, https:\/\/i0.wp.com\/kohenavocats.com\/wp-content\/uploads\/2024\/11\/laura-adai-XdxxYxeOFUo-unsplash.webp?resize=525%2C300&ssl=1 1.5x, https:\/\/i0.wp.com\/kohenavocats.com\/wp-content\/uploads\/2024\/11\/laura-adai-XdxxYxeOFUo-unsplash.webp?resize=700%2C400&ssl=1 2x, https:\/\/i0.wp.com\/kohenavocats.com\/wp-content\/uploads\/2024\/11\/laura-adai-XdxxYxeOFUo-unsplash.webp?resize=1050%2C600&ssl=1 3x, https:\/\/i0.wp.com\/kohenavocats.com\/wp-content\/uploads\/2024\/11\/laura-adai-XdxxYxeOFUo-unsplash.webp?resize=1400%2C800&ssl=1 4x"},"classes":[]},{"id":661558,"url":"https:\/\/kohenavocats.com\/tr\/tribunal-judiciaire-de-annecy-le-25-septembre-2025-n21-01471\/","url_meta":{"origin":656773,"position":2},"title":"Tribunal judiciaire de Annecy, le 25 septembre 2025, n\u00b021\/01471","author":"Kohen","date":"23 Nisan 2026","format":false,"excerpt":"Le tribunal judiciaire d\u2019Annecy, statuant le vingt-cinq septembre deux mil vingt-cinq, a prononc\u00e9 la r\u00e9solution d\u2019une vente automobile pour vices cach\u00e9s. L\u2019a...","rel":"","context":"&quot;Jurisprudence&quot; i\u00e7inde","block_context":{"text":"Jurisprudence","link":"https:\/\/kohenavocats.com\/category\/jurisprudence\/"},"img":{"alt_text":"","src":"https:\/\/i0.wp.com\/kohenavocats.com\/wp-content\/uploads\/2024\/07\/zach-plank-o-cpCRdEgxs-unsplash.webp?resize=350%2C200&ssl=1","width":350,"height":200,"srcset":"https:\/\/i0.wp.com\/kohenavocats.com\/wp-content\/uploads\/2024\/07\/zach-plank-o-cpCRdEgxs-unsplash.webp?resize=350%2C200&ssl=1 1x, https:\/\/i0.wp.com\/kohenavocats.com\/wp-content\/uploads\/2024\/07\/zach-plank-o-cpCRdEgxs-unsplash.webp?resize=525%2C300&ssl=1 1.5x, https:\/\/i0.wp.com\/kohenavocats.com\/wp-content\/uploads\/2024\/07\/zach-plank-o-cpCRdEgxs-unsplash.webp?resize=700%2C400&ssl=1 2x, https:\/\/i0.wp.com\/kohenavocats.com\/wp-content\/uploads\/2024\/07\/zach-plank-o-cpCRdEgxs-unsplash.webp?resize=1050%2C600&ssl=1 3x, https:\/\/i0.wp.com\/kohenavocats.com\/wp-content\/uploads\/2024\/07\/zach-plank-o-cpCRdEgxs-unsplash.webp?resize=1400%2C800&ssl=1 4x"},"classes":[]},{"id":684717,"url":"https:\/\/kohenavocats.com\/tr\/cour-dappel-de-orleans-le-24-juillet-2025-n22-01966\/","url_meta":{"origin":656773,"position":3},"title":"Cour d&#8217;appel de Orl\u00e9ans, le 24 juillet 2025, n\u00b022\/01966","author":"Kohen","date":"25 Nisan 2026","format":false,"excerpt":"Par un arr\u00eat de la Cour d'appel d'Orl\u00e9ans du 24 juillet 2025, la formation tranche la recevabilit\u00e9 d'une action en vices cach\u00e9s et son articulation avec la d...","rel":"","context":"&quot;Jurisprudence&quot; i\u00e7inde","block_context":{"text":"Jurisprudence","link":"https:\/\/kohenavocats.com\/category\/jurisprudence\/"},"img":{"alt_text":"","src":"https:\/\/i0.wp.com\/kohenavocats.com\/wp-content\/uploads\/2024\/11\/getty-images-qZQ7l1FLcgI-unsplash.webp?resize=350%2C200&ssl=1","width":350,"height":200,"srcset":"https:\/\/i0.wp.com\/kohenavocats.com\/wp-content\/uploads\/2024\/11\/getty-images-qZQ7l1FLcgI-unsplash.webp?resize=350%2C200&ssl=1 1x, https:\/\/i0.wp.com\/kohenavocats.com\/wp-content\/uploads\/2024\/11\/getty-images-qZQ7l1FLcgI-unsplash.webp?resize=525%2C300&ssl=1 1.5x, https:\/\/i0.wp.com\/kohenavocats.com\/wp-content\/uploads\/2024\/11\/getty-images-qZQ7l1FLcgI-unsplash.webp?resize=700%2C400&ssl=1 2x, https:\/\/i0.wp.com\/kohenavocats.com\/wp-content\/uploads\/2024\/11\/getty-images-qZQ7l1FLcgI-unsplash.webp?resize=1050%2C600&ssl=1 3x, https:\/\/i0.wp.com\/kohenavocats.com\/wp-content\/uploads\/2024\/11\/getty-images-qZQ7l1FLcgI-unsplash.webp?resize=1400%2C800&ssl=1 4x"},"classes":[]},{"id":485782,"url":"https:\/\/kohenavocats.com\/tr\/tribunal-judiciaire-de-limoges-le-2-decembre-2025-n25-00368\/","url_meta":{"origin":656773,"position":4},"title":"Tribunal judiciaire de Limoges, le 2 d\u00e9cembre 2025, n\u00b025\/00368","author":"Kohen","date":"8 Nisan 2026","format":false,"excerpt":"Le tribunal judiciaire de Limoges, statuant le 2 d\u00e9cembre 2025, a \u00e9t\u00e9 saisi d'un litige relatif \u00e0 la vente d'un v\u00e9hicule de loisirs. L'acqu\u00e9reur, novice en l...","rel":"","context":"&quot;Jurisprudence&quot; i\u00e7inde","block_context":{"text":"Jurisprudence","link":"https:\/\/kohenavocats.com\/category\/jurisprudence\/"},"img":{"alt_text":"","src":"https:\/\/i0.wp.com\/kohenavocats.com\/wp-content\/uploads\/2024\/11\/zyanya-citlalli-gy0ATtkEcZs-unsplash.webp?resize=350%2C200&ssl=1","width":350,"height":200,"srcset":"https:\/\/i0.wp.com\/kohenavocats.com\/wp-content\/uploads\/2024\/11\/zyanya-citlalli-gy0ATtkEcZs-unsplash.webp?resize=350%2C200&ssl=1 1x, https:\/\/i0.wp.com\/kohenavocats.com\/wp-content\/uploads\/2024\/11\/zyanya-citlalli-gy0ATtkEcZs-unsplash.webp?resize=525%2C300&ssl=1 1.5x, https:\/\/i0.wp.com\/kohenavocats.com\/wp-content\/uploads\/2024\/11\/zyanya-citlalli-gy0ATtkEcZs-unsplash.webp?resize=700%2C400&ssl=1 2x, https:\/\/i0.wp.com\/kohenavocats.com\/wp-content\/uploads\/2024\/11\/zyanya-citlalli-gy0ATtkEcZs-unsplash.webp?resize=1050%2C600&ssl=1 3x, https:\/\/i0.wp.com\/kohenavocats.com\/wp-content\/uploads\/2024\/11\/zyanya-citlalli-gy0ATtkEcZs-unsplash.webp?resize=1400%2C800&ssl=1 4x"},"classes":[]},{"id":622076,"url":"https:\/\/kohenavocats.com\/tr\/tribunal-judiciaire-de-mulhouse-le-14-avril-2024-n25-00335\/","url_meta":{"origin":656773,"position":5},"title":"Tribunal judiciaire de Mulhouse, le 14 avril 2024, n\u00b025\/00335","author":"Kohen","date":"20 Nisan 2026","format":false,"excerpt":"Le tribunal judiciaire, statuant par jugement du 14 avril 2024, examine une demande en r\u00e9solution de vente pour vice cach\u00e9 d'un v\u00e9hicule. L'acqu\u00e9reur, apr\u00e8s ...","rel":"","context":"&quot;Jurisprudence&quot; i\u00e7inde","block_context":{"text":"Jurisprudence","link":"https:\/\/kohenavocats.com\/category\/jurisprudence\/"},"img":{"alt_text":"","src":"https:\/\/i0.wp.com\/kohenavocats.com\/wp-content\/uploads\/2024\/08\/diane-picchiottino-FEuTc0OwfOc-unsplash.webp?resize=350%2C200&ssl=1","width":350,"height":200,"srcset":"https:\/\/i0.wp.com\/kohenavocats.com\/wp-content\/uploads\/2024\/08\/diane-picchiottino-FEuTc0OwfOc-unsplash.webp?resize=350%2C200&ssl=1 1x, https:\/\/i0.wp.com\/kohenavocats.com\/wp-content\/uploads\/2024\/08\/diane-picchiottino-FEuTc0OwfOc-unsplash.webp?resize=525%2C300&ssl=1 1.5x, https:\/\/i0.wp.com\/kohenavocats.com\/wp-content\/uploads\/2024\/08\/diane-picchiottino-FEuTc0OwfOc-unsplash.webp?resize=700%2C400&ssl=1 2x, https:\/\/i0.wp.com\/kohenavocats.com\/wp-content\/uploads\/2024\/08\/diane-picchiottino-FEuTc0OwfOc-unsplash.webp?resize=1050%2C600&ssl=1 3x, https:\/\/i0.wp.com\/kohenavocats.com\/wp-content\/uploads\/2024\/08\/diane-picchiottino-FEuTc0OwfOc-unsplash.webp?resize=1400%2C800&ssl=1 4x"},"classes":[]}],"jetpack_sharing_enabled":true,"_links":{"self":[{"href":"https:\/\/kohenavocats.com\/tr\/wp-json\/wp\/v2\/posts\/656773","targetHints":{"allow":["GET"]}}],"collection":[{"href":"https:\/\/kohenavocats.com\/tr\/wp-json\/wp\/v2\/posts"}],"about":[{"href":"https:\/\/kohenavocats.com\/tr\/wp-json\/wp\/v2\/types\/post"}],"author":[{"embeddable":true,"href":"https:\/\/kohenavocats.com\/tr\/wp-json\/wp\/v2\/users\/232070755"}],"replies":[{"embeddable":true,"href":"https:\/\/kohenavocats.com\/tr\/wp-json\/wp\/v2\/comments?post=656773"}],"version-history":[{"count":0,"href":"https:\/\/kohenavocats.com\/tr\/wp-json\/wp\/v2\/posts\/656773\/revisions"}],"wp:featuredmedia":[{"embeddable":true,"href":"https:\/\/kohenavocats.com\/tr\/wp-json\/wp\/v2\/media\/4777"}],"wp:attachment":[{"href":"https:\/\/kohenavocats.com\/tr\/wp-json\/wp\/v2\/media?parent=656773"}],"wp:term":[{"taxonomy":"category","embeddable":true,"href":"https:\/\/kohenavocats.com\/tr\/wp-json\/wp\/v2\/categories?post=656773"},{"taxonomy":"post_tag","embeddable":true,"href":"https:\/\/kohenavocats.com\/tr\/wp-json\/wp\/v2\/tags?post=656773"}],"curies":[{"name":"wp","href":"https:\/\/api.w.org\/{rel}","templated":true}]}}