{"id":656777,"date":"2026-04-23T07:54:49","date_gmt":"2026-04-23T05:54:49","guid":{"rendered":"https:\/\/kohenavocats.com\/tribunal-judiciaire-de-dijon-le-25-novembre-2024-n24-00364\/"},"modified":"2026-04-23T07:54:49","modified_gmt":"2026-04-23T05:54:49","slug":"tribunal-judiciaire-de-dijon-le-25-novembre-2024-n24-00364","status":"publish","type":"post","link":"https:\/\/kohenavocats.com\/tr\/tribunal-judiciaire-de-dijon-le-25-novembre-2024-n24-00364\/","title":{"rendered":"Tribunal judiciaire de Dijon, le 25 novembre 2024, n\u00b024\/00364"},"content":{"rendered":"<div class=\"article-content\">\n<p>Le tribunal judiciaire de Dijon, le 25 novembre 2024, a statu\u00e9 sur la recevabilit\u00e9 d\u2019un recours form\u00e9 contre une d\u00e9cision d\u2019un organisme de s\u00e9curit\u00e9 sociale. L\u2019assur\u00e9, ayant essuy\u00e9 un avis d\u00e9favorable de la commission de recours amiable, a saisi le m\u00e9diateur puis le juge. L\u2019organisme contestait la recevabilit\u00e9 du recours pour forclusion. Le tribunal a d\u00e9clar\u00e9 le recours irrecevable, pr\u00e9cisant les conditions de suspension des d\u00e9lais par la m\u00e9diation.<\/p>\n<p>Le cadre proc\u00e9dural du recours contentieux<\/p>\n<p>La saisine pr\u00e9alable de la commission de recours amiable constitue une \u00e9tape obligatoire. Les textes imposent ce filtrage avant toute action juridictionnelle contre les d\u00e9cisions des organismes sociaux. Le d\u00e9lai pour agir en justice court ensuite \u00e0 compter de la notification de l\u2019avis d\u00e9favorable de cette commission. Cette proc\u00e9dure garantit un premier examen administratif des litiges. Elle vise \u00e0 r\u00e9soudre les conflits sans engorger pr\u00e9matur\u00e9ment les tribunaux.<\/p>\n<p>La m\u00e9diation offre une voie alternative de r\u00e8glement des diff\u00e9rends. La loi institue un m\u00e9diateur pour examiner les r\u00e9clamations des usagers des organismes de s\u00e9curit\u00e9 sociale. Son intervention est subordonn\u00e9e \u00e0 une d\u00e9marche pr\u00e9alable aupr\u00e8s des services. &#8220;L&#8217;engagement de la proc\u00e9dure de m\u00e9diation suspend, \u00e0 compter de la notification portant sur la recevabilit\u00e9 de la r\u00e9clamation soumise au m\u00e9diateur et jusqu&#8217;\u00e0 ce que celui-ci ait communiqu\u00e9 ses recommandations aux deux parties, les d\u00e9lais de recours pr\u00e9vus pour ces r\u00e9clamations.&#8221; (Article L217-7-1 du Code de la s\u00e9curit\u00e9 sociale). Ce m\u00e9canisme favorise les solutions amiables en marge du contentieux.<\/p>\n<p>L\u2019exigence d\u2019une m\u00e9diation effective pour suspendre les d\u00e9lais<\/p>\n<p>La suspension du d\u00e9lai de recours requiert une notification de recevabilit\u00e9. Le point de d\u00e9part n\u2019est pas la simple saisine du m\u00e9diateur par le r\u00e9clamant. Il d\u00e9coule de la d\u00e9cision par laquelle le m\u00e9diateur accepte d\u2019instruire la demande. Cette formalit\u00e9 conditionne l\u2019interruption du cours de la forclusion. Elle permet de distinguer les r\u00e9clamations fond\u00e9es des requ\u00eates dilatoires. Le l\u00e9gislateur a ainsi encadr\u00e9 strictement ce dispositif protecteur.<\/p>\n<p>En l\u2019esp\u00e8ce, la r\u00e9ponse du m\u00e9diateur a \u00e9t\u00e9 analys\u00e9e comme un refus de recevabilit\u00e9. Le m\u00e9diateur a oppos\u00e9 un refus de r\u00e9examen, estimant l\u2019absence d\u2019\u00e9l\u00e9ments nouveaux. &#8220;Votre demande de m\u00e9diation ne comporte pas d\u2019\u00e9l\u00e9ments nouveaux \u00e0 ceux d\u00e9j\u00e0 transmis \u00e9voqu\u00e9s en commission.&#8221; (Motifs de la d\u00e9cision). Cette communication ne constitue pas une notification de recevabilit\u00e9 ouvrant droit \u00e0 suspension. Par cons\u00e9quent, aucune proc\u00e9dure de m\u00e9diation n\u2019a \u00e9t\u00e9 engag\u00e9e sur le fond. Le d\u00e9lai de forclusion a donc continu\u00e9 \u00e0 courir sans interruption.<\/p>\n<p>La solution rappelle que la suspension est une exception d\u2019interpr\u00e9tation stricte. Seule une m\u00e9diation r\u00e9guli\u00e8rement ouverte et poursuivie produit cet effet. Un simple \u00e9change ou un refus d\u2019instruction par le m\u00e9diateur est insuffisant. Cette jurisprudence rejoint une analyse similaire concernant d\u2019autres d\u00e9lais. &#8220;Les retards ou omissions de d\u00e9claration dans les d\u00e9lais prescrits par un texte, parce qu&#8217;ils ne sont pas susceptibles de r\u00e9gularisation, n&#8217;entrent pas dans le champ d&#8217;application des dispositions de cet article.&#8221; (Cass. Deuxi\u00e8me chambre civile, le 10 avril 2025, n\u00b022-22.815). Le principe de s\u00e9curit\u00e9 juridique commande cette rigueur.<\/p>\n<p>La port\u00e9e de la d\u00e9cision pour les usagers et les organismes<\/p>\n<p>La d\u00e9cision clarifie le r\u00e9gime proc\u00e9dural de la m\u00e9diation en droit social. Elle en pr\u00e9cise les effets concrets sur les d\u00e9lais de recours contentieux. Les usagers doivent veiller au caract\u00e8re complet de leur saisine. Ils doivent obtenir un accus\u00e9 de recevabilit\u00e9 formel pour b\u00e9n\u00e9ficier de la suspension. Cette formalit\u00e9 est essentielle pour pr\u00e9server leurs voies de recours. Une simple r\u00e9clamation ne suffit pas \u00e0 interrompre le cours de la forclusion.<\/p>\n<p>La charge de la preuve de la suspension p\u00e8se sur le demandeur. C\u2019est \u00e0 l\u2019assur\u00e9 qui invoque la suspension de rapporter la preuve de la notification. Il doit \u00e9tablir que le m\u00e9diateur a bien accept\u00e9 d\u2019instruire sa r\u00e9clamation. Cette exigence proc\u00e9durale prot\u00e8ge \u00e9galement la s\u00e9curit\u00e9 des relations juridiques. Elle \u00e9vite les contentieux fond\u00e9s sur des incertitudes temporelles. L\u2019organisme peut ainsi s\u2019appuyer sur la forclusion en cas de d\u00e9faut de preuve.<\/p>\n<p>En d\u00e9finitive, ce jugement renforce la pr\u00e9visibilit\u00e9 des proc\u00e9dures. Il d\u00e9limite les fronti\u00e8res entre le recours gracieux et le recours contentieux. La m\u00e9diation constitue une chance de r\u00e9solution amiable mais sous conditions. Son invocation ne doit pas servir \u00e0 \u00e9luder les d\u00e9lais stricts du contentieux social. La d\u00e9cision \u00e9quilibre ainsi l\u2019acc\u00e8s au juge et la n\u00e9cessit\u00e9 de loyaut\u00e9 proc\u00e9durale. Elle sert de guide pour les futures relations entre les organismes et leurs usagers.<\/p>\n<\/div>\n","protected":false},"excerpt":{"rendered":"<p>Le tribunal judiciaire de Dijon, le 25 novembre 2024, a statu\u00e9 sur la recevabilit\u00e9 d\u2019un recours form\u00e9 contre une d\u00e9cision d\u2019un organisme de s\u00e9curit\u00e9 sociale&#8230;.<\/p>\n","protected":false},"author":232070755,"featured_media":4708,"comment_status":"open","ping_status":"open","sticky":false,"template":"","format":"standard","meta":{"_crdt_document":"","_jetpack_newsletter_access":"","_jetpack_dont_email_post_to_subs":false,"_jetpack_newsletter_tier_id":0,"_jetpack_memberships_contains_paywalled_content":false,"_kj_source_type":"judilibre","_kj_official_id":"68dc3e06b3454b98788debf5","_kj_official_url":"https:\/\/www.courdecassation.fr\/decision\/68dc3e06b3454b98788debf5","_kj_judilibre_id":"68dc3e06b3454b98788debf5","_kj_jur":"Tribunal judiciaire","_kj_lieu":"Tribunal judiciaire de Dijon","_kj_chambre":"CTX PROTECTION SOCIALE","_kj_rg":"24\/00364","_kj_date":"2025-09-30","_jetpack_memberships_contains_paid_content":false,"footnotes":"","jetpack_post_was_ever_published":false},"categories":[7597],"tags":[],"class_list":["post-656777","post","type-post","status-publish","format-standard","has-post-thumbnail","hentry","category-jurisprudence"],"yoast_head":"<!-- This site is optimized with the Yoast SEO Premium plugin v27.5 (Yoast SEO v27.5) - https:\/\/yoast.com\/product\/yoast-seo-premium-wordpress\/ -->\n<title>Tribunal judiciaire de Dijon, le 25 novembre 2024, n\u00b024\/00364 - Ma\u00eetre Hassan Kohen, avocat en droit p\u00e9nal \u00e0 Paris<\/title>\n<meta name=\"description\" content=\"Le tribunal judiciaire de Dijon, le 25 novembre 2024, a statu\u00e9 sur la recevabilit\u00e9 d\u2019un recours form\u00e9 contre une d\u00e9cision d\u2019un organisme de s\u00e9curit\u00e9 sociale....\" \/>\n<meta name=\"robots\" content=\"index, follow, max-snippet:-1, max-image-preview:large, max-video-preview:-1\" \/>\n<link rel=\"canonical\" href=\"https:\/\/kohenavocats.com\/tr\/tribunal-judiciaire-de-dijon-le-25-novembre-2024-n24-00364\/\" \/>\n<meta property=\"og:locale\" content=\"tr_TR\" \/>\n<meta property=\"og:type\" content=\"article\" \/>\n<meta property=\"og:title\" content=\"Tribunal judiciaire de Dijon, le 25 novembre 2024, n\u00b024\/00364\" \/>\n<meta property=\"og:description\" content=\"Le tribunal judiciaire de Dijon, le 25 novembre 2024, a statu\u00e9 sur la recevabilit\u00e9 d\u2019un recours form\u00e9 contre une d\u00e9cision d\u2019un organisme de s\u00e9curit\u00e9 sociale....\" \/>\n<meta property=\"og:url\" content=\"https:\/\/kohenavocats.com\/tr\/tribunal-judiciaire-de-dijon-le-25-novembre-2024-n24-00364\/\" \/>\n<meta property=\"og:site_name\" content=\"Ma\u00eetre Hassan Kohen, avocat en droit p\u00e9nal \u00e0 Paris\" \/>\n<meta property=\"article:published_time\" content=\"2026-04-23T05:54:49+00:00\" \/>\n<meta property=\"og:image\" content=\"https:\/\/kohenavocats.com\/wp-content\/uploads\/2024\/08\/pierre-chatel-innocenti-hJEqMutj3qc-unsplash.webp\" \/>\n\t<meta property=\"og:image:width\" content=\"5678\" \/>\n\t<meta property=\"og:image:height\" content=\"3785\" \/>\n\t<meta property=\"og:image:type\" content=\"image\/webp\" \/>\n<meta name=\"author\" content=\"Kohen\" \/>\n<meta name=\"twitter:card\" content=\"summary_large_image\" \/>\n<meta name=\"twitter:label1\" content=\"Yazan:\" \/>\n\t<meta name=\"twitter:data1\" content=\"Kohen\" \/>\n\t<meta name=\"twitter:label2\" content=\"Tahmini okuma s\u00fcresi\" \/>\n\t<meta name=\"twitter:data2\" content=\"4 dakika\" \/>\n<script type=\"application\/ld+json\" class=\"yoast-schema-graph\">{\"@context\":\"https:\\\/\\\/schema.org\",\"@graph\":[{\"@type\":\"Article\",\"@id\":\"https:\\\/\\\/kohenavocats.com\\\/tr\\\/tribunal-judiciaire-de-dijon-le-25-novembre-2024-n24-00364\\\/#article\",\"isPartOf\":{\"@id\":\"https:\\\/\\\/kohenavocats.com\\\/tr\\\/tribunal-judiciaire-de-dijon-le-25-novembre-2024-n24-00364\\\/\"},\"author\":{\"name\":\"Kohen\",\"@id\":\"https:\\\/\\\/kohenavocats.com\\\/tr\\\/#\\\/schema\\\/person\\\/761c9ba54fa1ca84d405cef0831ff751\"},\"headline\":\"Tribunal judiciaire de Dijon, le 25 novembre 2024, n\u00b024\\\/00364\",\"datePublished\":\"2026-04-23T05:54:49+00:00\",\"mainEntityOfPage\":{\"@id\":\"https:\\\/\\\/kohenavocats.com\\\/tr\\\/tribunal-judiciaire-de-dijon-le-25-novembre-2024-n24-00364\\\/\"},\"wordCount\":844,\"commentCount\":0,\"publisher\":{\"@id\":\"https:\\\/\\\/kohenavocats.com\\\/tr\\\/#organization\"},\"image\":{\"@id\":\"https:\\\/\\\/kohenavocats.com\\\/tr\\\/tribunal-judiciaire-de-dijon-le-25-novembre-2024-n24-00364\\\/#primaryimage\"},\"thumbnailUrl\":\"https:\\\/\\\/kohenavocats.com\\\/wp-content\\\/uploads\\\/2024\\\/08\\\/pierre-chatel-innocenti-hJEqMutj3qc-unsplash.webp\",\"articleSection\":[\"Jurisprudence\"],\"inLanguage\":\"tr\",\"potentialAction\":[{\"@type\":\"CommentAction\",\"name\":\"Comment\",\"target\":[\"https:\\\/\\\/kohenavocats.com\\\/tr\\\/tribunal-judiciaire-de-dijon-le-25-novembre-2024-n24-00364\\\/#respond\"]}],\"citation\":\"Tribunal judiciaire de Dijon, le 25 novembre 2024, n\u00b024\\\/00364\",\"about\":[{\"@type\":\"Thing\",\"name\":\"Jurisprudence\"}],\"dateModified\":\"2026-04-23T05:54:49+00:00\",\"speakable\":{\"@type\":\"SpeakableSpecification\",\"cssSelector\":[\".article-content > p:first-of-type\"]}},{\"@type\":\"WebPage\",\"@id\":\"https:\\\/\\\/kohenavocats.com\\\/tr\\\/tribunal-judiciaire-de-dijon-le-25-novembre-2024-n24-00364\\\/\",\"url\":\"https:\\\/\\\/kohenavocats.com\\\/tr\\\/tribunal-judiciaire-de-dijon-le-25-novembre-2024-n24-00364\\\/\",\"name\":\"Tribunal judiciaire de Dijon, le 25 novembre 2024, n\u00b024\\\/00364 - Ma\u00eetre Hassan Kohen, avocat en droit p\u00e9nal \u00e0 Paris\",\"isPartOf\":{\"@id\":\"https:\\\/\\\/kohenavocats.com\\\/tr\\\/#website\"},\"primaryImageOfPage\":{\"@id\":\"https:\\\/\\\/kohenavocats.com\\\/tr\\\/tribunal-judiciaire-de-dijon-le-25-novembre-2024-n24-00364\\\/#primaryimage\"},\"image\":{\"@id\":\"https:\\\/\\\/kohenavocats.com\\\/tr\\\/tribunal-judiciaire-de-dijon-le-25-novembre-2024-n24-00364\\\/#primaryimage\"},\"thumbnailUrl\":\"https:\\\/\\\/kohenavocats.com\\\/wp-content\\\/uploads\\\/2024\\\/08\\\/pierre-chatel-innocenti-hJEqMutj3qc-unsplash.webp\",\"datePublished\":\"2026-04-23T05:54:49+00:00\",\"description\":\"Le tribunal judiciaire de Dijon, le 25 novembre 2024, a statu\u00e9 sur la recevabilit\u00e9 d\u2019un recours form\u00e9 contre une d\u00e9cision d\u2019un organisme de s\u00e9curit\u00e9 sociale....\",\"breadcrumb\":{\"@id\":\"https:\\\/\\\/kohenavocats.com\\\/tr\\\/tribunal-judiciaire-de-dijon-le-25-novembre-2024-n24-00364\\\/#breadcrumb\"},\"inLanguage\":\"tr\",\"potentialAction\":[{\"@type\":\"ReadAction\",\"target\":[\"https:\\\/\\\/kohenavocats.com\\\/tr\\\/tribunal-judiciaire-de-dijon-le-25-novembre-2024-n24-00364\\\/\"]}]},{\"@type\":\"ImageObject\",\"inLanguage\":\"tr\",\"@id\":\"https:\\\/\\\/kohenavocats.com\\\/tr\\\/tribunal-judiciaire-de-dijon-le-25-novembre-2024-n24-00364\\\/#primaryimage\",\"url\":\"https:\\\/\\\/kohenavocats.com\\\/wp-content\\\/uploads\\\/2024\\\/08\\\/pierre-chatel-innocenti-hJEqMutj3qc-unsplash.webp\",\"contentUrl\":\"https:\\\/\\\/kohenavocats.com\\\/wp-content\\\/uploads\\\/2024\\\/08\\\/pierre-chatel-innocenti-hJEqMutj3qc-unsplash.webp\",\"width\":5678,\"height\":3785},{\"@type\":\"BreadcrumbList\",\"@id\":\"https:\\\/\\\/kohenavocats.com\\\/tr\\\/tribunal-judiciaire-de-dijon-le-25-novembre-2024-n24-00364\\\/#breadcrumb\",\"itemListElement\":[{\"@type\":\"ListItem\",\"position\":1,\"name\":\"Home\",\"item\":\"https:\\\/\\\/kohenavocats.com\\\/tr\\\/avocats-en-droit-penal-a-paris-conseil-et-defense-strategique\\\/\"},{\"@type\":\"ListItem\",\"position\":2,\"name\":\"Tribunal judiciaire de Dijon, le 25 novembre 2024, n\u00b024\\\/00364\"}]},{\"@type\":\"WebSite\",\"@id\":\"https:\\\/\\\/kohenavocats.com\\\/tr\\\/#website\",\"url\":\"https:\\\/\\\/kohenavocats.com\\\/tr\\\/\",\"name\":\"Kohen Avocats\",\"description\":\"Ma\u00eetre Hassan Kohen, avocat p\u00e9naliste \u00e0 Paris, intervient exclusivement en droit p\u00e9nal pour la d\u00e9fense des particuliers, notamment en mati\u00e8re d\u2019accusations de viol. Il assure un accompagnement rigoureux d\u00e8s la garde \u00e0 vue jusqu\u2019\u00e0 la Cour d\u2019assises, veillant au strict respect des garanties proc\u00e9durales.\",\"publisher\":{\"@id\":\"https:\\\/\\\/kohenavocats.com\\\/tr\\\/#organization\"},\"potentialAction\":[{\"@type\":\"SearchAction\",\"target\":{\"@type\":\"EntryPoint\",\"urlTemplate\":\"https:\\\/\\\/kohenavocats.com\\\/tr\\\/?s={search_term_string}\"},\"query-input\":{\"@type\":\"PropertyValueSpecification\",\"valueRequired\":true,\"valueName\":\"search_term_string\"}}],\"inLanguage\":\"tr\"},{\"@type\":\"Organization\",\"@id\":\"https:\\\/\\\/kohenavocats.com\\\/tr\\\/#organization\",\"name\":\"Kohen Avocats\",\"url\":\"https:\\\/\\\/kohenavocats.com\\\/tr\\\/\",\"logo\":{\"@type\":\"ImageObject\",\"inLanguage\":\"tr\",\"@id\":\"https:\\\/\\\/kohenavocats.com\\\/tr\\\/#\\\/schema\\\/logo\\\/image\\\/\",\"url\":\"https:\\\/\\\/kohenavocats.com\\\/wp-content\\\/uploads\\\/2026\\\/01\\\/Logo-2-1.webp\",\"contentUrl\":\"https:\\\/\\\/kohenavocats.com\\\/wp-content\\\/uploads\\\/2026\\\/01\\\/Logo-2-1.webp\",\"width\":2114,\"height\":1253,\"caption\":\"Kohen Avocats\"},\"image\":{\"@id\":\"https:\\\/\\\/kohenavocats.com\\\/tr\\\/#\\\/schema\\\/logo\\\/image\\\/\"}},{\"@type\":\"Person\",\"@id\":\"https:\\\/\\\/kohenavocats.com\\\/tr\\\/#\\\/schema\\\/person\\\/761c9ba54fa1ca84d405cef0831ff751\",\"name\":\"Kohen\",\"image\":{\"@type\":\"ImageObject\",\"inLanguage\":\"tr\",\"@id\":\"https:\\\/\\\/secure.gravatar.com\\\/avatar\\\/1c5e76ef76bbbfdd2b4da984e2bf2fa4056fd51a27d25ce2c332047f1dfd6e00?s=96&d=identicon&r=g\",\"url\":\"https:\\\/\\\/secure.gravatar.com\\\/avatar\\\/1c5e76ef76bbbfdd2b4da984e2bf2fa4056fd51a27d25ce2c332047f1dfd6e00?s=96&d=identicon&r=g\",\"contentUrl\":\"https:\\\/\\\/secure.gravatar.com\\\/avatar\\\/1c5e76ef76bbbfdd2b4da984e2bf2fa4056fd51a27d25ce2c332047f1dfd6e00?s=96&d=identicon&r=g\",\"caption\":\"Kohen\"},\"sameAs\":[\"https:\\\/\\\/www.linkedin.com\\\/in\\\/hassan-kohen-448548192\\\/\",\"https:\\\/\\\/www.youtube.com\\\/@Kohen-Avocats\"],\"url\":\"https:\\\/\\\/kohenavocats.com\\\/tr\\\/author\\\/kohenmlk\\\/\"}]}<\/script>\n<!-- \/ Yoast SEO Premium plugin. -->","yoast_head_json":{"title":"Tribunal judiciaire de Dijon, le 25 novembre 2024, n\u00b024\/00364 - Ma\u00eetre Hassan Kohen, avocat en droit p\u00e9nal \u00e0 Paris","description":"Le tribunal judiciaire de Dijon, le 25 novembre 2024, a statu\u00e9 sur la recevabilit\u00e9 d\u2019un recours form\u00e9 contre une d\u00e9cision d\u2019un organisme de s\u00e9curit\u00e9 sociale....","robots":{"index":"index","follow":"follow","max-snippet":"max-snippet:-1","max-image-preview":"max-image-preview:large","max-video-preview":"max-video-preview:-1"},"canonical":"https:\/\/kohenavocats.com\/tr\/tribunal-judiciaire-de-dijon-le-25-novembre-2024-n24-00364\/","og_locale":"tr_TR","og_type":"article","og_title":"Tribunal judiciaire de Dijon, le 25 novembre 2024, n\u00b024\/00364","og_description":"Le tribunal judiciaire de Dijon, le 25 novembre 2024, a statu\u00e9 sur la recevabilit\u00e9 d\u2019un recours form\u00e9 contre une d\u00e9cision d\u2019un organisme de s\u00e9curit\u00e9 sociale....","og_url":"https:\/\/kohenavocats.com\/tr\/tribunal-judiciaire-de-dijon-le-25-novembre-2024-n24-00364\/","og_site_name":"Ma\u00eetre Hassan Kohen, avocat en droit p\u00e9nal \u00e0 Paris","article_published_time":"2026-04-23T05:54:49+00:00","og_image":[{"width":5678,"height":3785,"url":"https:\/\/kohenavocats.com\/wp-content\/uploads\/2024\/08\/pierre-chatel-innocenti-hJEqMutj3qc-unsplash.webp","type":"image\/webp"}],"author":"Kohen","twitter_card":"summary_large_image","twitter_misc":{"Yazan:":"Kohen","Tahmini okuma s\u00fcresi":"4 dakika"},"schema":{"@context":"https:\/\/schema.org","@graph":[{"@type":"Article","@id":"https:\/\/kohenavocats.com\/tr\/tribunal-judiciaire-de-dijon-le-25-novembre-2024-n24-00364\/#article","isPartOf":{"@id":"https:\/\/kohenavocats.com\/tr\/tribunal-judiciaire-de-dijon-le-25-novembre-2024-n24-00364\/"},"author":{"name":"Kohen","@id":"https:\/\/kohenavocats.com\/tr\/#\/schema\/person\/761c9ba54fa1ca84d405cef0831ff751"},"headline":"Tribunal judiciaire de Dijon, le 25 novembre 2024, n\u00b024\/00364","datePublished":"2026-04-23T05:54:49+00:00","mainEntityOfPage":{"@id":"https:\/\/kohenavocats.com\/tr\/tribunal-judiciaire-de-dijon-le-25-novembre-2024-n24-00364\/"},"wordCount":844,"commentCount":0,"publisher":{"@id":"https:\/\/kohenavocats.com\/tr\/#organization"},"image":{"@id":"https:\/\/kohenavocats.com\/tr\/tribunal-judiciaire-de-dijon-le-25-novembre-2024-n24-00364\/#primaryimage"},"thumbnailUrl":"https:\/\/kohenavocats.com\/wp-content\/uploads\/2024\/08\/pierre-chatel-innocenti-hJEqMutj3qc-unsplash.webp","articleSection":["Jurisprudence"],"inLanguage":"tr","potentialAction":[{"@type":"CommentAction","name":"Comment","target":["https:\/\/kohenavocats.com\/tr\/tribunal-judiciaire-de-dijon-le-25-novembre-2024-n24-00364\/#respond"]}],"citation":"Tribunal judiciaire de Dijon, le 25 novembre 2024, n\u00b024\/00364","about":[{"@type":"Thing","name":"Jurisprudence"}],"dateModified":"2026-04-23T05:54:49+00:00","speakable":{"@type":"SpeakableSpecification","cssSelector":[".article-content > p:first-of-type"]}},{"@type":"WebPage","@id":"https:\/\/kohenavocats.com\/tr\/tribunal-judiciaire-de-dijon-le-25-novembre-2024-n24-00364\/","url":"https:\/\/kohenavocats.com\/tr\/tribunal-judiciaire-de-dijon-le-25-novembre-2024-n24-00364\/","name":"Tribunal judiciaire de Dijon, le 25 novembre 2024, n\u00b024\/00364 - Ma\u00eetre Hassan Kohen, avocat en droit p\u00e9nal \u00e0 Paris","isPartOf":{"@id":"https:\/\/kohenavocats.com\/tr\/#website"},"primaryImageOfPage":{"@id":"https:\/\/kohenavocats.com\/tr\/tribunal-judiciaire-de-dijon-le-25-novembre-2024-n24-00364\/#primaryimage"},"image":{"@id":"https:\/\/kohenavocats.com\/tr\/tribunal-judiciaire-de-dijon-le-25-novembre-2024-n24-00364\/#primaryimage"},"thumbnailUrl":"https:\/\/kohenavocats.com\/wp-content\/uploads\/2024\/08\/pierre-chatel-innocenti-hJEqMutj3qc-unsplash.webp","datePublished":"2026-04-23T05:54:49+00:00","description":"Le tribunal judiciaire de Dijon, le 25 novembre 2024, a statu\u00e9 sur la recevabilit\u00e9 d\u2019un recours form\u00e9 contre une d\u00e9cision d\u2019un organisme de s\u00e9curit\u00e9 sociale....","breadcrumb":{"@id":"https:\/\/kohenavocats.com\/tr\/tribunal-judiciaire-de-dijon-le-25-novembre-2024-n24-00364\/#breadcrumb"},"inLanguage":"tr","potentialAction":[{"@type":"ReadAction","target":["https:\/\/kohenavocats.com\/tr\/tribunal-judiciaire-de-dijon-le-25-novembre-2024-n24-00364\/"]}]},{"@type":"ImageObject","inLanguage":"tr","@id":"https:\/\/kohenavocats.com\/tr\/tribunal-judiciaire-de-dijon-le-25-novembre-2024-n24-00364\/#primaryimage","url":"https:\/\/kohenavocats.com\/wp-content\/uploads\/2024\/08\/pierre-chatel-innocenti-hJEqMutj3qc-unsplash.webp","contentUrl":"https:\/\/kohenavocats.com\/wp-content\/uploads\/2024\/08\/pierre-chatel-innocenti-hJEqMutj3qc-unsplash.webp","width":5678,"height":3785},{"@type":"BreadcrumbList","@id":"https:\/\/kohenavocats.com\/tr\/tribunal-judiciaire-de-dijon-le-25-novembre-2024-n24-00364\/#breadcrumb","itemListElement":[{"@type":"ListItem","position":1,"name":"Home","item":"https:\/\/kohenavocats.com\/tr\/avocats-en-droit-penal-a-paris-conseil-et-defense-strategique\/"},{"@type":"ListItem","position":2,"name":"Tribunal judiciaire de Dijon, le 25 novembre 2024, n\u00b024\/00364"}]},{"@type":"WebSite","@id":"https:\/\/kohenavocats.com\/tr\/#website","url":"https:\/\/kohenavocats.com\/tr\/","name":"Kohen Avocats","description":"Ma\u00eetre Hassan Kohen, avocat p\u00e9naliste \u00e0 Paris, intervient exclusivement en droit p\u00e9nal pour la d\u00e9fense des particuliers, notamment en mati\u00e8re d\u2019accusations de viol. Il assure un accompagnement rigoureux d\u00e8s la garde \u00e0 vue jusqu\u2019\u00e0 la Cour d\u2019assises, veillant au strict respect des garanties proc\u00e9durales.","publisher":{"@id":"https:\/\/kohenavocats.com\/tr\/#organization"},"potentialAction":[{"@type":"SearchAction","target":{"@type":"EntryPoint","urlTemplate":"https:\/\/kohenavocats.com\/tr\/?s={search_term_string}"},"query-input":{"@type":"PropertyValueSpecification","valueRequired":true,"valueName":"search_term_string"}}],"inLanguage":"tr"},{"@type":"Organization","@id":"https:\/\/kohenavocats.com\/tr\/#organization","name":"Kohen Avocats","url":"https:\/\/kohenavocats.com\/tr\/","logo":{"@type":"ImageObject","inLanguage":"tr","@id":"https:\/\/kohenavocats.com\/tr\/#\/schema\/logo\/image\/","url":"https:\/\/kohenavocats.com\/wp-content\/uploads\/2026\/01\/Logo-2-1.webp","contentUrl":"https:\/\/kohenavocats.com\/wp-content\/uploads\/2026\/01\/Logo-2-1.webp","width":2114,"height":1253,"caption":"Kohen Avocats"},"image":{"@id":"https:\/\/kohenavocats.com\/tr\/#\/schema\/logo\/image\/"}},{"@type":"Person","@id":"https:\/\/kohenavocats.com\/tr\/#\/schema\/person\/761c9ba54fa1ca84d405cef0831ff751","name":"Kohen","image":{"@type":"ImageObject","inLanguage":"tr","@id":"https:\/\/secure.gravatar.com\/avatar\/1c5e76ef76bbbfdd2b4da984e2bf2fa4056fd51a27d25ce2c332047f1dfd6e00?s=96&d=identicon&r=g","url":"https:\/\/secure.gravatar.com\/avatar\/1c5e76ef76bbbfdd2b4da984e2bf2fa4056fd51a27d25ce2c332047f1dfd6e00?s=96&d=identicon&r=g","contentUrl":"https:\/\/secure.gravatar.com\/avatar\/1c5e76ef76bbbfdd2b4da984e2bf2fa4056fd51a27d25ce2c332047f1dfd6e00?s=96&d=identicon&r=g","caption":"Kohen"},"sameAs":["https:\/\/www.linkedin.com\/in\/hassan-kohen-448548192\/","https:\/\/www.youtube.com\/@Kohen-Avocats"],"url":"https:\/\/kohenavocats.com\/tr\/author\/kohenmlk\/"}]}},"jetpack_featured_media_url":"https:\/\/kohenavocats.com\/wp-content\/uploads\/2024\/08\/pierre-chatel-innocenti-hJEqMutj3qc-unsplash.webp","jetpack_likes_enabled":false,"jetpack_shortlink":"https:\/\/wp.me\/peCrII-2KRb","jetpack-related-posts":[{"id":655748,"url":"https:\/\/kohenavocats.com\/tr\/tribunal-judiciaire-de-dijon-le-15-octobre-2024-n24-00388\/","url_meta":{"origin":656777,"position":0},"title":"Tribunal judiciaire de Dijon, le 15 octobre 2024, n\u00b024\/00388","author":"Kohen","date":"23 Nisan 2026","format":false,"excerpt":"Le tribunal judiciaire de Dijon, le 15 octobre 2024, a statu\u00e9 sur un recours contre un avis de commission de recours amiable. L'organisme de s\u00e9curit\u00e9 sociale...","rel":"","context":"&quot;Jurisprudence&quot; i\u00e7inde","block_context":{"text":"Jurisprudence","link":"https:\/\/kohenavocats.com\/category\/jurisprudence\/"},"img":{"alt_text":"","src":"https:\/\/i0.wp.com\/kohenavocats.com\/wp-content\/uploads\/2024\/11\/getty-images-RvXjV3spXFA-unsplash.webp?resize=350%2C200&ssl=1","width":350,"height":200,"srcset":"https:\/\/i0.wp.com\/kohenavocats.com\/wp-content\/uploads\/2024\/11\/getty-images-RvXjV3spXFA-unsplash.webp?resize=350%2C200&ssl=1 1x, https:\/\/i0.wp.com\/kohenavocats.com\/wp-content\/uploads\/2024\/11\/getty-images-RvXjV3spXFA-unsplash.webp?resize=525%2C300&ssl=1 1.5x, https:\/\/i0.wp.com\/kohenavocats.com\/wp-content\/uploads\/2024\/11\/getty-images-RvXjV3spXFA-unsplash.webp?resize=700%2C400&ssl=1 2x, https:\/\/i0.wp.com\/kohenavocats.com\/wp-content\/uploads\/2024\/11\/getty-images-RvXjV3spXFA-unsplash.webp?resize=1050%2C600&ssl=1 3x, https:\/\/i0.wp.com\/kohenavocats.com\/wp-content\/uploads\/2024\/11\/getty-images-RvXjV3spXFA-unsplash.webp?resize=1400%2C800&ssl=1 4x"},"classes":[]},{"id":645125,"url":"https:\/\/kohenavocats.com\/tr\/tribunal-judiciaire-de-dijon-le-15-avril-2025-n24-00523\/","url_meta":{"origin":656777,"position":1},"title":"Tribunal judiciaire de Dijon, le 15 avril 2025, n\u00b024\/00523","author":"Kohen","date":"22 Nisan 2026","format":false,"excerpt":"Le tribunal judiciaire de Dijon, le 15 avril 2025, a examin\u00e9 un recours contre une mise en demeure \u00e9mise par un organisme de recouvrement. Le requ\u00e9rant a dir...","rel":"","context":"&quot;Jurisprudence&quot; i\u00e7inde","block_context":{"text":"Jurisprudence","link":"https:\/\/kohenavocats.com\/category\/jurisprudence\/"},"img":{"alt_text":"","src":"https:\/\/i0.wp.com\/kohenavocats.com\/wp-content\/uploads\/2024\/07\/pierre-bamin-tY7hL5Bu7Ic-unsplash.webp?resize=350%2C200&ssl=1","width":350,"height":200,"srcset":"https:\/\/i0.wp.com\/kohenavocats.com\/wp-content\/uploads\/2024\/07\/pierre-bamin-tY7hL5Bu7Ic-unsplash.webp?resize=350%2C200&ssl=1 1x, https:\/\/i0.wp.com\/kohenavocats.com\/wp-content\/uploads\/2024\/07\/pierre-bamin-tY7hL5Bu7Ic-unsplash.webp?resize=525%2C300&ssl=1 1.5x, https:\/\/i0.wp.com\/kohenavocats.com\/wp-content\/uploads\/2024\/07\/pierre-bamin-tY7hL5Bu7Ic-unsplash.webp?resize=700%2C400&ssl=1 2x, https:\/\/i0.wp.com\/kohenavocats.com\/wp-content\/uploads\/2024\/07\/pierre-bamin-tY7hL5Bu7Ic-unsplash.webp?resize=1050%2C600&ssl=1 3x, https:\/\/i0.wp.com\/kohenavocats.com\/wp-content\/uploads\/2024\/07\/pierre-bamin-tY7hL5Bu7Ic-unsplash.webp?resize=1400%2C800&ssl=1 4x"},"classes":[]},{"id":656668,"url":"https:\/\/kohenavocats.com\/tr\/tribunal-judiciaire-de-dijon-le-15-mars-2027-n24-00464\/","url_meta":{"origin":656777,"position":2},"title":"Tribunal judiciaire de Dijon, le 15 mars 2027, n\u00b024\/00464","author":"Kohen","date":"23 Nisan 2026","format":false,"excerpt":"Le tribunal judiciaire de Dijon, le 15 mars 2027, a eu \u00e0 conna\u00eetre d\u2019un litige opposant un organisme de s\u00e9curit\u00e9 sociale \u00e0 un couple. L\u2019organisme r\u00e9clamait l...","rel":"","context":"&quot;Jurisprudence&quot; i\u00e7inde","block_context":{"text":"Jurisprudence","link":"https:\/\/kohenavocats.com\/category\/jurisprudence\/"},"img":{"alt_text":"","src":"https:\/\/i0.wp.com\/kohenavocats.com\/wp-content\/uploads\/2024\/08\/clark-van-der-beken-Azns3dVZEBQ-unsplash.webp?resize=350%2C200&ssl=1","width":350,"height":200,"srcset":"https:\/\/i0.wp.com\/kohenavocats.com\/wp-content\/uploads\/2024\/08\/clark-van-der-beken-Azns3dVZEBQ-unsplash.webp?resize=350%2C200&ssl=1 1x, https:\/\/i0.wp.com\/kohenavocats.com\/wp-content\/uploads\/2024\/08\/clark-van-der-beken-Azns3dVZEBQ-unsplash.webp?resize=525%2C300&ssl=1 1.5x, https:\/\/i0.wp.com\/kohenavocats.com\/wp-content\/uploads\/2024\/08\/clark-van-der-beken-Azns3dVZEBQ-unsplash.webp?resize=700%2C400&ssl=1 2x, https:\/\/i0.wp.com\/kohenavocats.com\/wp-content\/uploads\/2024\/08\/clark-van-der-beken-Azns3dVZEBQ-unsplash.webp?resize=1050%2C600&ssl=1 3x, https:\/\/i0.wp.com\/kohenavocats.com\/wp-content\/uploads\/2024\/08\/clark-van-der-beken-Azns3dVZEBQ-unsplash.webp?resize=1400%2C800&ssl=1 4x"},"classes":[]},{"id":656354,"url":"https:\/\/kohenavocats.com\/tr\/tribunal-judiciaire-de-dijon-le-19-fevrier-2025-n24-00429\/","url_meta":{"origin":656777,"position":3},"title":"Tribunal judiciaire de Dijon, le 19 f\u00e9vrier 2025, n\u00b024\/00429","author":"Kohen","date":"23 Nisan 2026","format":false,"excerpt":"Le tribunal judiciaire de Dijon, par jugement du 19 f\u00e9vrier 2025, statue sur une demande de remise de majorations de retard. Une soci\u00e9t\u00e9 sollicitait l'annula...","rel":"","context":"&quot;Jurisprudence&quot; i\u00e7inde","block_context":{"text":"Jurisprudence","link":"https:\/\/kohenavocats.com\/category\/jurisprudence\/"},"img":{"alt_text":"","src":"https:\/\/i0.wp.com\/kohenavocats.com\/wp-content\/uploads\/2024\/11\/planet-volumes-C3xYPsybD0U-unsplash.webp?resize=350%2C200&ssl=1","width":350,"height":200,"srcset":"https:\/\/i0.wp.com\/kohenavocats.com\/wp-content\/uploads\/2024\/11\/planet-volumes-C3xYPsybD0U-unsplash.webp?resize=350%2C200&ssl=1 1x, https:\/\/i0.wp.com\/kohenavocats.com\/wp-content\/uploads\/2024\/11\/planet-volumes-C3xYPsybD0U-unsplash.webp?resize=525%2C300&ssl=1 1.5x, https:\/\/i0.wp.com\/kohenavocats.com\/wp-content\/uploads\/2024\/11\/planet-volumes-C3xYPsybD0U-unsplash.webp?resize=700%2C400&ssl=1 2x, https:\/\/i0.wp.com\/kohenavocats.com\/wp-content\/uploads\/2024\/11\/planet-volumes-C3xYPsybD0U-unsplash.webp?resize=1050%2C600&ssl=1 3x, https:\/\/i0.wp.com\/kohenavocats.com\/wp-content\/uploads\/2024\/11\/planet-volumes-C3xYPsybD0U-unsplash.webp?resize=1400%2C800&ssl=1 4x"},"classes":[]},{"id":636200,"url":"https:\/\/kohenavocats.com\/tr\/tribunal-judiciaire-de-nantes-le-2-fevrier-2024-n23-01012\/","url_meta":{"origin":656777,"position":4},"title":"Tribunal judiciaire de Nantes, le 2 f\u00e9vrier 2024, n\u00b023\/01012","author":"Kohen","date":"21 Nisan 2026","format":false,"excerpt":"Le tribunal judiciaire de Nantes, dans un jugement du 2 f\u00e9vrier 2024, a examin\u00e9 un litige relatif au recouvrement d\u2019une allocation de solidarit\u00e9 aux personne...","rel":"","context":"&quot;Jurisprudence&quot; i\u00e7inde","block_context":{"text":"Jurisprudence","link":"https:\/\/kohenavocats.com\/category\/jurisprudence\/"},"img":{"alt_text":"","src":"https:\/\/i0.wp.com\/kohenavocats.com\/wp-content\/uploads\/2024\/11\/zyanya-citlalli-bEhnA88B_mA-unsplash.webp?resize=350%2C200&ssl=1","width":350,"height":200,"srcset":"https:\/\/i0.wp.com\/kohenavocats.com\/wp-content\/uploads\/2024\/11\/zyanya-citlalli-bEhnA88B_mA-unsplash.webp?resize=350%2C200&ssl=1 1x, https:\/\/i0.wp.com\/kohenavocats.com\/wp-content\/uploads\/2024\/11\/zyanya-citlalli-bEhnA88B_mA-unsplash.webp?resize=525%2C300&ssl=1 1.5x, https:\/\/i0.wp.com\/kohenavocats.com\/wp-content\/uploads\/2024\/11\/zyanya-citlalli-bEhnA88B_mA-unsplash.webp?resize=700%2C400&ssl=1 2x, https:\/\/i0.wp.com\/kohenavocats.com\/wp-content\/uploads\/2024\/11\/zyanya-citlalli-bEhnA88B_mA-unsplash.webp?resize=1050%2C600&ssl=1 3x, https:\/\/i0.wp.com\/kohenavocats.com\/wp-content\/uploads\/2024\/11\/zyanya-citlalli-bEhnA88B_mA-unsplash.webp?resize=1400%2C800&ssl=1 4x"},"classes":[]},{"id":235983,"url":"https:\/\/kohenavocats.com\/tr\/cour-dappel-de-dijon-le-10-juillet-2025-n22-00718\/","url_meta":{"origin":656777,"position":5},"title":"Cour d&#8217;appel de Dijon, le 10 juillet 2025, n\u00b022\/00718","author":"Kohen","date":"29 Aral\u0131k 2025","format":false,"excerpt":"L'arr\u00eat rendu par la Cour d'appel de Dijon le 10 juillet 2025 s'inscrit dans un contentieux r\u00e9current opposant la Caisse interprofessionnelle de pr\u00e9voyance et d'assurance vieillesse aux auto-entrepreneurs affili\u00e9s. Il porte sur les modalit\u00e9s de calcul des points de retraite de base et compl\u00e9mentaire attribu\u00e9s \u00e0 ces derniers.Une assur\u00e9e, affili\u00e9e\u2026","rel":"","context":"&quot;Cour d'appel&quot; i\u00e7inde","block_context":{"text":"Cour d'appel","link":"https:\/\/kohenavocats.com\/category\/cour-dappel\/"},"img":{"alt_text":"","src":"https:\/\/i0.wp.com\/kohenavocats.com\/wp-content\/uploads\/2024\/11\/victor-V67qmAIxyvI-unsplash.webp?resize=350%2C200&ssl=1","width":350,"height":200,"srcset":"https:\/\/i0.wp.com\/kohenavocats.com\/wp-content\/uploads\/2024\/11\/victor-V67qmAIxyvI-unsplash.webp?resize=350%2C200&ssl=1 1x, https:\/\/i0.wp.com\/kohenavocats.com\/wp-content\/uploads\/2024\/11\/victor-V67qmAIxyvI-unsplash.webp?resize=525%2C300&ssl=1 1.5x, https:\/\/i0.wp.com\/kohenavocats.com\/wp-content\/uploads\/2024\/11\/victor-V67qmAIxyvI-unsplash.webp?resize=700%2C400&ssl=1 2x, https:\/\/i0.wp.com\/kohenavocats.com\/wp-content\/uploads\/2024\/11\/victor-V67qmAIxyvI-unsplash.webp?resize=1050%2C600&ssl=1 3x, https:\/\/i0.wp.com\/kohenavocats.com\/wp-content\/uploads\/2024\/11\/victor-V67qmAIxyvI-unsplash.webp?resize=1400%2C800&ssl=1 4x"},"classes":[]}],"jetpack_sharing_enabled":true,"_links":{"self":[{"href":"https:\/\/kohenavocats.com\/tr\/wp-json\/wp\/v2\/posts\/656777","targetHints":{"allow":["GET"]}}],"collection":[{"href":"https:\/\/kohenavocats.com\/tr\/wp-json\/wp\/v2\/posts"}],"about":[{"href":"https:\/\/kohenavocats.com\/tr\/wp-json\/wp\/v2\/types\/post"}],"author":[{"embeddable":true,"href":"https:\/\/kohenavocats.com\/tr\/wp-json\/wp\/v2\/users\/232070755"}],"replies":[{"embeddable":true,"href":"https:\/\/kohenavocats.com\/tr\/wp-json\/wp\/v2\/comments?post=656777"}],"version-history":[{"count":0,"href":"https:\/\/kohenavocats.com\/tr\/wp-json\/wp\/v2\/posts\/656777\/revisions"}],"wp:featuredmedia":[{"embeddable":true,"href":"https:\/\/kohenavocats.com\/tr\/wp-json\/wp\/v2\/media\/4708"}],"wp:attachment":[{"href":"https:\/\/kohenavocats.com\/tr\/wp-json\/wp\/v2\/media?parent=656777"}],"wp:term":[{"taxonomy":"category","embeddable":true,"href":"https:\/\/kohenavocats.com\/tr\/wp-json\/wp\/v2\/categories?post=656777"},{"taxonomy":"post_tag","embeddable":true,"href":"https:\/\/kohenavocats.com\/tr\/wp-json\/wp\/v2\/tags?post=656777"}],"curies":[{"name":"wp","href":"https:\/\/api.w.org\/{rel}","templated":true}]}}