{"id":659074,"date":"2026-04-23T12:37:11","date_gmt":"2026-04-23T10:37:11","guid":{"rendered":"https:\/\/kohenavocats.com\/tribunal-judiciaire-de-mesnil-amelot-le-27-septembre-2025-n25-03820\/"},"modified":"2026-04-23T12:37:11","modified_gmt":"2026-04-23T10:37:11","slug":"tribunal-judiciaire-de-mesnil-amelot-le-27-septembre-2025-n25-03820","status":"publish","type":"post","link":"https:\/\/kohenavocats.com\/tr\/tribunal-judiciaire-de-mesnil-amelot-le-27-septembre-2025-n25-03820\/","title":{"rendered":"Tribunal judiciaire de Mesnil-Amelot, le 27 septembre 2025, n\u00b025\/03820"},"content":{"rendered":"<div class=\"article-content\">\n<p>Le tribunal judiciaire du Mesnil-Amelot, statuant le 27 septembre 2025, examine une requ\u00eate en troisi\u00e8me prolongation de r\u00e9tention administrative. L\u2019int\u00e9ress\u00e9, faisant l\u2019objet d\u2019une mesure d\u2019\u00e9loignement, a successivement d\u00e9pos\u00e9 une demande d\u2019asile puis refus\u00e9 d\u2019embarquer. Le juge des libert\u00e9s et de la d\u00e9tention doit d\u00e9terminer si les conditions l\u00e9gales d\u2019une troisi\u00e8me prolongation sont r\u00e9unies. Il fait droit \u00e0 la requ\u00eate et prolonge la r\u00e9tention pour quinze jours.<\/p>\n<p>Le contr\u00f4le du juge sur la l\u00e9galit\u00e9 de la r\u00e9tention<\/p>\n<p>Le juge exerce un contr\u00f4le autonome sur la privation de libert\u00e9. Il rappelle son office de gardien de la libert\u00e9 individuelle qui le conduit \u00e0 statuer sur la l\u00e9galit\u00e9 de la r\u00e9tention. Ce contr\u00f4le s\u2019exerce &#8220;ind\u00e9pendamment de tout recours contre la d\u00e9cision de placement&#8221; (Motifs de la d\u00e9cision). Cette affirmation souligne la nature sp\u00e9cifique du contr\u00f4le judiciaire, distinct du contentieux de la mesure d\u2019\u00e9loignement. Le juge administratif conserve quant \u00e0 lui la comp\u00e9tence pour appr\u00e9cier le bien-fond\u00e9 de l\u2019\u00e9loignement. La d\u00e9cision pr\u00e9cise qu\u2019&#8221;en vertu du principe de la s\u00e9paration des pouvoirs, c\u2019est au juge administratif qu\u2019il revient d\u2019appr\u00e9cier la l\u00e9galit\u00e9 et l\u2019opportunit\u00e9, ou la n\u00e9cessit\u00e9, pour l\u2019administration d\u2019\u00e9loigner de France un \u00e9tranger&#8221; (Motifs de la d\u00e9cision). Cette r\u00e9partition des r\u00f4les consacre une dualit\u00e9 de voies de recours et prot\u00e8ge les droits de la d\u00e9fense.<\/p>\n<p>La r\u00e9gularit\u00e9 proc\u00e9durale et l\u2019irrecevabilit\u00e9 des griefs ant\u00e9rieurs<\/p>\n<p>Le juge constate la recevabilit\u00e9 et la r\u00e9gularit\u00e9 de la proc\u00e9dure apr\u00e8s un examen contradictoire. Il applique strictement les r\u00e8gles d\u2019irrecevabilit\u00e9 pr\u00e9vues par le code. Il rappelle qu\u2019&#8221;\u00e0 peine d\u2019irrecevabilit\u00e9, prononc\u00e9e d\u2019office, aucune irr\u00e9gularit\u00e9 ant\u00e9rieure \u00e0 l\u2019audience relative \u00e0 la premi\u00e8re prolongation de la r\u00e9tention ne peut \u00eatre soulev\u00e9e lors de l\u2019audience relative \u00e0 la troisi\u00e8me prolongation&#8221; (Motifs de la d\u00e9cision). Cette r\u00e8gle, \u00e9galement \u00e9nonc\u00e9e par la Cour d\u2019appel de Paris, vise \u00e0 garantir la s\u00e9curit\u00e9 juridique et l\u2019efficacit\u00e9 de la proc\u00e9dure. Elle est temp\u00e9r\u00e9e par l\u2019exigence d\u2019information continue de l\u2019int\u00e9ress\u00e9. Le juge v\u00e9rifie ainsi que &#8220;la personne retenue, pleinement inform\u00e9e de ses droits lors la notification de son placement, n\u2019a cess\u00e9 d\u2019\u00eatre plac\u00e9e en \u00e9tat de les faire valoir&#8221; (Motifs de la d\u00e9cision). Cette condition est essentielle pour justifier l\u2019extinction des voies de recours.<\/p>\n<p>L\u2019appr\u00e9ciation des conditions de fond pour une troisi\u00e8me prolongation<\/p>\n<p>Le juge proc\u00e8de \u00e0 une analyse d\u00e9taill\u00e9e des faits au regard des crit\u00e8res l\u00e9gaux. L\u2019article L. 742-5 du CESEDA pr\u00e9voit des hypoth\u00e8ses exceptionnelles pour une troisi\u00e8me prolongation. En l\u2019esp\u00e8ce, le juge \u00e9carte le refus d\u2019embarquer comme motif valable car il est intervenu hors du d\u00e9lai des quinze derniers jours. Il retient en revanche la diligence de l\u2019administration qui a sollicit\u00e9 un nouveau vol. La d\u00e9cision note que &#8220;l\u2019administration a proc\u00e9d\u00e9 aux diligences n\u00e9cessaires en sollicitant et obtenant un vol pour le 30 septembre 2025&#8221; (Motifs de la d\u00e9cision). Cette approche v\u00e9rifie l\u2019existence de perspectives r\u00e9elles d\u2019\u00e9loignement, condition rappel\u00e9e par la jurisprudence. Le Tribunal judiciaire de Strasbourg a en effet soulign\u00e9 que &#8220;la mesure de r\u00e9tention administrative n\u2019\u00e9tant pas une peine destin\u00e9e \u00e0 sanctionner une deuxi\u00e8me fois l\u2019\u00e9tranger [&#8230;] mais bien une mesure de s\u00fbret\u00e9 destin\u00e9e \u00e0 garantir le maintien de l\u2019int\u00e9ress\u00e9 \u00e0 la disposition de la Pr\u00e9fecture en vue de l\u2019ex\u00e9cution d\u2019office de la d\u00e9cision d\u2019\u00e9loignement&#8221; (Tribunal judiciaire de Strasbourg, le 19 d\u00e9cembre 2025, n\u00b025\/10956).<\/p>\n<p>Le rejet de l\u2019assignation \u00e0 r\u00e9sidence et la proportionnalit\u00e9 de la mesure<\/p>\n<p>Le juge examine et rejette la possibilit\u00e9 d\u2019une assignation \u00e0 r\u00e9sidence. Il constate que l\u2019int\u00e9ress\u00e9 ne remplit pas une condition l\u00e9gale essentielle. La d\u00e9cision indique qu\u2019&#8221;elle n\u2019a pas pr\u00e9alablement remis \u00e0 un service de police ou \u00e0 une unit\u00e9 de gendarmerie un passeport en cours de validit\u00e9, quels que soient les m\u00e9rites de ses garanties de repr\u00e9sentation&#8221; (Motifs de la d\u00e9cision). Ce rejet est automatique et ne laisse place \u00e0 aucune appr\u00e9ciation discr\u00e9tionnaire sur les garanties de repr\u00e9sentation. La prolongation est enfin jug\u00e9e proportionn\u00e9e car elle est &#8220;de nature \u00e0 permettre l\u2019ex\u00e9cution de la mesure d\u2019\u00e9loignement&#8221; (Motifs de la d\u00e9cision). Le juge op\u00e8re ainsi un contr\u00f4le de l\u2019ad\u00e9quation entre la privation de libert\u00e9 et son objectif, garantissant que la mesure reste une s\u00fbret\u00e9 et non une sanction.<\/p>\n<\/div>\n","protected":false},"excerpt":{"rendered":"<p>Le tribunal judiciaire du Mesnil-Amelot, statuant le 27 septembre 2025, examine une requ\u00eate en troisi\u00e8me prolongation de r\u00e9tention administrative. L\u2019int\u00e9ress&#8230;<\/p>\n","protected":false},"author":232070755,"featured_media":9468,"comment_status":"open","ping_status":"open","sticky":false,"template":"","format":"standard","meta":{"_crdt_document":"","_jetpack_newsletter_access":"","_jetpack_dont_email_post_to_subs":false,"_jetpack_newsletter_tier_id":0,"_jetpack_memberships_contains_paywalled_content":false,"_kj_source_type":"judilibre","_kj_official_id":"68dd8052548223b2c7ac0698","_kj_official_url":"https:\/\/www.courdecassation.fr\/decision\/68dd8052548223b2c7ac0698","_kj_judilibre_id":"68dd8052548223b2c7ac0698","_kj_jur":"Tribunal judiciaire","_kj_lieu":"Tribunal judiciaire de Meaux","_kj_chambre":"JLD","_kj_rg":"25\/03820","_kj_date":"2025-09-27","_jetpack_memberships_contains_paid_content":false,"footnotes":"","jetpack_post_was_ever_published":false},"categories":[7597],"tags":[],"class_list":["post-659074","post","type-post","status-publish","format-standard","has-post-thumbnail","hentry","category-jurisprudence"],"yoast_head":"<!-- This site is optimized with the Yoast SEO Premium plugin v27.5 (Yoast SEO v27.5) - https:\/\/yoast.com\/product\/yoast-seo-premium-wordpress\/ -->\n<title>Tribunal judiciaire de Mesnil-Amelot, le 27 septembre 2025, n\u00b025\/03820 - Ma\u00eetre Hassan Kohen, avocat en droit p\u00e9nal \u00e0 Paris<\/title>\n<meta name=\"description\" content=\"Le tribunal judiciaire du Mesnil-Amelot, statuant le 27 septembre 2025, examine une requ\u00eate en troisi\u00e8me prolongation de r\u00e9tention administrative. L\u2019int\u00e9ress...\" \/>\n<meta name=\"robots\" content=\"index, follow, max-snippet:-1, max-image-preview:large, max-video-preview:-1\" \/>\n<link rel=\"canonical\" href=\"https:\/\/kohenavocats.com\/tr\/tribunal-judiciaire-de-mesnil-amelot-le-27-septembre-2025-n25-03820\/\" \/>\n<meta property=\"og:locale\" content=\"tr_TR\" \/>\n<meta property=\"og:type\" content=\"article\" \/>\n<meta property=\"og:title\" content=\"Tribunal judiciaire de Mesnil-Amelot, le 27 septembre 2025, n\u00b025\/03820\" \/>\n<meta property=\"og:description\" content=\"Le tribunal judiciaire du Mesnil-Amelot, statuant le 27 septembre 2025, examine une requ\u00eate en troisi\u00e8me prolongation de r\u00e9tention administrative. L\u2019int\u00e9ress...\" \/>\n<meta property=\"og:url\" content=\"https:\/\/kohenavocats.com\/tr\/tribunal-judiciaire-de-mesnil-amelot-le-27-septembre-2025-n25-03820\/\" \/>\n<meta property=\"og:site_name\" content=\"Ma\u00eetre Hassan Kohen, avocat en droit p\u00e9nal \u00e0 Paris\" \/>\n<meta property=\"article:published_time\" content=\"2026-04-23T10:37:11+00:00\" \/>\n<meta property=\"og:image\" content=\"https:\/\/kohenavocats.com\/wp-content\/uploads\/2024\/11\/getty-images-UzSgkFUhmVc-unsplash.webp\" \/>\n\t<meta property=\"og:image:width\" content=\"6000\" \/>\n\t<meta property=\"og:image:height\" content=\"4500\" \/>\n\t<meta property=\"og:image:type\" content=\"image\/webp\" \/>\n<meta name=\"author\" content=\"Kohen\" \/>\n<meta name=\"twitter:card\" content=\"summary_large_image\" \/>\n<meta name=\"twitter:label1\" content=\"Yazan:\" \/>\n\t<meta name=\"twitter:data1\" content=\"Kohen\" \/>\n\t<meta name=\"twitter:label2\" content=\"Tahmini okuma s\u00fcresi\" \/>\n\t<meta name=\"twitter:data2\" content=\"4 dakika\" \/>\n<script type=\"application\/ld+json\" class=\"yoast-schema-graph\">{\"@context\":\"https:\\\/\\\/schema.org\",\"@graph\":[{\"@type\":\"Article\",\"@id\":\"https:\\\/\\\/kohenavocats.com\\\/tr\\\/tribunal-judiciaire-de-mesnil-amelot-le-27-septembre-2025-n25-03820\\\/#article\",\"isPartOf\":{\"@id\":\"https:\\\/\\\/kohenavocats.com\\\/tr\\\/tribunal-judiciaire-de-mesnil-amelot-le-27-septembre-2025-n25-03820\\\/\"},\"author\":{\"name\":\"Kohen\",\"@id\":\"https:\\\/\\\/kohenavocats.com\\\/tr\\\/#\\\/schema\\\/person\\\/761c9ba54fa1ca84d405cef0831ff751\"},\"headline\":\"Tribunal judiciaire de Mesnil-Amelot, le 27 septembre 2025, n\u00b025\\\/03820\",\"datePublished\":\"2026-04-23T10:37:11+00:00\",\"mainEntityOfPage\":{\"@id\":\"https:\\\/\\\/kohenavocats.com\\\/tr\\\/tribunal-judiciaire-de-mesnil-amelot-le-27-septembre-2025-n25-03820\\\/\"},\"wordCount\":816,\"commentCount\":0,\"publisher\":{\"@id\":\"https:\\\/\\\/kohenavocats.com\\\/tr\\\/#organization\"},\"image\":{\"@id\":\"https:\\\/\\\/kohenavocats.com\\\/tr\\\/tribunal-judiciaire-de-mesnil-amelot-le-27-septembre-2025-n25-03820\\\/#primaryimage\"},\"thumbnailUrl\":\"https:\\\/\\\/kohenavocats.com\\\/wp-content\\\/uploads\\\/2024\\\/11\\\/getty-images-UzSgkFUhmVc-unsplash.webp\",\"articleSection\":[\"Jurisprudence\"],\"inLanguage\":\"tr\",\"potentialAction\":[{\"@type\":\"CommentAction\",\"name\":\"Comment\",\"target\":[\"https:\\\/\\\/kohenavocats.com\\\/tr\\\/tribunal-judiciaire-de-mesnil-amelot-le-27-septembre-2025-n25-03820\\\/#respond\"]}],\"citation\":\"Tribunal judiciaire de Mesnil-Amelot, le 27 septembre 2025, n\u00b025\\\/03820\",\"about\":[{\"@type\":\"Thing\",\"name\":\"Jurisprudence\"}],\"dateModified\":\"2026-04-23T10:37:11+00:00\",\"speakable\":{\"@type\":\"SpeakableSpecification\",\"cssSelector\":[\".article-content > p:first-of-type\"]}},{\"@type\":\"WebPage\",\"@id\":\"https:\\\/\\\/kohenavocats.com\\\/tr\\\/tribunal-judiciaire-de-mesnil-amelot-le-27-septembre-2025-n25-03820\\\/\",\"url\":\"https:\\\/\\\/kohenavocats.com\\\/tr\\\/tribunal-judiciaire-de-mesnil-amelot-le-27-septembre-2025-n25-03820\\\/\",\"name\":\"Tribunal judiciaire de Mesnil-Amelot, le 27 septembre 2025, n\u00b025\\\/03820 - Ma\u00eetre Hassan Kohen, avocat en droit p\u00e9nal \u00e0 Paris\",\"isPartOf\":{\"@id\":\"https:\\\/\\\/kohenavocats.com\\\/tr\\\/#website\"},\"primaryImageOfPage\":{\"@id\":\"https:\\\/\\\/kohenavocats.com\\\/tr\\\/tribunal-judiciaire-de-mesnil-amelot-le-27-septembre-2025-n25-03820\\\/#primaryimage\"},\"image\":{\"@id\":\"https:\\\/\\\/kohenavocats.com\\\/tr\\\/tribunal-judiciaire-de-mesnil-amelot-le-27-septembre-2025-n25-03820\\\/#primaryimage\"},\"thumbnailUrl\":\"https:\\\/\\\/kohenavocats.com\\\/wp-content\\\/uploads\\\/2024\\\/11\\\/getty-images-UzSgkFUhmVc-unsplash.webp\",\"datePublished\":\"2026-04-23T10:37:11+00:00\",\"description\":\"Le tribunal judiciaire du Mesnil-Amelot, statuant le 27 septembre 2025, examine une requ\u00eate en troisi\u00e8me prolongation de r\u00e9tention administrative. L\u2019int\u00e9ress...\",\"breadcrumb\":{\"@id\":\"https:\\\/\\\/kohenavocats.com\\\/tr\\\/tribunal-judiciaire-de-mesnil-amelot-le-27-septembre-2025-n25-03820\\\/#breadcrumb\"},\"inLanguage\":\"tr\",\"potentialAction\":[{\"@type\":\"ReadAction\",\"target\":[\"https:\\\/\\\/kohenavocats.com\\\/tr\\\/tribunal-judiciaire-de-mesnil-amelot-le-27-septembre-2025-n25-03820\\\/\"]}]},{\"@type\":\"ImageObject\",\"inLanguage\":\"tr\",\"@id\":\"https:\\\/\\\/kohenavocats.com\\\/tr\\\/tribunal-judiciaire-de-mesnil-amelot-le-27-septembre-2025-n25-03820\\\/#primaryimage\",\"url\":\"https:\\\/\\\/kohenavocats.com\\\/wp-content\\\/uploads\\\/2024\\\/11\\\/getty-images-UzSgkFUhmVc-unsplash.webp\",\"contentUrl\":\"https:\\\/\\\/kohenavocats.com\\\/wp-content\\\/uploads\\\/2024\\\/11\\\/getty-images-UzSgkFUhmVc-unsplash.webp\",\"width\":6000,\"height\":4500},{\"@type\":\"BreadcrumbList\",\"@id\":\"https:\\\/\\\/kohenavocats.com\\\/tr\\\/tribunal-judiciaire-de-mesnil-amelot-le-27-septembre-2025-n25-03820\\\/#breadcrumb\",\"itemListElement\":[{\"@type\":\"ListItem\",\"position\":1,\"name\":\"Home\",\"item\":\"https:\\\/\\\/kohenavocats.com\\\/tr\\\/avocats-en-droit-penal-a-paris-conseil-et-defense-strategique\\\/\"},{\"@type\":\"ListItem\",\"position\":2,\"name\":\"Tribunal judiciaire de Mesnil-Amelot, le 27 septembre 2025, n\u00b025\\\/03820\"}]},{\"@type\":\"WebSite\",\"@id\":\"https:\\\/\\\/kohenavocats.com\\\/tr\\\/#website\",\"url\":\"https:\\\/\\\/kohenavocats.com\\\/tr\\\/\",\"name\":\"Kohen Avocats\",\"description\":\"Ma\u00eetre Hassan Kohen, avocat p\u00e9naliste \u00e0 Paris, intervient exclusivement en droit p\u00e9nal pour la d\u00e9fense des particuliers, notamment en mati\u00e8re d\u2019accusations de viol. Il assure un accompagnement rigoureux d\u00e8s la garde \u00e0 vue jusqu\u2019\u00e0 la Cour d\u2019assises, veillant au strict respect des garanties proc\u00e9durales.\",\"publisher\":{\"@id\":\"https:\\\/\\\/kohenavocats.com\\\/tr\\\/#organization\"},\"potentialAction\":[{\"@type\":\"SearchAction\",\"target\":{\"@type\":\"EntryPoint\",\"urlTemplate\":\"https:\\\/\\\/kohenavocats.com\\\/tr\\\/?s={search_term_string}\"},\"query-input\":{\"@type\":\"PropertyValueSpecification\",\"valueRequired\":true,\"valueName\":\"search_term_string\"}}],\"inLanguage\":\"tr\"},{\"@type\":\"Organization\",\"@id\":\"https:\\\/\\\/kohenavocats.com\\\/tr\\\/#organization\",\"name\":\"Kohen Avocats\",\"url\":\"https:\\\/\\\/kohenavocats.com\\\/tr\\\/\",\"logo\":{\"@type\":\"ImageObject\",\"inLanguage\":\"tr\",\"@id\":\"https:\\\/\\\/kohenavocats.com\\\/tr\\\/#\\\/schema\\\/logo\\\/image\\\/\",\"url\":\"https:\\\/\\\/kohenavocats.com\\\/wp-content\\\/uploads\\\/2026\\\/01\\\/Logo-2-1.webp\",\"contentUrl\":\"https:\\\/\\\/kohenavocats.com\\\/wp-content\\\/uploads\\\/2026\\\/01\\\/Logo-2-1.webp\",\"width\":2114,\"height\":1253,\"caption\":\"Kohen Avocats\"},\"image\":{\"@id\":\"https:\\\/\\\/kohenavocats.com\\\/tr\\\/#\\\/schema\\\/logo\\\/image\\\/\"}},{\"@type\":\"Person\",\"@id\":\"https:\\\/\\\/kohenavocats.com\\\/tr\\\/#\\\/schema\\\/person\\\/761c9ba54fa1ca84d405cef0831ff751\",\"name\":\"Kohen\",\"image\":{\"@type\":\"ImageObject\",\"inLanguage\":\"tr\",\"@id\":\"https:\\\/\\\/secure.gravatar.com\\\/avatar\\\/1c5e76ef76bbbfdd2b4da984e2bf2fa4056fd51a27d25ce2c332047f1dfd6e00?s=96&d=identicon&r=g\",\"url\":\"https:\\\/\\\/secure.gravatar.com\\\/avatar\\\/1c5e76ef76bbbfdd2b4da984e2bf2fa4056fd51a27d25ce2c332047f1dfd6e00?s=96&d=identicon&r=g\",\"contentUrl\":\"https:\\\/\\\/secure.gravatar.com\\\/avatar\\\/1c5e76ef76bbbfdd2b4da984e2bf2fa4056fd51a27d25ce2c332047f1dfd6e00?s=96&d=identicon&r=g\",\"caption\":\"Kohen\"},\"sameAs\":[\"https:\\\/\\\/www.linkedin.com\\\/in\\\/hassan-kohen-448548192\\\/\",\"https:\\\/\\\/www.youtube.com\\\/@Kohen-Avocats\"],\"url\":\"https:\\\/\\\/kohenavocats.com\\\/tr\\\/author\\\/kohenmlk\\\/\"}]}<\/script>\n<!-- \/ Yoast SEO Premium plugin. -->","yoast_head_json":{"title":"Tribunal judiciaire de Mesnil-Amelot, le 27 septembre 2025, n\u00b025\/03820 - Ma\u00eetre Hassan Kohen, avocat en droit p\u00e9nal \u00e0 Paris","description":"Le tribunal judiciaire du Mesnil-Amelot, statuant le 27 septembre 2025, examine une requ\u00eate en troisi\u00e8me prolongation de r\u00e9tention administrative. L\u2019int\u00e9ress...","robots":{"index":"index","follow":"follow","max-snippet":"max-snippet:-1","max-image-preview":"max-image-preview:large","max-video-preview":"max-video-preview:-1"},"canonical":"https:\/\/kohenavocats.com\/tr\/tribunal-judiciaire-de-mesnil-amelot-le-27-septembre-2025-n25-03820\/","og_locale":"tr_TR","og_type":"article","og_title":"Tribunal judiciaire de Mesnil-Amelot, le 27 septembre 2025, n\u00b025\/03820","og_description":"Le tribunal judiciaire du Mesnil-Amelot, statuant le 27 septembre 2025, examine une requ\u00eate en troisi\u00e8me prolongation de r\u00e9tention administrative. L\u2019int\u00e9ress...","og_url":"https:\/\/kohenavocats.com\/tr\/tribunal-judiciaire-de-mesnil-amelot-le-27-septembre-2025-n25-03820\/","og_site_name":"Ma\u00eetre Hassan Kohen, avocat en droit p\u00e9nal \u00e0 Paris","article_published_time":"2026-04-23T10:37:11+00:00","og_image":[{"width":6000,"height":4500,"url":"https:\/\/kohenavocats.com\/wp-content\/uploads\/2024\/11\/getty-images-UzSgkFUhmVc-unsplash.webp","type":"image\/webp"}],"author":"Kohen","twitter_card":"summary_large_image","twitter_misc":{"Yazan:":"Kohen","Tahmini okuma s\u00fcresi":"4 dakika"},"schema":{"@context":"https:\/\/schema.org","@graph":[{"@type":"Article","@id":"https:\/\/kohenavocats.com\/tr\/tribunal-judiciaire-de-mesnil-amelot-le-27-septembre-2025-n25-03820\/#article","isPartOf":{"@id":"https:\/\/kohenavocats.com\/tr\/tribunal-judiciaire-de-mesnil-amelot-le-27-septembre-2025-n25-03820\/"},"author":{"name":"Kohen","@id":"https:\/\/kohenavocats.com\/tr\/#\/schema\/person\/761c9ba54fa1ca84d405cef0831ff751"},"headline":"Tribunal judiciaire de Mesnil-Amelot, le 27 septembre 2025, n\u00b025\/03820","datePublished":"2026-04-23T10:37:11+00:00","mainEntityOfPage":{"@id":"https:\/\/kohenavocats.com\/tr\/tribunal-judiciaire-de-mesnil-amelot-le-27-septembre-2025-n25-03820\/"},"wordCount":816,"commentCount":0,"publisher":{"@id":"https:\/\/kohenavocats.com\/tr\/#organization"},"image":{"@id":"https:\/\/kohenavocats.com\/tr\/tribunal-judiciaire-de-mesnil-amelot-le-27-septembre-2025-n25-03820\/#primaryimage"},"thumbnailUrl":"https:\/\/kohenavocats.com\/wp-content\/uploads\/2024\/11\/getty-images-UzSgkFUhmVc-unsplash.webp","articleSection":["Jurisprudence"],"inLanguage":"tr","potentialAction":[{"@type":"CommentAction","name":"Comment","target":["https:\/\/kohenavocats.com\/tr\/tribunal-judiciaire-de-mesnil-amelot-le-27-septembre-2025-n25-03820\/#respond"]}],"citation":"Tribunal judiciaire de Mesnil-Amelot, le 27 septembre 2025, n\u00b025\/03820","about":[{"@type":"Thing","name":"Jurisprudence"}],"dateModified":"2026-04-23T10:37:11+00:00","speakable":{"@type":"SpeakableSpecification","cssSelector":[".article-content > p:first-of-type"]}},{"@type":"WebPage","@id":"https:\/\/kohenavocats.com\/tr\/tribunal-judiciaire-de-mesnil-amelot-le-27-septembre-2025-n25-03820\/","url":"https:\/\/kohenavocats.com\/tr\/tribunal-judiciaire-de-mesnil-amelot-le-27-septembre-2025-n25-03820\/","name":"Tribunal judiciaire de Mesnil-Amelot, le 27 septembre 2025, n\u00b025\/03820 - Ma\u00eetre Hassan Kohen, avocat en droit p\u00e9nal \u00e0 Paris","isPartOf":{"@id":"https:\/\/kohenavocats.com\/tr\/#website"},"primaryImageOfPage":{"@id":"https:\/\/kohenavocats.com\/tr\/tribunal-judiciaire-de-mesnil-amelot-le-27-septembre-2025-n25-03820\/#primaryimage"},"image":{"@id":"https:\/\/kohenavocats.com\/tr\/tribunal-judiciaire-de-mesnil-amelot-le-27-septembre-2025-n25-03820\/#primaryimage"},"thumbnailUrl":"https:\/\/kohenavocats.com\/wp-content\/uploads\/2024\/11\/getty-images-UzSgkFUhmVc-unsplash.webp","datePublished":"2026-04-23T10:37:11+00:00","description":"Le tribunal judiciaire du Mesnil-Amelot, statuant le 27 septembre 2025, examine une requ\u00eate en troisi\u00e8me prolongation de r\u00e9tention administrative. L\u2019int\u00e9ress...","breadcrumb":{"@id":"https:\/\/kohenavocats.com\/tr\/tribunal-judiciaire-de-mesnil-amelot-le-27-septembre-2025-n25-03820\/#breadcrumb"},"inLanguage":"tr","potentialAction":[{"@type":"ReadAction","target":["https:\/\/kohenavocats.com\/tr\/tribunal-judiciaire-de-mesnil-amelot-le-27-septembre-2025-n25-03820\/"]}]},{"@type":"ImageObject","inLanguage":"tr","@id":"https:\/\/kohenavocats.com\/tr\/tribunal-judiciaire-de-mesnil-amelot-le-27-septembre-2025-n25-03820\/#primaryimage","url":"https:\/\/kohenavocats.com\/wp-content\/uploads\/2024\/11\/getty-images-UzSgkFUhmVc-unsplash.webp","contentUrl":"https:\/\/kohenavocats.com\/wp-content\/uploads\/2024\/11\/getty-images-UzSgkFUhmVc-unsplash.webp","width":6000,"height":4500},{"@type":"BreadcrumbList","@id":"https:\/\/kohenavocats.com\/tr\/tribunal-judiciaire-de-mesnil-amelot-le-27-septembre-2025-n25-03820\/#breadcrumb","itemListElement":[{"@type":"ListItem","position":1,"name":"Home","item":"https:\/\/kohenavocats.com\/tr\/avocats-en-droit-penal-a-paris-conseil-et-defense-strategique\/"},{"@type":"ListItem","position":2,"name":"Tribunal judiciaire de Mesnil-Amelot, le 27 septembre 2025, n\u00b025\/03820"}]},{"@type":"WebSite","@id":"https:\/\/kohenavocats.com\/tr\/#website","url":"https:\/\/kohenavocats.com\/tr\/","name":"Kohen Avocats","description":"Ma\u00eetre Hassan Kohen, avocat p\u00e9naliste \u00e0 Paris, intervient exclusivement en droit p\u00e9nal pour la d\u00e9fense des particuliers, notamment en mati\u00e8re d\u2019accusations de viol. Il assure un accompagnement rigoureux d\u00e8s la garde \u00e0 vue jusqu\u2019\u00e0 la Cour d\u2019assises, veillant au strict respect des garanties proc\u00e9durales.","publisher":{"@id":"https:\/\/kohenavocats.com\/tr\/#organization"},"potentialAction":[{"@type":"SearchAction","target":{"@type":"EntryPoint","urlTemplate":"https:\/\/kohenavocats.com\/tr\/?s={search_term_string}"},"query-input":{"@type":"PropertyValueSpecification","valueRequired":true,"valueName":"search_term_string"}}],"inLanguage":"tr"},{"@type":"Organization","@id":"https:\/\/kohenavocats.com\/tr\/#organization","name":"Kohen Avocats","url":"https:\/\/kohenavocats.com\/tr\/","logo":{"@type":"ImageObject","inLanguage":"tr","@id":"https:\/\/kohenavocats.com\/tr\/#\/schema\/logo\/image\/","url":"https:\/\/kohenavocats.com\/wp-content\/uploads\/2026\/01\/Logo-2-1.webp","contentUrl":"https:\/\/kohenavocats.com\/wp-content\/uploads\/2026\/01\/Logo-2-1.webp","width":2114,"height":1253,"caption":"Kohen Avocats"},"image":{"@id":"https:\/\/kohenavocats.com\/tr\/#\/schema\/logo\/image\/"}},{"@type":"Person","@id":"https:\/\/kohenavocats.com\/tr\/#\/schema\/person\/761c9ba54fa1ca84d405cef0831ff751","name":"Kohen","image":{"@type":"ImageObject","inLanguage":"tr","@id":"https:\/\/secure.gravatar.com\/avatar\/1c5e76ef76bbbfdd2b4da984e2bf2fa4056fd51a27d25ce2c332047f1dfd6e00?s=96&d=identicon&r=g","url":"https:\/\/secure.gravatar.com\/avatar\/1c5e76ef76bbbfdd2b4da984e2bf2fa4056fd51a27d25ce2c332047f1dfd6e00?s=96&d=identicon&r=g","contentUrl":"https:\/\/secure.gravatar.com\/avatar\/1c5e76ef76bbbfdd2b4da984e2bf2fa4056fd51a27d25ce2c332047f1dfd6e00?s=96&d=identicon&r=g","caption":"Kohen"},"sameAs":["https:\/\/www.linkedin.com\/in\/hassan-kohen-448548192\/","https:\/\/www.youtube.com\/@Kohen-Avocats"],"url":"https:\/\/kohenavocats.com\/tr\/author\/kohenmlk\/"}]}},"jetpack_featured_media_url":"https:\/\/kohenavocats.com\/wp-content\/uploads\/2024\/11\/getty-images-UzSgkFUhmVc-unsplash.webp","jetpack_likes_enabled":false,"jetpack_shortlink":"https:\/\/wp.me\/peCrII-2Lse","jetpack-related-posts":[{"id":749999,"url":"https:\/\/kohenavocats.com\/tr\/tribunal-judiciaire-de-lyon-le-20-janvier-2026-n26-00219\/","url_meta":{"origin":659074,"position":0},"title":"Tribunal judiciaire de Lyon, le 20 janvier 2026, n\u00b026\/00219","author":"Kohen","date":"29 Nisan 2026","format":false,"excerpt":"Le tribunal judiciaire de Lyon, par une ordonnance du 20 janvier 2026, a refus\u00e9 une troisi\u00e8me prolongation de la r\u00e9tention administrative d\u2019un ressortissant ...","rel":"","context":"&quot;Jurisprudence&quot; i\u00e7inde","block_context":{"text":"Jurisprudence","link":"https:\/\/kohenavocats.com\/category\/jurisprudence\/"},"img":{"alt_text":"","src":"https:\/\/i0.wp.com\/kohenavocats.com\/wp-content\/uploads\/2024\/07\/beatriz-perez-moya-XN4T2PVUUgk-unsplash.webp?resize=350%2C200&ssl=1","width":350,"height":200,"srcset":"https:\/\/i0.wp.com\/kohenavocats.com\/wp-content\/uploads\/2024\/07\/beatriz-perez-moya-XN4T2PVUUgk-unsplash.webp?resize=350%2C200&ssl=1 1x, https:\/\/i0.wp.com\/kohenavocats.com\/wp-content\/uploads\/2024\/07\/beatriz-perez-moya-XN4T2PVUUgk-unsplash.webp?resize=525%2C300&ssl=1 1.5x, https:\/\/i0.wp.com\/kohenavocats.com\/wp-content\/uploads\/2024\/07\/beatriz-perez-moya-XN4T2PVUUgk-unsplash.webp?resize=700%2C400&ssl=1 2x, https:\/\/i0.wp.com\/kohenavocats.com\/wp-content\/uploads\/2024\/07\/beatriz-perez-moya-XN4T2PVUUgk-unsplash.webp?resize=1050%2C600&ssl=1 3x, https:\/\/i0.wp.com\/kohenavocats.com\/wp-content\/uploads\/2024\/07\/beatriz-perez-moya-XN4T2PVUUgk-unsplash.webp?resize=1400%2C800&ssl=1 4x"},"classes":[]},{"id":642650,"url":"https:\/\/kohenavocats.com\/tr\/tribunal-judiciaire-de-mesnil-amelot-le-8-octobre-2025-n25-04006\/","url_meta":{"origin":659074,"position":1},"title":"Tribunal judiciaire de Mesnil-Amelot, le 8 octobre 2025, n\u00b025\/04006","author":"Kohen","date":"22 Nisan 2026","format":false,"excerpt":"Le tribunal judiciaire du Mesnil-Amelot, le 8 octobre 2025, statue sur une requ\u00eate pr\u00e9fectorale visant \u00e0 obtenir une troisi\u00e8me prolongation exceptionnelle d'...","rel":"","context":"&quot;Jurisprudence&quot; i\u00e7inde","block_context":{"text":"Jurisprudence","link":"https:\/\/kohenavocats.com\/category\/jurisprudence\/"},"img":{"alt_text":"","src":"https:\/\/i0.wp.com\/kohenavocats.com\/wp-content\/uploads\/2024\/08\/luke-michael-DUV8TJtD2QY-unsplash-1.webp?resize=350%2C200&ssl=1","width":350,"height":200,"srcset":"https:\/\/i0.wp.com\/kohenavocats.com\/wp-content\/uploads\/2024\/08\/luke-michael-DUV8TJtD2QY-unsplash-1.webp?resize=350%2C200&ssl=1 1x, https:\/\/i0.wp.com\/kohenavocats.com\/wp-content\/uploads\/2024\/08\/luke-michael-DUV8TJtD2QY-unsplash-1.webp?resize=525%2C300&ssl=1 1.5x, https:\/\/i0.wp.com\/kohenavocats.com\/wp-content\/uploads\/2024\/08\/luke-michael-DUV8TJtD2QY-unsplash-1.webp?resize=700%2C400&ssl=1 2x, https:\/\/i0.wp.com\/kohenavocats.com\/wp-content\/uploads\/2024\/08\/luke-michael-DUV8TJtD2QY-unsplash-1.webp?resize=1050%2C600&ssl=1 3x, https:\/\/i0.wp.com\/kohenavocats.com\/wp-content\/uploads\/2024\/08\/luke-michael-DUV8TJtD2QY-unsplash-1.webp?resize=1400%2C800&ssl=1 4x"},"classes":[]},{"id":750069,"url":"https:\/\/kohenavocats.com\/tr\/tribunal-judiciaire-de-havre-le-20-janvier-2026-n26-00076\/","url_meta":{"origin":659074,"position":2},"title":"Tribunal judiciaire de Havre, le 20 janvier 2026, n\u00b026\/00076","author":"Kohen","date":"29 Nisan 2026","format":false,"excerpt":"Le Tribunal judiciaire du Havre, statuant par son juge d\u00e9l\u00e9gu\u00e9 le 20 janvier 2026, a ordonn\u00e9 la mainlev\u00e9e d'une mesure d'isolement. Un patient, hospitalis\u00e9 s...","rel":"","context":"&quot;Jurisprudence&quot; i\u00e7inde","block_context":{"text":"Jurisprudence","link":"https:\/\/kohenavocats.com\/category\/jurisprudence\/"},"img":{"alt_text":"","src":"https:\/\/i0.wp.com\/kohenavocats.com\/wp-content\/uploads\/2024\/08\/julio-wolf-OG1cF0cWPfo-unsplash.webp?resize=350%2C200&ssl=1","width":350,"height":200,"srcset":"https:\/\/i0.wp.com\/kohenavocats.com\/wp-content\/uploads\/2024\/08\/julio-wolf-OG1cF0cWPfo-unsplash.webp?resize=350%2C200&ssl=1 1x, https:\/\/i0.wp.com\/kohenavocats.com\/wp-content\/uploads\/2024\/08\/julio-wolf-OG1cF0cWPfo-unsplash.webp?resize=525%2C300&ssl=1 1.5x, https:\/\/i0.wp.com\/kohenavocats.com\/wp-content\/uploads\/2024\/08\/julio-wolf-OG1cF0cWPfo-unsplash.webp?resize=700%2C400&ssl=1 2x, https:\/\/i0.wp.com\/kohenavocats.com\/wp-content\/uploads\/2024\/08\/julio-wolf-OG1cF0cWPfo-unsplash.webp?resize=1050%2C600&ssl=1 3x, https:\/\/i0.wp.com\/kohenavocats.com\/wp-content\/uploads\/2024\/08\/julio-wolf-OG1cF0cWPfo-unsplash.webp?resize=1400%2C800&ssl=1 4x"},"classes":[]},{"id":750054,"url":"https:\/\/kohenavocats.com\/tr\/tribunal-judiciaire-de-lyon-le-16-janvier-2026-n26-00214\/","url_meta":{"origin":659074,"position":3},"title":"Tribunal judiciaire de Lyon, le 16 janvier 2026, n\u00b026\/00214","author":"Kohen","date":"29 Nisan 2026","format":false,"excerpt":"Le 20 janvier 2026, le juge du tribunal judiciaire de Lyon a statu\u00e9 sur une premi\u00e8re demande de prolongation de r\u00e9tention administrative. Un ressortissant al...","rel":"","context":"&quot;Jurisprudence&quot; i\u00e7inde","block_context":{"text":"Jurisprudence","link":"https:\/\/kohenavocats.com\/category\/jurisprudence\/"},"img":{"alt_text":"","src":"https:\/\/i0.wp.com\/kohenavocats.com\/wp-content\/uploads\/2024\/08\/andre-benz-AiORnUT6sC0-unsplash.webp?resize=350%2C200&ssl=1","width":350,"height":200,"srcset":"https:\/\/i0.wp.com\/kohenavocats.com\/wp-content\/uploads\/2024\/08\/andre-benz-AiORnUT6sC0-unsplash.webp?resize=350%2C200&ssl=1 1x, https:\/\/i0.wp.com\/kohenavocats.com\/wp-content\/uploads\/2024\/08\/andre-benz-AiORnUT6sC0-unsplash.webp?resize=525%2C300&ssl=1 1.5x, https:\/\/i0.wp.com\/kohenavocats.com\/wp-content\/uploads\/2024\/08\/andre-benz-AiORnUT6sC0-unsplash.webp?resize=700%2C400&ssl=1 2x, https:\/\/i0.wp.com\/kohenavocats.com\/wp-content\/uploads\/2024\/08\/andre-benz-AiORnUT6sC0-unsplash.webp?resize=1050%2C600&ssl=1 3x, https:\/\/i0.wp.com\/kohenavocats.com\/wp-content\/uploads\/2024\/08\/andre-benz-AiORnUT6sC0-unsplash.webp?resize=1400%2C800&ssl=1 4x"},"classes":[]},{"id":642645,"url":"https:\/\/kohenavocats.com\/tr\/tribunal-judiciaire-de-mesnil-amelot-le-7-octobre-2025-n25-04003\/","url_meta":{"origin":659074,"position":4},"title":"Tribunal judiciaire de Mesnil-Amelot, le 7 octobre 2025, n\u00b025\/04003","author":"Kohen","date":"22 Nisan 2026","format":false,"excerpt":"Le tribunal judiciaire du Mesnil-Amelot, statuant le 7 octobre 2025, examine un recours contre un arr\u00eat\u00e9 de placement en r\u00e9tention et une requ\u00eate en prolonga...","rel":"","context":"&quot;Jurisprudence&quot; i\u00e7inde","block_context":{"text":"Jurisprudence","link":"https:\/\/kohenavocats.com\/category\/jurisprudence\/"},"img":{"alt_text":"","src":"https:\/\/i0.wp.com\/kohenavocats.com\/wp-content\/uploads\/2024\/08\/robert-bye-6uqWm003xj0-unsplash.webp?resize=350%2C200&ssl=1","width":350,"height":200,"srcset":"https:\/\/i0.wp.com\/kohenavocats.com\/wp-content\/uploads\/2024\/08\/robert-bye-6uqWm003xj0-unsplash.webp?resize=350%2C200&ssl=1 1x, https:\/\/i0.wp.com\/kohenavocats.com\/wp-content\/uploads\/2024\/08\/robert-bye-6uqWm003xj0-unsplash.webp?resize=525%2C300&ssl=1 1.5x, https:\/\/i0.wp.com\/kohenavocats.com\/wp-content\/uploads\/2024\/08\/robert-bye-6uqWm003xj0-unsplash.webp?resize=700%2C400&ssl=1 2x, https:\/\/i0.wp.com\/kohenavocats.com\/wp-content\/uploads\/2024\/08\/robert-bye-6uqWm003xj0-unsplash.webp?resize=1050%2C600&ssl=1 3x, https:\/\/i0.wp.com\/kohenavocats.com\/wp-content\/uploads\/2024\/08\/robert-bye-6uqWm003xj0-unsplash.webp?resize=1400%2C800&ssl=1 4x"},"classes":[]},{"id":642649,"url":"https:\/\/kohenavocats.com\/tr\/tribunal-judiciaire-de-mesnil-amelot-le-8-octobre-2025-n25-04001\/","url_meta":{"origin":659074,"position":5},"title":"Tribunal judiciaire de Mesnil-Amelot, le 8 octobre 2025, n\u00b025\/04001","author":"Kohen","date":"22 Nisan 2026","format":false,"excerpt":"Le tribunal judiciaire du Mesnil-Amelot, statuant le 8 octobre 2025, examine une demande de seconde prolongation de r\u00e9tention administrative. La mesure d'\u00e9lo...","rel":"","context":"&quot;Jurisprudence&quot; i\u00e7inde","block_context":{"text":"Jurisprudence","link":"https:\/\/kohenavocats.com\/category\/jurisprudence\/"},"img":{"alt_text":"","src":"https:\/\/i0.wp.com\/kohenavocats.com\/wp-content\/uploads\/2024\/11\/laura-adai-KfphgU3nUqQ-unsplash.webp?resize=350%2C200&ssl=1","width":350,"height":200,"srcset":"https:\/\/i0.wp.com\/kohenavocats.com\/wp-content\/uploads\/2024\/11\/laura-adai-KfphgU3nUqQ-unsplash.webp?resize=350%2C200&ssl=1 1x, https:\/\/i0.wp.com\/kohenavocats.com\/wp-content\/uploads\/2024\/11\/laura-adai-KfphgU3nUqQ-unsplash.webp?resize=525%2C300&ssl=1 1.5x, https:\/\/i0.wp.com\/kohenavocats.com\/wp-content\/uploads\/2024\/11\/laura-adai-KfphgU3nUqQ-unsplash.webp?resize=700%2C400&ssl=1 2x, https:\/\/i0.wp.com\/kohenavocats.com\/wp-content\/uploads\/2024\/11\/laura-adai-KfphgU3nUqQ-unsplash.webp?resize=1050%2C600&ssl=1 3x, https:\/\/i0.wp.com\/kohenavocats.com\/wp-content\/uploads\/2024\/11\/laura-adai-KfphgU3nUqQ-unsplash.webp?resize=1400%2C800&ssl=1 4x"},"classes":[]}],"jetpack_sharing_enabled":true,"_links":{"self":[{"href":"https:\/\/kohenavocats.com\/tr\/wp-json\/wp\/v2\/posts\/659074","targetHints":{"allow":["GET"]}}],"collection":[{"href":"https:\/\/kohenavocats.com\/tr\/wp-json\/wp\/v2\/posts"}],"about":[{"href":"https:\/\/kohenavocats.com\/tr\/wp-json\/wp\/v2\/types\/post"}],"author":[{"embeddable":true,"href":"https:\/\/kohenavocats.com\/tr\/wp-json\/wp\/v2\/users\/232070755"}],"replies":[{"embeddable":true,"href":"https:\/\/kohenavocats.com\/tr\/wp-json\/wp\/v2\/comments?post=659074"}],"version-history":[{"count":0,"href":"https:\/\/kohenavocats.com\/tr\/wp-json\/wp\/v2\/posts\/659074\/revisions"}],"wp:featuredmedia":[{"embeddable":true,"href":"https:\/\/kohenavocats.com\/tr\/wp-json\/wp\/v2\/media\/9468"}],"wp:attachment":[{"href":"https:\/\/kohenavocats.com\/tr\/wp-json\/wp\/v2\/media?parent=659074"}],"wp:term":[{"taxonomy":"category","embeddable":true,"href":"https:\/\/kohenavocats.com\/tr\/wp-json\/wp\/v2\/categories?post=659074"},{"taxonomy":"post_tag","embeddable":true,"href":"https:\/\/kohenavocats.com\/tr\/wp-json\/wp\/v2\/tags?post=659074"}],"curies":[{"name":"wp","href":"https:\/\/api.w.org\/{rel}","templated":true}]}}