{"id":659082,"date":"2026-04-23T12:37:23","date_gmt":"2026-04-23T10:37:23","guid":{"rendered":"https:\/\/kohenavocats.com\/tribunal-judiciaire-de-mesnil-amelot-le-27-septembre-2025-n25-03817\/"},"modified":"2026-04-23T12:37:23","modified_gmt":"2026-04-23T10:37:23","slug":"tribunal-judiciaire-de-mesnil-amelot-le-27-septembre-2025-n25-03817","status":"publish","type":"post","link":"https:\/\/kohenavocats.com\/tr\/tribunal-judiciaire-de-mesnil-amelot-le-27-septembre-2025-n25-03817\/","title":{"rendered":"Tribunal judiciaire de Mesnil-Amelot, le 27 septembre 2025, n\u00b025\/03817"},"content":{"rendered":"<div class=\"article-content\">\n<p>Le tribunal judiciaire du Mesnil-Amelot, statuant en r\u00e9f\u00e9r\u00e9-libert\u00e9 le 27 septembre 2025, rejette le recours contre un arr\u00eat\u00e9 de placement en r\u00e9tention et ordonne la prolongation de cette mesure. L\u2019autorit\u00e9 administrative fondait sa d\u00e9cision sur une obligation de quitter le territoire fran\u00e7ais non ex\u00e9cut\u00e9e et une menace pour l\u2019ordre public. Le juge examine la l\u00e9galit\u00e9 de la r\u00e9tention au regard des garanties de repr\u00e9sentation et de la proportionnalit\u00e9 de la mesure.<\/p>\n<p>Le contr\u00f4le renforc\u00e9 des conditions l\u00e9gales du placement<\/p>\n<p>L\u2019exigence d\u2019une motivation concr\u00e8te et actuelle de la menace pour l\u2019ordre public<\/p>\n<p>Le juge rappelle que la simple commission d\u2019une infraction ne suffit pas \u00e0 caract\u00e9riser une menace pour l\u2019ordre public. Il exige une appr\u00e9ciation in concreto des faits. &#8220;La menace pour l&#8217;ordre public fait l&#8217;objet d&#8217;une appr\u00e9ciation in concreto, en fonction d&#8217;un faisceau d&#8217;indices&#8221; (Motifs). Cette analyse doit \u00e9valuer la r\u00e9alit\u00e9, la gravit\u00e9 et l\u2019actualit\u00e9 des comportements. La jurisprudence administrative inspire cette approche exigeante pour le juge judiciaire. La port\u00e9e de ce contr\u00f4le est significative car il \u00e9vite une assimilation automatique entre infraction p\u00e9nale et menace administrative. Il impose \u00e0 l\u2019autorit\u00e9 administrative une d\u00e9monstration pr\u00e9cise et contextualis\u00e9e.<\/p>\n<p>La validation r\u00e9troactive du fondement l\u00e9gal issu de la loi du 26 janvier 2024<\/p>\n<p>Le tribunal valide l\u2019application imm\u00e9diate des nouvelles dispositions l\u00e9gales \u00e0 une situation ant\u00e9rieure. Il se fonde sur une interpr\u00e9tation de la loi de 2024 permettant un placement bas\u00e9 sur une obligation de quitter le territoire fran\u00e7ais prise moins de trois ans auparavant. &#8220;Une d\u00e9cision portant obligation de quitter le territoire fran\u00e7ais prise plus d\u2019un an avant la date d\u2019entr\u00e9e en vigueur de la loi du 26 janvier 2024 avec effet imm\u00e9diat peut fonder un placement&#8221; (Motifs). Cette application r\u00e9troactive de la loi plus s\u00e9v\u00e8re est ainsi consacr\u00e9e par le juge. Sa valeur est essentielle pour l\u2019administration, qui peut d\u00e9sormais s\u2019appuyer sur des obligations anciennes non ex\u00e9cut\u00e9es. Cela \u00e9tend consid\u00e9rablement le champ des personnes pouvant faire l\u2019objet d\u2019une r\u00e9tention.<\/p>\n<p>L\u2019appr\u00e9ciation souveraine des garanties de repr\u00e9sentation et de la proportionnalit\u00e9<\/p>\n<p>Le rejet de l\u2019alternative de l\u2019assignation \u00e0 r\u00e9sidence<\/p>\n<p>Le juge estime que l\u2019absence de garanties de repr\u00e9sentation effectives justifie le placement en r\u00e9tention. Il consid\u00e8re que l\u2019assignation \u00e0 r\u00e9sidence n\u2019est pas une mesure suffisante en l\u2019esp\u00e8ce. &#8220;Le pr\u00e9fet n\u2019a pas commis d\u2019erreur manifeste d\u2019appr\u00e9ciation en choisissant de placer en r\u00e9tention l\u2019int\u00e9ress\u00e9 plut\u00f4t que de l\u2019assigner \u00e0 r\u00e9sidence&#8221; (Motifs). L\u2019appr\u00e9ciation des garanties de repr\u00e9sentation rel\u00e8ve ainsi du pouvoir discr\u00e9tionnaire de l\u2019administration, sous contr\u00f4le minimal du juge. Le sens de cette solution est de reconna\u00eetre une large marge d\u2019appr\u00e9ciation \u00e0 l\u2019autorit\u00e9 administrative pour pr\u00e9venir un risque de soustraction. La port\u00e9e en est restrictive pour les libert\u00e9s individuelles, le juge n\u2019exigeant pas une d\u00e9monstration approfondie de l\u2019ineffectivit\u00e9 des garanties.<\/p>\n<p>La confirmation des diligences administratives pour la prolongation de la r\u00e9tention<\/p>\n<p>Le tribunal ordonne la prolongation de la r\u00e9tention apr\u00e8s avoir v\u00e9rifi\u00e9 la r\u00e9alit\u00e9 des pr\u00e9paratifs d\u2019\u00e9loignement. Il rel\u00e8ve l\u2019existence d\u2019un vol programm\u00e9 et l\u2019attente d\u2019un laissez-passer consulaire. &#8220;Un vol pour le Portugal sollicit\u00e9 le 23 septembre 2025 est pr\u00e9vu le 7 octobre 2025&#8221; (Motifs). Le juge v\u00e9rifie ainsi que la r\u00e9tention ne d\u00e9passe pas le temps strictement n\u00e9cessaire \u00e0 l\u2019\u00e9loignement. Cette d\u00e9cision montre que le juge du r\u00e9f\u00e9r\u00e9-libert\u00e9 exerce un contr\u00f4le concret sur la dur\u00e9e de la privation de libert\u00e9. Sa valeur r\u00e9side dans l\u2019\u00e9quilibre entre l\u2019imp\u00e9ratif d\u2019\u00e9loignement et la protection de la libert\u00e9, m\u00eame si le bilan penche ici en faveur de l\u2019administration.<\/p>\n<\/div>\n","protected":false},"excerpt":{"rendered":"<p>Le tribunal judiciaire du Mesnil-Amelot, statuant en r\u00e9f\u00e9r\u00e9-libert\u00e9 le 27 septembre 2025, rejette le recours contre un arr\u00eat\u00e9 de placement en r\u00e9tention et or&#8230;<\/p>\n","protected":false},"author":232070755,"featured_media":4683,"comment_status":"open","ping_status":"open","sticky":false,"template":"","format":"standard","meta":{"_crdt_document":"","_jetpack_newsletter_access":"","_jetpack_dont_email_post_to_subs":false,"_jetpack_newsletter_tier_id":0,"_jetpack_memberships_contains_paywalled_content":false,"_kj_source_type":"judilibre","_kj_official_id":"68dd804c548223b2c7ac05a0","_kj_official_url":"https:\/\/www.courdecassation.fr\/decision\/68dd804c548223b2c7ac05a0","_kj_judilibre_id":"68dd804c548223b2c7ac05a0","_kj_jur":"Tribunal judiciaire","_kj_lieu":"Tribunal judiciaire de Meaux","_kj_chambre":"JLD","_kj_rg":"25\/03817","_kj_date":"2025-09-27","_jetpack_memberships_contains_paid_content":false,"footnotes":"","jetpack_post_was_ever_published":false},"categories":[7597],"tags":[],"class_list":["post-659082","post","type-post","status-publish","format-standard","has-post-thumbnail","hentry","category-jurisprudence"],"yoast_head":"<!-- This site is optimized with the Yoast SEO Premium plugin v27.5 (Yoast SEO v27.5) - https:\/\/yoast.com\/product\/yoast-seo-premium-wordpress\/ -->\n<title>Tribunal judiciaire de Mesnil-Amelot, le 27 septembre 2025, n\u00b025\/03817 - Ma\u00eetre Hassan Kohen, avocat en droit p\u00e9nal \u00e0 Paris<\/title>\n<meta name=\"description\" content=\"Le tribunal judiciaire du Mesnil-Amelot, statuant en r\u00e9f\u00e9r\u00e9-libert\u00e9 le 27 septembre 2025, rejette le recours contre un arr\u00eat\u00e9 de placement en r\u00e9tention et or...\" \/>\n<meta name=\"robots\" content=\"index, follow, max-snippet:-1, max-image-preview:large, max-video-preview:-1\" \/>\n<link rel=\"canonical\" href=\"https:\/\/kohenavocats.com\/tr\/tribunal-judiciaire-de-mesnil-amelot-le-27-septembre-2025-n25-03817\/\" \/>\n<meta property=\"og:locale\" content=\"tr_TR\" \/>\n<meta property=\"og:type\" content=\"article\" \/>\n<meta property=\"og:title\" content=\"Tribunal judiciaire de Mesnil-Amelot, le 27 septembre 2025, n\u00b025\/03817\" \/>\n<meta property=\"og:description\" content=\"Le tribunal judiciaire du Mesnil-Amelot, statuant en r\u00e9f\u00e9r\u00e9-libert\u00e9 le 27 septembre 2025, rejette le recours contre un arr\u00eat\u00e9 de placement en r\u00e9tention et or...\" \/>\n<meta property=\"og:url\" content=\"https:\/\/kohenavocats.com\/tr\/tribunal-judiciaire-de-mesnil-amelot-le-27-septembre-2025-n25-03817\/\" \/>\n<meta property=\"og:site_name\" content=\"Ma\u00eetre Hassan Kohen, avocat en droit p\u00e9nal \u00e0 Paris\" \/>\n<meta property=\"article:published_time\" content=\"2026-04-23T10:37:23+00:00\" \/>\n<meta property=\"og:image\" content=\"https:\/\/kohenavocats.com\/wp-content\/uploads\/2024\/08\/joshua-rawson-harris-WLXkaubn0Ig-unsplash.webp\" \/>\n\t<meta property=\"og:image:width\" content=\"6000\" \/>\n\t<meta property=\"og:image:height\" content=\"4000\" \/>\n\t<meta property=\"og:image:type\" content=\"image\/webp\" \/>\n<meta name=\"author\" content=\"Kohen\" \/>\n<meta name=\"twitter:card\" content=\"summary_large_image\" \/>\n<meta name=\"twitter:label1\" content=\"Yazan:\" \/>\n\t<meta name=\"twitter:data1\" content=\"Kohen\" \/>\n\t<meta name=\"twitter:label2\" content=\"Tahmini okuma s\u00fcresi\" \/>\n\t<meta name=\"twitter:data2\" content=\"3 dakika\" \/>\n<script type=\"application\/ld+json\" class=\"yoast-schema-graph\">{\"@context\":\"https:\\\/\\\/schema.org\",\"@graph\":[{\"@type\":\"Article\",\"@id\":\"https:\\\/\\\/kohenavocats.com\\\/tr\\\/tribunal-judiciaire-de-mesnil-amelot-le-27-septembre-2025-n25-03817\\\/#article\",\"isPartOf\":{\"@id\":\"https:\\\/\\\/kohenavocats.com\\\/tr\\\/tribunal-judiciaire-de-mesnil-amelot-le-27-septembre-2025-n25-03817\\\/\"},\"author\":{\"name\":\"Kohen\",\"@id\":\"https:\\\/\\\/kohenavocats.com\\\/tr\\\/#\\\/schema\\\/person\\\/761c9ba54fa1ca84d405cef0831ff751\"},\"headline\":\"Tribunal judiciaire de Mesnil-Amelot, le 27 septembre 2025, n\u00b025\\\/03817\",\"datePublished\":\"2026-04-23T10:37:23+00:00\",\"mainEntityOfPage\":{\"@id\":\"https:\\\/\\\/kohenavocats.com\\\/tr\\\/tribunal-judiciaire-de-mesnil-amelot-le-27-septembre-2025-n25-03817\\\/\"},\"wordCount\":688,\"commentCount\":0,\"publisher\":{\"@id\":\"https:\\\/\\\/kohenavocats.com\\\/tr\\\/#organization\"},\"image\":{\"@id\":\"https:\\\/\\\/kohenavocats.com\\\/tr\\\/tribunal-judiciaire-de-mesnil-amelot-le-27-septembre-2025-n25-03817\\\/#primaryimage\"},\"thumbnailUrl\":\"https:\\\/\\\/kohenavocats.com\\\/wp-content\\\/uploads\\\/2024\\\/08\\\/joshua-rawson-harris-WLXkaubn0Ig-unsplash.webp\",\"articleSection\":[\"Jurisprudence\"],\"inLanguage\":\"tr\",\"potentialAction\":[{\"@type\":\"CommentAction\",\"name\":\"Comment\",\"target\":[\"https:\\\/\\\/kohenavocats.com\\\/tr\\\/tribunal-judiciaire-de-mesnil-amelot-le-27-septembre-2025-n25-03817\\\/#respond\"]}],\"citation\":\"Tribunal judiciaire de Mesnil-Amelot, le 27 septembre 2025, n\u00b025\\\/03817\",\"about\":[{\"@type\":\"Thing\",\"name\":\"Jurisprudence\"}],\"dateModified\":\"2026-04-23T10:37:23+00:00\",\"speakable\":{\"@type\":\"SpeakableSpecification\",\"cssSelector\":[\".article-content > p:first-of-type\"]}},{\"@type\":\"WebPage\",\"@id\":\"https:\\\/\\\/kohenavocats.com\\\/tr\\\/tribunal-judiciaire-de-mesnil-amelot-le-27-septembre-2025-n25-03817\\\/\",\"url\":\"https:\\\/\\\/kohenavocats.com\\\/tr\\\/tribunal-judiciaire-de-mesnil-amelot-le-27-septembre-2025-n25-03817\\\/\",\"name\":\"Tribunal judiciaire de Mesnil-Amelot, le 27 septembre 2025, n\u00b025\\\/03817 - Ma\u00eetre Hassan Kohen, avocat en droit p\u00e9nal \u00e0 Paris\",\"isPartOf\":{\"@id\":\"https:\\\/\\\/kohenavocats.com\\\/tr\\\/#website\"},\"primaryImageOfPage\":{\"@id\":\"https:\\\/\\\/kohenavocats.com\\\/tr\\\/tribunal-judiciaire-de-mesnil-amelot-le-27-septembre-2025-n25-03817\\\/#primaryimage\"},\"image\":{\"@id\":\"https:\\\/\\\/kohenavocats.com\\\/tr\\\/tribunal-judiciaire-de-mesnil-amelot-le-27-septembre-2025-n25-03817\\\/#primaryimage\"},\"thumbnailUrl\":\"https:\\\/\\\/kohenavocats.com\\\/wp-content\\\/uploads\\\/2024\\\/08\\\/joshua-rawson-harris-WLXkaubn0Ig-unsplash.webp\",\"datePublished\":\"2026-04-23T10:37:23+00:00\",\"description\":\"Le tribunal judiciaire du Mesnil-Amelot, statuant en r\u00e9f\u00e9r\u00e9-libert\u00e9 le 27 septembre 2025, rejette le recours contre un arr\u00eat\u00e9 de placement en r\u00e9tention et or...\",\"breadcrumb\":{\"@id\":\"https:\\\/\\\/kohenavocats.com\\\/tr\\\/tribunal-judiciaire-de-mesnil-amelot-le-27-septembre-2025-n25-03817\\\/#breadcrumb\"},\"inLanguage\":\"tr\",\"potentialAction\":[{\"@type\":\"ReadAction\",\"target\":[\"https:\\\/\\\/kohenavocats.com\\\/tr\\\/tribunal-judiciaire-de-mesnil-amelot-le-27-septembre-2025-n25-03817\\\/\"]}]},{\"@type\":\"ImageObject\",\"inLanguage\":\"tr\",\"@id\":\"https:\\\/\\\/kohenavocats.com\\\/tr\\\/tribunal-judiciaire-de-mesnil-amelot-le-27-septembre-2025-n25-03817\\\/#primaryimage\",\"url\":\"https:\\\/\\\/kohenavocats.com\\\/wp-content\\\/uploads\\\/2024\\\/08\\\/joshua-rawson-harris-WLXkaubn0Ig-unsplash.webp\",\"contentUrl\":\"https:\\\/\\\/kohenavocats.com\\\/wp-content\\\/uploads\\\/2024\\\/08\\\/joshua-rawson-harris-WLXkaubn0Ig-unsplash.webp\",\"width\":6000,\"height\":4000},{\"@type\":\"BreadcrumbList\",\"@id\":\"https:\\\/\\\/kohenavocats.com\\\/tr\\\/tribunal-judiciaire-de-mesnil-amelot-le-27-septembre-2025-n25-03817\\\/#breadcrumb\",\"itemListElement\":[{\"@type\":\"ListItem\",\"position\":1,\"name\":\"Home\",\"item\":\"https:\\\/\\\/kohenavocats.com\\\/tr\\\/avocats-en-droit-penal-a-paris-conseil-et-defense-strategique\\\/\"},{\"@type\":\"ListItem\",\"position\":2,\"name\":\"Tribunal judiciaire de Mesnil-Amelot, le 27 septembre 2025, n\u00b025\\\/03817\"}]},{\"@type\":\"WebSite\",\"@id\":\"https:\\\/\\\/kohenavocats.com\\\/tr\\\/#website\",\"url\":\"https:\\\/\\\/kohenavocats.com\\\/tr\\\/\",\"name\":\"Kohen Avocats\",\"description\":\"Ma\u00eetre Hassan Kohen, avocat p\u00e9naliste \u00e0 Paris, intervient exclusivement en droit p\u00e9nal pour la d\u00e9fense des particuliers, notamment en mati\u00e8re d\u2019accusations de viol. Il assure un accompagnement rigoureux d\u00e8s la garde \u00e0 vue jusqu\u2019\u00e0 la Cour d\u2019assises, veillant au strict respect des garanties proc\u00e9durales.\",\"publisher\":{\"@id\":\"https:\\\/\\\/kohenavocats.com\\\/tr\\\/#organization\"},\"potentialAction\":[{\"@type\":\"SearchAction\",\"target\":{\"@type\":\"EntryPoint\",\"urlTemplate\":\"https:\\\/\\\/kohenavocats.com\\\/tr\\\/?s={search_term_string}\"},\"query-input\":{\"@type\":\"PropertyValueSpecification\",\"valueRequired\":true,\"valueName\":\"search_term_string\"}}],\"inLanguage\":\"tr\"},{\"@type\":\"Organization\",\"@id\":\"https:\\\/\\\/kohenavocats.com\\\/tr\\\/#organization\",\"name\":\"Kohen Avocats\",\"url\":\"https:\\\/\\\/kohenavocats.com\\\/tr\\\/\",\"logo\":{\"@type\":\"ImageObject\",\"inLanguage\":\"tr\",\"@id\":\"https:\\\/\\\/kohenavocats.com\\\/tr\\\/#\\\/schema\\\/logo\\\/image\\\/\",\"url\":\"https:\\\/\\\/kohenavocats.com\\\/wp-content\\\/uploads\\\/2026\\\/01\\\/Logo-2-1.webp\",\"contentUrl\":\"https:\\\/\\\/kohenavocats.com\\\/wp-content\\\/uploads\\\/2026\\\/01\\\/Logo-2-1.webp\",\"width\":2114,\"height\":1253,\"caption\":\"Kohen Avocats\"},\"image\":{\"@id\":\"https:\\\/\\\/kohenavocats.com\\\/tr\\\/#\\\/schema\\\/logo\\\/image\\\/\"}},{\"@type\":\"Person\",\"@id\":\"https:\\\/\\\/kohenavocats.com\\\/tr\\\/#\\\/schema\\\/person\\\/761c9ba54fa1ca84d405cef0831ff751\",\"name\":\"Kohen\",\"image\":{\"@type\":\"ImageObject\",\"inLanguage\":\"tr\",\"@id\":\"https:\\\/\\\/secure.gravatar.com\\\/avatar\\\/1c5e76ef76bbbfdd2b4da984e2bf2fa4056fd51a27d25ce2c332047f1dfd6e00?s=96&d=identicon&r=g\",\"url\":\"https:\\\/\\\/secure.gravatar.com\\\/avatar\\\/1c5e76ef76bbbfdd2b4da984e2bf2fa4056fd51a27d25ce2c332047f1dfd6e00?s=96&d=identicon&r=g\",\"contentUrl\":\"https:\\\/\\\/secure.gravatar.com\\\/avatar\\\/1c5e76ef76bbbfdd2b4da984e2bf2fa4056fd51a27d25ce2c332047f1dfd6e00?s=96&d=identicon&r=g\",\"caption\":\"Kohen\"},\"sameAs\":[\"https:\\\/\\\/www.linkedin.com\\\/in\\\/hassan-kohen-448548192\\\/\",\"https:\\\/\\\/www.youtube.com\\\/@Kohen-Avocats\"],\"url\":\"https:\\\/\\\/kohenavocats.com\\\/tr\\\/author\\\/kohenmlk\\\/\"}]}<\/script>\n<!-- \/ Yoast SEO Premium plugin. -->","yoast_head_json":{"title":"Tribunal judiciaire de Mesnil-Amelot, le 27 septembre 2025, n\u00b025\/03817 - Ma\u00eetre Hassan Kohen, avocat en droit p\u00e9nal \u00e0 Paris","description":"Le tribunal judiciaire du Mesnil-Amelot, statuant en r\u00e9f\u00e9r\u00e9-libert\u00e9 le 27 septembre 2025, rejette le recours contre un arr\u00eat\u00e9 de placement en r\u00e9tention et or...","robots":{"index":"index","follow":"follow","max-snippet":"max-snippet:-1","max-image-preview":"max-image-preview:large","max-video-preview":"max-video-preview:-1"},"canonical":"https:\/\/kohenavocats.com\/tr\/tribunal-judiciaire-de-mesnil-amelot-le-27-septembre-2025-n25-03817\/","og_locale":"tr_TR","og_type":"article","og_title":"Tribunal judiciaire de Mesnil-Amelot, le 27 septembre 2025, n\u00b025\/03817","og_description":"Le tribunal judiciaire du Mesnil-Amelot, statuant en r\u00e9f\u00e9r\u00e9-libert\u00e9 le 27 septembre 2025, rejette le recours contre un arr\u00eat\u00e9 de placement en r\u00e9tention et or...","og_url":"https:\/\/kohenavocats.com\/tr\/tribunal-judiciaire-de-mesnil-amelot-le-27-septembre-2025-n25-03817\/","og_site_name":"Ma\u00eetre Hassan Kohen, avocat en droit p\u00e9nal \u00e0 Paris","article_published_time":"2026-04-23T10:37:23+00:00","og_image":[{"width":6000,"height":4000,"url":"https:\/\/kohenavocats.com\/wp-content\/uploads\/2024\/08\/joshua-rawson-harris-WLXkaubn0Ig-unsplash.webp","type":"image\/webp"}],"author":"Kohen","twitter_card":"summary_large_image","twitter_misc":{"Yazan:":"Kohen","Tahmini okuma s\u00fcresi":"3 dakika"},"schema":{"@context":"https:\/\/schema.org","@graph":[{"@type":"Article","@id":"https:\/\/kohenavocats.com\/tr\/tribunal-judiciaire-de-mesnil-amelot-le-27-septembre-2025-n25-03817\/#article","isPartOf":{"@id":"https:\/\/kohenavocats.com\/tr\/tribunal-judiciaire-de-mesnil-amelot-le-27-septembre-2025-n25-03817\/"},"author":{"name":"Kohen","@id":"https:\/\/kohenavocats.com\/tr\/#\/schema\/person\/761c9ba54fa1ca84d405cef0831ff751"},"headline":"Tribunal judiciaire de Mesnil-Amelot, le 27 septembre 2025, n\u00b025\/03817","datePublished":"2026-04-23T10:37:23+00:00","mainEntityOfPage":{"@id":"https:\/\/kohenavocats.com\/tr\/tribunal-judiciaire-de-mesnil-amelot-le-27-septembre-2025-n25-03817\/"},"wordCount":688,"commentCount":0,"publisher":{"@id":"https:\/\/kohenavocats.com\/tr\/#organization"},"image":{"@id":"https:\/\/kohenavocats.com\/tr\/tribunal-judiciaire-de-mesnil-amelot-le-27-septembre-2025-n25-03817\/#primaryimage"},"thumbnailUrl":"https:\/\/kohenavocats.com\/wp-content\/uploads\/2024\/08\/joshua-rawson-harris-WLXkaubn0Ig-unsplash.webp","articleSection":["Jurisprudence"],"inLanguage":"tr","potentialAction":[{"@type":"CommentAction","name":"Comment","target":["https:\/\/kohenavocats.com\/tr\/tribunal-judiciaire-de-mesnil-amelot-le-27-septembre-2025-n25-03817\/#respond"]}],"citation":"Tribunal judiciaire de Mesnil-Amelot, le 27 septembre 2025, n\u00b025\/03817","about":[{"@type":"Thing","name":"Jurisprudence"}],"dateModified":"2026-04-23T10:37:23+00:00","speakable":{"@type":"SpeakableSpecification","cssSelector":[".article-content > p:first-of-type"]}},{"@type":"WebPage","@id":"https:\/\/kohenavocats.com\/tr\/tribunal-judiciaire-de-mesnil-amelot-le-27-septembre-2025-n25-03817\/","url":"https:\/\/kohenavocats.com\/tr\/tribunal-judiciaire-de-mesnil-amelot-le-27-septembre-2025-n25-03817\/","name":"Tribunal judiciaire de Mesnil-Amelot, le 27 septembre 2025, n\u00b025\/03817 - Ma\u00eetre Hassan Kohen, avocat en droit p\u00e9nal \u00e0 Paris","isPartOf":{"@id":"https:\/\/kohenavocats.com\/tr\/#website"},"primaryImageOfPage":{"@id":"https:\/\/kohenavocats.com\/tr\/tribunal-judiciaire-de-mesnil-amelot-le-27-septembre-2025-n25-03817\/#primaryimage"},"image":{"@id":"https:\/\/kohenavocats.com\/tr\/tribunal-judiciaire-de-mesnil-amelot-le-27-septembre-2025-n25-03817\/#primaryimage"},"thumbnailUrl":"https:\/\/kohenavocats.com\/wp-content\/uploads\/2024\/08\/joshua-rawson-harris-WLXkaubn0Ig-unsplash.webp","datePublished":"2026-04-23T10:37:23+00:00","description":"Le tribunal judiciaire du Mesnil-Amelot, statuant en r\u00e9f\u00e9r\u00e9-libert\u00e9 le 27 septembre 2025, rejette le recours contre un arr\u00eat\u00e9 de placement en r\u00e9tention et or...","breadcrumb":{"@id":"https:\/\/kohenavocats.com\/tr\/tribunal-judiciaire-de-mesnil-amelot-le-27-septembre-2025-n25-03817\/#breadcrumb"},"inLanguage":"tr","potentialAction":[{"@type":"ReadAction","target":["https:\/\/kohenavocats.com\/tr\/tribunal-judiciaire-de-mesnil-amelot-le-27-septembre-2025-n25-03817\/"]}]},{"@type":"ImageObject","inLanguage":"tr","@id":"https:\/\/kohenavocats.com\/tr\/tribunal-judiciaire-de-mesnil-amelot-le-27-septembre-2025-n25-03817\/#primaryimage","url":"https:\/\/kohenavocats.com\/wp-content\/uploads\/2024\/08\/joshua-rawson-harris-WLXkaubn0Ig-unsplash.webp","contentUrl":"https:\/\/kohenavocats.com\/wp-content\/uploads\/2024\/08\/joshua-rawson-harris-WLXkaubn0Ig-unsplash.webp","width":6000,"height":4000},{"@type":"BreadcrumbList","@id":"https:\/\/kohenavocats.com\/tr\/tribunal-judiciaire-de-mesnil-amelot-le-27-septembre-2025-n25-03817\/#breadcrumb","itemListElement":[{"@type":"ListItem","position":1,"name":"Home","item":"https:\/\/kohenavocats.com\/tr\/avocats-en-droit-penal-a-paris-conseil-et-defense-strategique\/"},{"@type":"ListItem","position":2,"name":"Tribunal judiciaire de Mesnil-Amelot, le 27 septembre 2025, n\u00b025\/03817"}]},{"@type":"WebSite","@id":"https:\/\/kohenavocats.com\/tr\/#website","url":"https:\/\/kohenavocats.com\/tr\/","name":"Kohen Avocats","description":"Ma\u00eetre Hassan Kohen, avocat p\u00e9naliste \u00e0 Paris, intervient exclusivement en droit p\u00e9nal pour la d\u00e9fense des particuliers, notamment en mati\u00e8re d\u2019accusations de viol. Il assure un accompagnement rigoureux d\u00e8s la garde \u00e0 vue jusqu\u2019\u00e0 la Cour d\u2019assises, veillant au strict respect des garanties proc\u00e9durales.","publisher":{"@id":"https:\/\/kohenavocats.com\/tr\/#organization"},"potentialAction":[{"@type":"SearchAction","target":{"@type":"EntryPoint","urlTemplate":"https:\/\/kohenavocats.com\/tr\/?s={search_term_string}"},"query-input":{"@type":"PropertyValueSpecification","valueRequired":true,"valueName":"search_term_string"}}],"inLanguage":"tr"},{"@type":"Organization","@id":"https:\/\/kohenavocats.com\/tr\/#organization","name":"Kohen Avocats","url":"https:\/\/kohenavocats.com\/tr\/","logo":{"@type":"ImageObject","inLanguage":"tr","@id":"https:\/\/kohenavocats.com\/tr\/#\/schema\/logo\/image\/","url":"https:\/\/kohenavocats.com\/wp-content\/uploads\/2026\/01\/Logo-2-1.webp","contentUrl":"https:\/\/kohenavocats.com\/wp-content\/uploads\/2026\/01\/Logo-2-1.webp","width":2114,"height":1253,"caption":"Kohen Avocats"},"image":{"@id":"https:\/\/kohenavocats.com\/tr\/#\/schema\/logo\/image\/"}},{"@type":"Person","@id":"https:\/\/kohenavocats.com\/tr\/#\/schema\/person\/761c9ba54fa1ca84d405cef0831ff751","name":"Kohen","image":{"@type":"ImageObject","inLanguage":"tr","@id":"https:\/\/secure.gravatar.com\/avatar\/1c5e76ef76bbbfdd2b4da984e2bf2fa4056fd51a27d25ce2c332047f1dfd6e00?s=96&d=identicon&r=g","url":"https:\/\/secure.gravatar.com\/avatar\/1c5e76ef76bbbfdd2b4da984e2bf2fa4056fd51a27d25ce2c332047f1dfd6e00?s=96&d=identicon&r=g","contentUrl":"https:\/\/secure.gravatar.com\/avatar\/1c5e76ef76bbbfdd2b4da984e2bf2fa4056fd51a27d25ce2c332047f1dfd6e00?s=96&d=identicon&r=g","caption":"Kohen"},"sameAs":["https:\/\/www.linkedin.com\/in\/hassan-kohen-448548192\/","https:\/\/www.youtube.com\/@Kohen-Avocats"],"url":"https:\/\/kohenavocats.com\/tr\/author\/kohenmlk\/"}]}},"jetpack_featured_media_url":"https:\/\/kohenavocats.com\/wp-content\/uploads\/2024\/08\/joshua-rawson-harris-WLXkaubn0Ig-unsplash.webp","jetpack_likes_enabled":false,"jetpack_shortlink":"https:\/\/wp.me\/peCrII-2Lsm","jetpack-related-posts":[{"id":659026,"url":"https:\/\/kohenavocats.com\/tr\/tribunal-judiciaire-de-mesnil-amelot-le-27-septembre-2025-n25-03826\/","url_meta":{"origin":659082,"position":0},"title":"Tribunal judiciaire de Mesnil-Amelot, le 27 septembre 2025, n\u00b025\/03826","author":"Kohen","date":"23 Nisan 2026","format":false,"excerpt":"Le tribunal judiciaire du Mesnil-Amelot, statuant le 27 septembre 2025, examine une demande de prolongation de r\u00e9tention administrative et un recours contre ...","rel":"","context":"&quot;Jurisprudence&quot; i\u00e7inde","block_context":{"text":"Jurisprudence","link":"https:\/\/kohenavocats.com\/category\/jurisprudence\/"},"img":{"alt_text":"","src":"https:\/\/i0.wp.com\/kohenavocats.com\/wp-content\/uploads\/2024\/08\/luis-cortes-NkmP4u5P1PM-unsplash.webp?resize=350%2C200&ssl=1","width":350,"height":200,"srcset":"https:\/\/i0.wp.com\/kohenavocats.com\/wp-content\/uploads\/2024\/08\/luis-cortes-NkmP4u5P1PM-unsplash.webp?resize=350%2C200&ssl=1 1x, https:\/\/i0.wp.com\/kohenavocats.com\/wp-content\/uploads\/2024\/08\/luis-cortes-NkmP4u5P1PM-unsplash.webp?resize=525%2C300&ssl=1 1.5x, https:\/\/i0.wp.com\/kohenavocats.com\/wp-content\/uploads\/2024\/08\/luis-cortes-NkmP4u5P1PM-unsplash.webp?resize=700%2C400&ssl=1 2x, https:\/\/i0.wp.com\/kohenavocats.com\/wp-content\/uploads\/2024\/08\/luis-cortes-NkmP4u5P1PM-unsplash.webp?resize=1050%2C600&ssl=1 3x, https:\/\/i0.wp.com\/kohenavocats.com\/wp-content\/uploads\/2024\/08\/luis-cortes-NkmP4u5P1PM-unsplash.webp?resize=1400%2C800&ssl=1 4x"},"classes":[]},{"id":659080,"url":"https:\/\/kohenavocats.com\/tr\/tribunal-judiciaire-de-mesnil-amelot-le-27-septembre-2025-n25-03832\/","url_meta":{"origin":659082,"position":1},"title":"Tribunal judiciaire de Mesnil-Amelot, le 27 septembre 2025, n\u00b025\/03832","author":"Kohen","date":"23 Nisan 2026","format":false,"excerpt":"Le tribunal judiciaire du Mesnil-Amelot, statuant le 27 septembre 2025, examine un recours contre un arr\u00eat\u00e9 de placement en r\u00e9tention administrative. L\u2019int\u00e9r...","rel":"","context":"&quot;Jurisprudence&quot; i\u00e7inde","block_context":{"text":"Jurisprudence","link":"https:\/\/kohenavocats.com\/category\/jurisprudence\/"},"img":{"alt_text":"","src":"https:\/\/i0.wp.com\/kohenavocats.com\/wp-content\/uploads\/2024\/11\/zyanya-citlalli-VKn4-6O9LWk-unsplash-1.webp?resize=350%2C200&ssl=1","width":350,"height":200,"srcset":"https:\/\/i0.wp.com\/kohenavocats.com\/wp-content\/uploads\/2024\/11\/zyanya-citlalli-VKn4-6O9LWk-unsplash-1.webp?resize=350%2C200&ssl=1 1x, https:\/\/i0.wp.com\/kohenavocats.com\/wp-content\/uploads\/2024\/11\/zyanya-citlalli-VKn4-6O9LWk-unsplash-1.webp?resize=525%2C300&ssl=1 1.5x, https:\/\/i0.wp.com\/kohenavocats.com\/wp-content\/uploads\/2024\/11\/zyanya-citlalli-VKn4-6O9LWk-unsplash-1.webp?resize=700%2C400&ssl=1 2x, https:\/\/i0.wp.com\/kohenavocats.com\/wp-content\/uploads\/2024\/11\/zyanya-citlalli-VKn4-6O9LWk-unsplash-1.webp?resize=1050%2C600&ssl=1 3x, https:\/\/i0.wp.com\/kohenavocats.com\/wp-content\/uploads\/2024\/11\/zyanya-citlalli-VKn4-6O9LWk-unsplash-1.webp?resize=1400%2C800&ssl=1 4x"},"classes":[]},{"id":655758,"url":"https:\/\/kohenavocats.com\/tr\/tribunal-judiciaire-de-mesnil-amelot-le-30-septembre-2025-n25-03858\/","url_meta":{"origin":659082,"position":2},"title":"Tribunal judiciaire de Mesnil-Amelot, le 30 septembre 2025, n\u00b025\/03858","author":"Kohen","date":"23 Nisan 2026","format":false,"excerpt":"Le tribunal judiciaire du Mesnil-Amelot, statuant le 30 septembre 2025, examine une demande de quatri\u00e8me prolongation de r\u00e9tention administrative. L\u2019autorit\u00e9...","rel":"","context":"&quot;Jurisprudence&quot; i\u00e7inde","block_context":{"text":"Jurisprudence","link":"https:\/\/kohenavocats.com\/category\/jurisprudence\/"},"img":{"alt_text":"","src":"https:\/\/i0.wp.com\/kohenavocats.com\/wp-content\/uploads\/2024\/11\/lala-azizli-IdY1J7h1vwQ-unsplash-1.webp?resize=350%2C200&ssl=1","width":350,"height":200,"srcset":"https:\/\/i0.wp.com\/kohenavocats.com\/wp-content\/uploads\/2024\/11\/lala-azizli-IdY1J7h1vwQ-unsplash-1.webp?resize=350%2C200&ssl=1 1x, https:\/\/i0.wp.com\/kohenavocats.com\/wp-content\/uploads\/2024\/11\/lala-azizli-IdY1J7h1vwQ-unsplash-1.webp?resize=525%2C300&ssl=1 1.5x, https:\/\/i0.wp.com\/kohenavocats.com\/wp-content\/uploads\/2024\/11\/lala-azizli-IdY1J7h1vwQ-unsplash-1.webp?resize=700%2C400&ssl=1 2x, https:\/\/i0.wp.com\/kohenavocats.com\/wp-content\/uploads\/2024\/11\/lala-azizli-IdY1J7h1vwQ-unsplash-1.webp?resize=1050%2C600&ssl=1 3x, https:\/\/i0.wp.com\/kohenavocats.com\/wp-content\/uploads\/2024\/11\/lala-azizli-IdY1J7h1vwQ-unsplash-1.webp?resize=1400%2C800&ssl=1 4x"},"classes":[]},{"id":668826,"url":"https:\/\/kohenavocats.com\/tr\/tribunal-judiciaire-de-mesnil-amelot-le-21-septembre-2025-n25-03747\/","url_meta":{"origin":659082,"position":3},"title":"Tribunal judiciaire de Mesnil-Amelot, le 21 septembre 2025, n\u00b025\/03747","author":"Kohen","date":"24 Nisan 2026","format":false,"excerpt":"Le tribunal judiciaire du Mesnil-Amelot, le 21 septembre 2025, statue sur une requ\u00eate pr\u00e9fectorale visant une quatri\u00e8me prolongation exceptionnelle de r\u00e9tent...","rel":"","context":"&quot;Jurisprudence&quot; i\u00e7inde","block_context":{"text":"Jurisprudence","link":"https:\/\/kohenavocats.com\/category\/jurisprudence\/"},"img":{"alt_text":"","src":"https:\/\/i0.wp.com\/kohenavocats.com\/wp-content\/uploads\/2024\/11\/getty-images-p1ZW7qeVRyE-unsplash.webp?resize=350%2C200&ssl=1","width":350,"height":200,"srcset":"https:\/\/i0.wp.com\/kohenavocats.com\/wp-content\/uploads\/2024\/11\/getty-images-p1ZW7qeVRyE-unsplash.webp?resize=350%2C200&ssl=1 1x, https:\/\/i0.wp.com\/kohenavocats.com\/wp-content\/uploads\/2024\/11\/getty-images-p1ZW7qeVRyE-unsplash.webp?resize=525%2C300&ssl=1 1.5x, https:\/\/i0.wp.com\/kohenavocats.com\/wp-content\/uploads\/2024\/11\/getty-images-p1ZW7qeVRyE-unsplash.webp?resize=700%2C400&ssl=1 2x, https:\/\/i0.wp.com\/kohenavocats.com\/wp-content\/uploads\/2024\/11\/getty-images-p1ZW7qeVRyE-unsplash.webp?resize=1050%2C600&ssl=1 3x, https:\/\/i0.wp.com\/kohenavocats.com\/wp-content\/uploads\/2024\/11\/getty-images-p1ZW7qeVRyE-unsplash.webp?resize=1400%2C800&ssl=1 4x"},"classes":[]},{"id":659042,"url":"https:\/\/kohenavocats.com\/tr\/tribunal-judiciaire-de-mesnil-amelot-le-27-septembre-2025-n25-03834\/","url_meta":{"origin":659082,"position":4},"title":"Tribunal judiciaire de Mesnil-Amelot, le 27 septembre 2025, n\u00b025\/03834","author":"Kohen","date":"23 Nisan 2026","format":false,"excerpt":"Le tribunal judiciaire du Mesnil-Amelot, statuant le 27 septembre 2025, examine deux proc\u00e9dures relatives \u00e0 une mesure de r\u00e9tention administrative. L\u2019autorit...","rel":"","context":"&quot;Jurisprudence&quot; i\u00e7inde","block_context":{"text":"Jurisprudence","link":"https:\/\/kohenavocats.com\/category\/jurisprudence\/"},"img":{"alt_text":"","src":"https:\/\/i0.wp.com\/kohenavocats.com\/wp-content\/uploads\/2024\/11\/thomas-franke-2wMK7kH4kQI-unsplash.webp?resize=350%2C200&ssl=1","width":350,"height":200,"srcset":"https:\/\/i0.wp.com\/kohenavocats.com\/wp-content\/uploads\/2024\/11\/thomas-franke-2wMK7kH4kQI-unsplash.webp?resize=350%2C200&ssl=1 1x, https:\/\/i0.wp.com\/kohenavocats.com\/wp-content\/uploads\/2024\/11\/thomas-franke-2wMK7kH4kQI-unsplash.webp?resize=525%2C300&ssl=1 1.5x, https:\/\/i0.wp.com\/kohenavocats.com\/wp-content\/uploads\/2024\/11\/thomas-franke-2wMK7kH4kQI-unsplash.webp?resize=700%2C400&ssl=1 2x, https:\/\/i0.wp.com\/kohenavocats.com\/wp-content\/uploads\/2024\/11\/thomas-franke-2wMK7kH4kQI-unsplash.webp?resize=1050%2C600&ssl=1 3x, https:\/\/i0.wp.com\/kohenavocats.com\/wp-content\/uploads\/2024\/11\/thomas-franke-2wMK7kH4kQI-unsplash.webp?resize=1400%2C800&ssl=1 4x"},"classes":[]},{"id":656633,"url":"https:\/\/kohenavocats.com\/tr\/tribunal-judiciaire-de-mesnil-amelot-le-30-septembre-2025-n25-03859\/","url_meta":{"origin":659082,"position":5},"title":"Tribunal judiciaire de Mesnil-Amelot, le 30 septembre 2025, n\u00b025\/03859","author":"Kohen","date":"23 Nisan 2026","format":false,"excerpt":"Le tribunal judiciaire du Mesnil-Amelot, statuant le 30 septembre 2025, examine une demande de prolongation de r\u00e9tention et un recours contre un placement. L...","rel":"","context":"&quot;Jurisprudence&quot; i\u00e7inde","block_context":{"text":"Jurisprudence","link":"https:\/\/kohenavocats.com\/category\/jurisprudence\/"},"img":{"alt_text":"","src":"https:\/\/i0.wp.com\/kohenavocats.com\/wp-content\/uploads\/2024\/08\/katie-moum-o0kbc907i20-unsplash.webp?resize=350%2C200&ssl=1","width":350,"height":200,"srcset":"https:\/\/i0.wp.com\/kohenavocats.com\/wp-content\/uploads\/2024\/08\/katie-moum-o0kbc907i20-unsplash.webp?resize=350%2C200&ssl=1 1x, https:\/\/i0.wp.com\/kohenavocats.com\/wp-content\/uploads\/2024\/08\/katie-moum-o0kbc907i20-unsplash.webp?resize=525%2C300&ssl=1 1.5x, https:\/\/i0.wp.com\/kohenavocats.com\/wp-content\/uploads\/2024\/08\/katie-moum-o0kbc907i20-unsplash.webp?resize=700%2C400&ssl=1 2x, https:\/\/i0.wp.com\/kohenavocats.com\/wp-content\/uploads\/2024\/08\/katie-moum-o0kbc907i20-unsplash.webp?resize=1050%2C600&ssl=1 3x, https:\/\/i0.wp.com\/kohenavocats.com\/wp-content\/uploads\/2024\/08\/katie-moum-o0kbc907i20-unsplash.webp?resize=1400%2C800&ssl=1 4x"},"classes":[]}],"jetpack_sharing_enabled":true,"_links":{"self":[{"href":"https:\/\/kohenavocats.com\/tr\/wp-json\/wp\/v2\/posts\/659082","targetHints":{"allow":["GET"]}}],"collection":[{"href":"https:\/\/kohenavocats.com\/tr\/wp-json\/wp\/v2\/posts"}],"about":[{"href":"https:\/\/kohenavocats.com\/tr\/wp-json\/wp\/v2\/types\/post"}],"author":[{"embeddable":true,"href":"https:\/\/kohenavocats.com\/tr\/wp-json\/wp\/v2\/users\/232070755"}],"replies":[{"embeddable":true,"href":"https:\/\/kohenavocats.com\/tr\/wp-json\/wp\/v2\/comments?post=659082"}],"version-history":[{"count":0,"href":"https:\/\/kohenavocats.com\/tr\/wp-json\/wp\/v2\/posts\/659082\/revisions"}],"wp:featuredmedia":[{"embeddable":true,"href":"https:\/\/kohenavocats.com\/tr\/wp-json\/wp\/v2\/media\/4683"}],"wp:attachment":[{"href":"https:\/\/kohenavocats.com\/tr\/wp-json\/wp\/v2\/media?parent=659082"}],"wp:term":[{"taxonomy":"category","embeddable":true,"href":"https:\/\/kohenavocats.com\/tr\/wp-json\/wp\/v2\/categories?post=659082"},{"taxonomy":"post_tag","embeddable":true,"href":"https:\/\/kohenavocats.com\/tr\/wp-json\/wp\/v2\/tags?post=659082"}],"curies":[{"name":"wp","href":"https:\/\/api.w.org\/{rel}","templated":true}]}}