{"id":659087,"date":"2026-04-23T12:37:31","date_gmt":"2026-04-23T10:37:31","guid":{"rendered":"https:\/\/kohenavocats.com\/tribunal-judiciaire-de-mesnil-amelot-le-27-septembre-2025-n25-03825\/"},"modified":"2026-04-23T12:37:31","modified_gmt":"2026-04-23T10:37:31","slug":"tribunal-judiciaire-de-mesnil-amelot-le-27-septembre-2025-n25-03825","status":"publish","type":"post","link":"https:\/\/kohenavocats.com\/tr\/tribunal-judiciaire-de-mesnil-amelot-le-27-septembre-2025-n25-03825\/","title":{"rendered":"Tribunal judiciaire de Mesnil-Amelot, le 27 septembre 2025, n\u00b025\/03825"},"content":{"rendered":"<div class=\"article-content\">\n<p>Le tribunal judiciaire du Mesnil-Amelot, le 27 septembre 2025, se prononce sur une demande de prolongation de r\u00e9tention administrative. La personne concern\u00e9e fait l&#8217;objet d&#8217;une mesure d&#8217;\u00e9loignement vers la Bulgarie. Le juge des libert\u00e9s et de la d\u00e9tention examine la l\u00e9galit\u00e9 de la prolongation de la privation de libert\u00e9. Il ordonne finalement une prolongation de vingt-six jours, estimant les conditions l\u00e9gales r\u00e9unies.<\/p>\n<p>Le contr\u00f4le du juge sur la privation de libert\u00e9<\/p>\n<p>Le juge exerce un contr\u00f4le autonome comme gardien des libert\u00e9s individuelles. Il doit statuer ind\u00e9pendamment de tout recours sur le fond de la d\u00e9cision d&#8217;\u00e9loignement. Son office consiste \u00e0 v\u00e9rifier scrupuleusement le respect des garanties proc\u00e9durales. &#8220;Attendu qu\u2019ind\u00e9pendamment de tout recours contre la d\u00e9cision de placement, le juge doit se prononcer en tant que gardien de la libert\u00e9 individuelle sur la l\u00e9galit\u00e9 de la r\u00e9tention&#8221; (Motifs de la d\u00e9cision). Cette affirmation rappelle le caract\u00e8re fondamental de ce contr\u00f4le juridictionnel. La protection de la libert\u00e9 individuelle constitue ainsi le fondement premier de son intervention.<\/p>\n<p>La r\u00e9gularit\u00e9 proc\u00e9durale de la r\u00e9tention est ensuite v\u00e9rifi\u00e9e avec attention. Le magistrat s&#8217;assure que l&#8217;int\u00e9ress\u00e9 a \u00e9t\u00e9 inform\u00e9 de ses droits dans les meilleurs d\u00e9lais. Il constate \u00e9galement que la proc\u00e9dure est recevable et r\u00e9guli\u00e8re apr\u00e8s examen contradictoire. Le respect des formalit\u00e9s pr\u00e9vues par le code est ainsi un pr\u00e9alable indispensable. Cette v\u00e9rification minutieuse garantit l&#8217;effectivit\u00e9 des droits de la d\u00e9fense. Elle conditionne la r\u00e9gularit\u00e9 de toute la suite de la proc\u00e9dure de r\u00e9tention.<\/p>\n<p>Les conditions l\u00e9gales de la prolongation<\/p>\n<p>Le d\u00e9faut d&#8217;ex\u00e9cution de la mesure d&#8217;\u00e9loignement justifie la prolongation. L&#8217;administration d\u00e9montre que le d\u00e9part n&#8217;a pu avoir lieu dans le d\u00e9lai initial de quatre jours. Elle a saisi la Division Nationale de l&#8217;\u00c9loignement pour organiser un retour vers la Bulgarie. Le juge rel\u00e8ve l&#8217;existence d&#8217;une carte d&#8217;identit\u00e9 valable jusqu&#8217;en 2035 dans le dossier. &#8220;Attendu qu\u2019il n\u2019est \u00e9mis aucune critique sur les diligences accomplies jusqu\u2019\u00e0 pr\u00e9sent par l\u2019Administration&#8221; (Motifs de la d\u00e9cision). Cette absence de critique permet de consid\u00e9rer les diligences comme suffisantes. La prolongation appara\u00eet donc n\u00e9cessaire pour permettre l&#8217;ex\u00e9cution de l&#8217;\u00e9loignement.<\/p>\n<p>L&#8217;impossibilit\u00e9 d&#8217;une assignation \u00e0 r\u00e9sidence \u00e9carte une alternative \u00e0 la r\u00e9tention. Le juge applique strictement les conditions pos\u00e9es par l&#8217;article L. 743-13 du CESEDA. La personne retenue n&#8217;a pas remis de passeport en cours de validit\u00e9 aux autorit\u00e9s. Cette condition est jug\u00e9e indispensable, quelles que soient les garanties de repr\u00e9sentation offertes. &#8220;quels que soient les m\u00e9rites de ses garanties de repr\u00e9sentation&#8221; (Motifs de la d\u00e9cision). Cette lecture stricte rejoint la position d&#8217;une cour d&#8217;appel r\u00e9cente. &#8220;Il r\u00e9sulte des dispositions de l&#8217;article L. 743-13 du code de l&#8217;entr\u00e9e et du s\u00e9jour des \u00e9trangers et du droit d&#8217;asile que le juge charg\u00e9 du contr\u00f4le de la r\u00e9tention peut toujours ordonner l&#8217;assignation \u00e0 r\u00e9sidence de l&#8217;\u00e9tranger lorsque celui-ci dispose de garanties de repr\u00e9sentation, apr\u00e8s remise aux autorit\u00e9s de police d&#8217;un passeport en cours de validit\u00e9.&#8221; (Cour d&#8217;appel de Paris, le 7 janvier 2025, n\u00b025\/00067). La remise d&#8217;un titre de voyage valide est ainsi une condition sine qua non. La r\u00e9tention prolong\u00e9e demeure donc la seule mesure possible en l&#8217;esp\u00e8ce.<\/p>\n<p>Cette d\u00e9cision illustre le contr\u00f4le rigoureux mais parfois limit\u00e9 du juge des libert\u00e9s. Le magistrat v\u00e9rifie scrupuleusement le respect de la proc\u00e9dure et la r\u00e9alit\u00e9 des diligences. Toutefois, l&#8217;interpr\u00e9tation stricte des conditions de l&#8217;assignation \u00e0 r\u00e9sidence r\u00e9duit les alternatives. La jurisprudence cit\u00e9e confirme cette exigence de la remise d&#8217;un passeport valide. La balance penche ainsi en faveur de l&#8217;efficacit\u00e9 de l&#8217;\u00e9loignement. La protection de la libert\u00e9 individuelle se trouve encadr\u00e9e par des conditions l\u00e9gales tr\u00e8s pr\u00e9cises.<\/p>\n<\/div>\n","protected":false},"excerpt":{"rendered":"<p>Le tribunal judiciaire du Mesnil-Amelot, le 27 septembre 2025, se prononce sur une demande de prolongation de r\u00e9tention administrative. La personne concern\u00e9e&#8230;<\/p>\n","protected":false},"author":232070755,"featured_media":9593,"comment_status":"open","ping_status":"open","sticky":false,"template":"","format":"standard","meta":{"_crdt_document":"","_jetpack_newsletter_access":"","_jetpack_dont_email_post_to_subs":false,"_jetpack_newsletter_tier_id":0,"_jetpack_memberships_contains_paywalled_content":false,"_kj_source_type":"judilibre","_kj_official_id":"68dd804c548223b2c7ac0598","_kj_official_url":"https:\/\/www.courdecassation.fr\/decision\/68dd804c548223b2c7ac0598","_kj_judilibre_id":"68dd804c548223b2c7ac0598","_kj_jur":"Tribunal judiciaire","_kj_lieu":"Meaux","_kj_chambre":"JLD","_kj_rg":"25\/03825","_kj_date":"2025-09-27","_jetpack_memberships_contains_paid_content":false,"footnotes":"","jetpack_post_was_ever_published":false},"categories":[7597],"tags":[],"class_list":["post-659087","post","type-post","status-publish","format-standard","has-post-thumbnail","hentry","category-jurisprudence"],"yoast_head":"<!-- This site is optimized with the Yoast SEO Premium plugin v27.5 (Yoast SEO v27.5) - https:\/\/yoast.com\/product\/yoast-seo-premium-wordpress\/ -->\n<title>Tribunal judiciaire de Mesnil-Amelot, le 27 septembre 2025, n\u00b025\/03825 - Ma\u00eetre Hassan Kohen, avocat en droit p\u00e9nal \u00e0 Paris<\/title>\n<meta name=\"description\" content=\"Le tribunal judiciaire du Mesnil-Amelot, le 27 septembre 2025, se prononce sur une demande de prolongation de r\u00e9tention administrative. La personne concern\u00e9e...\" \/>\n<meta name=\"robots\" content=\"index, follow, max-snippet:-1, max-image-preview:large, max-video-preview:-1\" \/>\n<link rel=\"canonical\" href=\"https:\/\/kohenavocats.com\/tr\/tribunal-judiciaire-de-mesnil-amelot-le-27-septembre-2025-n25-03825\/\" \/>\n<meta property=\"og:locale\" content=\"tr_TR\" \/>\n<meta property=\"og:type\" content=\"article\" \/>\n<meta property=\"og:title\" content=\"Tribunal judiciaire de Mesnil-Amelot, le 27 septembre 2025, n\u00b025\/03825\" \/>\n<meta property=\"og:description\" content=\"Le tribunal judiciaire du Mesnil-Amelot, le 27 septembre 2025, se prononce sur une demande de prolongation de r\u00e9tention administrative. La personne concern\u00e9e...\" \/>\n<meta property=\"og:url\" content=\"https:\/\/kohenavocats.com\/tr\/tribunal-judiciaire-de-mesnil-amelot-le-27-septembre-2025-n25-03825\/\" \/>\n<meta property=\"og:site_name\" content=\"Ma\u00eetre Hassan Kohen, avocat en droit p\u00e9nal \u00e0 Paris\" \/>\n<meta property=\"article:published_time\" content=\"2026-04-23T10:37:31+00:00\" \/>\n<meta property=\"og:image\" content=\"https:\/\/kohenavocats.com\/wp-content\/uploads\/2024\/11\/planet-volumes-YGEIDE-iUi8-unsplash.webp\" \/>\n\t<meta property=\"og:image:width\" content=\"2500\" \/>\n\t<meta property=\"og:image:height\" content=\"3500\" \/>\n\t<meta property=\"og:image:type\" content=\"image\/webp\" \/>\n<meta name=\"author\" content=\"Kohen\" \/>\n<meta name=\"twitter:card\" content=\"summary_large_image\" \/>\n<meta name=\"twitter:label1\" content=\"Yazan:\" \/>\n\t<meta name=\"twitter:data1\" content=\"Kohen\" \/>\n\t<meta name=\"twitter:label2\" content=\"Tahmini okuma s\u00fcresi\" \/>\n\t<meta name=\"twitter:data2\" content=\"3 dakika\" \/>\n<script type=\"application\/ld+json\" class=\"yoast-schema-graph\">{\"@context\":\"https:\\\/\\\/schema.org\",\"@graph\":[{\"@type\":\"Article\",\"@id\":\"https:\\\/\\\/kohenavocats.com\\\/tr\\\/tribunal-judiciaire-de-mesnil-amelot-le-27-septembre-2025-n25-03825\\\/#article\",\"isPartOf\":{\"@id\":\"https:\\\/\\\/kohenavocats.com\\\/tr\\\/tribunal-judiciaire-de-mesnil-amelot-le-27-septembre-2025-n25-03825\\\/\"},\"author\":{\"name\":\"Kohen\",\"@id\":\"https:\\\/\\\/kohenavocats.com\\\/tr\\\/#\\\/schema\\\/person\\\/761c9ba54fa1ca84d405cef0831ff751\"},\"headline\":\"Tribunal judiciaire de Mesnil-Amelot, le 27 septembre 2025, n\u00b025\\\/03825\",\"datePublished\":\"2026-04-23T10:37:31+00:00\",\"mainEntityOfPage\":{\"@id\":\"https:\\\/\\\/kohenavocats.com\\\/tr\\\/tribunal-judiciaire-de-mesnil-amelot-le-27-septembre-2025-n25-03825\\\/\"},\"wordCount\":708,\"commentCount\":0,\"publisher\":{\"@id\":\"https:\\\/\\\/kohenavocats.com\\\/tr\\\/#organization\"},\"image\":{\"@id\":\"https:\\\/\\\/kohenavocats.com\\\/tr\\\/tribunal-judiciaire-de-mesnil-amelot-le-27-septembre-2025-n25-03825\\\/#primaryimage\"},\"thumbnailUrl\":\"https:\\\/\\\/kohenavocats.com\\\/wp-content\\\/uploads\\\/2024\\\/11\\\/planet-volumes-YGEIDE-iUi8-unsplash.webp\",\"articleSection\":[\"Jurisprudence\"],\"inLanguage\":\"tr\",\"potentialAction\":[{\"@type\":\"CommentAction\",\"name\":\"Comment\",\"target\":[\"https:\\\/\\\/kohenavocats.com\\\/tr\\\/tribunal-judiciaire-de-mesnil-amelot-le-27-septembre-2025-n25-03825\\\/#respond\"]}],\"citation\":\"Tribunal judiciaire de Mesnil-Amelot, le 27 septembre 2025, n\u00b025\\\/03825\",\"about\":[{\"@type\":\"Thing\",\"name\":\"Jurisprudence\"}],\"dateModified\":\"2026-04-23T10:37:31+00:00\",\"speakable\":{\"@type\":\"SpeakableSpecification\",\"cssSelector\":[\".article-content > p:first-of-type\"]}},{\"@type\":\"WebPage\",\"@id\":\"https:\\\/\\\/kohenavocats.com\\\/tr\\\/tribunal-judiciaire-de-mesnil-amelot-le-27-septembre-2025-n25-03825\\\/\",\"url\":\"https:\\\/\\\/kohenavocats.com\\\/tr\\\/tribunal-judiciaire-de-mesnil-amelot-le-27-septembre-2025-n25-03825\\\/\",\"name\":\"Tribunal judiciaire de Mesnil-Amelot, le 27 septembre 2025, n\u00b025\\\/03825 - Ma\u00eetre Hassan Kohen, avocat en droit p\u00e9nal \u00e0 Paris\",\"isPartOf\":{\"@id\":\"https:\\\/\\\/kohenavocats.com\\\/tr\\\/#website\"},\"primaryImageOfPage\":{\"@id\":\"https:\\\/\\\/kohenavocats.com\\\/tr\\\/tribunal-judiciaire-de-mesnil-amelot-le-27-septembre-2025-n25-03825\\\/#primaryimage\"},\"image\":{\"@id\":\"https:\\\/\\\/kohenavocats.com\\\/tr\\\/tribunal-judiciaire-de-mesnil-amelot-le-27-septembre-2025-n25-03825\\\/#primaryimage\"},\"thumbnailUrl\":\"https:\\\/\\\/kohenavocats.com\\\/wp-content\\\/uploads\\\/2024\\\/11\\\/planet-volumes-YGEIDE-iUi8-unsplash.webp\",\"datePublished\":\"2026-04-23T10:37:31+00:00\",\"description\":\"Le tribunal judiciaire du Mesnil-Amelot, le 27 septembre 2025, se prononce sur une demande de prolongation de r\u00e9tention administrative. La personne concern\u00e9e...\",\"breadcrumb\":{\"@id\":\"https:\\\/\\\/kohenavocats.com\\\/tr\\\/tribunal-judiciaire-de-mesnil-amelot-le-27-septembre-2025-n25-03825\\\/#breadcrumb\"},\"inLanguage\":\"tr\",\"potentialAction\":[{\"@type\":\"ReadAction\",\"target\":[\"https:\\\/\\\/kohenavocats.com\\\/tr\\\/tribunal-judiciaire-de-mesnil-amelot-le-27-septembre-2025-n25-03825\\\/\"]}]},{\"@type\":\"ImageObject\",\"inLanguage\":\"tr\",\"@id\":\"https:\\\/\\\/kohenavocats.com\\\/tr\\\/tribunal-judiciaire-de-mesnil-amelot-le-27-septembre-2025-n25-03825\\\/#primaryimage\",\"url\":\"https:\\\/\\\/kohenavocats.com\\\/wp-content\\\/uploads\\\/2024\\\/11\\\/planet-volumes-YGEIDE-iUi8-unsplash.webp\",\"contentUrl\":\"https:\\\/\\\/kohenavocats.com\\\/wp-content\\\/uploads\\\/2024\\\/11\\\/planet-volumes-YGEIDE-iUi8-unsplash.webp\",\"width\":2500,\"height\":3500},{\"@type\":\"BreadcrumbList\",\"@id\":\"https:\\\/\\\/kohenavocats.com\\\/tr\\\/tribunal-judiciaire-de-mesnil-amelot-le-27-septembre-2025-n25-03825\\\/#breadcrumb\",\"itemListElement\":[{\"@type\":\"ListItem\",\"position\":1,\"name\":\"Home\",\"item\":\"https:\\\/\\\/kohenavocats.com\\\/tr\\\/avocats-en-droit-penal-a-paris-conseil-et-defense-strategique\\\/\"},{\"@type\":\"ListItem\",\"position\":2,\"name\":\"Tribunal judiciaire de Mesnil-Amelot, le 27 septembre 2025, n\u00b025\\\/03825\"}]},{\"@type\":\"WebSite\",\"@id\":\"https:\\\/\\\/kohenavocats.com\\\/tr\\\/#website\",\"url\":\"https:\\\/\\\/kohenavocats.com\\\/tr\\\/\",\"name\":\"Kohen Avocats\",\"description\":\"Ma\u00eetre Hassan Kohen, avocat p\u00e9naliste \u00e0 Paris, intervient exclusivement en droit p\u00e9nal pour la d\u00e9fense des particuliers, notamment en mati\u00e8re d\u2019accusations de viol. Il assure un accompagnement rigoureux d\u00e8s la garde \u00e0 vue jusqu\u2019\u00e0 la Cour d\u2019assises, veillant au strict respect des garanties proc\u00e9durales.\",\"publisher\":{\"@id\":\"https:\\\/\\\/kohenavocats.com\\\/tr\\\/#organization\"},\"potentialAction\":[{\"@type\":\"SearchAction\",\"target\":{\"@type\":\"EntryPoint\",\"urlTemplate\":\"https:\\\/\\\/kohenavocats.com\\\/tr\\\/?s={search_term_string}\"},\"query-input\":{\"@type\":\"PropertyValueSpecification\",\"valueRequired\":true,\"valueName\":\"search_term_string\"}}],\"inLanguage\":\"tr\"},{\"@type\":\"Organization\",\"@id\":\"https:\\\/\\\/kohenavocats.com\\\/tr\\\/#organization\",\"name\":\"Kohen Avocats\",\"url\":\"https:\\\/\\\/kohenavocats.com\\\/tr\\\/\",\"logo\":{\"@type\":\"ImageObject\",\"inLanguage\":\"tr\",\"@id\":\"https:\\\/\\\/kohenavocats.com\\\/tr\\\/#\\\/schema\\\/logo\\\/image\\\/\",\"url\":\"https:\\\/\\\/kohenavocats.com\\\/wp-content\\\/uploads\\\/2026\\\/01\\\/Logo-2-1.webp\",\"contentUrl\":\"https:\\\/\\\/kohenavocats.com\\\/wp-content\\\/uploads\\\/2026\\\/01\\\/Logo-2-1.webp\",\"width\":2114,\"height\":1253,\"caption\":\"Kohen Avocats\"},\"image\":{\"@id\":\"https:\\\/\\\/kohenavocats.com\\\/tr\\\/#\\\/schema\\\/logo\\\/image\\\/\"}},{\"@type\":\"Person\",\"@id\":\"https:\\\/\\\/kohenavocats.com\\\/tr\\\/#\\\/schema\\\/person\\\/761c9ba54fa1ca84d405cef0831ff751\",\"name\":\"Kohen\",\"image\":{\"@type\":\"ImageObject\",\"inLanguage\":\"tr\",\"@id\":\"https:\\\/\\\/secure.gravatar.com\\\/avatar\\\/1c5e76ef76bbbfdd2b4da984e2bf2fa4056fd51a27d25ce2c332047f1dfd6e00?s=96&d=identicon&r=g\",\"url\":\"https:\\\/\\\/secure.gravatar.com\\\/avatar\\\/1c5e76ef76bbbfdd2b4da984e2bf2fa4056fd51a27d25ce2c332047f1dfd6e00?s=96&d=identicon&r=g\",\"contentUrl\":\"https:\\\/\\\/secure.gravatar.com\\\/avatar\\\/1c5e76ef76bbbfdd2b4da984e2bf2fa4056fd51a27d25ce2c332047f1dfd6e00?s=96&d=identicon&r=g\",\"caption\":\"Kohen\"},\"sameAs\":[\"https:\\\/\\\/www.linkedin.com\\\/in\\\/hassan-kohen-448548192\\\/\",\"https:\\\/\\\/www.youtube.com\\\/@Kohen-Avocats\"],\"url\":\"https:\\\/\\\/kohenavocats.com\\\/tr\\\/author\\\/kohenmlk\\\/\"}]}<\/script>\n<!-- \/ Yoast SEO Premium plugin. -->","yoast_head_json":{"title":"Tribunal judiciaire de Mesnil-Amelot, le 27 septembre 2025, n\u00b025\/03825 - Ma\u00eetre Hassan Kohen, avocat en droit p\u00e9nal \u00e0 Paris","description":"Le tribunal judiciaire du Mesnil-Amelot, le 27 septembre 2025, se prononce sur une demande de prolongation de r\u00e9tention administrative. La personne concern\u00e9e...","robots":{"index":"index","follow":"follow","max-snippet":"max-snippet:-1","max-image-preview":"max-image-preview:large","max-video-preview":"max-video-preview:-1"},"canonical":"https:\/\/kohenavocats.com\/tr\/tribunal-judiciaire-de-mesnil-amelot-le-27-septembre-2025-n25-03825\/","og_locale":"tr_TR","og_type":"article","og_title":"Tribunal judiciaire de Mesnil-Amelot, le 27 septembre 2025, n\u00b025\/03825","og_description":"Le tribunal judiciaire du Mesnil-Amelot, le 27 septembre 2025, se prononce sur une demande de prolongation de r\u00e9tention administrative. La personne concern\u00e9e...","og_url":"https:\/\/kohenavocats.com\/tr\/tribunal-judiciaire-de-mesnil-amelot-le-27-septembre-2025-n25-03825\/","og_site_name":"Ma\u00eetre Hassan Kohen, avocat en droit p\u00e9nal \u00e0 Paris","article_published_time":"2026-04-23T10:37:31+00:00","og_image":[{"width":2500,"height":3500,"url":"https:\/\/kohenavocats.com\/wp-content\/uploads\/2024\/11\/planet-volumes-YGEIDE-iUi8-unsplash.webp","type":"image\/webp"}],"author":"Kohen","twitter_card":"summary_large_image","twitter_misc":{"Yazan:":"Kohen","Tahmini okuma s\u00fcresi":"3 dakika"},"schema":{"@context":"https:\/\/schema.org","@graph":[{"@type":"Article","@id":"https:\/\/kohenavocats.com\/tr\/tribunal-judiciaire-de-mesnil-amelot-le-27-septembre-2025-n25-03825\/#article","isPartOf":{"@id":"https:\/\/kohenavocats.com\/tr\/tribunal-judiciaire-de-mesnil-amelot-le-27-septembre-2025-n25-03825\/"},"author":{"name":"Kohen","@id":"https:\/\/kohenavocats.com\/tr\/#\/schema\/person\/761c9ba54fa1ca84d405cef0831ff751"},"headline":"Tribunal judiciaire de Mesnil-Amelot, le 27 septembre 2025, n\u00b025\/03825","datePublished":"2026-04-23T10:37:31+00:00","mainEntityOfPage":{"@id":"https:\/\/kohenavocats.com\/tr\/tribunal-judiciaire-de-mesnil-amelot-le-27-septembre-2025-n25-03825\/"},"wordCount":708,"commentCount":0,"publisher":{"@id":"https:\/\/kohenavocats.com\/tr\/#organization"},"image":{"@id":"https:\/\/kohenavocats.com\/tr\/tribunal-judiciaire-de-mesnil-amelot-le-27-septembre-2025-n25-03825\/#primaryimage"},"thumbnailUrl":"https:\/\/kohenavocats.com\/wp-content\/uploads\/2024\/11\/planet-volumes-YGEIDE-iUi8-unsplash.webp","articleSection":["Jurisprudence"],"inLanguage":"tr","potentialAction":[{"@type":"CommentAction","name":"Comment","target":["https:\/\/kohenavocats.com\/tr\/tribunal-judiciaire-de-mesnil-amelot-le-27-septembre-2025-n25-03825\/#respond"]}],"citation":"Tribunal judiciaire de Mesnil-Amelot, le 27 septembre 2025, n\u00b025\/03825","about":[{"@type":"Thing","name":"Jurisprudence"}],"dateModified":"2026-04-23T10:37:31+00:00","speakable":{"@type":"SpeakableSpecification","cssSelector":[".article-content > p:first-of-type"]}},{"@type":"WebPage","@id":"https:\/\/kohenavocats.com\/tr\/tribunal-judiciaire-de-mesnil-amelot-le-27-septembre-2025-n25-03825\/","url":"https:\/\/kohenavocats.com\/tr\/tribunal-judiciaire-de-mesnil-amelot-le-27-septembre-2025-n25-03825\/","name":"Tribunal judiciaire de Mesnil-Amelot, le 27 septembre 2025, n\u00b025\/03825 - Ma\u00eetre Hassan Kohen, avocat en droit p\u00e9nal \u00e0 Paris","isPartOf":{"@id":"https:\/\/kohenavocats.com\/tr\/#website"},"primaryImageOfPage":{"@id":"https:\/\/kohenavocats.com\/tr\/tribunal-judiciaire-de-mesnil-amelot-le-27-septembre-2025-n25-03825\/#primaryimage"},"image":{"@id":"https:\/\/kohenavocats.com\/tr\/tribunal-judiciaire-de-mesnil-amelot-le-27-septembre-2025-n25-03825\/#primaryimage"},"thumbnailUrl":"https:\/\/kohenavocats.com\/wp-content\/uploads\/2024\/11\/planet-volumes-YGEIDE-iUi8-unsplash.webp","datePublished":"2026-04-23T10:37:31+00:00","description":"Le tribunal judiciaire du Mesnil-Amelot, le 27 septembre 2025, se prononce sur une demande de prolongation de r\u00e9tention administrative. La personne concern\u00e9e...","breadcrumb":{"@id":"https:\/\/kohenavocats.com\/tr\/tribunal-judiciaire-de-mesnil-amelot-le-27-septembre-2025-n25-03825\/#breadcrumb"},"inLanguage":"tr","potentialAction":[{"@type":"ReadAction","target":["https:\/\/kohenavocats.com\/tr\/tribunal-judiciaire-de-mesnil-amelot-le-27-septembre-2025-n25-03825\/"]}]},{"@type":"ImageObject","inLanguage":"tr","@id":"https:\/\/kohenavocats.com\/tr\/tribunal-judiciaire-de-mesnil-amelot-le-27-septembre-2025-n25-03825\/#primaryimage","url":"https:\/\/kohenavocats.com\/wp-content\/uploads\/2024\/11\/planet-volumes-YGEIDE-iUi8-unsplash.webp","contentUrl":"https:\/\/kohenavocats.com\/wp-content\/uploads\/2024\/11\/planet-volumes-YGEIDE-iUi8-unsplash.webp","width":2500,"height":3500},{"@type":"BreadcrumbList","@id":"https:\/\/kohenavocats.com\/tr\/tribunal-judiciaire-de-mesnil-amelot-le-27-septembre-2025-n25-03825\/#breadcrumb","itemListElement":[{"@type":"ListItem","position":1,"name":"Home","item":"https:\/\/kohenavocats.com\/tr\/avocats-en-droit-penal-a-paris-conseil-et-defense-strategique\/"},{"@type":"ListItem","position":2,"name":"Tribunal judiciaire de Mesnil-Amelot, le 27 septembre 2025, n\u00b025\/03825"}]},{"@type":"WebSite","@id":"https:\/\/kohenavocats.com\/tr\/#website","url":"https:\/\/kohenavocats.com\/tr\/","name":"Kohen Avocats","description":"Ma\u00eetre Hassan Kohen, avocat p\u00e9naliste \u00e0 Paris, intervient exclusivement en droit p\u00e9nal pour la d\u00e9fense des particuliers, notamment en mati\u00e8re d\u2019accusations de viol. Il assure un accompagnement rigoureux d\u00e8s la garde \u00e0 vue jusqu\u2019\u00e0 la Cour d\u2019assises, veillant au strict respect des garanties proc\u00e9durales.","publisher":{"@id":"https:\/\/kohenavocats.com\/tr\/#organization"},"potentialAction":[{"@type":"SearchAction","target":{"@type":"EntryPoint","urlTemplate":"https:\/\/kohenavocats.com\/tr\/?s={search_term_string}"},"query-input":{"@type":"PropertyValueSpecification","valueRequired":true,"valueName":"search_term_string"}}],"inLanguage":"tr"},{"@type":"Organization","@id":"https:\/\/kohenavocats.com\/tr\/#organization","name":"Kohen Avocats","url":"https:\/\/kohenavocats.com\/tr\/","logo":{"@type":"ImageObject","inLanguage":"tr","@id":"https:\/\/kohenavocats.com\/tr\/#\/schema\/logo\/image\/","url":"https:\/\/kohenavocats.com\/wp-content\/uploads\/2026\/01\/Logo-2-1.webp","contentUrl":"https:\/\/kohenavocats.com\/wp-content\/uploads\/2026\/01\/Logo-2-1.webp","width":2114,"height":1253,"caption":"Kohen Avocats"},"image":{"@id":"https:\/\/kohenavocats.com\/tr\/#\/schema\/logo\/image\/"}},{"@type":"Person","@id":"https:\/\/kohenavocats.com\/tr\/#\/schema\/person\/761c9ba54fa1ca84d405cef0831ff751","name":"Kohen","image":{"@type":"ImageObject","inLanguage":"tr","@id":"https:\/\/secure.gravatar.com\/avatar\/1c5e76ef76bbbfdd2b4da984e2bf2fa4056fd51a27d25ce2c332047f1dfd6e00?s=96&d=identicon&r=g","url":"https:\/\/secure.gravatar.com\/avatar\/1c5e76ef76bbbfdd2b4da984e2bf2fa4056fd51a27d25ce2c332047f1dfd6e00?s=96&d=identicon&r=g","contentUrl":"https:\/\/secure.gravatar.com\/avatar\/1c5e76ef76bbbfdd2b4da984e2bf2fa4056fd51a27d25ce2c332047f1dfd6e00?s=96&d=identicon&r=g","caption":"Kohen"},"sameAs":["https:\/\/www.linkedin.com\/in\/hassan-kohen-448548192\/","https:\/\/www.youtube.com\/@Kohen-Avocats"],"url":"https:\/\/kohenavocats.com\/tr\/author\/kohenmlk\/"}]}},"jetpack_featured_media_url":"https:\/\/kohenavocats.com\/wp-content\/uploads\/2024\/11\/planet-volumes-YGEIDE-iUi8-unsplash.webp","jetpack_likes_enabled":false,"jetpack_shortlink":"https:\/\/wp.me\/peCrII-2Lsr","jetpack-related-posts":[{"id":749999,"url":"https:\/\/kohenavocats.com\/tr\/tribunal-judiciaire-de-lyon-le-20-janvier-2026-n26-00219\/","url_meta":{"origin":659087,"position":0},"title":"Tribunal judiciaire de Lyon, le 20 janvier 2026, n\u00b026\/00219","author":"Kohen","date":"29 Nisan 2026","format":false,"excerpt":"Le tribunal judiciaire de Lyon, par une ordonnance du 20 janvier 2026, a refus\u00e9 une troisi\u00e8me prolongation de la r\u00e9tention administrative d\u2019un ressortissant ...","rel":"","context":"&quot;Jurisprudence&quot; i\u00e7inde","block_context":{"text":"Jurisprudence","link":"https:\/\/kohenavocats.com\/category\/jurisprudence\/"},"img":{"alt_text":"","src":"https:\/\/i0.wp.com\/kohenavocats.com\/wp-content\/uploads\/2024\/07\/beatriz-perez-moya-XN4T2PVUUgk-unsplash.webp?resize=350%2C200&ssl=1","width":350,"height":200,"srcset":"https:\/\/i0.wp.com\/kohenavocats.com\/wp-content\/uploads\/2024\/07\/beatriz-perez-moya-XN4T2PVUUgk-unsplash.webp?resize=350%2C200&ssl=1 1x, https:\/\/i0.wp.com\/kohenavocats.com\/wp-content\/uploads\/2024\/07\/beatriz-perez-moya-XN4T2PVUUgk-unsplash.webp?resize=525%2C300&ssl=1 1.5x, https:\/\/i0.wp.com\/kohenavocats.com\/wp-content\/uploads\/2024\/07\/beatriz-perez-moya-XN4T2PVUUgk-unsplash.webp?resize=700%2C400&ssl=1 2x, https:\/\/i0.wp.com\/kohenavocats.com\/wp-content\/uploads\/2024\/07\/beatriz-perez-moya-XN4T2PVUUgk-unsplash.webp?resize=1050%2C600&ssl=1 3x, https:\/\/i0.wp.com\/kohenavocats.com\/wp-content\/uploads\/2024\/07\/beatriz-perez-moya-XN4T2PVUUgk-unsplash.webp?resize=1400%2C800&ssl=1 4x"},"classes":[]},{"id":750054,"url":"https:\/\/kohenavocats.com\/tr\/tribunal-judiciaire-de-lyon-le-16-janvier-2026-n26-00214\/","url_meta":{"origin":659087,"position":1},"title":"Tribunal judiciaire de Lyon, le 16 janvier 2026, n\u00b026\/00214","author":"Kohen","date":"29 Nisan 2026","format":false,"excerpt":"Le 20 janvier 2026, le juge du tribunal judiciaire de Lyon a statu\u00e9 sur une premi\u00e8re demande de prolongation de r\u00e9tention administrative. Un ressortissant al...","rel":"","context":"&quot;Jurisprudence&quot; i\u00e7inde","block_context":{"text":"Jurisprudence","link":"https:\/\/kohenavocats.com\/category\/jurisprudence\/"},"img":{"alt_text":"","src":"https:\/\/i0.wp.com\/kohenavocats.com\/wp-content\/uploads\/2024\/08\/andre-benz-AiORnUT6sC0-unsplash.webp?resize=350%2C200&ssl=1","width":350,"height":200,"srcset":"https:\/\/i0.wp.com\/kohenavocats.com\/wp-content\/uploads\/2024\/08\/andre-benz-AiORnUT6sC0-unsplash.webp?resize=350%2C200&ssl=1 1x, https:\/\/i0.wp.com\/kohenavocats.com\/wp-content\/uploads\/2024\/08\/andre-benz-AiORnUT6sC0-unsplash.webp?resize=525%2C300&ssl=1 1.5x, https:\/\/i0.wp.com\/kohenavocats.com\/wp-content\/uploads\/2024\/08\/andre-benz-AiORnUT6sC0-unsplash.webp?resize=700%2C400&ssl=1 2x, https:\/\/i0.wp.com\/kohenavocats.com\/wp-content\/uploads\/2024\/08\/andre-benz-AiORnUT6sC0-unsplash.webp?resize=1050%2C600&ssl=1 3x, https:\/\/i0.wp.com\/kohenavocats.com\/wp-content\/uploads\/2024\/08\/andre-benz-AiORnUT6sC0-unsplash.webp?resize=1400%2C800&ssl=1 4x"},"classes":[]},{"id":642650,"url":"https:\/\/kohenavocats.com\/tr\/tribunal-judiciaire-de-mesnil-amelot-le-8-octobre-2025-n25-04006\/","url_meta":{"origin":659087,"position":2},"title":"Tribunal judiciaire de Mesnil-Amelot, le 8 octobre 2025, n\u00b025\/04006","author":"Kohen","date":"22 Nisan 2026","format":false,"excerpt":"Le tribunal judiciaire du Mesnil-Amelot, le 8 octobre 2025, statue sur une requ\u00eate pr\u00e9fectorale visant \u00e0 obtenir une troisi\u00e8me prolongation exceptionnelle d'...","rel":"","context":"&quot;Jurisprudence&quot; i\u00e7inde","block_context":{"text":"Jurisprudence","link":"https:\/\/kohenavocats.com\/category\/jurisprudence\/"},"img":{"alt_text":"","src":"https:\/\/i0.wp.com\/kohenavocats.com\/wp-content\/uploads\/2024\/08\/luke-michael-DUV8TJtD2QY-unsplash-1.webp?resize=350%2C200&ssl=1","width":350,"height":200,"srcset":"https:\/\/i0.wp.com\/kohenavocats.com\/wp-content\/uploads\/2024\/08\/luke-michael-DUV8TJtD2QY-unsplash-1.webp?resize=350%2C200&ssl=1 1x, https:\/\/i0.wp.com\/kohenavocats.com\/wp-content\/uploads\/2024\/08\/luke-michael-DUV8TJtD2QY-unsplash-1.webp?resize=525%2C300&ssl=1 1.5x, https:\/\/i0.wp.com\/kohenavocats.com\/wp-content\/uploads\/2024\/08\/luke-michael-DUV8TJtD2QY-unsplash-1.webp?resize=700%2C400&ssl=1 2x, https:\/\/i0.wp.com\/kohenavocats.com\/wp-content\/uploads\/2024\/08\/luke-michael-DUV8TJtD2QY-unsplash-1.webp?resize=1050%2C600&ssl=1 3x, https:\/\/i0.wp.com\/kohenavocats.com\/wp-content\/uploads\/2024\/08\/luke-michael-DUV8TJtD2QY-unsplash-1.webp?resize=1400%2C800&ssl=1 4x"},"classes":[]},{"id":642645,"url":"https:\/\/kohenavocats.com\/tr\/tribunal-judiciaire-de-mesnil-amelot-le-7-octobre-2025-n25-04003\/","url_meta":{"origin":659087,"position":3},"title":"Tribunal judiciaire de Mesnil-Amelot, le 7 octobre 2025, n\u00b025\/04003","author":"Kohen","date":"22 Nisan 2026","format":false,"excerpt":"Le tribunal judiciaire du Mesnil-Amelot, statuant le 7 octobre 2025, examine un recours contre un arr\u00eat\u00e9 de placement en r\u00e9tention et une requ\u00eate en prolonga...","rel":"","context":"&quot;Jurisprudence&quot; i\u00e7inde","block_context":{"text":"Jurisprudence","link":"https:\/\/kohenavocats.com\/category\/jurisprudence\/"},"img":{"alt_text":"","src":"https:\/\/i0.wp.com\/kohenavocats.com\/wp-content\/uploads\/2024\/08\/robert-bye-6uqWm003xj0-unsplash.webp?resize=350%2C200&ssl=1","width":350,"height":200,"srcset":"https:\/\/i0.wp.com\/kohenavocats.com\/wp-content\/uploads\/2024\/08\/robert-bye-6uqWm003xj0-unsplash.webp?resize=350%2C200&ssl=1 1x, https:\/\/i0.wp.com\/kohenavocats.com\/wp-content\/uploads\/2024\/08\/robert-bye-6uqWm003xj0-unsplash.webp?resize=525%2C300&ssl=1 1.5x, https:\/\/i0.wp.com\/kohenavocats.com\/wp-content\/uploads\/2024\/08\/robert-bye-6uqWm003xj0-unsplash.webp?resize=700%2C400&ssl=1 2x, https:\/\/i0.wp.com\/kohenavocats.com\/wp-content\/uploads\/2024\/08\/robert-bye-6uqWm003xj0-unsplash.webp?resize=1050%2C600&ssl=1 3x, https:\/\/i0.wp.com\/kohenavocats.com\/wp-content\/uploads\/2024\/08\/robert-bye-6uqWm003xj0-unsplash.webp?resize=1400%2C800&ssl=1 4x"},"classes":[]},{"id":709662,"url":"https:\/\/kohenavocats.com\/tr\/tribunal-judiciaire-de-saint-denis-de-la-reunion-le-18-decembre-2025-n25-00242\/","url_meta":{"origin":659087,"position":4},"title":"Tribunal judiciaire de Saint-Denis de La R\u00e9union, le 18 d\u00e9cembre 2025, n\u00b025\/00242","author":"Kohen","date":"27 Nisan 2026","format":false,"excerpt":"Le tribunal judiciaire de Saint-Denis de La R\u00e9union, statuant en r\u00e9f\u00e9r\u00e9 le 18 d\u00e9cembre 2025, a \u00e9t\u00e9 saisi d'une demande d'expertise judiciaire par des propri\u00e9...","rel":"","context":"&quot;Jurisprudence&quot; i\u00e7inde","block_context":{"text":"Jurisprudence","link":"https:\/\/kohenavocats.com\/category\/jurisprudence\/"},"img":{"alt_text":"","src":"https:\/\/i0.wp.com\/kohenavocats.com\/wp-content\/uploads\/2024\/11\/laura-adai-hhsSCQVroM8-unsplash.webp?resize=350%2C200&ssl=1","width":350,"height":200,"srcset":"https:\/\/i0.wp.com\/kohenavocats.com\/wp-content\/uploads\/2024\/11\/laura-adai-hhsSCQVroM8-unsplash.webp?resize=350%2C200&ssl=1 1x, https:\/\/i0.wp.com\/kohenavocats.com\/wp-content\/uploads\/2024\/11\/laura-adai-hhsSCQVroM8-unsplash.webp?resize=525%2C300&ssl=1 1.5x, https:\/\/i0.wp.com\/kohenavocats.com\/wp-content\/uploads\/2024\/11\/laura-adai-hhsSCQVroM8-unsplash.webp?resize=700%2C400&ssl=1 2x, https:\/\/i0.wp.com\/kohenavocats.com\/wp-content\/uploads\/2024\/11\/laura-adai-hhsSCQVroM8-unsplash.webp?resize=1050%2C600&ssl=1 3x, https:\/\/i0.wp.com\/kohenavocats.com\/wp-content\/uploads\/2024\/11\/laura-adai-hhsSCQVroM8-unsplash.webp?resize=1400%2C800&ssl=1 4x"},"classes":[]},{"id":642649,"url":"https:\/\/kohenavocats.com\/tr\/tribunal-judiciaire-de-mesnil-amelot-le-8-octobre-2025-n25-04001\/","url_meta":{"origin":659087,"position":5},"title":"Tribunal judiciaire de Mesnil-Amelot, le 8 octobre 2025, n\u00b025\/04001","author":"Kohen","date":"22 Nisan 2026","format":false,"excerpt":"Le tribunal judiciaire du Mesnil-Amelot, statuant le 8 octobre 2025, examine une demande de seconde prolongation de r\u00e9tention administrative. La mesure d'\u00e9lo...","rel":"","context":"&quot;Jurisprudence&quot; i\u00e7inde","block_context":{"text":"Jurisprudence","link":"https:\/\/kohenavocats.com\/category\/jurisprudence\/"},"img":{"alt_text":"","src":"https:\/\/i0.wp.com\/kohenavocats.com\/wp-content\/uploads\/2024\/11\/laura-adai-KfphgU3nUqQ-unsplash.webp?resize=350%2C200&ssl=1","width":350,"height":200,"srcset":"https:\/\/i0.wp.com\/kohenavocats.com\/wp-content\/uploads\/2024\/11\/laura-adai-KfphgU3nUqQ-unsplash.webp?resize=350%2C200&ssl=1 1x, https:\/\/i0.wp.com\/kohenavocats.com\/wp-content\/uploads\/2024\/11\/laura-adai-KfphgU3nUqQ-unsplash.webp?resize=525%2C300&ssl=1 1.5x, https:\/\/i0.wp.com\/kohenavocats.com\/wp-content\/uploads\/2024\/11\/laura-adai-KfphgU3nUqQ-unsplash.webp?resize=700%2C400&ssl=1 2x, https:\/\/i0.wp.com\/kohenavocats.com\/wp-content\/uploads\/2024\/11\/laura-adai-KfphgU3nUqQ-unsplash.webp?resize=1050%2C600&ssl=1 3x, https:\/\/i0.wp.com\/kohenavocats.com\/wp-content\/uploads\/2024\/11\/laura-adai-KfphgU3nUqQ-unsplash.webp?resize=1400%2C800&ssl=1 4x"},"classes":[]}],"jetpack_sharing_enabled":true,"_links":{"self":[{"href":"https:\/\/kohenavocats.com\/tr\/wp-json\/wp\/v2\/posts\/659087","targetHints":{"allow":["GET"]}}],"collection":[{"href":"https:\/\/kohenavocats.com\/tr\/wp-json\/wp\/v2\/posts"}],"about":[{"href":"https:\/\/kohenavocats.com\/tr\/wp-json\/wp\/v2\/types\/post"}],"author":[{"embeddable":true,"href":"https:\/\/kohenavocats.com\/tr\/wp-json\/wp\/v2\/users\/232070755"}],"replies":[{"embeddable":true,"href":"https:\/\/kohenavocats.com\/tr\/wp-json\/wp\/v2\/comments?post=659087"}],"version-history":[{"count":0,"href":"https:\/\/kohenavocats.com\/tr\/wp-json\/wp\/v2\/posts\/659087\/revisions"}],"wp:featuredmedia":[{"embeddable":true,"href":"https:\/\/kohenavocats.com\/tr\/wp-json\/wp\/v2\/media\/9593"}],"wp:attachment":[{"href":"https:\/\/kohenavocats.com\/tr\/wp-json\/wp\/v2\/media?parent=659087"}],"wp:term":[{"taxonomy":"category","embeddable":true,"href":"https:\/\/kohenavocats.com\/tr\/wp-json\/wp\/v2\/categories?post=659087"},{"taxonomy":"post_tag","embeddable":true,"href":"https:\/\/kohenavocats.com\/tr\/wp-json\/wp\/v2\/tags?post=659087"}],"curies":[{"name":"wp","href":"https:\/\/api.w.org\/{rel}","templated":true}]}}