{"id":659232,"date":"2026-04-23T12:55:02","date_gmt":"2026-04-23T10:55:02","guid":{"rendered":"https:\/\/kohenavocats.com\/tribunal-judiciaire-de-caen-le-26-mai-2023-n24-00613\/"},"modified":"2026-04-23T12:55:02","modified_gmt":"2026-04-23T10:55:02","slug":"tribunal-judiciaire-de-caen-le-26-mai-2023-n24-00613","status":"publish","type":"post","link":"https:\/\/kohenavocats.com\/tr\/tribunal-judiciaire-de-caen-le-26-mai-2023-n24-00613\/","title":{"rendered":"Tribunal judiciaire de Caen, le 26 mai 2023, n\u00b024\/00613"},"content":{"rendered":"<div class=\"article-content\">\n<p>Le tribunal judiciaire de Caen, statuant en mati\u00e8re de protection sociale, a rendu son jugement le 26 mai 2023. Une soci\u00e9t\u00e9 civile immobili\u00e8re avait form\u00e9 opposition suite \u00e0 une contrainte \u00e9mise par la caisse d&#8217;allocations familiales. L&#8217;organisme demandait le remboursement d&#8217;allocations logement ind\u00fbment vers\u00e9es. La soci\u00e9t\u00e9 civile immobili\u00e8re invoquait notamment la prescription biennale de l&#8217;action en recouvrement. Le tribunal a rejet\u00e9 ces moyens et condamn\u00e9 la soci\u00e9t\u00e9 au remboursement des sommes. Il a \u00e9galement d\u00e9bout\u00e9 cette derni\u00e8re de ses demandes reconventionnelles en paiement et en dommages-int\u00e9r\u00eats.<\/p>\n<p>Le r\u00e9gime de la prescription de l&#8217;action en recouvrement<\/p>\n<p>La d\u00e9termination du point de d\u00e9part du d\u00e9lai. Le tribunal rappelle les r\u00e8gles de prescription applicables aux prestations indues. Le point de d\u00e9part se situe \u00e0 la date \u00e0 laquelle les prestations indues ont \u00e9t\u00e9 effectivement pay\u00e9es. Cependant, le texte pr\u00e9voit une exception notable en cas de comportement frauduleux. En cas de fraude ou de fausses d\u00e9clarations, le point de d\u00e9part de la prescription est report\u00e9 \u00e0 la date de d\u00e9couverte de celle-ci. Cette distinction est fondamentale pour le calcul du d\u00e9lai. Elle conditionne la recevabilit\u00e9 de l&#8217;action intent\u00e9e par l&#8217;organisme payeur.<\/p>\n<p>L&#8217;incidence d&#8217;une fraude sur la computation des d\u00e9lais. La d\u00e9cision op\u00e8re une application concr\u00e8te de ces principes \u00e0 l&#8217;esp\u00e8ce. Elle constate l&#8217;existence de fausses d\u00e9clarations de la part du bailleur. Ces fausses d\u00e9clarations de la SCI NEVA constituent manifestement une fraude, nonobstant l\u2019absence de poursuites p\u00e9nales. La qualification de fraude \u00e9carte l&#8217;application de la prescription biennale de droit commun. Le point de d\u00e9part est ainsi report\u00e9 \u00e0 la date de d\u00e9couverte des agissements r\u00e9pr\u00e9hensibles. La notification d&#8217;indu intervient alors dans un d\u00e9lai permis, rendant l&#8217;action recevable.<\/p>\n<p>La caract\u00e9risation de l&#8217;indu et la sanction des agissements frauduleux<\/p>\n<p>Les conditions d&#8217;ouverture du droit \u00e0 l&#8217;allocation logement. Le tribunal analyse pr\u00e9cis\u00e9ment les faits pour \u00e9tablir le caract\u00e8re indu des versements. L&#8217;allocation est subordonn\u00e9e \u00e0 la condition d&#8217;une r\u00e9sidence principale. La notion de r\u00e9sidence principale doit \u00eatre entendue au sens du logement effectivement occup\u00e9 au moins huit mois par an. Or, les investigations d\u00e9montrent que l&#8217;allocataire d\u00e9clar\u00e9 n&#8217;occupait pas le studio faisant l&#8217;objet de l&#8217;attestation de loyer. Le bailleur a per\u00e7u l\u2019allocation logement pour ce locataire jusqu\u2019au mois de juin 2011 sans informer la CAF de son d\u00e9part. Les versements \u00e9taient donc priv\u00e9s de cause l\u00e9gale d\u00e8s l&#8217;origine.<\/p>\n<p>La reconnaissance d&#8217;une fraude justifiant la restitution. Le juge qualifie les agissements du bailleur en relevant des contradictions dans ses d\u00e9clarations. Il a reconnu qu\u2019il s\u2019agissait d\u2019un arrangement entre les parties pour percevoir int\u00e9gralement le loyer. Le tribunal d\u00e9duit de ces \u00e9l\u00e9ments une intention frauduleuse. Ces fausses d\u00e9clarations ont \u00e9t\u00e9 faites \u00e0 la CAF pour obtenir le b\u00e9n\u00e9fice d\u2019une allocation logement. Le fondement juridique de la condamnation au remboursement est alors clair. L&#8217;article 1302-1 du code civil pr\u00e9voit que celui qui per\u00e7oit sciemment ce qui ne lui est pas d\u00fb s&#8217;oblige \u00e0 le restituer. La condamnation au remboursement de l&#8217;int\u00e9gralit\u00e9 des sommes per\u00e7ues en d\u00e9coule logiquement.<\/p>\n<p>Ce jugement illustre la s\u00e9v\u00e9rit\u00e9 du juge \u00e0 l&#8217;\u00e9gard des man&#8217;uvres frauduleuses dans l&#8217;obtention d&#8217;aides sociales. Il rappelle que la bonne foi est une condition essentielle dans les relations avec les organismes payeurs. La port\u00e9e de la d\u00e9cision r\u00e9side dans l&#8217;interpr\u00e9tation large de la notion de fraude. Celle-ci peut \u00eatre retenue ind\u00e9pendamment de toute poursuite p\u00e9nale pr\u00e9alable. La valeur de l&#8217;arr\u00eat est de confirmer une jurisprudence protectrice des deniers publics. Elle rejoint une solution ant\u00e9rieure selon laquelle la notification d&#8217;indu interrompt la prescription. &#8220;La notification d&#8217;indu adress\u00e9e aux appelants le 21 novembre 2017 a interrompu la prescription de l&#8217;action&#8221; (Tribunal judiciaire de Paris, le 2 avril 2025, n\u00b023\/03196). Le raisonnement adopt\u00e9 renforce l&#8217;efficacit\u00e9 du recouvrement des prestations indues. Il dissuade les tentatives de contournement des r\u00e8gles d&#8217;attribution des aides au logement.<\/p>\n<\/div>\n","protected":false},"excerpt":{"rendered":"<p>Le tribunal judiciaire de Caen, statuant en mati\u00e8re de protection sociale, a rendu son jugement le 26 mai 2023. Une soci\u00e9t\u00e9 civile immobili\u00e8re avait form\u00e9 op&#8230;<\/p>\n","protected":false},"author":232070755,"featured_media":9447,"comment_status":"open","ping_status":"open","sticky":false,"template":"","format":"standard","meta":{"_crdt_document":"","_jetpack_newsletter_access":"","_jetpack_dont_email_post_to_subs":false,"_jetpack_newsletter_tier_id":0,"_jetpack_memberships_contains_paywalled_content":false,"_kj_source_type":"","_kj_official_id":"","_kj_official_url":"","_kj_judilibre_id":"","_kj_jur":"","_kj_lieu":"","_kj_chambre":"","_kj_rg":"","_kj_date":"","_jetpack_memberships_contains_paid_content":false,"footnotes":"","jetpack_post_was_ever_published":false},"categories":[7597],"tags":[],"class_list":["post-659232","post","type-post","status-publish","format-standard","has-post-thumbnail","hentry","category-jurisprudence"],"yoast_head":"<!-- This site is optimized with the Yoast SEO Premium plugin v27.5 (Yoast SEO v27.5) - https:\/\/yoast.com\/product\/yoast-seo-premium-wordpress\/ -->\n<title>Tribunal judiciaire de Caen, le 26 mai 2023, n\u00b024\/00613 - Ma\u00eetre Hassan Kohen, avocat en droit p\u00e9nal \u00e0 Paris<\/title>\n<meta name=\"description\" content=\"Le tribunal judiciaire de Caen, statuant en mati\u00e8re de protection sociale, a rendu son jugement le 26 mai 2023. Une soci\u00e9t\u00e9 civile immobili\u00e8re avait form\u00e9 op...\" \/>\n<meta name=\"robots\" content=\"index, follow, max-snippet:-1, max-image-preview:large, max-video-preview:-1\" \/>\n<link rel=\"canonical\" href=\"https:\/\/kohenavocats.com\/tr\/tribunal-judiciaire-de-caen-le-26-mai-2023-n24-00613\/\" \/>\n<meta property=\"og:locale\" content=\"tr_TR\" \/>\n<meta property=\"og:type\" content=\"article\" \/>\n<meta property=\"og:title\" content=\"Tribunal judiciaire de Caen, le 26 mai 2023, n\u00b024\/00613\" \/>\n<meta property=\"og:description\" content=\"Le tribunal judiciaire de Caen, statuant en mati\u00e8re de protection sociale, a rendu son jugement le 26 mai 2023. Une soci\u00e9t\u00e9 civile immobili\u00e8re avait form\u00e9 op...\" \/>\n<meta property=\"og:url\" content=\"https:\/\/kohenavocats.com\/tr\/tribunal-judiciaire-de-caen-le-26-mai-2023-n24-00613\/\" \/>\n<meta property=\"og:site_name\" content=\"Ma\u00eetre Hassan Kohen, avocat en droit p\u00e9nal \u00e0 Paris\" \/>\n<meta property=\"article:published_time\" content=\"2026-04-23T10:55:02+00:00\" \/>\n<meta property=\"og:image\" content=\"https:\/\/kohenavocats.com\/wp-content\/uploads\/2024\/11\/george-dagerotip-kFQshsmdP-M-unsplash.webp\" \/>\n\t<meta property=\"og:image:width\" content=\"6240\" \/>\n\t<meta property=\"og:image:height\" content=\"4160\" \/>\n\t<meta property=\"og:image:type\" content=\"image\/webp\" \/>\n<meta name=\"author\" content=\"Kohen\" \/>\n<meta name=\"twitter:card\" content=\"summary_large_image\" \/>\n<meta name=\"twitter:label1\" content=\"Yazan:\" \/>\n\t<meta name=\"twitter:data1\" content=\"Kohen\" \/>\n\t<meta name=\"twitter:label2\" content=\"Tahmini okuma s\u00fcresi\" \/>\n\t<meta name=\"twitter:data2\" content=\"3 dakika\" \/>\n<script type=\"application\/ld+json\" class=\"yoast-schema-graph\">{\"@context\":\"https:\\\/\\\/schema.org\",\"@graph\":[{\"@type\":\"Article\",\"@id\":\"https:\\\/\\\/kohenavocats.com\\\/tr\\\/tribunal-judiciaire-de-caen-le-26-mai-2023-n24-00613\\\/#article\",\"isPartOf\":{\"@id\":\"https:\\\/\\\/kohenavocats.com\\\/tr\\\/tribunal-judiciaire-de-caen-le-26-mai-2023-n24-00613\\\/\"},\"author\":{\"name\":\"Kohen\",\"@id\":\"https:\\\/\\\/kohenavocats.com\\\/tr\\\/#\\\/schema\\\/person\\\/761c9ba54fa1ca84d405cef0831ff751\"},\"headline\":\"Tribunal judiciaire de Caen, le 26 mai 2023, n\u00b024\\\/00613\",\"datePublished\":\"2026-04-23T10:55:02+00:00\",\"mainEntityOfPage\":{\"@id\":\"https:\\\/\\\/kohenavocats.com\\\/tr\\\/tribunal-judiciaire-de-caen-le-26-mai-2023-n24-00613\\\/\"},\"wordCount\":730,\"commentCount\":0,\"publisher\":{\"@id\":\"https:\\\/\\\/kohenavocats.com\\\/tr\\\/#organization\"},\"image\":{\"@id\":\"https:\\\/\\\/kohenavocats.com\\\/tr\\\/tribunal-judiciaire-de-caen-le-26-mai-2023-n24-00613\\\/#primaryimage\"},\"thumbnailUrl\":\"https:\\\/\\\/kohenavocats.com\\\/wp-content\\\/uploads\\\/2024\\\/11\\\/george-dagerotip-kFQshsmdP-M-unsplash.webp\",\"articleSection\":[\"Jurisprudence\"],\"inLanguage\":\"tr\",\"potentialAction\":[{\"@type\":\"CommentAction\",\"name\":\"Comment\",\"target\":[\"https:\\\/\\\/kohenavocats.com\\\/tr\\\/tribunal-judiciaire-de-caen-le-26-mai-2023-n24-00613\\\/#respond\"]}],\"citation\":\"Tribunal judiciaire de Caen, le 26 mai 2023, n\u00b024\\\/00613\",\"about\":[{\"@type\":\"Thing\",\"name\":\"Jurisprudence\"}],\"dateModified\":\"2026-04-23T10:55:02+00:00\",\"speakable\":{\"@type\":\"SpeakableSpecification\",\"cssSelector\":[\".article-content > p:first-of-type\"]}},{\"@type\":\"WebPage\",\"@id\":\"https:\\\/\\\/kohenavocats.com\\\/tr\\\/tribunal-judiciaire-de-caen-le-26-mai-2023-n24-00613\\\/\",\"url\":\"https:\\\/\\\/kohenavocats.com\\\/tr\\\/tribunal-judiciaire-de-caen-le-26-mai-2023-n24-00613\\\/\",\"name\":\"Tribunal judiciaire de Caen, le 26 mai 2023, n\u00b024\\\/00613 - Ma\u00eetre Hassan Kohen, avocat en droit p\u00e9nal \u00e0 Paris\",\"isPartOf\":{\"@id\":\"https:\\\/\\\/kohenavocats.com\\\/tr\\\/#website\"},\"primaryImageOfPage\":{\"@id\":\"https:\\\/\\\/kohenavocats.com\\\/tr\\\/tribunal-judiciaire-de-caen-le-26-mai-2023-n24-00613\\\/#primaryimage\"},\"image\":{\"@id\":\"https:\\\/\\\/kohenavocats.com\\\/tr\\\/tribunal-judiciaire-de-caen-le-26-mai-2023-n24-00613\\\/#primaryimage\"},\"thumbnailUrl\":\"https:\\\/\\\/kohenavocats.com\\\/wp-content\\\/uploads\\\/2024\\\/11\\\/george-dagerotip-kFQshsmdP-M-unsplash.webp\",\"datePublished\":\"2026-04-23T10:55:02+00:00\",\"description\":\"Le tribunal judiciaire de Caen, statuant en mati\u00e8re de protection sociale, a rendu son jugement le 26 mai 2023. Une soci\u00e9t\u00e9 civile immobili\u00e8re avait form\u00e9 op...\",\"breadcrumb\":{\"@id\":\"https:\\\/\\\/kohenavocats.com\\\/tr\\\/tribunal-judiciaire-de-caen-le-26-mai-2023-n24-00613\\\/#breadcrumb\"},\"inLanguage\":\"tr\",\"potentialAction\":[{\"@type\":\"ReadAction\",\"target\":[\"https:\\\/\\\/kohenavocats.com\\\/tr\\\/tribunal-judiciaire-de-caen-le-26-mai-2023-n24-00613\\\/\"]}]},{\"@type\":\"ImageObject\",\"inLanguage\":\"tr\",\"@id\":\"https:\\\/\\\/kohenavocats.com\\\/tr\\\/tribunal-judiciaire-de-caen-le-26-mai-2023-n24-00613\\\/#primaryimage\",\"url\":\"https:\\\/\\\/kohenavocats.com\\\/wp-content\\\/uploads\\\/2024\\\/11\\\/george-dagerotip-kFQshsmdP-M-unsplash.webp\",\"contentUrl\":\"https:\\\/\\\/kohenavocats.com\\\/wp-content\\\/uploads\\\/2024\\\/11\\\/george-dagerotip-kFQshsmdP-M-unsplash.webp\",\"width\":6240,\"height\":4160},{\"@type\":\"BreadcrumbList\",\"@id\":\"https:\\\/\\\/kohenavocats.com\\\/tr\\\/tribunal-judiciaire-de-caen-le-26-mai-2023-n24-00613\\\/#breadcrumb\",\"itemListElement\":[{\"@type\":\"ListItem\",\"position\":1,\"name\":\"Home\",\"item\":\"https:\\\/\\\/kohenavocats.com\\\/tr\\\/avocats-en-droit-penal-a-paris-conseil-et-defense-strategique\\\/\"},{\"@type\":\"ListItem\",\"position\":2,\"name\":\"Tribunal judiciaire de Caen, le 26 mai 2023, n\u00b024\\\/00613\"}]},{\"@type\":\"WebSite\",\"@id\":\"https:\\\/\\\/kohenavocats.com\\\/tr\\\/#website\",\"url\":\"https:\\\/\\\/kohenavocats.com\\\/tr\\\/\",\"name\":\"Kohen Avocats\",\"description\":\"Ma\u00eetre Hassan Kohen, avocat p\u00e9naliste \u00e0 Paris, intervient exclusivement en droit p\u00e9nal pour la d\u00e9fense des particuliers, notamment en mati\u00e8re d\u2019accusations de viol. Il assure un accompagnement rigoureux d\u00e8s la garde \u00e0 vue jusqu\u2019\u00e0 la Cour d\u2019assises, veillant au strict respect des garanties proc\u00e9durales.\",\"publisher\":{\"@id\":\"https:\\\/\\\/kohenavocats.com\\\/tr\\\/#organization\"},\"potentialAction\":[{\"@type\":\"SearchAction\",\"target\":{\"@type\":\"EntryPoint\",\"urlTemplate\":\"https:\\\/\\\/kohenavocats.com\\\/tr\\\/?s={search_term_string}\"},\"query-input\":{\"@type\":\"PropertyValueSpecification\",\"valueRequired\":true,\"valueName\":\"search_term_string\"}}],\"inLanguage\":\"tr\"},{\"@type\":\"Organization\",\"@id\":\"https:\\\/\\\/kohenavocats.com\\\/tr\\\/#organization\",\"name\":\"Kohen Avocats\",\"url\":\"https:\\\/\\\/kohenavocats.com\\\/tr\\\/\",\"logo\":{\"@type\":\"ImageObject\",\"inLanguage\":\"tr\",\"@id\":\"https:\\\/\\\/kohenavocats.com\\\/tr\\\/#\\\/schema\\\/logo\\\/image\\\/\",\"url\":\"https:\\\/\\\/kohenavocats.com\\\/wp-content\\\/uploads\\\/2026\\\/01\\\/Logo-2-1.webp\",\"contentUrl\":\"https:\\\/\\\/kohenavocats.com\\\/wp-content\\\/uploads\\\/2026\\\/01\\\/Logo-2-1.webp\",\"width\":2114,\"height\":1253,\"caption\":\"Kohen Avocats\"},\"image\":{\"@id\":\"https:\\\/\\\/kohenavocats.com\\\/tr\\\/#\\\/schema\\\/logo\\\/image\\\/\"}},{\"@type\":\"Person\",\"@id\":\"https:\\\/\\\/kohenavocats.com\\\/tr\\\/#\\\/schema\\\/person\\\/761c9ba54fa1ca84d405cef0831ff751\",\"name\":\"Kohen\",\"image\":{\"@type\":\"ImageObject\",\"inLanguage\":\"tr\",\"@id\":\"https:\\\/\\\/secure.gravatar.com\\\/avatar\\\/1c5e76ef76bbbfdd2b4da984e2bf2fa4056fd51a27d25ce2c332047f1dfd6e00?s=96&d=identicon&r=g\",\"url\":\"https:\\\/\\\/secure.gravatar.com\\\/avatar\\\/1c5e76ef76bbbfdd2b4da984e2bf2fa4056fd51a27d25ce2c332047f1dfd6e00?s=96&d=identicon&r=g\",\"contentUrl\":\"https:\\\/\\\/secure.gravatar.com\\\/avatar\\\/1c5e76ef76bbbfdd2b4da984e2bf2fa4056fd51a27d25ce2c332047f1dfd6e00?s=96&d=identicon&r=g\",\"caption\":\"Kohen\"},\"sameAs\":[\"https:\\\/\\\/www.linkedin.com\\\/in\\\/hassan-kohen-448548192\\\/\",\"https:\\\/\\\/www.youtube.com\\\/@Kohen-Avocats\"],\"url\":\"https:\\\/\\\/kohenavocats.com\\\/tr\\\/author\\\/kohenmlk\\\/\"}]}<\/script>\n<!-- \/ Yoast SEO Premium plugin. -->","yoast_head_json":{"title":"Tribunal judiciaire de Caen, le 26 mai 2023, n\u00b024\/00613 - Ma\u00eetre Hassan Kohen, avocat en droit p\u00e9nal \u00e0 Paris","description":"Le tribunal judiciaire de Caen, statuant en mati\u00e8re de protection sociale, a rendu son jugement le 26 mai 2023. Une soci\u00e9t\u00e9 civile immobili\u00e8re avait form\u00e9 op...","robots":{"index":"index","follow":"follow","max-snippet":"max-snippet:-1","max-image-preview":"max-image-preview:large","max-video-preview":"max-video-preview:-1"},"canonical":"https:\/\/kohenavocats.com\/tr\/tribunal-judiciaire-de-caen-le-26-mai-2023-n24-00613\/","og_locale":"tr_TR","og_type":"article","og_title":"Tribunal judiciaire de Caen, le 26 mai 2023, n\u00b024\/00613","og_description":"Le tribunal judiciaire de Caen, statuant en mati\u00e8re de protection sociale, a rendu son jugement le 26 mai 2023. Une soci\u00e9t\u00e9 civile immobili\u00e8re avait form\u00e9 op...","og_url":"https:\/\/kohenavocats.com\/tr\/tribunal-judiciaire-de-caen-le-26-mai-2023-n24-00613\/","og_site_name":"Ma\u00eetre Hassan Kohen, avocat en droit p\u00e9nal \u00e0 Paris","article_published_time":"2026-04-23T10:55:02+00:00","og_image":[{"width":6240,"height":4160,"url":"https:\/\/kohenavocats.com\/wp-content\/uploads\/2024\/11\/george-dagerotip-kFQshsmdP-M-unsplash.webp","type":"image\/webp"}],"author":"Kohen","twitter_card":"summary_large_image","twitter_misc":{"Yazan:":"Kohen","Tahmini okuma s\u00fcresi":"3 dakika"},"schema":{"@context":"https:\/\/schema.org","@graph":[{"@type":"Article","@id":"https:\/\/kohenavocats.com\/tr\/tribunal-judiciaire-de-caen-le-26-mai-2023-n24-00613\/#article","isPartOf":{"@id":"https:\/\/kohenavocats.com\/tr\/tribunal-judiciaire-de-caen-le-26-mai-2023-n24-00613\/"},"author":{"name":"Kohen","@id":"https:\/\/kohenavocats.com\/tr\/#\/schema\/person\/761c9ba54fa1ca84d405cef0831ff751"},"headline":"Tribunal judiciaire de Caen, le 26 mai 2023, n\u00b024\/00613","datePublished":"2026-04-23T10:55:02+00:00","mainEntityOfPage":{"@id":"https:\/\/kohenavocats.com\/tr\/tribunal-judiciaire-de-caen-le-26-mai-2023-n24-00613\/"},"wordCount":730,"commentCount":0,"publisher":{"@id":"https:\/\/kohenavocats.com\/tr\/#organization"},"image":{"@id":"https:\/\/kohenavocats.com\/tr\/tribunal-judiciaire-de-caen-le-26-mai-2023-n24-00613\/#primaryimage"},"thumbnailUrl":"https:\/\/kohenavocats.com\/wp-content\/uploads\/2024\/11\/george-dagerotip-kFQshsmdP-M-unsplash.webp","articleSection":["Jurisprudence"],"inLanguage":"tr","potentialAction":[{"@type":"CommentAction","name":"Comment","target":["https:\/\/kohenavocats.com\/tr\/tribunal-judiciaire-de-caen-le-26-mai-2023-n24-00613\/#respond"]}],"citation":"Tribunal judiciaire de Caen, le 26 mai 2023, n\u00b024\/00613","about":[{"@type":"Thing","name":"Jurisprudence"}],"dateModified":"2026-04-23T10:55:02+00:00","speakable":{"@type":"SpeakableSpecification","cssSelector":[".article-content > p:first-of-type"]}},{"@type":"WebPage","@id":"https:\/\/kohenavocats.com\/tr\/tribunal-judiciaire-de-caen-le-26-mai-2023-n24-00613\/","url":"https:\/\/kohenavocats.com\/tr\/tribunal-judiciaire-de-caen-le-26-mai-2023-n24-00613\/","name":"Tribunal judiciaire de Caen, le 26 mai 2023, n\u00b024\/00613 - Ma\u00eetre Hassan Kohen, avocat en droit p\u00e9nal \u00e0 Paris","isPartOf":{"@id":"https:\/\/kohenavocats.com\/tr\/#website"},"primaryImageOfPage":{"@id":"https:\/\/kohenavocats.com\/tr\/tribunal-judiciaire-de-caen-le-26-mai-2023-n24-00613\/#primaryimage"},"image":{"@id":"https:\/\/kohenavocats.com\/tr\/tribunal-judiciaire-de-caen-le-26-mai-2023-n24-00613\/#primaryimage"},"thumbnailUrl":"https:\/\/kohenavocats.com\/wp-content\/uploads\/2024\/11\/george-dagerotip-kFQshsmdP-M-unsplash.webp","datePublished":"2026-04-23T10:55:02+00:00","description":"Le tribunal judiciaire de Caen, statuant en mati\u00e8re de protection sociale, a rendu son jugement le 26 mai 2023. Une soci\u00e9t\u00e9 civile immobili\u00e8re avait form\u00e9 op...","breadcrumb":{"@id":"https:\/\/kohenavocats.com\/tr\/tribunal-judiciaire-de-caen-le-26-mai-2023-n24-00613\/#breadcrumb"},"inLanguage":"tr","potentialAction":[{"@type":"ReadAction","target":["https:\/\/kohenavocats.com\/tr\/tribunal-judiciaire-de-caen-le-26-mai-2023-n24-00613\/"]}]},{"@type":"ImageObject","inLanguage":"tr","@id":"https:\/\/kohenavocats.com\/tr\/tribunal-judiciaire-de-caen-le-26-mai-2023-n24-00613\/#primaryimage","url":"https:\/\/kohenavocats.com\/wp-content\/uploads\/2024\/11\/george-dagerotip-kFQshsmdP-M-unsplash.webp","contentUrl":"https:\/\/kohenavocats.com\/wp-content\/uploads\/2024\/11\/george-dagerotip-kFQshsmdP-M-unsplash.webp","width":6240,"height":4160},{"@type":"BreadcrumbList","@id":"https:\/\/kohenavocats.com\/tr\/tribunal-judiciaire-de-caen-le-26-mai-2023-n24-00613\/#breadcrumb","itemListElement":[{"@type":"ListItem","position":1,"name":"Home","item":"https:\/\/kohenavocats.com\/tr\/avocats-en-droit-penal-a-paris-conseil-et-defense-strategique\/"},{"@type":"ListItem","position":2,"name":"Tribunal judiciaire de Caen, le 26 mai 2023, n\u00b024\/00613"}]},{"@type":"WebSite","@id":"https:\/\/kohenavocats.com\/tr\/#website","url":"https:\/\/kohenavocats.com\/tr\/","name":"Kohen Avocats","description":"Ma\u00eetre Hassan Kohen, avocat p\u00e9naliste \u00e0 Paris, intervient exclusivement en droit p\u00e9nal pour la d\u00e9fense des particuliers, notamment en mati\u00e8re d\u2019accusations de viol. Il assure un accompagnement rigoureux d\u00e8s la garde \u00e0 vue jusqu\u2019\u00e0 la Cour d\u2019assises, veillant au strict respect des garanties proc\u00e9durales.","publisher":{"@id":"https:\/\/kohenavocats.com\/tr\/#organization"},"potentialAction":[{"@type":"SearchAction","target":{"@type":"EntryPoint","urlTemplate":"https:\/\/kohenavocats.com\/tr\/?s={search_term_string}"},"query-input":{"@type":"PropertyValueSpecification","valueRequired":true,"valueName":"search_term_string"}}],"inLanguage":"tr"},{"@type":"Organization","@id":"https:\/\/kohenavocats.com\/tr\/#organization","name":"Kohen Avocats","url":"https:\/\/kohenavocats.com\/tr\/","logo":{"@type":"ImageObject","inLanguage":"tr","@id":"https:\/\/kohenavocats.com\/tr\/#\/schema\/logo\/image\/","url":"https:\/\/kohenavocats.com\/wp-content\/uploads\/2026\/01\/Logo-2-1.webp","contentUrl":"https:\/\/kohenavocats.com\/wp-content\/uploads\/2026\/01\/Logo-2-1.webp","width":2114,"height":1253,"caption":"Kohen Avocats"},"image":{"@id":"https:\/\/kohenavocats.com\/tr\/#\/schema\/logo\/image\/"}},{"@type":"Person","@id":"https:\/\/kohenavocats.com\/tr\/#\/schema\/person\/761c9ba54fa1ca84d405cef0831ff751","name":"Kohen","image":{"@type":"ImageObject","inLanguage":"tr","@id":"https:\/\/secure.gravatar.com\/avatar\/1c5e76ef76bbbfdd2b4da984e2bf2fa4056fd51a27d25ce2c332047f1dfd6e00?s=96&d=identicon&r=g","url":"https:\/\/secure.gravatar.com\/avatar\/1c5e76ef76bbbfdd2b4da984e2bf2fa4056fd51a27d25ce2c332047f1dfd6e00?s=96&d=identicon&r=g","contentUrl":"https:\/\/secure.gravatar.com\/avatar\/1c5e76ef76bbbfdd2b4da984e2bf2fa4056fd51a27d25ce2c332047f1dfd6e00?s=96&d=identicon&r=g","caption":"Kohen"},"sameAs":["https:\/\/www.linkedin.com\/in\/hassan-kohen-448548192\/","https:\/\/www.youtube.com\/@Kohen-Avocats"],"url":"https:\/\/kohenavocats.com\/tr\/author\/kohenmlk\/"}]}},"jetpack_featured_media_url":"https:\/\/kohenavocats.com\/wp-content\/uploads\/2024\/11\/george-dagerotip-kFQshsmdP-M-unsplash.webp","jetpack_likes_enabled":false,"jetpack_shortlink":"https:\/\/wp.me\/peCrII-2LuM","jetpack-related-posts":[{"id":235829,"url":"https:\/\/kohenavocats.com\/tr\/cour-dappel-de-paris-le-27-juin-2025-n24-09881\/","url_meta":{"origin":659232,"position":0},"title":"Cour d&#8217;appel de Paris, le 27 juin 2025, n\u00b024\/09881","author":"Kohen","date":"28 Aral\u0131k 2025","format":false,"excerpt":"La responsabilit\u00e9 fond\u00e9e sur les troubles anormaux de voisinage constitue un terrain contentieux o\u00f9 la question de la prescription soul\u00e8ve des difficult\u00e9s particuli\u00e8res. Le point de d\u00e9part du d\u00e9lai quinquennal, lorsque le dommage r\u00e9sulte de travaux successifs sur un fonds voisin, demeure une source d\u2019incertitude jurisprudentielle. La Cour d\u2019appel de\u2026","rel":"","context":"&quot;Cour d'appel&quot; i\u00e7inde","block_context":{"text":"Cour d'appel","link":"https:\/\/kohenavocats.com\/category\/cour-dappel\/"},"img":{"alt_text":"","src":"https:\/\/i0.wp.com\/kohenavocats.com\/wp-content\/uploads\/2024\/11\/laura-adai-AUtGEImMB-8-unsplash.webp?resize=350%2C200&ssl=1","width":350,"height":200,"srcset":"https:\/\/i0.wp.com\/kohenavocats.com\/wp-content\/uploads\/2024\/11\/laura-adai-AUtGEImMB-8-unsplash.webp?resize=350%2C200&ssl=1 1x, https:\/\/i0.wp.com\/kohenavocats.com\/wp-content\/uploads\/2024\/11\/laura-adai-AUtGEImMB-8-unsplash.webp?resize=525%2C300&ssl=1 1.5x, https:\/\/i0.wp.com\/kohenavocats.com\/wp-content\/uploads\/2024\/11\/laura-adai-AUtGEImMB-8-unsplash.webp?resize=700%2C400&ssl=1 2x, https:\/\/i0.wp.com\/kohenavocats.com\/wp-content\/uploads\/2024\/11\/laura-adai-AUtGEImMB-8-unsplash.webp?resize=1050%2C600&ssl=1 3x, https:\/\/i0.wp.com\/kohenavocats.com\/wp-content\/uploads\/2024\/11\/laura-adai-AUtGEImMB-8-unsplash.webp?resize=1400%2C800&ssl=1 4x"},"classes":[]},{"id":618420,"url":"https:\/\/kohenavocats.com\/tr\/tribunal-judiciaire-de-marseille-le-21-octobre-2025-n23-04118\/","url_meta":{"origin":659232,"position":1},"title":"Tribunal judiciaire de Marseille, le 21 octobre 2025, n\u00b023\/04118","author":"Kohen","date":"20 Nisan 2026","format":false,"excerpt":"Le tribunal judiciaire de Marseille, statuant en p\u00f4le de proximit\u00e9, a rendu un jugement le 21 octobre 2025. Une soci\u00e9t\u00e9 civile immobili\u00e8re reprochait \u00e0 son m...","rel":"","context":"&quot;Jurisprudence&quot; i\u00e7inde","block_context":{"text":"Jurisprudence","link":"https:\/\/kohenavocats.com\/category\/jurisprudence\/"},"img":{"alt_text":"","src":"https:\/\/i0.wp.com\/kohenavocats.com\/wp-content\/uploads\/2024\/11\/laura-adai-cc4Z4TqvPOg-unsplash.webp?resize=350%2C200&ssl=1","width":350,"height":200,"srcset":"https:\/\/i0.wp.com\/kohenavocats.com\/wp-content\/uploads\/2024\/11\/laura-adai-cc4Z4TqvPOg-unsplash.webp?resize=350%2C200&ssl=1 1x, https:\/\/i0.wp.com\/kohenavocats.com\/wp-content\/uploads\/2024\/11\/laura-adai-cc4Z4TqvPOg-unsplash.webp?resize=525%2C300&ssl=1 1.5x, https:\/\/i0.wp.com\/kohenavocats.com\/wp-content\/uploads\/2024\/11\/laura-adai-cc4Z4TqvPOg-unsplash.webp?resize=700%2C400&ssl=1 2x, https:\/\/i0.wp.com\/kohenavocats.com\/wp-content\/uploads\/2024\/11\/laura-adai-cc4Z4TqvPOg-unsplash.webp?resize=1050%2C600&ssl=1 3x, https:\/\/i0.wp.com\/kohenavocats.com\/wp-content\/uploads\/2024\/11\/laura-adai-cc4Z4TqvPOg-unsplash.webp?resize=1400%2C800&ssl=1 4x"},"classes":[]},{"id":486457,"url":"https:\/\/kohenavocats.com\/tr\/tribunal-judiciaire-le-4-avril-2025-n25-04120\/","url_meta":{"origin":659232,"position":2},"title":"Tribunal judiciaire, le 4 avril 2025, n\u00b025\/04120","author":"Kohen","date":"8 Nisan 2026","format":false,"excerpt":"Le tribunal judiciaire, statuant par jugement du 4 avril 2025, examine une demande en paiement dirig\u00e9e contre les associ\u00e9s d'une soci\u00e9t\u00e9 civile immobili\u00e8re d...","rel":"","context":"&quot;Jurisprudence&quot; i\u00e7inde","block_context":{"text":"Jurisprudence","link":"https:\/\/kohenavocats.com\/category\/jurisprudence\/"},"img":{"alt_text":"","src":"https:\/\/i0.wp.com\/kohenavocats.com\/wp-content\/uploads\/2024\/11\/mohamed-nohassi-EJVxjuWkqSY-unsplash.webp?resize=350%2C200&ssl=1","width":350,"height":200,"srcset":"https:\/\/i0.wp.com\/kohenavocats.com\/wp-content\/uploads\/2024\/11\/mohamed-nohassi-EJVxjuWkqSY-unsplash.webp?resize=350%2C200&ssl=1 1x, https:\/\/i0.wp.com\/kohenavocats.com\/wp-content\/uploads\/2024\/11\/mohamed-nohassi-EJVxjuWkqSY-unsplash.webp?resize=525%2C300&ssl=1 1.5x, https:\/\/i0.wp.com\/kohenavocats.com\/wp-content\/uploads\/2024\/11\/mohamed-nohassi-EJVxjuWkqSY-unsplash.webp?resize=700%2C400&ssl=1 2x, https:\/\/i0.wp.com\/kohenavocats.com\/wp-content\/uploads\/2024\/11\/mohamed-nohassi-EJVxjuWkqSY-unsplash.webp?resize=1050%2C600&ssl=1 3x, https:\/\/i0.wp.com\/kohenavocats.com\/wp-content\/uploads\/2024\/11\/mohamed-nohassi-EJVxjuWkqSY-unsplash.webp?resize=1400%2C800&ssl=1 4x"},"classes":[]},{"id":236782,"url":"https:\/\/kohenavocats.com\/tr\/cour-dappel-de-saint-denis-le-29-aout-2025-n24-01674\/","url_meta":{"origin":659232,"position":3},"title":"Cour d&#8217;appel de Saint-Denis, le 29 ao\u00fbt 2025, n\u00b024\/01674","author":"Kohen","date":"29 Aral\u0131k 2025","format":false,"excerpt":"La saisie immobili\u00e8re constitue l\u2019une des voies d\u2019ex\u00e9cution les plus rigoureuses du droit fran\u00e7ais. Elle permet au cr\u00e9ancier muni d\u2019un titre ex\u00e9cutoire de poursuivre la vente forc\u00e9e du bien de son d\u00e9biteur afin d\u2019obtenir paiement de sa cr\u00e9ance. La question de la prescription de l\u2019action du cr\u00e9ancier demeure toutefois un\u2026","rel":"","context":"&quot;Cour d'appel&quot; i\u00e7inde","block_context":{"text":"Cour d'appel","link":"https:\/\/kohenavocats.com\/category\/cour-dappel\/"},"img":{"alt_text":"","src":"https:\/\/i0.wp.com\/kohenavocats.com\/wp-content\/uploads\/2024\/11\/mohamed-nohassi-Qi-Qyp5vc3o-unsplash.webp?resize=350%2C200&ssl=1","width":350,"height":200,"srcset":"https:\/\/i0.wp.com\/kohenavocats.com\/wp-content\/uploads\/2024\/11\/mohamed-nohassi-Qi-Qyp5vc3o-unsplash.webp?resize=350%2C200&ssl=1 1x, https:\/\/i0.wp.com\/kohenavocats.com\/wp-content\/uploads\/2024\/11\/mohamed-nohassi-Qi-Qyp5vc3o-unsplash.webp?resize=525%2C300&ssl=1 1.5x, https:\/\/i0.wp.com\/kohenavocats.com\/wp-content\/uploads\/2024\/11\/mohamed-nohassi-Qi-Qyp5vc3o-unsplash.webp?resize=700%2C400&ssl=1 2x, https:\/\/i0.wp.com\/kohenavocats.com\/wp-content\/uploads\/2024\/11\/mohamed-nohassi-Qi-Qyp5vc3o-unsplash.webp?resize=1050%2C600&ssl=1 3x, https:\/\/i0.wp.com\/kohenavocats.com\/wp-content\/uploads\/2024\/11\/mohamed-nohassi-Qi-Qyp5vc3o-unsplash.webp?resize=1400%2C800&ssl=1 4x"},"classes":[]},{"id":507928,"url":"https:\/\/kohenavocats.com\/tr\/tribunal-judiciaire-le-17-novembre-2025-n24-00457\/","url_meta":{"origin":659232,"position":4},"title":"Tribunal judiciaire, le 17 novembre 2025, n\u00b024\/00457","author":"Kohen","date":"8 Nisan 2026","format":false,"excerpt":"Le tribunal judiciaire du Havre, le 17 novembre 2025, statue sur une opposition \u00e0 contrainte. L'organisme public demandeur r\u00e9clame le remboursement...","rel":"","context":"&quot;D\u00e9cisions juridiques&quot; i\u00e7inde","block_context":{"text":"D\u00e9cisions juridiques","link":"https:\/\/kohenavocats.com\/category\/decisions-juridiques\/"},"img":{"alt_text":"","src":"https:\/\/i0.wp.com\/kohenavocats.com\/wp-content\/uploads\/2024\/11\/isidore-decamon-3M58ebH7qxc-unsplash.webp?resize=350%2C200&ssl=1","width":350,"height":200,"srcset":"https:\/\/i0.wp.com\/kohenavocats.com\/wp-content\/uploads\/2024\/11\/isidore-decamon-3M58ebH7qxc-unsplash.webp?resize=350%2C200&ssl=1 1x, https:\/\/i0.wp.com\/kohenavocats.com\/wp-content\/uploads\/2024\/11\/isidore-decamon-3M58ebH7qxc-unsplash.webp?resize=525%2C300&ssl=1 1.5x, https:\/\/i0.wp.com\/kohenavocats.com\/wp-content\/uploads\/2024\/11\/isidore-decamon-3M58ebH7qxc-unsplash.webp?resize=700%2C400&ssl=1 2x, https:\/\/i0.wp.com\/kohenavocats.com\/wp-content\/uploads\/2024\/11\/isidore-decamon-3M58ebH7qxc-unsplash.webp?resize=1050%2C600&ssl=1 3x, https:\/\/i0.wp.com\/kohenavocats.com\/wp-content\/uploads\/2024\/11\/isidore-decamon-3M58ebH7qxc-unsplash.webp?resize=1400%2C800&ssl=1 4x"},"classes":[]},{"id":525942,"url":"https:\/\/kohenavocats.com\/tr\/tribunal-judiciaire-de-havre-le-17-novembre-2025-n24-00457\/","url_meta":{"origin":659232,"position":5},"title":"Tribunal judiciaire de Havre, le 17 novembre 2025, n\u00b024\/00457","author":"Kohen","date":"9 Nisan 2026","format":false,"excerpt":"Le tribunal judiciaire du Havre, le 17 novembre 2025, statue sur une opposition \u00e0 contrainte. L'organisme public demandeur r\u00e9clame le remboursement d'allocat...","rel":"","context":"&quot;Jurisprudence&quot; i\u00e7inde","block_context":{"text":"Jurisprudence","link":"https:\/\/kohenavocats.com\/category\/jurisprudence\/"},"img":{"alt_text":"","src":"https:\/\/i0.wp.com\/kohenavocats.com\/wp-content\/uploads\/2024\/08\/kreshen-iMSeWtfaDmM-unsplash.webp?resize=350%2C200&ssl=1","width":350,"height":200,"srcset":"https:\/\/i0.wp.com\/kohenavocats.com\/wp-content\/uploads\/2024\/08\/kreshen-iMSeWtfaDmM-unsplash.webp?resize=350%2C200&ssl=1 1x, https:\/\/i0.wp.com\/kohenavocats.com\/wp-content\/uploads\/2024\/08\/kreshen-iMSeWtfaDmM-unsplash.webp?resize=525%2C300&ssl=1 1.5x, https:\/\/i0.wp.com\/kohenavocats.com\/wp-content\/uploads\/2024\/08\/kreshen-iMSeWtfaDmM-unsplash.webp?resize=700%2C400&ssl=1 2x, https:\/\/i0.wp.com\/kohenavocats.com\/wp-content\/uploads\/2024\/08\/kreshen-iMSeWtfaDmM-unsplash.webp?resize=1050%2C600&ssl=1 3x, https:\/\/i0.wp.com\/kohenavocats.com\/wp-content\/uploads\/2024\/08\/kreshen-iMSeWtfaDmM-unsplash.webp?resize=1400%2C800&ssl=1 4x"},"classes":[]}],"jetpack_sharing_enabled":true,"_links":{"self":[{"href":"https:\/\/kohenavocats.com\/tr\/wp-json\/wp\/v2\/posts\/659232","targetHints":{"allow":["GET"]}}],"collection":[{"href":"https:\/\/kohenavocats.com\/tr\/wp-json\/wp\/v2\/posts"}],"about":[{"href":"https:\/\/kohenavocats.com\/tr\/wp-json\/wp\/v2\/types\/post"}],"author":[{"embeddable":true,"href":"https:\/\/kohenavocats.com\/tr\/wp-json\/wp\/v2\/users\/232070755"}],"replies":[{"embeddable":true,"href":"https:\/\/kohenavocats.com\/tr\/wp-json\/wp\/v2\/comments?post=659232"}],"version-history":[{"count":0,"href":"https:\/\/kohenavocats.com\/tr\/wp-json\/wp\/v2\/posts\/659232\/revisions"}],"wp:featuredmedia":[{"embeddable":true,"href":"https:\/\/kohenavocats.com\/tr\/wp-json\/wp\/v2\/media\/9447"}],"wp:attachment":[{"href":"https:\/\/kohenavocats.com\/tr\/wp-json\/wp\/v2\/media?parent=659232"}],"wp:term":[{"taxonomy":"category","embeddable":true,"href":"https:\/\/kohenavocats.com\/tr\/wp-json\/wp\/v2\/categories?post=659232"},{"taxonomy":"post_tag","embeddable":true,"href":"https:\/\/kohenavocats.com\/tr\/wp-json\/wp\/v2\/tags?post=659232"}],"curies":[{"name":"wp","href":"https:\/\/api.w.org\/{rel}","templated":true}]}}