{"id":659344,"date":"2026-04-23T13:13:24","date_gmt":"2026-04-23T11:13:24","guid":{"rendered":"https:\/\/kohenavocats.com\/tribunal-judiciaire-de-versailles-le-26-septembre-2025-n25-00444\/"},"modified":"2026-04-23T13:13:24","modified_gmt":"2026-04-23T11:13:24","slug":"tribunal-judiciaire-de-versailles-le-26-septembre-2025-n25-00444","status":"publish","type":"post","link":"https:\/\/kohenavocats.com\/tr\/tribunal-judiciaire-de-versailles-le-26-septembre-2025-n25-00444\/","title":{"rendered":"Tribunal judiciaire de Versailles, le 26 septembre 2025, n\u00b025\/00444"},"content":{"rendered":"<div class=\"article-content\">\n<p>Le tribunal de proximit\u00e9 de Mantes-la-Jolie, statuant le 26 septembre 2025, a examin\u00e9 une demande en constatation de r\u00e9siliation de bail pour d\u00e9faut de paiement. Le bailleur avait signifi\u00e9 un commandement de payer en janvier 2025, rest\u00e9 infructueux. Le juge a d\u00fb d\u00e9terminer le d\u00e9lai applicable entre ce commandement et la r\u00e9siliation de plein droit, puis statuer sur les cons\u00e9quences de cette r\u00e9siliation.<\/p>\n<p>Le d\u00e9lai contractuel plus favorable prime sur le d\u00e9lai l\u00e9gal.<\/p>\n<p>Le texte l\u00e9gal impose un d\u00e9lai de six semaines apr\u00e8s un commandement infructueux. Le contrat stipulait quant \u00e0 lui un d\u00e9lai de deux mois. Le juge a retenu l\u2019application du d\u00e9lai contractuel car il \u00e9tait plus favorable au preneur. &#8220;Il convient en l\u2019esp\u00e8ce de retenir le d\u00e9lai de deux mois stipul\u00e9 au bail qui est plus favorable au locataire&#8221; (Motifs). Cette solution consacre la primaut\u00e9 de la volont\u00e9 des parties lorsque celle-ci am\u00e9liore la protection du locataire. Elle assure une s\u00e9curit\u00e9 juridique en respectant le contrat tout en appliquant un principe de faveur.<\/p>\n<p>Cette approche confirme une jurisprudence r\u00e9cente sur l\u2019\u00e9quit\u00e9 contractuelle. Un tribunal avait d\u00e9j\u00e0 jug\u00e9 qu\u2019un d\u00e9lai contractuel plus long devait s\u2019appliquer malgr\u00e9 un d\u00e9lai l\u00e9gal imp\u00e9ratif. &#8220;Malgr\u00e9 le caract\u00e8re l\u00e9gal de ce d\u00e9lai, il convient de faire application du d\u00e9lai inscrit sur le contrat de location eu \u00e9gard au principe d&#8217;\u00e9quit\u00e9&#8221; (Tribunal judiciaire de Saint-Etienne, le 14 janvier 2025, n\u00b024\/03252). Le juge de Mantes-la-Jolie renforce cette orientation protectrice des droits du locataire. La port\u00e9e est significative pour la pratique des clauses r\u00e9solutoires en droit des baux d\u2019habitation.<\/p>\n<p>La r\u00e9siliation de plein droit entra\u00eene l\u2019expulsion et le paiement d\u2019une indemnit\u00e9 d\u2019occupation.<\/p>\n<p>Le constat de r\u00e9siliation est effectu\u00e9 apr\u00e8s v\u00e9rification du d\u00e9faut de paiement persistant. Le juge ordonne ensuite l\u2019expulsion du locataire dans le respect des formalit\u00e9s protectrices. Le d\u00e9lai de deux mois pour quitter les lieux et la tr\u00eave hivernale sont rappel\u00e9s. Cette mesure est la cons\u00e9quence directe et n\u00e9cessaire de la r\u00e9siliation prononc\u00e9e pour garantir la restitution des lieux.<\/p>\n<p>Le locataire est condamn\u00e9 au paiement des loyers impay\u00e9s et \u00e0 une indemnit\u00e9 d\u2019occupation post-r\u00e9siliation. &#8220;Post\u00e9rieurement \u00e0 ce mois, une indemnit\u00e9 mensuelle d\u2019occupation d\u2019un montant \u00e9gal \u00e0 celui du loyer et des charges&#8221; (Motifs). Cette indemnit\u00e9 compense la privation de jouissance subie par le bailleur apr\u00e8s la fin du contrat. La jurisprudence admet r\u00e9guli\u00e8rement ce principe indemnitaire apr\u00e8s la r\u00e9siliation du bail. &#8220;En condamnant l&#8217;appelant \u00e0 verser \u00e0 l&#8217;intim\u00e9e \u00e0 titre provisionnel une indemnit\u00e9 d&#8217;occupation mensuelle [&#8230;] \u00e0 compter de la r\u00e9siliation du bail&#8221; (Cour d&#8217;appel de Metz, le 11 septembre 2025, n\u00b024\/01618). Cette d\u00e9cision assure ainsi la r\u00e9paration int\u00e9grale du pr\u00e9judice subi.<\/p>\n<\/div>\n","protected":false},"excerpt":{"rendered":"<p>Le tribunal de proximit\u00e9 de Mantes-la-Jolie, statuant le 26 septembre 2025, a examin\u00e9 une demande en constatation de r\u00e9siliation de bail pour d\u00e9faut de paiem&#8230;<\/p>\n","protected":false},"author":232070755,"featured_media":9461,"comment_status":"open","ping_status":"open","sticky":false,"template":"","format":"standard","meta":{"_crdt_document":"","_jetpack_newsletter_access":"","_jetpack_dont_email_post_to_subs":false,"_jetpack_newsletter_tier_id":0,"_jetpack_memberships_contains_paywalled_content":false,"_kj_source_type":"judilibre","_kj_official_id":"68dd76eb548223b2c7ab7ede","_kj_official_url":"https:\/\/www.courdecassation.fr\/decision\/68dd76eb548223b2c7ab7ede","_kj_judilibre_id":"68dd76eb548223b2c7ab7ede","_kj_jur":"Tribunal judiciaire","_kj_lieu":"Tribunal judiciaire de Versailles","_kj_chambre":"TPX MLJ JCP FOND","_kj_rg":"25\/00444","_kj_date":"2025-09-26","_jetpack_memberships_contains_paid_content":false,"footnotes":"","jetpack_post_was_ever_published":false},"categories":[7597],"tags":[],"class_list":["post-659344","post","type-post","status-publish","format-standard","has-post-thumbnail","hentry","category-jurisprudence"],"yoast_head":"<!-- This site is optimized with the Yoast SEO Premium plugin v27.5 (Yoast SEO v27.5) - https:\/\/yoast.com\/product\/yoast-seo-premium-wordpress\/ -->\n<title>Tribunal judiciaire de Versailles, le 26 septembre 2025, n\u00b025\/00444 - Ma\u00eetre Hassan Kohen, avocat en droit p\u00e9nal \u00e0 Paris<\/title>\n<meta name=\"description\" content=\"Le tribunal de proximit\u00e9 de Mantes-la-Jolie, statuant le 26 septembre 2025, a examin\u00e9 une demande en constatation de r\u00e9siliation de bail pour d\u00e9faut de paiem...\" \/>\n<meta name=\"robots\" content=\"index, follow, max-snippet:-1, max-image-preview:large, max-video-preview:-1\" \/>\n<link rel=\"canonical\" href=\"https:\/\/kohenavocats.com\/tr\/tribunal-judiciaire-de-versailles-le-26-septembre-2025-n25-00444\/\" \/>\n<meta property=\"og:locale\" content=\"tr_TR\" \/>\n<meta property=\"og:type\" content=\"article\" \/>\n<meta property=\"og:title\" content=\"Tribunal judiciaire de Versailles, le 26 septembre 2025, n\u00b025\/00444\" \/>\n<meta property=\"og:description\" content=\"Le tribunal de proximit\u00e9 de Mantes-la-Jolie, statuant le 26 septembre 2025, a examin\u00e9 une demande en constatation de r\u00e9siliation de bail pour d\u00e9faut de paiem...\" \/>\n<meta property=\"og:url\" content=\"https:\/\/kohenavocats.com\/tr\/tribunal-judiciaire-de-versailles-le-26-septembre-2025-n25-00444\/\" \/>\n<meta property=\"og:site_name\" content=\"Ma\u00eetre Hassan Kohen, avocat en droit p\u00e9nal \u00e0 Paris\" \/>\n<meta property=\"article:published_time\" content=\"2026-04-23T11:13:24+00:00\" \/>\n<meta property=\"og:image\" content=\"https:\/\/kohenavocats.com\/wp-content\/uploads\/2024\/11\/zyanya-citlalli-gy0ATtkEcZs-unsplash.webp\" \/>\n\t<meta property=\"og:image:width\" content=\"3840\" \/>\n\t<meta property=\"og:image:height\" content=\"2160\" \/>\n\t<meta property=\"og:image:type\" content=\"image\/webp\" \/>\n<meta name=\"author\" content=\"Kohen\" \/>\n<meta name=\"twitter:card\" content=\"summary_large_image\" \/>\n<meta name=\"twitter:label1\" content=\"Yazan:\" \/>\n\t<meta name=\"twitter:data1\" content=\"Kohen\" \/>\n\t<meta name=\"twitter:label2\" content=\"Tahmini okuma s\u00fcresi\" \/>\n\t<meta name=\"twitter:data2\" content=\"2 dakika\" \/>\n<script type=\"application\/ld+json\" class=\"yoast-schema-graph\">{\"@context\":\"https:\\\/\\\/schema.org\",\"@graph\":[{\"@type\":\"Article\",\"@id\":\"https:\\\/\\\/kohenavocats.com\\\/tr\\\/tribunal-judiciaire-de-versailles-le-26-septembre-2025-n25-00444\\\/#article\",\"isPartOf\":{\"@id\":\"https:\\\/\\\/kohenavocats.com\\\/tr\\\/tribunal-judiciaire-de-versailles-le-26-septembre-2025-n25-00444\\\/\"},\"author\":{\"name\":\"Kohen\",\"@id\":\"https:\\\/\\\/kohenavocats.com\\\/tr\\\/#\\\/schema\\\/person\\\/761c9ba54fa1ca84d405cef0831ff751\"},\"headline\":\"Tribunal judiciaire de Versailles, le 26 septembre 2025, n\u00b025\\\/00444\",\"datePublished\":\"2026-04-23T11:13:24+00:00\",\"mainEntityOfPage\":{\"@id\":\"https:\\\/\\\/kohenavocats.com\\\/tr\\\/tribunal-judiciaire-de-versailles-le-26-septembre-2025-n25-00444\\\/\"},\"wordCount\":496,\"commentCount\":0,\"publisher\":{\"@id\":\"https:\\\/\\\/kohenavocats.com\\\/tr\\\/#organization\"},\"image\":{\"@id\":\"https:\\\/\\\/kohenavocats.com\\\/tr\\\/tribunal-judiciaire-de-versailles-le-26-septembre-2025-n25-00444\\\/#primaryimage\"},\"thumbnailUrl\":\"https:\\\/\\\/kohenavocats.com\\\/wp-content\\\/uploads\\\/2024\\\/11\\\/zyanya-citlalli-gy0ATtkEcZs-unsplash.webp\",\"articleSection\":[\"Jurisprudence\"],\"inLanguage\":\"tr\",\"potentialAction\":[{\"@type\":\"CommentAction\",\"name\":\"Comment\",\"target\":[\"https:\\\/\\\/kohenavocats.com\\\/tr\\\/tribunal-judiciaire-de-versailles-le-26-septembre-2025-n25-00444\\\/#respond\"]}],\"citation\":\"Tribunal judiciaire de Versailles, le 26 septembre 2025, n\u00b025\\\/00444\",\"about\":[{\"@type\":\"Thing\",\"name\":\"Jurisprudence\"}],\"dateModified\":\"2026-04-23T11:13:24+00:00\",\"speakable\":{\"@type\":\"SpeakableSpecification\",\"cssSelector\":[\".article-content > p:first-of-type\"]}},{\"@type\":\"WebPage\",\"@id\":\"https:\\\/\\\/kohenavocats.com\\\/tr\\\/tribunal-judiciaire-de-versailles-le-26-septembre-2025-n25-00444\\\/\",\"url\":\"https:\\\/\\\/kohenavocats.com\\\/tr\\\/tribunal-judiciaire-de-versailles-le-26-septembre-2025-n25-00444\\\/\",\"name\":\"Tribunal judiciaire de Versailles, le 26 septembre 2025, n\u00b025\\\/00444 - Ma\u00eetre Hassan Kohen, avocat en droit p\u00e9nal \u00e0 Paris\",\"isPartOf\":{\"@id\":\"https:\\\/\\\/kohenavocats.com\\\/tr\\\/#website\"},\"primaryImageOfPage\":{\"@id\":\"https:\\\/\\\/kohenavocats.com\\\/tr\\\/tribunal-judiciaire-de-versailles-le-26-septembre-2025-n25-00444\\\/#primaryimage\"},\"image\":{\"@id\":\"https:\\\/\\\/kohenavocats.com\\\/tr\\\/tribunal-judiciaire-de-versailles-le-26-septembre-2025-n25-00444\\\/#primaryimage\"},\"thumbnailUrl\":\"https:\\\/\\\/kohenavocats.com\\\/wp-content\\\/uploads\\\/2024\\\/11\\\/zyanya-citlalli-gy0ATtkEcZs-unsplash.webp\",\"datePublished\":\"2026-04-23T11:13:24+00:00\",\"description\":\"Le tribunal de proximit\u00e9 de Mantes-la-Jolie, statuant le 26 septembre 2025, a examin\u00e9 une demande en constatation de r\u00e9siliation de bail pour d\u00e9faut de paiem...\",\"breadcrumb\":{\"@id\":\"https:\\\/\\\/kohenavocats.com\\\/tr\\\/tribunal-judiciaire-de-versailles-le-26-septembre-2025-n25-00444\\\/#breadcrumb\"},\"inLanguage\":\"tr\",\"potentialAction\":[{\"@type\":\"ReadAction\",\"target\":[\"https:\\\/\\\/kohenavocats.com\\\/tr\\\/tribunal-judiciaire-de-versailles-le-26-septembre-2025-n25-00444\\\/\"]}]},{\"@type\":\"ImageObject\",\"inLanguage\":\"tr\",\"@id\":\"https:\\\/\\\/kohenavocats.com\\\/tr\\\/tribunal-judiciaire-de-versailles-le-26-septembre-2025-n25-00444\\\/#primaryimage\",\"url\":\"https:\\\/\\\/kohenavocats.com\\\/wp-content\\\/uploads\\\/2024\\\/11\\\/zyanya-citlalli-gy0ATtkEcZs-unsplash.webp\",\"contentUrl\":\"https:\\\/\\\/kohenavocats.com\\\/wp-content\\\/uploads\\\/2024\\\/11\\\/zyanya-citlalli-gy0ATtkEcZs-unsplash.webp\",\"width\":3840,\"height\":2160},{\"@type\":\"BreadcrumbList\",\"@id\":\"https:\\\/\\\/kohenavocats.com\\\/tr\\\/tribunal-judiciaire-de-versailles-le-26-septembre-2025-n25-00444\\\/#breadcrumb\",\"itemListElement\":[{\"@type\":\"ListItem\",\"position\":1,\"name\":\"Home\",\"item\":\"https:\\\/\\\/kohenavocats.com\\\/tr\\\/avocats-en-droit-penal-a-paris-conseil-et-defense-strategique\\\/\"},{\"@type\":\"ListItem\",\"position\":2,\"name\":\"Tribunal judiciaire de Versailles, le 26 septembre 2025, n\u00b025\\\/00444\"}]},{\"@type\":\"WebSite\",\"@id\":\"https:\\\/\\\/kohenavocats.com\\\/tr\\\/#website\",\"url\":\"https:\\\/\\\/kohenavocats.com\\\/tr\\\/\",\"name\":\"Kohen Avocats\",\"description\":\"Ma\u00eetre Hassan Kohen, avocat p\u00e9naliste \u00e0 Paris, intervient exclusivement en droit p\u00e9nal pour la d\u00e9fense des particuliers, notamment en mati\u00e8re d\u2019accusations de viol. Il assure un accompagnement rigoureux d\u00e8s la garde \u00e0 vue jusqu\u2019\u00e0 la Cour d\u2019assises, veillant au strict respect des garanties proc\u00e9durales.\",\"publisher\":{\"@id\":\"https:\\\/\\\/kohenavocats.com\\\/tr\\\/#organization\"},\"potentialAction\":[{\"@type\":\"SearchAction\",\"target\":{\"@type\":\"EntryPoint\",\"urlTemplate\":\"https:\\\/\\\/kohenavocats.com\\\/tr\\\/?s={search_term_string}\"},\"query-input\":{\"@type\":\"PropertyValueSpecification\",\"valueRequired\":true,\"valueName\":\"search_term_string\"}}],\"inLanguage\":\"tr\"},{\"@type\":\"Organization\",\"@id\":\"https:\\\/\\\/kohenavocats.com\\\/tr\\\/#organization\",\"name\":\"Kohen Avocats\",\"url\":\"https:\\\/\\\/kohenavocats.com\\\/tr\\\/\",\"logo\":{\"@type\":\"ImageObject\",\"inLanguage\":\"tr\",\"@id\":\"https:\\\/\\\/kohenavocats.com\\\/tr\\\/#\\\/schema\\\/logo\\\/image\\\/\",\"url\":\"https:\\\/\\\/kohenavocats.com\\\/wp-content\\\/uploads\\\/2026\\\/01\\\/Logo-2-1.webp\",\"contentUrl\":\"https:\\\/\\\/kohenavocats.com\\\/wp-content\\\/uploads\\\/2026\\\/01\\\/Logo-2-1.webp\",\"width\":2114,\"height\":1253,\"caption\":\"Kohen Avocats\"},\"image\":{\"@id\":\"https:\\\/\\\/kohenavocats.com\\\/tr\\\/#\\\/schema\\\/logo\\\/image\\\/\"}},{\"@type\":\"Person\",\"@id\":\"https:\\\/\\\/kohenavocats.com\\\/tr\\\/#\\\/schema\\\/person\\\/761c9ba54fa1ca84d405cef0831ff751\",\"name\":\"Kohen\",\"image\":{\"@type\":\"ImageObject\",\"inLanguage\":\"tr\",\"@id\":\"https:\\\/\\\/secure.gravatar.com\\\/avatar\\\/1c5e76ef76bbbfdd2b4da984e2bf2fa4056fd51a27d25ce2c332047f1dfd6e00?s=96&d=identicon&r=g\",\"url\":\"https:\\\/\\\/secure.gravatar.com\\\/avatar\\\/1c5e76ef76bbbfdd2b4da984e2bf2fa4056fd51a27d25ce2c332047f1dfd6e00?s=96&d=identicon&r=g\",\"contentUrl\":\"https:\\\/\\\/secure.gravatar.com\\\/avatar\\\/1c5e76ef76bbbfdd2b4da984e2bf2fa4056fd51a27d25ce2c332047f1dfd6e00?s=96&d=identicon&r=g\",\"caption\":\"Kohen\"},\"sameAs\":[\"https:\\\/\\\/www.linkedin.com\\\/in\\\/hassan-kohen-448548192\\\/\",\"https:\\\/\\\/www.youtube.com\\\/@Kohen-Avocats\"],\"url\":\"https:\\\/\\\/kohenavocats.com\\\/tr\\\/author\\\/kohenmlk\\\/\"}]}<\/script>\n<!-- \/ Yoast SEO Premium plugin. -->","yoast_head_json":{"title":"Tribunal judiciaire de Versailles, le 26 septembre 2025, n\u00b025\/00444 - Ma\u00eetre Hassan Kohen, avocat en droit p\u00e9nal \u00e0 Paris","description":"Le tribunal de proximit\u00e9 de Mantes-la-Jolie, statuant le 26 septembre 2025, a examin\u00e9 une demande en constatation de r\u00e9siliation de bail pour d\u00e9faut de paiem...","robots":{"index":"index","follow":"follow","max-snippet":"max-snippet:-1","max-image-preview":"max-image-preview:large","max-video-preview":"max-video-preview:-1"},"canonical":"https:\/\/kohenavocats.com\/tr\/tribunal-judiciaire-de-versailles-le-26-septembre-2025-n25-00444\/","og_locale":"tr_TR","og_type":"article","og_title":"Tribunal judiciaire de Versailles, le 26 septembre 2025, n\u00b025\/00444","og_description":"Le tribunal de proximit\u00e9 de Mantes-la-Jolie, statuant le 26 septembre 2025, a examin\u00e9 une demande en constatation de r\u00e9siliation de bail pour d\u00e9faut de paiem...","og_url":"https:\/\/kohenavocats.com\/tr\/tribunal-judiciaire-de-versailles-le-26-septembre-2025-n25-00444\/","og_site_name":"Ma\u00eetre Hassan Kohen, avocat en droit p\u00e9nal \u00e0 Paris","article_published_time":"2026-04-23T11:13:24+00:00","og_image":[{"width":3840,"height":2160,"url":"https:\/\/kohenavocats.com\/wp-content\/uploads\/2024\/11\/zyanya-citlalli-gy0ATtkEcZs-unsplash.webp","type":"image\/webp"}],"author":"Kohen","twitter_card":"summary_large_image","twitter_misc":{"Yazan:":"Kohen","Tahmini okuma s\u00fcresi":"2 dakika"},"schema":{"@context":"https:\/\/schema.org","@graph":[{"@type":"Article","@id":"https:\/\/kohenavocats.com\/tr\/tribunal-judiciaire-de-versailles-le-26-septembre-2025-n25-00444\/#article","isPartOf":{"@id":"https:\/\/kohenavocats.com\/tr\/tribunal-judiciaire-de-versailles-le-26-septembre-2025-n25-00444\/"},"author":{"name":"Kohen","@id":"https:\/\/kohenavocats.com\/tr\/#\/schema\/person\/761c9ba54fa1ca84d405cef0831ff751"},"headline":"Tribunal judiciaire de Versailles, le 26 septembre 2025, n\u00b025\/00444","datePublished":"2026-04-23T11:13:24+00:00","mainEntityOfPage":{"@id":"https:\/\/kohenavocats.com\/tr\/tribunal-judiciaire-de-versailles-le-26-septembre-2025-n25-00444\/"},"wordCount":496,"commentCount":0,"publisher":{"@id":"https:\/\/kohenavocats.com\/tr\/#organization"},"image":{"@id":"https:\/\/kohenavocats.com\/tr\/tribunal-judiciaire-de-versailles-le-26-septembre-2025-n25-00444\/#primaryimage"},"thumbnailUrl":"https:\/\/kohenavocats.com\/wp-content\/uploads\/2024\/11\/zyanya-citlalli-gy0ATtkEcZs-unsplash.webp","articleSection":["Jurisprudence"],"inLanguage":"tr","potentialAction":[{"@type":"CommentAction","name":"Comment","target":["https:\/\/kohenavocats.com\/tr\/tribunal-judiciaire-de-versailles-le-26-septembre-2025-n25-00444\/#respond"]}],"citation":"Tribunal judiciaire de Versailles, le 26 septembre 2025, n\u00b025\/00444","about":[{"@type":"Thing","name":"Jurisprudence"}],"dateModified":"2026-04-23T11:13:24+00:00","speakable":{"@type":"SpeakableSpecification","cssSelector":[".article-content > p:first-of-type"]}},{"@type":"WebPage","@id":"https:\/\/kohenavocats.com\/tr\/tribunal-judiciaire-de-versailles-le-26-septembre-2025-n25-00444\/","url":"https:\/\/kohenavocats.com\/tr\/tribunal-judiciaire-de-versailles-le-26-septembre-2025-n25-00444\/","name":"Tribunal judiciaire de Versailles, le 26 septembre 2025, n\u00b025\/00444 - Ma\u00eetre Hassan Kohen, avocat en droit p\u00e9nal \u00e0 Paris","isPartOf":{"@id":"https:\/\/kohenavocats.com\/tr\/#website"},"primaryImageOfPage":{"@id":"https:\/\/kohenavocats.com\/tr\/tribunal-judiciaire-de-versailles-le-26-septembre-2025-n25-00444\/#primaryimage"},"image":{"@id":"https:\/\/kohenavocats.com\/tr\/tribunal-judiciaire-de-versailles-le-26-septembre-2025-n25-00444\/#primaryimage"},"thumbnailUrl":"https:\/\/kohenavocats.com\/wp-content\/uploads\/2024\/11\/zyanya-citlalli-gy0ATtkEcZs-unsplash.webp","datePublished":"2026-04-23T11:13:24+00:00","description":"Le tribunal de proximit\u00e9 de Mantes-la-Jolie, statuant le 26 septembre 2025, a examin\u00e9 une demande en constatation de r\u00e9siliation de bail pour d\u00e9faut de paiem...","breadcrumb":{"@id":"https:\/\/kohenavocats.com\/tr\/tribunal-judiciaire-de-versailles-le-26-septembre-2025-n25-00444\/#breadcrumb"},"inLanguage":"tr","potentialAction":[{"@type":"ReadAction","target":["https:\/\/kohenavocats.com\/tr\/tribunal-judiciaire-de-versailles-le-26-septembre-2025-n25-00444\/"]}]},{"@type":"ImageObject","inLanguage":"tr","@id":"https:\/\/kohenavocats.com\/tr\/tribunal-judiciaire-de-versailles-le-26-septembre-2025-n25-00444\/#primaryimage","url":"https:\/\/kohenavocats.com\/wp-content\/uploads\/2024\/11\/zyanya-citlalli-gy0ATtkEcZs-unsplash.webp","contentUrl":"https:\/\/kohenavocats.com\/wp-content\/uploads\/2024\/11\/zyanya-citlalli-gy0ATtkEcZs-unsplash.webp","width":3840,"height":2160},{"@type":"BreadcrumbList","@id":"https:\/\/kohenavocats.com\/tr\/tribunal-judiciaire-de-versailles-le-26-septembre-2025-n25-00444\/#breadcrumb","itemListElement":[{"@type":"ListItem","position":1,"name":"Home","item":"https:\/\/kohenavocats.com\/tr\/avocats-en-droit-penal-a-paris-conseil-et-defense-strategique\/"},{"@type":"ListItem","position":2,"name":"Tribunal judiciaire de Versailles, le 26 septembre 2025, n\u00b025\/00444"}]},{"@type":"WebSite","@id":"https:\/\/kohenavocats.com\/tr\/#website","url":"https:\/\/kohenavocats.com\/tr\/","name":"Kohen Avocats","description":"Ma\u00eetre Hassan Kohen, avocat p\u00e9naliste \u00e0 Paris, intervient exclusivement en droit p\u00e9nal pour la d\u00e9fense des particuliers, notamment en mati\u00e8re d\u2019accusations de viol. Il assure un accompagnement rigoureux d\u00e8s la garde \u00e0 vue jusqu\u2019\u00e0 la Cour d\u2019assises, veillant au strict respect des garanties proc\u00e9durales.","publisher":{"@id":"https:\/\/kohenavocats.com\/tr\/#organization"},"potentialAction":[{"@type":"SearchAction","target":{"@type":"EntryPoint","urlTemplate":"https:\/\/kohenavocats.com\/tr\/?s={search_term_string}"},"query-input":{"@type":"PropertyValueSpecification","valueRequired":true,"valueName":"search_term_string"}}],"inLanguage":"tr"},{"@type":"Organization","@id":"https:\/\/kohenavocats.com\/tr\/#organization","name":"Kohen Avocats","url":"https:\/\/kohenavocats.com\/tr\/","logo":{"@type":"ImageObject","inLanguage":"tr","@id":"https:\/\/kohenavocats.com\/tr\/#\/schema\/logo\/image\/","url":"https:\/\/kohenavocats.com\/wp-content\/uploads\/2026\/01\/Logo-2-1.webp","contentUrl":"https:\/\/kohenavocats.com\/wp-content\/uploads\/2026\/01\/Logo-2-1.webp","width":2114,"height":1253,"caption":"Kohen Avocats"},"image":{"@id":"https:\/\/kohenavocats.com\/tr\/#\/schema\/logo\/image\/"}},{"@type":"Person","@id":"https:\/\/kohenavocats.com\/tr\/#\/schema\/person\/761c9ba54fa1ca84d405cef0831ff751","name":"Kohen","image":{"@type":"ImageObject","inLanguage":"tr","@id":"https:\/\/secure.gravatar.com\/avatar\/1c5e76ef76bbbfdd2b4da984e2bf2fa4056fd51a27d25ce2c332047f1dfd6e00?s=96&d=identicon&r=g","url":"https:\/\/secure.gravatar.com\/avatar\/1c5e76ef76bbbfdd2b4da984e2bf2fa4056fd51a27d25ce2c332047f1dfd6e00?s=96&d=identicon&r=g","contentUrl":"https:\/\/secure.gravatar.com\/avatar\/1c5e76ef76bbbfdd2b4da984e2bf2fa4056fd51a27d25ce2c332047f1dfd6e00?s=96&d=identicon&r=g","caption":"Kohen"},"sameAs":["https:\/\/www.linkedin.com\/in\/hassan-kohen-448548192\/","https:\/\/www.youtube.com\/@Kohen-Avocats"],"url":"https:\/\/kohenavocats.com\/tr\/author\/kohenmlk\/"}]}},"jetpack_featured_media_url":"https:\/\/kohenavocats.com\/wp-content\/uploads\/2024\/11\/zyanya-citlalli-gy0ATtkEcZs-unsplash.webp","jetpack_likes_enabled":false,"jetpack_shortlink":"https:\/\/wp.me\/peCrII-2LwA","jetpack-related-posts":[{"id":229002,"url":"https:\/\/kohenavocats.com\/tr\/tribunal-judiciaire-de-angers-le-19-juin-2025-n25-00128\/","url_meta":{"origin":659344,"position":0},"title":"Tribunal judiciaire de Angers, le 19 juin 2025, n\u00b025\/00128","author":"Kohen","date":"27 Aral\u0131k 2025","format":false,"excerpt":"Rendu par le juge des contentieux de la protection du Tribunal judiciaire d\u2019Angers le 19 juin 2025, l\u2019arr\u00eat tranche un contentieux locatif marqu\u00e9 par des impay\u00e9s et une clause r\u00e9solutoire. Un bail d\u2019habitation conclu en 2019 pr\u00e9voyait la r\u00e9siliation de plein droit apr\u00e8s commandement rest\u00e9 infructueux. Un commandement visant six\u2026","rel":"","context":"&quot;D\u00e9cisions juridiques&quot; i\u00e7inde","block_context":{"text":"D\u00e9cisions juridiques","link":"https:\/\/kohenavocats.com\/category\/decisions-juridiques\/"},"img":{"alt_text":"","src":"https:\/\/i0.wp.com\/kohenavocats.com\/wp-content\/uploads\/2024\/08\/lisa-IfngoxB5ORA-unsplash-1.webp?resize=350%2C200&ssl=1","width":350,"height":200,"srcset":"https:\/\/i0.wp.com\/kohenavocats.com\/wp-content\/uploads\/2024\/08\/lisa-IfngoxB5ORA-unsplash-1.webp?resize=350%2C200&ssl=1 1x, https:\/\/i0.wp.com\/kohenavocats.com\/wp-content\/uploads\/2024\/08\/lisa-IfngoxB5ORA-unsplash-1.webp?resize=525%2C300&ssl=1 1.5x, https:\/\/i0.wp.com\/kohenavocats.com\/wp-content\/uploads\/2024\/08\/lisa-IfngoxB5ORA-unsplash-1.webp?resize=700%2C400&ssl=1 2x, https:\/\/i0.wp.com\/kohenavocats.com\/wp-content\/uploads\/2024\/08\/lisa-IfngoxB5ORA-unsplash-1.webp?resize=1050%2C600&ssl=1 3x, https:\/\/i0.wp.com\/kohenavocats.com\/wp-content\/uploads\/2024\/08\/lisa-IfngoxB5ORA-unsplash-1.webp?resize=1400%2C800&ssl=1 4x"},"classes":[]},{"id":719145,"url":"https:\/\/kohenavocats.com\/tr\/tribunal-judiciaire-de-paris-le-28-janvier-2026-n25-09602\/","url_meta":{"origin":659344,"position":1},"title":"Tribunal judiciaire de Paris, le 28 janvier 2026, n\u00b025\/09602","author":"Kohen","date":"28 Nisan 2026","format":false,"excerpt":"Le jugement rendu le 28 janvier 2026 par le juge des contentieux de la protection du tribunal judiciaire de Paris porte sur une demande de constat de r\u00e9silia...","rel":"","context":"&quot;Jurisprudence&quot; i\u00e7inde","block_context":{"text":"Jurisprudence","link":"https:\/\/kohenavocats.com\/category\/jurisprudence\/"},"img":{"alt_text":"","src":"https:\/\/i0.wp.com\/kohenavocats.com\/wp-content\/uploads\/2024\/08\/irina-nakonechnaya-7Dkxd1b9uyE-unsplash.webp?resize=350%2C200&ssl=1","width":350,"height":200,"srcset":"https:\/\/i0.wp.com\/kohenavocats.com\/wp-content\/uploads\/2024\/08\/irina-nakonechnaya-7Dkxd1b9uyE-unsplash.webp?resize=350%2C200&ssl=1 1x, https:\/\/i0.wp.com\/kohenavocats.com\/wp-content\/uploads\/2024\/08\/irina-nakonechnaya-7Dkxd1b9uyE-unsplash.webp?resize=525%2C300&ssl=1 1.5x, https:\/\/i0.wp.com\/kohenavocats.com\/wp-content\/uploads\/2024\/08\/irina-nakonechnaya-7Dkxd1b9uyE-unsplash.webp?resize=700%2C400&ssl=1 2x, https:\/\/i0.wp.com\/kohenavocats.com\/wp-content\/uploads\/2024\/08\/irina-nakonechnaya-7Dkxd1b9uyE-unsplash.webp?resize=1050%2C600&ssl=1 3x, https:\/\/i0.wp.com\/kohenavocats.com\/wp-content\/uploads\/2024\/08\/irina-nakonechnaya-7Dkxd1b9uyE-unsplash.webp?resize=1400%2C800&ssl=1 4x"},"classes":[]},{"id":718517,"url":"https:\/\/kohenavocats.com\/tr\/tribunal-judiciaire-de-la-rochelle-le-26-janvier-2026-n25-02079\/","url_meta":{"origin":659344,"position":2},"title":"Tribunal judiciaire de La Rochelle, le 26 janvier 2026, n\u00b025\/02079","author":"Kohen","date":"28 Nisan 2026","format":false,"excerpt":"Le tribunal judiciaire de La Rochelle a rendu un jugement r\u00e9put\u00e9 contradictoire le 26 janvier 2026 concernant une demande de r\u00e9siliation de bail pour impay\u00e9s...","rel":"","context":"&quot;Jurisprudence&quot; i\u00e7inde","block_context":{"text":"Jurisprudence","link":"https:\/\/kohenavocats.com\/category\/jurisprudence\/"},"img":{"alt_text":"","src":"https:\/\/i0.wp.com\/kohenavocats.com\/wp-content\/uploads\/2024\/11\/getty-images-3YlszAwDqLI-unsplash.webp?resize=350%2C200&ssl=1","width":350,"height":200,"srcset":"https:\/\/i0.wp.com\/kohenavocats.com\/wp-content\/uploads\/2024\/11\/getty-images-3YlszAwDqLI-unsplash.webp?resize=350%2C200&ssl=1 1x, https:\/\/i0.wp.com\/kohenavocats.com\/wp-content\/uploads\/2024\/11\/getty-images-3YlszAwDqLI-unsplash.webp?resize=525%2C300&ssl=1 1.5x, https:\/\/i0.wp.com\/kohenavocats.com\/wp-content\/uploads\/2024\/11\/getty-images-3YlszAwDqLI-unsplash.webp?resize=700%2C400&ssl=1 2x, https:\/\/i0.wp.com\/kohenavocats.com\/wp-content\/uploads\/2024\/11\/getty-images-3YlszAwDqLI-unsplash.webp?resize=1050%2C600&ssl=1 3x, https:\/\/i0.wp.com\/kohenavocats.com\/wp-content\/uploads\/2024\/11\/getty-images-3YlszAwDqLI-unsplash.webp?resize=1400%2C800&ssl=1 4x"},"classes":[]},{"id":305576,"url":"https:\/\/kohenavocats.com\/tr\/tribunal-judiciaire-de-valence-le-17-juillet-2025-n25-00210\/","url_meta":{"origin":659344,"position":3},"title":"Tribunal judiciaire de Valence, le 17 juillet 2025, n\u00b025\/00210","author":"Kohen","date":"5 \u015eubat 2026","format":false,"excerpt":"Le juge des contentieux de la protection a rendu un jugement r\u00e9put\u00e9 contradictoire en mati\u00e8re de r\u00e9siliation de bail pour d\u00e9faut de paiement. Cette d\u00e9cision rappelle les conditions d\u2019acquisition de la clause r\u00e9solutoire et statue sur les cons\u00e9quences de la r\u00e9siliation. Elle illustre l\u2019articulation entre le d\u00e9lai l\u00e9gal de six\u2026","rel":"","context":"&quot;D\u00e9cisions juridiques&quot; i\u00e7inde","block_context":{"text":"D\u00e9cisions juridiques","link":"https:\/\/kohenavocats.com\/category\/decisions-juridiques\/"},"img":{"alt_text":"","src":"https:\/\/i0.wp.com\/kohenavocats.com\/wp-content\/uploads\/2024\/08\/chris-karidis-PIOqHJG5a1U-unsplash.webp?resize=350%2C200&ssl=1","width":350,"height":200,"srcset":"https:\/\/i0.wp.com\/kohenavocats.com\/wp-content\/uploads\/2024\/08\/chris-karidis-PIOqHJG5a1U-unsplash.webp?resize=350%2C200&ssl=1 1x, https:\/\/i0.wp.com\/kohenavocats.com\/wp-content\/uploads\/2024\/08\/chris-karidis-PIOqHJG5a1U-unsplash.webp?resize=525%2C300&ssl=1 1.5x, https:\/\/i0.wp.com\/kohenavocats.com\/wp-content\/uploads\/2024\/08\/chris-karidis-PIOqHJG5a1U-unsplash.webp?resize=700%2C400&ssl=1 2x, https:\/\/i0.wp.com\/kohenavocats.com\/wp-content\/uploads\/2024\/08\/chris-karidis-PIOqHJG5a1U-unsplash.webp?resize=1050%2C600&ssl=1 3x, https:\/\/i0.wp.com\/kohenavocats.com\/wp-content\/uploads\/2024\/08\/chris-karidis-PIOqHJG5a1U-unsplash.webp?resize=1400%2C800&ssl=1 4x"},"classes":[]},{"id":719119,"url":"https:\/\/kohenavocats.com\/tr\/tribunal-judiciaire-de-clermont-ferrand-le-28-janvier-2026-n25-00725\/","url_meta":{"origin":659344,"position":4},"title":"Tribunal judiciaire de Clermont-Ferrand, le 28 janvier 2026, n\u00b025\/00725","author":"Kohen","date":"28 Nisan 2026","format":false,"excerpt":"Le jugement rendu par le Juge des Contentieux de la Protection de Clermont-Ferrand le 28 janvier 2026 statue sur une demande de r\u00e9siliation de bail pour impa...","rel":"","context":"&quot;Jurisprudence&quot; i\u00e7inde","block_context":{"text":"Jurisprudence","link":"https:\/\/kohenavocats.com\/category\/jurisprudence\/"},"img":{"alt_text":"","src":"https:\/\/i0.wp.com\/kohenavocats.com\/wp-content\/uploads\/2024\/11\/getty-images-QO3j7qdSKv8-unsplash.webp?resize=350%2C200&ssl=1","width":350,"height":200,"srcset":"https:\/\/i0.wp.com\/kohenavocats.com\/wp-content\/uploads\/2024\/11\/getty-images-QO3j7qdSKv8-unsplash.webp?resize=350%2C200&ssl=1 1x, https:\/\/i0.wp.com\/kohenavocats.com\/wp-content\/uploads\/2024\/11\/getty-images-QO3j7qdSKv8-unsplash.webp?resize=525%2C300&ssl=1 1.5x, https:\/\/i0.wp.com\/kohenavocats.com\/wp-content\/uploads\/2024\/11\/getty-images-QO3j7qdSKv8-unsplash.webp?resize=700%2C400&ssl=1 2x, https:\/\/i0.wp.com\/kohenavocats.com\/wp-content\/uploads\/2024\/11\/getty-images-QO3j7qdSKv8-unsplash.webp?resize=1050%2C600&ssl=1 3x, https:\/\/i0.wp.com\/kohenavocats.com\/wp-content\/uploads\/2024\/11\/getty-images-QO3j7qdSKv8-unsplash.webp?resize=1400%2C800&ssl=1 4x"},"classes":[]},{"id":718722,"url":"https:\/\/kohenavocats.com\/tr\/tribunal-judiciaire-de-nimes-le-26-janvier-2026-n25-01708\/","url_meta":{"origin":659344,"position":5},"title":"Tribunal judiciaire de N\u00eemes, le 26 janvier 2026, n\u00b025\/01708","author":"Kohen","date":"28 Nisan 2026","format":false,"excerpt":"Le tribunal judiciaire de N\u00eemes, statuant en r\u00e9f\u00e9r\u00e9 le 26 janvier 2026, \u00e9tait saisi par un bailleur social d\u2019une demande de constat de r\u00e9siliation de bail...","rel":"","context":"&quot;D\u00e9cisions juridiques&quot; i\u00e7inde","block_context":{"text":"D\u00e9cisions juridiques","link":"https:\/\/kohenavocats.com\/category\/decisions-juridiques\/"},"img":{"alt_text":"","src":"https:\/\/i0.wp.com\/kohenavocats.com\/wp-content\/uploads\/2024\/11\/ave-calvar-o6Zd8_PweIA-unsplash.webp?resize=350%2C200&ssl=1","width":350,"height":200,"srcset":"https:\/\/i0.wp.com\/kohenavocats.com\/wp-content\/uploads\/2024\/11\/ave-calvar-o6Zd8_PweIA-unsplash.webp?resize=350%2C200&ssl=1 1x, https:\/\/i0.wp.com\/kohenavocats.com\/wp-content\/uploads\/2024\/11\/ave-calvar-o6Zd8_PweIA-unsplash.webp?resize=525%2C300&ssl=1 1.5x, https:\/\/i0.wp.com\/kohenavocats.com\/wp-content\/uploads\/2024\/11\/ave-calvar-o6Zd8_PweIA-unsplash.webp?resize=700%2C400&ssl=1 2x, https:\/\/i0.wp.com\/kohenavocats.com\/wp-content\/uploads\/2024\/11\/ave-calvar-o6Zd8_PweIA-unsplash.webp?resize=1050%2C600&ssl=1 3x, https:\/\/i0.wp.com\/kohenavocats.com\/wp-content\/uploads\/2024\/11\/ave-calvar-o6Zd8_PweIA-unsplash.webp?resize=1400%2C800&ssl=1 4x"},"classes":[]}],"jetpack_sharing_enabled":true,"_links":{"self":[{"href":"https:\/\/kohenavocats.com\/tr\/wp-json\/wp\/v2\/posts\/659344","targetHints":{"allow":["GET"]}}],"collection":[{"href":"https:\/\/kohenavocats.com\/tr\/wp-json\/wp\/v2\/posts"}],"about":[{"href":"https:\/\/kohenavocats.com\/tr\/wp-json\/wp\/v2\/types\/post"}],"author":[{"embeddable":true,"href":"https:\/\/kohenavocats.com\/tr\/wp-json\/wp\/v2\/users\/232070755"}],"replies":[{"embeddable":true,"href":"https:\/\/kohenavocats.com\/tr\/wp-json\/wp\/v2\/comments?post=659344"}],"version-history":[{"count":0,"href":"https:\/\/kohenavocats.com\/tr\/wp-json\/wp\/v2\/posts\/659344\/revisions"}],"wp:featuredmedia":[{"embeddable":true,"href":"https:\/\/kohenavocats.com\/tr\/wp-json\/wp\/v2\/media\/9461"}],"wp:attachment":[{"href":"https:\/\/kohenavocats.com\/tr\/wp-json\/wp\/v2\/media?parent=659344"}],"wp:term":[{"taxonomy":"category","embeddable":true,"href":"https:\/\/kohenavocats.com\/tr\/wp-json\/wp\/v2\/categories?post=659344"},{"taxonomy":"post_tag","embeddable":true,"href":"https:\/\/kohenavocats.com\/tr\/wp-json\/wp\/v2\/tags?post=659344"}],"curies":[{"name":"wp","href":"https:\/\/api.w.org\/{rel}","templated":true}]}}