{"id":659372,"date":"2026-04-23T13:16:19","date_gmt":"2026-04-23T11:16:19","guid":{"rendered":"https:\/\/kohenavocats.com\/tribunal-judiciaire-de-bordeaux-le-26-septembre-2025-n25-00163\/"},"modified":"2026-04-23T13:16:19","modified_gmt":"2026-04-23T11:16:19","slug":"tribunal-judiciaire-de-bordeaux-le-26-septembre-2025-n25-00163","status":"publish","type":"post","link":"https:\/\/kohenavocats.com\/tr\/tribunal-judiciaire-de-bordeaux-le-26-septembre-2025-n25-00163\/","title":{"rendered":"Tribunal judiciaire de Bordeaux, le 26 septembre 2025, n\u00b025\/00163"},"content":{"rendered":"<div class=\"article-content\">\n<p>Le juge des contentieux de la protection, statuant par jugement r\u00e9put\u00e9 contradictoire, a examin\u00e9 une action en paiement engag\u00e9e par un \u00e9tablissement de cr\u00e9dit. L\u2019affaire concernait le recouvrement d\u2019un pr\u00eat consommateur suite \u00e0 la d\u00e9faillance de l\u2019emprunteur. La d\u00e9cision statue sur la recevabilit\u00e9 de l\u2019action et le bien-fond\u00e9 des demandes du pr\u00eateur. Elle accueille int\u00e9gralement les demandes de ce dernier, constatant la r\u00e9gularit\u00e9 de la proc\u00e9dure et condamnant l\u2019emprunteur.<\/p>\n<p>La v\u00e9rification d\u2019office des conditions de recevabilit\u00e9 de l\u2019action<\/p>\n<p>Le juge proc\u00e8de d\u2019abord \u00e0 l\u2019examen de la forclusion de l\u2019action en paiement. Il rappelle le d\u00e9lai de deux ans pr\u00e9vu par l\u2019article R 312-35 du code de la consommation. Ce d\u00e9lai court \u00e0 compter du premier incident de paiement non r\u00e9gularis\u00e9. La d\u00e9cision pr\u00e9cise l\u2019impact d\u2019un r\u00e9am\u00e9nagement sur le point de d\u00e9part de ce d\u00e9lai. &#8220;Lorsque les modalit\u00e9s de r\u00e8glement des \u00e9ch\u00e9ances impay\u00e9es ont fait l\u2019objet d\u2019un r\u00e9am\u00e9nagement ou d\u2019un r\u00e9\u00e9chelonnement, le point de d\u00e9part du d\u00e9lai de forclusion est le premier incident non r\u00e9gularis\u00e9 intervenu apr\u00e8s le premier am\u00e9nagement ou r\u00e9\u00e9chelonnement conclu entre les int\u00e9ress\u00e9s&#8221; (Sur la recevabilit\u00e9). En l\u2019esp\u00e8ce, le juge constate que le premier impay\u00e9 post\u00e9rieur \u00e0 l\u2019avenant est intervenu en novembre 2024. L\u2019action introduite en mai 2025 est donc d\u00e9clar\u00e9e recevable. Cette analyse assure une s\u00e9curit\u00e9 juridique en fixant clairement le point de d\u00e9part du d\u00e9lai forclusif apr\u00e8s un am\u00e9nagement. Elle prot\u00e8ge le cr\u00e9ancier tout en encadrant strictement son droit d\u2019agir dans le temps.<\/p>\n<p>Le contr\u00f4le strict du fondement et du quantum de la cr\u00e9ance<\/p>\n<p>Sur le fond, le juge v\u00e9rifie scrupuleusement les conditions de la d\u00e9ch\u00e9ance du terme. Il rappelle que celle-ci est subordonn\u00e9e \u00e0 une mise en demeure pr\u00e9alable, conform\u00e9ment aux articles L 312-36 du code de la consommation et 1226 du code civil. Le pr\u00eateur justifie avoir adress\u00e9 une telle mise en demeure, ce qui permet de constater l\u2019acquisition de la d\u00e9ch\u00e9ance du terme. Cette exigence est r\u00e9guli\u00e8rement rappel\u00e9e par la jurisprudence, comme l\u2019illustre un arr\u00eat pr\u00e9cisant qu\u2019&#8221;il convient donc de constater l\u2019acquisition de la d\u00e9ch\u00e9ance du terme&#8221; (Tribunal judiciaire de Mulhouse, le 16 janvier 2026, n\u00b024\/02888). Le juge rel\u00e8ve ensuite d\u2019office le respect par le pr\u00eateur de ses obligations d\u2019information et de v\u00e9rification de la solvabilit\u00e9. Il produit \u00e0 l\u2019appui la fiche d\u2019informations pr\u00e9contractuelles et un justificatif de consultation du FICP. Le calcul des sommes dues est op\u00e9r\u00e9 en application stricte de l\u2019article L 312-39, limitant l\u2019indemnit\u00e9 forfaitaire \u00e0 8% du capital restant d\u00fb. Le juge exclut toute autre indemnit\u00e9 ou frais, conform\u00e9ment \u00e0 l\u2019article L 312-38. Ce contr\u00f4le exhaustif et d\u2019office illustre le r\u00f4le protecteur du juge en mati\u00e8re de cr\u00e9dit \u00e0 la consommation. Il garantit que la sanction de la d\u00e9faillance de l\u2019emprunteur reste proportionn\u00e9e et strictement encadr\u00e9e par la loi.<\/p>\n<\/div>\n","protected":false},"excerpt":{"rendered":"<p>Le juge des contentieux de la protection, statuant par jugement r\u00e9put\u00e9 contradictoire, a examin\u00e9 une action en paiement engag\u00e9e par un \u00e9tablissement de cr\u00e9di&#8230;<\/p>\n","protected":false},"author":232070755,"featured_media":9568,"comment_status":"open","ping_status":"open","sticky":false,"template":"","format":"standard","meta":{"_crdt_document":"","_jetpack_newsletter_access":"","_jetpack_dont_email_post_to_subs":false,"_jetpack_newsletter_tier_id":0,"_jetpack_memberships_contains_paywalled_content":false,"_kj_source_type":"judilibre","_kj_official_id":"68debf116af9fd1f809493cd","_kj_official_url":"https:\/\/www.courdecassation.fr\/decision\/68debf116af9fd1f809493cd","_kj_judilibre_id":"68debf116af9fd1f809493cd","_kj_jur":"Tribunal judiciaire","_kj_lieu":"Tribunal judiciaire de Bordeaux","_kj_chambre":"TPROX Contentieux G\u00e9n\u00e9ral","_kj_rg":"25\/00163","_kj_date":"2025-09-26","_jetpack_memberships_contains_paid_content":false,"footnotes":"","jetpack_post_was_ever_published":false},"categories":[7597],"tags":[],"class_list":["post-659372","post","type-post","status-publish","format-standard","has-post-thumbnail","hentry","category-jurisprudence"],"yoast_head":"<!-- This site is optimized with the Yoast SEO Premium plugin v27.5 (Yoast SEO v27.5) - https:\/\/yoast.com\/product\/yoast-seo-premium-wordpress\/ -->\n<title>Tribunal judiciaire de Bordeaux, le 26 septembre 2025, n\u00b025\/00163 - Ma\u00eetre Hassan Kohen, avocat en droit p\u00e9nal \u00e0 Paris<\/title>\n<meta name=\"description\" content=\"Le juge des contentieux de la protection, statuant par jugement r\u00e9put\u00e9 contradictoire, a examin\u00e9 une action en paiement engag\u00e9e par un \u00e9tablissement de cr\u00e9di...\" \/>\n<meta name=\"robots\" content=\"index, follow, max-snippet:-1, max-image-preview:large, max-video-preview:-1\" \/>\n<link rel=\"canonical\" href=\"https:\/\/kohenavocats.com\/tr\/tribunal-judiciaire-de-bordeaux-le-26-septembre-2025-n25-00163\/\" \/>\n<meta property=\"og:locale\" content=\"tr_TR\" \/>\n<meta property=\"og:type\" content=\"article\" \/>\n<meta property=\"og:title\" content=\"Tribunal judiciaire de Bordeaux, le 26 septembre 2025, n\u00b025\/00163\" \/>\n<meta property=\"og:description\" content=\"Le juge des contentieux de la protection, statuant par jugement r\u00e9put\u00e9 contradictoire, a examin\u00e9 une action en paiement engag\u00e9e par un \u00e9tablissement de cr\u00e9di...\" \/>\n<meta property=\"og:url\" content=\"https:\/\/kohenavocats.com\/tr\/tribunal-judiciaire-de-bordeaux-le-26-septembre-2025-n25-00163\/\" \/>\n<meta property=\"og:site_name\" content=\"Ma\u00eetre Hassan Kohen, avocat en droit p\u00e9nal \u00e0 Paris\" \/>\n<meta property=\"article:published_time\" content=\"2026-04-23T11:16:19+00:00\" \/>\n<meta property=\"og:image\" content=\"https:\/\/kohenavocats.com\/wp-content\/uploads\/2024\/11\/getty-images-C3aPAKHj558-unsplash.webp\" \/>\n\t<meta property=\"og:image:width\" content=\"6693\" \/>\n\t<meta property=\"og:image:height\" content=\"4467\" \/>\n\t<meta property=\"og:image:type\" content=\"image\/webp\" \/>\n<meta name=\"author\" content=\"Kohen\" \/>\n<meta name=\"twitter:card\" content=\"summary_large_image\" \/>\n<meta name=\"twitter:label1\" content=\"Yazan:\" \/>\n\t<meta name=\"twitter:data1\" content=\"Kohen\" \/>\n\t<meta name=\"twitter:label2\" content=\"Tahmini okuma s\u00fcresi\" \/>\n\t<meta name=\"twitter:data2\" content=\"3 dakika\" \/>\n<script type=\"application\/ld+json\" class=\"yoast-schema-graph\">{\"@context\":\"https:\\\/\\\/schema.org\",\"@graph\":[{\"@type\":\"Article\",\"@id\":\"https:\\\/\\\/kohenavocats.com\\\/tr\\\/tribunal-judiciaire-de-bordeaux-le-26-septembre-2025-n25-00163\\\/#article\",\"isPartOf\":{\"@id\":\"https:\\\/\\\/kohenavocats.com\\\/tr\\\/tribunal-judiciaire-de-bordeaux-le-26-septembre-2025-n25-00163\\\/\"},\"author\":{\"name\":\"Kohen\",\"@id\":\"https:\\\/\\\/kohenavocats.com\\\/tr\\\/#\\\/schema\\\/person\\\/761c9ba54fa1ca84d405cef0831ff751\"},\"headline\":\"Tribunal judiciaire de Bordeaux, le 26 septembre 2025, n\u00b025\\\/00163\",\"datePublished\":\"2026-04-23T11:16:19+00:00\",\"mainEntityOfPage\":{\"@id\":\"https:\\\/\\\/kohenavocats.com\\\/tr\\\/tribunal-judiciaire-de-bordeaux-le-26-septembre-2025-n25-00163\\\/\"},\"wordCount\":554,\"commentCount\":0,\"publisher\":{\"@id\":\"https:\\\/\\\/kohenavocats.com\\\/tr\\\/#organization\"},\"image\":{\"@id\":\"https:\\\/\\\/kohenavocats.com\\\/tr\\\/tribunal-judiciaire-de-bordeaux-le-26-septembre-2025-n25-00163\\\/#primaryimage\"},\"thumbnailUrl\":\"https:\\\/\\\/kohenavocats.com\\\/wp-content\\\/uploads\\\/2024\\\/11\\\/getty-images-C3aPAKHj558-unsplash.webp\",\"articleSection\":[\"Jurisprudence\"],\"inLanguage\":\"tr\",\"potentialAction\":[{\"@type\":\"CommentAction\",\"name\":\"Comment\",\"target\":[\"https:\\\/\\\/kohenavocats.com\\\/tr\\\/tribunal-judiciaire-de-bordeaux-le-26-septembre-2025-n25-00163\\\/#respond\"]}],\"citation\":\"Tribunal judiciaire de Bordeaux, le 26 septembre 2025, n\u00b025\\\/00163\",\"about\":[{\"@type\":\"Thing\",\"name\":\"Jurisprudence\"}],\"dateModified\":\"2026-04-23T11:16:19+00:00\",\"speakable\":{\"@type\":\"SpeakableSpecification\",\"cssSelector\":[\".article-content > p:first-of-type\"]}},{\"@type\":\"WebPage\",\"@id\":\"https:\\\/\\\/kohenavocats.com\\\/tr\\\/tribunal-judiciaire-de-bordeaux-le-26-septembre-2025-n25-00163\\\/\",\"url\":\"https:\\\/\\\/kohenavocats.com\\\/tr\\\/tribunal-judiciaire-de-bordeaux-le-26-septembre-2025-n25-00163\\\/\",\"name\":\"Tribunal judiciaire de Bordeaux, le 26 septembre 2025, n\u00b025\\\/00163 - Ma\u00eetre Hassan Kohen, avocat en droit p\u00e9nal \u00e0 Paris\",\"isPartOf\":{\"@id\":\"https:\\\/\\\/kohenavocats.com\\\/tr\\\/#website\"},\"primaryImageOfPage\":{\"@id\":\"https:\\\/\\\/kohenavocats.com\\\/tr\\\/tribunal-judiciaire-de-bordeaux-le-26-septembre-2025-n25-00163\\\/#primaryimage\"},\"image\":{\"@id\":\"https:\\\/\\\/kohenavocats.com\\\/tr\\\/tribunal-judiciaire-de-bordeaux-le-26-septembre-2025-n25-00163\\\/#primaryimage\"},\"thumbnailUrl\":\"https:\\\/\\\/kohenavocats.com\\\/wp-content\\\/uploads\\\/2024\\\/11\\\/getty-images-C3aPAKHj558-unsplash.webp\",\"datePublished\":\"2026-04-23T11:16:19+00:00\",\"description\":\"Le juge des contentieux de la protection, statuant par jugement r\u00e9put\u00e9 contradictoire, a examin\u00e9 une action en paiement engag\u00e9e par un \u00e9tablissement de cr\u00e9di...\",\"breadcrumb\":{\"@id\":\"https:\\\/\\\/kohenavocats.com\\\/tr\\\/tribunal-judiciaire-de-bordeaux-le-26-septembre-2025-n25-00163\\\/#breadcrumb\"},\"inLanguage\":\"tr\",\"potentialAction\":[{\"@type\":\"ReadAction\",\"target\":[\"https:\\\/\\\/kohenavocats.com\\\/tr\\\/tribunal-judiciaire-de-bordeaux-le-26-septembre-2025-n25-00163\\\/\"]}]},{\"@type\":\"ImageObject\",\"inLanguage\":\"tr\",\"@id\":\"https:\\\/\\\/kohenavocats.com\\\/tr\\\/tribunal-judiciaire-de-bordeaux-le-26-septembre-2025-n25-00163\\\/#primaryimage\",\"url\":\"https:\\\/\\\/kohenavocats.com\\\/wp-content\\\/uploads\\\/2024\\\/11\\\/getty-images-C3aPAKHj558-unsplash.webp\",\"contentUrl\":\"https:\\\/\\\/kohenavocats.com\\\/wp-content\\\/uploads\\\/2024\\\/11\\\/getty-images-C3aPAKHj558-unsplash.webp\",\"width\":6693,\"height\":4467},{\"@type\":\"BreadcrumbList\",\"@id\":\"https:\\\/\\\/kohenavocats.com\\\/tr\\\/tribunal-judiciaire-de-bordeaux-le-26-septembre-2025-n25-00163\\\/#breadcrumb\",\"itemListElement\":[{\"@type\":\"ListItem\",\"position\":1,\"name\":\"Home\",\"item\":\"https:\\\/\\\/kohenavocats.com\\\/tr\\\/avocats-en-droit-penal-a-paris-conseil-et-defense-strategique\\\/\"},{\"@type\":\"ListItem\",\"position\":2,\"name\":\"Tribunal judiciaire de Bordeaux, le 26 septembre 2025, n\u00b025\\\/00163\"}]},{\"@type\":\"WebSite\",\"@id\":\"https:\\\/\\\/kohenavocats.com\\\/tr\\\/#website\",\"url\":\"https:\\\/\\\/kohenavocats.com\\\/tr\\\/\",\"name\":\"Kohen Avocats\",\"description\":\"Ma\u00eetre Hassan Kohen, avocat p\u00e9naliste \u00e0 Paris, intervient exclusivement en droit p\u00e9nal pour la d\u00e9fense des particuliers, notamment en mati\u00e8re d\u2019accusations de viol. Il assure un accompagnement rigoureux d\u00e8s la garde \u00e0 vue jusqu\u2019\u00e0 la Cour d\u2019assises, veillant au strict respect des garanties proc\u00e9durales.\",\"publisher\":{\"@id\":\"https:\\\/\\\/kohenavocats.com\\\/tr\\\/#organization\"},\"potentialAction\":[{\"@type\":\"SearchAction\",\"target\":{\"@type\":\"EntryPoint\",\"urlTemplate\":\"https:\\\/\\\/kohenavocats.com\\\/tr\\\/?s={search_term_string}\"},\"query-input\":{\"@type\":\"PropertyValueSpecification\",\"valueRequired\":true,\"valueName\":\"search_term_string\"}}],\"inLanguage\":\"tr\"},{\"@type\":\"Organization\",\"@id\":\"https:\\\/\\\/kohenavocats.com\\\/tr\\\/#organization\",\"name\":\"Kohen Avocats\",\"url\":\"https:\\\/\\\/kohenavocats.com\\\/tr\\\/\",\"logo\":{\"@type\":\"ImageObject\",\"inLanguage\":\"tr\",\"@id\":\"https:\\\/\\\/kohenavocats.com\\\/tr\\\/#\\\/schema\\\/logo\\\/image\\\/\",\"url\":\"https:\\\/\\\/kohenavocats.com\\\/wp-content\\\/uploads\\\/2026\\\/01\\\/Logo-2-1.webp\",\"contentUrl\":\"https:\\\/\\\/kohenavocats.com\\\/wp-content\\\/uploads\\\/2026\\\/01\\\/Logo-2-1.webp\",\"width\":2114,\"height\":1253,\"caption\":\"Kohen Avocats\"},\"image\":{\"@id\":\"https:\\\/\\\/kohenavocats.com\\\/tr\\\/#\\\/schema\\\/logo\\\/image\\\/\"}},{\"@type\":\"Person\",\"@id\":\"https:\\\/\\\/kohenavocats.com\\\/tr\\\/#\\\/schema\\\/person\\\/761c9ba54fa1ca84d405cef0831ff751\",\"name\":\"Kohen\",\"image\":{\"@type\":\"ImageObject\",\"inLanguage\":\"tr\",\"@id\":\"https:\\\/\\\/secure.gravatar.com\\\/avatar\\\/1c5e76ef76bbbfdd2b4da984e2bf2fa4056fd51a27d25ce2c332047f1dfd6e00?s=96&d=identicon&r=g\",\"url\":\"https:\\\/\\\/secure.gravatar.com\\\/avatar\\\/1c5e76ef76bbbfdd2b4da984e2bf2fa4056fd51a27d25ce2c332047f1dfd6e00?s=96&d=identicon&r=g\",\"contentUrl\":\"https:\\\/\\\/secure.gravatar.com\\\/avatar\\\/1c5e76ef76bbbfdd2b4da984e2bf2fa4056fd51a27d25ce2c332047f1dfd6e00?s=96&d=identicon&r=g\",\"caption\":\"Kohen\"},\"sameAs\":[\"https:\\\/\\\/www.linkedin.com\\\/in\\\/hassan-kohen-448548192\\\/\",\"https:\\\/\\\/www.youtube.com\\\/@Kohen-Avocats\"],\"url\":\"https:\\\/\\\/kohenavocats.com\\\/tr\\\/author\\\/kohenmlk\\\/\"}]}<\/script>\n<!-- \/ Yoast SEO Premium plugin. -->","yoast_head_json":{"title":"Tribunal judiciaire de Bordeaux, le 26 septembre 2025, n\u00b025\/00163 - Ma\u00eetre Hassan Kohen, avocat en droit p\u00e9nal \u00e0 Paris","description":"Le juge des contentieux de la protection, statuant par jugement r\u00e9put\u00e9 contradictoire, a examin\u00e9 une action en paiement engag\u00e9e par un \u00e9tablissement de cr\u00e9di...","robots":{"index":"index","follow":"follow","max-snippet":"max-snippet:-1","max-image-preview":"max-image-preview:large","max-video-preview":"max-video-preview:-1"},"canonical":"https:\/\/kohenavocats.com\/tr\/tribunal-judiciaire-de-bordeaux-le-26-septembre-2025-n25-00163\/","og_locale":"tr_TR","og_type":"article","og_title":"Tribunal judiciaire de Bordeaux, le 26 septembre 2025, n\u00b025\/00163","og_description":"Le juge des contentieux de la protection, statuant par jugement r\u00e9put\u00e9 contradictoire, a examin\u00e9 une action en paiement engag\u00e9e par un \u00e9tablissement de cr\u00e9di...","og_url":"https:\/\/kohenavocats.com\/tr\/tribunal-judiciaire-de-bordeaux-le-26-septembre-2025-n25-00163\/","og_site_name":"Ma\u00eetre Hassan Kohen, avocat en droit p\u00e9nal \u00e0 Paris","article_published_time":"2026-04-23T11:16:19+00:00","og_image":[{"width":6693,"height":4467,"url":"https:\/\/kohenavocats.com\/wp-content\/uploads\/2024\/11\/getty-images-C3aPAKHj558-unsplash.webp","type":"image\/webp"}],"author":"Kohen","twitter_card":"summary_large_image","twitter_misc":{"Yazan:":"Kohen","Tahmini okuma s\u00fcresi":"3 dakika"},"schema":{"@context":"https:\/\/schema.org","@graph":[{"@type":"Article","@id":"https:\/\/kohenavocats.com\/tr\/tribunal-judiciaire-de-bordeaux-le-26-septembre-2025-n25-00163\/#article","isPartOf":{"@id":"https:\/\/kohenavocats.com\/tr\/tribunal-judiciaire-de-bordeaux-le-26-septembre-2025-n25-00163\/"},"author":{"name":"Kohen","@id":"https:\/\/kohenavocats.com\/tr\/#\/schema\/person\/761c9ba54fa1ca84d405cef0831ff751"},"headline":"Tribunal judiciaire de Bordeaux, le 26 septembre 2025, n\u00b025\/00163","datePublished":"2026-04-23T11:16:19+00:00","mainEntityOfPage":{"@id":"https:\/\/kohenavocats.com\/tr\/tribunal-judiciaire-de-bordeaux-le-26-septembre-2025-n25-00163\/"},"wordCount":554,"commentCount":0,"publisher":{"@id":"https:\/\/kohenavocats.com\/tr\/#organization"},"image":{"@id":"https:\/\/kohenavocats.com\/tr\/tribunal-judiciaire-de-bordeaux-le-26-septembre-2025-n25-00163\/#primaryimage"},"thumbnailUrl":"https:\/\/kohenavocats.com\/wp-content\/uploads\/2024\/11\/getty-images-C3aPAKHj558-unsplash.webp","articleSection":["Jurisprudence"],"inLanguage":"tr","potentialAction":[{"@type":"CommentAction","name":"Comment","target":["https:\/\/kohenavocats.com\/tr\/tribunal-judiciaire-de-bordeaux-le-26-septembre-2025-n25-00163\/#respond"]}],"citation":"Tribunal judiciaire de Bordeaux, le 26 septembre 2025, n\u00b025\/00163","about":[{"@type":"Thing","name":"Jurisprudence"}],"dateModified":"2026-04-23T11:16:19+00:00","speakable":{"@type":"SpeakableSpecification","cssSelector":[".article-content > p:first-of-type"]}},{"@type":"WebPage","@id":"https:\/\/kohenavocats.com\/tr\/tribunal-judiciaire-de-bordeaux-le-26-septembre-2025-n25-00163\/","url":"https:\/\/kohenavocats.com\/tr\/tribunal-judiciaire-de-bordeaux-le-26-septembre-2025-n25-00163\/","name":"Tribunal judiciaire de Bordeaux, le 26 septembre 2025, n\u00b025\/00163 - Ma\u00eetre Hassan Kohen, avocat en droit p\u00e9nal \u00e0 Paris","isPartOf":{"@id":"https:\/\/kohenavocats.com\/tr\/#website"},"primaryImageOfPage":{"@id":"https:\/\/kohenavocats.com\/tr\/tribunal-judiciaire-de-bordeaux-le-26-septembre-2025-n25-00163\/#primaryimage"},"image":{"@id":"https:\/\/kohenavocats.com\/tr\/tribunal-judiciaire-de-bordeaux-le-26-septembre-2025-n25-00163\/#primaryimage"},"thumbnailUrl":"https:\/\/kohenavocats.com\/wp-content\/uploads\/2024\/11\/getty-images-C3aPAKHj558-unsplash.webp","datePublished":"2026-04-23T11:16:19+00:00","description":"Le juge des contentieux de la protection, statuant par jugement r\u00e9put\u00e9 contradictoire, a examin\u00e9 une action en paiement engag\u00e9e par un \u00e9tablissement de cr\u00e9di...","breadcrumb":{"@id":"https:\/\/kohenavocats.com\/tr\/tribunal-judiciaire-de-bordeaux-le-26-septembre-2025-n25-00163\/#breadcrumb"},"inLanguage":"tr","potentialAction":[{"@type":"ReadAction","target":["https:\/\/kohenavocats.com\/tr\/tribunal-judiciaire-de-bordeaux-le-26-septembre-2025-n25-00163\/"]}]},{"@type":"ImageObject","inLanguage":"tr","@id":"https:\/\/kohenavocats.com\/tr\/tribunal-judiciaire-de-bordeaux-le-26-septembre-2025-n25-00163\/#primaryimage","url":"https:\/\/kohenavocats.com\/wp-content\/uploads\/2024\/11\/getty-images-C3aPAKHj558-unsplash.webp","contentUrl":"https:\/\/kohenavocats.com\/wp-content\/uploads\/2024\/11\/getty-images-C3aPAKHj558-unsplash.webp","width":6693,"height":4467},{"@type":"BreadcrumbList","@id":"https:\/\/kohenavocats.com\/tr\/tribunal-judiciaire-de-bordeaux-le-26-septembre-2025-n25-00163\/#breadcrumb","itemListElement":[{"@type":"ListItem","position":1,"name":"Home","item":"https:\/\/kohenavocats.com\/tr\/avocats-en-droit-penal-a-paris-conseil-et-defense-strategique\/"},{"@type":"ListItem","position":2,"name":"Tribunal judiciaire de Bordeaux, le 26 septembre 2025, n\u00b025\/00163"}]},{"@type":"WebSite","@id":"https:\/\/kohenavocats.com\/tr\/#website","url":"https:\/\/kohenavocats.com\/tr\/","name":"Kohen Avocats","description":"Ma\u00eetre Hassan Kohen, avocat p\u00e9naliste \u00e0 Paris, intervient exclusivement en droit p\u00e9nal pour la d\u00e9fense des particuliers, notamment en mati\u00e8re d\u2019accusations de viol. Il assure un accompagnement rigoureux d\u00e8s la garde \u00e0 vue jusqu\u2019\u00e0 la Cour d\u2019assises, veillant au strict respect des garanties proc\u00e9durales.","publisher":{"@id":"https:\/\/kohenavocats.com\/tr\/#organization"},"potentialAction":[{"@type":"SearchAction","target":{"@type":"EntryPoint","urlTemplate":"https:\/\/kohenavocats.com\/tr\/?s={search_term_string}"},"query-input":{"@type":"PropertyValueSpecification","valueRequired":true,"valueName":"search_term_string"}}],"inLanguage":"tr"},{"@type":"Organization","@id":"https:\/\/kohenavocats.com\/tr\/#organization","name":"Kohen Avocats","url":"https:\/\/kohenavocats.com\/tr\/","logo":{"@type":"ImageObject","inLanguage":"tr","@id":"https:\/\/kohenavocats.com\/tr\/#\/schema\/logo\/image\/","url":"https:\/\/kohenavocats.com\/wp-content\/uploads\/2026\/01\/Logo-2-1.webp","contentUrl":"https:\/\/kohenavocats.com\/wp-content\/uploads\/2026\/01\/Logo-2-1.webp","width":2114,"height":1253,"caption":"Kohen Avocats"},"image":{"@id":"https:\/\/kohenavocats.com\/tr\/#\/schema\/logo\/image\/"}},{"@type":"Person","@id":"https:\/\/kohenavocats.com\/tr\/#\/schema\/person\/761c9ba54fa1ca84d405cef0831ff751","name":"Kohen","image":{"@type":"ImageObject","inLanguage":"tr","@id":"https:\/\/secure.gravatar.com\/avatar\/1c5e76ef76bbbfdd2b4da984e2bf2fa4056fd51a27d25ce2c332047f1dfd6e00?s=96&d=identicon&r=g","url":"https:\/\/secure.gravatar.com\/avatar\/1c5e76ef76bbbfdd2b4da984e2bf2fa4056fd51a27d25ce2c332047f1dfd6e00?s=96&d=identicon&r=g","contentUrl":"https:\/\/secure.gravatar.com\/avatar\/1c5e76ef76bbbfdd2b4da984e2bf2fa4056fd51a27d25ce2c332047f1dfd6e00?s=96&d=identicon&r=g","caption":"Kohen"},"sameAs":["https:\/\/www.linkedin.com\/in\/hassan-kohen-448548192\/","https:\/\/www.youtube.com\/@Kohen-Avocats"],"url":"https:\/\/kohenavocats.com\/tr\/author\/kohenmlk\/"}]}},"jetpack_featured_media_url":"https:\/\/kohenavocats.com\/wp-content\/uploads\/2024\/11\/getty-images-C3aPAKHj558-unsplash.webp","jetpack_likes_enabled":false,"jetpack_shortlink":"https:\/\/wp.me\/peCrII-2Lx2","jetpack-related-posts":[{"id":490917,"url":"https:\/\/kohenavocats.com\/tr\/tribunal-judiciaire-de-paris-le-25-juin-2024-n25-00966\/","url_meta":{"origin":659372,"position":0},"title":"Tribunal judiciaire de Paris, le 25 juin 2024, n\u00b025\/00966","author":"Kohen","date":"8 Nisan 2026","format":false,"excerpt":"Le tribunal judiciaire de Paris, statuant par jugement r\u00e9put\u00e9 contradictoire le 25 juin 2024, examine une action en paiement engag\u00e9e par un organisme de cr\u00e9d...","rel":"","context":"&quot;Jurisprudence&quot; i\u00e7inde","block_context":{"text":"Jurisprudence","link":"https:\/\/kohenavocats.com\/category\/jurisprudence\/"},"img":{"alt_text":"","src":"https:\/\/i0.wp.com\/kohenavocats.com\/wp-content\/uploads\/2024\/08\/stephanie-leblanc-53aGntxJ8iA-unsplash.webp?resize=350%2C200&ssl=1","width":350,"height":200,"srcset":"https:\/\/i0.wp.com\/kohenavocats.com\/wp-content\/uploads\/2024\/08\/stephanie-leblanc-53aGntxJ8iA-unsplash.webp?resize=350%2C200&ssl=1 1x, https:\/\/i0.wp.com\/kohenavocats.com\/wp-content\/uploads\/2024\/08\/stephanie-leblanc-53aGntxJ8iA-unsplash.webp?resize=525%2C300&ssl=1 1.5x, https:\/\/i0.wp.com\/kohenavocats.com\/wp-content\/uploads\/2024\/08\/stephanie-leblanc-53aGntxJ8iA-unsplash.webp?resize=700%2C400&ssl=1 2x, https:\/\/i0.wp.com\/kohenavocats.com\/wp-content\/uploads\/2024\/08\/stephanie-leblanc-53aGntxJ8iA-unsplash.webp?resize=1050%2C600&ssl=1 3x, https:\/\/i0.wp.com\/kohenavocats.com\/wp-content\/uploads\/2024\/08\/stephanie-leblanc-53aGntxJ8iA-unsplash.webp?resize=1400%2C800&ssl=1 4x"},"classes":[]},{"id":621556,"url":"https:\/\/kohenavocats.com\/tr\/tribunal-judiciaire-de-vienne-le-24-mai-2025-n25-00587\/","url_meta":{"origin":659372,"position":1},"title":"Tribunal judiciaire de Vienne, le 24 mai 2025, n\u00b025\/00587","author":"Kohen","date":"20 Nisan 2026","format":false,"excerpt":"Le juge des contentieux de la protection, statuant par jugement r\u00e9put\u00e9 contradictoire le 24 mai 2025, examine une action en paiement engag\u00e9e par un \u00e9tablisse...","rel":"","context":"&quot;Jurisprudence&quot; i\u00e7inde","block_context":{"text":"Jurisprudence","link":"https:\/\/kohenavocats.com\/category\/jurisprudence\/"},"img":{"alt_text":"","src":"https:\/\/i0.wp.com\/kohenavocats.com\/wp-content\/uploads\/2024\/08\/joshua-coleman-FYev7eaTcRE-unsplash.webp?resize=350%2C200&ssl=1","width":350,"height":200,"srcset":"https:\/\/i0.wp.com\/kohenavocats.com\/wp-content\/uploads\/2024\/08\/joshua-coleman-FYev7eaTcRE-unsplash.webp?resize=350%2C200&ssl=1 1x, https:\/\/i0.wp.com\/kohenavocats.com\/wp-content\/uploads\/2024\/08\/joshua-coleman-FYev7eaTcRE-unsplash.webp?resize=525%2C300&ssl=1 1.5x, https:\/\/i0.wp.com\/kohenavocats.com\/wp-content\/uploads\/2024\/08\/joshua-coleman-FYev7eaTcRE-unsplash.webp?resize=700%2C400&ssl=1 2x, https:\/\/i0.wp.com\/kohenavocats.com\/wp-content\/uploads\/2024\/08\/joshua-coleman-FYev7eaTcRE-unsplash.webp?resize=1050%2C600&ssl=1 3x, https:\/\/i0.wp.com\/kohenavocats.com\/wp-content\/uploads\/2024\/08\/joshua-coleman-FYev7eaTcRE-unsplash.webp?resize=1400%2C800&ssl=1 4x"},"classes":[]},{"id":648084,"url":"https:\/\/kohenavocats.com\/tr\/tribunal-judiciaire-de-poitiers-le-3-octobre-2025-n25-00098\/","url_meta":{"origin":659372,"position":2},"title":"Tribunal judiciaire de Poitiers, le 3 octobre 2025, n\u00b025\/00098","author":"Kohen","date":"22 Nisan 2026","format":false,"excerpt":"Le juge des contentieux de la protection, statuant par jugement r\u00e9put\u00e9 contradictoire, a examin\u00e9 une action en paiement engag\u00e9e par un \u00e9tablissement de cr\u00e9di...","rel":"","context":"&quot;Jurisprudence&quot; i\u00e7inde","block_context":{"text":"Jurisprudence","link":"https:\/\/kohenavocats.com\/category\/jurisprudence\/"},"img":{"alt_text":"","src":"https:\/\/i0.wp.com\/kohenavocats.com\/wp-content\/uploads\/2024\/08\/vinh-PzXQ-ycHboI-unsplash.webp?resize=350%2C200&ssl=1","width":350,"height":200,"srcset":"https:\/\/i0.wp.com\/kohenavocats.com\/wp-content\/uploads\/2024\/08\/vinh-PzXQ-ycHboI-unsplash.webp?resize=350%2C200&ssl=1 1x, https:\/\/i0.wp.com\/kohenavocats.com\/wp-content\/uploads\/2024\/08\/vinh-PzXQ-ycHboI-unsplash.webp?resize=525%2C300&ssl=1 1.5x, https:\/\/i0.wp.com\/kohenavocats.com\/wp-content\/uploads\/2024\/08\/vinh-PzXQ-ycHboI-unsplash.webp?resize=700%2C400&ssl=1 2x, https:\/\/i0.wp.com\/kohenavocats.com\/wp-content\/uploads\/2024\/08\/vinh-PzXQ-ycHboI-unsplash.webp?resize=1050%2C600&ssl=1 3x, https:\/\/i0.wp.com\/kohenavocats.com\/wp-content\/uploads\/2024\/08\/vinh-PzXQ-ycHboI-unsplash.webp?resize=1400%2C800&ssl=1 4x"},"classes":[]},{"id":489344,"url":"https:\/\/kohenavocats.com\/tr\/tribunal-judiciaire-de-dijon-le-21-novembre-2025-n25-00192\/","url_meta":{"origin":659372,"position":3},"title":"Tribunal judiciaire de Dijon, le 21 novembre 2025, n\u00b025\/00192","author":"Kohen","date":"8 Nisan 2026","format":false,"excerpt":"Le juge des contentieux de la protection, statuant par d\u00e9cision r\u00e9put\u00e9e contradictoire le 21 novembre 2025, a examin\u00e9 une opposition \u00e0 une injonction de paye...","rel":"","context":"&quot;Jurisprudence&quot; i\u00e7inde","block_context":{"text":"Jurisprudence","link":"https:\/\/kohenavocats.com\/category\/jurisprudence\/"},"img":{"alt_text":"","src":"https:\/\/i0.wp.com\/kohenavocats.com\/wp-content\/uploads\/2024\/11\/allison-saeng-Xp2cnkaRwlw-unsplash.webp?resize=350%2C200&ssl=1","width":350,"height":200,"srcset":"https:\/\/i0.wp.com\/kohenavocats.com\/wp-content\/uploads\/2024\/11\/allison-saeng-Xp2cnkaRwlw-unsplash.webp?resize=350%2C200&ssl=1 1x, https:\/\/i0.wp.com\/kohenavocats.com\/wp-content\/uploads\/2024\/11\/allison-saeng-Xp2cnkaRwlw-unsplash.webp?resize=525%2C300&ssl=1 1.5x, https:\/\/i0.wp.com\/kohenavocats.com\/wp-content\/uploads\/2024\/11\/allison-saeng-Xp2cnkaRwlw-unsplash.webp?resize=700%2C400&ssl=1 2x, https:\/\/i0.wp.com\/kohenavocats.com\/wp-content\/uploads\/2024\/11\/allison-saeng-Xp2cnkaRwlw-unsplash.webp?resize=1050%2C600&ssl=1 3x, https:\/\/i0.wp.com\/kohenavocats.com\/wp-content\/uploads\/2024\/11\/allison-saeng-Xp2cnkaRwlw-unsplash.webp?resize=1400%2C800&ssl=1 4x"},"classes":[]},{"id":647553,"url":"https:\/\/kohenavocats.com\/tr\/tribunal-judiciaire-de-poitiers-le-3-octobre-2025-n25-00150\/","url_meta":{"origin":659372,"position":4},"title":"Tribunal judiciaire de Poitiers, le 3 octobre 2025, n\u00b025\/00150","author":"Kohen","date":"22 Nisan 2026","format":false,"excerpt":"Le juge des contentieux de la protection, dans un jugement r\u00e9cent, a statu\u00e9 sur une action en paiement relative \u00e0 un cr\u00e9dit \u00e0 la consommation. L'\u00e9tablissemen...","rel":"","context":"&quot;Jurisprudence&quot; i\u00e7inde","block_context":{"text":"Jurisprudence","link":"https:\/\/kohenavocats.com\/category\/jurisprudence\/"},"img":{"alt_text":"","src":"https:\/\/i0.wp.com\/kohenavocats.com\/wp-content\/uploads\/2024\/11\/gabriella-clare-marino-K7jFghPMaFo-unsplash.webp?resize=350%2C200&ssl=1","width":350,"height":200,"srcset":"https:\/\/i0.wp.com\/kohenavocats.com\/wp-content\/uploads\/2024\/11\/gabriella-clare-marino-K7jFghPMaFo-unsplash.webp?resize=350%2C200&ssl=1 1x, https:\/\/i0.wp.com\/kohenavocats.com\/wp-content\/uploads\/2024\/11\/gabriella-clare-marino-K7jFghPMaFo-unsplash.webp?resize=525%2C300&ssl=1 1.5x, https:\/\/i0.wp.com\/kohenavocats.com\/wp-content\/uploads\/2024\/11\/gabriella-clare-marino-K7jFghPMaFo-unsplash.webp?resize=700%2C400&ssl=1 2x, https:\/\/i0.wp.com\/kohenavocats.com\/wp-content\/uploads\/2024\/11\/gabriella-clare-marino-K7jFghPMaFo-unsplash.webp?resize=1050%2C600&ssl=1 3x, https:\/\/i0.wp.com\/kohenavocats.com\/wp-content\/uploads\/2024\/11\/gabriella-clare-marino-K7jFghPMaFo-unsplash.webp?resize=1400%2C800&ssl=1 4x"},"classes":[]},{"id":656618,"url":"https:\/\/kohenavocats.com\/tr\/tribunal-judiciaire-de-toulouse-le-26-juin-2025-n25-01102\/","url_meta":{"origin":659372,"position":5},"title":"Tribunal judiciaire de Toulouse, le 26 juin 2025, n\u00b025\/01102","author":"Kohen","date":"23 Nisan 2026","format":false,"excerpt":"Le juge des contentieux de la protection, statuant par jugement le 26 juin 2025, examine une action en paiement fond\u00e9e sur un cr\u00e9dit \u00e0 la consommation. L'\u00e9ta...","rel":"","context":"&quot;Jurisprudence&quot; i\u00e7inde","block_context":{"text":"Jurisprudence","link":"https:\/\/kohenavocats.com\/category\/jurisprudence\/"},"img":{"alt_text":"","src":"https:\/\/i0.wp.com\/kohenavocats.com\/wp-content\/uploads\/2024\/08\/vlad-kutepov-utAMCFc1-SY-unsplash.webp?resize=350%2C200&ssl=1","width":350,"height":200,"srcset":"https:\/\/i0.wp.com\/kohenavocats.com\/wp-content\/uploads\/2024\/08\/vlad-kutepov-utAMCFc1-SY-unsplash.webp?resize=350%2C200&ssl=1 1x, https:\/\/i0.wp.com\/kohenavocats.com\/wp-content\/uploads\/2024\/08\/vlad-kutepov-utAMCFc1-SY-unsplash.webp?resize=525%2C300&ssl=1 1.5x, https:\/\/i0.wp.com\/kohenavocats.com\/wp-content\/uploads\/2024\/08\/vlad-kutepov-utAMCFc1-SY-unsplash.webp?resize=700%2C400&ssl=1 2x, https:\/\/i0.wp.com\/kohenavocats.com\/wp-content\/uploads\/2024\/08\/vlad-kutepov-utAMCFc1-SY-unsplash.webp?resize=1050%2C600&ssl=1 3x, https:\/\/i0.wp.com\/kohenavocats.com\/wp-content\/uploads\/2024\/08\/vlad-kutepov-utAMCFc1-SY-unsplash.webp?resize=1400%2C800&ssl=1 4x"},"classes":[]}],"jetpack_sharing_enabled":true,"_links":{"self":[{"href":"https:\/\/kohenavocats.com\/tr\/wp-json\/wp\/v2\/posts\/659372","targetHints":{"allow":["GET"]}}],"collection":[{"href":"https:\/\/kohenavocats.com\/tr\/wp-json\/wp\/v2\/posts"}],"about":[{"href":"https:\/\/kohenavocats.com\/tr\/wp-json\/wp\/v2\/types\/post"}],"author":[{"embeddable":true,"href":"https:\/\/kohenavocats.com\/tr\/wp-json\/wp\/v2\/users\/232070755"}],"replies":[{"embeddable":true,"href":"https:\/\/kohenavocats.com\/tr\/wp-json\/wp\/v2\/comments?post=659372"}],"version-history":[{"count":0,"href":"https:\/\/kohenavocats.com\/tr\/wp-json\/wp\/v2\/posts\/659372\/revisions"}],"wp:featuredmedia":[{"embeddable":true,"href":"https:\/\/kohenavocats.com\/tr\/wp-json\/wp\/v2\/media\/9568"}],"wp:attachment":[{"href":"https:\/\/kohenavocats.com\/tr\/wp-json\/wp\/v2\/media?parent=659372"}],"wp:term":[{"taxonomy":"category","embeddable":true,"href":"https:\/\/kohenavocats.com\/tr\/wp-json\/wp\/v2\/categories?post=659372"},{"taxonomy":"post_tag","embeddable":true,"href":"https:\/\/kohenavocats.com\/tr\/wp-json\/wp\/v2\/tags?post=659372"}],"curies":[{"name":"wp","href":"https:\/\/api.w.org\/{rel}","templated":true}]}}