{"id":659385,"date":"2026-04-23T13:17:22","date_gmt":"2026-04-23T11:17:22","guid":{"rendered":"https:\/\/kohenavocats.com\/cour-dappel-de-nancy-le-26-septembre-2025-n23-01059\/"},"modified":"2026-04-23T13:17:22","modified_gmt":"2026-04-23T11:17:22","slug":"cour-dappel-de-nancy-le-26-septembre-2025-n23-01059","status":"publish","type":"post","link":"https:\/\/kohenavocats.com\/tr\/cour-dappel-de-nancy-le-26-septembre-2025-n23-01059\/","title":{"rendered":"Cour d&#8217;appel de Nancy, le 26 septembre 2025, n\u00b023\/01059"},"content":{"rendered":"<div class=\"article-content\">\n<p>La cour d\u2019appel de Nancy, statuant par le tribunal judiciaire de Val de Briey le 26 septembre 2025, examine une action en responsabilit\u00e9 contre une avocate. Le demandeur estime que la d\u00e9faillance de son conseil dans un pr\u00e9c\u00e9dent contentieux prud\u2019homal lui a caus\u00e9 un pr\u00e9judice. Le tribunal ordonne la r\u00e9ouverture des d\u00e9bats avant de statuer au fond, sursoyant \u00e0 toute d\u00e9cision d\u00e9finitive.<\/p>\n<p>La preuve de la faute professionnelle conditionne la responsabilit\u00e9 contractuelle<\/p>\n<p>L\u2019obligation de moyens impose \u00e0 l\u2019avocat une diligence raisonnable dans l\u2019ex\u00e9cution de son mandat. Le manquement \u00e0 cette obligation constitue une faute engageant sa responsabilit\u00e9 si un pr\u00e9judice en d\u00e9coule directement. L\u2019article 411 du code de proc\u00e9dure civile pr\u00e9cise ce devoir en mati\u00e8re de repr\u00e9sentation en justice.<\/p>\n<p>Le client doit ainsi d\u00e9montrer concr\u00e8tement la d\u00e9faillance all\u00e9gu\u00e9e contre son avocat. En l\u2019esp\u00e8ce, l\u2019absence de production d\u2019une pi\u00e8ce essentielle emp\u00eache le tribunal de constater la faute. La d\u00e9cision souligne que &#8220;cette pi\u00e8ce \u00e9tant essentielle \u00e0 son argumentaire, il convient d&#8217;ordonner la r\u00e9ouverture des d\u00e9bats&#8221; (Motifs de la d\u00e9cision). La charge de la preuve incombe pleinement au demandeur dans ce type d\u2019instance.<\/p>\n<p>La d\u00e9monstration d\u2019un pr\u00e9judice certain n\u00e9cessite des \u00e9l\u00e9ments probants pr\u00e9cis<\/p>\n<p>Le pr\u00e9judice invoqu\u00e9 doit \u00eatre actuel et directement li\u00e9 \u00e0 la faute reproch\u00e9e. Le demandeur all\u00e8gue une perte de chance d\u2019obtenir la requalification de son contrat de travail intermittent. Cette perte de chance doit \u00eatre \u00e9tablie avec des \u00e9l\u00e9ments tangibles et non de simples affirmations.<\/p>\n<p>La jurisprudence rappelle les conditions strictes de la requalification d\u2019un contrat intermittent. &#8220;Pour requalifier les contrats de travail intermittent en contrat de travail \u00e0 temps complet, les arr\u00eats retiennent qu&#8217;il est stipul\u00e9 dans le contrat de travail intermittent \u2018&#8217;vos horaires de travail, qui impliquent un travail, soit pendant la journ\u00e9e, le soir et\/ou le samedi, seront variables en fonction de la charge d&#8217;enqu\u00eates. Vous vous engagez \u00e0 accepter indiff\u00e9remment des \u00e9tudes de journ\u00e9e, du soir et du samedi \u2018&#8217;, qu&#8217;ainsi n&#8217;\u00e9taient d\u00e9termin\u00e9s, ni le temps de travail hebdomadaire ou mensuel, ni la r\u00e9partition du temps de travail entre les jours de la semaine et les semaines du mois&#8221; (Cass. Chambre sociale, le 30 septembre 2020, n\u00b018-24.909). L\u2019absence de d\u00e9termination pr\u00e9cise des p\u00e9riodes travaill\u00e9es est un \u00e9l\u00e9ment central.<\/p>\n<p>La port\u00e9e de la d\u00e9cision r\u00e9side dans le strict respect des r\u00e8gles de la preuve. Le tribunal rappelle que l\u2019all\u00e9gation d\u2019une faute professionnelle ne peut reposer sur des pr\u00e9somptions. La solution adopt\u00e9e, un sursis \u00e0 statuer, est une mesure d\u2019instruction prudente. Elle vise \u00e0 garantir un d\u00e9bat contradictoire complet avant toute condamnation \u00e9ventuelle, pr\u00e9servant ainsi les droits de la d\u00e9fense.<\/p>\n<\/div>\n","protected":false},"excerpt":{"rendered":"<p>La cour d\u2019appel de Nancy, statuant par le tribunal judiciaire de Val de Briey le 26 septembre 2025, examine une action en responsabilit\u00e9 contre une avocate. &#8230;<\/p>\n","protected":false},"author":232070755,"featured_media":9628,"comment_status":"open","ping_status":"open","sticky":false,"template":"","format":"standard","meta":{"_crdt_document":"","_jetpack_newsletter_access":"","_jetpack_dont_email_post_to_subs":false,"_jetpack_newsletter_tier_id":0,"_jetpack_memberships_contains_paywalled_content":false,"_kj_source_type":"","_kj_official_id":"","_kj_official_url":"","_kj_judilibre_id":"","_kj_jur":"","_kj_lieu":"","_kj_chambre":"","_kj_rg":"","_kj_date":"","_jetpack_memberships_contains_paid_content":false,"footnotes":"","jetpack_post_was_ever_published":false},"categories":[7597],"tags":[],"class_list":["post-659385","post","type-post","status-publish","format-standard","has-post-thumbnail","hentry","category-jurisprudence"],"yoast_head":"<!-- This site is optimized with the Yoast SEO Premium plugin v27.4 (Yoast SEO v27.4) - https:\/\/yoast.com\/product\/yoast-seo-premium-wordpress\/ -->\n<title>Cour d&#039;appel de Nancy, le 26 septembre 2025, n\u00b023\/01059 - Ma\u00eetre Hassan Kohen, avocat en droit p\u00e9nal \u00e0 Paris<\/title>\n<meta name=\"description\" content=\"La cour d\u2019appel de Nancy, statuant par le tribunal judiciaire de Val de Briey le 26 septembre 2025, examine une action en responsabilit\u00e9 contre une avocate. ...\" \/>\n<meta name=\"robots\" content=\"index, follow, max-snippet:-1, max-image-preview:large, max-video-preview:-1\" \/>\n<link rel=\"canonical\" href=\"https:\/\/kohenavocats.com\/tr\/cour-dappel-de-nancy-le-26-septembre-2025-n23-01059\/\" \/>\n<meta property=\"og:locale\" content=\"tr_TR\" \/>\n<meta property=\"og:type\" content=\"article\" \/>\n<meta property=\"og:title\" content=\"Cour d&#039;appel de Nancy, le 26 septembre 2025, n\u00b023\/01059\" \/>\n<meta property=\"og:description\" content=\"La cour d\u2019appel de Nancy, statuant par le tribunal judiciaire de Val de Briey le 26 septembre 2025, examine une action en responsabilit\u00e9 contre une avocate. ...\" \/>\n<meta property=\"og:url\" content=\"https:\/\/kohenavocats.com\/tr\/cour-dappel-de-nancy-le-26-septembre-2025-n23-01059\/\" \/>\n<meta property=\"og:site_name\" content=\"Ma\u00eetre Hassan Kohen, avocat en droit p\u00e9nal \u00e0 Paris\" \/>\n<meta property=\"article:published_time\" content=\"2026-04-23T11:17:22+00:00\" \/>\n<meta property=\"og:image\" content=\"https:\/\/kohenavocats.com\/wp-content\/uploads\/2024\/11\/alex-shuper-VcLOsHAk_SA-unsplash.webp\" \/>\n\t<meta property=\"og:image:width\" content=\"4000\" \/>\n\t<meta property=\"og:image:height\" content=\"6000\" \/>\n\t<meta property=\"og:image:type\" content=\"image\/webp\" \/>\n<meta name=\"author\" content=\"Kohen\" \/>\n<meta name=\"twitter:card\" content=\"summary_large_image\" \/>\n<meta name=\"twitter:label1\" content=\"Yazan:\" \/>\n\t<meta name=\"twitter:data1\" content=\"Kohen\" \/>\n\t<meta name=\"twitter:label2\" content=\"Tahmini okuma s\u00fcresi\" \/>\n\t<meta name=\"twitter:data2\" content=\"2 dakika\" \/>\n<script type=\"application\/ld+json\" class=\"yoast-schema-graph\">{\"@context\":\"https:\\\/\\\/schema.org\",\"@graph\":[{\"@type\":\"Article\",\"@id\":\"https:\\\/\\\/kohenavocats.com\\\/tr\\\/cour-dappel-de-nancy-le-26-septembre-2025-n23-01059\\\/#article\",\"isPartOf\":{\"@id\":\"https:\\\/\\\/kohenavocats.com\\\/tr\\\/cour-dappel-de-nancy-le-26-septembre-2025-n23-01059\\\/\"},\"author\":{\"name\":\"Kohen\",\"@id\":\"https:\\\/\\\/kohenavocats.com\\\/tr\\\/#\\\/schema\\\/person\\\/761c9ba54fa1ca84d405cef0831ff751\"},\"headline\":\"Cour d&#8217;appel de Nancy, le 26 septembre 2025, n\u00b023\\\/01059\",\"datePublished\":\"2026-04-23T11:17:22+00:00\",\"mainEntityOfPage\":{\"@id\":\"https:\\\/\\\/kohenavocats.com\\\/tr\\\/cour-dappel-de-nancy-le-26-septembre-2025-n23-01059\\\/\"},\"wordCount\":500,\"commentCount\":0,\"publisher\":{\"@id\":\"https:\\\/\\\/kohenavocats.com\\\/tr\\\/#organization\"},\"image\":{\"@id\":\"https:\\\/\\\/kohenavocats.com\\\/tr\\\/cour-dappel-de-nancy-le-26-septembre-2025-n23-01059\\\/#primaryimage\"},\"thumbnailUrl\":\"https:\\\/\\\/kohenavocats.com\\\/wp-content\\\/uploads\\\/2024\\\/11\\\/alex-shuper-VcLOsHAk_SA-unsplash.webp\",\"articleSection\":[\"Jurisprudence\"],\"inLanguage\":\"tr\",\"potentialAction\":[{\"@type\":\"CommentAction\",\"name\":\"Comment\",\"target\":[\"https:\\\/\\\/kohenavocats.com\\\/tr\\\/cour-dappel-de-nancy-le-26-septembre-2025-n23-01059\\\/#respond\"]}],\"citation\":\"Cour d&#8217;appel de Nancy, le 26 septembre 2025, n\u00b023\\\/01059\",\"about\":[{\"@type\":\"Thing\",\"name\":\"Jurisprudence\"}],\"dateModified\":\"2026-04-23T11:17:22+00:00\",\"speakable\":{\"@type\":\"SpeakableSpecification\",\"cssSelector\":[\".article-content > p:first-of-type\"]}},{\"@type\":\"WebPage\",\"@id\":\"https:\\\/\\\/kohenavocats.com\\\/tr\\\/cour-dappel-de-nancy-le-26-septembre-2025-n23-01059\\\/\",\"url\":\"https:\\\/\\\/kohenavocats.com\\\/tr\\\/cour-dappel-de-nancy-le-26-septembre-2025-n23-01059\\\/\",\"name\":\"Cour d'appel de Nancy, le 26 septembre 2025, n\u00b023\\\/01059 - Ma\u00eetre Hassan Kohen, avocat en droit p\u00e9nal \u00e0 Paris\",\"isPartOf\":{\"@id\":\"https:\\\/\\\/kohenavocats.com\\\/tr\\\/#website\"},\"primaryImageOfPage\":{\"@id\":\"https:\\\/\\\/kohenavocats.com\\\/tr\\\/cour-dappel-de-nancy-le-26-septembre-2025-n23-01059\\\/#primaryimage\"},\"image\":{\"@id\":\"https:\\\/\\\/kohenavocats.com\\\/tr\\\/cour-dappel-de-nancy-le-26-septembre-2025-n23-01059\\\/#primaryimage\"},\"thumbnailUrl\":\"https:\\\/\\\/kohenavocats.com\\\/wp-content\\\/uploads\\\/2024\\\/11\\\/alex-shuper-VcLOsHAk_SA-unsplash.webp\",\"datePublished\":\"2026-04-23T11:17:22+00:00\",\"description\":\"La cour d\u2019appel de Nancy, statuant par le tribunal judiciaire de Val de Briey le 26 septembre 2025, examine une action en responsabilit\u00e9 contre une avocate. ...\",\"breadcrumb\":{\"@id\":\"https:\\\/\\\/kohenavocats.com\\\/tr\\\/cour-dappel-de-nancy-le-26-septembre-2025-n23-01059\\\/#breadcrumb\"},\"inLanguage\":\"tr\",\"potentialAction\":[{\"@type\":\"ReadAction\",\"target\":[\"https:\\\/\\\/kohenavocats.com\\\/tr\\\/cour-dappel-de-nancy-le-26-septembre-2025-n23-01059\\\/\"]}]},{\"@type\":\"ImageObject\",\"inLanguage\":\"tr\",\"@id\":\"https:\\\/\\\/kohenavocats.com\\\/tr\\\/cour-dappel-de-nancy-le-26-septembre-2025-n23-01059\\\/#primaryimage\",\"url\":\"https:\\\/\\\/kohenavocats.com\\\/wp-content\\\/uploads\\\/2024\\\/11\\\/alex-shuper-VcLOsHAk_SA-unsplash.webp\",\"contentUrl\":\"https:\\\/\\\/kohenavocats.com\\\/wp-content\\\/uploads\\\/2024\\\/11\\\/alex-shuper-VcLOsHAk_SA-unsplash.webp\",\"width\":4000,\"height\":6000},{\"@type\":\"BreadcrumbList\",\"@id\":\"https:\\\/\\\/kohenavocats.com\\\/tr\\\/cour-dappel-de-nancy-le-26-septembre-2025-n23-01059\\\/#breadcrumb\",\"itemListElement\":[{\"@type\":\"ListItem\",\"position\":1,\"name\":\"Home\",\"item\":\"https:\\\/\\\/kohenavocats.com\\\/tr\\\/avocats-en-droit-penal-a-paris-conseil-et-defense-strategique\\\/\"},{\"@type\":\"ListItem\",\"position\":2,\"name\":\"Cour d&rsquo;appel de Nancy, le 26 septembre 2025, n\u00b023\\\/01059\"}]},{\"@type\":\"WebSite\",\"@id\":\"https:\\\/\\\/kohenavocats.com\\\/tr\\\/#website\",\"url\":\"https:\\\/\\\/kohenavocats.com\\\/tr\\\/\",\"name\":\"Kohen Avocats\",\"description\":\"Ma\u00eetre Hassan Kohen, avocat p\u00e9naliste \u00e0 Paris, intervient exclusivement en droit p\u00e9nal pour la d\u00e9fense des particuliers, notamment en mati\u00e8re d\u2019accusations de viol. Il assure un accompagnement rigoureux d\u00e8s la garde \u00e0 vue jusqu\u2019\u00e0 la Cour d\u2019assises, veillant au strict respect des garanties proc\u00e9durales.\",\"publisher\":{\"@id\":\"https:\\\/\\\/kohenavocats.com\\\/tr\\\/#organization\"},\"potentialAction\":[{\"@type\":\"SearchAction\",\"target\":{\"@type\":\"EntryPoint\",\"urlTemplate\":\"https:\\\/\\\/kohenavocats.com\\\/tr\\\/?s={search_term_string}\"},\"query-input\":{\"@type\":\"PropertyValueSpecification\",\"valueRequired\":true,\"valueName\":\"search_term_string\"}}],\"inLanguage\":\"tr\"},{\"@type\":\"Organization\",\"@id\":\"https:\\\/\\\/kohenavocats.com\\\/tr\\\/#organization\",\"name\":\"Kohen Avocats\",\"url\":\"https:\\\/\\\/kohenavocats.com\\\/tr\\\/\",\"logo\":{\"@type\":\"ImageObject\",\"inLanguage\":\"tr\",\"@id\":\"https:\\\/\\\/kohenavocats.com\\\/tr\\\/#\\\/schema\\\/logo\\\/image\\\/\",\"url\":\"https:\\\/\\\/kohenavocats.com\\\/wp-content\\\/uploads\\\/2026\\\/01\\\/Logo-2-1.webp\",\"contentUrl\":\"https:\\\/\\\/kohenavocats.com\\\/wp-content\\\/uploads\\\/2026\\\/01\\\/Logo-2-1.webp\",\"width\":2114,\"height\":1253,\"caption\":\"Kohen Avocats\"},\"image\":{\"@id\":\"https:\\\/\\\/kohenavocats.com\\\/tr\\\/#\\\/schema\\\/logo\\\/image\\\/\"}},{\"@type\":\"Person\",\"@id\":\"https:\\\/\\\/kohenavocats.com\\\/tr\\\/#\\\/schema\\\/person\\\/761c9ba54fa1ca84d405cef0831ff751\",\"name\":\"Kohen\",\"image\":{\"@type\":\"ImageObject\",\"inLanguage\":\"tr\",\"@id\":\"https:\\\/\\\/secure.gravatar.com\\\/avatar\\\/1c5e76ef76bbbfdd2b4da984e2bf2fa4056fd51a27d25ce2c332047f1dfd6e00?s=96&d=identicon&r=g\",\"url\":\"https:\\\/\\\/secure.gravatar.com\\\/avatar\\\/1c5e76ef76bbbfdd2b4da984e2bf2fa4056fd51a27d25ce2c332047f1dfd6e00?s=96&d=identicon&r=g\",\"contentUrl\":\"https:\\\/\\\/secure.gravatar.com\\\/avatar\\\/1c5e76ef76bbbfdd2b4da984e2bf2fa4056fd51a27d25ce2c332047f1dfd6e00?s=96&d=identicon&r=g\",\"caption\":\"Kohen\"},\"sameAs\":[\"https:\\\/\\\/www.linkedin.com\\\/in\\\/hassan-kohen-448548192\\\/\",\"https:\\\/\\\/www.youtube.com\\\/@Kohen-Avocats\"],\"url\":\"https:\\\/\\\/kohenavocats.com\\\/tr\\\/author\\\/kohenmlk\\\/\"}]}<\/script>\n<!-- \/ Yoast SEO Premium plugin. -->","yoast_head_json":{"title":"Cour d'appel de Nancy, le 26 septembre 2025, n\u00b023\/01059 - Ma\u00eetre Hassan Kohen, avocat en droit p\u00e9nal \u00e0 Paris","description":"La cour d\u2019appel de Nancy, statuant par le tribunal judiciaire de Val de Briey le 26 septembre 2025, examine une action en responsabilit\u00e9 contre une avocate. ...","robots":{"index":"index","follow":"follow","max-snippet":"max-snippet:-1","max-image-preview":"max-image-preview:large","max-video-preview":"max-video-preview:-1"},"canonical":"https:\/\/kohenavocats.com\/tr\/cour-dappel-de-nancy-le-26-septembre-2025-n23-01059\/","og_locale":"tr_TR","og_type":"article","og_title":"Cour d'appel de Nancy, le 26 septembre 2025, n\u00b023\/01059","og_description":"La cour d\u2019appel de Nancy, statuant par le tribunal judiciaire de Val de Briey le 26 septembre 2025, examine une action en responsabilit\u00e9 contre une avocate. ...","og_url":"https:\/\/kohenavocats.com\/tr\/cour-dappel-de-nancy-le-26-septembre-2025-n23-01059\/","og_site_name":"Ma\u00eetre Hassan Kohen, avocat en droit p\u00e9nal \u00e0 Paris","article_published_time":"2026-04-23T11:17:22+00:00","og_image":[{"width":4000,"height":6000,"url":"https:\/\/kohenavocats.com\/wp-content\/uploads\/2024\/11\/alex-shuper-VcLOsHAk_SA-unsplash.webp","type":"image\/webp"}],"author":"Kohen","twitter_card":"summary_large_image","twitter_misc":{"Yazan:":"Kohen","Tahmini okuma s\u00fcresi":"2 dakika"},"schema":{"@context":"https:\/\/schema.org","@graph":[{"@type":"Article","@id":"https:\/\/kohenavocats.com\/tr\/cour-dappel-de-nancy-le-26-septembre-2025-n23-01059\/#article","isPartOf":{"@id":"https:\/\/kohenavocats.com\/tr\/cour-dappel-de-nancy-le-26-septembre-2025-n23-01059\/"},"author":{"name":"Kohen","@id":"https:\/\/kohenavocats.com\/tr\/#\/schema\/person\/761c9ba54fa1ca84d405cef0831ff751"},"headline":"Cour d&#8217;appel de Nancy, le 26 septembre 2025, n\u00b023\/01059","datePublished":"2026-04-23T11:17:22+00:00","mainEntityOfPage":{"@id":"https:\/\/kohenavocats.com\/tr\/cour-dappel-de-nancy-le-26-septembre-2025-n23-01059\/"},"wordCount":500,"commentCount":0,"publisher":{"@id":"https:\/\/kohenavocats.com\/tr\/#organization"},"image":{"@id":"https:\/\/kohenavocats.com\/tr\/cour-dappel-de-nancy-le-26-septembre-2025-n23-01059\/#primaryimage"},"thumbnailUrl":"https:\/\/kohenavocats.com\/wp-content\/uploads\/2024\/11\/alex-shuper-VcLOsHAk_SA-unsplash.webp","articleSection":["Jurisprudence"],"inLanguage":"tr","potentialAction":[{"@type":"CommentAction","name":"Comment","target":["https:\/\/kohenavocats.com\/tr\/cour-dappel-de-nancy-le-26-septembre-2025-n23-01059\/#respond"]}],"citation":"Cour d&#8217;appel de Nancy, le 26 septembre 2025, n\u00b023\/01059","about":[{"@type":"Thing","name":"Jurisprudence"}],"dateModified":"2026-04-23T11:17:22+00:00","speakable":{"@type":"SpeakableSpecification","cssSelector":[".article-content > p:first-of-type"]}},{"@type":"WebPage","@id":"https:\/\/kohenavocats.com\/tr\/cour-dappel-de-nancy-le-26-septembre-2025-n23-01059\/","url":"https:\/\/kohenavocats.com\/tr\/cour-dappel-de-nancy-le-26-septembre-2025-n23-01059\/","name":"Cour d'appel de Nancy, le 26 septembre 2025, n\u00b023\/01059 - Ma\u00eetre Hassan Kohen, avocat en droit p\u00e9nal \u00e0 Paris","isPartOf":{"@id":"https:\/\/kohenavocats.com\/tr\/#website"},"primaryImageOfPage":{"@id":"https:\/\/kohenavocats.com\/tr\/cour-dappel-de-nancy-le-26-septembre-2025-n23-01059\/#primaryimage"},"image":{"@id":"https:\/\/kohenavocats.com\/tr\/cour-dappel-de-nancy-le-26-septembre-2025-n23-01059\/#primaryimage"},"thumbnailUrl":"https:\/\/kohenavocats.com\/wp-content\/uploads\/2024\/11\/alex-shuper-VcLOsHAk_SA-unsplash.webp","datePublished":"2026-04-23T11:17:22+00:00","description":"La cour d\u2019appel de Nancy, statuant par le tribunal judiciaire de Val de Briey le 26 septembre 2025, examine une action en responsabilit\u00e9 contre une avocate. ...","breadcrumb":{"@id":"https:\/\/kohenavocats.com\/tr\/cour-dappel-de-nancy-le-26-septembre-2025-n23-01059\/#breadcrumb"},"inLanguage":"tr","potentialAction":[{"@type":"ReadAction","target":["https:\/\/kohenavocats.com\/tr\/cour-dappel-de-nancy-le-26-septembre-2025-n23-01059\/"]}]},{"@type":"ImageObject","inLanguage":"tr","@id":"https:\/\/kohenavocats.com\/tr\/cour-dappel-de-nancy-le-26-septembre-2025-n23-01059\/#primaryimage","url":"https:\/\/kohenavocats.com\/wp-content\/uploads\/2024\/11\/alex-shuper-VcLOsHAk_SA-unsplash.webp","contentUrl":"https:\/\/kohenavocats.com\/wp-content\/uploads\/2024\/11\/alex-shuper-VcLOsHAk_SA-unsplash.webp","width":4000,"height":6000},{"@type":"BreadcrumbList","@id":"https:\/\/kohenavocats.com\/tr\/cour-dappel-de-nancy-le-26-septembre-2025-n23-01059\/#breadcrumb","itemListElement":[{"@type":"ListItem","position":1,"name":"Home","item":"https:\/\/kohenavocats.com\/tr\/avocats-en-droit-penal-a-paris-conseil-et-defense-strategique\/"},{"@type":"ListItem","position":2,"name":"Cour d&rsquo;appel de Nancy, le 26 septembre 2025, n\u00b023\/01059"}]},{"@type":"WebSite","@id":"https:\/\/kohenavocats.com\/tr\/#website","url":"https:\/\/kohenavocats.com\/tr\/","name":"Kohen Avocats","description":"Ma\u00eetre Hassan Kohen, avocat p\u00e9naliste \u00e0 Paris, intervient exclusivement en droit p\u00e9nal pour la d\u00e9fense des particuliers, notamment en mati\u00e8re d\u2019accusations de viol. Il assure un accompagnement rigoureux d\u00e8s la garde \u00e0 vue jusqu\u2019\u00e0 la Cour d\u2019assises, veillant au strict respect des garanties proc\u00e9durales.","publisher":{"@id":"https:\/\/kohenavocats.com\/tr\/#organization"},"potentialAction":[{"@type":"SearchAction","target":{"@type":"EntryPoint","urlTemplate":"https:\/\/kohenavocats.com\/tr\/?s={search_term_string}"},"query-input":{"@type":"PropertyValueSpecification","valueRequired":true,"valueName":"search_term_string"}}],"inLanguage":"tr"},{"@type":"Organization","@id":"https:\/\/kohenavocats.com\/tr\/#organization","name":"Kohen Avocats","url":"https:\/\/kohenavocats.com\/tr\/","logo":{"@type":"ImageObject","inLanguage":"tr","@id":"https:\/\/kohenavocats.com\/tr\/#\/schema\/logo\/image\/","url":"https:\/\/kohenavocats.com\/wp-content\/uploads\/2026\/01\/Logo-2-1.webp","contentUrl":"https:\/\/kohenavocats.com\/wp-content\/uploads\/2026\/01\/Logo-2-1.webp","width":2114,"height":1253,"caption":"Kohen Avocats"},"image":{"@id":"https:\/\/kohenavocats.com\/tr\/#\/schema\/logo\/image\/"}},{"@type":"Person","@id":"https:\/\/kohenavocats.com\/tr\/#\/schema\/person\/761c9ba54fa1ca84d405cef0831ff751","name":"Kohen","image":{"@type":"ImageObject","inLanguage":"tr","@id":"https:\/\/secure.gravatar.com\/avatar\/1c5e76ef76bbbfdd2b4da984e2bf2fa4056fd51a27d25ce2c332047f1dfd6e00?s=96&d=identicon&r=g","url":"https:\/\/secure.gravatar.com\/avatar\/1c5e76ef76bbbfdd2b4da984e2bf2fa4056fd51a27d25ce2c332047f1dfd6e00?s=96&d=identicon&r=g","contentUrl":"https:\/\/secure.gravatar.com\/avatar\/1c5e76ef76bbbfdd2b4da984e2bf2fa4056fd51a27d25ce2c332047f1dfd6e00?s=96&d=identicon&r=g","caption":"Kohen"},"sameAs":["https:\/\/www.linkedin.com\/in\/hassan-kohen-448548192\/","https:\/\/www.youtube.com\/@Kohen-Avocats"],"url":"https:\/\/kohenavocats.com\/tr\/author\/kohenmlk\/"}]}},"jetpack_featured_media_url":"https:\/\/kohenavocats.com\/wp-content\/uploads\/2024\/11\/alex-shuper-VcLOsHAk_SA-unsplash.webp","jetpack_likes_enabled":false,"jetpack_shortlink":"https:\/\/wp.me\/peCrII-2Lxf","jetpack-related-posts":[{"id":635106,"url":"https:\/\/kohenavocats.com\/tr\/cour-dappel-de-nancy-le-8-septembre-2025-n24-01050\/","url_meta":{"origin":659385,"position":0},"title":"Cour d&#8217;appel de Nancy, le 8 septembre 2025, n\u00b024\/01050","author":"Kohen","date":"21 Nisan 2026","format":false,"excerpt":"Cour d'appel de Nancy, premi\u00e8re chambre civile, rend le 8 septembre 2025 un arr\u00eat en mati\u00e8re de responsabilit\u00e9 m\u00e9dicale. Un patient subit des soins dentaires...","rel":"","context":"&quot;Jurisprudence&quot; i\u00e7inde","block_context":{"text":"Jurisprudence","link":"https:\/\/kohenavocats.com\/category\/jurisprudence\/"},"img":{"alt_text":"","src":"https:\/\/i0.wp.com\/kohenavocats.com\/wp-content\/uploads\/2024\/11\/viktor-forgacs-5j8nd3QpRbo-unsplash.webp?resize=350%2C200&ssl=1","width":350,"height":200,"srcset":"https:\/\/i0.wp.com\/kohenavocats.com\/wp-content\/uploads\/2024\/11\/viktor-forgacs-5j8nd3QpRbo-unsplash.webp?resize=350%2C200&ssl=1 1x, https:\/\/i0.wp.com\/kohenavocats.com\/wp-content\/uploads\/2024\/11\/viktor-forgacs-5j8nd3QpRbo-unsplash.webp?resize=525%2C300&ssl=1 1.5x, https:\/\/i0.wp.com\/kohenavocats.com\/wp-content\/uploads\/2024\/11\/viktor-forgacs-5j8nd3QpRbo-unsplash.webp?resize=700%2C400&ssl=1 2x, https:\/\/i0.wp.com\/kohenavocats.com\/wp-content\/uploads\/2024\/11\/viktor-forgacs-5j8nd3QpRbo-unsplash.webp?resize=1050%2C600&ssl=1 3x, https:\/\/i0.wp.com\/kohenavocats.com\/wp-content\/uploads\/2024\/11\/viktor-forgacs-5j8nd3QpRbo-unsplash.webp?resize=1400%2C800&ssl=1 4x"},"classes":[]},{"id":463283,"url":"https:\/\/kohenavocats.com\/tr\/caa-caa-de-nancy-05-12-2024-n-21nc03249\/","url_meta":{"origin":659385,"position":1},"title":"CAA \u2013 CAA de NANCY \u2013 05\/12\/2024 \u2013 n\u00b0 21NC03249","author":"Kohen","date":"7 Nisan 2026","format":false,"excerpt":"Par un arr\u00eat du 5 d\u00e9cembre 2024, la cour administrative d'appel de Nancy s'est prononc\u00e9e sur les conditions d'engagement de la responsabilit\u00e9 de l'\u00c9tat \u00e0...","rel":"","context":"&quot;Juridictions administratives&quot; i\u00e7inde","block_context":{"text":"Juridictions administratives","link":"https:\/\/kohenavocats.com\/category\/juridictions-administratives\/"},"img":{"alt_text":"","src":"https:\/\/i0.wp.com\/kohenavocats.com\/wp-content\/uploads\/2024\/11\/zyanya-citlalli-UacA8X7HWwg-unsplash-1.webp?resize=350%2C200&ssl=1","width":350,"height":200,"srcset":"https:\/\/i0.wp.com\/kohenavocats.com\/wp-content\/uploads\/2024\/11\/zyanya-citlalli-UacA8X7HWwg-unsplash-1.webp?resize=350%2C200&ssl=1 1x, https:\/\/i0.wp.com\/kohenavocats.com\/wp-content\/uploads\/2024\/11\/zyanya-citlalli-UacA8X7HWwg-unsplash-1.webp?resize=525%2C300&ssl=1 1.5x, https:\/\/i0.wp.com\/kohenavocats.com\/wp-content\/uploads\/2024\/11\/zyanya-citlalli-UacA8X7HWwg-unsplash-1.webp?resize=700%2C400&ssl=1 2x, https:\/\/i0.wp.com\/kohenavocats.com\/wp-content\/uploads\/2024\/11\/zyanya-citlalli-UacA8X7HWwg-unsplash-1.webp?resize=1050%2C600&ssl=1 3x, https:\/\/i0.wp.com\/kohenavocats.com\/wp-content\/uploads\/2024\/11\/zyanya-citlalli-UacA8X7HWwg-unsplash-1.webp?resize=1400%2C800&ssl=1 4x"},"classes":[]},{"id":236412,"url":"https:\/\/kohenavocats.com\/tr\/cour-dappel-administrative-de-nancy-le-16-septembre-2025-n22nc01347\/","url_meta":{"origin":659385,"position":2},"title":"Cour d&#8217;appel administrative de Nancy, le 16 septembre 2025, n\u00b022NC01347","author":"Kohen","date":"29 Aral\u0131k 2025","format":false,"excerpt":"La Cour administrative d\u2019appel de Nancy a rendu, le 16 septembre 2025, une d\u00e9cision pr\u00e9cisant les conditions d'engagement de la responsabilit\u00e9 pour d\u00e9faut d\u2019entretien normal. Un conducteur de cyclomoteur fut gri\u00e8vement bless\u00e9 lors d'une collision avec un autocar survenu \u00e0 l'intersection d'une voie communale et d'une route d\u00e9partementale. La soci\u00e9t\u00e9\u2026","rel":"","context":"&quot;Cour administrative d'appel&quot; i\u00e7inde","block_context":{"text":"Cour administrative d'appel","link":"https:\/\/kohenavocats.com\/category\/cour-administrative-dappel\/"},"img":{"alt_text":"","src":"https:\/\/i0.wp.com\/kohenavocats.com\/wp-content\/uploads\/2024\/08\/florian-wehde-KqAUa9OAwFY-unsplash.webp?resize=350%2C200&ssl=1","width":350,"height":200,"srcset":"https:\/\/i0.wp.com\/kohenavocats.com\/wp-content\/uploads\/2024\/08\/florian-wehde-KqAUa9OAwFY-unsplash.webp?resize=350%2C200&ssl=1 1x, https:\/\/i0.wp.com\/kohenavocats.com\/wp-content\/uploads\/2024\/08\/florian-wehde-KqAUa9OAwFY-unsplash.webp?resize=525%2C300&ssl=1 1.5x, https:\/\/i0.wp.com\/kohenavocats.com\/wp-content\/uploads\/2024\/08\/florian-wehde-KqAUa9OAwFY-unsplash.webp?resize=700%2C400&ssl=1 2x, https:\/\/i0.wp.com\/kohenavocats.com\/wp-content\/uploads\/2024\/08\/florian-wehde-KqAUa9OAwFY-unsplash.webp?resize=1050%2C600&ssl=1 3x, https:\/\/i0.wp.com\/kohenavocats.com\/wp-content\/uploads\/2024\/08\/florian-wehde-KqAUa9OAwFY-unsplash.webp?resize=1400%2C800&ssl=1 4x"},"classes":[]},{"id":466125,"url":"https:\/\/kohenavocats.com\/tr\/caa-caa-de-nancy-16-09-2025-n-22nc01347\/","url_meta":{"origin":659385,"position":3},"title":"CAA \u2013 CAA de NANCY \u2013 16\/09\/2025 \u2013 n\u00b0 22NC01347","author":"Kohen","date":"7 Nisan 2026","format":false,"excerpt":"La Cour administrative d\u2019appel de Nancy a rendu, le 16 septembre 2025, une d\u00e9cision pr\u00e9cisant les conditions d'engagement de la responsabilit\u00e9 pour d\u00e9faut...","rel":"","context":"&quot;Juridictions administratives&quot; i\u00e7inde","block_context":{"text":"Juridictions administratives","link":"https:\/\/kohenavocats.com\/category\/juridictions-administratives\/"},"img":{"alt_text":"","src":"https:\/\/i0.wp.com\/kohenavocats.com\/wp-content\/uploads\/2024\/08\/ruben-minguer-ohq49pdlt9w-unsplash.webp?resize=350%2C200&ssl=1","width":350,"height":200,"srcset":"https:\/\/i0.wp.com\/kohenavocats.com\/wp-content\/uploads\/2024\/08\/ruben-minguer-ohq49pdlt9w-unsplash.webp?resize=350%2C200&ssl=1 1x, https:\/\/i0.wp.com\/kohenavocats.com\/wp-content\/uploads\/2024\/08\/ruben-minguer-ohq49pdlt9w-unsplash.webp?resize=525%2C300&ssl=1 1.5x, https:\/\/i0.wp.com\/kohenavocats.com\/wp-content\/uploads\/2024\/08\/ruben-minguer-ohq49pdlt9w-unsplash.webp?resize=700%2C400&ssl=1 2x, https:\/\/i0.wp.com\/kohenavocats.com\/wp-content\/uploads\/2024\/08\/ruben-minguer-ohq49pdlt9w-unsplash.webp?resize=1050%2C600&ssl=1 3x, https:\/\/i0.wp.com\/kohenavocats.com\/wp-content\/uploads\/2024\/08\/ruben-minguer-ohq49pdlt9w-unsplash.webp?resize=1400%2C800&ssl=1 4x"},"classes":[]},{"id":464202,"url":"https:\/\/kohenavocats.com\/tr\/caa-caa-de-nancy-06-03-2025-n-22nc01774\/","url_meta":{"origin":659385,"position":4},"title":"CAA \u2013 CAA de NANCY \u2013 06\/03\/2025 \u2013 n\u00b0 22NC01774","author":"Kohen","date":"7 Nisan 2026","format":false,"excerpt":"La Cour administrative d'appel de Nancy, dans son arr\u00eat du 6 mars 2025, se prononce sur la responsabilit\u00e9 de la puissance publique \u00e0 l'\u00e9gard de ses...","rel":"","context":"&quot;Juridictions administratives&quot; i\u00e7inde","block_context":{"text":"Juridictions administratives","link":"https:\/\/kohenavocats.com\/category\/juridictions-administratives\/"},"img":{"alt_text":"","src":"https:\/\/i0.wp.com\/kohenavocats.com\/wp-content\/uploads\/2024\/08\/frances-gunn-c9z9RlCh0Zo-unsplash.webp?resize=350%2C200&ssl=1","width":350,"height":200,"srcset":"https:\/\/i0.wp.com\/kohenavocats.com\/wp-content\/uploads\/2024\/08\/frances-gunn-c9z9RlCh0Zo-unsplash.webp?resize=350%2C200&ssl=1 1x, https:\/\/i0.wp.com\/kohenavocats.com\/wp-content\/uploads\/2024\/08\/frances-gunn-c9z9RlCh0Zo-unsplash.webp?resize=525%2C300&ssl=1 1.5x, https:\/\/i0.wp.com\/kohenavocats.com\/wp-content\/uploads\/2024\/08\/frances-gunn-c9z9RlCh0Zo-unsplash.webp?resize=700%2C400&ssl=1 2x, https:\/\/i0.wp.com\/kohenavocats.com\/wp-content\/uploads\/2024\/08\/frances-gunn-c9z9RlCh0Zo-unsplash.webp?resize=1050%2C600&ssl=1 3x, https:\/\/i0.wp.com\/kohenavocats.com\/wp-content\/uploads\/2024\/08\/frances-gunn-c9z9RlCh0Zo-unsplash.webp?resize=1400%2C800&ssl=1 4x"},"classes":[]},{"id":242293,"url":"https:\/\/kohenavocats.com\/tr\/cour-dappel-administrative-de-nancy-le-16-septembre-2025-n23nc03753\/","url_meta":{"origin":659385,"position":5},"title":"Cour d&#8217;appel administrative de Nancy, le 16 septembre 2025, n\u00b023NC03753","author":"Kohen","date":"3 Ocak 2026","format":false,"excerpt":"La Cour administrative d'appel de Nancy a rendu le 16 septembre 2025 un arr\u00eat relatif \u00e0 la responsabilit\u00e9 de la puissance publique pour des dommages caus\u00e9s lors de mouvements sociaux. Entre novembre 2018 et novembre 2019, des groupes de manifestants ont occup\u00e9 plusieurs gares de p\u00e9age sur une autoroute situ\u00e9e\u2026","rel":"","context":"&quot;Cour administrative d'appel&quot; i\u00e7inde","block_context":{"text":"Cour administrative d'appel","link":"https:\/\/kohenavocats.com\/category\/cour-administrative-dappel\/"},"img":{"alt_text":"","src":"https:\/\/i0.wp.com\/kohenavocats.com\/wp-content\/uploads\/2024\/11\/kateryna-hliznitsova-mbsL-olOezY-unsplash.webp?resize=350%2C200&ssl=1","width":350,"height":200,"srcset":"https:\/\/i0.wp.com\/kohenavocats.com\/wp-content\/uploads\/2024\/11\/kateryna-hliznitsova-mbsL-olOezY-unsplash.webp?resize=350%2C200&ssl=1 1x, https:\/\/i0.wp.com\/kohenavocats.com\/wp-content\/uploads\/2024\/11\/kateryna-hliznitsova-mbsL-olOezY-unsplash.webp?resize=525%2C300&ssl=1 1.5x, https:\/\/i0.wp.com\/kohenavocats.com\/wp-content\/uploads\/2024\/11\/kateryna-hliznitsova-mbsL-olOezY-unsplash.webp?resize=700%2C400&ssl=1 2x, https:\/\/i0.wp.com\/kohenavocats.com\/wp-content\/uploads\/2024\/11\/kateryna-hliznitsova-mbsL-olOezY-unsplash.webp?resize=1050%2C600&ssl=1 3x, https:\/\/i0.wp.com\/kohenavocats.com\/wp-content\/uploads\/2024\/11\/kateryna-hliznitsova-mbsL-olOezY-unsplash.webp?resize=1400%2C800&ssl=1 4x"},"classes":[]}],"jetpack_sharing_enabled":true,"_links":{"self":[{"href":"https:\/\/kohenavocats.com\/tr\/wp-json\/wp\/v2\/posts\/659385","targetHints":{"allow":["GET"]}}],"collection":[{"href":"https:\/\/kohenavocats.com\/tr\/wp-json\/wp\/v2\/posts"}],"about":[{"href":"https:\/\/kohenavocats.com\/tr\/wp-json\/wp\/v2\/types\/post"}],"author":[{"embeddable":true,"href":"https:\/\/kohenavocats.com\/tr\/wp-json\/wp\/v2\/users\/232070755"}],"replies":[{"embeddable":true,"href":"https:\/\/kohenavocats.com\/tr\/wp-json\/wp\/v2\/comments?post=659385"}],"version-history":[{"count":0,"href":"https:\/\/kohenavocats.com\/tr\/wp-json\/wp\/v2\/posts\/659385\/revisions"}],"wp:featuredmedia":[{"embeddable":true,"href":"https:\/\/kohenavocats.com\/tr\/wp-json\/wp\/v2\/media\/9628"}],"wp:attachment":[{"href":"https:\/\/kohenavocats.com\/tr\/wp-json\/wp\/v2\/media?parent=659385"}],"wp:term":[{"taxonomy":"category","embeddable":true,"href":"https:\/\/kohenavocats.com\/tr\/wp-json\/wp\/v2\/categories?post=659385"},{"taxonomy":"post_tag","embeddable":true,"href":"https:\/\/kohenavocats.com\/tr\/wp-json\/wp\/v2\/tags?post=659385"}],"curies":[{"name":"wp","href":"https:\/\/api.w.org\/{rel}","templated":true}]}}