{"id":659470,"date":"2026-04-23T13:24:05","date_gmt":"2026-04-23T11:24:05","guid":{"rendered":"https:\/\/kohenavocats.com\/tribunal-judiciaire-de-thonon-les-bains-le-6-mai-2025-n25-00332\/"},"modified":"2026-04-23T13:24:05","modified_gmt":"2026-04-23T11:24:05","slug":"tribunal-judiciaire-de-thonon-les-bains-le-6-mai-2025-n25-00332","status":"publish","type":"post","link":"https:\/\/kohenavocats.com\/tr\/tribunal-judiciaire-de-thonon-les-bains-le-6-mai-2025-n25-00332\/","title":{"rendered":"Tribunal judiciaire de Thonon-les-Bains, le 6 mai 2025, n\u00b025\/00332"},"content":{"rendered":"<div class=\"article-content\">\n<p>Le tribunal judiciaire, dans un jugement du 6 mai 2025, a examin\u00e9 une demande contestant un appel de fonds. Le montant initialement r\u00e9clam\u00e9 s\u2019\u00e9levait \u00e0 moins de cinq mille euros. Le demandeur n\u2019ayant pas justifi\u00e9 d\u2019une tentative de r\u00e8glement amiable pr\u00e9alable, le tribunal a d\u00e9clar\u00e9 l\u2019action irrecevable. Il a \u00e9galement rejet\u00e9 une modification ult\u00e9rieure du montant litigieux apr\u00e8s l\u2019audience.<\/p>\n<p>L\u2019exigence pr\u00e9alable de r\u00e8glement amiable<\/p>\n<p>La d\u00e9cision rappelle le strict formalisme proc\u00e9dural entourant l\u2019article 750-1 du code de proc\u00e9dure civile. Cette disposition impose une tentative de conciliation, de m\u00e9diation ou de proc\u00e9dure participative pr\u00e9alable pour certaines demandes. Le texte vise notamment les actions tendant au paiement d\u2019une somme n\u2019exc\u00e9dant pas 5 000 euros. &#8220;L\u2019article 750-1 du code de proc\u00e9dure civile dispose qu\u2019\u00ab \u00e0 peine d&#8217;irrecevabilit\u00e9 que le juge peut prononcer d&#8217;office, la demande en justice doit \u00eatre pr\u00e9c\u00e9d\u00e9e, au choix des parties, d&#8217;une tentative de conciliation men\u00e9e par un conciliateur de justice, d&#8217;une tentative de m\u00e9diation ou d&#8217;une tentative de proc\u00e9dure participative, lorsqu&#8217;elle tend au paiement d&#8217;une somme n&#8217;exc\u00e9dant pas 5 000 euros&#8221; (Motifs de la d\u00e9cision). Le juge souligne ainsi le caract\u00e8re d\u2019ordre public de cette condition de recevabilit\u00e9.<\/p>\n<p>La port\u00e9e de cette exigence est pr\u00e9cis\u00e9e par l\u2019examen des exceptions l\u00e9gales. Le demandeur ne peut \u00eatre dispens\u00e9 de cette tentative que pour des motifs limitativement \u00e9num\u00e9r\u00e9s. Ces motifs incluent l\u2019urgence manifeste ou des circonstances rendant la tentative impossible. En l\u2019esp\u00e8ce, le tribunal constate que &#8220;Monsieur [U] [H] ne rapporte toutefois pas la preuve d\u2019une tentative de r\u00e8glement amiable du diff\u00e9rend, ni d\u2019un motif l\u00e9gitime tenant \u00e0 l\u2019urgence ou aux circonstances de la pr\u00e9sente affaire&#8221; (Motifs de la d\u00e9cision). Cette analyse confirme la charge de la preuve pesant sur la partie qui invoque une exception \u00e0 l\u2019obligation pr\u00e9alable.<\/p>\n<p>L\u2019intangibilit\u00e9 des pr\u00e9tentions apr\u00e8s l\u2019audience<\/p>\n<p>Le second apport de la d\u00e9cision concerne l\u2019impossibilit\u00e9 de modifier substantiellement sa demande apr\u00e8s la cl\u00f4ture des d\u00e9bats. Le demandeur a ult\u00e9rieurement indiqu\u00e9 qu\u2019un nouvel appel de fonds portait la cr\u00e9ance r\u00e9clam\u00e9e \u00e0 un montant sup\u00e9rieur \u00e0 cinq mille euros. Le tribunal \u00e9carte cette argumentation au nom des principes de la proc\u00e9dure orale. Il estime que &#8220;ce dernier ne peut modifier sa demande au Tribunal post\u00e9rieurement \u00e0 l\u2019audience sans m\u00e9connaitre les principes de la proc\u00e9dure orale pr\u00e9c\u00e9demment rappel\u00e9s&#8221; (Motifs de la d\u00e9cision). Le juge fixe ainsi le moment de l\u2019audience comme date pivot pour l\u2019appr\u00e9ciation des conditions de recevabilit\u00e9.<\/p>\n<p>Cette solution trouve un \u00e9cho dans une jurisprudence r\u00e9cente sur la finalit\u00e9 des notes en d\u00e9lib\u00e9r\u00e9. Une cour d\u2019appel a jug\u00e9 qu\u2019une &#8220;telle demande ne peut \u00eatre modifi\u00e9e, compl\u00e9t\u00e9e ou amend\u00e9e par une note en d\u00e9lib\u00e9r\u00e9, sollicit\u00e9e par la cour, qui ne vise qu&#8217;\u00e0 permettre aux parties de faire valoir leurs observations sur un point de droit soulev\u00e9 d&#8217;office et non \u00e0 corriger des pr\u00e9tentions formul\u00e9es par voie de conclusions&#8221; (Cour d&#8217;appel, le 27 f\u00e9vrier 2025, n\u00b024\/08238). Le tribunal judiciaire adopte une logique similaire en prot\u00e9geant l\u2019int\u00e9grit\u00e9 des d\u00e9bats. Il emp\u00eache toute man\u0153uvre visant \u00e0 contourner une irrecevabilit\u00e9 en alt\u00e9rant a posteriori l\u2019objet du litige.<\/p>\n<\/div>\n","protected":false},"excerpt":{"rendered":"<p>Le tribunal judiciaire, dans un jugement du 6 mai 2025, a examin\u00e9 une demande contestant un appel de fonds. Le montant initialement r\u00e9clam\u00e9 s\u2019\u00e9levait \u00e0 moins&#8230;<\/p>\n","protected":false},"author":232070755,"featured_media":9591,"comment_status":"open","ping_status":"open","sticky":false,"template":"","format":"standard","meta":{"_crdt_document":"","_jetpack_newsletter_access":"","_jetpack_dont_email_post_to_subs":false,"_jetpack_newsletter_tier_id":0,"_jetpack_memberships_contains_paywalled_content":false,"_kj_source_type":"judilibre","_kj_official_id":"68f92c64de0ebe408da9f62f","_kj_official_url":"https:\/\/www.courdecassation.fr\/decision\/68f92c64de0ebe408da9f62f","_kj_judilibre_id":"68f92c64de0ebe408da9f62f","_kj_jur":"Tribunal judiciaire","_kj_lieu":"Tribunal judiciaire de Thonon-les-Bains","_kj_chambre":"PROC INF 10 000 EUROS","_kj_rg":"25\/00332","_kj_date":"2025-09-26","_jetpack_memberships_contains_paid_content":false,"footnotes":"","jetpack_post_was_ever_published":false},"categories":[7597],"tags":[],"class_list":["post-659470","post","type-post","status-publish","format-standard","has-post-thumbnail","hentry","category-jurisprudence"],"yoast_head":"<!-- This site is optimized with the Yoast SEO Premium plugin v27.5 (Yoast SEO v27.5) - https:\/\/yoast.com\/product\/yoast-seo-premium-wordpress\/ -->\n<title>Tribunal judiciaire de Thonon-les-Bains, le 6 mai 2025, n\u00b025\/00332 - Ma\u00eetre Hassan Kohen, avocat en droit p\u00e9nal \u00e0 Paris<\/title>\n<meta name=\"description\" content=\"Le tribunal judiciaire, dans un jugement du 6 mai 2025, a examin\u00e9 une demande contestant un appel de fonds. Le montant initialement r\u00e9clam\u00e9 s\u2019\u00e9levait \u00e0 moins...\" \/>\n<meta name=\"robots\" content=\"index, follow, max-snippet:-1, max-image-preview:large, max-video-preview:-1\" \/>\n<link rel=\"canonical\" href=\"https:\/\/kohenavocats.com\/tr\/tribunal-judiciaire-de-thonon-les-bains-le-6-mai-2025-n25-00332\/\" \/>\n<meta property=\"og:locale\" content=\"tr_TR\" \/>\n<meta property=\"og:type\" content=\"article\" \/>\n<meta property=\"og:title\" content=\"Tribunal judiciaire de Thonon-les-Bains, le 6 mai 2025, n\u00b025\/00332\" \/>\n<meta property=\"og:description\" content=\"Le tribunal judiciaire, dans un jugement du 6 mai 2025, a examin\u00e9 une demande contestant un appel de fonds. Le montant initialement r\u00e9clam\u00e9 s\u2019\u00e9levait \u00e0 moins...\" \/>\n<meta property=\"og:url\" content=\"https:\/\/kohenavocats.com\/tr\/tribunal-judiciaire-de-thonon-les-bains-le-6-mai-2025-n25-00332\/\" \/>\n<meta property=\"og:site_name\" content=\"Ma\u00eetre Hassan Kohen, avocat en droit p\u00e9nal \u00e0 Paris\" \/>\n<meta property=\"article:published_time\" content=\"2026-04-23T11:24:05+00:00\" \/>\n<meta property=\"og:image\" content=\"https:\/\/kohenavocats.com\/wp-content\/uploads\/2024\/11\/mohamed-nohassi-vGTXy8FS7b0-unsplash.webp\" \/>\n\t<meta property=\"og:image:width\" content=\"3000\" \/>\n\t<meta property=\"og:image:height\" content=\"4108\" \/>\n\t<meta property=\"og:image:type\" content=\"image\/webp\" \/>\n<meta name=\"author\" content=\"Kohen\" \/>\n<meta name=\"twitter:card\" content=\"summary_large_image\" \/>\n<meta name=\"twitter:label1\" content=\"Yazan:\" \/>\n\t<meta name=\"twitter:data1\" content=\"Kohen\" \/>\n\t<meta name=\"twitter:label2\" content=\"Tahmini okuma s\u00fcresi\" \/>\n\t<meta name=\"twitter:data2\" content=\"3 dakika\" \/>\n<script type=\"application\/ld+json\" class=\"yoast-schema-graph\">{\"@context\":\"https:\\\/\\\/schema.org\",\"@graph\":[{\"@type\":\"Article\",\"@id\":\"https:\\\/\\\/kohenavocats.com\\\/tr\\\/tribunal-judiciaire-de-thonon-les-bains-le-6-mai-2025-n25-00332\\\/#article\",\"isPartOf\":{\"@id\":\"https:\\\/\\\/kohenavocats.com\\\/tr\\\/tribunal-judiciaire-de-thonon-les-bains-le-6-mai-2025-n25-00332\\\/\"},\"author\":{\"name\":\"Kohen\",\"@id\":\"https:\\\/\\\/kohenavocats.com\\\/tr\\\/#\\\/schema\\\/person\\\/761c9ba54fa1ca84d405cef0831ff751\"},\"headline\":\"Tribunal judiciaire de Thonon-les-Bains, le 6 mai 2025, n\u00b025\\\/00332\",\"datePublished\":\"2026-04-23T11:24:05+00:00\",\"mainEntityOfPage\":{\"@id\":\"https:\\\/\\\/kohenavocats.com\\\/tr\\\/tribunal-judiciaire-de-thonon-les-bains-le-6-mai-2025-n25-00332\\\/\"},\"wordCount\":602,\"commentCount\":0,\"publisher\":{\"@id\":\"https:\\\/\\\/kohenavocats.com\\\/tr\\\/#organization\"},\"image\":{\"@id\":\"https:\\\/\\\/kohenavocats.com\\\/tr\\\/tribunal-judiciaire-de-thonon-les-bains-le-6-mai-2025-n25-00332\\\/#primaryimage\"},\"thumbnailUrl\":\"https:\\\/\\\/kohenavocats.com\\\/wp-content\\\/uploads\\\/2024\\\/11\\\/mohamed-nohassi-vGTXy8FS7b0-unsplash.webp\",\"articleSection\":[\"Jurisprudence\"],\"inLanguage\":\"tr\",\"potentialAction\":[{\"@type\":\"CommentAction\",\"name\":\"Comment\",\"target\":[\"https:\\\/\\\/kohenavocats.com\\\/tr\\\/tribunal-judiciaire-de-thonon-les-bains-le-6-mai-2025-n25-00332\\\/#respond\"]}],\"citation\":\"Tribunal judiciaire de Thonon-les-Bains, le 6 mai 2025, n\u00b025\\\/00332\",\"about\":[{\"@type\":\"Thing\",\"name\":\"Jurisprudence\"}],\"dateModified\":\"2026-04-23T11:24:05+00:00\",\"speakable\":{\"@type\":\"SpeakableSpecification\",\"cssSelector\":[\".article-content > p:first-of-type\"]}},{\"@type\":\"WebPage\",\"@id\":\"https:\\\/\\\/kohenavocats.com\\\/tr\\\/tribunal-judiciaire-de-thonon-les-bains-le-6-mai-2025-n25-00332\\\/\",\"url\":\"https:\\\/\\\/kohenavocats.com\\\/tr\\\/tribunal-judiciaire-de-thonon-les-bains-le-6-mai-2025-n25-00332\\\/\",\"name\":\"Tribunal judiciaire de Thonon-les-Bains, le 6 mai 2025, n\u00b025\\\/00332 - Ma\u00eetre Hassan Kohen, avocat en droit p\u00e9nal \u00e0 Paris\",\"isPartOf\":{\"@id\":\"https:\\\/\\\/kohenavocats.com\\\/tr\\\/#website\"},\"primaryImageOfPage\":{\"@id\":\"https:\\\/\\\/kohenavocats.com\\\/tr\\\/tribunal-judiciaire-de-thonon-les-bains-le-6-mai-2025-n25-00332\\\/#primaryimage\"},\"image\":{\"@id\":\"https:\\\/\\\/kohenavocats.com\\\/tr\\\/tribunal-judiciaire-de-thonon-les-bains-le-6-mai-2025-n25-00332\\\/#primaryimage\"},\"thumbnailUrl\":\"https:\\\/\\\/kohenavocats.com\\\/wp-content\\\/uploads\\\/2024\\\/11\\\/mohamed-nohassi-vGTXy8FS7b0-unsplash.webp\",\"datePublished\":\"2026-04-23T11:24:05+00:00\",\"description\":\"Le tribunal judiciaire, dans un jugement du 6 mai 2025, a examin\u00e9 une demande contestant un appel de fonds. Le montant initialement r\u00e9clam\u00e9 s\u2019\u00e9levait \u00e0 moins...\",\"breadcrumb\":{\"@id\":\"https:\\\/\\\/kohenavocats.com\\\/tr\\\/tribunal-judiciaire-de-thonon-les-bains-le-6-mai-2025-n25-00332\\\/#breadcrumb\"},\"inLanguage\":\"tr\",\"potentialAction\":[{\"@type\":\"ReadAction\",\"target\":[\"https:\\\/\\\/kohenavocats.com\\\/tr\\\/tribunal-judiciaire-de-thonon-les-bains-le-6-mai-2025-n25-00332\\\/\"]}]},{\"@type\":\"ImageObject\",\"inLanguage\":\"tr\",\"@id\":\"https:\\\/\\\/kohenavocats.com\\\/tr\\\/tribunal-judiciaire-de-thonon-les-bains-le-6-mai-2025-n25-00332\\\/#primaryimage\",\"url\":\"https:\\\/\\\/kohenavocats.com\\\/wp-content\\\/uploads\\\/2024\\\/11\\\/mohamed-nohassi-vGTXy8FS7b0-unsplash.webp\",\"contentUrl\":\"https:\\\/\\\/kohenavocats.com\\\/wp-content\\\/uploads\\\/2024\\\/11\\\/mohamed-nohassi-vGTXy8FS7b0-unsplash.webp\",\"width\":3000,\"height\":4108},{\"@type\":\"BreadcrumbList\",\"@id\":\"https:\\\/\\\/kohenavocats.com\\\/tr\\\/tribunal-judiciaire-de-thonon-les-bains-le-6-mai-2025-n25-00332\\\/#breadcrumb\",\"itemListElement\":[{\"@type\":\"ListItem\",\"position\":1,\"name\":\"Home\",\"item\":\"https:\\\/\\\/kohenavocats.com\\\/tr\\\/avocats-en-droit-penal-a-paris-conseil-et-defense-strategique\\\/\"},{\"@type\":\"ListItem\",\"position\":2,\"name\":\"Tribunal judiciaire de Thonon-les-Bains, le 6 mai 2025, n\u00b025\\\/00332\"}]},{\"@type\":\"WebSite\",\"@id\":\"https:\\\/\\\/kohenavocats.com\\\/tr\\\/#website\",\"url\":\"https:\\\/\\\/kohenavocats.com\\\/tr\\\/\",\"name\":\"Kohen Avocats\",\"description\":\"Ma\u00eetre Hassan Kohen, avocat p\u00e9naliste \u00e0 Paris, intervient exclusivement en droit p\u00e9nal pour la d\u00e9fense des particuliers, notamment en mati\u00e8re d\u2019accusations de viol. Il assure un accompagnement rigoureux d\u00e8s la garde \u00e0 vue jusqu\u2019\u00e0 la Cour d\u2019assises, veillant au strict respect des garanties proc\u00e9durales.\",\"publisher\":{\"@id\":\"https:\\\/\\\/kohenavocats.com\\\/tr\\\/#organization\"},\"potentialAction\":[{\"@type\":\"SearchAction\",\"target\":{\"@type\":\"EntryPoint\",\"urlTemplate\":\"https:\\\/\\\/kohenavocats.com\\\/tr\\\/?s={search_term_string}\"},\"query-input\":{\"@type\":\"PropertyValueSpecification\",\"valueRequired\":true,\"valueName\":\"search_term_string\"}}],\"inLanguage\":\"tr\"},{\"@type\":\"Organization\",\"@id\":\"https:\\\/\\\/kohenavocats.com\\\/tr\\\/#organization\",\"name\":\"Kohen Avocats\",\"url\":\"https:\\\/\\\/kohenavocats.com\\\/tr\\\/\",\"logo\":{\"@type\":\"ImageObject\",\"inLanguage\":\"tr\",\"@id\":\"https:\\\/\\\/kohenavocats.com\\\/tr\\\/#\\\/schema\\\/logo\\\/image\\\/\",\"url\":\"https:\\\/\\\/kohenavocats.com\\\/wp-content\\\/uploads\\\/2026\\\/01\\\/Logo-2-1.webp\",\"contentUrl\":\"https:\\\/\\\/kohenavocats.com\\\/wp-content\\\/uploads\\\/2026\\\/01\\\/Logo-2-1.webp\",\"width\":2114,\"height\":1253,\"caption\":\"Kohen Avocats\"},\"image\":{\"@id\":\"https:\\\/\\\/kohenavocats.com\\\/tr\\\/#\\\/schema\\\/logo\\\/image\\\/\"}},{\"@type\":\"Person\",\"@id\":\"https:\\\/\\\/kohenavocats.com\\\/tr\\\/#\\\/schema\\\/person\\\/761c9ba54fa1ca84d405cef0831ff751\",\"name\":\"Kohen\",\"image\":{\"@type\":\"ImageObject\",\"inLanguage\":\"tr\",\"@id\":\"https:\\\/\\\/secure.gravatar.com\\\/avatar\\\/1c5e76ef76bbbfdd2b4da984e2bf2fa4056fd51a27d25ce2c332047f1dfd6e00?s=96&d=identicon&r=g\",\"url\":\"https:\\\/\\\/secure.gravatar.com\\\/avatar\\\/1c5e76ef76bbbfdd2b4da984e2bf2fa4056fd51a27d25ce2c332047f1dfd6e00?s=96&d=identicon&r=g\",\"contentUrl\":\"https:\\\/\\\/secure.gravatar.com\\\/avatar\\\/1c5e76ef76bbbfdd2b4da984e2bf2fa4056fd51a27d25ce2c332047f1dfd6e00?s=96&d=identicon&r=g\",\"caption\":\"Kohen\"},\"sameAs\":[\"https:\\\/\\\/www.linkedin.com\\\/in\\\/hassan-kohen-448548192\\\/\",\"https:\\\/\\\/www.youtube.com\\\/@Kohen-Avocats\"],\"url\":\"https:\\\/\\\/kohenavocats.com\\\/tr\\\/author\\\/kohenmlk\\\/\"}]}<\/script>\n<!-- \/ Yoast SEO Premium plugin. -->","yoast_head_json":{"title":"Tribunal judiciaire de Thonon-les-Bains, le 6 mai 2025, n\u00b025\/00332 - Ma\u00eetre Hassan Kohen, avocat en droit p\u00e9nal \u00e0 Paris","description":"Le tribunal judiciaire, dans un jugement du 6 mai 2025, a examin\u00e9 une demande contestant un appel de fonds. Le montant initialement r\u00e9clam\u00e9 s\u2019\u00e9levait \u00e0 moins...","robots":{"index":"index","follow":"follow","max-snippet":"max-snippet:-1","max-image-preview":"max-image-preview:large","max-video-preview":"max-video-preview:-1"},"canonical":"https:\/\/kohenavocats.com\/tr\/tribunal-judiciaire-de-thonon-les-bains-le-6-mai-2025-n25-00332\/","og_locale":"tr_TR","og_type":"article","og_title":"Tribunal judiciaire de Thonon-les-Bains, le 6 mai 2025, n\u00b025\/00332","og_description":"Le tribunal judiciaire, dans un jugement du 6 mai 2025, a examin\u00e9 une demande contestant un appel de fonds. Le montant initialement r\u00e9clam\u00e9 s\u2019\u00e9levait \u00e0 moins...","og_url":"https:\/\/kohenavocats.com\/tr\/tribunal-judiciaire-de-thonon-les-bains-le-6-mai-2025-n25-00332\/","og_site_name":"Ma\u00eetre Hassan Kohen, avocat en droit p\u00e9nal \u00e0 Paris","article_published_time":"2026-04-23T11:24:05+00:00","og_image":[{"width":3000,"height":4108,"url":"https:\/\/kohenavocats.com\/wp-content\/uploads\/2024\/11\/mohamed-nohassi-vGTXy8FS7b0-unsplash.webp","type":"image\/webp"}],"author":"Kohen","twitter_card":"summary_large_image","twitter_misc":{"Yazan:":"Kohen","Tahmini okuma s\u00fcresi":"3 dakika"},"schema":{"@context":"https:\/\/schema.org","@graph":[{"@type":"Article","@id":"https:\/\/kohenavocats.com\/tr\/tribunal-judiciaire-de-thonon-les-bains-le-6-mai-2025-n25-00332\/#article","isPartOf":{"@id":"https:\/\/kohenavocats.com\/tr\/tribunal-judiciaire-de-thonon-les-bains-le-6-mai-2025-n25-00332\/"},"author":{"name":"Kohen","@id":"https:\/\/kohenavocats.com\/tr\/#\/schema\/person\/761c9ba54fa1ca84d405cef0831ff751"},"headline":"Tribunal judiciaire de Thonon-les-Bains, le 6 mai 2025, n\u00b025\/00332","datePublished":"2026-04-23T11:24:05+00:00","mainEntityOfPage":{"@id":"https:\/\/kohenavocats.com\/tr\/tribunal-judiciaire-de-thonon-les-bains-le-6-mai-2025-n25-00332\/"},"wordCount":602,"commentCount":0,"publisher":{"@id":"https:\/\/kohenavocats.com\/tr\/#organization"},"image":{"@id":"https:\/\/kohenavocats.com\/tr\/tribunal-judiciaire-de-thonon-les-bains-le-6-mai-2025-n25-00332\/#primaryimage"},"thumbnailUrl":"https:\/\/kohenavocats.com\/wp-content\/uploads\/2024\/11\/mohamed-nohassi-vGTXy8FS7b0-unsplash.webp","articleSection":["Jurisprudence"],"inLanguage":"tr","potentialAction":[{"@type":"CommentAction","name":"Comment","target":["https:\/\/kohenavocats.com\/tr\/tribunal-judiciaire-de-thonon-les-bains-le-6-mai-2025-n25-00332\/#respond"]}],"citation":"Tribunal judiciaire de Thonon-les-Bains, le 6 mai 2025, n\u00b025\/00332","about":[{"@type":"Thing","name":"Jurisprudence"}],"dateModified":"2026-04-23T11:24:05+00:00","speakable":{"@type":"SpeakableSpecification","cssSelector":[".article-content > p:first-of-type"]}},{"@type":"WebPage","@id":"https:\/\/kohenavocats.com\/tr\/tribunal-judiciaire-de-thonon-les-bains-le-6-mai-2025-n25-00332\/","url":"https:\/\/kohenavocats.com\/tr\/tribunal-judiciaire-de-thonon-les-bains-le-6-mai-2025-n25-00332\/","name":"Tribunal judiciaire de Thonon-les-Bains, le 6 mai 2025, n\u00b025\/00332 - Ma\u00eetre Hassan Kohen, avocat en droit p\u00e9nal \u00e0 Paris","isPartOf":{"@id":"https:\/\/kohenavocats.com\/tr\/#website"},"primaryImageOfPage":{"@id":"https:\/\/kohenavocats.com\/tr\/tribunal-judiciaire-de-thonon-les-bains-le-6-mai-2025-n25-00332\/#primaryimage"},"image":{"@id":"https:\/\/kohenavocats.com\/tr\/tribunal-judiciaire-de-thonon-les-bains-le-6-mai-2025-n25-00332\/#primaryimage"},"thumbnailUrl":"https:\/\/kohenavocats.com\/wp-content\/uploads\/2024\/11\/mohamed-nohassi-vGTXy8FS7b0-unsplash.webp","datePublished":"2026-04-23T11:24:05+00:00","description":"Le tribunal judiciaire, dans un jugement du 6 mai 2025, a examin\u00e9 une demande contestant un appel de fonds. Le montant initialement r\u00e9clam\u00e9 s\u2019\u00e9levait \u00e0 moins...","breadcrumb":{"@id":"https:\/\/kohenavocats.com\/tr\/tribunal-judiciaire-de-thonon-les-bains-le-6-mai-2025-n25-00332\/#breadcrumb"},"inLanguage":"tr","potentialAction":[{"@type":"ReadAction","target":["https:\/\/kohenavocats.com\/tr\/tribunal-judiciaire-de-thonon-les-bains-le-6-mai-2025-n25-00332\/"]}]},{"@type":"ImageObject","inLanguage":"tr","@id":"https:\/\/kohenavocats.com\/tr\/tribunal-judiciaire-de-thonon-les-bains-le-6-mai-2025-n25-00332\/#primaryimage","url":"https:\/\/kohenavocats.com\/wp-content\/uploads\/2024\/11\/mohamed-nohassi-vGTXy8FS7b0-unsplash.webp","contentUrl":"https:\/\/kohenavocats.com\/wp-content\/uploads\/2024\/11\/mohamed-nohassi-vGTXy8FS7b0-unsplash.webp","width":3000,"height":4108},{"@type":"BreadcrumbList","@id":"https:\/\/kohenavocats.com\/tr\/tribunal-judiciaire-de-thonon-les-bains-le-6-mai-2025-n25-00332\/#breadcrumb","itemListElement":[{"@type":"ListItem","position":1,"name":"Home","item":"https:\/\/kohenavocats.com\/tr\/avocats-en-droit-penal-a-paris-conseil-et-defense-strategique\/"},{"@type":"ListItem","position":2,"name":"Tribunal judiciaire de Thonon-les-Bains, le 6 mai 2025, n\u00b025\/00332"}]},{"@type":"WebSite","@id":"https:\/\/kohenavocats.com\/tr\/#website","url":"https:\/\/kohenavocats.com\/tr\/","name":"Kohen Avocats","description":"Ma\u00eetre Hassan Kohen, avocat p\u00e9naliste \u00e0 Paris, intervient exclusivement en droit p\u00e9nal pour la d\u00e9fense des particuliers, notamment en mati\u00e8re d\u2019accusations de viol. Il assure un accompagnement rigoureux d\u00e8s la garde \u00e0 vue jusqu\u2019\u00e0 la Cour d\u2019assises, veillant au strict respect des garanties proc\u00e9durales.","publisher":{"@id":"https:\/\/kohenavocats.com\/tr\/#organization"},"potentialAction":[{"@type":"SearchAction","target":{"@type":"EntryPoint","urlTemplate":"https:\/\/kohenavocats.com\/tr\/?s={search_term_string}"},"query-input":{"@type":"PropertyValueSpecification","valueRequired":true,"valueName":"search_term_string"}}],"inLanguage":"tr"},{"@type":"Organization","@id":"https:\/\/kohenavocats.com\/tr\/#organization","name":"Kohen Avocats","url":"https:\/\/kohenavocats.com\/tr\/","logo":{"@type":"ImageObject","inLanguage":"tr","@id":"https:\/\/kohenavocats.com\/tr\/#\/schema\/logo\/image\/","url":"https:\/\/kohenavocats.com\/wp-content\/uploads\/2026\/01\/Logo-2-1.webp","contentUrl":"https:\/\/kohenavocats.com\/wp-content\/uploads\/2026\/01\/Logo-2-1.webp","width":2114,"height":1253,"caption":"Kohen Avocats"},"image":{"@id":"https:\/\/kohenavocats.com\/tr\/#\/schema\/logo\/image\/"}},{"@type":"Person","@id":"https:\/\/kohenavocats.com\/tr\/#\/schema\/person\/761c9ba54fa1ca84d405cef0831ff751","name":"Kohen","image":{"@type":"ImageObject","inLanguage":"tr","@id":"https:\/\/secure.gravatar.com\/avatar\/1c5e76ef76bbbfdd2b4da984e2bf2fa4056fd51a27d25ce2c332047f1dfd6e00?s=96&d=identicon&r=g","url":"https:\/\/secure.gravatar.com\/avatar\/1c5e76ef76bbbfdd2b4da984e2bf2fa4056fd51a27d25ce2c332047f1dfd6e00?s=96&d=identicon&r=g","contentUrl":"https:\/\/secure.gravatar.com\/avatar\/1c5e76ef76bbbfdd2b4da984e2bf2fa4056fd51a27d25ce2c332047f1dfd6e00?s=96&d=identicon&r=g","caption":"Kohen"},"sameAs":["https:\/\/www.linkedin.com\/in\/hassan-kohen-448548192\/","https:\/\/www.youtube.com\/@Kohen-Avocats"],"url":"https:\/\/kohenavocats.com\/tr\/author\/kohenmlk\/"}]}},"jetpack_featured_media_url":"https:\/\/kohenavocats.com\/wp-content\/uploads\/2024\/11\/mohamed-nohassi-vGTXy8FS7b0-unsplash.webp","jetpack_likes_enabled":false,"jetpack_shortlink":"https:\/\/wp.me\/peCrII-2LyC","jetpack-related-posts":[{"id":493055,"url":"https:\/\/kohenavocats.com\/tr\/tribunal-judiciaire-de-lyon-le-11-mars-2025-n24-01564\/","url_meta":{"origin":659470,"position":0},"title":"Tribunal judiciaire de Lyon, le 11 mars 2025, n\u00b024\/01564","author":"Kohen","date":"8 Nisan 2026","format":false,"excerpt":"Le tribunal judiciaire de Lyon, par jugement du 11 mars 2025, a \u00e9t\u00e9 saisi d'une demande en recouvrement de cr\u00e9ance. La soci\u00e9t\u00e9 requ\u00e9rante r\u00e9clamait le paieme...","rel":"","context":"&quot;Jurisprudence&quot; i\u00e7inde","block_context":{"text":"Jurisprudence","link":"https:\/\/kohenavocats.com\/category\/jurisprudence\/"},"img":{"alt_text":"","src":"https:\/\/i0.wp.com\/kohenavocats.com\/wp-content\/uploads\/2024\/07\/giammarco-boscaro-zeH-ljawHtg-unsplash.webp?resize=350%2C200&ssl=1","width":350,"height":200,"srcset":"https:\/\/i0.wp.com\/kohenavocats.com\/wp-content\/uploads\/2024\/07\/giammarco-boscaro-zeH-ljawHtg-unsplash.webp?resize=350%2C200&ssl=1 1x, https:\/\/i0.wp.com\/kohenavocats.com\/wp-content\/uploads\/2024\/07\/giammarco-boscaro-zeH-ljawHtg-unsplash.webp?resize=525%2C300&ssl=1 1.5x, https:\/\/i0.wp.com\/kohenavocats.com\/wp-content\/uploads\/2024\/07\/giammarco-boscaro-zeH-ljawHtg-unsplash.webp?resize=700%2C400&ssl=1 2x, https:\/\/i0.wp.com\/kohenavocats.com\/wp-content\/uploads\/2024\/07\/giammarco-boscaro-zeH-ljawHtg-unsplash.webp?resize=1050%2C600&ssl=1 3x, https:\/\/i0.wp.com\/kohenavocats.com\/wp-content\/uploads\/2024\/07\/giammarco-boscaro-zeH-ljawHtg-unsplash.webp?resize=1400%2C800&ssl=1 4x"},"classes":[]},{"id":658053,"url":"https:\/\/kohenavocats.com\/tr\/tribunal-judiciaire-de-bobigny-le-14-mai-2025-n25-01279\/","url_meta":{"origin":659470,"position":1},"title":"Tribunal judiciaire de Bobigny, le 14 mai 2025, n\u00b025\/01279","author":"Kohen","date":"23 Nisan 2026","format":false,"excerpt":"Le tribunal judiciaire, statuant en r\u00e9f\u00e9r\u00e9, a rendu une ordonnance le 14 mai 2025. Il s\u2019agissait d\u2019une demande en paiement d\u2019une somme inf\u00e9rieure \u00e0 cinq mill...","rel":"","context":"&quot;Jurisprudence&quot; i\u00e7inde","block_context":{"text":"Jurisprudence","link":"https:\/\/kohenavocats.com\/category\/jurisprudence\/"},"img":{"alt_text":"","src":"https:\/\/i0.wp.com\/kohenavocats.com\/wp-content\/uploads\/2024\/08\/nikolay-maslov-BFjDJJrCBpM-unsplash.webp?resize=350%2C200&ssl=1","width":350,"height":200,"srcset":"https:\/\/i0.wp.com\/kohenavocats.com\/wp-content\/uploads\/2024\/08\/nikolay-maslov-BFjDJJrCBpM-unsplash.webp?resize=350%2C200&ssl=1 1x, https:\/\/i0.wp.com\/kohenavocats.com\/wp-content\/uploads\/2024\/08\/nikolay-maslov-BFjDJJrCBpM-unsplash.webp?resize=525%2C300&ssl=1 1.5x, https:\/\/i0.wp.com\/kohenavocats.com\/wp-content\/uploads\/2024\/08\/nikolay-maslov-BFjDJJrCBpM-unsplash.webp?resize=700%2C400&ssl=1 2x, https:\/\/i0.wp.com\/kohenavocats.com\/wp-content\/uploads\/2024\/08\/nikolay-maslov-BFjDJJrCBpM-unsplash.webp?resize=1050%2C600&ssl=1 3x, https:\/\/i0.wp.com\/kohenavocats.com\/wp-content\/uploads\/2024\/08\/nikolay-maslov-BFjDJJrCBpM-unsplash.webp?resize=1400%2C800&ssl=1 4x"},"classes":[]},{"id":296239,"url":"https:\/\/kohenavocats.com\/tr\/tribunal-judiciaire-de-strasbourg-le-4-juillet-2025-n24-10209\/","url_meta":{"origin":659470,"position":2},"title":"Tribunal judiciaire de Strasbourg, le 4 juillet 2025, n\u00b024\/10209","author":"Kohen","date":"30 Ocak 2026","format":false,"excerpt":"Le Tribunal judiciaire de Strasbourg, 4 juillet 2025, statue en dernier ressort sur un litige relatif au paiement d\u2019une somme inf\u00e9rieure \u00e0 cinq mille euros. Le jugement est rendu par d\u00e9faut apr\u00e8s mise \u00e0 disposition au greffe, au terme d\u2019une proc\u00e9dure marqu\u00e9e par la non-comparution des parties \u00e0 la derni\u00e8re\u2026","rel":"","context":"&quot;D\u00e9cisions juridiques&quot; i\u00e7inde","block_context":{"text":"D\u00e9cisions juridiques","link":"https:\/\/kohenavocats.com\/category\/decisions-juridiques\/"},"img":{"alt_text":"","src":"https:\/\/i0.wp.com\/kohenavocats.com\/wp-content\/uploads\/2024\/08\/valeria-m-MUHjcr8Ew4I-unsplash.webp?resize=350%2C200&ssl=1","width":350,"height":200,"srcset":"https:\/\/i0.wp.com\/kohenavocats.com\/wp-content\/uploads\/2024\/08\/valeria-m-MUHjcr8Ew4I-unsplash.webp?resize=350%2C200&ssl=1 1x, https:\/\/i0.wp.com\/kohenavocats.com\/wp-content\/uploads\/2024\/08\/valeria-m-MUHjcr8Ew4I-unsplash.webp?resize=525%2C300&ssl=1 1.5x, https:\/\/i0.wp.com\/kohenavocats.com\/wp-content\/uploads\/2024\/08\/valeria-m-MUHjcr8Ew4I-unsplash.webp?resize=700%2C400&ssl=1 2x, https:\/\/i0.wp.com\/kohenavocats.com\/wp-content\/uploads\/2024\/08\/valeria-m-MUHjcr8Ew4I-unsplash.webp?resize=1050%2C600&ssl=1 3x, https:\/\/i0.wp.com\/kohenavocats.com\/wp-content\/uploads\/2024\/08\/valeria-m-MUHjcr8Ew4I-unsplash.webp?resize=1400%2C800&ssl=1 4x"},"classes":[]},{"id":479408,"url":"https:\/\/kohenavocats.com\/tr\/tribunal-judiciaire-de-saint-etienne-le-25-mars-2025-n24-02765\/","url_meta":{"origin":659470,"position":3},"title":"Tribunal judiciaire de Saint-Etienne, le 25 mars 2025, n\u00b024\/02765","author":"Kohen","date":"7 Nisan 2026","format":false,"excerpt":"La juridiction de proximit\u00e9, statuant en mati\u00e8re civile, a rendu une d\u00e9cision le 25 mars 2025. Une requ\u00e9rante avait engag\u00e9 une action en paiement d'une somme...","rel":"","context":"&quot;Jurisprudence&quot; i\u00e7inde","block_context":{"text":"Jurisprudence","link":"https:\/\/kohenavocats.com\/category\/jurisprudence\/"},"img":{"alt_text":"","src":"https:\/\/i0.wp.com\/kohenavocats.com\/wp-content\/uploads\/2024\/08\/louis-paulin-hoyM4lFB8S0-unsplash.webp?resize=350%2C200&ssl=1","width":350,"height":200,"srcset":"https:\/\/i0.wp.com\/kohenavocats.com\/wp-content\/uploads\/2024\/08\/louis-paulin-hoyM4lFB8S0-unsplash.webp?resize=350%2C200&ssl=1 1x, https:\/\/i0.wp.com\/kohenavocats.com\/wp-content\/uploads\/2024\/08\/louis-paulin-hoyM4lFB8S0-unsplash.webp?resize=525%2C300&ssl=1 1.5x, https:\/\/i0.wp.com\/kohenavocats.com\/wp-content\/uploads\/2024\/08\/louis-paulin-hoyM4lFB8S0-unsplash.webp?resize=700%2C400&ssl=1 2x, https:\/\/i0.wp.com\/kohenavocats.com\/wp-content\/uploads\/2024\/08\/louis-paulin-hoyM4lFB8S0-unsplash.webp?resize=1050%2C600&ssl=1 3x, https:\/\/i0.wp.com\/kohenavocats.com\/wp-content\/uploads\/2024\/08\/louis-paulin-hoyM4lFB8S0-unsplash.webp?resize=1400%2C800&ssl=1 4x"},"classes":[]},{"id":492188,"url":"https:\/\/kohenavocats.com\/tr\/tribunal-judiciaire-de-thonon-les-bains-le-14-novembre-2025-n24-01564\/","url_meta":{"origin":659470,"position":4},"title":"Tribunal judiciaire de Thonon-les-Bains, le 14 novembre 2025, n\u00b024\/01564","author":"Kohen","date":"8 Nisan 2026","format":false,"excerpt":"Le tribunal judiciaire de Lyon, par jugement du 11 mars 2025, a \u00e9t\u00e9 saisi d'une demande en recouvrement de cr\u00e9ance. La soci\u00e9t\u00e9 requ\u00e9rante r\u00e9clamait le...","rel":"","context":"&quot;D\u00e9cisions juridiques&quot; i\u00e7inde","block_context":{"text":"D\u00e9cisions juridiques","link":"https:\/\/kohenavocats.com\/category\/decisions-juridiques\/"},"img":{"alt_text":"","src":"https:\/\/i0.wp.com\/kohenavocats.com\/wp-content\/uploads\/2024\/08\/anthony-delanoix-fVm02RclkKc-unsplash.webp?resize=350%2C200&ssl=1","width":350,"height":200,"srcset":"https:\/\/i0.wp.com\/kohenavocats.com\/wp-content\/uploads\/2024\/08\/anthony-delanoix-fVm02RclkKc-unsplash.webp?resize=350%2C200&ssl=1 1x, https:\/\/i0.wp.com\/kohenavocats.com\/wp-content\/uploads\/2024\/08\/anthony-delanoix-fVm02RclkKc-unsplash.webp?resize=525%2C300&ssl=1 1.5x, https:\/\/i0.wp.com\/kohenavocats.com\/wp-content\/uploads\/2024\/08\/anthony-delanoix-fVm02RclkKc-unsplash.webp?resize=700%2C400&ssl=1 2x, https:\/\/i0.wp.com\/kohenavocats.com\/wp-content\/uploads\/2024\/08\/anthony-delanoix-fVm02RclkKc-unsplash.webp?resize=1050%2C600&ssl=1 3x, https:\/\/i0.wp.com\/kohenavocats.com\/wp-content\/uploads\/2024\/08\/anthony-delanoix-fVm02RclkKc-unsplash.webp?resize=1400%2C800&ssl=1 4x"},"classes":[]},{"id":670167,"url":"https:\/\/kohenavocats.com\/tr\/tribunal-judiciaire-de-marseille-le-26-septembre-2024-n24-07660\/","url_meta":{"origin":659470,"position":5},"title":"Tribunal judiciaire de Marseille, le 26 septembre 2024, n\u00b024\/07660","author":"Kohen","date":"24 Nisan 2026","format":false,"excerpt":"Le tribunal judiciaire, statuant en dernier ressort, a rendu un jugement r\u00e9put\u00e9 contradictoire le 26 septembre 2024. Une partie avait saisi la juridiction po...","rel":"","context":"&quot;Immobilier&quot; i\u00e7inde","block_context":{"text":"Immobilier","link":"https:\/\/kohenavocats.com\/category\/immobilier\/"},"img":{"alt_text":"","src":"https:\/\/i0.wp.com\/kohenavocats.com\/wp-content\/uploads\/2024\/11\/pawel-czerwinski-ibx3hNM2eMc-unsplash.webp?resize=350%2C200&ssl=1","width":350,"height":200,"srcset":"https:\/\/i0.wp.com\/kohenavocats.com\/wp-content\/uploads\/2024\/11\/pawel-czerwinski-ibx3hNM2eMc-unsplash.webp?resize=350%2C200&ssl=1 1x, https:\/\/i0.wp.com\/kohenavocats.com\/wp-content\/uploads\/2024\/11\/pawel-czerwinski-ibx3hNM2eMc-unsplash.webp?resize=525%2C300&ssl=1 1.5x, https:\/\/i0.wp.com\/kohenavocats.com\/wp-content\/uploads\/2024\/11\/pawel-czerwinski-ibx3hNM2eMc-unsplash.webp?resize=700%2C400&ssl=1 2x, https:\/\/i0.wp.com\/kohenavocats.com\/wp-content\/uploads\/2024\/11\/pawel-czerwinski-ibx3hNM2eMc-unsplash.webp?resize=1050%2C600&ssl=1 3x, https:\/\/i0.wp.com\/kohenavocats.com\/wp-content\/uploads\/2024\/11\/pawel-czerwinski-ibx3hNM2eMc-unsplash.webp?resize=1400%2C800&ssl=1 4x"},"classes":[]}],"jetpack_sharing_enabled":true,"_links":{"self":[{"href":"https:\/\/kohenavocats.com\/tr\/wp-json\/wp\/v2\/posts\/659470","targetHints":{"allow":["GET"]}}],"collection":[{"href":"https:\/\/kohenavocats.com\/tr\/wp-json\/wp\/v2\/posts"}],"about":[{"href":"https:\/\/kohenavocats.com\/tr\/wp-json\/wp\/v2\/types\/post"}],"author":[{"embeddable":true,"href":"https:\/\/kohenavocats.com\/tr\/wp-json\/wp\/v2\/users\/232070755"}],"replies":[{"embeddable":true,"href":"https:\/\/kohenavocats.com\/tr\/wp-json\/wp\/v2\/comments?post=659470"}],"version-history":[{"count":0,"href":"https:\/\/kohenavocats.com\/tr\/wp-json\/wp\/v2\/posts\/659470\/revisions"}],"wp:featuredmedia":[{"embeddable":true,"href":"https:\/\/kohenavocats.com\/tr\/wp-json\/wp\/v2\/media\/9591"}],"wp:attachment":[{"href":"https:\/\/kohenavocats.com\/tr\/wp-json\/wp\/v2\/media?parent=659470"}],"wp:term":[{"taxonomy":"category","embeddable":true,"href":"https:\/\/kohenavocats.com\/tr\/wp-json\/wp\/v2\/categories?post=659470"},{"taxonomy":"post_tag","embeddable":true,"href":"https:\/\/kohenavocats.com\/tr\/wp-json\/wp\/v2\/tags?post=659470"}],"curies":[{"name":"wp","href":"https:\/\/api.w.org\/{rel}","templated":true}]}}