{"id":659988,"date":"2026-04-23T14:26:05","date_gmt":"2026-04-23T12:26:05","guid":{"rendered":"https:\/\/kohenavocats.com\/tribunal-judiciaire-de-beziers-le-16-decembre-2025-n25-00274\/"},"modified":"2026-04-23T14:26:05","modified_gmt":"2026-04-23T12:26:05","slug":"tribunal-judiciaire-de-beziers-le-16-decembre-2025-n25-00274","status":"publish","type":"post","link":"https:\/\/kohenavocats.com\/tr\/tribunal-judiciaire-de-beziers-le-16-decembre-2025-n25-00274\/","title":{"rendered":"Tribunal judiciaire de B\u00e9ziers, le 16 d\u00e9cembre 2025, n\u00b025\/00274"},"content":{"rendered":"<div class=\"article-content\">\n<p>Le tribunal judiciaire, statuant comme juge des contentieux de la protection, a rendu un jugement le 16 d\u00e9cembre 2025. L&#8217;affaire concernait le recouvrement de sommes dues suite \u00e0 la r\u00e9siliation d&#8217;un contrat de location avec option d&#8217;achat. Le juge a d\u00fb se prononcer sur la recevabilit\u00e9 de l&#8217;action en paiement au regard du d\u00e9lai de forclusion et sur les mesures d&#8217;ex\u00e9cution forc\u00e9e. La solution a admis la recevabilit\u00e9 de l&#8217;action et condamn\u00e9 l&#8217;emprunteur d\u00e9faillant au paiement et \u00e0 la restitution du bien.<\/p>\n<p>La qualification de l&#8217;\u00e9v\u00e9nement d\u00e9clencheur du d\u00e9lai de forclusion<\/p>\n<p>Le juge a d&#8217;abord identifi\u00e9 le point de d\u00e9part du d\u00e9lai pour agir. L&#8217;application du d\u00e9lai forclusif d\u00e9pend de la caract\u00e9risation pr\u00e9cise de l&#8217;\u00e9v\u00e9nement initial. La d\u00e9cision retient la date du premier incident de paiement non r\u00e9gularis\u00e9. &#8220;La forclusion n\u2019est pas encourue, l\u2019action ayant \u00e9t\u00e9 engag\u00e9e le 20 mai 2025, soit moins de deux ans apr\u00e8s le premier incident de paiement non r\u00e9gularis\u00e9, datant du 15 mars 2024.&#8221; (Motifs de la d\u00e9cision). Ce point de d\u00e9part est conforme \u00e0 la lettre du code de la consommation. La jurisprudence rappelle que &#8220;l&#8217;action en recouvrement mise en oeuvre le 22 novembre 2021 n&#8217;encourt pas la forclusion&#8221; lorsque la date d&#8217;action est post\u00e9rieure au premier incident impay\u00e9 (Cour d&#8217;appel de Versailles, le 16 mai 2023, n\u00b022\/02766). La port\u00e9e de cette analyse est essentielle pour la s\u00e9curit\u00e9 juridique. Elle offre une pr\u00e9visibilit\u00e9 certaine aux parties sur le d\u00e9lai pour agir.<\/p>\n<p>La computation du d\u00e9lai et la recevabilit\u00e9 de l&#8217;action<\/p>\n<p>Ensuite, le juge a proc\u00e9d\u00e9 \u00e0 la computation du d\u00e9lai entre l&#8217;\u00e9v\u00e9nement d\u00e9clencheur et l&#8217;action en justice. La v\u00e9rification de ce point est imp\u00e9rative pour prononcer la forclusion. En l&#8217;esp\u00e8ce, l&#8217;action a \u00e9t\u00e9 initi\u00e9e le 20 mai 2025. Le premier incident non r\u00e9gularis\u00e9 remontait au 15 mars 2024. Le d\u00e9lai de deux ans n&#8217;\u00e9tait donc pas \u00e9coul\u00e9. La solution consacre une application stricte du texte forclusif. &#8220;Les actions en paiement engag\u00e9es \u00e0 l&#8217;occasion de la d\u00e9faillance de l&#8217;emprunteur doivent \u00eatre form\u00e9es dans les deux ans de l&#8217;\u00e9v\u00e9nement qui leur a donn\u00e9 naissance \u00e0 peine de forclusion.&#8221; (Cour d&#8217;appel de Douai, le 25 septembre 2025, n\u00b023\/04541). La valeur de ce contr\u00f4le est protectrice des droits de la partie cr\u00e9anci\u00e8re. Elle \u00e9vite une extinction pr\u00e9matur\u00e9e de son action en recouvrement.<\/p>\n<p>Les mesures d&#8217;ex\u00e9cution et les modalit\u00e9s de la condamnation<\/p>\n<p>La d\u00e9cision a ensuite ordonn\u00e9 des mesures contraignantes pour assurer l&#8217;ex\u00e9cution de la condamnation. Face \u00e0 la d\u00e9faillance persistante, le juge a combin\u00e9 plusieurs instruments proc\u00e9duraux. Il a d&#8217;abord condamn\u00e9 au paiement d&#8217;une somme d&#8217;argent avec int\u00e9r\u00eats l\u00e9gaux. Il a ensuite ordonn\u00e9 la restitution du v\u00e9hicule financ\u00e9. Pour vaincre une r\u00e9sistance pr\u00e9visible, une astreinte a \u00e9t\u00e9 prononc\u00e9e. &#8220;L&#8217;astreinte est une mesure de contrainte ordonn\u00e9e par le juge pour vaincre la r\u00e9sistance pr\u00e9visible d&#8217;une partie \u00e0 une d\u00e9cision.&#8221; (Motifs de la d\u00e9cision). La port\u00e9e de cette mesure est d&#8217;assurer l&#8217;effectivit\u00e9 pratique de la d\u00e9cision de justice. Elle exerce une pression financi\u00e8re pour obtenir l&#8217;ex\u00e9cution spontan\u00e9e.<\/p>\n<p>L&#8217;articulation entre la restitution et le recouvrement p\u00e9cuniaire<\/p>\n<p>Enfin, le juge a organis\u00e9 l&#8217;articulation entre la restitution du bien et la cr\u00e9ance d&#8217;argent. La d\u00e9cision pr\u00e9voit une imputation du produit de la vente du bien sur la dette. &#8220;Une fois le bien restitu\u00e9 ou saisi, le prix de vente du bien aux ench\u00e8res s\u2019imputera sur la somme due.&#8221; (Motifs de la d\u00e9cision). Cette disposition permet une ex\u00e9cution compl\u00e8te et coh\u00e9rente de la condamnation. Elle \u00e9vite un cumul injustifi\u00e9 au profit du cr\u00e9ancier. La valeur de ce m\u00e9canisme est de garantir une ex\u00e9cution \u00e9quitable et proportionn\u00e9e. Il concilie le droit \u00e0 recouvrement et la pr\u00e9vention d&#8217;une double sanction pour le d\u00e9biteur.<\/p>\n<\/div>\n","protected":false},"excerpt":{"rendered":"<p>Le tribunal judiciaire, statuant comme juge des contentieux de la protection, a rendu un jugement le 16 d\u00e9cembre 2025. L&#8217;affaire concernait le recouvrement d&#8230;<\/p>\n","protected":false},"author":232070755,"featured_media":9652,"comment_status":"open","ping_status":"open","sticky":false,"template":"","format":"standard","meta":{"_crdt_document":"","_jetpack_newsletter_access":"","_jetpack_dont_email_post_to_subs":false,"_jetpack_newsletter_tier_id":0,"_jetpack_memberships_contains_paywalled_content":false,"_kj_source_type":"judilibre","_kj_official_id":"68f92d4ade0ebe408daa0fcc","_kj_official_url":"https:\/\/www.courdecassation.fr\/decision\/68f92d4ade0ebe408daa0fcc","_kj_judilibre_id":"68f92d4ade0ebe408daa0fcc","_kj_jur":"Tribunal judiciaire","_kj_lieu":"Tribunal judiciaire de B\u00e9ziers","_kj_chambre":"JCP - Ctx Gal inf 10 000\u20ac","_kj_rg":"25\/00274","_kj_date":"2025-09-26","_jetpack_memberships_contains_paid_content":false,"footnotes":"","jetpack_post_was_ever_published":false},"categories":[7597],"tags":[],"class_list":["post-659988","post","type-post","status-publish","format-standard","has-post-thumbnail","hentry","category-jurisprudence"],"yoast_head":"<!-- This site is optimized with the Yoast SEO Premium plugin v27.5 (Yoast SEO v27.5) - https:\/\/yoast.com\/product\/yoast-seo-premium-wordpress\/ -->\n<title>Tribunal judiciaire de B\u00e9ziers, le 16 d\u00e9cembre 2025, n\u00b025\/00274 - Ma\u00eetre Hassan Kohen, avocat en droit p\u00e9nal \u00e0 Paris<\/title>\n<meta name=\"description\" content=\"Le tribunal judiciaire, statuant comme juge des contentieux de la protection, a rendu un jugement le 16 d\u00e9cembre 2025. L&#039;affaire concernait le recouvrement d...\" \/>\n<meta name=\"robots\" content=\"index, follow, max-snippet:-1, max-image-preview:large, max-video-preview:-1\" \/>\n<link rel=\"canonical\" href=\"https:\/\/kohenavocats.com\/tr\/tribunal-judiciaire-de-beziers-le-16-decembre-2025-n25-00274\/\" \/>\n<meta property=\"og:locale\" content=\"tr_TR\" \/>\n<meta property=\"og:type\" content=\"article\" \/>\n<meta property=\"og:title\" content=\"Tribunal judiciaire de B\u00e9ziers, le 16 d\u00e9cembre 2025, n\u00b025\/00274\" \/>\n<meta property=\"og:description\" content=\"Le tribunal judiciaire, statuant comme juge des contentieux de la protection, a rendu un jugement le 16 d\u00e9cembre 2025. L&#039;affaire concernait le recouvrement d...\" \/>\n<meta property=\"og:url\" content=\"https:\/\/kohenavocats.com\/tr\/tribunal-judiciaire-de-beziers-le-16-decembre-2025-n25-00274\/\" \/>\n<meta property=\"og:site_name\" content=\"Ma\u00eetre Hassan Kohen, avocat en droit p\u00e9nal \u00e0 Paris\" \/>\n<meta property=\"article:published_time\" content=\"2026-04-23T12:26:05+00:00\" \/>\n<meta property=\"og:image\" content=\"https:\/\/kohenavocats.com\/wp-content\/uploads\/2024\/11\/lala-azizli-Gkmc0g3IyZg-unsplash.webp\" \/>\n\t<meta property=\"og:image:width\" content=\"6000\" \/>\n\t<meta property=\"og:image:height\" content=\"4000\" \/>\n\t<meta property=\"og:image:type\" content=\"image\/webp\" \/>\n<meta name=\"author\" content=\"Kohen\" \/>\n<meta name=\"twitter:card\" content=\"summary_large_image\" \/>\n<meta name=\"twitter:label1\" content=\"Yazan:\" \/>\n\t<meta name=\"twitter:data1\" content=\"Kohen\" \/>\n\t<meta name=\"twitter:label2\" content=\"Tahmini okuma s\u00fcresi\" \/>\n\t<meta name=\"twitter:data2\" content=\"3 dakika\" \/>\n<script type=\"application\/ld+json\" class=\"yoast-schema-graph\">{\"@context\":\"https:\\\/\\\/schema.org\",\"@graph\":[{\"@type\":\"Article\",\"@id\":\"https:\\\/\\\/kohenavocats.com\\\/tr\\\/tribunal-judiciaire-de-beziers-le-16-decembre-2025-n25-00274\\\/#article\",\"isPartOf\":{\"@id\":\"https:\\\/\\\/kohenavocats.com\\\/tr\\\/tribunal-judiciaire-de-beziers-le-16-decembre-2025-n25-00274\\\/\"},\"author\":{\"name\":\"Kohen\",\"@id\":\"https:\\\/\\\/kohenavocats.com\\\/tr\\\/#\\\/schema\\\/person\\\/761c9ba54fa1ca84d405cef0831ff751\"},\"headline\":\"Tribunal judiciaire de B\u00e9ziers, le 16 d\u00e9cembre 2025, n\u00b025\\\/00274\",\"datePublished\":\"2026-04-23T12:26:05+00:00\",\"mainEntityOfPage\":{\"@id\":\"https:\\\/\\\/kohenavocats.com\\\/tr\\\/tribunal-judiciaire-de-beziers-le-16-decembre-2025-n25-00274\\\/\"},\"wordCount\":709,\"commentCount\":0,\"publisher\":{\"@id\":\"https:\\\/\\\/kohenavocats.com\\\/tr\\\/#organization\"},\"image\":{\"@id\":\"https:\\\/\\\/kohenavocats.com\\\/tr\\\/tribunal-judiciaire-de-beziers-le-16-decembre-2025-n25-00274\\\/#primaryimage\"},\"thumbnailUrl\":\"https:\\\/\\\/kohenavocats.com\\\/wp-content\\\/uploads\\\/2024\\\/11\\\/lala-azizli-Gkmc0g3IyZg-unsplash.webp\",\"articleSection\":[\"Jurisprudence\"],\"inLanguage\":\"tr\",\"potentialAction\":[{\"@type\":\"CommentAction\",\"name\":\"Comment\",\"target\":[\"https:\\\/\\\/kohenavocats.com\\\/tr\\\/tribunal-judiciaire-de-beziers-le-16-decembre-2025-n25-00274\\\/#respond\"]}],\"citation\":\"Tribunal judiciaire de B\u00e9ziers, le 16 d\u00e9cembre 2025, n\u00b025\\\/00274\",\"about\":[{\"@type\":\"Thing\",\"name\":\"Jurisprudence\"}],\"dateModified\":\"2026-04-23T12:26:05+00:00\",\"speakable\":{\"@type\":\"SpeakableSpecification\",\"cssSelector\":[\".article-content > p:first-of-type\"]}},{\"@type\":\"WebPage\",\"@id\":\"https:\\\/\\\/kohenavocats.com\\\/tr\\\/tribunal-judiciaire-de-beziers-le-16-decembre-2025-n25-00274\\\/\",\"url\":\"https:\\\/\\\/kohenavocats.com\\\/tr\\\/tribunal-judiciaire-de-beziers-le-16-decembre-2025-n25-00274\\\/\",\"name\":\"Tribunal judiciaire de B\u00e9ziers, le 16 d\u00e9cembre 2025, n\u00b025\\\/00274 - Ma\u00eetre Hassan Kohen, avocat en droit p\u00e9nal \u00e0 Paris\",\"isPartOf\":{\"@id\":\"https:\\\/\\\/kohenavocats.com\\\/tr\\\/#website\"},\"primaryImageOfPage\":{\"@id\":\"https:\\\/\\\/kohenavocats.com\\\/tr\\\/tribunal-judiciaire-de-beziers-le-16-decembre-2025-n25-00274\\\/#primaryimage\"},\"image\":{\"@id\":\"https:\\\/\\\/kohenavocats.com\\\/tr\\\/tribunal-judiciaire-de-beziers-le-16-decembre-2025-n25-00274\\\/#primaryimage\"},\"thumbnailUrl\":\"https:\\\/\\\/kohenavocats.com\\\/wp-content\\\/uploads\\\/2024\\\/11\\\/lala-azizli-Gkmc0g3IyZg-unsplash.webp\",\"datePublished\":\"2026-04-23T12:26:05+00:00\",\"description\":\"Le tribunal judiciaire, statuant comme juge des contentieux de la protection, a rendu un jugement le 16 d\u00e9cembre 2025. L'affaire concernait le recouvrement d...\",\"breadcrumb\":{\"@id\":\"https:\\\/\\\/kohenavocats.com\\\/tr\\\/tribunal-judiciaire-de-beziers-le-16-decembre-2025-n25-00274\\\/#breadcrumb\"},\"inLanguage\":\"tr\",\"potentialAction\":[{\"@type\":\"ReadAction\",\"target\":[\"https:\\\/\\\/kohenavocats.com\\\/tr\\\/tribunal-judiciaire-de-beziers-le-16-decembre-2025-n25-00274\\\/\"]}]},{\"@type\":\"ImageObject\",\"inLanguage\":\"tr\",\"@id\":\"https:\\\/\\\/kohenavocats.com\\\/tr\\\/tribunal-judiciaire-de-beziers-le-16-decembre-2025-n25-00274\\\/#primaryimage\",\"url\":\"https:\\\/\\\/kohenavocats.com\\\/wp-content\\\/uploads\\\/2024\\\/11\\\/lala-azizli-Gkmc0g3IyZg-unsplash.webp\",\"contentUrl\":\"https:\\\/\\\/kohenavocats.com\\\/wp-content\\\/uploads\\\/2024\\\/11\\\/lala-azizli-Gkmc0g3IyZg-unsplash.webp\",\"width\":6000,\"height\":4000},{\"@type\":\"BreadcrumbList\",\"@id\":\"https:\\\/\\\/kohenavocats.com\\\/tr\\\/tribunal-judiciaire-de-beziers-le-16-decembre-2025-n25-00274\\\/#breadcrumb\",\"itemListElement\":[{\"@type\":\"ListItem\",\"position\":1,\"name\":\"Home\",\"item\":\"https:\\\/\\\/kohenavocats.com\\\/tr\\\/avocats-en-droit-penal-a-paris-conseil-et-defense-strategique\\\/\"},{\"@type\":\"ListItem\",\"position\":2,\"name\":\"Tribunal judiciaire de B\u00e9ziers, le 16 d\u00e9cembre 2025, n\u00b025\\\/00274\"}]},{\"@type\":\"WebSite\",\"@id\":\"https:\\\/\\\/kohenavocats.com\\\/tr\\\/#website\",\"url\":\"https:\\\/\\\/kohenavocats.com\\\/tr\\\/\",\"name\":\"Kohen Avocats\",\"description\":\"Ma\u00eetre Hassan Kohen, avocat p\u00e9naliste \u00e0 Paris, intervient exclusivement en droit p\u00e9nal pour la d\u00e9fense des particuliers, notamment en mati\u00e8re d\u2019accusations de viol. Il assure un accompagnement rigoureux d\u00e8s la garde \u00e0 vue jusqu\u2019\u00e0 la Cour d\u2019assises, veillant au strict respect des garanties proc\u00e9durales.\",\"publisher\":{\"@id\":\"https:\\\/\\\/kohenavocats.com\\\/tr\\\/#organization\"},\"potentialAction\":[{\"@type\":\"SearchAction\",\"target\":{\"@type\":\"EntryPoint\",\"urlTemplate\":\"https:\\\/\\\/kohenavocats.com\\\/tr\\\/?s={search_term_string}\"},\"query-input\":{\"@type\":\"PropertyValueSpecification\",\"valueRequired\":true,\"valueName\":\"search_term_string\"}}],\"inLanguage\":\"tr\"},{\"@type\":\"Organization\",\"@id\":\"https:\\\/\\\/kohenavocats.com\\\/tr\\\/#organization\",\"name\":\"Kohen Avocats\",\"url\":\"https:\\\/\\\/kohenavocats.com\\\/tr\\\/\",\"logo\":{\"@type\":\"ImageObject\",\"inLanguage\":\"tr\",\"@id\":\"https:\\\/\\\/kohenavocats.com\\\/tr\\\/#\\\/schema\\\/logo\\\/image\\\/\",\"url\":\"https:\\\/\\\/kohenavocats.com\\\/wp-content\\\/uploads\\\/2026\\\/01\\\/Logo-2-1.webp\",\"contentUrl\":\"https:\\\/\\\/kohenavocats.com\\\/wp-content\\\/uploads\\\/2026\\\/01\\\/Logo-2-1.webp\",\"width\":2114,\"height\":1253,\"caption\":\"Kohen Avocats\"},\"image\":{\"@id\":\"https:\\\/\\\/kohenavocats.com\\\/tr\\\/#\\\/schema\\\/logo\\\/image\\\/\"}},{\"@type\":\"Person\",\"@id\":\"https:\\\/\\\/kohenavocats.com\\\/tr\\\/#\\\/schema\\\/person\\\/761c9ba54fa1ca84d405cef0831ff751\",\"name\":\"Kohen\",\"image\":{\"@type\":\"ImageObject\",\"inLanguage\":\"tr\",\"@id\":\"https:\\\/\\\/secure.gravatar.com\\\/avatar\\\/1c5e76ef76bbbfdd2b4da984e2bf2fa4056fd51a27d25ce2c332047f1dfd6e00?s=96&d=identicon&r=g\",\"url\":\"https:\\\/\\\/secure.gravatar.com\\\/avatar\\\/1c5e76ef76bbbfdd2b4da984e2bf2fa4056fd51a27d25ce2c332047f1dfd6e00?s=96&d=identicon&r=g\",\"contentUrl\":\"https:\\\/\\\/secure.gravatar.com\\\/avatar\\\/1c5e76ef76bbbfdd2b4da984e2bf2fa4056fd51a27d25ce2c332047f1dfd6e00?s=96&d=identicon&r=g\",\"caption\":\"Kohen\"},\"sameAs\":[\"https:\\\/\\\/www.linkedin.com\\\/in\\\/hassan-kohen-448548192\\\/\",\"https:\\\/\\\/www.youtube.com\\\/@Kohen-Avocats\"],\"url\":\"https:\\\/\\\/kohenavocats.com\\\/tr\\\/author\\\/kohenmlk\\\/\"}]}<\/script>\n<!-- \/ Yoast SEO Premium plugin. -->","yoast_head_json":{"title":"Tribunal judiciaire de B\u00e9ziers, le 16 d\u00e9cembre 2025, n\u00b025\/00274 - Ma\u00eetre Hassan Kohen, avocat en droit p\u00e9nal \u00e0 Paris","description":"Le tribunal judiciaire, statuant comme juge des contentieux de la protection, a rendu un jugement le 16 d\u00e9cembre 2025. L'affaire concernait le recouvrement d...","robots":{"index":"index","follow":"follow","max-snippet":"max-snippet:-1","max-image-preview":"max-image-preview:large","max-video-preview":"max-video-preview:-1"},"canonical":"https:\/\/kohenavocats.com\/tr\/tribunal-judiciaire-de-beziers-le-16-decembre-2025-n25-00274\/","og_locale":"tr_TR","og_type":"article","og_title":"Tribunal judiciaire de B\u00e9ziers, le 16 d\u00e9cembre 2025, n\u00b025\/00274","og_description":"Le tribunal judiciaire, statuant comme juge des contentieux de la protection, a rendu un jugement le 16 d\u00e9cembre 2025. L'affaire concernait le recouvrement d...","og_url":"https:\/\/kohenavocats.com\/tr\/tribunal-judiciaire-de-beziers-le-16-decembre-2025-n25-00274\/","og_site_name":"Ma\u00eetre Hassan Kohen, avocat en droit p\u00e9nal \u00e0 Paris","article_published_time":"2026-04-23T12:26:05+00:00","og_image":[{"width":6000,"height":4000,"url":"https:\/\/kohenavocats.com\/wp-content\/uploads\/2024\/11\/lala-azizli-Gkmc0g3IyZg-unsplash.webp","type":"image\/webp"}],"author":"Kohen","twitter_card":"summary_large_image","twitter_misc":{"Yazan:":"Kohen","Tahmini okuma s\u00fcresi":"3 dakika"},"schema":{"@context":"https:\/\/schema.org","@graph":[{"@type":"Article","@id":"https:\/\/kohenavocats.com\/tr\/tribunal-judiciaire-de-beziers-le-16-decembre-2025-n25-00274\/#article","isPartOf":{"@id":"https:\/\/kohenavocats.com\/tr\/tribunal-judiciaire-de-beziers-le-16-decembre-2025-n25-00274\/"},"author":{"name":"Kohen","@id":"https:\/\/kohenavocats.com\/tr\/#\/schema\/person\/761c9ba54fa1ca84d405cef0831ff751"},"headline":"Tribunal judiciaire de B\u00e9ziers, le 16 d\u00e9cembre 2025, n\u00b025\/00274","datePublished":"2026-04-23T12:26:05+00:00","mainEntityOfPage":{"@id":"https:\/\/kohenavocats.com\/tr\/tribunal-judiciaire-de-beziers-le-16-decembre-2025-n25-00274\/"},"wordCount":709,"commentCount":0,"publisher":{"@id":"https:\/\/kohenavocats.com\/tr\/#organization"},"image":{"@id":"https:\/\/kohenavocats.com\/tr\/tribunal-judiciaire-de-beziers-le-16-decembre-2025-n25-00274\/#primaryimage"},"thumbnailUrl":"https:\/\/kohenavocats.com\/wp-content\/uploads\/2024\/11\/lala-azizli-Gkmc0g3IyZg-unsplash.webp","articleSection":["Jurisprudence"],"inLanguage":"tr","potentialAction":[{"@type":"CommentAction","name":"Comment","target":["https:\/\/kohenavocats.com\/tr\/tribunal-judiciaire-de-beziers-le-16-decembre-2025-n25-00274\/#respond"]}],"citation":"Tribunal judiciaire de B\u00e9ziers, le 16 d\u00e9cembre 2025, n\u00b025\/00274","about":[{"@type":"Thing","name":"Jurisprudence"}],"dateModified":"2026-04-23T12:26:05+00:00","speakable":{"@type":"SpeakableSpecification","cssSelector":[".article-content > p:first-of-type"]}},{"@type":"WebPage","@id":"https:\/\/kohenavocats.com\/tr\/tribunal-judiciaire-de-beziers-le-16-decembre-2025-n25-00274\/","url":"https:\/\/kohenavocats.com\/tr\/tribunal-judiciaire-de-beziers-le-16-decembre-2025-n25-00274\/","name":"Tribunal judiciaire de B\u00e9ziers, le 16 d\u00e9cembre 2025, n\u00b025\/00274 - Ma\u00eetre Hassan Kohen, avocat en droit p\u00e9nal \u00e0 Paris","isPartOf":{"@id":"https:\/\/kohenavocats.com\/tr\/#website"},"primaryImageOfPage":{"@id":"https:\/\/kohenavocats.com\/tr\/tribunal-judiciaire-de-beziers-le-16-decembre-2025-n25-00274\/#primaryimage"},"image":{"@id":"https:\/\/kohenavocats.com\/tr\/tribunal-judiciaire-de-beziers-le-16-decembre-2025-n25-00274\/#primaryimage"},"thumbnailUrl":"https:\/\/kohenavocats.com\/wp-content\/uploads\/2024\/11\/lala-azizli-Gkmc0g3IyZg-unsplash.webp","datePublished":"2026-04-23T12:26:05+00:00","description":"Le tribunal judiciaire, statuant comme juge des contentieux de la protection, a rendu un jugement le 16 d\u00e9cembre 2025. L'affaire concernait le recouvrement d...","breadcrumb":{"@id":"https:\/\/kohenavocats.com\/tr\/tribunal-judiciaire-de-beziers-le-16-decembre-2025-n25-00274\/#breadcrumb"},"inLanguage":"tr","potentialAction":[{"@type":"ReadAction","target":["https:\/\/kohenavocats.com\/tr\/tribunal-judiciaire-de-beziers-le-16-decembre-2025-n25-00274\/"]}]},{"@type":"ImageObject","inLanguage":"tr","@id":"https:\/\/kohenavocats.com\/tr\/tribunal-judiciaire-de-beziers-le-16-decembre-2025-n25-00274\/#primaryimage","url":"https:\/\/kohenavocats.com\/wp-content\/uploads\/2024\/11\/lala-azizli-Gkmc0g3IyZg-unsplash.webp","contentUrl":"https:\/\/kohenavocats.com\/wp-content\/uploads\/2024\/11\/lala-azizli-Gkmc0g3IyZg-unsplash.webp","width":6000,"height":4000},{"@type":"BreadcrumbList","@id":"https:\/\/kohenavocats.com\/tr\/tribunal-judiciaire-de-beziers-le-16-decembre-2025-n25-00274\/#breadcrumb","itemListElement":[{"@type":"ListItem","position":1,"name":"Home","item":"https:\/\/kohenavocats.com\/tr\/avocats-en-droit-penal-a-paris-conseil-et-defense-strategique\/"},{"@type":"ListItem","position":2,"name":"Tribunal judiciaire de B\u00e9ziers, le 16 d\u00e9cembre 2025, n\u00b025\/00274"}]},{"@type":"WebSite","@id":"https:\/\/kohenavocats.com\/tr\/#website","url":"https:\/\/kohenavocats.com\/tr\/","name":"Kohen Avocats","description":"Ma\u00eetre Hassan Kohen, avocat p\u00e9naliste \u00e0 Paris, intervient exclusivement en droit p\u00e9nal pour la d\u00e9fense des particuliers, notamment en mati\u00e8re d\u2019accusations de viol. Il assure un accompagnement rigoureux d\u00e8s la garde \u00e0 vue jusqu\u2019\u00e0 la Cour d\u2019assises, veillant au strict respect des garanties proc\u00e9durales.","publisher":{"@id":"https:\/\/kohenavocats.com\/tr\/#organization"},"potentialAction":[{"@type":"SearchAction","target":{"@type":"EntryPoint","urlTemplate":"https:\/\/kohenavocats.com\/tr\/?s={search_term_string}"},"query-input":{"@type":"PropertyValueSpecification","valueRequired":true,"valueName":"search_term_string"}}],"inLanguage":"tr"},{"@type":"Organization","@id":"https:\/\/kohenavocats.com\/tr\/#organization","name":"Kohen Avocats","url":"https:\/\/kohenavocats.com\/tr\/","logo":{"@type":"ImageObject","inLanguage":"tr","@id":"https:\/\/kohenavocats.com\/tr\/#\/schema\/logo\/image\/","url":"https:\/\/kohenavocats.com\/wp-content\/uploads\/2026\/01\/Logo-2-1.webp","contentUrl":"https:\/\/kohenavocats.com\/wp-content\/uploads\/2026\/01\/Logo-2-1.webp","width":2114,"height":1253,"caption":"Kohen Avocats"},"image":{"@id":"https:\/\/kohenavocats.com\/tr\/#\/schema\/logo\/image\/"}},{"@type":"Person","@id":"https:\/\/kohenavocats.com\/tr\/#\/schema\/person\/761c9ba54fa1ca84d405cef0831ff751","name":"Kohen","image":{"@type":"ImageObject","inLanguage":"tr","@id":"https:\/\/secure.gravatar.com\/avatar\/1c5e76ef76bbbfdd2b4da984e2bf2fa4056fd51a27d25ce2c332047f1dfd6e00?s=96&d=identicon&r=g","url":"https:\/\/secure.gravatar.com\/avatar\/1c5e76ef76bbbfdd2b4da984e2bf2fa4056fd51a27d25ce2c332047f1dfd6e00?s=96&d=identicon&r=g","contentUrl":"https:\/\/secure.gravatar.com\/avatar\/1c5e76ef76bbbfdd2b4da984e2bf2fa4056fd51a27d25ce2c332047f1dfd6e00?s=96&d=identicon&r=g","caption":"Kohen"},"sameAs":["https:\/\/www.linkedin.com\/in\/hassan-kohen-448548192\/","https:\/\/www.youtube.com\/@Kohen-Avocats"],"url":"https:\/\/kohenavocats.com\/tr\/author\/kohenmlk\/"}]}},"jetpack_featured_media_url":"https:\/\/kohenavocats.com\/wp-content\/uploads\/2024\/11\/lala-azizli-Gkmc0g3IyZg-unsplash.webp","jetpack_likes_enabled":false,"jetpack_shortlink":"https:\/\/wp.me\/peCrII-2LGY","jetpack-related-posts":[{"id":667740,"url":"https:\/\/kohenavocats.com\/tr\/cour-dappel-de-douai-le-16-janvier-2026-n24-06047\/","url_meta":{"origin":659988,"position":0},"title":"Cour d&#8217;appel de Douai, le 16 janvier 2026, n\u00b024\/06047","author":"Kohen","date":"24 Nisan 2026","format":false,"excerpt":"La cour d'appel de Douai, statuant par d\u00e9faut le 16 janvier 2026, examine un pourvoi en mati\u00e8re de cr\u00e9dit \u00e0 la consommation. L'\u00e9tablissement pr\u00eateur contesta...","rel":"","context":"&quot;Jurisprudence&quot; i\u00e7inde","block_context":{"text":"Jurisprudence","link":"https:\/\/kohenavocats.com\/category\/jurisprudence\/"},"img":{"alt_text":"","src":"https:\/\/i0.wp.com\/kohenavocats.com\/wp-content\/uploads\/2024\/08\/nicolo-bettoni-4lAAYgIsEBI-unsplash.webp?resize=350%2C200&ssl=1","width":350,"height":200,"srcset":"https:\/\/i0.wp.com\/kohenavocats.com\/wp-content\/uploads\/2024\/08\/nicolo-bettoni-4lAAYgIsEBI-unsplash.webp?resize=350%2C200&ssl=1 1x, https:\/\/i0.wp.com\/kohenavocats.com\/wp-content\/uploads\/2024\/08\/nicolo-bettoni-4lAAYgIsEBI-unsplash.webp?resize=525%2C300&ssl=1 1.5x, https:\/\/i0.wp.com\/kohenavocats.com\/wp-content\/uploads\/2024\/08\/nicolo-bettoni-4lAAYgIsEBI-unsplash.webp?resize=700%2C400&ssl=1 2x, https:\/\/i0.wp.com\/kohenavocats.com\/wp-content\/uploads\/2024\/08\/nicolo-bettoni-4lAAYgIsEBI-unsplash.webp?resize=1050%2C600&ssl=1 3x, https:\/\/i0.wp.com\/kohenavocats.com\/wp-content\/uploads\/2024\/08\/nicolo-bettoni-4lAAYgIsEBI-unsplash.webp?resize=1400%2C800&ssl=1 4x"},"classes":[]},{"id":659641,"url":"https:\/\/kohenavocats.com\/tr\/tribunal-judiciaire-de-metz-le-5-decembre-2025-n25-00075\/","url_meta":{"origin":659988,"position":1},"title":"Tribunal judiciaire de Metz, le 5 d\u00e9cembre 2025, n\u00b025\/00075","author":"Kohen","date":"23 Nisan 2026","format":false,"excerpt":"Le juge des contentieux de la protection du tribunal judiciaire de Metz, statuant avant-dire-droit le 5 d\u00e9cembre 2025, est saisi d'une action en paiement. Le...","rel":"","context":"&quot;Jurisprudence&quot; i\u00e7inde","block_context":{"text":"Jurisprudence","link":"https:\/\/kohenavocats.com\/category\/jurisprudence\/"},"img":{"alt_text":"","src":"https:\/\/i0.wp.com\/kohenavocats.com\/wp-content\/uploads\/2024\/11\/anita-austvika-uIEL3NE30xk-unsplash-1.webp?resize=350%2C200&ssl=1","width":350,"height":200,"srcset":"https:\/\/i0.wp.com\/kohenavocats.com\/wp-content\/uploads\/2024\/11\/anita-austvika-uIEL3NE30xk-unsplash-1.webp?resize=350%2C200&ssl=1 1x, https:\/\/i0.wp.com\/kohenavocats.com\/wp-content\/uploads\/2024\/11\/anita-austvika-uIEL3NE30xk-unsplash-1.webp?resize=525%2C300&ssl=1 1.5x, https:\/\/i0.wp.com\/kohenavocats.com\/wp-content\/uploads\/2024\/11\/anita-austvika-uIEL3NE30xk-unsplash-1.webp?resize=700%2C400&ssl=1 2x, https:\/\/i0.wp.com\/kohenavocats.com\/wp-content\/uploads\/2024\/11\/anita-austvika-uIEL3NE30xk-unsplash-1.webp?resize=1050%2C600&ssl=1 3x, https:\/\/i0.wp.com\/kohenavocats.com\/wp-content\/uploads\/2024\/11\/anita-austvika-uIEL3NE30xk-unsplash-1.webp?resize=1400%2C800&ssl=1 4x"},"classes":[]},{"id":467656,"url":"https:\/\/kohenavocats.com\/tr\/tribunal-judiciaire-de-mulhouse-2025-12-08-n25-00185\/","url_meta":{"origin":659988,"position":2},"title":"Tribunal judiciaire de Mulhouse &#8211; 2025-12-08 &#8211; n\u00b025\/00185","author":"Kohen","date":"7 Nisan 2026","format":false,"excerpt":"Le juge des contentieux de la protection du tribunal judiciaire de Thann, par jugement du 8 d\u00e9cembre 2025, statue sur une demande en paiement d'un cr\u00e9dit aff...","rel":"","context":"&quot;Jurisprudence&quot; i\u00e7inde","block_context":{"text":"Jurisprudence","link":"https:\/\/kohenavocats.com\/category\/jurisprudence\/"},"img":{"alt_text":"","src":"https:\/\/i0.wp.com\/kohenavocats.com\/wp-content\/uploads\/2024\/06\/giammarco-boscaro-OPzWvgL-upY-unsplash.jpg?resize=350%2C200&ssl=1","width":350,"height":200,"srcset":"https:\/\/i0.wp.com\/kohenavocats.com\/wp-content\/uploads\/2024\/06\/giammarco-boscaro-OPzWvgL-upY-unsplash.jpg?resize=350%2C200&ssl=1 1x, https:\/\/i0.wp.com\/kohenavocats.com\/wp-content\/uploads\/2024\/06\/giammarco-boscaro-OPzWvgL-upY-unsplash.jpg?resize=525%2C300&ssl=1 1.5x, https:\/\/i0.wp.com\/kohenavocats.com\/wp-content\/uploads\/2024\/06\/giammarco-boscaro-OPzWvgL-upY-unsplash.jpg?resize=700%2C400&ssl=1 2x, https:\/\/i0.wp.com\/kohenavocats.com\/wp-content\/uploads\/2024\/06\/giammarco-boscaro-OPzWvgL-upY-unsplash.jpg?resize=1050%2C600&ssl=1 3x, https:\/\/i0.wp.com\/kohenavocats.com\/wp-content\/uploads\/2024\/06\/giammarco-boscaro-OPzWvgL-upY-unsplash.jpg?resize=1400%2C800&ssl=1 4x"},"classes":[]},{"id":606775,"url":"https:\/\/kohenavocats.com\/tr\/tribunal-judiciaire-de-metz-le-5-decembre-2025-n25-00316\/","url_meta":{"origin":659988,"position":3},"title":"Tribunal judiciaire de Metz, le 5 d\u00e9cembre 2025, n\u00b025\/00316","author":"Kohen","date":"19 Nisan 2026","format":false,"excerpt":"Le tribunal judiciaire, statuant en mati\u00e8re de protection, a rendu un jugement avant-dire-droit le cinq d\u00e9cembre deux mille vingt-cinq. Saisi d\u2019une action en...","rel":"","context":"&quot;Jurisprudence&quot; i\u00e7inde","block_context":{"text":"Jurisprudence","link":"https:\/\/kohenavocats.com\/category\/jurisprudence\/"},"img":{"alt_text":"","src":"https:\/\/i0.wp.com\/kohenavocats.com\/wp-content\/uploads\/2024\/08\/wojciech-portnicki-2n008iqNuTY-unsplash.webp?resize=350%2C200&ssl=1","width":350,"height":200,"srcset":"https:\/\/i0.wp.com\/kohenavocats.com\/wp-content\/uploads\/2024\/08\/wojciech-portnicki-2n008iqNuTY-unsplash.webp?resize=350%2C200&ssl=1 1x, https:\/\/i0.wp.com\/kohenavocats.com\/wp-content\/uploads\/2024\/08\/wojciech-portnicki-2n008iqNuTY-unsplash.webp?resize=525%2C300&ssl=1 1.5x, https:\/\/i0.wp.com\/kohenavocats.com\/wp-content\/uploads\/2024\/08\/wojciech-portnicki-2n008iqNuTY-unsplash.webp?resize=700%2C400&ssl=1 2x, https:\/\/i0.wp.com\/kohenavocats.com\/wp-content\/uploads\/2024\/08\/wojciech-portnicki-2n008iqNuTY-unsplash.webp?resize=1050%2C600&ssl=1 3x, https:\/\/i0.wp.com\/kohenavocats.com\/wp-content\/uploads\/2024\/08\/wojciech-portnicki-2n008iqNuTY-unsplash.webp?resize=1400%2C800&ssl=1 4x"},"classes":[]},{"id":498917,"url":"https:\/\/kohenavocats.com\/tr\/cour-dappel-de-douai-le-24-avril-2025-n25-00481\/","url_meta":{"origin":659988,"position":4},"title":"Cour d&#8217;appel de Douai, le 24 avril 2025, n\u00b025\/00481","author":"Kohen","date":"8 Nisan 2026","format":false,"excerpt":"La cour d\u2019appel de Douai, le 24 avril 2025, a statu\u00e9 sur la recevabilit\u00e9 d\u2019une action en paiement engag\u00e9e par un \u00e9tablissement de cr\u00e9dit. Le litige portait s...","rel":"","context":"&quot;Jurisprudence&quot; i\u00e7inde","block_context":{"text":"Jurisprudence","link":"https:\/\/kohenavocats.com\/category\/jurisprudence\/"},"img":{"alt_text":"","src":"https:\/\/i0.wp.com\/kohenavocats.com\/wp-content\/uploads\/2024\/11\/manuela-martinez-G7KXRXyFDwQ-unsplash.webp?resize=350%2C200&ssl=1","width":350,"height":200,"srcset":"https:\/\/i0.wp.com\/kohenavocats.com\/wp-content\/uploads\/2024\/11\/manuela-martinez-G7KXRXyFDwQ-unsplash.webp?resize=350%2C200&ssl=1 1x, https:\/\/i0.wp.com\/kohenavocats.com\/wp-content\/uploads\/2024\/11\/manuela-martinez-G7KXRXyFDwQ-unsplash.webp?resize=525%2C300&ssl=1 1.5x, https:\/\/i0.wp.com\/kohenavocats.com\/wp-content\/uploads\/2024\/11\/manuela-martinez-G7KXRXyFDwQ-unsplash.webp?resize=700%2C400&ssl=1 2x, https:\/\/i0.wp.com\/kohenavocats.com\/wp-content\/uploads\/2024\/11\/manuela-martinez-G7KXRXyFDwQ-unsplash.webp?resize=1050%2C600&ssl=1 3x, https:\/\/i0.wp.com\/kohenavocats.com\/wp-content\/uploads\/2024\/11\/manuela-martinez-G7KXRXyFDwQ-unsplash.webp?resize=1400%2C800&ssl=1 4x"},"classes":[]},{"id":485840,"url":"https:\/\/kohenavocats.com\/tr\/tribunal-judiciaire-le-2-decembre-2025-n25-02817\/","url_meta":{"origin":659988,"position":5},"title":"Tribunal judiciaire, le 2 d\u00e9cembre 2025, n\u00b025\/02817","author":"Kohen","date":"8 Nisan 2026","format":false,"excerpt":"Le tribunal judiciaire, statuant par jugement r\u00e9put\u00e9 contradictoire le 2 d\u00e9cembre 2025, a examin\u00e9 une action en paiement et en restitution engag\u00e9e par un \u00e9ta...","rel":"","context":"&quot;Jurisprudence&quot; i\u00e7inde","block_context":{"text":"Jurisprudence","link":"https:\/\/kohenavocats.com\/category\/jurisprudence\/"},"img":{"alt_text":"","src":"https:\/\/i0.wp.com\/kohenavocats.com\/wp-content\/uploads\/2024\/11\/getty-images-_oX4l6NGtI-unsplash.webp?resize=350%2C200&ssl=1","width":350,"height":200,"srcset":"https:\/\/i0.wp.com\/kohenavocats.com\/wp-content\/uploads\/2024\/11\/getty-images-_oX4l6NGtI-unsplash.webp?resize=350%2C200&ssl=1 1x, https:\/\/i0.wp.com\/kohenavocats.com\/wp-content\/uploads\/2024\/11\/getty-images-_oX4l6NGtI-unsplash.webp?resize=525%2C300&ssl=1 1.5x, https:\/\/i0.wp.com\/kohenavocats.com\/wp-content\/uploads\/2024\/11\/getty-images-_oX4l6NGtI-unsplash.webp?resize=700%2C400&ssl=1 2x, https:\/\/i0.wp.com\/kohenavocats.com\/wp-content\/uploads\/2024\/11\/getty-images-_oX4l6NGtI-unsplash.webp?resize=1050%2C600&ssl=1 3x, https:\/\/i0.wp.com\/kohenavocats.com\/wp-content\/uploads\/2024\/11\/getty-images-_oX4l6NGtI-unsplash.webp?resize=1400%2C800&ssl=1 4x"},"classes":[]}],"jetpack_sharing_enabled":true,"_links":{"self":[{"href":"https:\/\/kohenavocats.com\/tr\/wp-json\/wp\/v2\/posts\/659988","targetHints":{"allow":["GET"]}}],"collection":[{"href":"https:\/\/kohenavocats.com\/tr\/wp-json\/wp\/v2\/posts"}],"about":[{"href":"https:\/\/kohenavocats.com\/tr\/wp-json\/wp\/v2\/types\/post"}],"author":[{"embeddable":true,"href":"https:\/\/kohenavocats.com\/tr\/wp-json\/wp\/v2\/users\/232070755"}],"replies":[{"embeddable":true,"href":"https:\/\/kohenavocats.com\/tr\/wp-json\/wp\/v2\/comments?post=659988"}],"version-history":[{"count":0,"href":"https:\/\/kohenavocats.com\/tr\/wp-json\/wp\/v2\/posts\/659988\/revisions"}],"wp:featuredmedia":[{"embeddable":true,"href":"https:\/\/kohenavocats.com\/tr\/wp-json\/wp\/v2\/media\/9652"}],"wp:attachment":[{"href":"https:\/\/kohenavocats.com\/tr\/wp-json\/wp\/v2\/media?parent=659988"}],"wp:term":[{"taxonomy":"category","embeddable":true,"href":"https:\/\/kohenavocats.com\/tr\/wp-json\/wp\/v2\/categories?post=659988"},{"taxonomy":"post_tag","embeddable":true,"href":"https:\/\/kohenavocats.com\/tr\/wp-json\/wp\/v2\/tags?post=659988"}],"curies":[{"name":"wp","href":"https:\/\/api.w.org\/{rel}","templated":true}]}}