{"id":660528,"date":"2026-04-23T15:22:36","date_gmt":"2026-04-23T13:22:36","guid":{"rendered":"https:\/\/kohenavocats.com\/cour-dappel-de-toulouse-le-24-juillet-2025-n24-01467\/"},"modified":"2026-04-23T15:22:36","modified_gmt":"2026-04-23T13:22:36","slug":"cour-dappel-de-toulouse-le-24-juillet-2025-n24-01467","status":"publish","type":"post","link":"https:\/\/kohenavocats.com\/tr\/cour-dappel-de-toulouse-le-24-juillet-2025-n24-01467\/","title":{"rendered":"Cour d&#8217;appel de Toulouse, le 24 juillet 2025, n\u00b024\/01467"},"content":{"rendered":"<div class=\"article-content\">\n<p>La Cour d&#8217;appel de Toulouse, le 24 juillet 2025, a statu\u00e9 sur un litige n\u00e9 de la rupture d&#8217;un contrat de travail pendant une proc\u00e9dure collective. Le conseil de prud&#8217;hommes s&#8217;\u00e9tait d\u00e9clar\u00e9 incomp\u00e9tent en premi\u00e8re instance. La cour d&#8217;appel a infirm\u00e9 ce jugement pour statuer au fond sur les demandes indemnitaires du salari\u00e9 et a fix\u00e9 les cr\u00e9ances au passif de la liquidation.<\/p>\n<p>La comp\u00e9tence mat\u00e9rielle du conseil de prud&#8217;hommes<\/p>\n<p>Le litige portait sur l&#8217;ex\u00e9cution et la rupture d&#8217;un contrat de travail. La cour rappelle le principe de comp\u00e9tence mat\u00e9rielle de la juridiction prud&#8217;homale. Selon l&#8217;article L. 1411-1 du code du travail, &#8220;le conseil de prud&#8217;hommes est comp\u00e9tent pour conna\u00eetre des litiges qui peuvent s&#8217;\u00e9lever \u00e0 l&#8217;occasion de tout contrat de travail entre les employeurs et les salari\u00e9s qu&#8217;ils emploient.&#8221; La cour souligne que l&#8217;existence de la relation de travail n&#8217;\u00e9tait pas s\u00e9rieusement contest\u00e9e. Elle juge que la comp\u00e9tence doit s&#8217;appr\u00e9cier ind\u00e9pendamment du bien-fond\u00e9 apparent des demandes. La qualification juridique du litige d\u00e9termine ainsi la comp\u00e9tence, non une appr\u00e9ciation pr\u00e9alable du fond. Cette solution rappelle l&#8217;autonomie de la question de comp\u00e9tence. Elle \u00e9vite un d\u00e9ni de justice en garantissant l&#8217;acc\u00e8s au juge naturel du droit du travail. La cour use ensuite de son pouvoir d&#8217;\u00e9vocation pour statuer d\u00e9finitivement.<\/p>\n<p>La caract\u00e9risation d&#8217;un licenciement sans cause r\u00e9elle et s\u00e9rieuse<\/p>\n<p>La cour qualifie la rupture intervenue par message \u00e9lectronique. Elle constate l&#8217;absence de toute proc\u00e9dure de licenciement formelle de la part de l&#8217;employeur. Le message notifiant la cessation d&#8217;activit\u00e9 et demandant de ne plus se pr\u00e9senter constitue une rupture unilat\u00e9rale. &#8220;Il est suffisamment d\u00e9montr\u00e9 par le salari\u00e9 que son employeur lui a notifi\u00e9 par ce message de mani\u00e8re non \u00e9quivoque et d\u00e9finitive la fin de son contrat de travail, sans respecter la proc\u00e9dure de licenciement.&#8221; Cette notification \u00e9quivaut \u00e0 un licenciement d\u00e9pourvu de cause r\u00e9elle et s\u00e9rieuse. La cour en d\u00e9duit l&#8217;obligation de r\u00e9parer le pr\u00e9judice subi. Elle fixe une indemnit\u00e9 sp\u00e9cifique distincte de l&#8217;indemnit\u00e9 compensatrice de pr\u00e9avis. Le montant est modul\u00e9 en consid\u00e9ration de la tr\u00e8s faible anciennet\u00e9 du salari\u00e9. Cette analyse prot\u00e8ge le salari\u00e9 contre les ruptures arbitraires m\u00eame en contexte de cessation d&#8217;activit\u00e9.<\/p>\n<p>La fixation des cr\u00e9ances n\u00e9es du contrat de travail<\/p>\n<p>La cour proc\u00e8de \u00e0 un examen rigoureux des demandes p\u00e9cuniaires. Pour le rappel de salaire, elle retient le montant figurant sur le bulletin produit par l&#8217;employeur. Elle \u00e9carte la majoration r\u00e9clam\u00e9e pour heures suppl\u00e9mentaires faute de preuve. &#8220;En l&#8217;absence d&#8217;\u00e9l\u00e9ment pour \u00e9tayer ses dires concernant l&#8217;accomplissement d&#8217;heures suppl\u00e9mentaires, il convient de limiter le montant du rappel de salaire.&#8221; Le principe de l&#8217;all\u00e9gation de la preuve par le demandeur est strictement appliqu\u00e9. Il en va de m\u00eame pour les indemnit\u00e9s de d\u00e9placement et de panier. Le salari\u00e9 ne rapportant pas la preuve des localisations des chantiers, la cr\u00e9ance est limit\u00e9e au montant reconnu par le bulletin. La cour pr\u00e9cise que les cr\u00e9ances sont fix\u00e9es au passif de la liquidation judiciaire. Elle d\u00e9clare l&#8217;arr\u00eat opposable \u00e0 l&#8217;AGS dans le cadre de la garantie des salaires. Cette d\u00e9marche assure une ex\u00e9cution effective de la d\u00e9cision malgr\u00e9 la d\u00e9faillance de l&#8217;employeur.<\/p>\n<p>Les suites pratiques de la d\u00e9cision et la garantie des droits<\/p>\n<p>L&#8217;arr\u00eat produit des effets concrets en mati\u00e8re de preuve et de recouvrement. La cour ordonne au liquidateur de d\u00e9livrer les documents de fin de contrat. Elle vise le certificat de travail, le bulletin r\u00e9capitulatif et l&#8217;attestation France Travail. Cette injonction permet au salari\u00e9 de faire valoir ses droits aupr\u00e8s des autres institutions. La d\u00e9claration d&#8217;opposabilit\u00e9 \u00e0 l&#8217;AGS est essentielle pour le paiement. &#8220;Le pr\u00e9sent arr\u00eat sera en cons\u00e9quence opposable \u00e0 l&#8217;AGS dans la limite de la garantie l\u00e9gale.&#8221; Cette mesure active le m\u00e9canisme de protection des salaires en cas d&#8217;insolvabilit\u00e9 de l&#8217;employeur. Elle offre au salari\u00e9 une garantie de paiement sur les cr\u00e9ances admises. La solution assure ainsi une protection int\u00e9grale des droits du salari\u00e9, de leur reconnaissance \u00e0 leur ex\u00e9cution. Elle illustre le r\u00f4le compl\u00e9mentaire des diff\u00e9rents acteurs en proc\u00e9dure collective.<\/p>\n<\/div>\n","protected":false},"excerpt":{"rendered":"<p>La Cour d&#8217;appel de Toulouse, le 24 juillet 2025, a statu\u00e9 sur un litige n\u00e9 de la rupture d&#8217;un contrat de travail pendant une proc\u00e9dure collective. Le conseil&#8230;<\/p>\n","protected":false},"author":232070755,"featured_media":9555,"comment_status":"open","ping_status":"open","sticky":false,"template":"","format":"standard","meta":{"_crdt_document":"","_jetpack_newsletter_access":"","_jetpack_dont_email_post_to_subs":false,"_jetpack_newsletter_tier_id":0,"_jetpack_memberships_contains_paywalled_content":false,"_kj_source_type":"","_kj_official_id":"","_kj_official_url":"","_kj_judilibre_id":"","_kj_jur":"","_kj_lieu":"","_kj_chambre":"","_kj_rg":"","_kj_date":"","_jetpack_memberships_contains_paid_content":false,"footnotes":"","jetpack_post_was_ever_published":false},"categories":[7597],"tags":[],"class_list":["post-660528","post","type-post","status-publish","format-standard","has-post-thumbnail","hentry","category-jurisprudence"],"yoast_head":"<!-- This site is optimized with the Yoast SEO Premium plugin v27.5 (Yoast SEO v27.5) - https:\/\/yoast.com\/product\/yoast-seo-premium-wordpress\/ -->\n<title>Cour d&#039;appel de Toulouse, le 24 juillet 2025, n\u00b024\/01467 - Ma\u00eetre Hassan Kohen, avocat en droit p\u00e9nal \u00e0 Paris<\/title>\n<meta name=\"description\" content=\"La Cour d&#039;appel de Toulouse, le 24 juillet 2025, a statu\u00e9 sur un litige n\u00e9 de la rupture d&#039;un contrat de travail pendant une proc\u00e9dure collective. Le conseil...\" \/>\n<meta name=\"robots\" content=\"index, follow, max-snippet:-1, max-image-preview:large, max-video-preview:-1\" \/>\n<link rel=\"canonical\" href=\"https:\/\/kohenavocats.com\/tr\/cour-dappel-de-toulouse-le-24-juillet-2025-n24-01467\/\" \/>\n<meta property=\"og:locale\" content=\"tr_TR\" \/>\n<meta property=\"og:type\" content=\"article\" \/>\n<meta property=\"og:title\" content=\"Cour d&#039;appel de Toulouse, le 24 juillet 2025, n\u00b024\/01467\" \/>\n<meta property=\"og:description\" content=\"La Cour d&#039;appel de Toulouse, le 24 juillet 2025, a statu\u00e9 sur un litige n\u00e9 de la rupture d&#039;un contrat de travail pendant une proc\u00e9dure collective. Le conseil...\" \/>\n<meta property=\"og:url\" content=\"https:\/\/kohenavocats.com\/tr\/cour-dappel-de-toulouse-le-24-juillet-2025-n24-01467\/\" \/>\n<meta property=\"og:site_name\" content=\"Ma\u00eetre Hassan Kohen, avocat en droit p\u00e9nal \u00e0 Paris\" \/>\n<meta property=\"article:published_time\" content=\"2026-04-23T13:22:36+00:00\" \/>\n<meta property=\"og:image\" content=\"https:\/\/kohenavocats.com\/wp-content\/uploads\/2024\/11\/jay-skyler-Ysbp5CrlNDo-unsplash.webp\" \/>\n\t<meta property=\"og:image:width\" content=\"4858\" \/>\n\t<meta property=\"og:image:height\" content=\"2214\" \/>\n\t<meta property=\"og:image:type\" content=\"image\/webp\" \/>\n<meta name=\"author\" content=\"Kohen\" \/>\n<meta name=\"twitter:card\" content=\"summary_large_image\" \/>\n<meta name=\"twitter:label1\" content=\"Yazan:\" \/>\n\t<meta name=\"twitter:data1\" content=\"Kohen\" \/>\n\t<meta name=\"twitter:label2\" content=\"Tahmini okuma s\u00fcresi\" \/>\n\t<meta name=\"twitter:data2\" content=\"4 dakika\" \/>\n<script type=\"application\/ld+json\" class=\"yoast-schema-graph\">{\"@context\":\"https:\\\/\\\/schema.org\",\"@graph\":[{\"@type\":\"Article\",\"@id\":\"https:\\\/\\\/kohenavocats.com\\\/tr\\\/cour-dappel-de-toulouse-le-24-juillet-2025-n24-01467\\\/#article\",\"isPartOf\":{\"@id\":\"https:\\\/\\\/kohenavocats.com\\\/tr\\\/cour-dappel-de-toulouse-le-24-juillet-2025-n24-01467\\\/\"},\"author\":{\"name\":\"Kohen\",\"@id\":\"https:\\\/\\\/kohenavocats.com\\\/tr\\\/#\\\/schema\\\/person\\\/761c9ba54fa1ca84d405cef0831ff751\"},\"headline\":\"Cour d&#8217;appel de Toulouse, le 24 juillet 2025, n\u00b024\\\/01467\",\"datePublished\":\"2026-04-23T13:22:36+00:00\",\"mainEntityOfPage\":{\"@id\":\"https:\\\/\\\/kohenavocats.com\\\/tr\\\/cour-dappel-de-toulouse-le-24-juillet-2025-n24-01467\\\/\"},\"wordCount\":785,\"commentCount\":0,\"publisher\":{\"@id\":\"https:\\\/\\\/kohenavocats.com\\\/tr\\\/#organization\"},\"image\":{\"@id\":\"https:\\\/\\\/kohenavocats.com\\\/tr\\\/cour-dappel-de-toulouse-le-24-juillet-2025-n24-01467\\\/#primaryimage\"},\"thumbnailUrl\":\"https:\\\/\\\/kohenavocats.com\\\/wp-content\\\/uploads\\\/2024\\\/11\\\/jay-skyler-Ysbp5CrlNDo-unsplash.webp\",\"articleSection\":[\"Jurisprudence\"],\"inLanguage\":\"tr\",\"potentialAction\":[{\"@type\":\"CommentAction\",\"name\":\"Comment\",\"target\":[\"https:\\\/\\\/kohenavocats.com\\\/tr\\\/cour-dappel-de-toulouse-le-24-juillet-2025-n24-01467\\\/#respond\"]}],\"citation\":\"Cour d&#8217;appel de Toulouse, le 24 juillet 2025, n\u00b024\\\/01467\",\"about\":[{\"@type\":\"Thing\",\"name\":\"Jurisprudence\"}],\"dateModified\":\"2026-04-23T13:22:36+00:00\",\"speakable\":{\"@type\":\"SpeakableSpecification\",\"cssSelector\":[\".article-content > p:first-of-type\"]}},{\"@type\":\"WebPage\",\"@id\":\"https:\\\/\\\/kohenavocats.com\\\/tr\\\/cour-dappel-de-toulouse-le-24-juillet-2025-n24-01467\\\/\",\"url\":\"https:\\\/\\\/kohenavocats.com\\\/tr\\\/cour-dappel-de-toulouse-le-24-juillet-2025-n24-01467\\\/\",\"name\":\"Cour d'appel de Toulouse, le 24 juillet 2025, n\u00b024\\\/01467 - Ma\u00eetre Hassan Kohen, avocat en droit p\u00e9nal \u00e0 Paris\",\"isPartOf\":{\"@id\":\"https:\\\/\\\/kohenavocats.com\\\/tr\\\/#website\"},\"primaryImageOfPage\":{\"@id\":\"https:\\\/\\\/kohenavocats.com\\\/tr\\\/cour-dappel-de-toulouse-le-24-juillet-2025-n24-01467\\\/#primaryimage\"},\"image\":{\"@id\":\"https:\\\/\\\/kohenavocats.com\\\/tr\\\/cour-dappel-de-toulouse-le-24-juillet-2025-n24-01467\\\/#primaryimage\"},\"thumbnailUrl\":\"https:\\\/\\\/kohenavocats.com\\\/wp-content\\\/uploads\\\/2024\\\/11\\\/jay-skyler-Ysbp5CrlNDo-unsplash.webp\",\"datePublished\":\"2026-04-23T13:22:36+00:00\",\"description\":\"La Cour d'appel de Toulouse, le 24 juillet 2025, a statu\u00e9 sur un litige n\u00e9 de la rupture d'un contrat de travail pendant une proc\u00e9dure collective. Le conseil...\",\"breadcrumb\":{\"@id\":\"https:\\\/\\\/kohenavocats.com\\\/tr\\\/cour-dappel-de-toulouse-le-24-juillet-2025-n24-01467\\\/#breadcrumb\"},\"inLanguage\":\"tr\",\"potentialAction\":[{\"@type\":\"ReadAction\",\"target\":[\"https:\\\/\\\/kohenavocats.com\\\/tr\\\/cour-dappel-de-toulouse-le-24-juillet-2025-n24-01467\\\/\"]}]},{\"@type\":\"ImageObject\",\"inLanguage\":\"tr\",\"@id\":\"https:\\\/\\\/kohenavocats.com\\\/tr\\\/cour-dappel-de-toulouse-le-24-juillet-2025-n24-01467\\\/#primaryimage\",\"url\":\"https:\\\/\\\/kohenavocats.com\\\/wp-content\\\/uploads\\\/2024\\\/11\\\/jay-skyler-Ysbp5CrlNDo-unsplash.webp\",\"contentUrl\":\"https:\\\/\\\/kohenavocats.com\\\/wp-content\\\/uploads\\\/2024\\\/11\\\/jay-skyler-Ysbp5CrlNDo-unsplash.webp\",\"width\":4858,\"height\":2214},{\"@type\":\"BreadcrumbList\",\"@id\":\"https:\\\/\\\/kohenavocats.com\\\/tr\\\/cour-dappel-de-toulouse-le-24-juillet-2025-n24-01467\\\/#breadcrumb\",\"itemListElement\":[{\"@type\":\"ListItem\",\"position\":1,\"name\":\"Home\",\"item\":\"https:\\\/\\\/kohenavocats.com\\\/tr\\\/avocats-en-droit-penal-a-paris-conseil-et-defense-strategique\\\/\"},{\"@type\":\"ListItem\",\"position\":2,\"name\":\"Cour d&rsquo;appel de Toulouse, le 24 juillet 2025, n\u00b024\\\/01467\"}]},{\"@type\":\"WebSite\",\"@id\":\"https:\\\/\\\/kohenavocats.com\\\/tr\\\/#website\",\"url\":\"https:\\\/\\\/kohenavocats.com\\\/tr\\\/\",\"name\":\"Kohen Avocats\",\"description\":\"Ma\u00eetre Hassan Kohen, avocat p\u00e9naliste \u00e0 Paris, intervient exclusivement en droit p\u00e9nal pour la d\u00e9fense des particuliers, notamment en mati\u00e8re d\u2019accusations de viol. Il assure un accompagnement rigoureux d\u00e8s la garde \u00e0 vue jusqu\u2019\u00e0 la Cour d\u2019assises, veillant au strict respect des garanties proc\u00e9durales.\",\"publisher\":{\"@id\":\"https:\\\/\\\/kohenavocats.com\\\/tr\\\/#organization\"},\"potentialAction\":[{\"@type\":\"SearchAction\",\"target\":{\"@type\":\"EntryPoint\",\"urlTemplate\":\"https:\\\/\\\/kohenavocats.com\\\/tr\\\/?s={search_term_string}\"},\"query-input\":{\"@type\":\"PropertyValueSpecification\",\"valueRequired\":true,\"valueName\":\"search_term_string\"}}],\"inLanguage\":\"tr\"},{\"@type\":\"Organization\",\"@id\":\"https:\\\/\\\/kohenavocats.com\\\/tr\\\/#organization\",\"name\":\"Kohen Avocats\",\"url\":\"https:\\\/\\\/kohenavocats.com\\\/tr\\\/\",\"logo\":{\"@type\":\"ImageObject\",\"inLanguage\":\"tr\",\"@id\":\"https:\\\/\\\/kohenavocats.com\\\/tr\\\/#\\\/schema\\\/logo\\\/image\\\/\",\"url\":\"https:\\\/\\\/kohenavocats.com\\\/wp-content\\\/uploads\\\/2026\\\/01\\\/Logo-2-1.webp\",\"contentUrl\":\"https:\\\/\\\/kohenavocats.com\\\/wp-content\\\/uploads\\\/2026\\\/01\\\/Logo-2-1.webp\",\"width\":2114,\"height\":1253,\"caption\":\"Kohen Avocats\"},\"image\":{\"@id\":\"https:\\\/\\\/kohenavocats.com\\\/tr\\\/#\\\/schema\\\/logo\\\/image\\\/\"}},{\"@type\":\"Person\",\"@id\":\"https:\\\/\\\/kohenavocats.com\\\/tr\\\/#\\\/schema\\\/person\\\/761c9ba54fa1ca84d405cef0831ff751\",\"name\":\"Kohen\",\"image\":{\"@type\":\"ImageObject\",\"inLanguage\":\"tr\",\"@id\":\"https:\\\/\\\/secure.gravatar.com\\\/avatar\\\/1c5e76ef76bbbfdd2b4da984e2bf2fa4056fd51a27d25ce2c332047f1dfd6e00?s=96&d=identicon&r=g\",\"url\":\"https:\\\/\\\/secure.gravatar.com\\\/avatar\\\/1c5e76ef76bbbfdd2b4da984e2bf2fa4056fd51a27d25ce2c332047f1dfd6e00?s=96&d=identicon&r=g\",\"contentUrl\":\"https:\\\/\\\/secure.gravatar.com\\\/avatar\\\/1c5e76ef76bbbfdd2b4da984e2bf2fa4056fd51a27d25ce2c332047f1dfd6e00?s=96&d=identicon&r=g\",\"caption\":\"Kohen\"},\"sameAs\":[\"https:\\\/\\\/www.linkedin.com\\\/in\\\/hassan-kohen-448548192\\\/\",\"https:\\\/\\\/www.youtube.com\\\/@Kohen-Avocats\"],\"url\":\"https:\\\/\\\/kohenavocats.com\\\/tr\\\/author\\\/kohenmlk\\\/\"}]}<\/script>\n<!-- \/ Yoast SEO Premium plugin. -->","yoast_head_json":{"title":"Cour d'appel de Toulouse, le 24 juillet 2025, n\u00b024\/01467 - Ma\u00eetre Hassan Kohen, avocat en droit p\u00e9nal \u00e0 Paris","description":"La Cour d'appel de Toulouse, le 24 juillet 2025, a statu\u00e9 sur un litige n\u00e9 de la rupture d'un contrat de travail pendant une proc\u00e9dure collective. Le conseil...","robots":{"index":"index","follow":"follow","max-snippet":"max-snippet:-1","max-image-preview":"max-image-preview:large","max-video-preview":"max-video-preview:-1"},"canonical":"https:\/\/kohenavocats.com\/tr\/cour-dappel-de-toulouse-le-24-juillet-2025-n24-01467\/","og_locale":"tr_TR","og_type":"article","og_title":"Cour d'appel de Toulouse, le 24 juillet 2025, n\u00b024\/01467","og_description":"La Cour d'appel de Toulouse, le 24 juillet 2025, a statu\u00e9 sur un litige n\u00e9 de la rupture d'un contrat de travail pendant une proc\u00e9dure collective. Le conseil...","og_url":"https:\/\/kohenavocats.com\/tr\/cour-dappel-de-toulouse-le-24-juillet-2025-n24-01467\/","og_site_name":"Ma\u00eetre Hassan Kohen, avocat en droit p\u00e9nal \u00e0 Paris","article_published_time":"2026-04-23T13:22:36+00:00","og_image":[{"width":4858,"height":2214,"url":"https:\/\/kohenavocats.com\/wp-content\/uploads\/2024\/11\/jay-skyler-Ysbp5CrlNDo-unsplash.webp","type":"image\/webp"}],"author":"Kohen","twitter_card":"summary_large_image","twitter_misc":{"Yazan:":"Kohen","Tahmini okuma s\u00fcresi":"4 dakika"},"schema":{"@context":"https:\/\/schema.org","@graph":[{"@type":"Article","@id":"https:\/\/kohenavocats.com\/tr\/cour-dappel-de-toulouse-le-24-juillet-2025-n24-01467\/#article","isPartOf":{"@id":"https:\/\/kohenavocats.com\/tr\/cour-dappel-de-toulouse-le-24-juillet-2025-n24-01467\/"},"author":{"name":"Kohen","@id":"https:\/\/kohenavocats.com\/tr\/#\/schema\/person\/761c9ba54fa1ca84d405cef0831ff751"},"headline":"Cour d&#8217;appel de Toulouse, le 24 juillet 2025, n\u00b024\/01467","datePublished":"2026-04-23T13:22:36+00:00","mainEntityOfPage":{"@id":"https:\/\/kohenavocats.com\/tr\/cour-dappel-de-toulouse-le-24-juillet-2025-n24-01467\/"},"wordCount":785,"commentCount":0,"publisher":{"@id":"https:\/\/kohenavocats.com\/tr\/#organization"},"image":{"@id":"https:\/\/kohenavocats.com\/tr\/cour-dappel-de-toulouse-le-24-juillet-2025-n24-01467\/#primaryimage"},"thumbnailUrl":"https:\/\/kohenavocats.com\/wp-content\/uploads\/2024\/11\/jay-skyler-Ysbp5CrlNDo-unsplash.webp","articleSection":["Jurisprudence"],"inLanguage":"tr","potentialAction":[{"@type":"CommentAction","name":"Comment","target":["https:\/\/kohenavocats.com\/tr\/cour-dappel-de-toulouse-le-24-juillet-2025-n24-01467\/#respond"]}],"citation":"Cour d&#8217;appel de Toulouse, le 24 juillet 2025, n\u00b024\/01467","about":[{"@type":"Thing","name":"Jurisprudence"}],"dateModified":"2026-04-23T13:22:36+00:00","speakable":{"@type":"SpeakableSpecification","cssSelector":[".article-content > p:first-of-type"]}},{"@type":"WebPage","@id":"https:\/\/kohenavocats.com\/tr\/cour-dappel-de-toulouse-le-24-juillet-2025-n24-01467\/","url":"https:\/\/kohenavocats.com\/tr\/cour-dappel-de-toulouse-le-24-juillet-2025-n24-01467\/","name":"Cour d'appel de Toulouse, le 24 juillet 2025, n\u00b024\/01467 - Ma\u00eetre Hassan Kohen, avocat en droit p\u00e9nal \u00e0 Paris","isPartOf":{"@id":"https:\/\/kohenavocats.com\/tr\/#website"},"primaryImageOfPage":{"@id":"https:\/\/kohenavocats.com\/tr\/cour-dappel-de-toulouse-le-24-juillet-2025-n24-01467\/#primaryimage"},"image":{"@id":"https:\/\/kohenavocats.com\/tr\/cour-dappel-de-toulouse-le-24-juillet-2025-n24-01467\/#primaryimage"},"thumbnailUrl":"https:\/\/kohenavocats.com\/wp-content\/uploads\/2024\/11\/jay-skyler-Ysbp5CrlNDo-unsplash.webp","datePublished":"2026-04-23T13:22:36+00:00","description":"La Cour d'appel de Toulouse, le 24 juillet 2025, a statu\u00e9 sur un litige n\u00e9 de la rupture d'un contrat de travail pendant une proc\u00e9dure collective. Le conseil...","breadcrumb":{"@id":"https:\/\/kohenavocats.com\/tr\/cour-dappel-de-toulouse-le-24-juillet-2025-n24-01467\/#breadcrumb"},"inLanguage":"tr","potentialAction":[{"@type":"ReadAction","target":["https:\/\/kohenavocats.com\/tr\/cour-dappel-de-toulouse-le-24-juillet-2025-n24-01467\/"]}]},{"@type":"ImageObject","inLanguage":"tr","@id":"https:\/\/kohenavocats.com\/tr\/cour-dappel-de-toulouse-le-24-juillet-2025-n24-01467\/#primaryimage","url":"https:\/\/kohenavocats.com\/wp-content\/uploads\/2024\/11\/jay-skyler-Ysbp5CrlNDo-unsplash.webp","contentUrl":"https:\/\/kohenavocats.com\/wp-content\/uploads\/2024\/11\/jay-skyler-Ysbp5CrlNDo-unsplash.webp","width":4858,"height":2214},{"@type":"BreadcrumbList","@id":"https:\/\/kohenavocats.com\/tr\/cour-dappel-de-toulouse-le-24-juillet-2025-n24-01467\/#breadcrumb","itemListElement":[{"@type":"ListItem","position":1,"name":"Home","item":"https:\/\/kohenavocats.com\/tr\/avocats-en-droit-penal-a-paris-conseil-et-defense-strategique\/"},{"@type":"ListItem","position":2,"name":"Cour d&rsquo;appel de Toulouse, le 24 juillet 2025, n\u00b024\/01467"}]},{"@type":"WebSite","@id":"https:\/\/kohenavocats.com\/tr\/#website","url":"https:\/\/kohenavocats.com\/tr\/","name":"Kohen Avocats","description":"Ma\u00eetre Hassan Kohen, avocat p\u00e9naliste \u00e0 Paris, intervient exclusivement en droit p\u00e9nal pour la d\u00e9fense des particuliers, notamment en mati\u00e8re d\u2019accusations de viol. Il assure un accompagnement rigoureux d\u00e8s la garde \u00e0 vue jusqu\u2019\u00e0 la Cour d\u2019assises, veillant au strict respect des garanties proc\u00e9durales.","publisher":{"@id":"https:\/\/kohenavocats.com\/tr\/#organization"},"potentialAction":[{"@type":"SearchAction","target":{"@type":"EntryPoint","urlTemplate":"https:\/\/kohenavocats.com\/tr\/?s={search_term_string}"},"query-input":{"@type":"PropertyValueSpecification","valueRequired":true,"valueName":"search_term_string"}}],"inLanguage":"tr"},{"@type":"Organization","@id":"https:\/\/kohenavocats.com\/tr\/#organization","name":"Kohen Avocats","url":"https:\/\/kohenavocats.com\/tr\/","logo":{"@type":"ImageObject","inLanguage":"tr","@id":"https:\/\/kohenavocats.com\/tr\/#\/schema\/logo\/image\/","url":"https:\/\/kohenavocats.com\/wp-content\/uploads\/2026\/01\/Logo-2-1.webp","contentUrl":"https:\/\/kohenavocats.com\/wp-content\/uploads\/2026\/01\/Logo-2-1.webp","width":2114,"height":1253,"caption":"Kohen Avocats"},"image":{"@id":"https:\/\/kohenavocats.com\/tr\/#\/schema\/logo\/image\/"}},{"@type":"Person","@id":"https:\/\/kohenavocats.com\/tr\/#\/schema\/person\/761c9ba54fa1ca84d405cef0831ff751","name":"Kohen","image":{"@type":"ImageObject","inLanguage":"tr","@id":"https:\/\/secure.gravatar.com\/avatar\/1c5e76ef76bbbfdd2b4da984e2bf2fa4056fd51a27d25ce2c332047f1dfd6e00?s=96&d=identicon&r=g","url":"https:\/\/secure.gravatar.com\/avatar\/1c5e76ef76bbbfdd2b4da984e2bf2fa4056fd51a27d25ce2c332047f1dfd6e00?s=96&d=identicon&r=g","contentUrl":"https:\/\/secure.gravatar.com\/avatar\/1c5e76ef76bbbfdd2b4da984e2bf2fa4056fd51a27d25ce2c332047f1dfd6e00?s=96&d=identicon&r=g","caption":"Kohen"},"sameAs":["https:\/\/www.linkedin.com\/in\/hassan-kohen-448548192\/","https:\/\/www.youtube.com\/@Kohen-Avocats"],"url":"https:\/\/kohenavocats.com\/tr\/author\/kohenmlk\/"}]}},"jetpack_featured_media_url":"https:\/\/kohenavocats.com\/wp-content\/uploads\/2024\/11\/jay-skyler-Ysbp5CrlNDo-unsplash.webp","jetpack_likes_enabled":false,"jetpack_shortlink":"https:\/\/wp.me\/peCrII-2LPG","jetpack-related-posts":[{"id":669857,"url":"https:\/\/kohenavocats.com\/tr\/cour-dappel-de-toulouse-le-16-mars-2023-n23-04233\/","url_meta":{"origin":660528,"position":0},"title":"Cour d&#8217;appel de Toulouse, le 16 mars 2023, n\u00b023\/04233","author":"Kohen","date":"24 Nisan 2026","format":false,"excerpt":"La Cour d'appel de Toulouse, statuant le 16 mars 2023, examine un litige n\u00e9 du licenciement pour inaptitude d'un salari\u00e9. Ce dernier contestait la rupture, i...","rel":"","context":"&quot;Code des assurances&quot; i\u00e7inde","block_context":{"text":"Code des assurances","link":"https:\/\/kohenavocats.com\/category\/code-des-assurances\/"},"img":{"alt_text":"","src":"https:\/\/i0.wp.com\/kohenavocats.com\/wp-content\/uploads\/2024\/08\/camille-brodard-uZDXjqtVifU-unsplash.webp?resize=350%2C200&ssl=1","width":350,"height":200,"srcset":"https:\/\/i0.wp.com\/kohenavocats.com\/wp-content\/uploads\/2024\/08\/camille-brodard-uZDXjqtVifU-unsplash.webp?resize=350%2C200&ssl=1 1x, https:\/\/i0.wp.com\/kohenavocats.com\/wp-content\/uploads\/2024\/08\/camille-brodard-uZDXjqtVifU-unsplash.webp?resize=525%2C300&ssl=1 1.5x, https:\/\/i0.wp.com\/kohenavocats.com\/wp-content\/uploads\/2024\/08\/camille-brodard-uZDXjqtVifU-unsplash.webp?resize=700%2C400&ssl=1 2x, https:\/\/i0.wp.com\/kohenavocats.com\/wp-content\/uploads\/2024\/08\/camille-brodard-uZDXjqtVifU-unsplash.webp?resize=1050%2C600&ssl=1 3x, https:\/\/i0.wp.com\/kohenavocats.com\/wp-content\/uploads\/2024\/08\/camille-brodard-uZDXjqtVifU-unsplash.webp?resize=1400%2C800&ssl=1 4x"},"classes":[]},{"id":660905,"url":"https:\/\/kohenavocats.com\/tr\/cour-dappel-le-12-fevrier-2026-n24-01466\/","url_meta":{"origin":660528,"position":1},"title":"Cour d&#8217;appel, le 12 f\u00e9vrier 2026, n\u00b024\/01466","author":"Kohen","date":"23 Nisan 2026","format":false,"excerpt":"La Cour d'appel, statuant le 12 f\u00e9vrier 2026, a examin\u00e9 un litige n\u00e9 de la cessation d'activit\u00e9 d'une soci\u00e9t\u00e9 en liquidation judiciaire. Un salari\u00e9 contestai...","rel":"","context":"&quot;Jurisprudence&quot; i\u00e7inde","block_context":{"text":"Jurisprudence","link":"https:\/\/kohenavocats.com\/category\/jurisprudence\/"},"img":{"alt_text":"","src":"https:\/\/i0.wp.com\/kohenavocats.com\/wp-content\/uploads\/2024\/08\/luca-trassini-OhaRmr5mJYA-unsplash.webp?resize=350%2C200&ssl=1","width":350,"height":200,"srcset":"https:\/\/i0.wp.com\/kohenavocats.com\/wp-content\/uploads\/2024\/08\/luca-trassini-OhaRmr5mJYA-unsplash.webp?resize=350%2C200&ssl=1 1x, https:\/\/i0.wp.com\/kohenavocats.com\/wp-content\/uploads\/2024\/08\/luca-trassini-OhaRmr5mJYA-unsplash.webp?resize=525%2C300&ssl=1 1.5x, https:\/\/i0.wp.com\/kohenavocats.com\/wp-content\/uploads\/2024\/08\/luca-trassini-OhaRmr5mJYA-unsplash.webp?resize=700%2C400&ssl=1 2x, https:\/\/i0.wp.com\/kohenavocats.com\/wp-content\/uploads\/2024\/08\/luca-trassini-OhaRmr5mJYA-unsplash.webp?resize=1050%2C600&ssl=1 3x, https:\/\/i0.wp.com\/kohenavocats.com\/wp-content\/uploads\/2024\/08\/luca-trassini-OhaRmr5mJYA-unsplash.webp?resize=1400%2C800&ssl=1 4x"},"classes":[]},{"id":669770,"url":"https:\/\/kohenavocats.com\/tr\/cour-dappel-de-toulouse-le-9-avril-2025-n24-03582\/","url_meta":{"origin":660528,"position":2},"title":"Cour d&#8217;appel de Toulouse, le 9 avril 2025, n\u00b024\/03582","author":"Kohen","date":"24 Nisan 2026","format":false,"excerpt":"La cour d'appel de Toulouse, le 9 avril 2025, statue sur l'appel de soci\u00e9t\u00e9s contre un jugement prud'homal. Un ancien salari\u00e9, \u00e9galement actionnaire, r\u00e9clame...","rel":"","context":"&quot;Droit du travail&quot; i\u00e7inde","block_context":{"text":"Droit du travail","link":"https:\/\/kohenavocats.com\/category\/droit-du-travail\/"},"img":{"alt_text":"","src":"https:\/\/i0.wp.com\/kohenavocats.com\/wp-content\/uploads\/2024\/11\/getty-images-KLAusgd2DI8-unsplash.webp?resize=350%2C200&ssl=1","width":350,"height":200,"srcset":"https:\/\/i0.wp.com\/kohenavocats.com\/wp-content\/uploads\/2024\/11\/getty-images-KLAusgd2DI8-unsplash.webp?resize=350%2C200&ssl=1 1x, https:\/\/i0.wp.com\/kohenavocats.com\/wp-content\/uploads\/2024\/11\/getty-images-KLAusgd2DI8-unsplash.webp?resize=525%2C300&ssl=1 1.5x, https:\/\/i0.wp.com\/kohenavocats.com\/wp-content\/uploads\/2024\/11\/getty-images-KLAusgd2DI8-unsplash.webp?resize=700%2C400&ssl=1 2x, https:\/\/i0.wp.com\/kohenavocats.com\/wp-content\/uploads\/2024\/11\/getty-images-KLAusgd2DI8-unsplash.webp?resize=1050%2C600&ssl=1 3x, https:\/\/i0.wp.com\/kohenavocats.com\/wp-content\/uploads\/2024\/11\/getty-images-KLAusgd2DI8-unsplash.webp?resize=1400%2C800&ssl=1 4x"},"classes":[]},{"id":428643,"url":"https:\/\/kohenavocats.com\/tr\/cour-dappel-de-angers-le-21-juin-2011-n11-00696\/","url_meta":{"origin":660528,"position":3},"title":"Cour d&#8217;appel de Angers, le 21 juin 2011, n\u00b011\/00696","author":"Kohen","date":"23 Mart 2026","format":false,"excerpt":"Un salari\u00e9 est embauch\u00e9 en 1974 en qualit\u00e9 de directeur administratif. Il devient administrateur de la soci\u00e9t\u00e9 employeur en 1990. En novembre 2002, il est \u00e9lu pr\u00e9sident-directeur g\u00e9n\u00e9ral par le conseil d\u2019administration. Ce mandat est r\u00e9voqu\u00e9 en mars 2010. Le salari\u00e9 saisit alors le conseil de prud\u2019hommes pour contester les\u2026","rel":"","context":"&quot;Cour d'appel&quot; i\u00e7inde","block_context":{"text":"Cour d'appel","link":"https:\/\/kohenavocats.com\/category\/cour-dappel\/"},"img":{"alt_text":"","src":"https:\/\/i0.wp.com\/kohenavocats.com\/wp-content\/uploads\/2024\/11\/kateryna-hliznitsova-cSf0iO7Txkw-unsplash.webp?resize=350%2C200&ssl=1","width":350,"height":200,"srcset":"https:\/\/i0.wp.com\/kohenavocats.com\/wp-content\/uploads\/2024\/11\/kateryna-hliznitsova-cSf0iO7Txkw-unsplash.webp?resize=350%2C200&ssl=1 1x, https:\/\/i0.wp.com\/kohenavocats.com\/wp-content\/uploads\/2024\/11\/kateryna-hliznitsova-cSf0iO7Txkw-unsplash.webp?resize=525%2C300&ssl=1 1.5x, https:\/\/i0.wp.com\/kohenavocats.com\/wp-content\/uploads\/2024\/11\/kateryna-hliznitsova-cSf0iO7Txkw-unsplash.webp?resize=700%2C400&ssl=1 2x, https:\/\/i0.wp.com\/kohenavocats.com\/wp-content\/uploads\/2024\/11\/kateryna-hliznitsova-cSf0iO7Txkw-unsplash.webp?resize=1050%2C600&ssl=1 3x, https:\/\/i0.wp.com\/kohenavocats.com\/wp-content\/uploads\/2024\/11\/kateryna-hliznitsova-cSf0iO7Txkw-unsplash.webp?resize=1400%2C800&ssl=1 4x"},"classes":[]},{"id":457716,"url":"https:\/\/kohenavocats.com\/tr\/caa-caa-de-toulouse-30-12-2025-n-24tl00972\/","url_meta":{"origin":660528,"position":4},"title":"CAA \u2013 CAA de TOULOUSE \u2013 30\/12\/2025 \u2013 n\u00b0 24TL00972","author":"Kohen","date":"7 Nisan 2026","format":false,"excerpt":"La Cour administrative d\u2019appel de Toulouse a rendu le 30 d\u00e9cembre 2025 une d\u00e9cision portant sur le licenciement pour inaptitude d'une salari\u00e9e investie de...","rel":"","context":"&quot;Juridictions administratives&quot; i\u00e7inde","block_context":{"text":"Juridictions administratives","link":"https:\/\/kohenavocats.com\/category\/juridictions-administratives\/"},"img":{"alt_text":"","src":"https:\/\/i0.wp.com\/kohenavocats.com\/wp-content\/uploads\/2024\/11\/virginia-marinova-xqo5V5aU09g-unsplash.webp?resize=350%2C200&ssl=1","width":350,"height":200,"srcset":"https:\/\/i0.wp.com\/kohenavocats.com\/wp-content\/uploads\/2024\/11\/virginia-marinova-xqo5V5aU09g-unsplash.webp?resize=350%2C200&ssl=1 1x, https:\/\/i0.wp.com\/kohenavocats.com\/wp-content\/uploads\/2024\/11\/virginia-marinova-xqo5V5aU09g-unsplash.webp?resize=525%2C300&ssl=1 1.5x, https:\/\/i0.wp.com\/kohenavocats.com\/wp-content\/uploads\/2024\/11\/virginia-marinova-xqo5V5aU09g-unsplash.webp?resize=700%2C400&ssl=1 2x, https:\/\/i0.wp.com\/kohenavocats.com\/wp-content\/uploads\/2024\/11\/virginia-marinova-xqo5V5aU09g-unsplash.webp?resize=1050%2C600&ssl=1 3x, https:\/\/i0.wp.com\/kohenavocats.com\/wp-content\/uploads\/2024\/11\/virginia-marinova-xqo5V5aU09g-unsplash.webp?resize=1400%2C800&ssl=1 4x"},"classes":[]},{"id":439060,"url":"https:\/\/kohenavocats.com\/tr\/cour-dappel-de-douai-le-22-mars-2011-n10-01679\/","url_meta":{"origin":660528,"position":5},"title":"Cour d&#8217;appel de Douai, le 22 mars 2011, n\u00b010\/01679","author":"Kohen","date":"26 Mart 2026","format":false,"excerpt":"Un ancien salari\u00e9, licenci\u00e9 pour faute grave en octobre 2006, a conclu avec son employeur une transaction incluant un devoir de loyaut\u00e9. L\u2019employeur a ult\u00e9rieurement assign\u00e9 ce salari\u00e9 et la soci\u00e9t\u00e9 qu\u2019il a cr\u00e9\u00e9e huit mois apr\u00e8s son licenciement, pour concurrence d\u00e9loyale. Devant le Tribunal de grande instance de B\u00e9thune,\u2026","rel":"","context":"&quot;Cour d'appel&quot; i\u00e7inde","block_context":{"text":"Cour d'appel","link":"https:\/\/kohenavocats.com\/category\/cour-dappel\/"},"img":{"alt_text":"","src":"https:\/\/i0.wp.com\/kohenavocats.com\/wp-content\/uploads\/2024\/11\/virginia-marinova-CUq6KAqzzNY-unsplash.webp?resize=350%2C200&ssl=1","width":350,"height":200,"srcset":"https:\/\/i0.wp.com\/kohenavocats.com\/wp-content\/uploads\/2024\/11\/virginia-marinova-CUq6KAqzzNY-unsplash.webp?resize=350%2C200&ssl=1 1x, https:\/\/i0.wp.com\/kohenavocats.com\/wp-content\/uploads\/2024\/11\/virginia-marinova-CUq6KAqzzNY-unsplash.webp?resize=525%2C300&ssl=1 1.5x, https:\/\/i0.wp.com\/kohenavocats.com\/wp-content\/uploads\/2024\/11\/virginia-marinova-CUq6KAqzzNY-unsplash.webp?resize=700%2C400&ssl=1 2x, https:\/\/i0.wp.com\/kohenavocats.com\/wp-content\/uploads\/2024\/11\/virginia-marinova-CUq6KAqzzNY-unsplash.webp?resize=1050%2C600&ssl=1 3x, https:\/\/i0.wp.com\/kohenavocats.com\/wp-content\/uploads\/2024\/11\/virginia-marinova-CUq6KAqzzNY-unsplash.webp?resize=1400%2C800&ssl=1 4x"},"classes":[]}],"jetpack_sharing_enabled":true,"_links":{"self":[{"href":"https:\/\/kohenavocats.com\/tr\/wp-json\/wp\/v2\/posts\/660528","targetHints":{"allow":["GET"]}}],"collection":[{"href":"https:\/\/kohenavocats.com\/tr\/wp-json\/wp\/v2\/posts"}],"about":[{"href":"https:\/\/kohenavocats.com\/tr\/wp-json\/wp\/v2\/types\/post"}],"author":[{"embeddable":true,"href":"https:\/\/kohenavocats.com\/tr\/wp-json\/wp\/v2\/users\/232070755"}],"replies":[{"embeddable":true,"href":"https:\/\/kohenavocats.com\/tr\/wp-json\/wp\/v2\/comments?post=660528"}],"version-history":[{"count":0,"href":"https:\/\/kohenavocats.com\/tr\/wp-json\/wp\/v2\/posts\/660528\/revisions"}],"wp:featuredmedia":[{"embeddable":true,"href":"https:\/\/kohenavocats.com\/tr\/wp-json\/wp\/v2\/media\/9555"}],"wp:attachment":[{"href":"https:\/\/kohenavocats.com\/tr\/wp-json\/wp\/v2\/media?parent=660528"}],"wp:term":[{"taxonomy":"category","embeddable":true,"href":"https:\/\/kohenavocats.com\/tr\/wp-json\/wp\/v2\/categories?post=660528"},{"taxonomy":"post_tag","embeddable":true,"href":"https:\/\/kohenavocats.com\/tr\/wp-json\/wp\/v2\/tags?post=660528"}],"curies":[{"name":"wp","href":"https:\/\/api.w.org\/{rel}","templated":true}]}}