{"id":660941,"date":"2026-04-23T16:07:45","date_gmt":"2026-04-23T14:07:45","guid":{"rendered":"https:\/\/kohenavocats.com\/cour-dappel-de-paris-le-5-mars-2025-n23-01355\/"},"modified":"2026-04-23T16:07:45","modified_gmt":"2026-04-23T14:07:45","slug":"cour-dappel-de-paris-le-5-mars-2025-n23-01355","status":"publish","type":"post","link":"https:\/\/kohenavocats.com\/tr\/cour-dappel-de-paris-le-5-mars-2025-n23-01355\/","title":{"rendered":"Cour d&#8217;appel de Paris, le 5 mars 2025, n\u00b023\/01355"},"content":{"rendered":"<div class=\"article-content\">\n<p>La Cour d\u2019appel de Paris, statuant le 5 mars 2025, a examin\u00e9 un litige n\u00e9 d\u2019une liquidation judiciaire. Un salari\u00e9 contestait l\u2019opposabilit\u00e9 d\u2019un forfait en jours et r\u00e9clamait divers rappels de salaire. La juridiction a rejet\u00e9 la demande d\u2019acc\u00e8s aux donn\u00e9es personnelles mais a accueilli les demandes en paiement de salaires impay\u00e9s, d\u2019heures suppl\u00e9mentaires et a reconnu l\u2019existence d\u2019un travail dissimul\u00e9.<\/p>\n<p>Le r\u00e9gime du forfait en jours et ses conditions de validit\u00e9<\/p>\n<p>Le contr\u00f4le du respect des obligations protectrices<\/p>\n<p>La cour rappelle le cadre l\u00e9gal strict encadrant les conventions de forfait en jours. Elle souligne que l\u2019accord collectif doit d\u00e9terminer les modalit\u00e9s de suivi de la charge de travail et de r\u00e9mun\u00e9ration. En l\u2019esp\u00e8ce, le salari\u00e9 invoquait l\u2019absence d\u2019entretiens individuels et le non-respect d\u2019un salaire minimum conventionnel. La cour constate que les minima conventionnels n\u2019ont pas \u00e9t\u00e9 respect\u00e9s et qu\u2019aucun suivi objectif n\u2019a \u00e9t\u00e9 mis en \u0153uvre. Elle en d\u00e9duit que l\u2019appelant est fond\u00e9 \u00e0 se pr\u00e9valoir de l\u2019inopposabilit\u00e9 du forfait jours. Ce raisonnement confirme une jurisprudence constante sur la sanction du non-respect des clauses protectrices. &#8220;En l\u2019esp\u00e8ce, les intim\u00e9s ne justifient ni d\u2019un contr\u00f4le de la charge de travail de salari\u00e9 ni la tenue d\u2019entretiens sp\u00e9cifiques.&#8221; (Cour d\u2019appel de Montpellier, le 5 mars 2025, n\u00b022\/01269) La port\u00e9e de cette solution est essentielle pour la protection de la sant\u00e9 des cadres.<\/p>\n<p>Les cons\u00e9quences de l\u2019inopposabilit\u00e9 du forfait<\/p>\n<p>La privation d\u2019effet de la clause ouvre droit au paiement d\u2019heures suppl\u00e9mentaires. Pour les caract\u00e9riser, la cour applique les principes de r\u00e9partition de la charge de la preuve. Elle rappelle que le salari\u00e9 doit pr\u00e9senter des \u00e9l\u00e9ments pr\u00e9cis sur les heures accomplies. Le salari\u00e9 a produit un d\u00e9compte r\u00e9capitulatif quotidien de ses horaires. Face \u00e0 l\u2019absence de justification contraire de l\u2019employeur, la cour retient l\u2019existence d\u2019heures suppl\u00e9mentaires non r\u00e9mun\u00e9r\u00e9es. Cette solution renforce l\u2019obligation de l\u2019employeur de mettre en place un syst\u00e8me de mesure du temps de travail. Elle assure une protection effective du salari\u00e9 lorsque l\u2019employeur fait d\u00e9faut.<\/p>\n<p>La qualification de travail dissimul\u00e9 et ses implications<\/p>\n<p>La caract\u00e9risation du d\u00e9lit de travail dissimul\u00e9<\/p>\n<p>La cour est saisie d\u2019une demande au titre du travail dissimul\u00e9 pour une p\u00e9riode d\u2019activit\u00e9 partielle. Elle rappelle le principe de suspension du contrat de travail durant ces p\u00e9riodes. Plusieurs \u00e9l\u00e9ments attestent que le salari\u00e9 a travaill\u00e9 durant des mois indemnis\u00e9s au titre du ch\u00f4mage partiel. Des t\u00e9moignages et un compte-rendu d\u2019activit\u00e9 client font \u00e9tat de journ\u00e9es de travail effectives. La cour en d\u00e9duit que l\u2019employeur ne pouvait ignorer cette activit\u00e9. Elle applique alors l\u2019article L 8221-5 du code du travail qui r\u00e9pute travail dissimul\u00e9 la mention intentionnelle d\u2019un nombre d\u2019heures inf\u00e9rieur \u00e0 la r\u00e9alit\u00e9. La d\u00e9cision qualifie ainsi le d\u00e9lit de dissimulation d\u2019emploi salari\u00e9.<\/p>\n<p>Les sanctions civiles d\u00e9coulant de la qualification<\/p>\n<p>La reconnaissance du travail dissimul\u00e9 entra\u00eene l\u2019allocation d\u2019une indemnit\u00e9 civile au salari\u00e9. La cour fixe cette indemnit\u00e9 \u00e0 six mois de salaire, sans discuter son montant au regard des pr\u00e9judices subis. Cette indemnit\u00e9 est fix\u00e9e au passif de la liquidation judiciaire, de m\u00eame que les autres cr\u00e9ances reconnues. La solution assure une r\u00e9paration forfaitaire mais certaine pour le salari\u00e9 victime de cette pratique illicite. Elle illustre la fonction punitive et dissuasive de l\u2019indemnit\u00e9 civile en mati\u00e8re de travail dissimul\u00e9, m\u00eame en contexte de d\u00e9faillance de l\u2019employeur.<\/p>\n<\/div>\n","protected":false},"excerpt":{"rendered":"<p>La Cour d\u2019appel de Paris, statuant le 5 mars 2025, a examin\u00e9 un litige n\u00e9 d\u2019une liquidation judiciaire. Un salari\u00e9 contestait l\u2019opposabilit\u00e9 d\u2019un forfait en &#8230;<\/p>\n","protected":false},"author":232070755,"featured_media":9624,"comment_status":"open","ping_status":"open","sticky":false,"template":"","format":"standard","meta":{"_crdt_document":"","_jetpack_newsletter_access":"","_jetpack_dont_email_post_to_subs":false,"_jetpack_newsletter_tier_id":0,"_jetpack_memberships_contains_paywalled_content":false,"_kj_source_type":"","_kj_official_id":"","_kj_official_url":"","_kj_judilibre_id":"","_kj_jur":"","_kj_lieu":"","_kj_chambre":"","_kj_rg":"","_kj_date":"","_jetpack_memberships_contains_paid_content":false,"footnotes":"","jetpack_post_was_ever_published":false},"categories":[7597],"tags":[],"class_list":["post-660941","post","type-post","status-publish","format-standard","has-post-thumbnail","hentry","category-jurisprudence"],"yoast_head":"<!-- This site is optimized with the Yoast SEO Premium plugin v27.5 (Yoast SEO v27.5) - https:\/\/yoast.com\/product\/yoast-seo-premium-wordpress\/ -->\n<title>Cour d&#039;appel de Paris, le 5 mars 2025, n\u00b023\/01355 - Ma\u00eetre Hassan Kohen, avocat en droit p\u00e9nal \u00e0 Paris<\/title>\n<meta name=\"description\" content=\"La Cour d\u2019appel de Paris, statuant le 5 mars 2025, a examin\u00e9 un litige n\u00e9 d\u2019une liquidation judiciaire. Un salari\u00e9 contestait l\u2019opposabilit\u00e9 d\u2019un forfait en ...\" \/>\n<meta name=\"robots\" content=\"index, follow, max-snippet:-1, max-image-preview:large, max-video-preview:-1\" \/>\n<link rel=\"canonical\" href=\"https:\/\/kohenavocats.com\/tr\/cour-dappel-de-paris-le-5-mars-2025-n23-01355\/\" \/>\n<meta property=\"og:locale\" content=\"tr_TR\" \/>\n<meta property=\"og:type\" content=\"article\" \/>\n<meta property=\"og:title\" content=\"Cour d&#039;appel de Paris, le 5 mars 2025, n\u00b023\/01355\" \/>\n<meta property=\"og:description\" content=\"La Cour d\u2019appel de Paris, statuant le 5 mars 2025, a examin\u00e9 un litige n\u00e9 d\u2019une liquidation judiciaire. Un salari\u00e9 contestait l\u2019opposabilit\u00e9 d\u2019un forfait en ...\" \/>\n<meta property=\"og:url\" content=\"https:\/\/kohenavocats.com\/tr\/cour-dappel-de-paris-le-5-mars-2025-n23-01355\/\" \/>\n<meta property=\"og:site_name\" content=\"Ma\u00eetre Hassan Kohen, avocat en droit p\u00e9nal \u00e0 Paris\" \/>\n<meta property=\"article:published_time\" content=\"2026-04-23T14:07:45+00:00\" \/>\n<meta property=\"og:image\" content=\"https:\/\/kohenavocats.com\/wp-content\/uploads\/2024\/11\/kevin-delval-JCjXLkyk6Kw-unsplash.webp\" \/>\n\t<meta property=\"og:image:width\" content=\"6000\" \/>\n\t<meta property=\"og:image:height\" content=\"4000\" \/>\n\t<meta property=\"og:image:type\" content=\"image\/webp\" \/>\n<meta name=\"author\" content=\"Kohen\" \/>\n<meta name=\"twitter:card\" content=\"summary_large_image\" \/>\n<meta name=\"twitter:label1\" content=\"Yazan:\" \/>\n\t<meta name=\"twitter:data1\" content=\"Kohen\" \/>\n\t<meta name=\"twitter:label2\" content=\"Tahmini okuma s\u00fcresi\" \/>\n\t<meta name=\"twitter:data2\" content=\"3 dakika\" \/>\n<script type=\"application\/ld+json\" class=\"yoast-schema-graph\">{\"@context\":\"https:\\\/\\\/schema.org\",\"@graph\":[{\"@type\":\"Article\",\"@id\":\"https:\\\/\\\/kohenavocats.com\\\/tr\\\/cour-dappel-de-paris-le-5-mars-2025-n23-01355\\\/#article\",\"isPartOf\":{\"@id\":\"https:\\\/\\\/kohenavocats.com\\\/tr\\\/cour-dappel-de-paris-le-5-mars-2025-n23-01355\\\/\"},\"author\":{\"name\":\"Kohen\",\"@id\":\"https:\\\/\\\/kohenavocats.com\\\/tr\\\/#\\\/schema\\\/person\\\/761c9ba54fa1ca84d405cef0831ff751\"},\"headline\":\"Cour d&#8217;appel de Paris, le 5 mars 2025, n\u00b023\\\/01355\",\"datePublished\":\"2026-04-23T14:07:45+00:00\",\"mainEntityOfPage\":{\"@id\":\"https:\\\/\\\/kohenavocats.com\\\/tr\\\/cour-dappel-de-paris-le-5-mars-2025-n23-01355\\\/\"},\"wordCount\":643,\"commentCount\":0,\"publisher\":{\"@id\":\"https:\\\/\\\/kohenavocats.com\\\/tr\\\/#organization\"},\"image\":{\"@id\":\"https:\\\/\\\/kohenavocats.com\\\/tr\\\/cour-dappel-de-paris-le-5-mars-2025-n23-01355\\\/#primaryimage\"},\"thumbnailUrl\":\"https:\\\/\\\/kohenavocats.com\\\/wp-content\\\/uploads\\\/2024\\\/11\\\/kevin-delval-JCjXLkyk6Kw-unsplash.webp\",\"articleSection\":[\"Jurisprudence\"],\"inLanguage\":\"tr\",\"potentialAction\":[{\"@type\":\"CommentAction\",\"name\":\"Comment\",\"target\":[\"https:\\\/\\\/kohenavocats.com\\\/tr\\\/cour-dappel-de-paris-le-5-mars-2025-n23-01355\\\/#respond\"]}],\"citation\":\"Cour d&#8217;appel de Paris, le 5 mars 2025, n\u00b023\\\/01355\",\"about\":[{\"@type\":\"Thing\",\"name\":\"Jurisprudence\"}],\"dateModified\":\"2026-04-23T14:07:45+00:00\",\"speakable\":{\"@type\":\"SpeakableSpecification\",\"cssSelector\":[\".article-content > p:first-of-type\"]}},{\"@type\":\"WebPage\",\"@id\":\"https:\\\/\\\/kohenavocats.com\\\/tr\\\/cour-dappel-de-paris-le-5-mars-2025-n23-01355\\\/\",\"url\":\"https:\\\/\\\/kohenavocats.com\\\/tr\\\/cour-dappel-de-paris-le-5-mars-2025-n23-01355\\\/\",\"name\":\"Cour d'appel de Paris, le 5 mars 2025, n\u00b023\\\/01355 - Ma\u00eetre Hassan Kohen, avocat en droit p\u00e9nal \u00e0 Paris\",\"isPartOf\":{\"@id\":\"https:\\\/\\\/kohenavocats.com\\\/tr\\\/#website\"},\"primaryImageOfPage\":{\"@id\":\"https:\\\/\\\/kohenavocats.com\\\/tr\\\/cour-dappel-de-paris-le-5-mars-2025-n23-01355\\\/#primaryimage\"},\"image\":{\"@id\":\"https:\\\/\\\/kohenavocats.com\\\/tr\\\/cour-dappel-de-paris-le-5-mars-2025-n23-01355\\\/#primaryimage\"},\"thumbnailUrl\":\"https:\\\/\\\/kohenavocats.com\\\/wp-content\\\/uploads\\\/2024\\\/11\\\/kevin-delval-JCjXLkyk6Kw-unsplash.webp\",\"datePublished\":\"2026-04-23T14:07:45+00:00\",\"description\":\"La Cour d\u2019appel de Paris, statuant le 5 mars 2025, a examin\u00e9 un litige n\u00e9 d\u2019une liquidation judiciaire. Un salari\u00e9 contestait l\u2019opposabilit\u00e9 d\u2019un forfait en ...\",\"breadcrumb\":{\"@id\":\"https:\\\/\\\/kohenavocats.com\\\/tr\\\/cour-dappel-de-paris-le-5-mars-2025-n23-01355\\\/#breadcrumb\"},\"inLanguage\":\"tr\",\"potentialAction\":[{\"@type\":\"ReadAction\",\"target\":[\"https:\\\/\\\/kohenavocats.com\\\/tr\\\/cour-dappel-de-paris-le-5-mars-2025-n23-01355\\\/\"]}]},{\"@type\":\"ImageObject\",\"inLanguage\":\"tr\",\"@id\":\"https:\\\/\\\/kohenavocats.com\\\/tr\\\/cour-dappel-de-paris-le-5-mars-2025-n23-01355\\\/#primaryimage\",\"url\":\"https:\\\/\\\/kohenavocats.com\\\/wp-content\\\/uploads\\\/2024\\\/11\\\/kevin-delval-JCjXLkyk6Kw-unsplash.webp\",\"contentUrl\":\"https:\\\/\\\/kohenavocats.com\\\/wp-content\\\/uploads\\\/2024\\\/11\\\/kevin-delval-JCjXLkyk6Kw-unsplash.webp\",\"width\":6000,\"height\":4000},{\"@type\":\"BreadcrumbList\",\"@id\":\"https:\\\/\\\/kohenavocats.com\\\/tr\\\/cour-dappel-de-paris-le-5-mars-2025-n23-01355\\\/#breadcrumb\",\"itemListElement\":[{\"@type\":\"ListItem\",\"position\":1,\"name\":\"Home\",\"item\":\"https:\\\/\\\/kohenavocats.com\\\/tr\\\/avocats-en-droit-penal-a-paris-conseil-et-defense-strategique\\\/\"},{\"@type\":\"ListItem\",\"position\":2,\"name\":\"Cour d&rsquo;appel de Paris, le 5 mars 2025, n\u00b023\\\/01355\"}]},{\"@type\":\"WebSite\",\"@id\":\"https:\\\/\\\/kohenavocats.com\\\/tr\\\/#website\",\"url\":\"https:\\\/\\\/kohenavocats.com\\\/tr\\\/\",\"name\":\"Kohen Avocats\",\"description\":\"Ma\u00eetre Hassan Kohen, avocat p\u00e9naliste \u00e0 Paris, intervient exclusivement en droit p\u00e9nal pour la d\u00e9fense des particuliers, notamment en mati\u00e8re d\u2019accusations de viol. Il assure un accompagnement rigoureux d\u00e8s la garde \u00e0 vue jusqu\u2019\u00e0 la Cour d\u2019assises, veillant au strict respect des garanties proc\u00e9durales.\",\"publisher\":{\"@id\":\"https:\\\/\\\/kohenavocats.com\\\/tr\\\/#organization\"},\"potentialAction\":[{\"@type\":\"SearchAction\",\"target\":{\"@type\":\"EntryPoint\",\"urlTemplate\":\"https:\\\/\\\/kohenavocats.com\\\/tr\\\/?s={search_term_string}\"},\"query-input\":{\"@type\":\"PropertyValueSpecification\",\"valueRequired\":true,\"valueName\":\"search_term_string\"}}],\"inLanguage\":\"tr\"},{\"@type\":\"Organization\",\"@id\":\"https:\\\/\\\/kohenavocats.com\\\/tr\\\/#organization\",\"name\":\"Kohen Avocats\",\"url\":\"https:\\\/\\\/kohenavocats.com\\\/tr\\\/\",\"logo\":{\"@type\":\"ImageObject\",\"inLanguage\":\"tr\",\"@id\":\"https:\\\/\\\/kohenavocats.com\\\/tr\\\/#\\\/schema\\\/logo\\\/image\\\/\",\"url\":\"https:\\\/\\\/kohenavocats.com\\\/wp-content\\\/uploads\\\/2026\\\/01\\\/Logo-2-1.webp\",\"contentUrl\":\"https:\\\/\\\/kohenavocats.com\\\/wp-content\\\/uploads\\\/2026\\\/01\\\/Logo-2-1.webp\",\"width\":2114,\"height\":1253,\"caption\":\"Kohen Avocats\"},\"image\":{\"@id\":\"https:\\\/\\\/kohenavocats.com\\\/tr\\\/#\\\/schema\\\/logo\\\/image\\\/\"}},{\"@type\":\"Person\",\"@id\":\"https:\\\/\\\/kohenavocats.com\\\/tr\\\/#\\\/schema\\\/person\\\/761c9ba54fa1ca84d405cef0831ff751\",\"name\":\"Kohen\",\"image\":{\"@type\":\"ImageObject\",\"inLanguage\":\"tr\",\"@id\":\"https:\\\/\\\/secure.gravatar.com\\\/avatar\\\/1c5e76ef76bbbfdd2b4da984e2bf2fa4056fd51a27d25ce2c332047f1dfd6e00?s=96&d=identicon&r=g\",\"url\":\"https:\\\/\\\/secure.gravatar.com\\\/avatar\\\/1c5e76ef76bbbfdd2b4da984e2bf2fa4056fd51a27d25ce2c332047f1dfd6e00?s=96&d=identicon&r=g\",\"contentUrl\":\"https:\\\/\\\/secure.gravatar.com\\\/avatar\\\/1c5e76ef76bbbfdd2b4da984e2bf2fa4056fd51a27d25ce2c332047f1dfd6e00?s=96&d=identicon&r=g\",\"caption\":\"Kohen\"},\"sameAs\":[\"https:\\\/\\\/www.linkedin.com\\\/in\\\/hassan-kohen-448548192\\\/\",\"https:\\\/\\\/www.youtube.com\\\/@Kohen-Avocats\"],\"url\":\"https:\\\/\\\/kohenavocats.com\\\/tr\\\/author\\\/kohenmlk\\\/\"}]}<\/script>\n<!-- \/ Yoast SEO Premium plugin. -->","yoast_head_json":{"title":"Cour d'appel de Paris, le 5 mars 2025, n\u00b023\/01355 - Ma\u00eetre Hassan Kohen, avocat en droit p\u00e9nal \u00e0 Paris","description":"La Cour d\u2019appel de Paris, statuant le 5 mars 2025, a examin\u00e9 un litige n\u00e9 d\u2019une liquidation judiciaire. Un salari\u00e9 contestait l\u2019opposabilit\u00e9 d\u2019un forfait en ...","robots":{"index":"index","follow":"follow","max-snippet":"max-snippet:-1","max-image-preview":"max-image-preview:large","max-video-preview":"max-video-preview:-1"},"canonical":"https:\/\/kohenavocats.com\/tr\/cour-dappel-de-paris-le-5-mars-2025-n23-01355\/","og_locale":"tr_TR","og_type":"article","og_title":"Cour d'appel de Paris, le 5 mars 2025, n\u00b023\/01355","og_description":"La Cour d\u2019appel de Paris, statuant le 5 mars 2025, a examin\u00e9 un litige n\u00e9 d\u2019une liquidation judiciaire. Un salari\u00e9 contestait l\u2019opposabilit\u00e9 d\u2019un forfait en ...","og_url":"https:\/\/kohenavocats.com\/tr\/cour-dappel-de-paris-le-5-mars-2025-n23-01355\/","og_site_name":"Ma\u00eetre Hassan Kohen, avocat en droit p\u00e9nal \u00e0 Paris","article_published_time":"2026-04-23T14:07:45+00:00","og_image":[{"width":6000,"height":4000,"url":"https:\/\/kohenavocats.com\/wp-content\/uploads\/2024\/11\/kevin-delval-JCjXLkyk6Kw-unsplash.webp","type":"image\/webp"}],"author":"Kohen","twitter_card":"summary_large_image","twitter_misc":{"Yazan:":"Kohen","Tahmini okuma s\u00fcresi":"3 dakika"},"schema":{"@context":"https:\/\/schema.org","@graph":[{"@type":"Article","@id":"https:\/\/kohenavocats.com\/tr\/cour-dappel-de-paris-le-5-mars-2025-n23-01355\/#article","isPartOf":{"@id":"https:\/\/kohenavocats.com\/tr\/cour-dappel-de-paris-le-5-mars-2025-n23-01355\/"},"author":{"name":"Kohen","@id":"https:\/\/kohenavocats.com\/tr\/#\/schema\/person\/761c9ba54fa1ca84d405cef0831ff751"},"headline":"Cour d&#8217;appel de Paris, le 5 mars 2025, n\u00b023\/01355","datePublished":"2026-04-23T14:07:45+00:00","mainEntityOfPage":{"@id":"https:\/\/kohenavocats.com\/tr\/cour-dappel-de-paris-le-5-mars-2025-n23-01355\/"},"wordCount":643,"commentCount":0,"publisher":{"@id":"https:\/\/kohenavocats.com\/tr\/#organization"},"image":{"@id":"https:\/\/kohenavocats.com\/tr\/cour-dappel-de-paris-le-5-mars-2025-n23-01355\/#primaryimage"},"thumbnailUrl":"https:\/\/kohenavocats.com\/wp-content\/uploads\/2024\/11\/kevin-delval-JCjXLkyk6Kw-unsplash.webp","articleSection":["Jurisprudence"],"inLanguage":"tr","potentialAction":[{"@type":"CommentAction","name":"Comment","target":["https:\/\/kohenavocats.com\/tr\/cour-dappel-de-paris-le-5-mars-2025-n23-01355\/#respond"]}],"citation":"Cour d&#8217;appel de Paris, le 5 mars 2025, n\u00b023\/01355","about":[{"@type":"Thing","name":"Jurisprudence"}],"dateModified":"2026-04-23T14:07:45+00:00","speakable":{"@type":"SpeakableSpecification","cssSelector":[".article-content > p:first-of-type"]}},{"@type":"WebPage","@id":"https:\/\/kohenavocats.com\/tr\/cour-dappel-de-paris-le-5-mars-2025-n23-01355\/","url":"https:\/\/kohenavocats.com\/tr\/cour-dappel-de-paris-le-5-mars-2025-n23-01355\/","name":"Cour d'appel de Paris, le 5 mars 2025, n\u00b023\/01355 - Ma\u00eetre Hassan Kohen, avocat en droit p\u00e9nal \u00e0 Paris","isPartOf":{"@id":"https:\/\/kohenavocats.com\/tr\/#website"},"primaryImageOfPage":{"@id":"https:\/\/kohenavocats.com\/tr\/cour-dappel-de-paris-le-5-mars-2025-n23-01355\/#primaryimage"},"image":{"@id":"https:\/\/kohenavocats.com\/tr\/cour-dappel-de-paris-le-5-mars-2025-n23-01355\/#primaryimage"},"thumbnailUrl":"https:\/\/kohenavocats.com\/wp-content\/uploads\/2024\/11\/kevin-delval-JCjXLkyk6Kw-unsplash.webp","datePublished":"2026-04-23T14:07:45+00:00","description":"La Cour d\u2019appel de Paris, statuant le 5 mars 2025, a examin\u00e9 un litige n\u00e9 d\u2019une liquidation judiciaire. Un salari\u00e9 contestait l\u2019opposabilit\u00e9 d\u2019un forfait en ...","breadcrumb":{"@id":"https:\/\/kohenavocats.com\/tr\/cour-dappel-de-paris-le-5-mars-2025-n23-01355\/#breadcrumb"},"inLanguage":"tr","potentialAction":[{"@type":"ReadAction","target":["https:\/\/kohenavocats.com\/tr\/cour-dappel-de-paris-le-5-mars-2025-n23-01355\/"]}]},{"@type":"ImageObject","inLanguage":"tr","@id":"https:\/\/kohenavocats.com\/tr\/cour-dappel-de-paris-le-5-mars-2025-n23-01355\/#primaryimage","url":"https:\/\/kohenavocats.com\/wp-content\/uploads\/2024\/11\/kevin-delval-JCjXLkyk6Kw-unsplash.webp","contentUrl":"https:\/\/kohenavocats.com\/wp-content\/uploads\/2024\/11\/kevin-delval-JCjXLkyk6Kw-unsplash.webp","width":6000,"height":4000},{"@type":"BreadcrumbList","@id":"https:\/\/kohenavocats.com\/tr\/cour-dappel-de-paris-le-5-mars-2025-n23-01355\/#breadcrumb","itemListElement":[{"@type":"ListItem","position":1,"name":"Home","item":"https:\/\/kohenavocats.com\/tr\/avocats-en-droit-penal-a-paris-conseil-et-defense-strategique\/"},{"@type":"ListItem","position":2,"name":"Cour d&rsquo;appel de Paris, le 5 mars 2025, n\u00b023\/01355"}]},{"@type":"WebSite","@id":"https:\/\/kohenavocats.com\/tr\/#website","url":"https:\/\/kohenavocats.com\/tr\/","name":"Kohen Avocats","description":"Ma\u00eetre Hassan Kohen, avocat p\u00e9naliste \u00e0 Paris, intervient exclusivement en droit p\u00e9nal pour la d\u00e9fense des particuliers, notamment en mati\u00e8re d\u2019accusations de viol. Il assure un accompagnement rigoureux d\u00e8s la garde \u00e0 vue jusqu\u2019\u00e0 la Cour d\u2019assises, veillant au strict respect des garanties proc\u00e9durales.","publisher":{"@id":"https:\/\/kohenavocats.com\/tr\/#organization"},"potentialAction":[{"@type":"SearchAction","target":{"@type":"EntryPoint","urlTemplate":"https:\/\/kohenavocats.com\/tr\/?s={search_term_string}"},"query-input":{"@type":"PropertyValueSpecification","valueRequired":true,"valueName":"search_term_string"}}],"inLanguage":"tr"},{"@type":"Organization","@id":"https:\/\/kohenavocats.com\/tr\/#organization","name":"Kohen Avocats","url":"https:\/\/kohenavocats.com\/tr\/","logo":{"@type":"ImageObject","inLanguage":"tr","@id":"https:\/\/kohenavocats.com\/tr\/#\/schema\/logo\/image\/","url":"https:\/\/kohenavocats.com\/wp-content\/uploads\/2026\/01\/Logo-2-1.webp","contentUrl":"https:\/\/kohenavocats.com\/wp-content\/uploads\/2026\/01\/Logo-2-1.webp","width":2114,"height":1253,"caption":"Kohen Avocats"},"image":{"@id":"https:\/\/kohenavocats.com\/tr\/#\/schema\/logo\/image\/"}},{"@type":"Person","@id":"https:\/\/kohenavocats.com\/tr\/#\/schema\/person\/761c9ba54fa1ca84d405cef0831ff751","name":"Kohen","image":{"@type":"ImageObject","inLanguage":"tr","@id":"https:\/\/secure.gravatar.com\/avatar\/1c5e76ef76bbbfdd2b4da984e2bf2fa4056fd51a27d25ce2c332047f1dfd6e00?s=96&d=identicon&r=g","url":"https:\/\/secure.gravatar.com\/avatar\/1c5e76ef76bbbfdd2b4da984e2bf2fa4056fd51a27d25ce2c332047f1dfd6e00?s=96&d=identicon&r=g","contentUrl":"https:\/\/secure.gravatar.com\/avatar\/1c5e76ef76bbbfdd2b4da984e2bf2fa4056fd51a27d25ce2c332047f1dfd6e00?s=96&d=identicon&r=g","caption":"Kohen"},"sameAs":["https:\/\/www.linkedin.com\/in\/hassan-kohen-448548192\/","https:\/\/www.youtube.com\/@Kohen-Avocats"],"url":"https:\/\/kohenavocats.com\/tr\/author\/kohenmlk\/"}]}},"jetpack_featured_media_url":"https:\/\/kohenavocats.com\/wp-content\/uploads\/2024\/11\/kevin-delval-JCjXLkyk6Kw-unsplash.webp","jetpack_likes_enabled":false,"jetpack_shortlink":"https:\/\/wp.me\/peCrII-2LWl","jetpack-related-posts":[{"id":735899,"url":"https:\/\/kohenavocats.com\/tr\/cour-dappel-de-la-reunion-le-29-janvier-2026-n23-00903\/","url_meta":{"origin":660941,"position":0},"title":"Cour d&#8217;appel de la R\u00e9union, le 29 janvier 2026, n\u00b023\/00903","author":"Kohen","date":"28 Nisan 2026","format":false,"excerpt":"La cour d\u2019appel de Saint-Denis de la R\u00e9union, dans son arr\u00eat du 29 janvier 2026, a infirm\u00e9 le jugement prud\u2019homal sur la classification, le harc\u00e8lement...","rel":"","context":"&quot;Cour d'appel&quot; i\u00e7inde","block_context":{"text":"Cour d'appel","link":"https:\/\/kohenavocats.com\/category\/cour-dappel\/"},"img":{"alt_text":"","src":"https:\/\/i0.wp.com\/kohenavocats.com\/wp-content\/uploads\/2024\/11\/osarugue-igbinoba-GtkcrFqc5hE-unsplash.webp?resize=350%2C200&ssl=1","width":350,"height":200,"srcset":"https:\/\/i0.wp.com\/kohenavocats.com\/wp-content\/uploads\/2024\/11\/osarugue-igbinoba-GtkcrFqc5hE-unsplash.webp?resize=350%2C200&ssl=1 1x, https:\/\/i0.wp.com\/kohenavocats.com\/wp-content\/uploads\/2024\/11\/osarugue-igbinoba-GtkcrFqc5hE-unsplash.webp?resize=525%2C300&ssl=1 1.5x, https:\/\/i0.wp.com\/kohenavocats.com\/wp-content\/uploads\/2024\/11\/osarugue-igbinoba-GtkcrFqc5hE-unsplash.webp?resize=700%2C400&ssl=1 2x, https:\/\/i0.wp.com\/kohenavocats.com\/wp-content\/uploads\/2024\/11\/osarugue-igbinoba-GtkcrFqc5hE-unsplash.webp?resize=1050%2C600&ssl=1 3x, https:\/\/i0.wp.com\/kohenavocats.com\/wp-content\/uploads\/2024\/11\/osarugue-igbinoba-GtkcrFqc5hE-unsplash.webp?resize=1400%2C800&ssl=1 4x"},"classes":[]},{"id":735903,"url":"https:\/\/kohenavocats.com\/tr\/cour-dappel-de-rouen-le-29-janvier-2026-n25-02209\/","url_meta":{"origin":660941,"position":1},"title":"Cour d&#8217;appel de Rouen, le 29 janvier 2026, n\u00b025\/02209","author":"Kohen","date":"28 Nisan 2026","format":false,"excerpt":"La cour d\u2019appel de Rouen, dans un arr\u00eat du 29 janvier 2026, \u00e9tait saisie d\u2019un litige prud\u2019homal portant sur le maintien de salaire et les droits...","rel":"","context":"&quot;Cour d'appel&quot; i\u00e7inde","block_context":{"text":"Cour d'appel","link":"https:\/\/kohenavocats.com\/category\/cour-dappel\/"},"img":{"alt_text":"","src":"https:\/\/i0.wp.com\/kohenavocats.com\/wp-content\/uploads\/2024\/11\/anita-austvika-0feDabnRz58-unsplash.webp?resize=350%2C200&ssl=1","width":350,"height":200,"srcset":"https:\/\/i0.wp.com\/kohenavocats.com\/wp-content\/uploads\/2024\/11\/anita-austvika-0feDabnRz58-unsplash.webp?resize=350%2C200&ssl=1 1x, https:\/\/i0.wp.com\/kohenavocats.com\/wp-content\/uploads\/2024\/11\/anita-austvika-0feDabnRz58-unsplash.webp?resize=525%2C300&ssl=1 1.5x, https:\/\/i0.wp.com\/kohenavocats.com\/wp-content\/uploads\/2024\/11\/anita-austvika-0feDabnRz58-unsplash.webp?resize=700%2C400&ssl=1 2x, https:\/\/i0.wp.com\/kohenavocats.com\/wp-content\/uploads\/2024\/11\/anita-austvika-0feDabnRz58-unsplash.webp?resize=1050%2C600&ssl=1 3x, https:\/\/i0.wp.com\/kohenavocats.com\/wp-content\/uploads\/2024\/11\/anita-austvika-0feDabnRz58-unsplash.webp?resize=1400%2C800&ssl=1 4x"},"classes":[]},{"id":736303,"url":"https:\/\/kohenavocats.com\/tr\/cour-dappel-de-paris-le-29-janvier-2026-n23-00421\/","url_meta":{"origin":660941,"position":2},"title":"Cour d&#8217;appel de Paris, le 29 janvier 2026, n\u00b023\/00421","author":"Kohen","date":"28 Nisan 2026","format":false,"excerpt":"La cour d'appel de Paris, dans son arr\u00eat du 29 janvier 2026, a examin\u00e9 le licenciement pour faute lourde d'un directeur d'h\u00f4tel. Le salari\u00e9, plac\u00e9 en...","rel":"","context":"&quot;Cour d'appel&quot; i\u00e7inde","block_context":{"text":"Cour d'appel","link":"https:\/\/kohenavocats.com\/category\/cour-dappel\/"},"img":{"alt_text":"","src":"https:\/\/i0.wp.com\/kohenavocats.com\/wp-content\/uploads\/2024\/07\/prateek-katyal-_YzGQvASeMk-unsplash.webp?resize=350%2C200&ssl=1","width":350,"height":200,"srcset":"https:\/\/i0.wp.com\/kohenavocats.com\/wp-content\/uploads\/2024\/07\/prateek-katyal-_YzGQvASeMk-unsplash.webp?resize=350%2C200&ssl=1 1x, https:\/\/i0.wp.com\/kohenavocats.com\/wp-content\/uploads\/2024\/07\/prateek-katyal-_YzGQvASeMk-unsplash.webp?resize=525%2C300&ssl=1 1.5x, https:\/\/i0.wp.com\/kohenavocats.com\/wp-content\/uploads\/2024\/07\/prateek-katyal-_YzGQvASeMk-unsplash.webp?resize=700%2C400&ssl=1 2x, https:\/\/i0.wp.com\/kohenavocats.com\/wp-content\/uploads\/2024\/07\/prateek-katyal-_YzGQvASeMk-unsplash.webp?resize=1050%2C600&ssl=1 3x, https:\/\/i0.wp.com\/kohenavocats.com\/wp-content\/uploads\/2024\/07\/prateek-katyal-_YzGQvASeMk-unsplash.webp?resize=1400%2C800&ssl=1 4x"},"classes":[]},{"id":736175,"url":"https:\/\/kohenavocats.com\/tr\/cour-dappel-de-aix-en-provence-le-29-janvier-2026-n24-05139\/","url_meta":{"origin":660941,"position":3},"title":"Cour d&#8217;appel de Aix-en-Provence, le 29 janvier 2026, n\u00b024\/05139","author":"Kohen","date":"28 Nisan 2026","format":false,"excerpt":"L\u2019arr\u00eat rendu par la cour d\u2019appel d\u2019Aix-en-Provence le 29 janvier 2026 infirme l\u2019ordonnance de r\u00e9f\u00e9r\u00e9 prud\u2019homal et rejette les demandes de rappels de salaire.","rel":"","context":"&quot;Jurisprudence&quot; i\u00e7inde","block_context":{"text":"Jurisprudence","link":"https:\/\/kohenavocats.com\/category\/jurisprudence\/"},"img":{"alt_text":"","src":"https:\/\/i0.wp.com\/kohenavocats.com\/wp-content\/uploads\/2024\/08\/capricorn-song-nHiROCMVloE-unsplash.webp?resize=350%2C200&ssl=1","width":350,"height":200,"srcset":"https:\/\/i0.wp.com\/kohenavocats.com\/wp-content\/uploads\/2024\/08\/capricorn-song-nHiROCMVloE-unsplash.webp?resize=350%2C200&ssl=1 1x, https:\/\/i0.wp.com\/kohenavocats.com\/wp-content\/uploads\/2024\/08\/capricorn-song-nHiROCMVloE-unsplash.webp?resize=525%2C300&ssl=1 1.5x, https:\/\/i0.wp.com\/kohenavocats.com\/wp-content\/uploads\/2024\/08\/capricorn-song-nHiROCMVloE-unsplash.webp?resize=700%2C400&ssl=1 2x, https:\/\/i0.wp.com\/kohenavocats.com\/wp-content\/uploads\/2024\/08\/capricorn-song-nHiROCMVloE-unsplash.webp?resize=1050%2C600&ssl=1 3x, https:\/\/i0.wp.com\/kohenavocats.com\/wp-content\/uploads\/2024\/08\/capricorn-song-nHiROCMVloE-unsplash.webp?resize=1400%2C800&ssl=1 4x"},"classes":[]},{"id":735985,"url":"https:\/\/kohenavocats.com\/tr\/cour-dappel-de-saint-denis-le-29-janvier-2026-n24-00978\/","url_meta":{"origin":660941,"position":4},"title":"Cour d&#8217;appel de Saint-Denis, le 29 janvier 2026, n\u00b024\/00978","author":"Kohen","date":"28 Nisan 2026","format":false,"excerpt":"La cour d'appel de Saint-Denis, dans un arr\u00eat du 29 janvier 2026, s'est prononc\u00e9e sur la rupture et l'ex\u00e9cution d'un contrat de chantier. Un salari\u00e9 engag\u00e9 c...","rel":"","context":"&quot;Jurisprudence&quot; i\u00e7inde","block_context":{"text":"Jurisprudence","link":"https:\/\/kohenavocats.com\/category\/jurisprudence\/"},"img":{"alt_text":"","src":"https:\/\/i0.wp.com\/kohenavocats.com\/wp-content\/uploads\/2024\/11\/mohamed-nohassi-eDW8N5peT58-unsplash.webp?resize=350%2C200&ssl=1","width":350,"height":200,"srcset":"https:\/\/i0.wp.com\/kohenavocats.com\/wp-content\/uploads\/2024\/11\/mohamed-nohassi-eDW8N5peT58-unsplash.webp?resize=350%2C200&ssl=1 1x, https:\/\/i0.wp.com\/kohenavocats.com\/wp-content\/uploads\/2024\/11\/mohamed-nohassi-eDW8N5peT58-unsplash.webp?resize=525%2C300&ssl=1 1.5x, https:\/\/i0.wp.com\/kohenavocats.com\/wp-content\/uploads\/2024\/11\/mohamed-nohassi-eDW8N5peT58-unsplash.webp?resize=700%2C400&ssl=1 2x, https:\/\/i0.wp.com\/kohenavocats.com\/wp-content\/uploads\/2024\/11\/mohamed-nohassi-eDW8N5peT58-unsplash.webp?resize=1050%2C600&ssl=1 3x, https:\/\/i0.wp.com\/kohenavocats.com\/wp-content\/uploads\/2024\/11\/mohamed-nohassi-eDW8N5peT58-unsplash.webp?resize=1400%2C800&ssl=1 4x"},"classes":[]},{"id":736295,"url":"https:\/\/kohenavocats.com\/tr\/cour-dappel-de-pau-le-29-janvier-2026-n23-03317\/","url_meta":{"origin":660941,"position":5},"title":"Cour d&#8217;appel de Pau, le 29 janvier 2026, n\u00b023\/03317","author":"Kohen","date":"28 Nisan 2026","format":false,"excerpt":"L'arr\u00eat rendu par la chambre sociale de la cour d'appel de Pau le 29 janvier 2026 porte sur les demandes salariales et indemnitaires d'une salari\u00e9e...","rel":"","context":"&quot;Cour d'appel&quot; i\u00e7inde","block_context":{"text":"Cour d'appel","link":"https:\/\/kohenavocats.com\/category\/cour-dappel\/"},"img":{"alt_text":"","src":"https:\/\/i0.wp.com\/kohenavocats.com\/wp-content\/uploads\/2024\/08\/jacob-diehl-P_iWOHWnawg-unsplash.webp?resize=350%2C200&ssl=1","width":350,"height":200,"srcset":"https:\/\/i0.wp.com\/kohenavocats.com\/wp-content\/uploads\/2024\/08\/jacob-diehl-P_iWOHWnawg-unsplash.webp?resize=350%2C200&ssl=1 1x, https:\/\/i0.wp.com\/kohenavocats.com\/wp-content\/uploads\/2024\/08\/jacob-diehl-P_iWOHWnawg-unsplash.webp?resize=525%2C300&ssl=1 1.5x, https:\/\/i0.wp.com\/kohenavocats.com\/wp-content\/uploads\/2024\/08\/jacob-diehl-P_iWOHWnawg-unsplash.webp?resize=700%2C400&ssl=1 2x, https:\/\/i0.wp.com\/kohenavocats.com\/wp-content\/uploads\/2024\/08\/jacob-diehl-P_iWOHWnawg-unsplash.webp?resize=1050%2C600&ssl=1 3x, https:\/\/i0.wp.com\/kohenavocats.com\/wp-content\/uploads\/2024\/08\/jacob-diehl-P_iWOHWnawg-unsplash.webp?resize=1400%2C800&ssl=1 4x"},"classes":[]}],"jetpack_sharing_enabled":true,"_links":{"self":[{"href":"https:\/\/kohenavocats.com\/tr\/wp-json\/wp\/v2\/posts\/660941","targetHints":{"allow":["GET"]}}],"collection":[{"href":"https:\/\/kohenavocats.com\/tr\/wp-json\/wp\/v2\/posts"}],"about":[{"href":"https:\/\/kohenavocats.com\/tr\/wp-json\/wp\/v2\/types\/post"}],"author":[{"embeddable":true,"href":"https:\/\/kohenavocats.com\/tr\/wp-json\/wp\/v2\/users\/232070755"}],"replies":[{"embeddable":true,"href":"https:\/\/kohenavocats.com\/tr\/wp-json\/wp\/v2\/comments?post=660941"}],"version-history":[{"count":0,"href":"https:\/\/kohenavocats.com\/tr\/wp-json\/wp\/v2\/posts\/660941\/revisions"}],"wp:featuredmedia":[{"embeddable":true,"href":"https:\/\/kohenavocats.com\/tr\/wp-json\/wp\/v2\/media\/9624"}],"wp:attachment":[{"href":"https:\/\/kohenavocats.com\/tr\/wp-json\/wp\/v2\/media?parent=660941"}],"wp:term":[{"taxonomy":"category","embeddable":true,"href":"https:\/\/kohenavocats.com\/tr\/wp-json\/wp\/v2\/categories?post=660941"},{"taxonomy":"post_tag","embeddable":true,"href":"https:\/\/kohenavocats.com\/tr\/wp-json\/wp\/v2\/tags?post=660941"}],"curies":[{"name":"wp","href":"https:\/\/api.w.org\/{rel}","templated":true}]}}