{"id":660943,"date":"2026-04-23T16:07:50","date_gmt":"2026-04-23T14:07:50","guid":{"rendered":"https:\/\/kohenavocats.com\/cour-dappel-de-orleans-le-28-janvier-2026-n24-00069\/"},"modified":"2026-04-23T16:07:50","modified_gmt":"2026-04-23T14:07:50","slug":"cour-dappel-de-orleans-le-28-janvier-2026-n24-00069","status":"publish","type":"post","link":"https:\/\/kohenavocats.com\/tr\/cour-dappel-de-orleans-le-28-janvier-2026-n24-00069\/","title":{"rendered":"Cour d&#8217;appel de Orl\u00e9ans, le 28 janvier 2026, n\u00b024\/00069"},"content":{"rendered":"<div class=\"article-content\">\n<p>La Cour d&#8217;appel d&#8217;Orl\u00e9ans, statuant le 28 janvier 2026, a examin\u00e9 le licenciement pour insuffisance professionnelle d&#8217;un ing\u00e9nieur commercial. Apr\u00e8s plus de vingt ans d&#8217;anciennet\u00e9, l&#8217;employeur lui reprochait divers manquements dans l&#8217;exercice de ses fonctions. La cour a infirm\u00e9 le jugement des prud&#8217;hommes pour statuer sur la cause r\u00e9elle et s\u00e9rieuse du licenciement et sur d&#8217;autres demandes du salari\u00e9. Elle a finalement annul\u00e9 le licenciement pour absence de cause r\u00e9elle et s\u00e9rieuse et condamn\u00e9 l&#8217;employeur \u00e0 diverses indemnit\u00e9s.<\/p>\n<p>L&#8217;exigence d&#8217;une d\u00e9monstration probante de l&#8217;insuffisance professionnelle<\/p>\n<p>La cour a m\u00e9thodiquement rejet\u00e9 chacun des griefs avanc\u00e9s par l&#8217;employeur pour justifier le licenciement. Elle a rappel\u00e9 que la caract\u00e9risation d&#8217;une insuffisance professionnelle exige des preuves solides et objectives. Elle a ainsi \u00e9cart\u00e9 les reproches fond\u00e9s sur une simple comparaison avec les r\u00e9sultats d&#8217;autres membres de l&#8217;\u00e9quipe. &#8220;La comparaison op\u00e9r\u00e9e par l&#8217;employeur avec les autres membres de l&#8217;\u00e9quipe n&#8217;est pas probante, celui-ci ne d\u00e9montrant pas que les coll\u00e8gues concern\u00e9s exer\u00e7aient dans des conditions similaires&#8221; (Sur le constat tenant \u00e0 une activit\u00e9 inefficace du salari\u00e9). La port\u00e9e de ce point est essentielle pour encadrer le pouvoir de contr\u00f4le de l&#8217;employeur. Il ne peut se fonder sur des appr\u00e9ciations subjectives ou des comparaisons biais\u00e9es pour \u00e9tablir une insuffisance. La valeur de cette analyse rejoint une jurisprudence constante exigeant que l&#8217;employeur d\u00e9montre concr\u00e8tement les manquements. &#8220;Les \u00e9l\u00e9ments vers\u00e9s aux d\u00e9bats (&#8230;) ne permettent pas d&#8217;\u00e9tablir l&#8217;insuffisance professionnelle reproch\u00e9e au salari\u00e9&#8221; (Cour d&#8217;appel de Lyon, le 28 janvier 2026, n\u00b022\/08203). L&#8217;employeur doit ainsi prouver que les objectifs \u00e9taient r\u00e9alistes et les moyens fournis.<\/p>\n<p>L&#8217;appr\u00e9ciation stricte des moyens de d\u00e9fense et des obligations de l&#8217;employeur<\/p>\n<p>La cour a op\u00e9r\u00e9 une distinction nette entre les manquements ponctuels et une insuffisance professionnelle caract\u00e9ris\u00e9e. Elle a reconnu certains faits, comme le d\u00e9faut de transmission de comptes rendus, mais les a jug\u00e9s isol\u00e9s. &#8220;Ce manquement demeure isol\u00e9 au regard de l&#8217;ensemble de sa carri\u00e8re&#8221; (Sur le constat du mauvais suivi des clients). Le sens de cette analyse est de pr\u00e9venir la transformation d&#8217;\u00e9carts mineurs en cause de licenciement. Par ailleurs, la cour a requalifi\u00e9 certains agissements reproch\u00e9s en fautes disciplinaires, soumises \u00e0 la prescription de deux mois. &#8220;Les faits d\u00e9nonc\u00e9s par l&#8217;employeur s&#8217;apparentent \u00e0 des agissements d\u00e9lib\u00e9r\u00e9s susceptibles d&#8217;\u00eatre qualifi\u00e9s de faute&#8221; (Sur les man\u0153uvres commerciales qui discr\u00e9ditent la soci\u00e9t\u00e9). La port\u00e9e de cette requalification prot\u00e8ge le salari\u00e9 contre l&#8217;usage tardif de griefs anciens. Enfin, la cour a sanctionn\u00e9 le manquement de l&#8217;employeur \u00e0 son obligation de formation. Elle a relev\u00e9 l&#8217;absence d&#8217;accompagnement effectif et de formations cibl\u00e9es. &#8220;La seule existence de plans d&#8217;action formalis\u00e9s, non suivis d&#8217;un accompagnement effectif, ne saurait suffire&#8221; (Sur le manquement de l&#8217;employeur en mati\u00e8re de formation). La valeur de cette condamnation rappelle que l&#8217;obligation de formation est une charge proactive incombant \u00e0 l&#8217;employeur.<\/p>\n<\/div>\n","protected":false},"excerpt":{"rendered":"<p>La Cour d&#8217;appel d&#8217;Orl\u00e9ans, statuant le 28 janvier 2026, a examin\u00e9 le licenciement pour insuffisance professionnelle d&#8217;un ing\u00e9nieur commercial. Apr\u00e8s plus de &#8230;<\/p>\n","protected":false},"author":232070755,"featured_media":9655,"comment_status":"open","ping_status":"open","sticky":false,"template":"","format":"standard","meta":{"_crdt_document":"","_jetpack_newsletter_access":"","_jetpack_dont_email_post_to_subs":false,"_jetpack_newsletter_tier_id":0,"_jetpack_memberships_contains_paywalled_content":false,"_kj_source_type":"","_kj_official_id":"","_kj_official_url":"","_kj_judilibre_id":"","_kj_jur":"","_kj_lieu":"","_kj_chambre":"","_kj_rg":"","_kj_date":"","_jetpack_memberships_contains_paid_content":false,"footnotes":"","jetpack_post_was_ever_published":false},"categories":[7597],"tags":[],"class_list":["post-660943","post","type-post","status-publish","format-standard","has-post-thumbnail","hentry","category-jurisprudence"],"yoast_head":"<!-- This site is optimized with the Yoast SEO Premium plugin v27.5 (Yoast SEO v27.5) - https:\/\/yoast.com\/product\/yoast-seo-premium-wordpress\/ -->\n<title>Cour d&#039;appel de Orl\u00e9ans, le 28 janvier 2026, n\u00b024\/00069 - Ma\u00eetre Hassan Kohen, avocat en droit p\u00e9nal \u00e0 Paris<\/title>\n<meta name=\"description\" content=\"La Cour d&#039;appel d&#039;Orl\u00e9ans, statuant le 28 janvier 2026, a examin\u00e9 le licenciement pour insuffisance professionnelle d&#039;un ing\u00e9nieur commercial. Apr\u00e8s plus de ...\" \/>\n<meta name=\"robots\" content=\"index, follow, max-snippet:-1, max-image-preview:large, max-video-preview:-1\" \/>\n<link rel=\"canonical\" href=\"https:\/\/kohenavocats.com\/tr\/cour-dappel-de-orleans-le-28-janvier-2026-n24-00069\/\" \/>\n<meta property=\"og:locale\" content=\"tr_TR\" \/>\n<meta property=\"og:type\" content=\"article\" \/>\n<meta property=\"og:title\" content=\"Cour d&#039;appel de Orl\u00e9ans, le 28 janvier 2026, n\u00b024\/00069\" \/>\n<meta property=\"og:description\" content=\"La Cour d&#039;appel d&#039;Orl\u00e9ans, statuant le 28 janvier 2026, a examin\u00e9 le licenciement pour insuffisance professionnelle d&#039;un ing\u00e9nieur commercial. Apr\u00e8s plus de ...\" \/>\n<meta property=\"og:url\" content=\"https:\/\/kohenavocats.com\/tr\/cour-dappel-de-orleans-le-28-janvier-2026-n24-00069\/\" \/>\n<meta property=\"og:site_name\" content=\"Ma\u00eetre Hassan Kohen, avocat en droit p\u00e9nal \u00e0 Paris\" \/>\n<meta property=\"article:published_time\" content=\"2026-04-23T14:07:50+00:00\" \/>\n<meta property=\"og:image\" content=\"https:\/\/kohenavocats.com\/wp-content\/uploads\/2024\/11\/umpholphat-dangam-le9eON7OAXo-unsplash.webp\" \/>\n\t<meta property=\"og:image:width\" content=\"2888\" \/>\n\t<meta property=\"og:image:height\" content=\"4332\" \/>\n\t<meta property=\"og:image:type\" content=\"image\/webp\" \/>\n<meta name=\"author\" content=\"Kohen\" \/>\n<meta name=\"twitter:card\" content=\"summary_large_image\" \/>\n<meta name=\"twitter:label1\" content=\"Yazan:\" \/>\n\t<meta name=\"twitter:data1\" content=\"Kohen\" \/>\n\t<meta name=\"twitter:label2\" content=\"Tahmini okuma s\u00fcresi\" \/>\n\t<meta name=\"twitter:data2\" content=\"3 dakika\" \/>\n<script type=\"application\/ld+json\" class=\"yoast-schema-graph\">{\"@context\":\"https:\\\/\\\/schema.org\",\"@graph\":[{\"@type\":\"Article\",\"@id\":\"https:\\\/\\\/kohenavocats.com\\\/tr\\\/cour-dappel-de-orleans-le-28-janvier-2026-n24-00069\\\/#article\",\"isPartOf\":{\"@id\":\"https:\\\/\\\/kohenavocats.com\\\/tr\\\/cour-dappel-de-orleans-le-28-janvier-2026-n24-00069\\\/\"},\"author\":{\"name\":\"Kohen\",\"@id\":\"https:\\\/\\\/kohenavocats.com\\\/tr\\\/#\\\/schema\\\/person\\\/761c9ba54fa1ca84d405cef0831ff751\"},\"headline\":\"Cour d&#8217;appel de Orl\u00e9ans, le 28 janvier 2026, n\u00b024\\\/00069\",\"datePublished\":\"2026-04-23T14:07:50+00:00\",\"mainEntityOfPage\":{\"@id\":\"https:\\\/\\\/kohenavocats.com\\\/tr\\\/cour-dappel-de-orleans-le-28-janvier-2026-n24-00069\\\/\"},\"wordCount\":551,\"commentCount\":0,\"publisher\":{\"@id\":\"https:\\\/\\\/kohenavocats.com\\\/tr\\\/#organization\"},\"image\":{\"@id\":\"https:\\\/\\\/kohenavocats.com\\\/tr\\\/cour-dappel-de-orleans-le-28-janvier-2026-n24-00069\\\/#primaryimage\"},\"thumbnailUrl\":\"https:\\\/\\\/kohenavocats.com\\\/wp-content\\\/uploads\\\/2024\\\/11\\\/umpholphat-dangam-le9eON7OAXo-unsplash.webp\",\"articleSection\":[\"Jurisprudence\"],\"inLanguage\":\"tr\",\"potentialAction\":[{\"@type\":\"CommentAction\",\"name\":\"Comment\",\"target\":[\"https:\\\/\\\/kohenavocats.com\\\/tr\\\/cour-dappel-de-orleans-le-28-janvier-2026-n24-00069\\\/#respond\"]}],\"citation\":\"Cour d&#8217;appel de Orl\u00e9ans, le 28 janvier 2026, n\u00b024\\\/00069\",\"about\":[{\"@type\":\"Thing\",\"name\":\"Jurisprudence\"}],\"dateModified\":\"2026-04-23T14:07:50+00:00\",\"speakable\":{\"@type\":\"SpeakableSpecification\",\"cssSelector\":[\".article-content > p:first-of-type\"]}},{\"@type\":\"WebPage\",\"@id\":\"https:\\\/\\\/kohenavocats.com\\\/tr\\\/cour-dappel-de-orleans-le-28-janvier-2026-n24-00069\\\/\",\"url\":\"https:\\\/\\\/kohenavocats.com\\\/tr\\\/cour-dappel-de-orleans-le-28-janvier-2026-n24-00069\\\/\",\"name\":\"Cour d'appel de Orl\u00e9ans, le 28 janvier 2026, n\u00b024\\\/00069 - Ma\u00eetre Hassan Kohen, avocat en droit p\u00e9nal \u00e0 Paris\",\"isPartOf\":{\"@id\":\"https:\\\/\\\/kohenavocats.com\\\/tr\\\/#website\"},\"primaryImageOfPage\":{\"@id\":\"https:\\\/\\\/kohenavocats.com\\\/tr\\\/cour-dappel-de-orleans-le-28-janvier-2026-n24-00069\\\/#primaryimage\"},\"image\":{\"@id\":\"https:\\\/\\\/kohenavocats.com\\\/tr\\\/cour-dappel-de-orleans-le-28-janvier-2026-n24-00069\\\/#primaryimage\"},\"thumbnailUrl\":\"https:\\\/\\\/kohenavocats.com\\\/wp-content\\\/uploads\\\/2024\\\/11\\\/umpholphat-dangam-le9eON7OAXo-unsplash.webp\",\"datePublished\":\"2026-04-23T14:07:50+00:00\",\"description\":\"La Cour d'appel d'Orl\u00e9ans, statuant le 28 janvier 2026, a examin\u00e9 le licenciement pour insuffisance professionnelle d'un ing\u00e9nieur commercial. Apr\u00e8s plus de ...\",\"breadcrumb\":{\"@id\":\"https:\\\/\\\/kohenavocats.com\\\/tr\\\/cour-dappel-de-orleans-le-28-janvier-2026-n24-00069\\\/#breadcrumb\"},\"inLanguage\":\"tr\",\"potentialAction\":[{\"@type\":\"ReadAction\",\"target\":[\"https:\\\/\\\/kohenavocats.com\\\/tr\\\/cour-dappel-de-orleans-le-28-janvier-2026-n24-00069\\\/\"]}]},{\"@type\":\"ImageObject\",\"inLanguage\":\"tr\",\"@id\":\"https:\\\/\\\/kohenavocats.com\\\/tr\\\/cour-dappel-de-orleans-le-28-janvier-2026-n24-00069\\\/#primaryimage\",\"url\":\"https:\\\/\\\/kohenavocats.com\\\/wp-content\\\/uploads\\\/2024\\\/11\\\/umpholphat-dangam-le9eON7OAXo-unsplash.webp\",\"contentUrl\":\"https:\\\/\\\/kohenavocats.com\\\/wp-content\\\/uploads\\\/2024\\\/11\\\/umpholphat-dangam-le9eON7OAXo-unsplash.webp\",\"width\":2888,\"height\":4332},{\"@type\":\"BreadcrumbList\",\"@id\":\"https:\\\/\\\/kohenavocats.com\\\/tr\\\/cour-dappel-de-orleans-le-28-janvier-2026-n24-00069\\\/#breadcrumb\",\"itemListElement\":[{\"@type\":\"ListItem\",\"position\":1,\"name\":\"Home\",\"item\":\"https:\\\/\\\/kohenavocats.com\\\/tr\\\/avocats-en-droit-penal-a-paris-conseil-et-defense-strategique\\\/\"},{\"@type\":\"ListItem\",\"position\":2,\"name\":\"Cour d&rsquo;appel de Orl\u00e9ans, le 28 janvier 2026, n\u00b024\\\/00069\"}]},{\"@type\":\"WebSite\",\"@id\":\"https:\\\/\\\/kohenavocats.com\\\/tr\\\/#website\",\"url\":\"https:\\\/\\\/kohenavocats.com\\\/tr\\\/\",\"name\":\"Kohen Avocats\",\"description\":\"Ma\u00eetre Hassan Kohen, avocat p\u00e9naliste \u00e0 Paris, intervient exclusivement en droit p\u00e9nal pour la d\u00e9fense des particuliers, notamment en mati\u00e8re d\u2019accusations de viol. Il assure un accompagnement rigoureux d\u00e8s la garde \u00e0 vue jusqu\u2019\u00e0 la Cour d\u2019assises, veillant au strict respect des garanties proc\u00e9durales.\",\"publisher\":{\"@id\":\"https:\\\/\\\/kohenavocats.com\\\/tr\\\/#organization\"},\"potentialAction\":[{\"@type\":\"SearchAction\",\"target\":{\"@type\":\"EntryPoint\",\"urlTemplate\":\"https:\\\/\\\/kohenavocats.com\\\/tr\\\/?s={search_term_string}\"},\"query-input\":{\"@type\":\"PropertyValueSpecification\",\"valueRequired\":true,\"valueName\":\"search_term_string\"}}],\"inLanguage\":\"tr\"},{\"@type\":\"Organization\",\"@id\":\"https:\\\/\\\/kohenavocats.com\\\/tr\\\/#organization\",\"name\":\"Kohen Avocats\",\"url\":\"https:\\\/\\\/kohenavocats.com\\\/tr\\\/\",\"logo\":{\"@type\":\"ImageObject\",\"inLanguage\":\"tr\",\"@id\":\"https:\\\/\\\/kohenavocats.com\\\/tr\\\/#\\\/schema\\\/logo\\\/image\\\/\",\"url\":\"https:\\\/\\\/kohenavocats.com\\\/wp-content\\\/uploads\\\/2026\\\/01\\\/Logo-2-1.webp\",\"contentUrl\":\"https:\\\/\\\/kohenavocats.com\\\/wp-content\\\/uploads\\\/2026\\\/01\\\/Logo-2-1.webp\",\"width\":2114,\"height\":1253,\"caption\":\"Kohen Avocats\"},\"image\":{\"@id\":\"https:\\\/\\\/kohenavocats.com\\\/tr\\\/#\\\/schema\\\/logo\\\/image\\\/\"}},{\"@type\":\"Person\",\"@id\":\"https:\\\/\\\/kohenavocats.com\\\/tr\\\/#\\\/schema\\\/person\\\/761c9ba54fa1ca84d405cef0831ff751\",\"name\":\"Kohen\",\"image\":{\"@type\":\"ImageObject\",\"inLanguage\":\"tr\",\"@id\":\"https:\\\/\\\/secure.gravatar.com\\\/avatar\\\/1c5e76ef76bbbfdd2b4da984e2bf2fa4056fd51a27d25ce2c332047f1dfd6e00?s=96&d=identicon&r=g\",\"url\":\"https:\\\/\\\/secure.gravatar.com\\\/avatar\\\/1c5e76ef76bbbfdd2b4da984e2bf2fa4056fd51a27d25ce2c332047f1dfd6e00?s=96&d=identicon&r=g\",\"contentUrl\":\"https:\\\/\\\/secure.gravatar.com\\\/avatar\\\/1c5e76ef76bbbfdd2b4da984e2bf2fa4056fd51a27d25ce2c332047f1dfd6e00?s=96&d=identicon&r=g\",\"caption\":\"Kohen\"},\"sameAs\":[\"https:\\\/\\\/www.linkedin.com\\\/in\\\/hassan-kohen-448548192\\\/\",\"https:\\\/\\\/www.youtube.com\\\/@Kohen-Avocats\"],\"url\":\"https:\\\/\\\/kohenavocats.com\\\/tr\\\/author\\\/kohenmlk\\\/\"}]}<\/script>\n<!-- \/ Yoast SEO Premium plugin. -->","yoast_head_json":{"title":"Cour d'appel de Orl\u00e9ans, le 28 janvier 2026, n\u00b024\/00069 - Ma\u00eetre Hassan Kohen, avocat en droit p\u00e9nal \u00e0 Paris","description":"La Cour d'appel d'Orl\u00e9ans, statuant le 28 janvier 2026, a examin\u00e9 le licenciement pour insuffisance professionnelle d'un ing\u00e9nieur commercial. Apr\u00e8s plus de ...","robots":{"index":"index","follow":"follow","max-snippet":"max-snippet:-1","max-image-preview":"max-image-preview:large","max-video-preview":"max-video-preview:-1"},"canonical":"https:\/\/kohenavocats.com\/tr\/cour-dappel-de-orleans-le-28-janvier-2026-n24-00069\/","og_locale":"tr_TR","og_type":"article","og_title":"Cour d'appel de Orl\u00e9ans, le 28 janvier 2026, n\u00b024\/00069","og_description":"La Cour d'appel d'Orl\u00e9ans, statuant le 28 janvier 2026, a examin\u00e9 le licenciement pour insuffisance professionnelle d'un ing\u00e9nieur commercial. Apr\u00e8s plus de ...","og_url":"https:\/\/kohenavocats.com\/tr\/cour-dappel-de-orleans-le-28-janvier-2026-n24-00069\/","og_site_name":"Ma\u00eetre Hassan Kohen, avocat en droit p\u00e9nal \u00e0 Paris","article_published_time":"2026-04-23T14:07:50+00:00","og_image":[{"width":2888,"height":4332,"url":"https:\/\/kohenavocats.com\/wp-content\/uploads\/2024\/11\/umpholphat-dangam-le9eON7OAXo-unsplash.webp","type":"image\/webp"}],"author":"Kohen","twitter_card":"summary_large_image","twitter_misc":{"Yazan:":"Kohen","Tahmini okuma s\u00fcresi":"3 dakika"},"schema":{"@context":"https:\/\/schema.org","@graph":[{"@type":"Article","@id":"https:\/\/kohenavocats.com\/tr\/cour-dappel-de-orleans-le-28-janvier-2026-n24-00069\/#article","isPartOf":{"@id":"https:\/\/kohenavocats.com\/tr\/cour-dappel-de-orleans-le-28-janvier-2026-n24-00069\/"},"author":{"name":"Kohen","@id":"https:\/\/kohenavocats.com\/tr\/#\/schema\/person\/761c9ba54fa1ca84d405cef0831ff751"},"headline":"Cour d&#8217;appel de Orl\u00e9ans, le 28 janvier 2026, n\u00b024\/00069","datePublished":"2026-04-23T14:07:50+00:00","mainEntityOfPage":{"@id":"https:\/\/kohenavocats.com\/tr\/cour-dappel-de-orleans-le-28-janvier-2026-n24-00069\/"},"wordCount":551,"commentCount":0,"publisher":{"@id":"https:\/\/kohenavocats.com\/tr\/#organization"},"image":{"@id":"https:\/\/kohenavocats.com\/tr\/cour-dappel-de-orleans-le-28-janvier-2026-n24-00069\/#primaryimage"},"thumbnailUrl":"https:\/\/kohenavocats.com\/wp-content\/uploads\/2024\/11\/umpholphat-dangam-le9eON7OAXo-unsplash.webp","articleSection":["Jurisprudence"],"inLanguage":"tr","potentialAction":[{"@type":"CommentAction","name":"Comment","target":["https:\/\/kohenavocats.com\/tr\/cour-dappel-de-orleans-le-28-janvier-2026-n24-00069\/#respond"]}],"citation":"Cour d&#8217;appel de Orl\u00e9ans, le 28 janvier 2026, n\u00b024\/00069","about":[{"@type":"Thing","name":"Jurisprudence"}],"dateModified":"2026-04-23T14:07:50+00:00","speakable":{"@type":"SpeakableSpecification","cssSelector":[".article-content > p:first-of-type"]}},{"@type":"WebPage","@id":"https:\/\/kohenavocats.com\/tr\/cour-dappel-de-orleans-le-28-janvier-2026-n24-00069\/","url":"https:\/\/kohenavocats.com\/tr\/cour-dappel-de-orleans-le-28-janvier-2026-n24-00069\/","name":"Cour d'appel de Orl\u00e9ans, le 28 janvier 2026, n\u00b024\/00069 - Ma\u00eetre Hassan Kohen, avocat en droit p\u00e9nal \u00e0 Paris","isPartOf":{"@id":"https:\/\/kohenavocats.com\/tr\/#website"},"primaryImageOfPage":{"@id":"https:\/\/kohenavocats.com\/tr\/cour-dappel-de-orleans-le-28-janvier-2026-n24-00069\/#primaryimage"},"image":{"@id":"https:\/\/kohenavocats.com\/tr\/cour-dappel-de-orleans-le-28-janvier-2026-n24-00069\/#primaryimage"},"thumbnailUrl":"https:\/\/kohenavocats.com\/wp-content\/uploads\/2024\/11\/umpholphat-dangam-le9eON7OAXo-unsplash.webp","datePublished":"2026-04-23T14:07:50+00:00","description":"La Cour d'appel d'Orl\u00e9ans, statuant le 28 janvier 2026, a examin\u00e9 le licenciement pour insuffisance professionnelle d'un ing\u00e9nieur commercial. Apr\u00e8s plus de ...","breadcrumb":{"@id":"https:\/\/kohenavocats.com\/tr\/cour-dappel-de-orleans-le-28-janvier-2026-n24-00069\/#breadcrumb"},"inLanguage":"tr","potentialAction":[{"@type":"ReadAction","target":["https:\/\/kohenavocats.com\/tr\/cour-dappel-de-orleans-le-28-janvier-2026-n24-00069\/"]}]},{"@type":"ImageObject","inLanguage":"tr","@id":"https:\/\/kohenavocats.com\/tr\/cour-dappel-de-orleans-le-28-janvier-2026-n24-00069\/#primaryimage","url":"https:\/\/kohenavocats.com\/wp-content\/uploads\/2024\/11\/umpholphat-dangam-le9eON7OAXo-unsplash.webp","contentUrl":"https:\/\/kohenavocats.com\/wp-content\/uploads\/2024\/11\/umpholphat-dangam-le9eON7OAXo-unsplash.webp","width":2888,"height":4332},{"@type":"BreadcrumbList","@id":"https:\/\/kohenavocats.com\/tr\/cour-dappel-de-orleans-le-28-janvier-2026-n24-00069\/#breadcrumb","itemListElement":[{"@type":"ListItem","position":1,"name":"Home","item":"https:\/\/kohenavocats.com\/tr\/avocats-en-droit-penal-a-paris-conseil-et-defense-strategique\/"},{"@type":"ListItem","position":2,"name":"Cour d&rsquo;appel de Orl\u00e9ans, le 28 janvier 2026, n\u00b024\/00069"}]},{"@type":"WebSite","@id":"https:\/\/kohenavocats.com\/tr\/#website","url":"https:\/\/kohenavocats.com\/tr\/","name":"Kohen Avocats","description":"Ma\u00eetre Hassan Kohen, avocat p\u00e9naliste \u00e0 Paris, intervient exclusivement en droit p\u00e9nal pour la d\u00e9fense des particuliers, notamment en mati\u00e8re d\u2019accusations de viol. Il assure un accompagnement rigoureux d\u00e8s la garde \u00e0 vue jusqu\u2019\u00e0 la Cour d\u2019assises, veillant au strict respect des garanties proc\u00e9durales.","publisher":{"@id":"https:\/\/kohenavocats.com\/tr\/#organization"},"potentialAction":[{"@type":"SearchAction","target":{"@type":"EntryPoint","urlTemplate":"https:\/\/kohenavocats.com\/tr\/?s={search_term_string}"},"query-input":{"@type":"PropertyValueSpecification","valueRequired":true,"valueName":"search_term_string"}}],"inLanguage":"tr"},{"@type":"Organization","@id":"https:\/\/kohenavocats.com\/tr\/#organization","name":"Kohen Avocats","url":"https:\/\/kohenavocats.com\/tr\/","logo":{"@type":"ImageObject","inLanguage":"tr","@id":"https:\/\/kohenavocats.com\/tr\/#\/schema\/logo\/image\/","url":"https:\/\/kohenavocats.com\/wp-content\/uploads\/2026\/01\/Logo-2-1.webp","contentUrl":"https:\/\/kohenavocats.com\/wp-content\/uploads\/2026\/01\/Logo-2-1.webp","width":2114,"height":1253,"caption":"Kohen Avocats"},"image":{"@id":"https:\/\/kohenavocats.com\/tr\/#\/schema\/logo\/image\/"}},{"@type":"Person","@id":"https:\/\/kohenavocats.com\/tr\/#\/schema\/person\/761c9ba54fa1ca84d405cef0831ff751","name":"Kohen","image":{"@type":"ImageObject","inLanguage":"tr","@id":"https:\/\/secure.gravatar.com\/avatar\/1c5e76ef76bbbfdd2b4da984e2bf2fa4056fd51a27d25ce2c332047f1dfd6e00?s=96&d=identicon&r=g","url":"https:\/\/secure.gravatar.com\/avatar\/1c5e76ef76bbbfdd2b4da984e2bf2fa4056fd51a27d25ce2c332047f1dfd6e00?s=96&d=identicon&r=g","contentUrl":"https:\/\/secure.gravatar.com\/avatar\/1c5e76ef76bbbfdd2b4da984e2bf2fa4056fd51a27d25ce2c332047f1dfd6e00?s=96&d=identicon&r=g","caption":"Kohen"},"sameAs":["https:\/\/www.linkedin.com\/in\/hassan-kohen-448548192\/","https:\/\/www.youtube.com\/@Kohen-Avocats"],"url":"https:\/\/kohenavocats.com\/tr\/author\/kohenmlk\/"}]}},"jetpack_featured_media_url":"https:\/\/kohenavocats.com\/wp-content\/uploads\/2024\/11\/umpholphat-dangam-le9eON7OAXo-unsplash.webp","jetpack_likes_enabled":false,"jetpack_shortlink":"https:\/\/wp.me\/peCrII-2LWn","jetpack-related-posts":[{"id":33060,"url":"https:\/\/kohenavocats.com\/tr\/chambre-sociale-de-la-cour-de-cassation-le-9-juillet-2025-n24-16-405\/","url_meta":{"origin":660943,"position":0},"title":"Chambre sociale de la Cour de cassation, le 9 juillet 2025, n\u00b024-16.405","author":"Kohen","date":"5 Kas\u0131m 2025","format":false,"excerpt":"Par arr\u00eat du 9 juillet 2025, la Cour de cassation, chambre sociale, casse partiellement une d\u00e9cision relative \u00e0 un licenciement pour insuffisance professionnelle. L\u2019arr\u00eat attaqu\u00e9 avait \u00e9t\u00e9 rendu le 16 avril 2024 par la cour d\u2019appel d\u2019Orl\u00e9ans.Un salari\u00e9, engag\u00e9 comme chef de secteur en 2013, a \u00e9t\u00e9 licenci\u00e9 en 2018\u2026","rel":"","context":"&quot;Cour de cassation&quot; i\u00e7inde","block_context":{"text":"Cour de cassation","link":"https:\/\/kohenavocats.com\/category\/cour-de-cassation\/"},"img":{"alt_text":"","src":"https:\/\/i0.wp.com\/kohenavocats.com\/wp-content\/uploads\/2024\/07\/claudio-testa-iqeG5xA96M4-unsplash.webp?resize=350%2C200&ssl=1","width":350,"height":200,"srcset":"https:\/\/i0.wp.com\/kohenavocats.com\/wp-content\/uploads\/2024\/07\/claudio-testa-iqeG5xA96M4-unsplash.webp?resize=350%2C200&ssl=1 1x, https:\/\/i0.wp.com\/kohenavocats.com\/wp-content\/uploads\/2024\/07\/claudio-testa-iqeG5xA96M4-unsplash.webp?resize=525%2C300&ssl=1 1.5x, https:\/\/i0.wp.com\/kohenavocats.com\/wp-content\/uploads\/2024\/07\/claudio-testa-iqeG5xA96M4-unsplash.webp?resize=700%2C400&ssl=1 2x, https:\/\/i0.wp.com\/kohenavocats.com\/wp-content\/uploads\/2024\/07\/claudio-testa-iqeG5xA96M4-unsplash.webp?resize=1050%2C600&ssl=1 3x, https:\/\/i0.wp.com\/kohenavocats.com\/wp-content\/uploads\/2024\/07\/claudio-testa-iqeG5xA96M4-unsplash.webp?resize=1400%2C800&ssl=1 4x"},"classes":[]},{"id":228844,"url":"https:\/\/kohenavocats.com\/tr\/cour-dappel-de-angers-le-3-juillet-2025-n22-00405\/","url_meta":{"origin":660943,"position":1},"title":"Cour d&#8217;appel de Angers, le 3 juillet 2025, n\u00b022\/00405","author":"Kohen","date":"27 Aral\u0131k 2025","format":false,"excerpt":"Now using node v22.15.1 (npm v10.8.2)Utilisation de Node.js v20.19.4 et npm 10.8.2Codex est d\u00e9j\u00e0 install\u00e9.Lancement de Codex\u2026Cour d\u2019appel d\u2019Angers, 3 juillet 2025. La formation sociale tranche un litige relatif au licenciement pour insuffisance professionnelle d\u2019un salari\u00e9 VRP exclusif. Engag\u00e9 au printemps 2019 pour prospecter deux d\u00e9partements, l\u2019int\u00e9ress\u00e9 a \u00e9t\u00e9 licenci\u00e9\u2026","rel":"","context":"&quot;Cour d'appel&quot; i\u00e7inde","block_context":{"text":"Cour d'appel","link":"https:\/\/kohenavocats.com\/category\/cour-dappel\/"},"img":{"alt_text":"","src":"https:\/\/i0.wp.com\/kohenavocats.com\/wp-content\/uploads\/2024\/07\/annie-spratt-GWCvnsMtiBg-unsplash.webp?resize=350%2C200&ssl=1","width":350,"height":200,"srcset":"https:\/\/i0.wp.com\/kohenavocats.com\/wp-content\/uploads\/2024\/07\/annie-spratt-GWCvnsMtiBg-unsplash.webp?resize=350%2C200&ssl=1 1x, https:\/\/i0.wp.com\/kohenavocats.com\/wp-content\/uploads\/2024\/07\/annie-spratt-GWCvnsMtiBg-unsplash.webp?resize=525%2C300&ssl=1 1.5x, https:\/\/i0.wp.com\/kohenavocats.com\/wp-content\/uploads\/2024\/07\/annie-spratt-GWCvnsMtiBg-unsplash.webp?resize=700%2C400&ssl=1 2x, https:\/\/i0.wp.com\/kohenavocats.com\/wp-content\/uploads\/2024\/07\/annie-spratt-GWCvnsMtiBg-unsplash.webp?resize=1050%2C600&ssl=1 3x, https:\/\/i0.wp.com\/kohenavocats.com\/wp-content\/uploads\/2024\/07\/annie-spratt-GWCvnsMtiBg-unsplash.webp?resize=1400%2C800&ssl=1 4x"},"classes":[]},{"id":718952,"url":"https:\/\/kohenavocats.com\/tr\/cour-dappel-de-lyon-le-28-janvier-2026-n22-08203\/","url_meta":{"origin":660943,"position":2},"title":"Cour d&#8217;appel de Lyon, le 28 janvier 2026, n\u00b022\/08203","author":"Kohen","date":"28 Nisan 2026","format":false,"excerpt":"La cour d\u2019appel de Lyon, dans son arr\u00eat du 28 janvier 2026, a confirm\u00e9 le jugement des prud\u2019hommes d\u00e9clarant un licenciement pour insuffisance professionnell...","rel":"","context":"&quot;Jurisprudence&quot; i\u00e7inde","block_context":{"text":"Jurisprudence","link":"https:\/\/kohenavocats.com\/category\/jurisprudence\/"},"img":{"alt_text":"","src":"https:\/\/i0.wp.com\/kohenavocats.com\/wp-content\/uploads\/2024\/08\/florian-wehde-KqAUa9OAwFY-unsplash.webp?resize=350%2C200&ssl=1","width":350,"height":200,"srcset":"https:\/\/i0.wp.com\/kohenavocats.com\/wp-content\/uploads\/2024\/08\/florian-wehde-KqAUa9OAwFY-unsplash.webp?resize=350%2C200&ssl=1 1x, https:\/\/i0.wp.com\/kohenavocats.com\/wp-content\/uploads\/2024\/08\/florian-wehde-KqAUa9OAwFY-unsplash.webp?resize=525%2C300&ssl=1 1.5x, https:\/\/i0.wp.com\/kohenavocats.com\/wp-content\/uploads\/2024\/08\/florian-wehde-KqAUa9OAwFY-unsplash.webp?resize=700%2C400&ssl=1 2x, https:\/\/i0.wp.com\/kohenavocats.com\/wp-content\/uploads\/2024\/08\/florian-wehde-KqAUa9OAwFY-unsplash.webp?resize=1050%2C600&ssl=1 3x, https:\/\/i0.wp.com\/kohenavocats.com\/wp-content\/uploads\/2024\/08\/florian-wehde-KqAUa9OAwFY-unsplash.webp?resize=1400%2C800&ssl=1 4x"},"classes":[]},{"id":228771,"url":"https:\/\/kohenavocats.com\/tr\/cour-dappel-de-colmar-le-15-juillet-2025-n23-00006\/","url_meta":{"origin":660943,"position":3},"title":"Cour d&#8217;appel de Colmar, le 15 juillet 2025, n\u00b023\/00006","author":"Kohen","date":"27 Aral\u0131k 2025","format":false,"excerpt":"Now using node v22.15.1 (npm v10.8.2)Utilisation de Node.js v20.19.4 et npm 10.8.2Codex est d\u00e9j\u00e0 install\u00e9.Lancement de Codex...La Cour d\u2019appel de Colmar, chambre sociale, par un arr\u00eat du 15 juillet 2025, statue sur l\u2019appel d\u2019un jugement de d\u00e9partage du conseil de prud\u2019hommes de Saverne. La d\u00e9cision tranche la validit\u00e9 d\u2019une demande\u2026","rel":"","context":"&quot;Cour d'appel&quot; i\u00e7inde","block_context":{"text":"Cour d'appel","link":"https:\/\/kohenavocats.com\/category\/cour-dappel\/"},"img":{"alt_text":"","src":"https:\/\/i0.wp.com\/kohenavocats.com\/wp-content\/uploads\/2024\/07\/lucie-morel-DsWjM4iOmyA-unsplash.webp?resize=350%2C200&ssl=1","width":350,"height":200,"srcset":"https:\/\/i0.wp.com\/kohenavocats.com\/wp-content\/uploads\/2024\/07\/lucie-morel-DsWjM4iOmyA-unsplash.webp?resize=350%2C200&ssl=1 1x, https:\/\/i0.wp.com\/kohenavocats.com\/wp-content\/uploads\/2024\/07\/lucie-morel-DsWjM4iOmyA-unsplash.webp?resize=525%2C300&ssl=1 1.5x, https:\/\/i0.wp.com\/kohenavocats.com\/wp-content\/uploads\/2024\/07\/lucie-morel-DsWjM4iOmyA-unsplash.webp?resize=700%2C400&ssl=1 2x, https:\/\/i0.wp.com\/kohenavocats.com\/wp-content\/uploads\/2024\/07\/lucie-morel-DsWjM4iOmyA-unsplash.webp?resize=1050%2C600&ssl=1 3x, https:\/\/i0.wp.com\/kohenavocats.com\/wp-content\/uploads\/2024\/07\/lucie-morel-DsWjM4iOmyA-unsplash.webp?resize=1400%2C800&ssl=1 4x"},"classes":[]},{"id":726030,"url":"https:\/\/kohenavocats.com\/tr\/cour-dappel-de-poitiers-le-5-fevrier-2026-n22-02607\/","url_meta":{"origin":660943,"position":4},"title":"Cour d&#8217;appel de Poitiers, le 5 f\u00e9vrier 2026, n\u00b022\/02607","author":"Kohen","date":"28 Nisan 2026","format":false,"excerpt":"La cour d\u2019appel de Poitiers, dans son arr\u00eat du 5 f\u00e9vrier 2026, annule l\u2019avertissement et juge le licenciement sans cause r\u00e9elle et s\u00e9rieuse. La salari\u00e9e, com...","rel":"","context":"&quot;Jurisprudence&quot; i\u00e7inde","block_context":{"text":"Jurisprudence","link":"https:\/\/kohenavocats.com\/category\/jurisprudence\/"},"img":{"alt_text":"","src":"https:\/\/i0.wp.com\/kohenavocats.com\/wp-content\/uploads\/2024\/11\/ave-calvar-JCzi4IDosxM-unsplash.webp?resize=350%2C200&ssl=1","width":350,"height":200,"srcset":"https:\/\/i0.wp.com\/kohenavocats.com\/wp-content\/uploads\/2024\/11\/ave-calvar-JCzi4IDosxM-unsplash.webp?resize=350%2C200&ssl=1 1x, https:\/\/i0.wp.com\/kohenavocats.com\/wp-content\/uploads\/2024\/11\/ave-calvar-JCzi4IDosxM-unsplash.webp?resize=525%2C300&ssl=1 1.5x, https:\/\/i0.wp.com\/kohenavocats.com\/wp-content\/uploads\/2024\/11\/ave-calvar-JCzi4IDosxM-unsplash.webp?resize=700%2C400&ssl=1 2x, https:\/\/i0.wp.com\/kohenavocats.com\/wp-content\/uploads\/2024\/11\/ave-calvar-JCzi4IDosxM-unsplash.webp?resize=1050%2C600&ssl=1 3x, https:\/\/i0.wp.com\/kohenavocats.com\/wp-content\/uploads\/2024\/11\/ave-calvar-JCzi4IDosxM-unsplash.webp?resize=1400%2C800&ssl=1 4x"},"classes":[]},{"id":303433,"url":"https:\/\/kohenavocats.com\/tr\/cour-dappel-de-nimes-le-7-octobre-2025-n24-01782\/","url_meta":{"origin":660943,"position":5},"title":"Cour d&#8217;appel de N\u00eemes, le 7 octobre 2025, n\u00b024\/01782","author":"Kohen","date":"5 \u015eubat 2026","format":false,"excerpt":"La Cour d\u2019appel de N\u00eemes, dans un arr\u00eat du 7 octobre 2025, confirme le jugement des prud\u2019hommes qui avait retenu l\u2019absence de cause r\u00e9elle et s\u00e9rieuse au licenciement d\u2019une salari\u00e9e. L\u2019employeur invoquait une insuffisance professionnelle et une faute li\u00e9e \u00e0 l\u2019utilisation du v\u00e9hicule de fonction. La cour rejette ces griefs\u2026","rel":"","context":"&quot;Cour d'appel&quot; i\u00e7inde","block_context":{"text":"Cour d'appel","link":"https:\/\/kohenavocats.com\/category\/cour-dappel\/"},"img":{"alt_text":"","src":"https:\/\/i0.wp.com\/kohenavocats.com\/wp-content\/uploads\/2024\/08\/pascal-bernardon-UDzwFLM50Ac-unsplash.webp?resize=350%2C200&ssl=1","width":350,"height":200,"srcset":"https:\/\/i0.wp.com\/kohenavocats.com\/wp-content\/uploads\/2024\/08\/pascal-bernardon-UDzwFLM50Ac-unsplash.webp?resize=350%2C200&ssl=1 1x, https:\/\/i0.wp.com\/kohenavocats.com\/wp-content\/uploads\/2024\/08\/pascal-bernardon-UDzwFLM50Ac-unsplash.webp?resize=525%2C300&ssl=1 1.5x, https:\/\/i0.wp.com\/kohenavocats.com\/wp-content\/uploads\/2024\/08\/pascal-bernardon-UDzwFLM50Ac-unsplash.webp?resize=700%2C400&ssl=1 2x, https:\/\/i0.wp.com\/kohenavocats.com\/wp-content\/uploads\/2024\/08\/pascal-bernardon-UDzwFLM50Ac-unsplash.webp?resize=1050%2C600&ssl=1 3x, https:\/\/i0.wp.com\/kohenavocats.com\/wp-content\/uploads\/2024\/08\/pascal-bernardon-UDzwFLM50Ac-unsplash.webp?resize=1400%2C800&ssl=1 4x"},"classes":[]}],"jetpack_sharing_enabled":true,"_links":{"self":[{"href":"https:\/\/kohenavocats.com\/tr\/wp-json\/wp\/v2\/posts\/660943","targetHints":{"allow":["GET"]}}],"collection":[{"href":"https:\/\/kohenavocats.com\/tr\/wp-json\/wp\/v2\/posts"}],"about":[{"href":"https:\/\/kohenavocats.com\/tr\/wp-json\/wp\/v2\/types\/post"}],"author":[{"embeddable":true,"href":"https:\/\/kohenavocats.com\/tr\/wp-json\/wp\/v2\/users\/232070755"}],"replies":[{"embeddable":true,"href":"https:\/\/kohenavocats.com\/tr\/wp-json\/wp\/v2\/comments?post=660943"}],"version-history":[{"count":0,"href":"https:\/\/kohenavocats.com\/tr\/wp-json\/wp\/v2\/posts\/660943\/revisions"}],"wp:featuredmedia":[{"embeddable":true,"href":"https:\/\/kohenavocats.com\/tr\/wp-json\/wp\/v2\/media\/9655"}],"wp:attachment":[{"href":"https:\/\/kohenavocats.com\/tr\/wp-json\/wp\/v2\/media?parent=660943"}],"wp:term":[{"taxonomy":"category","embeddable":true,"href":"https:\/\/kohenavocats.com\/tr\/wp-json\/wp\/v2\/categories?post=660943"},{"taxonomy":"post_tag","embeddable":true,"href":"https:\/\/kohenavocats.com\/tr\/wp-json\/wp\/v2\/tags?post=660943"}],"curies":[{"name":"wp","href":"https:\/\/api.w.org\/{rel}","templated":true}]}}