{"id":661291,"date":"2026-04-23T17:03:08","date_gmt":"2026-04-23T15:03:08","guid":{"rendered":"https:\/\/kohenavocats.com\/tribunal-judiciaire-de-grenoble-le-23-juin-2025-n24-01222\/"},"modified":"2026-04-23T17:03:08","modified_gmt":"2026-04-23T15:03:08","slug":"tribunal-judiciaire-de-grenoble-le-23-juin-2025-n24-01222","status":"publish","type":"post","link":"https:\/\/kohenavocats.com\/tr\/tribunal-judiciaire-de-grenoble-le-23-juin-2025-n24-01222\/","title":{"rendered":"Tribunal judiciaire de Grenoble, le 23 juin 2025, n\u00b024\/01222"},"content":{"rendered":"<div class=\"article-content\">\n<p>Le p\u00f4le social du tribunal judiciaire de Grenoble, par un jugement du 23 juin 2025, statue sur un recours contestant un refus de prise en charge. La juridiction rejette une demande de renvoi puis examine la recevabilit\u00e9 du recours. Elle d\u00e9clare ce dernier irrecevable au motif de l&#8217;absence de recours pr\u00e9alable obligatoire devant une commission m\u00e9dicale.<\/p>\n<p>L&#8217;exigence d&#8217;un recours pr\u00e9alable comme condition de recevabilit\u00e9<\/p>\n<p>Le juge rappelle le fondement l\u00e9gal de l&#8217;obligation d&#8217;un recours pr\u00e9alable. L&#8217;article L 142-4 du code de la s\u00e9curit\u00e9 sociale impose cette \u00e9tape pr\u00e9alable pour les contestations d&#8217;ordre m\u00e9dical. Le texte pr\u00e9cise que &#8220;Les recours contentieux form\u00e9s dans les mati\u00e8res mentionn\u00e9es aux articles L. 142-1 , \u00e0 l&#8217;exception du 7\u00b0, et L. 142-3 sont pr\u00e9c\u00e9d\u00e9s d&#8217;un recours pr\u00e9alable&#8221; (Sur la recevabilit\u00e9). Cette formalit\u00e9 est \u00e9rig\u00e9e en condition essentielle de la saisine du juge. Le non-respect de cette proc\u00e9dure est sanctionn\u00e9 par l&#8217;irrecevabilit\u00e9 du recours contentieux ult\u00e9rieur. Cette solution est conforme \u00e0 la jurisprudence qui consid\u00e8re cette r\u00e8gle comme d&#8217;ordre public. Un tribunal a ainsi jug\u00e9 que le justiciable &#8220;avait l\u2019obligation l\u00e9gale de saisir la Commission m\u00e9dicale de recours amiable&#8221; (Tribunal judiciaire de Strasbourg, le 27 f\u00e9vrier 2025, n\u00b023\/00103). Le juge grenoblois applique strictement ce principe proc\u00e9dural.<\/p>\n<p>La preuve de la notification et ses cons\u00e9quences sur les d\u00e9lais<\/p>\n<p>La d\u00e9cision s&#8217;appuie sur une preuve mat\u00e9rielle de la r\u00e9ception de la notification. L&#8217;organisme social produit l&#8217;accus\u00e9 de r\u00e9ception du courrier recommand\u00e9 notifiant le refus. Le juge en d\u00e9duit que le requ\u00e9rant \u00e9tait inform\u00e9 des voies de recours. Il \u00e9carte l&#8217;affirmation contraire du demandeur en se fondant sur ce document. La jurisprudence \u00e9tablit en effet une pr\u00e9somption de r\u00e9ception en pareil cas. La Cour de cassation rappelle que &#8220;la signature figurant sur l&#8217;avis de r\u00e9ception d&#8217;une lettre recommand\u00e9e est pr\u00e9sum\u00e9e \u00eatre celle de son destinataire&#8221; (Cass. Deuxi\u00e8me chambre civile, le 2 octobre 2025, n\u00b023-11.530). Cette pr\u00e9somption simplifie la preuve de la notification pour l&#8217;administration. Elle place \u00e0 la charge du destinataire la preuve contraire de la non-r\u00e9ception. Le requ\u00e9rant ne rapportant pas cette preuve, son recours est d\u00e9clar\u00e9 irrecevable. La rigueur proc\u00e9durale l&#8217;emporte ainsi sur les all\u00e9gations non \u00e9tay\u00e9es.<\/p>\n<p>Ce jugement illustre le formalisme strict entourant les recours en mati\u00e8re de s\u00e9curit\u00e9 sociale. Il confirme la nature d&#8217;ordre public de l&#8217;exigence du recours pr\u00e9alable devant la commission m\u00e9dicale. La preuve de la notification par lettre recommand\u00e9e avec accus\u00e9 de r\u00e9ception y est d\u00e9terminante. Cette d\u00e9cision rappelle aux justiciables l&#8217;importance cruciale du respect des d\u00e9lais et des voies de recours. Elle s\u00e9curise \u00e9galement la position des organismes sociaux dans leurs proc\u00e9dures de notification.<\/p>\n<\/div>\n","protected":false},"excerpt":{"rendered":"<p>Le p\u00f4le social du tribunal judiciaire de Grenoble, par un jugement du 23 juin 2025, statue sur un recours contestant un refus de prise en charge. La juridict&#8230;<\/p>\n","protected":false},"author":232070755,"featured_media":4760,"comment_status":"open","ping_status":"open","sticky":false,"template":"","format":"standard","meta":{"_crdt_document":"","_jetpack_newsletter_access":"","_jetpack_dont_email_post_to_subs":false,"_jetpack_newsletter_tier_id":0,"_jetpack_memberships_contains_paywalled_content":false,"_kj_source_type":"judilibre","_kj_official_id":"68e430e4681ed727f2a64b4d","_kj_official_url":"https:\/\/www.courdecassation.fr\/decision\/68e430e4681ed727f2a64b4d","_kj_judilibre_id":"68e430e4681ed727f2a64b4d","_kj_jur":"Tribunal judiciaire","_kj_lieu":"Tribunal judiciaire de Grenoble","_kj_chambre":"3.1 chb sociale du TASS","_kj_rg":"24\/01222","_kj_date":"2025-09-25","_jetpack_memberships_contains_paid_content":false,"footnotes":"","jetpack_post_was_ever_published":false},"categories":[7597],"tags":[],"class_list":["post-661291","post","type-post","status-publish","format-standard","has-post-thumbnail","hentry","category-jurisprudence"],"yoast_head":"<!-- This site is optimized with the Yoast SEO Premium plugin v27.5 (Yoast SEO v27.5) - https:\/\/yoast.com\/product\/yoast-seo-premium-wordpress\/ -->\n<title>Tribunal judiciaire de Grenoble, le 23 juin 2025, n\u00b024\/01222 - Ma\u00eetre Hassan Kohen, avocat en droit p\u00e9nal \u00e0 Paris<\/title>\n<meta name=\"description\" content=\"Le p\u00f4le social du tribunal judiciaire de Grenoble, par un jugement du 23 juin 2025, statue sur un recours contestant un refus de prise en charge. La juridict...\" \/>\n<meta name=\"robots\" content=\"index, follow, max-snippet:-1, max-image-preview:large, max-video-preview:-1\" \/>\n<link rel=\"canonical\" href=\"https:\/\/kohenavocats.com\/tr\/tribunal-judiciaire-de-grenoble-le-23-juin-2025-n24-01222\/\" \/>\n<meta property=\"og:locale\" content=\"tr_TR\" \/>\n<meta property=\"og:type\" content=\"article\" \/>\n<meta property=\"og:title\" content=\"Tribunal judiciaire de Grenoble, le 23 juin 2025, n\u00b024\/01222\" \/>\n<meta property=\"og:description\" content=\"Le p\u00f4le social du tribunal judiciaire de Grenoble, par un jugement du 23 juin 2025, statue sur un recours contestant un refus de prise en charge. La juridict...\" \/>\n<meta property=\"og:url\" content=\"https:\/\/kohenavocats.com\/tr\/tribunal-judiciaire-de-grenoble-le-23-juin-2025-n24-01222\/\" \/>\n<meta property=\"og:site_name\" content=\"Ma\u00eetre Hassan Kohen, avocat en droit p\u00e9nal \u00e0 Paris\" \/>\n<meta property=\"article:published_time\" content=\"2026-04-23T15:03:08+00:00\" \/>\n<meta property=\"og:image\" content=\"https:\/\/kohenavocats.com\/wp-content\/uploads\/2024\/08\/sergi-design-BixD3GrTKeU-unsplash.webp\" \/>\n\t<meta property=\"og:image:width\" content=\"5160\" \/>\n\t<meta property=\"og:image:height\" content=\"2903\" \/>\n\t<meta property=\"og:image:type\" content=\"image\/webp\" \/>\n<meta name=\"author\" content=\"Kohen\" \/>\n<meta name=\"twitter:card\" content=\"summary_large_image\" \/>\n<meta name=\"twitter:label1\" content=\"Yazan:\" \/>\n\t<meta name=\"twitter:data1\" content=\"Kohen\" \/>\n\t<meta name=\"twitter:label2\" content=\"Tahmini okuma s\u00fcresi\" \/>\n\t<meta name=\"twitter:data2\" content=\"2 dakika\" \/>\n<script type=\"application\/ld+json\" class=\"yoast-schema-graph\">{\"@context\":\"https:\\\/\\\/schema.org\",\"@graph\":[{\"@type\":\"Article\",\"@id\":\"https:\\\/\\\/kohenavocats.com\\\/tr\\\/tribunal-judiciaire-de-grenoble-le-23-juin-2025-n24-01222\\\/#article\",\"isPartOf\":{\"@id\":\"https:\\\/\\\/kohenavocats.com\\\/tr\\\/tribunal-judiciaire-de-grenoble-le-23-juin-2025-n24-01222\\\/\"},\"author\":{\"name\":\"Kohen\",\"@id\":\"https:\\\/\\\/kohenavocats.com\\\/tr\\\/#\\\/schema\\\/person\\\/761c9ba54fa1ca84d405cef0831ff751\"},\"headline\":\"Tribunal judiciaire de Grenoble, le 23 juin 2025, n\u00b024\\\/01222\",\"datePublished\":\"2026-04-23T15:03:08+00:00\",\"mainEntityOfPage\":{\"@id\":\"https:\\\/\\\/kohenavocats.com\\\/tr\\\/tribunal-judiciaire-de-grenoble-le-23-juin-2025-n24-01222\\\/\"},\"wordCount\":503,\"commentCount\":0,\"publisher\":{\"@id\":\"https:\\\/\\\/kohenavocats.com\\\/tr\\\/#organization\"},\"image\":{\"@id\":\"https:\\\/\\\/kohenavocats.com\\\/tr\\\/tribunal-judiciaire-de-grenoble-le-23-juin-2025-n24-01222\\\/#primaryimage\"},\"thumbnailUrl\":\"https:\\\/\\\/kohenavocats.com\\\/wp-content\\\/uploads\\\/2024\\\/08\\\/sergi-design-BixD3GrTKeU-unsplash.webp\",\"articleSection\":[\"Jurisprudence\"],\"inLanguage\":\"tr\",\"potentialAction\":[{\"@type\":\"CommentAction\",\"name\":\"Comment\",\"target\":[\"https:\\\/\\\/kohenavocats.com\\\/tr\\\/tribunal-judiciaire-de-grenoble-le-23-juin-2025-n24-01222\\\/#respond\"]}],\"citation\":\"Tribunal judiciaire de Grenoble, le 23 juin 2025, n\u00b024\\\/01222\",\"about\":[{\"@type\":\"Thing\",\"name\":\"Jurisprudence\"}],\"dateModified\":\"2026-04-23T15:03:08+00:00\",\"speakable\":{\"@type\":\"SpeakableSpecification\",\"cssSelector\":[\".article-content > p:first-of-type\"]}},{\"@type\":\"WebPage\",\"@id\":\"https:\\\/\\\/kohenavocats.com\\\/tr\\\/tribunal-judiciaire-de-grenoble-le-23-juin-2025-n24-01222\\\/\",\"url\":\"https:\\\/\\\/kohenavocats.com\\\/tr\\\/tribunal-judiciaire-de-grenoble-le-23-juin-2025-n24-01222\\\/\",\"name\":\"Tribunal judiciaire de Grenoble, le 23 juin 2025, n\u00b024\\\/01222 - Ma\u00eetre Hassan Kohen, avocat en droit p\u00e9nal \u00e0 Paris\",\"isPartOf\":{\"@id\":\"https:\\\/\\\/kohenavocats.com\\\/tr\\\/#website\"},\"primaryImageOfPage\":{\"@id\":\"https:\\\/\\\/kohenavocats.com\\\/tr\\\/tribunal-judiciaire-de-grenoble-le-23-juin-2025-n24-01222\\\/#primaryimage\"},\"image\":{\"@id\":\"https:\\\/\\\/kohenavocats.com\\\/tr\\\/tribunal-judiciaire-de-grenoble-le-23-juin-2025-n24-01222\\\/#primaryimage\"},\"thumbnailUrl\":\"https:\\\/\\\/kohenavocats.com\\\/wp-content\\\/uploads\\\/2024\\\/08\\\/sergi-design-BixD3GrTKeU-unsplash.webp\",\"datePublished\":\"2026-04-23T15:03:08+00:00\",\"description\":\"Le p\u00f4le social du tribunal judiciaire de Grenoble, par un jugement du 23 juin 2025, statue sur un recours contestant un refus de prise en charge. La juridict...\",\"breadcrumb\":{\"@id\":\"https:\\\/\\\/kohenavocats.com\\\/tr\\\/tribunal-judiciaire-de-grenoble-le-23-juin-2025-n24-01222\\\/#breadcrumb\"},\"inLanguage\":\"tr\",\"potentialAction\":[{\"@type\":\"ReadAction\",\"target\":[\"https:\\\/\\\/kohenavocats.com\\\/tr\\\/tribunal-judiciaire-de-grenoble-le-23-juin-2025-n24-01222\\\/\"]}]},{\"@type\":\"ImageObject\",\"inLanguage\":\"tr\",\"@id\":\"https:\\\/\\\/kohenavocats.com\\\/tr\\\/tribunal-judiciaire-de-grenoble-le-23-juin-2025-n24-01222\\\/#primaryimage\",\"url\":\"https:\\\/\\\/kohenavocats.com\\\/wp-content\\\/uploads\\\/2024\\\/08\\\/sergi-design-BixD3GrTKeU-unsplash.webp\",\"contentUrl\":\"https:\\\/\\\/kohenavocats.com\\\/wp-content\\\/uploads\\\/2024\\\/08\\\/sergi-design-BixD3GrTKeU-unsplash.webp\",\"width\":5160,\"height\":2903},{\"@type\":\"BreadcrumbList\",\"@id\":\"https:\\\/\\\/kohenavocats.com\\\/tr\\\/tribunal-judiciaire-de-grenoble-le-23-juin-2025-n24-01222\\\/#breadcrumb\",\"itemListElement\":[{\"@type\":\"ListItem\",\"position\":1,\"name\":\"Home\",\"item\":\"https:\\\/\\\/kohenavocats.com\\\/tr\\\/avocats-en-droit-penal-a-paris-conseil-et-defense-strategique\\\/\"},{\"@type\":\"ListItem\",\"position\":2,\"name\":\"Tribunal judiciaire de Grenoble, le 23 juin 2025, n\u00b024\\\/01222\"}]},{\"@type\":\"WebSite\",\"@id\":\"https:\\\/\\\/kohenavocats.com\\\/tr\\\/#website\",\"url\":\"https:\\\/\\\/kohenavocats.com\\\/tr\\\/\",\"name\":\"Kohen Avocats\",\"description\":\"Ma\u00eetre Hassan Kohen, avocat p\u00e9naliste \u00e0 Paris, intervient exclusivement en droit p\u00e9nal pour la d\u00e9fense des particuliers, notamment en mati\u00e8re d\u2019accusations de viol. Il assure un accompagnement rigoureux d\u00e8s la garde \u00e0 vue jusqu\u2019\u00e0 la Cour d\u2019assises, veillant au strict respect des garanties proc\u00e9durales.\",\"publisher\":{\"@id\":\"https:\\\/\\\/kohenavocats.com\\\/tr\\\/#organization\"},\"potentialAction\":[{\"@type\":\"SearchAction\",\"target\":{\"@type\":\"EntryPoint\",\"urlTemplate\":\"https:\\\/\\\/kohenavocats.com\\\/tr\\\/?s={search_term_string}\"},\"query-input\":{\"@type\":\"PropertyValueSpecification\",\"valueRequired\":true,\"valueName\":\"search_term_string\"}}],\"inLanguage\":\"tr\"},{\"@type\":\"Organization\",\"@id\":\"https:\\\/\\\/kohenavocats.com\\\/tr\\\/#organization\",\"name\":\"Kohen Avocats\",\"url\":\"https:\\\/\\\/kohenavocats.com\\\/tr\\\/\",\"logo\":{\"@type\":\"ImageObject\",\"inLanguage\":\"tr\",\"@id\":\"https:\\\/\\\/kohenavocats.com\\\/tr\\\/#\\\/schema\\\/logo\\\/image\\\/\",\"url\":\"https:\\\/\\\/kohenavocats.com\\\/wp-content\\\/uploads\\\/2026\\\/01\\\/Logo-2-1.webp\",\"contentUrl\":\"https:\\\/\\\/kohenavocats.com\\\/wp-content\\\/uploads\\\/2026\\\/01\\\/Logo-2-1.webp\",\"width\":2114,\"height\":1253,\"caption\":\"Kohen Avocats\"},\"image\":{\"@id\":\"https:\\\/\\\/kohenavocats.com\\\/tr\\\/#\\\/schema\\\/logo\\\/image\\\/\"}},{\"@type\":\"Person\",\"@id\":\"https:\\\/\\\/kohenavocats.com\\\/tr\\\/#\\\/schema\\\/person\\\/761c9ba54fa1ca84d405cef0831ff751\",\"name\":\"Kohen\",\"image\":{\"@type\":\"ImageObject\",\"inLanguage\":\"tr\",\"@id\":\"https:\\\/\\\/secure.gravatar.com\\\/avatar\\\/1c5e76ef76bbbfdd2b4da984e2bf2fa4056fd51a27d25ce2c332047f1dfd6e00?s=96&d=identicon&r=g\",\"url\":\"https:\\\/\\\/secure.gravatar.com\\\/avatar\\\/1c5e76ef76bbbfdd2b4da984e2bf2fa4056fd51a27d25ce2c332047f1dfd6e00?s=96&d=identicon&r=g\",\"contentUrl\":\"https:\\\/\\\/secure.gravatar.com\\\/avatar\\\/1c5e76ef76bbbfdd2b4da984e2bf2fa4056fd51a27d25ce2c332047f1dfd6e00?s=96&d=identicon&r=g\",\"caption\":\"Kohen\"},\"sameAs\":[\"https:\\\/\\\/www.linkedin.com\\\/in\\\/hassan-kohen-448548192\\\/\",\"https:\\\/\\\/www.youtube.com\\\/@Kohen-Avocats\"],\"url\":\"https:\\\/\\\/kohenavocats.com\\\/tr\\\/author\\\/kohenmlk\\\/\"}]}<\/script>\n<!-- \/ Yoast SEO Premium plugin. -->","yoast_head_json":{"title":"Tribunal judiciaire de Grenoble, le 23 juin 2025, n\u00b024\/01222 - Ma\u00eetre Hassan Kohen, avocat en droit p\u00e9nal \u00e0 Paris","description":"Le p\u00f4le social du tribunal judiciaire de Grenoble, par un jugement du 23 juin 2025, statue sur un recours contestant un refus de prise en charge. La juridict...","robots":{"index":"index","follow":"follow","max-snippet":"max-snippet:-1","max-image-preview":"max-image-preview:large","max-video-preview":"max-video-preview:-1"},"canonical":"https:\/\/kohenavocats.com\/tr\/tribunal-judiciaire-de-grenoble-le-23-juin-2025-n24-01222\/","og_locale":"tr_TR","og_type":"article","og_title":"Tribunal judiciaire de Grenoble, le 23 juin 2025, n\u00b024\/01222","og_description":"Le p\u00f4le social du tribunal judiciaire de Grenoble, par un jugement du 23 juin 2025, statue sur un recours contestant un refus de prise en charge. La juridict...","og_url":"https:\/\/kohenavocats.com\/tr\/tribunal-judiciaire-de-grenoble-le-23-juin-2025-n24-01222\/","og_site_name":"Ma\u00eetre Hassan Kohen, avocat en droit p\u00e9nal \u00e0 Paris","article_published_time":"2026-04-23T15:03:08+00:00","og_image":[{"width":5160,"height":2903,"url":"https:\/\/kohenavocats.com\/wp-content\/uploads\/2024\/08\/sergi-design-BixD3GrTKeU-unsplash.webp","type":"image\/webp"}],"author":"Kohen","twitter_card":"summary_large_image","twitter_misc":{"Yazan:":"Kohen","Tahmini okuma s\u00fcresi":"2 dakika"},"schema":{"@context":"https:\/\/schema.org","@graph":[{"@type":"Article","@id":"https:\/\/kohenavocats.com\/tr\/tribunal-judiciaire-de-grenoble-le-23-juin-2025-n24-01222\/#article","isPartOf":{"@id":"https:\/\/kohenavocats.com\/tr\/tribunal-judiciaire-de-grenoble-le-23-juin-2025-n24-01222\/"},"author":{"name":"Kohen","@id":"https:\/\/kohenavocats.com\/tr\/#\/schema\/person\/761c9ba54fa1ca84d405cef0831ff751"},"headline":"Tribunal judiciaire de Grenoble, le 23 juin 2025, n\u00b024\/01222","datePublished":"2026-04-23T15:03:08+00:00","mainEntityOfPage":{"@id":"https:\/\/kohenavocats.com\/tr\/tribunal-judiciaire-de-grenoble-le-23-juin-2025-n24-01222\/"},"wordCount":503,"commentCount":0,"publisher":{"@id":"https:\/\/kohenavocats.com\/tr\/#organization"},"image":{"@id":"https:\/\/kohenavocats.com\/tr\/tribunal-judiciaire-de-grenoble-le-23-juin-2025-n24-01222\/#primaryimage"},"thumbnailUrl":"https:\/\/kohenavocats.com\/wp-content\/uploads\/2024\/08\/sergi-design-BixD3GrTKeU-unsplash.webp","articleSection":["Jurisprudence"],"inLanguage":"tr","potentialAction":[{"@type":"CommentAction","name":"Comment","target":["https:\/\/kohenavocats.com\/tr\/tribunal-judiciaire-de-grenoble-le-23-juin-2025-n24-01222\/#respond"]}],"citation":"Tribunal judiciaire de Grenoble, le 23 juin 2025, n\u00b024\/01222","about":[{"@type":"Thing","name":"Jurisprudence"}],"dateModified":"2026-04-23T15:03:08+00:00","speakable":{"@type":"SpeakableSpecification","cssSelector":[".article-content > p:first-of-type"]}},{"@type":"WebPage","@id":"https:\/\/kohenavocats.com\/tr\/tribunal-judiciaire-de-grenoble-le-23-juin-2025-n24-01222\/","url":"https:\/\/kohenavocats.com\/tr\/tribunal-judiciaire-de-grenoble-le-23-juin-2025-n24-01222\/","name":"Tribunal judiciaire de Grenoble, le 23 juin 2025, n\u00b024\/01222 - Ma\u00eetre Hassan Kohen, avocat en droit p\u00e9nal \u00e0 Paris","isPartOf":{"@id":"https:\/\/kohenavocats.com\/tr\/#website"},"primaryImageOfPage":{"@id":"https:\/\/kohenavocats.com\/tr\/tribunal-judiciaire-de-grenoble-le-23-juin-2025-n24-01222\/#primaryimage"},"image":{"@id":"https:\/\/kohenavocats.com\/tr\/tribunal-judiciaire-de-grenoble-le-23-juin-2025-n24-01222\/#primaryimage"},"thumbnailUrl":"https:\/\/kohenavocats.com\/wp-content\/uploads\/2024\/08\/sergi-design-BixD3GrTKeU-unsplash.webp","datePublished":"2026-04-23T15:03:08+00:00","description":"Le p\u00f4le social du tribunal judiciaire de Grenoble, par un jugement du 23 juin 2025, statue sur un recours contestant un refus de prise en charge. La juridict...","breadcrumb":{"@id":"https:\/\/kohenavocats.com\/tr\/tribunal-judiciaire-de-grenoble-le-23-juin-2025-n24-01222\/#breadcrumb"},"inLanguage":"tr","potentialAction":[{"@type":"ReadAction","target":["https:\/\/kohenavocats.com\/tr\/tribunal-judiciaire-de-grenoble-le-23-juin-2025-n24-01222\/"]}]},{"@type":"ImageObject","inLanguage":"tr","@id":"https:\/\/kohenavocats.com\/tr\/tribunal-judiciaire-de-grenoble-le-23-juin-2025-n24-01222\/#primaryimage","url":"https:\/\/kohenavocats.com\/wp-content\/uploads\/2024\/08\/sergi-design-BixD3GrTKeU-unsplash.webp","contentUrl":"https:\/\/kohenavocats.com\/wp-content\/uploads\/2024\/08\/sergi-design-BixD3GrTKeU-unsplash.webp","width":5160,"height":2903},{"@type":"BreadcrumbList","@id":"https:\/\/kohenavocats.com\/tr\/tribunal-judiciaire-de-grenoble-le-23-juin-2025-n24-01222\/#breadcrumb","itemListElement":[{"@type":"ListItem","position":1,"name":"Home","item":"https:\/\/kohenavocats.com\/tr\/avocats-en-droit-penal-a-paris-conseil-et-defense-strategique\/"},{"@type":"ListItem","position":2,"name":"Tribunal judiciaire de Grenoble, le 23 juin 2025, n\u00b024\/01222"}]},{"@type":"WebSite","@id":"https:\/\/kohenavocats.com\/tr\/#website","url":"https:\/\/kohenavocats.com\/tr\/","name":"Kohen Avocats","description":"Ma\u00eetre Hassan Kohen, avocat p\u00e9naliste \u00e0 Paris, intervient exclusivement en droit p\u00e9nal pour la d\u00e9fense des particuliers, notamment en mati\u00e8re d\u2019accusations de viol. Il assure un accompagnement rigoureux d\u00e8s la garde \u00e0 vue jusqu\u2019\u00e0 la Cour d\u2019assises, veillant au strict respect des garanties proc\u00e9durales.","publisher":{"@id":"https:\/\/kohenavocats.com\/tr\/#organization"},"potentialAction":[{"@type":"SearchAction","target":{"@type":"EntryPoint","urlTemplate":"https:\/\/kohenavocats.com\/tr\/?s={search_term_string}"},"query-input":{"@type":"PropertyValueSpecification","valueRequired":true,"valueName":"search_term_string"}}],"inLanguage":"tr"},{"@type":"Organization","@id":"https:\/\/kohenavocats.com\/tr\/#organization","name":"Kohen Avocats","url":"https:\/\/kohenavocats.com\/tr\/","logo":{"@type":"ImageObject","inLanguage":"tr","@id":"https:\/\/kohenavocats.com\/tr\/#\/schema\/logo\/image\/","url":"https:\/\/kohenavocats.com\/wp-content\/uploads\/2026\/01\/Logo-2-1.webp","contentUrl":"https:\/\/kohenavocats.com\/wp-content\/uploads\/2026\/01\/Logo-2-1.webp","width":2114,"height":1253,"caption":"Kohen Avocats"},"image":{"@id":"https:\/\/kohenavocats.com\/tr\/#\/schema\/logo\/image\/"}},{"@type":"Person","@id":"https:\/\/kohenavocats.com\/tr\/#\/schema\/person\/761c9ba54fa1ca84d405cef0831ff751","name":"Kohen","image":{"@type":"ImageObject","inLanguage":"tr","@id":"https:\/\/secure.gravatar.com\/avatar\/1c5e76ef76bbbfdd2b4da984e2bf2fa4056fd51a27d25ce2c332047f1dfd6e00?s=96&d=identicon&r=g","url":"https:\/\/secure.gravatar.com\/avatar\/1c5e76ef76bbbfdd2b4da984e2bf2fa4056fd51a27d25ce2c332047f1dfd6e00?s=96&d=identicon&r=g","contentUrl":"https:\/\/secure.gravatar.com\/avatar\/1c5e76ef76bbbfdd2b4da984e2bf2fa4056fd51a27d25ce2c332047f1dfd6e00?s=96&d=identicon&r=g","caption":"Kohen"},"sameAs":["https:\/\/www.linkedin.com\/in\/hassan-kohen-448548192\/","https:\/\/www.youtube.com\/@Kohen-Avocats"],"url":"https:\/\/kohenavocats.com\/tr\/author\/kohenmlk\/"}]}},"jetpack_featured_media_url":"https:\/\/kohenavocats.com\/wp-content\/uploads\/2024\/08\/sergi-design-BixD3GrTKeU-unsplash.webp","jetpack_likes_enabled":false,"jetpack_shortlink":"https:\/\/wp.me\/peCrII-2M1Z","jetpack-related-posts":[{"id":488012,"url":"https:\/\/kohenavocats.com\/tr\/tribunal-judiciaire-de-grenoble-le-12-decembre-2024-n24-01232\/","url_meta":{"origin":661291,"position":0},"title":"Tribunal judiciaire de Grenoble, le 12 d\u00e9cembre 2024, n\u00b024\/01232","author":"Kohen","date":"8 Nisan 2026","format":false,"excerpt":"Le tribunal judiciaire de Grenoble, p\u00f4le social, a statu\u00e9 par jugement du 12 d\u00e9cembre 2024. Des d\u00e9biteurs contestaient deux mises en demeure relatives au rec...","rel":"","context":"&quot;Jurisprudence&quot; i\u00e7inde","block_context":{"text":"Jurisprudence","link":"https:\/\/kohenavocats.com\/category\/jurisprudence\/"},"img":{"alt_text":"","src":"https:\/\/i0.wp.com\/kohenavocats.com\/wp-content\/uploads\/2024\/08\/eddie-junior-foXddRnxfc-unsplash-1.webp?resize=350%2C200&ssl=1","width":350,"height":200,"srcset":"https:\/\/i0.wp.com\/kohenavocats.com\/wp-content\/uploads\/2024\/08\/eddie-junior-foXddRnxfc-unsplash-1.webp?resize=350%2C200&ssl=1 1x, https:\/\/i0.wp.com\/kohenavocats.com\/wp-content\/uploads\/2024\/08\/eddie-junior-foXddRnxfc-unsplash-1.webp?resize=525%2C300&ssl=1 1.5x, https:\/\/i0.wp.com\/kohenavocats.com\/wp-content\/uploads\/2024\/08\/eddie-junior-foXddRnxfc-unsplash-1.webp?resize=700%2C400&ssl=1 2x, https:\/\/i0.wp.com\/kohenavocats.com\/wp-content\/uploads\/2024\/08\/eddie-junior-foXddRnxfc-unsplash-1.webp?resize=1050%2C600&ssl=1 3x, https:\/\/i0.wp.com\/kohenavocats.com\/wp-content\/uploads\/2024\/08\/eddie-junior-foXddRnxfc-unsplash-1.webp?resize=1400%2C800&ssl=1 4x"},"classes":[]},{"id":488771,"url":"https:\/\/kohenavocats.com\/tr\/tribunal-judiciaire-de-grenoble-le-25-novembre-2025-n24-01232\/","url_meta":{"origin":661291,"position":1},"title":"Tribunal judiciaire de Grenoble, le 25 novembre 2025, n\u00b024\/01232","author":"Kohen","date":"8 Nisan 2026","format":false,"excerpt":"Le tribunal judiciaire de Grenoble, p\u00f4le social, a statu\u00e9 par jugement du 12 d\u00e9cembre 2024. Des d\u00e9biteurs contestaient deux mises en demeure relatives au...","rel":"","context":"&quot;D\u00e9cisions juridiques&quot; i\u00e7inde","block_context":{"text":"D\u00e9cisions juridiques","link":"https:\/\/kohenavocats.com\/category\/decisions-juridiques\/"},"img":{"alt_text":"","src":"https:\/\/i0.wp.com\/kohenavocats.com\/wp-content\/uploads\/2024\/08\/clay-banks-5JQAKBU0vG8-unsplash.webp?resize=350%2C200&ssl=1","width":350,"height":200,"srcset":"https:\/\/i0.wp.com\/kohenavocats.com\/wp-content\/uploads\/2024\/08\/clay-banks-5JQAKBU0vG8-unsplash.webp?resize=350%2C200&ssl=1 1x, https:\/\/i0.wp.com\/kohenavocats.com\/wp-content\/uploads\/2024\/08\/clay-banks-5JQAKBU0vG8-unsplash.webp?resize=525%2C300&ssl=1 1.5x, https:\/\/i0.wp.com\/kohenavocats.com\/wp-content\/uploads\/2024\/08\/clay-banks-5JQAKBU0vG8-unsplash.webp?resize=700%2C400&ssl=1 2x, https:\/\/i0.wp.com\/kohenavocats.com\/wp-content\/uploads\/2024\/08\/clay-banks-5JQAKBU0vG8-unsplash.webp?resize=1050%2C600&ssl=1 3x, https:\/\/i0.wp.com\/kohenavocats.com\/wp-content\/uploads\/2024\/08\/clay-banks-5JQAKBU0vG8-unsplash.webp?resize=1400%2C800&ssl=1 4x"},"classes":[]},{"id":489945,"url":"https:\/\/kohenavocats.com\/tr\/tribunal-judiciaire-de-annecy-le-20-novembre-2025-n25-00323\/","url_meta":{"origin":661291,"position":2},"title":"Tribunal judiciaire de Annecy, le 20 novembre 2025, n\u00b025\/00323","author":"Kohen","date":"8 Nisan 2026","format":false,"excerpt":"Le tribunal judiciaire d\u2019Annecy, p\u00f4le social, statuant le 20 novembre 2025, a examin\u00e9 un recours contre une d\u00e9cision de la commission des droits et de...","rel":"","context":"&quot;D\u00e9cisions juridiques&quot; i\u00e7inde","block_context":{"text":"D\u00e9cisions juridiques","link":"https:\/\/kohenavocats.com\/category\/decisions-juridiques\/"},"img":{"alt_text":"","src":"https:\/\/i0.wp.com\/kohenavocats.com\/wp-content\/uploads\/2024\/11\/getty-images-imdnMdUDomE-unsplash.webp?resize=350%2C200&ssl=1","width":350,"height":200,"srcset":"https:\/\/i0.wp.com\/kohenavocats.com\/wp-content\/uploads\/2024\/11\/getty-images-imdnMdUDomE-unsplash.webp?resize=350%2C200&ssl=1 1x, https:\/\/i0.wp.com\/kohenavocats.com\/wp-content\/uploads\/2024\/11\/getty-images-imdnMdUDomE-unsplash.webp?resize=525%2C300&ssl=1 1.5x, https:\/\/i0.wp.com\/kohenavocats.com\/wp-content\/uploads\/2024\/11\/getty-images-imdnMdUDomE-unsplash.webp?resize=700%2C400&ssl=1 2x, https:\/\/i0.wp.com\/kohenavocats.com\/wp-content\/uploads\/2024\/11\/getty-images-imdnMdUDomE-unsplash.webp?resize=1050%2C600&ssl=1 3x, https:\/\/i0.wp.com\/kohenavocats.com\/wp-content\/uploads\/2024\/11\/getty-images-imdnMdUDomE-unsplash.webp?resize=1400%2C800&ssl=1 4x"},"classes":[]},{"id":446172,"url":"https:\/\/kohenavocats.com\/tr\/tribunal-judiciaire-de-la-reunion-le-20-aout-2025-n24-00523\/","url_meta":{"origin":661291,"position":3},"title":"Tribunal judiciaire de la R\u00e9union, le 20 ao\u00fbt 2025, n\u00b024\/00523","author":"","date":"4 Nisan 2026","format":false,"excerpt":"Le Tribunal judiciaire de Saint-Denis de la R\u00e9union, statuant en mati\u00e8re sociale, a rendu un jugement le 20 ao\u00fbt 2025 d\u00e9clarant irrecevable le recours...","rel":"","context":"&quot;D\u00e9cisions juridiques&quot; i\u00e7inde","block_context":{"text":"D\u00e9cisions juridiques","link":"https:\/\/kohenavocats.com\/category\/decisions-juridiques\/"},"img":{"alt_text":"","src":"https:\/\/i0.wp.com\/kohenavocats.com\/wp-content\/uploads\/2024\/08\/miriam-espacio-nUiCEOe6vvA-unsplash.webp?resize=350%2C200&ssl=1","width":350,"height":200,"srcset":"https:\/\/i0.wp.com\/kohenavocats.com\/wp-content\/uploads\/2024\/08\/miriam-espacio-nUiCEOe6vvA-unsplash.webp?resize=350%2C200&ssl=1 1x, https:\/\/i0.wp.com\/kohenavocats.com\/wp-content\/uploads\/2024\/08\/miriam-espacio-nUiCEOe6vvA-unsplash.webp?resize=525%2C300&ssl=1 1.5x, https:\/\/i0.wp.com\/kohenavocats.com\/wp-content\/uploads\/2024\/08\/miriam-espacio-nUiCEOe6vvA-unsplash.webp?resize=700%2C400&ssl=1 2x, https:\/\/i0.wp.com\/kohenavocats.com\/wp-content\/uploads\/2024\/08\/miriam-espacio-nUiCEOe6vvA-unsplash.webp?resize=1050%2C600&ssl=1 3x, https:\/\/i0.wp.com\/kohenavocats.com\/wp-content\/uploads\/2024\/08\/miriam-espacio-nUiCEOe6vvA-unsplash.webp?resize=1400%2C800&ssl=1 4x"},"classes":[]},{"id":477838,"url":"https:\/\/kohenavocats.com\/tr\/tribunal-judiciaire-de-grenoble-le-9-avril-2025-n24-01543\/","url_meta":{"origin":661291,"position":4},"title":"Tribunal judiciaire de Grenoble, le 9 avril 2025, n\u00b024\/01543","author":"Kohen","date":"7 Nisan 2026","format":false,"excerpt":"Le tribunal judiciaire de Grenoble, p\u00f4le social, statue par jugement du 9 avril 2025. Un employeur conteste l\u2019opposabilit\u00e9 \u00e0 son encontre d\u2019une d\u00e9cision de p...","rel":"","context":"&quot;Jurisprudence&quot; i\u00e7inde","block_context":{"text":"Jurisprudence","link":"https:\/\/kohenavocats.com\/category\/jurisprudence\/"},"img":{"alt_text":"","src":"https:\/\/i0.wp.com\/kohenavocats.com\/wp-content\/uploads\/2024\/11\/kedar-gadge-qNbe1RLo06M-unsplash.webp?resize=350%2C200&ssl=1","width":350,"height":200,"srcset":"https:\/\/i0.wp.com\/kohenavocats.com\/wp-content\/uploads\/2024\/11\/kedar-gadge-qNbe1RLo06M-unsplash.webp?resize=350%2C200&ssl=1 1x, https:\/\/i0.wp.com\/kohenavocats.com\/wp-content\/uploads\/2024\/11\/kedar-gadge-qNbe1RLo06M-unsplash.webp?resize=525%2C300&ssl=1 1.5x, https:\/\/i0.wp.com\/kohenavocats.com\/wp-content\/uploads\/2024\/11\/kedar-gadge-qNbe1RLo06M-unsplash.webp?resize=700%2C400&ssl=1 2x, https:\/\/i0.wp.com\/kohenavocats.com\/wp-content\/uploads\/2024\/11\/kedar-gadge-qNbe1RLo06M-unsplash.webp?resize=1050%2C600&ssl=1 3x, https:\/\/i0.wp.com\/kohenavocats.com\/wp-content\/uploads\/2024\/11\/kedar-gadge-qNbe1RLo06M-unsplash.webp?resize=1400%2C800&ssl=1 4x"},"classes":[]},{"id":489981,"url":"https:\/\/kohenavocats.com\/tr\/tribunal-judiciaire-de-grenoble-le-20-novembre-2025-n25-00311\/","url_meta":{"origin":661291,"position":5},"title":"Tribunal judiciaire de Grenoble, le 20 novembre 2025, n\u00b025\/00311","author":"Kohen","date":"8 Nisan 2026","format":false,"excerpt":"Le p\u00f4le social du tribunal judiciaire de Grenoble, par jugement du 26 f\u00e9vrier 2025, statue sur une demande de rente et de r\u00e9inscription d\u2019une affaire. Le...","rel":"","context":"&quot;D\u00e9cisions juridiques&quot; i\u00e7inde","block_context":{"text":"D\u00e9cisions juridiques","link":"https:\/\/kohenavocats.com\/category\/decisions-juridiques\/"},"img":{"alt_text":"","src":"https:\/\/i0.wp.com\/kohenavocats.com\/wp-content\/uploads\/2024\/11\/getty-images-v_YYHSi9aoU-unsplash.webp?resize=350%2C200&ssl=1","width":350,"height":200,"srcset":"https:\/\/i0.wp.com\/kohenavocats.com\/wp-content\/uploads\/2024\/11\/getty-images-v_YYHSi9aoU-unsplash.webp?resize=350%2C200&ssl=1 1x, https:\/\/i0.wp.com\/kohenavocats.com\/wp-content\/uploads\/2024\/11\/getty-images-v_YYHSi9aoU-unsplash.webp?resize=525%2C300&ssl=1 1.5x, https:\/\/i0.wp.com\/kohenavocats.com\/wp-content\/uploads\/2024\/11\/getty-images-v_YYHSi9aoU-unsplash.webp?resize=700%2C400&ssl=1 2x, https:\/\/i0.wp.com\/kohenavocats.com\/wp-content\/uploads\/2024\/11\/getty-images-v_YYHSi9aoU-unsplash.webp?resize=1050%2C600&ssl=1 3x, https:\/\/i0.wp.com\/kohenavocats.com\/wp-content\/uploads\/2024\/11\/getty-images-v_YYHSi9aoU-unsplash.webp?resize=1400%2C800&ssl=1 4x"},"classes":[]}],"jetpack_sharing_enabled":true,"_links":{"self":[{"href":"https:\/\/kohenavocats.com\/tr\/wp-json\/wp\/v2\/posts\/661291","targetHints":{"allow":["GET"]}}],"collection":[{"href":"https:\/\/kohenavocats.com\/tr\/wp-json\/wp\/v2\/posts"}],"about":[{"href":"https:\/\/kohenavocats.com\/tr\/wp-json\/wp\/v2\/types\/post"}],"author":[{"embeddable":true,"href":"https:\/\/kohenavocats.com\/tr\/wp-json\/wp\/v2\/users\/232070755"}],"replies":[{"embeddable":true,"href":"https:\/\/kohenavocats.com\/tr\/wp-json\/wp\/v2\/comments?post=661291"}],"version-history":[{"count":0,"href":"https:\/\/kohenavocats.com\/tr\/wp-json\/wp\/v2\/posts\/661291\/revisions"}],"wp:featuredmedia":[{"embeddable":true,"href":"https:\/\/kohenavocats.com\/tr\/wp-json\/wp\/v2\/media\/4760"}],"wp:attachment":[{"href":"https:\/\/kohenavocats.com\/tr\/wp-json\/wp\/v2\/media?parent=661291"}],"wp:term":[{"taxonomy":"category","embeddable":true,"href":"https:\/\/kohenavocats.com\/tr\/wp-json\/wp\/v2\/categories?post=661291"},{"taxonomy":"post_tag","embeddable":true,"href":"https:\/\/kohenavocats.com\/tr\/wp-json\/wp\/v2\/tags?post=661291"}],"curies":[{"name":"wp","href":"https:\/\/api.w.org\/{rel}","templated":true}]}}