{"id":661571,"date":"2026-04-23T17:43:34","date_gmt":"2026-04-23T15:43:34","guid":{"rendered":"https:\/\/kohenavocats.com\/tribunal-judiciaire-de-strasbourg-le-13-fevrier-2025-n24-06559\/"},"modified":"2026-04-23T17:43:34","modified_gmt":"2026-04-23T15:43:34","slug":"tribunal-judiciaire-de-strasbourg-le-13-fevrier-2025-n24-06559","status":"publish","type":"post","link":"https:\/\/kohenavocats.com\/tr\/tribunal-judiciaire-de-strasbourg-le-13-fevrier-2025-n24-06559\/","title":{"rendered":"Tribunal judiciaire de Strasbourg, le 13 f\u00e9vrier 2025, n\u00b024\/06559"},"content":{"rendered":"<div class=\"article-content\">\n<p>Le tribunal de proximit\u00e9 de Haguenau, le 13 f\u00e9vrier 2025, statue sur une action en recours subrogatoire. Des bailleurs avaient obtenu la condamnation de leurs locataires pour d\u00e9gradations et perte de jouissance. L&#8217;assureur, ayant indemnis\u00e9 les bailleurs, agit d\u00e9sormais contre les locataires. La question est de savoir si l&#8217;assureur peut exercer ce recours subrogatoire. La juridiction accueille la demande de l&#8217;assureur et condamne les locataires solidairement.<\/p>\n<p>L&#8217;autorit\u00e9 de la chose jug\u00e9e du premier jugement<\/p>\n<p>Le tribunal constate d&#8217;abord l&#8217;autorit\u00e9 de la chose jug\u00e9e attach\u00e9e \u00e0 la d\u00e9cision ant\u00e9rieure. Ce premier jugement avait fix\u00e9 le montant du pr\u00e9judice subi par les bailleurs. Il avait proc\u00e9d\u00e9 \u00e0 une comparaison d\u00e9taill\u00e9e de l&#8217;\u00e9tat des lieux d&#8217;entr\u00e9e et de sortie. Le tribunal en d\u00e9duit donc que ce jugement ne peut \u00eatre remis en cause dans la pr\u00e9sente instance. Sa motivation en droit et en fait lui conf\u00e8re une autorit\u00e9 d\u00e9finitive. Cette analyse respecte le principe selon lequel l&#8217;autorit\u00e9 de la chose jug\u00e9e a lieu \u00e0 l&#8217;\u00e9gard de ce qui fait l&#8217;objet du jugement. &#8220;Il faut que la chose demand\u00e9e soit la m\u00eame ; que la demande soit fond\u00e9e sur la m\u00eame cause&#8221; (Cour d&#8217;appel de Paris, le 11 avril 2025, n\u00b022\/01082). La fixation du pr\u00e9judice est ainsi intangible pour les parties.<\/p>\n<p>La mise en \u0153uvre efficace de la subrogation l\u00e9gale<\/p>\n<p>Le tribunal applique ensuite les dispositions du code des assurances sur la subrogation. L&#8217;assureur justifie du versement des indemnit\u00e9s \u00e0 ses assur\u00e9s, les bailleurs. Ce paiement couvre les d\u00e9gradations et une partie des frais de recours. Le tribunal en tire la cons\u00e9quence logique de la subrogation l\u00e9gale. L&#8217;assureur est donc subrog\u00e9 dans les droits des bailleurs contre les responsables. Cette solution permet un recouvrement efficace des sommes dues par les locataires. Elle illustre le m\u00e9canisme par lequel l&#8217;assureur est subrog\u00e9 dans les droits et actions de l&#8217;assur\u00e9. Ce raisonnement est conforme \u00e0 la jurisprudence \u00e9tablie sur l&#8217;article L121-12. La subrogation a lieu dans la mesure de ce qui a \u00e9t\u00e9 pay\u00e9 par l&#8217;assureur. Elle op\u00e8re \u00e9galement dans la limite de la cr\u00e9ance d\u00e9tenue par l&#8217;assur\u00e9 contre le responsable. Ce principe garantit l&#8217;\u00e9quilibre des int\u00e9r\u00eats entre les diff\u00e9rentes parties en pr\u00e9sence.<\/p>\n<p>La port\u00e9e de la d\u00e9cision pour l&#8217;action subrogatoire<\/p>\n<p>Cette d\u00e9cision renforce la s\u00e9curit\u00e9 juridique des assureurs exer\u00e7ant un recours subrogatoire. Elle confirme que le jugement fixant le pr\u00e9judice initial fait autorit\u00e9. L&#8217;assureur n&#8217;a pas \u00e0 d\u00e9montrer \u00e0 nouveau l&#8217;existence ou le montant du dommage. Il doit simplement justifier du paiement de l&#8217;indemnit\u00e9 \u00e0 son assur\u00e9. Cette approche simplifie et s\u00e9curise la proc\u00e9dure de recours. Elle \u00e9vite les discussions redondantes sur la r\u00e9alit\u00e9 du pr\u00e9judice d\u00e9j\u00e0 jug\u00e9. La d\u00e9cision consacre ainsi une \u00e9conomie de moyens proc\u00e9duraux. Elle permet une r\u00e9solution plus rapide des litiges en mati\u00e8re de recours subrogatoire. L&#8217;assureur peut se fonder sur une d\u00e9cision ant\u00e9rieure d\u00e9finitive et motiv\u00e9e.<\/p>\n<p>Les cons\u00e9quences pratiques de la condamnation solidaire<\/p>\n<p>La condamnation solidaire des locataires assure une ex\u00e9cution efficace de la d\u00e9cision. L&#8217;assureur pourra recouvrer la totalit\u00e9 des sommes sur l&#8217;un ou l&#8217;autre des d\u00e9biteurs. Cette solidarit\u00e9 est classique en mati\u00e8re d&#8217;obligations n\u00e9es d&#8217;un contrat de bail. Elle renforce l&#8217;efficacit\u00e9 du recours subrogatoire pour l&#8217;assureur cr\u00e9ancier. La d\u00e9cision inclut \u00e9galement l&#8217;allocation d&#8217;int\u00e9r\u00eats et le paiement des d\u00e9pens. Elle rappelle enfin le principe de l&#8217;ex\u00e9cution provisoire de plein droit. Cette mesure acc\u00e9l\u00e8re le recouvrement des cr\u00e9ances sans attendre un \u00e9ventuel appel. Elle garantit une protection efficace des int\u00e9r\u00eats de l&#8217;assureur subrog\u00e9.<\/p>\n<\/div>\n","protected":false},"excerpt":{"rendered":"<p>Le tribunal de proximit\u00e9 de Haguenau, le 13 f\u00e9vrier 2025, statue sur une action en recours subrogatoire. Des bailleurs avaient obtenu la condamnation de leur&#8230;<\/p>\n","protected":false},"author":232070755,"featured_media":9436,"comment_status":"open","ping_status":"open","sticky":false,"template":"","format":"standard","meta":{"_crdt_document":"","_jetpack_newsletter_access":"","_jetpack_dont_email_post_to_subs":false,"_jetpack_newsletter_tier_id":0,"_jetpack_memberships_contains_paywalled_content":false,"_kj_source_type":"judilibre","_kj_official_id":"68d5b497876d446c8f4b31fc","_kj_official_url":"https:\/\/www.courdecassation.fr\/decision\/68d5b497876d446c8f4b31fc","_kj_judilibre_id":"68d5b497876d446c8f4b31fc","_kj_jur":"Tribunal judiciaire","_kj_lieu":"Tribunal judiciaire de Strasbourg","_kj_chambre":"HAGUENAU Civil","_kj_rg":"24\/06559","_kj_date":"2025-09-25","_jetpack_memberships_contains_paid_content":false,"footnotes":"","jetpack_post_was_ever_published":false},"categories":[7597],"tags":[],"class_list":["post-661571","post","type-post","status-publish","format-standard","has-post-thumbnail","hentry","category-jurisprudence"],"yoast_head":"<!-- This site is optimized with the Yoast SEO Premium plugin v27.5 (Yoast SEO v27.5) - https:\/\/yoast.com\/product\/yoast-seo-premium-wordpress\/ -->\n<title>Tribunal judiciaire de Strasbourg, le 13 f\u00e9vrier 2025, n\u00b024\/06559 - Ma\u00eetre Hassan Kohen, avocat en droit p\u00e9nal \u00e0 Paris<\/title>\n<meta name=\"description\" content=\"Le tribunal de proximit\u00e9 de Haguenau, le 13 f\u00e9vrier 2025, statue sur une action en recours subrogatoire. Des bailleurs avaient obtenu la condamnation de leur...\" \/>\n<meta name=\"robots\" content=\"index, follow, max-snippet:-1, max-image-preview:large, max-video-preview:-1\" \/>\n<link rel=\"canonical\" href=\"https:\/\/kohenavocats.com\/tr\/tribunal-judiciaire-de-strasbourg-le-13-fevrier-2025-n24-06559\/\" \/>\n<meta property=\"og:locale\" content=\"tr_TR\" \/>\n<meta property=\"og:type\" content=\"article\" \/>\n<meta property=\"og:title\" content=\"Tribunal judiciaire de Strasbourg, le 13 f\u00e9vrier 2025, n\u00b024\/06559\" \/>\n<meta property=\"og:description\" content=\"Le tribunal de proximit\u00e9 de Haguenau, le 13 f\u00e9vrier 2025, statue sur une action en recours subrogatoire. Des bailleurs avaient obtenu la condamnation de leur...\" \/>\n<meta property=\"og:url\" content=\"https:\/\/kohenavocats.com\/tr\/tribunal-judiciaire-de-strasbourg-le-13-fevrier-2025-n24-06559\/\" \/>\n<meta property=\"og:site_name\" content=\"Ma\u00eetre Hassan Kohen, avocat en droit p\u00e9nal \u00e0 Paris\" \/>\n<meta property=\"article:published_time\" content=\"2026-04-23T15:43:34+00:00\" \/>\n<meta property=\"og:image\" content=\"https:\/\/kohenavocats.com\/wp-content\/uploads\/2024\/11\/pawel-czerwinski-EPAQ0_u0VZo-unsplash.webp\" \/>\n\t<meta property=\"og:image:width\" content=\"5000\" \/>\n\t<meta property=\"og:image:height\" content=\"7500\" \/>\n\t<meta property=\"og:image:type\" content=\"image\/webp\" \/>\n<meta name=\"author\" content=\"Kohen\" \/>\n<meta name=\"twitter:card\" content=\"summary_large_image\" \/>\n<meta name=\"twitter:label1\" content=\"Yazan:\" \/>\n\t<meta name=\"twitter:data1\" content=\"Kohen\" \/>\n\t<meta name=\"twitter:label2\" content=\"Tahmini okuma s\u00fcresi\" \/>\n\t<meta name=\"twitter:data2\" content=\"3 dakika\" \/>\n<script type=\"application\/ld+json\" class=\"yoast-schema-graph\">{\"@context\":\"https:\\\/\\\/schema.org\",\"@graph\":[{\"@type\":\"Article\",\"@id\":\"https:\\\/\\\/kohenavocats.com\\\/tr\\\/tribunal-judiciaire-de-strasbourg-le-13-fevrier-2025-n24-06559\\\/#article\",\"isPartOf\":{\"@id\":\"https:\\\/\\\/kohenavocats.com\\\/tr\\\/tribunal-judiciaire-de-strasbourg-le-13-fevrier-2025-n24-06559\\\/\"},\"author\":{\"name\":\"Kohen\",\"@id\":\"https:\\\/\\\/kohenavocats.com\\\/tr\\\/#\\\/schema\\\/person\\\/761c9ba54fa1ca84d405cef0831ff751\"},\"headline\":\"Tribunal judiciaire de Strasbourg, le 13 f\u00e9vrier 2025, n\u00b024\\\/06559\",\"datePublished\":\"2026-04-23T15:43:34+00:00\",\"mainEntityOfPage\":{\"@id\":\"https:\\\/\\\/kohenavocats.com\\\/tr\\\/tribunal-judiciaire-de-strasbourg-le-13-fevrier-2025-n24-06559\\\/\"},\"wordCount\":669,\"commentCount\":0,\"publisher\":{\"@id\":\"https:\\\/\\\/kohenavocats.com\\\/tr\\\/#organization\"},\"image\":{\"@id\":\"https:\\\/\\\/kohenavocats.com\\\/tr\\\/tribunal-judiciaire-de-strasbourg-le-13-fevrier-2025-n24-06559\\\/#primaryimage\"},\"thumbnailUrl\":\"https:\\\/\\\/kohenavocats.com\\\/wp-content\\\/uploads\\\/2024\\\/11\\\/pawel-czerwinski-EPAQ0_u0VZo-unsplash.webp\",\"articleSection\":[\"Jurisprudence\"],\"inLanguage\":\"tr\",\"potentialAction\":[{\"@type\":\"CommentAction\",\"name\":\"Comment\",\"target\":[\"https:\\\/\\\/kohenavocats.com\\\/tr\\\/tribunal-judiciaire-de-strasbourg-le-13-fevrier-2025-n24-06559\\\/#respond\"]}],\"citation\":\"Tribunal judiciaire de Strasbourg, le 13 f\u00e9vrier 2025, n\u00b024\\\/06559\",\"about\":[{\"@type\":\"Thing\",\"name\":\"Jurisprudence\"}],\"dateModified\":\"2026-04-23T15:43:34+00:00\",\"speakable\":{\"@type\":\"SpeakableSpecification\",\"cssSelector\":[\".article-content > p:first-of-type\"]}},{\"@type\":\"WebPage\",\"@id\":\"https:\\\/\\\/kohenavocats.com\\\/tr\\\/tribunal-judiciaire-de-strasbourg-le-13-fevrier-2025-n24-06559\\\/\",\"url\":\"https:\\\/\\\/kohenavocats.com\\\/tr\\\/tribunal-judiciaire-de-strasbourg-le-13-fevrier-2025-n24-06559\\\/\",\"name\":\"Tribunal judiciaire de Strasbourg, le 13 f\u00e9vrier 2025, n\u00b024\\\/06559 - Ma\u00eetre Hassan Kohen, avocat en droit p\u00e9nal \u00e0 Paris\",\"isPartOf\":{\"@id\":\"https:\\\/\\\/kohenavocats.com\\\/tr\\\/#website\"},\"primaryImageOfPage\":{\"@id\":\"https:\\\/\\\/kohenavocats.com\\\/tr\\\/tribunal-judiciaire-de-strasbourg-le-13-fevrier-2025-n24-06559\\\/#primaryimage\"},\"image\":{\"@id\":\"https:\\\/\\\/kohenavocats.com\\\/tr\\\/tribunal-judiciaire-de-strasbourg-le-13-fevrier-2025-n24-06559\\\/#primaryimage\"},\"thumbnailUrl\":\"https:\\\/\\\/kohenavocats.com\\\/wp-content\\\/uploads\\\/2024\\\/11\\\/pawel-czerwinski-EPAQ0_u0VZo-unsplash.webp\",\"datePublished\":\"2026-04-23T15:43:34+00:00\",\"description\":\"Le tribunal de proximit\u00e9 de Haguenau, le 13 f\u00e9vrier 2025, statue sur une action en recours subrogatoire. Des bailleurs avaient obtenu la condamnation de leur...\",\"breadcrumb\":{\"@id\":\"https:\\\/\\\/kohenavocats.com\\\/tr\\\/tribunal-judiciaire-de-strasbourg-le-13-fevrier-2025-n24-06559\\\/#breadcrumb\"},\"inLanguage\":\"tr\",\"potentialAction\":[{\"@type\":\"ReadAction\",\"target\":[\"https:\\\/\\\/kohenavocats.com\\\/tr\\\/tribunal-judiciaire-de-strasbourg-le-13-fevrier-2025-n24-06559\\\/\"]}]},{\"@type\":\"ImageObject\",\"inLanguage\":\"tr\",\"@id\":\"https:\\\/\\\/kohenavocats.com\\\/tr\\\/tribunal-judiciaire-de-strasbourg-le-13-fevrier-2025-n24-06559\\\/#primaryimage\",\"url\":\"https:\\\/\\\/kohenavocats.com\\\/wp-content\\\/uploads\\\/2024\\\/11\\\/pawel-czerwinski-EPAQ0_u0VZo-unsplash.webp\",\"contentUrl\":\"https:\\\/\\\/kohenavocats.com\\\/wp-content\\\/uploads\\\/2024\\\/11\\\/pawel-czerwinski-EPAQ0_u0VZo-unsplash.webp\",\"width\":5000,\"height\":7500},{\"@type\":\"BreadcrumbList\",\"@id\":\"https:\\\/\\\/kohenavocats.com\\\/tr\\\/tribunal-judiciaire-de-strasbourg-le-13-fevrier-2025-n24-06559\\\/#breadcrumb\",\"itemListElement\":[{\"@type\":\"ListItem\",\"position\":1,\"name\":\"Home\",\"item\":\"https:\\\/\\\/kohenavocats.com\\\/tr\\\/avocats-en-droit-penal-a-paris-conseil-et-defense-strategique\\\/\"},{\"@type\":\"ListItem\",\"position\":2,\"name\":\"Tribunal judiciaire de Strasbourg, le 13 f\u00e9vrier 2025, n\u00b024\\\/06559\"}]},{\"@type\":\"WebSite\",\"@id\":\"https:\\\/\\\/kohenavocats.com\\\/tr\\\/#website\",\"url\":\"https:\\\/\\\/kohenavocats.com\\\/tr\\\/\",\"name\":\"Kohen Avocats\",\"description\":\"Ma\u00eetre Hassan Kohen, avocat p\u00e9naliste \u00e0 Paris, intervient exclusivement en droit p\u00e9nal pour la d\u00e9fense des particuliers, notamment en mati\u00e8re d\u2019accusations de viol. Il assure un accompagnement rigoureux d\u00e8s la garde \u00e0 vue jusqu\u2019\u00e0 la Cour d\u2019assises, veillant au strict respect des garanties proc\u00e9durales.\",\"publisher\":{\"@id\":\"https:\\\/\\\/kohenavocats.com\\\/tr\\\/#organization\"},\"potentialAction\":[{\"@type\":\"SearchAction\",\"target\":{\"@type\":\"EntryPoint\",\"urlTemplate\":\"https:\\\/\\\/kohenavocats.com\\\/tr\\\/?s={search_term_string}\"},\"query-input\":{\"@type\":\"PropertyValueSpecification\",\"valueRequired\":true,\"valueName\":\"search_term_string\"}}],\"inLanguage\":\"tr\"},{\"@type\":\"Organization\",\"@id\":\"https:\\\/\\\/kohenavocats.com\\\/tr\\\/#organization\",\"name\":\"Kohen Avocats\",\"url\":\"https:\\\/\\\/kohenavocats.com\\\/tr\\\/\",\"logo\":{\"@type\":\"ImageObject\",\"inLanguage\":\"tr\",\"@id\":\"https:\\\/\\\/kohenavocats.com\\\/tr\\\/#\\\/schema\\\/logo\\\/image\\\/\",\"url\":\"https:\\\/\\\/kohenavocats.com\\\/wp-content\\\/uploads\\\/2026\\\/01\\\/Logo-2-1.webp\",\"contentUrl\":\"https:\\\/\\\/kohenavocats.com\\\/wp-content\\\/uploads\\\/2026\\\/01\\\/Logo-2-1.webp\",\"width\":2114,\"height\":1253,\"caption\":\"Kohen Avocats\"},\"image\":{\"@id\":\"https:\\\/\\\/kohenavocats.com\\\/tr\\\/#\\\/schema\\\/logo\\\/image\\\/\"}},{\"@type\":\"Person\",\"@id\":\"https:\\\/\\\/kohenavocats.com\\\/tr\\\/#\\\/schema\\\/person\\\/761c9ba54fa1ca84d405cef0831ff751\",\"name\":\"Kohen\",\"image\":{\"@type\":\"ImageObject\",\"inLanguage\":\"tr\",\"@id\":\"https:\\\/\\\/secure.gravatar.com\\\/avatar\\\/1c5e76ef76bbbfdd2b4da984e2bf2fa4056fd51a27d25ce2c332047f1dfd6e00?s=96&d=identicon&r=g\",\"url\":\"https:\\\/\\\/secure.gravatar.com\\\/avatar\\\/1c5e76ef76bbbfdd2b4da984e2bf2fa4056fd51a27d25ce2c332047f1dfd6e00?s=96&d=identicon&r=g\",\"contentUrl\":\"https:\\\/\\\/secure.gravatar.com\\\/avatar\\\/1c5e76ef76bbbfdd2b4da984e2bf2fa4056fd51a27d25ce2c332047f1dfd6e00?s=96&d=identicon&r=g\",\"caption\":\"Kohen\"},\"sameAs\":[\"https:\\\/\\\/www.linkedin.com\\\/in\\\/hassan-kohen-448548192\\\/\",\"https:\\\/\\\/www.youtube.com\\\/@Kohen-Avocats\"],\"url\":\"https:\\\/\\\/kohenavocats.com\\\/tr\\\/author\\\/kohenmlk\\\/\"}]}<\/script>\n<!-- \/ Yoast SEO Premium plugin. -->","yoast_head_json":{"title":"Tribunal judiciaire de Strasbourg, le 13 f\u00e9vrier 2025, n\u00b024\/06559 - Ma\u00eetre Hassan Kohen, avocat en droit p\u00e9nal \u00e0 Paris","description":"Le tribunal de proximit\u00e9 de Haguenau, le 13 f\u00e9vrier 2025, statue sur une action en recours subrogatoire. Des bailleurs avaient obtenu la condamnation de leur...","robots":{"index":"index","follow":"follow","max-snippet":"max-snippet:-1","max-image-preview":"max-image-preview:large","max-video-preview":"max-video-preview:-1"},"canonical":"https:\/\/kohenavocats.com\/tr\/tribunal-judiciaire-de-strasbourg-le-13-fevrier-2025-n24-06559\/","og_locale":"tr_TR","og_type":"article","og_title":"Tribunal judiciaire de Strasbourg, le 13 f\u00e9vrier 2025, n\u00b024\/06559","og_description":"Le tribunal de proximit\u00e9 de Haguenau, le 13 f\u00e9vrier 2025, statue sur une action en recours subrogatoire. Des bailleurs avaient obtenu la condamnation de leur...","og_url":"https:\/\/kohenavocats.com\/tr\/tribunal-judiciaire-de-strasbourg-le-13-fevrier-2025-n24-06559\/","og_site_name":"Ma\u00eetre Hassan Kohen, avocat en droit p\u00e9nal \u00e0 Paris","article_published_time":"2026-04-23T15:43:34+00:00","og_image":[{"width":5000,"height":7500,"url":"https:\/\/kohenavocats.com\/wp-content\/uploads\/2024\/11\/pawel-czerwinski-EPAQ0_u0VZo-unsplash.webp","type":"image\/webp"}],"author":"Kohen","twitter_card":"summary_large_image","twitter_misc":{"Yazan:":"Kohen","Tahmini okuma s\u00fcresi":"3 dakika"},"schema":{"@context":"https:\/\/schema.org","@graph":[{"@type":"Article","@id":"https:\/\/kohenavocats.com\/tr\/tribunal-judiciaire-de-strasbourg-le-13-fevrier-2025-n24-06559\/#article","isPartOf":{"@id":"https:\/\/kohenavocats.com\/tr\/tribunal-judiciaire-de-strasbourg-le-13-fevrier-2025-n24-06559\/"},"author":{"name":"Kohen","@id":"https:\/\/kohenavocats.com\/tr\/#\/schema\/person\/761c9ba54fa1ca84d405cef0831ff751"},"headline":"Tribunal judiciaire de Strasbourg, le 13 f\u00e9vrier 2025, n\u00b024\/06559","datePublished":"2026-04-23T15:43:34+00:00","mainEntityOfPage":{"@id":"https:\/\/kohenavocats.com\/tr\/tribunal-judiciaire-de-strasbourg-le-13-fevrier-2025-n24-06559\/"},"wordCount":669,"commentCount":0,"publisher":{"@id":"https:\/\/kohenavocats.com\/tr\/#organization"},"image":{"@id":"https:\/\/kohenavocats.com\/tr\/tribunal-judiciaire-de-strasbourg-le-13-fevrier-2025-n24-06559\/#primaryimage"},"thumbnailUrl":"https:\/\/kohenavocats.com\/wp-content\/uploads\/2024\/11\/pawel-czerwinski-EPAQ0_u0VZo-unsplash.webp","articleSection":["Jurisprudence"],"inLanguage":"tr","potentialAction":[{"@type":"CommentAction","name":"Comment","target":["https:\/\/kohenavocats.com\/tr\/tribunal-judiciaire-de-strasbourg-le-13-fevrier-2025-n24-06559\/#respond"]}],"citation":"Tribunal judiciaire de Strasbourg, le 13 f\u00e9vrier 2025, n\u00b024\/06559","about":[{"@type":"Thing","name":"Jurisprudence"}],"dateModified":"2026-04-23T15:43:34+00:00","speakable":{"@type":"SpeakableSpecification","cssSelector":[".article-content > p:first-of-type"]}},{"@type":"WebPage","@id":"https:\/\/kohenavocats.com\/tr\/tribunal-judiciaire-de-strasbourg-le-13-fevrier-2025-n24-06559\/","url":"https:\/\/kohenavocats.com\/tr\/tribunal-judiciaire-de-strasbourg-le-13-fevrier-2025-n24-06559\/","name":"Tribunal judiciaire de Strasbourg, le 13 f\u00e9vrier 2025, n\u00b024\/06559 - Ma\u00eetre Hassan Kohen, avocat en droit p\u00e9nal \u00e0 Paris","isPartOf":{"@id":"https:\/\/kohenavocats.com\/tr\/#website"},"primaryImageOfPage":{"@id":"https:\/\/kohenavocats.com\/tr\/tribunal-judiciaire-de-strasbourg-le-13-fevrier-2025-n24-06559\/#primaryimage"},"image":{"@id":"https:\/\/kohenavocats.com\/tr\/tribunal-judiciaire-de-strasbourg-le-13-fevrier-2025-n24-06559\/#primaryimage"},"thumbnailUrl":"https:\/\/kohenavocats.com\/wp-content\/uploads\/2024\/11\/pawel-czerwinski-EPAQ0_u0VZo-unsplash.webp","datePublished":"2026-04-23T15:43:34+00:00","description":"Le tribunal de proximit\u00e9 de Haguenau, le 13 f\u00e9vrier 2025, statue sur une action en recours subrogatoire. Des bailleurs avaient obtenu la condamnation de leur...","breadcrumb":{"@id":"https:\/\/kohenavocats.com\/tr\/tribunal-judiciaire-de-strasbourg-le-13-fevrier-2025-n24-06559\/#breadcrumb"},"inLanguage":"tr","potentialAction":[{"@type":"ReadAction","target":["https:\/\/kohenavocats.com\/tr\/tribunal-judiciaire-de-strasbourg-le-13-fevrier-2025-n24-06559\/"]}]},{"@type":"ImageObject","inLanguage":"tr","@id":"https:\/\/kohenavocats.com\/tr\/tribunal-judiciaire-de-strasbourg-le-13-fevrier-2025-n24-06559\/#primaryimage","url":"https:\/\/kohenavocats.com\/wp-content\/uploads\/2024\/11\/pawel-czerwinski-EPAQ0_u0VZo-unsplash.webp","contentUrl":"https:\/\/kohenavocats.com\/wp-content\/uploads\/2024\/11\/pawel-czerwinski-EPAQ0_u0VZo-unsplash.webp","width":5000,"height":7500},{"@type":"BreadcrumbList","@id":"https:\/\/kohenavocats.com\/tr\/tribunal-judiciaire-de-strasbourg-le-13-fevrier-2025-n24-06559\/#breadcrumb","itemListElement":[{"@type":"ListItem","position":1,"name":"Home","item":"https:\/\/kohenavocats.com\/tr\/avocats-en-droit-penal-a-paris-conseil-et-defense-strategique\/"},{"@type":"ListItem","position":2,"name":"Tribunal judiciaire de Strasbourg, le 13 f\u00e9vrier 2025, n\u00b024\/06559"}]},{"@type":"WebSite","@id":"https:\/\/kohenavocats.com\/tr\/#website","url":"https:\/\/kohenavocats.com\/tr\/","name":"Kohen Avocats","description":"Ma\u00eetre Hassan Kohen, avocat p\u00e9naliste \u00e0 Paris, intervient exclusivement en droit p\u00e9nal pour la d\u00e9fense des particuliers, notamment en mati\u00e8re d\u2019accusations de viol. Il assure un accompagnement rigoureux d\u00e8s la garde \u00e0 vue jusqu\u2019\u00e0 la Cour d\u2019assises, veillant au strict respect des garanties proc\u00e9durales.","publisher":{"@id":"https:\/\/kohenavocats.com\/tr\/#organization"},"potentialAction":[{"@type":"SearchAction","target":{"@type":"EntryPoint","urlTemplate":"https:\/\/kohenavocats.com\/tr\/?s={search_term_string}"},"query-input":{"@type":"PropertyValueSpecification","valueRequired":true,"valueName":"search_term_string"}}],"inLanguage":"tr"},{"@type":"Organization","@id":"https:\/\/kohenavocats.com\/tr\/#organization","name":"Kohen Avocats","url":"https:\/\/kohenavocats.com\/tr\/","logo":{"@type":"ImageObject","inLanguage":"tr","@id":"https:\/\/kohenavocats.com\/tr\/#\/schema\/logo\/image\/","url":"https:\/\/kohenavocats.com\/wp-content\/uploads\/2026\/01\/Logo-2-1.webp","contentUrl":"https:\/\/kohenavocats.com\/wp-content\/uploads\/2026\/01\/Logo-2-1.webp","width":2114,"height":1253,"caption":"Kohen Avocats"},"image":{"@id":"https:\/\/kohenavocats.com\/tr\/#\/schema\/logo\/image\/"}},{"@type":"Person","@id":"https:\/\/kohenavocats.com\/tr\/#\/schema\/person\/761c9ba54fa1ca84d405cef0831ff751","name":"Kohen","image":{"@type":"ImageObject","inLanguage":"tr","@id":"https:\/\/secure.gravatar.com\/avatar\/1c5e76ef76bbbfdd2b4da984e2bf2fa4056fd51a27d25ce2c332047f1dfd6e00?s=96&d=identicon&r=g","url":"https:\/\/secure.gravatar.com\/avatar\/1c5e76ef76bbbfdd2b4da984e2bf2fa4056fd51a27d25ce2c332047f1dfd6e00?s=96&d=identicon&r=g","contentUrl":"https:\/\/secure.gravatar.com\/avatar\/1c5e76ef76bbbfdd2b4da984e2bf2fa4056fd51a27d25ce2c332047f1dfd6e00?s=96&d=identicon&r=g","caption":"Kohen"},"sameAs":["https:\/\/www.linkedin.com\/in\/hassan-kohen-448548192\/","https:\/\/www.youtube.com\/@Kohen-Avocats"],"url":"https:\/\/kohenavocats.com\/tr\/author\/kohenmlk\/"}]}},"jetpack_featured_media_url":"https:\/\/kohenavocats.com\/wp-content\/uploads\/2024\/11\/pawel-czerwinski-EPAQ0_u0VZo-unsplash.webp","jetpack_likes_enabled":false,"jetpack_shortlink":"https:\/\/wp.me\/peCrII-2M6v","jetpack-related-posts":[{"id":263846,"url":"https:\/\/kohenavocats.com\/tr\/tribunal-judiciaire-de-dijon-le-27-juin-2025-n23-03191\/","url_meta":{"origin":661571,"position":0},"title":"Tribunal judiciaire de Dijon, le 27 juin 2025, n\u00b023\/03191","author":"Kohen","date":"10 Ocak 2026","format":false,"excerpt":"Rendue par le tribunal judiciaire de [Localit\u00e9 5] le 27 juin 2025, l\u2019ordonnance du juge de la mise en \u00e9tat tranche plusieurs fins de non\u2011recevoir dans un litige opposant l\u2019assureur du responsable et les assureurs du propri\u00e9taire. Le diff\u00e9rend s\u2019inscrit dans la suite d\u2019un incendie survenu en ao\u00fbt 2013 dans\u2026","rel":"","context":"&quot;D\u00e9cisions juridiques&quot; i\u00e7inde","block_context":{"text":"D\u00e9cisions juridiques","link":"https:\/\/kohenavocats.com\/category\/decisions-juridiques\/"},"img":{"alt_text":"","src":"https:\/\/i0.wp.com\/kohenavocats.com\/wp-content\/uploads\/2024\/08\/diane-picchiottino-PRFRLk75rKE-unsplash.webp?resize=350%2C200&ssl=1","width":350,"height":200,"srcset":"https:\/\/i0.wp.com\/kohenavocats.com\/wp-content\/uploads\/2024\/08\/diane-picchiottino-PRFRLk75rKE-unsplash.webp?resize=350%2C200&ssl=1 1x, https:\/\/i0.wp.com\/kohenavocats.com\/wp-content\/uploads\/2024\/08\/diane-picchiottino-PRFRLk75rKE-unsplash.webp?resize=525%2C300&ssl=1 1.5x, https:\/\/i0.wp.com\/kohenavocats.com\/wp-content\/uploads\/2024\/08\/diane-picchiottino-PRFRLk75rKE-unsplash.webp?resize=700%2C400&ssl=1 2x, https:\/\/i0.wp.com\/kohenavocats.com\/wp-content\/uploads\/2024\/08\/diane-picchiottino-PRFRLk75rKE-unsplash.webp?resize=1050%2C600&ssl=1 3x, https:\/\/i0.wp.com\/kohenavocats.com\/wp-content\/uploads\/2024\/08\/diane-picchiottino-PRFRLk75rKE-unsplash.webp?resize=1400%2C800&ssl=1 4x"},"classes":[]},{"id":630038,"url":"https:\/\/kohenavocats.com\/tr\/tribunal-judiciaire-de-chartres-le-15-octobre-2025-n24-00622\/","url_meta":{"origin":661571,"position":1},"title":"Tribunal judiciaire de Chartres, le 15 octobre 2025, n\u00b024\/00622","author":"Kohen","date":"21 Nisan 2026","format":false,"excerpt":"Le Tribunal judiciaire, statuant en date non pr\u00e9cis\u00e9e, a \u00e9t\u00e9 saisi par deux soci\u00e9t\u00e9s d'assurance subrog\u00e9es dans les droits de leur assur\u00e9, un bailleur. Ces d...","rel":"","context":"&quot;Jurisprudence&quot; i\u00e7inde","block_context":{"text":"Jurisprudence","link":"https:\/\/kohenavocats.com\/category\/jurisprudence\/"},"img":{"alt_text":"","src":"https:\/\/i0.wp.com\/kohenavocats.com\/wp-content\/uploads\/2024\/07\/chris-karidis-F77D9r-qIqU-unsplash.webp?resize=350%2C200&ssl=1","width":350,"height":200,"srcset":"https:\/\/i0.wp.com\/kohenavocats.com\/wp-content\/uploads\/2024\/07\/chris-karidis-F77D9r-qIqU-unsplash.webp?resize=350%2C200&ssl=1 1x, https:\/\/i0.wp.com\/kohenavocats.com\/wp-content\/uploads\/2024\/07\/chris-karidis-F77D9r-qIqU-unsplash.webp?resize=525%2C300&ssl=1 1.5x, https:\/\/i0.wp.com\/kohenavocats.com\/wp-content\/uploads\/2024\/07\/chris-karidis-F77D9r-qIqU-unsplash.webp?resize=700%2C400&ssl=1 2x, https:\/\/i0.wp.com\/kohenavocats.com\/wp-content\/uploads\/2024\/07\/chris-karidis-F77D9r-qIqU-unsplash.webp?resize=1050%2C600&ssl=1 3x, https:\/\/i0.wp.com\/kohenavocats.com\/wp-content\/uploads\/2024\/07\/chris-karidis-F77D9r-qIqU-unsplash.webp?resize=1400%2C800&ssl=1 4x"},"classes":[]},{"id":426180,"url":"https:\/\/kohenavocats.com\/tr\/cour-dappel-de-paris-le-25-fevrier-2026-n22-01586\/","url_meta":{"origin":661571,"position":2},"title":"Cour d&#8217;appel de Paris, le 25 f\u00e9vrier 2026, n\u00b022\/01586","author":"Kohen","date":"23 Mart 2026","format":false,"excerpt":"La Cour d\u2019appel de Paris, dans un arr\u00eat du 25 f\u00e9vrier 2026, confirme un jugement ayant condamn\u00e9 un locataire commercial au paiement d\u2019une indemnit\u00e9 \u00e0 l\u2019assureur subrog\u00e9 du bailleur suite \u00e0 un incendie. Le locataire invoquait une clause de renonciation \u00e0 recours ins\u00e9r\u00e9e dans le bail. La cour \u00e9carte cette\u2026","rel":"","context":"&quot;Cour d'appel&quot; i\u00e7inde","block_context":{"text":"Cour d'appel","link":"https:\/\/kohenavocats.com\/category\/cour-dappel\/"},"img":{"alt_text":"","src":"https:\/\/i0.wp.com\/kohenavocats.com\/wp-content\/uploads\/2024\/08\/rosilaine-alves-674oH-T1wNo-unsplash.webp?resize=350%2C200&ssl=1","width":350,"height":200,"srcset":"https:\/\/i0.wp.com\/kohenavocats.com\/wp-content\/uploads\/2024\/08\/rosilaine-alves-674oH-T1wNo-unsplash.webp?resize=350%2C200&ssl=1 1x, https:\/\/i0.wp.com\/kohenavocats.com\/wp-content\/uploads\/2024\/08\/rosilaine-alves-674oH-T1wNo-unsplash.webp?resize=525%2C300&ssl=1 1.5x, https:\/\/i0.wp.com\/kohenavocats.com\/wp-content\/uploads\/2024\/08\/rosilaine-alves-674oH-T1wNo-unsplash.webp?resize=700%2C400&ssl=1 2x, https:\/\/i0.wp.com\/kohenavocats.com\/wp-content\/uploads\/2024\/08\/rosilaine-alves-674oH-T1wNo-unsplash.webp?resize=1050%2C600&ssl=1 3x, https:\/\/i0.wp.com\/kohenavocats.com\/wp-content\/uploads\/2024\/08\/rosilaine-alves-674oH-T1wNo-unsplash.webp?resize=1400%2C800&ssl=1 4x"},"classes":[]},{"id":291303,"url":"https:\/\/kohenavocats.com\/tr\/tribunal-judiciaire-de-nantes-palais-de-justice-le-4-juillet-2025-n25-01456\/","url_meta":{"origin":661571,"position":3},"title":"Tribunal judiciaire de Nantes &#8211; Palais de Justice, le 4 juillet 2025, n\u00b025\/01456","author":"Kohen","date":"21 Ocak 2026","format":false,"excerpt":"Rendu par le juge des contentieux de la protection du tribunal judiciaire de Nantes le 4 juillet 2025, ce jugement statue sur le recours subrogatoire d\u2019un assureur ayant indemnis\u00e9 des bailleurs au titre d\u2019une garantie loyers impay\u00e9s et d\u00e9t\u00e9riorations, \u00e0 l\u2019encontre d\u2019anciens locataires sortis des lieux. Les locataires avaient donn\u00e9\u2026","rel":"","context":"&quot;D\u00e9cisions juridiques&quot; i\u00e7inde","block_context":{"text":"D\u00e9cisions juridiques","link":"https:\/\/kohenavocats.com\/category\/decisions-juridiques\/"},"img":{"alt_text":"","src":"https:\/\/i0.wp.com\/kohenavocats.com\/wp-content\/uploads\/2024\/11\/andrej-lisakov-KkjNOCBD6HQ-unsplash.webp?resize=350%2C200&ssl=1","width":350,"height":200,"srcset":"https:\/\/i0.wp.com\/kohenavocats.com\/wp-content\/uploads\/2024\/11\/andrej-lisakov-KkjNOCBD6HQ-unsplash.webp?resize=350%2C200&ssl=1 1x, https:\/\/i0.wp.com\/kohenavocats.com\/wp-content\/uploads\/2024\/11\/andrej-lisakov-KkjNOCBD6HQ-unsplash.webp?resize=525%2C300&ssl=1 1.5x, https:\/\/i0.wp.com\/kohenavocats.com\/wp-content\/uploads\/2024\/11\/andrej-lisakov-KkjNOCBD6HQ-unsplash.webp?resize=700%2C400&ssl=1 2x, https:\/\/i0.wp.com\/kohenavocats.com\/wp-content\/uploads\/2024\/11\/andrej-lisakov-KkjNOCBD6HQ-unsplash.webp?resize=1050%2C600&ssl=1 3x, https:\/\/i0.wp.com\/kohenavocats.com\/wp-content\/uploads\/2024\/11\/andrej-lisakov-KkjNOCBD6HQ-unsplash.webp?resize=1400%2C800&ssl=1 4x"},"classes":[]},{"id":634853,"url":"https:\/\/kohenavocats.com\/tr\/tribunal-judiciaire-de-toulouse-le-19-mars-2025-n25-00190\/","url_meta":{"origin":661571,"position":4},"title":"Tribunal judiciaire de Toulouse, le 19 mars 2025, n\u00b025\/00190","author":"Kohen","date":"21 Nisan 2026","format":false,"excerpt":"Le juge des contentieux de la protection, statuant en premier ressort, a rendu une d\u00e9cision le 19 mars 2025. L\u2019affaire opposait une soci\u00e9t\u00e9 d\u2019assurances, sub...","rel":"","context":"&quot;Jurisprudence&quot; i\u00e7inde","block_context":{"text":"Jurisprudence","link":"https:\/\/kohenavocats.com\/category\/jurisprudence\/"},"img":{"alt_text":"","src":"https:\/\/i0.wp.com\/kohenavocats.com\/wp-content\/uploads\/2024\/11\/virginia-marinova-5TTaPKNAuHU-unsplash.webp?resize=350%2C200&ssl=1","width":350,"height":200,"srcset":"https:\/\/i0.wp.com\/kohenavocats.com\/wp-content\/uploads\/2024\/11\/virginia-marinova-5TTaPKNAuHU-unsplash.webp?resize=350%2C200&ssl=1 1x, https:\/\/i0.wp.com\/kohenavocats.com\/wp-content\/uploads\/2024\/11\/virginia-marinova-5TTaPKNAuHU-unsplash.webp?resize=525%2C300&ssl=1 1.5x, https:\/\/i0.wp.com\/kohenavocats.com\/wp-content\/uploads\/2024\/11\/virginia-marinova-5TTaPKNAuHU-unsplash.webp?resize=700%2C400&ssl=1 2x, https:\/\/i0.wp.com\/kohenavocats.com\/wp-content\/uploads\/2024\/11\/virginia-marinova-5TTaPKNAuHU-unsplash.webp?resize=1050%2C600&ssl=1 3x, https:\/\/i0.wp.com\/kohenavocats.com\/wp-content\/uploads\/2024\/11\/virginia-marinova-5TTaPKNAuHU-unsplash.webp?resize=1400%2C800&ssl=1 4x"},"classes":[]},{"id":682770,"url":"https:\/\/kohenavocats.com\/tr\/cour-dappel-de-paris-le-15-decembre-2026-n23-07563\/","url_meta":{"origin":661571,"position":5},"title":"Cour d&#8217;appel de Paris, le 15 d\u00e9cembre 2026, n\u00b023\/07563","author":"Kohen","date":"25 Nisan 2026","format":false,"excerpt":"La cour d'appel de Paris, le 15 d\u00e9cembre 2026, statue sur un litige locatif. Des locataires contestent leur condamnation au paiement de loyers impay\u00e9s et de ...","rel":"","context":"&quot;Jurisprudence&quot; i\u00e7inde","block_context":{"text":"Jurisprudence","link":"https:\/\/kohenavocats.com\/category\/jurisprudence\/"},"img":{"alt_text":"","src":"https:\/\/i0.wp.com\/kohenavocats.com\/wp-content\/uploads\/2024\/11\/getty-images-v_YYHSi9aoU-unsplash.webp?resize=350%2C200&ssl=1","width":350,"height":200,"srcset":"https:\/\/i0.wp.com\/kohenavocats.com\/wp-content\/uploads\/2024\/11\/getty-images-v_YYHSi9aoU-unsplash.webp?resize=350%2C200&ssl=1 1x, https:\/\/i0.wp.com\/kohenavocats.com\/wp-content\/uploads\/2024\/11\/getty-images-v_YYHSi9aoU-unsplash.webp?resize=525%2C300&ssl=1 1.5x, https:\/\/i0.wp.com\/kohenavocats.com\/wp-content\/uploads\/2024\/11\/getty-images-v_YYHSi9aoU-unsplash.webp?resize=700%2C400&ssl=1 2x, https:\/\/i0.wp.com\/kohenavocats.com\/wp-content\/uploads\/2024\/11\/getty-images-v_YYHSi9aoU-unsplash.webp?resize=1050%2C600&ssl=1 3x, https:\/\/i0.wp.com\/kohenavocats.com\/wp-content\/uploads\/2024\/11\/getty-images-v_YYHSi9aoU-unsplash.webp?resize=1400%2C800&ssl=1 4x"},"classes":[]}],"jetpack_sharing_enabled":true,"_links":{"self":[{"href":"https:\/\/kohenavocats.com\/tr\/wp-json\/wp\/v2\/posts\/661571","targetHints":{"allow":["GET"]}}],"collection":[{"href":"https:\/\/kohenavocats.com\/tr\/wp-json\/wp\/v2\/posts"}],"about":[{"href":"https:\/\/kohenavocats.com\/tr\/wp-json\/wp\/v2\/types\/post"}],"author":[{"embeddable":true,"href":"https:\/\/kohenavocats.com\/tr\/wp-json\/wp\/v2\/users\/232070755"}],"replies":[{"embeddable":true,"href":"https:\/\/kohenavocats.com\/tr\/wp-json\/wp\/v2\/comments?post=661571"}],"version-history":[{"count":0,"href":"https:\/\/kohenavocats.com\/tr\/wp-json\/wp\/v2\/posts\/661571\/revisions"}],"wp:featuredmedia":[{"embeddable":true,"href":"https:\/\/kohenavocats.com\/tr\/wp-json\/wp\/v2\/media\/9436"}],"wp:attachment":[{"href":"https:\/\/kohenavocats.com\/tr\/wp-json\/wp\/v2\/media?parent=661571"}],"wp:term":[{"taxonomy":"category","embeddable":true,"href":"https:\/\/kohenavocats.com\/tr\/wp-json\/wp\/v2\/categories?post=661571"},{"taxonomy":"post_tag","embeddable":true,"href":"https:\/\/kohenavocats.com\/tr\/wp-json\/wp\/v2\/tags?post=661571"}],"curies":[{"name":"wp","href":"https:\/\/api.w.org\/{rel}","templated":true}]}}