{"id":662522,"date":"2026-04-23T19:38:38","date_gmt":"2026-04-23T17:38:38","guid":{"rendered":"https:\/\/kohenavocats.com\/mon-fils-veut-vivre-chez-son-pere-que-faire-jaf-changement-residence\/"},"modified":"2026-05-01T09:48:07","modified_gmt":"2026-05-01T07:48:07","slug":"mon-fils-veut-vivre-chez-son-pere-que-faire-jaf-changement-residence","status":"publish","type":"post","link":"https:\/\/kohenavocats.com\/tr\/mon-fils-veut-vivre-chez-son-pere-que-faire-jaf-changement-residence\/","title":{"rendered":"Mon fils veut vivre chez son p\u00e8re : que faire, faut-il ressaisir le JAF et quelles preuves pr\u00e9parer ?"},"content":{"rendered":"<p>Quand un enfant dit qu&#8217;il veut aller vivre chez son p\u00e8re, beaucoup de parents font la m\u00eame erreur.<\/p>\n<p>Ils pensent soit qu&#8217;il faut accepter imm\u00e9diatement parce que <code>l'enfant a choisi<\/code>, soit qu&#8217;il faut refuser s\u00e8chement parce qu&#8217;<code>un mineur ne d\u00e9cide pas<\/code>.<\/p>\n<p>Les deux r\u00e9flexes sont trop courts.<\/p>\n<p>En droit fran\u00e7ais, l&#8217;enfant ne choisit pas seul sa r\u00e9sidence. Mais sa parole compte, parfois fortement, d\u00e8s lors qu&#8217;elle s&#8217;inscrit dans une situation concr\u00e8te, stable et document\u00e9e. Le juge aux affaires familiales ne tranche pas en fonction d&#8217;un slogan. Il tranche en fonction de l&#8217;int\u00e9r\u00eat de l&#8217;enfant.<\/p>\n<p>Le socle l\u00e9gal est clair :<\/p>\n<ul>\n<li>l&#8217;<a href=\"https:\/\/www.legifrance.gouv.fr\/codes\/article_lc\/LEGIARTI000049294125\">article 373-2 du code civil<\/a> impose d&#8217;informer l&#8217;autre parent de tout changement de r\u00e9sidence modifiant l&#8217;exercice de l&#8217;autorit\u00e9 parentale et pr\u00e9voit, en cas de d\u00e9saccord, la saisine du JAF ;<\/li>\n<li>l&#8217;<a href=\"https:\/\/www.legifrance.gouv.fr\/codes\/article_lc\/LEGIARTI000022469784\">article 373-2-11 du code civil<\/a> \u00e9num\u00e8re les crit\u00e8res que le juge doit prendre en consid\u00e9ration ;<\/li>\n<li>l&#8217;<a href=\"https:\/\/www.legifrance.gouv.fr\/codes\/article_lc\/LEGIARTI000006427150\">article 388-1 du code civil<\/a> organise l&#8217;audition du mineur capable de discernement ;<\/li>\n<li>l&#8217;<a href=\"https:\/\/www.legifrance.gouv.fr\/codes\/article_lc\/LEGIARTI000033460816\">article 373-2-13 du code civil<\/a> permet de modifier \u00e0 tout moment les d\u00e9cisions relatives \u00e0 l&#8217;exercice de l&#8217;autorit\u00e9 parentale.<\/li>\n<\/ul>\n<p>Pour replacer ce sujet dans son cluster, gardez aussi notre page socle sur la <a href=\"https:\/\/kohenavocats.com\/avocats-residence-enfant-paris\/\">r\u00e9sidence de l&#8217;enfant<\/a> et, pour le spoke voisin sur la r\u00e9sidence altern\u00e9e, notre guide <a href=\"https:\/\/kohenavocats.com\/residence-alternee-conditions-refus-jurisprudence\/\">R\u00e9sidence altern\u00e9e : conditions, refus et jurisprudence r\u00e9cente<\/a>. Pour la d\u00e9clinaison locale, voyez aussi la version <a href=\"https:\/\/kohenavocats.fr\/2026\/04\/23\/mon-fils-veut-vivre-chez-son-pere-paris-ile-de-france-jaf-pieces-delais\/\">Paris et \u00cele-de-France : quel JAF saisir, quelles pi\u00e8ces pr\u00e9parer et quels d\u00e9lais pr\u00e9voir ?<\/a>.<\/p>\n<h2>1. Non, votre fils ne d\u00e9cide pas seul. Oui, ce qu&#8217;il dit peut faire bouger le dossier.<\/h2>\n<p>Il n&#8217;existe pas, en droit, un \u00e2ge magique \u00e0 partir duquel un enfant pourrait <code>choisir<\/code> librement chez quel parent vivre.<\/p>\n<p>Le vrai crit\u00e8re n&#8217;est pas l&#8217;\u00e2ge en soi. C&#8217;est le discernement de l&#8217;enfant, la coh\u00e9rence de ses propos, la stabilit\u00e9 de sa demande et le contexte global du dossier.<\/p>\n<p>L&#8217;<a href=\"https:\/\/www.legifrance.gouv.fr\/codes\/article_lc\/LEGIARTI000022469784\">article 373-2-11 du code civil<\/a> oblige le juge \u00e0 regarder notamment :<\/p>\n<ul>\n<li>la pratique ant\u00e9rieure des parents ;<\/li>\n<li>les sentiments exprim\u00e9s par l&#8217;enfant dans les conditions de l&#8217;<a href=\"https:\/\/www.legifrance.gouv.fr\/codes\/article_lc\/LEGIARTI000006427150\">article 388-1<\/a> ;<\/li>\n<li>l&#8217;aptitude de chacun des parents \u00e0 assumer ses devoirs ;<\/li>\n<li>les enqu\u00eates, expertises et \u00e9l\u00e9ments recueillis ;<\/li>\n<li>les pressions ou violences exerc\u00e9es par un parent sur l&#8217;autre.<\/li>\n<\/ul>\n<p>La cons\u00e9quence pratique est importante :<\/p>\n<ul>\n<li>si votre fils dit une fois, dans un moment de tension, qu&#8217;il veut vivre chez son p\u00e8re, cela ne suffit pas ;<\/li>\n<li>si sa demande revient, s&#8217;explique, s&#8217;inscrit dans un malaise scolaire, relationnel ou logistique objectivable, le dossier change ;<\/li>\n<li>si cette demande s&#8217;accompagne d&#8217;un changement brutal d\u00e9cid\u00e9 unilat\u00e9ralement par l&#8217;autre parent, le juge regardera aussi la m\u00e9thode employ\u00e9e.<\/li>\n<\/ul>\n<p>En d&#8217;autres termes, la parole de l&#8217;enfant compte. Elle ne gouverne pas seule.<\/p>\n<h2>2. La premi\u00e8re question n&#8217;est pas juridique. Elle est factuelle.<\/h2>\n<p>Avant d&#8217;\u00e9crire au p\u00e8re, avant de parler d&#8217;avocat, avant m\u00eame de remplir un formulaire, il faut comprendre ce qui se passe r\u00e9ellement.<\/p>\n<p>Un enfant peut dire qu&#8217;il veut vivre chez son p\u00e8re pour des raisons tr\u00e8s diff\u00e9rentes :<\/p>\n<ul>\n<li>conflit ponctuel avec sa m\u00e8re ;<\/li>\n<li>attirance pour un cadre plus souple ;<\/li>\n<li>fatigue des trajets ;<\/li>\n<li>difficult\u00e9 avec un beau-parent ;<\/li>\n<li>probl\u00e8me scolaire ;<\/li>\n<li>meilleure proximit\u00e9 g\u00e9ographique avec le coll\u00e8ge, le lyc\u00e9e ou les activit\u00e9s ;<\/li>\n<li>ou, parfois, influence manifeste d&#8217;un parent.<\/li>\n<\/ul>\n<p>Le mauvais r\u00e9flexe consiste \u00e0 r\u00e9duire imm\u00e9diatement la situation \u00e0 une lecture morale : <code>il est manipul\u00e9<\/code> ou <code>il a raison<\/code>.<\/p>\n<p>Le bon r\u00e9flexe consiste \u00e0 documenter.<\/p>\n<p>Il faut regarder :<\/p>\n<ul>\n<li>o\u00f9 l&#8217;enfant dort r\u00e9ellement ;<\/li>\n<li>qui g\u00e8re l&#8217;\u00e9cole ;<\/li>\n<li>qui accompagne les soins ;<\/li>\n<li>qui assume les horaires ;<\/li>\n<li>quelle est la distance entre les domiciles ;<\/li>\n<li>ce que dit le jugement ou la convention actuelle ;<\/li>\n<li>et si le souhait de l&#8217;enfant dure ou change d&#8217;une semaine \u00e0 l&#8217;autre.<\/li>\n<\/ul>\n<p>Un dossier de changement de r\u00e9sidence se gagne rarement avec une phrase. Il se gagne avec une chronologie.<\/p>\n<h2>3. Faut-il accepter un changement imm\u00e9diat de r\u00e9sidence ?<\/h2>\n<p>En pratique, c&#8217;est le point le plus dangereux.<\/p>\n<p>Beaucoup de parents laissent l&#8217;enfant partir <code>pour essayer<\/code>, sans \u00e9crire clairement ce qui est provisoire, sans pr\u00e9venir l&#8217;\u00e9cole, sans fixer la date de retour, sans organiser la pension, sans saisir le juge, puis d\u00e9couvrent quelques semaines plus tard qu&#8217;un fait accompli est en train de se construire.<\/p>\n<p>Il faut distinguer deux situations.<\/p>\n<h3>A. Les deux parents sont d&#8217;accord pour tester ou modifier la r\u00e9sidence<\/h3>\n<p>Si vous \u00eates d&#8217;accord, le plus s\u00fbr n&#8217;est pas de rester dans l&#8217;oral.<\/p>\n<p>L&#8217;<a href=\"https:\/\/www.legifrance.gouv.fr\/codes\/article_lc\/LEGIARTI000006426763\">article 373-2-7 du code civil<\/a> permet aux parents de soumettre au JAF une convention organisant les modalit\u00e9s d&#8217;exercice de l&#8217;autorit\u00e9 parentale.<\/p>\n<p>En pratique, cela suppose de fixer noir sur blanc :<\/p>\n<ul>\n<li>la nouvelle r\u00e9sidence ;<\/li>\n<li>la date de d\u00e9marrage ;<\/li>\n<li>l&#8217;organisation des week-ends et vacances ;<\/li>\n<li>la contribution \u00e0 l&#8217;entretien de l&#8217;enfant ;<\/li>\n<li>les frais de transport ;<\/li>\n<li>et, si n\u00e9cessaire, la scolarit\u00e9.<\/li>\n<\/ul>\n<p>Un accord clair homologu\u00e9 prot\u00e8ge beaucoup mieux qu&#8217;un <code>on verra<\/code>.<\/p>\n<h3>B. Les parents sont en d\u00e9saccord<\/h3>\n<p>Dans ce cas, l&#8217;<a href=\"https:\/\/www.legifrance.gouv.fr\/codes\/article_lc\/LEGIARTI000049294125\">article 373-2 du code civil<\/a> pr\u00e9voit que le parent le plus diligent saisit le juge.<\/p>\n<p>Cela veut dire deux choses tr\u00e8s concr\u00e8tes :<\/p>\n<ul>\n<li>un parent ne devrait pas imposer seul un transfert durable de r\u00e9sidence ;<\/li>\n<li>l&#8217;autre parent ne doit pas se contenter de protester par messages si la situation modifie r\u00e9ellement l&#8217;\u00e9quilibre du dossier.<\/li>\n<\/ul>\n<p>Quand la r\u00e9sidence change dans les faits, le temps joue vite contre celui qui ne structure pas sa r\u00e9ponse.<\/p>\n<h2>4. Que regarde vraiment le JAF si votre fils veut vivre chez son p\u00e8re ?<\/h2>\n<p>Le juge ne se contente pas de demander : <code>chez qui l'enfant pr\u00e9f\u00e8re-t-il vivre ?<\/code><\/p>\n<p>Il regarde si le changement est coh\u00e9rent avec l&#8217;int\u00e9r\u00eat de l&#8217;enfant.<\/p>\n<p>En pratique, les facteurs d\u00e9cisifs sont souvent les suivants.<\/p>\n<h3>La stabilit\u00e9 scolaire et logistique<\/h3>\n<p>Le juge regarde le temps de trajet, l&#8217;\u00e9cole, les horaires, les activit\u00e9s, les devoirs, la fatigue et la r\u00e9alit\u00e9 quotidienne. Un changement de r\u00e9sidence qui am\u00e9liore r\u00e9ellement la vie scolaire peut peser. Un changement qui d\u00e9sorganise tout p\u00e8se dans l&#8217;autre sens.<\/p>\n<h3>La disponibilit\u00e9 concr\u00e8te du p\u00e8re<\/h3>\n<p>Le p\u00e8re ne gagne pas un dossier parce que l&#8217;enfant dit vouloir vivre chez lui. Il doit montrer qu&#8217;il peut assumer les r\u00e9veils, l&#8217;\u00e9cole, les repas, les soins, les rendez-vous, les devoirs et les impr\u00e9vus.<\/p>\n<h3>La qualit\u00e9 des liens avec l&#8217;autre parent<\/h3>\n<p>L&#8217;<a href=\"https:\/\/www.legifrance.gouv.fr\/codes\/article_lc\/LEGIARTI000049294125\">article 373-2 du code civil<\/a> rappelle que chacun des parents doit maintenir les relations de l&#8217;enfant avec l&#8217;autre. Un parent qui promet un changement de r\u00e9sidence mais coupe ensuite l&#8217;enfant de l&#8217;autre parent d\u00e9grade son dossier.<\/p>\n<h3>La m\u00e9thode utilis\u00e9e<\/h3>\n<p>Si un parent a pr\u00e9par\u00e9 le changement discr\u00e8tement, chang\u00e9 l&#8217;\u00e9cole seul, conserv\u00e9 les papiers, bloqu\u00e9 les remises ou instrumentalis\u00e9 la parole de l&#8217;enfant, le juge le voit souvent comme un signal d\u00e9favorable.<\/p>\n<h3>La parole de l&#8217;enfant<\/h3>\n<p>Elle est importante, surtout lorsqu&#8217;elle est stable, circonstanci\u00e9e et non r\u00e9citable. Mais elle doit \u00eatre replac\u00e9e dans le dossier.<\/p>\n<p>Le vrai sujet n&#8217;est pas <code>que pr\u00e9f\u00e8re-t-il aujourd'hui ?<\/code><\/p>\n<p>Le vrai sujet est : <code>qu'est-ce qui prot\u00e8ge le mieux sa continuit\u00e9 de vie demain ?<\/code><\/p>\n<h2>5. L&#8217;audition de l&#8217;enfant : utile, mais pas automatique dans le sens esp\u00e9r\u00e9<\/h2>\n<p>L&#8217;<a href=\"https:\/\/www.legifrance.gouv.fr\/codes\/article_lc\/LEGIARTI000006427150\">article 388-1 du code civil<\/a> pr\u00e9voit que le mineur capable de discernement peut \u00eatre entendu par le juge. Cette audition est de droit lorsqu&#8217;il la demande.<\/p>\n<p>Ce texte est souvent mal compris.<\/p>\n<p>Il ne signifie pas :<\/p>\n<ul>\n<li>que l&#8217;enfant devient partie au proc\u00e8s ;<\/li>\n<li>que le juge fera exactement ce qu&#8217;il demande ;<\/li>\n<li>ou qu&#8217;il faut syst\u00e9matiquement le placer au centre du conflit.<\/li>\n<\/ul>\n<p>Il signifie que, dans certains dossiers, la parole directe de l&#8217;enfant doit \u00eatre recueillie.<\/p>\n<p>L&#8217;audition peut \u00eatre utile quand :<\/p>\n<ul>\n<li>la demande de changement de r\u00e9sidence est ancienne et coh\u00e9rente ;<\/li>\n<li>le conflit entre parents d\u00e9forme fortement les r\u00e9cits ;<\/li>\n<li>ou le dossier est devenu impossible \u00e0 lire sans entendre l&#8217;enfant.<\/li>\n<\/ul>\n<p>Elle peut \u00eatre moins utile quand :<\/p>\n<ul>\n<li>l&#8217;enfant est visiblement pris dans un conflit de loyaut\u00e9 ;<\/li>\n<li>la demande est r\u00e9cente et instable ;<\/li>\n<li>ou les autres preuves sont d\u00e9j\u00e0 suffisantes.<\/li>\n<\/ul>\n<p>Il faut donc manier ce levier avec m\u00e9thode. Demander l&#8217;audition d&#8217;un enfant n&#8217;est pas un effet de communication. C&#8217;est une d\u00e9cision de strat\u00e9gie proc\u00e9durale.<\/p>\n<h2>6. Les preuves qui changent vraiment un dossier<\/h2>\n<p>Dans ce type de contentieux, la preuve \u00e9motionnelle est rarement la plus forte.<\/p>\n<p>Les pi\u00e8ces utiles sont souvent simples :<\/p>\n<ul>\n<li>jugement ou convention actuelle ;<\/li>\n<li>calendrier r\u00e9el des temps pass\u00e9s chez chaque parent sur les derniers mois ;<\/li>\n<li>bulletins, relev\u00e9s d&#8217;absences, observations d&#8217;\u00e9cole si elles \u00e9clairent la situation ;<\/li>\n<li>justificatifs de domicile ;<\/li>\n<li>horaires professionnels des parents si la disponibilit\u00e9 est discut\u00e9e ;<\/li>\n<li>attestations cibl\u00e9es et sobres ;<\/li>\n<li>\u00e9changes montrant une demande stable de l&#8217;enfant ou, au contraire, une pression manifeste ;<\/li>\n<li>justificatifs de transport, temps de trajet, organisation des activit\u00e9s ;<\/li>\n<li>pi\u00e8ces m\u00e9dicales si le changement a un impact sur les soins ;<\/li>\n<li>et, si l&#8217;enfant est d\u00e9j\u00e0 parti, chronologie pr\u00e9cise du basculement.<\/li>\n<\/ul>\n<p>Les mauvaises preuves, \u00e0 l&#8217;inverse, sont fr\u00e9quentes :<\/p>\n<ul>\n<li>liasse de captures d&#8217;\u00e9cran sans chronologie ;<\/li>\n<li>attestations agressives ou trop militantes ;<\/li>\n<li>enregistrements bricol\u00e9s de l&#8217;enfant sans r\u00e9flexion sur leur usage ;<\/li>\n<li>ou dossier rempli d&#8217;accusations vagues sans pi\u00e8ce objective.<\/li>\n<\/ul>\n<p>Le juge n&#8217;attend pas un roman. Il attend un dossier qui lui permette de comparer deux organisations de vie.<\/p>\n<h2>7. Ce qu&#8217;il faut \u00e9viter si votre fils est d\u00e9j\u00e0 parti vivre chez son p\u00e8re<\/h2>\n<p>Le sc\u00e9nario classique est le suivant : l&#8217;enfant passe davantage de temps chez son p\u00e8re, puis le p\u00e8re annonce que <code>de toute fa\u00e7on il ne reviendra plus<\/code>, puis chacun se menace de police ou de plainte alors que le vrai probl\u00e8me est devenu judiciaire et probatoire.<\/p>\n<p>Il faut \u00e9viter quatre erreurs.<\/p>\n<h3>Premi\u00e8re erreur : laisser s&#8217;installer un faux provisoire<\/h3>\n<p>Plus la situation de fait dure, plus elle devient un argument. Il ne faut ni la subir passivement, ni l&#8217;envenimer sans strat\u00e9gie.<\/p>\n<h3>Deuxi\u00e8me erreur : croire qu&#8217;un accord oral suffit<\/h3>\n<p>S&#8217;il y a accord, il faut l&#8217;\u00e9crire. S&#8217;il n&#8217;y a pas accord, il faut saisir.<\/p>\n<h3>Troisi\u00e8me erreur : instrumentaliser l&#8217;enfant<\/h3>\n<p>Le dossier se d\u00e9grade vite lorsqu&#8217;un parent demande \u00e0 l&#8217;enfant d&#8217;\u00e9crire contre l&#8217;autre, de choisir son camp ou de rapporter chaque conversation.<\/p>\n<h3>Quatri\u00e8me erreur : oublier les cons\u00e9quences p\u00e9riph\u00e9riques<\/h3>\n<p>Le changement de r\u00e9sidence touche souvent aussi :<\/p>\n<ul>\n<li>l&#8217;\u00e9cole ;<\/li>\n<li>la CAF ;<\/li>\n<li>la pension alimentaire ;<\/li>\n<li>les frais de transport ;<\/li>\n<li>les activit\u00e9s ;<\/li>\n<li>et parfois les soins.<\/li>\n<\/ul>\n<p>Un bon dossier traite le bloc, pas seulement la phrase <code>il veut vivre chez son p\u00e8re<\/code>.<\/p>\n<h2>8. Ce que le juge peut ordonner<\/h2>\n<p>Le juge peut faire plusieurs choses selon les dossiers.<\/p>\n<p>Il peut :<\/p>\n<ul>\n<li>maintenir la r\u00e9sidence actuelle ;<\/li>\n<li>fixer la r\u00e9sidence chez le p\u00e8re ;<\/li>\n<li>fixer une r\u00e9sidence altern\u00e9e ;<\/li>\n<li>ordonner une r\u00e9sidence altern\u00e9e provisoire au titre de l&#8217;<a href=\"https:\/\/www.legifrance.gouv.fr\/codes\/article_lc\/LEGIARTI000032207454\">article 373-2-9 du code civil<\/a> ;<\/li>\n<li>organiser un droit de visite et d&#8217;h\u00e9bergement plus large ;<\/li>\n<li>entendre l&#8217;enfant ;<\/li>\n<li>ordonner une enqu\u00eate sociale ;<\/li>\n<li>ou homologuer un accord.<\/li>\n<\/ul>\n<p>Il peut aussi ajuster les frais de d\u00e9placement et la contribution \u00e0 l&#8217;entretien de l&#8217;enfant, conform\u00e9ment \u00e0 l&#8217;<a href=\"https:\/\/www.legifrance.gouv.fr\/codes\/article_lc\/LEGIARTI000049294125\">article 373-2 du code civil<\/a>.<\/p>\n<p>La bonne strat\u00e9gie n&#8217;est donc pas toujours <code>tout ou rien<\/code>.<\/p>\n<p>Dans certains dossiers, la solution utile est :<\/p>\n<ul>\n<li>un \u00e9largissement du temps chez le p\u00e8re ;<\/li>\n<li>une phase provisoire ;<\/li>\n<li>ou un changement diff\u00e9r\u00e9 \u00e0 une date scolaire coh\u00e9rente.<\/li>\n<\/ul>\n<p>Le parent qui consulte doit raisonner en trajectoire, pas seulement en posture.<\/p>\n<h2>9. Les premi\u00e8res 48 heures utiles<\/h2>\n<p>Si votre fils dit qu&#8217;il veut aller vivre chez son p\u00e8re, les premi\u00e8res 48 heures servent \u00e0 faire trois choses.<\/p>\n<ol>\n<li>\n<p>Reconstituer le cadre existant.<br \/>\nIl faut ressortir le jugement, la convention, les accords \u00e9crits, le calendrier r\u00e9el et la situation scolaire.<\/p>\n<\/li>\n<li>\n<p>Clarifier les faits.<br \/>\nDepuis quand cette demande existe-t-elle ? O\u00f9 dort l&#8217;enfant ? Qui g\u00e8re quoi ? Y a-t-il d\u00e9j\u00e0 un changement d&#8217;\u00e9cole ou de domicile ?<\/p>\n<\/li>\n<li>\n<p>Choisir la bonne voie.<br \/>\nAccord \u00e9crit \u00e0 structurer et \u00e0 faire homologuer, ou requ\u00eate au JAF \u00e0 pr\u00e9parer rapidement.<\/p>\n<\/li>\n<\/ol>\n<p>Ce temps court est d\u00e9cisif. Il \u00e9vite les mauvais courriers, les concessions floues et les r\u00e9actions de panique.<\/p>\n<h2>10. Ce qu&#8217;il faut retenir<\/h2>\n<p>Quand un fils veut vivre chez son p\u00e8re, le vrai sujet n&#8217;est ni de c\u00e9der imm\u00e9diatement, ni de nier sa parole.<\/p>\n<p>Le vrai sujet est de s\u00e9curiser juridiquement un \u00e9ventuel changement de r\u00e9sidence, sans laisser l&#8217;affect ni le fait accompli prendre toute la place.<\/p>\n<p>Il faut donc raisonner dans l&#8217;ordre :<\/p>\n<ol>\n<li>comprendre si la demande est stable, concr\u00e8te et documentable ;<\/li>\n<li>v\u00e9rifier ce que pr\u00e9voit d\u00e9j\u00e0 la d\u00e9cision en vigueur ;<\/li>\n<li>distinguer accord parental et d\u00e9saccord judiciaire ;<\/li>\n<li>pr\u00e9parer des preuves utiles sur la vie r\u00e9elle de l&#8217;enfant ;<\/li>\n<li>et, si n\u00e9cessaire, saisir le JAF sans laisser la situation s&#8217;installer au hasard.<\/li>\n<\/ol>\n<p>Le bon dossier n&#8217;oppose pas une m\u00e8re \u00e0 un p\u00e8re. Il montre quelle organisation prot\u00e8ge le mieux l&#8217;enfant.<\/p>\n<p>Pour la d\u00e9clinaison locale, voyez aussi notre version <a href=\"https:\/\/kohenavocats.fr\/2026\/04\/23\/mon-fils-veut-vivre-chez-son-pere-paris-ile-de-france-jaf-pieces-delais\/\">Paris et \u00cele-de-France : quel JAF saisir, quelles pi\u00e8ces pr\u00e9parer et quels d\u00e9lais pr\u00e9voir ?<\/a>.<\/p>\n<p>Si une convocation est d\u00e9j\u00e0 fix\u00e9e, il faut aussi anticiper les cons\u00e9quences d&#8217;une <a href=\"https:\/\/kohenavocats.com\/audience-jaf-absence-risques-renvoi-jugement\/\">absence \u00e0 une audience JAF<\/a>.<\/p>\n<h2>Besoin d&#8217;un avis rapide sur votre dossier<\/h2>\n<p>Consultation t\u00e9l\u00e9phonique en 48 heures avec un avocat du cabinet.<br \/>\nNous v\u00e9rifions avec vous s&#8217;il faut s\u00e9curiser un accord, ressaisir le JAF, demander l&#8217;audition de l&#8217;enfant ou pr\u00e9parer une preuve plus solide sur la r\u00e9sidence.<\/p>\n<p><a href=\"tel:+33689113445\">06 89 11 34 45<\/a><br \/>\n<a href=\"https:\/\/kohenavocats.com\/contactez-nous\/\">Page contact du cabinet<\/a><\/p>\n","protected":false},"excerpt":{"rendered":"<p>Votre fils veut vivre chez son p\u00e8re : faut-il accepter, saisir le JAF, et quelles preuves r\u00e9unir pour modifier la r\u00e9sidence ?<\/p>\n","protected":false},"author":232070755,"featured_media":9577,"comment_status":"open","ping_status":"open","sticky":false,"template":"","format":"standard","meta":{"_crdt_document":"","_jetpack_newsletter_access":"","_jetpack_dont_email_post_to_subs":false,"_jetpack_newsletter_tier_id":0,"_jetpack_memberships_contains_paywalled_content":false,"_kj_source_type":"","_kj_official_id":"","_kj_official_url":"","_kj_judilibre_id":"","_kj_jur":"","_kj_lieu":"","_kj_chambre":"","_kj_rg":"","_kj_date":"","_jetpack_memberships_contains_paid_content":false,"footnotes":"","jetpack_post_was_ever_published":false},"categories":[6995,6719],"tags":[],"class_list":["post-662522","post","type-post","status-publish","format-standard","has-post-thumbnail","hentry","category-decryptage","category-famille"],"yoast_head":"<!-- This site is optimized with the Yoast SEO Premium plugin v27.5 (Yoast SEO v27.5) - https:\/\/yoast.com\/product\/yoast-seo-premium-wordpress\/ -->\n<title>Mon fils veut vivre chez son p\u00e8re : que faire, faut-il ressaisir le JAF et quelles preuves pr\u00e9parer ? - Ma\u00eetre Hassan Kohen, avocat en droit p\u00e9nal \u00e0 Paris<\/title>\n<meta name=\"robots\" content=\"index, follow, max-snippet:-1, max-image-preview:large, max-video-preview:-1\" \/>\n<link rel=\"canonical\" href=\"https:\/\/kohenavocats.com\/tr\/mon-fils-veut-vivre-chez-son-pere-que-faire-jaf-changement-residence\/\" \/>\n<meta property=\"og:locale\" content=\"tr_TR\" \/>\n<meta property=\"og:type\" content=\"article\" \/>\n<meta property=\"og:title\" content=\"Mon fils veut vivre chez son p\u00e8re : que faire, faut-il ressaisir le JAF et quelles preuves pr\u00e9parer ?\" \/>\n<meta property=\"og:description\" content=\"Votre fils veut vivre chez son p\u00e8re : faut-il accepter, saisir le JAF, et quelles preuves r\u00e9unir pour modifier la r\u00e9sidence ?\" \/>\n<meta property=\"og:url\" content=\"https:\/\/kohenavocats.com\/tr\/mon-fils-veut-vivre-chez-son-pere-que-faire-jaf-changement-residence\/\" \/>\n<meta property=\"og:site_name\" content=\"Ma\u00eetre Hassan Kohen, avocat en droit p\u00e9nal \u00e0 Paris\" \/>\n<meta property=\"article:published_time\" content=\"2026-04-23T17:38:38+00:00\" \/>\n<meta property=\"article:modified_time\" content=\"2026-05-01T07:48:07+00:00\" \/>\n<meta property=\"og:image\" content=\"https:\/\/kohenavocats.com\/wp-content\/uploads\/2024\/11\/ayush-kumar-lRZ-KmsecQ-unsplash.webp\" \/>\n\t<meta property=\"og:image:width\" content=\"7000\" \/>\n\t<meta property=\"og:image:height\" content=\"5000\" \/>\n\t<meta property=\"og:image:type\" content=\"image\/webp\" \/>\n<meta name=\"author\" content=\"Kohen\" \/>\n<meta name=\"twitter:card\" content=\"summary_large_image\" \/>\n<meta name=\"twitter:label1\" content=\"Yazan:\" \/>\n\t<meta name=\"twitter:data1\" content=\"Kohen\" \/>\n\t<meta name=\"twitter:label2\" content=\"Tahmini okuma s\u00fcresi\" \/>\n\t<meta name=\"twitter:data2\" content=\"11 dakika\" \/>\n<script type=\"application\/ld+json\" class=\"yoast-schema-graph\">{\"@context\":\"https:\\\/\\\/schema.org\",\"@graph\":[{\"@type\":\"Article\",\"@id\":\"https:\\\/\\\/kohenavocats.com\\\/tr\\\/mon-fils-veut-vivre-chez-son-pere-que-faire-jaf-changement-residence\\\/#article\",\"isPartOf\":{\"@id\":\"https:\\\/\\\/kohenavocats.com\\\/tr\\\/mon-fils-veut-vivre-chez-son-pere-que-faire-jaf-changement-residence\\\/\"},\"author\":{\"name\":\"Kohen\",\"@id\":\"https:\\\/\\\/kohenavocats.com\\\/tr\\\/#\\\/schema\\\/person\\\/761c9ba54fa1ca84d405cef0831ff751\"},\"headline\":\"Mon fils veut vivre chez son p\u00e8re : que faire, faut-il ressaisir le JAF et quelles preuves pr\u00e9parer ?\",\"datePublished\":\"2026-04-23T17:38:38+00:00\",\"dateModified\":\"2026-05-01T07:48:07+00:00\",\"mainEntityOfPage\":{\"@id\":\"https:\\\/\\\/kohenavocats.com\\\/tr\\\/mon-fils-veut-vivre-chez-son-pere-que-faire-jaf-changement-residence\\\/\"},\"wordCount\":2364,\"commentCount\":0,\"publisher\":{\"@id\":\"https:\\\/\\\/kohenavocats.com\\\/tr\\\/#organization\"},\"image\":{\"@id\":\"https:\\\/\\\/kohenavocats.com\\\/tr\\\/mon-fils-veut-vivre-chez-son-pere-que-faire-jaf-changement-residence\\\/#primaryimage\"},\"thumbnailUrl\":\"https:\\\/\\\/kohenavocats.com\\\/wp-content\\\/uploads\\\/2024\\\/11\\\/ayush-kumar-lRZ-KmsecQ-unsplash.webp\",\"articleSection\":[\"D\u00e9cryptage\",\"Famille\"],\"inLanguage\":\"tr\",\"potentialAction\":[{\"@type\":\"CommentAction\",\"name\":\"Comment\",\"target\":[\"https:\\\/\\\/kohenavocats.com\\\/tr\\\/mon-fils-veut-vivre-chez-son-pere-que-faire-jaf-changement-residence\\\/#respond\"]}],\"citation\":\"Mon fils veut vivre chez son p\u00e8re : que faire, faut-il ressaisir le JAF et quelles preuves pr\u00e9parer ?\",\"about\":[{\"@type\":\"Thing\",\"name\":\"D\u00e9cryptage\"},{\"@type\":\"Thing\",\"name\":\"Famille\"}],\"speakable\":{\"@type\":\"SpeakableSpecification\",\"cssSelector\":[\".article-content > p:first-of-type\"]}},{\"@type\":\"WebPage\",\"@id\":\"https:\\\/\\\/kohenavocats.com\\\/tr\\\/mon-fils-veut-vivre-chez-son-pere-que-faire-jaf-changement-residence\\\/\",\"url\":\"https:\\\/\\\/kohenavocats.com\\\/tr\\\/mon-fils-veut-vivre-chez-son-pere-que-faire-jaf-changement-residence\\\/\",\"name\":\"Mon fils veut vivre chez son p\u00e8re : que faire, faut-il ressaisir le JAF et quelles preuves pr\u00e9parer ? - Ma\u00eetre Hassan Kohen, avocat en droit p\u00e9nal \u00e0 Paris\",\"isPartOf\":{\"@id\":\"https:\\\/\\\/kohenavocats.com\\\/tr\\\/#website\"},\"primaryImageOfPage\":{\"@id\":\"https:\\\/\\\/kohenavocats.com\\\/tr\\\/mon-fils-veut-vivre-chez-son-pere-que-faire-jaf-changement-residence\\\/#primaryimage\"},\"image\":{\"@id\":\"https:\\\/\\\/kohenavocats.com\\\/tr\\\/mon-fils-veut-vivre-chez-son-pere-que-faire-jaf-changement-residence\\\/#primaryimage\"},\"thumbnailUrl\":\"https:\\\/\\\/kohenavocats.com\\\/wp-content\\\/uploads\\\/2024\\\/11\\\/ayush-kumar-lRZ-KmsecQ-unsplash.webp\",\"datePublished\":\"2026-04-23T17:38:38+00:00\",\"dateModified\":\"2026-05-01T07:48:07+00:00\",\"breadcrumb\":{\"@id\":\"https:\\\/\\\/kohenavocats.com\\\/tr\\\/mon-fils-veut-vivre-chez-son-pere-que-faire-jaf-changement-residence\\\/#breadcrumb\"},\"inLanguage\":\"tr\",\"potentialAction\":[{\"@type\":\"ReadAction\",\"target\":[\"https:\\\/\\\/kohenavocats.com\\\/tr\\\/mon-fils-veut-vivre-chez-son-pere-que-faire-jaf-changement-residence\\\/\"]}]},{\"@type\":\"ImageObject\",\"inLanguage\":\"tr\",\"@id\":\"https:\\\/\\\/kohenavocats.com\\\/tr\\\/mon-fils-veut-vivre-chez-son-pere-que-faire-jaf-changement-residence\\\/#primaryimage\",\"url\":\"https:\\\/\\\/kohenavocats.com\\\/wp-content\\\/uploads\\\/2024\\\/11\\\/ayush-kumar-lRZ-KmsecQ-unsplash.webp\",\"contentUrl\":\"https:\\\/\\\/kohenavocats.com\\\/wp-content\\\/uploads\\\/2024\\\/11\\\/ayush-kumar-lRZ-KmsecQ-unsplash.webp\",\"width\":7000,\"height\":5000},{\"@type\":\"BreadcrumbList\",\"@id\":\"https:\\\/\\\/kohenavocats.com\\\/tr\\\/mon-fils-veut-vivre-chez-son-pere-que-faire-jaf-changement-residence\\\/#breadcrumb\",\"itemListElement\":[{\"@type\":\"ListItem\",\"position\":1,\"name\":\"Home\",\"item\":\"https:\\\/\\\/kohenavocats.com\\\/tr\\\/avocats-en-droit-penal-a-paris-conseil-et-defense-strategique\\\/\"},{\"@type\":\"ListItem\",\"position\":2,\"name\":\"Mon fils veut vivre chez son p\u00e8re : que faire, faut-il ressaisir le JAF et quelles preuves pr\u00e9parer ?\"}]},{\"@type\":\"WebSite\",\"@id\":\"https:\\\/\\\/kohenavocats.com\\\/tr\\\/#website\",\"url\":\"https:\\\/\\\/kohenavocats.com\\\/tr\\\/\",\"name\":\"Kohen Avocats\",\"description\":\"Ma\u00eetre Hassan Kohen, avocat p\u00e9naliste \u00e0 Paris, intervient exclusivement en droit p\u00e9nal pour la d\u00e9fense des particuliers, notamment en mati\u00e8re d\u2019accusations de viol. Il assure un accompagnement rigoureux d\u00e8s la garde \u00e0 vue jusqu\u2019\u00e0 la Cour d\u2019assises, veillant au strict respect des garanties proc\u00e9durales.\",\"publisher\":{\"@id\":\"https:\\\/\\\/kohenavocats.com\\\/tr\\\/#organization\"},\"potentialAction\":[{\"@type\":\"SearchAction\",\"target\":{\"@type\":\"EntryPoint\",\"urlTemplate\":\"https:\\\/\\\/kohenavocats.com\\\/tr\\\/?s={search_term_string}\"},\"query-input\":{\"@type\":\"PropertyValueSpecification\",\"valueRequired\":true,\"valueName\":\"search_term_string\"}}],\"inLanguage\":\"tr\"},{\"@type\":\"Organization\",\"@id\":\"https:\\\/\\\/kohenavocats.com\\\/tr\\\/#organization\",\"name\":\"Kohen Avocats\",\"url\":\"https:\\\/\\\/kohenavocats.com\\\/tr\\\/\",\"logo\":{\"@type\":\"ImageObject\",\"inLanguage\":\"tr\",\"@id\":\"https:\\\/\\\/kohenavocats.com\\\/tr\\\/#\\\/schema\\\/logo\\\/image\\\/\",\"url\":\"https:\\\/\\\/kohenavocats.com\\\/wp-content\\\/uploads\\\/2026\\\/01\\\/Logo-2-1.webp\",\"contentUrl\":\"https:\\\/\\\/kohenavocats.com\\\/wp-content\\\/uploads\\\/2026\\\/01\\\/Logo-2-1.webp\",\"width\":2114,\"height\":1253,\"caption\":\"Kohen Avocats\"},\"image\":{\"@id\":\"https:\\\/\\\/kohenavocats.com\\\/tr\\\/#\\\/schema\\\/logo\\\/image\\\/\"}},{\"@type\":\"Person\",\"@id\":\"https:\\\/\\\/kohenavocats.com\\\/tr\\\/#\\\/schema\\\/person\\\/761c9ba54fa1ca84d405cef0831ff751\",\"name\":\"Kohen\",\"image\":{\"@type\":\"ImageObject\",\"inLanguage\":\"tr\",\"@id\":\"https:\\\/\\\/secure.gravatar.com\\\/avatar\\\/1c5e76ef76bbbfdd2b4da984e2bf2fa4056fd51a27d25ce2c332047f1dfd6e00?s=96&d=identicon&r=g\",\"url\":\"https:\\\/\\\/secure.gravatar.com\\\/avatar\\\/1c5e76ef76bbbfdd2b4da984e2bf2fa4056fd51a27d25ce2c332047f1dfd6e00?s=96&d=identicon&r=g\",\"contentUrl\":\"https:\\\/\\\/secure.gravatar.com\\\/avatar\\\/1c5e76ef76bbbfdd2b4da984e2bf2fa4056fd51a27d25ce2c332047f1dfd6e00?s=96&d=identicon&r=g\",\"caption\":\"Kohen\"},\"sameAs\":[\"https:\\\/\\\/www.linkedin.com\\\/in\\\/hassan-kohen-448548192\\\/\",\"https:\\\/\\\/www.youtube.com\\\/@Kohen-Avocats\"],\"url\":\"https:\\\/\\\/kohenavocats.com\\\/tr\\\/author\\\/kohenmlk\\\/\"}]}<\/script>\n<!-- \/ Yoast SEO Premium plugin. -->","yoast_head_json":{"title":"Mon fils veut vivre chez son p\u00e8re : que faire, faut-il ressaisir le JAF et quelles preuves pr\u00e9parer ? - Ma\u00eetre Hassan Kohen, avocat en droit p\u00e9nal \u00e0 Paris","robots":{"index":"index","follow":"follow","max-snippet":"max-snippet:-1","max-image-preview":"max-image-preview:large","max-video-preview":"max-video-preview:-1"},"canonical":"https:\/\/kohenavocats.com\/tr\/mon-fils-veut-vivre-chez-son-pere-que-faire-jaf-changement-residence\/","og_locale":"tr_TR","og_type":"article","og_title":"Mon fils veut vivre chez son p\u00e8re : que faire, faut-il ressaisir le JAF et quelles preuves pr\u00e9parer ?","og_description":"Votre fils veut vivre chez son p\u00e8re : faut-il accepter, saisir le JAF, et quelles preuves r\u00e9unir pour modifier la r\u00e9sidence ?","og_url":"https:\/\/kohenavocats.com\/tr\/mon-fils-veut-vivre-chez-son-pere-que-faire-jaf-changement-residence\/","og_site_name":"Ma\u00eetre Hassan Kohen, avocat en droit p\u00e9nal \u00e0 Paris","article_published_time":"2026-04-23T17:38:38+00:00","article_modified_time":"2026-05-01T07:48:07+00:00","og_image":[{"width":7000,"height":5000,"url":"https:\/\/kohenavocats.com\/wp-content\/uploads\/2024\/11\/ayush-kumar-lRZ-KmsecQ-unsplash.webp","type":"image\/webp"}],"author":"Kohen","twitter_card":"summary_large_image","twitter_misc":{"Yazan:":"Kohen","Tahmini okuma s\u00fcresi":"11 dakika"},"schema":{"@context":"https:\/\/schema.org","@graph":[{"@type":"Article","@id":"https:\/\/kohenavocats.com\/tr\/mon-fils-veut-vivre-chez-son-pere-que-faire-jaf-changement-residence\/#article","isPartOf":{"@id":"https:\/\/kohenavocats.com\/tr\/mon-fils-veut-vivre-chez-son-pere-que-faire-jaf-changement-residence\/"},"author":{"name":"Kohen","@id":"https:\/\/kohenavocats.com\/tr\/#\/schema\/person\/761c9ba54fa1ca84d405cef0831ff751"},"headline":"Mon fils veut vivre chez son p\u00e8re : que faire, faut-il ressaisir le JAF et quelles preuves pr\u00e9parer ?","datePublished":"2026-04-23T17:38:38+00:00","dateModified":"2026-05-01T07:48:07+00:00","mainEntityOfPage":{"@id":"https:\/\/kohenavocats.com\/tr\/mon-fils-veut-vivre-chez-son-pere-que-faire-jaf-changement-residence\/"},"wordCount":2364,"commentCount":0,"publisher":{"@id":"https:\/\/kohenavocats.com\/tr\/#organization"},"image":{"@id":"https:\/\/kohenavocats.com\/tr\/mon-fils-veut-vivre-chez-son-pere-que-faire-jaf-changement-residence\/#primaryimage"},"thumbnailUrl":"https:\/\/kohenavocats.com\/wp-content\/uploads\/2024\/11\/ayush-kumar-lRZ-KmsecQ-unsplash.webp","articleSection":["D\u00e9cryptage","Famille"],"inLanguage":"tr","potentialAction":[{"@type":"CommentAction","name":"Comment","target":["https:\/\/kohenavocats.com\/tr\/mon-fils-veut-vivre-chez-son-pere-que-faire-jaf-changement-residence\/#respond"]}],"citation":"Mon fils veut vivre chez son p\u00e8re : que faire, faut-il ressaisir le JAF et quelles preuves pr\u00e9parer ?","about":[{"@type":"Thing","name":"D\u00e9cryptage"},{"@type":"Thing","name":"Famille"}],"speakable":{"@type":"SpeakableSpecification","cssSelector":[".article-content > p:first-of-type"]}},{"@type":"WebPage","@id":"https:\/\/kohenavocats.com\/tr\/mon-fils-veut-vivre-chez-son-pere-que-faire-jaf-changement-residence\/","url":"https:\/\/kohenavocats.com\/tr\/mon-fils-veut-vivre-chez-son-pere-que-faire-jaf-changement-residence\/","name":"Mon fils veut vivre chez son p\u00e8re : que faire, faut-il ressaisir le JAF et quelles preuves pr\u00e9parer ? - Ma\u00eetre Hassan Kohen, avocat en droit p\u00e9nal \u00e0 Paris","isPartOf":{"@id":"https:\/\/kohenavocats.com\/tr\/#website"},"primaryImageOfPage":{"@id":"https:\/\/kohenavocats.com\/tr\/mon-fils-veut-vivre-chez-son-pere-que-faire-jaf-changement-residence\/#primaryimage"},"image":{"@id":"https:\/\/kohenavocats.com\/tr\/mon-fils-veut-vivre-chez-son-pere-que-faire-jaf-changement-residence\/#primaryimage"},"thumbnailUrl":"https:\/\/kohenavocats.com\/wp-content\/uploads\/2024\/11\/ayush-kumar-lRZ-KmsecQ-unsplash.webp","datePublished":"2026-04-23T17:38:38+00:00","dateModified":"2026-05-01T07:48:07+00:00","breadcrumb":{"@id":"https:\/\/kohenavocats.com\/tr\/mon-fils-veut-vivre-chez-son-pere-que-faire-jaf-changement-residence\/#breadcrumb"},"inLanguage":"tr","potentialAction":[{"@type":"ReadAction","target":["https:\/\/kohenavocats.com\/tr\/mon-fils-veut-vivre-chez-son-pere-que-faire-jaf-changement-residence\/"]}]},{"@type":"ImageObject","inLanguage":"tr","@id":"https:\/\/kohenavocats.com\/tr\/mon-fils-veut-vivre-chez-son-pere-que-faire-jaf-changement-residence\/#primaryimage","url":"https:\/\/kohenavocats.com\/wp-content\/uploads\/2024\/11\/ayush-kumar-lRZ-KmsecQ-unsplash.webp","contentUrl":"https:\/\/kohenavocats.com\/wp-content\/uploads\/2024\/11\/ayush-kumar-lRZ-KmsecQ-unsplash.webp","width":7000,"height":5000},{"@type":"BreadcrumbList","@id":"https:\/\/kohenavocats.com\/tr\/mon-fils-veut-vivre-chez-son-pere-que-faire-jaf-changement-residence\/#breadcrumb","itemListElement":[{"@type":"ListItem","position":1,"name":"Home","item":"https:\/\/kohenavocats.com\/tr\/avocats-en-droit-penal-a-paris-conseil-et-defense-strategique\/"},{"@type":"ListItem","position":2,"name":"Mon fils veut vivre chez son p\u00e8re : que faire, faut-il ressaisir le JAF et quelles preuves pr\u00e9parer ?"}]},{"@type":"WebSite","@id":"https:\/\/kohenavocats.com\/tr\/#website","url":"https:\/\/kohenavocats.com\/tr\/","name":"Kohen Avocats","description":"Ma\u00eetre Hassan Kohen, avocat p\u00e9naliste \u00e0 Paris, intervient exclusivement en droit p\u00e9nal pour la d\u00e9fense des particuliers, notamment en mati\u00e8re d\u2019accusations de viol. Il assure un accompagnement rigoureux d\u00e8s la garde \u00e0 vue jusqu\u2019\u00e0 la Cour d\u2019assises, veillant au strict respect des garanties proc\u00e9durales.","publisher":{"@id":"https:\/\/kohenavocats.com\/tr\/#organization"},"potentialAction":[{"@type":"SearchAction","target":{"@type":"EntryPoint","urlTemplate":"https:\/\/kohenavocats.com\/tr\/?s={search_term_string}"},"query-input":{"@type":"PropertyValueSpecification","valueRequired":true,"valueName":"search_term_string"}}],"inLanguage":"tr"},{"@type":"Organization","@id":"https:\/\/kohenavocats.com\/tr\/#organization","name":"Kohen Avocats","url":"https:\/\/kohenavocats.com\/tr\/","logo":{"@type":"ImageObject","inLanguage":"tr","@id":"https:\/\/kohenavocats.com\/tr\/#\/schema\/logo\/image\/","url":"https:\/\/kohenavocats.com\/wp-content\/uploads\/2026\/01\/Logo-2-1.webp","contentUrl":"https:\/\/kohenavocats.com\/wp-content\/uploads\/2026\/01\/Logo-2-1.webp","width":2114,"height":1253,"caption":"Kohen Avocats"},"image":{"@id":"https:\/\/kohenavocats.com\/tr\/#\/schema\/logo\/image\/"}},{"@type":"Person","@id":"https:\/\/kohenavocats.com\/tr\/#\/schema\/person\/761c9ba54fa1ca84d405cef0831ff751","name":"Kohen","image":{"@type":"ImageObject","inLanguage":"tr","@id":"https:\/\/secure.gravatar.com\/avatar\/1c5e76ef76bbbfdd2b4da984e2bf2fa4056fd51a27d25ce2c332047f1dfd6e00?s=96&d=identicon&r=g","url":"https:\/\/secure.gravatar.com\/avatar\/1c5e76ef76bbbfdd2b4da984e2bf2fa4056fd51a27d25ce2c332047f1dfd6e00?s=96&d=identicon&r=g","contentUrl":"https:\/\/secure.gravatar.com\/avatar\/1c5e76ef76bbbfdd2b4da984e2bf2fa4056fd51a27d25ce2c332047f1dfd6e00?s=96&d=identicon&r=g","caption":"Kohen"},"sameAs":["https:\/\/www.linkedin.com\/in\/hassan-kohen-448548192\/","https:\/\/www.youtube.com\/@Kohen-Avocats"],"url":"https:\/\/kohenavocats.com\/tr\/author\/kohenmlk\/"}]}},"jetpack_featured_media_url":"https:\/\/kohenavocats.com\/wp-content\/uploads\/2024\/11\/ayush-kumar-lRZ-KmsecQ-unsplash.webp","jetpack_likes_enabled":false,"jetpack_shortlink":"https:\/\/wp.me\/peCrII-2MlQ","jetpack-related-posts":[{"id":637781,"url":"https:\/\/kohenavocats.com\/tr\/a-partir-de-quel-age-un-enfant-peut-il-choisir-chez-quel-parent-vivre\/","url_meta":{"origin":662522,"position":0},"title":"\u00c0 partir de quel \u00e2ge un enfant peut-il choisir chez quel parent vivre ?","author":"Kohen","date":"21 Nisan 2026","format":false,"excerpt":"Il n'existe pas d'age magique ou l'enfant choisit seul chez quel parent vivre: sa parole compte, mais la decision reste celle du juge, dans l'interet de l'enfant.","rel":"","context":"&quot;Non cat\u00e9goris\u00e9&quot; i\u00e7inde","block_context":{"text":"Non cat\u00e9goris\u00e9","link":"https:\/\/kohenavocats.com\/category\/non-categorise\/"},"img":{"alt_text":"","src":"https:\/\/i0.wp.com\/kohenavocats.com\/wp-content\/uploads\/2024\/08\/stephanie-leblanc-53aGntxJ8iA-unsplash.webp?resize=350%2C200&ssl=1","width":350,"height":200,"srcset":"https:\/\/i0.wp.com\/kohenavocats.com\/wp-content\/uploads\/2024\/08\/stephanie-leblanc-53aGntxJ8iA-unsplash.webp?resize=350%2C200&ssl=1 1x, https:\/\/i0.wp.com\/kohenavocats.com\/wp-content\/uploads\/2024\/08\/stephanie-leblanc-53aGntxJ8iA-unsplash.webp?resize=525%2C300&ssl=1 1.5x, https:\/\/i0.wp.com\/kohenavocats.com\/wp-content\/uploads\/2024\/08\/stephanie-leblanc-53aGntxJ8iA-unsplash.webp?resize=700%2C400&ssl=1 2x, https:\/\/i0.wp.com\/kohenavocats.com\/wp-content\/uploads\/2024\/08\/stephanie-leblanc-53aGntxJ8iA-unsplash.webp?resize=1050%2C600&ssl=1 3x, https:\/\/i0.wp.com\/kohenavocats.com\/wp-content\/uploads\/2024\/08\/stephanie-leblanc-53aGntxJ8iA-unsplash.webp?resize=1400%2C800&ssl=1 4x"},"classes":[]},{"id":235700,"url":"https:\/\/kohenavocats.com\/tr\/residence-de-l-enfant-en-cas-de-separation-des-parents\/","url_meta":{"origin":662522,"position":1},"title":"R\u00e9sidence de l&#8217;enfant en cas de s\u00e9paration des parents","author":"Kohen","date":"4 Nisan 2026","format":false,"excerpt":"Information : Cette fiche presente les regles generales applicables. Votre situation personnelle peut necessiter une analyse specifique. Contactez notre cabinet pour un accompagnement personnalise. Vous vous s\u00e9parez et vous vous demandez comment organiser la garde de votre enfant ? Vous souhaitez obtenir la garde de votre enfant jusqu'\u00e0 pr\u00e9sent confi\u00e9e\u2026","rel":"","context":"&quot;Enfants et autorite parentale&quot; i\u00e7inde","block_context":{"text":"Enfants et autorite parentale","link":"https:\/\/kohenavocats.com\/category\/famille\/enfants-autorite-parentale\/"},"img":{"alt_text":"","src":"https:\/\/i0.wp.com\/kohenavocats.com\/wp-content\/uploads\/2024\/11\/virginia-marinova-5TTaPKNAuHU-unsplash.webp?resize=350%2C200&ssl=1","width":350,"height":200,"srcset":"https:\/\/i0.wp.com\/kohenavocats.com\/wp-content\/uploads\/2024\/11\/virginia-marinova-5TTaPKNAuHU-unsplash.webp?resize=350%2C200&ssl=1 1x, https:\/\/i0.wp.com\/kohenavocats.com\/wp-content\/uploads\/2024\/11\/virginia-marinova-5TTaPKNAuHU-unsplash.webp?resize=525%2C300&ssl=1 1.5x, https:\/\/i0.wp.com\/kohenavocats.com\/wp-content\/uploads\/2024\/11\/virginia-marinova-5TTaPKNAuHU-unsplash.webp?resize=700%2C400&ssl=1 2x, https:\/\/i0.wp.com\/kohenavocats.com\/wp-content\/uploads\/2024\/11\/virginia-marinova-5TTaPKNAuHU-unsplash.webp?resize=1050%2C600&ssl=1 3x, https:\/\/i0.wp.com\/kohenavocats.com\/wp-content\/uploads\/2024\/11\/virginia-marinova-5TTaPKNAuHU-unsplash.webp?resize=1400%2C800&ssl=1 4x"},"classes":[]},{"id":748901,"url":"https:\/\/kohenavocats.com\/tr\/case-t-parent-isole-garde-alternee-impots-2026\/","url_meta":{"origin":662522,"position":2},"title":"Case T parent isol\u00e9 et garde altern\u00e9e : peut-on la cocher dans la d\u00e9claration 2026 ?","author":"Kohen","date":"29 Nisan 2026","format":false,"excerpt":"Parent isol\u00e9, garde altern\u00e9e, pension alimentaire : que v\u00e9rifier avant de cocher la case T dans la d\u00e9claration de revenus 2026.","rel":"","context":"&quot;D\u00e9cryptage&quot; i\u00e7inde","block_context":{"text":"D\u00e9cryptage","link":"https:\/\/kohenavocats.com\/category\/decryptage\/"},"img":{"alt_text":"","src":"https:\/\/i0.wp.com\/kohenavocats.com\/wp-content\/uploads\/2024\/11\/lala-azizli-IdY1J7h1vwQ-unsplash.webp?resize=350%2C200&ssl=1","width":350,"height":200,"srcset":"https:\/\/i0.wp.com\/kohenavocats.com\/wp-content\/uploads\/2024\/11\/lala-azizli-IdY1J7h1vwQ-unsplash.webp?resize=350%2C200&ssl=1 1x, https:\/\/i0.wp.com\/kohenavocats.com\/wp-content\/uploads\/2024\/11\/lala-azizli-IdY1J7h1vwQ-unsplash.webp?resize=525%2C300&ssl=1 1.5x, https:\/\/i0.wp.com\/kohenavocats.com\/wp-content\/uploads\/2024\/11\/lala-azizli-IdY1J7h1vwQ-unsplash.webp?resize=700%2C400&ssl=1 2x, https:\/\/i0.wp.com\/kohenavocats.com\/wp-content\/uploads\/2024\/11\/lala-azizli-IdY1J7h1vwQ-unsplash.webp?resize=1050%2C600&ssl=1 3x, https:\/\/i0.wp.com\/kohenavocats.com\/wp-content\/uploads\/2024\/11\/lala-azizli-IdY1J7h1vwQ-unsplash.webp?resize=1400%2C800&ssl=1 4x"},"classes":[]},{"id":642374,"url":"https:\/\/kohenavocats.com\/tr\/retirer-enfant-ecole-instruction-famille-sans-accord-autre-parent\/","url_meta":{"origin":662522,"position":3},"title":"Peut-on retirer son enfant de l&#8217;\u00e9cole pour l&#8217;instruction en famille sans l&#8217;accord de l&#8217;autre parent ?","author":"Kohen","date":"22 Nisan 2026","format":false,"excerpt":"Apr\u00e8s s\u00e9paration, retirer l'enfant de l'\u00e9cole pour l'instruction en famille ou le CNED ne rel\u00e8ve pas d'un simple acte usuel : il faut regarder l'autorit\u00e9 parentale, l'autorisation du DASEN et l'int\u00e9r\u00eat de l'enfant.","rel":"","context":"&quot;Non cat\u00e9goris\u00e9&quot; i\u00e7inde","block_context":{"text":"Non cat\u00e9goris\u00e9","link":"https:\/\/kohenavocats.com\/category\/non-categorise\/"},"img":{"alt_text":"","src":"https:\/\/i0.wp.com\/kohenavocats.com\/wp-content\/uploads\/2024\/08\/dreamland-scape-QsV__x-R0jc-unsplash.webp?resize=350%2C200&ssl=1","width":350,"height":200,"srcset":"https:\/\/i0.wp.com\/kohenavocats.com\/wp-content\/uploads\/2024\/08\/dreamland-scape-QsV__x-R0jc-unsplash.webp?resize=350%2C200&ssl=1 1x, https:\/\/i0.wp.com\/kohenavocats.com\/wp-content\/uploads\/2024\/08\/dreamland-scape-QsV__x-R0jc-unsplash.webp?resize=525%2C300&ssl=1 1.5x, https:\/\/i0.wp.com\/kohenavocats.com\/wp-content\/uploads\/2024\/08\/dreamland-scape-QsV__x-R0jc-unsplash.webp?resize=700%2C400&ssl=1 2x, https:\/\/i0.wp.com\/kohenavocats.com\/wp-content\/uploads\/2024\/08\/dreamland-scape-QsV__x-R0jc-unsplash.webp?resize=1050%2C600&ssl=1 3x, https:\/\/i0.wp.com\/kohenavocats.com\/wp-content\/uploads\/2024\/08\/dreamland-scape-QsV__x-R0jc-unsplash.webp?resize=1400%2C800&ssl=1 4x"},"classes":[]},{"id":680096,"url":"https:\/\/kohenavocats.com\/tr\/separation-couple-non-marie-droit-garde-jaf-pension-sans-jugement\/","url_meta":{"origin":662522,"position":4},"title":"S\u00e9paration d&#8217;un couple non mari\u00e9 : droit de garde, JAF et pension sans jugement","author":"Kohen","date":"25 Nisan 2026","format":false,"excerpt":"Parents non mari\u00e9s s\u00e9par\u00e9s : comment fixer la r\u00e9sidence de l'enfant, s\u00e9curiser une pension sans jugement et saisir le JAF avec les bonnes pi\u00e8ces.","rel":"","context":"&quot;D\u00e9cryptage&quot; i\u00e7inde","block_context":{"text":"D\u00e9cryptage","link":"https:\/\/kohenavocats.com\/category\/decryptage\/"},"img":{"alt_text":"","src":"https:\/\/i0.wp.com\/kohenavocats.com\/wp-content\/uploads\/2024\/11\/leandra-rieger-LrXNGasPQ2M-unsplash.webp?resize=350%2C200&ssl=1","width":350,"height":200,"srcset":"https:\/\/i0.wp.com\/kohenavocats.com\/wp-content\/uploads\/2024\/11\/leandra-rieger-LrXNGasPQ2M-unsplash.webp?resize=350%2C200&ssl=1 1x, https:\/\/i0.wp.com\/kohenavocats.com\/wp-content\/uploads\/2024\/11\/leandra-rieger-LrXNGasPQ2M-unsplash.webp?resize=525%2C300&ssl=1 1.5x, https:\/\/i0.wp.com\/kohenavocats.com\/wp-content\/uploads\/2024\/11\/leandra-rieger-LrXNGasPQ2M-unsplash.webp?resize=700%2C400&ssl=1 2x, https:\/\/i0.wp.com\/kohenavocats.com\/wp-content\/uploads\/2024\/11\/leandra-rieger-LrXNGasPQ2M-unsplash.webp?resize=1050%2C600&ssl=1 3x, https:\/\/i0.wp.com\/kohenavocats.com\/wp-content\/uploads\/2024\/11\/leandra-rieger-LrXNGasPQ2M-unsplash.webp?resize=1400%2C800&ssl=1 4x"},"classes":[]},{"id":657964,"url":"https:\/\/kohenavocats.com\/tr\/impots-garde-alternee-qui-declare-enfant-part-fiscale-que-faire-autre-parent\/","url_meta":{"origin":662522,"position":5},"title":"Imp\u00f4ts et garde altern\u00e9e : qui d\u00e9clare l\u2019enfant, qui prend la part fiscale, et que faire si l\u2019autre parent l\u2019a d\u00e9j\u00e0 compt\u00e9 ?","author":"Kohen","date":"23 Nisan 2026","format":false,"excerpt":"Apr\u00e8s s\u00e9paration, la d\u00e9claration de l\u2019enfant ne d\u00e9pend ni d\u2019un r\u00e9flexe ni d\u2019un rapport de force : il faut distinguer r\u00e9sidence principale, altern\u00e9e, part fiscale, case T et pension alimentaire.","rel":"","context":"&quot;D\u00e9cryptage&quot; i\u00e7inde","block_context":{"text":"D\u00e9cryptage","link":"https:\/\/kohenavocats.com\/category\/decryptage\/"},"img":{"alt_text":"","src":"https:\/\/i0.wp.com\/kohenavocats.com\/wp-content\/uploads\/2024\/08\/louis-paulin-CJ_Ipj0rYWk-unsplash.webp?resize=350%2C200&ssl=1","width":350,"height":200,"srcset":"https:\/\/i0.wp.com\/kohenavocats.com\/wp-content\/uploads\/2024\/08\/louis-paulin-CJ_Ipj0rYWk-unsplash.webp?resize=350%2C200&ssl=1 1x, https:\/\/i0.wp.com\/kohenavocats.com\/wp-content\/uploads\/2024\/08\/louis-paulin-CJ_Ipj0rYWk-unsplash.webp?resize=525%2C300&ssl=1 1.5x, https:\/\/i0.wp.com\/kohenavocats.com\/wp-content\/uploads\/2024\/08\/louis-paulin-CJ_Ipj0rYWk-unsplash.webp?resize=700%2C400&ssl=1 2x, https:\/\/i0.wp.com\/kohenavocats.com\/wp-content\/uploads\/2024\/08\/louis-paulin-CJ_Ipj0rYWk-unsplash.webp?resize=1050%2C600&ssl=1 3x, https:\/\/i0.wp.com\/kohenavocats.com\/wp-content\/uploads\/2024\/08\/louis-paulin-CJ_Ipj0rYWk-unsplash.webp?resize=1400%2C800&ssl=1 4x"},"classes":[]}],"jetpack_sharing_enabled":true,"_links":{"self":[{"href":"https:\/\/kohenavocats.com\/tr\/wp-json\/wp\/v2\/posts\/662522","targetHints":{"allow":["GET"]}}],"collection":[{"href":"https:\/\/kohenavocats.com\/tr\/wp-json\/wp\/v2\/posts"}],"about":[{"href":"https:\/\/kohenavocats.com\/tr\/wp-json\/wp\/v2\/types\/post"}],"author":[{"embeddable":true,"href":"https:\/\/kohenavocats.com\/tr\/wp-json\/wp\/v2\/users\/232070755"}],"replies":[{"embeddable":true,"href":"https:\/\/kohenavocats.com\/tr\/wp-json\/wp\/v2\/comments?post=662522"}],"version-history":[{"count":1,"href":"https:\/\/kohenavocats.com\/tr\/wp-json\/wp\/v2\/posts\/662522\/revisions"}],"predecessor-version":[{"id":802621,"href":"https:\/\/kohenavocats.com\/tr\/wp-json\/wp\/v2\/posts\/662522\/revisions\/802621"}],"wp:featuredmedia":[{"embeddable":true,"href":"https:\/\/kohenavocats.com\/tr\/wp-json\/wp\/v2\/media\/9577"}],"wp:attachment":[{"href":"https:\/\/kohenavocats.com\/tr\/wp-json\/wp\/v2\/media?parent=662522"}],"wp:term":[{"taxonomy":"category","embeddable":true,"href":"https:\/\/kohenavocats.com\/tr\/wp-json\/wp\/v2\/categories?post=662522"},{"taxonomy":"post_tag","embeddable":true,"href":"https:\/\/kohenavocats.com\/tr\/wp-json\/wp\/v2\/tags?post=662522"}],"curies":[{"name":"wp","href":"https:\/\/api.w.org\/{rel}","templated":true}]}}