{"id":662531,"date":"2026-04-23T19:41:43","date_gmt":"2026-04-23T17:41:43","guid":{"rendered":"https:\/\/kohenavocats.com\/tribunal-judiciaire-de-lyon-le-8-juin-2023-n21-07776\/"},"modified":"2026-04-23T19:41:43","modified_gmt":"2026-04-23T17:41:43","slug":"tribunal-judiciaire-de-lyon-le-8-juin-2023-n21-07776","status":"publish","type":"post","link":"https:\/\/kohenavocats.com\/tr\/tribunal-judiciaire-de-lyon-le-8-juin-2023-n21-07776\/","title":{"rendered":"Tribunal judiciaire de Lyon, le 8 juin 2023, n\u00b021\/07776"},"content":{"rendered":"<div class=\"article-content\">\n<p>Le tribunal judiciaire, statuant le 8 juin 2023, a examin\u00e9 l&#8217;opposition form\u00e9e contre un jugement ayant constat\u00e9 un d\u00e9sistement pr\u00e9sum\u00e9. Il s&#8217;agissait de statuer \u00e0 nouveau sur la demande d&#8217;indemnisation d&#8217;une victime de violences conjugales. La juridiction a fix\u00e9 le montant des r\u00e9parations dues en retenant certains pr\u00e9judices et en en \u00e9cartant d&#8217;autres, au regard des preuves apport\u00e9es et du lien de causalit\u00e9.<\/p>\n<p>L&#8217;encadrement strict de la r\u00e9paration par la preuve et la causalit\u00e9<\/p>\n<p>La d\u00e9cision illustre le principe selon lequel la victime doit prouver l&#8217;existence et l&#8217;\u00e9tendue de son pr\u00e9judice. Le rejet de plusieurs demandes d\u00e9montre un contr\u00f4le rigoureux des \u00e9l\u00e9ments produits. La partie civile n&#8217;a pas justifi\u00e9 la perte de revenus nets effectivement subie, malgr\u00e9 la production de bulletins de salaire. Le tribunal a proc\u00e9d\u00e9 \u00e0 son propre calcul et a constat\u00e9 l&#8217;absence de perte, rejetant la demande. Cette approche confirme que la charge de la preuve incombe \u00e0 la demanderesse et que le juge op\u00e8re un examen concret des \u00e9l\u00e9ments comptables.<\/p>\n<p>Le lien de causalit\u00e9 direct et certain entre le fait g\u00e9n\u00e9rateur et le pr\u00e9judice invoqu\u00e9 constitue un filtre essentiel. Plusieurs postes ont \u00e9t\u00e9 \u00e9cart\u00e9s en raison d&#8217;un d\u00e9faut de d\u00e9monstration de ce lien. La demande indemnisation d&#8217;un pr\u00e9judice sexuel a \u00e9t\u00e9 rejet\u00e9e car &#8220;Madame [X] ne produit aucune pi\u00e8ce m\u00e9dicale ou de toute autre nature \u00e9tablissant un lien de causalit\u00e9 direct et certain entre les faits du 13 octobre 2021 et une perte de libido.&#8221; (Motifs). Le tribunal a strictement circonscrit son examen aux faits dont il \u00e9tait saisi, excluant les all\u00e9gations de violences ant\u00e9rieures.<\/p>\n<p>La m\u00e9thode d&#8217;\u00e9valuation entre respect de l&#8217;expertise et pouvoir souverain<\/p>\n<p>Le juge a utilis\u00e9 le rapport d&#8217;expertise comme base tout en exer\u00e7ant son pouvoir souverain d&#8217;appr\u00e9ciation. Il a retenu l&#8217;\u00e9valuation des souffrances endur\u00e9es et du d\u00e9ficit fonctionnel permanent propos\u00e9e par l&#8217;expert. En revanche, il a corrig\u00e9 le calcul du d\u00e9ficit fonctionnel temporaire, estimant que l&#8217;expert avait confondu arr\u00eat de travail et incapacit\u00e9 dans la sph\u00e8re priv\u00e9e. Le tribunal a ainsi proc\u00e9d\u00e9 \u00e0 sa propre \u00e9valuation sur ce point, d\u00e9montrant que l&#8217;expertise ne le lie pas.<\/p>\n<p>L&#8217;\u00e9valuation des d\u00e9penses de sant\u00e9 futures montre un ajustement \u00e0 la baisse au regard des s\u00e9quelles retenues. L&#8217;expert avait \u00e9voqu\u00e9 un besoin de consultations sp\u00e9cialis\u00e9es. Toutefois, face \u00e0 un d\u00e9ficit fonctionnel permanent mod\u00e9r\u00e9 et aux s\u00e9ances d\u00e9j\u00e0 effectu\u00e9es, le tribunal a limit\u00e9 l&#8217;indemnisation \u00e0 cinq s\u00e9ances. Il a justifi\u00e9 cette r\u00e9duction en pr\u00e9cisant que &#8220;les conclusions de l&#8217;expert \u00e9voquent les violences physiques, psychologiques et sexuelles r\u00e9guli\u00e8res dont Madame [X] aurait \u00e9t\u00e9 victime durant plusieurs ann\u00e9es et dont le Tribunal n&#8217;est saisi&#8221; (Motifs). Cette d\u00e9cision souligne la distinction entre pr\u00e9judices indemnisables et faits non judiciaris\u00e9s.<\/p>\n<p>La port\u00e9e de cette d\u00e9cision r\u00e9side dans son rappel des exigences fondamentales de la r\u00e9paration. Elle confirme que la preuve du pr\u00e9judice et du lien causal doit \u00eatre apport\u00e9e de mani\u00e8re pr\u00e9cise et concordante. Le juge conserve un pouvoir souverain pour appr\u00e9cier les \u00e9l\u00e9ments d&#8217;expertise et les adapter au cas d&#8217;esp\u00e8ce. Enfin, elle r\u00e9affirme le principe selon lequel &#8220;L&#8217;indemnisation est en principe \u00e9gale au co\u00fbt \u00e9conomique du dommage pour la victime&#8221; (Motifs), rejoignant ainsi la jurisprudence \u00e9tablie sur le calcul en net des pertes de gains.<\/p>\n<\/div>\n","protected":false},"excerpt":{"rendered":"<p>Le tribunal judiciaire, statuant le 8 juin 2023, a examin\u00e9 l&#8217;opposition form\u00e9e contre un jugement ayant constat\u00e9 un d\u00e9sistement pr\u00e9sum\u00e9. Il s&#8217;agissait de sta&#8230;<\/p>\n","protected":false},"author":232070755,"featured_media":9732,"comment_status":"open","ping_status":"open","sticky":false,"template":"","format":"standard","meta":{"_crdt_document":"","_jetpack_newsletter_access":"","_jetpack_dont_email_post_to_subs":false,"_jetpack_newsletter_tier_id":0,"_jetpack_memberships_contains_paywalled_content":false,"_kj_source_type":"judilibre","_kj_official_id":"68d6d861d22713eb88c7630e","_kj_official_url":"https:\/\/www.courdecassation.fr\/decision\/68d6d861d22713eb88c7630e","_kj_judilibre_id":"68d6d861d22713eb88c7630e","_kj_jur":"Tribunal judiciaire","_kj_lieu":"Tribunal judiciaire de Lyon","_kj_chambre":"Quatri\u00e8me Int\u00e9r\u00eats Civils","_kj_rg":"21\/07776","_kj_date":"2025-09-25","_jetpack_memberships_contains_paid_content":false,"footnotes":"","jetpack_post_was_ever_published":false},"categories":[7597],"tags":[],"class_list":["post-662531","post","type-post","status-publish","format-standard","has-post-thumbnail","hentry","category-jurisprudence"],"yoast_head":"<!-- This site is optimized with the Yoast SEO Premium plugin v27.5 (Yoast SEO v27.5) - https:\/\/yoast.com\/product\/yoast-seo-premium-wordpress\/ -->\n<title>Tribunal judiciaire de Lyon, le 8 juin 2023, n\u00b021\/07776 - Ma\u00eetre Hassan Kohen, avocat en droit p\u00e9nal \u00e0 Paris<\/title>\n<meta name=\"description\" content=\"Le tribunal judiciaire, statuant le 8 juin 2023, a examin\u00e9 l&#039;opposition form\u00e9e contre un jugement ayant constat\u00e9 un d\u00e9sistement pr\u00e9sum\u00e9. Il s&#039;agissait de sta...\" \/>\n<meta name=\"robots\" content=\"index, follow, max-snippet:-1, max-image-preview:large, max-video-preview:-1\" \/>\n<link rel=\"canonical\" href=\"https:\/\/kohenavocats.com\/tr\/tribunal-judiciaire-de-lyon-le-8-juin-2023-n21-07776\/\" \/>\n<meta property=\"og:locale\" content=\"tr_TR\" \/>\n<meta property=\"og:type\" content=\"article\" \/>\n<meta property=\"og:title\" content=\"Tribunal judiciaire de Lyon, le 8 juin 2023, n\u00b021\/07776\" \/>\n<meta property=\"og:description\" content=\"Le tribunal judiciaire, statuant le 8 juin 2023, a examin\u00e9 l&#039;opposition form\u00e9e contre un jugement ayant constat\u00e9 un d\u00e9sistement pr\u00e9sum\u00e9. Il s&#039;agissait de sta...\" \/>\n<meta property=\"og:url\" content=\"https:\/\/kohenavocats.com\/tr\/tribunal-judiciaire-de-lyon-le-8-juin-2023-n21-07776\/\" \/>\n<meta property=\"og:site_name\" content=\"Ma\u00eetre Hassan Kohen, avocat en droit p\u00e9nal \u00e0 Paris\" \/>\n<meta property=\"article:published_time\" content=\"2026-04-23T17:41:43+00:00\" \/>\n<meta property=\"og:image\" content=\"https:\/\/kohenavocats.com\/wp-content\/uploads\/2024\/11\/planet-volumes-qCodK5vqaNs-unsplash.webp\" \/>\n\t<meta property=\"og:image:width\" content=\"3500\" \/>\n\t<meta property=\"og:image:height\" content=\"3000\" \/>\n\t<meta property=\"og:image:type\" content=\"image\/webp\" \/>\n<meta name=\"author\" content=\"Kohen\" \/>\n<meta name=\"twitter:card\" content=\"summary_large_image\" \/>\n<meta name=\"twitter:label1\" content=\"Yazan:\" \/>\n\t<meta name=\"twitter:data1\" content=\"Kohen\" \/>\n\t<meta name=\"twitter:label2\" content=\"Tahmini okuma s\u00fcresi\" \/>\n\t<meta name=\"twitter:data2\" content=\"3 dakika\" \/>\n<script type=\"application\/ld+json\" class=\"yoast-schema-graph\">{\"@context\":\"https:\\\/\\\/schema.org\",\"@graph\":[{\"@type\":\"Article\",\"@id\":\"https:\\\/\\\/kohenavocats.com\\\/tr\\\/tribunal-judiciaire-de-lyon-le-8-juin-2023-n21-07776\\\/#article\",\"isPartOf\":{\"@id\":\"https:\\\/\\\/kohenavocats.com\\\/tr\\\/tribunal-judiciaire-de-lyon-le-8-juin-2023-n21-07776\\\/\"},\"author\":{\"name\":\"Kohen\",\"@id\":\"https:\\\/\\\/kohenavocats.com\\\/tr\\\/#\\\/schema\\\/person\\\/761c9ba54fa1ca84d405cef0831ff751\"},\"headline\":\"Tribunal judiciaire de Lyon, le 8 juin 2023, n\u00b021\\\/07776\",\"datePublished\":\"2026-04-23T17:41:43+00:00\",\"mainEntityOfPage\":{\"@id\":\"https:\\\/\\\/kohenavocats.com\\\/tr\\\/tribunal-judiciaire-de-lyon-le-8-juin-2023-n21-07776\\\/\"},\"wordCount\":618,\"commentCount\":0,\"publisher\":{\"@id\":\"https:\\\/\\\/kohenavocats.com\\\/tr\\\/#organization\"},\"image\":{\"@id\":\"https:\\\/\\\/kohenavocats.com\\\/tr\\\/tribunal-judiciaire-de-lyon-le-8-juin-2023-n21-07776\\\/#primaryimage\"},\"thumbnailUrl\":\"https:\\\/\\\/kohenavocats.com\\\/wp-content\\\/uploads\\\/2024\\\/11\\\/planet-volumes-qCodK5vqaNs-unsplash.webp\",\"articleSection\":[\"Jurisprudence\"],\"inLanguage\":\"tr\",\"potentialAction\":[{\"@type\":\"CommentAction\",\"name\":\"Comment\",\"target\":[\"https:\\\/\\\/kohenavocats.com\\\/tr\\\/tribunal-judiciaire-de-lyon-le-8-juin-2023-n21-07776\\\/#respond\"]}],\"citation\":\"Tribunal judiciaire de Lyon, le 8 juin 2023, n\u00b021\\\/07776\",\"about\":[{\"@type\":\"Thing\",\"name\":\"Jurisprudence\"}],\"dateModified\":\"2026-04-23T17:41:43+00:00\",\"speakable\":{\"@type\":\"SpeakableSpecification\",\"cssSelector\":[\".article-content > p:first-of-type\"]}},{\"@type\":\"WebPage\",\"@id\":\"https:\\\/\\\/kohenavocats.com\\\/tr\\\/tribunal-judiciaire-de-lyon-le-8-juin-2023-n21-07776\\\/\",\"url\":\"https:\\\/\\\/kohenavocats.com\\\/tr\\\/tribunal-judiciaire-de-lyon-le-8-juin-2023-n21-07776\\\/\",\"name\":\"Tribunal judiciaire de Lyon, le 8 juin 2023, n\u00b021\\\/07776 - Ma\u00eetre Hassan Kohen, avocat en droit p\u00e9nal \u00e0 Paris\",\"isPartOf\":{\"@id\":\"https:\\\/\\\/kohenavocats.com\\\/tr\\\/#website\"},\"primaryImageOfPage\":{\"@id\":\"https:\\\/\\\/kohenavocats.com\\\/tr\\\/tribunal-judiciaire-de-lyon-le-8-juin-2023-n21-07776\\\/#primaryimage\"},\"image\":{\"@id\":\"https:\\\/\\\/kohenavocats.com\\\/tr\\\/tribunal-judiciaire-de-lyon-le-8-juin-2023-n21-07776\\\/#primaryimage\"},\"thumbnailUrl\":\"https:\\\/\\\/kohenavocats.com\\\/wp-content\\\/uploads\\\/2024\\\/11\\\/planet-volumes-qCodK5vqaNs-unsplash.webp\",\"datePublished\":\"2026-04-23T17:41:43+00:00\",\"description\":\"Le tribunal judiciaire, statuant le 8 juin 2023, a examin\u00e9 l'opposition form\u00e9e contre un jugement ayant constat\u00e9 un d\u00e9sistement pr\u00e9sum\u00e9. Il s'agissait de sta...\",\"breadcrumb\":{\"@id\":\"https:\\\/\\\/kohenavocats.com\\\/tr\\\/tribunal-judiciaire-de-lyon-le-8-juin-2023-n21-07776\\\/#breadcrumb\"},\"inLanguage\":\"tr\",\"potentialAction\":[{\"@type\":\"ReadAction\",\"target\":[\"https:\\\/\\\/kohenavocats.com\\\/tr\\\/tribunal-judiciaire-de-lyon-le-8-juin-2023-n21-07776\\\/\"]}]},{\"@type\":\"ImageObject\",\"inLanguage\":\"tr\",\"@id\":\"https:\\\/\\\/kohenavocats.com\\\/tr\\\/tribunal-judiciaire-de-lyon-le-8-juin-2023-n21-07776\\\/#primaryimage\",\"url\":\"https:\\\/\\\/kohenavocats.com\\\/wp-content\\\/uploads\\\/2024\\\/11\\\/planet-volumes-qCodK5vqaNs-unsplash.webp\",\"contentUrl\":\"https:\\\/\\\/kohenavocats.com\\\/wp-content\\\/uploads\\\/2024\\\/11\\\/planet-volumes-qCodK5vqaNs-unsplash.webp\",\"width\":3500,\"height\":3000},{\"@type\":\"BreadcrumbList\",\"@id\":\"https:\\\/\\\/kohenavocats.com\\\/tr\\\/tribunal-judiciaire-de-lyon-le-8-juin-2023-n21-07776\\\/#breadcrumb\",\"itemListElement\":[{\"@type\":\"ListItem\",\"position\":1,\"name\":\"Home\",\"item\":\"https:\\\/\\\/kohenavocats.com\\\/tr\\\/avocats-en-droit-penal-a-paris-conseil-et-defense-strategique\\\/\"},{\"@type\":\"ListItem\",\"position\":2,\"name\":\"Tribunal judiciaire de Lyon, le 8 juin 2023, n\u00b021\\\/07776\"}]},{\"@type\":\"WebSite\",\"@id\":\"https:\\\/\\\/kohenavocats.com\\\/tr\\\/#website\",\"url\":\"https:\\\/\\\/kohenavocats.com\\\/tr\\\/\",\"name\":\"Kohen Avocats\",\"description\":\"Ma\u00eetre Hassan Kohen, avocat p\u00e9naliste \u00e0 Paris, intervient exclusivement en droit p\u00e9nal pour la d\u00e9fense des particuliers, notamment en mati\u00e8re d\u2019accusations de viol. Il assure un accompagnement rigoureux d\u00e8s la garde \u00e0 vue jusqu\u2019\u00e0 la Cour d\u2019assises, veillant au strict respect des garanties proc\u00e9durales.\",\"publisher\":{\"@id\":\"https:\\\/\\\/kohenavocats.com\\\/tr\\\/#organization\"},\"potentialAction\":[{\"@type\":\"SearchAction\",\"target\":{\"@type\":\"EntryPoint\",\"urlTemplate\":\"https:\\\/\\\/kohenavocats.com\\\/tr\\\/?s={search_term_string}\"},\"query-input\":{\"@type\":\"PropertyValueSpecification\",\"valueRequired\":true,\"valueName\":\"search_term_string\"}}],\"inLanguage\":\"tr\"},{\"@type\":\"Organization\",\"@id\":\"https:\\\/\\\/kohenavocats.com\\\/tr\\\/#organization\",\"name\":\"Kohen Avocats\",\"url\":\"https:\\\/\\\/kohenavocats.com\\\/tr\\\/\",\"logo\":{\"@type\":\"ImageObject\",\"inLanguage\":\"tr\",\"@id\":\"https:\\\/\\\/kohenavocats.com\\\/tr\\\/#\\\/schema\\\/logo\\\/image\\\/\",\"url\":\"https:\\\/\\\/kohenavocats.com\\\/wp-content\\\/uploads\\\/2026\\\/01\\\/Logo-2-1.webp\",\"contentUrl\":\"https:\\\/\\\/kohenavocats.com\\\/wp-content\\\/uploads\\\/2026\\\/01\\\/Logo-2-1.webp\",\"width\":2114,\"height\":1253,\"caption\":\"Kohen Avocats\"},\"image\":{\"@id\":\"https:\\\/\\\/kohenavocats.com\\\/tr\\\/#\\\/schema\\\/logo\\\/image\\\/\"}},{\"@type\":\"Person\",\"@id\":\"https:\\\/\\\/kohenavocats.com\\\/tr\\\/#\\\/schema\\\/person\\\/761c9ba54fa1ca84d405cef0831ff751\",\"name\":\"Kohen\",\"image\":{\"@type\":\"ImageObject\",\"inLanguage\":\"tr\",\"@id\":\"https:\\\/\\\/secure.gravatar.com\\\/avatar\\\/1c5e76ef76bbbfdd2b4da984e2bf2fa4056fd51a27d25ce2c332047f1dfd6e00?s=96&d=identicon&r=g\",\"url\":\"https:\\\/\\\/secure.gravatar.com\\\/avatar\\\/1c5e76ef76bbbfdd2b4da984e2bf2fa4056fd51a27d25ce2c332047f1dfd6e00?s=96&d=identicon&r=g\",\"contentUrl\":\"https:\\\/\\\/secure.gravatar.com\\\/avatar\\\/1c5e76ef76bbbfdd2b4da984e2bf2fa4056fd51a27d25ce2c332047f1dfd6e00?s=96&d=identicon&r=g\",\"caption\":\"Kohen\"},\"sameAs\":[\"https:\\\/\\\/www.linkedin.com\\\/in\\\/hassan-kohen-448548192\\\/\",\"https:\\\/\\\/www.youtube.com\\\/@Kohen-Avocats\"],\"url\":\"https:\\\/\\\/kohenavocats.com\\\/tr\\\/author\\\/kohenmlk\\\/\"}]}<\/script>\n<!-- \/ Yoast SEO Premium plugin. -->","yoast_head_json":{"title":"Tribunal judiciaire de Lyon, le 8 juin 2023, n\u00b021\/07776 - Ma\u00eetre Hassan Kohen, avocat en droit p\u00e9nal \u00e0 Paris","description":"Le tribunal judiciaire, statuant le 8 juin 2023, a examin\u00e9 l'opposition form\u00e9e contre un jugement ayant constat\u00e9 un d\u00e9sistement pr\u00e9sum\u00e9. Il s'agissait de sta...","robots":{"index":"index","follow":"follow","max-snippet":"max-snippet:-1","max-image-preview":"max-image-preview:large","max-video-preview":"max-video-preview:-1"},"canonical":"https:\/\/kohenavocats.com\/tr\/tribunal-judiciaire-de-lyon-le-8-juin-2023-n21-07776\/","og_locale":"tr_TR","og_type":"article","og_title":"Tribunal judiciaire de Lyon, le 8 juin 2023, n\u00b021\/07776","og_description":"Le tribunal judiciaire, statuant le 8 juin 2023, a examin\u00e9 l'opposition form\u00e9e contre un jugement ayant constat\u00e9 un d\u00e9sistement pr\u00e9sum\u00e9. Il s'agissait de sta...","og_url":"https:\/\/kohenavocats.com\/tr\/tribunal-judiciaire-de-lyon-le-8-juin-2023-n21-07776\/","og_site_name":"Ma\u00eetre Hassan Kohen, avocat en droit p\u00e9nal \u00e0 Paris","article_published_time":"2026-04-23T17:41:43+00:00","og_image":[{"width":3500,"height":3000,"url":"https:\/\/kohenavocats.com\/wp-content\/uploads\/2024\/11\/planet-volumes-qCodK5vqaNs-unsplash.webp","type":"image\/webp"}],"author":"Kohen","twitter_card":"summary_large_image","twitter_misc":{"Yazan:":"Kohen","Tahmini okuma s\u00fcresi":"3 dakika"},"schema":{"@context":"https:\/\/schema.org","@graph":[{"@type":"Article","@id":"https:\/\/kohenavocats.com\/tr\/tribunal-judiciaire-de-lyon-le-8-juin-2023-n21-07776\/#article","isPartOf":{"@id":"https:\/\/kohenavocats.com\/tr\/tribunal-judiciaire-de-lyon-le-8-juin-2023-n21-07776\/"},"author":{"name":"Kohen","@id":"https:\/\/kohenavocats.com\/tr\/#\/schema\/person\/761c9ba54fa1ca84d405cef0831ff751"},"headline":"Tribunal judiciaire de Lyon, le 8 juin 2023, n\u00b021\/07776","datePublished":"2026-04-23T17:41:43+00:00","mainEntityOfPage":{"@id":"https:\/\/kohenavocats.com\/tr\/tribunal-judiciaire-de-lyon-le-8-juin-2023-n21-07776\/"},"wordCount":618,"commentCount":0,"publisher":{"@id":"https:\/\/kohenavocats.com\/tr\/#organization"},"image":{"@id":"https:\/\/kohenavocats.com\/tr\/tribunal-judiciaire-de-lyon-le-8-juin-2023-n21-07776\/#primaryimage"},"thumbnailUrl":"https:\/\/kohenavocats.com\/wp-content\/uploads\/2024\/11\/planet-volumes-qCodK5vqaNs-unsplash.webp","articleSection":["Jurisprudence"],"inLanguage":"tr","potentialAction":[{"@type":"CommentAction","name":"Comment","target":["https:\/\/kohenavocats.com\/tr\/tribunal-judiciaire-de-lyon-le-8-juin-2023-n21-07776\/#respond"]}],"citation":"Tribunal judiciaire de Lyon, le 8 juin 2023, n\u00b021\/07776","about":[{"@type":"Thing","name":"Jurisprudence"}],"dateModified":"2026-04-23T17:41:43+00:00","speakable":{"@type":"SpeakableSpecification","cssSelector":[".article-content > p:first-of-type"]}},{"@type":"WebPage","@id":"https:\/\/kohenavocats.com\/tr\/tribunal-judiciaire-de-lyon-le-8-juin-2023-n21-07776\/","url":"https:\/\/kohenavocats.com\/tr\/tribunal-judiciaire-de-lyon-le-8-juin-2023-n21-07776\/","name":"Tribunal judiciaire de Lyon, le 8 juin 2023, n\u00b021\/07776 - Ma\u00eetre Hassan Kohen, avocat en droit p\u00e9nal \u00e0 Paris","isPartOf":{"@id":"https:\/\/kohenavocats.com\/tr\/#website"},"primaryImageOfPage":{"@id":"https:\/\/kohenavocats.com\/tr\/tribunal-judiciaire-de-lyon-le-8-juin-2023-n21-07776\/#primaryimage"},"image":{"@id":"https:\/\/kohenavocats.com\/tr\/tribunal-judiciaire-de-lyon-le-8-juin-2023-n21-07776\/#primaryimage"},"thumbnailUrl":"https:\/\/kohenavocats.com\/wp-content\/uploads\/2024\/11\/planet-volumes-qCodK5vqaNs-unsplash.webp","datePublished":"2026-04-23T17:41:43+00:00","description":"Le tribunal judiciaire, statuant le 8 juin 2023, a examin\u00e9 l'opposition form\u00e9e contre un jugement ayant constat\u00e9 un d\u00e9sistement pr\u00e9sum\u00e9. Il s'agissait de sta...","breadcrumb":{"@id":"https:\/\/kohenavocats.com\/tr\/tribunal-judiciaire-de-lyon-le-8-juin-2023-n21-07776\/#breadcrumb"},"inLanguage":"tr","potentialAction":[{"@type":"ReadAction","target":["https:\/\/kohenavocats.com\/tr\/tribunal-judiciaire-de-lyon-le-8-juin-2023-n21-07776\/"]}]},{"@type":"ImageObject","inLanguage":"tr","@id":"https:\/\/kohenavocats.com\/tr\/tribunal-judiciaire-de-lyon-le-8-juin-2023-n21-07776\/#primaryimage","url":"https:\/\/kohenavocats.com\/wp-content\/uploads\/2024\/11\/planet-volumes-qCodK5vqaNs-unsplash.webp","contentUrl":"https:\/\/kohenavocats.com\/wp-content\/uploads\/2024\/11\/planet-volumes-qCodK5vqaNs-unsplash.webp","width":3500,"height":3000},{"@type":"BreadcrumbList","@id":"https:\/\/kohenavocats.com\/tr\/tribunal-judiciaire-de-lyon-le-8-juin-2023-n21-07776\/#breadcrumb","itemListElement":[{"@type":"ListItem","position":1,"name":"Home","item":"https:\/\/kohenavocats.com\/tr\/avocats-en-droit-penal-a-paris-conseil-et-defense-strategique\/"},{"@type":"ListItem","position":2,"name":"Tribunal judiciaire de Lyon, le 8 juin 2023, n\u00b021\/07776"}]},{"@type":"WebSite","@id":"https:\/\/kohenavocats.com\/tr\/#website","url":"https:\/\/kohenavocats.com\/tr\/","name":"Kohen Avocats","description":"Ma\u00eetre Hassan Kohen, avocat p\u00e9naliste \u00e0 Paris, intervient exclusivement en droit p\u00e9nal pour la d\u00e9fense des particuliers, notamment en mati\u00e8re d\u2019accusations de viol. Il assure un accompagnement rigoureux d\u00e8s la garde \u00e0 vue jusqu\u2019\u00e0 la Cour d\u2019assises, veillant au strict respect des garanties proc\u00e9durales.","publisher":{"@id":"https:\/\/kohenavocats.com\/tr\/#organization"},"potentialAction":[{"@type":"SearchAction","target":{"@type":"EntryPoint","urlTemplate":"https:\/\/kohenavocats.com\/tr\/?s={search_term_string}"},"query-input":{"@type":"PropertyValueSpecification","valueRequired":true,"valueName":"search_term_string"}}],"inLanguage":"tr"},{"@type":"Organization","@id":"https:\/\/kohenavocats.com\/tr\/#organization","name":"Kohen Avocats","url":"https:\/\/kohenavocats.com\/tr\/","logo":{"@type":"ImageObject","inLanguage":"tr","@id":"https:\/\/kohenavocats.com\/tr\/#\/schema\/logo\/image\/","url":"https:\/\/kohenavocats.com\/wp-content\/uploads\/2026\/01\/Logo-2-1.webp","contentUrl":"https:\/\/kohenavocats.com\/wp-content\/uploads\/2026\/01\/Logo-2-1.webp","width":2114,"height":1253,"caption":"Kohen Avocats"},"image":{"@id":"https:\/\/kohenavocats.com\/tr\/#\/schema\/logo\/image\/"}},{"@type":"Person","@id":"https:\/\/kohenavocats.com\/tr\/#\/schema\/person\/761c9ba54fa1ca84d405cef0831ff751","name":"Kohen","image":{"@type":"ImageObject","inLanguage":"tr","@id":"https:\/\/secure.gravatar.com\/avatar\/1c5e76ef76bbbfdd2b4da984e2bf2fa4056fd51a27d25ce2c332047f1dfd6e00?s=96&d=identicon&r=g","url":"https:\/\/secure.gravatar.com\/avatar\/1c5e76ef76bbbfdd2b4da984e2bf2fa4056fd51a27d25ce2c332047f1dfd6e00?s=96&d=identicon&r=g","contentUrl":"https:\/\/secure.gravatar.com\/avatar\/1c5e76ef76bbbfdd2b4da984e2bf2fa4056fd51a27d25ce2c332047f1dfd6e00?s=96&d=identicon&r=g","caption":"Kohen"},"sameAs":["https:\/\/www.linkedin.com\/in\/hassan-kohen-448548192\/","https:\/\/www.youtube.com\/@Kohen-Avocats"],"url":"https:\/\/kohenavocats.com\/tr\/author\/kohenmlk\/"}]}},"jetpack_featured_media_url":"https:\/\/kohenavocats.com\/wp-content\/uploads\/2024\/11\/planet-volumes-qCodK5vqaNs-unsplash.webp","jetpack_likes_enabled":false,"jetpack_shortlink":"https:\/\/wp.me\/peCrII-2MlZ","jetpack-related-posts":[{"id":476082,"url":"https:\/\/kohenavocats.com\/tr\/caa-caa-de-paris-19-06-2025-n-23pa03948\/","url_meta":{"origin":662531,"position":0},"title":"CAA \u2013 CAA de PARIS \u2013 19\/06\/2025 \u2013 n\u00b0 23PA03948","author":"Kohen","date":"7 Nisan 2026","format":false,"excerpt":"Par un arr\u00eat en date du 19 juin 2025, la cour administrative d'appel de Paris se prononce sur les conditions d'engagement de la responsabilit\u00e9 d'une...","rel":"","context":"&quot;Juridictions administratives&quot; i\u00e7inde","block_context":{"text":"Juridictions administratives","link":"https:\/\/kohenavocats.com\/category\/juridictions-administratives\/"},"img":{"alt_text":"","src":"https:\/\/i0.wp.com\/kohenavocats.com\/wp-content\/uploads\/2024\/07\/annie-spratt-GWCvnsMtiBg-unsplash.webp?resize=350%2C200&ssl=1","width":350,"height":200,"srcset":"https:\/\/i0.wp.com\/kohenavocats.com\/wp-content\/uploads\/2024\/07\/annie-spratt-GWCvnsMtiBg-unsplash.webp?resize=350%2C200&ssl=1 1x, https:\/\/i0.wp.com\/kohenavocats.com\/wp-content\/uploads\/2024\/07\/annie-spratt-GWCvnsMtiBg-unsplash.webp?resize=525%2C300&ssl=1 1.5x, https:\/\/i0.wp.com\/kohenavocats.com\/wp-content\/uploads\/2024\/07\/annie-spratt-GWCvnsMtiBg-unsplash.webp?resize=700%2C400&ssl=1 2x, https:\/\/i0.wp.com\/kohenavocats.com\/wp-content\/uploads\/2024\/07\/annie-spratt-GWCvnsMtiBg-unsplash.webp?resize=1050%2C600&ssl=1 3x, https:\/\/i0.wp.com\/kohenavocats.com\/wp-content\/uploads\/2024\/07\/annie-spratt-GWCvnsMtiBg-unsplash.webp?resize=1400%2C800&ssl=1 4x"},"classes":[]},{"id":473006,"url":"https:\/\/kohenavocats.com\/tr\/caa-caa-de-marseille-11-06-2025-n-23ma01071\/","url_meta":{"origin":662531,"position":1},"title":"CAA \u2013 CAA de MARSEILLE \u2013 11\/06\/2025 \u2013 n\u00b0 23MA01071","author":"Kohen","date":"7 Nisan 2026","format":false,"excerpt":"Par un arr\u00eat en date du 11 juin 2025, la Cour administrative d\u2019appel a \u00e9t\u00e9 amen\u00e9e \u00e0 se prononcer sur l\u2019\u00e9tendue de la responsabilit\u00e9 sans faute du ma\u00eetre...","rel":"","context":"&quot;Juridictions administratives&quot; i\u00e7inde","block_context":{"text":"Juridictions administratives","link":"https:\/\/kohenavocats.com\/category\/juridictions-administratives\/"},"img":{"alt_text":"","src":"https:\/\/i0.wp.com\/kohenavocats.com\/wp-content\/uploads\/2024\/11\/laura-adai-XdxxYxeOFUo-unsplash.webp?resize=350%2C200&ssl=1","width":350,"height":200,"srcset":"https:\/\/i0.wp.com\/kohenavocats.com\/wp-content\/uploads\/2024\/11\/laura-adai-XdxxYxeOFUo-unsplash.webp?resize=350%2C200&ssl=1 1x, https:\/\/i0.wp.com\/kohenavocats.com\/wp-content\/uploads\/2024\/11\/laura-adai-XdxxYxeOFUo-unsplash.webp?resize=525%2C300&ssl=1 1.5x, https:\/\/i0.wp.com\/kohenavocats.com\/wp-content\/uploads\/2024\/11\/laura-adai-XdxxYxeOFUo-unsplash.webp?resize=700%2C400&ssl=1 2x, https:\/\/i0.wp.com\/kohenavocats.com\/wp-content\/uploads\/2024\/11\/laura-adai-XdxxYxeOFUo-unsplash.webp?resize=1050%2C600&ssl=1 3x, https:\/\/i0.wp.com\/kohenavocats.com\/wp-content\/uploads\/2024\/11\/laura-adai-XdxxYxeOFUo-unsplash.webp?resize=1400%2C800&ssl=1 4x"},"classes":[]},{"id":639929,"url":"https:\/\/kohenavocats.com\/tr\/cour-dappel-de-aix-en-provence-le-19-juin-2025-n23-14368\/","url_meta":{"origin":662531,"position":2},"title":"Cour d&#8217;appel de Aix-en-Provence, le 19 juin 2025, n\u00b023\/14368","author":"Kohen","date":"21 Nisan 2026","format":false,"excerpt":"La cour d'appel d'Aix-en-Provence, statuant le 19 juin 2025, examine un litige indemnitaire suite \u00e0 un accident de la circulation. La victime, une infirmi\u00e8re...","rel":"","context":"&quot;Jurisprudence&quot; i\u00e7inde","block_context":{"text":"Jurisprudence","link":"https:\/\/kohenavocats.com\/category\/jurisprudence\/"},"img":{"alt_text":"","src":"https:\/\/i0.wp.com\/kohenavocats.com\/wp-content\/uploads\/2024\/08\/luis-cortes-m92ge4NGDIM-unsplash-1.webp?resize=350%2C200&ssl=1","width":350,"height":200,"srcset":"https:\/\/i0.wp.com\/kohenavocats.com\/wp-content\/uploads\/2024\/08\/luis-cortes-m92ge4NGDIM-unsplash-1.webp?resize=350%2C200&ssl=1 1x, https:\/\/i0.wp.com\/kohenavocats.com\/wp-content\/uploads\/2024\/08\/luis-cortes-m92ge4NGDIM-unsplash-1.webp?resize=525%2C300&ssl=1 1.5x, https:\/\/i0.wp.com\/kohenavocats.com\/wp-content\/uploads\/2024\/08\/luis-cortes-m92ge4NGDIM-unsplash-1.webp?resize=700%2C400&ssl=1 2x, https:\/\/i0.wp.com\/kohenavocats.com\/wp-content\/uploads\/2024\/08\/luis-cortes-m92ge4NGDIM-unsplash-1.webp?resize=1050%2C600&ssl=1 3x, https:\/\/i0.wp.com\/kohenavocats.com\/wp-content\/uploads\/2024\/08\/luis-cortes-m92ge4NGDIM-unsplash-1.webp?resize=1400%2C800&ssl=1 4x"},"classes":[]},{"id":415611,"url":"https:\/\/kohenavocats.com\/tr\/cour-dappel-de-bastia-le-6-juin-2012-n11-00124\/","url_meta":{"origin":662531,"position":3},"title":"Cour d&#8217;appel de Bastia, le 6 juin 2012, n\u00b011\/00124","author":"Kohen","date":"21 Mart 2026","format":false,"excerpt":"La Cour d'appel de Bastia, dans un arr\u00eat du 6 juin 2012, confirme une d\u00e9cision de la commission d'indemnisation des victimes d'infractions d'Ajaccio du 24 janvier 2011. Cette d\u00e9cision avait accord\u00e9 une indemnisation pour pr\u00e9judice moral aux ayants droit d'une victime mineure, assassin\u00e9e. Le Fonds de garantie faisait appel en\u2026","rel":"","context":"&quot;Cour d'appel&quot; i\u00e7inde","block_context":{"text":"Cour d'appel","link":"https:\/\/kohenavocats.com\/category\/cour-dappel\/"},"img":{"alt_text":"","src":"https:\/\/i0.wp.com\/kohenavocats.com\/wp-content\/uploads\/2024\/11\/levi-meir-clancy-7G0nL85xi-w-unsplash.webp?resize=350%2C200&ssl=1","width":350,"height":200,"srcset":"https:\/\/i0.wp.com\/kohenavocats.com\/wp-content\/uploads\/2024\/11\/levi-meir-clancy-7G0nL85xi-w-unsplash.webp?resize=350%2C200&ssl=1 1x, https:\/\/i0.wp.com\/kohenavocats.com\/wp-content\/uploads\/2024\/11\/levi-meir-clancy-7G0nL85xi-w-unsplash.webp?resize=525%2C300&ssl=1 1.5x, https:\/\/i0.wp.com\/kohenavocats.com\/wp-content\/uploads\/2024\/11\/levi-meir-clancy-7G0nL85xi-w-unsplash.webp?resize=700%2C400&ssl=1 2x, https:\/\/i0.wp.com\/kohenavocats.com\/wp-content\/uploads\/2024\/11\/levi-meir-clancy-7G0nL85xi-w-unsplash.webp?resize=1050%2C600&ssl=1 3x, https:\/\/i0.wp.com\/kohenavocats.com\/wp-content\/uploads\/2024\/11\/levi-meir-clancy-7G0nL85xi-w-unsplash.webp?resize=1400%2C800&ssl=1 4x"},"classes":[]},{"id":238241,"url":"https:\/\/kohenavocats.com\/tr\/tribunal-judiciaire-de-evreux-le-13-juin-2025-n23-03214\/","url_meta":{"origin":662531,"position":4},"title":"Tribunal judiciaire de \u00c9vreux, le 13 juin 2025, n\u00b023\/03214","author":"Kohen","date":"31 Aral\u0131k 2025","format":false,"excerpt":"Le droit du dommage corporel constitue un domaine o\u00f9 la r\u00e9paration int\u00e9grale du pr\u00e9judice se heurte aux exigences probatoires. Le tribunal judiciaire d'Evreux, dans un jugement rendu le 13 juin 2025, illustre cette tension entre la volont\u00e9 d'indemniser pleinement la victime et la n\u00e9cessit\u00e9 de caract\u00e9riser le lien de causalit\u00e9\u2026","rel":"","context":"&quot;D\u00e9cisions juridiques&quot; i\u00e7inde","block_context":{"text":"D\u00e9cisions juridiques","link":"https:\/\/kohenavocats.com\/category\/decisions-juridiques\/"},"img":{"alt_text":"","src":"https:\/\/i0.wp.com\/kohenavocats.com\/wp-content\/uploads\/2024\/08\/maharram-hasanli-fB8GhyWNKow-unsplash.webp?resize=350%2C200&ssl=1","width":350,"height":200,"srcset":"https:\/\/i0.wp.com\/kohenavocats.com\/wp-content\/uploads\/2024\/08\/maharram-hasanli-fB8GhyWNKow-unsplash.webp?resize=350%2C200&ssl=1 1x, https:\/\/i0.wp.com\/kohenavocats.com\/wp-content\/uploads\/2024\/08\/maharram-hasanli-fB8GhyWNKow-unsplash.webp?resize=525%2C300&ssl=1 1.5x, https:\/\/i0.wp.com\/kohenavocats.com\/wp-content\/uploads\/2024\/08\/maharram-hasanli-fB8GhyWNKow-unsplash.webp?resize=700%2C400&ssl=1 2x, https:\/\/i0.wp.com\/kohenavocats.com\/wp-content\/uploads\/2024\/08\/maharram-hasanli-fB8GhyWNKow-unsplash.webp?resize=1050%2C600&ssl=1 3x, https:\/\/i0.wp.com\/kohenavocats.com\/wp-content\/uploads\/2024\/08\/maharram-hasanli-fB8GhyWNKow-unsplash.webp?resize=1400%2C800&ssl=1 4x"},"classes":[]}],"jetpack_sharing_enabled":true,"_links":{"self":[{"href":"https:\/\/kohenavocats.com\/tr\/wp-json\/wp\/v2\/posts\/662531","targetHints":{"allow":["GET"]}}],"collection":[{"href":"https:\/\/kohenavocats.com\/tr\/wp-json\/wp\/v2\/posts"}],"about":[{"href":"https:\/\/kohenavocats.com\/tr\/wp-json\/wp\/v2\/types\/post"}],"author":[{"embeddable":true,"href":"https:\/\/kohenavocats.com\/tr\/wp-json\/wp\/v2\/users\/232070755"}],"replies":[{"embeddable":true,"href":"https:\/\/kohenavocats.com\/tr\/wp-json\/wp\/v2\/comments?post=662531"}],"version-history":[{"count":0,"href":"https:\/\/kohenavocats.com\/tr\/wp-json\/wp\/v2\/posts\/662531\/revisions"}],"wp:featuredmedia":[{"embeddable":true,"href":"https:\/\/kohenavocats.com\/tr\/wp-json\/wp\/v2\/media\/9732"}],"wp:attachment":[{"href":"https:\/\/kohenavocats.com\/tr\/wp-json\/wp\/v2\/media?parent=662531"}],"wp:term":[{"taxonomy":"category","embeddable":true,"href":"https:\/\/kohenavocats.com\/tr\/wp-json\/wp\/v2\/categories?post=662531"},{"taxonomy":"post_tag","embeddable":true,"href":"https:\/\/kohenavocats.com\/tr\/wp-json\/wp\/v2\/tags?post=662531"}],"curies":[{"name":"wp","href":"https:\/\/api.w.org\/{rel}","templated":true}]}}