{"id":662557,"date":"2026-04-23T19:46:55","date_gmt":"2026-04-23T17:46:55","guid":{"rendered":"https:\/\/kohenavocats.com\/tribunal-judiciaire-de-vannes-le-13-janvier-2026-n24-00545\/"},"modified":"2026-04-23T19:46:55","modified_gmt":"2026-04-23T17:46:55","slug":"tribunal-judiciaire-de-vannes-le-13-janvier-2026-n24-00545","status":"publish","type":"post","link":"https:\/\/kohenavocats.com\/tr\/tribunal-judiciaire-de-vannes-le-13-janvier-2026-n24-00545\/","title":{"rendered":"Tribunal judiciaire de Vannes, le 13 janvier 2026, n\u00b024\/00545"},"content":{"rendered":"<div class=\"article-content\">\n<p>Le juge des contentieux de la protection, statuant en premier ressort, a rendu une d\u00e9cision le 13 janvier 2026. Un d\u00e9biteur avait form\u00e9 un recours contre les mesures impos\u00e9es par une commission de surendettement. La juridiction a d\u00e9clar\u00e9 ce recours recevable mais a ensuite prononc\u00e9 la d\u00e9ch\u00e9ance de la proc\u00e9dure. Elle a estim\u00e9 que le d\u00e9biteur avait manqu\u00e9 \u00e0 son obligation de bonne foi en disposant de son \u00e9pargne retraite.<\/p>\n<p>La recevabilit\u00e9 du recours et le pouvoir d&#8217;office du juge<\/p>\n<p>Le juge a d&#8217;abord v\u00e9rifi\u00e9 la recevabilit\u00e9 formelle du recours introduit par le d\u00e9biteur. Le d\u00e9lai de trente jours pour contester les mesures impos\u00e9es par la commission avait \u00e9t\u00e9 respect\u00e9. Cette \u00e9tape pr\u00e9alable est essentielle pour assurer la s\u00e9curit\u00e9 juridique de la proc\u00e9dure. Le juge a ensuite rappel\u00e9 l&#8217;\u00e9tendue de ses pouvoirs d&#8217;instruction et de contr\u00f4le dans ce contentieux sp\u00e9cialis\u00e9.<\/p>\n<p>Il peut notamment v\u00e9rifier la validit\u00e9 des cr\u00e9ances et appr\u00e9cier la situation du d\u00e9biteur. &#8220;Nonobstant toute disposition contraire, le juge peut obtenir communication de tout renseignement lui permettant d\u2019appr\u00e9cier la situation du d\u00e9biteur et l\u2019\u00e9volution possible de celle-ci&#8221; (Motifs). Ce pouvoir d&#8217;investigation large est crucial pour un examen complet du dossier. Il permet de s&#8217;assurer que les conditions d&#8217;acc\u00e8s \u00e0 la proc\u00e9dure de surendettement sont bien remplies.<\/p>\n<p>La caract\u00e9risation de la mauvaise foi entra\u00eenant la d\u00e9ch\u00e9ance<\/p>\n<p>Le c\u0153ur de la d\u00e9cision r\u00e9side dans l&#8217;appr\u00e9ciation du comportement du d\u00e9biteur post\u00e9rieurement \u00e0 la notification des mesures. La commission avait subordonn\u00e9 le plan de r\u00e9\u00e9chelonnement au d\u00e9blocage d&#8217;une \u00e9pargne retraite. Le d\u00e9biteur a pourtant retir\u00e9 ces fonds sans autorisation pour des d\u00e9penses personnelles. Il a notamment aid\u00e9 financi\u00e8rement un membre de sa famille et achet\u00e9 un \u00e9quipement domestique.<\/p>\n<p>Le juge a relev\u00e9 que le d\u00e9biteur agissait avec la volont\u00e9 de se soustraire \u00e0 ses obligations. &#8220;M. [M], sans l&#8217;accord de ses cr\u00e9anciers, de la commission ou du juge, a sciemment dispos\u00e9 d\u2019une partie de son patrimoine&#8221; (Motifs). Ce comportement actif caract\u00e9rise l&#8217;intention frauduleuse n\u00e9cessaire \u00e0 la d\u00e9ch\u00e9ance. La jurisprudence rappelle que l&#8217;aggravation volontaire de l&#8217;insolvabilit\u00e9 est constitutive d&#8217;une fraude.<\/p>\n<p>&#8220;Le b\u00e9n\u00e9fice des mesures de redressement peut \u00eatre refus\u00e9 au d\u00e9biteur qui en fraude des droits de ses cr\u00e9anciers, a organis\u00e9 ou aggrav\u00e9 son insolvabilit\u00e9&#8221; (Tribunal judiciaire, le 13 janvier 2026, n\u00b025\/00070). La d\u00e9cision comment\u00e9e s&#8217;inscrit dans cette ligne en sanctionnant un acte de disposition non autoris\u00e9. Le d\u00e9biteur a ainsi perdu le b\u00e9n\u00e9fice protecteur de la proc\u00e9dure de surendettement pour avoir m\u00e9connu son devoir de loyaut\u00e9.<\/p>\n<\/div>\n","protected":false},"excerpt":{"rendered":"<p>Le juge des contentieux de la protection, statuant en premier ressort, a rendu une d\u00e9cision le 13 janvier 2026. Un d\u00e9biteur avait form\u00e9 un recours contre les&#8230;<\/p>\n","protected":false},"author":232070755,"featured_media":9515,"comment_status":"open","ping_status":"open","sticky":false,"template":"","format":"standard","meta":{"_crdt_document":"","_jetpack_newsletter_access":"","_jetpack_dont_email_post_to_subs":false,"_jetpack_newsletter_tier_id":0,"_jetpack_memberships_contains_paywalled_content":false,"_kj_source_type":"judilibre","_kj_official_id":"68d6f8c0d22713eb88ca165b","_kj_official_url":"https:\/\/www.courdecassation.fr\/decision\/68d6f8c0d22713eb88ca165b","_kj_judilibre_id":"68d6f8c0d22713eb88ca165b","_kj_jur":"Tribunal judiciaire","_kj_lieu":"Tribunal judiciaire de Vannes","_kj_chambre":"JCP\/SURENDETTEMENT","_kj_rg":"24\/00545","_kj_date":"2025-09-25","_jetpack_memberships_contains_paid_content":false,"footnotes":"","jetpack_post_was_ever_published":false},"categories":[7597],"tags":[],"class_list":["post-662557","post","type-post","status-publish","format-standard","has-post-thumbnail","hentry","category-jurisprudence"],"yoast_head":"<!-- This site is optimized with the Yoast SEO Premium plugin v27.5 (Yoast SEO v27.5) - https:\/\/yoast.com\/product\/yoast-seo-premium-wordpress\/ -->\n<title>Tribunal judiciaire de Vannes, le 13 janvier 2026, n\u00b024\/00545 - Ma\u00eetre Hassan Kohen, avocat en droit p\u00e9nal \u00e0 Paris<\/title>\n<meta name=\"description\" content=\"Le juge des contentieux de la protection, statuant en premier ressort, a rendu une d\u00e9cision le 13 janvier 2026. Un d\u00e9biteur avait form\u00e9 un recours contre les...\" \/>\n<meta name=\"robots\" content=\"index, follow, max-snippet:-1, max-image-preview:large, max-video-preview:-1\" \/>\n<link rel=\"canonical\" href=\"https:\/\/kohenavocats.com\/tr\/tribunal-judiciaire-de-vannes-le-13-janvier-2026-n24-00545\/\" \/>\n<meta property=\"og:locale\" content=\"tr_TR\" \/>\n<meta property=\"og:type\" content=\"article\" \/>\n<meta property=\"og:title\" content=\"Tribunal judiciaire de Vannes, le 13 janvier 2026, n\u00b024\/00545\" \/>\n<meta property=\"og:description\" content=\"Le juge des contentieux de la protection, statuant en premier ressort, a rendu une d\u00e9cision le 13 janvier 2026. Un d\u00e9biteur avait form\u00e9 un recours contre les...\" \/>\n<meta property=\"og:url\" content=\"https:\/\/kohenavocats.com\/tr\/tribunal-judiciaire-de-vannes-le-13-janvier-2026-n24-00545\/\" \/>\n<meta property=\"og:site_name\" content=\"Ma\u00eetre Hassan Kohen, avocat en droit p\u00e9nal \u00e0 Paris\" \/>\n<meta property=\"article:published_time\" content=\"2026-04-23T17:46:55+00:00\" \/>\n<meta property=\"og:image\" content=\"https:\/\/kohenavocats.com\/wp-content\/uploads\/2024\/11\/resource-database-lRwnx8gdAW0-unsplash.webp\" \/>\n\t<meta property=\"og:image:width\" content=\"4000\" \/>\n\t<meta property=\"og:image:height\" content=\"5000\" \/>\n\t<meta property=\"og:image:type\" content=\"image\/webp\" \/>\n<meta name=\"author\" content=\"Kohen\" \/>\n<meta name=\"twitter:card\" content=\"summary_large_image\" \/>\n<meta name=\"twitter:label1\" content=\"Yazan:\" \/>\n\t<meta name=\"twitter:data1\" content=\"Kohen\" \/>\n\t<meta name=\"twitter:label2\" content=\"Tahmini okuma s\u00fcresi\" \/>\n\t<meta name=\"twitter:data2\" content=\"2 dakika\" \/>\n<script type=\"application\/ld+json\" class=\"yoast-schema-graph\">{\"@context\":\"https:\\\/\\\/schema.org\",\"@graph\":[{\"@type\":\"Article\",\"@id\":\"https:\\\/\\\/kohenavocats.com\\\/tr\\\/tribunal-judiciaire-de-vannes-le-13-janvier-2026-n24-00545\\\/#article\",\"isPartOf\":{\"@id\":\"https:\\\/\\\/kohenavocats.com\\\/tr\\\/tribunal-judiciaire-de-vannes-le-13-janvier-2026-n24-00545\\\/\"},\"author\":{\"name\":\"Kohen\",\"@id\":\"https:\\\/\\\/kohenavocats.com\\\/tr\\\/#\\\/schema\\\/person\\\/761c9ba54fa1ca84d405cef0831ff751\"},\"headline\":\"Tribunal judiciaire de Vannes, le 13 janvier 2026, n\u00b024\\\/00545\",\"datePublished\":\"2026-04-23T17:46:55+00:00\",\"mainEntityOfPage\":{\"@id\":\"https:\\\/\\\/kohenavocats.com\\\/tr\\\/tribunal-judiciaire-de-vannes-le-13-janvier-2026-n24-00545\\\/\"},\"wordCount\":476,\"commentCount\":0,\"publisher\":{\"@id\":\"https:\\\/\\\/kohenavocats.com\\\/tr\\\/#organization\"},\"image\":{\"@id\":\"https:\\\/\\\/kohenavocats.com\\\/tr\\\/tribunal-judiciaire-de-vannes-le-13-janvier-2026-n24-00545\\\/#primaryimage\"},\"thumbnailUrl\":\"https:\\\/\\\/kohenavocats.com\\\/wp-content\\\/uploads\\\/2024\\\/11\\\/resource-database-lRwnx8gdAW0-unsplash.webp\",\"articleSection\":[\"Jurisprudence\"],\"inLanguage\":\"tr\",\"potentialAction\":[{\"@type\":\"CommentAction\",\"name\":\"Comment\",\"target\":[\"https:\\\/\\\/kohenavocats.com\\\/tr\\\/tribunal-judiciaire-de-vannes-le-13-janvier-2026-n24-00545\\\/#respond\"]}],\"citation\":\"Tribunal judiciaire de Vannes, le 13 janvier 2026, n\u00b024\\\/00545\",\"about\":[{\"@type\":\"Thing\",\"name\":\"Jurisprudence\"}],\"dateModified\":\"2026-04-23T17:46:55+00:00\",\"speakable\":{\"@type\":\"SpeakableSpecification\",\"cssSelector\":[\".article-content > p:first-of-type\"]}},{\"@type\":\"WebPage\",\"@id\":\"https:\\\/\\\/kohenavocats.com\\\/tr\\\/tribunal-judiciaire-de-vannes-le-13-janvier-2026-n24-00545\\\/\",\"url\":\"https:\\\/\\\/kohenavocats.com\\\/tr\\\/tribunal-judiciaire-de-vannes-le-13-janvier-2026-n24-00545\\\/\",\"name\":\"Tribunal judiciaire de Vannes, le 13 janvier 2026, n\u00b024\\\/00545 - Ma\u00eetre Hassan Kohen, avocat en droit p\u00e9nal \u00e0 Paris\",\"isPartOf\":{\"@id\":\"https:\\\/\\\/kohenavocats.com\\\/tr\\\/#website\"},\"primaryImageOfPage\":{\"@id\":\"https:\\\/\\\/kohenavocats.com\\\/tr\\\/tribunal-judiciaire-de-vannes-le-13-janvier-2026-n24-00545\\\/#primaryimage\"},\"image\":{\"@id\":\"https:\\\/\\\/kohenavocats.com\\\/tr\\\/tribunal-judiciaire-de-vannes-le-13-janvier-2026-n24-00545\\\/#primaryimage\"},\"thumbnailUrl\":\"https:\\\/\\\/kohenavocats.com\\\/wp-content\\\/uploads\\\/2024\\\/11\\\/resource-database-lRwnx8gdAW0-unsplash.webp\",\"datePublished\":\"2026-04-23T17:46:55+00:00\",\"description\":\"Le juge des contentieux de la protection, statuant en premier ressort, a rendu une d\u00e9cision le 13 janvier 2026. Un d\u00e9biteur avait form\u00e9 un recours contre les...\",\"breadcrumb\":{\"@id\":\"https:\\\/\\\/kohenavocats.com\\\/tr\\\/tribunal-judiciaire-de-vannes-le-13-janvier-2026-n24-00545\\\/#breadcrumb\"},\"inLanguage\":\"tr\",\"potentialAction\":[{\"@type\":\"ReadAction\",\"target\":[\"https:\\\/\\\/kohenavocats.com\\\/tr\\\/tribunal-judiciaire-de-vannes-le-13-janvier-2026-n24-00545\\\/\"]}]},{\"@type\":\"ImageObject\",\"inLanguage\":\"tr\",\"@id\":\"https:\\\/\\\/kohenavocats.com\\\/tr\\\/tribunal-judiciaire-de-vannes-le-13-janvier-2026-n24-00545\\\/#primaryimage\",\"url\":\"https:\\\/\\\/kohenavocats.com\\\/wp-content\\\/uploads\\\/2024\\\/11\\\/resource-database-lRwnx8gdAW0-unsplash.webp\",\"contentUrl\":\"https:\\\/\\\/kohenavocats.com\\\/wp-content\\\/uploads\\\/2024\\\/11\\\/resource-database-lRwnx8gdAW0-unsplash.webp\",\"width\":4000,\"height\":5000},{\"@type\":\"BreadcrumbList\",\"@id\":\"https:\\\/\\\/kohenavocats.com\\\/tr\\\/tribunal-judiciaire-de-vannes-le-13-janvier-2026-n24-00545\\\/#breadcrumb\",\"itemListElement\":[{\"@type\":\"ListItem\",\"position\":1,\"name\":\"Home\",\"item\":\"https:\\\/\\\/kohenavocats.com\\\/tr\\\/avocats-en-droit-penal-a-paris-conseil-et-defense-strategique\\\/\"},{\"@type\":\"ListItem\",\"position\":2,\"name\":\"Tribunal judiciaire de Vannes, le 13 janvier 2026, n\u00b024\\\/00545\"}]},{\"@type\":\"WebSite\",\"@id\":\"https:\\\/\\\/kohenavocats.com\\\/tr\\\/#website\",\"url\":\"https:\\\/\\\/kohenavocats.com\\\/tr\\\/\",\"name\":\"Kohen Avocats\",\"description\":\"Ma\u00eetre Hassan Kohen, avocat p\u00e9naliste \u00e0 Paris, intervient exclusivement en droit p\u00e9nal pour la d\u00e9fense des particuliers, notamment en mati\u00e8re d\u2019accusations de viol. Il assure un accompagnement rigoureux d\u00e8s la garde \u00e0 vue jusqu\u2019\u00e0 la Cour d\u2019assises, veillant au strict respect des garanties proc\u00e9durales.\",\"publisher\":{\"@id\":\"https:\\\/\\\/kohenavocats.com\\\/tr\\\/#organization\"},\"potentialAction\":[{\"@type\":\"SearchAction\",\"target\":{\"@type\":\"EntryPoint\",\"urlTemplate\":\"https:\\\/\\\/kohenavocats.com\\\/tr\\\/?s={search_term_string}\"},\"query-input\":{\"@type\":\"PropertyValueSpecification\",\"valueRequired\":true,\"valueName\":\"search_term_string\"}}],\"inLanguage\":\"tr\"},{\"@type\":\"Organization\",\"@id\":\"https:\\\/\\\/kohenavocats.com\\\/tr\\\/#organization\",\"name\":\"Kohen Avocats\",\"url\":\"https:\\\/\\\/kohenavocats.com\\\/tr\\\/\",\"logo\":{\"@type\":\"ImageObject\",\"inLanguage\":\"tr\",\"@id\":\"https:\\\/\\\/kohenavocats.com\\\/tr\\\/#\\\/schema\\\/logo\\\/image\\\/\",\"url\":\"https:\\\/\\\/kohenavocats.com\\\/wp-content\\\/uploads\\\/2026\\\/01\\\/Logo-2-1.webp\",\"contentUrl\":\"https:\\\/\\\/kohenavocats.com\\\/wp-content\\\/uploads\\\/2026\\\/01\\\/Logo-2-1.webp\",\"width\":2114,\"height\":1253,\"caption\":\"Kohen Avocats\"},\"image\":{\"@id\":\"https:\\\/\\\/kohenavocats.com\\\/tr\\\/#\\\/schema\\\/logo\\\/image\\\/\"}},{\"@type\":\"Person\",\"@id\":\"https:\\\/\\\/kohenavocats.com\\\/tr\\\/#\\\/schema\\\/person\\\/761c9ba54fa1ca84d405cef0831ff751\",\"name\":\"Kohen\",\"image\":{\"@type\":\"ImageObject\",\"inLanguage\":\"tr\",\"@id\":\"https:\\\/\\\/secure.gravatar.com\\\/avatar\\\/1c5e76ef76bbbfdd2b4da984e2bf2fa4056fd51a27d25ce2c332047f1dfd6e00?s=96&d=identicon&r=g\",\"url\":\"https:\\\/\\\/secure.gravatar.com\\\/avatar\\\/1c5e76ef76bbbfdd2b4da984e2bf2fa4056fd51a27d25ce2c332047f1dfd6e00?s=96&d=identicon&r=g\",\"contentUrl\":\"https:\\\/\\\/secure.gravatar.com\\\/avatar\\\/1c5e76ef76bbbfdd2b4da984e2bf2fa4056fd51a27d25ce2c332047f1dfd6e00?s=96&d=identicon&r=g\",\"caption\":\"Kohen\"},\"sameAs\":[\"https:\\\/\\\/www.linkedin.com\\\/in\\\/hassan-kohen-448548192\\\/\",\"https:\\\/\\\/www.youtube.com\\\/@Kohen-Avocats\"],\"url\":\"https:\\\/\\\/kohenavocats.com\\\/tr\\\/author\\\/kohenmlk\\\/\"}]}<\/script>\n<!-- \/ Yoast SEO Premium plugin. -->","yoast_head_json":{"title":"Tribunal judiciaire de Vannes, le 13 janvier 2026, n\u00b024\/00545 - Ma\u00eetre Hassan Kohen, avocat en droit p\u00e9nal \u00e0 Paris","description":"Le juge des contentieux de la protection, statuant en premier ressort, a rendu une d\u00e9cision le 13 janvier 2026. Un d\u00e9biteur avait form\u00e9 un recours contre les...","robots":{"index":"index","follow":"follow","max-snippet":"max-snippet:-1","max-image-preview":"max-image-preview:large","max-video-preview":"max-video-preview:-1"},"canonical":"https:\/\/kohenavocats.com\/tr\/tribunal-judiciaire-de-vannes-le-13-janvier-2026-n24-00545\/","og_locale":"tr_TR","og_type":"article","og_title":"Tribunal judiciaire de Vannes, le 13 janvier 2026, n\u00b024\/00545","og_description":"Le juge des contentieux de la protection, statuant en premier ressort, a rendu une d\u00e9cision le 13 janvier 2026. Un d\u00e9biteur avait form\u00e9 un recours contre les...","og_url":"https:\/\/kohenavocats.com\/tr\/tribunal-judiciaire-de-vannes-le-13-janvier-2026-n24-00545\/","og_site_name":"Ma\u00eetre Hassan Kohen, avocat en droit p\u00e9nal \u00e0 Paris","article_published_time":"2026-04-23T17:46:55+00:00","og_image":[{"width":4000,"height":5000,"url":"https:\/\/kohenavocats.com\/wp-content\/uploads\/2024\/11\/resource-database-lRwnx8gdAW0-unsplash.webp","type":"image\/webp"}],"author":"Kohen","twitter_card":"summary_large_image","twitter_misc":{"Yazan:":"Kohen","Tahmini okuma s\u00fcresi":"2 dakika"},"schema":{"@context":"https:\/\/schema.org","@graph":[{"@type":"Article","@id":"https:\/\/kohenavocats.com\/tr\/tribunal-judiciaire-de-vannes-le-13-janvier-2026-n24-00545\/#article","isPartOf":{"@id":"https:\/\/kohenavocats.com\/tr\/tribunal-judiciaire-de-vannes-le-13-janvier-2026-n24-00545\/"},"author":{"name":"Kohen","@id":"https:\/\/kohenavocats.com\/tr\/#\/schema\/person\/761c9ba54fa1ca84d405cef0831ff751"},"headline":"Tribunal judiciaire de Vannes, le 13 janvier 2026, n\u00b024\/00545","datePublished":"2026-04-23T17:46:55+00:00","mainEntityOfPage":{"@id":"https:\/\/kohenavocats.com\/tr\/tribunal-judiciaire-de-vannes-le-13-janvier-2026-n24-00545\/"},"wordCount":476,"commentCount":0,"publisher":{"@id":"https:\/\/kohenavocats.com\/tr\/#organization"},"image":{"@id":"https:\/\/kohenavocats.com\/tr\/tribunal-judiciaire-de-vannes-le-13-janvier-2026-n24-00545\/#primaryimage"},"thumbnailUrl":"https:\/\/kohenavocats.com\/wp-content\/uploads\/2024\/11\/resource-database-lRwnx8gdAW0-unsplash.webp","articleSection":["Jurisprudence"],"inLanguage":"tr","potentialAction":[{"@type":"CommentAction","name":"Comment","target":["https:\/\/kohenavocats.com\/tr\/tribunal-judiciaire-de-vannes-le-13-janvier-2026-n24-00545\/#respond"]}],"citation":"Tribunal judiciaire de Vannes, le 13 janvier 2026, n\u00b024\/00545","about":[{"@type":"Thing","name":"Jurisprudence"}],"dateModified":"2026-04-23T17:46:55+00:00","speakable":{"@type":"SpeakableSpecification","cssSelector":[".article-content > p:first-of-type"]}},{"@type":"WebPage","@id":"https:\/\/kohenavocats.com\/tr\/tribunal-judiciaire-de-vannes-le-13-janvier-2026-n24-00545\/","url":"https:\/\/kohenavocats.com\/tr\/tribunal-judiciaire-de-vannes-le-13-janvier-2026-n24-00545\/","name":"Tribunal judiciaire de Vannes, le 13 janvier 2026, n\u00b024\/00545 - Ma\u00eetre Hassan Kohen, avocat en droit p\u00e9nal \u00e0 Paris","isPartOf":{"@id":"https:\/\/kohenavocats.com\/tr\/#website"},"primaryImageOfPage":{"@id":"https:\/\/kohenavocats.com\/tr\/tribunal-judiciaire-de-vannes-le-13-janvier-2026-n24-00545\/#primaryimage"},"image":{"@id":"https:\/\/kohenavocats.com\/tr\/tribunal-judiciaire-de-vannes-le-13-janvier-2026-n24-00545\/#primaryimage"},"thumbnailUrl":"https:\/\/kohenavocats.com\/wp-content\/uploads\/2024\/11\/resource-database-lRwnx8gdAW0-unsplash.webp","datePublished":"2026-04-23T17:46:55+00:00","description":"Le juge des contentieux de la protection, statuant en premier ressort, a rendu une d\u00e9cision le 13 janvier 2026. Un d\u00e9biteur avait form\u00e9 un recours contre les...","breadcrumb":{"@id":"https:\/\/kohenavocats.com\/tr\/tribunal-judiciaire-de-vannes-le-13-janvier-2026-n24-00545\/#breadcrumb"},"inLanguage":"tr","potentialAction":[{"@type":"ReadAction","target":["https:\/\/kohenavocats.com\/tr\/tribunal-judiciaire-de-vannes-le-13-janvier-2026-n24-00545\/"]}]},{"@type":"ImageObject","inLanguage":"tr","@id":"https:\/\/kohenavocats.com\/tr\/tribunal-judiciaire-de-vannes-le-13-janvier-2026-n24-00545\/#primaryimage","url":"https:\/\/kohenavocats.com\/wp-content\/uploads\/2024\/11\/resource-database-lRwnx8gdAW0-unsplash.webp","contentUrl":"https:\/\/kohenavocats.com\/wp-content\/uploads\/2024\/11\/resource-database-lRwnx8gdAW0-unsplash.webp","width":4000,"height":5000},{"@type":"BreadcrumbList","@id":"https:\/\/kohenavocats.com\/tr\/tribunal-judiciaire-de-vannes-le-13-janvier-2026-n24-00545\/#breadcrumb","itemListElement":[{"@type":"ListItem","position":1,"name":"Home","item":"https:\/\/kohenavocats.com\/tr\/avocats-en-droit-penal-a-paris-conseil-et-defense-strategique\/"},{"@type":"ListItem","position":2,"name":"Tribunal judiciaire de Vannes, le 13 janvier 2026, n\u00b024\/00545"}]},{"@type":"WebSite","@id":"https:\/\/kohenavocats.com\/tr\/#website","url":"https:\/\/kohenavocats.com\/tr\/","name":"Kohen Avocats","description":"Ma\u00eetre Hassan Kohen, avocat p\u00e9naliste \u00e0 Paris, intervient exclusivement en droit p\u00e9nal pour la d\u00e9fense des particuliers, notamment en mati\u00e8re d\u2019accusations de viol. Il assure un accompagnement rigoureux d\u00e8s la garde \u00e0 vue jusqu\u2019\u00e0 la Cour d\u2019assises, veillant au strict respect des garanties proc\u00e9durales.","publisher":{"@id":"https:\/\/kohenavocats.com\/tr\/#organization"},"potentialAction":[{"@type":"SearchAction","target":{"@type":"EntryPoint","urlTemplate":"https:\/\/kohenavocats.com\/tr\/?s={search_term_string}"},"query-input":{"@type":"PropertyValueSpecification","valueRequired":true,"valueName":"search_term_string"}}],"inLanguage":"tr"},{"@type":"Organization","@id":"https:\/\/kohenavocats.com\/tr\/#organization","name":"Kohen Avocats","url":"https:\/\/kohenavocats.com\/tr\/","logo":{"@type":"ImageObject","inLanguage":"tr","@id":"https:\/\/kohenavocats.com\/tr\/#\/schema\/logo\/image\/","url":"https:\/\/kohenavocats.com\/wp-content\/uploads\/2026\/01\/Logo-2-1.webp","contentUrl":"https:\/\/kohenavocats.com\/wp-content\/uploads\/2026\/01\/Logo-2-1.webp","width":2114,"height":1253,"caption":"Kohen Avocats"},"image":{"@id":"https:\/\/kohenavocats.com\/tr\/#\/schema\/logo\/image\/"}},{"@type":"Person","@id":"https:\/\/kohenavocats.com\/tr\/#\/schema\/person\/761c9ba54fa1ca84d405cef0831ff751","name":"Kohen","image":{"@type":"ImageObject","inLanguage":"tr","@id":"https:\/\/secure.gravatar.com\/avatar\/1c5e76ef76bbbfdd2b4da984e2bf2fa4056fd51a27d25ce2c332047f1dfd6e00?s=96&d=identicon&r=g","url":"https:\/\/secure.gravatar.com\/avatar\/1c5e76ef76bbbfdd2b4da984e2bf2fa4056fd51a27d25ce2c332047f1dfd6e00?s=96&d=identicon&r=g","contentUrl":"https:\/\/secure.gravatar.com\/avatar\/1c5e76ef76bbbfdd2b4da984e2bf2fa4056fd51a27d25ce2c332047f1dfd6e00?s=96&d=identicon&r=g","caption":"Kohen"},"sameAs":["https:\/\/www.linkedin.com\/in\/hassan-kohen-448548192\/","https:\/\/www.youtube.com\/@Kohen-Avocats"],"url":"https:\/\/kohenavocats.com\/tr\/author\/kohenmlk\/"}]}},"jetpack_featured_media_url":"https:\/\/kohenavocats.com\/wp-content\/uploads\/2024\/11\/resource-database-lRwnx8gdAW0-unsplash.webp","jetpack_likes_enabled":false,"jetpack_shortlink":"https:\/\/wp.me\/peCrII-2Mmp","jetpack-related-posts":[{"id":484220,"url":"https:\/\/kohenavocats.com\/tr\/tribunal-judiciaire-de-montpellier-le-12-fevrier-2026-n25-00211\/","url_meta":{"origin":662557,"position":0},"title":"Tribunal judiciaire de Montpellier, le 12 f\u00e9vrier 2026, n\u00b025\/00211","author":"Kohen","date":"8 Nisan 2026","format":false,"excerpt":"Le tribunal judiciaire de Montpellier, statuant le 12 f\u00e9vrier 2026, a examin\u00e9 un recours contre des mesures impos\u00e9es par une commission de surendettement. La...","rel":"","context":"&quot;Jurisprudence&quot; i\u00e7inde","block_context":{"text":"Jurisprudence","link":"https:\/\/kohenavocats.com\/category\/jurisprudence\/"},"img":{"alt_text":"","src":"https:\/\/i0.wp.com\/kohenavocats.com\/wp-content\/uploads\/2024\/08\/pierre-axel-cotteret-ZxtssYV12S4-unsplash.webp?resize=350%2C200&ssl=1","width":350,"height":200,"srcset":"https:\/\/i0.wp.com\/kohenavocats.com\/wp-content\/uploads\/2024\/08\/pierre-axel-cotteret-ZxtssYV12S4-unsplash.webp?resize=350%2C200&ssl=1 1x, https:\/\/i0.wp.com\/kohenavocats.com\/wp-content\/uploads\/2024\/08\/pierre-axel-cotteret-ZxtssYV12S4-unsplash.webp?resize=525%2C300&ssl=1 1.5x, https:\/\/i0.wp.com\/kohenavocats.com\/wp-content\/uploads\/2024\/08\/pierre-axel-cotteret-ZxtssYV12S4-unsplash.webp?resize=700%2C400&ssl=1 2x, https:\/\/i0.wp.com\/kohenavocats.com\/wp-content\/uploads\/2024\/08\/pierre-axel-cotteret-ZxtssYV12S4-unsplash.webp?resize=1050%2C600&ssl=1 3x, https:\/\/i0.wp.com\/kohenavocats.com\/wp-content\/uploads\/2024\/08\/pierre-axel-cotteret-ZxtssYV12S4-unsplash.webp?resize=1400%2C800&ssl=1 4x"},"classes":[]},{"id":642981,"url":"https:\/\/kohenavocats.com\/tr\/tribunal-judiciaire-de-montpellier-le-19-fevrier-2026-n25-00059\/","url_meta":{"origin":662557,"position":1},"title":"Tribunal judiciaire de Montpellier, le 19 f\u00e9vrier 2026, n\u00b025\/00059","author":"Kohen","date":"22 Nisan 2026","format":false,"excerpt":"Le tribunal judiciaire, statuant en mati\u00e8re de surendettement, a rendu une d\u00e9cision le 19 f\u00e9vrier 2026. La juridiction a examin\u00e9 le recours form\u00e9 contre les ...","rel":"","context":"&quot;Jurisprudence&quot; i\u00e7inde","block_context":{"text":"Jurisprudence","link":"https:\/\/kohenavocats.com\/category\/jurisprudence\/"},"img":{"alt_text":"","src":"https:\/\/i0.wp.com\/kohenavocats.com\/wp-content\/uploads\/2024\/08\/patrick-schneider-cFeRWofFkw8-unsplash.webp?resize=350%2C200&ssl=1","width":350,"height":200,"srcset":"https:\/\/i0.wp.com\/kohenavocats.com\/wp-content\/uploads\/2024\/08\/patrick-schneider-cFeRWofFkw8-unsplash.webp?resize=350%2C200&ssl=1 1x, https:\/\/i0.wp.com\/kohenavocats.com\/wp-content\/uploads\/2024\/08\/patrick-schneider-cFeRWofFkw8-unsplash.webp?resize=525%2C300&ssl=1 1.5x, https:\/\/i0.wp.com\/kohenavocats.com\/wp-content\/uploads\/2024\/08\/patrick-schneider-cFeRWofFkw8-unsplash.webp?resize=700%2C400&ssl=1 2x, https:\/\/i0.wp.com\/kohenavocats.com\/wp-content\/uploads\/2024\/08\/patrick-schneider-cFeRWofFkw8-unsplash.webp?resize=1050%2C600&ssl=1 3x, https:\/\/i0.wp.com\/kohenavocats.com\/wp-content\/uploads\/2024\/08\/patrick-schneider-cFeRWofFkw8-unsplash.webp?resize=1400%2C800&ssl=1 4x"},"classes":[]},{"id":667209,"url":"https:\/\/kohenavocats.com\/tr\/cour-dappel-de-aix-en-provence-le-23-septembre-2025-n25-00502\/","url_meta":{"origin":662557,"position":2},"title":"Cour d&#8217;appel de Aix-en-Provence, le 23 septembre 2025, n\u00b025\/00502","author":"Kohen","date":"24 Nisan 2026","format":false,"excerpt":"La cour d\u2019appel d\u2019Aix-en-Provence, statuant en juge des contentieux de la protection du tribunal judiciaire de Nice, rend un jugement le 23 septembre 2025. L...","rel":"","context":"&quot;Immobilier&quot; i\u00e7inde","block_context":{"text":"Immobilier","link":"https:\/\/kohenavocats.com\/category\/immobilier\/"},"img":{"alt_text":"","src":"https:\/\/i0.wp.com\/kohenavocats.com\/wp-content\/uploads\/2024\/11\/pawel-czerwinski-CON_Cr7rdMg-unsplash.webp?resize=350%2C200&ssl=1","width":350,"height":200,"srcset":"https:\/\/i0.wp.com\/kohenavocats.com\/wp-content\/uploads\/2024\/11\/pawel-czerwinski-CON_Cr7rdMg-unsplash.webp?resize=350%2C200&ssl=1 1x, https:\/\/i0.wp.com\/kohenavocats.com\/wp-content\/uploads\/2024\/11\/pawel-czerwinski-CON_Cr7rdMg-unsplash.webp?resize=525%2C300&ssl=1 1.5x, https:\/\/i0.wp.com\/kohenavocats.com\/wp-content\/uploads\/2024\/11\/pawel-czerwinski-CON_Cr7rdMg-unsplash.webp?resize=700%2C400&ssl=1 2x, https:\/\/i0.wp.com\/kohenavocats.com\/wp-content\/uploads\/2024\/11\/pawel-czerwinski-CON_Cr7rdMg-unsplash.webp?resize=1050%2C600&ssl=1 3x, https:\/\/i0.wp.com\/kohenavocats.com\/wp-content\/uploads\/2024\/11\/pawel-czerwinski-CON_Cr7rdMg-unsplash.webp?resize=1400%2C800&ssl=1 4x"},"classes":[]},{"id":670937,"url":"https:\/\/kohenavocats.com\/tr\/tribunal-judiciaire-de-vannes-le-8-janvier-2026-n24-00608\/","url_meta":{"origin":662557,"position":3},"title":"Tribunal judiciaire de Vannes, le 8 janvier 2026, n\u00b024\/00608","author":"Kohen","date":"24 Nisan 2026","format":false,"excerpt":"Le juge des contentieux de la protection, statuant le 8 janvier 2026, a examin\u00e9 un recours contre des mesures de surendettement. Le d\u00e9biteur, \u00e2g\u00e9 et en arr\u00eat...","rel":"","context":"&quot;Jurisprudence&quot; i\u00e7inde","block_context":{"text":"Jurisprudence","link":"https:\/\/kohenavocats.com\/category\/jurisprudence\/"},"img":{"alt_text":"","src":"https:\/\/i0.wp.com\/kohenavocats.com\/wp-content\/uploads\/2024\/11\/anita-austvika-0SYgXsw1BV4-unsplash.webp?resize=350%2C200&ssl=1","width":350,"height":200,"srcset":"https:\/\/i0.wp.com\/kohenavocats.com\/wp-content\/uploads\/2024\/11\/anita-austvika-0SYgXsw1BV4-unsplash.webp?resize=350%2C200&ssl=1 1x, https:\/\/i0.wp.com\/kohenavocats.com\/wp-content\/uploads\/2024\/11\/anita-austvika-0SYgXsw1BV4-unsplash.webp?resize=525%2C300&ssl=1 1.5x, https:\/\/i0.wp.com\/kohenavocats.com\/wp-content\/uploads\/2024\/11\/anita-austvika-0SYgXsw1BV4-unsplash.webp?resize=700%2C400&ssl=1 2x, https:\/\/i0.wp.com\/kohenavocats.com\/wp-content\/uploads\/2024\/11\/anita-austvika-0SYgXsw1BV4-unsplash.webp?resize=1050%2C600&ssl=1 3x, https:\/\/i0.wp.com\/kohenavocats.com\/wp-content\/uploads\/2024\/11\/anita-austvika-0SYgXsw1BV4-unsplash.webp?resize=1400%2C800&ssl=1 4x"},"classes":[]},{"id":645241,"url":"https:\/\/kohenavocats.com\/tr\/tribunal-judiciaire-de-amiens-le-11-fevrier-2025-n25-00051\/","url_meta":{"origin":662557,"position":4},"title":"Tribunal judiciaire de Amiens, le 11 f\u00e9vrier 2025, n\u00b025\/00051","author":"Kohen","date":"22 Nisan 2026","format":false,"excerpt":"Le tribunal judiciaire, statuant en mati\u00e8re de contentieux de la protection, a rendu une d\u00e9cision le 11 f\u00e9vrier 2025. Un cr\u00e9ancier a contest\u00e9 les mesures de ...","rel":"","context":"&quot;Jurisprudence&quot; i\u00e7inde","block_context":{"text":"Jurisprudence","link":"https:\/\/kohenavocats.com\/category\/jurisprudence\/"},"img":{"alt_text":"","src":"https:\/\/i0.wp.com\/kohenavocats.com\/wp-content\/uploads\/2024\/08\/diane-picchiottino-MgllRDA6GIA-unsplash.webp?resize=350%2C200&ssl=1","width":350,"height":200,"srcset":"https:\/\/i0.wp.com\/kohenavocats.com\/wp-content\/uploads\/2024\/08\/diane-picchiottino-MgllRDA6GIA-unsplash.webp?resize=350%2C200&ssl=1 1x, https:\/\/i0.wp.com\/kohenavocats.com\/wp-content\/uploads\/2024\/08\/diane-picchiottino-MgllRDA6GIA-unsplash.webp?resize=525%2C300&ssl=1 1.5x, https:\/\/i0.wp.com\/kohenavocats.com\/wp-content\/uploads\/2024\/08\/diane-picchiottino-MgllRDA6GIA-unsplash.webp?resize=700%2C400&ssl=1 2x, https:\/\/i0.wp.com\/kohenavocats.com\/wp-content\/uploads\/2024\/08\/diane-picchiottino-MgllRDA6GIA-unsplash.webp?resize=1050%2C600&ssl=1 3x, https:\/\/i0.wp.com\/kohenavocats.com\/wp-content\/uploads\/2024\/08\/diane-picchiottino-MgllRDA6GIA-unsplash.webp?resize=1400%2C800&ssl=1 4x"},"classes":[]},{"id":485820,"url":"https:\/\/kohenavocats.com\/tr\/tribunal-judiciaire-de-mulhouse-le-2-decembre-2025-n25-00657\/","url_meta":{"origin":662557,"position":5},"title":"Tribunal judiciaire de Mulhouse, le 2 d\u00e9cembre 2025, n\u00b025\/00657","author":"Kohen","date":"8 Nisan 2026","format":false,"excerpt":"Le Tribunal judiciaire de Mulhouse, statuant en mati\u00e8re de surendettement le 2 d\u00e9cembre 2025, examine un recours contre les mesures impos\u00e9es par une commissi...","rel":"","context":"&quot;Jurisprudence&quot; i\u00e7inde","block_context":{"text":"Jurisprudence","link":"https:\/\/kohenavocats.com\/category\/jurisprudence\/"},"img":{"alt_text":"","src":"https:\/\/i0.wp.com\/kohenavocats.com\/wp-content\/uploads\/2024\/08\/vlad-kutepov-utAMCFc1-SY-unsplash.webp?resize=350%2C200&ssl=1","width":350,"height":200,"srcset":"https:\/\/i0.wp.com\/kohenavocats.com\/wp-content\/uploads\/2024\/08\/vlad-kutepov-utAMCFc1-SY-unsplash.webp?resize=350%2C200&ssl=1 1x, https:\/\/i0.wp.com\/kohenavocats.com\/wp-content\/uploads\/2024\/08\/vlad-kutepov-utAMCFc1-SY-unsplash.webp?resize=525%2C300&ssl=1 1.5x, https:\/\/i0.wp.com\/kohenavocats.com\/wp-content\/uploads\/2024\/08\/vlad-kutepov-utAMCFc1-SY-unsplash.webp?resize=700%2C400&ssl=1 2x, https:\/\/i0.wp.com\/kohenavocats.com\/wp-content\/uploads\/2024\/08\/vlad-kutepov-utAMCFc1-SY-unsplash.webp?resize=1050%2C600&ssl=1 3x, https:\/\/i0.wp.com\/kohenavocats.com\/wp-content\/uploads\/2024\/08\/vlad-kutepov-utAMCFc1-SY-unsplash.webp?resize=1400%2C800&ssl=1 4x"},"classes":[]}],"jetpack_sharing_enabled":true,"_links":{"self":[{"href":"https:\/\/kohenavocats.com\/tr\/wp-json\/wp\/v2\/posts\/662557","targetHints":{"allow":["GET"]}}],"collection":[{"href":"https:\/\/kohenavocats.com\/tr\/wp-json\/wp\/v2\/posts"}],"about":[{"href":"https:\/\/kohenavocats.com\/tr\/wp-json\/wp\/v2\/types\/post"}],"author":[{"embeddable":true,"href":"https:\/\/kohenavocats.com\/tr\/wp-json\/wp\/v2\/users\/232070755"}],"replies":[{"embeddable":true,"href":"https:\/\/kohenavocats.com\/tr\/wp-json\/wp\/v2\/comments?post=662557"}],"version-history":[{"count":0,"href":"https:\/\/kohenavocats.com\/tr\/wp-json\/wp\/v2\/posts\/662557\/revisions"}],"wp:featuredmedia":[{"embeddable":true,"href":"https:\/\/kohenavocats.com\/tr\/wp-json\/wp\/v2\/media\/9515"}],"wp:attachment":[{"href":"https:\/\/kohenavocats.com\/tr\/wp-json\/wp\/v2\/media?parent=662557"}],"wp:term":[{"taxonomy":"category","embeddable":true,"href":"https:\/\/kohenavocats.com\/tr\/wp-json\/wp\/v2\/categories?post=662557"},{"taxonomy":"post_tag","embeddable":true,"href":"https:\/\/kohenavocats.com\/tr\/wp-json\/wp\/v2\/tags?post=662557"}],"curies":[{"name":"wp","href":"https:\/\/api.w.org\/{rel}","templated":true}]}}