{"id":663292,"date":"2026-04-23T20:55:26","date_gmt":"2026-04-23T18:55:26","guid":{"rendered":"https:\/\/kohenavocats.com\/cour-dappel-de-bourges-le-11-avril-2025-n24-01203\/"},"modified":"2026-04-23T20:55:26","modified_gmt":"2026-04-23T18:55:26","slug":"cour-dappel-de-bourges-le-11-avril-2025-n24-01203","status":"publish","type":"post","link":"https:\/\/kohenavocats.com\/tr\/cour-dappel-de-bourges-le-11-avril-2025-n24-01203\/","title":{"rendered":"Cour d&#8217;appel de Bourges, le 11 avril 2025, n\u00b024\/01203"},"content":{"rendered":"<div class=\"article-content\">\n<p>La Cour d&#8217;appel de Bourges, statuant le 11 avril 2025, examine l&#8217;ex\u00e9cution d&#8217;un jugement prud&#8217;homal. L&#8217;employeur avait \u00e9t\u00e9 condamn\u00e9 \u00e0 remettre deux fiches d&#8217;exposition sous astreinte. La juridiction d&#8217;appel doit liquider cette astreinte et v\u00e9rifier la conformit\u00e9 des documents produits. Elle confirme partiellement le jugement d\u00e9f\u00e9r\u00e9 tout en r\u00e9duisant consid\u00e9rablement le montant de la condamnation p\u00e9cuniaire. L&#8217;arr\u00eat pr\u00e9cise \u00e9galement les obligations persistantes de l&#8217;employeur concernant la fiche amiante.<\/p>\n<p>L&#8217;autorit\u00e9 de la chose jug\u00e9e et l&#8217;\u00e9tendue du contr\u00f4le<br \/>\nLe juge de la liquidation de l&#8217;astreinte est strictement encadr\u00e9 par l&#8217;autorit\u00e9 de la chose jug\u00e9e. Il ne peut remettre en cause les obligations fix\u00e9es par la d\u00e9cision initiale. &#8220;Le juge de la liquidation ne peut, sans porter atteinte \u00e0 l&#8217;autorit\u00e9 de la chose jug\u00e9e attach\u00e9e \u00e0 une d\u00e9cision fixant des obligations assorties d&#8217;une astreinte, soit modifier les obligations, soit dire que l&#8217;astreinte ne s&#8217;applique pas \u00e0 certaines d&#8217;entre elles&#8221; (3e Civ., 10 novembre 2016, pourvoi n\u00b0 15-21.949). La cour rappelle ainsi que son office se limite \u00e0 contr\u00f4ler l&#8217;ex\u00e9cution des injonctions prononc\u00e9es. Elle ne saurait donc modifier le fond de l&#8217;obligation de remettre une fiche d&#8217;exposition conforme. Cette position garantit la stabilit\u00e9 des d\u00e9cisions de justice et leur force ex\u00e9cutoire. Elle emp\u00eache le d\u00e9biteur de contester \u00e0 nouveau le bien-fond\u00e9 de la condamnation lors de la phase d&#8217;ex\u00e9cution.<\/p>\n<p>L&#8217;interpr\u00e9tation de l&#8217;obligation doit cependant respecter le cadre l\u00e9gal imp\u00e9ratif. La cour \u00e9carte l&#8217;argument de l&#8217;employeur sur la nature accidentelle de l&#8217;exposition. Elle souligne que le texte s&#8217;applique d\u00e8s qu&#8217;une exposition est constat\u00e9e. &#8220;L&#8217;article R. 4412-120 du code du travail n&#8217;exige pas que l&#8217;employeur ait eu une connaissance pr\u00e9alable de la pr\u00e9sence d&#8217;amiante pour \u00eatre tenu \u00e0 l&#8217;obligation d&#8217;\u00e9tablir une fiche d&#8217;exposition&#8221; (Motifs). Le mod\u00e8le de fiche accidentelle lui-m\u00eame doit se conformer \u00e0 cet article. La port\u00e9e de l&#8217;arr\u00eat est donc d&#8217;affirmer le caract\u00e8re objectif de cette obligation de s\u00e9curit\u00e9. L&#8217;employeur ne peut s&#8217;exon\u00e9rer en invoquant son ignorance du risque. La protection du salari\u00e9 prime sur la bonne foi pr\u00e9sum\u00e9e de l&#8217;entreprise. Cette lecture stricte renforce les obligations de l&#8217;employeur en mati\u00e8re de tra\u00e7abilit\u00e9 des expositions.<\/p>\n<p>La liquidation proportionnelle de l&#8217;astreinte<br \/>\nLe pouvoir d&#8217;appr\u00e9ciation du juge pour liquider l&#8217;astreinte est guid\u00e9 par la proportionnalit\u00e9. La cour rappelle que ce pouvoir doit s&#8217;exercer de mani\u00e8re concr\u00e8te. &#8220;Il appartient au juge saisi d&#8217;une demande de liquidation de l&#8217;astreinte d&#8217;appr\u00e9cier, de mani\u00e8re concr\u00e8te, s&#8217;il existe un rapport raisonnable de proportionnalit\u00e9 entre le montant auquel il liquide l&#8217;astreinte et l&#8217;enjeu du litige&#8221; (2e Civ., 20 janvier 2022, pourvoi n\u00b0 20-15.261). L&#8217;astreinte a une fonction incitative et compensatrice, mais non punitive. La cour prend en compte les difficult\u00e9s pratiques rencontr\u00e9es par l&#8217;employeur pour ex\u00e9cuter une obligation ancienne. Elle rel\u00e8ve notamment l&#8217;impossibilit\u00e9 mat\u00e9rielle de fournir un taux d&#8217;empoussi\u00e8rement pr\u00e9cis plusieurs ann\u00e9es apr\u00e8s les faits. Cette approche concr\u00e8te temp\u00e8re la rigueur de l&#8217;obligation.<\/p>\n<p>La r\u00e9duction drastique du montant sanctionne une ex\u00e9cution partielle et tardive. La cour constate que les fiches ont \u00e9t\u00e9 communiqu\u00e9es avec retard et demeurent incompl\u00e8tes. Elle liquide ainsi l&#8217;astreinte \u00e0 6 000 euros, soit une fraction minime de la somme initialement r\u00e9clam\u00e9e. Cette d\u00e9cision valorise la bonne foi dans l&#8217;ex\u00e9cution et les difficult\u00e9s rencontr\u00e9es. Elle tient compte du fait que l&#8217;obligation concernait plusieurs salari\u00e9s et d&#8217;une certaine impr\u00e9cision du jugement de premi\u00e8re instance. La solution illustre la recherche d&#8217;un \u00e9quilibre entre l&#8217;effectivit\u00e9 des d\u00e9cisions et l&#8217;\u00e9quit\u00e9 envers le d\u00e9biteur. Elle \u00e9vite qu&#8217;une astreinte non liquid\u00e9e ne devienne une sanction disproportionn\u00e9e par rapport \u00e0 la faute commise.<\/p>\n<\/div>\n","protected":false},"excerpt":{"rendered":"<p>La Cour d&#8217;appel de Bourges, statuant le 11 avril 2025, examine l&#8217;ex\u00e9cution d&#8217;un jugement prud&#8217;homal. L&#8217;employeur avait \u00e9t\u00e9 condamn\u00e9 \u00e0 remettre deux fiches d&#8217;&#8230;<\/p>\n","protected":false},"author":232070755,"featured_media":3564,"comment_status":"open","ping_status":"open","sticky":false,"template":"","format":"standard","meta":{"_crdt_document":"","_jetpack_newsletter_access":"","_jetpack_dont_email_post_to_subs":false,"_jetpack_newsletter_tier_id":0,"_jetpack_memberships_contains_paywalled_content":false,"_kj_source_type":"judilibre","_kj_official_id":"68db641d7ee64f58ab6b69fe","_kj_official_url":"https:\/\/www.courdecassation.fr\/decision\/68db641d7ee64f58ab6b69fe","_kj_judilibre_id":"68db641d7ee64f58ab6b69fe","_kj_jur":"Cour d'appel","_kj_lieu":"Cour d'appel d'Orl\u00e9ans","_kj_chambre":"Chambre Sociale","_kj_rg":"24\/01203","_kj_date":"2025-09-25","_jetpack_memberships_contains_paid_content":false,"footnotes":"","jetpack_post_was_ever_published":false},"categories":[7597],"tags":[],"class_list":["post-663292","post","type-post","status-publish","format-standard","has-post-thumbnail","hentry","category-jurisprudence"],"yoast_head":"<!-- This site is optimized with the Yoast SEO Premium plugin v27.5 (Yoast SEO v27.5) - https:\/\/yoast.com\/product\/yoast-seo-premium-wordpress\/ -->\n<title>Cour d&#039;appel de Bourges, le 11 avril 2025, n\u00b024\/01203 - Ma\u00eetre Hassan Kohen, avocat en droit p\u00e9nal \u00e0 Paris<\/title>\n<meta name=\"description\" content=\"La Cour d&#039;appel de Bourges, statuant le 11 avril 2025, examine l&#039;ex\u00e9cution d&#039;un jugement prud&#039;homal. L&#039;employeur avait \u00e9t\u00e9 condamn\u00e9 \u00e0 remettre deux fiches d&#039;...\" \/>\n<meta name=\"robots\" content=\"index, follow, max-snippet:-1, max-image-preview:large, max-video-preview:-1\" \/>\n<link rel=\"canonical\" href=\"https:\/\/kohenavocats.com\/tr\/cour-dappel-de-bourges-le-11-avril-2025-n24-01203\/\" \/>\n<meta property=\"og:locale\" content=\"tr_TR\" \/>\n<meta property=\"og:type\" content=\"article\" \/>\n<meta property=\"og:title\" content=\"Cour d&#039;appel de Bourges, le 11 avril 2025, n\u00b024\/01203\" \/>\n<meta property=\"og:description\" content=\"La Cour d&#039;appel de Bourges, statuant le 11 avril 2025, examine l&#039;ex\u00e9cution d&#039;un jugement prud&#039;homal. L&#039;employeur avait \u00e9t\u00e9 condamn\u00e9 \u00e0 remettre deux fiches d&#039;...\" \/>\n<meta property=\"og:url\" content=\"https:\/\/kohenavocats.com\/tr\/cour-dappel-de-bourges-le-11-avril-2025-n24-01203\/\" \/>\n<meta property=\"og:site_name\" content=\"Ma\u00eetre Hassan Kohen, avocat en droit p\u00e9nal \u00e0 Paris\" \/>\n<meta property=\"article:published_time\" content=\"2026-04-23T18:55:26+00:00\" \/>\n<meta property=\"og:image\" content=\"https:\/\/kohenavocats.com\/wp-content\/uploads\/2024\/06\/pexels-pavel-danilyuk-8112201.jpg\" \/>\n\t<meta property=\"og:image:width\" content=\"6016\" \/>\n\t<meta property=\"og:image:height\" content=\"4016\" \/>\n\t<meta property=\"og:image:type\" content=\"image\/jpeg\" \/>\n<meta name=\"author\" content=\"Kohen\" \/>\n<meta name=\"twitter:card\" content=\"summary_large_image\" \/>\n<meta name=\"twitter:label1\" content=\"Yazan:\" \/>\n\t<meta name=\"twitter:data1\" content=\"Kohen\" \/>\n\t<meta name=\"twitter:label2\" content=\"Tahmini okuma s\u00fcresi\" \/>\n\t<meta name=\"twitter:data2\" content=\"3 dakika\" \/>\n<script type=\"application\/ld+json\" class=\"yoast-schema-graph\">{\"@context\":\"https:\\\/\\\/schema.org\",\"@graph\":[{\"@type\":\"Article\",\"@id\":\"https:\\\/\\\/kohenavocats.com\\\/tr\\\/cour-dappel-de-bourges-le-11-avril-2025-n24-01203\\\/#article\",\"isPartOf\":{\"@id\":\"https:\\\/\\\/kohenavocats.com\\\/tr\\\/cour-dappel-de-bourges-le-11-avril-2025-n24-01203\\\/\"},\"author\":{\"name\":\"Kohen\",\"@id\":\"https:\\\/\\\/kohenavocats.com\\\/tr\\\/#\\\/schema\\\/person\\\/761c9ba54fa1ca84d405cef0831ff751\"},\"headline\":\"Cour d&#8217;appel de Bourges, le 11 avril 2025, n\u00b024\\\/01203\",\"datePublished\":\"2026-04-23T18:55:26+00:00\",\"mainEntityOfPage\":{\"@id\":\"https:\\\/\\\/kohenavocats.com\\\/tr\\\/cour-dappel-de-bourges-le-11-avril-2025-n24-01203\\\/\"},\"wordCount\":700,\"commentCount\":0,\"publisher\":{\"@id\":\"https:\\\/\\\/kohenavocats.com\\\/tr\\\/#organization\"},\"image\":{\"@id\":\"https:\\\/\\\/kohenavocats.com\\\/tr\\\/cour-dappel-de-bourges-le-11-avril-2025-n24-01203\\\/#primaryimage\"},\"thumbnailUrl\":\"https:\\\/\\\/kohenavocats.com\\\/wp-content\\\/uploads\\\/2024\\\/06\\\/pexels-pavel-danilyuk-8112201.jpg\",\"articleSection\":[\"Jurisprudence\"],\"inLanguage\":\"tr\",\"potentialAction\":[{\"@type\":\"CommentAction\",\"name\":\"Comment\",\"target\":[\"https:\\\/\\\/kohenavocats.com\\\/tr\\\/cour-dappel-de-bourges-le-11-avril-2025-n24-01203\\\/#respond\"]}],\"citation\":\"Cour d&#8217;appel de Bourges, le 11 avril 2025, n\u00b024\\\/01203\",\"about\":[{\"@type\":\"Thing\",\"name\":\"Jurisprudence\"}],\"dateModified\":\"2026-04-23T18:55:26+00:00\",\"speakable\":{\"@type\":\"SpeakableSpecification\",\"cssSelector\":[\".article-content > p:first-of-type\"]}},{\"@type\":\"WebPage\",\"@id\":\"https:\\\/\\\/kohenavocats.com\\\/tr\\\/cour-dappel-de-bourges-le-11-avril-2025-n24-01203\\\/\",\"url\":\"https:\\\/\\\/kohenavocats.com\\\/tr\\\/cour-dappel-de-bourges-le-11-avril-2025-n24-01203\\\/\",\"name\":\"Cour d'appel de Bourges, le 11 avril 2025, n\u00b024\\\/01203 - Ma\u00eetre Hassan Kohen, avocat en droit p\u00e9nal \u00e0 Paris\",\"isPartOf\":{\"@id\":\"https:\\\/\\\/kohenavocats.com\\\/tr\\\/#website\"},\"primaryImageOfPage\":{\"@id\":\"https:\\\/\\\/kohenavocats.com\\\/tr\\\/cour-dappel-de-bourges-le-11-avril-2025-n24-01203\\\/#primaryimage\"},\"image\":{\"@id\":\"https:\\\/\\\/kohenavocats.com\\\/tr\\\/cour-dappel-de-bourges-le-11-avril-2025-n24-01203\\\/#primaryimage\"},\"thumbnailUrl\":\"https:\\\/\\\/kohenavocats.com\\\/wp-content\\\/uploads\\\/2024\\\/06\\\/pexels-pavel-danilyuk-8112201.jpg\",\"datePublished\":\"2026-04-23T18:55:26+00:00\",\"description\":\"La Cour d'appel de Bourges, statuant le 11 avril 2025, examine l'ex\u00e9cution d'un jugement prud'homal. L'employeur avait \u00e9t\u00e9 condamn\u00e9 \u00e0 remettre deux fiches d'...\",\"breadcrumb\":{\"@id\":\"https:\\\/\\\/kohenavocats.com\\\/tr\\\/cour-dappel-de-bourges-le-11-avril-2025-n24-01203\\\/#breadcrumb\"},\"inLanguage\":\"tr\",\"potentialAction\":[{\"@type\":\"ReadAction\",\"target\":[\"https:\\\/\\\/kohenavocats.com\\\/tr\\\/cour-dappel-de-bourges-le-11-avril-2025-n24-01203\\\/\"]}]},{\"@type\":\"ImageObject\",\"inLanguage\":\"tr\",\"@id\":\"https:\\\/\\\/kohenavocats.com\\\/tr\\\/cour-dappel-de-bourges-le-11-avril-2025-n24-01203\\\/#primaryimage\",\"url\":\"https:\\\/\\\/kohenavocats.com\\\/wp-content\\\/uploads\\\/2024\\\/06\\\/pexels-pavel-danilyuk-8112201.jpg\",\"contentUrl\":\"https:\\\/\\\/kohenavocats.com\\\/wp-content\\\/uploads\\\/2024\\\/06\\\/pexels-pavel-danilyuk-8112201.jpg\",\"width\":6016,\"height\":4016},{\"@type\":\"BreadcrumbList\",\"@id\":\"https:\\\/\\\/kohenavocats.com\\\/tr\\\/cour-dappel-de-bourges-le-11-avril-2025-n24-01203\\\/#breadcrumb\",\"itemListElement\":[{\"@type\":\"ListItem\",\"position\":1,\"name\":\"Home\",\"item\":\"https:\\\/\\\/kohenavocats.com\\\/tr\\\/avocats-en-droit-penal-a-paris-conseil-et-defense-strategique\\\/\"},{\"@type\":\"ListItem\",\"position\":2,\"name\":\"Cour d&rsquo;appel de Bourges, le 11 avril 2025, n\u00b024\\\/01203\"}]},{\"@type\":\"WebSite\",\"@id\":\"https:\\\/\\\/kohenavocats.com\\\/tr\\\/#website\",\"url\":\"https:\\\/\\\/kohenavocats.com\\\/tr\\\/\",\"name\":\"Kohen Avocats\",\"description\":\"Ma\u00eetre Hassan Kohen, avocat p\u00e9naliste \u00e0 Paris, intervient exclusivement en droit p\u00e9nal pour la d\u00e9fense des particuliers, notamment en mati\u00e8re d\u2019accusations de viol. Il assure un accompagnement rigoureux d\u00e8s la garde \u00e0 vue jusqu\u2019\u00e0 la Cour d\u2019assises, veillant au strict respect des garanties proc\u00e9durales.\",\"publisher\":{\"@id\":\"https:\\\/\\\/kohenavocats.com\\\/tr\\\/#organization\"},\"potentialAction\":[{\"@type\":\"SearchAction\",\"target\":{\"@type\":\"EntryPoint\",\"urlTemplate\":\"https:\\\/\\\/kohenavocats.com\\\/tr\\\/?s={search_term_string}\"},\"query-input\":{\"@type\":\"PropertyValueSpecification\",\"valueRequired\":true,\"valueName\":\"search_term_string\"}}],\"inLanguage\":\"tr\"},{\"@type\":\"Organization\",\"@id\":\"https:\\\/\\\/kohenavocats.com\\\/tr\\\/#organization\",\"name\":\"Kohen Avocats\",\"url\":\"https:\\\/\\\/kohenavocats.com\\\/tr\\\/\",\"logo\":{\"@type\":\"ImageObject\",\"inLanguage\":\"tr\",\"@id\":\"https:\\\/\\\/kohenavocats.com\\\/tr\\\/#\\\/schema\\\/logo\\\/image\\\/\",\"url\":\"https:\\\/\\\/kohenavocats.com\\\/wp-content\\\/uploads\\\/2026\\\/01\\\/Logo-2-1.webp\",\"contentUrl\":\"https:\\\/\\\/kohenavocats.com\\\/wp-content\\\/uploads\\\/2026\\\/01\\\/Logo-2-1.webp\",\"width\":2114,\"height\":1253,\"caption\":\"Kohen Avocats\"},\"image\":{\"@id\":\"https:\\\/\\\/kohenavocats.com\\\/tr\\\/#\\\/schema\\\/logo\\\/image\\\/\"}},{\"@type\":\"Person\",\"@id\":\"https:\\\/\\\/kohenavocats.com\\\/tr\\\/#\\\/schema\\\/person\\\/761c9ba54fa1ca84d405cef0831ff751\",\"name\":\"Kohen\",\"image\":{\"@type\":\"ImageObject\",\"inLanguage\":\"tr\",\"@id\":\"https:\\\/\\\/secure.gravatar.com\\\/avatar\\\/1c5e76ef76bbbfdd2b4da984e2bf2fa4056fd51a27d25ce2c332047f1dfd6e00?s=96&d=identicon&r=g\",\"url\":\"https:\\\/\\\/secure.gravatar.com\\\/avatar\\\/1c5e76ef76bbbfdd2b4da984e2bf2fa4056fd51a27d25ce2c332047f1dfd6e00?s=96&d=identicon&r=g\",\"contentUrl\":\"https:\\\/\\\/secure.gravatar.com\\\/avatar\\\/1c5e76ef76bbbfdd2b4da984e2bf2fa4056fd51a27d25ce2c332047f1dfd6e00?s=96&d=identicon&r=g\",\"caption\":\"Kohen\"},\"sameAs\":[\"https:\\\/\\\/www.linkedin.com\\\/in\\\/hassan-kohen-448548192\\\/\",\"https:\\\/\\\/www.youtube.com\\\/@Kohen-Avocats\"],\"url\":\"https:\\\/\\\/kohenavocats.com\\\/tr\\\/author\\\/kohenmlk\\\/\"}]}<\/script>\n<!-- \/ Yoast SEO Premium plugin. -->","yoast_head_json":{"title":"Cour d'appel de Bourges, le 11 avril 2025, n\u00b024\/01203 - Ma\u00eetre Hassan Kohen, avocat en droit p\u00e9nal \u00e0 Paris","description":"La Cour d'appel de Bourges, statuant le 11 avril 2025, examine l'ex\u00e9cution d'un jugement prud'homal. L'employeur avait \u00e9t\u00e9 condamn\u00e9 \u00e0 remettre deux fiches d'...","robots":{"index":"index","follow":"follow","max-snippet":"max-snippet:-1","max-image-preview":"max-image-preview:large","max-video-preview":"max-video-preview:-1"},"canonical":"https:\/\/kohenavocats.com\/tr\/cour-dappel-de-bourges-le-11-avril-2025-n24-01203\/","og_locale":"tr_TR","og_type":"article","og_title":"Cour d'appel de Bourges, le 11 avril 2025, n\u00b024\/01203","og_description":"La Cour d'appel de Bourges, statuant le 11 avril 2025, examine l'ex\u00e9cution d'un jugement prud'homal. L'employeur avait \u00e9t\u00e9 condamn\u00e9 \u00e0 remettre deux fiches d'...","og_url":"https:\/\/kohenavocats.com\/tr\/cour-dappel-de-bourges-le-11-avril-2025-n24-01203\/","og_site_name":"Ma\u00eetre Hassan Kohen, avocat en droit p\u00e9nal \u00e0 Paris","article_published_time":"2026-04-23T18:55:26+00:00","og_image":[{"width":6016,"height":4016,"url":"https:\/\/kohenavocats.com\/wp-content\/uploads\/2024\/06\/pexels-pavel-danilyuk-8112201.jpg","type":"image\/jpeg"}],"author":"Kohen","twitter_card":"summary_large_image","twitter_misc":{"Yazan:":"Kohen","Tahmini okuma s\u00fcresi":"3 dakika"},"schema":{"@context":"https:\/\/schema.org","@graph":[{"@type":"Article","@id":"https:\/\/kohenavocats.com\/tr\/cour-dappel-de-bourges-le-11-avril-2025-n24-01203\/#article","isPartOf":{"@id":"https:\/\/kohenavocats.com\/tr\/cour-dappel-de-bourges-le-11-avril-2025-n24-01203\/"},"author":{"name":"Kohen","@id":"https:\/\/kohenavocats.com\/tr\/#\/schema\/person\/761c9ba54fa1ca84d405cef0831ff751"},"headline":"Cour d&#8217;appel de Bourges, le 11 avril 2025, n\u00b024\/01203","datePublished":"2026-04-23T18:55:26+00:00","mainEntityOfPage":{"@id":"https:\/\/kohenavocats.com\/tr\/cour-dappel-de-bourges-le-11-avril-2025-n24-01203\/"},"wordCount":700,"commentCount":0,"publisher":{"@id":"https:\/\/kohenavocats.com\/tr\/#organization"},"image":{"@id":"https:\/\/kohenavocats.com\/tr\/cour-dappel-de-bourges-le-11-avril-2025-n24-01203\/#primaryimage"},"thumbnailUrl":"https:\/\/kohenavocats.com\/wp-content\/uploads\/2024\/06\/pexels-pavel-danilyuk-8112201.jpg","articleSection":["Jurisprudence"],"inLanguage":"tr","potentialAction":[{"@type":"CommentAction","name":"Comment","target":["https:\/\/kohenavocats.com\/tr\/cour-dappel-de-bourges-le-11-avril-2025-n24-01203\/#respond"]}],"citation":"Cour d&#8217;appel de Bourges, le 11 avril 2025, n\u00b024\/01203","about":[{"@type":"Thing","name":"Jurisprudence"}],"dateModified":"2026-04-23T18:55:26+00:00","speakable":{"@type":"SpeakableSpecification","cssSelector":[".article-content > p:first-of-type"]}},{"@type":"WebPage","@id":"https:\/\/kohenavocats.com\/tr\/cour-dappel-de-bourges-le-11-avril-2025-n24-01203\/","url":"https:\/\/kohenavocats.com\/tr\/cour-dappel-de-bourges-le-11-avril-2025-n24-01203\/","name":"Cour d'appel de Bourges, le 11 avril 2025, n\u00b024\/01203 - Ma\u00eetre Hassan Kohen, avocat en droit p\u00e9nal \u00e0 Paris","isPartOf":{"@id":"https:\/\/kohenavocats.com\/tr\/#website"},"primaryImageOfPage":{"@id":"https:\/\/kohenavocats.com\/tr\/cour-dappel-de-bourges-le-11-avril-2025-n24-01203\/#primaryimage"},"image":{"@id":"https:\/\/kohenavocats.com\/tr\/cour-dappel-de-bourges-le-11-avril-2025-n24-01203\/#primaryimage"},"thumbnailUrl":"https:\/\/kohenavocats.com\/wp-content\/uploads\/2024\/06\/pexels-pavel-danilyuk-8112201.jpg","datePublished":"2026-04-23T18:55:26+00:00","description":"La Cour d'appel de Bourges, statuant le 11 avril 2025, examine l'ex\u00e9cution d'un jugement prud'homal. L'employeur avait \u00e9t\u00e9 condamn\u00e9 \u00e0 remettre deux fiches d'...","breadcrumb":{"@id":"https:\/\/kohenavocats.com\/tr\/cour-dappel-de-bourges-le-11-avril-2025-n24-01203\/#breadcrumb"},"inLanguage":"tr","potentialAction":[{"@type":"ReadAction","target":["https:\/\/kohenavocats.com\/tr\/cour-dappel-de-bourges-le-11-avril-2025-n24-01203\/"]}]},{"@type":"ImageObject","inLanguage":"tr","@id":"https:\/\/kohenavocats.com\/tr\/cour-dappel-de-bourges-le-11-avril-2025-n24-01203\/#primaryimage","url":"https:\/\/kohenavocats.com\/wp-content\/uploads\/2024\/06\/pexels-pavel-danilyuk-8112201.jpg","contentUrl":"https:\/\/kohenavocats.com\/wp-content\/uploads\/2024\/06\/pexels-pavel-danilyuk-8112201.jpg","width":6016,"height":4016},{"@type":"BreadcrumbList","@id":"https:\/\/kohenavocats.com\/tr\/cour-dappel-de-bourges-le-11-avril-2025-n24-01203\/#breadcrumb","itemListElement":[{"@type":"ListItem","position":1,"name":"Home","item":"https:\/\/kohenavocats.com\/tr\/avocats-en-droit-penal-a-paris-conseil-et-defense-strategique\/"},{"@type":"ListItem","position":2,"name":"Cour d&rsquo;appel de Bourges, le 11 avril 2025, n\u00b024\/01203"}]},{"@type":"WebSite","@id":"https:\/\/kohenavocats.com\/tr\/#website","url":"https:\/\/kohenavocats.com\/tr\/","name":"Kohen Avocats","description":"Ma\u00eetre Hassan Kohen, avocat p\u00e9naliste \u00e0 Paris, intervient exclusivement en droit p\u00e9nal pour la d\u00e9fense des particuliers, notamment en mati\u00e8re d\u2019accusations de viol. Il assure un accompagnement rigoureux d\u00e8s la garde \u00e0 vue jusqu\u2019\u00e0 la Cour d\u2019assises, veillant au strict respect des garanties proc\u00e9durales.","publisher":{"@id":"https:\/\/kohenavocats.com\/tr\/#organization"},"potentialAction":[{"@type":"SearchAction","target":{"@type":"EntryPoint","urlTemplate":"https:\/\/kohenavocats.com\/tr\/?s={search_term_string}"},"query-input":{"@type":"PropertyValueSpecification","valueRequired":true,"valueName":"search_term_string"}}],"inLanguage":"tr"},{"@type":"Organization","@id":"https:\/\/kohenavocats.com\/tr\/#organization","name":"Kohen Avocats","url":"https:\/\/kohenavocats.com\/tr\/","logo":{"@type":"ImageObject","inLanguage":"tr","@id":"https:\/\/kohenavocats.com\/tr\/#\/schema\/logo\/image\/","url":"https:\/\/kohenavocats.com\/wp-content\/uploads\/2026\/01\/Logo-2-1.webp","contentUrl":"https:\/\/kohenavocats.com\/wp-content\/uploads\/2026\/01\/Logo-2-1.webp","width":2114,"height":1253,"caption":"Kohen Avocats"},"image":{"@id":"https:\/\/kohenavocats.com\/tr\/#\/schema\/logo\/image\/"}},{"@type":"Person","@id":"https:\/\/kohenavocats.com\/tr\/#\/schema\/person\/761c9ba54fa1ca84d405cef0831ff751","name":"Kohen","image":{"@type":"ImageObject","inLanguage":"tr","@id":"https:\/\/secure.gravatar.com\/avatar\/1c5e76ef76bbbfdd2b4da984e2bf2fa4056fd51a27d25ce2c332047f1dfd6e00?s=96&d=identicon&r=g","url":"https:\/\/secure.gravatar.com\/avatar\/1c5e76ef76bbbfdd2b4da984e2bf2fa4056fd51a27d25ce2c332047f1dfd6e00?s=96&d=identicon&r=g","contentUrl":"https:\/\/secure.gravatar.com\/avatar\/1c5e76ef76bbbfdd2b4da984e2bf2fa4056fd51a27d25ce2c332047f1dfd6e00?s=96&d=identicon&r=g","caption":"Kohen"},"sameAs":["https:\/\/www.linkedin.com\/in\/hassan-kohen-448548192\/","https:\/\/www.youtube.com\/@Kohen-Avocats"],"url":"https:\/\/kohenavocats.com\/tr\/author\/kohenmlk\/"}]}},"jetpack_featured_media_url":"https:\/\/kohenavocats.com\/wp-content\/uploads\/2024\/06\/pexels-pavel-danilyuk-8112201.jpg","jetpack_likes_enabled":false,"jetpack_shortlink":"https:\/\/wp.me\/peCrII-2Myg","jetpack-related-posts":[{"id":663288,"url":"https:\/\/kohenavocats.com\/tr\/cour-dappel-de-orleans-le-11-avril-2025-n24-01200\/","url_meta":{"origin":663292,"position":0},"title":"Cour d&#8217;appel de Orl\u00e9ans, le 11 avril 2025, n\u00b024\/01200","author":"Kohen","date":"23 Nisan 2026","format":false,"excerpt":"La cour d'appel d'Orl\u00e9ans, statuant le 11 avril 2025, se prononce sur la liquidation d'une astreinte et l'ex\u00e9cution d'obligations documentaires. Un salari\u00e9 a...","rel":"","context":"&quot;Jurisprudence&quot; i\u00e7inde","block_context":{"text":"Jurisprudence","link":"https:\/\/kohenavocats.com\/category\/jurisprudence\/"},"img":{"alt_text":"","src":"https:\/\/i0.wp.com\/kohenavocats.com\/wp-content\/uploads\/2024\/08\/jakob-braun-S7d5wbPWb_A-unsplash.webp?resize=350%2C200&ssl=1","width":350,"height":200,"srcset":"https:\/\/i0.wp.com\/kohenavocats.com\/wp-content\/uploads\/2024\/08\/jakob-braun-S7d5wbPWb_A-unsplash.webp?resize=350%2C200&ssl=1 1x, https:\/\/i0.wp.com\/kohenavocats.com\/wp-content\/uploads\/2024\/08\/jakob-braun-S7d5wbPWb_A-unsplash.webp?resize=525%2C300&ssl=1 1.5x, https:\/\/i0.wp.com\/kohenavocats.com\/wp-content\/uploads\/2024\/08\/jakob-braun-S7d5wbPWb_A-unsplash.webp?resize=700%2C400&ssl=1 2x, https:\/\/i0.wp.com\/kohenavocats.com\/wp-content\/uploads\/2024\/08\/jakob-braun-S7d5wbPWb_A-unsplash.webp?resize=1050%2C600&ssl=1 3x, https:\/\/i0.wp.com\/kohenavocats.com\/wp-content\/uploads\/2024\/08\/jakob-braun-S7d5wbPWb_A-unsplash.webp?resize=1400%2C800&ssl=1 4x"},"classes":[]},{"id":663293,"url":"https:\/\/kohenavocats.com\/tr\/cour-dappel-de-orleans-le-11-avril-2025-n24-01204\/","url_meta":{"origin":663292,"position":1},"title":"Cour d&#8217;appel de Orl\u00e9ans, le 11 avril 2025, n\u00b024\/01204","author":"Kohen","date":"23 Nisan 2026","format":false,"excerpt":"La cour d'appel d'Orl\u00e9ans, statuant le 11 avril 2025, a \u00e9t\u00e9 saisie d'un litige relatif \u00e0 l'ex\u00e9cution d'un jugement prud'homal. Ce dernier avait ordonn\u00e9 \u00e0 un ...","rel":"","context":"&quot;Jurisprudence&quot; i\u00e7inde","block_context":{"text":"Jurisprudence","link":"https:\/\/kohenavocats.com\/category\/jurisprudence\/"},"img":{"alt_text":"","src":"https:\/\/i0.wp.com\/kohenavocats.com\/wp-content\/uploads\/2024\/08\/paul-melki-gX7o0yQsrRo-unsplash.webp?resize=350%2C200&ssl=1","width":350,"height":200,"srcset":"https:\/\/i0.wp.com\/kohenavocats.com\/wp-content\/uploads\/2024\/08\/paul-melki-gX7o0yQsrRo-unsplash.webp?resize=350%2C200&ssl=1 1x, https:\/\/i0.wp.com\/kohenavocats.com\/wp-content\/uploads\/2024\/08\/paul-melki-gX7o0yQsrRo-unsplash.webp?resize=525%2C300&ssl=1 1.5x, https:\/\/i0.wp.com\/kohenavocats.com\/wp-content\/uploads\/2024\/08\/paul-melki-gX7o0yQsrRo-unsplash.webp?resize=700%2C400&ssl=1 2x, https:\/\/i0.wp.com\/kohenavocats.com\/wp-content\/uploads\/2024\/08\/paul-melki-gX7o0yQsrRo-unsplash.webp?resize=1050%2C600&ssl=1 3x, https:\/\/i0.wp.com\/kohenavocats.com\/wp-content\/uploads\/2024\/08\/paul-melki-gX7o0yQsrRo-unsplash.webp?resize=1400%2C800&ssl=1 4x"},"classes":[]},{"id":663290,"url":"https:\/\/kohenavocats.com\/tr\/cour-dappel-de-douai-le-9-juillet-2025-n24-01206\/","url_meta":{"origin":663292,"position":2},"title":"Cour d&#8217;appel de Douai, le 9 juillet 2025, n\u00b024\/01206","author":"Kohen","date":"23 Nisan 2026","format":false,"excerpt":"La cour d'appel de Douai, statuant le 9 juillet 2025, se prononce sur l'appel d'un jugement prud'homal. L'affaire concerne l'ex\u00e9cution par un employeur d'obl...","rel":"","context":"&quot;Jurisprudence&quot; i\u00e7inde","block_context":{"text":"Jurisprudence","link":"https:\/\/kohenavocats.com\/category\/jurisprudence\/"},"img":{"alt_text":"","src":"https:\/\/i0.wp.com\/kohenavocats.com\/wp-content\/uploads\/2024\/08\/rafael-garcin-ZNmyInkVSl4-unsplash.webp?resize=350%2C200&ssl=1","width":350,"height":200,"srcset":"https:\/\/i0.wp.com\/kohenavocats.com\/wp-content\/uploads\/2024\/08\/rafael-garcin-ZNmyInkVSl4-unsplash.webp?resize=350%2C200&ssl=1 1x, https:\/\/i0.wp.com\/kohenavocats.com\/wp-content\/uploads\/2024\/08\/rafael-garcin-ZNmyInkVSl4-unsplash.webp?resize=525%2C300&ssl=1 1.5x, https:\/\/i0.wp.com\/kohenavocats.com\/wp-content\/uploads\/2024\/08\/rafael-garcin-ZNmyInkVSl4-unsplash.webp?resize=700%2C400&ssl=1 2x, https:\/\/i0.wp.com\/kohenavocats.com\/wp-content\/uploads\/2024\/08\/rafael-garcin-ZNmyInkVSl4-unsplash.webp?resize=1050%2C600&ssl=1 3x, https:\/\/i0.wp.com\/kohenavocats.com\/wp-content\/uploads\/2024\/08\/rafael-garcin-ZNmyInkVSl4-unsplash.webp?resize=1400%2C800&ssl=1 4x"},"classes":[]},{"id":606842,"url":"https:\/\/kohenavocats.com\/tr\/cour-dappel-de-bourges-le-7-octobre-2025-n25-00496\/","url_meta":{"origin":663292,"position":3},"title":"Cour d&#8217;appel de Bourges, le 7 octobre 2025, n\u00b025\/00496","author":"Kohen","date":"19 Nisan 2026","format":false,"excerpt":"La cour d'appel de Bourges, statuant le 7 octobre 2025, se prononce sur un litige relatif \u00e0 l'ex\u00e9cution d'ordonnances de r\u00e9f\u00e9r\u00e9. Celles-ci enjoignaient \u00e0 une...","rel":"","context":"&quot;Jurisprudence&quot; i\u00e7inde","block_context":{"text":"Jurisprudence","link":"https:\/\/kohenavocats.com\/category\/jurisprudence\/"},"img":{"alt_text":"","src":"https:\/\/i0.wp.com\/kohenavocats.com\/wp-content\/uploads\/2024\/11\/scott-webb-A-7Y4M0-e0M-unsplash.webp?resize=350%2C200&ssl=1","width":350,"height":200,"srcset":"https:\/\/i0.wp.com\/kohenavocats.com\/wp-content\/uploads\/2024\/11\/scott-webb-A-7Y4M0-e0M-unsplash.webp?resize=350%2C200&ssl=1 1x, https:\/\/i0.wp.com\/kohenavocats.com\/wp-content\/uploads\/2024\/11\/scott-webb-A-7Y4M0-e0M-unsplash.webp?resize=525%2C300&ssl=1 1.5x, https:\/\/i0.wp.com\/kohenavocats.com\/wp-content\/uploads\/2024\/11\/scott-webb-A-7Y4M0-e0M-unsplash.webp?resize=700%2C400&ssl=1 2x, https:\/\/i0.wp.com\/kohenavocats.com\/wp-content\/uploads\/2024\/11\/scott-webb-A-7Y4M0-e0M-unsplash.webp?resize=1050%2C600&ssl=1 3x, https:\/\/i0.wp.com\/kohenavocats.com\/wp-content\/uploads\/2024\/11\/scott-webb-A-7Y4M0-e0M-unsplash.webp?resize=1400%2C800&ssl=1 4x"},"classes":[]},{"id":663963,"url":"https:\/\/kohenavocats.com\/tr\/cour-dappel-le-22-octobre-2025-n24-01199\/","url_meta":{"origin":663292,"position":4},"title":"Cour d&#8217;appel, le 22 octobre 2025, n\u00b024\/01199","author":"Kohen","date":"23 Nisan 2026","format":false,"excerpt":"La Cour d'appel, statuant en mati\u00e8re sociale, a rendu un arr\u00eat le 22 octobre 2025. Un salari\u00e9 demandait la liquidation d'une astreinte prononc\u00e9e pour d\u00e9faut ...","rel":"","context":"&quot;Jurisprudence&quot; i\u00e7inde","block_context":{"text":"Jurisprudence","link":"https:\/\/kohenavocats.com\/category\/jurisprudence\/"},"img":{"alt_text":"","src":"https:\/\/i0.wp.com\/kohenavocats.com\/wp-content\/uploads\/2024\/07\/pierre-bamin-SnQnWFVPp-4-unsplash.webp?resize=350%2C200&ssl=1","width":350,"height":200,"srcset":"https:\/\/i0.wp.com\/kohenavocats.com\/wp-content\/uploads\/2024\/07\/pierre-bamin-SnQnWFVPp-4-unsplash.webp?resize=350%2C200&ssl=1 1x, https:\/\/i0.wp.com\/kohenavocats.com\/wp-content\/uploads\/2024\/07\/pierre-bamin-SnQnWFVPp-4-unsplash.webp?resize=525%2C300&ssl=1 1.5x, https:\/\/i0.wp.com\/kohenavocats.com\/wp-content\/uploads\/2024\/07\/pierre-bamin-SnQnWFVPp-4-unsplash.webp?resize=700%2C400&ssl=1 2x, https:\/\/i0.wp.com\/kohenavocats.com\/wp-content\/uploads\/2024\/07\/pierre-bamin-SnQnWFVPp-4-unsplash.webp?resize=1050%2C600&ssl=1 3x, https:\/\/i0.wp.com\/kohenavocats.com\/wp-content\/uploads\/2024\/07\/pierre-bamin-SnQnWFVPp-4-unsplash.webp?resize=1400%2C800&ssl=1 4x"},"classes":[]},{"id":542695,"url":"https:\/\/kohenavocats.com\/tr\/cour-dappel-de-orleans-le-25-septembre-2025-n24-01203\/","url_meta":{"origin":663292,"position":5},"title":"Cour d&#8217;appel de Orl\u00e9ans, le 25 septembre 2025, n\u00b024\/01203","author":"Kohen","date":"9 Nisan 2026","format":false,"excerpt":"La Cour d'appel de Bourges, statuant le 11 avril 2025, examine l'ex\u00e9cution d'un jugement prud'homal. L'employeur avait \u00e9t\u00e9 condamn\u00e9 \u00e0 remettre deux fiches...","rel":"","context":"&quot;Cour d'appel&quot; i\u00e7inde","block_context":{"text":"Cour d'appel","link":"https:\/\/kohenavocats.com\/category\/cour-dappel\/"},"img":{"alt_text":"","src":"https:\/\/i0.wp.com\/kohenavocats.com\/wp-content\/uploads\/2024\/08\/ionut-dobre-nnlVXi1lp3k-unsplash.webp?resize=350%2C200&ssl=1","width":350,"height":200,"srcset":"https:\/\/i0.wp.com\/kohenavocats.com\/wp-content\/uploads\/2024\/08\/ionut-dobre-nnlVXi1lp3k-unsplash.webp?resize=350%2C200&ssl=1 1x, https:\/\/i0.wp.com\/kohenavocats.com\/wp-content\/uploads\/2024\/08\/ionut-dobre-nnlVXi1lp3k-unsplash.webp?resize=525%2C300&ssl=1 1.5x, https:\/\/i0.wp.com\/kohenavocats.com\/wp-content\/uploads\/2024\/08\/ionut-dobre-nnlVXi1lp3k-unsplash.webp?resize=700%2C400&ssl=1 2x, https:\/\/i0.wp.com\/kohenavocats.com\/wp-content\/uploads\/2024\/08\/ionut-dobre-nnlVXi1lp3k-unsplash.webp?resize=1050%2C600&ssl=1 3x, https:\/\/i0.wp.com\/kohenavocats.com\/wp-content\/uploads\/2024\/08\/ionut-dobre-nnlVXi1lp3k-unsplash.webp?resize=1400%2C800&ssl=1 4x"},"classes":[]}],"jetpack_sharing_enabled":true,"_links":{"self":[{"href":"https:\/\/kohenavocats.com\/tr\/wp-json\/wp\/v2\/posts\/663292","targetHints":{"allow":["GET"]}}],"collection":[{"href":"https:\/\/kohenavocats.com\/tr\/wp-json\/wp\/v2\/posts"}],"about":[{"href":"https:\/\/kohenavocats.com\/tr\/wp-json\/wp\/v2\/types\/post"}],"author":[{"embeddable":true,"href":"https:\/\/kohenavocats.com\/tr\/wp-json\/wp\/v2\/users\/232070755"}],"replies":[{"embeddable":true,"href":"https:\/\/kohenavocats.com\/tr\/wp-json\/wp\/v2\/comments?post=663292"}],"version-history":[{"count":0,"href":"https:\/\/kohenavocats.com\/tr\/wp-json\/wp\/v2\/posts\/663292\/revisions"}],"wp:featuredmedia":[{"embeddable":true,"href":"https:\/\/kohenavocats.com\/tr\/wp-json\/wp\/v2\/media\/3564"}],"wp:attachment":[{"href":"https:\/\/kohenavocats.com\/tr\/wp-json\/wp\/v2\/media?parent=663292"}],"wp:term":[{"taxonomy":"category","embeddable":true,"href":"https:\/\/kohenavocats.com\/tr\/wp-json\/wp\/v2\/categories?post=663292"},{"taxonomy":"post_tag","embeddable":true,"href":"https:\/\/kohenavocats.com\/tr\/wp-json\/wp\/v2\/tags?post=663292"}],"curies":[{"name":"wp","href":"https:\/\/api.w.org\/{rel}","templated":true}]}}