{"id":665656,"date":"2026-04-24T00:14:27","date_gmt":"2026-04-23T22:14:27","guid":{"rendered":"https:\/\/kohenavocats.com\/tribunal-judiciaire-de-saint-denis-de-la-reunion-le-24-septembre-2025-n24-00684\/"},"modified":"2026-04-24T00:14:27","modified_gmt":"2026-04-23T22:14:27","slug":"tribunal-judiciaire-de-saint-denis-de-la-reunion-le-24-septembre-2025-n24-00684","status":"publish","type":"post","link":"https:\/\/kohenavocats.com\/tr\/tribunal-judiciaire-de-saint-denis-de-la-reunion-le-24-septembre-2025-n24-00684\/","title":{"rendered":"Tribunal judiciaire de Saint-Denis de La R\u00e9union, le 24 septembre 2025, n\u00b024\/00684"},"content":{"rendered":"<div class=\"article-content\">\n<p>Le tribunal judiciaire de Saint-Denis de La R\u00e9union, le 24 septembre 2025, statue sur une opposition \u00e0 contrainte sociale. Une soci\u00e9t\u00e9 contestait une contrainte signifi\u00e9e le 12 juin 2024 par une caisse de s\u00e9curit\u00e9 sociale. L&#8217;organisme de recouvrement soulevait l&#8217;irrecevabilit\u00e9 du recours pour forclusion. Le tribunal d\u00e9clare l&#8217;opposition irrecevable et donne force ex\u00e9cutoire \u00e0 la contrainte. Il condamne la soci\u00e9t\u00e9 d\u00e9bitrice aux d\u00e9pens de l&#8217;instance.<\/p>\n<p>Le d\u00e9lai forclusif d&#8217;opposition \u00e0 contrainte<\/p>\n<p>Le caract\u00e8re imp\u00e9ratif du d\u00e9lai est strictement affirm\u00e9 par le juge. Le texte applicable pr\u00e9voit un recours dans les quinze jours suivant la signification. Ce d\u00e9lai est imp\u00e9ratif et son d\u00e9passement est sanctionn\u00e9 par une fin de non-recevoir d\u2019ordre public. La circonstance que l\u2019acte de commissaire de justice n\u2019ait pas \u00e9t\u00e9 d\u00e9livr\u00e9 \u00e0 personne est indiff\u00e9rente. Cette s\u00e9v\u00e9rit\u00e9 vise \u00e0 garantir l&#8217;efficacit\u00e9 du recouvrement des cr\u00e9ances sociales. Elle privil\u00e9gie la s\u00e9curit\u00e9 juridique et la c\u00e9l\u00e9rit\u00e9 de la proc\u00e9dure.<\/p>\n<p>L&#8217;appr\u00e9ciation in concreto conduit \u00e0 une irrecevabilit\u00e9 certaine. La soci\u00e9t\u00e9 a form\u00e9 opposition par lettre recommand\u00e9e exp\u00e9di\u00e9e le 28 juin 2024. Le d\u00e9lai imp\u00e9ratif de quinze jours expirait le 27 juin 2024, \u00e0 vingt-quatre heures. La preuve du d\u00e9passement est rapport\u00e9e par la caisse requ\u00e9rante. Cette application rigoureuse est conforme \u00e0 la jurisprudence existante. &#8220;En application de l\u2019article R.133-3 du code de la s\u00e9curit\u00e9 sociale, l\u2019opposition \u00e0 contrainte doit \u00eatre form\u00e9e dans un d\u00e9lai de quinze jours \u00e0 compter de sa notification ou de sa signification&#8221; (Tribunal judiciaire de Privas, le 25 septembre 2025, n\u00b024\/00324). Le formalisme temporel est ainsi strictement contr\u00f4l\u00e9.<\/p>\n<p>Les cons\u00e9quences proc\u00e9durales de l&#8217;irrecevabilit\u00e9<\/p>\n<p>L&#8217;irrecevabilit\u00e9 entra\u00eene l&#8217;impossibilit\u00e9 d&#8217;examiner le fond du litige. La soci\u00e9t\u00e9 invoquait la nullit\u00e9 de la mise en demeure et l&#8217;absence de motivation. Mais ces moyens ne peuvent \u00eatre examin\u00e9s par suite de l\u2019irrecevabilit\u00e9 de l\u2019opposition. Cette solution est logique et d\u00e9coule de la nature forclusive du d\u00e9lai. Elle est \u00e9galement rappel\u00e9e par la jurisprudence. &#8220;En effet, si son opposition \u00e0 contrainte est d\u00e9clar\u00e9e irrecevable, l&#8217;irr\u00e9gularit\u00e9 des actes qui lui ont \u00e9t\u00e9 d\u00e9livr\u00e9es qu&#8217;elle soul\u00e8ve ne peut pas \u00eatre examin\u00e9e&#8221; (Cour d&#8217;appel de Bordeaux, le 18 d\u00e9cembre 2025, n\u00b024\/00315). Le juge se refuse donc \u00e0 contr\u00f4ler la r\u00e9gularit\u00e9 de la proc\u00e9dure ant\u00e9rieure.<\/p>\n<p>La contrainte acquiert alors une force ex\u00e9cutoire incontestable. En application de l\u2019article L. 244-9 du code de la s\u00e9curit\u00e9 sociale, la contrainte critiqu\u00e9e comporte tous les effets d\u2019un jugement. Le tribunal constate cet effet dans son dispositif. La soci\u00e9t\u00e9 est condamn\u00e9e aux d\u00e9pens en sa qualit\u00e9 de partie perdante. Cette d\u00e9cision met un terme d\u00e9finitif \u00e0 la contestation de la cr\u00e9ance. Elle renforce l&#8217;autorit\u00e9 des actes de recouvrement des organismes sociaux.<\/p>\n<\/div>\n","protected":false},"excerpt":{"rendered":"<p>Le tribunal judiciaire de Saint-Denis de La R\u00e9union, le 24 septembre 2025, statue sur une opposition \u00e0 contrainte sociale. Une soci\u00e9t\u00e9 contestait une contrai&#8230;<\/p>\n","protected":false},"author":232070755,"featured_media":4829,"comment_status":"open","ping_status":"open","sticky":false,"template":"","format":"standard","meta":{"_crdt_document":"","_jetpack_newsletter_access":"","_jetpack_dont_email_post_to_subs":false,"_jetpack_newsletter_tier_id":0,"_jetpack_memberships_contains_paywalled_content":false,"_kj_source_type":"judilibre","_kj_official_id":"68dd59a7548223b2c7a72de2","_kj_official_url":"https:\/\/www.courdecassation.fr\/decision\/68dd59a7548223b2c7a72de2","_kj_judilibre_id":"68dd59a7548223b2c7a72de2","_kj_jur":"Tribunal judiciaire","_kj_lieu":"Tribunal judiciaire de Saint-Denis de La R\u00e9union","_kj_chambre":"CTX PROTECTION SOCIALE","_kj_rg":"24\/00684","_kj_date":"2025-09-24","_jetpack_memberships_contains_paid_content":false,"footnotes":"","jetpack_post_was_ever_published":false},"categories":[7597],"tags":[],"class_list":["post-665656","post","type-post","status-publish","format-standard","has-post-thumbnail","hentry","category-jurisprudence"],"yoast_head":"<!-- This site is optimized with the Yoast SEO Premium plugin v27.5 (Yoast SEO v27.5) - https:\/\/yoast.com\/product\/yoast-seo-premium-wordpress\/ -->\n<title>Tribunal judiciaire de Saint-Denis de La R\u00e9union, le 24 septembre 2025, n\u00b024\/00684 - Ma\u00eetre Hassan Kohen, avocat en droit p\u00e9nal \u00e0 Paris<\/title>\n<meta name=\"description\" content=\"Le tribunal judiciaire de Saint-Denis de La R\u00e9union, le 24 septembre 2025, statue sur une opposition \u00e0 contrainte sociale. Une soci\u00e9t\u00e9 contestait une contrai...\" \/>\n<meta name=\"robots\" content=\"index, follow, max-snippet:-1, max-image-preview:large, max-video-preview:-1\" \/>\n<link rel=\"canonical\" href=\"https:\/\/kohenavocats.com\/tr\/tribunal-judiciaire-de-saint-denis-de-la-reunion-le-24-septembre-2025-n24-00684\/\" \/>\n<meta property=\"og:locale\" content=\"tr_TR\" \/>\n<meta property=\"og:type\" content=\"article\" \/>\n<meta property=\"og:title\" content=\"Tribunal judiciaire de Saint-Denis de La R\u00e9union, le 24 septembre 2025, n\u00b024\/00684\" \/>\n<meta property=\"og:description\" content=\"Le tribunal judiciaire de Saint-Denis de La R\u00e9union, le 24 septembre 2025, statue sur une opposition \u00e0 contrainte sociale. Une soci\u00e9t\u00e9 contestait une contrai...\" \/>\n<meta property=\"og:url\" content=\"https:\/\/kohenavocats.com\/tr\/tribunal-judiciaire-de-saint-denis-de-la-reunion-le-24-septembre-2025-n24-00684\/\" \/>\n<meta property=\"og:site_name\" content=\"Ma\u00eetre Hassan Kohen, avocat en droit p\u00e9nal \u00e0 Paris\" \/>\n<meta property=\"article:published_time\" content=\"2026-04-23T22:14:27+00:00\" \/>\n<meta property=\"og:image\" content=\"https:\/\/kohenavocats.com\/wp-content\/uploads\/2024\/08\/stephanie-leblanc-53aGntxJ8iA-unsplash.webp\" \/>\n\t<meta property=\"og:image:width\" content=\"6240\" \/>\n\t<meta property=\"og:image:height\" content=\"4160\" \/>\n\t<meta property=\"og:image:type\" content=\"image\/webp\" \/>\n<meta name=\"author\" content=\"Kohen\" \/>\n<meta name=\"twitter:card\" content=\"summary_large_image\" \/>\n<meta name=\"twitter:label1\" content=\"Yazan:\" \/>\n\t<meta name=\"twitter:data1\" content=\"Kohen\" \/>\n\t<meta name=\"twitter:label2\" content=\"Tahmini okuma s\u00fcresi\" \/>\n\t<meta name=\"twitter:data2\" content=\"2 dakika\" \/>\n<script type=\"application\/ld+json\" class=\"yoast-schema-graph\">{\"@context\":\"https:\\\/\\\/schema.org\",\"@graph\":[{\"@type\":\"Article\",\"@id\":\"https:\\\/\\\/kohenavocats.com\\\/tr\\\/tribunal-judiciaire-de-saint-denis-de-la-reunion-le-24-septembre-2025-n24-00684\\\/#article\",\"isPartOf\":{\"@id\":\"https:\\\/\\\/kohenavocats.com\\\/tr\\\/tribunal-judiciaire-de-saint-denis-de-la-reunion-le-24-septembre-2025-n24-00684\\\/\"},\"author\":{\"name\":\"Kohen\",\"@id\":\"https:\\\/\\\/kohenavocats.com\\\/tr\\\/#\\\/schema\\\/person\\\/761c9ba54fa1ca84d405cef0831ff751\"},\"headline\":\"Tribunal judiciaire de Saint-Denis de La R\u00e9union, le 24 septembre 2025, n\u00b024\\\/00684\",\"datePublished\":\"2026-04-23T22:14:27+00:00\",\"mainEntityOfPage\":{\"@id\":\"https:\\\/\\\/kohenavocats.com\\\/tr\\\/tribunal-judiciaire-de-saint-denis-de-la-reunion-le-24-septembre-2025-n24-00684\\\/\"},\"wordCount\":510,\"commentCount\":0,\"publisher\":{\"@id\":\"https:\\\/\\\/kohenavocats.com\\\/tr\\\/#organization\"},\"image\":{\"@id\":\"https:\\\/\\\/kohenavocats.com\\\/tr\\\/tribunal-judiciaire-de-saint-denis-de-la-reunion-le-24-septembre-2025-n24-00684\\\/#primaryimage\"},\"thumbnailUrl\":\"https:\\\/\\\/kohenavocats.com\\\/wp-content\\\/uploads\\\/2024\\\/08\\\/stephanie-leblanc-53aGntxJ8iA-unsplash.webp\",\"articleSection\":[\"Jurisprudence\"],\"inLanguage\":\"tr\",\"potentialAction\":[{\"@type\":\"CommentAction\",\"name\":\"Comment\",\"target\":[\"https:\\\/\\\/kohenavocats.com\\\/tr\\\/tribunal-judiciaire-de-saint-denis-de-la-reunion-le-24-septembre-2025-n24-00684\\\/#respond\"]}],\"citation\":\"Tribunal judiciaire de Saint-Denis de La R\u00e9union, le 24 septembre 2025, n\u00b024\\\/00684\",\"about\":[{\"@type\":\"Thing\",\"name\":\"Jurisprudence\"}],\"dateModified\":\"2026-04-23T22:14:27+00:00\",\"speakable\":{\"@type\":\"SpeakableSpecification\",\"cssSelector\":[\".article-content > p:first-of-type\"]}},{\"@type\":\"WebPage\",\"@id\":\"https:\\\/\\\/kohenavocats.com\\\/tr\\\/tribunal-judiciaire-de-saint-denis-de-la-reunion-le-24-septembre-2025-n24-00684\\\/\",\"url\":\"https:\\\/\\\/kohenavocats.com\\\/tr\\\/tribunal-judiciaire-de-saint-denis-de-la-reunion-le-24-septembre-2025-n24-00684\\\/\",\"name\":\"Tribunal judiciaire de Saint-Denis de La R\u00e9union, le 24 septembre 2025, n\u00b024\\\/00684 - Ma\u00eetre Hassan Kohen, avocat en droit p\u00e9nal \u00e0 Paris\",\"isPartOf\":{\"@id\":\"https:\\\/\\\/kohenavocats.com\\\/tr\\\/#website\"},\"primaryImageOfPage\":{\"@id\":\"https:\\\/\\\/kohenavocats.com\\\/tr\\\/tribunal-judiciaire-de-saint-denis-de-la-reunion-le-24-septembre-2025-n24-00684\\\/#primaryimage\"},\"image\":{\"@id\":\"https:\\\/\\\/kohenavocats.com\\\/tr\\\/tribunal-judiciaire-de-saint-denis-de-la-reunion-le-24-septembre-2025-n24-00684\\\/#primaryimage\"},\"thumbnailUrl\":\"https:\\\/\\\/kohenavocats.com\\\/wp-content\\\/uploads\\\/2024\\\/08\\\/stephanie-leblanc-53aGntxJ8iA-unsplash.webp\",\"datePublished\":\"2026-04-23T22:14:27+00:00\",\"description\":\"Le tribunal judiciaire de Saint-Denis de La R\u00e9union, le 24 septembre 2025, statue sur une opposition \u00e0 contrainte sociale. Une soci\u00e9t\u00e9 contestait une contrai...\",\"breadcrumb\":{\"@id\":\"https:\\\/\\\/kohenavocats.com\\\/tr\\\/tribunal-judiciaire-de-saint-denis-de-la-reunion-le-24-septembre-2025-n24-00684\\\/#breadcrumb\"},\"inLanguage\":\"tr\",\"potentialAction\":[{\"@type\":\"ReadAction\",\"target\":[\"https:\\\/\\\/kohenavocats.com\\\/tr\\\/tribunal-judiciaire-de-saint-denis-de-la-reunion-le-24-septembre-2025-n24-00684\\\/\"]}]},{\"@type\":\"ImageObject\",\"inLanguage\":\"tr\",\"@id\":\"https:\\\/\\\/kohenavocats.com\\\/tr\\\/tribunal-judiciaire-de-saint-denis-de-la-reunion-le-24-septembre-2025-n24-00684\\\/#primaryimage\",\"url\":\"https:\\\/\\\/kohenavocats.com\\\/wp-content\\\/uploads\\\/2024\\\/08\\\/stephanie-leblanc-53aGntxJ8iA-unsplash.webp\",\"contentUrl\":\"https:\\\/\\\/kohenavocats.com\\\/wp-content\\\/uploads\\\/2024\\\/08\\\/stephanie-leblanc-53aGntxJ8iA-unsplash.webp\",\"width\":6240,\"height\":4160},{\"@type\":\"BreadcrumbList\",\"@id\":\"https:\\\/\\\/kohenavocats.com\\\/tr\\\/tribunal-judiciaire-de-saint-denis-de-la-reunion-le-24-septembre-2025-n24-00684\\\/#breadcrumb\",\"itemListElement\":[{\"@type\":\"ListItem\",\"position\":1,\"name\":\"Home\",\"item\":\"https:\\\/\\\/kohenavocats.com\\\/tr\\\/avocats-en-droit-penal-a-paris-conseil-et-defense-strategique\\\/\"},{\"@type\":\"ListItem\",\"position\":2,\"name\":\"Tribunal judiciaire de Saint-Denis de La R\u00e9union, le 24 septembre 2025, n\u00b024\\\/00684\"}]},{\"@type\":\"WebSite\",\"@id\":\"https:\\\/\\\/kohenavocats.com\\\/tr\\\/#website\",\"url\":\"https:\\\/\\\/kohenavocats.com\\\/tr\\\/\",\"name\":\"Kohen Avocats\",\"description\":\"Ma\u00eetre Hassan Kohen, avocat p\u00e9naliste \u00e0 Paris, intervient exclusivement en droit p\u00e9nal pour la d\u00e9fense des particuliers, notamment en mati\u00e8re d\u2019accusations de viol. Il assure un accompagnement rigoureux d\u00e8s la garde \u00e0 vue jusqu\u2019\u00e0 la Cour d\u2019assises, veillant au strict respect des garanties proc\u00e9durales.\",\"publisher\":{\"@id\":\"https:\\\/\\\/kohenavocats.com\\\/tr\\\/#organization\"},\"potentialAction\":[{\"@type\":\"SearchAction\",\"target\":{\"@type\":\"EntryPoint\",\"urlTemplate\":\"https:\\\/\\\/kohenavocats.com\\\/tr\\\/?s={search_term_string}\"},\"query-input\":{\"@type\":\"PropertyValueSpecification\",\"valueRequired\":true,\"valueName\":\"search_term_string\"}}],\"inLanguage\":\"tr\"},{\"@type\":\"Organization\",\"@id\":\"https:\\\/\\\/kohenavocats.com\\\/tr\\\/#organization\",\"name\":\"Kohen Avocats\",\"url\":\"https:\\\/\\\/kohenavocats.com\\\/tr\\\/\",\"logo\":{\"@type\":\"ImageObject\",\"inLanguage\":\"tr\",\"@id\":\"https:\\\/\\\/kohenavocats.com\\\/tr\\\/#\\\/schema\\\/logo\\\/image\\\/\",\"url\":\"https:\\\/\\\/kohenavocats.com\\\/wp-content\\\/uploads\\\/2026\\\/01\\\/Logo-2-1.webp\",\"contentUrl\":\"https:\\\/\\\/kohenavocats.com\\\/wp-content\\\/uploads\\\/2026\\\/01\\\/Logo-2-1.webp\",\"width\":2114,\"height\":1253,\"caption\":\"Kohen Avocats\"},\"image\":{\"@id\":\"https:\\\/\\\/kohenavocats.com\\\/tr\\\/#\\\/schema\\\/logo\\\/image\\\/\"}},{\"@type\":\"Person\",\"@id\":\"https:\\\/\\\/kohenavocats.com\\\/tr\\\/#\\\/schema\\\/person\\\/761c9ba54fa1ca84d405cef0831ff751\",\"name\":\"Kohen\",\"image\":{\"@type\":\"ImageObject\",\"inLanguage\":\"tr\",\"@id\":\"https:\\\/\\\/secure.gravatar.com\\\/avatar\\\/1c5e76ef76bbbfdd2b4da984e2bf2fa4056fd51a27d25ce2c332047f1dfd6e00?s=96&d=identicon&r=g\",\"url\":\"https:\\\/\\\/secure.gravatar.com\\\/avatar\\\/1c5e76ef76bbbfdd2b4da984e2bf2fa4056fd51a27d25ce2c332047f1dfd6e00?s=96&d=identicon&r=g\",\"contentUrl\":\"https:\\\/\\\/secure.gravatar.com\\\/avatar\\\/1c5e76ef76bbbfdd2b4da984e2bf2fa4056fd51a27d25ce2c332047f1dfd6e00?s=96&d=identicon&r=g\",\"caption\":\"Kohen\"},\"sameAs\":[\"https:\\\/\\\/www.linkedin.com\\\/in\\\/hassan-kohen-448548192\\\/\",\"https:\\\/\\\/www.youtube.com\\\/@Kohen-Avocats\"],\"url\":\"https:\\\/\\\/kohenavocats.com\\\/tr\\\/author\\\/kohenmlk\\\/\"}]}<\/script>\n<!-- \/ Yoast SEO Premium plugin. -->","yoast_head_json":{"title":"Tribunal judiciaire de Saint-Denis de La R\u00e9union, le 24 septembre 2025, n\u00b024\/00684 - Ma\u00eetre Hassan Kohen, avocat en droit p\u00e9nal \u00e0 Paris","description":"Le tribunal judiciaire de Saint-Denis de La R\u00e9union, le 24 septembre 2025, statue sur une opposition \u00e0 contrainte sociale. Une soci\u00e9t\u00e9 contestait une contrai...","robots":{"index":"index","follow":"follow","max-snippet":"max-snippet:-1","max-image-preview":"max-image-preview:large","max-video-preview":"max-video-preview:-1"},"canonical":"https:\/\/kohenavocats.com\/tr\/tribunal-judiciaire-de-saint-denis-de-la-reunion-le-24-septembre-2025-n24-00684\/","og_locale":"tr_TR","og_type":"article","og_title":"Tribunal judiciaire de Saint-Denis de La R\u00e9union, le 24 septembre 2025, n\u00b024\/00684","og_description":"Le tribunal judiciaire de Saint-Denis de La R\u00e9union, le 24 septembre 2025, statue sur une opposition \u00e0 contrainte sociale. Une soci\u00e9t\u00e9 contestait une contrai...","og_url":"https:\/\/kohenavocats.com\/tr\/tribunal-judiciaire-de-saint-denis-de-la-reunion-le-24-septembre-2025-n24-00684\/","og_site_name":"Ma\u00eetre Hassan Kohen, avocat en droit p\u00e9nal \u00e0 Paris","article_published_time":"2026-04-23T22:14:27+00:00","og_image":[{"width":6240,"height":4160,"url":"https:\/\/kohenavocats.com\/wp-content\/uploads\/2024\/08\/stephanie-leblanc-53aGntxJ8iA-unsplash.webp","type":"image\/webp"}],"author":"Kohen","twitter_card":"summary_large_image","twitter_misc":{"Yazan:":"Kohen","Tahmini okuma s\u00fcresi":"2 dakika"},"schema":{"@context":"https:\/\/schema.org","@graph":[{"@type":"Article","@id":"https:\/\/kohenavocats.com\/tr\/tribunal-judiciaire-de-saint-denis-de-la-reunion-le-24-septembre-2025-n24-00684\/#article","isPartOf":{"@id":"https:\/\/kohenavocats.com\/tr\/tribunal-judiciaire-de-saint-denis-de-la-reunion-le-24-septembre-2025-n24-00684\/"},"author":{"name":"Kohen","@id":"https:\/\/kohenavocats.com\/tr\/#\/schema\/person\/761c9ba54fa1ca84d405cef0831ff751"},"headline":"Tribunal judiciaire de Saint-Denis de La R\u00e9union, le 24 septembre 2025, n\u00b024\/00684","datePublished":"2026-04-23T22:14:27+00:00","mainEntityOfPage":{"@id":"https:\/\/kohenavocats.com\/tr\/tribunal-judiciaire-de-saint-denis-de-la-reunion-le-24-septembre-2025-n24-00684\/"},"wordCount":510,"commentCount":0,"publisher":{"@id":"https:\/\/kohenavocats.com\/tr\/#organization"},"image":{"@id":"https:\/\/kohenavocats.com\/tr\/tribunal-judiciaire-de-saint-denis-de-la-reunion-le-24-septembre-2025-n24-00684\/#primaryimage"},"thumbnailUrl":"https:\/\/kohenavocats.com\/wp-content\/uploads\/2024\/08\/stephanie-leblanc-53aGntxJ8iA-unsplash.webp","articleSection":["Jurisprudence"],"inLanguage":"tr","potentialAction":[{"@type":"CommentAction","name":"Comment","target":["https:\/\/kohenavocats.com\/tr\/tribunal-judiciaire-de-saint-denis-de-la-reunion-le-24-septembre-2025-n24-00684\/#respond"]}],"citation":"Tribunal judiciaire de Saint-Denis de La R\u00e9union, le 24 septembre 2025, n\u00b024\/00684","about":[{"@type":"Thing","name":"Jurisprudence"}],"dateModified":"2026-04-23T22:14:27+00:00","speakable":{"@type":"SpeakableSpecification","cssSelector":[".article-content > p:first-of-type"]}},{"@type":"WebPage","@id":"https:\/\/kohenavocats.com\/tr\/tribunal-judiciaire-de-saint-denis-de-la-reunion-le-24-septembre-2025-n24-00684\/","url":"https:\/\/kohenavocats.com\/tr\/tribunal-judiciaire-de-saint-denis-de-la-reunion-le-24-septembre-2025-n24-00684\/","name":"Tribunal judiciaire de Saint-Denis de La R\u00e9union, le 24 septembre 2025, n\u00b024\/00684 - Ma\u00eetre Hassan Kohen, avocat en droit p\u00e9nal \u00e0 Paris","isPartOf":{"@id":"https:\/\/kohenavocats.com\/tr\/#website"},"primaryImageOfPage":{"@id":"https:\/\/kohenavocats.com\/tr\/tribunal-judiciaire-de-saint-denis-de-la-reunion-le-24-septembre-2025-n24-00684\/#primaryimage"},"image":{"@id":"https:\/\/kohenavocats.com\/tr\/tribunal-judiciaire-de-saint-denis-de-la-reunion-le-24-septembre-2025-n24-00684\/#primaryimage"},"thumbnailUrl":"https:\/\/kohenavocats.com\/wp-content\/uploads\/2024\/08\/stephanie-leblanc-53aGntxJ8iA-unsplash.webp","datePublished":"2026-04-23T22:14:27+00:00","description":"Le tribunal judiciaire de Saint-Denis de La R\u00e9union, le 24 septembre 2025, statue sur une opposition \u00e0 contrainte sociale. Une soci\u00e9t\u00e9 contestait une contrai...","breadcrumb":{"@id":"https:\/\/kohenavocats.com\/tr\/tribunal-judiciaire-de-saint-denis-de-la-reunion-le-24-septembre-2025-n24-00684\/#breadcrumb"},"inLanguage":"tr","potentialAction":[{"@type":"ReadAction","target":["https:\/\/kohenavocats.com\/tr\/tribunal-judiciaire-de-saint-denis-de-la-reunion-le-24-septembre-2025-n24-00684\/"]}]},{"@type":"ImageObject","inLanguage":"tr","@id":"https:\/\/kohenavocats.com\/tr\/tribunal-judiciaire-de-saint-denis-de-la-reunion-le-24-septembre-2025-n24-00684\/#primaryimage","url":"https:\/\/kohenavocats.com\/wp-content\/uploads\/2024\/08\/stephanie-leblanc-53aGntxJ8iA-unsplash.webp","contentUrl":"https:\/\/kohenavocats.com\/wp-content\/uploads\/2024\/08\/stephanie-leblanc-53aGntxJ8iA-unsplash.webp","width":6240,"height":4160},{"@type":"BreadcrumbList","@id":"https:\/\/kohenavocats.com\/tr\/tribunal-judiciaire-de-saint-denis-de-la-reunion-le-24-septembre-2025-n24-00684\/#breadcrumb","itemListElement":[{"@type":"ListItem","position":1,"name":"Home","item":"https:\/\/kohenavocats.com\/tr\/avocats-en-droit-penal-a-paris-conseil-et-defense-strategique\/"},{"@type":"ListItem","position":2,"name":"Tribunal judiciaire de Saint-Denis de La R\u00e9union, le 24 septembre 2025, n\u00b024\/00684"}]},{"@type":"WebSite","@id":"https:\/\/kohenavocats.com\/tr\/#website","url":"https:\/\/kohenavocats.com\/tr\/","name":"Kohen Avocats","description":"Ma\u00eetre Hassan Kohen, avocat p\u00e9naliste \u00e0 Paris, intervient exclusivement en droit p\u00e9nal pour la d\u00e9fense des particuliers, notamment en mati\u00e8re d\u2019accusations de viol. Il assure un accompagnement rigoureux d\u00e8s la garde \u00e0 vue jusqu\u2019\u00e0 la Cour d\u2019assises, veillant au strict respect des garanties proc\u00e9durales.","publisher":{"@id":"https:\/\/kohenavocats.com\/tr\/#organization"},"potentialAction":[{"@type":"SearchAction","target":{"@type":"EntryPoint","urlTemplate":"https:\/\/kohenavocats.com\/tr\/?s={search_term_string}"},"query-input":{"@type":"PropertyValueSpecification","valueRequired":true,"valueName":"search_term_string"}}],"inLanguage":"tr"},{"@type":"Organization","@id":"https:\/\/kohenavocats.com\/tr\/#organization","name":"Kohen Avocats","url":"https:\/\/kohenavocats.com\/tr\/","logo":{"@type":"ImageObject","inLanguage":"tr","@id":"https:\/\/kohenavocats.com\/tr\/#\/schema\/logo\/image\/","url":"https:\/\/kohenavocats.com\/wp-content\/uploads\/2026\/01\/Logo-2-1.webp","contentUrl":"https:\/\/kohenavocats.com\/wp-content\/uploads\/2026\/01\/Logo-2-1.webp","width":2114,"height":1253,"caption":"Kohen Avocats"},"image":{"@id":"https:\/\/kohenavocats.com\/tr\/#\/schema\/logo\/image\/"}},{"@type":"Person","@id":"https:\/\/kohenavocats.com\/tr\/#\/schema\/person\/761c9ba54fa1ca84d405cef0831ff751","name":"Kohen","image":{"@type":"ImageObject","inLanguage":"tr","@id":"https:\/\/secure.gravatar.com\/avatar\/1c5e76ef76bbbfdd2b4da984e2bf2fa4056fd51a27d25ce2c332047f1dfd6e00?s=96&d=identicon&r=g","url":"https:\/\/secure.gravatar.com\/avatar\/1c5e76ef76bbbfdd2b4da984e2bf2fa4056fd51a27d25ce2c332047f1dfd6e00?s=96&d=identicon&r=g","contentUrl":"https:\/\/secure.gravatar.com\/avatar\/1c5e76ef76bbbfdd2b4da984e2bf2fa4056fd51a27d25ce2c332047f1dfd6e00?s=96&d=identicon&r=g","caption":"Kohen"},"sameAs":["https:\/\/www.linkedin.com\/in\/hassan-kohen-448548192\/","https:\/\/www.youtube.com\/@Kohen-Avocats"],"url":"https:\/\/kohenavocats.com\/tr\/author\/kohenmlk\/"}]}},"jetpack_featured_media_url":"https:\/\/kohenavocats.com\/wp-content\/uploads\/2024\/08\/stephanie-leblanc-53aGntxJ8iA-unsplash.webp","jetpack_likes_enabled":false,"jetpack_shortlink":"https:\/\/wp.me\/peCrII-2Nao","jetpack-related-posts":[{"id":796058,"url":"https:\/\/kohenavocats.com\/tr\/tribunal-judiciaire-de-saint-denis-de-la-reunion-le-9-decembre-2025-n23-00729\/","url_meta":{"origin":665656,"position":0},"title":"Tribunal judiciaire de Saint-Denis de La R\u00e9union, le 9 d\u00e9cembre 2025, n\u00b023\/00729","author":"Kohen","date":"1 May\u0131s 2026","format":false,"excerpt":"Le tribunal judiciaire de Saint-Denis de La R\u00e9union, dans son jugement du 9 d\u00e9cembre 2025, a d\u00e9clar\u00e9 irrecevable le recours d\u2019une soci\u00e9t\u00e9 contestant un taux ...","rel":"","context":"&quot;Jurisprudence&quot; i\u00e7inde","block_context":{"text":"Jurisprudence","link":"https:\/\/kohenavocats.com\/category\/jurisprudence\/"},"img":{"alt_text":"","src":"https:\/\/i0.wp.com\/kohenavocats.com\/wp-content\/uploads\/2024\/11\/luke-jones-Z2f7IumQdo4-unsplash.webp?resize=350%2C200&ssl=1","width":350,"height":200,"srcset":"https:\/\/i0.wp.com\/kohenavocats.com\/wp-content\/uploads\/2024\/11\/luke-jones-Z2f7IumQdo4-unsplash.webp?resize=350%2C200&ssl=1 1x, https:\/\/i0.wp.com\/kohenavocats.com\/wp-content\/uploads\/2024\/11\/luke-jones-Z2f7IumQdo4-unsplash.webp?resize=525%2C300&ssl=1 1.5x, https:\/\/i0.wp.com\/kohenavocats.com\/wp-content\/uploads\/2024\/11\/luke-jones-Z2f7IumQdo4-unsplash.webp?resize=700%2C400&ssl=1 2x, https:\/\/i0.wp.com\/kohenavocats.com\/wp-content\/uploads\/2024\/11\/luke-jones-Z2f7IumQdo4-unsplash.webp?resize=1050%2C600&ssl=1 3x, https:\/\/i0.wp.com\/kohenavocats.com\/wp-content\/uploads\/2024\/11\/luke-jones-Z2f7IumQdo4-unsplash.webp?resize=1400%2C800&ssl=1 4x"},"classes":[]},{"id":796184,"url":"https:\/\/kohenavocats.com\/tr\/tribunal-judiciaire-de-lille-le-9-decembre-2025-n24-02864\/","url_meta":{"origin":665656,"position":1},"title":"Tribunal judiciaire de Lille, le 9 d\u00e9cembre 2025, n\u00b024\/02864","author":"Kohen","date":"1 May\u0131s 2026","format":false,"excerpt":"Le tribunal judiciaire de Lille, dans un jugement du 9 d\u00e9cembre 2025, statue sur une opposition \u00e0 contrainte form\u00e9e par un d\u00e9biteur contre l\u2019URSSAF. Un cotis...","rel":"","context":"&quot;Jurisprudence&quot; i\u00e7inde","block_context":{"text":"Jurisprudence","link":"https:\/\/kohenavocats.com\/category\/jurisprudence\/"},"img":{"alt_text":"","src":"https:\/\/i0.wp.com\/kohenavocats.com\/wp-content\/uploads\/2024\/08\/camille-brodard-uZDXjqtVifU-unsplash.webp?resize=350%2C200&ssl=1","width":350,"height":200,"srcset":"https:\/\/i0.wp.com\/kohenavocats.com\/wp-content\/uploads\/2024\/08\/camille-brodard-uZDXjqtVifU-unsplash.webp?resize=350%2C200&ssl=1 1x, https:\/\/i0.wp.com\/kohenavocats.com\/wp-content\/uploads\/2024\/08\/camille-brodard-uZDXjqtVifU-unsplash.webp?resize=525%2C300&ssl=1 1.5x, https:\/\/i0.wp.com\/kohenavocats.com\/wp-content\/uploads\/2024\/08\/camille-brodard-uZDXjqtVifU-unsplash.webp?resize=700%2C400&ssl=1 2x, https:\/\/i0.wp.com\/kohenavocats.com\/wp-content\/uploads\/2024\/08\/camille-brodard-uZDXjqtVifU-unsplash.webp?resize=1050%2C600&ssl=1 3x, https:\/\/i0.wp.com\/kohenavocats.com\/wp-content\/uploads\/2024\/08\/camille-brodard-uZDXjqtVifU-unsplash.webp?resize=1400%2C800&ssl=1 4x"},"classes":[]},{"id":796212,"url":"https:\/\/kohenavocats.com\/tr\/tribunal-judiciaire-de-bordeaux-le-9-decembre-2025-n23-01453\/","url_meta":{"origin":665656,"position":2},"title":"Tribunal judiciaire de Bordeaux, le 9 d\u00e9cembre 2025, n\u00b023\/01453","author":"Kohen","date":"1 May\u0131s 2026","format":false,"excerpt":"Le tribunal judiciaire de Bordeaux, dans son jugement du 9 d\u00e9cembre 2025, statue sur la recevabilit\u00e9 d'une opposition \u00e0 contrainte form\u00e9e par un cotisant. L'...","rel":"","context":"&quot;Jurisprudence&quot; i\u00e7inde","block_context":{"text":"Jurisprudence","link":"https:\/\/kohenavocats.com\/category\/jurisprudence\/"},"img":{"alt_text":"","src":"https:\/\/i0.wp.com\/kohenavocats.com\/wp-content\/uploads\/2024\/11\/laura-adai-QMJsqsUvCmA-unsplash.webp?resize=350%2C200&ssl=1","width":350,"height":200,"srcset":"https:\/\/i0.wp.com\/kohenavocats.com\/wp-content\/uploads\/2024\/11\/laura-adai-QMJsqsUvCmA-unsplash.webp?resize=350%2C200&ssl=1 1x, https:\/\/i0.wp.com\/kohenavocats.com\/wp-content\/uploads\/2024\/11\/laura-adai-QMJsqsUvCmA-unsplash.webp?resize=525%2C300&ssl=1 1.5x, https:\/\/i0.wp.com\/kohenavocats.com\/wp-content\/uploads\/2024\/11\/laura-adai-QMJsqsUvCmA-unsplash.webp?resize=700%2C400&ssl=1 2x, https:\/\/i0.wp.com\/kohenavocats.com\/wp-content\/uploads\/2024\/11\/laura-adai-QMJsqsUvCmA-unsplash.webp?resize=1050%2C600&ssl=1 3x, https:\/\/i0.wp.com\/kohenavocats.com\/wp-content\/uploads\/2024\/11\/laura-adai-QMJsqsUvCmA-unsplash.webp?resize=1400%2C800&ssl=1 4x"},"classes":[]},{"id":795498,"url":"https:\/\/kohenavocats.com\/tr\/tribunal-judiciaire-de-saint-denis-de-la-reunion-le-10-decembre-2025-n24-00337\/","url_meta":{"origin":665656,"position":3},"title":"Tribunal judiciaire de Saint-Denis de la R\u00e9union, le 10 d\u00e9cembre 2025, n\u00b024\/00337","author":"Kohen","date":"1 May\u0131s 2026","format":false,"excerpt":"Le tribunal judiciaire de Saint-Denis de la R\u00e9union, dans son jugement du 10 d\u00e9cembre 2025, \u00e9tait saisi d\u2019oppositions \u00e0 une contrainte pour cotisations socia...","rel":"","context":"&quot;Jurisprudence&quot; i\u00e7inde","block_context":{"text":"Jurisprudence","link":"https:\/\/kohenavocats.com\/category\/jurisprudence\/"},"img":{"alt_text":"","src":"https:\/\/i0.wp.com\/kohenavocats.com\/wp-content\/uploads\/2024\/08\/roman-suslov-7jSq1rrpku0-unsplash.webp?resize=350%2C200&ssl=1","width":350,"height":200,"srcset":"https:\/\/i0.wp.com\/kohenavocats.com\/wp-content\/uploads\/2024\/08\/roman-suslov-7jSq1rrpku0-unsplash.webp?resize=350%2C200&ssl=1 1x, https:\/\/i0.wp.com\/kohenavocats.com\/wp-content\/uploads\/2024\/08\/roman-suslov-7jSq1rrpku0-unsplash.webp?resize=525%2C300&ssl=1 1.5x, https:\/\/i0.wp.com\/kohenavocats.com\/wp-content\/uploads\/2024\/08\/roman-suslov-7jSq1rrpku0-unsplash.webp?resize=700%2C400&ssl=1 2x, https:\/\/i0.wp.com\/kohenavocats.com\/wp-content\/uploads\/2024\/08\/roman-suslov-7jSq1rrpku0-unsplash.webp?resize=1050%2C600&ssl=1 3x, https:\/\/i0.wp.com\/kohenavocats.com\/wp-content\/uploads\/2024\/08\/roman-suslov-7jSq1rrpku0-unsplash.webp?resize=1400%2C800&ssl=1 4x"},"classes":[]},{"id":795215,"url":"https:\/\/kohenavocats.com\/tr\/tribunal-judiciaire-de-saint-denis-de-la-reunion-le-10-decembre-2025-n25-00396\/","url_meta":{"origin":665656,"position":4},"title":"Tribunal judiciaire de Saint-Denis de la R\u00e9union, le 10 d\u00e9cembre 2025, n\u00b025\/00396","author":"Kohen","date":"1 May\u0131s 2026","format":false,"excerpt":"Le Tribunal judiciaire de Saint-Denis de la R\u00e9union, dans son jugement du 10 d\u00e9cembre 2025, \u00e9tait saisi d'une opposition \u00e0 contrainte pour recouvrement de co...","rel":"","context":"&quot;Jurisprudence&quot; i\u00e7inde","block_context":{"text":"Jurisprudence","link":"https:\/\/kohenavocats.com\/category\/jurisprudence\/"},"img":{"alt_text":"","src":"https:\/\/i0.wp.com\/kohenavocats.com\/wp-content\/uploads\/2024\/11\/getty-images-H1-kEUjMDq4-unsplash.webp?resize=350%2C200&ssl=1","width":350,"height":200,"srcset":"https:\/\/i0.wp.com\/kohenavocats.com\/wp-content\/uploads\/2024\/11\/getty-images-H1-kEUjMDq4-unsplash.webp?resize=350%2C200&ssl=1 1x, https:\/\/i0.wp.com\/kohenavocats.com\/wp-content\/uploads\/2024\/11\/getty-images-H1-kEUjMDq4-unsplash.webp?resize=525%2C300&ssl=1 1.5x, https:\/\/i0.wp.com\/kohenavocats.com\/wp-content\/uploads\/2024\/11\/getty-images-H1-kEUjMDq4-unsplash.webp?resize=700%2C400&ssl=1 2x, https:\/\/i0.wp.com\/kohenavocats.com\/wp-content\/uploads\/2024\/11\/getty-images-H1-kEUjMDq4-unsplash.webp?resize=1050%2C600&ssl=1 3x, https:\/\/i0.wp.com\/kohenavocats.com\/wp-content\/uploads\/2024\/11\/getty-images-H1-kEUjMDq4-unsplash.webp?resize=1400%2C800&ssl=1 4x"},"classes":[]},{"id":795216,"url":"https:\/\/kohenavocats.com\/tr\/tribunal-judiciaire-de-la-reunion-le-10-decembre-2025-n25-00396\/","url_meta":{"origin":665656,"position":5},"title":"Tribunal judiciaire de La R\u00e9union, le 10 d\u00e9cembre 2025, n\u00b025\/00396","author":"Kohen","date":"1 May\u0131s 2026","format":false,"excerpt":"Le Tribunal judiciaire de Saint-Denis de la R\u00e9union, dans son jugement du 10 d\u00e9cembre 2025, \u00e9tait saisi d'une opposition \u00e0 contrainte pour recouvrement de...","rel":"","context":"&quot;D\u00e9cisions juridiques&quot; i\u00e7inde","block_context":{"text":"D\u00e9cisions juridiques","link":"https:\/\/kohenavocats.com\/category\/decisions-juridiques\/"},"img":{"alt_text":"","src":"https:\/\/i0.wp.com\/kohenavocats.com\/wp-content\/uploads\/2024\/11\/steve-johnson-GMZq7FZRcvc-unsplash.webp?resize=350%2C200&ssl=1","width":350,"height":200,"srcset":"https:\/\/i0.wp.com\/kohenavocats.com\/wp-content\/uploads\/2024\/11\/steve-johnson-GMZq7FZRcvc-unsplash.webp?resize=350%2C200&ssl=1 1x, https:\/\/i0.wp.com\/kohenavocats.com\/wp-content\/uploads\/2024\/11\/steve-johnson-GMZq7FZRcvc-unsplash.webp?resize=525%2C300&ssl=1 1.5x, https:\/\/i0.wp.com\/kohenavocats.com\/wp-content\/uploads\/2024\/11\/steve-johnson-GMZq7FZRcvc-unsplash.webp?resize=700%2C400&ssl=1 2x, https:\/\/i0.wp.com\/kohenavocats.com\/wp-content\/uploads\/2024\/11\/steve-johnson-GMZq7FZRcvc-unsplash.webp?resize=1050%2C600&ssl=1 3x, https:\/\/i0.wp.com\/kohenavocats.com\/wp-content\/uploads\/2024\/11\/steve-johnson-GMZq7FZRcvc-unsplash.webp?resize=1400%2C800&ssl=1 4x"},"classes":[]}],"jetpack_sharing_enabled":true,"_links":{"self":[{"href":"https:\/\/kohenavocats.com\/tr\/wp-json\/wp\/v2\/posts\/665656","targetHints":{"allow":["GET"]}}],"collection":[{"href":"https:\/\/kohenavocats.com\/tr\/wp-json\/wp\/v2\/posts"}],"about":[{"href":"https:\/\/kohenavocats.com\/tr\/wp-json\/wp\/v2\/types\/post"}],"author":[{"embeddable":true,"href":"https:\/\/kohenavocats.com\/tr\/wp-json\/wp\/v2\/users\/232070755"}],"replies":[{"embeddable":true,"href":"https:\/\/kohenavocats.com\/tr\/wp-json\/wp\/v2\/comments?post=665656"}],"version-history":[{"count":0,"href":"https:\/\/kohenavocats.com\/tr\/wp-json\/wp\/v2\/posts\/665656\/revisions"}],"wp:featuredmedia":[{"embeddable":true,"href":"https:\/\/kohenavocats.com\/tr\/wp-json\/wp\/v2\/media\/4829"}],"wp:attachment":[{"href":"https:\/\/kohenavocats.com\/tr\/wp-json\/wp\/v2\/media?parent=665656"}],"wp:term":[{"taxonomy":"category","embeddable":true,"href":"https:\/\/kohenavocats.com\/tr\/wp-json\/wp\/v2\/categories?post=665656"},{"taxonomy":"post_tag","embeddable":true,"href":"https:\/\/kohenavocats.com\/tr\/wp-json\/wp\/v2\/tags?post=665656"}],"curies":[{"name":"wp","href":"https:\/\/api.w.org\/{rel}","templated":true}]}}