{"id":665691,"date":"2026-04-24T00:17:05","date_gmt":"2026-04-23T22:17:05","guid":{"rendered":"https:\/\/kohenavocats.com\/tribunal-judiciaire-de-caen-le-27-mai-2025-n25-00430\/"},"modified":"2026-04-26T20:23:54","modified_gmt":"2026-04-26T18:23:54","slug":"tribunal-judiciaire-de-caen-le-27-mai-2025-n25-00430","status":"publish","type":"post","link":"https:\/\/kohenavocats.com\/tr\/tribunal-judiciaire-de-caen-le-27-mai-2025-n25-00430\/","title":{"rendered":"Tribunal judiciaire de Caen, le 27 mai 2025, n\u00b025\/00430"},"content":{"rendered":"<div class=\"article-content\">\n<p>Le tribunal judiciaire de Caen, statuant en mati\u00e8re de contentieux de la protection, a rendu une d\u00e9cision le 27 mai 2025. Un bailleur public a engag\u00e9 une action en r\u00e9siliation de bail pour <a href=\"https:\/\/kohenavocats.fr\/avocat-recouvrement-loyers-paris\/\" target=\"_blank\" title=\"loyers impay\u00e9s\">loyers impay\u00e9s<\/a> contre ses locataires. Ces derniers, apr\u00e8s commandement, n&#8217;ont pas apur\u00e9 leur dette dans le d\u00e9lai contractuel. Le juge a d\u00fb trancher l&#8217;applicabilit\u00e9 temporelle de la loi du 27 juillet 2023 r\u00e9duisant le d\u00e9lai de gr\u00e2ce. Il a constat\u00e9 la r\u00e9siliation du bail mais a accord\u00e9 des d\u00e9lais de paiement, suspendant ainsi les effets de la <a href=\"https:\/\/kohenavocats.fr\/avocat-resiliation-bail-paris\/\" target=\"_blank\" title=\"clause r\u00e9solutoire\">clause r\u00e9solutoire<\/a> sous conditions.<\/p>\n<p>Le principe de non-r\u00e9troactivit\u00e9 de la loi nouvelle<\/p>\n<p>Le juge \u00e9carte l&#8217;application imm\u00e9diate du nouveau d\u00e9lai de six semaines. Le bail litigieux a \u00e9t\u00e9 conclu avant l&#8217;entr\u00e9e en vigueur de la r\u00e9forme. La juridiction rappelle le principe fondamental de l&#8217;article 2 du code civil. &#8220;La loi ne dispose que pour l\u2019avenir et n\u2019a point d\u2019effet r\u00e9troactif&#8221; (Motifs). Elle souligne l&#8217;absence de disposition transitoire dans la loi nouvelle. Une loi est en principe sans effet sur les contrats en cours d&#8217;ex\u00e9cution. Le tribunal s&#8217;appuie \u00e9galement sur un avis de la Cour de cassation. Cet avis estime que le nouveau d\u00e9lai ne modifie pas les clauses des baux en cours. La solution pr\u00e9serve la s\u00e9curit\u00e9 juridique et les l\u00e9gitimes attentes des parties. Elle confirme une jurisprudence d\u00e9j\u00e0 \u00e9tablie sur ce point pr\u00e9cis. &#8220;La loi du 27 juillet 2023 ne comprend pas de disposition d\u00e9rogeant \u00e0 l&#8217;article 2 du code civil&#8221; (Tribunal judiciaire de Marseille, le 20 novembre 2025, n\u00b025\/05069). Le d\u00e9lai de deux mois stipul\u00e9 au contrat demeure donc pleinement applicable. La violation de ce d\u00e9lai contractuel fonde la r\u00e9siliation judiciaire.<\/p>\n<p>L&#8217;am\u00e9nagement judiciaire des cons\u00e9quences de l&#8217;impay\u00e9<\/p>\n<p>Le juge use de son pouvoir d&#8217;octroyer des d\u00e9lais de paiement. Les locataires ont repris le versement du loyer courant avant l&#8217;audience. Ils ont sollicit\u00e9 un \u00e9chelonnement de leur dette, ce que le bailleur n&#8217;a pas contest\u00e9. Le tribunal accorde donc trente-six mensualit\u00e9s de 155 euros. Cette facult\u00e9 est pr\u00e9vue par l&#8217;article 24 de la loi du 6 juillet 1989. Elle est subordonn\u00e9e \u00e0 la reprise du paiement du loyer courant. &#8220;Le Juge peut, \u00e0 la demande du locataire, du bailleur ou d\u2019office, \u00e0 la condition que (i) le locataire soit en situation de r\u00e9gler sa dette locative et (ii) qu&#8217;il ait repris le versement int\u00e9gral du loyer courant avant la date de l&#8217;audience, accorder des d\u00e9lais de paiement&#8221; (Motifs). Cette mesure a pour effet direct de suspendre la clause r\u00e9solutoire. &#8220;Les effets de la clause de r\u00e9siliation de plein droit peuvent \u00eatre suspendus pendant le cours des d\u00e9lais ainsi accord\u00e9s&#8221; (Tribunal judiciaire, le 11 d\u00e9cembre 2025, n\u00b025\/00411). La suspension est conditionn\u00e9e au respect strict du plan de paiement. Tout manquement entra\u00eene la reprise imm\u00e9diate des effets de la r\u00e9siliation. Le juge op\u00e8re ainsi une conciliation entre les int\u00e9r\u00eats patrimoniaux du bailleur. Il pr\u00e9serve \u00e9galement le logement des locataires d\u00e9faillants mais de bonne foi. Cette d\u00e9cision illustre la dimension sociale du contentieux de la protection. Elle \u00e9vite une expulsion tout en garantissant le recouvrement progressif de la cr\u00e9ance.<\/p>\n<\/div>\n","protected":false},"excerpt":{"rendered":"<p>Le tribunal judiciaire de Caen, statuant en mati\u00e8re de contentieux de la protection, a rendu une d\u00e9cision le 27 mai 2025. Un bailleur public a engag\u00e9 une act&#8230;<\/p>\n","protected":false},"author":232070755,"featured_media":9720,"comment_status":"open","ping_status":"open","sticky":false,"template":"","format":"standard","meta":{"_crdt_document":"","_jetpack_newsletter_access":"","_jetpack_dont_email_post_to_subs":false,"_jetpack_newsletter_tier_id":0,"_jetpack_memberships_contains_paywalled_content":false,"_kj_source_type":"judilibre","_kj_official_id":"68e96ad13ea43407b911e43a","_kj_official_url":"https:\/\/www.courdecassation.fr\/decision\/68e96ad13ea43407b911e43a","_kj_judilibre_id":"68e96ad13ea43407b911e43a","_kj_jur":"Tribunal judiciaire","_kj_lieu":"Tribunal judiciaire de Caen","_kj_chambre":"3\u00e8me chambre civile","_kj_rg":"25\/00430","_kj_date":"2025-09-24","_jetpack_memberships_contains_paid_content":false,"footnotes":"","jetpack_post_was_ever_published":false},"categories":[35583,7597],"tags":[],"class_list":["post-665691","post","type-post","status-publish","format-standard","has-post-thumbnail","hentry","category-immobilier","category-jurisprudence"],"yoast_head":"<!-- This site is optimized with the Yoast SEO Premium plugin v27.5 (Yoast SEO v27.5) - https:\/\/yoast.com\/product\/yoast-seo-premium-wordpress\/ -->\n<title>Tribunal judiciaire de Caen, le 27 mai 2025, n\u00b025\/00430 - Ma\u00eetre Hassan Kohen, avocat en droit p\u00e9nal \u00e0 Paris<\/title>\n<meta name=\"description\" content=\"Le tribunal judiciaire de Caen, statuant en mati\u00e8re de contentieux de la protection, a rendu une d\u00e9cision le 27 mai 2025. Un bailleur public a engag\u00e9 une act...\" \/>\n<meta name=\"robots\" content=\"index, follow, max-snippet:-1, max-image-preview:large, max-video-preview:-1\" \/>\n<link rel=\"canonical\" href=\"https:\/\/kohenavocats.com\/tr\/tribunal-judiciaire-de-caen-le-27-mai-2025-n25-00430\/\" \/>\n<meta property=\"og:locale\" content=\"tr_TR\" \/>\n<meta property=\"og:type\" content=\"article\" \/>\n<meta property=\"og:title\" content=\"Tribunal judiciaire de Caen, le 27 mai 2025, n\u00b025\/00430\" \/>\n<meta property=\"og:description\" content=\"Le tribunal judiciaire de Caen, statuant en mati\u00e8re de contentieux de la protection, a rendu une d\u00e9cision le 27 mai 2025. Un bailleur public a engag\u00e9 une act...\" \/>\n<meta property=\"og:url\" content=\"https:\/\/kohenavocats.com\/tr\/tribunal-judiciaire-de-caen-le-27-mai-2025-n25-00430\/\" \/>\n<meta property=\"og:site_name\" content=\"Ma\u00eetre Hassan Kohen, avocat en droit p\u00e9nal \u00e0 Paris\" \/>\n<meta property=\"article:published_time\" content=\"2026-04-23T22:17:05+00:00\" \/>\n<meta property=\"article:modified_time\" content=\"2026-04-26T18:23:54+00:00\" \/>\n<meta property=\"og:image\" content=\"https:\/\/kohenavocats.com\/wp-content\/uploads\/2024\/11\/getty-images-KLAusgd2DI8-unsplash.webp\" \/>\n\t<meta property=\"og:image:width\" content=\"4940\" \/>\n\t<meta property=\"og:image:height\" content=\"4862\" \/>\n\t<meta property=\"og:image:type\" content=\"image\/webp\" \/>\n<meta name=\"author\" content=\"Kohen\" \/>\n<meta name=\"twitter:card\" content=\"summary_large_image\" \/>\n<meta name=\"twitter:label1\" content=\"Yazan:\" \/>\n\t<meta name=\"twitter:data1\" content=\"Kohen\" \/>\n\t<meta name=\"twitter:label2\" content=\"Tahmini okuma s\u00fcresi\" \/>\n\t<meta name=\"twitter:data2\" content=\"3 dakika\" \/>\n<script type=\"application\/ld+json\" class=\"yoast-schema-graph\">{\"@context\":\"https:\\\/\\\/schema.org\",\"@graph\":[{\"@type\":\"Article\",\"@id\":\"https:\\\/\\\/kohenavocats.com\\\/tr\\\/tribunal-judiciaire-de-caen-le-27-mai-2025-n25-00430\\\/#article\",\"isPartOf\":{\"@id\":\"https:\\\/\\\/kohenavocats.com\\\/tr\\\/tribunal-judiciaire-de-caen-le-27-mai-2025-n25-00430\\\/\"},\"author\":{\"name\":\"Kohen\",\"@id\":\"https:\\\/\\\/kohenavocats.com\\\/tr\\\/#\\\/schema\\\/person\\\/761c9ba54fa1ca84d405cef0831ff751\"},\"headline\":\"Tribunal judiciaire de Caen, le 27 mai 2025, n\u00b025\\\/00430\",\"datePublished\":\"2026-04-23T22:17:05+00:00\",\"dateModified\":\"2026-04-26T18:23:54+00:00\",\"mainEntityOfPage\":{\"@id\":\"https:\\\/\\\/kohenavocats.com\\\/tr\\\/tribunal-judiciaire-de-caen-le-27-mai-2025-n25-00430\\\/\"},\"wordCount\":569,\"commentCount\":0,\"publisher\":{\"@id\":\"https:\\\/\\\/kohenavocats.com\\\/tr\\\/#organization\"},\"image\":{\"@id\":\"https:\\\/\\\/kohenavocats.com\\\/tr\\\/tribunal-judiciaire-de-caen-le-27-mai-2025-n25-00430\\\/#primaryimage\"},\"thumbnailUrl\":\"https:\\\/\\\/kohenavocats.com\\\/wp-content\\\/uploads\\\/2024\\\/11\\\/getty-images-KLAusgd2DI8-unsplash.webp\",\"articleSection\":[\"Immobilier\",\"Jurisprudence\"],\"inLanguage\":\"tr\",\"potentialAction\":[{\"@type\":\"CommentAction\",\"name\":\"Comment\",\"target\":[\"https:\\\/\\\/kohenavocats.com\\\/tr\\\/tribunal-judiciaire-de-caen-le-27-mai-2025-n25-00430\\\/#respond\"]}],\"citation\":\"Tribunal judiciaire de Caen, le 27 mai 2025, n\u00b025\\\/00430\",\"about\":[{\"@type\":\"Thing\",\"name\":\"Immobilier\"},{\"@type\":\"Thing\",\"name\":\"Jurisprudence\"}],\"speakable\":{\"@type\":\"SpeakableSpecification\",\"cssSelector\":[\".article-content > p:first-of-type\"]}},{\"@type\":\"WebPage\",\"@id\":\"https:\\\/\\\/kohenavocats.com\\\/tr\\\/tribunal-judiciaire-de-caen-le-27-mai-2025-n25-00430\\\/\",\"url\":\"https:\\\/\\\/kohenavocats.com\\\/tr\\\/tribunal-judiciaire-de-caen-le-27-mai-2025-n25-00430\\\/\",\"name\":\"Tribunal judiciaire de Caen, le 27 mai 2025, n\u00b025\\\/00430 - Ma\u00eetre Hassan Kohen, avocat en droit p\u00e9nal \u00e0 Paris\",\"isPartOf\":{\"@id\":\"https:\\\/\\\/kohenavocats.com\\\/tr\\\/#website\"},\"primaryImageOfPage\":{\"@id\":\"https:\\\/\\\/kohenavocats.com\\\/tr\\\/tribunal-judiciaire-de-caen-le-27-mai-2025-n25-00430\\\/#primaryimage\"},\"image\":{\"@id\":\"https:\\\/\\\/kohenavocats.com\\\/tr\\\/tribunal-judiciaire-de-caen-le-27-mai-2025-n25-00430\\\/#primaryimage\"},\"thumbnailUrl\":\"https:\\\/\\\/kohenavocats.com\\\/wp-content\\\/uploads\\\/2024\\\/11\\\/getty-images-KLAusgd2DI8-unsplash.webp\",\"datePublished\":\"2026-04-23T22:17:05+00:00\",\"dateModified\":\"2026-04-26T18:23:54+00:00\",\"description\":\"Le tribunal judiciaire de Caen, statuant en mati\u00e8re de contentieux de la protection, a rendu une d\u00e9cision le 27 mai 2025. Un bailleur public a engag\u00e9 une act...\",\"breadcrumb\":{\"@id\":\"https:\\\/\\\/kohenavocats.com\\\/tr\\\/tribunal-judiciaire-de-caen-le-27-mai-2025-n25-00430\\\/#breadcrumb\"},\"inLanguage\":\"tr\",\"potentialAction\":[{\"@type\":\"ReadAction\",\"target\":[\"https:\\\/\\\/kohenavocats.com\\\/tr\\\/tribunal-judiciaire-de-caen-le-27-mai-2025-n25-00430\\\/\"]}]},{\"@type\":\"ImageObject\",\"inLanguage\":\"tr\",\"@id\":\"https:\\\/\\\/kohenavocats.com\\\/tr\\\/tribunal-judiciaire-de-caen-le-27-mai-2025-n25-00430\\\/#primaryimage\",\"url\":\"https:\\\/\\\/kohenavocats.com\\\/wp-content\\\/uploads\\\/2024\\\/11\\\/getty-images-KLAusgd2DI8-unsplash.webp\",\"contentUrl\":\"https:\\\/\\\/kohenavocats.com\\\/wp-content\\\/uploads\\\/2024\\\/11\\\/getty-images-KLAusgd2DI8-unsplash.webp\",\"width\":4940,\"height\":4862},{\"@type\":\"BreadcrumbList\",\"@id\":\"https:\\\/\\\/kohenavocats.com\\\/tr\\\/tribunal-judiciaire-de-caen-le-27-mai-2025-n25-00430\\\/#breadcrumb\",\"itemListElement\":[{\"@type\":\"ListItem\",\"position\":1,\"name\":\"Home\",\"item\":\"https:\\\/\\\/kohenavocats.com\\\/tr\\\/avocats-en-droit-penal-a-paris-conseil-et-defense-strategique\\\/\"},{\"@type\":\"ListItem\",\"position\":2,\"name\":\"Tribunal judiciaire de Caen, le 27 mai 2025, n\u00b025\\\/00430\"}]},{\"@type\":\"WebSite\",\"@id\":\"https:\\\/\\\/kohenavocats.com\\\/tr\\\/#website\",\"url\":\"https:\\\/\\\/kohenavocats.com\\\/tr\\\/\",\"name\":\"Kohen Avocats\",\"description\":\"Ma\u00eetre Hassan Kohen, avocat p\u00e9naliste \u00e0 Paris, intervient exclusivement en droit p\u00e9nal pour la d\u00e9fense des particuliers, notamment en mati\u00e8re d\u2019accusations de viol. Il assure un accompagnement rigoureux d\u00e8s la garde \u00e0 vue jusqu\u2019\u00e0 la Cour d\u2019assises, veillant au strict respect des garanties proc\u00e9durales.\",\"publisher\":{\"@id\":\"https:\\\/\\\/kohenavocats.com\\\/tr\\\/#organization\"},\"potentialAction\":[{\"@type\":\"SearchAction\",\"target\":{\"@type\":\"EntryPoint\",\"urlTemplate\":\"https:\\\/\\\/kohenavocats.com\\\/tr\\\/?s={search_term_string}\"},\"query-input\":{\"@type\":\"PropertyValueSpecification\",\"valueRequired\":true,\"valueName\":\"search_term_string\"}}],\"inLanguage\":\"tr\"},{\"@type\":\"Organization\",\"@id\":\"https:\\\/\\\/kohenavocats.com\\\/tr\\\/#organization\",\"name\":\"Kohen Avocats\",\"url\":\"https:\\\/\\\/kohenavocats.com\\\/tr\\\/\",\"logo\":{\"@type\":\"ImageObject\",\"inLanguage\":\"tr\",\"@id\":\"https:\\\/\\\/kohenavocats.com\\\/tr\\\/#\\\/schema\\\/logo\\\/image\\\/\",\"url\":\"https:\\\/\\\/kohenavocats.com\\\/wp-content\\\/uploads\\\/2026\\\/01\\\/Logo-2-1.webp\",\"contentUrl\":\"https:\\\/\\\/kohenavocats.com\\\/wp-content\\\/uploads\\\/2026\\\/01\\\/Logo-2-1.webp\",\"width\":2114,\"height\":1253,\"caption\":\"Kohen Avocats\"},\"image\":{\"@id\":\"https:\\\/\\\/kohenavocats.com\\\/tr\\\/#\\\/schema\\\/logo\\\/image\\\/\"}},{\"@type\":\"Person\",\"@id\":\"https:\\\/\\\/kohenavocats.com\\\/tr\\\/#\\\/schema\\\/person\\\/761c9ba54fa1ca84d405cef0831ff751\",\"name\":\"Kohen\",\"image\":{\"@type\":\"ImageObject\",\"inLanguage\":\"tr\",\"@id\":\"https:\\\/\\\/secure.gravatar.com\\\/avatar\\\/1c5e76ef76bbbfdd2b4da984e2bf2fa4056fd51a27d25ce2c332047f1dfd6e00?s=96&d=identicon&r=g\",\"url\":\"https:\\\/\\\/secure.gravatar.com\\\/avatar\\\/1c5e76ef76bbbfdd2b4da984e2bf2fa4056fd51a27d25ce2c332047f1dfd6e00?s=96&d=identicon&r=g\",\"contentUrl\":\"https:\\\/\\\/secure.gravatar.com\\\/avatar\\\/1c5e76ef76bbbfdd2b4da984e2bf2fa4056fd51a27d25ce2c332047f1dfd6e00?s=96&d=identicon&r=g\",\"caption\":\"Kohen\"},\"sameAs\":[\"https:\\\/\\\/www.linkedin.com\\\/in\\\/hassan-kohen-448548192\\\/\",\"https:\\\/\\\/www.youtube.com\\\/@Kohen-Avocats\"],\"url\":\"https:\\\/\\\/kohenavocats.com\\\/tr\\\/author\\\/kohenmlk\\\/\"}]}<\/script>\n<!-- \/ Yoast SEO Premium plugin. -->","yoast_head_json":{"title":"Tribunal judiciaire de Caen, le 27 mai 2025, n\u00b025\/00430 - Ma\u00eetre Hassan Kohen, avocat en droit p\u00e9nal \u00e0 Paris","description":"Le tribunal judiciaire de Caen, statuant en mati\u00e8re de contentieux de la protection, a rendu une d\u00e9cision le 27 mai 2025. Un bailleur public a engag\u00e9 une act...","robots":{"index":"index","follow":"follow","max-snippet":"max-snippet:-1","max-image-preview":"max-image-preview:large","max-video-preview":"max-video-preview:-1"},"canonical":"https:\/\/kohenavocats.com\/tr\/tribunal-judiciaire-de-caen-le-27-mai-2025-n25-00430\/","og_locale":"tr_TR","og_type":"article","og_title":"Tribunal judiciaire de Caen, le 27 mai 2025, n\u00b025\/00430","og_description":"Le tribunal judiciaire de Caen, statuant en mati\u00e8re de contentieux de la protection, a rendu une d\u00e9cision le 27 mai 2025. Un bailleur public a engag\u00e9 une act...","og_url":"https:\/\/kohenavocats.com\/tr\/tribunal-judiciaire-de-caen-le-27-mai-2025-n25-00430\/","og_site_name":"Ma\u00eetre Hassan Kohen, avocat en droit p\u00e9nal \u00e0 Paris","article_published_time":"2026-04-23T22:17:05+00:00","article_modified_time":"2026-04-26T18:23:54+00:00","og_image":[{"width":4940,"height":4862,"url":"https:\/\/kohenavocats.com\/wp-content\/uploads\/2024\/11\/getty-images-KLAusgd2DI8-unsplash.webp","type":"image\/webp"}],"author":"Kohen","twitter_card":"summary_large_image","twitter_misc":{"Yazan:":"Kohen","Tahmini okuma s\u00fcresi":"3 dakika"},"schema":{"@context":"https:\/\/schema.org","@graph":[{"@type":"Article","@id":"https:\/\/kohenavocats.com\/tr\/tribunal-judiciaire-de-caen-le-27-mai-2025-n25-00430\/#article","isPartOf":{"@id":"https:\/\/kohenavocats.com\/tr\/tribunal-judiciaire-de-caen-le-27-mai-2025-n25-00430\/"},"author":{"name":"Kohen","@id":"https:\/\/kohenavocats.com\/tr\/#\/schema\/person\/761c9ba54fa1ca84d405cef0831ff751"},"headline":"Tribunal judiciaire de Caen, le 27 mai 2025, n\u00b025\/00430","datePublished":"2026-04-23T22:17:05+00:00","dateModified":"2026-04-26T18:23:54+00:00","mainEntityOfPage":{"@id":"https:\/\/kohenavocats.com\/tr\/tribunal-judiciaire-de-caen-le-27-mai-2025-n25-00430\/"},"wordCount":569,"commentCount":0,"publisher":{"@id":"https:\/\/kohenavocats.com\/tr\/#organization"},"image":{"@id":"https:\/\/kohenavocats.com\/tr\/tribunal-judiciaire-de-caen-le-27-mai-2025-n25-00430\/#primaryimage"},"thumbnailUrl":"https:\/\/kohenavocats.com\/wp-content\/uploads\/2024\/11\/getty-images-KLAusgd2DI8-unsplash.webp","articleSection":["Immobilier","Jurisprudence"],"inLanguage":"tr","potentialAction":[{"@type":"CommentAction","name":"Comment","target":["https:\/\/kohenavocats.com\/tr\/tribunal-judiciaire-de-caen-le-27-mai-2025-n25-00430\/#respond"]}],"citation":"Tribunal judiciaire de Caen, le 27 mai 2025, n\u00b025\/00430","about":[{"@type":"Thing","name":"Immobilier"},{"@type":"Thing","name":"Jurisprudence"}],"speakable":{"@type":"SpeakableSpecification","cssSelector":[".article-content > p:first-of-type"]}},{"@type":"WebPage","@id":"https:\/\/kohenavocats.com\/tr\/tribunal-judiciaire-de-caen-le-27-mai-2025-n25-00430\/","url":"https:\/\/kohenavocats.com\/tr\/tribunal-judiciaire-de-caen-le-27-mai-2025-n25-00430\/","name":"Tribunal judiciaire de Caen, le 27 mai 2025, n\u00b025\/00430 - Ma\u00eetre Hassan Kohen, avocat en droit p\u00e9nal \u00e0 Paris","isPartOf":{"@id":"https:\/\/kohenavocats.com\/tr\/#website"},"primaryImageOfPage":{"@id":"https:\/\/kohenavocats.com\/tr\/tribunal-judiciaire-de-caen-le-27-mai-2025-n25-00430\/#primaryimage"},"image":{"@id":"https:\/\/kohenavocats.com\/tr\/tribunal-judiciaire-de-caen-le-27-mai-2025-n25-00430\/#primaryimage"},"thumbnailUrl":"https:\/\/kohenavocats.com\/wp-content\/uploads\/2024\/11\/getty-images-KLAusgd2DI8-unsplash.webp","datePublished":"2026-04-23T22:17:05+00:00","dateModified":"2026-04-26T18:23:54+00:00","description":"Le tribunal judiciaire de Caen, statuant en mati\u00e8re de contentieux de la protection, a rendu une d\u00e9cision le 27 mai 2025. Un bailleur public a engag\u00e9 une act...","breadcrumb":{"@id":"https:\/\/kohenavocats.com\/tr\/tribunal-judiciaire-de-caen-le-27-mai-2025-n25-00430\/#breadcrumb"},"inLanguage":"tr","potentialAction":[{"@type":"ReadAction","target":["https:\/\/kohenavocats.com\/tr\/tribunal-judiciaire-de-caen-le-27-mai-2025-n25-00430\/"]}]},{"@type":"ImageObject","inLanguage":"tr","@id":"https:\/\/kohenavocats.com\/tr\/tribunal-judiciaire-de-caen-le-27-mai-2025-n25-00430\/#primaryimage","url":"https:\/\/kohenavocats.com\/wp-content\/uploads\/2024\/11\/getty-images-KLAusgd2DI8-unsplash.webp","contentUrl":"https:\/\/kohenavocats.com\/wp-content\/uploads\/2024\/11\/getty-images-KLAusgd2DI8-unsplash.webp","width":4940,"height":4862},{"@type":"BreadcrumbList","@id":"https:\/\/kohenavocats.com\/tr\/tribunal-judiciaire-de-caen-le-27-mai-2025-n25-00430\/#breadcrumb","itemListElement":[{"@type":"ListItem","position":1,"name":"Home","item":"https:\/\/kohenavocats.com\/tr\/avocats-en-droit-penal-a-paris-conseil-et-defense-strategique\/"},{"@type":"ListItem","position":2,"name":"Tribunal judiciaire de Caen, le 27 mai 2025, n\u00b025\/00430"}]},{"@type":"WebSite","@id":"https:\/\/kohenavocats.com\/tr\/#website","url":"https:\/\/kohenavocats.com\/tr\/","name":"Kohen Avocats","description":"Ma\u00eetre Hassan Kohen, avocat p\u00e9naliste \u00e0 Paris, intervient exclusivement en droit p\u00e9nal pour la d\u00e9fense des particuliers, notamment en mati\u00e8re d\u2019accusations de viol. Il assure un accompagnement rigoureux d\u00e8s la garde \u00e0 vue jusqu\u2019\u00e0 la Cour d\u2019assises, veillant au strict respect des garanties proc\u00e9durales.","publisher":{"@id":"https:\/\/kohenavocats.com\/tr\/#organization"},"potentialAction":[{"@type":"SearchAction","target":{"@type":"EntryPoint","urlTemplate":"https:\/\/kohenavocats.com\/tr\/?s={search_term_string}"},"query-input":{"@type":"PropertyValueSpecification","valueRequired":true,"valueName":"search_term_string"}}],"inLanguage":"tr"},{"@type":"Organization","@id":"https:\/\/kohenavocats.com\/tr\/#organization","name":"Kohen Avocats","url":"https:\/\/kohenavocats.com\/tr\/","logo":{"@type":"ImageObject","inLanguage":"tr","@id":"https:\/\/kohenavocats.com\/tr\/#\/schema\/logo\/image\/","url":"https:\/\/kohenavocats.com\/wp-content\/uploads\/2026\/01\/Logo-2-1.webp","contentUrl":"https:\/\/kohenavocats.com\/wp-content\/uploads\/2026\/01\/Logo-2-1.webp","width":2114,"height":1253,"caption":"Kohen Avocats"},"image":{"@id":"https:\/\/kohenavocats.com\/tr\/#\/schema\/logo\/image\/"}},{"@type":"Person","@id":"https:\/\/kohenavocats.com\/tr\/#\/schema\/person\/761c9ba54fa1ca84d405cef0831ff751","name":"Kohen","image":{"@type":"ImageObject","inLanguage":"tr","@id":"https:\/\/secure.gravatar.com\/avatar\/1c5e76ef76bbbfdd2b4da984e2bf2fa4056fd51a27d25ce2c332047f1dfd6e00?s=96&d=identicon&r=g","url":"https:\/\/secure.gravatar.com\/avatar\/1c5e76ef76bbbfdd2b4da984e2bf2fa4056fd51a27d25ce2c332047f1dfd6e00?s=96&d=identicon&r=g","contentUrl":"https:\/\/secure.gravatar.com\/avatar\/1c5e76ef76bbbfdd2b4da984e2bf2fa4056fd51a27d25ce2c332047f1dfd6e00?s=96&d=identicon&r=g","caption":"Kohen"},"sameAs":["https:\/\/www.linkedin.com\/in\/hassan-kohen-448548192\/","https:\/\/www.youtube.com\/@Kohen-Avocats"],"url":"https:\/\/kohenavocats.com\/tr\/author\/kohenmlk\/"}]}},"jetpack_featured_media_url":"https:\/\/kohenavocats.com\/wp-content\/uploads\/2024\/11\/getty-images-KLAusgd2DI8-unsplash.webp","jetpack_likes_enabled":false,"jetpack_shortlink":"https:\/\/wp.me\/peCrII-2NaX","jetpack-related-posts":[{"id":665927,"url":"https:\/\/kohenavocats.com\/tr\/tribunal-judiciaire-de-caen-le-12-mai-2025-n24-04708\/","url_meta":{"origin":665691,"position":0},"title":"Tribunal judiciaire de Caen, le 12 mai 2025, n\u00b024\/04708","author":"Kohen","date":"24 Nisan 2026","format":false,"excerpt":"Le juge des contentieux de la protection du tribunal judiciaire de Caen, statuant le 12 mai 2025, se prononce sur une demande de r\u00e9siliation de bail pour d\u00e9f...","rel":"","context":"&quot;Code des assurances&quot; i\u00e7inde","block_context":{"text":"Code des assurances","link":"https:\/\/kohenavocats.com\/category\/code-des-assurances\/"},"img":{"alt_text":"","src":"https:\/\/i0.wp.com\/kohenavocats.com\/wp-content\/uploads\/2024\/08\/pierre-antona-ir9dYEOvx5s-unsplash-1.webp?resize=350%2C200&ssl=1","width":350,"height":200,"srcset":"https:\/\/i0.wp.com\/kohenavocats.com\/wp-content\/uploads\/2024\/08\/pierre-antona-ir9dYEOvx5s-unsplash-1.webp?resize=350%2C200&ssl=1 1x, https:\/\/i0.wp.com\/kohenavocats.com\/wp-content\/uploads\/2024\/08\/pierre-antona-ir9dYEOvx5s-unsplash-1.webp?resize=525%2C300&ssl=1 1.5x, https:\/\/i0.wp.com\/kohenavocats.com\/wp-content\/uploads\/2024\/08\/pierre-antona-ir9dYEOvx5s-unsplash-1.webp?resize=700%2C400&ssl=1 2x, https:\/\/i0.wp.com\/kohenavocats.com\/wp-content\/uploads\/2024\/08\/pierre-antona-ir9dYEOvx5s-unsplash-1.webp?resize=1050%2C600&ssl=1 3x, https:\/\/i0.wp.com\/kohenavocats.com\/wp-content\/uploads\/2024\/08\/pierre-antona-ir9dYEOvx5s-unsplash-1.webp?resize=1400%2C800&ssl=1 4x"},"classes":[]},{"id":665234,"url":"https:\/\/kohenavocats.com\/tr\/tribunal-judiciaire-de-caen-le-15-mai-2025-n24-04173\/","url_meta":{"origin":665691,"position":1},"title":"Tribunal judiciaire de Caen, le 15 mai 2025, n\u00b024\/04173","author":"Kohen","date":"23 Nisan 2026","format":false,"excerpt":"Le juge des contentieux de la protection, statuant le 15 mai 2025, examine une demande en r\u00e9siliation de bail pour impay\u00e9s. Le locataire, absent \u00e0 l\u2019audience...","rel":"","context":"&quot;Code des assurances&quot; i\u00e7inde","block_context":{"text":"Code des assurances","link":"https:\/\/kohenavocats.com\/category\/code-des-assurances\/"},"img":{"alt_text":"","src":"https:\/\/i0.wp.com\/kohenavocats.com\/wp-content\/uploads\/2024\/08\/mika-ruusunen-ypVM8PnygUo-unsplash.webp?resize=350%2C200&ssl=1","width":350,"height":200,"srcset":"https:\/\/i0.wp.com\/kohenavocats.com\/wp-content\/uploads\/2024\/08\/mika-ruusunen-ypVM8PnygUo-unsplash.webp?resize=350%2C200&ssl=1 1x, https:\/\/i0.wp.com\/kohenavocats.com\/wp-content\/uploads\/2024\/08\/mika-ruusunen-ypVM8PnygUo-unsplash.webp?resize=525%2C300&ssl=1 1.5x, https:\/\/i0.wp.com\/kohenavocats.com\/wp-content\/uploads\/2024\/08\/mika-ruusunen-ypVM8PnygUo-unsplash.webp?resize=700%2C400&ssl=1 2x, https:\/\/i0.wp.com\/kohenavocats.com\/wp-content\/uploads\/2024\/08\/mika-ruusunen-ypVM8PnygUo-unsplash.webp?resize=1050%2C600&ssl=1 3x, https:\/\/i0.wp.com\/kohenavocats.com\/wp-content\/uploads\/2024\/08\/mika-ruusunen-ypVM8PnygUo-unsplash.webp?resize=1400%2C800&ssl=1 4x"},"classes":[]},{"id":665938,"url":"https:\/\/kohenavocats.com\/tr\/tribunal-judiciaire-de-caen-le-15-mai-2025-n24-04225\/","url_meta":{"origin":665691,"position":2},"title":"Tribunal judiciaire de Caen, le 15 mai 2025, n\u00b024\/04225","author":"Kohen","date":"24 Nisan 2026","format":false,"excerpt":"Le juge des contentieux de la protection du tribunal judiciaire de Caen, statuant le 15 mai 2025, se prononce sur une demande en r\u00e9siliation de bail pour d\u00e9f...","rel":"","context":"&quot;Code des assurances&quot; i\u00e7inde","block_context":{"text":"Code des assurances","link":"https:\/\/kohenavocats.com\/category\/code-des-assurances\/"},"img":{"alt_text":"","src":"https:\/\/i0.wp.com\/kohenavocats.com\/wp-content\/uploads\/2024\/11\/getty-images-_oX4l6NGtI-unsplash.webp?resize=350%2C200&ssl=1","width":350,"height":200,"srcset":"https:\/\/i0.wp.com\/kohenavocats.com\/wp-content\/uploads\/2024\/11\/getty-images-_oX4l6NGtI-unsplash.webp?resize=350%2C200&ssl=1 1x, https:\/\/i0.wp.com\/kohenavocats.com\/wp-content\/uploads\/2024\/11\/getty-images-_oX4l6NGtI-unsplash.webp?resize=525%2C300&ssl=1 1.5x, https:\/\/i0.wp.com\/kohenavocats.com\/wp-content\/uploads\/2024\/11\/getty-images-_oX4l6NGtI-unsplash.webp?resize=700%2C400&ssl=1 2x, https:\/\/i0.wp.com\/kohenavocats.com\/wp-content\/uploads\/2024\/11\/getty-images-_oX4l6NGtI-unsplash.webp?resize=1050%2C600&ssl=1 3x, https:\/\/i0.wp.com\/kohenavocats.com\/wp-content\/uploads\/2024\/11\/getty-images-_oX4l6NGtI-unsplash.webp?resize=1400%2C800&ssl=1 4x"},"classes":[]},{"id":665154,"url":"https:\/\/kohenavocats.com\/tr\/tribunal-judiciaire-de-caen-le-15-mai-2025-n25-00437\/","url_meta":{"origin":665691,"position":3},"title":"Tribunal judiciaire de Caen, le 15 mai 2025, n\u00b025\/00437","author":"Kohen","date":"23 Nisan 2026","format":false,"excerpt":"Le tribunal judiciaire de Caen, statuant en mati\u00e8re de contentieux de la protection, a rendu une d\u00e9cision le 15 mai 2025. Un bailleur public a engag\u00e9 une act...","rel":"","context":"&quot;Immobilier&quot; i\u00e7inde","block_context":{"text":"Immobilier","link":"https:\/\/kohenavocats.com\/category\/immobilier\/"},"img":{"alt_text":"","src":"https:\/\/i0.wp.com\/kohenavocats.com\/wp-content\/uploads\/2024\/11\/virginia-marinova-3UfkjHxVch0-unsplash.webp?resize=350%2C200&ssl=1","width":350,"height":200,"srcset":"https:\/\/i0.wp.com\/kohenavocats.com\/wp-content\/uploads\/2024\/11\/virginia-marinova-3UfkjHxVch0-unsplash.webp?resize=350%2C200&ssl=1 1x, https:\/\/i0.wp.com\/kohenavocats.com\/wp-content\/uploads\/2024\/11\/virginia-marinova-3UfkjHxVch0-unsplash.webp?resize=525%2C300&ssl=1 1.5x, https:\/\/i0.wp.com\/kohenavocats.com\/wp-content\/uploads\/2024\/11\/virginia-marinova-3UfkjHxVch0-unsplash.webp?resize=700%2C400&ssl=1 2x, https:\/\/i0.wp.com\/kohenavocats.com\/wp-content\/uploads\/2024\/11\/virginia-marinova-3UfkjHxVch0-unsplash.webp?resize=1050%2C600&ssl=1 3x, https:\/\/i0.wp.com\/kohenavocats.com\/wp-content\/uploads\/2024\/11\/virginia-marinova-3UfkjHxVch0-unsplash.webp?resize=1400%2C800&ssl=1 4x"},"classes":[]},{"id":665236,"url":"https:\/\/kohenavocats.com\/tr\/tribunal-judiciaire-de-caen-le-13-mai-2025-n24-04174\/","url_meta":{"origin":665691,"position":4},"title":"Tribunal judiciaire de Caen, le 13 mai 2025, n\u00b024\/04174","author":"Kohen","date":"23 Nisan 2026","format":false,"excerpt":"Le juge des contentieux de la protection du tribunal judiciaire de Caen, statuant le 13 mai 2025, se prononce sur une demande en r\u00e9siliation de bail pour imp...","rel":"","context":"&quot;Code des assurances&quot; i\u00e7inde","block_context":{"text":"Code des assurances","link":"https:\/\/kohenavocats.com\/category\/code-des-assurances\/"},"img":{"alt_text":"","src":"https:\/\/i0.wp.com\/kohenavocats.com\/wp-content\/uploads\/2024\/07\/nathan-cima-L89SN03SJK8-unsplash.webp?resize=350%2C200&ssl=1","width":350,"height":200,"srcset":"https:\/\/i0.wp.com\/kohenavocats.com\/wp-content\/uploads\/2024\/07\/nathan-cima-L89SN03SJK8-unsplash.webp?resize=350%2C200&ssl=1 1x, https:\/\/i0.wp.com\/kohenavocats.com\/wp-content\/uploads\/2024\/07\/nathan-cima-L89SN03SJK8-unsplash.webp?resize=525%2C300&ssl=1 1.5x, https:\/\/i0.wp.com\/kohenavocats.com\/wp-content\/uploads\/2024\/07\/nathan-cima-L89SN03SJK8-unsplash.webp?resize=700%2C400&ssl=1 2x, https:\/\/i0.wp.com\/kohenavocats.com\/wp-content\/uploads\/2024\/07\/nathan-cima-L89SN03SJK8-unsplash.webp?resize=1050%2C600&ssl=1 3x, https:\/\/i0.wp.com\/kohenavocats.com\/wp-content\/uploads\/2024\/07\/nathan-cima-L89SN03SJK8-unsplash.webp?resize=1400%2C800&ssl=1 4x"},"classes":[]},{"id":665687,"url":"https:\/\/kohenavocats.com\/tr\/tribunal-judiciaire-de-caen-le-15-mai-2025-n24-02834\/","url_meta":{"origin":665691,"position":5},"title":"Tribunal judiciaire de Caen, le 15 mai 2025, n\u00b024\/02834","author":"Kohen","date":"24 Nisan 2026","format":false,"excerpt":"Le juge des contentieux de la protection, statuant le 15 mai 2025, examine une demande en r\u00e9siliation de bail pour loyers impay\u00e9s. Le bailleur public sollici...","rel":"","context":"&quot;Immobilier&quot; i\u00e7inde","block_context":{"text":"Immobilier","link":"https:\/\/kohenavocats.com\/category\/immobilier\/"},"img":{"alt_text":"","src":"https:\/\/i0.wp.com\/kohenavocats.com\/wp-content\/uploads\/2024\/08\/julio-wolf-OG1cF0cWPfo-unsplash.webp?resize=350%2C200&ssl=1","width":350,"height":200,"srcset":"https:\/\/i0.wp.com\/kohenavocats.com\/wp-content\/uploads\/2024\/08\/julio-wolf-OG1cF0cWPfo-unsplash.webp?resize=350%2C200&ssl=1 1x, https:\/\/i0.wp.com\/kohenavocats.com\/wp-content\/uploads\/2024\/08\/julio-wolf-OG1cF0cWPfo-unsplash.webp?resize=525%2C300&ssl=1 1.5x, https:\/\/i0.wp.com\/kohenavocats.com\/wp-content\/uploads\/2024\/08\/julio-wolf-OG1cF0cWPfo-unsplash.webp?resize=700%2C400&ssl=1 2x, https:\/\/i0.wp.com\/kohenavocats.com\/wp-content\/uploads\/2024\/08\/julio-wolf-OG1cF0cWPfo-unsplash.webp?resize=1050%2C600&ssl=1 3x, https:\/\/i0.wp.com\/kohenavocats.com\/wp-content\/uploads\/2024\/08\/julio-wolf-OG1cF0cWPfo-unsplash.webp?resize=1400%2C800&ssl=1 4x"},"classes":[]}],"jetpack_sharing_enabled":true,"_links":{"self":[{"href":"https:\/\/kohenavocats.com\/tr\/wp-json\/wp\/v2\/posts\/665691","targetHints":{"allow":["GET"]}}],"collection":[{"href":"https:\/\/kohenavocats.com\/tr\/wp-json\/wp\/v2\/posts"}],"about":[{"href":"https:\/\/kohenavocats.com\/tr\/wp-json\/wp\/v2\/types\/post"}],"author":[{"embeddable":true,"href":"https:\/\/kohenavocats.com\/tr\/wp-json\/wp\/v2\/users\/232070755"}],"replies":[{"embeddable":true,"href":"https:\/\/kohenavocats.com\/tr\/wp-json\/wp\/v2\/comments?post=665691"}],"version-history":[{"count":1,"href":"https:\/\/kohenavocats.com\/tr\/wp-json\/wp\/v2\/posts\/665691\/revisions"}],"predecessor-version":[{"id":697150,"href":"https:\/\/kohenavocats.com\/tr\/wp-json\/wp\/v2\/posts\/665691\/revisions\/697150"}],"wp:featuredmedia":[{"embeddable":true,"href":"https:\/\/kohenavocats.com\/tr\/wp-json\/wp\/v2\/media\/9720"}],"wp:attachment":[{"href":"https:\/\/kohenavocats.com\/tr\/wp-json\/wp\/v2\/media?parent=665691"}],"wp:term":[{"taxonomy":"category","embeddable":true,"href":"https:\/\/kohenavocats.com\/tr\/wp-json\/wp\/v2\/categories?post=665691"},{"taxonomy":"post_tag","embeddable":true,"href":"https:\/\/kohenavocats.com\/tr\/wp-json\/wp\/v2\/tags?post=665691"}],"curies":[{"name":"wp","href":"https:\/\/api.w.org\/{rel}","templated":true}]}}