{"id":665693,"date":"2026-04-24T00:17:13","date_gmt":"2026-04-23T22:17:13","guid":{"rendered":"https:\/\/kohenavocats.com\/cour-dappel-de-toulouse-le-24-septembre-2025-n25-02379\/"},"modified":"2026-04-26T20:23:54","modified_gmt":"2026-04-26T18:23:54","slug":"cour-dappel-de-toulouse-le-24-septembre-2025-n25-02379","status":"publish","type":"post","link":"https:\/\/kohenavocats.com\/tr\/cour-dappel-de-toulouse-le-24-septembre-2025-n25-02379\/","title":{"rendered":"Cour d&#8217;appel de Toulouse, le 24 septembre 2025, n\u00b025\/02379"},"content":{"rendered":"<div class=\"article-content\">\n<p>La cour d&#8217;appel de Toulouse, statuant en formation de <a href=\"https:\/\/kohenavocats.com\/avocats-en-droit-penal-a-paris-conseil-et-defense-strategique\/avocats-detention-provisoire-paris\/\" target=\"_blank\" title=\"juge des libert\u00e9s et de la d\u00e9tention\">juge des libert\u00e9s et de la d\u00e9tention<\/a>, le 24 septembre 2025, rejette une demande de troisi\u00e8me prolongation de r\u00e9tention administrative. L&#8217;autorit\u00e9 administrative invoquait un d\u00e9faut de d\u00e9livrance de documents de voyage par un consulat. Le juge estime que les conditions l\u00e9gales ne sont pas r\u00e9unies et ordonne la remise en libert\u00e9 de l&#8217;int\u00e9ress\u00e9.<\/p>\n<p>Le contr\u00f4le strict des conditions de prolongation exceptionnelle<\/p>\n<p>Le juge op\u00e8re une v\u00e9rification exigeante des circonstances l\u00e9galement pr\u00e9vues. L&#8217;article L.742-5 du CESEDA encadre strictement les hypoth\u00e8ses de prolongation au-del\u00e0 de la dur\u00e9e maximale. Le texte exige notamment, en cas de d\u00e9faut de d\u00e9livrance de documents de voyage, que l&#8217;administration d\u00e9montre une d\u00e9livrance \u00e0 bref d\u00e9lai. En l&#8217;esp\u00e8ce, le juge constate que cette condition n&#8217;est pas remplie. &#8220;L&#8217;administration ne d\u00e9montre ni une d\u00e9livrance \u00e0 bref d\u00e9lai du LPC, ni une menace actuelle et r\u00e9elle \u00e0 l&#8217;ordre public.&#8221; (Motifs) Cette analyse restrictive prot\u00e8ge la libert\u00e9 individuelle contre des prolongations automatiques. Elle rappelle que l&#8217;administration supporte la charge de la preuve pour justifier une privation de libert\u00e9.<\/p>\n<p>La port\u00e9e de cette exigence est renforc\u00e9e par une jurisprudence constante. Une cour d&#8217;appel a d\u00e9j\u00e0 jug\u00e9 qu&#8217;une requ\u00eate pr\u00e9fectorale doit r\u00e9pondre aux conditions l\u00e9gales. &#8220;Il convient d&#8217;infirmer l&#8217;ordonnance critiqu\u00e9e et de rejeter la requ\u00eate du pr\u00e9fet qui ne r\u00e9pond pas aux conditions l\u00e9gales&#8221; (Cour d&#8217;appel de Paris, le 6 d\u00e9cembre 2023, n\u00b023\/05107) Le contr\u00f4le judiciaire s&#8217;exerce ainsi sur le fondement juridique invoqu\u00e9. La d\u00e9cision toulousaine s&#8217;inscrit dans cette ligne en exigeant des \u00e9l\u00e9ments concrets et probants. Elle refuse de valider une prolongation fond\u00e9e sur une simple assertion administrative.<\/p>\n<p>Le rejet des motifs alternatifs et les suites de la d\u00e9cision<\/p>\n<p>Le juge \u00e9carte \u00e9galement l&#8217;argument tir\u00e9 d&#8217;une menace pour l&#8217;ordre public. Le texte pr\u00e9voit que le juge peut \u00eatre saisi en cas d&#8217;urgence absolue ou de menace pour l&#8217;ordre public. La d\u00e9cision exige que cette menace soit caract\u00e9ris\u00e9e de mani\u00e8re actuelle et r\u00e9elle. Le rejet de ce motif compl\u00e8te le raisonnement en ne laissant aucun fondement alternatif \u00e0 la prolongation. Cette approche globale garantit un examen exhaustif des moyens de l&#8217;administration. Elle pr\u00e9vient toute tentative de contourner les conditions strictes des alin\u00e9as pr\u00e9c\u00e9dents.<\/p>\n<p>La cons\u00e9quence imm\u00e9diate est la fin de la mesure de privation de libert\u00e9. L&#8217;ordonnance pr\u00e9voit la remise en libert\u00e9 dans un d\u00e9lai de six heures. Elle rappelle parall\u00e8lement l&#8217;obligation de quitter le territoire fran\u00e7ais. Cette dissociation est essentielle car la fin de la r\u00e9tention n&#8217;efface pas l&#8217;obligation d&#8217;\u00e9loignement. Le juge garantit ainsi les droits fondamentaux sans s&#8217;immiscer dans la comp\u00e9tence administrative. La d\u00e9cision illustre l&#8217;\u00e9quilibre entre le respect des libert\u00e9s et l&#8217;ex\u00e9cution du droit des \u00e9trangers. Elle affirme le r\u00f4le du juge judiciaire comme gardien de la libert\u00e9 individuelle.<\/p>\n<\/div>\n","protected":false},"excerpt":{"rendered":"<p>La cour d&#8217;appel de Toulouse, statuant en formation de juge des libert\u00e9s et de la d\u00e9tention, le 24 septembre 2025, rejette une demande de troisi\u00e8me prolongati&#8230;<\/p>\n","protected":false},"author":232070755,"featured_media":9510,"comment_status":"open","ping_status":"open","sticky":false,"template":"","format":"standard","meta":{"_crdt_document":"","_jetpack_newsletter_access":"","_jetpack_dont_email_post_to_subs":false,"_jetpack_newsletter_tier_id":0,"_jetpack_memberships_contains_paywalled_content":false,"_kj_source_type":"judilibre","_kj_official_id":"68d5b5ce876d446c8f4b4714","_kj_official_url":"https:\/\/www.courdecassation.fr\/decision\/68d5b5ce876d446c8f4b4714","_kj_judilibre_id":"68d5b5ce876d446c8f4b4714","_kj_jur":"Tribunal judiciaire","_kj_lieu":"Tribunal judiciaire de Toulouse","_kj_chambre":"J.L.D.","_kj_rg":"25\/02379","_kj_date":"2025-09-24","_jetpack_memberships_contains_paid_content":false,"footnotes":"","jetpack_post_was_ever_published":false},"categories":[7597],"tags":[],"class_list":["post-665693","post","type-post","status-publish","format-standard","has-post-thumbnail","hentry","category-jurisprudence"],"yoast_head":"<!-- This site is optimized with the Yoast SEO Premium plugin v27.5 (Yoast SEO v27.5) - https:\/\/yoast.com\/product\/yoast-seo-premium-wordpress\/ -->\n<title>Cour d&#039;appel de Toulouse, le 24 septembre 2025, n\u00b025\/02379 - Ma\u00eetre Hassan Kohen, avocat en droit p\u00e9nal \u00e0 Paris<\/title>\n<meta name=\"description\" content=\"La cour d&#039;appel de Toulouse, statuant en formation de juge des libert\u00e9s et de la d\u00e9tention, le 24 septembre 2025, rejette une demande de troisi\u00e8me prolongati...\" \/>\n<meta name=\"robots\" content=\"index, follow, max-snippet:-1, max-image-preview:large, max-video-preview:-1\" \/>\n<link rel=\"canonical\" href=\"https:\/\/kohenavocats.com\/tr\/cour-dappel-de-toulouse-le-24-septembre-2025-n25-02379\/\" \/>\n<meta property=\"og:locale\" content=\"tr_TR\" \/>\n<meta property=\"og:type\" content=\"article\" \/>\n<meta property=\"og:title\" content=\"Cour d&#039;appel de Toulouse, le 24 septembre 2025, n\u00b025\/02379\" \/>\n<meta property=\"og:description\" content=\"La cour d&#039;appel de Toulouse, statuant en formation de juge des libert\u00e9s et de la d\u00e9tention, le 24 septembre 2025, rejette une demande de troisi\u00e8me prolongati...\" \/>\n<meta property=\"og:url\" content=\"https:\/\/kohenavocats.com\/tr\/cour-dappel-de-toulouse-le-24-septembre-2025-n25-02379\/\" \/>\n<meta property=\"og:site_name\" content=\"Ma\u00eetre Hassan Kohen, avocat en droit p\u00e9nal \u00e0 Paris\" \/>\n<meta property=\"article:published_time\" content=\"2026-04-23T22:17:13+00:00\" \/>\n<meta property=\"article:modified_time\" content=\"2026-04-26T18:23:54+00:00\" \/>\n<meta property=\"og:image\" content=\"https:\/\/kohenavocats.com\/wp-content\/uploads\/2024\/11\/martin-martz-vy6eb3gscTk-unsplash.webp\" \/>\n\t<meta property=\"og:image:width\" content=\"6000\" \/>\n\t<meta property=\"og:image:height\" content=\"4000\" \/>\n\t<meta property=\"og:image:type\" content=\"image\/webp\" \/>\n<meta name=\"author\" content=\"Kohen\" \/>\n<meta name=\"twitter:card\" content=\"summary_large_image\" \/>\n<meta name=\"twitter:label1\" content=\"Yazan:\" \/>\n\t<meta name=\"twitter:data1\" content=\"Kohen\" \/>\n\t<meta name=\"twitter:label2\" content=\"Tahmini okuma s\u00fcresi\" \/>\n\t<meta name=\"twitter:data2\" content=\"3 dakika\" \/>\n<script type=\"application\/ld+json\" class=\"yoast-schema-graph\">{\"@context\":\"https:\\\/\\\/schema.org\",\"@graph\":[{\"@type\":\"Article\",\"@id\":\"https:\\\/\\\/kohenavocats.com\\\/tr\\\/cour-dappel-de-toulouse-le-24-septembre-2025-n25-02379\\\/#article\",\"isPartOf\":{\"@id\":\"https:\\\/\\\/kohenavocats.com\\\/tr\\\/cour-dappel-de-toulouse-le-24-septembre-2025-n25-02379\\\/\"},\"author\":{\"name\":\"Kohen\",\"@id\":\"https:\\\/\\\/kohenavocats.com\\\/tr\\\/#\\\/schema\\\/person\\\/761c9ba54fa1ca84d405cef0831ff751\"},\"headline\":\"Cour d&#8217;appel de Toulouse, le 24 septembre 2025, n\u00b025\\\/02379\",\"datePublished\":\"2026-04-23T22:17:13+00:00\",\"dateModified\":\"2026-04-26T18:23:54+00:00\",\"mainEntityOfPage\":{\"@id\":\"https:\\\/\\\/kohenavocats.com\\\/tr\\\/cour-dappel-de-toulouse-le-24-septembre-2025-n25-02379\\\/\"},\"wordCount\":548,\"commentCount\":0,\"publisher\":{\"@id\":\"https:\\\/\\\/kohenavocats.com\\\/tr\\\/#organization\"},\"image\":{\"@id\":\"https:\\\/\\\/kohenavocats.com\\\/tr\\\/cour-dappel-de-toulouse-le-24-septembre-2025-n25-02379\\\/#primaryimage\"},\"thumbnailUrl\":\"https:\\\/\\\/kohenavocats.com\\\/wp-content\\\/uploads\\\/2024\\\/11\\\/martin-martz-vy6eb3gscTk-unsplash.webp\",\"articleSection\":[\"Jurisprudence\"],\"inLanguage\":\"tr\",\"potentialAction\":[{\"@type\":\"CommentAction\",\"name\":\"Comment\",\"target\":[\"https:\\\/\\\/kohenavocats.com\\\/tr\\\/cour-dappel-de-toulouse-le-24-septembre-2025-n25-02379\\\/#respond\"]}],\"citation\":\"Cour d&#8217;appel de Toulouse, le 24 septembre 2025, n\u00b025\\\/02379\",\"about\":[{\"@type\":\"Thing\",\"name\":\"Jurisprudence\"}],\"speakable\":{\"@type\":\"SpeakableSpecification\",\"cssSelector\":[\".article-content > p:first-of-type\"]}},{\"@type\":\"WebPage\",\"@id\":\"https:\\\/\\\/kohenavocats.com\\\/tr\\\/cour-dappel-de-toulouse-le-24-septembre-2025-n25-02379\\\/\",\"url\":\"https:\\\/\\\/kohenavocats.com\\\/tr\\\/cour-dappel-de-toulouse-le-24-septembre-2025-n25-02379\\\/\",\"name\":\"Cour d'appel de Toulouse, le 24 septembre 2025, n\u00b025\\\/02379 - Ma\u00eetre Hassan Kohen, avocat en droit p\u00e9nal \u00e0 Paris\",\"isPartOf\":{\"@id\":\"https:\\\/\\\/kohenavocats.com\\\/tr\\\/#website\"},\"primaryImageOfPage\":{\"@id\":\"https:\\\/\\\/kohenavocats.com\\\/tr\\\/cour-dappel-de-toulouse-le-24-septembre-2025-n25-02379\\\/#primaryimage\"},\"image\":{\"@id\":\"https:\\\/\\\/kohenavocats.com\\\/tr\\\/cour-dappel-de-toulouse-le-24-septembre-2025-n25-02379\\\/#primaryimage\"},\"thumbnailUrl\":\"https:\\\/\\\/kohenavocats.com\\\/wp-content\\\/uploads\\\/2024\\\/11\\\/martin-martz-vy6eb3gscTk-unsplash.webp\",\"datePublished\":\"2026-04-23T22:17:13+00:00\",\"dateModified\":\"2026-04-26T18:23:54+00:00\",\"description\":\"La cour d'appel de Toulouse, statuant en formation de juge des libert\u00e9s et de la d\u00e9tention, le 24 septembre 2025, rejette une demande de troisi\u00e8me prolongati...\",\"breadcrumb\":{\"@id\":\"https:\\\/\\\/kohenavocats.com\\\/tr\\\/cour-dappel-de-toulouse-le-24-septembre-2025-n25-02379\\\/#breadcrumb\"},\"inLanguage\":\"tr\",\"potentialAction\":[{\"@type\":\"ReadAction\",\"target\":[\"https:\\\/\\\/kohenavocats.com\\\/tr\\\/cour-dappel-de-toulouse-le-24-septembre-2025-n25-02379\\\/\"]}]},{\"@type\":\"ImageObject\",\"inLanguage\":\"tr\",\"@id\":\"https:\\\/\\\/kohenavocats.com\\\/tr\\\/cour-dappel-de-toulouse-le-24-septembre-2025-n25-02379\\\/#primaryimage\",\"url\":\"https:\\\/\\\/kohenavocats.com\\\/wp-content\\\/uploads\\\/2024\\\/11\\\/martin-martz-vy6eb3gscTk-unsplash.webp\",\"contentUrl\":\"https:\\\/\\\/kohenavocats.com\\\/wp-content\\\/uploads\\\/2024\\\/11\\\/martin-martz-vy6eb3gscTk-unsplash.webp\",\"width\":6000,\"height\":4000},{\"@type\":\"BreadcrumbList\",\"@id\":\"https:\\\/\\\/kohenavocats.com\\\/tr\\\/cour-dappel-de-toulouse-le-24-septembre-2025-n25-02379\\\/#breadcrumb\",\"itemListElement\":[{\"@type\":\"ListItem\",\"position\":1,\"name\":\"Home\",\"item\":\"https:\\\/\\\/kohenavocats.com\\\/tr\\\/avocats-en-droit-penal-a-paris-conseil-et-defense-strategique\\\/\"},{\"@type\":\"ListItem\",\"position\":2,\"name\":\"Cour d&rsquo;appel de Toulouse, le 24 septembre 2025, n\u00b025\\\/02379\"}]},{\"@type\":\"WebSite\",\"@id\":\"https:\\\/\\\/kohenavocats.com\\\/tr\\\/#website\",\"url\":\"https:\\\/\\\/kohenavocats.com\\\/tr\\\/\",\"name\":\"Kohen Avocats\",\"description\":\"Ma\u00eetre Hassan Kohen, avocat p\u00e9naliste \u00e0 Paris, intervient exclusivement en droit p\u00e9nal pour la d\u00e9fense des particuliers, notamment en mati\u00e8re d\u2019accusations de viol. Il assure un accompagnement rigoureux d\u00e8s la garde \u00e0 vue jusqu\u2019\u00e0 la Cour d\u2019assises, veillant au strict respect des garanties proc\u00e9durales.\",\"publisher\":{\"@id\":\"https:\\\/\\\/kohenavocats.com\\\/tr\\\/#organization\"},\"potentialAction\":[{\"@type\":\"SearchAction\",\"target\":{\"@type\":\"EntryPoint\",\"urlTemplate\":\"https:\\\/\\\/kohenavocats.com\\\/tr\\\/?s={search_term_string}\"},\"query-input\":{\"@type\":\"PropertyValueSpecification\",\"valueRequired\":true,\"valueName\":\"search_term_string\"}}],\"inLanguage\":\"tr\"},{\"@type\":\"Organization\",\"@id\":\"https:\\\/\\\/kohenavocats.com\\\/tr\\\/#organization\",\"name\":\"Kohen Avocats\",\"url\":\"https:\\\/\\\/kohenavocats.com\\\/tr\\\/\",\"logo\":{\"@type\":\"ImageObject\",\"inLanguage\":\"tr\",\"@id\":\"https:\\\/\\\/kohenavocats.com\\\/tr\\\/#\\\/schema\\\/logo\\\/image\\\/\",\"url\":\"https:\\\/\\\/kohenavocats.com\\\/wp-content\\\/uploads\\\/2026\\\/01\\\/Logo-2-1.webp\",\"contentUrl\":\"https:\\\/\\\/kohenavocats.com\\\/wp-content\\\/uploads\\\/2026\\\/01\\\/Logo-2-1.webp\",\"width\":2114,\"height\":1253,\"caption\":\"Kohen Avocats\"},\"image\":{\"@id\":\"https:\\\/\\\/kohenavocats.com\\\/tr\\\/#\\\/schema\\\/logo\\\/image\\\/\"}},{\"@type\":\"Person\",\"@id\":\"https:\\\/\\\/kohenavocats.com\\\/tr\\\/#\\\/schema\\\/person\\\/761c9ba54fa1ca84d405cef0831ff751\",\"name\":\"Kohen\",\"image\":{\"@type\":\"ImageObject\",\"inLanguage\":\"tr\",\"@id\":\"https:\\\/\\\/secure.gravatar.com\\\/avatar\\\/1c5e76ef76bbbfdd2b4da984e2bf2fa4056fd51a27d25ce2c332047f1dfd6e00?s=96&d=identicon&r=g\",\"url\":\"https:\\\/\\\/secure.gravatar.com\\\/avatar\\\/1c5e76ef76bbbfdd2b4da984e2bf2fa4056fd51a27d25ce2c332047f1dfd6e00?s=96&d=identicon&r=g\",\"contentUrl\":\"https:\\\/\\\/secure.gravatar.com\\\/avatar\\\/1c5e76ef76bbbfdd2b4da984e2bf2fa4056fd51a27d25ce2c332047f1dfd6e00?s=96&d=identicon&r=g\",\"caption\":\"Kohen\"},\"sameAs\":[\"https:\\\/\\\/www.linkedin.com\\\/in\\\/hassan-kohen-448548192\\\/\",\"https:\\\/\\\/www.youtube.com\\\/@Kohen-Avocats\"],\"url\":\"https:\\\/\\\/kohenavocats.com\\\/tr\\\/author\\\/kohenmlk\\\/\"}]}<\/script>\n<!-- \/ Yoast SEO Premium plugin. -->","yoast_head_json":{"title":"Cour d'appel de Toulouse, le 24 septembre 2025, n\u00b025\/02379 - Ma\u00eetre Hassan Kohen, avocat en droit p\u00e9nal \u00e0 Paris","description":"La cour d'appel de Toulouse, statuant en formation de juge des libert\u00e9s et de la d\u00e9tention, le 24 septembre 2025, rejette une demande de troisi\u00e8me prolongati...","robots":{"index":"index","follow":"follow","max-snippet":"max-snippet:-1","max-image-preview":"max-image-preview:large","max-video-preview":"max-video-preview:-1"},"canonical":"https:\/\/kohenavocats.com\/tr\/cour-dappel-de-toulouse-le-24-septembre-2025-n25-02379\/","og_locale":"tr_TR","og_type":"article","og_title":"Cour d'appel de Toulouse, le 24 septembre 2025, n\u00b025\/02379","og_description":"La cour d'appel de Toulouse, statuant en formation de juge des libert\u00e9s et de la d\u00e9tention, le 24 septembre 2025, rejette une demande de troisi\u00e8me prolongati...","og_url":"https:\/\/kohenavocats.com\/tr\/cour-dappel-de-toulouse-le-24-septembre-2025-n25-02379\/","og_site_name":"Ma\u00eetre Hassan Kohen, avocat en droit p\u00e9nal \u00e0 Paris","article_published_time":"2026-04-23T22:17:13+00:00","article_modified_time":"2026-04-26T18:23:54+00:00","og_image":[{"width":6000,"height":4000,"url":"https:\/\/kohenavocats.com\/wp-content\/uploads\/2024\/11\/martin-martz-vy6eb3gscTk-unsplash.webp","type":"image\/webp"}],"author":"Kohen","twitter_card":"summary_large_image","twitter_misc":{"Yazan:":"Kohen","Tahmini okuma s\u00fcresi":"3 dakika"},"schema":{"@context":"https:\/\/schema.org","@graph":[{"@type":"Article","@id":"https:\/\/kohenavocats.com\/tr\/cour-dappel-de-toulouse-le-24-septembre-2025-n25-02379\/#article","isPartOf":{"@id":"https:\/\/kohenavocats.com\/tr\/cour-dappel-de-toulouse-le-24-septembre-2025-n25-02379\/"},"author":{"name":"Kohen","@id":"https:\/\/kohenavocats.com\/tr\/#\/schema\/person\/761c9ba54fa1ca84d405cef0831ff751"},"headline":"Cour d&#8217;appel de Toulouse, le 24 septembre 2025, n\u00b025\/02379","datePublished":"2026-04-23T22:17:13+00:00","dateModified":"2026-04-26T18:23:54+00:00","mainEntityOfPage":{"@id":"https:\/\/kohenavocats.com\/tr\/cour-dappel-de-toulouse-le-24-septembre-2025-n25-02379\/"},"wordCount":548,"commentCount":0,"publisher":{"@id":"https:\/\/kohenavocats.com\/tr\/#organization"},"image":{"@id":"https:\/\/kohenavocats.com\/tr\/cour-dappel-de-toulouse-le-24-septembre-2025-n25-02379\/#primaryimage"},"thumbnailUrl":"https:\/\/kohenavocats.com\/wp-content\/uploads\/2024\/11\/martin-martz-vy6eb3gscTk-unsplash.webp","articleSection":["Jurisprudence"],"inLanguage":"tr","potentialAction":[{"@type":"CommentAction","name":"Comment","target":["https:\/\/kohenavocats.com\/tr\/cour-dappel-de-toulouse-le-24-septembre-2025-n25-02379\/#respond"]}],"citation":"Cour d&#8217;appel de Toulouse, le 24 septembre 2025, n\u00b025\/02379","about":[{"@type":"Thing","name":"Jurisprudence"}],"speakable":{"@type":"SpeakableSpecification","cssSelector":[".article-content > p:first-of-type"]}},{"@type":"WebPage","@id":"https:\/\/kohenavocats.com\/tr\/cour-dappel-de-toulouse-le-24-septembre-2025-n25-02379\/","url":"https:\/\/kohenavocats.com\/tr\/cour-dappel-de-toulouse-le-24-septembre-2025-n25-02379\/","name":"Cour d'appel de Toulouse, le 24 septembre 2025, n\u00b025\/02379 - Ma\u00eetre Hassan Kohen, avocat en droit p\u00e9nal \u00e0 Paris","isPartOf":{"@id":"https:\/\/kohenavocats.com\/tr\/#website"},"primaryImageOfPage":{"@id":"https:\/\/kohenavocats.com\/tr\/cour-dappel-de-toulouse-le-24-septembre-2025-n25-02379\/#primaryimage"},"image":{"@id":"https:\/\/kohenavocats.com\/tr\/cour-dappel-de-toulouse-le-24-septembre-2025-n25-02379\/#primaryimage"},"thumbnailUrl":"https:\/\/kohenavocats.com\/wp-content\/uploads\/2024\/11\/martin-martz-vy6eb3gscTk-unsplash.webp","datePublished":"2026-04-23T22:17:13+00:00","dateModified":"2026-04-26T18:23:54+00:00","description":"La cour d'appel de Toulouse, statuant en formation de juge des libert\u00e9s et de la d\u00e9tention, le 24 septembre 2025, rejette une demande de troisi\u00e8me prolongati...","breadcrumb":{"@id":"https:\/\/kohenavocats.com\/tr\/cour-dappel-de-toulouse-le-24-septembre-2025-n25-02379\/#breadcrumb"},"inLanguage":"tr","potentialAction":[{"@type":"ReadAction","target":["https:\/\/kohenavocats.com\/tr\/cour-dappel-de-toulouse-le-24-septembre-2025-n25-02379\/"]}]},{"@type":"ImageObject","inLanguage":"tr","@id":"https:\/\/kohenavocats.com\/tr\/cour-dappel-de-toulouse-le-24-septembre-2025-n25-02379\/#primaryimage","url":"https:\/\/kohenavocats.com\/wp-content\/uploads\/2024\/11\/martin-martz-vy6eb3gscTk-unsplash.webp","contentUrl":"https:\/\/kohenavocats.com\/wp-content\/uploads\/2024\/11\/martin-martz-vy6eb3gscTk-unsplash.webp","width":6000,"height":4000},{"@type":"BreadcrumbList","@id":"https:\/\/kohenavocats.com\/tr\/cour-dappel-de-toulouse-le-24-septembre-2025-n25-02379\/#breadcrumb","itemListElement":[{"@type":"ListItem","position":1,"name":"Home","item":"https:\/\/kohenavocats.com\/tr\/avocats-en-droit-penal-a-paris-conseil-et-defense-strategique\/"},{"@type":"ListItem","position":2,"name":"Cour d&rsquo;appel de Toulouse, le 24 septembre 2025, n\u00b025\/02379"}]},{"@type":"WebSite","@id":"https:\/\/kohenavocats.com\/tr\/#website","url":"https:\/\/kohenavocats.com\/tr\/","name":"Kohen Avocats","description":"Ma\u00eetre Hassan Kohen, avocat p\u00e9naliste \u00e0 Paris, intervient exclusivement en droit p\u00e9nal pour la d\u00e9fense des particuliers, notamment en mati\u00e8re d\u2019accusations de viol. Il assure un accompagnement rigoureux d\u00e8s la garde \u00e0 vue jusqu\u2019\u00e0 la Cour d\u2019assises, veillant au strict respect des garanties proc\u00e9durales.","publisher":{"@id":"https:\/\/kohenavocats.com\/tr\/#organization"},"potentialAction":[{"@type":"SearchAction","target":{"@type":"EntryPoint","urlTemplate":"https:\/\/kohenavocats.com\/tr\/?s={search_term_string}"},"query-input":{"@type":"PropertyValueSpecification","valueRequired":true,"valueName":"search_term_string"}}],"inLanguage":"tr"},{"@type":"Organization","@id":"https:\/\/kohenavocats.com\/tr\/#organization","name":"Kohen Avocats","url":"https:\/\/kohenavocats.com\/tr\/","logo":{"@type":"ImageObject","inLanguage":"tr","@id":"https:\/\/kohenavocats.com\/tr\/#\/schema\/logo\/image\/","url":"https:\/\/kohenavocats.com\/wp-content\/uploads\/2026\/01\/Logo-2-1.webp","contentUrl":"https:\/\/kohenavocats.com\/wp-content\/uploads\/2026\/01\/Logo-2-1.webp","width":2114,"height":1253,"caption":"Kohen Avocats"},"image":{"@id":"https:\/\/kohenavocats.com\/tr\/#\/schema\/logo\/image\/"}},{"@type":"Person","@id":"https:\/\/kohenavocats.com\/tr\/#\/schema\/person\/761c9ba54fa1ca84d405cef0831ff751","name":"Kohen","image":{"@type":"ImageObject","inLanguage":"tr","@id":"https:\/\/secure.gravatar.com\/avatar\/1c5e76ef76bbbfdd2b4da984e2bf2fa4056fd51a27d25ce2c332047f1dfd6e00?s=96&d=identicon&r=g","url":"https:\/\/secure.gravatar.com\/avatar\/1c5e76ef76bbbfdd2b4da984e2bf2fa4056fd51a27d25ce2c332047f1dfd6e00?s=96&d=identicon&r=g","contentUrl":"https:\/\/secure.gravatar.com\/avatar\/1c5e76ef76bbbfdd2b4da984e2bf2fa4056fd51a27d25ce2c332047f1dfd6e00?s=96&d=identicon&r=g","caption":"Kohen"},"sameAs":["https:\/\/www.linkedin.com\/in\/hassan-kohen-448548192\/","https:\/\/www.youtube.com\/@Kohen-Avocats"],"url":"https:\/\/kohenavocats.com\/tr\/author\/kohenmlk\/"}]}},"jetpack_featured_media_url":"https:\/\/kohenavocats.com\/wp-content\/uploads\/2024\/11\/martin-martz-vy6eb3gscTk-unsplash.webp","jetpack_likes_enabled":false,"jetpack_shortlink":"https:\/\/wp.me\/peCrII-2NaZ","jetpack-related-posts":[{"id":228828,"url":"https:\/\/kohenavocats.com\/tr\/tribunal-judiciaire-de-lyon-le-14-juin-2025-n25-02243\/","url_meta":{"origin":665693,"position":0},"title":"Tribunal judiciaire de Lyon, le 14 juin 2025, n\u00b025\/02243","author":"Kohen","date":"27 Aral\u0131k 2025","format":false,"excerpt":"Rendue le 14 juin 2025, la d\u00e9cision, prise sous l\u2019intitul\u00e9 de la Cour d\u2019appel de [Localit\u00e9 2], statue sur une seconde demande de prolongation d\u2019une r\u00e9tention administrative. Un int\u00e9ress\u00e9, frapp\u00e9 d\u2019une interdiction d\u00e9finitive du territoire depuis 2017, a \u00e9t\u00e9 plac\u00e9 en r\u00e9tention le 16 mai 2025, puis maintenu une premi\u00e8re\u2026","rel":"","context":"&quot;D\u00e9cisions juridiques&quot; i\u00e7inde","block_context":{"text":"D\u00e9cisions juridiques","link":"https:\/\/kohenavocats.com\/category\/decisions-juridiques\/"},"img":{"alt_text":"","src":"https:\/\/i0.wp.com\/kohenavocats.com\/wp-content\/uploads\/2024\/11\/kateryna-hliznitsova-mbsL-olOezY-unsplash.webp?resize=350%2C200&ssl=1","width":350,"height":200,"srcset":"https:\/\/i0.wp.com\/kohenavocats.com\/wp-content\/uploads\/2024\/11\/kateryna-hliznitsova-mbsL-olOezY-unsplash.webp?resize=350%2C200&ssl=1 1x, https:\/\/i0.wp.com\/kohenavocats.com\/wp-content\/uploads\/2024\/11\/kateryna-hliznitsova-mbsL-olOezY-unsplash.webp?resize=525%2C300&ssl=1 1.5x, https:\/\/i0.wp.com\/kohenavocats.com\/wp-content\/uploads\/2024\/11\/kateryna-hliznitsova-mbsL-olOezY-unsplash.webp?resize=700%2C400&ssl=1 2x, https:\/\/i0.wp.com\/kohenavocats.com\/wp-content\/uploads\/2024\/11\/kateryna-hliznitsova-mbsL-olOezY-unsplash.webp?resize=1050%2C600&ssl=1 3x, https:\/\/i0.wp.com\/kohenavocats.com\/wp-content\/uploads\/2024\/11\/kateryna-hliznitsova-mbsL-olOezY-unsplash.webp?resize=1400%2C800&ssl=1 4x"},"classes":[]},{"id":305671,"url":"https:\/\/kohenavocats.com\/tr\/tribunal-judiciaire-de-toulouse-le-13-juillet-2025-n25-01713\/","url_meta":{"origin":665693,"position":1},"title":"Tribunal judiciaire de Toulouse, le 13 juillet 2025, n\u00b025\/01713","author":"Kohen","date":"5 \u015eubat 2026","format":false,"excerpt":"La pr\u00e9sente ordonnance statue sur une quatri\u00e8me demande de prolongation de r\u00e9tention administrative. Le juge rejette le premier fondement tir\u00e9 du d\u00e9faut de d\u00e9livrance de documents de voyage. Il retient en revanche le second fondement fond\u00e9 sur une menace pour l\u2019ordre public. La prolongation est ainsi ordonn\u00e9e pour une dur\u00e9e\u2026","rel":"","context":"&quot;D\u00e9cisions juridiques&quot; i\u00e7inde","block_context":{"text":"D\u00e9cisions juridiques","link":"https:\/\/kohenavocats.com\/category\/decisions-juridiques\/"},"img":{"alt_text":"","src":"https:\/\/i0.wp.com\/kohenavocats.com\/wp-content\/uploads\/2024\/11\/getty-images-XLYXqcKQm48-unsplash.webp?resize=350%2C200&ssl=1","width":350,"height":200,"srcset":"https:\/\/i0.wp.com\/kohenavocats.com\/wp-content\/uploads\/2024\/11\/getty-images-XLYXqcKQm48-unsplash.webp?resize=350%2C200&ssl=1 1x, https:\/\/i0.wp.com\/kohenavocats.com\/wp-content\/uploads\/2024\/11\/getty-images-XLYXqcKQm48-unsplash.webp?resize=525%2C300&ssl=1 1.5x, https:\/\/i0.wp.com\/kohenavocats.com\/wp-content\/uploads\/2024\/11\/getty-images-XLYXqcKQm48-unsplash.webp?resize=700%2C400&ssl=1 2x, https:\/\/i0.wp.com\/kohenavocats.com\/wp-content\/uploads\/2024\/11\/getty-images-XLYXqcKQm48-unsplash.webp?resize=1050%2C600&ssl=1 3x, https:\/\/i0.wp.com\/kohenavocats.com\/wp-content\/uploads\/2024\/11\/getty-images-XLYXqcKQm48-unsplash.webp?resize=1400%2C800&ssl=1 4x"},"classes":[]},{"id":303327,"url":"https:\/\/kohenavocats.com\/tr\/tribunal-judiciaire-de-toulouse-le-18-juillet-2025-n25-01763\/","url_meta":{"origin":665693,"position":2},"title":"Tribunal judiciaire de Toulouse, le 18 juillet 2025, n\u00b025\/01763","author":"Kohen","date":"5 \u015eubat 2026","format":false,"excerpt":"La pr\u00e9sente ordonnance rejette une demande de troisi\u00e8me prolongation de r\u00e9tention administrative. Le juge statue sur le fondement de l\u2019article L. 742-5 du code de l\u2019entr\u00e9e et du s\u00e9jour des \u00e9trangers et du droit d\u2019asile. Il examine successivement les deux chefs l\u00e9gaux invoqu\u00e9s par l\u2019autorit\u00e9 administrative. Aucun ne permet d\u2019autoriser\u2026","rel":"","context":"&quot;D\u00e9cisions juridiques&quot; i\u00e7inde","block_context":{"text":"D\u00e9cisions juridiques","link":"https:\/\/kohenavocats.com\/category\/decisions-juridiques\/"},"img":{"alt_text":"","src":"https:\/\/i0.wp.com\/kohenavocats.com\/wp-content\/uploads\/2024\/08\/clement-dellandrea-2racULxVpbw-unsplash.webp?resize=350%2C200&ssl=1","width":350,"height":200,"srcset":"https:\/\/i0.wp.com\/kohenavocats.com\/wp-content\/uploads\/2024\/08\/clement-dellandrea-2racULxVpbw-unsplash.webp?resize=350%2C200&ssl=1 1x, https:\/\/i0.wp.com\/kohenavocats.com\/wp-content\/uploads\/2024\/08\/clement-dellandrea-2racULxVpbw-unsplash.webp?resize=525%2C300&ssl=1 1.5x, https:\/\/i0.wp.com\/kohenavocats.com\/wp-content\/uploads\/2024\/08\/clement-dellandrea-2racULxVpbw-unsplash.webp?resize=700%2C400&ssl=1 2x, https:\/\/i0.wp.com\/kohenavocats.com\/wp-content\/uploads\/2024\/08\/clement-dellandrea-2racULxVpbw-unsplash.webp?resize=1050%2C600&ssl=1 3x, https:\/\/i0.wp.com\/kohenavocats.com\/wp-content\/uploads\/2024\/08\/clement-dellandrea-2racULxVpbw-unsplash.webp?resize=1400%2C800&ssl=1 4x"},"classes":[]},{"id":305170,"url":"https:\/\/kohenavocats.com\/tr\/tribunal-judiciaire-de-nimes-le-13-juillet-2025-n25-03430\/","url_meta":{"origin":665693,"position":3},"title":"Tribunal judiciaire de N\u00eemes, le 13 juillet 2025, n\u00b025\/03430","author":"Kohen","date":"5 \u015eubat 2026","format":false,"excerpt":"La pr\u00e9sente ordonnance rejette une demande de troisi\u00e8me prolongation de r\u00e9tention administrative. Le juge des libert\u00e9s et de la d\u00e9tention statue sur le fondement de l\u2019article L. 742-5 du code de l\u2019entr\u00e9e et du s\u00e9jour des \u00e9trangers. Il rappelle les conditions strictes d\u2019une prolongation exceptionnelle au-del\u00e0 de la dur\u00e9e maximale.\u2026","rel":"","context":"&quot;D\u00e9cisions juridiques&quot; i\u00e7inde","block_context":{"text":"D\u00e9cisions juridiques","link":"https:\/\/kohenavocats.com\/category\/decisions-juridiques\/"},"img":{"alt_text":"","src":"https:\/\/i0.wp.com\/kohenavocats.com\/wp-content\/uploads\/2024\/11\/getty-images-SjE4Eirl2ro-unsplash.webp?resize=350%2C200&ssl=1","width":350,"height":200,"srcset":"https:\/\/i0.wp.com\/kohenavocats.com\/wp-content\/uploads\/2024\/11\/getty-images-SjE4Eirl2ro-unsplash.webp?resize=350%2C200&ssl=1 1x, https:\/\/i0.wp.com\/kohenavocats.com\/wp-content\/uploads\/2024\/11\/getty-images-SjE4Eirl2ro-unsplash.webp?resize=525%2C300&ssl=1 1.5x, https:\/\/i0.wp.com\/kohenavocats.com\/wp-content\/uploads\/2024\/11\/getty-images-SjE4Eirl2ro-unsplash.webp?resize=700%2C400&ssl=1 2x, https:\/\/i0.wp.com\/kohenavocats.com\/wp-content\/uploads\/2024\/11\/getty-images-SjE4Eirl2ro-unsplash.webp?resize=1050%2C600&ssl=1 3x, https:\/\/i0.wp.com\/kohenavocats.com\/wp-content\/uploads\/2024\/11\/getty-images-SjE4Eirl2ro-unsplash.webp?resize=1400%2C800&ssl=1 4x"},"classes":[]},{"id":307694,"url":"https:\/\/kohenavocats.com\/tr\/tribunal-judiciaire-de-toulouse-le-13-juillet-2025-n25-01711\/","url_meta":{"origin":665693,"position":4},"title":"Tribunal judiciaire de Toulouse, le 13 juillet 2025, n\u00b025\/01711","author":"Kohen","date":"6 \u015eubat 2026","format":false,"excerpt":"La pr\u00e9sente ordonnance statue sur une demande de seconde prolongation de r\u00e9tention administrative. Elle retient la l\u00e9galit\u00e9 de cette prolongation malgr\u00e9 des difficult\u00e9s consulaires. La d\u00e9cision illustre le contr\u00f4le judiciaire des conditions de prolongation d\u2019une mesure privative de libert\u00e9. Elle souligne l\u2019exigence de diligences administratives et l\u2019appr\u00e9ciation des perspectives d\u2019\u00e9loignement.\u2026","rel":"","context":"&quot;D\u00e9cisions juridiques&quot; i\u00e7inde","block_context":{"text":"D\u00e9cisions juridiques","link":"https:\/\/kohenavocats.com\/category\/decisions-juridiques\/"},"img":{"alt_text":"","src":"https:\/\/i0.wp.com\/kohenavocats.com\/wp-content\/uploads\/2024\/08\/karla-caloca-2uGxst615P4-unsplash.webp?resize=350%2C200&ssl=1","width":350,"height":200,"srcset":"https:\/\/i0.wp.com\/kohenavocats.com\/wp-content\/uploads\/2024\/08\/karla-caloca-2uGxst615P4-unsplash.webp?resize=350%2C200&ssl=1 1x, https:\/\/i0.wp.com\/kohenavocats.com\/wp-content\/uploads\/2024\/08\/karla-caloca-2uGxst615P4-unsplash.webp?resize=525%2C300&ssl=1 1.5x, https:\/\/i0.wp.com\/kohenavocats.com\/wp-content\/uploads\/2024\/08\/karla-caloca-2uGxst615P4-unsplash.webp?resize=700%2C400&ssl=1 2x, https:\/\/i0.wp.com\/kohenavocats.com\/wp-content\/uploads\/2024\/08\/karla-caloca-2uGxst615P4-unsplash.webp?resize=1050%2C600&ssl=1 3x, https:\/\/i0.wp.com\/kohenavocats.com\/wp-content\/uploads\/2024\/08\/karla-caloca-2uGxst615P4-unsplash.webp?resize=1400%2C800&ssl=1 4x"},"classes":[]},{"id":307911,"url":"https:\/\/kohenavocats.com\/tr\/tribunal-judiciaire-de-lyon-le-16-juillet-2025-n25-02697\/","url_meta":{"origin":665693,"position":5},"title":"Tribunal judiciaire de Lyon, le 16 juillet 2025, n\u00b025\/02697","author":"Kohen","date":"6 \u015eubat 2026","format":false,"excerpt":"La pr\u00e9sente ordonnance statue sur une troisi\u00e8me demande de prolongation d\u2019une mesure de r\u00e9tention administrative. Elle retient la recevabilit\u00e9 de la requ\u00eate de l\u2019autorit\u00e9 administrative et ordonne une prolongation exceptionnelle de quinze jours. Cette d\u00e9cision illustre le contr\u00f4le juridictionnel strict des conditions de maintien en r\u00e9tention. Elle souligne \u00e9galement l\u2019articulation\u2026","rel":"","context":"&quot;D\u00e9cisions juridiques&quot; i\u00e7inde","block_context":{"text":"D\u00e9cisions juridiques","link":"https:\/\/kohenavocats.com\/category\/decisions-juridiques\/"},"img":{"alt_text":"","src":"https:\/\/i0.wp.com\/kohenavocats.com\/wp-content\/uploads\/2024\/08\/nils-kaEhf0eZme8-unsplash.webp?resize=350%2C200&ssl=1","width":350,"height":200,"srcset":"https:\/\/i0.wp.com\/kohenavocats.com\/wp-content\/uploads\/2024\/08\/nils-kaEhf0eZme8-unsplash.webp?resize=350%2C200&ssl=1 1x, https:\/\/i0.wp.com\/kohenavocats.com\/wp-content\/uploads\/2024\/08\/nils-kaEhf0eZme8-unsplash.webp?resize=525%2C300&ssl=1 1.5x, https:\/\/i0.wp.com\/kohenavocats.com\/wp-content\/uploads\/2024\/08\/nils-kaEhf0eZme8-unsplash.webp?resize=700%2C400&ssl=1 2x, https:\/\/i0.wp.com\/kohenavocats.com\/wp-content\/uploads\/2024\/08\/nils-kaEhf0eZme8-unsplash.webp?resize=1050%2C600&ssl=1 3x, https:\/\/i0.wp.com\/kohenavocats.com\/wp-content\/uploads\/2024\/08\/nils-kaEhf0eZme8-unsplash.webp?resize=1400%2C800&ssl=1 4x"},"classes":[]}],"jetpack_sharing_enabled":true,"_links":{"self":[{"href":"https:\/\/kohenavocats.com\/tr\/wp-json\/wp\/v2\/posts\/665693","targetHints":{"allow":["GET"]}}],"collection":[{"href":"https:\/\/kohenavocats.com\/tr\/wp-json\/wp\/v2\/posts"}],"about":[{"href":"https:\/\/kohenavocats.com\/tr\/wp-json\/wp\/v2\/types\/post"}],"author":[{"embeddable":true,"href":"https:\/\/kohenavocats.com\/tr\/wp-json\/wp\/v2\/users\/232070755"}],"replies":[{"embeddable":true,"href":"https:\/\/kohenavocats.com\/tr\/wp-json\/wp\/v2\/comments?post=665693"}],"version-history":[{"count":1,"href":"https:\/\/kohenavocats.com\/tr\/wp-json\/wp\/v2\/posts\/665693\/revisions"}],"predecessor-version":[{"id":697149,"href":"https:\/\/kohenavocats.com\/tr\/wp-json\/wp\/v2\/posts\/665693\/revisions\/697149"}],"wp:featuredmedia":[{"embeddable":true,"href":"https:\/\/kohenavocats.com\/tr\/wp-json\/wp\/v2\/media\/9510"}],"wp:attachment":[{"href":"https:\/\/kohenavocats.com\/tr\/wp-json\/wp\/v2\/media?parent=665693"}],"wp:term":[{"taxonomy":"category","embeddable":true,"href":"https:\/\/kohenavocats.com\/tr\/wp-json\/wp\/v2\/categories?post=665693"},{"taxonomy":"post_tag","embeddable":true,"href":"https:\/\/kohenavocats.com\/tr\/wp-json\/wp\/v2\/tags?post=665693"}],"curies":[{"name":"wp","href":"https:\/\/api.w.org\/{rel}","templated":true}]}}