{"id":666158,"date":"2026-04-24T01:02:35","date_gmt":"2026-04-23T23:02:35","guid":{"rendered":"https:\/\/kohenavocats.com\/cour-dappel-de-nancy-le-12-mars-2025-n24-02335\/"},"modified":"2026-04-24T01:02:35","modified_gmt":"2026-04-23T23:02:35","slug":"cour-dappel-de-nancy-le-12-mars-2025-n24-02335","status":"publish","type":"post","link":"https:\/\/kohenavocats.com\/tr\/cour-dappel-de-nancy-le-12-mars-2025-n24-02335\/","title":{"rendered":"Cour d&#8217;appel de Nancy, le 12 mars 2025, n\u00b024\/02335"},"content":{"rendered":"<div class=\"article-content\">\n<p>La Cour d&#8217;appel de Nancy, statuant le 12 mars 2025, rejette un recours contre le refus d&#8217;une pension de retraite pour inaptitude. L&#8217;int\u00e9ress\u00e9e, sans emploi depuis 2015, invoquait des s\u00e9quelles \u00e0 la main droite. La juridiction confirme le jugement de premi\u00e8re instance, estimant que les conditions l\u00e9gales ne sont pas remplies. Elle pr\u00e9cise les r\u00e8gles d&#8217;appr\u00e9ciation de l&#8217;inaptitude et le r\u00f4le des pi\u00e8ces m\u00e9dicales.<\/p>\n<p>Le cadre l\u00e9gal de l&#8217;inaptitude<\/p>\n<p>La d\u00e9cision rappelle les deux conditions cumulatives pos\u00e9es par les articles L. 351-7 et R. 351-21 du code de la s\u00e9curit\u00e9 sociale. L&#8217;assur\u00e9 doit d&#8217;abord \u00eatre dans l&#8217;impossibilit\u00e9 de poursuivre son emploi sans nuire gravement \u00e0 sa sant\u00e9. Il doit ensuite pr\u00e9senter une incapacit\u00e9 permanente partielle d&#8217;au moins cinquante pour cent. Le texte op\u00e8re une distinction cruciale selon l&#8217;activit\u00e9 professionnelle r\u00e9cente. Pour la personne n&#8217;ayant pas travaill\u00e9 durant les cinq ann\u00e9es pr\u00e9c\u00e9dant sa demande, seule la condition du taux d&#8217;incapacit\u00e9 s&#8217;applique. Cette pr\u00e9cision l\u00e9gislative simplifie l&#8217;examen pour les assur\u00e9s \u00e9loign\u00e9s de l&#8217;emploi. L&#8217;appr\u00e9ciation de ces crit\u00e8res est fix\u00e9e \u00e0 une date certaine, celle de l&#8217;effet de la demande. &#8220;L&#8217;appr\u00e9ciation de l&#8217;inaptitude au travail doit s&#8217;appr\u00e9cier au jour de la date d&#8217;effet de la demande, soit en l&#8217;esp\u00e8ce, le 1er janvier 2024.&#8221; Cette r\u00e8gle temporelle est essentielle pour une \u00e9valuation m\u00e9dicale coh\u00e9rente. Elle rejoint une jurisprudence constante sur le point de droit pertinent. &#8220;Pour appr\u00e9cier la condition m\u00e9dicale, la cour doit se placer \u00e0 la date de la demande, soit le 2 novembre 2018.&#8221; (Cour d&#8217;appel de Colmar, le 21 f\u00e9vrier 2025, n\u00b023\/02615). Le cadre est ainsi strictement d\u00e9fini pour le contr\u00f4le juridictionnel.<\/p>\n<p>L&#8217;administration de la preuve m\u00e9dicale<\/p>\n<p>La charge de la preuve incombe au demandeur, qui doit rapporter des \u00e9l\u00e9ments m\u00e9dicaux probants. La proc\u00e9dure pr\u00e9voit la production d&#8217;un rapport du m\u00e9decin traitant et, le cas \u00e9ch\u00e9ant, d&#8217;une fiche du m\u00e9decin du travail. Ces documents confidentiels sont destin\u00e9s au m\u00e9decin-conseil de la caisse. En l&#8217;esp\u00e8ce, le m\u00e9decin-conseil puis la commission de recours amiable ont rendu des avis d\u00e9favorables. La commission a estim\u00e9 que &#8220;la r\u00e9duction des capacit\u00e9s de travail atteint 50,00 % ni que la poursuite d&#8217;une activit\u00e9 professionnelle quelconque nuit gravement \u00e0 sa sant\u00e9.&#8221; La cour rel\u00e8ve l&#8217;absence d&#8217;avis m\u00e9dical contraire \u00e9tayant un taux d&#8217;incapacit\u00e9 suffisant. Le courrier du m\u00e9decin traitant se contente de rappeler les pathologies sans \u00e9valuer le taux. La reconnaissance de la qualit\u00e9 de travailleur handicap\u00e9 ne vaut pas preuve d&#8217;inaptitude au sens de la retraite. Elle indique seulement une aptitude \u00e0 exercer certains postes am\u00e9nag\u00e9s. Face \u00e0 ce dossier, la cour refuse d&#8217;ordonner une expertise, faute d&#8217;\u00e9l\u00e9ments s\u00e9rieux contestant l&#8217;avis m\u00e9dical. La d\u00e9cision illustre le contr\u00f4le restreint du juge sur l&#8217;appr\u00e9ciation technique des m\u00e9decins-conseils. Elle souligne la n\u00e9cessit\u00e9 d&#8217;une preuve m\u00e9dicale pr\u00e9cise et conforme aux exigences l\u00e9gales pour obtenir la prestation.<\/p>\n<\/div>\n","protected":false},"excerpt":{"rendered":"<p>La Cour d&#8217;appel de Nancy, statuant le 12 mars 2025, rejette un recours contre le refus d&#8217;une pension de retraite pour inaptitude. L&#8217;int\u00e9ress\u00e9e, sans emploi d&#8230;<\/p>\n","protected":false},"author":232070755,"featured_media":4885,"comment_status":"open","ping_status":"open","sticky":false,"template":"","format":"standard","meta":{"_crdt_document":"","_jetpack_newsletter_access":"","_jetpack_dont_email_post_to_subs":false,"_jetpack_newsletter_tier_id":0,"_jetpack_memberships_contains_paywalled_content":false,"_kj_source_type":"","_kj_official_id":"","_kj_official_url":"","_kj_judilibre_id":"","_kj_jur":"","_kj_lieu":"","_kj_chambre":"","_kj_rg":"","_kj_date":"","_jetpack_memberships_contains_paid_content":false,"footnotes":"","jetpack_post_was_ever_published":false},"categories":[7597],"tags":[],"class_list":["post-666158","post","type-post","status-publish","format-standard","has-post-thumbnail","hentry","category-jurisprudence"],"yoast_head":"<!-- This site is optimized with the Yoast SEO Premium plugin v27.4 (Yoast SEO v27.4) - https:\/\/yoast.com\/product\/yoast-seo-premium-wordpress\/ -->\n<title>Cour d&#039;appel de Nancy, le 12 mars 2025, n\u00b024\/02335 - Ma\u00eetre Hassan Kohen, avocat en droit p\u00e9nal \u00e0 Paris<\/title>\n<meta name=\"description\" content=\"La Cour d&#039;appel de Nancy, statuant le 12 mars 2025, rejette un recours contre le refus d&#039;une pension de retraite pour inaptitude. L&#039;int\u00e9ress\u00e9e, sans emploi d...\" \/>\n<meta name=\"robots\" content=\"index, follow, max-snippet:-1, max-image-preview:large, max-video-preview:-1\" \/>\n<link rel=\"canonical\" href=\"https:\/\/kohenavocats.com\/tr\/cour-dappel-de-nancy-le-12-mars-2025-n24-02335\/\" \/>\n<meta property=\"og:locale\" content=\"tr_TR\" \/>\n<meta property=\"og:type\" content=\"article\" \/>\n<meta property=\"og:title\" content=\"Cour d&#039;appel de Nancy, le 12 mars 2025, n\u00b024\/02335\" \/>\n<meta property=\"og:description\" content=\"La Cour d&#039;appel de Nancy, statuant le 12 mars 2025, rejette un recours contre le refus d&#039;une pension de retraite pour inaptitude. L&#039;int\u00e9ress\u00e9e, sans emploi d...\" \/>\n<meta property=\"og:url\" content=\"https:\/\/kohenavocats.com\/tr\/cour-dappel-de-nancy-le-12-mars-2025-n24-02335\/\" \/>\n<meta property=\"og:site_name\" content=\"Ma\u00eetre Hassan Kohen, avocat en droit p\u00e9nal \u00e0 Paris\" \/>\n<meta property=\"article:published_time\" content=\"2026-04-23T23:02:35+00:00\" \/>\n<meta property=\"og:image\" content=\"https:\/\/kohenavocats.com\/wp-content\/uploads\/2024\/08\/katie-moum-o0kbc907i20-unsplash.webp\" \/>\n\t<meta property=\"og:image:width\" content=\"5760\" \/>\n\t<meta property=\"og:image:height\" content=\"3840\" \/>\n\t<meta property=\"og:image:type\" content=\"image\/webp\" \/>\n<meta name=\"author\" content=\"Kohen\" \/>\n<meta name=\"twitter:card\" content=\"summary_large_image\" \/>\n<meta name=\"twitter:label1\" content=\"Yazan:\" \/>\n\t<meta name=\"twitter:data1\" content=\"Kohen\" \/>\n\t<meta name=\"twitter:label2\" content=\"Tahmini okuma s\u00fcresi\" \/>\n\t<meta name=\"twitter:data2\" content=\"3 dakika\" \/>\n<script type=\"application\/ld+json\" class=\"yoast-schema-graph\">{\"@context\":\"https:\\\/\\\/schema.org\",\"@graph\":[{\"@type\":\"Article\",\"@id\":\"https:\\\/\\\/kohenavocats.com\\\/tr\\\/cour-dappel-de-nancy-le-12-mars-2025-n24-02335\\\/#article\",\"isPartOf\":{\"@id\":\"https:\\\/\\\/kohenavocats.com\\\/tr\\\/cour-dappel-de-nancy-le-12-mars-2025-n24-02335\\\/\"},\"author\":{\"name\":\"Kohen\",\"@id\":\"https:\\\/\\\/kohenavocats.com\\\/tr\\\/#\\\/schema\\\/person\\\/761c9ba54fa1ca84d405cef0831ff751\"},\"headline\":\"Cour d&#8217;appel de Nancy, le 12 mars 2025, n\u00b024\\\/02335\",\"datePublished\":\"2026-04-23T23:02:35+00:00\",\"mainEntityOfPage\":{\"@id\":\"https:\\\/\\\/kohenavocats.com\\\/tr\\\/cour-dappel-de-nancy-le-12-mars-2025-n24-02335\\\/\"},\"wordCount\":553,\"commentCount\":0,\"publisher\":{\"@id\":\"https:\\\/\\\/kohenavocats.com\\\/tr\\\/#organization\"},\"image\":{\"@id\":\"https:\\\/\\\/kohenavocats.com\\\/tr\\\/cour-dappel-de-nancy-le-12-mars-2025-n24-02335\\\/#primaryimage\"},\"thumbnailUrl\":\"https:\\\/\\\/kohenavocats.com\\\/wp-content\\\/uploads\\\/2024\\\/08\\\/katie-moum-o0kbc907i20-unsplash.webp\",\"articleSection\":[\"Jurisprudence\"],\"inLanguage\":\"tr\",\"potentialAction\":[{\"@type\":\"CommentAction\",\"name\":\"Comment\",\"target\":[\"https:\\\/\\\/kohenavocats.com\\\/tr\\\/cour-dappel-de-nancy-le-12-mars-2025-n24-02335\\\/#respond\"]}],\"citation\":\"Cour d&#8217;appel de Nancy, le 12 mars 2025, n\u00b024\\\/02335\",\"about\":[{\"@type\":\"Thing\",\"name\":\"Jurisprudence\"}],\"dateModified\":\"2026-04-23T23:02:35+00:00\",\"speakable\":{\"@type\":\"SpeakableSpecification\",\"cssSelector\":[\".article-content > p:first-of-type\"]}},{\"@type\":\"WebPage\",\"@id\":\"https:\\\/\\\/kohenavocats.com\\\/tr\\\/cour-dappel-de-nancy-le-12-mars-2025-n24-02335\\\/\",\"url\":\"https:\\\/\\\/kohenavocats.com\\\/tr\\\/cour-dappel-de-nancy-le-12-mars-2025-n24-02335\\\/\",\"name\":\"Cour d'appel de Nancy, le 12 mars 2025, n\u00b024\\\/02335 - Ma\u00eetre Hassan Kohen, avocat en droit p\u00e9nal \u00e0 Paris\",\"isPartOf\":{\"@id\":\"https:\\\/\\\/kohenavocats.com\\\/tr\\\/#website\"},\"primaryImageOfPage\":{\"@id\":\"https:\\\/\\\/kohenavocats.com\\\/tr\\\/cour-dappel-de-nancy-le-12-mars-2025-n24-02335\\\/#primaryimage\"},\"image\":{\"@id\":\"https:\\\/\\\/kohenavocats.com\\\/tr\\\/cour-dappel-de-nancy-le-12-mars-2025-n24-02335\\\/#primaryimage\"},\"thumbnailUrl\":\"https:\\\/\\\/kohenavocats.com\\\/wp-content\\\/uploads\\\/2024\\\/08\\\/katie-moum-o0kbc907i20-unsplash.webp\",\"datePublished\":\"2026-04-23T23:02:35+00:00\",\"description\":\"La Cour d'appel de Nancy, statuant le 12 mars 2025, rejette un recours contre le refus d'une pension de retraite pour inaptitude. L'int\u00e9ress\u00e9e, sans emploi d...\",\"breadcrumb\":{\"@id\":\"https:\\\/\\\/kohenavocats.com\\\/tr\\\/cour-dappel-de-nancy-le-12-mars-2025-n24-02335\\\/#breadcrumb\"},\"inLanguage\":\"tr\",\"potentialAction\":[{\"@type\":\"ReadAction\",\"target\":[\"https:\\\/\\\/kohenavocats.com\\\/tr\\\/cour-dappel-de-nancy-le-12-mars-2025-n24-02335\\\/\"]}]},{\"@type\":\"ImageObject\",\"inLanguage\":\"tr\",\"@id\":\"https:\\\/\\\/kohenavocats.com\\\/tr\\\/cour-dappel-de-nancy-le-12-mars-2025-n24-02335\\\/#primaryimage\",\"url\":\"https:\\\/\\\/kohenavocats.com\\\/wp-content\\\/uploads\\\/2024\\\/08\\\/katie-moum-o0kbc907i20-unsplash.webp\",\"contentUrl\":\"https:\\\/\\\/kohenavocats.com\\\/wp-content\\\/uploads\\\/2024\\\/08\\\/katie-moum-o0kbc907i20-unsplash.webp\",\"width\":5760,\"height\":3840},{\"@type\":\"BreadcrumbList\",\"@id\":\"https:\\\/\\\/kohenavocats.com\\\/tr\\\/cour-dappel-de-nancy-le-12-mars-2025-n24-02335\\\/#breadcrumb\",\"itemListElement\":[{\"@type\":\"ListItem\",\"position\":1,\"name\":\"Home\",\"item\":\"https:\\\/\\\/kohenavocats.com\\\/tr\\\/avocats-en-droit-penal-a-paris-conseil-et-defense-strategique\\\/\"},{\"@type\":\"ListItem\",\"position\":2,\"name\":\"Cour d&rsquo;appel de Nancy, le 12 mars 2025, n\u00b024\\\/02335\"}]},{\"@type\":\"WebSite\",\"@id\":\"https:\\\/\\\/kohenavocats.com\\\/tr\\\/#website\",\"url\":\"https:\\\/\\\/kohenavocats.com\\\/tr\\\/\",\"name\":\"Kohen Avocats\",\"description\":\"Ma\u00eetre Hassan Kohen, avocat p\u00e9naliste \u00e0 Paris, intervient exclusivement en droit p\u00e9nal pour la d\u00e9fense des particuliers, notamment en mati\u00e8re d\u2019accusations de viol. Il assure un accompagnement rigoureux d\u00e8s la garde \u00e0 vue jusqu\u2019\u00e0 la Cour d\u2019assises, veillant au strict respect des garanties proc\u00e9durales.\",\"publisher\":{\"@id\":\"https:\\\/\\\/kohenavocats.com\\\/tr\\\/#organization\"},\"potentialAction\":[{\"@type\":\"SearchAction\",\"target\":{\"@type\":\"EntryPoint\",\"urlTemplate\":\"https:\\\/\\\/kohenavocats.com\\\/tr\\\/?s={search_term_string}\"},\"query-input\":{\"@type\":\"PropertyValueSpecification\",\"valueRequired\":true,\"valueName\":\"search_term_string\"}}],\"inLanguage\":\"tr\"},{\"@type\":\"Organization\",\"@id\":\"https:\\\/\\\/kohenavocats.com\\\/tr\\\/#organization\",\"name\":\"Kohen Avocats\",\"url\":\"https:\\\/\\\/kohenavocats.com\\\/tr\\\/\",\"logo\":{\"@type\":\"ImageObject\",\"inLanguage\":\"tr\",\"@id\":\"https:\\\/\\\/kohenavocats.com\\\/tr\\\/#\\\/schema\\\/logo\\\/image\\\/\",\"url\":\"https:\\\/\\\/kohenavocats.com\\\/wp-content\\\/uploads\\\/2026\\\/01\\\/Logo-2-1.webp\",\"contentUrl\":\"https:\\\/\\\/kohenavocats.com\\\/wp-content\\\/uploads\\\/2026\\\/01\\\/Logo-2-1.webp\",\"width\":2114,\"height\":1253,\"caption\":\"Kohen Avocats\"},\"image\":{\"@id\":\"https:\\\/\\\/kohenavocats.com\\\/tr\\\/#\\\/schema\\\/logo\\\/image\\\/\"}},{\"@type\":\"Person\",\"@id\":\"https:\\\/\\\/kohenavocats.com\\\/tr\\\/#\\\/schema\\\/person\\\/761c9ba54fa1ca84d405cef0831ff751\",\"name\":\"Kohen\",\"image\":{\"@type\":\"ImageObject\",\"inLanguage\":\"tr\",\"@id\":\"https:\\\/\\\/secure.gravatar.com\\\/avatar\\\/1c5e76ef76bbbfdd2b4da984e2bf2fa4056fd51a27d25ce2c332047f1dfd6e00?s=96&d=identicon&r=g\",\"url\":\"https:\\\/\\\/secure.gravatar.com\\\/avatar\\\/1c5e76ef76bbbfdd2b4da984e2bf2fa4056fd51a27d25ce2c332047f1dfd6e00?s=96&d=identicon&r=g\",\"contentUrl\":\"https:\\\/\\\/secure.gravatar.com\\\/avatar\\\/1c5e76ef76bbbfdd2b4da984e2bf2fa4056fd51a27d25ce2c332047f1dfd6e00?s=96&d=identicon&r=g\",\"caption\":\"Kohen\"},\"sameAs\":[\"https:\\\/\\\/www.linkedin.com\\\/in\\\/hassan-kohen-448548192\\\/\",\"https:\\\/\\\/www.youtube.com\\\/@Kohen-Avocats\"],\"url\":\"https:\\\/\\\/kohenavocats.com\\\/tr\\\/author\\\/kohenmlk\\\/\"}]}<\/script>\n<!-- \/ Yoast SEO Premium plugin. -->","yoast_head_json":{"title":"Cour d'appel de Nancy, le 12 mars 2025, n\u00b024\/02335 - Ma\u00eetre Hassan Kohen, avocat en droit p\u00e9nal \u00e0 Paris","description":"La Cour d'appel de Nancy, statuant le 12 mars 2025, rejette un recours contre le refus d'une pension de retraite pour inaptitude. L'int\u00e9ress\u00e9e, sans emploi d...","robots":{"index":"index","follow":"follow","max-snippet":"max-snippet:-1","max-image-preview":"max-image-preview:large","max-video-preview":"max-video-preview:-1"},"canonical":"https:\/\/kohenavocats.com\/tr\/cour-dappel-de-nancy-le-12-mars-2025-n24-02335\/","og_locale":"tr_TR","og_type":"article","og_title":"Cour d'appel de Nancy, le 12 mars 2025, n\u00b024\/02335","og_description":"La Cour d'appel de Nancy, statuant le 12 mars 2025, rejette un recours contre le refus d'une pension de retraite pour inaptitude. L'int\u00e9ress\u00e9e, sans emploi d...","og_url":"https:\/\/kohenavocats.com\/tr\/cour-dappel-de-nancy-le-12-mars-2025-n24-02335\/","og_site_name":"Ma\u00eetre Hassan Kohen, avocat en droit p\u00e9nal \u00e0 Paris","article_published_time":"2026-04-23T23:02:35+00:00","og_image":[{"width":5760,"height":3840,"url":"https:\/\/kohenavocats.com\/wp-content\/uploads\/2024\/08\/katie-moum-o0kbc907i20-unsplash.webp","type":"image\/webp"}],"author":"Kohen","twitter_card":"summary_large_image","twitter_misc":{"Yazan:":"Kohen","Tahmini okuma s\u00fcresi":"3 dakika"},"schema":{"@context":"https:\/\/schema.org","@graph":[{"@type":"Article","@id":"https:\/\/kohenavocats.com\/tr\/cour-dappel-de-nancy-le-12-mars-2025-n24-02335\/#article","isPartOf":{"@id":"https:\/\/kohenavocats.com\/tr\/cour-dappel-de-nancy-le-12-mars-2025-n24-02335\/"},"author":{"name":"Kohen","@id":"https:\/\/kohenavocats.com\/tr\/#\/schema\/person\/761c9ba54fa1ca84d405cef0831ff751"},"headline":"Cour d&#8217;appel de Nancy, le 12 mars 2025, n\u00b024\/02335","datePublished":"2026-04-23T23:02:35+00:00","mainEntityOfPage":{"@id":"https:\/\/kohenavocats.com\/tr\/cour-dappel-de-nancy-le-12-mars-2025-n24-02335\/"},"wordCount":553,"commentCount":0,"publisher":{"@id":"https:\/\/kohenavocats.com\/tr\/#organization"},"image":{"@id":"https:\/\/kohenavocats.com\/tr\/cour-dappel-de-nancy-le-12-mars-2025-n24-02335\/#primaryimage"},"thumbnailUrl":"https:\/\/kohenavocats.com\/wp-content\/uploads\/2024\/08\/katie-moum-o0kbc907i20-unsplash.webp","articleSection":["Jurisprudence"],"inLanguage":"tr","potentialAction":[{"@type":"CommentAction","name":"Comment","target":["https:\/\/kohenavocats.com\/tr\/cour-dappel-de-nancy-le-12-mars-2025-n24-02335\/#respond"]}],"citation":"Cour d&#8217;appel de Nancy, le 12 mars 2025, n\u00b024\/02335","about":[{"@type":"Thing","name":"Jurisprudence"}],"dateModified":"2026-04-23T23:02:35+00:00","speakable":{"@type":"SpeakableSpecification","cssSelector":[".article-content > p:first-of-type"]}},{"@type":"WebPage","@id":"https:\/\/kohenavocats.com\/tr\/cour-dappel-de-nancy-le-12-mars-2025-n24-02335\/","url":"https:\/\/kohenavocats.com\/tr\/cour-dappel-de-nancy-le-12-mars-2025-n24-02335\/","name":"Cour d'appel de Nancy, le 12 mars 2025, n\u00b024\/02335 - Ma\u00eetre Hassan Kohen, avocat en droit p\u00e9nal \u00e0 Paris","isPartOf":{"@id":"https:\/\/kohenavocats.com\/tr\/#website"},"primaryImageOfPage":{"@id":"https:\/\/kohenavocats.com\/tr\/cour-dappel-de-nancy-le-12-mars-2025-n24-02335\/#primaryimage"},"image":{"@id":"https:\/\/kohenavocats.com\/tr\/cour-dappel-de-nancy-le-12-mars-2025-n24-02335\/#primaryimage"},"thumbnailUrl":"https:\/\/kohenavocats.com\/wp-content\/uploads\/2024\/08\/katie-moum-o0kbc907i20-unsplash.webp","datePublished":"2026-04-23T23:02:35+00:00","description":"La Cour d'appel de Nancy, statuant le 12 mars 2025, rejette un recours contre le refus d'une pension de retraite pour inaptitude. L'int\u00e9ress\u00e9e, sans emploi d...","breadcrumb":{"@id":"https:\/\/kohenavocats.com\/tr\/cour-dappel-de-nancy-le-12-mars-2025-n24-02335\/#breadcrumb"},"inLanguage":"tr","potentialAction":[{"@type":"ReadAction","target":["https:\/\/kohenavocats.com\/tr\/cour-dappel-de-nancy-le-12-mars-2025-n24-02335\/"]}]},{"@type":"ImageObject","inLanguage":"tr","@id":"https:\/\/kohenavocats.com\/tr\/cour-dappel-de-nancy-le-12-mars-2025-n24-02335\/#primaryimage","url":"https:\/\/kohenavocats.com\/wp-content\/uploads\/2024\/08\/katie-moum-o0kbc907i20-unsplash.webp","contentUrl":"https:\/\/kohenavocats.com\/wp-content\/uploads\/2024\/08\/katie-moum-o0kbc907i20-unsplash.webp","width":5760,"height":3840},{"@type":"BreadcrumbList","@id":"https:\/\/kohenavocats.com\/tr\/cour-dappel-de-nancy-le-12-mars-2025-n24-02335\/#breadcrumb","itemListElement":[{"@type":"ListItem","position":1,"name":"Home","item":"https:\/\/kohenavocats.com\/tr\/avocats-en-droit-penal-a-paris-conseil-et-defense-strategique\/"},{"@type":"ListItem","position":2,"name":"Cour d&rsquo;appel de Nancy, le 12 mars 2025, n\u00b024\/02335"}]},{"@type":"WebSite","@id":"https:\/\/kohenavocats.com\/tr\/#website","url":"https:\/\/kohenavocats.com\/tr\/","name":"Kohen Avocats","description":"Ma\u00eetre Hassan Kohen, avocat p\u00e9naliste \u00e0 Paris, intervient exclusivement en droit p\u00e9nal pour la d\u00e9fense des particuliers, notamment en mati\u00e8re d\u2019accusations de viol. Il assure un accompagnement rigoureux d\u00e8s la garde \u00e0 vue jusqu\u2019\u00e0 la Cour d\u2019assises, veillant au strict respect des garanties proc\u00e9durales.","publisher":{"@id":"https:\/\/kohenavocats.com\/tr\/#organization"},"potentialAction":[{"@type":"SearchAction","target":{"@type":"EntryPoint","urlTemplate":"https:\/\/kohenavocats.com\/tr\/?s={search_term_string}"},"query-input":{"@type":"PropertyValueSpecification","valueRequired":true,"valueName":"search_term_string"}}],"inLanguage":"tr"},{"@type":"Organization","@id":"https:\/\/kohenavocats.com\/tr\/#organization","name":"Kohen Avocats","url":"https:\/\/kohenavocats.com\/tr\/","logo":{"@type":"ImageObject","inLanguage":"tr","@id":"https:\/\/kohenavocats.com\/tr\/#\/schema\/logo\/image\/","url":"https:\/\/kohenavocats.com\/wp-content\/uploads\/2026\/01\/Logo-2-1.webp","contentUrl":"https:\/\/kohenavocats.com\/wp-content\/uploads\/2026\/01\/Logo-2-1.webp","width":2114,"height":1253,"caption":"Kohen Avocats"},"image":{"@id":"https:\/\/kohenavocats.com\/tr\/#\/schema\/logo\/image\/"}},{"@type":"Person","@id":"https:\/\/kohenavocats.com\/tr\/#\/schema\/person\/761c9ba54fa1ca84d405cef0831ff751","name":"Kohen","image":{"@type":"ImageObject","inLanguage":"tr","@id":"https:\/\/secure.gravatar.com\/avatar\/1c5e76ef76bbbfdd2b4da984e2bf2fa4056fd51a27d25ce2c332047f1dfd6e00?s=96&d=identicon&r=g","url":"https:\/\/secure.gravatar.com\/avatar\/1c5e76ef76bbbfdd2b4da984e2bf2fa4056fd51a27d25ce2c332047f1dfd6e00?s=96&d=identicon&r=g","contentUrl":"https:\/\/secure.gravatar.com\/avatar\/1c5e76ef76bbbfdd2b4da984e2bf2fa4056fd51a27d25ce2c332047f1dfd6e00?s=96&d=identicon&r=g","caption":"Kohen"},"sameAs":["https:\/\/www.linkedin.com\/in\/hassan-kohen-448548192\/","https:\/\/www.youtube.com\/@Kohen-Avocats"],"url":"https:\/\/kohenavocats.com\/tr\/author\/kohenmlk\/"}]}},"jetpack_featured_media_url":"https:\/\/kohenavocats.com\/wp-content\/uploads\/2024\/08\/katie-moum-o0kbc907i20-unsplash.webp","jetpack_likes_enabled":false,"jetpack_shortlink":"https:\/\/wp.me\/peCrII-2Niu","jetpack-related-posts":[{"id":544120,"url":"https:\/\/kohenavocats.com\/tr\/cour-dappel-de-nancy-le-24-septembre-2025-n24-02335\/","url_meta":{"origin":666158,"position":0},"title":"Cour d&#8217;appel de Nancy, le 24 septembre 2025, n\u00b024\/02335","author":"Kohen","date":"9 Nisan 2026","format":false,"excerpt":"La Cour d'appel de Nancy, statuant le 12 mars 2025, rejette un recours contre le refus d'une pension de retraite pour inaptitude. L'int\u00e9ress\u00e9e, sans...","rel":"","context":"&quot;Cour d'appel&quot; i\u00e7inde","block_context":{"text":"Cour d'appel","link":"https:\/\/kohenavocats.com\/category\/cour-dappel\/"},"img":{"alt_text":"","src":"https:\/\/i0.wp.com\/kohenavocats.com\/wp-content\/uploads\/2024\/11\/bhavik-nasit-otN0Zt25rIk-unsplash.webp?resize=350%2C200&ssl=1","width":350,"height":200,"srcset":"https:\/\/i0.wp.com\/kohenavocats.com\/wp-content\/uploads\/2024\/11\/bhavik-nasit-otN0Zt25rIk-unsplash.webp?resize=350%2C200&ssl=1 1x, https:\/\/i0.wp.com\/kohenavocats.com\/wp-content\/uploads\/2024\/11\/bhavik-nasit-otN0Zt25rIk-unsplash.webp?resize=525%2C300&ssl=1 1.5x, https:\/\/i0.wp.com\/kohenavocats.com\/wp-content\/uploads\/2024\/11\/bhavik-nasit-otN0Zt25rIk-unsplash.webp?resize=700%2C400&ssl=1 2x, https:\/\/i0.wp.com\/kohenavocats.com\/wp-content\/uploads\/2024\/11\/bhavik-nasit-otN0Zt25rIk-unsplash.webp?resize=1050%2C600&ssl=1 3x, https:\/\/i0.wp.com\/kohenavocats.com\/wp-content\/uploads\/2024\/11\/bhavik-nasit-otN0Zt25rIk-unsplash.webp?resize=1400%2C800&ssl=1 4x"},"classes":[]},{"id":238685,"url":"https:\/\/kohenavocats.com\/tr\/cour-dappel-de-versailles-le-26-juin-2025-n24-00352\/","url_meta":{"origin":666158,"position":1},"title":"Cour d&#8217;appel de Versailles, le 26 juin 2025, n\u00b024\/00352","author":"Kohen","date":"31 Aral\u0131k 2025","format":false,"excerpt":"Par un arr\u00eat du 26 juin 2025, la Cour d'appel de Versailles s'est prononc\u00e9e sur les conditions de reconnaissance de l'inaptitude au travail permettant \u00e0 un assur\u00e9 de b\u00e9n\u00e9ficier d'une pension de retraite \u00e0 taux plein avant l'\u00e2ge l\u00e9gal. Cette d\u00e9cision illustre la rigueur avec laquelle les juridictions appr\u00e9cient les\u2026","rel":"","context":"&quot;Cour d'appel&quot; i\u00e7inde","block_context":{"text":"Cour d'appel","link":"https:\/\/kohenavocats.com\/category\/cour-dappel\/"},"img":{"alt_text":"","src":"https:\/\/i0.wp.com\/kohenavocats.com\/wp-content\/uploads\/2024\/08\/luke-michael-DUV8TJtD2QY-unsplash-1.webp?resize=350%2C200&ssl=1","width":350,"height":200,"srcset":"https:\/\/i0.wp.com\/kohenavocats.com\/wp-content\/uploads\/2024\/08\/luke-michael-DUV8TJtD2QY-unsplash-1.webp?resize=350%2C200&ssl=1 1x, https:\/\/i0.wp.com\/kohenavocats.com\/wp-content\/uploads\/2024\/08\/luke-michael-DUV8TJtD2QY-unsplash-1.webp?resize=525%2C300&ssl=1 1.5x, https:\/\/i0.wp.com\/kohenavocats.com\/wp-content\/uploads\/2024\/08\/luke-michael-DUV8TJtD2QY-unsplash-1.webp?resize=700%2C400&ssl=1 2x, https:\/\/i0.wp.com\/kohenavocats.com\/wp-content\/uploads\/2024\/08\/luke-michael-DUV8TJtD2QY-unsplash-1.webp?resize=1050%2C600&ssl=1 3x, https:\/\/i0.wp.com\/kohenavocats.com\/wp-content\/uploads\/2024\/08\/luke-michael-DUV8TJtD2QY-unsplash-1.webp?resize=1400%2C800&ssl=1 4x"},"classes":[]},{"id":162922,"url":"https:\/\/kohenavocats.com\/tr\/cour-dappel-de-nimes-le-11-septembre-2025-n24-02108\/","url_meta":{"origin":666158,"position":2},"title":"Cour d&#8217;appel de N\u00eemes, le 11 septembre 2025, n\u00b024\/02108","author":"Kohen","date":"1 Aral\u0131k 2025","format":false,"excerpt":"La Cour d'appel de N\u00eemes, le 11 septembre 2025, statue sur l'appel d'un jugement du p\u00f4le social du tribunal judiciaire d'Avignon rendu le 23 mai 2024. L'affaire concerne l'acc\u00e8s anticip\u00e9 \u00e0 la retraite au titre de l'inaptitude et, par ricochet, \u00e0 l'ASPA, sollicit\u00e9s avec effet au 1er d\u00e9cembre 2022, sur\u2026","rel":"","context":"&quot;Cour d'appel&quot; i\u00e7inde","block_context":{"text":"Cour d'appel","link":"https:\/\/kohenavocats.com\/category\/cour-dappel\/"},"img":{"alt_text":"","src":"https:\/\/i0.wp.com\/kohenavocats.com\/wp-content\/uploads\/2024\/11\/osarugue-igbinoba-GtkcrFqc5hE-unsplash.webp?resize=350%2C200&ssl=1","width":350,"height":200,"srcset":"https:\/\/i0.wp.com\/kohenavocats.com\/wp-content\/uploads\/2024\/11\/osarugue-igbinoba-GtkcrFqc5hE-unsplash.webp?resize=350%2C200&ssl=1 1x, https:\/\/i0.wp.com\/kohenavocats.com\/wp-content\/uploads\/2024\/11\/osarugue-igbinoba-GtkcrFqc5hE-unsplash.webp?resize=525%2C300&ssl=1 1.5x, https:\/\/i0.wp.com\/kohenavocats.com\/wp-content\/uploads\/2024\/11\/osarugue-igbinoba-GtkcrFqc5hE-unsplash.webp?resize=700%2C400&ssl=1 2x, https:\/\/i0.wp.com\/kohenavocats.com\/wp-content\/uploads\/2024\/11\/osarugue-igbinoba-GtkcrFqc5hE-unsplash.webp?resize=1050%2C600&ssl=1 3x, https:\/\/i0.wp.com\/kohenavocats.com\/wp-content\/uploads\/2024\/11\/osarugue-igbinoba-GtkcrFqc5hE-unsplash.webp?resize=1400%2C800&ssl=1 4x"},"classes":[]},{"id":153620,"url":"https:\/\/kohenavocats.com\/tr\/tribunal-judiciaire-de-amiens-le-4-aout-2025-n24-00270\/","url_meta":{"origin":666158,"position":3},"title":"Tribunal judiciaire de Amiens, le 4 ao\u00fbt 2025, n\u00b024\/00270","author":"Kohen","date":"18 Kas\u0131m 2025","format":false,"excerpt":"Rendu par le p\u00f4le social du tribunal judiciaire d\u2019Amiens le 4 ao\u00fbt 2025, le jugement tranche une demande de retraite pour inaptitude au travail form\u00e9e avec effet au 1er mai 2023. L\u2019assur\u00e9e, n\u00e9e en 1960, d\u00e9clare n\u2019avoir exerc\u00e9 aucune activit\u00e9 professionnelle, ayant \u00e9lev\u00e9 ses enfants. Saisie apr\u00e8s un avis d\u00e9favorable\u2026","rel":"","context":"&quot;D\u00e9cisions juridiques&quot; i\u00e7inde","block_context":{"text":"D\u00e9cisions juridiques","link":"https:\/\/kohenavocats.com\/category\/decisions-juridiques\/"},"img":{"alt_text":"","src":"https:\/\/i0.wp.com\/kohenavocats.com\/wp-content\/uploads\/2024\/08\/patrick-schneider-cFeRWofFkw8-unsplash.webp?resize=350%2C200&ssl=1","width":350,"height":200,"srcset":"https:\/\/i0.wp.com\/kohenavocats.com\/wp-content\/uploads\/2024\/08\/patrick-schneider-cFeRWofFkw8-unsplash.webp?resize=350%2C200&ssl=1 1x, https:\/\/i0.wp.com\/kohenavocats.com\/wp-content\/uploads\/2024\/08\/patrick-schneider-cFeRWofFkw8-unsplash.webp?resize=525%2C300&ssl=1 1.5x, https:\/\/i0.wp.com\/kohenavocats.com\/wp-content\/uploads\/2024\/08\/patrick-schneider-cFeRWofFkw8-unsplash.webp?resize=700%2C400&ssl=1 2x, https:\/\/i0.wp.com\/kohenavocats.com\/wp-content\/uploads\/2024\/08\/patrick-schneider-cFeRWofFkw8-unsplash.webp?resize=1050%2C600&ssl=1 3x, https:\/\/i0.wp.com\/kohenavocats.com\/wp-content\/uploads\/2024\/08\/patrick-schneider-cFeRWofFkw8-unsplash.webp?resize=1400%2C800&ssl=1 4x"},"classes":[]},{"id":322544,"url":"https:\/\/kohenavocats.com\/tr\/tribunal-judiciaire-de-marseille-le-25-juillet-2025-n24-03604\/","url_meta":{"origin":666158,"position":4},"title":"Tribunal judiciaire de Marseille, le 25 juillet 2025, n\u00b024\/03604","author":"Kohen","date":"9 \u015eubat 2026","format":false,"excerpt":"Le Tribunal judiciaire de Marseille, p\u00f4le social, statuant en premier ressort par jugement du 25 juillet 2025, a \u00e9t\u00e9 saisi d\u2019un recours form\u00e9 par un...","rel":"","context":"&quot;D\u00e9cisions juridiques&quot; i\u00e7inde","block_context":{"text":"D\u00e9cisions juridiques","link":"https:\/\/kohenavocats.com\/category\/decisions-juridiques\/"},"img":{"alt_text":"","src":"https:\/\/i0.wp.com\/kohenavocats.com\/wp-content\/uploads\/2024\/11\/xhiliana-CfCB8S-7RM4-unsplash.webp?resize=350%2C200&ssl=1","width":350,"height":200,"srcset":"https:\/\/i0.wp.com\/kohenavocats.com\/wp-content\/uploads\/2024\/11\/xhiliana-CfCB8S-7RM4-unsplash.webp?resize=350%2C200&ssl=1 1x, https:\/\/i0.wp.com\/kohenavocats.com\/wp-content\/uploads\/2024\/11\/xhiliana-CfCB8S-7RM4-unsplash.webp?resize=525%2C300&ssl=1 1.5x, https:\/\/i0.wp.com\/kohenavocats.com\/wp-content\/uploads\/2024\/11\/xhiliana-CfCB8S-7RM4-unsplash.webp?resize=700%2C400&ssl=1 2x, https:\/\/i0.wp.com\/kohenavocats.com\/wp-content\/uploads\/2024\/11\/xhiliana-CfCB8S-7RM4-unsplash.webp?resize=1050%2C600&ssl=1 3x, https:\/\/i0.wp.com\/kohenavocats.com\/wp-content\/uploads\/2024\/11\/xhiliana-CfCB8S-7RM4-unsplash.webp?resize=1400%2C800&ssl=1 4x"},"classes":[]},{"id":153031,"url":"https:\/\/kohenavocats.com\/tr\/tribunal-judiciaire-de-marseille-le-25-juillet-2025-n24-05342\/","url_meta":{"origin":666158,"position":5},"title":"Tribunal judiciaire de Marseille, le 25 juillet 2025, n\u00b024\/05342","author":"Kohen","date":"17 Kas\u0131m 2025","format":false,"excerpt":"Par un jugement du 25 juillet 2025 (P\u00f4le social du tribunal judiciaire de Marseille, n\u00b0 RG 24\/05342), la juridiction statue sur l\u2019ouverture d\u2019une pension de vieillesse pour inaptitude. Un assur\u00e9, n\u00e9 en 1961, a sollicit\u00e9 le 17 avril 2024 la reconnaissance d\u2019un taux d\u2019incapacit\u00e9 au moins \u00e9gal \u00e0 50 %,\u2026","rel":"","context":"&quot;D\u00e9cisions juridiques&quot; i\u00e7inde","block_context":{"text":"D\u00e9cisions juridiques","link":"https:\/\/kohenavocats.com\/category\/decisions-juridiques\/"},"img":{"alt_text":"","src":"https:\/\/i0.wp.com\/kohenavocats.com\/wp-content\/uploads\/2024\/11\/85gb-photo-DKP0bwBFP9I-unsplash.webp?resize=350%2C200&ssl=1","width":350,"height":200,"srcset":"https:\/\/i0.wp.com\/kohenavocats.com\/wp-content\/uploads\/2024\/11\/85gb-photo-DKP0bwBFP9I-unsplash.webp?resize=350%2C200&ssl=1 1x, https:\/\/i0.wp.com\/kohenavocats.com\/wp-content\/uploads\/2024\/11\/85gb-photo-DKP0bwBFP9I-unsplash.webp?resize=525%2C300&ssl=1 1.5x, https:\/\/i0.wp.com\/kohenavocats.com\/wp-content\/uploads\/2024\/11\/85gb-photo-DKP0bwBFP9I-unsplash.webp?resize=700%2C400&ssl=1 2x, https:\/\/i0.wp.com\/kohenavocats.com\/wp-content\/uploads\/2024\/11\/85gb-photo-DKP0bwBFP9I-unsplash.webp?resize=1050%2C600&ssl=1 3x, https:\/\/i0.wp.com\/kohenavocats.com\/wp-content\/uploads\/2024\/11\/85gb-photo-DKP0bwBFP9I-unsplash.webp?resize=1400%2C800&ssl=1 4x"},"classes":[]}],"jetpack_sharing_enabled":true,"_links":{"self":[{"href":"https:\/\/kohenavocats.com\/tr\/wp-json\/wp\/v2\/posts\/666158","targetHints":{"allow":["GET"]}}],"collection":[{"href":"https:\/\/kohenavocats.com\/tr\/wp-json\/wp\/v2\/posts"}],"about":[{"href":"https:\/\/kohenavocats.com\/tr\/wp-json\/wp\/v2\/types\/post"}],"author":[{"embeddable":true,"href":"https:\/\/kohenavocats.com\/tr\/wp-json\/wp\/v2\/users\/232070755"}],"replies":[{"embeddable":true,"href":"https:\/\/kohenavocats.com\/tr\/wp-json\/wp\/v2\/comments?post=666158"}],"version-history":[{"count":0,"href":"https:\/\/kohenavocats.com\/tr\/wp-json\/wp\/v2\/posts\/666158\/revisions"}],"wp:featuredmedia":[{"embeddable":true,"href":"https:\/\/kohenavocats.com\/tr\/wp-json\/wp\/v2\/media\/4885"}],"wp:attachment":[{"href":"https:\/\/kohenavocats.com\/tr\/wp-json\/wp\/v2\/media?parent=666158"}],"wp:term":[{"taxonomy":"category","embeddable":true,"href":"https:\/\/kohenavocats.com\/tr\/wp-json\/wp\/v2\/categories?post=666158"},{"taxonomy":"post_tag","embeddable":true,"href":"https:\/\/kohenavocats.com\/tr\/wp-json\/wp\/v2\/tags?post=666158"}],"curies":[{"name":"wp","href":"https:\/\/api.w.org\/{rel}","templated":true}]}}