{"id":666177,"date":"2026-04-24T01:04:33","date_gmt":"2026-04-23T23:04:33","guid":{"rendered":"https:\/\/kohenavocats.com\/cour-dappel-de-paris-le-9-juillet-2024-n23-12195\/"},"modified":"2026-04-24T01:04:33","modified_gmt":"2026-04-23T23:04:33","slug":"cour-dappel-de-paris-le-9-juillet-2024-n23-12195","status":"publish","type":"post","link":"https:\/\/kohenavocats.com\/tr\/cour-dappel-de-paris-le-9-juillet-2024-n23-12195\/","title":{"rendered":"Cour d&#8217;appel de Paris, le 9 juillet 2024, n\u00b023\/12195"},"content":{"rendered":"<div class=\"article-content\">\n<p>La cour d&#8217;appel de Paris, le 9 juillet 2024, statue sur le pourvoi form\u00e9 contre un jugement ayant rejet\u00e9 la demande en responsabilit\u00e9 d&#8217;un teneur de compte conservateur. Les h\u00e9ritiers d&#8217;un salari\u00e9 d\u00e9c\u00e9d\u00e9 reprochaient \u00e0 ce prestataire de ne pas les avoir inform\u00e9s d&#8217;une forte baisse de la valeur d&#8217;un plan d&#8217;\u00e9pargne entre le d\u00e9c\u00e8s et la liquidation. La cour confirme le jugement et rejette l&#8217;ensemble des griefs, pr\u00e9cisant le r\u00e9gime des obligations du teneur de compte envers les b\u00e9n\u00e9ficiaires de l&#8217;\u00e9pargne salariale.<\/p>\n<p>La qualification contractuelle du b\u00e9n\u00e9ficiaire exclut l&#8217;application des r\u00e8gles de bonne conduite g\u00e9n\u00e9rales.<\/p>\n<p>Le lien contractuel direct n&#8217;existe qu&#8217;entre le teneur de compte et l&#8217;entreprise employeuse, non avec le salari\u00e9 b\u00e9n\u00e9ficiaire. Le client au sens des textes r\u00e9gissant les prestataires de services d&#8217;investissement est donc uniquement l&#8217;employeur. Il s&#8217;ensuit que le salari\u00e9 n&#8217;ayant pas lui-m\u00eame la qualit\u00e9 de client du prestataire de services d&#8217;investissement teneur de comptes, les r\u00e8gles de bonne conduite du teneur de comptes \u00e0 son \u00e9gard ne sont pas d\u00e9termin\u00e9es par les textes du code mon\u00e9taire et financier. Cette analyse limite strictement le champ d&#8217;application des devoirs renforc\u00e9s de conseil et de mise en garde pr\u00e9vus par l&#8217;article L. 533-12 du code mon\u00e9taire et financier. Elle consacre une distinction nette entre la relation commerciale principale et les effets \u00e0 l&#8217;\u00e9gard des tiers b\u00e9n\u00e9ficiaires.<\/p>\n<p>Les obligations du teneur de compte envers le b\u00e9n\u00e9ficiaire trouvent n\u00e9anmoins source dans un faisceau de textes sp\u00e9cifiques et la convention. Le b\u00e9n\u00e9ficiaire peut se pr\u00e9valoir des engagements pris par le teneur envers l&#8217;entreprise en sa faveur, stipul\u00e9s au contrat. Il est \u00e9galement prot\u00e9g\u00e9 par les dispositions r\u00e9glementaires propres \u00e0 la tenue de compte dans le cadre de l&#8217;\u00e9pargne salariale, notamment les articles 322-12 et 322-76 du r\u00e8glement g\u00e9n\u00e9ral de l&#8217;AMF. Enfin, la responsabilit\u00e9 d\u00e9lictuelle de droit commun reste applicable en cas de faute. Ce cadre juridique pluraliste assure une protection effective du salari\u00e9, bien que d\u00e9riv\u00e9e et non directe.<\/p>\n<p>L&#8217;absence de manquement aux obligations d&#8217;information est \u00e9tablie au regard des circonstances de l&#8217;esp\u00e8ce.<\/p>\n<p>Les informations fournies \u00e9taient exactes et accompagn\u00e9es des mises en garde n\u00e9cessaires sur la volatilit\u00e9 des march\u00e9s. La communication de la valeur au jour du d\u00e9c\u00e8s, utile pour la d\u00e9claration de succession, \u00e9tait licite. La cour rel\u00e8ve que le grief manque en fait puisque la lettre du 14 f\u00e9vrier 2020 s&#8217;achevait sur l&#8217;avertissement suivant : &#8220;Il est \u00e0 noter que la valorisation des parts est soumise aux fluctuations boursi\u00e8res&#8221;. Cette appr\u00e9ciation in concreto souligne que l&#8217;obligation d&#8217;information ne commande pas un suivi continu de la valeur ou un devoir de conseil prospectif. Elle se contente d&#8217;exiger des donn\u00e9es exactes et des avertissements g\u00e9n\u00e9raux sur les risques.<\/p>\n<p>L&#8217;acc\u00e8s aux informations n&#8217;a pas \u00e9t\u00e9 ind\u00fbment entrav\u00e9 pendant la p\u00e9riode critique pr\u00e9c\u00e9dant la liquidation. Le blocage du compte en ligne \u00e0 la suite du d\u00e9c\u00e8s \u00e9tait une mesure de s\u00e9curit\u00e9 justifi\u00e9e. Les h\u00e9ritiers conservaient un autre canal de contact via une plateforme t\u00e9l\u00e9phonique. La cour constate que du 14 f\u00e9vrier 2020 jusqu&#8217;\u00e0 la d\u00e9cision prise le 14 mars 2020 de liquider le plan, les h\u00e9ritiers avaient donc acc\u00e8s \u00e0 l&#8217;information mise \u00e0 disposition. Cette analyse d\u00e9montre que l&#8217;obligation de moyens p\u00e8se sur le teneur de compte, qui doit mettre en place des dispositifs d&#8217;acc\u00e8s raisonnables. Elle n&#8217;est pas tenue \u00e0 une garantie de r\u00e9sultat quant \u00e0 la r\u00e9ception effective de l&#8217;information par le b\u00e9n\u00e9ficiaire.<\/p>\n<p>Cette d\u00e9cision clarifie le statut juridique du salari\u00e9 b\u00e9n\u00e9ficiaire d&#8217;un plan d&#8217;\u00e9pargne salariale. Elle \u00e9carte l&#8217;application du droit commun de la protection du client d&#8217;investissement, fond\u00e9 sur une relation contractuelle directe et une asym\u00e9trie d&#8217;information. La protection est assur\u00e9e par un r\u00e9gime sp\u00e9cial, combinant stipulation pour autrui, r\u00e9glementation sectorielle et droit commun de la responsabilit\u00e9. La port\u00e9e pratique est importante pour les teneurs de compte, qui doivent organiser leur information conform\u00e9ment \u00e0 la convention et aux articles 322-12 et 322-76 du r\u00e8glement g\u00e9n\u00e9ral de l&#8217;AMF. Enfin, la solution rappelle que l&#8217;obligation d&#8217;information ne comprend pas un devoir g\u00e9n\u00e9ral de conseil ou d&#8217;alerte sur les fluctuations des march\u00e9s, m\u00eame substantielles.<\/p>\n<\/div>\n","protected":false},"excerpt":{"rendered":"<p>La cour d&#8217;appel de Paris, le 9 juillet 2024, statue sur le pourvoi form\u00e9 contre un jugement ayant rejet\u00e9 la demande en responsabilit\u00e9 d&#8217;un teneur de compte c&#8230;<\/p>\n","protected":false},"author":232070755,"featured_media":9630,"comment_status":"open","ping_status":"open","sticky":false,"template":"","format":"standard","meta":{"_crdt_document":"","_jetpack_newsletter_access":"","_jetpack_dont_email_post_to_subs":false,"_jetpack_newsletter_tier_id":0,"_jetpack_memberships_contains_paywalled_content":false,"_kj_source_type":"judilibre","_kj_official_id":"68d4cdb7653faf0d09392a22","_kj_official_url":"https:\/\/www.courdecassation.fr\/decision\/68d4cdb7653faf0d09392a22","_kj_judilibre_id":"68d4cdb7653faf0d09392a22","_kj_jur":"Cour d'appel","_kj_lieu":"Cour d'appel de Paris","_kj_chambre":"P\u00f4le 5 - Chambre 6","_kj_rg":"23\/12195","_kj_date":"2025-09-24","_jetpack_memberships_contains_paid_content":false,"footnotes":"","jetpack_post_was_ever_published":false},"categories":[7597],"tags":[],"class_list":["post-666177","post","type-post","status-publish","format-standard","has-post-thumbnail","hentry","category-jurisprudence"],"yoast_head":"<!-- This site is optimized with the Yoast SEO Premium plugin v27.5 (Yoast SEO v27.5) - https:\/\/yoast.com\/product\/yoast-seo-premium-wordpress\/ -->\n<title>Cour d&#039;appel de Paris, le 9 juillet 2024, n\u00b023\/12195 - Ma\u00eetre Hassan Kohen, avocat en droit p\u00e9nal \u00e0 Paris<\/title>\n<meta name=\"description\" content=\"La cour d&#039;appel de Paris, le 9 juillet 2024, statue sur le pourvoi form\u00e9 contre un jugement ayant rejet\u00e9 la demande en responsabilit\u00e9 d&#039;un teneur de compte c...\" \/>\n<meta name=\"robots\" content=\"index, follow, max-snippet:-1, max-image-preview:large, max-video-preview:-1\" \/>\n<link rel=\"canonical\" href=\"https:\/\/kohenavocats.com\/tr\/cour-dappel-de-paris-le-9-juillet-2024-n23-12195\/\" \/>\n<meta property=\"og:locale\" content=\"tr_TR\" \/>\n<meta property=\"og:type\" content=\"article\" \/>\n<meta property=\"og:title\" content=\"Cour d&#039;appel de Paris, le 9 juillet 2024, n\u00b023\/12195\" \/>\n<meta property=\"og:description\" content=\"La cour d&#039;appel de Paris, le 9 juillet 2024, statue sur le pourvoi form\u00e9 contre un jugement ayant rejet\u00e9 la demande en responsabilit\u00e9 d&#039;un teneur de compte c...\" \/>\n<meta property=\"og:url\" content=\"https:\/\/kohenavocats.com\/tr\/cour-dappel-de-paris-le-9-juillet-2024-n23-12195\/\" \/>\n<meta property=\"og:site_name\" content=\"Ma\u00eetre Hassan Kohen, avocat en droit p\u00e9nal \u00e0 Paris\" \/>\n<meta property=\"article:published_time\" content=\"2026-04-23T23:04:33+00:00\" \/>\n<meta property=\"og:image\" content=\"https:\/\/kohenavocats.com\/wp-content\/uploads\/2024\/11\/chris-barbalis-2t1i0nXa-BI-unsplash.webp\" \/>\n\t<meta property=\"og:image:width\" content=\"5891\" \/>\n\t<meta property=\"og:image:height\" content=\"3321\" \/>\n\t<meta property=\"og:image:type\" content=\"image\/webp\" \/>\n<meta name=\"author\" content=\"Kohen\" \/>\n<meta name=\"twitter:card\" content=\"summary_large_image\" \/>\n<meta name=\"twitter:label1\" content=\"Yazan:\" \/>\n\t<meta name=\"twitter:data1\" content=\"Kohen\" \/>\n\t<meta name=\"twitter:label2\" content=\"Tahmini okuma s\u00fcresi\" \/>\n\t<meta name=\"twitter:data2\" content=\"4 dakika\" \/>\n<script type=\"application\/ld+json\" class=\"yoast-schema-graph\">{\"@context\":\"https:\\\/\\\/schema.org\",\"@graph\":[{\"@type\":\"Article\",\"@id\":\"https:\\\/\\\/kohenavocats.com\\\/tr\\\/cour-dappel-de-paris-le-9-juillet-2024-n23-12195\\\/#article\",\"isPartOf\":{\"@id\":\"https:\\\/\\\/kohenavocats.com\\\/tr\\\/cour-dappel-de-paris-le-9-juillet-2024-n23-12195\\\/\"},\"author\":{\"name\":\"Kohen\",\"@id\":\"https:\\\/\\\/kohenavocats.com\\\/tr\\\/#\\\/schema\\\/person\\\/761c9ba54fa1ca84d405cef0831ff751\"},\"headline\":\"Cour d&#8217;appel de Paris, le 9 juillet 2024, n\u00b023\\\/12195\",\"datePublished\":\"2026-04-23T23:04:33+00:00\",\"mainEntityOfPage\":{\"@id\":\"https:\\\/\\\/kohenavocats.com\\\/tr\\\/cour-dappel-de-paris-le-9-juillet-2024-n23-12195\\\/\"},\"wordCount\":796,\"commentCount\":0,\"publisher\":{\"@id\":\"https:\\\/\\\/kohenavocats.com\\\/tr\\\/#organization\"},\"image\":{\"@id\":\"https:\\\/\\\/kohenavocats.com\\\/tr\\\/cour-dappel-de-paris-le-9-juillet-2024-n23-12195\\\/#primaryimage\"},\"thumbnailUrl\":\"https:\\\/\\\/kohenavocats.com\\\/wp-content\\\/uploads\\\/2024\\\/11\\\/chris-barbalis-2t1i0nXa-BI-unsplash.webp\",\"articleSection\":[\"Jurisprudence\"],\"inLanguage\":\"tr\",\"potentialAction\":[{\"@type\":\"CommentAction\",\"name\":\"Comment\",\"target\":[\"https:\\\/\\\/kohenavocats.com\\\/tr\\\/cour-dappel-de-paris-le-9-juillet-2024-n23-12195\\\/#respond\"]}],\"citation\":\"Cour d&#8217;appel de Paris, le 9 juillet 2024, n\u00b023\\\/12195\",\"about\":[{\"@type\":\"Thing\",\"name\":\"Jurisprudence\"}],\"dateModified\":\"2026-04-23T23:04:33+00:00\",\"speakable\":{\"@type\":\"SpeakableSpecification\",\"cssSelector\":[\".article-content > p:first-of-type\"]}},{\"@type\":\"WebPage\",\"@id\":\"https:\\\/\\\/kohenavocats.com\\\/tr\\\/cour-dappel-de-paris-le-9-juillet-2024-n23-12195\\\/\",\"url\":\"https:\\\/\\\/kohenavocats.com\\\/tr\\\/cour-dappel-de-paris-le-9-juillet-2024-n23-12195\\\/\",\"name\":\"Cour d'appel de Paris, le 9 juillet 2024, n\u00b023\\\/12195 - Ma\u00eetre Hassan Kohen, avocat en droit p\u00e9nal \u00e0 Paris\",\"isPartOf\":{\"@id\":\"https:\\\/\\\/kohenavocats.com\\\/tr\\\/#website\"},\"primaryImageOfPage\":{\"@id\":\"https:\\\/\\\/kohenavocats.com\\\/tr\\\/cour-dappel-de-paris-le-9-juillet-2024-n23-12195\\\/#primaryimage\"},\"image\":{\"@id\":\"https:\\\/\\\/kohenavocats.com\\\/tr\\\/cour-dappel-de-paris-le-9-juillet-2024-n23-12195\\\/#primaryimage\"},\"thumbnailUrl\":\"https:\\\/\\\/kohenavocats.com\\\/wp-content\\\/uploads\\\/2024\\\/11\\\/chris-barbalis-2t1i0nXa-BI-unsplash.webp\",\"datePublished\":\"2026-04-23T23:04:33+00:00\",\"description\":\"La cour d'appel de Paris, le 9 juillet 2024, statue sur le pourvoi form\u00e9 contre un jugement ayant rejet\u00e9 la demande en responsabilit\u00e9 d'un teneur de compte c...\",\"breadcrumb\":{\"@id\":\"https:\\\/\\\/kohenavocats.com\\\/tr\\\/cour-dappel-de-paris-le-9-juillet-2024-n23-12195\\\/#breadcrumb\"},\"inLanguage\":\"tr\",\"potentialAction\":[{\"@type\":\"ReadAction\",\"target\":[\"https:\\\/\\\/kohenavocats.com\\\/tr\\\/cour-dappel-de-paris-le-9-juillet-2024-n23-12195\\\/\"]}]},{\"@type\":\"ImageObject\",\"inLanguage\":\"tr\",\"@id\":\"https:\\\/\\\/kohenavocats.com\\\/tr\\\/cour-dappel-de-paris-le-9-juillet-2024-n23-12195\\\/#primaryimage\",\"url\":\"https:\\\/\\\/kohenavocats.com\\\/wp-content\\\/uploads\\\/2024\\\/11\\\/chris-barbalis-2t1i0nXa-BI-unsplash.webp\",\"contentUrl\":\"https:\\\/\\\/kohenavocats.com\\\/wp-content\\\/uploads\\\/2024\\\/11\\\/chris-barbalis-2t1i0nXa-BI-unsplash.webp\",\"width\":5891,\"height\":3321},{\"@type\":\"BreadcrumbList\",\"@id\":\"https:\\\/\\\/kohenavocats.com\\\/tr\\\/cour-dappel-de-paris-le-9-juillet-2024-n23-12195\\\/#breadcrumb\",\"itemListElement\":[{\"@type\":\"ListItem\",\"position\":1,\"name\":\"Home\",\"item\":\"https:\\\/\\\/kohenavocats.com\\\/tr\\\/avocats-en-droit-penal-a-paris-conseil-et-defense-strategique\\\/\"},{\"@type\":\"ListItem\",\"position\":2,\"name\":\"Cour d&rsquo;appel de Paris, le 9 juillet 2024, n\u00b023\\\/12195\"}]},{\"@type\":\"WebSite\",\"@id\":\"https:\\\/\\\/kohenavocats.com\\\/tr\\\/#website\",\"url\":\"https:\\\/\\\/kohenavocats.com\\\/tr\\\/\",\"name\":\"Kohen Avocats\",\"description\":\"Ma\u00eetre Hassan Kohen, avocat p\u00e9naliste \u00e0 Paris, intervient exclusivement en droit p\u00e9nal pour la d\u00e9fense des particuliers, notamment en mati\u00e8re d\u2019accusations de viol. Il assure un accompagnement rigoureux d\u00e8s la garde \u00e0 vue jusqu\u2019\u00e0 la Cour d\u2019assises, veillant au strict respect des garanties proc\u00e9durales.\",\"publisher\":{\"@id\":\"https:\\\/\\\/kohenavocats.com\\\/tr\\\/#organization\"},\"potentialAction\":[{\"@type\":\"SearchAction\",\"target\":{\"@type\":\"EntryPoint\",\"urlTemplate\":\"https:\\\/\\\/kohenavocats.com\\\/tr\\\/?s={search_term_string}\"},\"query-input\":{\"@type\":\"PropertyValueSpecification\",\"valueRequired\":true,\"valueName\":\"search_term_string\"}}],\"inLanguage\":\"tr\"},{\"@type\":\"Organization\",\"@id\":\"https:\\\/\\\/kohenavocats.com\\\/tr\\\/#organization\",\"name\":\"Kohen Avocats\",\"url\":\"https:\\\/\\\/kohenavocats.com\\\/tr\\\/\",\"logo\":{\"@type\":\"ImageObject\",\"inLanguage\":\"tr\",\"@id\":\"https:\\\/\\\/kohenavocats.com\\\/tr\\\/#\\\/schema\\\/logo\\\/image\\\/\",\"url\":\"https:\\\/\\\/kohenavocats.com\\\/wp-content\\\/uploads\\\/2026\\\/01\\\/Logo-2-1.webp\",\"contentUrl\":\"https:\\\/\\\/kohenavocats.com\\\/wp-content\\\/uploads\\\/2026\\\/01\\\/Logo-2-1.webp\",\"width\":2114,\"height\":1253,\"caption\":\"Kohen Avocats\"},\"image\":{\"@id\":\"https:\\\/\\\/kohenavocats.com\\\/tr\\\/#\\\/schema\\\/logo\\\/image\\\/\"}},{\"@type\":\"Person\",\"@id\":\"https:\\\/\\\/kohenavocats.com\\\/tr\\\/#\\\/schema\\\/person\\\/761c9ba54fa1ca84d405cef0831ff751\",\"name\":\"Kohen\",\"image\":{\"@type\":\"ImageObject\",\"inLanguage\":\"tr\",\"@id\":\"https:\\\/\\\/secure.gravatar.com\\\/avatar\\\/1c5e76ef76bbbfdd2b4da984e2bf2fa4056fd51a27d25ce2c332047f1dfd6e00?s=96&d=identicon&r=g\",\"url\":\"https:\\\/\\\/secure.gravatar.com\\\/avatar\\\/1c5e76ef76bbbfdd2b4da984e2bf2fa4056fd51a27d25ce2c332047f1dfd6e00?s=96&d=identicon&r=g\",\"contentUrl\":\"https:\\\/\\\/secure.gravatar.com\\\/avatar\\\/1c5e76ef76bbbfdd2b4da984e2bf2fa4056fd51a27d25ce2c332047f1dfd6e00?s=96&d=identicon&r=g\",\"caption\":\"Kohen\"},\"sameAs\":[\"https:\\\/\\\/www.linkedin.com\\\/in\\\/hassan-kohen-448548192\\\/\",\"https:\\\/\\\/www.youtube.com\\\/@Kohen-Avocats\"],\"url\":\"https:\\\/\\\/kohenavocats.com\\\/tr\\\/author\\\/kohenmlk\\\/\"}]}<\/script>\n<!-- \/ Yoast SEO Premium plugin. -->","yoast_head_json":{"title":"Cour d'appel de Paris, le 9 juillet 2024, n\u00b023\/12195 - Ma\u00eetre Hassan Kohen, avocat en droit p\u00e9nal \u00e0 Paris","description":"La cour d'appel de Paris, le 9 juillet 2024, statue sur le pourvoi form\u00e9 contre un jugement ayant rejet\u00e9 la demande en responsabilit\u00e9 d'un teneur de compte c...","robots":{"index":"index","follow":"follow","max-snippet":"max-snippet:-1","max-image-preview":"max-image-preview:large","max-video-preview":"max-video-preview:-1"},"canonical":"https:\/\/kohenavocats.com\/tr\/cour-dappel-de-paris-le-9-juillet-2024-n23-12195\/","og_locale":"tr_TR","og_type":"article","og_title":"Cour d'appel de Paris, le 9 juillet 2024, n\u00b023\/12195","og_description":"La cour d'appel de Paris, le 9 juillet 2024, statue sur le pourvoi form\u00e9 contre un jugement ayant rejet\u00e9 la demande en responsabilit\u00e9 d'un teneur de compte c...","og_url":"https:\/\/kohenavocats.com\/tr\/cour-dappel-de-paris-le-9-juillet-2024-n23-12195\/","og_site_name":"Ma\u00eetre Hassan Kohen, avocat en droit p\u00e9nal \u00e0 Paris","article_published_time":"2026-04-23T23:04:33+00:00","og_image":[{"width":5891,"height":3321,"url":"https:\/\/kohenavocats.com\/wp-content\/uploads\/2024\/11\/chris-barbalis-2t1i0nXa-BI-unsplash.webp","type":"image\/webp"}],"author":"Kohen","twitter_card":"summary_large_image","twitter_misc":{"Yazan:":"Kohen","Tahmini okuma s\u00fcresi":"4 dakika"},"schema":{"@context":"https:\/\/schema.org","@graph":[{"@type":"Article","@id":"https:\/\/kohenavocats.com\/tr\/cour-dappel-de-paris-le-9-juillet-2024-n23-12195\/#article","isPartOf":{"@id":"https:\/\/kohenavocats.com\/tr\/cour-dappel-de-paris-le-9-juillet-2024-n23-12195\/"},"author":{"name":"Kohen","@id":"https:\/\/kohenavocats.com\/tr\/#\/schema\/person\/761c9ba54fa1ca84d405cef0831ff751"},"headline":"Cour d&#8217;appel de Paris, le 9 juillet 2024, n\u00b023\/12195","datePublished":"2026-04-23T23:04:33+00:00","mainEntityOfPage":{"@id":"https:\/\/kohenavocats.com\/tr\/cour-dappel-de-paris-le-9-juillet-2024-n23-12195\/"},"wordCount":796,"commentCount":0,"publisher":{"@id":"https:\/\/kohenavocats.com\/tr\/#organization"},"image":{"@id":"https:\/\/kohenavocats.com\/tr\/cour-dappel-de-paris-le-9-juillet-2024-n23-12195\/#primaryimage"},"thumbnailUrl":"https:\/\/kohenavocats.com\/wp-content\/uploads\/2024\/11\/chris-barbalis-2t1i0nXa-BI-unsplash.webp","articleSection":["Jurisprudence"],"inLanguage":"tr","potentialAction":[{"@type":"CommentAction","name":"Comment","target":["https:\/\/kohenavocats.com\/tr\/cour-dappel-de-paris-le-9-juillet-2024-n23-12195\/#respond"]}],"citation":"Cour d&#8217;appel de Paris, le 9 juillet 2024, n\u00b023\/12195","about":[{"@type":"Thing","name":"Jurisprudence"}],"dateModified":"2026-04-23T23:04:33+00:00","speakable":{"@type":"SpeakableSpecification","cssSelector":[".article-content > p:first-of-type"]}},{"@type":"WebPage","@id":"https:\/\/kohenavocats.com\/tr\/cour-dappel-de-paris-le-9-juillet-2024-n23-12195\/","url":"https:\/\/kohenavocats.com\/tr\/cour-dappel-de-paris-le-9-juillet-2024-n23-12195\/","name":"Cour d'appel de Paris, le 9 juillet 2024, n\u00b023\/12195 - Ma\u00eetre Hassan Kohen, avocat en droit p\u00e9nal \u00e0 Paris","isPartOf":{"@id":"https:\/\/kohenavocats.com\/tr\/#website"},"primaryImageOfPage":{"@id":"https:\/\/kohenavocats.com\/tr\/cour-dappel-de-paris-le-9-juillet-2024-n23-12195\/#primaryimage"},"image":{"@id":"https:\/\/kohenavocats.com\/tr\/cour-dappel-de-paris-le-9-juillet-2024-n23-12195\/#primaryimage"},"thumbnailUrl":"https:\/\/kohenavocats.com\/wp-content\/uploads\/2024\/11\/chris-barbalis-2t1i0nXa-BI-unsplash.webp","datePublished":"2026-04-23T23:04:33+00:00","description":"La cour d'appel de Paris, le 9 juillet 2024, statue sur le pourvoi form\u00e9 contre un jugement ayant rejet\u00e9 la demande en responsabilit\u00e9 d'un teneur de compte c...","breadcrumb":{"@id":"https:\/\/kohenavocats.com\/tr\/cour-dappel-de-paris-le-9-juillet-2024-n23-12195\/#breadcrumb"},"inLanguage":"tr","potentialAction":[{"@type":"ReadAction","target":["https:\/\/kohenavocats.com\/tr\/cour-dappel-de-paris-le-9-juillet-2024-n23-12195\/"]}]},{"@type":"ImageObject","inLanguage":"tr","@id":"https:\/\/kohenavocats.com\/tr\/cour-dappel-de-paris-le-9-juillet-2024-n23-12195\/#primaryimage","url":"https:\/\/kohenavocats.com\/wp-content\/uploads\/2024\/11\/chris-barbalis-2t1i0nXa-BI-unsplash.webp","contentUrl":"https:\/\/kohenavocats.com\/wp-content\/uploads\/2024\/11\/chris-barbalis-2t1i0nXa-BI-unsplash.webp","width":5891,"height":3321},{"@type":"BreadcrumbList","@id":"https:\/\/kohenavocats.com\/tr\/cour-dappel-de-paris-le-9-juillet-2024-n23-12195\/#breadcrumb","itemListElement":[{"@type":"ListItem","position":1,"name":"Home","item":"https:\/\/kohenavocats.com\/tr\/avocats-en-droit-penal-a-paris-conseil-et-defense-strategique\/"},{"@type":"ListItem","position":2,"name":"Cour d&rsquo;appel de Paris, le 9 juillet 2024, n\u00b023\/12195"}]},{"@type":"WebSite","@id":"https:\/\/kohenavocats.com\/tr\/#website","url":"https:\/\/kohenavocats.com\/tr\/","name":"Kohen Avocats","description":"Ma\u00eetre Hassan Kohen, avocat p\u00e9naliste \u00e0 Paris, intervient exclusivement en droit p\u00e9nal pour la d\u00e9fense des particuliers, notamment en mati\u00e8re d\u2019accusations de viol. Il assure un accompagnement rigoureux d\u00e8s la garde \u00e0 vue jusqu\u2019\u00e0 la Cour d\u2019assises, veillant au strict respect des garanties proc\u00e9durales.","publisher":{"@id":"https:\/\/kohenavocats.com\/tr\/#organization"},"potentialAction":[{"@type":"SearchAction","target":{"@type":"EntryPoint","urlTemplate":"https:\/\/kohenavocats.com\/tr\/?s={search_term_string}"},"query-input":{"@type":"PropertyValueSpecification","valueRequired":true,"valueName":"search_term_string"}}],"inLanguage":"tr"},{"@type":"Organization","@id":"https:\/\/kohenavocats.com\/tr\/#organization","name":"Kohen Avocats","url":"https:\/\/kohenavocats.com\/tr\/","logo":{"@type":"ImageObject","inLanguage":"tr","@id":"https:\/\/kohenavocats.com\/tr\/#\/schema\/logo\/image\/","url":"https:\/\/kohenavocats.com\/wp-content\/uploads\/2026\/01\/Logo-2-1.webp","contentUrl":"https:\/\/kohenavocats.com\/wp-content\/uploads\/2026\/01\/Logo-2-1.webp","width":2114,"height":1253,"caption":"Kohen Avocats"},"image":{"@id":"https:\/\/kohenavocats.com\/tr\/#\/schema\/logo\/image\/"}},{"@type":"Person","@id":"https:\/\/kohenavocats.com\/tr\/#\/schema\/person\/761c9ba54fa1ca84d405cef0831ff751","name":"Kohen","image":{"@type":"ImageObject","inLanguage":"tr","@id":"https:\/\/secure.gravatar.com\/avatar\/1c5e76ef76bbbfdd2b4da984e2bf2fa4056fd51a27d25ce2c332047f1dfd6e00?s=96&d=identicon&r=g","url":"https:\/\/secure.gravatar.com\/avatar\/1c5e76ef76bbbfdd2b4da984e2bf2fa4056fd51a27d25ce2c332047f1dfd6e00?s=96&d=identicon&r=g","contentUrl":"https:\/\/secure.gravatar.com\/avatar\/1c5e76ef76bbbfdd2b4da984e2bf2fa4056fd51a27d25ce2c332047f1dfd6e00?s=96&d=identicon&r=g","caption":"Kohen"},"sameAs":["https:\/\/www.linkedin.com\/in\/hassan-kohen-448548192\/","https:\/\/www.youtube.com\/@Kohen-Avocats"],"url":"https:\/\/kohenavocats.com\/tr\/author\/kohenmlk\/"}]}},"jetpack_featured_media_url":"https:\/\/kohenavocats.com\/wp-content\/uploads\/2024\/11\/chris-barbalis-2t1i0nXa-BI-unsplash.webp","jetpack_likes_enabled":false,"jetpack_shortlink":"https:\/\/wp.me\/peCrII-2NiN","jetpack-related-posts":[{"id":60144,"url":"https:\/\/kohenavocats.com\/tr\/epargne-salariale-convention-idcc-953\/","url_meta":{"origin":666177,"position":0},"title":"Epargne salariale &#8211; Convention IDCC 953","author":"Kohen","date":"9 Kas\u0131m 2025","format":false,"excerpt":"Accueil > Conventions collectives > Convention collective nationale de la ch > \u2190 Retour \u00e0 la convention IDCC 953 IDCC : 953 Type : AVENANT \u00c9tat : Date du texte : 2003-07-07 Derni\u00e8re modification : 2003-07-07 Champ d'application professionnel et g\u00e9ographique Article 1 Les entreprises susceptibles d'adh\u00e9rer \" au(x) plan(s)\u2026","rel":"","context":"&quot;Hide&quot; i\u00e7inde","block_context":{"text":"Hide","link":"https:\/\/kohenavocats.com\/category\/hide\/"},"img":{"alt_text":"","src":"https:\/\/i0.wp.com\/kohenavocats.com\/wp-content\/uploads\/2024\/11\/gabriella-clare-marino-K7jFghPMaFo-unsplash.webp?resize=350%2C200&ssl=1","width":350,"height":200,"srcset":"https:\/\/i0.wp.com\/kohenavocats.com\/wp-content\/uploads\/2024\/11\/gabriella-clare-marino-K7jFghPMaFo-unsplash.webp?resize=350%2C200&ssl=1 1x, https:\/\/i0.wp.com\/kohenavocats.com\/wp-content\/uploads\/2024\/11\/gabriella-clare-marino-K7jFghPMaFo-unsplash.webp?resize=525%2C300&ssl=1 1.5x, https:\/\/i0.wp.com\/kohenavocats.com\/wp-content\/uploads\/2024\/11\/gabriella-clare-marino-K7jFghPMaFo-unsplash.webp?resize=700%2C400&ssl=1 2x, https:\/\/i0.wp.com\/kohenavocats.com\/wp-content\/uploads\/2024\/11\/gabriella-clare-marino-K7jFghPMaFo-unsplash.webp?resize=1050%2C600&ssl=1 3x, https:\/\/i0.wp.com\/kohenavocats.com\/wp-content\/uploads\/2024\/11\/gabriella-clare-marino-K7jFghPMaFo-unsplash.webp?resize=1400%2C800&ssl=1 4x"},"classes":[]},{"id":544141,"url":"https:\/\/kohenavocats.com\/tr\/cour-dappel-de-paris-le-24-septembre-2025-n23-12195\/","url_meta":{"origin":666177,"position":1},"title":"Cour d&#8217;appel de Paris, le 24 septembre 2025, n\u00b023\/12195","author":"Kohen","date":"9 Nisan 2026","format":false,"excerpt":"La cour d'appel de Paris, le 9 juillet 2024, statue sur le pourvoi form\u00e9 contre un jugement ayant rejet\u00e9 la demande en responsabilit\u00e9 d'un teneur de...","rel":"","context":"&quot;Cour d'appel&quot; i\u00e7inde","block_context":{"text":"Cour d'appel","link":"https:\/\/kohenavocats.com\/category\/cour-dappel\/"},"img":{"alt_text":"","src":"https:\/\/i0.wp.com\/kohenavocats.com\/wp-content\/uploads\/2024\/11\/pawel-czerwinski-Tok1lhwcd6w-unsplash.webp?resize=350%2C200&ssl=1","width":350,"height":200,"srcset":"https:\/\/i0.wp.com\/kohenavocats.com\/wp-content\/uploads\/2024\/11\/pawel-czerwinski-Tok1lhwcd6w-unsplash.webp?resize=350%2C200&ssl=1 1x, https:\/\/i0.wp.com\/kohenavocats.com\/wp-content\/uploads\/2024\/11\/pawel-czerwinski-Tok1lhwcd6w-unsplash.webp?resize=525%2C300&ssl=1 1.5x, https:\/\/i0.wp.com\/kohenavocats.com\/wp-content\/uploads\/2024\/11\/pawel-czerwinski-Tok1lhwcd6w-unsplash.webp?resize=700%2C400&ssl=1 2x, https:\/\/i0.wp.com\/kohenavocats.com\/wp-content\/uploads\/2024\/11\/pawel-czerwinski-Tok1lhwcd6w-unsplash.webp?resize=1050%2C600&ssl=1 3x, https:\/\/i0.wp.com\/kohenavocats.com\/wp-content\/uploads\/2024\/11\/pawel-czerwinski-Tok1lhwcd6w-unsplash.webp?resize=1400%2C800&ssl=1 4x"},"classes":[]},{"id":33124,"url":"https:\/\/kohenavocats.com\/tr\/epargne-salariale-convention-idcc-1760\/","url_meta":{"origin":666177,"position":2},"title":"Epargne salariale        &#8211; Convention IDCC 1760","author":"Kohen","date":"5 Kas\u0131m 2025","format":false,"excerpt":"Accueil > Conventions collectives > Convention collective nationale des jard > \u2190 Retour \u00e0 la convention IDCC 1760 IDCC : 1760 Type : Accord \u00c9tat : Date du texte : 2010-01-27 Derni\u00e8re modification : 2012-09-18 Chapitre Ier Accord-cadre concernant l'\u00e9pargne salariale et pr\u00e9sentant les dispositions communes Article 1.1 - Objet\u2026","rel":"","context":"&quot;6923&quot; i\u00e7inde","block_context":{"text":"6923","link":"https:\/\/kohenavocats.com\/category\/6923\/"},"img":{"alt_text":"","src":"https:\/\/i0.wp.com\/kohenavocats.com\/wp-content\/uploads\/2024\/07\/prateek-katyal-_YzGQvASeMk-unsplash.webp?resize=350%2C200&ssl=1","width":350,"height":200,"srcset":"https:\/\/i0.wp.com\/kohenavocats.com\/wp-content\/uploads\/2024\/07\/prateek-katyal-_YzGQvASeMk-unsplash.webp?resize=350%2C200&ssl=1 1x, https:\/\/i0.wp.com\/kohenavocats.com\/wp-content\/uploads\/2024\/07\/prateek-katyal-_YzGQvASeMk-unsplash.webp?resize=525%2C300&ssl=1 1.5x, https:\/\/i0.wp.com\/kohenavocats.com\/wp-content\/uploads\/2024\/07\/prateek-katyal-_YzGQvASeMk-unsplash.webp?resize=700%2C400&ssl=1 2x, https:\/\/i0.wp.com\/kohenavocats.com\/wp-content\/uploads\/2024\/07\/prateek-katyal-_YzGQvASeMk-unsplash.webp?resize=1050%2C600&ssl=1 3x, https:\/\/i0.wp.com\/kohenavocats.com\/wp-content\/uploads\/2024\/07\/prateek-katyal-_YzGQvASeMk-unsplash.webp?resize=1400%2C800&ssl=1 4x"},"classes":[]},{"id":41568,"url":"https:\/\/kohenavocats.com\/tr\/epargne-salariale-convention-idcc-1557\/","url_meta":{"origin":666177,"position":3},"title":"Epargne salariale &#8211; Convention IDCC 1557","author":"Kohen","date":"7 Kas\u0131m 2025","format":false,"excerpt":"Accueil > Conventions collectives > Convention collective nationale du comme > \u2190 Retour \u00e0 la convention IDCC 1557 IDCC : 1557 Type : Accord \u00c9tat : Date du texte : 2008-10-22 Derni\u00e8re modification : 2009-04-23 Chapitre Ier Accord-cadre concernant l'\u00e9pargne salariale et pr\u00e9sentant les dispositions communes Article 1.1 - Objet\u2026","rel":"","context":"&quot;6920&quot; i\u00e7inde","block_context":{"text":"6920","link":"https:\/\/kohenavocats.com\/category\/6920\/"},"img":{"alt_text":"","src":"https:\/\/i0.wp.com\/kohenavocats.com\/wp-content\/uploads\/2024\/08\/diane-picchiottino-PeF-Q-zRVSA-unsplash.webp?resize=350%2C200&ssl=1","width":350,"height":200,"srcset":"https:\/\/i0.wp.com\/kohenavocats.com\/wp-content\/uploads\/2024\/08\/diane-picchiottino-PeF-Q-zRVSA-unsplash.webp?resize=350%2C200&ssl=1 1x, https:\/\/i0.wp.com\/kohenavocats.com\/wp-content\/uploads\/2024\/08\/diane-picchiottino-PeF-Q-zRVSA-unsplash.webp?resize=525%2C300&ssl=1 1.5x, https:\/\/i0.wp.com\/kohenavocats.com\/wp-content\/uploads\/2024\/08\/diane-picchiottino-PeF-Q-zRVSA-unsplash.webp?resize=700%2C400&ssl=1 2x, https:\/\/i0.wp.com\/kohenavocats.com\/wp-content\/uploads\/2024\/08\/diane-picchiottino-PeF-Q-zRVSA-unsplash.webp?resize=1050%2C600&ssl=1 3x, https:\/\/i0.wp.com\/kohenavocats.com\/wp-content\/uploads\/2024\/08\/diane-picchiottino-PeF-Q-zRVSA-unsplash.webp?resize=1400%2C800&ssl=1 4x"},"classes":[]},{"id":54340,"url":"https:\/\/kohenavocats.com\/tr\/epargne-salariale-convention-idcc-1504\/","url_meta":{"origin":666177,"position":4},"title":"Epargne salariale &#8211; Convention IDCC 1504","author":"Kohen","date":"8 Kas\u0131m 2025","format":false,"excerpt":"Accueil > Conventions collectives > Convention collective nationale de la po > \u2190 Retour \u00e0 la convention IDCC 1504 IDCC : 1504 Type : AVENANT \u00c9tat : Date du texte : 2003-10-28 Derni\u00e8re modification : 2008-07-17 Information des partenaires sociaux. Article 3 - Epargne salariale Prisme Epargne est charg\u00e9 de\u2026","rel":"","context":"&quot;Hide&quot; i\u00e7inde","block_context":{"text":"Hide","link":"https:\/\/kohenavocats.com\/category\/hide\/"},"img":{"alt_text":"","src":"https:\/\/i0.wp.com\/kohenavocats.com\/wp-content\/uploads\/2024\/11\/zyanya-citlalli-rHPdKZUQqv4-unsplash.webp?resize=350%2C200&ssl=1","width":350,"height":200,"srcset":"https:\/\/i0.wp.com\/kohenavocats.com\/wp-content\/uploads\/2024\/11\/zyanya-citlalli-rHPdKZUQqv4-unsplash.webp?resize=350%2C200&ssl=1 1x, https:\/\/i0.wp.com\/kohenavocats.com\/wp-content\/uploads\/2024\/11\/zyanya-citlalli-rHPdKZUQqv4-unsplash.webp?resize=525%2C300&ssl=1 1.5x, https:\/\/i0.wp.com\/kohenavocats.com\/wp-content\/uploads\/2024\/11\/zyanya-citlalli-rHPdKZUQqv4-unsplash.webp?resize=700%2C400&ssl=1 2x, https:\/\/i0.wp.com\/kohenavocats.com\/wp-content\/uploads\/2024\/11\/zyanya-citlalli-rHPdKZUQqv4-unsplash.webp?resize=1050%2C600&ssl=1 3x, https:\/\/i0.wp.com\/kohenavocats.com\/wp-content\/uploads\/2024\/11\/zyanya-citlalli-rHPdKZUQqv4-unsplash.webp?resize=1400%2C800&ssl=1 4x"},"classes":[]}],"jetpack_sharing_enabled":true,"_links":{"self":[{"href":"https:\/\/kohenavocats.com\/tr\/wp-json\/wp\/v2\/posts\/666177","targetHints":{"allow":["GET"]}}],"collection":[{"href":"https:\/\/kohenavocats.com\/tr\/wp-json\/wp\/v2\/posts"}],"about":[{"href":"https:\/\/kohenavocats.com\/tr\/wp-json\/wp\/v2\/types\/post"}],"author":[{"embeddable":true,"href":"https:\/\/kohenavocats.com\/tr\/wp-json\/wp\/v2\/users\/232070755"}],"replies":[{"embeddable":true,"href":"https:\/\/kohenavocats.com\/tr\/wp-json\/wp\/v2\/comments?post=666177"}],"version-history":[{"count":0,"href":"https:\/\/kohenavocats.com\/tr\/wp-json\/wp\/v2\/posts\/666177\/revisions"}],"wp:featuredmedia":[{"embeddable":true,"href":"https:\/\/kohenavocats.com\/tr\/wp-json\/wp\/v2\/media\/9630"}],"wp:attachment":[{"href":"https:\/\/kohenavocats.com\/tr\/wp-json\/wp\/v2\/media?parent=666177"}],"wp:term":[{"taxonomy":"category","embeddable":true,"href":"https:\/\/kohenavocats.com\/tr\/wp-json\/wp\/v2\/categories?post=666177"},{"taxonomy":"post_tag","embeddable":true,"href":"https:\/\/kohenavocats.com\/tr\/wp-json\/wp\/v2\/tags?post=666177"}],"curies":[{"name":"wp","href":"https:\/\/api.w.org\/{rel}","templated":true}]}}