{"id":666181,"date":"2026-04-24T01:04:48","date_gmt":"2026-04-23T23:04:48","guid":{"rendered":"https:\/\/kohenavocats.com\/cour-dappel-de-paris-le-26-juin-2025-n25-05312\/"},"modified":"2026-04-26T20:27:44","modified_gmt":"2026-04-26T18:27:44","slug":"cour-dappel-de-paris-le-26-juin-2025-n25-05312","status":"publish","type":"post","link":"https:\/\/kohenavocats.com\/tr\/cour-dappel-de-paris-le-26-juin-2025-n25-05312\/","title":{"rendered":"Cour d&#8217;appel de Paris, le 26 juin 2025, n\u00b025\/05312"},"content":{"rendered":"<div class=\"article-content\">\n<p>La Cour d\u2019appel de Paris, statuant le 26 juin 2025, examine un pourvoi contre une d\u00e9cision de liquidation judiciaire. La soci\u00e9t\u00e9 intim\u00e9e conteste l\u2019ouverture de cette proc\u00e9dure au fond et soul\u00e8ve une exception de caducit\u00e9 de l\u2019appel. La cour rejette cette exception pour irrecevabilit\u00e9 et confirme le jugement d\u00e9f\u00e9r\u00e9, consid\u00e9rant le redressement manifestement impossible.<\/p>\n<p>La recevabilit\u00e9 de l\u2019appel et l\u2019office du juge<\/p>\n<p>L\u2019exception de caducit\u00e9 soulev\u00e9e est d\u00e9clar\u00e9e irrecevable. L\u2019intim\u00e9e invoquait le d\u00e9faut de notification des conclusions dans le d\u00e9lai l\u00e9gal, sanctionn\u00e9 par la caducit\u00e9. La cour rappelle le formalisme strict de cette demande. &#8220;Toutefois, le pr\u00e9sident de la chambre, seul comp\u00e9tent pour statuer, doit \u00eatre saisi par conclusions sp\u00e9cialement adress\u00e9es, ce qui n&#8217;est pas le cas de l&#8217;esp\u00e8ce.&#8221; (R\u00e9ponse de la Cour) La demande directe devant la formation coll\u00e9giale est donc irrecevable. Ce point souligne le caract\u00e8re d\u2019ordre public de la caducit\u00e9 et la comp\u00e9tence exclusive du pr\u00e9sident de chambre. Il rappelle la n\u00e9cessaire rigueur proc\u00e9durale, prot\u00e9geant ainsi la s\u00e9curit\u00e9 juridique des d\u00e9lais.<\/p>\n<p>L\u2019appr\u00e9ciation souveraine de la cessation des paiements<\/p>\n<p>La cour constate l\u2019\u00e9tat de cessation des paiements de la soci\u00e9t\u00e9. Elle s\u2019appuie sur les constatations de l\u2019enqu\u00eate ordonn\u00e9e pr\u00e9alablement. L\u2019expert a relev\u00e9 un passif exigible important face \u00e0 un actif quasi inexistant. &#8220;Il a \u00e9t\u00e9 constat\u00e9 dans ce cadre l&#8217;absence de lib\u00e9ration du capital social&#8221; et &#8220;un compte au 31 d\u00e9cembre 2023 qui s&#8217;\u00e9l\u00e8ve \u00e0 73 euros.&#8221; (R\u00e9ponse de la Cour) Les cr\u00e9ances sociales et fiscales sont certaines et exigibles, caract\u00e9risant l\u2019impossibilit\u00e9 de faire face au passif. Cette analyse factuelle d\u00e9montre l\u2019appr\u00e9ciation concr\u00e8te de la cessation des paiements. Elle confirme que cet \u00e9tat est une question de fait, laiss\u00e9e \u00e0 l\u2019appr\u00e9ciation souveraine des juges du fond.<\/p>\n<p>L\u2019impossibilit\u00e9 manifeste de redressement et l\u2019absence de preuve<\/p>\n<p>La cour retient que le redressement est manifestement impossible, justifiant la liquidation. La soci\u00e9t\u00e9 n\u2019apporte aucun \u00e9l\u00e9ment probant pour infirmer cette conclusion. &#8220;La soci\u00e9t\u00e9, qui ne pr\u00e9sente aucun bilan comptable ni aucun pr\u00e9visionnel activit\u00e9, ne d\u00e9montre pas de possibilit\u00e9 de redressement.&#8221; (R\u00e9ponse de la Cour) Cette carence est d\u00e9terminante. Comme le rel\u00e8ve une jurisprudence similaire, l\u2019absence de documents comptables et pr\u00e9visionnels emp\u00eache d\u2019\u00e9tablir la viabilit\u00e9. &#8220;Il n&#8217;est donc \u00e9tabli par aucune pi\u00e8ce que le redressement de la soci\u00e9t\u00e9 n&#8217;est pas manifestement impossible&#8221; (Cour d&#8217;appel de Paris, le 26 juin 2025, n\u00b025\/02419). La charge de la preuve incombe au d\u00e9biteur qui conteste l\u2019ouverture de la liquidation.<\/p>\n<p>La port\u00e9e de l\u2019obligation de collaboration et de preuve<\/p>\n<p>Cette d\u00e9cision renforce les exigences pesant sur le dirigeant en difficult\u00e9. La soci\u00e9t\u00e9 a \u00e9chou\u00e9 \u00e0 produire les \u00e9l\u00e9ments essentiels \u00e0 l\u2019appr\u00e9ciation de sa situation. Elle n\u2019a pas non plus collabor\u00e9 pleinement avec le liquidateur. L\u2019impossibilit\u00e9 de redressement se d\u00e9duit ainsi de l\u2019inaction et du d\u00e9faut de preuve. La solution s\u2019inscrit dans une ligne jurisprudentielle ferme, o\u00f9 l\u2019absence de comptabilit\u00e9 et de pr\u00e9visionnel conduit \u00e0 la liquidation. Elle rappelle que la simple all\u00e9gation d\u2019un plan en pr\u00e9paration, sans production de documents, est insuffisante. La <a href=\"https:\/\/kohenavocats.fr\/elementor-60\/avocats-droit-affaires-paris\/avocat-procedures-collectives-paris\/\" target=\"_blank\" title=\"proc\u00e9dure collective\">proc\u00e9dure collective<\/a> prot\u00e8ge ainsi les int\u00e9r\u00eats des cr\u00e9anciers face \u00e0 un d\u00e9biteur d\u00e9faillant.<\/p>\n<\/div>\n","protected":false},"excerpt":{"rendered":"<p>La Cour d\u2019appel de Paris, statuant le 26 juin 2025, examine un pourvoi contre une d\u00e9cision de liquidation judiciaire. La soci\u00e9t\u00e9 intim\u00e9e conteste l\u2019ouverture&#8230;<\/p>\n","protected":false},"author":232070755,"featured_media":9637,"comment_status":"open","ping_status":"open","sticky":false,"template":"","format":"standard","meta":{"_crdt_document":"","_jetpack_newsletter_access":"","_jetpack_dont_email_post_to_subs":false,"_jetpack_newsletter_tier_id":0,"_jetpack_memberships_contains_paywalled_content":false,"_kj_source_type":"","_kj_official_id":"","_kj_official_url":"","_kj_judilibre_id":"","_kj_jur":"","_kj_lieu":"","_kj_chambre":"","_kj_rg":"","_kj_date":"","_jetpack_memberships_contains_paid_content":false,"footnotes":"","jetpack_post_was_ever_published":false},"categories":[35581,7597],"tags":[],"class_list":["post-666181","post","type-post","status-publish","format-standard","has-post-thumbnail","hentry","category-droit-des-affaires","category-jurisprudence"],"yoast_head":"<!-- This site is optimized with the Yoast SEO Premium plugin v27.5 (Yoast SEO v27.5) - https:\/\/yoast.com\/product\/yoast-seo-premium-wordpress\/ -->\n<title>Cour d&#039;appel de Paris, le 26 juin 2025, n\u00b025\/05312 - Ma\u00eetre Hassan Kohen, avocat en droit p\u00e9nal \u00e0 Paris<\/title>\n<meta name=\"description\" content=\"La Cour d\u2019appel de Paris, statuant le 26 juin 2025, examine un pourvoi contre une d\u00e9cision de liquidation judiciaire. La soci\u00e9t\u00e9 intim\u00e9e conteste l\u2019ouverture...\" \/>\n<meta name=\"robots\" content=\"index, follow, max-snippet:-1, max-image-preview:large, max-video-preview:-1\" \/>\n<link rel=\"canonical\" href=\"https:\/\/kohenavocats.com\/tr\/cour-dappel-de-paris-le-26-juin-2025-n25-05312\/\" \/>\n<meta property=\"og:locale\" content=\"tr_TR\" \/>\n<meta property=\"og:type\" content=\"article\" \/>\n<meta property=\"og:title\" content=\"Cour d&#039;appel de Paris, le 26 juin 2025, n\u00b025\/05312\" \/>\n<meta property=\"og:description\" content=\"La Cour d\u2019appel de Paris, statuant le 26 juin 2025, examine un pourvoi contre une d\u00e9cision de liquidation judiciaire. La soci\u00e9t\u00e9 intim\u00e9e conteste l\u2019ouverture...\" \/>\n<meta property=\"og:url\" content=\"https:\/\/kohenavocats.com\/tr\/cour-dappel-de-paris-le-26-juin-2025-n25-05312\/\" \/>\n<meta property=\"og:site_name\" content=\"Ma\u00eetre Hassan Kohen, avocat en droit p\u00e9nal \u00e0 Paris\" \/>\n<meta property=\"article:published_time\" content=\"2026-04-23T23:04:48+00:00\" \/>\n<meta property=\"article:modified_time\" content=\"2026-04-26T18:27:44+00:00\" \/>\n<meta property=\"og:image\" content=\"https:\/\/kohenavocats.com\/wp-content\/uploads\/2024\/11\/sonder-quest-2qpJllgSXCs-unsplash-1024x683.webp\" \/>\n\t<meta property=\"og:image:width\" content=\"1024\" \/>\n\t<meta property=\"og:image:height\" content=\"683\" \/>\n\t<meta property=\"og:image:type\" content=\"image\/webp\" \/>\n<meta name=\"author\" content=\"Kohen\" \/>\n<meta name=\"twitter:card\" content=\"summary_large_image\" \/>\n<meta name=\"twitter:label1\" content=\"Yazan:\" \/>\n\t<meta name=\"twitter:data1\" content=\"Kohen\" \/>\n\t<meta name=\"twitter:label2\" content=\"Tahmini okuma s\u00fcresi\" \/>\n\t<meta name=\"twitter:data2\" content=\"3 dakika\" \/>\n<script type=\"application\/ld+json\" class=\"yoast-schema-graph\">{\"@context\":\"https:\\\/\\\/schema.org\",\"@graph\":[{\"@type\":\"Article\",\"@id\":\"https:\\\/\\\/kohenavocats.com\\\/tr\\\/cour-dappel-de-paris-le-26-juin-2025-n25-05312\\\/#article\",\"isPartOf\":{\"@id\":\"https:\\\/\\\/kohenavocats.com\\\/tr\\\/cour-dappel-de-paris-le-26-juin-2025-n25-05312\\\/\"},\"author\":{\"name\":\"Kohen\",\"@id\":\"https:\\\/\\\/kohenavocats.com\\\/tr\\\/#\\\/schema\\\/person\\\/761c9ba54fa1ca84d405cef0831ff751\"},\"headline\":\"Cour d&#8217;appel de Paris, le 26 juin 2025, n\u00b025\\\/05312\",\"datePublished\":\"2026-04-23T23:04:48+00:00\",\"dateModified\":\"2026-04-26T18:27:44+00:00\",\"mainEntityOfPage\":{\"@id\":\"https:\\\/\\\/kohenavocats.com\\\/tr\\\/cour-dappel-de-paris-le-26-juin-2025-n25-05312\\\/\"},\"wordCount\":605,\"commentCount\":0,\"publisher\":{\"@id\":\"https:\\\/\\\/kohenavocats.com\\\/tr\\\/#organization\"},\"image\":{\"@id\":\"https:\\\/\\\/kohenavocats.com\\\/tr\\\/cour-dappel-de-paris-le-26-juin-2025-n25-05312\\\/#primaryimage\"},\"thumbnailUrl\":\"https:\\\/\\\/kohenavocats.com\\\/wp-content\\\/uploads\\\/2024\\\/11\\\/sonder-quest-2qpJllgSXCs-unsplash.webp\",\"articleSection\":[\"Droit des affaires\",\"Jurisprudence\"],\"inLanguage\":\"tr\",\"potentialAction\":[{\"@type\":\"CommentAction\",\"name\":\"Comment\",\"target\":[\"https:\\\/\\\/kohenavocats.com\\\/tr\\\/cour-dappel-de-paris-le-26-juin-2025-n25-05312\\\/#respond\"]}],\"citation\":\"Cour d&#8217;appel de Paris, le 26 juin 2025, n\u00b025\\\/05312\",\"about\":[{\"@type\":\"Thing\",\"name\":\"Droit des affaires\"},{\"@type\":\"Thing\",\"name\":\"Jurisprudence\"}],\"speakable\":{\"@type\":\"SpeakableSpecification\",\"cssSelector\":[\".article-content > p:first-of-type\"]}},{\"@type\":\"WebPage\",\"@id\":\"https:\\\/\\\/kohenavocats.com\\\/tr\\\/cour-dappel-de-paris-le-26-juin-2025-n25-05312\\\/\",\"url\":\"https:\\\/\\\/kohenavocats.com\\\/tr\\\/cour-dappel-de-paris-le-26-juin-2025-n25-05312\\\/\",\"name\":\"Cour d'appel de Paris, le 26 juin 2025, n\u00b025\\\/05312 - Ma\u00eetre Hassan Kohen, avocat en droit p\u00e9nal \u00e0 Paris\",\"isPartOf\":{\"@id\":\"https:\\\/\\\/kohenavocats.com\\\/tr\\\/#website\"},\"primaryImageOfPage\":{\"@id\":\"https:\\\/\\\/kohenavocats.com\\\/tr\\\/cour-dappel-de-paris-le-26-juin-2025-n25-05312\\\/#primaryimage\"},\"image\":{\"@id\":\"https:\\\/\\\/kohenavocats.com\\\/tr\\\/cour-dappel-de-paris-le-26-juin-2025-n25-05312\\\/#primaryimage\"},\"thumbnailUrl\":\"https:\\\/\\\/kohenavocats.com\\\/wp-content\\\/uploads\\\/2024\\\/11\\\/sonder-quest-2qpJllgSXCs-unsplash.webp\",\"datePublished\":\"2026-04-23T23:04:48+00:00\",\"dateModified\":\"2026-04-26T18:27:44+00:00\",\"description\":\"La Cour d\u2019appel de Paris, statuant le 26 juin 2025, examine un pourvoi contre une d\u00e9cision de liquidation judiciaire. La soci\u00e9t\u00e9 intim\u00e9e conteste l\u2019ouverture...\",\"breadcrumb\":{\"@id\":\"https:\\\/\\\/kohenavocats.com\\\/tr\\\/cour-dappel-de-paris-le-26-juin-2025-n25-05312\\\/#breadcrumb\"},\"inLanguage\":\"tr\",\"potentialAction\":[{\"@type\":\"ReadAction\",\"target\":[\"https:\\\/\\\/kohenavocats.com\\\/tr\\\/cour-dappel-de-paris-le-26-juin-2025-n25-05312\\\/\"]}]},{\"@type\":\"ImageObject\",\"inLanguage\":\"tr\",\"@id\":\"https:\\\/\\\/kohenavocats.com\\\/tr\\\/cour-dappel-de-paris-le-26-juin-2025-n25-05312\\\/#primaryimage\",\"url\":\"https:\\\/\\\/kohenavocats.com\\\/wp-content\\\/uploads\\\/2024\\\/11\\\/sonder-quest-2qpJllgSXCs-unsplash.webp\",\"contentUrl\":\"https:\\\/\\\/kohenavocats.com\\\/wp-content\\\/uploads\\\/2024\\\/11\\\/sonder-quest-2qpJllgSXCs-unsplash.webp\",\"width\":6000,\"height\":4000},{\"@type\":\"BreadcrumbList\",\"@id\":\"https:\\\/\\\/kohenavocats.com\\\/tr\\\/cour-dappel-de-paris-le-26-juin-2025-n25-05312\\\/#breadcrumb\",\"itemListElement\":[{\"@type\":\"ListItem\",\"position\":1,\"name\":\"Home\",\"item\":\"https:\\\/\\\/kohenavocats.com\\\/tr\\\/avocats-en-droit-penal-a-paris-conseil-et-defense-strategique\\\/\"},{\"@type\":\"ListItem\",\"position\":2,\"name\":\"Cour d&rsquo;appel de Paris, le 26 juin 2025, n\u00b025\\\/05312\"}]},{\"@type\":\"WebSite\",\"@id\":\"https:\\\/\\\/kohenavocats.com\\\/tr\\\/#website\",\"url\":\"https:\\\/\\\/kohenavocats.com\\\/tr\\\/\",\"name\":\"Kohen Avocats\",\"description\":\"Ma\u00eetre Hassan Kohen, avocat p\u00e9naliste \u00e0 Paris, intervient exclusivement en droit p\u00e9nal pour la d\u00e9fense des particuliers, notamment en mati\u00e8re d\u2019accusations de viol. Il assure un accompagnement rigoureux d\u00e8s la garde \u00e0 vue jusqu\u2019\u00e0 la Cour d\u2019assises, veillant au strict respect des garanties proc\u00e9durales.\",\"publisher\":{\"@id\":\"https:\\\/\\\/kohenavocats.com\\\/tr\\\/#organization\"},\"potentialAction\":[{\"@type\":\"SearchAction\",\"target\":{\"@type\":\"EntryPoint\",\"urlTemplate\":\"https:\\\/\\\/kohenavocats.com\\\/tr\\\/?s={search_term_string}\"},\"query-input\":{\"@type\":\"PropertyValueSpecification\",\"valueRequired\":true,\"valueName\":\"search_term_string\"}}],\"inLanguage\":\"tr\"},{\"@type\":\"Organization\",\"@id\":\"https:\\\/\\\/kohenavocats.com\\\/tr\\\/#organization\",\"name\":\"Kohen Avocats\",\"url\":\"https:\\\/\\\/kohenavocats.com\\\/tr\\\/\",\"logo\":{\"@type\":\"ImageObject\",\"inLanguage\":\"tr\",\"@id\":\"https:\\\/\\\/kohenavocats.com\\\/tr\\\/#\\\/schema\\\/logo\\\/image\\\/\",\"url\":\"https:\\\/\\\/kohenavocats.com\\\/wp-content\\\/uploads\\\/2026\\\/01\\\/Logo-2-1.webp\",\"contentUrl\":\"https:\\\/\\\/kohenavocats.com\\\/wp-content\\\/uploads\\\/2026\\\/01\\\/Logo-2-1.webp\",\"width\":2114,\"height\":1253,\"caption\":\"Kohen Avocats\"},\"image\":{\"@id\":\"https:\\\/\\\/kohenavocats.com\\\/tr\\\/#\\\/schema\\\/logo\\\/image\\\/\"}},{\"@type\":\"Person\",\"@id\":\"https:\\\/\\\/kohenavocats.com\\\/tr\\\/#\\\/schema\\\/person\\\/761c9ba54fa1ca84d405cef0831ff751\",\"name\":\"Kohen\",\"image\":{\"@type\":\"ImageObject\",\"inLanguage\":\"tr\",\"@id\":\"https:\\\/\\\/secure.gravatar.com\\\/avatar\\\/1c5e76ef76bbbfdd2b4da984e2bf2fa4056fd51a27d25ce2c332047f1dfd6e00?s=96&d=identicon&r=g\",\"url\":\"https:\\\/\\\/secure.gravatar.com\\\/avatar\\\/1c5e76ef76bbbfdd2b4da984e2bf2fa4056fd51a27d25ce2c332047f1dfd6e00?s=96&d=identicon&r=g\",\"contentUrl\":\"https:\\\/\\\/secure.gravatar.com\\\/avatar\\\/1c5e76ef76bbbfdd2b4da984e2bf2fa4056fd51a27d25ce2c332047f1dfd6e00?s=96&d=identicon&r=g\",\"caption\":\"Kohen\"},\"sameAs\":[\"https:\\\/\\\/www.linkedin.com\\\/in\\\/hassan-kohen-448548192\\\/\",\"https:\\\/\\\/www.youtube.com\\\/@Kohen-Avocats\"],\"url\":\"https:\\\/\\\/kohenavocats.com\\\/tr\\\/author\\\/kohenmlk\\\/\"}]}<\/script>\n<!-- \/ Yoast SEO Premium plugin. -->","yoast_head_json":{"title":"Cour d'appel de Paris, le 26 juin 2025, n\u00b025\/05312 - Ma\u00eetre Hassan Kohen, avocat en droit p\u00e9nal \u00e0 Paris","description":"La Cour d\u2019appel de Paris, statuant le 26 juin 2025, examine un pourvoi contre une d\u00e9cision de liquidation judiciaire. La soci\u00e9t\u00e9 intim\u00e9e conteste l\u2019ouverture...","robots":{"index":"index","follow":"follow","max-snippet":"max-snippet:-1","max-image-preview":"max-image-preview:large","max-video-preview":"max-video-preview:-1"},"canonical":"https:\/\/kohenavocats.com\/tr\/cour-dappel-de-paris-le-26-juin-2025-n25-05312\/","og_locale":"tr_TR","og_type":"article","og_title":"Cour d'appel de Paris, le 26 juin 2025, n\u00b025\/05312","og_description":"La Cour d\u2019appel de Paris, statuant le 26 juin 2025, examine un pourvoi contre une d\u00e9cision de liquidation judiciaire. La soci\u00e9t\u00e9 intim\u00e9e conteste l\u2019ouverture...","og_url":"https:\/\/kohenavocats.com\/tr\/cour-dappel-de-paris-le-26-juin-2025-n25-05312\/","og_site_name":"Ma\u00eetre Hassan Kohen, avocat en droit p\u00e9nal \u00e0 Paris","article_published_time":"2026-04-23T23:04:48+00:00","article_modified_time":"2026-04-26T18:27:44+00:00","og_image":[{"width":1024,"height":683,"url":"https:\/\/kohenavocats.com\/wp-content\/uploads\/2024\/11\/sonder-quest-2qpJllgSXCs-unsplash-1024x683.webp","type":"image\/webp"}],"author":"Kohen","twitter_card":"summary_large_image","twitter_misc":{"Yazan:":"Kohen","Tahmini okuma s\u00fcresi":"3 dakika"},"schema":{"@context":"https:\/\/schema.org","@graph":[{"@type":"Article","@id":"https:\/\/kohenavocats.com\/tr\/cour-dappel-de-paris-le-26-juin-2025-n25-05312\/#article","isPartOf":{"@id":"https:\/\/kohenavocats.com\/tr\/cour-dappel-de-paris-le-26-juin-2025-n25-05312\/"},"author":{"name":"Kohen","@id":"https:\/\/kohenavocats.com\/tr\/#\/schema\/person\/761c9ba54fa1ca84d405cef0831ff751"},"headline":"Cour d&#8217;appel de Paris, le 26 juin 2025, n\u00b025\/05312","datePublished":"2026-04-23T23:04:48+00:00","dateModified":"2026-04-26T18:27:44+00:00","mainEntityOfPage":{"@id":"https:\/\/kohenavocats.com\/tr\/cour-dappel-de-paris-le-26-juin-2025-n25-05312\/"},"wordCount":605,"commentCount":0,"publisher":{"@id":"https:\/\/kohenavocats.com\/tr\/#organization"},"image":{"@id":"https:\/\/kohenavocats.com\/tr\/cour-dappel-de-paris-le-26-juin-2025-n25-05312\/#primaryimage"},"thumbnailUrl":"https:\/\/kohenavocats.com\/wp-content\/uploads\/2024\/11\/sonder-quest-2qpJllgSXCs-unsplash.webp","articleSection":["Droit des affaires","Jurisprudence"],"inLanguage":"tr","potentialAction":[{"@type":"CommentAction","name":"Comment","target":["https:\/\/kohenavocats.com\/tr\/cour-dappel-de-paris-le-26-juin-2025-n25-05312\/#respond"]}],"citation":"Cour d&#8217;appel de Paris, le 26 juin 2025, n\u00b025\/05312","about":[{"@type":"Thing","name":"Droit des affaires"},{"@type":"Thing","name":"Jurisprudence"}],"speakable":{"@type":"SpeakableSpecification","cssSelector":[".article-content > p:first-of-type"]}},{"@type":"WebPage","@id":"https:\/\/kohenavocats.com\/tr\/cour-dappel-de-paris-le-26-juin-2025-n25-05312\/","url":"https:\/\/kohenavocats.com\/tr\/cour-dappel-de-paris-le-26-juin-2025-n25-05312\/","name":"Cour d'appel de Paris, le 26 juin 2025, n\u00b025\/05312 - Ma\u00eetre Hassan Kohen, avocat en droit p\u00e9nal \u00e0 Paris","isPartOf":{"@id":"https:\/\/kohenavocats.com\/tr\/#website"},"primaryImageOfPage":{"@id":"https:\/\/kohenavocats.com\/tr\/cour-dappel-de-paris-le-26-juin-2025-n25-05312\/#primaryimage"},"image":{"@id":"https:\/\/kohenavocats.com\/tr\/cour-dappel-de-paris-le-26-juin-2025-n25-05312\/#primaryimage"},"thumbnailUrl":"https:\/\/kohenavocats.com\/wp-content\/uploads\/2024\/11\/sonder-quest-2qpJllgSXCs-unsplash.webp","datePublished":"2026-04-23T23:04:48+00:00","dateModified":"2026-04-26T18:27:44+00:00","description":"La Cour d\u2019appel de Paris, statuant le 26 juin 2025, examine un pourvoi contre une d\u00e9cision de liquidation judiciaire. La soci\u00e9t\u00e9 intim\u00e9e conteste l\u2019ouverture...","breadcrumb":{"@id":"https:\/\/kohenavocats.com\/tr\/cour-dappel-de-paris-le-26-juin-2025-n25-05312\/#breadcrumb"},"inLanguage":"tr","potentialAction":[{"@type":"ReadAction","target":["https:\/\/kohenavocats.com\/tr\/cour-dappel-de-paris-le-26-juin-2025-n25-05312\/"]}]},{"@type":"ImageObject","inLanguage":"tr","@id":"https:\/\/kohenavocats.com\/tr\/cour-dappel-de-paris-le-26-juin-2025-n25-05312\/#primaryimage","url":"https:\/\/kohenavocats.com\/wp-content\/uploads\/2024\/11\/sonder-quest-2qpJllgSXCs-unsplash.webp","contentUrl":"https:\/\/kohenavocats.com\/wp-content\/uploads\/2024\/11\/sonder-quest-2qpJllgSXCs-unsplash.webp","width":6000,"height":4000},{"@type":"BreadcrumbList","@id":"https:\/\/kohenavocats.com\/tr\/cour-dappel-de-paris-le-26-juin-2025-n25-05312\/#breadcrumb","itemListElement":[{"@type":"ListItem","position":1,"name":"Home","item":"https:\/\/kohenavocats.com\/tr\/avocats-en-droit-penal-a-paris-conseil-et-defense-strategique\/"},{"@type":"ListItem","position":2,"name":"Cour d&rsquo;appel de Paris, le 26 juin 2025, n\u00b025\/05312"}]},{"@type":"WebSite","@id":"https:\/\/kohenavocats.com\/tr\/#website","url":"https:\/\/kohenavocats.com\/tr\/","name":"Kohen Avocats","description":"Ma\u00eetre Hassan Kohen, avocat p\u00e9naliste \u00e0 Paris, intervient exclusivement en droit p\u00e9nal pour la d\u00e9fense des particuliers, notamment en mati\u00e8re d\u2019accusations de viol. Il assure un accompagnement rigoureux d\u00e8s la garde \u00e0 vue jusqu\u2019\u00e0 la Cour d\u2019assises, veillant au strict respect des garanties proc\u00e9durales.","publisher":{"@id":"https:\/\/kohenavocats.com\/tr\/#organization"},"potentialAction":[{"@type":"SearchAction","target":{"@type":"EntryPoint","urlTemplate":"https:\/\/kohenavocats.com\/tr\/?s={search_term_string}"},"query-input":{"@type":"PropertyValueSpecification","valueRequired":true,"valueName":"search_term_string"}}],"inLanguage":"tr"},{"@type":"Organization","@id":"https:\/\/kohenavocats.com\/tr\/#organization","name":"Kohen Avocats","url":"https:\/\/kohenavocats.com\/tr\/","logo":{"@type":"ImageObject","inLanguage":"tr","@id":"https:\/\/kohenavocats.com\/tr\/#\/schema\/logo\/image\/","url":"https:\/\/kohenavocats.com\/wp-content\/uploads\/2026\/01\/Logo-2-1.webp","contentUrl":"https:\/\/kohenavocats.com\/wp-content\/uploads\/2026\/01\/Logo-2-1.webp","width":2114,"height":1253,"caption":"Kohen Avocats"},"image":{"@id":"https:\/\/kohenavocats.com\/tr\/#\/schema\/logo\/image\/"}},{"@type":"Person","@id":"https:\/\/kohenavocats.com\/tr\/#\/schema\/person\/761c9ba54fa1ca84d405cef0831ff751","name":"Kohen","image":{"@type":"ImageObject","inLanguage":"tr","@id":"https:\/\/secure.gravatar.com\/avatar\/1c5e76ef76bbbfdd2b4da984e2bf2fa4056fd51a27d25ce2c332047f1dfd6e00?s=96&d=identicon&r=g","url":"https:\/\/secure.gravatar.com\/avatar\/1c5e76ef76bbbfdd2b4da984e2bf2fa4056fd51a27d25ce2c332047f1dfd6e00?s=96&d=identicon&r=g","contentUrl":"https:\/\/secure.gravatar.com\/avatar\/1c5e76ef76bbbfdd2b4da984e2bf2fa4056fd51a27d25ce2c332047f1dfd6e00?s=96&d=identicon&r=g","caption":"Kohen"},"sameAs":["https:\/\/www.linkedin.com\/in\/hassan-kohen-448548192\/","https:\/\/www.youtube.com\/@Kohen-Avocats"],"url":"https:\/\/kohenavocats.com\/tr\/author\/kohenmlk\/"}]}},"jetpack_featured_media_url":"https:\/\/kohenavocats.com\/wp-content\/uploads\/2024\/11\/sonder-quest-2qpJllgSXCs-unsplash.webp","jetpack_likes_enabled":false,"jetpack_shortlink":"https:\/\/wp.me\/peCrII-2NiR","jetpack-related-posts":[{"id":201263,"url":"https:\/\/kohenavocats.com\/tr\/cour-dappel-de-paris-le-25-juin-2025-n25-00254\/","url_meta":{"origin":666181,"position":0},"title":"Cour d&#8217;appel de Paris, le 25 juin 2025, n\u00b025\/00254","author":"Kohen","date":"20 Aral\u0131k 2025","format":false,"excerpt":"La Cour d'appel de Paris, 25 juin 2025, P\u00f4le 5 chambre 4, tranche un incident de proc\u00e9dure d'appel avec repr\u00e9sentation obligatoire. La question porte sur la caducit\u00e9 de la d\u00e9claration d'appel et sur la nullit\u00e9 de la signification, en raison d'irr\u00e9gularit\u00e9s all\u00e9gu\u00e9es.Un appel a \u00e9t\u00e9 interjet\u00e9 le 19 avril 2024\u2026","rel":"","context":"&quot;Cour d'appel&quot; i\u00e7inde","block_context":{"text":"Cour d'appel","link":"https:\/\/kohenavocats.com\/category\/cour-dappel\/"},"img":{"alt_text":"","src":"https:\/\/i0.wp.com\/kohenavocats.com\/wp-content\/uploads\/2024\/11\/virginia-marinova-3UfkjHxVch0-unsplash.webp?resize=350%2C200&ssl=1","width":350,"height":200,"srcset":"https:\/\/i0.wp.com\/kohenavocats.com\/wp-content\/uploads\/2024\/11\/virginia-marinova-3UfkjHxVch0-unsplash.webp?resize=350%2C200&ssl=1 1x, https:\/\/i0.wp.com\/kohenavocats.com\/wp-content\/uploads\/2024\/11\/virginia-marinova-3UfkjHxVch0-unsplash.webp?resize=525%2C300&ssl=1 1.5x, https:\/\/i0.wp.com\/kohenavocats.com\/wp-content\/uploads\/2024\/11\/virginia-marinova-3UfkjHxVch0-unsplash.webp?resize=700%2C400&ssl=1 2x, https:\/\/i0.wp.com\/kohenavocats.com\/wp-content\/uploads\/2024\/11\/virginia-marinova-3UfkjHxVch0-unsplash.webp?resize=1050%2C600&ssl=1 3x, https:\/\/i0.wp.com\/kohenavocats.com\/wp-content\/uploads\/2024\/11\/virginia-marinova-3UfkjHxVch0-unsplash.webp?resize=1400%2C800&ssl=1 4x"},"classes":[]},{"id":484140,"url":"https:\/\/kohenavocats.com\/tr\/cour-dappel-de-paris-le-3-juin-2025-n25-04857\/","url_meta":{"origin":666181,"position":1},"title":"Cour d&#8217;appel de Paris, le 3 juin 2025, n\u00b025\/04857","author":"Kohen","date":"8 Nisan 2026","format":false,"excerpt":"La Cour d'appel de Paris, le 3 juin 2025, statue sur un d\u00e9f\u00e9r\u00e9 relatif \u00e0 la caducit\u00e9 d'une d\u00e9claration d'appel. L'appelant avait notifi\u00e9 ses conclusions \u00e0 de...","rel":"","context":"&quot;Jurisprudence&quot; i\u00e7inde","block_context":{"text":"Jurisprudence","link":"https:\/\/kohenavocats.com\/category\/jurisprudence\/"},"img":{"alt_text":"","src":"https:\/\/i0.wp.com\/kohenavocats.com\/wp-content\/uploads\/2024\/08\/stefan-steinbauer-HK8IoD-5zpg-unsplash.webp?resize=350%2C200&ssl=1","width":350,"height":200,"srcset":"https:\/\/i0.wp.com\/kohenavocats.com\/wp-content\/uploads\/2024\/08\/stefan-steinbauer-HK8IoD-5zpg-unsplash.webp?resize=350%2C200&ssl=1 1x, https:\/\/i0.wp.com\/kohenavocats.com\/wp-content\/uploads\/2024\/08\/stefan-steinbauer-HK8IoD-5zpg-unsplash.webp?resize=525%2C300&ssl=1 1.5x, https:\/\/i0.wp.com\/kohenavocats.com\/wp-content\/uploads\/2024\/08\/stefan-steinbauer-HK8IoD-5zpg-unsplash.webp?resize=700%2C400&ssl=1 2x, https:\/\/i0.wp.com\/kohenavocats.com\/wp-content\/uploads\/2024\/08\/stefan-steinbauer-HK8IoD-5zpg-unsplash.webp?resize=1050%2C600&ssl=1 3x, https:\/\/i0.wp.com\/kohenavocats.com\/wp-content\/uploads\/2024\/08\/stefan-steinbauer-HK8IoD-5zpg-unsplash.webp?resize=1400%2C800&ssl=1 4x"},"classes":[]},{"id":34280,"url":"https:\/\/kohenavocats.com\/tr\/cour-dappel-de-paris-le-27-juin-2025-n24-14786\/","url_meta":{"origin":666181,"position":2},"title":"Cour d&#8217;appel de Paris, le 27 juin 2025, n\u00b024\/14786","author":"Kohen","date":"6 Kas\u0131m 2025","format":false,"excerpt":"La Cour d'appel de Paris, p\u00f4le 1 \u2013 chambre 8, par arr\u00eat du 27 juin 2025, tranche une difficult\u00e9 n\u00e9e dans un appel soumis au circuit \u00e0 bref d\u00e9lai. Une ordonnance de r\u00e9f\u00e9r\u00e9 du 26 juin 2024 rendue par le juge des r\u00e9f\u00e9r\u00e9s du tribunal de commerce de Paris avait\u2026","rel":"","context":"&quot;Cour d'appel&quot; i\u00e7inde","block_context":{"text":"Cour d'appel","link":"https:\/\/kohenavocats.com\/category\/cour-dappel\/"},"img":{"alt_text":"","src":"https:\/\/i0.wp.com\/kohenavocats.com\/wp-content\/uploads\/2024\/11\/getty-images-3YlszAwDqLI-unsplash.webp?resize=350%2C200&ssl=1","width":350,"height":200,"srcset":"https:\/\/i0.wp.com\/kohenavocats.com\/wp-content\/uploads\/2024\/11\/getty-images-3YlszAwDqLI-unsplash.webp?resize=350%2C200&ssl=1 1x, https:\/\/i0.wp.com\/kohenavocats.com\/wp-content\/uploads\/2024\/11\/getty-images-3YlszAwDqLI-unsplash.webp?resize=525%2C300&ssl=1 1.5x, https:\/\/i0.wp.com\/kohenavocats.com\/wp-content\/uploads\/2024\/11\/getty-images-3YlszAwDqLI-unsplash.webp?resize=700%2C400&ssl=1 2x, https:\/\/i0.wp.com\/kohenavocats.com\/wp-content\/uploads\/2024\/11\/getty-images-3YlszAwDqLI-unsplash.webp?resize=1050%2C600&ssl=1 3x, https:\/\/i0.wp.com\/kohenavocats.com\/wp-content\/uploads\/2024\/11\/getty-images-3YlszAwDqLI-unsplash.webp?resize=1400%2C800&ssl=1 4x"},"classes":[]},{"id":683966,"url":"https:\/\/kohenavocats.com\/tr\/cour-dappel-de-paris-le-16-juillet-2024-n25-07543\/","url_meta":{"origin":666181,"position":3},"title":"Cour d&#8217;appel de Paris, le 16 juillet 2024, n\u00b025\/07543","author":"Kohen","date":"25 Nisan 2026","format":false,"excerpt":"La Cour d'appel de Paris, 26 juin 2025, P\u00f4le 4 \u2013 Chambre 3, statue sur un d\u00e9f\u00e9r\u00e9 contre une ordonnance de caducit\u00e9 prononc\u00e9e par le conseiller de la mise en ...","rel":"","context":"&quot;Jurisprudence&quot; i\u00e7inde","block_context":{"text":"Jurisprudence","link":"https:\/\/kohenavocats.com\/category\/jurisprudence\/"},"img":{"alt_text":"","src":"https:\/\/i0.wp.com\/kohenavocats.com\/wp-content\/uploads\/2024\/08\/irina-nakonechnaya-7Dkxd1b9uyE-unsplash.webp?resize=350%2C200&ssl=1","width":350,"height":200,"srcset":"https:\/\/i0.wp.com\/kohenavocats.com\/wp-content\/uploads\/2024\/08\/irina-nakonechnaya-7Dkxd1b9uyE-unsplash.webp?resize=350%2C200&ssl=1 1x, https:\/\/i0.wp.com\/kohenavocats.com\/wp-content\/uploads\/2024\/08\/irina-nakonechnaya-7Dkxd1b9uyE-unsplash.webp?resize=525%2C300&ssl=1 1.5x, https:\/\/i0.wp.com\/kohenavocats.com\/wp-content\/uploads\/2024\/08\/irina-nakonechnaya-7Dkxd1b9uyE-unsplash.webp?resize=700%2C400&ssl=1 2x, https:\/\/i0.wp.com\/kohenavocats.com\/wp-content\/uploads\/2024\/08\/irina-nakonechnaya-7Dkxd1b9uyE-unsplash.webp?resize=1050%2C600&ssl=1 3x, https:\/\/i0.wp.com\/kohenavocats.com\/wp-content\/uploads\/2024\/08\/irina-nakonechnaya-7Dkxd1b9uyE-unsplash.webp?resize=1400%2C800&ssl=1 4x"},"classes":[]},{"id":52367,"url":"https:\/\/kohenavocats.com\/tr\/cour-dappel-de-paris-le-9-septembre-2025-n25-03539\/","url_meta":{"origin":666181,"position":4},"title":"Cour d&#8217;appel de Paris, le 9 septembre 2025, n\u00b025\/03539","author":"Kohen","date":"8 Kas\u0131m 2025","format":false,"excerpt":"Par un arr\u00eat du 9 septembre 2025, Cour d\u2019appel de Paris, P\u00f4le 4 \u2013 Chambre 8, la juridiction statue sur un d\u00e9f\u00e9r\u00e9 visant la caducit\u00e9 d\u2019une saisine de la cour de renvoi et la recevabilit\u00e9 de conclusions. Le litige na\u00eet d\u2019un contrat de prestation conclu en 2015 pour une \u00e9mission\u2026","rel":"","context":"&quot;Cour d'appel&quot; i\u00e7inde","block_context":{"text":"Cour d'appel","link":"https:\/\/kohenavocats.com\/category\/cour-dappel\/"},"img":{"alt_text":"","src":"https:\/\/i0.wp.com\/kohenavocats.com\/wp-content\/uploads\/2024\/08\/luis-cortes-m92ge4NGDIM-unsplash.webp?resize=350%2C200&ssl=1","width":350,"height":200,"srcset":"https:\/\/i0.wp.com\/kohenavocats.com\/wp-content\/uploads\/2024\/08\/luis-cortes-m92ge4NGDIM-unsplash.webp?resize=350%2C200&ssl=1 1x, https:\/\/i0.wp.com\/kohenavocats.com\/wp-content\/uploads\/2024\/08\/luis-cortes-m92ge4NGDIM-unsplash.webp?resize=525%2C300&ssl=1 1.5x, https:\/\/i0.wp.com\/kohenavocats.com\/wp-content\/uploads\/2024\/08\/luis-cortes-m92ge4NGDIM-unsplash.webp?resize=700%2C400&ssl=1 2x, https:\/\/i0.wp.com\/kohenavocats.com\/wp-content\/uploads\/2024\/08\/luis-cortes-m92ge4NGDIM-unsplash.webp?resize=1050%2C600&ssl=1 3x, https:\/\/i0.wp.com\/kohenavocats.com\/wp-content\/uploads\/2024\/08\/luis-cortes-m92ge4NGDIM-unsplash.webp?resize=1400%2C800&ssl=1 4x"},"classes":[]},{"id":683475,"url":"https:\/\/kohenavocats.com\/tr\/cour-dappel-de-paris-le-15-octobre-2024-n24-17564\/","url_meta":{"origin":666181,"position":5},"title":"Cour d&#8217;appel de Paris, le 15 octobre 2024, n\u00b024\/17564","author":"Kohen","date":"25 Nisan 2026","format":false,"excerpt":"La Cour d'appel de Paris, 17 juin 2025, statue en d\u00e9f\u00e9r\u00e9 sur une ordonnance du 15 octobre 2024 ayant prononc\u00e9 la caducit\u00e9 d\u2019une d\u00e9claration d\u2019appel. Les appe...","rel":"","context":"&quot;Jurisprudence&quot; i\u00e7inde","block_context":{"text":"Jurisprudence","link":"https:\/\/kohenavocats.com\/category\/jurisprudence\/"},"img":{"alt_text":"","src":"https:\/\/i0.wp.com\/kohenavocats.com\/wp-content\/uploads\/2024\/08\/chelms-varthoumlien-4lTf2N6pHZw-unsplash.webp?resize=350%2C200&ssl=1","width":350,"height":200,"srcset":"https:\/\/i0.wp.com\/kohenavocats.com\/wp-content\/uploads\/2024\/08\/chelms-varthoumlien-4lTf2N6pHZw-unsplash.webp?resize=350%2C200&ssl=1 1x, https:\/\/i0.wp.com\/kohenavocats.com\/wp-content\/uploads\/2024\/08\/chelms-varthoumlien-4lTf2N6pHZw-unsplash.webp?resize=525%2C300&ssl=1 1.5x, https:\/\/i0.wp.com\/kohenavocats.com\/wp-content\/uploads\/2024\/08\/chelms-varthoumlien-4lTf2N6pHZw-unsplash.webp?resize=700%2C400&ssl=1 2x, https:\/\/i0.wp.com\/kohenavocats.com\/wp-content\/uploads\/2024\/08\/chelms-varthoumlien-4lTf2N6pHZw-unsplash.webp?resize=1050%2C600&ssl=1 3x, https:\/\/i0.wp.com\/kohenavocats.com\/wp-content\/uploads\/2024\/08\/chelms-varthoumlien-4lTf2N6pHZw-unsplash.webp?resize=1400%2C800&ssl=1 4x"},"classes":[]}],"jetpack_sharing_enabled":true,"_links":{"self":[{"href":"https:\/\/kohenavocats.com\/tr\/wp-json\/wp\/v2\/posts\/666181","targetHints":{"allow":["GET"]}}],"collection":[{"href":"https:\/\/kohenavocats.com\/tr\/wp-json\/wp\/v2\/posts"}],"about":[{"href":"https:\/\/kohenavocats.com\/tr\/wp-json\/wp\/v2\/types\/post"}],"author":[{"embeddable":true,"href":"https:\/\/kohenavocats.com\/tr\/wp-json\/wp\/v2\/users\/232070755"}],"replies":[{"embeddable":true,"href":"https:\/\/kohenavocats.com\/tr\/wp-json\/wp\/v2\/comments?post=666181"}],"version-history":[{"count":1,"href":"https:\/\/kohenavocats.com\/tr\/wp-json\/wp\/v2\/posts\/666181\/revisions"}],"predecessor-version":[{"id":697343,"href":"https:\/\/kohenavocats.com\/tr\/wp-json\/wp\/v2\/posts\/666181\/revisions\/697343"}],"wp:featuredmedia":[{"embeddable":true,"href":"https:\/\/kohenavocats.com\/tr\/wp-json\/wp\/v2\/media\/9637"}],"wp:attachment":[{"href":"https:\/\/kohenavocats.com\/tr\/wp-json\/wp\/v2\/media?parent=666181"}],"wp:term":[{"taxonomy":"category","embeddable":true,"href":"https:\/\/kohenavocats.com\/tr\/wp-json\/wp\/v2\/categories?post=666181"},{"taxonomy":"post_tag","embeddable":true,"href":"https:\/\/kohenavocats.com\/tr\/wp-json\/wp\/v2\/tags?post=666181"}],"curies":[{"name":"wp","href":"https:\/\/api.w.org\/{rel}","templated":true}]}}