{"id":666321,"date":"2026-04-24T01:15:40","date_gmt":"2026-04-23T23:15:40","guid":{"rendered":"https:\/\/kohenavocats.com\/cour-dappel-de-paris-le-8-juillet-2024-n23-07069\/"},"modified":"2026-04-24T01:15:40","modified_gmt":"2026-04-23T23:15:40","slug":"cour-dappel-de-paris-le-8-juillet-2024-n23-07069","status":"publish","type":"post","link":"https:\/\/kohenavocats.com\/tr\/cour-dappel-de-paris-le-8-juillet-2024-n23-07069\/","title":{"rendered":"Cour d&#8217;appel de Paris, le 8 juillet 2024, n\u00b023\/07069"},"content":{"rendered":"<div class=\"article-content\">\n<p>La cour d&#8217;appel de Paris, le 8 juillet 2024, statue sur un litige opposant un restaurateur \u00e0 son assureur. L&#8217;\u00e9tablissement, comprenant un restaurant et une salle de conf\u00e9rences, subit des fermetures durant la pand\u00e9mie de Covid-19. L&#8217;assur\u00e9 invoque la garantie pertes d&#8217;exploitation pour fermeture administrative. La cour confirme la condamnation de l&#8217;assureur \u00e0 indemniser, estimant les conditions de la garantie remplies malgr\u00e9 la possibilit\u00e9 de vente \u00e0 emporter.<\/p>\n<p>La qualification contractuelle de la fermeture administrative<\/p>\n<p>L&#8217;interpr\u00e9tation extensive d&#8217;une clause de garantie<\/p>\n<p>La clause contractuelle vise une fermeture impos\u00e9e par les services de police, d&#8217;hygi\u00e8ne ou de s\u00e9curit\u00e9. Elle emploie aussi les termes &#8220;fermeture sur ordre des autorit\u00e9s&#8221;. La cour rel\u00e8ve que ces formulations sont globales et sans distinction de cause. &#8220;La garantie n&#8217;est pas conditionn\u00e9e \u00e0 une fermeture administrative prononc\u00e9e \u00e0 titre individuel \u00e0 l&#8217;\u00e9gard d&#8217;un \u00e9tablissement nomm\u00e9ment d\u00e9sign\u00e9&#8221; (Motifs). Cette interpr\u00e9tation large \u00e9carte l&#8217;exigence d&#8217;une mesure sp\u00e9cifique et nominative. Elle favorise ainsi l&#8217;assur\u00e9 en \u00e9tendant le champ des \u00e9v\u00e9nements couverts par la police.<\/p>\n<p>L&#8217;appr\u00e9ciation in concreto de la mesure d&#8217;interdiction<\/p>\n<p>Les arr\u00eat\u00e9s et d\u00e9crets interdisant l&#8217;accueil du public sont analys\u00e9s comme des ordres des autorit\u00e9s. La cour constate leur impact direct sur l&#8217;activit\u00e9. &#8220;Ces mesures successives d&#8217;interdiction d&#8217;accueillir du public ont eu pour cons\u00e9quence directe l&#8217;impossibilit\u00e9 d&#8217;exercer l&#8217;activit\u00e9 de restauration en salle&#8221; (Motifs). La possibilit\u00e9 r\u00e9siduelle de vente \u00e0 emporter est jug\u00e9e non pertinente pour caract\u00e9riser l&#8217;ouverture. Cette analyse se concentre sur l&#8217;effet concret de la mesure r\u00e9glementaire sur l&#8217;exploitation normale de l&#8217;\u00e9tablissement assur\u00e9.<\/p>\n<p>La preuve de la r\u00e9alisation du risque garanti<\/p>\n<p>La charge de la preuve et l&#8217;articulation des textes<\/p>\n<p>La cour rappelle le principe de l&#8217;article 1353 du code civil. &#8220;Il appartient \u00e0 l&#8217;assur\u00e9 de d\u00e9montrer que les conditions d&#8217;application de la garantie sont remplies&#8221; (Motifs). L&#8217;assur\u00e9 satisfait \u00e0 cette charge en produisant les textes r\u00e9glementaires. La cour \u00e9tablit un lien direct entre ces textes et l&#8217;interruption d&#8217;activit\u00e9. Elle \u00e9carte l&#8217;argument de l&#8217;assureur fond\u00e9 sur le maintien d&#8217;une activit\u00e9 r\u00e9siduelle. La d\u00e9cision op\u00e8re ainsi une distinction nette entre l&#8217;existence d&#8217;un ordre et ses modalit\u00e9s d&#8217;ex\u00e9cution.<\/p>\n<p>La distinction avec d&#8217;autres configurations jurisprudentielles<\/p>\n<p>La solution se distingue d&#8217;autres arr\u00eats concernant des mesures restrictives non assimilables \u00e0 une fermeture. Un arr\u00eat ant\u00e9rieur a jug\u00e9 que des restrictions d&#8217;acc\u00e8s ne constituaient pas une interdiction. &#8220;Les mesures de restrictions prises n&#8217;\u00e9taient pas constitutives de mesures d&#8217;interdiction d&#8217;acc\u00e8s aux locaux des restaurants puisque cet acc\u00e8s \u00e9tait toujours possible&#8221; (Cass. Deuxi\u00e8me chambre civile, le 28 mai 2025, n\u00b023-20.093). En l&#8217;esp\u00e8ce, l&#8217;interdiction g\u00e9n\u00e9rale d&#8217;accueillir du public est jug\u00e9e plus radicale. La cour \u00e9carte \u00e9galement l&#8217;id\u00e9e que la cause collective de la fermeture l&#8217;exclurait de la garantie.<\/p>\n<\/div>\n","protected":false},"excerpt":{"rendered":"<p>La cour d&#8217;appel de Paris, le 8 juillet 2024, statue sur un litige opposant un restaurateur \u00e0 son assureur. L&#8217;\u00e9tablissement, comprenant un restaurant et une s&#8230;<\/p>\n","protected":false},"author":232070755,"featured_media":9703,"comment_status":"open","ping_status":"open","sticky":false,"template":"","format":"standard","meta":{"_crdt_document":"","_jetpack_newsletter_access":"","_jetpack_dont_email_post_to_subs":false,"_jetpack_newsletter_tier_id":0,"_jetpack_memberships_contains_paywalled_content":false,"_jetpack_memberships_contains_paid_content":false,"footnotes":"","jetpack_post_was_ever_published":false},"categories":[7597],"tags":[],"class_list":["post-666321","post","type-post","status-publish","format-standard","has-post-thumbnail","hentry","category-jurisprudence"],"yoast_head":"<!-- This site is optimized with the Yoast SEO Premium plugin v27.4 (Yoast SEO v27.4) - https:\/\/yoast.com\/product\/yoast-seo-premium-wordpress\/ -->\n<title>Cour d&#039;appel de Paris, le 8 juillet 2024, n\u00b023\/07069 - Ma\u00eetre Hassan Kohen, avocat en droit p\u00e9nal \u00e0 Paris<\/title>\n<meta name=\"description\" content=\"La cour d&#039;appel de Paris, le 8 juillet 2024, statue sur un litige opposant un restaurateur \u00e0 son assureur. L&#039;\u00e9tablissement, comprenant un restaurant et une s...\" \/>\n<meta name=\"robots\" content=\"index, follow, max-snippet:-1, max-image-preview:large, max-video-preview:-1\" \/>\n<link rel=\"canonical\" href=\"https:\/\/kohenavocats.com\/tr\/cour-dappel-de-paris-le-8-juillet-2024-n23-07069\/\" \/>\n<meta property=\"og:locale\" content=\"tr_TR\" \/>\n<meta property=\"og:type\" content=\"article\" \/>\n<meta property=\"og:title\" content=\"Cour d&#039;appel de Paris, le 8 juillet 2024, n\u00b023\/07069\" \/>\n<meta property=\"og:description\" content=\"La cour d&#039;appel de Paris, le 8 juillet 2024, statue sur un litige opposant un restaurateur \u00e0 son assureur. L&#039;\u00e9tablissement, comprenant un restaurant et une s...\" \/>\n<meta property=\"og:url\" content=\"https:\/\/kohenavocats.com\/tr\/cour-dappel-de-paris-le-8-juillet-2024-n23-07069\/\" \/>\n<meta property=\"og:site_name\" content=\"Ma\u00eetre Hassan Kohen, avocat en droit p\u00e9nal \u00e0 Paris\" \/>\n<meta property=\"article:published_time\" content=\"2026-04-23T23:15:40+00:00\" \/>\n<meta property=\"og:image\" content=\"https:\/\/kohenavocats.com\/wp-content\/uploads\/2024\/11\/frank-van-hulst-0ICcSSgR3Fw-unsplash.webp\" \/>\n\t<meta property=\"og:image:width\" content=\"3742\" \/>\n\t<meta property=\"og:image:height\" content=\"2495\" \/>\n\t<meta property=\"og:image:type\" content=\"image\/webp\" \/>\n<meta name=\"author\" content=\"Kohen\" \/>\n<meta name=\"twitter:card\" content=\"summary_large_image\" \/>\n<meta name=\"twitter:label1\" content=\"Yazan:\" \/>\n\t<meta name=\"twitter:data1\" content=\"Kohen\" \/>\n\t<meta name=\"twitter:label2\" content=\"Tahmini okuma s\u00fcresi\" \/>\n\t<meta name=\"twitter:data2\" content=\"2 dakika\" \/>\n<script type=\"application\/ld+json\" class=\"yoast-schema-graph\">{\"@context\":\"https:\\\/\\\/schema.org\",\"@graph\":[{\"@type\":\"Article\",\"@id\":\"https:\\\/\\\/kohenavocats.com\\\/tr\\\/cour-dappel-de-paris-le-8-juillet-2024-n23-07069\\\/#article\",\"isPartOf\":{\"@id\":\"https:\\\/\\\/kohenavocats.com\\\/tr\\\/cour-dappel-de-paris-le-8-juillet-2024-n23-07069\\\/\"},\"author\":{\"name\":\"Kohen\",\"@id\":\"https:\\\/\\\/kohenavocats.com\\\/tr\\\/#\\\/schema\\\/person\\\/761c9ba54fa1ca84d405cef0831ff751\"},\"headline\":\"Cour d&#8217;appel de Paris, le 8 juillet 2024, n\u00b023\\\/07069\",\"datePublished\":\"2026-04-23T23:15:40+00:00\",\"mainEntityOfPage\":{\"@id\":\"https:\\\/\\\/kohenavocats.com\\\/tr\\\/cour-dappel-de-paris-le-8-juillet-2024-n23-07069\\\/\"},\"wordCount\":522,\"commentCount\":0,\"publisher\":{\"@id\":\"https:\\\/\\\/kohenavocats.com\\\/tr\\\/#organization\"},\"image\":{\"@id\":\"https:\\\/\\\/kohenavocats.com\\\/tr\\\/cour-dappel-de-paris-le-8-juillet-2024-n23-07069\\\/#primaryimage\"},\"thumbnailUrl\":\"https:\\\/\\\/kohenavocats.com\\\/wp-content\\\/uploads\\\/2024\\\/11\\\/frank-van-hulst-0ICcSSgR3Fw-unsplash.webp\",\"articleSection\":[\"Jurisprudence\"],\"inLanguage\":\"tr\",\"potentialAction\":[{\"@type\":\"CommentAction\",\"name\":\"Comment\",\"target\":[\"https:\\\/\\\/kohenavocats.com\\\/tr\\\/cour-dappel-de-paris-le-8-juillet-2024-n23-07069\\\/#respond\"]}],\"citation\":\"Cour d&#8217;appel de Paris, le 8 juillet 2024, n\u00b023\\\/07069\",\"about\":[{\"@type\":\"Thing\",\"name\":\"Jurisprudence\"}],\"dateModified\":\"2026-04-23T23:15:40+00:00\",\"speakable\":{\"@type\":\"SpeakableSpecification\",\"cssSelector\":[\".article-content > p:first-of-type\"]}},{\"@type\":\"WebPage\",\"@id\":\"https:\\\/\\\/kohenavocats.com\\\/tr\\\/cour-dappel-de-paris-le-8-juillet-2024-n23-07069\\\/\",\"url\":\"https:\\\/\\\/kohenavocats.com\\\/tr\\\/cour-dappel-de-paris-le-8-juillet-2024-n23-07069\\\/\",\"name\":\"Cour d'appel de Paris, le 8 juillet 2024, n\u00b023\\\/07069 - Ma\u00eetre Hassan Kohen, avocat en droit p\u00e9nal \u00e0 Paris\",\"isPartOf\":{\"@id\":\"https:\\\/\\\/kohenavocats.com\\\/tr\\\/#website\"},\"primaryImageOfPage\":{\"@id\":\"https:\\\/\\\/kohenavocats.com\\\/tr\\\/cour-dappel-de-paris-le-8-juillet-2024-n23-07069\\\/#primaryimage\"},\"image\":{\"@id\":\"https:\\\/\\\/kohenavocats.com\\\/tr\\\/cour-dappel-de-paris-le-8-juillet-2024-n23-07069\\\/#primaryimage\"},\"thumbnailUrl\":\"https:\\\/\\\/kohenavocats.com\\\/wp-content\\\/uploads\\\/2024\\\/11\\\/frank-van-hulst-0ICcSSgR3Fw-unsplash.webp\",\"datePublished\":\"2026-04-23T23:15:40+00:00\",\"description\":\"La cour d'appel de Paris, le 8 juillet 2024, statue sur un litige opposant un restaurateur \u00e0 son assureur. L'\u00e9tablissement, comprenant un restaurant et une s...\",\"breadcrumb\":{\"@id\":\"https:\\\/\\\/kohenavocats.com\\\/tr\\\/cour-dappel-de-paris-le-8-juillet-2024-n23-07069\\\/#breadcrumb\"},\"inLanguage\":\"tr\",\"potentialAction\":[{\"@type\":\"ReadAction\",\"target\":[\"https:\\\/\\\/kohenavocats.com\\\/tr\\\/cour-dappel-de-paris-le-8-juillet-2024-n23-07069\\\/\"]}]},{\"@type\":\"ImageObject\",\"inLanguage\":\"tr\",\"@id\":\"https:\\\/\\\/kohenavocats.com\\\/tr\\\/cour-dappel-de-paris-le-8-juillet-2024-n23-07069\\\/#primaryimage\",\"url\":\"https:\\\/\\\/kohenavocats.com\\\/wp-content\\\/uploads\\\/2024\\\/11\\\/frank-van-hulst-0ICcSSgR3Fw-unsplash.webp\",\"contentUrl\":\"https:\\\/\\\/kohenavocats.com\\\/wp-content\\\/uploads\\\/2024\\\/11\\\/frank-van-hulst-0ICcSSgR3Fw-unsplash.webp\",\"width\":3742,\"height\":2495},{\"@type\":\"BreadcrumbList\",\"@id\":\"https:\\\/\\\/kohenavocats.com\\\/tr\\\/cour-dappel-de-paris-le-8-juillet-2024-n23-07069\\\/#breadcrumb\",\"itemListElement\":[{\"@type\":\"ListItem\",\"position\":1,\"name\":\"Home\",\"item\":\"https:\\\/\\\/kohenavocats.com\\\/tr\\\/avocats-en-droit-penal-a-paris-conseil-et-defense-strategique\\\/\"},{\"@type\":\"ListItem\",\"position\":2,\"name\":\"Cour d&rsquo;appel de Paris, le 8 juillet 2024, n\u00b023\\\/07069\"}]},{\"@type\":\"WebSite\",\"@id\":\"https:\\\/\\\/kohenavocats.com\\\/tr\\\/#website\",\"url\":\"https:\\\/\\\/kohenavocats.com\\\/tr\\\/\",\"name\":\"Kohen Avocats\",\"description\":\"Ma\u00eetre Hassan Kohen, avocat p\u00e9naliste \u00e0 Paris, intervient exclusivement en droit p\u00e9nal pour la d\u00e9fense des particuliers, notamment en mati\u00e8re d\u2019accusations de viol. Il assure un accompagnement rigoureux d\u00e8s la garde \u00e0 vue jusqu\u2019\u00e0 la Cour d\u2019assises, veillant au strict respect des garanties proc\u00e9durales.\",\"publisher\":{\"@id\":\"https:\\\/\\\/kohenavocats.com\\\/tr\\\/#organization\"},\"potentialAction\":[{\"@type\":\"SearchAction\",\"target\":{\"@type\":\"EntryPoint\",\"urlTemplate\":\"https:\\\/\\\/kohenavocats.com\\\/tr\\\/?s={search_term_string}\"},\"query-input\":{\"@type\":\"PropertyValueSpecification\",\"valueRequired\":true,\"valueName\":\"search_term_string\"}}],\"inLanguage\":\"tr\"},{\"@type\":\"Organization\",\"@id\":\"https:\\\/\\\/kohenavocats.com\\\/tr\\\/#organization\",\"name\":\"Kohen Avocats\",\"url\":\"https:\\\/\\\/kohenavocats.com\\\/tr\\\/\",\"logo\":{\"@type\":\"ImageObject\",\"inLanguage\":\"tr\",\"@id\":\"https:\\\/\\\/kohenavocats.com\\\/tr\\\/#\\\/schema\\\/logo\\\/image\\\/\",\"url\":\"https:\\\/\\\/kohenavocats.com\\\/wp-content\\\/uploads\\\/2026\\\/01\\\/Logo-2-1.webp\",\"contentUrl\":\"https:\\\/\\\/kohenavocats.com\\\/wp-content\\\/uploads\\\/2026\\\/01\\\/Logo-2-1.webp\",\"width\":2114,\"height\":1253,\"caption\":\"Kohen Avocats\"},\"image\":{\"@id\":\"https:\\\/\\\/kohenavocats.com\\\/tr\\\/#\\\/schema\\\/logo\\\/image\\\/\"}},{\"@type\":\"Person\",\"@id\":\"https:\\\/\\\/kohenavocats.com\\\/tr\\\/#\\\/schema\\\/person\\\/761c9ba54fa1ca84d405cef0831ff751\",\"name\":\"Kohen\",\"image\":{\"@type\":\"ImageObject\",\"inLanguage\":\"tr\",\"@id\":\"https:\\\/\\\/secure.gravatar.com\\\/avatar\\\/1c5e76ef76bbbfdd2b4da984e2bf2fa4056fd51a27d25ce2c332047f1dfd6e00?s=96&d=identicon&r=g\",\"url\":\"https:\\\/\\\/secure.gravatar.com\\\/avatar\\\/1c5e76ef76bbbfdd2b4da984e2bf2fa4056fd51a27d25ce2c332047f1dfd6e00?s=96&d=identicon&r=g\",\"contentUrl\":\"https:\\\/\\\/secure.gravatar.com\\\/avatar\\\/1c5e76ef76bbbfdd2b4da984e2bf2fa4056fd51a27d25ce2c332047f1dfd6e00?s=96&d=identicon&r=g\",\"caption\":\"Kohen\"},\"sameAs\":[\"https:\\\/\\\/www.linkedin.com\\\/in\\\/hassan-kohen-448548192\\\/\",\"https:\\\/\\\/www.youtube.com\\\/@Kohen-Avocats\"],\"url\":\"https:\\\/\\\/kohenavocats.com\\\/tr\\\/author\\\/kohenmlk\\\/\"}]}<\/script>\n<!-- \/ Yoast SEO Premium plugin. -->","yoast_head_json":{"title":"Cour d'appel de Paris, le 8 juillet 2024, n\u00b023\/07069 - Ma\u00eetre Hassan Kohen, avocat en droit p\u00e9nal \u00e0 Paris","description":"La cour d'appel de Paris, le 8 juillet 2024, statue sur un litige opposant un restaurateur \u00e0 son assureur. L'\u00e9tablissement, comprenant un restaurant et une s...","robots":{"index":"index","follow":"follow","max-snippet":"max-snippet:-1","max-image-preview":"max-image-preview:large","max-video-preview":"max-video-preview:-1"},"canonical":"https:\/\/kohenavocats.com\/tr\/cour-dappel-de-paris-le-8-juillet-2024-n23-07069\/","og_locale":"tr_TR","og_type":"article","og_title":"Cour d'appel de Paris, le 8 juillet 2024, n\u00b023\/07069","og_description":"La cour d'appel de Paris, le 8 juillet 2024, statue sur un litige opposant un restaurateur \u00e0 son assureur. L'\u00e9tablissement, comprenant un restaurant et une s...","og_url":"https:\/\/kohenavocats.com\/tr\/cour-dappel-de-paris-le-8-juillet-2024-n23-07069\/","og_site_name":"Ma\u00eetre Hassan Kohen, avocat en droit p\u00e9nal \u00e0 Paris","article_published_time":"2026-04-23T23:15:40+00:00","og_image":[{"width":3742,"height":2495,"url":"https:\/\/kohenavocats.com\/wp-content\/uploads\/2024\/11\/frank-van-hulst-0ICcSSgR3Fw-unsplash.webp","type":"image\/webp"}],"author":"Kohen","twitter_card":"summary_large_image","twitter_misc":{"Yazan:":"Kohen","Tahmini okuma s\u00fcresi":"2 dakika"},"schema":{"@context":"https:\/\/schema.org","@graph":[{"@type":"Article","@id":"https:\/\/kohenavocats.com\/tr\/cour-dappel-de-paris-le-8-juillet-2024-n23-07069\/#article","isPartOf":{"@id":"https:\/\/kohenavocats.com\/tr\/cour-dappel-de-paris-le-8-juillet-2024-n23-07069\/"},"author":{"name":"Kohen","@id":"https:\/\/kohenavocats.com\/tr\/#\/schema\/person\/761c9ba54fa1ca84d405cef0831ff751"},"headline":"Cour d&#8217;appel de Paris, le 8 juillet 2024, n\u00b023\/07069","datePublished":"2026-04-23T23:15:40+00:00","mainEntityOfPage":{"@id":"https:\/\/kohenavocats.com\/tr\/cour-dappel-de-paris-le-8-juillet-2024-n23-07069\/"},"wordCount":522,"commentCount":0,"publisher":{"@id":"https:\/\/kohenavocats.com\/tr\/#organization"},"image":{"@id":"https:\/\/kohenavocats.com\/tr\/cour-dappel-de-paris-le-8-juillet-2024-n23-07069\/#primaryimage"},"thumbnailUrl":"https:\/\/kohenavocats.com\/wp-content\/uploads\/2024\/11\/frank-van-hulst-0ICcSSgR3Fw-unsplash.webp","articleSection":["Jurisprudence"],"inLanguage":"tr","potentialAction":[{"@type":"CommentAction","name":"Comment","target":["https:\/\/kohenavocats.com\/tr\/cour-dappel-de-paris-le-8-juillet-2024-n23-07069\/#respond"]}],"citation":"Cour d&#8217;appel de Paris, le 8 juillet 2024, n\u00b023\/07069","about":[{"@type":"Thing","name":"Jurisprudence"}],"dateModified":"2026-04-23T23:15:40+00:00","speakable":{"@type":"SpeakableSpecification","cssSelector":[".article-content > p:first-of-type"]}},{"@type":"WebPage","@id":"https:\/\/kohenavocats.com\/tr\/cour-dappel-de-paris-le-8-juillet-2024-n23-07069\/","url":"https:\/\/kohenavocats.com\/tr\/cour-dappel-de-paris-le-8-juillet-2024-n23-07069\/","name":"Cour d'appel de Paris, le 8 juillet 2024, n\u00b023\/07069 - Ma\u00eetre Hassan Kohen, avocat en droit p\u00e9nal \u00e0 Paris","isPartOf":{"@id":"https:\/\/kohenavocats.com\/tr\/#website"},"primaryImageOfPage":{"@id":"https:\/\/kohenavocats.com\/tr\/cour-dappel-de-paris-le-8-juillet-2024-n23-07069\/#primaryimage"},"image":{"@id":"https:\/\/kohenavocats.com\/tr\/cour-dappel-de-paris-le-8-juillet-2024-n23-07069\/#primaryimage"},"thumbnailUrl":"https:\/\/kohenavocats.com\/wp-content\/uploads\/2024\/11\/frank-van-hulst-0ICcSSgR3Fw-unsplash.webp","datePublished":"2026-04-23T23:15:40+00:00","description":"La cour d'appel de Paris, le 8 juillet 2024, statue sur un litige opposant un restaurateur \u00e0 son assureur. L'\u00e9tablissement, comprenant un restaurant et une s...","breadcrumb":{"@id":"https:\/\/kohenavocats.com\/tr\/cour-dappel-de-paris-le-8-juillet-2024-n23-07069\/#breadcrumb"},"inLanguage":"tr","potentialAction":[{"@type":"ReadAction","target":["https:\/\/kohenavocats.com\/tr\/cour-dappel-de-paris-le-8-juillet-2024-n23-07069\/"]}]},{"@type":"ImageObject","inLanguage":"tr","@id":"https:\/\/kohenavocats.com\/tr\/cour-dappel-de-paris-le-8-juillet-2024-n23-07069\/#primaryimage","url":"https:\/\/kohenavocats.com\/wp-content\/uploads\/2024\/11\/frank-van-hulst-0ICcSSgR3Fw-unsplash.webp","contentUrl":"https:\/\/kohenavocats.com\/wp-content\/uploads\/2024\/11\/frank-van-hulst-0ICcSSgR3Fw-unsplash.webp","width":3742,"height":2495},{"@type":"BreadcrumbList","@id":"https:\/\/kohenavocats.com\/tr\/cour-dappel-de-paris-le-8-juillet-2024-n23-07069\/#breadcrumb","itemListElement":[{"@type":"ListItem","position":1,"name":"Home","item":"https:\/\/kohenavocats.com\/tr\/avocats-en-droit-penal-a-paris-conseil-et-defense-strategique\/"},{"@type":"ListItem","position":2,"name":"Cour d&rsquo;appel de Paris, le 8 juillet 2024, n\u00b023\/07069"}]},{"@type":"WebSite","@id":"https:\/\/kohenavocats.com\/tr\/#website","url":"https:\/\/kohenavocats.com\/tr\/","name":"Kohen Avocats","description":"Ma\u00eetre Hassan Kohen, avocat p\u00e9naliste \u00e0 Paris, intervient exclusivement en droit p\u00e9nal pour la d\u00e9fense des particuliers, notamment en mati\u00e8re d\u2019accusations de viol. Il assure un accompagnement rigoureux d\u00e8s la garde \u00e0 vue jusqu\u2019\u00e0 la Cour d\u2019assises, veillant au strict respect des garanties proc\u00e9durales.","publisher":{"@id":"https:\/\/kohenavocats.com\/tr\/#organization"},"potentialAction":[{"@type":"SearchAction","target":{"@type":"EntryPoint","urlTemplate":"https:\/\/kohenavocats.com\/tr\/?s={search_term_string}"},"query-input":{"@type":"PropertyValueSpecification","valueRequired":true,"valueName":"search_term_string"}}],"inLanguage":"tr"},{"@type":"Organization","@id":"https:\/\/kohenavocats.com\/tr\/#organization","name":"Kohen Avocats","url":"https:\/\/kohenavocats.com\/tr\/","logo":{"@type":"ImageObject","inLanguage":"tr","@id":"https:\/\/kohenavocats.com\/tr\/#\/schema\/logo\/image\/","url":"https:\/\/kohenavocats.com\/wp-content\/uploads\/2026\/01\/Logo-2-1.webp","contentUrl":"https:\/\/kohenavocats.com\/wp-content\/uploads\/2026\/01\/Logo-2-1.webp","width":2114,"height":1253,"caption":"Kohen Avocats"},"image":{"@id":"https:\/\/kohenavocats.com\/tr\/#\/schema\/logo\/image\/"}},{"@type":"Person","@id":"https:\/\/kohenavocats.com\/tr\/#\/schema\/person\/761c9ba54fa1ca84d405cef0831ff751","name":"Kohen","image":{"@type":"ImageObject","inLanguage":"tr","@id":"https:\/\/secure.gravatar.com\/avatar\/1c5e76ef76bbbfdd2b4da984e2bf2fa4056fd51a27d25ce2c332047f1dfd6e00?s=96&d=identicon&r=g","url":"https:\/\/secure.gravatar.com\/avatar\/1c5e76ef76bbbfdd2b4da984e2bf2fa4056fd51a27d25ce2c332047f1dfd6e00?s=96&d=identicon&r=g","contentUrl":"https:\/\/secure.gravatar.com\/avatar\/1c5e76ef76bbbfdd2b4da984e2bf2fa4056fd51a27d25ce2c332047f1dfd6e00?s=96&d=identicon&r=g","caption":"Kohen"},"sameAs":["https:\/\/www.linkedin.com\/in\/hassan-kohen-448548192\/","https:\/\/www.youtube.com\/@Kohen-Avocats"],"url":"https:\/\/kohenavocats.com\/tr\/author\/kohenmlk\/"}]}},"jetpack_featured_media_url":"https:\/\/kohenavocats.com\/wp-content\/uploads\/2024\/11\/frank-van-hulst-0ICcSSgR3Fw-unsplash.webp","jetpack_likes_enabled":false,"jetpack_shortlink":"https:\/\/wp.me\/peCrII-2Nl7","jetpack-related-posts":[{"id":478333,"url":"https:\/\/kohenavocats.com\/tr\/cour-dappel-de-paris-le-10-juillet-2024-n21-14682\/","url_meta":{"origin":666321,"position":0},"title":"Cour d&#8217;appel de Paris, le 10 juillet 2024, n\u00b021\/14682","author":"Kohen","date":"7 Nisan 2026","format":false,"excerpt":"La Cour d'appel de Paris, statuant le 10 juillet 2024, examine un litige entre un restaurateur et son assureur. L'\u00e9tablissement avait sollicit\u00e9 l'indemnisati...","rel":"","context":"&quot;Jurisprudence&quot; i\u00e7inde","block_context":{"text":"Jurisprudence","link":"https:\/\/kohenavocats.com\/category\/jurisprudence\/"},"img":{"alt_text":"","src":"https:\/\/i0.wp.com\/kohenavocats.com\/wp-content\/uploads\/2024\/06\/giammarco-boscaro-eWpBNXRHfTI-unsplash.jpg?resize=350%2C200&ssl=1","width":350,"height":200,"srcset":"https:\/\/i0.wp.com\/kohenavocats.com\/wp-content\/uploads\/2024\/06\/giammarco-boscaro-eWpBNXRHfTI-unsplash.jpg?resize=350%2C200&ssl=1 1x, https:\/\/i0.wp.com\/kohenavocats.com\/wp-content\/uploads\/2024\/06\/giammarco-boscaro-eWpBNXRHfTI-unsplash.jpg?resize=525%2C300&ssl=1 1.5x, https:\/\/i0.wp.com\/kohenavocats.com\/wp-content\/uploads\/2024\/06\/giammarco-boscaro-eWpBNXRHfTI-unsplash.jpg?resize=700%2C400&ssl=1 2x, https:\/\/i0.wp.com\/kohenavocats.com\/wp-content\/uploads\/2024\/06\/giammarco-boscaro-eWpBNXRHfTI-unsplash.jpg?resize=1050%2C600&ssl=1 3x, https:\/\/i0.wp.com\/kohenavocats.com\/wp-content\/uploads\/2024\/06\/giammarco-boscaro-eWpBNXRHfTI-unsplash.jpg?resize=1400%2C800&ssl=1 4x"},"classes":[]},{"id":507284,"url":"https:\/\/kohenavocats.com\/tr\/tribunal-judiciaire-de-paris-le-8-avril-2025-n21-07617\/","url_meta":{"origin":666321,"position":1},"title":"Tribunal judiciaire de Paris, le 8 avril 2025, n\u00b021\/07617","author":"Kohen","date":"8 Nisan 2026","format":false,"excerpt":"Le tribunal judiciaire de Paris, dans un jugement du 8 avril 2025, statue sur une demande d'indemnisation au titre d'une garantie perte d'exploitation. L'ass...","rel":"","context":"&quot;Jurisprudence&quot; i\u00e7inde","block_context":{"text":"Jurisprudence","link":"https:\/\/kohenavocats.com\/category\/jurisprudence\/"},"img":{"alt_text":"","src":"https:\/\/i0.wp.com\/kohenavocats.com\/wp-content\/uploads\/2024\/11\/getty-images-aGTPv7ghZYc-unsplash.webp?resize=350%2C200&ssl=1","width":350,"height":200,"srcset":"https:\/\/i0.wp.com\/kohenavocats.com\/wp-content\/uploads\/2024\/11\/getty-images-aGTPv7ghZYc-unsplash.webp?resize=350%2C200&ssl=1 1x, https:\/\/i0.wp.com\/kohenavocats.com\/wp-content\/uploads\/2024\/11\/getty-images-aGTPv7ghZYc-unsplash.webp?resize=525%2C300&ssl=1 1.5x, https:\/\/i0.wp.com\/kohenavocats.com\/wp-content\/uploads\/2024\/11\/getty-images-aGTPv7ghZYc-unsplash.webp?resize=700%2C400&ssl=1 2x, https:\/\/i0.wp.com\/kohenavocats.com\/wp-content\/uploads\/2024\/11\/getty-images-aGTPv7ghZYc-unsplash.webp?resize=1050%2C600&ssl=1 3x, https:\/\/i0.wp.com\/kohenavocats.com\/wp-content\/uploads\/2024\/11\/getty-images-aGTPv7ghZYc-unsplash.webp?resize=1400%2C800&ssl=1 4x"},"classes":[]},{"id":544218,"url":"https:\/\/kohenavocats.com\/tr\/cour-dappel-de-versailles-le-24-septembre-2025-n23-07069\/","url_meta":{"origin":666321,"position":2},"title":"Cour d&#8217;appel de Versailles, le 24 septembre 2025, n\u00b023\/07069","author":"Kohen","date":"9 Nisan 2026","format":false,"excerpt":"La cour d'appel de Paris, le 8 juillet 2024, statue sur un litige opposant un restaurateur \u00e0 son assureur. L'\u00e9tablissement, comprenant un restaurant et...","rel":"","context":"&quot;Cour d'appel&quot; i\u00e7inde","block_context":{"text":"Cour d'appel","link":"https:\/\/kohenavocats.com\/category\/cour-dappel\/"},"img":{"alt_text":"","src":"https:\/\/i0.wp.com\/kohenavocats.com\/wp-content\/uploads\/2024\/11\/thomas-franke-2wMK7kH4kQI-unsplash.webp?resize=350%2C200&ssl=1","width":350,"height":200,"srcset":"https:\/\/i0.wp.com\/kohenavocats.com\/wp-content\/uploads\/2024\/11\/thomas-franke-2wMK7kH4kQI-unsplash.webp?resize=350%2C200&ssl=1 1x, https:\/\/i0.wp.com\/kohenavocats.com\/wp-content\/uploads\/2024\/11\/thomas-franke-2wMK7kH4kQI-unsplash.webp?resize=525%2C300&ssl=1 1.5x, https:\/\/i0.wp.com\/kohenavocats.com\/wp-content\/uploads\/2024\/11\/thomas-franke-2wMK7kH4kQI-unsplash.webp?resize=700%2C400&ssl=1 2x, https:\/\/i0.wp.com\/kohenavocats.com\/wp-content\/uploads\/2024\/11\/thomas-franke-2wMK7kH4kQI-unsplash.webp?resize=1050%2C600&ssl=1 3x, https:\/\/i0.wp.com\/kohenavocats.com\/wp-content\/uploads\/2024\/11\/thomas-franke-2wMK7kH4kQI-unsplash.webp?resize=1400%2C800&ssl=1 4x"},"classes":[]},{"id":231138,"url":"https:\/\/kohenavocats.com\/tr\/cour-dappel-de-paris-le-9-juillet-2025-n22-11974\/","url_meta":{"origin":666321,"position":3},"title":"Cour d&#8217;appel de Paris, le 9 juillet 2025, n\u00b022\/11974","author":"Kohen","date":"27 Aral\u0131k 2025","format":false,"excerpt":"La garantie des pertes d\u2019exploitation en cas d\u2019\u00e9pid\u00e9mie constitue un enjeu majeur du droit des assurances, que la crise sanitaire li\u00e9e au Covid-19 a mis en lumi\u00e8re avec une acuit\u00e9 particuli\u00e8re. L\u2019arr\u00eat rendu par la Cour d\u2019appel de Paris le 9 juillet 2025 s\u2019inscrit dans ce contentieux abondant, en pr\u00e9cisant\u2026","rel":"","context":"&quot;Cour d'appel&quot; i\u00e7inde","block_context":{"text":"Cour d'appel","link":"https:\/\/kohenavocats.com\/category\/cour-dappel\/"},"img":{"alt_text":"","src":"https:\/\/i0.wp.com\/kohenavocats.com\/wp-content\/uploads\/2024\/11\/viktor-forgacs-DcHqAJ9o6pc-unsplash.webp?resize=350%2C200&ssl=1","width":350,"height":200,"srcset":"https:\/\/i0.wp.com\/kohenavocats.com\/wp-content\/uploads\/2024\/11\/viktor-forgacs-DcHqAJ9o6pc-unsplash.webp?resize=350%2C200&ssl=1 1x, https:\/\/i0.wp.com\/kohenavocats.com\/wp-content\/uploads\/2024\/11\/viktor-forgacs-DcHqAJ9o6pc-unsplash.webp?resize=525%2C300&ssl=1 1.5x, https:\/\/i0.wp.com\/kohenavocats.com\/wp-content\/uploads\/2024\/11\/viktor-forgacs-DcHqAJ9o6pc-unsplash.webp?resize=700%2C400&ssl=1 2x, https:\/\/i0.wp.com\/kohenavocats.com\/wp-content\/uploads\/2024\/11\/viktor-forgacs-DcHqAJ9o6pc-unsplash.webp?resize=1050%2C600&ssl=1 3x, https:\/\/i0.wp.com\/kohenavocats.com\/wp-content\/uploads\/2024\/11\/viktor-forgacs-DcHqAJ9o6pc-unsplash.webp?resize=1400%2C800&ssl=1 4x"},"classes":[]},{"id":163463,"url":"https:\/\/kohenavocats.com\/tr\/cour-dappel-de-nancy-le-2-juillet-2025-n24-00923\/","url_meta":{"origin":666321,"position":4},"title":"Cour d&#8217;appel de Nancy, le 2 juillet 2025, n\u00b024\/00923","author":"Kohen","date":"3 Aral\u0131k 2025","format":false,"excerpt":"Par un arr\u00eat de la Cour d\u2019appel de Nancy du 2 juillet 2025, la cinqui\u00e8me chambre commerciale tranche un litige n\u00e9 d\u2019un contrat multirisque professionnel. Une soci\u00e9t\u00e9 exploitant un ensemble h\u00f4telier et un restaurateur affili\u00e9 soutiennent que l\u2019assureur et son agent ont manqu\u00e9 \u00e0 leurs obligations pr\u00e9contractuelles. Les pertes d\u2019exploitation\u2026","rel":"","context":"&quot;Cour d'appel&quot; i\u00e7inde","block_context":{"text":"Cour d'appel","link":"https:\/\/kohenavocats.com\/category\/cour-dappel\/"},"img":{"alt_text":"","src":"https:\/\/i0.wp.com\/kohenavocats.com\/wp-content\/uploads\/2024\/08\/mika-ruusunen-ypVM8PnygUo-unsplash.webp?resize=350%2C200&ssl=1","width":350,"height":200,"srcset":"https:\/\/i0.wp.com\/kohenavocats.com\/wp-content\/uploads\/2024\/08\/mika-ruusunen-ypVM8PnygUo-unsplash.webp?resize=350%2C200&ssl=1 1x, https:\/\/i0.wp.com\/kohenavocats.com\/wp-content\/uploads\/2024\/08\/mika-ruusunen-ypVM8PnygUo-unsplash.webp?resize=525%2C300&ssl=1 1.5x, https:\/\/i0.wp.com\/kohenavocats.com\/wp-content\/uploads\/2024\/08\/mika-ruusunen-ypVM8PnygUo-unsplash.webp?resize=700%2C400&ssl=1 2x, https:\/\/i0.wp.com\/kohenavocats.com\/wp-content\/uploads\/2024\/08\/mika-ruusunen-ypVM8PnygUo-unsplash.webp?resize=1050%2C600&ssl=1 3x, https:\/\/i0.wp.com\/kohenavocats.com\/wp-content\/uploads\/2024\/08\/mika-ruusunen-ypVM8PnygUo-unsplash.webp?resize=1400%2C800&ssl=1 4x"},"classes":[]}],"jetpack_sharing_enabled":true,"_links":{"self":[{"href":"https:\/\/kohenavocats.com\/tr\/wp-json\/wp\/v2\/posts\/666321","targetHints":{"allow":["GET"]}}],"collection":[{"href":"https:\/\/kohenavocats.com\/tr\/wp-json\/wp\/v2\/posts"}],"about":[{"href":"https:\/\/kohenavocats.com\/tr\/wp-json\/wp\/v2\/types\/post"}],"author":[{"embeddable":true,"href":"https:\/\/kohenavocats.com\/tr\/wp-json\/wp\/v2\/users\/232070755"}],"replies":[{"embeddable":true,"href":"https:\/\/kohenavocats.com\/tr\/wp-json\/wp\/v2\/comments?post=666321"}],"version-history":[{"count":0,"href":"https:\/\/kohenavocats.com\/tr\/wp-json\/wp\/v2\/posts\/666321\/revisions"}],"wp:featuredmedia":[{"embeddable":true,"href":"https:\/\/kohenavocats.com\/tr\/wp-json\/wp\/v2\/media\/9703"}],"wp:attachment":[{"href":"https:\/\/kohenavocats.com\/tr\/wp-json\/wp\/v2\/media?parent=666321"}],"wp:term":[{"taxonomy":"category","embeddable":true,"href":"https:\/\/kohenavocats.com\/tr\/wp-json\/wp\/v2\/categories?post=666321"},{"taxonomy":"post_tag","embeddable":true,"href":"https:\/\/kohenavocats.com\/tr\/wp-json\/wp\/v2\/tags?post=666321"}],"curies":[{"name":"wp","href":"https:\/\/api.w.org\/{rel}","templated":true}]}}