{"id":666325,"date":"2026-04-24T01:15:54","date_gmt":"2026-04-23T23:15:54","guid":{"rendered":"https:\/\/kohenavocats.com\/cour-dappel-le-24-septembre-2025-n22-01869\/"},"modified":"2026-04-24T01:15:54","modified_gmt":"2026-04-23T23:15:54","slug":"cour-dappel-le-24-septembre-2025-n22-01869","status":"publish","type":"post","link":"https:\/\/kohenavocats.com\/tr\/cour-dappel-le-24-septembre-2025-n22-01869\/","title":{"rendered":"Cour d&#8217;appel, le 24 septembre 2025, n\u00b022\/01869"},"content":{"rendered":"<div class=\"article-content\">\n<p>La cour d&#8217;appel, statuant en date non pr\u00e9cis\u00e9e, a examin\u00e9 les demandes d&#8217;une ancienne stagiaire concernant une p\u00e9riode pr\u00e9c\u00e9dant sa convention de stage. La juridiction a d&#8217;abord rejet\u00e9 une exception d&#8217;incomp\u00e9tence avant de statuer sur le fond. Elle a confirm\u00e9 l&#8217;absence de contrat de travail pour la p\u00e9riode litigieuse mais a accord\u00e9 une indemnisation pour d\u00e9passement de la dur\u00e9e l\u00e9gale de pr\u00e9sence durant le stage.<\/p>\n<p>La comp\u00e9tence mat\u00e9rielle du juge prud&#8217;homal<\/p>\n<p>La cour rappelle le principe de la comp\u00e9tence exclusive du conseil de prud&#8217;hommes pour les litiges n\u00e9s du contrat de travail. Elle pr\u00e9cise que l&#8217;existence m\u00eame d&#8217;un contrat rel\u00e8ve de sa comp\u00e9tence, cette condition n&#8217;\u00e9tant pas une question de recevabilit\u00e9. &#8220;L&#8217;existence d&#8217;un contrat de travail n&#8217;\u00e9tant pas une condition de recevabilit\u00e9 de l&#8217;action, mais seulement de son succ\u00e8s, les demandes li\u00e9es \u00e0 l&#8217;existence d&#8217;un contrat de travail (y compris la requalification de la p\u00e9riode de stage) rel\u00e8vent de la comp\u00e9tence du conseil de prud&#8217;hommes.&#8221; (Motifs) En revanche, les demandes relatives \u00e0 un stage, sans contrat, rel\u00e8vent du juge civil. La cour \u00e9carte finalement l&#8217;exception d&#8217;incomp\u00e9tence en appliquant l&#8217;article 90 du code de proc\u00e9dure civile pour statuer au fond. Cette analyse affirme l&#8217;attractivit\u00e9 de la juridiction prud&#8217;homale pour toute question touchant \u00e0 la qualification du lien contractuel. Elle s\u00e9curise \u00e9galement l&#8217;acc\u00e8s au juge en \u00e9vitant un renvoi pr\u00e9judiciel sur une question pr\u00e9alable.<\/p>\n<p>La preuve de l&#8217;existence d&#8217;un contrat de travail<\/p>\n<p>La cour applique la d\u00e9finition l\u00e9gale du contrat de travail, insistant sur les crit\u00e8res cumulatifs de la r\u00e9mun\u00e9ration et du lien de subordination. Elle souligne que ce lien s&#8217;appr\u00e9cie en fait, ind\u00e9pendamment de la volont\u00e9 des parties. &#8220;Le lien de subordination, \u00e9l\u00e9ment majeur du contrat, est caract\u00e9ris\u00e9 par l&#8217;ex\u00e9cution d&#8217;un travail sous l&#8217;autorit\u00e9 d&#8217;un employeur qui a le pouvoir de donner des ordres et des directives, d&#8217;en contr\u00f4ler l&#8217;ex\u00e9cution et de sanctionner les manquements du subordonn\u00e9.&#8221; (Motifs) L&#8217;examen des preuves, notamment des \u00e9changes WhatsApp et attestations, conduit la cour \u00e0 constater l&#8217;absence d&#8217;instruction personnelle, de contr\u00f4le des horaires et de versement d&#8217;un salaire. Elle en d\u00e9duit que les \u00e9l\u00e9ments &#8220;ne font ressortir ni la fourniture d&#8217;un travail en contrepartie d&#8217;un salaire ni l&#8217;existence d&#8217;un lien de subordination.&#8221; (Motifs) Cette rigueur probatoire rappelle la charge qui p\u00e8se sur le demandeur et la difficult\u00e9 de renverser la pr\u00e9somption de stage lorsque existe une convention.<\/p>\n<p>La protection du stagiaire contre les abus<\/p>\n<p>Malgr\u00e9 le rejet de la qualification de salari\u00e9, la cour reconna\u00eet au stagiaire un droit \u00e0 ne pas subir des conditions de pr\u00e9sence excessives. Elle \u00e9tend au stagiaire les limites l\u00e9gales du temps de travail applicables aux salari\u00e9s. &#8220;En aucun cas, un stagiaire ne peut \u00eatre soumis \u00e0 des r\u00e8gles plus d\u00e9favorables qu&#8217;un salari\u00e9.&#8221; (Motifs) Face \u00e0 des d\u00e9comptes irr\u00e9guliers et \u00e0 l&#8217;absence de justification de l&#8217;entreprise, la cour alloue des dommages-int\u00e9r\u00eats pour le d\u00e9passement des dur\u00e9es maximales. Cette solution consacre une protection minimale du stagiaire fond\u00e9e sur le droit commun de la responsabilit\u00e9. Elle comble un vide juridique en sanctionnant les abus durant les stages, m\u00eame en l&#8217;absence de relation salariale caract\u00e9ris\u00e9e.<\/p>\n<p>Le rejet caract\u00e9ris\u00e9 de la qualification de travail dissimul\u00e9<\/p>\n<p>La cour \u00e9carte la demande d&#8217;indemnit\u00e9 forfaitaire pour travail dissimul\u00e9, faute d&#8217;\u00e9tablir les \u00e9l\u00e9ments mat\u00e9riel et intentionnel. Elle consid\u00e8re notamment &#8220;l&#8217;absence de contrat de travail et la taille modeste de l&#8217;entreprise&#8221; (Motifs). Cette d\u00e9cision limite la port\u00e9e de la pr\u00e9somption de travail dissimul\u00e9 en exigeant une d\u00e9monstration concr\u00e8te de la fraude. Elle prot\u00e8ge ainsi les petites structures d&#8217;une sanction automatique lorsque la qualification de contrat de travail n&#8217;est pas retenue. Elle rappelle que l&#8217;absence de preuve d&#8217;un contrat ne vaut pas n\u00e9cessairement preuve d&#8217;une volont\u00e9 d\u00e9lib\u00e9r\u00e9e de dissimulation.<\/p>\n<\/div>\n","protected":false},"excerpt":{"rendered":"<p>La cour d&#8217;appel, statuant en date non pr\u00e9cis\u00e9e, a examin\u00e9 les demandes d&#8217;une ancienne stagiaire concernant une p\u00e9riode pr\u00e9c\u00e9dant sa convention de stage. La j&#8230;<\/p>\n","protected":false},"author":232070755,"featured_media":4685,"comment_status":"open","ping_status":"open","sticky":false,"template":"","format":"standard","meta":{"_crdt_document":"","_jetpack_newsletter_access":"","_jetpack_dont_email_post_to_subs":false,"_jetpack_newsletter_tier_id":0,"_jetpack_memberships_contains_paywalled_content":false,"_jetpack_memberships_contains_paid_content":false,"footnotes":"","jetpack_post_was_ever_published":false},"categories":[7597],"tags":[],"class_list":["post-666325","post","type-post","status-publish","format-standard","has-post-thumbnail","hentry","category-jurisprudence"],"yoast_head":"<!-- This site is optimized with the Yoast SEO Premium plugin v27.4 (Yoast SEO v27.4) - https:\/\/yoast.com\/product\/yoast-seo-premium-wordpress\/ -->\n<title>Cour d&#039;appel, le 24 septembre 2025, n\u00b022\/01869 - Ma\u00eetre Hassan Kohen, avocat en droit p\u00e9nal \u00e0 Paris<\/title>\n<meta name=\"description\" content=\"La cour d&#039;appel, statuant en date non pr\u00e9cis\u00e9e, a examin\u00e9 les demandes d&#039;une ancienne stagiaire concernant une p\u00e9riode pr\u00e9c\u00e9dant sa convention de stage. La j...\" \/>\n<meta name=\"robots\" content=\"index, follow, max-snippet:-1, max-image-preview:large, max-video-preview:-1\" \/>\n<link rel=\"canonical\" href=\"https:\/\/kohenavocats.com\/tr\/cour-dappel-le-24-septembre-2025-n22-01869\/\" \/>\n<meta property=\"og:locale\" content=\"tr_TR\" \/>\n<meta property=\"og:type\" content=\"article\" \/>\n<meta property=\"og:title\" content=\"Cour d&#039;appel, le 24 septembre 2025, n\u00b022\/01869\" \/>\n<meta property=\"og:description\" content=\"La cour d&#039;appel, statuant en date non pr\u00e9cis\u00e9e, a examin\u00e9 les demandes d&#039;une ancienne stagiaire concernant une p\u00e9riode pr\u00e9c\u00e9dant sa convention de stage. La j...\" \/>\n<meta property=\"og:url\" content=\"https:\/\/kohenavocats.com\/tr\/cour-dappel-le-24-septembre-2025-n22-01869\/\" \/>\n<meta property=\"og:site_name\" content=\"Ma\u00eetre Hassan Kohen, avocat en droit p\u00e9nal \u00e0 Paris\" \/>\n<meta property=\"article:published_time\" content=\"2026-04-23T23:15:54+00:00\" \/>\n<meta property=\"og:image\" content=\"https:\/\/kohenavocats.com\/wp-content\/uploads\/2024\/08\/ionut-dobre-nnlVXi1lp3k-unsplash.webp\" \/>\n\t<meta property=\"og:image:width\" content=\"5788\" \/>\n\t<meta property=\"og:image:height\" content=\"3859\" \/>\n\t<meta property=\"og:image:type\" content=\"image\/webp\" \/>\n<meta name=\"author\" content=\"Kohen\" \/>\n<meta name=\"twitter:card\" content=\"summary_large_image\" \/>\n<meta name=\"twitter:label1\" content=\"Yazan:\" \/>\n\t<meta name=\"twitter:data1\" content=\"Kohen\" \/>\n\t<meta name=\"twitter:label2\" content=\"Tahmini okuma s\u00fcresi\" \/>\n\t<meta name=\"twitter:data2\" content=\"3 dakika\" \/>\n<script type=\"application\/ld+json\" class=\"yoast-schema-graph\">{\"@context\":\"https:\\\/\\\/schema.org\",\"@graph\":[{\"@type\":\"Article\",\"@id\":\"https:\\\/\\\/kohenavocats.com\\\/tr\\\/cour-dappel-le-24-septembre-2025-n22-01869\\\/#article\",\"isPartOf\":{\"@id\":\"https:\\\/\\\/kohenavocats.com\\\/tr\\\/cour-dappel-le-24-septembre-2025-n22-01869\\\/\"},\"author\":{\"name\":\"Kohen\",\"@id\":\"https:\\\/\\\/kohenavocats.com\\\/tr\\\/#\\\/schema\\\/person\\\/761c9ba54fa1ca84d405cef0831ff751\"},\"headline\":\"Cour d&#8217;appel, le 24 septembre 2025, n\u00b022\\\/01869\",\"datePublished\":\"2026-04-23T23:15:54+00:00\",\"mainEntityOfPage\":{\"@id\":\"https:\\\/\\\/kohenavocats.com\\\/tr\\\/cour-dappel-le-24-septembre-2025-n22-01869\\\/\"},\"wordCount\":727,\"commentCount\":0,\"publisher\":{\"@id\":\"https:\\\/\\\/kohenavocats.com\\\/tr\\\/#organization\"},\"image\":{\"@id\":\"https:\\\/\\\/kohenavocats.com\\\/tr\\\/cour-dappel-le-24-septembre-2025-n22-01869\\\/#primaryimage\"},\"thumbnailUrl\":\"https:\\\/\\\/kohenavocats.com\\\/wp-content\\\/uploads\\\/2024\\\/08\\\/ionut-dobre-nnlVXi1lp3k-unsplash.webp\",\"articleSection\":[\"Jurisprudence\"],\"inLanguage\":\"tr\",\"potentialAction\":[{\"@type\":\"CommentAction\",\"name\":\"Comment\",\"target\":[\"https:\\\/\\\/kohenavocats.com\\\/tr\\\/cour-dappel-le-24-septembre-2025-n22-01869\\\/#respond\"]}],\"citation\":\"Cour d&#8217;appel, le 24 septembre 2025, n\u00b022\\\/01869\",\"about\":[{\"@type\":\"Thing\",\"name\":\"Jurisprudence\"}],\"dateModified\":\"2026-04-23T23:15:54+00:00\",\"speakable\":{\"@type\":\"SpeakableSpecification\",\"cssSelector\":[\".article-content > p:first-of-type\"]}},{\"@type\":\"WebPage\",\"@id\":\"https:\\\/\\\/kohenavocats.com\\\/tr\\\/cour-dappel-le-24-septembre-2025-n22-01869\\\/\",\"url\":\"https:\\\/\\\/kohenavocats.com\\\/tr\\\/cour-dappel-le-24-septembre-2025-n22-01869\\\/\",\"name\":\"Cour d'appel, le 24 septembre 2025, n\u00b022\\\/01869 - Ma\u00eetre Hassan Kohen, avocat en droit p\u00e9nal \u00e0 Paris\",\"isPartOf\":{\"@id\":\"https:\\\/\\\/kohenavocats.com\\\/tr\\\/#website\"},\"primaryImageOfPage\":{\"@id\":\"https:\\\/\\\/kohenavocats.com\\\/tr\\\/cour-dappel-le-24-septembre-2025-n22-01869\\\/#primaryimage\"},\"image\":{\"@id\":\"https:\\\/\\\/kohenavocats.com\\\/tr\\\/cour-dappel-le-24-septembre-2025-n22-01869\\\/#primaryimage\"},\"thumbnailUrl\":\"https:\\\/\\\/kohenavocats.com\\\/wp-content\\\/uploads\\\/2024\\\/08\\\/ionut-dobre-nnlVXi1lp3k-unsplash.webp\",\"datePublished\":\"2026-04-23T23:15:54+00:00\",\"description\":\"La cour d'appel, statuant en date non pr\u00e9cis\u00e9e, a examin\u00e9 les demandes d'une ancienne stagiaire concernant une p\u00e9riode pr\u00e9c\u00e9dant sa convention de stage. La j...\",\"breadcrumb\":{\"@id\":\"https:\\\/\\\/kohenavocats.com\\\/tr\\\/cour-dappel-le-24-septembre-2025-n22-01869\\\/#breadcrumb\"},\"inLanguage\":\"tr\",\"potentialAction\":[{\"@type\":\"ReadAction\",\"target\":[\"https:\\\/\\\/kohenavocats.com\\\/tr\\\/cour-dappel-le-24-septembre-2025-n22-01869\\\/\"]}]},{\"@type\":\"ImageObject\",\"inLanguage\":\"tr\",\"@id\":\"https:\\\/\\\/kohenavocats.com\\\/tr\\\/cour-dappel-le-24-septembre-2025-n22-01869\\\/#primaryimage\",\"url\":\"https:\\\/\\\/kohenavocats.com\\\/wp-content\\\/uploads\\\/2024\\\/08\\\/ionut-dobre-nnlVXi1lp3k-unsplash.webp\",\"contentUrl\":\"https:\\\/\\\/kohenavocats.com\\\/wp-content\\\/uploads\\\/2024\\\/08\\\/ionut-dobre-nnlVXi1lp3k-unsplash.webp\",\"width\":5788,\"height\":3859},{\"@type\":\"BreadcrumbList\",\"@id\":\"https:\\\/\\\/kohenavocats.com\\\/tr\\\/cour-dappel-le-24-septembre-2025-n22-01869\\\/#breadcrumb\",\"itemListElement\":[{\"@type\":\"ListItem\",\"position\":1,\"name\":\"Home\",\"item\":\"https:\\\/\\\/kohenavocats.com\\\/tr\\\/avocats-en-droit-penal-a-paris-conseil-et-defense-strategique\\\/\"},{\"@type\":\"ListItem\",\"position\":2,\"name\":\"Cour d&rsquo;appel, le 24 septembre 2025, n\u00b022\\\/01869\"}]},{\"@type\":\"WebSite\",\"@id\":\"https:\\\/\\\/kohenavocats.com\\\/tr\\\/#website\",\"url\":\"https:\\\/\\\/kohenavocats.com\\\/tr\\\/\",\"name\":\"Kohen Avocats\",\"description\":\"Ma\u00eetre Hassan Kohen, avocat p\u00e9naliste \u00e0 Paris, intervient exclusivement en droit p\u00e9nal pour la d\u00e9fense des particuliers, notamment en mati\u00e8re d\u2019accusations de viol. Il assure un accompagnement rigoureux d\u00e8s la garde \u00e0 vue jusqu\u2019\u00e0 la Cour d\u2019assises, veillant au strict respect des garanties proc\u00e9durales.\",\"publisher\":{\"@id\":\"https:\\\/\\\/kohenavocats.com\\\/tr\\\/#organization\"},\"potentialAction\":[{\"@type\":\"SearchAction\",\"target\":{\"@type\":\"EntryPoint\",\"urlTemplate\":\"https:\\\/\\\/kohenavocats.com\\\/tr\\\/?s={search_term_string}\"},\"query-input\":{\"@type\":\"PropertyValueSpecification\",\"valueRequired\":true,\"valueName\":\"search_term_string\"}}],\"inLanguage\":\"tr\"},{\"@type\":\"Organization\",\"@id\":\"https:\\\/\\\/kohenavocats.com\\\/tr\\\/#organization\",\"name\":\"Kohen Avocats\",\"url\":\"https:\\\/\\\/kohenavocats.com\\\/tr\\\/\",\"logo\":{\"@type\":\"ImageObject\",\"inLanguage\":\"tr\",\"@id\":\"https:\\\/\\\/kohenavocats.com\\\/tr\\\/#\\\/schema\\\/logo\\\/image\\\/\",\"url\":\"https:\\\/\\\/kohenavocats.com\\\/wp-content\\\/uploads\\\/2026\\\/01\\\/Logo-2-1.webp\",\"contentUrl\":\"https:\\\/\\\/kohenavocats.com\\\/wp-content\\\/uploads\\\/2026\\\/01\\\/Logo-2-1.webp\",\"width\":2114,\"height\":1253,\"caption\":\"Kohen Avocats\"},\"image\":{\"@id\":\"https:\\\/\\\/kohenavocats.com\\\/tr\\\/#\\\/schema\\\/logo\\\/image\\\/\"}},{\"@type\":\"Person\",\"@id\":\"https:\\\/\\\/kohenavocats.com\\\/tr\\\/#\\\/schema\\\/person\\\/761c9ba54fa1ca84d405cef0831ff751\",\"name\":\"Kohen\",\"image\":{\"@type\":\"ImageObject\",\"inLanguage\":\"tr\",\"@id\":\"https:\\\/\\\/secure.gravatar.com\\\/avatar\\\/1c5e76ef76bbbfdd2b4da984e2bf2fa4056fd51a27d25ce2c332047f1dfd6e00?s=96&d=identicon&r=g\",\"url\":\"https:\\\/\\\/secure.gravatar.com\\\/avatar\\\/1c5e76ef76bbbfdd2b4da984e2bf2fa4056fd51a27d25ce2c332047f1dfd6e00?s=96&d=identicon&r=g\",\"contentUrl\":\"https:\\\/\\\/secure.gravatar.com\\\/avatar\\\/1c5e76ef76bbbfdd2b4da984e2bf2fa4056fd51a27d25ce2c332047f1dfd6e00?s=96&d=identicon&r=g\",\"caption\":\"Kohen\"},\"sameAs\":[\"https:\\\/\\\/www.linkedin.com\\\/in\\\/hassan-kohen-448548192\\\/\",\"https:\\\/\\\/www.youtube.com\\\/@Kohen-Avocats\"],\"url\":\"https:\\\/\\\/kohenavocats.com\\\/tr\\\/author\\\/kohenmlk\\\/\"}]}<\/script>\n<!-- \/ Yoast SEO Premium plugin. -->","yoast_head_json":{"title":"Cour d'appel, le 24 septembre 2025, n\u00b022\/01869 - Ma\u00eetre Hassan Kohen, avocat en droit p\u00e9nal \u00e0 Paris","description":"La cour d'appel, statuant en date non pr\u00e9cis\u00e9e, a examin\u00e9 les demandes d'une ancienne stagiaire concernant une p\u00e9riode pr\u00e9c\u00e9dant sa convention de stage. La j...","robots":{"index":"index","follow":"follow","max-snippet":"max-snippet:-1","max-image-preview":"max-image-preview:large","max-video-preview":"max-video-preview:-1"},"canonical":"https:\/\/kohenavocats.com\/tr\/cour-dappel-le-24-septembre-2025-n22-01869\/","og_locale":"tr_TR","og_type":"article","og_title":"Cour d'appel, le 24 septembre 2025, n\u00b022\/01869","og_description":"La cour d'appel, statuant en date non pr\u00e9cis\u00e9e, a examin\u00e9 les demandes d'une ancienne stagiaire concernant une p\u00e9riode pr\u00e9c\u00e9dant sa convention de stage. La j...","og_url":"https:\/\/kohenavocats.com\/tr\/cour-dappel-le-24-septembre-2025-n22-01869\/","og_site_name":"Ma\u00eetre Hassan Kohen, avocat en droit p\u00e9nal \u00e0 Paris","article_published_time":"2026-04-23T23:15:54+00:00","og_image":[{"width":5788,"height":3859,"url":"https:\/\/kohenavocats.com\/wp-content\/uploads\/2024\/08\/ionut-dobre-nnlVXi1lp3k-unsplash.webp","type":"image\/webp"}],"author":"Kohen","twitter_card":"summary_large_image","twitter_misc":{"Yazan:":"Kohen","Tahmini okuma s\u00fcresi":"3 dakika"},"schema":{"@context":"https:\/\/schema.org","@graph":[{"@type":"Article","@id":"https:\/\/kohenavocats.com\/tr\/cour-dappel-le-24-septembre-2025-n22-01869\/#article","isPartOf":{"@id":"https:\/\/kohenavocats.com\/tr\/cour-dappel-le-24-septembre-2025-n22-01869\/"},"author":{"name":"Kohen","@id":"https:\/\/kohenavocats.com\/tr\/#\/schema\/person\/761c9ba54fa1ca84d405cef0831ff751"},"headline":"Cour d&#8217;appel, le 24 septembre 2025, n\u00b022\/01869","datePublished":"2026-04-23T23:15:54+00:00","mainEntityOfPage":{"@id":"https:\/\/kohenavocats.com\/tr\/cour-dappel-le-24-septembre-2025-n22-01869\/"},"wordCount":727,"commentCount":0,"publisher":{"@id":"https:\/\/kohenavocats.com\/tr\/#organization"},"image":{"@id":"https:\/\/kohenavocats.com\/tr\/cour-dappel-le-24-septembre-2025-n22-01869\/#primaryimage"},"thumbnailUrl":"https:\/\/kohenavocats.com\/wp-content\/uploads\/2024\/08\/ionut-dobre-nnlVXi1lp3k-unsplash.webp","articleSection":["Jurisprudence"],"inLanguage":"tr","potentialAction":[{"@type":"CommentAction","name":"Comment","target":["https:\/\/kohenavocats.com\/tr\/cour-dappel-le-24-septembre-2025-n22-01869\/#respond"]}],"citation":"Cour d&#8217;appel, le 24 septembre 2025, n\u00b022\/01869","about":[{"@type":"Thing","name":"Jurisprudence"}],"dateModified":"2026-04-23T23:15:54+00:00","speakable":{"@type":"SpeakableSpecification","cssSelector":[".article-content > p:first-of-type"]}},{"@type":"WebPage","@id":"https:\/\/kohenavocats.com\/tr\/cour-dappel-le-24-septembre-2025-n22-01869\/","url":"https:\/\/kohenavocats.com\/tr\/cour-dappel-le-24-septembre-2025-n22-01869\/","name":"Cour d'appel, le 24 septembre 2025, n\u00b022\/01869 - Ma\u00eetre Hassan Kohen, avocat en droit p\u00e9nal \u00e0 Paris","isPartOf":{"@id":"https:\/\/kohenavocats.com\/tr\/#website"},"primaryImageOfPage":{"@id":"https:\/\/kohenavocats.com\/tr\/cour-dappel-le-24-septembre-2025-n22-01869\/#primaryimage"},"image":{"@id":"https:\/\/kohenavocats.com\/tr\/cour-dappel-le-24-septembre-2025-n22-01869\/#primaryimage"},"thumbnailUrl":"https:\/\/kohenavocats.com\/wp-content\/uploads\/2024\/08\/ionut-dobre-nnlVXi1lp3k-unsplash.webp","datePublished":"2026-04-23T23:15:54+00:00","description":"La cour d'appel, statuant en date non pr\u00e9cis\u00e9e, a examin\u00e9 les demandes d'une ancienne stagiaire concernant une p\u00e9riode pr\u00e9c\u00e9dant sa convention de stage. La j...","breadcrumb":{"@id":"https:\/\/kohenavocats.com\/tr\/cour-dappel-le-24-septembre-2025-n22-01869\/#breadcrumb"},"inLanguage":"tr","potentialAction":[{"@type":"ReadAction","target":["https:\/\/kohenavocats.com\/tr\/cour-dappel-le-24-septembre-2025-n22-01869\/"]}]},{"@type":"ImageObject","inLanguage":"tr","@id":"https:\/\/kohenavocats.com\/tr\/cour-dappel-le-24-septembre-2025-n22-01869\/#primaryimage","url":"https:\/\/kohenavocats.com\/wp-content\/uploads\/2024\/08\/ionut-dobre-nnlVXi1lp3k-unsplash.webp","contentUrl":"https:\/\/kohenavocats.com\/wp-content\/uploads\/2024\/08\/ionut-dobre-nnlVXi1lp3k-unsplash.webp","width":5788,"height":3859},{"@type":"BreadcrumbList","@id":"https:\/\/kohenavocats.com\/tr\/cour-dappel-le-24-septembre-2025-n22-01869\/#breadcrumb","itemListElement":[{"@type":"ListItem","position":1,"name":"Home","item":"https:\/\/kohenavocats.com\/tr\/avocats-en-droit-penal-a-paris-conseil-et-defense-strategique\/"},{"@type":"ListItem","position":2,"name":"Cour d&rsquo;appel, le 24 septembre 2025, n\u00b022\/01869"}]},{"@type":"WebSite","@id":"https:\/\/kohenavocats.com\/tr\/#website","url":"https:\/\/kohenavocats.com\/tr\/","name":"Kohen Avocats","description":"Ma\u00eetre Hassan Kohen, avocat p\u00e9naliste \u00e0 Paris, intervient exclusivement en droit p\u00e9nal pour la d\u00e9fense des particuliers, notamment en mati\u00e8re d\u2019accusations de viol. Il assure un accompagnement rigoureux d\u00e8s la garde \u00e0 vue jusqu\u2019\u00e0 la Cour d\u2019assises, veillant au strict respect des garanties proc\u00e9durales.","publisher":{"@id":"https:\/\/kohenavocats.com\/tr\/#organization"},"potentialAction":[{"@type":"SearchAction","target":{"@type":"EntryPoint","urlTemplate":"https:\/\/kohenavocats.com\/tr\/?s={search_term_string}"},"query-input":{"@type":"PropertyValueSpecification","valueRequired":true,"valueName":"search_term_string"}}],"inLanguage":"tr"},{"@type":"Organization","@id":"https:\/\/kohenavocats.com\/tr\/#organization","name":"Kohen Avocats","url":"https:\/\/kohenavocats.com\/tr\/","logo":{"@type":"ImageObject","inLanguage":"tr","@id":"https:\/\/kohenavocats.com\/tr\/#\/schema\/logo\/image\/","url":"https:\/\/kohenavocats.com\/wp-content\/uploads\/2026\/01\/Logo-2-1.webp","contentUrl":"https:\/\/kohenavocats.com\/wp-content\/uploads\/2026\/01\/Logo-2-1.webp","width":2114,"height":1253,"caption":"Kohen Avocats"},"image":{"@id":"https:\/\/kohenavocats.com\/tr\/#\/schema\/logo\/image\/"}},{"@type":"Person","@id":"https:\/\/kohenavocats.com\/tr\/#\/schema\/person\/761c9ba54fa1ca84d405cef0831ff751","name":"Kohen","image":{"@type":"ImageObject","inLanguage":"tr","@id":"https:\/\/secure.gravatar.com\/avatar\/1c5e76ef76bbbfdd2b4da984e2bf2fa4056fd51a27d25ce2c332047f1dfd6e00?s=96&d=identicon&r=g","url":"https:\/\/secure.gravatar.com\/avatar\/1c5e76ef76bbbfdd2b4da984e2bf2fa4056fd51a27d25ce2c332047f1dfd6e00?s=96&d=identicon&r=g","contentUrl":"https:\/\/secure.gravatar.com\/avatar\/1c5e76ef76bbbfdd2b4da984e2bf2fa4056fd51a27d25ce2c332047f1dfd6e00?s=96&d=identicon&r=g","caption":"Kohen"},"sameAs":["https:\/\/www.linkedin.com\/in\/hassan-kohen-448548192\/","https:\/\/www.youtube.com\/@Kohen-Avocats"],"url":"https:\/\/kohenavocats.com\/tr\/author\/kohenmlk\/"}]}},"jetpack_featured_media_url":"https:\/\/kohenavocats.com\/wp-content\/uploads\/2024\/08\/ionut-dobre-nnlVXi1lp3k-unsplash.webp","jetpack_likes_enabled":false,"jetpack_shortlink":"https:\/\/wp.me\/peCrII-2Nlb","jetpack-related-posts":[{"id":190966,"url":"https:\/\/kohenavocats.com\/tr\/cour-dappel-administrative-de-marseille-le-12-septembre-2025-n23ma02753\/","url_meta":{"origin":666325,"position":0},"title":"Cour d&#8217;appel administrative de Marseille, le 12 septembre 2025, n\u00b023MA02753","author":"Kohen","date":"18 Aral\u0131k 2025","format":false,"excerpt":"Par une d\u00e9cision en date du 12 septembre 2025, la cour administrative d\u2019appel de Marseille a \u00e9t\u00e9 amen\u00e9e \u00e0 se prononcer sur la nature juridique d\u2019un courrier informant un agent public vacataire de la fin de ses missions. Engag\u00e9e en 2013 par une commune en qualit\u00e9 de dentiste vacataire pour\u2026","rel":"","context":"&quot;Adoption&quot; i\u00e7inde","block_context":{"text":"Adoption","link":"https:\/\/kohenavocats.com\/category\/adoption\/"},"img":{"alt_text":"","src":"https:\/\/i0.wp.com\/kohenavocats.com\/wp-content\/uploads\/2024\/08\/william-krause-irBbDi2HoLg-unsplash.webp?resize=350%2C200&ssl=1","width":350,"height":200,"srcset":"https:\/\/i0.wp.com\/kohenavocats.com\/wp-content\/uploads\/2024\/08\/william-krause-irBbDi2HoLg-unsplash.webp?resize=350%2C200&ssl=1 1x, https:\/\/i0.wp.com\/kohenavocats.com\/wp-content\/uploads\/2024\/08\/william-krause-irBbDi2HoLg-unsplash.webp?resize=525%2C300&ssl=1 1.5x, https:\/\/i0.wp.com\/kohenavocats.com\/wp-content\/uploads\/2024\/08\/william-krause-irBbDi2HoLg-unsplash.webp?resize=700%2C400&ssl=1 2x, https:\/\/i0.wp.com\/kohenavocats.com\/wp-content\/uploads\/2024\/08\/william-krause-irBbDi2HoLg-unsplash.webp?resize=1050%2C600&ssl=1 3x, https:\/\/i0.wp.com\/kohenavocats.com\/wp-content\/uploads\/2024\/08\/william-krause-irBbDi2HoLg-unsplash.webp?resize=1400%2C800&ssl=1 4x"},"classes":[]},{"id":190932,"url":"https:\/\/kohenavocats.com\/tr\/cour-de-justice-de-lunion-europeenne-le-27-janvier-2005-nc-125-04\/","url_meta":{"origin":666325,"position":1},"title":"Cour de justice de l&#8217;Union europ\u00e9enne, le 27 janvier 2005, n\u00b0C-125\/04","author":"Kohen","date":"18 Aral\u0131k 2025","format":false,"excerpt":"En application de la directive 90\/314\/CEE, des voyageurs ont conclu un contrat de voyage \u00e0 forfait avec une agence. Ce contrat pr\u00e9voyait un prix calcul\u00e9 sur la base d'un taux de change sp\u00e9cifique, avec une clause de r\u00e9vision. Post\u00e9rieurement au voyage, les voyageurs ont r\u00e9clam\u00e9 un remboursement partiel du prix,\u2026","rel":"","context":"&quot;Cour de justice de l'Union europeenne&quot; i\u00e7inde","block_context":{"text":"Cour de justice de l'Union europeenne","link":"https:\/\/kohenavocats.com\/category\/cour-de-justice-de-lunion-europeenne\/"},"img":{"alt_text":"","src":"https:\/\/i0.wp.com\/kohenavocats.com\/wp-content\/uploads\/2024\/08\/matthew6910-2uWoi7y2S8E-unsplash.webp?resize=350%2C200&ssl=1","width":350,"height":200,"srcset":"https:\/\/i0.wp.com\/kohenavocats.com\/wp-content\/uploads\/2024\/08\/matthew6910-2uWoi7y2S8E-unsplash.webp?resize=350%2C200&ssl=1 1x, https:\/\/i0.wp.com\/kohenavocats.com\/wp-content\/uploads\/2024\/08\/matthew6910-2uWoi7y2S8E-unsplash.webp?resize=525%2C300&ssl=1 1.5x, https:\/\/i0.wp.com\/kohenavocats.com\/wp-content\/uploads\/2024\/08\/matthew6910-2uWoi7y2S8E-unsplash.webp?resize=700%2C400&ssl=1 2x, https:\/\/i0.wp.com\/kohenavocats.com\/wp-content\/uploads\/2024\/08\/matthew6910-2uWoi7y2S8E-unsplash.webp?resize=1050%2C600&ssl=1 3x, https:\/\/i0.wp.com\/kohenavocats.com\/wp-content\/uploads\/2024\/08\/matthew6910-2uWoi7y2S8E-unsplash.webp?resize=1400%2C800&ssl=1 4x"},"classes":[]},{"id":192915,"url":"https:\/\/kohenavocats.com\/tr\/cour-dappel-administrative-de-lyon-le-22-mai-2025-n24ly00825\/","url_meta":{"origin":666325,"position":2},"title":"Cour d&#8217;appel administrative de Lyon, le 22 mai 2025, n\u00b024LY00825","author":"Kohen","date":"18 Aral\u0131k 2025","format":false,"excerpt":"L'octroi d'aides publiques par l'administration est fr\u00e9quemment subordonn\u00e9 au respect de conditions de fond et de proc\u00e9dure par le demandeur. En l'esp\u00e8ce, une soci\u00e9t\u00e9 employant des apprentis durant la p\u00e9riode du 1er avril au 31 d\u00e9cembre 2021 a sollicit\u00e9 le b\u00e9n\u00e9fice d'une aide exceptionnelle. L'Agence de services et de paiement,\u2026","rel":"","context":"&quot;Cour administrative d'appel&quot; i\u00e7inde","block_context":{"text":"Cour administrative d'appel","link":"https:\/\/kohenavocats.com\/category\/cour-administrative-dappel\/"},"img":{"alt_text":"","src":"https:\/\/i0.wp.com\/kohenavocats.com\/wp-content\/uploads\/2024\/08\/pavan-trikutam-poNsj-vya34-unsplash.webp?resize=350%2C200&ssl=1","width":350,"height":200,"srcset":"https:\/\/i0.wp.com\/kohenavocats.com\/wp-content\/uploads\/2024\/08\/pavan-trikutam-poNsj-vya34-unsplash.webp?resize=350%2C200&ssl=1 1x, https:\/\/i0.wp.com\/kohenavocats.com\/wp-content\/uploads\/2024\/08\/pavan-trikutam-poNsj-vya34-unsplash.webp?resize=525%2C300&ssl=1 1.5x, https:\/\/i0.wp.com\/kohenavocats.com\/wp-content\/uploads\/2024\/08\/pavan-trikutam-poNsj-vya34-unsplash.webp?resize=700%2C400&ssl=1 2x, https:\/\/i0.wp.com\/kohenavocats.com\/wp-content\/uploads\/2024\/08\/pavan-trikutam-poNsj-vya34-unsplash.webp?resize=1050%2C600&ssl=1 3x, https:\/\/i0.wp.com\/kohenavocats.com\/wp-content\/uploads\/2024\/08\/pavan-trikutam-poNsj-vya34-unsplash.webp?resize=1400%2C800&ssl=1 4x"},"classes":[]},{"id":198300,"url":"https:\/\/kohenavocats.com\/tr\/cour-dappel-administrative-de-paris-le-3-octobre-2025-n25pa04824\/","url_meta":{"origin":666325,"position":3},"title":"Cour d&#8217;appel administrative de Paris, le 3 octobre 2025, n\u00b025PA04824","author":"Kohen","date":"19 Aral\u0131k 2025","format":false,"excerpt":"Par une ordonnance en date du 3 octobre 2025, le juge des r\u00e9f\u00e9r\u00e9s d\u2019une cour administrative d\u2019appel a \u00e9t\u00e9 amen\u00e9 \u00e0 se prononcer sur l\u2019\u00e9tendue de sa propre comp\u00e9tence dans le cadre d\u2019une proc\u00e9dure de r\u00e9f\u00e9r\u00e9-suspension. En l\u2019esp\u00e8ce, un ressortissant \u00e9tranger s\u2019est vu refuser le renouvellement de son titre de\u2026","rel":"","context":"&quot;Cour administrative d'appel&quot; i\u00e7inde","block_context":{"text":"Cour administrative d'appel","link":"https:\/\/kohenavocats.com\/category\/cour-administrative-dappel\/"},"img":{"alt_text":"","src":"https:\/\/i0.wp.com\/kohenavocats.com\/wp-content\/uploads\/2024\/11\/planet-volumes-2RKetzja9-4-unsplash.webp?resize=350%2C200&ssl=1","width":350,"height":200,"srcset":"https:\/\/i0.wp.com\/kohenavocats.com\/wp-content\/uploads\/2024\/11\/planet-volumes-2RKetzja9-4-unsplash.webp?resize=350%2C200&ssl=1 1x, https:\/\/i0.wp.com\/kohenavocats.com\/wp-content\/uploads\/2024\/11\/planet-volumes-2RKetzja9-4-unsplash.webp?resize=525%2C300&ssl=1 1.5x, https:\/\/i0.wp.com\/kohenavocats.com\/wp-content\/uploads\/2024\/11\/planet-volumes-2RKetzja9-4-unsplash.webp?resize=700%2C400&ssl=1 2x, https:\/\/i0.wp.com\/kohenavocats.com\/wp-content\/uploads\/2024\/11\/planet-volumes-2RKetzja9-4-unsplash.webp?resize=1050%2C600&ssl=1 3x, https:\/\/i0.wp.com\/kohenavocats.com\/wp-content\/uploads\/2024\/11\/planet-volumes-2RKetzja9-4-unsplash.webp?resize=1400%2C800&ssl=1 4x"},"classes":[]},{"id":192307,"url":"https:\/\/kohenavocats.com\/tr\/cour-de-justice-de-lunion-europeenne-le-17-mars-2005-nc-294-02\/","url_meta":{"origin":666325,"position":4},"title":"Cour de justice de l&#8217;Union europ\u00e9enne, le 17 mars 2005, n\u00b0C-294\/02","author":"Kohen","date":"18 Aral\u0131k 2025","format":false,"excerpt":"Par un arr\u00eat en date du 17 mars 2005, la Cour de justice des Communaut\u00e9s europ\u00e9ennes a tranch\u00e9 un litige contractuel l\u2019opposant \u00e0 un consortium d\u2019entreprises, sur le fondement d\u2019une clause compromissoire. La Commission europ\u00e9enne, agissant pour le compte de la Communaut\u00e9, avait conclu un contrat de financement pour un\u2026","rel":"","context":"&quot;Cour de justice de l'Union europeenne&quot; i\u00e7inde","block_context":{"text":"Cour de justice de l'Union europeenne","link":"https:\/\/kohenavocats.com\/category\/cour-de-justice-de-lunion-europeenne\/"},"img":{"alt_text":"","src":"https:\/\/i0.wp.com\/kohenavocats.com\/wp-content\/uploads\/2024\/08\/doctor-tinieblas-0HVonrT2MBM-unsplash.webp?resize=350%2C200&ssl=1","width":350,"height":200,"srcset":"https:\/\/i0.wp.com\/kohenavocats.com\/wp-content\/uploads\/2024\/08\/doctor-tinieblas-0HVonrT2MBM-unsplash.webp?resize=350%2C200&ssl=1 1x, https:\/\/i0.wp.com\/kohenavocats.com\/wp-content\/uploads\/2024\/08\/doctor-tinieblas-0HVonrT2MBM-unsplash.webp?resize=525%2C300&ssl=1 1.5x, https:\/\/i0.wp.com\/kohenavocats.com\/wp-content\/uploads\/2024\/08\/doctor-tinieblas-0HVonrT2MBM-unsplash.webp?resize=700%2C400&ssl=1 2x, https:\/\/i0.wp.com\/kohenavocats.com\/wp-content\/uploads\/2024\/08\/doctor-tinieblas-0HVonrT2MBM-unsplash.webp?resize=1050%2C600&ssl=1 3x, https:\/\/i0.wp.com\/kohenavocats.com\/wp-content\/uploads\/2024\/08\/doctor-tinieblas-0HVonrT2MBM-unsplash.webp?resize=1400%2C800&ssl=1 4x"},"classes":[]},{"id":194591,"url":"https:\/\/kohenavocats.com\/tr\/cour-dappel-administrative-de-paris-le-30-mai-2025-n24pa01835\/","url_meta":{"origin":666325,"position":5},"title":"Cour d&#8217;appel administrative de Paris, le 30 mai 2025, n\u00b024PA01835","author":"Kohen","date":"18 Aral\u0131k 2025","format":false,"excerpt":"L\u2019indemnisation par l\u2019\u00c9tat des pr\u00e9judices r\u00e9sultant de mouvements sociaux est un enjeu constant qui met en balance la protection des biens et des personnes avec les imp\u00e9ratifs de l\u2019ordre public. Un arr\u00eat rendu par une cour administrative d\u2019appel le 30 mai 2025 illustre les contours de cette responsabilit\u00e9, tout en\u2026","rel":"","context":"&quot;Cour administrative d'appel&quot; i\u00e7inde","block_context":{"text":"Cour administrative d'appel","link":"https:\/\/kohenavocats.com\/category\/cour-administrative-dappel\/"},"img":{"alt_text":"","src":"https:\/\/i0.wp.com\/kohenavocats.com\/wp-content\/uploads\/2024\/11\/andrej-lisakov-kuemAVWEwXU-unsplash.webp?resize=350%2C200&ssl=1","width":350,"height":200,"srcset":"https:\/\/i0.wp.com\/kohenavocats.com\/wp-content\/uploads\/2024\/11\/andrej-lisakov-kuemAVWEwXU-unsplash.webp?resize=350%2C200&ssl=1 1x, https:\/\/i0.wp.com\/kohenavocats.com\/wp-content\/uploads\/2024\/11\/andrej-lisakov-kuemAVWEwXU-unsplash.webp?resize=525%2C300&ssl=1 1.5x, https:\/\/i0.wp.com\/kohenavocats.com\/wp-content\/uploads\/2024\/11\/andrej-lisakov-kuemAVWEwXU-unsplash.webp?resize=700%2C400&ssl=1 2x, https:\/\/i0.wp.com\/kohenavocats.com\/wp-content\/uploads\/2024\/11\/andrej-lisakov-kuemAVWEwXU-unsplash.webp?resize=1050%2C600&ssl=1 3x, https:\/\/i0.wp.com\/kohenavocats.com\/wp-content\/uploads\/2024\/11\/andrej-lisakov-kuemAVWEwXU-unsplash.webp?resize=1400%2C800&ssl=1 4x"},"classes":[]}],"jetpack_sharing_enabled":true,"_links":{"self":[{"href":"https:\/\/kohenavocats.com\/tr\/wp-json\/wp\/v2\/posts\/666325","targetHints":{"allow":["GET"]}}],"collection":[{"href":"https:\/\/kohenavocats.com\/tr\/wp-json\/wp\/v2\/posts"}],"about":[{"href":"https:\/\/kohenavocats.com\/tr\/wp-json\/wp\/v2\/types\/post"}],"author":[{"embeddable":true,"href":"https:\/\/kohenavocats.com\/tr\/wp-json\/wp\/v2\/users\/232070755"}],"replies":[{"embeddable":true,"href":"https:\/\/kohenavocats.com\/tr\/wp-json\/wp\/v2\/comments?post=666325"}],"version-history":[{"count":0,"href":"https:\/\/kohenavocats.com\/tr\/wp-json\/wp\/v2\/posts\/666325\/revisions"}],"wp:featuredmedia":[{"embeddable":true,"href":"https:\/\/kohenavocats.com\/tr\/wp-json\/wp\/v2\/media\/4685"}],"wp:attachment":[{"href":"https:\/\/kohenavocats.com\/tr\/wp-json\/wp\/v2\/media?parent=666325"}],"wp:term":[{"taxonomy":"category","embeddable":true,"href":"https:\/\/kohenavocats.com\/tr\/wp-json\/wp\/v2\/categories?post=666325"},{"taxonomy":"post_tag","embeddable":true,"href":"https:\/\/kohenavocats.com\/tr\/wp-json\/wp\/v2\/tags?post=666325"}],"curies":[{"name":"wp","href":"https:\/\/api.w.org\/{rel}","templated":true}]}}