{"id":666347,"date":"2026-04-24T01:19:17","date_gmt":"2026-04-23T23:19:17","guid":{"rendered":"https:\/\/kohenavocats.com\/cour-dappel-de-paris-le-23-aout-2024-n24-19663\/"},"modified":"2026-04-26T19:34:51","modified_gmt":"2026-04-26T17:34:51","slug":"cour-dappel-de-paris-le-23-aout-2024-n24-19663","status":"publish","type":"post","link":"https:\/\/kohenavocats.com\/tr\/cour-dappel-de-paris-le-23-aout-2024-n24-19663\/","title":{"rendered":"Cour d&#8217;appel de Paris, le 23 ao\u00fbt 2024, n\u00b024\/19663"},"content":{"rendered":"<div class=\"article-content\">\n<p>La Cour d&#8217;appel de Paris, dans un arr\u00eat du 23 ao\u00fbt 2024, a \u00e9t\u00e9 saisie d&#8217;un litige opposant un \u00e9pargnant \u00e0 deux \u00e9tablissements bancaires, l&#8217;un fran\u00e7ais et l&#8217;autre espagnol. L&#8217;\u00e9pargnant, victime d&#8217;une <a href=\"https:\/\/kohenavocats.com\/avocats-en-droit-penal-a-paris-conseil-et-defense-strategique\/avocats-escroquerie-paris\/\" target=\"_blank\" title=\"escroquerie\">escroquerie<\/a> suite \u00e0 des virements internationaux, recherchait la responsabilit\u00e9 des deux banques pour manquement \u00e0 leurs obligations de vigilance. La banque espagnole soulevait des exceptions d&#8217;incomp\u00e9tence territoriale et de prescription de l&#8217;action. La cour a confirm\u00e9 la comp\u00e9tence des juridictions fran\u00e7aises mais a d\u00e9clar\u00e9 l&#8217;action prescrite \u00e0 l&#8217;encontre de la banque espagnole.<\/p>\n<p>La comp\u00e9tence d\u00e9rogatoire fond\u00e9e sur la connexit\u00e9 des demandes<\/p>\n<p>Le rejet de la comp\u00e9tence du lieu du dommage<\/p>\n<p>La cour \u00e9carte l&#8217;application de l&#8217;article 7.2 du r\u00e8glement Bruxelles I bis qui permet d&#8217;attraire le d\u00e9fendeur au lieu du fait dommageable. Elle estime que le lieu de l&#8217;\u00e9v\u00e9nement causal, soit le pr\u00e9tendu manquement de la banque, est situ\u00e9 en Espagne o\u00f9 les comptes b\u00e9n\u00e9ficiaires \u00e9taient ouverts. Elle consid\u00e8re qu&#8217;un &#8220;pr\u00e9judice purement financier qui se mat\u00e9rialise directement sur le compte bancaire du demandeur et qui r\u00e9sulte directement d&#8217;un acte illicite commis dans un autre \u00c9tat membre ne saurait, \u00e0 lui seul, en l&#8217;absence de circonstances particuli\u00e8res, \u00eatre qualifi\u00e9 de point de rattachement pertinent&#8221; (point 5, a). La port\u00e9e de cette analyse est restrictive et s&#8217;\u00e9loigne d&#8217;une jurisprudence ant\u00e9rieure qui retenait la comp\u00e9tence fran\u00e7aise au titre du lieu de mat\u00e9rialisation du dommage sur le compte de la victime.<\/p>\n<p>La validation du crit\u00e8re de la connexit\u00e9 entre d\u00e9fendeurs<\/p>\n<p>En revanche, la cour retient la comp\u00e9tence des juridictions fran\u00e7aises sur le fondement de l&#8217;article 8.1 du r\u00e8glement Bruxelles I bis. Elle juge que les demandes contre les deux banques sont connexes car elles s&#8217;inscrivent dans une m\u00eame situation de fait et de droit. Elle rel\u00e8ve une &#8220;identit\u00e9 de situation de fait en ce qu&#8217;\u00e0 l&#8217;origine du pr\u00e9judice (&#8230;) il s&#8217;agit d&#8217;une seule et unique op\u00e9ration, soit le virement bancaire&#8221; (point 5, b). Elle ajoute qu'&#8221;il y a identit\u00e9 de situation de droit en ce qu&#8217;il n&#8217;est pas discut\u00e9 en l&#8217;esp\u00e8ce qu&#8217;un banquier, qu&#8217;il soit fran\u00e7ais ou espagnol, puisse voir sa responsabilit\u00e9 engag\u00e9e \u00e0 raison d&#8217;un manquement \u00e0 un devoir de vigilance&#8221; (point 5, b). Cette solution facilite l&#8217;exercice de l&#8217;action pour la victime en \u00e9vitant un morcellement proc\u00e9dural.<\/p>\n<p>L&#8217;application de la loi du lieu du dommage et ses cons\u00e9quences<\/p>\n<p>La d\u00e9signation de la loi espagnole comme loi applicable<\/p>\n<p>Pour trancher l&#8217;exception de prescription, la cour d\u00e9termine d&#8217;abord la loi applicable en vertu du r\u00e8glement Rome II. Elle applique l&#8217;article 4 et retient la loi du pays o\u00f9 le dommage survient. Elle estime que &#8220;l&#8217;appropriation des fonds s&#8217;est produite en Espagne&#8221; et que la circonstance que les effets aient \u00e9t\u00e9 ressentis en France est insuffisante (point 5, 2). Elle rejette les autres \u00e9l\u00e9ments de rattachement avanc\u00e9s par la victime, comme sa nationalit\u00e9 ou son lieu de r\u00e9sidence. Cette application stricte de la r\u00e8gle de conflit conduit \u00e0 \u00e9carter la loi fran\u00e7aise, pourtant invoqu\u00e9e par la victime sur le fondement de la localisation du dommage sur son compte.<\/p>\n<p>La prescription acquise selon la loi espagnole<\/p>\n<p>L&#8217;application de la loi espagnole conduit \u00e0 la d\u00e9claration de prescription de l&#8217;action. La cour rel\u00e8ve que les articles 1902 et 1968 du code civil espagnol pr\u00e9voient un d\u00e9lai d&#8217;un an. Ce d\u00e9lai a commenc\u00e9 \u00e0 courir au plus tard \u00e0 la date du d\u00e9p\u00f4t de plainte de la victime, soit le 8 septembre 2022. L&#8217;assignation du 20 octobre 2023 \u00e9tant intervenue apr\u00e8s l&#8217;expiration de ce d\u00e9lai annuel, l&#8217;action est d\u00e9clar\u00e9e irrecevable. Cette d\u00e9cision illustre les cons\u00e9quences pratiques cruciales du choix de la loi applicable, privant la victime de toute possibilit\u00e9 d&#8217;indemnisation \u00e0 l&#8217;encontre de la banque r\u00e9ceptrice des fonds.<\/p>\n<\/div>\n","protected":false},"excerpt":{"rendered":"<p>La Cour d&#8217;appel de Paris, dans un arr\u00eat du 23 ao\u00fbt 2024, a \u00e9t\u00e9 saisie d&#8217;un litige opposant un \u00e9pargnant \u00e0 deux \u00e9tablissements bancaires, l&#8217;un fran\u00e7ais et l&#8217;a&#8230;<\/p>\n","protected":false},"author":232070755,"featured_media":4687,"comment_status":"open","ping_status":"open","sticky":false,"template":"","format":"standard","meta":{"_crdt_document":"","_jetpack_newsletter_access":"","_jetpack_dont_email_post_to_subs":false,"_jetpack_newsletter_tier_id":0,"_jetpack_memberships_contains_paywalled_content":false,"_kj_source_type":"judilibre","_kj_official_id":"68d4cdb5653faf0d09392a08","_kj_official_url":"https:\/\/www.courdecassation.fr\/decision\/68d4cdb5653faf0d09392a08","_kj_judilibre_id":"68d4cdb5653faf0d09392a08","_kj_jur":"Cour d'appel","_kj_lieu":"Cour d'appel de Paris","_kj_chambre":"P\u00f4le 5 - Chambre 6","_kj_rg":"24\/19663","_kj_date":"2025-09-24","_jetpack_memberships_contains_paid_content":false,"footnotes":"","jetpack_post_was_ever_published":false},"categories":[7096,7597],"tags":[],"class_list":["post-666347","post","type-post","status-publish","format-standard","has-post-thumbnail","hentry","category-code-des-assurances","category-jurisprudence"],"yoast_head":"<!-- This site is optimized with the Yoast SEO Premium plugin v27.5 (Yoast SEO v27.5) - https:\/\/yoast.com\/product\/yoast-seo-premium-wordpress\/ -->\n<title>Cour d&#039;appel de Paris, le 23 ao\u00fbt 2024, n\u00b024\/19663 - Ma\u00eetre Hassan Kohen, avocat en droit p\u00e9nal \u00e0 Paris<\/title>\n<meta name=\"description\" content=\"La Cour d&#039;appel de Paris, dans un arr\u00eat du 23 ao\u00fbt 2024, a \u00e9t\u00e9 saisie d&#039;un litige opposant un \u00e9pargnant \u00e0 deux \u00e9tablissements bancaires, l&#039;un fran\u00e7ais et l&#039;a...\" \/>\n<meta name=\"robots\" content=\"index, follow, max-snippet:-1, max-image-preview:large, max-video-preview:-1\" \/>\n<link rel=\"canonical\" href=\"https:\/\/kohenavocats.com\/tr\/cour-dappel-de-paris-le-23-aout-2024-n24-19663\/\" \/>\n<meta property=\"og:locale\" content=\"tr_TR\" \/>\n<meta property=\"og:type\" content=\"article\" \/>\n<meta property=\"og:title\" content=\"Cour d&#039;appel de Paris, le 23 ao\u00fbt 2024, n\u00b024\/19663\" \/>\n<meta property=\"og:description\" content=\"La Cour d&#039;appel de Paris, dans un arr\u00eat du 23 ao\u00fbt 2024, a \u00e9t\u00e9 saisie d&#039;un litige opposant un \u00e9pargnant \u00e0 deux \u00e9tablissements bancaires, l&#039;un fran\u00e7ais et l&#039;a...\" \/>\n<meta property=\"og:url\" content=\"https:\/\/kohenavocats.com\/tr\/cour-dappel-de-paris-le-23-aout-2024-n24-19663\/\" \/>\n<meta property=\"og:site_name\" content=\"Ma\u00eetre Hassan Kohen, avocat en droit p\u00e9nal \u00e0 Paris\" \/>\n<meta property=\"article:published_time\" content=\"2026-04-23T23:19:17+00:00\" \/>\n<meta property=\"article:modified_time\" content=\"2026-04-26T17:34:51+00:00\" \/>\n<meta property=\"og:image\" content=\"https:\/\/kohenavocats.com\/wp-content\/uploads\/2024\/08\/clement-dellandrea-2racULxVpbw-unsplash.webp\" \/>\n\t<meta property=\"og:image:width\" content=\"6000\" \/>\n\t<meta property=\"og:image:height\" content=\"4000\" \/>\n\t<meta property=\"og:image:type\" content=\"image\/webp\" \/>\n<meta name=\"author\" content=\"Kohen\" \/>\n<meta name=\"twitter:card\" content=\"summary_large_image\" \/>\n<meta name=\"twitter:label1\" content=\"Yazan:\" \/>\n\t<meta name=\"twitter:data1\" content=\"Kohen\" \/>\n\t<meta name=\"twitter:label2\" content=\"Tahmini okuma s\u00fcresi\" \/>\n\t<meta name=\"twitter:data2\" content=\"3 dakika\" \/>\n<script type=\"application\/ld+json\" class=\"yoast-schema-graph\">{\"@context\":\"https:\\\/\\\/schema.org\",\"@graph\":[{\"@type\":\"Article\",\"@id\":\"https:\\\/\\\/kohenavocats.com\\\/tr\\\/cour-dappel-de-paris-le-23-aout-2024-n24-19663\\\/#article\",\"isPartOf\":{\"@id\":\"https:\\\/\\\/kohenavocats.com\\\/tr\\\/cour-dappel-de-paris-le-23-aout-2024-n24-19663\\\/\"},\"author\":{\"name\":\"Kohen\",\"@id\":\"https:\\\/\\\/kohenavocats.com\\\/tr\\\/#\\\/schema\\\/person\\\/761c9ba54fa1ca84d405cef0831ff751\"},\"headline\":\"Cour d&#8217;appel de Paris, le 23 ao\u00fbt 2024, n\u00b024\\\/19663\",\"datePublished\":\"2026-04-23T23:19:17+00:00\",\"dateModified\":\"2026-04-26T17:34:51+00:00\",\"mainEntityOfPage\":{\"@id\":\"https:\\\/\\\/kohenavocats.com\\\/tr\\\/cour-dappel-de-paris-le-23-aout-2024-n24-19663\\\/\"},\"wordCount\":693,\"commentCount\":0,\"publisher\":{\"@id\":\"https:\\\/\\\/kohenavocats.com\\\/tr\\\/#organization\"},\"image\":{\"@id\":\"https:\\\/\\\/kohenavocats.com\\\/tr\\\/cour-dappel-de-paris-le-23-aout-2024-n24-19663\\\/#primaryimage\"},\"thumbnailUrl\":\"https:\\\/\\\/kohenavocats.com\\\/wp-content\\\/uploads\\\/2024\\\/08\\\/clement-dellandrea-2racULxVpbw-unsplash.webp\",\"articleSection\":[\"Code des assurances\",\"Jurisprudence\"],\"inLanguage\":\"tr\",\"potentialAction\":[{\"@type\":\"CommentAction\",\"name\":\"Comment\",\"target\":[\"https:\\\/\\\/kohenavocats.com\\\/tr\\\/cour-dappel-de-paris-le-23-aout-2024-n24-19663\\\/#respond\"]}],\"citation\":\"Cour d&#8217;appel de Paris, le 23 ao\u00fbt 2024, n\u00b024\\\/19663\",\"about\":[{\"@type\":\"Thing\",\"name\":\"Code des assurances\"},{\"@type\":\"Thing\",\"name\":\"Jurisprudence\"}],\"speakable\":{\"@type\":\"SpeakableSpecification\",\"cssSelector\":[\".article-content > p:first-of-type\"]}},{\"@type\":\"WebPage\",\"@id\":\"https:\\\/\\\/kohenavocats.com\\\/tr\\\/cour-dappel-de-paris-le-23-aout-2024-n24-19663\\\/\",\"url\":\"https:\\\/\\\/kohenavocats.com\\\/tr\\\/cour-dappel-de-paris-le-23-aout-2024-n24-19663\\\/\",\"name\":\"Cour d'appel de Paris, le 23 ao\u00fbt 2024, n\u00b024\\\/19663 - Ma\u00eetre Hassan Kohen, avocat en droit p\u00e9nal \u00e0 Paris\",\"isPartOf\":{\"@id\":\"https:\\\/\\\/kohenavocats.com\\\/tr\\\/#website\"},\"primaryImageOfPage\":{\"@id\":\"https:\\\/\\\/kohenavocats.com\\\/tr\\\/cour-dappel-de-paris-le-23-aout-2024-n24-19663\\\/#primaryimage\"},\"image\":{\"@id\":\"https:\\\/\\\/kohenavocats.com\\\/tr\\\/cour-dappel-de-paris-le-23-aout-2024-n24-19663\\\/#primaryimage\"},\"thumbnailUrl\":\"https:\\\/\\\/kohenavocats.com\\\/wp-content\\\/uploads\\\/2024\\\/08\\\/clement-dellandrea-2racULxVpbw-unsplash.webp\",\"datePublished\":\"2026-04-23T23:19:17+00:00\",\"dateModified\":\"2026-04-26T17:34:51+00:00\",\"description\":\"La Cour d'appel de Paris, dans un arr\u00eat du 23 ao\u00fbt 2024, a \u00e9t\u00e9 saisie d'un litige opposant un \u00e9pargnant \u00e0 deux \u00e9tablissements bancaires, l'un fran\u00e7ais et l'a...\",\"breadcrumb\":{\"@id\":\"https:\\\/\\\/kohenavocats.com\\\/tr\\\/cour-dappel-de-paris-le-23-aout-2024-n24-19663\\\/#breadcrumb\"},\"inLanguage\":\"tr\",\"potentialAction\":[{\"@type\":\"ReadAction\",\"target\":[\"https:\\\/\\\/kohenavocats.com\\\/tr\\\/cour-dappel-de-paris-le-23-aout-2024-n24-19663\\\/\"]}]},{\"@type\":\"ImageObject\",\"inLanguage\":\"tr\",\"@id\":\"https:\\\/\\\/kohenavocats.com\\\/tr\\\/cour-dappel-de-paris-le-23-aout-2024-n24-19663\\\/#primaryimage\",\"url\":\"https:\\\/\\\/kohenavocats.com\\\/wp-content\\\/uploads\\\/2024\\\/08\\\/clement-dellandrea-2racULxVpbw-unsplash.webp\",\"contentUrl\":\"https:\\\/\\\/kohenavocats.com\\\/wp-content\\\/uploads\\\/2024\\\/08\\\/clement-dellandrea-2racULxVpbw-unsplash.webp\",\"width\":6000,\"height\":4000},{\"@type\":\"BreadcrumbList\",\"@id\":\"https:\\\/\\\/kohenavocats.com\\\/tr\\\/cour-dappel-de-paris-le-23-aout-2024-n24-19663\\\/#breadcrumb\",\"itemListElement\":[{\"@type\":\"ListItem\",\"position\":1,\"name\":\"Home\",\"item\":\"https:\\\/\\\/kohenavocats.com\\\/tr\\\/avocats-en-droit-penal-a-paris-conseil-et-defense-strategique\\\/\"},{\"@type\":\"ListItem\",\"position\":2,\"name\":\"Cour d&rsquo;appel de Paris, le 23 ao\u00fbt 2024, n\u00b024\\\/19663\"}]},{\"@type\":\"WebSite\",\"@id\":\"https:\\\/\\\/kohenavocats.com\\\/tr\\\/#website\",\"url\":\"https:\\\/\\\/kohenavocats.com\\\/tr\\\/\",\"name\":\"Kohen Avocats\",\"description\":\"Ma\u00eetre Hassan Kohen, avocat p\u00e9naliste \u00e0 Paris, intervient exclusivement en droit p\u00e9nal pour la d\u00e9fense des particuliers, notamment en mati\u00e8re d\u2019accusations de viol. Il assure un accompagnement rigoureux d\u00e8s la garde \u00e0 vue jusqu\u2019\u00e0 la Cour d\u2019assises, veillant au strict respect des garanties proc\u00e9durales.\",\"publisher\":{\"@id\":\"https:\\\/\\\/kohenavocats.com\\\/tr\\\/#organization\"},\"potentialAction\":[{\"@type\":\"SearchAction\",\"target\":{\"@type\":\"EntryPoint\",\"urlTemplate\":\"https:\\\/\\\/kohenavocats.com\\\/tr\\\/?s={search_term_string}\"},\"query-input\":{\"@type\":\"PropertyValueSpecification\",\"valueRequired\":true,\"valueName\":\"search_term_string\"}}],\"inLanguage\":\"tr\"},{\"@type\":\"Organization\",\"@id\":\"https:\\\/\\\/kohenavocats.com\\\/tr\\\/#organization\",\"name\":\"Kohen Avocats\",\"url\":\"https:\\\/\\\/kohenavocats.com\\\/tr\\\/\",\"logo\":{\"@type\":\"ImageObject\",\"inLanguage\":\"tr\",\"@id\":\"https:\\\/\\\/kohenavocats.com\\\/tr\\\/#\\\/schema\\\/logo\\\/image\\\/\",\"url\":\"https:\\\/\\\/kohenavocats.com\\\/wp-content\\\/uploads\\\/2026\\\/01\\\/Logo-2-1.webp\",\"contentUrl\":\"https:\\\/\\\/kohenavocats.com\\\/wp-content\\\/uploads\\\/2026\\\/01\\\/Logo-2-1.webp\",\"width\":2114,\"height\":1253,\"caption\":\"Kohen Avocats\"},\"image\":{\"@id\":\"https:\\\/\\\/kohenavocats.com\\\/tr\\\/#\\\/schema\\\/logo\\\/image\\\/\"}},{\"@type\":\"Person\",\"@id\":\"https:\\\/\\\/kohenavocats.com\\\/tr\\\/#\\\/schema\\\/person\\\/761c9ba54fa1ca84d405cef0831ff751\",\"name\":\"Kohen\",\"image\":{\"@type\":\"ImageObject\",\"inLanguage\":\"tr\",\"@id\":\"https:\\\/\\\/secure.gravatar.com\\\/avatar\\\/1c5e76ef76bbbfdd2b4da984e2bf2fa4056fd51a27d25ce2c332047f1dfd6e00?s=96&d=identicon&r=g\",\"url\":\"https:\\\/\\\/secure.gravatar.com\\\/avatar\\\/1c5e76ef76bbbfdd2b4da984e2bf2fa4056fd51a27d25ce2c332047f1dfd6e00?s=96&d=identicon&r=g\",\"contentUrl\":\"https:\\\/\\\/secure.gravatar.com\\\/avatar\\\/1c5e76ef76bbbfdd2b4da984e2bf2fa4056fd51a27d25ce2c332047f1dfd6e00?s=96&d=identicon&r=g\",\"caption\":\"Kohen\"},\"sameAs\":[\"https:\\\/\\\/www.linkedin.com\\\/in\\\/hassan-kohen-448548192\\\/\",\"https:\\\/\\\/www.youtube.com\\\/@Kohen-Avocats\"],\"url\":\"https:\\\/\\\/kohenavocats.com\\\/tr\\\/author\\\/kohenmlk\\\/\"}]}<\/script>\n<!-- \/ Yoast SEO Premium plugin. -->","yoast_head_json":{"title":"Cour d'appel de Paris, le 23 ao\u00fbt 2024, n\u00b024\/19663 - Ma\u00eetre Hassan Kohen, avocat en droit p\u00e9nal \u00e0 Paris","description":"La Cour d'appel de Paris, dans un arr\u00eat du 23 ao\u00fbt 2024, a \u00e9t\u00e9 saisie d'un litige opposant un \u00e9pargnant \u00e0 deux \u00e9tablissements bancaires, l'un fran\u00e7ais et l'a...","robots":{"index":"index","follow":"follow","max-snippet":"max-snippet:-1","max-image-preview":"max-image-preview:large","max-video-preview":"max-video-preview:-1"},"canonical":"https:\/\/kohenavocats.com\/tr\/cour-dappel-de-paris-le-23-aout-2024-n24-19663\/","og_locale":"tr_TR","og_type":"article","og_title":"Cour d'appel de Paris, le 23 ao\u00fbt 2024, n\u00b024\/19663","og_description":"La Cour d'appel de Paris, dans un arr\u00eat du 23 ao\u00fbt 2024, a \u00e9t\u00e9 saisie d'un litige opposant un \u00e9pargnant \u00e0 deux \u00e9tablissements bancaires, l'un fran\u00e7ais et l'a...","og_url":"https:\/\/kohenavocats.com\/tr\/cour-dappel-de-paris-le-23-aout-2024-n24-19663\/","og_site_name":"Ma\u00eetre Hassan Kohen, avocat en droit p\u00e9nal \u00e0 Paris","article_published_time":"2026-04-23T23:19:17+00:00","article_modified_time":"2026-04-26T17:34:51+00:00","og_image":[{"width":6000,"height":4000,"url":"https:\/\/kohenavocats.com\/wp-content\/uploads\/2024\/08\/clement-dellandrea-2racULxVpbw-unsplash.webp","type":"image\/webp"}],"author":"Kohen","twitter_card":"summary_large_image","twitter_misc":{"Yazan:":"Kohen","Tahmini okuma s\u00fcresi":"3 dakika"},"schema":{"@context":"https:\/\/schema.org","@graph":[{"@type":"Article","@id":"https:\/\/kohenavocats.com\/tr\/cour-dappel-de-paris-le-23-aout-2024-n24-19663\/#article","isPartOf":{"@id":"https:\/\/kohenavocats.com\/tr\/cour-dappel-de-paris-le-23-aout-2024-n24-19663\/"},"author":{"name":"Kohen","@id":"https:\/\/kohenavocats.com\/tr\/#\/schema\/person\/761c9ba54fa1ca84d405cef0831ff751"},"headline":"Cour d&#8217;appel de Paris, le 23 ao\u00fbt 2024, n\u00b024\/19663","datePublished":"2026-04-23T23:19:17+00:00","dateModified":"2026-04-26T17:34:51+00:00","mainEntityOfPage":{"@id":"https:\/\/kohenavocats.com\/tr\/cour-dappel-de-paris-le-23-aout-2024-n24-19663\/"},"wordCount":693,"commentCount":0,"publisher":{"@id":"https:\/\/kohenavocats.com\/tr\/#organization"},"image":{"@id":"https:\/\/kohenavocats.com\/tr\/cour-dappel-de-paris-le-23-aout-2024-n24-19663\/#primaryimage"},"thumbnailUrl":"https:\/\/kohenavocats.com\/wp-content\/uploads\/2024\/08\/clement-dellandrea-2racULxVpbw-unsplash.webp","articleSection":["Code des assurances","Jurisprudence"],"inLanguage":"tr","potentialAction":[{"@type":"CommentAction","name":"Comment","target":["https:\/\/kohenavocats.com\/tr\/cour-dappel-de-paris-le-23-aout-2024-n24-19663\/#respond"]}],"citation":"Cour d&#8217;appel de Paris, le 23 ao\u00fbt 2024, n\u00b024\/19663","about":[{"@type":"Thing","name":"Code des assurances"},{"@type":"Thing","name":"Jurisprudence"}],"speakable":{"@type":"SpeakableSpecification","cssSelector":[".article-content > p:first-of-type"]}},{"@type":"WebPage","@id":"https:\/\/kohenavocats.com\/tr\/cour-dappel-de-paris-le-23-aout-2024-n24-19663\/","url":"https:\/\/kohenavocats.com\/tr\/cour-dappel-de-paris-le-23-aout-2024-n24-19663\/","name":"Cour d'appel de Paris, le 23 ao\u00fbt 2024, n\u00b024\/19663 - Ma\u00eetre Hassan Kohen, avocat en droit p\u00e9nal \u00e0 Paris","isPartOf":{"@id":"https:\/\/kohenavocats.com\/tr\/#website"},"primaryImageOfPage":{"@id":"https:\/\/kohenavocats.com\/tr\/cour-dappel-de-paris-le-23-aout-2024-n24-19663\/#primaryimage"},"image":{"@id":"https:\/\/kohenavocats.com\/tr\/cour-dappel-de-paris-le-23-aout-2024-n24-19663\/#primaryimage"},"thumbnailUrl":"https:\/\/kohenavocats.com\/wp-content\/uploads\/2024\/08\/clement-dellandrea-2racULxVpbw-unsplash.webp","datePublished":"2026-04-23T23:19:17+00:00","dateModified":"2026-04-26T17:34:51+00:00","description":"La Cour d'appel de Paris, dans un arr\u00eat du 23 ao\u00fbt 2024, a \u00e9t\u00e9 saisie d'un litige opposant un \u00e9pargnant \u00e0 deux \u00e9tablissements bancaires, l'un fran\u00e7ais et l'a...","breadcrumb":{"@id":"https:\/\/kohenavocats.com\/tr\/cour-dappel-de-paris-le-23-aout-2024-n24-19663\/#breadcrumb"},"inLanguage":"tr","potentialAction":[{"@type":"ReadAction","target":["https:\/\/kohenavocats.com\/tr\/cour-dappel-de-paris-le-23-aout-2024-n24-19663\/"]}]},{"@type":"ImageObject","inLanguage":"tr","@id":"https:\/\/kohenavocats.com\/tr\/cour-dappel-de-paris-le-23-aout-2024-n24-19663\/#primaryimage","url":"https:\/\/kohenavocats.com\/wp-content\/uploads\/2024\/08\/clement-dellandrea-2racULxVpbw-unsplash.webp","contentUrl":"https:\/\/kohenavocats.com\/wp-content\/uploads\/2024\/08\/clement-dellandrea-2racULxVpbw-unsplash.webp","width":6000,"height":4000},{"@type":"BreadcrumbList","@id":"https:\/\/kohenavocats.com\/tr\/cour-dappel-de-paris-le-23-aout-2024-n24-19663\/#breadcrumb","itemListElement":[{"@type":"ListItem","position":1,"name":"Home","item":"https:\/\/kohenavocats.com\/tr\/avocats-en-droit-penal-a-paris-conseil-et-defense-strategique\/"},{"@type":"ListItem","position":2,"name":"Cour d&rsquo;appel de Paris, le 23 ao\u00fbt 2024, n\u00b024\/19663"}]},{"@type":"WebSite","@id":"https:\/\/kohenavocats.com\/tr\/#website","url":"https:\/\/kohenavocats.com\/tr\/","name":"Kohen Avocats","description":"Ma\u00eetre Hassan Kohen, avocat p\u00e9naliste \u00e0 Paris, intervient exclusivement en droit p\u00e9nal pour la d\u00e9fense des particuliers, notamment en mati\u00e8re d\u2019accusations de viol. Il assure un accompagnement rigoureux d\u00e8s la garde \u00e0 vue jusqu\u2019\u00e0 la Cour d\u2019assises, veillant au strict respect des garanties proc\u00e9durales.","publisher":{"@id":"https:\/\/kohenavocats.com\/tr\/#organization"},"potentialAction":[{"@type":"SearchAction","target":{"@type":"EntryPoint","urlTemplate":"https:\/\/kohenavocats.com\/tr\/?s={search_term_string}"},"query-input":{"@type":"PropertyValueSpecification","valueRequired":true,"valueName":"search_term_string"}}],"inLanguage":"tr"},{"@type":"Organization","@id":"https:\/\/kohenavocats.com\/tr\/#organization","name":"Kohen Avocats","url":"https:\/\/kohenavocats.com\/tr\/","logo":{"@type":"ImageObject","inLanguage":"tr","@id":"https:\/\/kohenavocats.com\/tr\/#\/schema\/logo\/image\/","url":"https:\/\/kohenavocats.com\/wp-content\/uploads\/2026\/01\/Logo-2-1.webp","contentUrl":"https:\/\/kohenavocats.com\/wp-content\/uploads\/2026\/01\/Logo-2-1.webp","width":2114,"height":1253,"caption":"Kohen Avocats"},"image":{"@id":"https:\/\/kohenavocats.com\/tr\/#\/schema\/logo\/image\/"}},{"@type":"Person","@id":"https:\/\/kohenavocats.com\/tr\/#\/schema\/person\/761c9ba54fa1ca84d405cef0831ff751","name":"Kohen","image":{"@type":"ImageObject","inLanguage":"tr","@id":"https:\/\/secure.gravatar.com\/avatar\/1c5e76ef76bbbfdd2b4da984e2bf2fa4056fd51a27d25ce2c332047f1dfd6e00?s=96&d=identicon&r=g","url":"https:\/\/secure.gravatar.com\/avatar\/1c5e76ef76bbbfdd2b4da984e2bf2fa4056fd51a27d25ce2c332047f1dfd6e00?s=96&d=identicon&r=g","contentUrl":"https:\/\/secure.gravatar.com\/avatar\/1c5e76ef76bbbfdd2b4da984e2bf2fa4056fd51a27d25ce2c332047f1dfd6e00?s=96&d=identicon&r=g","caption":"Kohen"},"sameAs":["https:\/\/www.linkedin.com\/in\/hassan-kohen-448548192\/","https:\/\/www.youtube.com\/@Kohen-Avocats"],"url":"https:\/\/kohenavocats.com\/tr\/author\/kohenmlk\/"}]}},"jetpack_featured_media_url":"https:\/\/kohenavocats.com\/wp-content\/uploads\/2024\/08\/clement-dellandrea-2racULxVpbw-unsplash.webp","jetpack_likes_enabled":false,"jetpack_shortlink":"https:\/\/wp.me\/peCrII-2Nlx","jetpack-related-posts":[{"id":666344,"url":"https:\/\/kohenavocats.com\/tr\/cour-dappel-de-paris-le-12-decembre-2024-n24-19715\/","url_meta":{"origin":666347,"position":0},"title":"Cour d&#8217;appel de Paris, le 12 d\u00e9cembre 2024, n\u00b024\/19715","author":"Kohen","date":"24 Nisan 2026","format":false,"excerpt":"La Cour d'appel de Paris, le 12 d\u00e9cembre 2024, statue sur un incident de prescription soulev\u00e9 par un \u00e9tablissement bancaire espagnol. Une \u00e9pargnante, victime...","rel":"","context":"&quot;Code des assurances&quot; i\u00e7inde","block_context":{"text":"Code des assurances","link":"https:\/\/kohenavocats.com\/category\/code-des-assurances\/"},"img":{"alt_text":"","src":"https:\/\/i0.wp.com\/kohenavocats.com\/wp-content\/uploads\/2024\/11\/getty-images-p1ZW7qeVRyE-unsplash.webp?resize=350%2C200&ssl=1","width":350,"height":200,"srcset":"https:\/\/i0.wp.com\/kohenavocats.com\/wp-content\/uploads\/2024\/11\/getty-images-p1ZW7qeVRyE-unsplash.webp?resize=350%2C200&ssl=1 1x, https:\/\/i0.wp.com\/kohenavocats.com\/wp-content\/uploads\/2024\/11\/getty-images-p1ZW7qeVRyE-unsplash.webp?resize=525%2C300&ssl=1 1.5x, https:\/\/i0.wp.com\/kohenavocats.com\/wp-content\/uploads\/2024\/11\/getty-images-p1ZW7qeVRyE-unsplash.webp?resize=700%2C400&ssl=1 2x, https:\/\/i0.wp.com\/kohenavocats.com\/wp-content\/uploads\/2024\/11\/getty-images-p1ZW7qeVRyE-unsplash.webp?resize=1050%2C600&ssl=1 3x, https:\/\/i0.wp.com\/kohenavocats.com\/wp-content\/uploads\/2024\/11\/getty-images-p1ZW7qeVRyE-unsplash.webp?resize=1400%2C800&ssl=1 4x"},"classes":[]},{"id":442861,"url":"https:\/\/kohenavocats.com\/tr\/cour-dappel-le-29-octobre-2025-n24-17993\/","url_meta":{"origin":666347,"position":1},"title":"Cour d&#8217;appel, le 29 octobre 2025, n\u00b024\/17993","author":"","date":"4 Nisan 2026","format":false,"excerpt":"La Cour d\u2019appel de Paris, dans un arr\u00eat du 29 octobre 2025, statue sur des questions de comp\u00e9tence juridictionnelle et de loi applicable dans un litige...","rel":"","context":"&quot;6917&quot; i\u00e7inde","block_context":{"text":"6917","link":"https:\/\/kohenavocats.com\/category\/6917\/"},"img":{"alt_text":"","src":"https:\/\/i0.wp.com\/kohenavocats.com\/wp-content\/uploads\/2024\/08\/sandip-roy-OSDpThB9elc-unsplash.webp?resize=350%2C200&ssl=1","width":350,"height":200,"srcset":"https:\/\/i0.wp.com\/kohenavocats.com\/wp-content\/uploads\/2024\/08\/sandip-roy-OSDpThB9elc-unsplash.webp?resize=350%2C200&ssl=1 1x, https:\/\/i0.wp.com\/kohenavocats.com\/wp-content\/uploads\/2024\/08\/sandip-roy-OSDpThB9elc-unsplash.webp?resize=525%2C300&ssl=1 1.5x, https:\/\/i0.wp.com\/kohenavocats.com\/wp-content\/uploads\/2024\/08\/sandip-roy-OSDpThB9elc-unsplash.webp?resize=700%2C400&ssl=1 2x, https:\/\/i0.wp.com\/kohenavocats.com\/wp-content\/uploads\/2024\/08\/sandip-roy-OSDpThB9elc-unsplash.webp?resize=1050%2C600&ssl=1 3x, https:\/\/i0.wp.com\/kohenavocats.com\/wp-content\/uploads\/2024\/08\/sandip-roy-OSDpThB9elc-unsplash.webp?resize=1400%2C800&ssl=1 4x"},"classes":[]},{"id":655056,"url":"https:\/\/kohenavocats.com\/tr\/cour-dappel-de-paris-le-14-janvier-2026-n24-17892\/","url_meta":{"origin":666347,"position":2},"title":"Cour d&#8217;appel de Paris, le 14 janvier 2026, n\u00b024\/17892","author":"Kohen","date":"23 Nisan 2026","format":false,"excerpt":"La cour d'appel de Paris, le 14 janvier 2026, statue sur un incident de proc\u00e9dure. Un investisseur victime d'une escroquerie assigne sa banque fran\u00e7aise et l...","rel":"","context":"&quot;Jurisprudence&quot; i\u00e7inde","block_context":{"text":"Jurisprudence","link":"https:\/\/kohenavocats.com\/category\/jurisprudence\/"},"img":{"alt_text":"","src":"https:\/\/i0.wp.com\/kohenavocats.com\/wp-content\/uploads\/2024\/08\/jianxiang-wu-TQEfLtojDQA-unsplash.webp?resize=350%2C200&ssl=1","width":350,"height":200,"srcset":"https:\/\/i0.wp.com\/kohenavocats.com\/wp-content\/uploads\/2024\/08\/jianxiang-wu-TQEfLtojDQA-unsplash.webp?resize=350%2C200&ssl=1 1x, https:\/\/i0.wp.com\/kohenavocats.com\/wp-content\/uploads\/2024\/08\/jianxiang-wu-TQEfLtojDQA-unsplash.webp?resize=525%2C300&ssl=1 1.5x, https:\/\/i0.wp.com\/kohenavocats.com\/wp-content\/uploads\/2024\/08\/jianxiang-wu-TQEfLtojDQA-unsplash.webp?resize=700%2C400&ssl=1 2x, https:\/\/i0.wp.com\/kohenavocats.com\/wp-content\/uploads\/2024\/08\/jianxiang-wu-TQEfLtojDQA-unsplash.webp?resize=1050%2C600&ssl=1 3x, https:\/\/i0.wp.com\/kohenavocats.com\/wp-content\/uploads\/2024\/08\/jianxiang-wu-TQEfLtojDQA-unsplash.webp?resize=1400%2C800&ssl=1 4x"},"classes":[]},{"id":544256,"url":"https:\/\/kohenavocats.com\/tr\/cour-dappel-de-paris-le-24-septembre-2025-n24-19663\/","url_meta":{"origin":666347,"position":3},"title":"Cour d&#8217;appel de Paris, le 24 septembre 2025, n\u00b024\/19663","author":"Kohen","date":"9 Nisan 2026","format":false,"excerpt":"La Cour d'appel de Paris, dans un arr\u00eat du 23 ao\u00fbt 2024, a \u00e9t\u00e9 saisie d'un litige opposant un \u00e9pargnant \u00e0 deux \u00e9tablissements bancaires, l'un fran\u00e7ais et...","rel":"","context":"&quot;Cour d'appel&quot; i\u00e7inde","block_context":{"text":"Cour d'appel","link":"https:\/\/kohenavocats.com\/category\/cour-dappel\/"},"img":{"alt_text":"","src":"https:\/\/i0.wp.com\/kohenavocats.com\/wp-content\/uploads\/2024\/08\/amy-gatenby-jwNtJHycBnw-unsplash.webp?resize=350%2C200&ssl=1","width":350,"height":200,"srcset":"https:\/\/i0.wp.com\/kohenavocats.com\/wp-content\/uploads\/2024\/08\/amy-gatenby-jwNtJHycBnw-unsplash.webp?resize=350%2C200&ssl=1 1x, https:\/\/i0.wp.com\/kohenavocats.com\/wp-content\/uploads\/2024\/08\/amy-gatenby-jwNtJHycBnw-unsplash.webp?resize=525%2C300&ssl=1 1.5x, https:\/\/i0.wp.com\/kohenavocats.com\/wp-content\/uploads\/2024\/08\/amy-gatenby-jwNtJHycBnw-unsplash.webp?resize=700%2C400&ssl=1 2x, https:\/\/i0.wp.com\/kohenavocats.com\/wp-content\/uploads\/2024\/08\/amy-gatenby-jwNtJHycBnw-unsplash.webp?resize=1050%2C600&ssl=1 3x, https:\/\/i0.wp.com\/kohenavocats.com\/wp-content\/uploads\/2024\/08\/amy-gatenby-jwNtJHycBnw-unsplash.webp?resize=1400%2C800&ssl=1 4x"},"classes":[]},{"id":500215,"url":"https:\/\/kohenavocats.com\/tr\/cour-dappel-de-paris-le-1-octobre-2025-n25-01777\/","url_meta":{"origin":666347,"position":4},"title":"Cour d&#8217;appel de Paris, le 1 octobre 2025, n\u00b025\/01777","author":"Kohen","date":"8 Nisan 2026","format":false,"excerpt":"La cour d\u2019appel de Paris, statuant le 1er octobre 2025, a examin\u00e9 un litige opposant une \u00e9pargnante \u00e0 deux \u00e9tablissements bancaires. L\u2019\u00e9pargnante, victime d\u2019...","rel":"","context":"&quot;Jurisprudence&quot; i\u00e7inde","block_context":{"text":"Jurisprudence","link":"https:\/\/kohenavocats.com\/category\/jurisprudence\/"},"img":{"alt_text":"","src":"https:\/\/i0.wp.com\/kohenavocats.com\/wp-content\/uploads\/2024\/11\/allison-saeng-8bn59-WwQyk-unsplash.webp?resize=350%2C200&ssl=1","width":350,"height":200,"srcset":"https:\/\/i0.wp.com\/kohenavocats.com\/wp-content\/uploads\/2024\/11\/allison-saeng-8bn59-WwQyk-unsplash.webp?resize=350%2C200&ssl=1 1x, https:\/\/i0.wp.com\/kohenavocats.com\/wp-content\/uploads\/2024\/11\/allison-saeng-8bn59-WwQyk-unsplash.webp?resize=525%2C300&ssl=1 1.5x, https:\/\/i0.wp.com\/kohenavocats.com\/wp-content\/uploads\/2024\/11\/allison-saeng-8bn59-WwQyk-unsplash.webp?resize=700%2C400&ssl=1 2x, https:\/\/i0.wp.com\/kohenavocats.com\/wp-content\/uploads\/2024\/11\/allison-saeng-8bn59-WwQyk-unsplash.webp?resize=1050%2C600&ssl=1 3x, https:\/\/i0.wp.com\/kohenavocats.com\/wp-content\/uploads\/2024\/11\/allison-saeng-8bn59-WwQyk-unsplash.webp?resize=1400%2C800&ssl=1 4x"},"classes":[]},{"id":652361,"url":"https:\/\/kohenavocats.com\/tr\/tribunal-judiciaire-de-versailles-le-2-octobre-2025-n23-00132\/","url_meta":{"origin":666347,"position":5},"title":"Tribunal judiciaire de Versailles, le 2 octobre 2025, n\u00b023\/00132","author":"Kohen","date":"22 Nisan 2026","format":false,"excerpt":"Le tribunal judiciaire de Versailles, le 2 octobre 2025, statue sur les demandes d\u2019un client \u00e0 l\u2019encontre de deux \u00e9tablissements bancaires. Le requ\u00e9rant repr...","rel":"","context":"&quot;Jurisprudence&quot; i\u00e7inde","block_context":{"text":"Jurisprudence","link":"https:\/\/kohenavocats.com\/category\/jurisprudence\/"},"img":{"alt_text":"","src":"https:\/\/i0.wp.com\/kohenavocats.com\/wp-content\/uploads\/2024\/11\/getty-images-J7MPbX1-XzA-unsplash.webp?resize=350%2C200&ssl=1","width":350,"height":200,"srcset":"https:\/\/i0.wp.com\/kohenavocats.com\/wp-content\/uploads\/2024\/11\/getty-images-J7MPbX1-XzA-unsplash.webp?resize=350%2C200&ssl=1 1x, https:\/\/i0.wp.com\/kohenavocats.com\/wp-content\/uploads\/2024\/11\/getty-images-J7MPbX1-XzA-unsplash.webp?resize=525%2C300&ssl=1 1.5x, https:\/\/i0.wp.com\/kohenavocats.com\/wp-content\/uploads\/2024\/11\/getty-images-J7MPbX1-XzA-unsplash.webp?resize=700%2C400&ssl=1 2x, https:\/\/i0.wp.com\/kohenavocats.com\/wp-content\/uploads\/2024\/11\/getty-images-J7MPbX1-XzA-unsplash.webp?resize=1050%2C600&ssl=1 3x, https:\/\/i0.wp.com\/kohenavocats.com\/wp-content\/uploads\/2024\/11\/getty-images-J7MPbX1-XzA-unsplash.webp?resize=1400%2C800&ssl=1 4x"},"classes":[]}],"jetpack_sharing_enabled":true,"_links":{"self":[{"href":"https:\/\/kohenavocats.com\/tr\/wp-json\/wp\/v2\/posts\/666347","targetHints":{"allow":["GET"]}}],"collection":[{"href":"https:\/\/kohenavocats.com\/tr\/wp-json\/wp\/v2\/posts"}],"about":[{"href":"https:\/\/kohenavocats.com\/tr\/wp-json\/wp\/v2\/types\/post"}],"author":[{"embeddable":true,"href":"https:\/\/kohenavocats.com\/tr\/wp-json\/wp\/v2\/users\/232070755"}],"replies":[{"embeddable":true,"href":"https:\/\/kohenavocats.com\/tr\/wp-json\/wp\/v2\/comments?post=666347"}],"version-history":[{"count":1,"href":"https:\/\/kohenavocats.com\/tr\/wp-json\/wp\/v2\/posts\/666347\/revisions"}],"predecessor-version":[{"id":696533,"href":"https:\/\/kohenavocats.com\/tr\/wp-json\/wp\/v2\/posts\/666347\/revisions\/696533"}],"wp:featuredmedia":[{"embeddable":true,"href":"https:\/\/kohenavocats.com\/tr\/wp-json\/wp\/v2\/media\/4687"}],"wp:attachment":[{"href":"https:\/\/kohenavocats.com\/tr\/wp-json\/wp\/v2\/media?parent=666347"}],"wp:term":[{"taxonomy":"category","embeddable":true,"href":"https:\/\/kohenavocats.com\/tr\/wp-json\/wp\/v2\/categories?post=666347"},{"taxonomy":"post_tag","embeddable":true,"href":"https:\/\/kohenavocats.com\/tr\/wp-json\/wp\/v2\/tags?post=666347"}],"curies":[{"name":"wp","href":"https:\/\/api.w.org\/{rel}","templated":true}]}}