{"id":666513,"date":"2026-04-24T01:40:38","date_gmt":"2026-04-23T23:40:38","guid":{"rendered":"https:\/\/kohenavocats.com\/tribunal-judiciaire-de-mont-de-marsan-le-23-septembre-2025-n23-00754\/"},"modified":"2026-04-26T19:35:13","modified_gmt":"2026-04-26T17:35:13","slug":"tribunal-judiciaire-de-mont-de-marsan-le-23-septembre-2025-n23-00754","status":"publish","type":"post","link":"https:\/\/kohenavocats.com\/tr\/tribunal-judiciaire-de-mont-de-marsan-le-23-septembre-2025-n23-00754\/","title":{"rendered":"Tribunal judiciaire de Mont-de-Marsan, le 23 septembre 2025, n\u00b023\/00754"},"content":{"rendered":"<div class=\"article-content\">\n<p>Le tribunal judiciaire, statuant le 23 septembre 2025, a \u00e9t\u00e9 saisi d\u2019un litige cons\u00e9cutif \u00e0 l\u2019ex\u00e9cution d\u00e9fectueuse de travaux de peinture et de r\u00e9novation de piscine. Les ma\u00eetres de l\u2019ouvrage ont engag\u00e9 la responsabilit\u00e9 contractuelle de l\u2019entrepreneur et actionn\u00e9 directement son assureur. La juridiction a retenu la responsabilit\u00e9 de l\u2019entrepreneur pour malfa\u00e7ons mais a d\u00e9bout\u00e9 les demandes dirig\u00e9es contre l\u2019assureur. Elle a proc\u00e9d\u00e9 \u00e0 une compensation entre les cr\u00e9ances r\u00e9ciproques des parties.<\/p>\n<p>La caract\u00e9risation des manquements contractuels et l\u2019\u00e9valuation des pr\u00e9judices<\/p>\n<p>L\u2019obligation de r\u00e9sultat de l\u2019entrepreneur et la preuve des malfa\u00e7ons. Le tribunal rappelle le principe de l\u2019obligation de r\u00e9sultat pesant sur l\u2019entrepreneur, tenu de r\u00e9aliser des travaux exempts de vices et conformes aux r\u00e8gles de l\u2019art. Il constate que les travaux de peinture, bien que repris, &#8220;n\u2019ont toujours pas (pour certains) \u00e9t\u00e9 r\u00e9alis\u00e9s dans les r\u00e8gles de l\u2019art, sont peu soign\u00e9s et pr\u00e9sentent de nombreuses imperfections&#8221; (Conclusions techniques de l\u2019Expert). Concernant la piscine, l\u2019expert rel\u00e8ve que les travaux de carrelage &#8220;n\u2019ont pas \u00e9t\u00e9 r\u00e9alis\u00e9s dans les r\u00e8gles de l\u2019art, conform\u00e9ment aux avis techniques applicables&#8221;. Ces constatations objectives fondent la faute contractuelle et justifient la condamnation.<\/p>\n<p>L\u2019appr\u00e9ciation souveraine des pr\u00e9judices r\u00e9parables et des exclusions. Le juge op\u00e8re une distinction nette entre les pr\u00e9judices mat\u00e9riels, int\u00e9gralement r\u00e9par\u00e9s sur la base de devis estim\u00e9s coh\u00e9rents, et les pr\u00e9judices immat\u00e9riels. Il retient le pr\u00e9judice de jouissance pour la piscine, jug\u00e9e dangereuse et inutilisable, mais l\u2019\u00e9carte pour les travaux de peinture, limit\u00e9s dans le temps. Le pr\u00e9judice moral est accord\u00e9 pour les tracas subis, malgr\u00e9 l\u2019absence de preuve sur des faits d\u00e9lictueux pr\u00e9cis. Cette analyse d\u00e9montre un contr\u00f4le strict du lien de causalit\u00e9 et de la r\u00e9alit\u00e9 du pr\u00e9judice all\u00e9gu\u00e9.<\/p>\n<p>La mise en \u0153uvre de la garantie d\u2019assurance et le principe de l\u2019action directe<\/p>\n<p>Le champ limit\u00e9 de la <a href=\"https:\/\/kohenavocats.fr\/elementor-60\/avocats-droit-immobilier-paris\/avocat-garantie-decennale-paris\/\" target=\"_blank\" title=\"garantie d\u00e9cennale\">garantie d\u00e9cennale<\/a> et le rejet de la solidarit\u00e9. La d\u00e9cision \u00e9carte l\u2019application de la garantie d\u00e9cennale de l\u2019assureur, en qualifiant les d\u00e9sordres de purement esth\u00e9tiques. Elle souligne que les travaux litigieux &#8220;ont fait l\u2019objet d\u2019un proc\u00e8s-verbal de r\u00e9ception avec r\u00e9serves le 28 juin 2022&#8221;. D\u00e8s lors, seules les garanties facultatives pourraient \u00eatre mobilis\u00e9es. Or, le contrat exclut la r\u00e9paration des dommages immat\u00e9riels lorsque des r\u00e9serves ont \u00e9t\u00e9 \u00e9mises \u00e0 la r\u00e9ception. L\u2019assureur est donc fond\u00e9 \u00e0 d\u00e9nier sa garantie, ce qui conduit au d\u00e9bout\u00e9 des demandes \u00e0 son encontre.<\/p>\n<p>Les cons\u00e9quences proc\u00e9durales de la distinction des r\u00e9gimes de responsabilit\u00e9. Ce raisonnement confirme la s\u00e9paration entre la responsabilit\u00e9 contractuelle de l\u2019entrepreneur et le champ contractuel de la garantie d\u2019assurance. L\u2019action directe du tiers l\u00e9s\u00e9, pr\u00e9vue par l\u2019article L124-3 du code des assurances, ne peut aboutir que si le fait dommageable entre dans le p\u00e9rim\u00e8tre des risques couverts. Ici, la clause d\u2019exclusion relative aux r\u00e9serves non lev\u00e9es fait obstacle \u00e0 la condamnation solidaire de l\u2019assureur. La solution illustre la primaut\u00e9 des stipulations contractuelles claires et pr\u00e9cises en mati\u00e8re d\u2019assurance professionnelle.<\/p>\n<p>Cette d\u00e9cision rappelle avec rigueur les conditions de la responsabilit\u00e9 contractuelle de l\u2019entrepreneur. Elle affirme \u00e9galement l\u2019autonomie du contrat d\u2019assurance, dont les exclusions licites s\u2019imposent au tiers b\u00e9n\u00e9ficiaire de l\u2019action directe. Le juge op\u00e8re ainsi un partage net entre l\u2019indemnisation par l\u2019auteur du dommage et le refus de garantie par son assureur, prot\u00e9geant la s\u00e9curit\u00e9 juridique des conventions.<\/p>\n<\/div>\n","protected":false},"excerpt":{"rendered":"<p>Le tribunal judiciaire, statuant le 23 septembre 2025, a \u00e9t\u00e9 saisi d\u2019un litige cons\u00e9cutif \u00e0 l\u2019ex\u00e9cution d\u00e9fectueuse de travaux de peinture et de r\u00e9novation d&#8230;<\/p>\n","protected":false},"author":232070755,"featured_media":4888,"comment_status":"open","ping_status":"open","sticky":false,"template":"","format":"standard","meta":{"_crdt_document":"","_jetpack_newsletter_access":"","_jetpack_dont_email_post_to_subs":false,"_jetpack_newsletter_tier_id":0,"_jetpack_memberships_contains_paywalled_content":false,"_kj_source_type":"judilibre","_kj_official_id":"6947423175782d5f06141622","_kj_official_url":"https:\/\/www.courdecassation.fr\/decision\/6947423175782d5f06141622","_kj_judilibre_id":"6947423175782d5f06141622","_kj_jur":"Tribunal judiciaire","_kj_lieu":"Tribunal judiciaire de Mont-de-Marsan","_kj_chambre":"1\u00e8re Chambre","_kj_rg":"23\/00754","_kj_date":"2025-09-23","_jetpack_memberships_contains_paid_content":false,"footnotes":"","jetpack_post_was_ever_published":false},"categories":[7096,7597],"tags":[],"class_list":["post-666513","post","type-post","status-publish","format-standard","has-post-thumbnail","hentry","category-code-des-assurances","category-jurisprudence"],"yoast_head":"<!-- This site is optimized with the Yoast SEO Premium plugin v27.5 (Yoast SEO v27.5) - https:\/\/yoast.com\/product\/yoast-seo-premium-wordpress\/ -->\n<title>Tribunal judiciaire de Mont-de-Marsan, le 23 septembre 2025, n\u00b023\/00754 - Ma\u00eetre Hassan Kohen, avocat en droit p\u00e9nal \u00e0 Paris<\/title>\n<meta name=\"description\" content=\"Le tribunal judiciaire, statuant le 23 septembre 2025, a \u00e9t\u00e9 saisi d\u2019un litige cons\u00e9cutif \u00e0 l\u2019ex\u00e9cution d\u00e9fectueuse de travaux de peinture et de r\u00e9novation d...\" \/>\n<meta name=\"robots\" content=\"index, follow, max-snippet:-1, max-image-preview:large, max-video-preview:-1\" \/>\n<link rel=\"canonical\" href=\"https:\/\/kohenavocats.com\/tr\/tribunal-judiciaire-de-mont-de-marsan-le-23-septembre-2025-n23-00754\/\" \/>\n<meta property=\"og:locale\" content=\"tr_TR\" \/>\n<meta property=\"og:type\" content=\"article\" \/>\n<meta property=\"og:title\" content=\"Tribunal judiciaire de Mont-de-Marsan, le 23 septembre 2025, n\u00b023\/00754\" \/>\n<meta property=\"og:description\" content=\"Le tribunal judiciaire, statuant le 23 septembre 2025, a \u00e9t\u00e9 saisi d\u2019un litige cons\u00e9cutif \u00e0 l\u2019ex\u00e9cution d\u00e9fectueuse de travaux de peinture et de r\u00e9novation d...\" \/>\n<meta property=\"og:url\" content=\"https:\/\/kohenavocats.com\/tr\/tribunal-judiciaire-de-mont-de-marsan-le-23-septembre-2025-n23-00754\/\" \/>\n<meta property=\"og:site_name\" content=\"Ma\u00eetre Hassan Kohen, avocat en droit p\u00e9nal \u00e0 Paris\" \/>\n<meta property=\"article:published_time\" content=\"2026-04-23T23:40:38+00:00\" \/>\n<meta property=\"article:modified_time\" content=\"2026-04-26T17:35:13+00:00\" \/>\n<meta property=\"og:image\" content=\"https:\/\/kohenavocats.com\/wp-content\/uploads\/2024\/08\/robert-ruggiero-cIGWrsKV_1I-unsplash.webp\" \/>\n\t<meta property=\"og:image:width\" content=\"3677\" \/>\n\t<meta property=\"og:image:height\" content=\"2498\" \/>\n\t<meta property=\"og:image:type\" content=\"image\/webp\" \/>\n<meta name=\"author\" content=\"Kohen\" \/>\n<meta name=\"twitter:card\" content=\"summary_large_image\" \/>\n<meta name=\"twitter:label1\" content=\"Yazan:\" \/>\n\t<meta name=\"twitter:data1\" content=\"Kohen\" \/>\n\t<meta name=\"twitter:label2\" content=\"Tahmini okuma s\u00fcresi\" \/>\n\t<meta name=\"twitter:data2\" content=\"3 dakika\" \/>\n<script type=\"application\/ld+json\" class=\"yoast-schema-graph\">{\"@context\":\"https:\\\/\\\/schema.org\",\"@graph\":[{\"@type\":\"Article\",\"@id\":\"https:\\\/\\\/kohenavocats.com\\\/tr\\\/tribunal-judiciaire-de-mont-de-marsan-le-23-septembre-2025-n23-00754\\\/#article\",\"isPartOf\":{\"@id\":\"https:\\\/\\\/kohenavocats.com\\\/tr\\\/tribunal-judiciaire-de-mont-de-marsan-le-23-septembre-2025-n23-00754\\\/\"},\"author\":{\"name\":\"Kohen\",\"@id\":\"https:\\\/\\\/kohenavocats.com\\\/tr\\\/#\\\/schema\\\/person\\\/761c9ba54fa1ca84d405cef0831ff751\"},\"headline\":\"Tribunal judiciaire de Mont-de-Marsan, le 23 septembre 2025, n\u00b023\\\/00754\",\"datePublished\":\"2026-04-23T23:40:38+00:00\",\"dateModified\":\"2026-04-26T17:35:13+00:00\",\"mainEntityOfPage\":{\"@id\":\"https:\\\/\\\/kohenavocats.com\\\/tr\\\/tribunal-judiciaire-de-mont-de-marsan-le-23-septembre-2025-n23-00754\\\/\"},\"wordCount\":657,\"commentCount\":0,\"publisher\":{\"@id\":\"https:\\\/\\\/kohenavocats.com\\\/tr\\\/#organization\"},\"image\":{\"@id\":\"https:\\\/\\\/kohenavocats.com\\\/tr\\\/tribunal-judiciaire-de-mont-de-marsan-le-23-septembre-2025-n23-00754\\\/#primaryimage\"},\"thumbnailUrl\":\"https:\\\/\\\/kohenavocats.com\\\/wp-content\\\/uploads\\\/2024\\\/08\\\/robert-ruggiero-cIGWrsKV_1I-unsplash.webp\",\"articleSection\":[\"Code des assurances\",\"Jurisprudence\"],\"inLanguage\":\"tr\",\"potentialAction\":[{\"@type\":\"CommentAction\",\"name\":\"Comment\",\"target\":[\"https:\\\/\\\/kohenavocats.com\\\/tr\\\/tribunal-judiciaire-de-mont-de-marsan-le-23-septembre-2025-n23-00754\\\/#respond\"]}],\"citation\":\"Tribunal judiciaire de Mont-de-Marsan, le 23 septembre 2025, n\u00b023\\\/00754\",\"about\":[{\"@type\":\"Thing\",\"name\":\"Code des assurances\"},{\"@type\":\"Thing\",\"name\":\"Jurisprudence\"}],\"speakable\":{\"@type\":\"SpeakableSpecification\",\"cssSelector\":[\".article-content > p:first-of-type\"]}},{\"@type\":\"WebPage\",\"@id\":\"https:\\\/\\\/kohenavocats.com\\\/tr\\\/tribunal-judiciaire-de-mont-de-marsan-le-23-septembre-2025-n23-00754\\\/\",\"url\":\"https:\\\/\\\/kohenavocats.com\\\/tr\\\/tribunal-judiciaire-de-mont-de-marsan-le-23-septembre-2025-n23-00754\\\/\",\"name\":\"Tribunal judiciaire de Mont-de-Marsan, le 23 septembre 2025, n\u00b023\\\/00754 - Ma\u00eetre Hassan Kohen, avocat en droit p\u00e9nal \u00e0 Paris\",\"isPartOf\":{\"@id\":\"https:\\\/\\\/kohenavocats.com\\\/tr\\\/#website\"},\"primaryImageOfPage\":{\"@id\":\"https:\\\/\\\/kohenavocats.com\\\/tr\\\/tribunal-judiciaire-de-mont-de-marsan-le-23-septembre-2025-n23-00754\\\/#primaryimage\"},\"image\":{\"@id\":\"https:\\\/\\\/kohenavocats.com\\\/tr\\\/tribunal-judiciaire-de-mont-de-marsan-le-23-septembre-2025-n23-00754\\\/#primaryimage\"},\"thumbnailUrl\":\"https:\\\/\\\/kohenavocats.com\\\/wp-content\\\/uploads\\\/2024\\\/08\\\/robert-ruggiero-cIGWrsKV_1I-unsplash.webp\",\"datePublished\":\"2026-04-23T23:40:38+00:00\",\"dateModified\":\"2026-04-26T17:35:13+00:00\",\"description\":\"Le tribunal judiciaire, statuant le 23 septembre 2025, a \u00e9t\u00e9 saisi d\u2019un litige cons\u00e9cutif \u00e0 l\u2019ex\u00e9cution d\u00e9fectueuse de travaux de peinture et de r\u00e9novation d...\",\"breadcrumb\":{\"@id\":\"https:\\\/\\\/kohenavocats.com\\\/tr\\\/tribunal-judiciaire-de-mont-de-marsan-le-23-septembre-2025-n23-00754\\\/#breadcrumb\"},\"inLanguage\":\"tr\",\"potentialAction\":[{\"@type\":\"ReadAction\",\"target\":[\"https:\\\/\\\/kohenavocats.com\\\/tr\\\/tribunal-judiciaire-de-mont-de-marsan-le-23-septembre-2025-n23-00754\\\/\"]}]},{\"@type\":\"ImageObject\",\"inLanguage\":\"tr\",\"@id\":\"https:\\\/\\\/kohenavocats.com\\\/tr\\\/tribunal-judiciaire-de-mont-de-marsan-le-23-septembre-2025-n23-00754\\\/#primaryimage\",\"url\":\"https:\\\/\\\/kohenavocats.com\\\/wp-content\\\/uploads\\\/2024\\\/08\\\/robert-ruggiero-cIGWrsKV_1I-unsplash.webp\",\"contentUrl\":\"https:\\\/\\\/kohenavocats.com\\\/wp-content\\\/uploads\\\/2024\\\/08\\\/robert-ruggiero-cIGWrsKV_1I-unsplash.webp\",\"width\":3677,\"height\":2498},{\"@type\":\"BreadcrumbList\",\"@id\":\"https:\\\/\\\/kohenavocats.com\\\/tr\\\/tribunal-judiciaire-de-mont-de-marsan-le-23-septembre-2025-n23-00754\\\/#breadcrumb\",\"itemListElement\":[{\"@type\":\"ListItem\",\"position\":1,\"name\":\"Home\",\"item\":\"https:\\\/\\\/kohenavocats.com\\\/tr\\\/avocats-en-droit-penal-a-paris-conseil-et-defense-strategique\\\/\"},{\"@type\":\"ListItem\",\"position\":2,\"name\":\"Tribunal judiciaire de Mont-de-Marsan, le 23 septembre 2025, n\u00b023\\\/00754\"}]},{\"@type\":\"WebSite\",\"@id\":\"https:\\\/\\\/kohenavocats.com\\\/tr\\\/#website\",\"url\":\"https:\\\/\\\/kohenavocats.com\\\/tr\\\/\",\"name\":\"Kohen Avocats\",\"description\":\"Ma\u00eetre Hassan Kohen, avocat p\u00e9naliste \u00e0 Paris, intervient exclusivement en droit p\u00e9nal pour la d\u00e9fense des particuliers, notamment en mati\u00e8re d\u2019accusations de viol. Il assure un accompagnement rigoureux d\u00e8s la garde \u00e0 vue jusqu\u2019\u00e0 la Cour d\u2019assises, veillant au strict respect des garanties proc\u00e9durales.\",\"publisher\":{\"@id\":\"https:\\\/\\\/kohenavocats.com\\\/tr\\\/#organization\"},\"potentialAction\":[{\"@type\":\"SearchAction\",\"target\":{\"@type\":\"EntryPoint\",\"urlTemplate\":\"https:\\\/\\\/kohenavocats.com\\\/tr\\\/?s={search_term_string}\"},\"query-input\":{\"@type\":\"PropertyValueSpecification\",\"valueRequired\":true,\"valueName\":\"search_term_string\"}}],\"inLanguage\":\"tr\"},{\"@type\":\"Organization\",\"@id\":\"https:\\\/\\\/kohenavocats.com\\\/tr\\\/#organization\",\"name\":\"Kohen Avocats\",\"url\":\"https:\\\/\\\/kohenavocats.com\\\/tr\\\/\",\"logo\":{\"@type\":\"ImageObject\",\"inLanguage\":\"tr\",\"@id\":\"https:\\\/\\\/kohenavocats.com\\\/tr\\\/#\\\/schema\\\/logo\\\/image\\\/\",\"url\":\"https:\\\/\\\/kohenavocats.com\\\/wp-content\\\/uploads\\\/2026\\\/01\\\/Logo-2-1.webp\",\"contentUrl\":\"https:\\\/\\\/kohenavocats.com\\\/wp-content\\\/uploads\\\/2026\\\/01\\\/Logo-2-1.webp\",\"width\":2114,\"height\":1253,\"caption\":\"Kohen Avocats\"},\"image\":{\"@id\":\"https:\\\/\\\/kohenavocats.com\\\/tr\\\/#\\\/schema\\\/logo\\\/image\\\/\"}},{\"@type\":\"Person\",\"@id\":\"https:\\\/\\\/kohenavocats.com\\\/tr\\\/#\\\/schema\\\/person\\\/761c9ba54fa1ca84d405cef0831ff751\",\"name\":\"Kohen\",\"image\":{\"@type\":\"ImageObject\",\"inLanguage\":\"tr\",\"@id\":\"https:\\\/\\\/secure.gravatar.com\\\/avatar\\\/1c5e76ef76bbbfdd2b4da984e2bf2fa4056fd51a27d25ce2c332047f1dfd6e00?s=96&d=identicon&r=g\",\"url\":\"https:\\\/\\\/secure.gravatar.com\\\/avatar\\\/1c5e76ef76bbbfdd2b4da984e2bf2fa4056fd51a27d25ce2c332047f1dfd6e00?s=96&d=identicon&r=g\",\"contentUrl\":\"https:\\\/\\\/secure.gravatar.com\\\/avatar\\\/1c5e76ef76bbbfdd2b4da984e2bf2fa4056fd51a27d25ce2c332047f1dfd6e00?s=96&d=identicon&r=g\",\"caption\":\"Kohen\"},\"sameAs\":[\"https:\\\/\\\/www.linkedin.com\\\/in\\\/hassan-kohen-448548192\\\/\",\"https:\\\/\\\/www.youtube.com\\\/@Kohen-Avocats\"],\"url\":\"https:\\\/\\\/kohenavocats.com\\\/tr\\\/author\\\/kohenmlk\\\/\"}]}<\/script>\n<!-- \/ Yoast SEO Premium plugin. -->","yoast_head_json":{"title":"Tribunal judiciaire de Mont-de-Marsan, le 23 septembre 2025, n\u00b023\/00754 - Ma\u00eetre Hassan Kohen, avocat en droit p\u00e9nal \u00e0 Paris","description":"Le tribunal judiciaire, statuant le 23 septembre 2025, a \u00e9t\u00e9 saisi d\u2019un litige cons\u00e9cutif \u00e0 l\u2019ex\u00e9cution d\u00e9fectueuse de travaux de peinture et de r\u00e9novation d...","robots":{"index":"index","follow":"follow","max-snippet":"max-snippet:-1","max-image-preview":"max-image-preview:large","max-video-preview":"max-video-preview:-1"},"canonical":"https:\/\/kohenavocats.com\/tr\/tribunal-judiciaire-de-mont-de-marsan-le-23-septembre-2025-n23-00754\/","og_locale":"tr_TR","og_type":"article","og_title":"Tribunal judiciaire de Mont-de-Marsan, le 23 septembre 2025, n\u00b023\/00754","og_description":"Le tribunal judiciaire, statuant le 23 septembre 2025, a \u00e9t\u00e9 saisi d\u2019un litige cons\u00e9cutif \u00e0 l\u2019ex\u00e9cution d\u00e9fectueuse de travaux de peinture et de r\u00e9novation d...","og_url":"https:\/\/kohenavocats.com\/tr\/tribunal-judiciaire-de-mont-de-marsan-le-23-septembre-2025-n23-00754\/","og_site_name":"Ma\u00eetre Hassan Kohen, avocat en droit p\u00e9nal \u00e0 Paris","article_published_time":"2026-04-23T23:40:38+00:00","article_modified_time":"2026-04-26T17:35:13+00:00","og_image":[{"width":3677,"height":2498,"url":"https:\/\/kohenavocats.com\/wp-content\/uploads\/2024\/08\/robert-ruggiero-cIGWrsKV_1I-unsplash.webp","type":"image\/webp"}],"author":"Kohen","twitter_card":"summary_large_image","twitter_misc":{"Yazan:":"Kohen","Tahmini okuma s\u00fcresi":"3 dakika"},"schema":{"@context":"https:\/\/schema.org","@graph":[{"@type":"Article","@id":"https:\/\/kohenavocats.com\/tr\/tribunal-judiciaire-de-mont-de-marsan-le-23-septembre-2025-n23-00754\/#article","isPartOf":{"@id":"https:\/\/kohenavocats.com\/tr\/tribunal-judiciaire-de-mont-de-marsan-le-23-septembre-2025-n23-00754\/"},"author":{"name":"Kohen","@id":"https:\/\/kohenavocats.com\/tr\/#\/schema\/person\/761c9ba54fa1ca84d405cef0831ff751"},"headline":"Tribunal judiciaire de Mont-de-Marsan, le 23 septembre 2025, n\u00b023\/00754","datePublished":"2026-04-23T23:40:38+00:00","dateModified":"2026-04-26T17:35:13+00:00","mainEntityOfPage":{"@id":"https:\/\/kohenavocats.com\/tr\/tribunal-judiciaire-de-mont-de-marsan-le-23-septembre-2025-n23-00754\/"},"wordCount":657,"commentCount":0,"publisher":{"@id":"https:\/\/kohenavocats.com\/tr\/#organization"},"image":{"@id":"https:\/\/kohenavocats.com\/tr\/tribunal-judiciaire-de-mont-de-marsan-le-23-septembre-2025-n23-00754\/#primaryimage"},"thumbnailUrl":"https:\/\/kohenavocats.com\/wp-content\/uploads\/2024\/08\/robert-ruggiero-cIGWrsKV_1I-unsplash.webp","articleSection":["Code des assurances","Jurisprudence"],"inLanguage":"tr","potentialAction":[{"@type":"CommentAction","name":"Comment","target":["https:\/\/kohenavocats.com\/tr\/tribunal-judiciaire-de-mont-de-marsan-le-23-septembre-2025-n23-00754\/#respond"]}],"citation":"Tribunal judiciaire de Mont-de-Marsan, le 23 septembre 2025, n\u00b023\/00754","about":[{"@type":"Thing","name":"Code des assurances"},{"@type":"Thing","name":"Jurisprudence"}],"speakable":{"@type":"SpeakableSpecification","cssSelector":[".article-content > p:first-of-type"]}},{"@type":"WebPage","@id":"https:\/\/kohenavocats.com\/tr\/tribunal-judiciaire-de-mont-de-marsan-le-23-septembre-2025-n23-00754\/","url":"https:\/\/kohenavocats.com\/tr\/tribunal-judiciaire-de-mont-de-marsan-le-23-septembre-2025-n23-00754\/","name":"Tribunal judiciaire de Mont-de-Marsan, le 23 septembre 2025, n\u00b023\/00754 - Ma\u00eetre Hassan Kohen, avocat en droit p\u00e9nal \u00e0 Paris","isPartOf":{"@id":"https:\/\/kohenavocats.com\/tr\/#website"},"primaryImageOfPage":{"@id":"https:\/\/kohenavocats.com\/tr\/tribunal-judiciaire-de-mont-de-marsan-le-23-septembre-2025-n23-00754\/#primaryimage"},"image":{"@id":"https:\/\/kohenavocats.com\/tr\/tribunal-judiciaire-de-mont-de-marsan-le-23-septembre-2025-n23-00754\/#primaryimage"},"thumbnailUrl":"https:\/\/kohenavocats.com\/wp-content\/uploads\/2024\/08\/robert-ruggiero-cIGWrsKV_1I-unsplash.webp","datePublished":"2026-04-23T23:40:38+00:00","dateModified":"2026-04-26T17:35:13+00:00","description":"Le tribunal judiciaire, statuant le 23 septembre 2025, a \u00e9t\u00e9 saisi d\u2019un litige cons\u00e9cutif \u00e0 l\u2019ex\u00e9cution d\u00e9fectueuse de travaux de peinture et de r\u00e9novation d...","breadcrumb":{"@id":"https:\/\/kohenavocats.com\/tr\/tribunal-judiciaire-de-mont-de-marsan-le-23-septembre-2025-n23-00754\/#breadcrumb"},"inLanguage":"tr","potentialAction":[{"@type":"ReadAction","target":["https:\/\/kohenavocats.com\/tr\/tribunal-judiciaire-de-mont-de-marsan-le-23-septembre-2025-n23-00754\/"]}]},{"@type":"ImageObject","inLanguage":"tr","@id":"https:\/\/kohenavocats.com\/tr\/tribunal-judiciaire-de-mont-de-marsan-le-23-septembre-2025-n23-00754\/#primaryimage","url":"https:\/\/kohenavocats.com\/wp-content\/uploads\/2024\/08\/robert-ruggiero-cIGWrsKV_1I-unsplash.webp","contentUrl":"https:\/\/kohenavocats.com\/wp-content\/uploads\/2024\/08\/robert-ruggiero-cIGWrsKV_1I-unsplash.webp","width":3677,"height":2498},{"@type":"BreadcrumbList","@id":"https:\/\/kohenavocats.com\/tr\/tribunal-judiciaire-de-mont-de-marsan-le-23-septembre-2025-n23-00754\/#breadcrumb","itemListElement":[{"@type":"ListItem","position":1,"name":"Home","item":"https:\/\/kohenavocats.com\/tr\/avocats-en-droit-penal-a-paris-conseil-et-defense-strategique\/"},{"@type":"ListItem","position":2,"name":"Tribunal judiciaire de Mont-de-Marsan, le 23 septembre 2025, n\u00b023\/00754"}]},{"@type":"WebSite","@id":"https:\/\/kohenavocats.com\/tr\/#website","url":"https:\/\/kohenavocats.com\/tr\/","name":"Kohen Avocats","description":"Ma\u00eetre Hassan Kohen, avocat p\u00e9naliste \u00e0 Paris, intervient exclusivement en droit p\u00e9nal pour la d\u00e9fense des particuliers, notamment en mati\u00e8re d\u2019accusations de viol. Il assure un accompagnement rigoureux d\u00e8s la garde \u00e0 vue jusqu\u2019\u00e0 la Cour d\u2019assises, veillant au strict respect des garanties proc\u00e9durales.","publisher":{"@id":"https:\/\/kohenavocats.com\/tr\/#organization"},"potentialAction":[{"@type":"SearchAction","target":{"@type":"EntryPoint","urlTemplate":"https:\/\/kohenavocats.com\/tr\/?s={search_term_string}"},"query-input":{"@type":"PropertyValueSpecification","valueRequired":true,"valueName":"search_term_string"}}],"inLanguage":"tr"},{"@type":"Organization","@id":"https:\/\/kohenavocats.com\/tr\/#organization","name":"Kohen Avocats","url":"https:\/\/kohenavocats.com\/tr\/","logo":{"@type":"ImageObject","inLanguage":"tr","@id":"https:\/\/kohenavocats.com\/tr\/#\/schema\/logo\/image\/","url":"https:\/\/kohenavocats.com\/wp-content\/uploads\/2026\/01\/Logo-2-1.webp","contentUrl":"https:\/\/kohenavocats.com\/wp-content\/uploads\/2026\/01\/Logo-2-1.webp","width":2114,"height":1253,"caption":"Kohen Avocats"},"image":{"@id":"https:\/\/kohenavocats.com\/tr\/#\/schema\/logo\/image\/"}},{"@type":"Person","@id":"https:\/\/kohenavocats.com\/tr\/#\/schema\/person\/761c9ba54fa1ca84d405cef0831ff751","name":"Kohen","image":{"@type":"ImageObject","inLanguage":"tr","@id":"https:\/\/secure.gravatar.com\/avatar\/1c5e76ef76bbbfdd2b4da984e2bf2fa4056fd51a27d25ce2c332047f1dfd6e00?s=96&d=identicon&r=g","url":"https:\/\/secure.gravatar.com\/avatar\/1c5e76ef76bbbfdd2b4da984e2bf2fa4056fd51a27d25ce2c332047f1dfd6e00?s=96&d=identicon&r=g","contentUrl":"https:\/\/secure.gravatar.com\/avatar\/1c5e76ef76bbbfdd2b4da984e2bf2fa4056fd51a27d25ce2c332047f1dfd6e00?s=96&d=identicon&r=g","caption":"Kohen"},"sameAs":["https:\/\/www.linkedin.com\/in\/hassan-kohen-448548192\/","https:\/\/www.youtube.com\/@Kohen-Avocats"],"url":"https:\/\/kohenavocats.com\/tr\/author\/kohenmlk\/"}]}},"jetpack_featured_media_url":"https:\/\/kohenavocats.com\/wp-content\/uploads\/2024\/08\/robert-ruggiero-cIGWrsKV_1I-unsplash.webp","jetpack_likes_enabled":false,"jetpack_shortlink":"https:\/\/wp.me\/peCrII-2Nod","jetpack-related-posts":[{"id":765240,"url":"https:\/\/kohenavocats.com\/tr\/tribunal-judiciaire-de-auxerre-le-12-janvier-2026-n25-00510\/","url_meta":{"origin":666513,"position":0},"title":"Tribunal judiciaire de Auxerre, le 12 janvier 2026, n\u00b025\/00510","author":"Kohen","date":"29 Nisan 2026","format":false,"excerpt":"Le tribunal judiciaire d'Auxerre, dans un jugement du 12 janvier 2026, a statu\u00e9 sur la responsabilit\u00e9 d'un entrepreneur pour malfa\u00e7ons sur une terrasse....","rel":"","context":"&quot;D\u00e9cisions juridiques&quot; i\u00e7inde","block_context":{"text":"D\u00e9cisions juridiques","link":"https:\/\/kohenavocats.com\/category\/decisions-juridiques\/"},"img":{"alt_text":"","src":"https:\/\/i0.wp.com\/kohenavocats.com\/wp-content\/uploads\/2024\/08\/cecile-XeJmFXu_jeU-unsplash.webp?resize=350%2C200&ssl=1","width":350,"height":200,"srcset":"https:\/\/i0.wp.com\/kohenavocats.com\/wp-content\/uploads\/2024\/08\/cecile-XeJmFXu_jeU-unsplash.webp?resize=350%2C200&ssl=1 1x, https:\/\/i0.wp.com\/kohenavocats.com\/wp-content\/uploads\/2024\/08\/cecile-XeJmFXu_jeU-unsplash.webp?resize=525%2C300&ssl=1 1.5x, https:\/\/i0.wp.com\/kohenavocats.com\/wp-content\/uploads\/2024\/08\/cecile-XeJmFXu_jeU-unsplash.webp?resize=700%2C400&ssl=1 2x, https:\/\/i0.wp.com\/kohenavocats.com\/wp-content\/uploads\/2024\/08\/cecile-XeJmFXu_jeU-unsplash.webp?resize=1050%2C600&ssl=1 3x, https:\/\/i0.wp.com\/kohenavocats.com\/wp-content\/uploads\/2024\/08\/cecile-XeJmFXu_jeU-unsplash.webp?resize=1400%2C800&ssl=1 4x"},"classes":[]},{"id":770187,"url":"https:\/\/kohenavocats.com\/tr\/tribunal-judiciaire-de-bergerac-le-8-janvier-2026-n24-00054\/","url_meta":{"origin":666513,"position":1},"title":"Tribunal judiciaire de Bergerac, le 8 janvier 2026, n\u00b024\/00054","author":"Kohen","date":"30 Nisan 2026","format":false,"excerpt":"Le tribunal judiciaire de Bergerac, dans un jugement du 8 janvier 2026, a condamn\u00e9 un entrepreneur individuel et son assureur \u00e0 indemniser des propri\u00e9taires ...","rel":"","context":"&quot;Jurisprudence&quot; i\u00e7inde","block_context":{"text":"Jurisprudence","link":"https:\/\/kohenavocats.com\/category\/jurisprudence\/"},"img":{"alt_text":"","src":"https:\/\/i0.wp.com\/kohenavocats.com\/wp-content\/uploads\/2024\/06\/giammarco-boscaro-eWpBNXRHfTI-unsplash.jpg?resize=350%2C200&ssl=1","width":350,"height":200,"srcset":"https:\/\/i0.wp.com\/kohenavocats.com\/wp-content\/uploads\/2024\/06\/giammarco-boscaro-eWpBNXRHfTI-unsplash.jpg?resize=350%2C200&ssl=1 1x, https:\/\/i0.wp.com\/kohenavocats.com\/wp-content\/uploads\/2024\/06\/giammarco-boscaro-eWpBNXRHfTI-unsplash.jpg?resize=525%2C300&ssl=1 1.5x, https:\/\/i0.wp.com\/kohenavocats.com\/wp-content\/uploads\/2024\/06\/giammarco-boscaro-eWpBNXRHfTI-unsplash.jpg?resize=700%2C400&ssl=1 2x, https:\/\/i0.wp.com\/kohenavocats.com\/wp-content\/uploads\/2024\/06\/giammarco-boscaro-eWpBNXRHfTI-unsplash.jpg?resize=1050%2C600&ssl=1 3x, https:\/\/i0.wp.com\/kohenavocats.com\/wp-content\/uploads\/2024\/06\/giammarco-boscaro-eWpBNXRHfTI-unsplash.jpg?resize=1400%2C800&ssl=1 4x"},"classes":[]},{"id":749982,"url":"https:\/\/kohenavocats.com\/tr\/tribunal-judiciaire-de-mulhouse-le-20-janvier-2026-n22-00172\/","url_meta":{"origin":666513,"position":2},"title":"Tribunal judiciaire de Mulhouse, le 20 janvier 2026, n\u00b022\/00172","author":"Kohen","date":"29 Nisan 2026","format":false,"excerpt":"Le Tribunal judiciaire de Mulhouse, dans un jugement du 20 janvier 2026, a statu\u00e9 sur un litige n\u00e9 de l\u2019inex\u00e9cution d\u2019un contrat de travaux d\u2019am\u00e9nagement....","rel":"","context":"&quot;D\u00e9cisions juridiques&quot; i\u00e7inde","block_context":{"text":"D\u00e9cisions juridiques","link":"https:\/\/kohenavocats.com\/category\/decisions-juridiques\/"},"img":{"alt_text":"","src":"https:\/\/i0.wp.com\/kohenavocats.com\/wp-content\/uploads\/2024\/11\/getty-images-IQwGidv9mK0-unsplash.webp?resize=350%2C200&ssl=1","width":350,"height":200,"srcset":"https:\/\/i0.wp.com\/kohenavocats.com\/wp-content\/uploads\/2024\/11\/getty-images-IQwGidv9mK0-unsplash.webp?resize=350%2C200&ssl=1 1x, https:\/\/i0.wp.com\/kohenavocats.com\/wp-content\/uploads\/2024\/11\/getty-images-IQwGidv9mK0-unsplash.webp?resize=525%2C300&ssl=1 1.5x, https:\/\/i0.wp.com\/kohenavocats.com\/wp-content\/uploads\/2024\/11\/getty-images-IQwGidv9mK0-unsplash.webp?resize=700%2C400&ssl=1 2x, https:\/\/i0.wp.com\/kohenavocats.com\/wp-content\/uploads\/2024\/11\/getty-images-IQwGidv9mK0-unsplash.webp?resize=1050%2C600&ssl=1 3x, https:\/\/i0.wp.com\/kohenavocats.com\/wp-content\/uploads\/2024\/11\/getty-images-IQwGidv9mK0-unsplash.webp?resize=1400%2C800&ssl=1 4x"},"classes":[]},{"id":770285,"url":"https:\/\/kohenavocats.com\/tr\/tribunal-judiciaire-de-lyon-le-8-janvier-2026-n24-01138\/","url_meta":{"origin":666513,"position":3},"title":"Tribunal judiciaire de Lyon, le 8 janvier 2026, n\u00b024\/01138","author":"Kohen","date":"30 Nisan 2026","format":false,"excerpt":"Le tribunal judiciaire de Lyon, dans son jugement du 8 janvier 2026, a statu\u00e9 sur un litige opposant une cliente \u00e0 une soci\u00e9t\u00e9 de plomberie. La cliente...","rel":"","context":"&quot;D\u00e9cisions juridiques&quot; i\u00e7inde","block_context":{"text":"D\u00e9cisions juridiques","link":"https:\/\/kohenavocats.com\/category\/decisions-juridiques\/"},"img":{"alt_text":"","src":"https:\/\/i0.wp.com\/kohenavocats.com\/wp-content\/uploads\/2024\/11\/planet-volumes-HQLfJrtqmKg-unsplash.webp?resize=350%2C200&ssl=1","width":350,"height":200,"srcset":"https:\/\/i0.wp.com\/kohenavocats.com\/wp-content\/uploads\/2024\/11\/planet-volumes-HQLfJrtqmKg-unsplash.webp?resize=350%2C200&ssl=1 1x, https:\/\/i0.wp.com\/kohenavocats.com\/wp-content\/uploads\/2024\/11\/planet-volumes-HQLfJrtqmKg-unsplash.webp?resize=525%2C300&ssl=1 1.5x, https:\/\/i0.wp.com\/kohenavocats.com\/wp-content\/uploads\/2024\/11\/planet-volumes-HQLfJrtqmKg-unsplash.webp?resize=700%2C400&ssl=1 2x, https:\/\/i0.wp.com\/kohenavocats.com\/wp-content\/uploads\/2024\/11\/planet-volumes-HQLfJrtqmKg-unsplash.webp?resize=1050%2C600&ssl=1 3x, https:\/\/i0.wp.com\/kohenavocats.com\/wp-content\/uploads\/2024\/11\/planet-volumes-HQLfJrtqmKg-unsplash.webp?resize=1400%2C800&ssl=1 4x"},"classes":[]},{"id":749950,"url":"https:\/\/kohenavocats.com\/tr\/tribunal-judiciaire-de-marseille-le-20-janvier-2026-n22-06550-2\/","url_meta":{"origin":666513,"position":4},"title":"Tribunal judiciaire de Marseille, le 20 janvier 2026, n\u00b022\/06550","author":"Kohen","date":"29 Nisan 2026","format":false,"excerpt":"Le tribunal judiciaire de Marseille, dans un jugement du 20 janvier 2026, a \u00e9t\u00e9 saisi par des acqu\u00e9reurs d\u2019un appartement se plaignant de malfa\u00e7ons apr\u00e8s des...","rel":"","context":"&quot;Jurisprudence&quot; i\u00e7inde","block_context":{"text":"Jurisprudence","link":"https:\/\/kohenavocats.com\/category\/jurisprudence\/"},"img":{"alt_text":"","src":"https:\/\/i0.wp.com\/kohenavocats.com\/wp-content\/uploads\/2024\/06\/tingey-injury-law-firm-yCdPU73kGSc-unsplash.jpg?resize=350%2C200&ssl=1","width":350,"height":200,"srcset":"https:\/\/i0.wp.com\/kohenavocats.com\/wp-content\/uploads\/2024\/06\/tingey-injury-law-firm-yCdPU73kGSc-unsplash.jpg?resize=350%2C200&ssl=1 1x, https:\/\/i0.wp.com\/kohenavocats.com\/wp-content\/uploads\/2024\/06\/tingey-injury-law-firm-yCdPU73kGSc-unsplash.jpg?resize=525%2C300&ssl=1 1.5x, https:\/\/i0.wp.com\/kohenavocats.com\/wp-content\/uploads\/2024\/06\/tingey-injury-law-firm-yCdPU73kGSc-unsplash.jpg?resize=700%2C400&ssl=1 2x, https:\/\/i0.wp.com\/kohenavocats.com\/wp-content\/uploads\/2024\/06\/tingey-injury-law-firm-yCdPU73kGSc-unsplash.jpg?resize=1050%2C600&ssl=1 3x, https:\/\/i0.wp.com\/kohenavocats.com\/wp-content\/uploads\/2024\/06\/tingey-injury-law-firm-yCdPU73kGSc-unsplash.jpg?resize=1400%2C800&ssl=1 4x"},"classes":[]},{"id":749946,"url":"https:\/\/kohenavocats.com\/tr\/tribunal-judiciaire-de-paris-le-20-janvier-2026-n24-06834\/","url_meta":{"origin":666513,"position":5},"title":"Tribunal judiciaire de Paris, le 20 janvier 2026, n\u00b024\/06834","author":"Kohen","date":"29 Nisan 2026","format":false,"excerpt":"Le tribunal judiciaire de Paris, dans un jugement du 20 janvier 2026, a tranch\u00e9 un litige n\u00e9 d'un march\u00e9 de construction. Le ma\u00eetre d'ouvrage avait...","rel":"","context":"&quot;D\u00e9cisions juridiques&quot; i\u00e7inde","block_context":{"text":"D\u00e9cisions juridiques","link":"https:\/\/kohenavocats.com\/category\/decisions-juridiques\/"},"img":{"alt_text":"","src":"https:\/\/i0.wp.com\/kohenavocats.com\/wp-content\/uploads\/2024\/08\/alexandre-brondino-jCxM7spcAWY-unsplash.webp?resize=350%2C200&ssl=1","width":350,"height":200,"srcset":"https:\/\/i0.wp.com\/kohenavocats.com\/wp-content\/uploads\/2024\/08\/alexandre-brondino-jCxM7spcAWY-unsplash.webp?resize=350%2C200&ssl=1 1x, https:\/\/i0.wp.com\/kohenavocats.com\/wp-content\/uploads\/2024\/08\/alexandre-brondino-jCxM7spcAWY-unsplash.webp?resize=525%2C300&ssl=1 1.5x, https:\/\/i0.wp.com\/kohenavocats.com\/wp-content\/uploads\/2024\/08\/alexandre-brondino-jCxM7spcAWY-unsplash.webp?resize=700%2C400&ssl=1 2x, https:\/\/i0.wp.com\/kohenavocats.com\/wp-content\/uploads\/2024\/08\/alexandre-brondino-jCxM7spcAWY-unsplash.webp?resize=1050%2C600&ssl=1 3x, https:\/\/i0.wp.com\/kohenavocats.com\/wp-content\/uploads\/2024\/08\/alexandre-brondino-jCxM7spcAWY-unsplash.webp?resize=1400%2C800&ssl=1 4x"},"classes":[]}],"jetpack_sharing_enabled":true,"_links":{"self":[{"href":"https:\/\/kohenavocats.com\/tr\/wp-json\/wp\/v2\/posts\/666513","targetHints":{"allow":["GET"]}}],"collection":[{"href":"https:\/\/kohenavocats.com\/tr\/wp-json\/wp\/v2\/posts"}],"about":[{"href":"https:\/\/kohenavocats.com\/tr\/wp-json\/wp\/v2\/types\/post"}],"author":[{"embeddable":true,"href":"https:\/\/kohenavocats.com\/tr\/wp-json\/wp\/v2\/users\/232070755"}],"replies":[{"embeddable":true,"href":"https:\/\/kohenavocats.com\/tr\/wp-json\/wp\/v2\/comments?post=666513"}],"version-history":[{"count":1,"href":"https:\/\/kohenavocats.com\/tr\/wp-json\/wp\/v2\/posts\/666513\/revisions"}],"predecessor-version":[{"id":696548,"href":"https:\/\/kohenavocats.com\/tr\/wp-json\/wp\/v2\/posts\/666513\/revisions\/696548"}],"wp:featuredmedia":[{"embeddable":true,"href":"https:\/\/kohenavocats.com\/tr\/wp-json\/wp\/v2\/media\/4888"}],"wp:attachment":[{"href":"https:\/\/kohenavocats.com\/tr\/wp-json\/wp\/v2\/media?parent=666513"}],"wp:term":[{"taxonomy":"category","embeddable":true,"href":"https:\/\/kohenavocats.com\/tr\/wp-json\/wp\/v2\/categories?post=666513"},{"taxonomy":"post_tag","embeddable":true,"href":"https:\/\/kohenavocats.com\/tr\/wp-json\/wp\/v2\/tags?post=666513"}],"curies":[{"name":"wp","href":"https:\/\/api.w.org\/{rel}","templated":true}]}}