{"id":667201,"date":"2026-04-24T02:59:22","date_gmt":"2026-04-24T00:59:22","guid":{"rendered":"https:\/\/kohenavocats.com\/tribunal-judiciaire-de-bordeaux-le-6-fevrier-2025-n23-08465\/"},"modified":"2026-04-26T19:39:55","modified_gmt":"2026-04-26T17:39:55","slug":"tribunal-judiciaire-de-bordeaux-le-6-fevrier-2025-n23-08465","status":"publish","type":"post","link":"https:\/\/kohenavocats.com\/tr\/tribunal-judiciaire-de-bordeaux-le-6-fevrier-2025-n23-08465\/","title":{"rendered":"Tribunal judiciaire de Bordeaux, le 6 f\u00e9vrier 2025, n\u00b023\/08465"},"content":{"rendered":"<div class=\"article-content\">\n<p>Le tribunal judiciaire de Bordeaux, le 6 f\u00e9vrier 2025, statue sur un litige n\u00e9 de l&#8217;ex\u00e9cution d\u00e9fectueuse et de l&#8217;abandon d&#8217;un chantier de r\u00e9novation. L&#8217;entreprise contractante assigne les ma\u00eetres d&#8217;ouvrage en paiement du solde de factures. Ces derniers forment une demande reconventionnelle en responsabilit\u00e9. La juridiction doit trancher sur la prescription de l&#8217;action en paiement et sur les cons\u00e9quences de l&#8217;inex\u00e9cution contractuelle. Elle d\u00e9clare l&#8217;action en paiement prescrite et condamne l&#8217;entreprise \u00e0 indemniser int\u00e9gralement les ma\u00eetres d&#8217;ouvrage.<\/p>\n<p>La prescription biennale protectrice des consommateurs<\/p>\n<p>Le point de d\u00e9part du <a href=\"https:\/\/kohenavocats.com\/avocats-en-droit-penal-a-paris-conseil-et-defense-strategique\/simulateur-prescription-penale\/\" target=\"_blank\" title=\"d\u00e9lai de prescription\">d\u00e9lai de prescription<\/a>. Le tribunal applique strictement l&#8217;article L. 218-2 du code de la consommation. Il rappelle que l&#8217;action en paiement d&#8217;un professionnel contre un consommateur se prescrit par deux ans. Le point de d\u00e9part est fix\u00e9 \u00e0 la date de l&#8217;\u00e9mission des factures litigieuses. &#8220;Le point de d\u00e9part de la prescription biennale de l\u2019action en paiement de ces factures se situe au plus tard \u00e0 la date de leur \u00e9mission&#8221; (Motifs). Cette solution consacre une interpr\u00e9tation protectrice du consommateur. Elle aligne le point de d\u00e9part sur l&#8217;exigibilit\u00e9 de la cr\u00e9ance, soit l&#8217;ach\u00e8vement des prestations. La jurisprudence ant\u00e9rieure confirme cette analyse pour les services fun\u00e9raires. &#8220;L&#8217;op\u00e9rateur de pompes fun\u00e8bres qui conclut un contrat de prestations fun\u00e9raires avec un consommateur lui fournit un service, ce dont il r\u00e9sulte que l&#8217;action en paiement qui proc\u00e8de de ce contrat est soumise \u00e0 la prescription biennale&#8221; (Cour d&#8217;appel de Rennes, le 25 septembre 2025, n\u00b023\/04930). La port\u00e9e en est le renforcement de la s\u00e9curit\u00e9 juridique des consommateurs.<\/p>\n<p>L&#8217;interruption du d\u00e9lai par la demande en justice. Le tribunal pr\u00e9cise les conditions d&#8217;interruption de la prescription. Seule une demande en justice, formelle et r\u00e9guli\u00e8re, produit cet effet interruptif. &#8220;Seule la demande en justice interrompant le d\u00e9lai de prescription par application de l\u2019article 2241 du code civil&#8221; (Motifs). En l&#8217;esp\u00e8ce, la premi\u00e8re demande intervient bien apr\u00e8s l&#8217;expiration du d\u00e9lai de deux ans. L&#8217;action est donc d\u00e9clar\u00e9e irrecevable. Cette rigueur proc\u00e9durale prot\u00e8ge le consommateur de revendications tardives. Elle oblige le cr\u00e9ancier professionnel \u00e0 une diligence certaine dans le recouvrement. La valeur de cette solution r\u00e9side dans son effet dissuasif pour les pratiques contentieuses dilatoires. Elle s\u00e9curise ainsi la situation patrimoniale du consommateur sur le long terme.<\/p>\n<p>La sanction des manquements contractuels de l&#8217;entreprise<\/p>\n<p>La qualification de l&#8217;abandon injustifi\u00e9 du chantier. Le tribunal analyse les causes de l&#8217;arr\u00eat des travaux. Il constate que l&#8217;entreprise a suspendu son activit\u00e9 pour un motif de non-paiement. Ce motif est jug\u00e9 ill\u00e9gitime au regard du faible montant des <a href=\"https:\/\/kohenavocats.fr\/elementor-60\/avocats-droit-affaires-paris\/avocat-recouvrement-creances-commerciales-paris\/\" target=\"_blank\" title=\"factures impay\u00e9es\">factures impay\u00e9es<\/a>. &#8220;L\u2019absence de paiement de la somme de 4 357,86 euros, soit 6% du montant total des travaux accept\u00e9s, ne saurait justifier la suspension des travaux&#8221; (Motifs). L&#8217;interdiction d&#8217;acc\u00e8s au chantier par les ma\u00eetres d&#8217;ouvrage fut de tr\u00e8s courte dur\u00e9e. Elle fut suivie d&#8217;une mise en demeure de reprendre l&#8217;ex\u00e9cution, rest\u00e9e sans suite. L&#8217;abandon du chantier est donc \u00e9tabli et engage la responsabilit\u00e9 contractuelle de l&#8217;entreprise. Cette appr\u00e9ciation stricte prot\u00e8ge la partie qui a ex\u00e9cut\u00e9 ses obligations substantielles. Elle rappelle que la suspension unilat\u00e9rale n&#8217;est permise que pour des manquements graves.<\/p>\n<p>La r\u00e9partition des responsabilit\u00e9s et l&#8217;\u00e9valuation des pr\u00e9judices. Le tribunal op\u00e8re une distinction fine entre les types de d\u00e9sordres constat\u00e9s par expertise. Il attribue \u00e0 l&#8217;entreprise les malfa\u00e7ons d&#8217;ex\u00e9cution et les non-conformit\u00e9s contractuelles. &#8220;Sa responsabilit\u00e9 est engag\u00e9e au titre des d\u00e9sordres relevant de malfa\u00e7ons dans l\u2019ex\u00e9cution et\/ou d\u2019une non-conformit\u00e9 aux prescriptions contractuelles&#8221; (Motifs). En revanche, les vices de conception et les d\u00e9fauts de direction du chantier incombent au ma\u00eetre d&#8217;ouvrage. Cette r\u00e9partition \u00e9quitable guide la condamnation financi\u00e8re. Le trop-per\u00e7u est int\u00e9gralement restitu\u00e9 et le co\u00fbt des reprises est support\u00e9 \u00e0 due proportion. Le pr\u00e9judice de perte de chance de louer le bien est \u00e9valu\u00e9 forfaitairement. Cette approche d\u00e9taill\u00e9e garantit une indemnisation juste et proportionn\u00e9e. Elle illustre la mise en \u0153uvre concr\u00e8te des principes g\u00e9n\u00e9raux du droit des contrats.<\/p>\n<\/div>\n","protected":false},"excerpt":{"rendered":"<p>Le tribunal judiciaire de Bordeaux, le 6 f\u00e9vrier 2025, statue sur un litige n\u00e9 de l&#8217;ex\u00e9cution d\u00e9fectueuse et de l&#8217;abandon d&#8217;un chantier de r\u00e9novation. L&#8217;entr&#8230;<\/p>\n","protected":false},"author":232070755,"featured_media":9654,"comment_status":"open","ping_status":"open","sticky":false,"template":"","format":"standard","meta":{"_crdt_document":"","_jetpack_newsletter_access":"","_jetpack_dont_email_post_to_subs":false,"_jetpack_newsletter_tier_id":0,"_jetpack_memberships_contains_paywalled_content":false,"_kj_source_type":"","_kj_official_id":"","_kj_official_url":"","_kj_judilibre_id":"","_kj_jur":"","_kj_lieu":"","_kj_chambre":"","_kj_rg":"","_kj_date":"","_jetpack_memberships_contains_paid_content":false,"footnotes":"","jetpack_post_was_ever_published":false},"categories":[7096,7597],"tags":[],"class_list":["post-667201","post","type-post","status-publish","format-standard","has-post-thumbnail","hentry","category-code-des-assurances","category-jurisprudence"],"yoast_head":"<!-- This site is optimized with the Yoast SEO Premium plugin v27.4 (Yoast SEO v27.4) - https:\/\/yoast.com\/product\/yoast-seo-premium-wordpress\/ -->\n<title>Tribunal judiciaire de Bordeaux, le 6 f\u00e9vrier 2025, n\u00b023\/08465 - Ma\u00eetre Hassan Kohen, avocat en droit p\u00e9nal \u00e0 Paris<\/title>\n<meta name=\"description\" content=\"Le tribunal judiciaire de Bordeaux, le 6 f\u00e9vrier 2025, statue sur un litige n\u00e9 de l&#039;ex\u00e9cution d\u00e9fectueuse et de l&#039;abandon d&#039;un chantier de r\u00e9novation. L&#039;entr...\" \/>\n<meta name=\"robots\" content=\"index, follow, max-snippet:-1, max-image-preview:large, max-video-preview:-1\" \/>\n<link rel=\"canonical\" href=\"https:\/\/kohenavocats.com\/tr\/tribunal-judiciaire-de-bordeaux-le-6-fevrier-2025-n23-08465\/\" \/>\n<meta property=\"og:locale\" content=\"tr_TR\" \/>\n<meta property=\"og:type\" content=\"article\" \/>\n<meta property=\"og:title\" content=\"Tribunal judiciaire de Bordeaux, le 6 f\u00e9vrier 2025, n\u00b023\/08465\" \/>\n<meta property=\"og:description\" content=\"Le tribunal judiciaire de Bordeaux, le 6 f\u00e9vrier 2025, statue sur un litige n\u00e9 de l&#039;ex\u00e9cution d\u00e9fectueuse et de l&#039;abandon d&#039;un chantier de r\u00e9novation. L&#039;entr...\" \/>\n<meta property=\"og:url\" content=\"https:\/\/kohenavocats.com\/tr\/tribunal-judiciaire-de-bordeaux-le-6-fevrier-2025-n23-08465\/\" \/>\n<meta property=\"og:site_name\" content=\"Ma\u00eetre Hassan Kohen, avocat en droit p\u00e9nal \u00e0 Paris\" \/>\n<meta property=\"article:published_time\" content=\"2026-04-24T00:59:22+00:00\" \/>\n<meta property=\"article:modified_time\" content=\"2026-04-26T17:39:55+00:00\" \/>\n<meta property=\"og:image\" content=\"https:\/\/kohenavocats.com\/wp-content\/uploads\/2024\/11\/getty-images-FR36ckXxsMM-unsplash.webp\" \/>\n\t<meta property=\"og:image:width\" content=\"4355\" \/>\n\t<meta property=\"og:image:height\" content=\"2903\" \/>\n\t<meta property=\"og:image:type\" content=\"image\/webp\" \/>\n<meta name=\"author\" content=\"Kohen\" \/>\n<meta name=\"twitter:card\" content=\"summary_large_image\" \/>\n<meta name=\"twitter:label1\" content=\"Yazan:\" \/>\n\t<meta name=\"twitter:data1\" content=\"Kohen\" \/>\n\t<meta name=\"twitter:label2\" content=\"Tahmini okuma s\u00fcresi\" \/>\n\t<meta name=\"twitter:data2\" content=\"4 dakika\" \/>\n<script type=\"application\/ld+json\" class=\"yoast-schema-graph\">{\"@context\":\"https:\\\/\\\/schema.org\",\"@graph\":[{\"@type\":\"Article\",\"@id\":\"https:\\\/\\\/kohenavocats.com\\\/tr\\\/tribunal-judiciaire-de-bordeaux-le-6-fevrier-2025-n23-08465\\\/#article\",\"isPartOf\":{\"@id\":\"https:\\\/\\\/kohenavocats.com\\\/tr\\\/tribunal-judiciaire-de-bordeaux-le-6-fevrier-2025-n23-08465\\\/\"},\"author\":{\"name\":\"Kohen\",\"@id\":\"https:\\\/\\\/kohenavocats.com\\\/tr\\\/#\\\/schema\\\/person\\\/761c9ba54fa1ca84d405cef0831ff751\"},\"headline\":\"Tribunal judiciaire de Bordeaux, le 6 f\u00e9vrier 2025, n\u00b023\\\/08465\",\"datePublished\":\"2026-04-24T00:59:22+00:00\",\"dateModified\":\"2026-04-26T17:39:55+00:00\",\"mainEntityOfPage\":{\"@id\":\"https:\\\/\\\/kohenavocats.com\\\/tr\\\/tribunal-judiciaire-de-bordeaux-le-6-fevrier-2025-n23-08465\\\/\"},\"wordCount\":756,\"commentCount\":0,\"publisher\":{\"@id\":\"https:\\\/\\\/kohenavocats.com\\\/tr\\\/#organization\"},\"image\":{\"@id\":\"https:\\\/\\\/kohenavocats.com\\\/tr\\\/tribunal-judiciaire-de-bordeaux-le-6-fevrier-2025-n23-08465\\\/#primaryimage\"},\"thumbnailUrl\":\"https:\\\/\\\/kohenavocats.com\\\/wp-content\\\/uploads\\\/2024\\\/11\\\/getty-images-FR36ckXxsMM-unsplash.webp\",\"articleSection\":[\"Code des assurances\",\"Jurisprudence\"],\"inLanguage\":\"tr\",\"potentialAction\":[{\"@type\":\"CommentAction\",\"name\":\"Comment\",\"target\":[\"https:\\\/\\\/kohenavocats.com\\\/tr\\\/tribunal-judiciaire-de-bordeaux-le-6-fevrier-2025-n23-08465\\\/#respond\"]}],\"citation\":\"Tribunal judiciaire de Bordeaux, le 6 f\u00e9vrier 2025, n\u00b023\\\/08465\",\"about\":[{\"@type\":\"Thing\",\"name\":\"Code des assurances\"},{\"@type\":\"Thing\",\"name\":\"Jurisprudence\"}],\"speakable\":{\"@type\":\"SpeakableSpecification\",\"cssSelector\":[\".article-content > p:first-of-type\"]}},{\"@type\":\"WebPage\",\"@id\":\"https:\\\/\\\/kohenavocats.com\\\/tr\\\/tribunal-judiciaire-de-bordeaux-le-6-fevrier-2025-n23-08465\\\/\",\"url\":\"https:\\\/\\\/kohenavocats.com\\\/tr\\\/tribunal-judiciaire-de-bordeaux-le-6-fevrier-2025-n23-08465\\\/\",\"name\":\"Tribunal judiciaire de Bordeaux, le 6 f\u00e9vrier 2025, n\u00b023\\\/08465 - Ma\u00eetre Hassan Kohen, avocat en droit p\u00e9nal \u00e0 Paris\",\"isPartOf\":{\"@id\":\"https:\\\/\\\/kohenavocats.com\\\/tr\\\/#website\"},\"primaryImageOfPage\":{\"@id\":\"https:\\\/\\\/kohenavocats.com\\\/tr\\\/tribunal-judiciaire-de-bordeaux-le-6-fevrier-2025-n23-08465\\\/#primaryimage\"},\"image\":{\"@id\":\"https:\\\/\\\/kohenavocats.com\\\/tr\\\/tribunal-judiciaire-de-bordeaux-le-6-fevrier-2025-n23-08465\\\/#primaryimage\"},\"thumbnailUrl\":\"https:\\\/\\\/kohenavocats.com\\\/wp-content\\\/uploads\\\/2024\\\/11\\\/getty-images-FR36ckXxsMM-unsplash.webp\",\"datePublished\":\"2026-04-24T00:59:22+00:00\",\"dateModified\":\"2026-04-26T17:39:55+00:00\",\"description\":\"Le tribunal judiciaire de Bordeaux, le 6 f\u00e9vrier 2025, statue sur un litige n\u00e9 de l'ex\u00e9cution d\u00e9fectueuse et de l'abandon d'un chantier de r\u00e9novation. L'entr...\",\"breadcrumb\":{\"@id\":\"https:\\\/\\\/kohenavocats.com\\\/tr\\\/tribunal-judiciaire-de-bordeaux-le-6-fevrier-2025-n23-08465\\\/#breadcrumb\"},\"inLanguage\":\"tr\",\"potentialAction\":[{\"@type\":\"ReadAction\",\"target\":[\"https:\\\/\\\/kohenavocats.com\\\/tr\\\/tribunal-judiciaire-de-bordeaux-le-6-fevrier-2025-n23-08465\\\/\"]}]},{\"@type\":\"ImageObject\",\"inLanguage\":\"tr\",\"@id\":\"https:\\\/\\\/kohenavocats.com\\\/tr\\\/tribunal-judiciaire-de-bordeaux-le-6-fevrier-2025-n23-08465\\\/#primaryimage\",\"url\":\"https:\\\/\\\/kohenavocats.com\\\/wp-content\\\/uploads\\\/2024\\\/11\\\/getty-images-FR36ckXxsMM-unsplash.webp\",\"contentUrl\":\"https:\\\/\\\/kohenavocats.com\\\/wp-content\\\/uploads\\\/2024\\\/11\\\/getty-images-FR36ckXxsMM-unsplash.webp\",\"width\":4355,\"height\":2903},{\"@type\":\"BreadcrumbList\",\"@id\":\"https:\\\/\\\/kohenavocats.com\\\/tr\\\/tribunal-judiciaire-de-bordeaux-le-6-fevrier-2025-n23-08465\\\/#breadcrumb\",\"itemListElement\":[{\"@type\":\"ListItem\",\"position\":1,\"name\":\"Home\",\"item\":\"https:\\\/\\\/kohenavocats.com\\\/tr\\\/avocats-en-droit-penal-a-paris-conseil-et-defense-strategique\\\/\"},{\"@type\":\"ListItem\",\"position\":2,\"name\":\"Tribunal judiciaire de Bordeaux, le 6 f\u00e9vrier 2025, n\u00b023\\\/08465\"}]},{\"@type\":\"WebSite\",\"@id\":\"https:\\\/\\\/kohenavocats.com\\\/tr\\\/#website\",\"url\":\"https:\\\/\\\/kohenavocats.com\\\/tr\\\/\",\"name\":\"Kohen Avocats\",\"description\":\"Ma\u00eetre Hassan Kohen, avocat p\u00e9naliste \u00e0 Paris, intervient exclusivement en droit p\u00e9nal pour la d\u00e9fense des particuliers, notamment en mati\u00e8re d\u2019accusations de viol. Il assure un accompagnement rigoureux d\u00e8s la garde \u00e0 vue jusqu\u2019\u00e0 la Cour d\u2019assises, veillant au strict respect des garanties proc\u00e9durales.\",\"publisher\":{\"@id\":\"https:\\\/\\\/kohenavocats.com\\\/tr\\\/#organization\"},\"potentialAction\":[{\"@type\":\"SearchAction\",\"target\":{\"@type\":\"EntryPoint\",\"urlTemplate\":\"https:\\\/\\\/kohenavocats.com\\\/tr\\\/?s={search_term_string}\"},\"query-input\":{\"@type\":\"PropertyValueSpecification\",\"valueRequired\":true,\"valueName\":\"search_term_string\"}}],\"inLanguage\":\"tr\"},{\"@type\":\"Organization\",\"@id\":\"https:\\\/\\\/kohenavocats.com\\\/tr\\\/#organization\",\"name\":\"Kohen Avocats\",\"url\":\"https:\\\/\\\/kohenavocats.com\\\/tr\\\/\",\"logo\":{\"@type\":\"ImageObject\",\"inLanguage\":\"tr\",\"@id\":\"https:\\\/\\\/kohenavocats.com\\\/tr\\\/#\\\/schema\\\/logo\\\/image\\\/\",\"url\":\"https:\\\/\\\/kohenavocats.com\\\/wp-content\\\/uploads\\\/2026\\\/01\\\/Logo-2-1.webp\",\"contentUrl\":\"https:\\\/\\\/kohenavocats.com\\\/wp-content\\\/uploads\\\/2026\\\/01\\\/Logo-2-1.webp\",\"width\":2114,\"height\":1253,\"caption\":\"Kohen Avocats\"},\"image\":{\"@id\":\"https:\\\/\\\/kohenavocats.com\\\/tr\\\/#\\\/schema\\\/logo\\\/image\\\/\"}},{\"@type\":\"Person\",\"@id\":\"https:\\\/\\\/kohenavocats.com\\\/tr\\\/#\\\/schema\\\/person\\\/761c9ba54fa1ca84d405cef0831ff751\",\"name\":\"Kohen\",\"image\":{\"@type\":\"ImageObject\",\"inLanguage\":\"tr\",\"@id\":\"https:\\\/\\\/secure.gravatar.com\\\/avatar\\\/1c5e76ef76bbbfdd2b4da984e2bf2fa4056fd51a27d25ce2c332047f1dfd6e00?s=96&d=identicon&r=g\",\"url\":\"https:\\\/\\\/secure.gravatar.com\\\/avatar\\\/1c5e76ef76bbbfdd2b4da984e2bf2fa4056fd51a27d25ce2c332047f1dfd6e00?s=96&d=identicon&r=g\",\"contentUrl\":\"https:\\\/\\\/secure.gravatar.com\\\/avatar\\\/1c5e76ef76bbbfdd2b4da984e2bf2fa4056fd51a27d25ce2c332047f1dfd6e00?s=96&d=identicon&r=g\",\"caption\":\"Kohen\"},\"sameAs\":[\"https:\\\/\\\/www.linkedin.com\\\/in\\\/hassan-kohen-448548192\\\/\",\"https:\\\/\\\/www.youtube.com\\\/@Kohen-Avocats\"],\"url\":\"https:\\\/\\\/kohenavocats.com\\\/tr\\\/author\\\/kohenmlk\\\/\"}]}<\/script>\n<!-- \/ Yoast SEO Premium plugin. -->","yoast_head_json":{"title":"Tribunal judiciaire de Bordeaux, le 6 f\u00e9vrier 2025, n\u00b023\/08465 - Ma\u00eetre Hassan Kohen, avocat en droit p\u00e9nal \u00e0 Paris","description":"Le tribunal judiciaire de Bordeaux, le 6 f\u00e9vrier 2025, statue sur un litige n\u00e9 de l'ex\u00e9cution d\u00e9fectueuse et de l'abandon d'un chantier de r\u00e9novation. L'entr...","robots":{"index":"index","follow":"follow","max-snippet":"max-snippet:-1","max-image-preview":"max-image-preview:large","max-video-preview":"max-video-preview:-1"},"canonical":"https:\/\/kohenavocats.com\/tr\/tribunal-judiciaire-de-bordeaux-le-6-fevrier-2025-n23-08465\/","og_locale":"tr_TR","og_type":"article","og_title":"Tribunal judiciaire de Bordeaux, le 6 f\u00e9vrier 2025, n\u00b023\/08465","og_description":"Le tribunal judiciaire de Bordeaux, le 6 f\u00e9vrier 2025, statue sur un litige n\u00e9 de l'ex\u00e9cution d\u00e9fectueuse et de l'abandon d'un chantier de r\u00e9novation. L'entr...","og_url":"https:\/\/kohenavocats.com\/tr\/tribunal-judiciaire-de-bordeaux-le-6-fevrier-2025-n23-08465\/","og_site_name":"Ma\u00eetre Hassan Kohen, avocat en droit p\u00e9nal \u00e0 Paris","article_published_time":"2026-04-24T00:59:22+00:00","article_modified_time":"2026-04-26T17:39:55+00:00","og_image":[{"width":4355,"height":2903,"url":"https:\/\/kohenavocats.com\/wp-content\/uploads\/2024\/11\/getty-images-FR36ckXxsMM-unsplash.webp","type":"image\/webp"}],"author":"Kohen","twitter_card":"summary_large_image","twitter_misc":{"Yazan:":"Kohen","Tahmini okuma s\u00fcresi":"4 dakika"},"schema":{"@context":"https:\/\/schema.org","@graph":[{"@type":"Article","@id":"https:\/\/kohenavocats.com\/tr\/tribunal-judiciaire-de-bordeaux-le-6-fevrier-2025-n23-08465\/#article","isPartOf":{"@id":"https:\/\/kohenavocats.com\/tr\/tribunal-judiciaire-de-bordeaux-le-6-fevrier-2025-n23-08465\/"},"author":{"name":"Kohen","@id":"https:\/\/kohenavocats.com\/tr\/#\/schema\/person\/761c9ba54fa1ca84d405cef0831ff751"},"headline":"Tribunal judiciaire de Bordeaux, le 6 f\u00e9vrier 2025, n\u00b023\/08465","datePublished":"2026-04-24T00:59:22+00:00","dateModified":"2026-04-26T17:39:55+00:00","mainEntityOfPage":{"@id":"https:\/\/kohenavocats.com\/tr\/tribunal-judiciaire-de-bordeaux-le-6-fevrier-2025-n23-08465\/"},"wordCount":756,"commentCount":0,"publisher":{"@id":"https:\/\/kohenavocats.com\/tr\/#organization"},"image":{"@id":"https:\/\/kohenavocats.com\/tr\/tribunal-judiciaire-de-bordeaux-le-6-fevrier-2025-n23-08465\/#primaryimage"},"thumbnailUrl":"https:\/\/kohenavocats.com\/wp-content\/uploads\/2024\/11\/getty-images-FR36ckXxsMM-unsplash.webp","articleSection":["Code des assurances","Jurisprudence"],"inLanguage":"tr","potentialAction":[{"@type":"CommentAction","name":"Comment","target":["https:\/\/kohenavocats.com\/tr\/tribunal-judiciaire-de-bordeaux-le-6-fevrier-2025-n23-08465\/#respond"]}],"citation":"Tribunal judiciaire de Bordeaux, le 6 f\u00e9vrier 2025, n\u00b023\/08465","about":[{"@type":"Thing","name":"Code des assurances"},{"@type":"Thing","name":"Jurisprudence"}],"speakable":{"@type":"SpeakableSpecification","cssSelector":[".article-content > p:first-of-type"]}},{"@type":"WebPage","@id":"https:\/\/kohenavocats.com\/tr\/tribunal-judiciaire-de-bordeaux-le-6-fevrier-2025-n23-08465\/","url":"https:\/\/kohenavocats.com\/tr\/tribunal-judiciaire-de-bordeaux-le-6-fevrier-2025-n23-08465\/","name":"Tribunal judiciaire de Bordeaux, le 6 f\u00e9vrier 2025, n\u00b023\/08465 - Ma\u00eetre Hassan Kohen, avocat en droit p\u00e9nal \u00e0 Paris","isPartOf":{"@id":"https:\/\/kohenavocats.com\/tr\/#website"},"primaryImageOfPage":{"@id":"https:\/\/kohenavocats.com\/tr\/tribunal-judiciaire-de-bordeaux-le-6-fevrier-2025-n23-08465\/#primaryimage"},"image":{"@id":"https:\/\/kohenavocats.com\/tr\/tribunal-judiciaire-de-bordeaux-le-6-fevrier-2025-n23-08465\/#primaryimage"},"thumbnailUrl":"https:\/\/kohenavocats.com\/wp-content\/uploads\/2024\/11\/getty-images-FR36ckXxsMM-unsplash.webp","datePublished":"2026-04-24T00:59:22+00:00","dateModified":"2026-04-26T17:39:55+00:00","description":"Le tribunal judiciaire de Bordeaux, le 6 f\u00e9vrier 2025, statue sur un litige n\u00e9 de l'ex\u00e9cution d\u00e9fectueuse et de l'abandon d'un chantier de r\u00e9novation. L'entr...","breadcrumb":{"@id":"https:\/\/kohenavocats.com\/tr\/tribunal-judiciaire-de-bordeaux-le-6-fevrier-2025-n23-08465\/#breadcrumb"},"inLanguage":"tr","potentialAction":[{"@type":"ReadAction","target":["https:\/\/kohenavocats.com\/tr\/tribunal-judiciaire-de-bordeaux-le-6-fevrier-2025-n23-08465\/"]}]},{"@type":"ImageObject","inLanguage":"tr","@id":"https:\/\/kohenavocats.com\/tr\/tribunal-judiciaire-de-bordeaux-le-6-fevrier-2025-n23-08465\/#primaryimage","url":"https:\/\/kohenavocats.com\/wp-content\/uploads\/2024\/11\/getty-images-FR36ckXxsMM-unsplash.webp","contentUrl":"https:\/\/kohenavocats.com\/wp-content\/uploads\/2024\/11\/getty-images-FR36ckXxsMM-unsplash.webp","width":4355,"height":2903},{"@type":"BreadcrumbList","@id":"https:\/\/kohenavocats.com\/tr\/tribunal-judiciaire-de-bordeaux-le-6-fevrier-2025-n23-08465\/#breadcrumb","itemListElement":[{"@type":"ListItem","position":1,"name":"Home","item":"https:\/\/kohenavocats.com\/tr\/avocats-en-droit-penal-a-paris-conseil-et-defense-strategique\/"},{"@type":"ListItem","position":2,"name":"Tribunal judiciaire de Bordeaux, le 6 f\u00e9vrier 2025, n\u00b023\/08465"}]},{"@type":"WebSite","@id":"https:\/\/kohenavocats.com\/tr\/#website","url":"https:\/\/kohenavocats.com\/tr\/","name":"Kohen Avocats","description":"Ma\u00eetre Hassan Kohen, avocat p\u00e9naliste \u00e0 Paris, intervient exclusivement en droit p\u00e9nal pour la d\u00e9fense des particuliers, notamment en mati\u00e8re d\u2019accusations de viol. Il assure un accompagnement rigoureux d\u00e8s la garde \u00e0 vue jusqu\u2019\u00e0 la Cour d\u2019assises, veillant au strict respect des garanties proc\u00e9durales.","publisher":{"@id":"https:\/\/kohenavocats.com\/tr\/#organization"},"potentialAction":[{"@type":"SearchAction","target":{"@type":"EntryPoint","urlTemplate":"https:\/\/kohenavocats.com\/tr\/?s={search_term_string}"},"query-input":{"@type":"PropertyValueSpecification","valueRequired":true,"valueName":"search_term_string"}}],"inLanguage":"tr"},{"@type":"Organization","@id":"https:\/\/kohenavocats.com\/tr\/#organization","name":"Kohen Avocats","url":"https:\/\/kohenavocats.com\/tr\/","logo":{"@type":"ImageObject","inLanguage":"tr","@id":"https:\/\/kohenavocats.com\/tr\/#\/schema\/logo\/image\/","url":"https:\/\/kohenavocats.com\/wp-content\/uploads\/2026\/01\/Logo-2-1.webp","contentUrl":"https:\/\/kohenavocats.com\/wp-content\/uploads\/2026\/01\/Logo-2-1.webp","width":2114,"height":1253,"caption":"Kohen Avocats"},"image":{"@id":"https:\/\/kohenavocats.com\/tr\/#\/schema\/logo\/image\/"}},{"@type":"Person","@id":"https:\/\/kohenavocats.com\/tr\/#\/schema\/person\/761c9ba54fa1ca84d405cef0831ff751","name":"Kohen","image":{"@type":"ImageObject","inLanguage":"tr","@id":"https:\/\/secure.gravatar.com\/avatar\/1c5e76ef76bbbfdd2b4da984e2bf2fa4056fd51a27d25ce2c332047f1dfd6e00?s=96&d=identicon&r=g","url":"https:\/\/secure.gravatar.com\/avatar\/1c5e76ef76bbbfdd2b4da984e2bf2fa4056fd51a27d25ce2c332047f1dfd6e00?s=96&d=identicon&r=g","contentUrl":"https:\/\/secure.gravatar.com\/avatar\/1c5e76ef76bbbfdd2b4da984e2bf2fa4056fd51a27d25ce2c332047f1dfd6e00?s=96&d=identicon&r=g","caption":"Kohen"},"sameAs":["https:\/\/www.linkedin.com\/in\/hassan-kohen-448548192\/","https:\/\/www.youtube.com\/@Kohen-Avocats"],"url":"https:\/\/kohenavocats.com\/tr\/author\/kohenmlk\/"}]}},"jetpack_featured_media_url":"https:\/\/kohenavocats.com\/wp-content\/uploads\/2024\/11\/getty-images-FR36ckXxsMM-unsplash.webp","jetpack_likes_enabled":false,"jetpack_shortlink":"https:\/\/wp.me\/peCrII-2Nzj","jetpack-related-posts":[{"id":467597,"url":"https:\/\/kohenavocats.com\/tr\/caa-caa-de-bordeaux-29-04-2025-n-23bx02394\/","url_meta":{"origin":667201,"position":0},"title":"CAA \u2013 CAA de BORDEAUX \u2013 29\/04\/2025 \u2013 n\u00b0 23BX02394","author":"Kohen","date":"7 Nisan 2026","format":false,"excerpt":"L'arr\u00eat rendu par la Cour administrative d'appel de Bordeaux le 29 avril 2025 pr\u00e9cise le r\u00e9gime des r\u00e9clamations p\u00e9cuniaires dans les march\u00e9s publics de...","rel":"","context":"&quot;Juridictions administratives&quot; i\u00e7inde","block_context":{"text":"Juridictions administratives","link":"https:\/\/kohenavocats.com\/category\/juridictions-administratives\/"},"img":{"alt_text":"","src":"https:\/\/i0.wp.com\/kohenavocats.com\/wp-content\/uploads\/2024\/11\/george-dagerotip-kFQshsmdP-M-unsplash.webp?resize=350%2C200&ssl=1","width":350,"height":200,"srcset":"https:\/\/i0.wp.com\/kohenavocats.com\/wp-content\/uploads\/2024\/11\/george-dagerotip-kFQshsmdP-M-unsplash.webp?resize=350%2C200&ssl=1 1x, https:\/\/i0.wp.com\/kohenavocats.com\/wp-content\/uploads\/2024\/11\/george-dagerotip-kFQshsmdP-M-unsplash.webp?resize=525%2C300&ssl=1 1.5x, https:\/\/i0.wp.com\/kohenavocats.com\/wp-content\/uploads\/2024\/11\/george-dagerotip-kFQshsmdP-M-unsplash.webp?resize=700%2C400&ssl=1 2x, https:\/\/i0.wp.com\/kohenavocats.com\/wp-content\/uploads\/2024\/11\/george-dagerotip-kFQshsmdP-M-unsplash.webp?resize=1050%2C600&ssl=1 3x, https:\/\/i0.wp.com\/kohenavocats.com\/wp-content\/uploads\/2024\/11\/george-dagerotip-kFQshsmdP-M-unsplash.webp?resize=1400%2C800&ssl=1 4x"},"classes":[]},{"id":223658,"url":"https:\/\/kohenavocats.com\/tr\/cour-dappel-de-orleans-le-2-juillet-2025-n24-02322\/","url_meta":{"origin":667201,"position":1},"title":"Cour d&#8217;appel de Orl\u00e9ans, le 2 juillet 2025, n\u00b024\/02322","author":"Kohen","date":"25 Aral\u0131k 2025","format":false,"excerpt":"La d\u00e9cision a \u00e9t\u00e9 fournie directement dans la requ\u00eate. Je proc\u00e8de \u00e0 la r\u00e9daction du commentaire d'arr\u00eat.---La prescription biennale applicable aux cr\u00e9ances des professionnels contre les consommateurs constitue un m\u00e9canisme protecteur dont le point de d\u00e9part suscite des difficult\u00e9s r\u00e9currentes en mati\u00e8re de travaux de construction. La cour d'appel d'Orl\u00e9ans,\u2026","rel":"","context":"&quot;Cour d'appel&quot; i\u00e7inde","block_context":{"text":"Cour d'appel","link":"https:\/\/kohenavocats.com\/category\/cour-dappel\/"},"img":{"alt_text":"","src":"https:\/\/i0.wp.com\/kohenavocats.com\/wp-content\/uploads\/2024\/07\/valdemaras-d-7VPFyhB_j8Y-unsplash.webp?resize=350%2C200&ssl=1","width":350,"height":200,"srcset":"https:\/\/i0.wp.com\/kohenavocats.com\/wp-content\/uploads\/2024\/07\/valdemaras-d-7VPFyhB_j8Y-unsplash.webp?resize=350%2C200&ssl=1 1x, https:\/\/i0.wp.com\/kohenavocats.com\/wp-content\/uploads\/2024\/07\/valdemaras-d-7VPFyhB_j8Y-unsplash.webp?resize=525%2C300&ssl=1 1.5x, https:\/\/i0.wp.com\/kohenavocats.com\/wp-content\/uploads\/2024\/07\/valdemaras-d-7VPFyhB_j8Y-unsplash.webp?resize=700%2C400&ssl=1 2x, https:\/\/i0.wp.com\/kohenavocats.com\/wp-content\/uploads\/2024\/07\/valdemaras-d-7VPFyhB_j8Y-unsplash.webp?resize=1050%2C600&ssl=1 3x, https:\/\/i0.wp.com\/kohenavocats.com\/wp-content\/uploads\/2024\/07\/valdemaras-d-7VPFyhB_j8Y-unsplash.webp?resize=1400%2C800&ssl=1 4x"},"classes":[]},{"id":486388,"url":"https:\/\/kohenavocats.com\/tr\/tribunal-judiciaire-le-28-novembre-2025-n21-03295\/","url_meta":{"origin":667201,"position":2},"title":"Tribunal judiciaire, le 28 novembre 2025, n\u00b021\/03295","author":"Kohen","date":"8 Nisan 2026","format":false,"excerpt":"Le tribunal judiciaire, statuant le 28 novembre 2025, a examin\u00e9 un litige n\u00e9 de travaux de r\u00e9novation d'une salle de bain. Les ma\u00eetres de l'ouvrage demandaie...","rel":"","context":"&quot;Jurisprudence&quot; i\u00e7inde","block_context":{"text":"Jurisprudence","link":"https:\/\/kohenavocats.com\/category\/jurisprudence\/"},"img":{"alt_text":"","src":"https:\/\/i0.wp.com\/kohenavocats.com\/wp-content\/uploads\/2024\/08\/anthony-delanoix-fVm02RclkKc-unsplash.webp?resize=350%2C200&ssl=1","width":350,"height":200,"srcset":"https:\/\/i0.wp.com\/kohenavocats.com\/wp-content\/uploads\/2024\/08\/anthony-delanoix-fVm02RclkKc-unsplash.webp?resize=350%2C200&ssl=1 1x, https:\/\/i0.wp.com\/kohenavocats.com\/wp-content\/uploads\/2024\/08\/anthony-delanoix-fVm02RclkKc-unsplash.webp?resize=525%2C300&ssl=1 1.5x, https:\/\/i0.wp.com\/kohenavocats.com\/wp-content\/uploads\/2024\/08\/anthony-delanoix-fVm02RclkKc-unsplash.webp?resize=700%2C400&ssl=1 2x, https:\/\/i0.wp.com\/kohenavocats.com\/wp-content\/uploads\/2024\/08\/anthony-delanoix-fVm02RclkKc-unsplash.webp?resize=1050%2C600&ssl=1 3x, https:\/\/i0.wp.com\/kohenavocats.com\/wp-content\/uploads\/2024\/08\/anthony-delanoix-fVm02RclkKc-unsplash.webp?resize=1400%2C800&ssl=1 4x"},"classes":[]},{"id":237369,"url":"https:\/\/kohenavocats.com\/tr\/cour-dappel-de-besancon-le-5-aout-2025-n24-00911\/","url_meta":{"origin":667201,"position":3},"title":"Cour d&#8217;appel de Besan\u00e7on, le 5 ao\u00fbt 2025, n\u00b024\/00911","author":"Kohen","date":"30 Aral\u0131k 2025","format":false,"excerpt":"Le contentieux relatif au paiement du solde de prix de travaux r\u00e9alis\u00e9s par un professionnel au domicile de particuliers soul\u00e8ve des questions proc\u00e9durales d\u00e9licates, notamment lorsque le chantier n'a jamais \u00e9t\u00e9 formellement r\u00e9ceptionn\u00e9.La cour d'appel de Besan\u00e7on, par un arr\u00eat du 5 ao\u00fbt 2025, a \u00e9t\u00e9 saisie du litige opposant\u2026","rel":"","context":"&quot;Cour d'appel&quot; i\u00e7inde","block_context":{"text":"Cour d'appel","link":"https:\/\/kohenavocats.com\/category\/cour-dappel\/"},"img":{"alt_text":"","src":"https:\/\/i0.wp.com\/kohenavocats.com\/wp-content\/uploads\/2024\/08\/sara-darcaj-YzamNB_T4WQ-unsplash.webp?resize=350%2C200&ssl=1","width":350,"height":200,"srcset":"https:\/\/i0.wp.com\/kohenavocats.com\/wp-content\/uploads\/2024\/08\/sara-darcaj-YzamNB_T4WQ-unsplash.webp?resize=350%2C200&ssl=1 1x, https:\/\/i0.wp.com\/kohenavocats.com\/wp-content\/uploads\/2024\/08\/sara-darcaj-YzamNB_T4WQ-unsplash.webp?resize=525%2C300&ssl=1 1.5x, https:\/\/i0.wp.com\/kohenavocats.com\/wp-content\/uploads\/2024\/08\/sara-darcaj-YzamNB_T4WQ-unsplash.webp?resize=700%2C400&ssl=1 2x, https:\/\/i0.wp.com\/kohenavocats.com\/wp-content\/uploads\/2024\/08\/sara-darcaj-YzamNB_T4WQ-unsplash.webp?resize=1050%2C600&ssl=1 3x, https:\/\/i0.wp.com\/kohenavocats.com\/wp-content\/uploads\/2024\/08\/sara-darcaj-YzamNB_T4WQ-unsplash.webp?resize=1400%2C800&ssl=1 4x"},"classes":[]},{"id":290036,"url":"https:\/\/kohenavocats.com\/tr\/tribunal-judiciaire-de-bordeaux-le-25-juin-2025-n23-09353\/","url_meta":{"origin":667201,"position":4},"title":"Tribunal judiciaire de Bordeaux, le 25 juin 2025, n\u00b023\/09353","author":"Kohen","date":"18 Ocak 2026","format":false,"excerpt":"Tribunal judiciaire de Bordeaux, 25 juin 2025, 7e chambre civile, RG 23\/09353. Des travaux de peinture ont \u00e9t\u00e9 confi\u00e9s en 2019 pour un prix forfaitaire. Une r\u00e9ception avec r\u00e9serves est intervenue le 23 avril 2020, tandis qu\u2019une expertise judiciaire a \u00e9t\u00e9 ordonn\u00e9e en r\u00e9f\u00e9r\u00e9 en 2021 et d\u00e9pos\u00e9e en 2023.\u2026","rel":"","context":"&quot;D\u00e9cisions juridiques&quot; i\u00e7inde","block_context":{"text":"D\u00e9cisions juridiques","link":"https:\/\/kohenavocats.com\/category\/decisions-juridiques\/"},"img":{"alt_text":"","src":"https:\/\/i0.wp.com\/kohenavocats.com\/wp-content\/uploads\/2024\/11\/allison-saeng-Hpw4nI_QUWQ-unsplash.webp?resize=350%2C200&ssl=1","width":350,"height":200,"srcset":"https:\/\/i0.wp.com\/kohenavocats.com\/wp-content\/uploads\/2024\/11\/allison-saeng-Hpw4nI_QUWQ-unsplash.webp?resize=350%2C200&ssl=1 1x, https:\/\/i0.wp.com\/kohenavocats.com\/wp-content\/uploads\/2024\/11\/allison-saeng-Hpw4nI_QUWQ-unsplash.webp?resize=525%2C300&ssl=1 1.5x, https:\/\/i0.wp.com\/kohenavocats.com\/wp-content\/uploads\/2024\/11\/allison-saeng-Hpw4nI_QUWQ-unsplash.webp?resize=700%2C400&ssl=1 2x, https:\/\/i0.wp.com\/kohenavocats.com\/wp-content\/uploads\/2024\/11\/allison-saeng-Hpw4nI_QUWQ-unsplash.webp?resize=1050%2C600&ssl=1 3x, https:\/\/i0.wp.com\/kohenavocats.com\/wp-content\/uploads\/2024\/11\/allison-saeng-Hpw4nI_QUWQ-unsplash.webp?resize=1400%2C800&ssl=1 4x"},"classes":[]},{"id":237200,"url":"https:\/\/kohenavocats.com\/tr\/tribunal-judiciaire-de-bourgoin-jallieu-le-19-juin-2025-n23-00064\/","url_meta":{"origin":667201,"position":5},"title":"Tribunal judiciaire de Bourgoin-Jallieu, le 19 juin 2025, n\u00b023\/00064","author":"Kohen","date":"30 Aral\u0131k 2025","format":false,"excerpt":"L'article L. 218-2 du code de la consommation dispose que \u00ab l'action des professionnels, pour les biens ou les services qu'ils fournissent aux consommateurs, se prescrit par deux ans \u00bb. Ce texte, issu de la transposition de la directive 2011\/83\/UE, constitue une protection essentielle des consommateurs contre les actions tardives\u2026","rel":"","context":"&quot;D\u00e9cisions juridiques&quot; i\u00e7inde","block_context":{"text":"D\u00e9cisions juridiques","link":"https:\/\/kohenavocats.com\/category\/decisions-juridiques\/"},"img":{"alt_text":"","src":"https:\/\/i0.wp.com\/kohenavocats.com\/wp-content\/uploads\/2024\/11\/planet-volumes-2RKetzja9-4-unsplash.webp?resize=350%2C200&ssl=1","width":350,"height":200,"srcset":"https:\/\/i0.wp.com\/kohenavocats.com\/wp-content\/uploads\/2024\/11\/planet-volumes-2RKetzja9-4-unsplash.webp?resize=350%2C200&ssl=1 1x, https:\/\/i0.wp.com\/kohenavocats.com\/wp-content\/uploads\/2024\/11\/planet-volumes-2RKetzja9-4-unsplash.webp?resize=525%2C300&ssl=1 1.5x, https:\/\/i0.wp.com\/kohenavocats.com\/wp-content\/uploads\/2024\/11\/planet-volumes-2RKetzja9-4-unsplash.webp?resize=700%2C400&ssl=1 2x, https:\/\/i0.wp.com\/kohenavocats.com\/wp-content\/uploads\/2024\/11\/planet-volumes-2RKetzja9-4-unsplash.webp?resize=1050%2C600&ssl=1 3x, https:\/\/i0.wp.com\/kohenavocats.com\/wp-content\/uploads\/2024\/11\/planet-volumes-2RKetzja9-4-unsplash.webp?resize=1400%2C800&ssl=1 4x"},"classes":[]}],"jetpack_sharing_enabled":true,"_links":{"self":[{"href":"https:\/\/kohenavocats.com\/tr\/wp-json\/wp\/v2\/posts\/667201","targetHints":{"allow":["GET"]}}],"collection":[{"href":"https:\/\/kohenavocats.com\/tr\/wp-json\/wp\/v2\/posts"}],"about":[{"href":"https:\/\/kohenavocats.com\/tr\/wp-json\/wp\/v2\/types\/post"}],"author":[{"embeddable":true,"href":"https:\/\/kohenavocats.com\/tr\/wp-json\/wp\/v2\/users\/232070755"}],"replies":[{"embeddable":true,"href":"https:\/\/kohenavocats.com\/tr\/wp-json\/wp\/v2\/comments?post=667201"}],"version-history":[{"count":1,"href":"https:\/\/kohenavocats.com\/tr\/wp-json\/wp\/v2\/posts\/667201\/revisions"}],"predecessor-version":[{"id":696751,"href":"https:\/\/kohenavocats.com\/tr\/wp-json\/wp\/v2\/posts\/667201\/revisions\/696751"}],"wp:featuredmedia":[{"embeddable":true,"href":"https:\/\/kohenavocats.com\/tr\/wp-json\/wp\/v2\/media\/9654"}],"wp:attachment":[{"href":"https:\/\/kohenavocats.com\/tr\/wp-json\/wp\/v2\/media?parent=667201"}],"wp:term":[{"taxonomy":"category","embeddable":true,"href":"https:\/\/kohenavocats.com\/tr\/wp-json\/wp\/v2\/categories?post=667201"},{"taxonomy":"post_tag","embeddable":true,"href":"https:\/\/kohenavocats.com\/tr\/wp-json\/wp\/v2\/tags?post=667201"}],"curies":[{"name":"wp","href":"https:\/\/api.w.org\/{rel}","templated":true}]}}