{"id":667206,"date":"2026-04-24T03:00:20","date_gmt":"2026-04-24T01:00:20","guid":{"rendered":"https:\/\/kohenavocats.com\/tribunal-judiciaire-de-pau-le-20-octobre-2025-n24-02220\/"},"modified":"2026-04-24T03:00:20","modified_gmt":"2026-04-24T01:00:20","slug":"tribunal-judiciaire-de-pau-le-20-octobre-2025-n24-02220","status":"publish","type":"post","link":"https:\/\/kohenavocats.com\/tr\/tribunal-judiciaire-de-pau-le-20-octobre-2025-n24-02220\/","title":{"rendered":"Tribunal judiciaire de Pau, le 20 octobre 2025, n\u00b024\/02220"},"content":{"rendered":"<div class=\"article-content\">\n<p>Le tribunal judiciaire, statuant par jugement r\u00e9put\u00e9 contradictoire le 20 octobre 2025, a \u00e9t\u00e9 saisi d\u2019un litige cons\u00e9cutif \u00e0 la destruction d\u2019une fosse septique. La propri\u00e9taire et son assureur ont engag\u00e9 la responsabilit\u00e9 d\u2019une soci\u00e9t\u00e9 de livraison dont le v\u00e9hicule aurait caus\u00e9 le dommage. La juridiction a retenu la responsabilit\u00e9 du commettant pour le fait de son pr\u00e9pos\u00e9 et a accord\u00e9 une indemnisation int\u00e9grale. Elle a \u00e9galement condamn\u00e9 la soci\u00e9t\u00e9 pour r\u00e9sistance abusive, offrant une illustration compl\u00e8te des m\u00e9canismes de la r\u00e9paration du pr\u00e9judice.<\/p>\n<p>La caract\u00e9risation de la responsabilit\u00e9 du fait d\u2019autrui<br \/>\nL\u2019\u00e9tablissement du fait g\u00e9n\u00e9rateur par la preuve<br \/>\nLa d\u00e9cision s\u2019appuie sur une preuve mat\u00e9rielle concordante pour \u00e9tablir le lien de causalit\u00e9. Les pi\u00e8ces vers\u00e9es aux d\u00e9bats, notamment le rapport d\u2019expertise, d\u00e9montrent l\u2019origine du dommage. L\u2019expert a pu constater \u00ab des dommages sur la partie sup\u00e9rieure de la fosse septique avec une cassure au niveau de la trappe de visite \u00bb. Cette observation technique objective, non contredite, permet de rattacher les d\u00e9sordres au passage du v\u00e9hicule de la soci\u00e9t\u00e9 d\u00e9fenderesse. La juridiction applique ainsi strictement les r\u00e8gles de la charge de la preuve pos\u00e9es par les articles 1353 et 9 du code de proc\u00e9dure civile.<\/p>\n<p>L\u2019imputation de la faute au commettant par le lien de pr\u00e9position<br \/>\nLe jugement retient la responsabilit\u00e9 de la soci\u00e9t\u00e9 en sa qualit\u00e9 de commettant. Il rel\u00e8ve que les man\u0153uvres dommageables ont \u00e9t\u00e9 effectu\u00e9es par un de ses pr\u00e9pos\u00e9s lors de la livraison. La d\u00e9faillance de la soci\u00e9t\u00e9 \u00e0 l\u2019instance permet de consid\u00e9rer ce point comme acquis. La solution applique directement le premier alin\u00e9a de l\u2019article 1242 du code civil. Elle rappelle que la responsabilit\u00e9 du fait d\u2019autrui s\u2019\u00e9tend aux dommages caus\u00e9s par les personnes dont on doit r\u00e9pondre, fondant ainsi une obligation de r\u00e9paration sur la seule d\u00e9monstration du lien de pr\u00e9position.<\/p>\n<p>La mise en \u0153uvre du principe de r\u00e9paration int\u00e9grale<br \/>\nLa r\u00e9paration du pr\u00e9judice mat\u00e9riel direct<br \/>\nLe jugement proc\u00e8de \u00e0 une \u00e9valuation concr\u00e8te du pr\u00e9judice pour appliquer le principe de r\u00e9paration int\u00e9grale. Il se fonde sur la facture des travaux de remise en \u00e9tat, chiffr\u00e9e \u00e0 15.895,88 euros, pour fixer le montant d\u00fb. Aucun \u00e9l\u00e9ment ne venant contredire ce devis, la juridiction l\u2019accepte comme mesure l\u00e9gitime du pr\u00e9judice. Cette approche vise \u00e0 replacer la victime dans la situation ant\u00e9rieure au dommage. Elle rejoint la solution selon laquelle \u00ab la r\u00e9paration int\u00e9grale d\u2019un dommage caus\u00e9 \u00e0 une chose n\u2019est assur\u00e9e que par le remboursement des frais de remise en \u00e9tat \u00bb (Tribunal judiciaire, le 20 octobre 2025, n\u00b022\/05372).<\/p>\n<p>La sanction des comportements proc\u00e9duraux abusifs<br \/>\nAu-del\u00e0 du pr\u00e9judice mat\u00e9riel, la d\u00e9cision indemnise les cons\u00e9quences d\u2019une r\u00e9sistance abusive. Elle retient que la soci\u00e9t\u00e9, parfaitement inform\u00e9e, n\u2019a donn\u00e9 suite \u00e0 aucune relance, contraignant la victime \u00e0 agir en justice. Ce comportement caract\u00e9rise une faute au sens de l\u2019article 1240 du code civil. La condamnation \u00e0 des dommages-int\u00e9r\u00eats distincts et \u00e0 une somme au titre de l\u2019article 700 du code de proc\u00e9dure civile sanctionne cette entrave \u00e0 l\u2019ex\u00e9cution paisible des obligations. Elle prot\u00e8ge ainsi l\u2019acc\u00e8s effectif \u00e0 la justice et dissuade les strat\u00e9gies dilatoires.<\/p>\n<\/div>\n","protected":false},"excerpt":{"rendered":"<p>Le tribunal judiciaire, statuant par jugement r\u00e9put\u00e9 contradictoire le 20 octobre 2025, a \u00e9t\u00e9 saisi d\u2019un litige cons\u00e9cutif \u00e0 la destruction d\u2019une fosse septi&#8230;<\/p>\n","protected":false},"author":232070755,"featured_media":4865,"comment_status":"open","ping_status":"open","sticky":false,"template":"","format":"standard","meta":{"_crdt_document":"","_jetpack_newsletter_access":"","_jetpack_dont_email_post_to_subs":false,"_jetpack_newsletter_tier_id":0,"_jetpack_memberships_contains_paywalled_content":false,"_kj_source_type":"judilibre","_kj_official_id":"68d6e0d3d22713eb88c8195c","_kj_official_url":"https:\/\/www.courdecassation.fr\/decision\/68d6e0d3d22713eb88c8195c","_kj_judilibre_id":"68d6e0d3d22713eb88c8195c","_kj_jur":"Tribunal judiciaire","_kj_lieu":"Tribunal judiciaire de Pau","_kj_chambre":"Chambre 1","_kj_rg":"24\/02220","_kj_date":"2025-09-23","_jetpack_memberships_contains_paid_content":false,"footnotes":"","jetpack_post_was_ever_published":false},"categories":[7597],"tags":[],"class_list":["post-667206","post","type-post","status-publish","format-standard","has-post-thumbnail","hentry","category-jurisprudence"],"yoast_head":"<!-- This site is optimized with the Yoast SEO Premium plugin v27.5 (Yoast SEO v27.5) - https:\/\/yoast.com\/product\/yoast-seo-premium-wordpress\/ -->\n<title>Tribunal judiciaire de Pau, le 20 octobre 2025, n\u00b024\/02220 - Ma\u00eetre Hassan Kohen, avocat en droit p\u00e9nal \u00e0 Paris<\/title>\n<meta name=\"description\" content=\"Le tribunal judiciaire, statuant par jugement r\u00e9put\u00e9 contradictoire le 20 octobre 2025, a \u00e9t\u00e9 saisi d\u2019un litige cons\u00e9cutif \u00e0 la destruction d\u2019une fosse septi...\" \/>\n<meta name=\"robots\" content=\"index, follow, max-snippet:-1, max-image-preview:large, max-video-preview:-1\" \/>\n<link rel=\"canonical\" href=\"https:\/\/kohenavocats.com\/tr\/tribunal-judiciaire-de-pau-le-20-octobre-2025-n24-02220\/\" \/>\n<meta property=\"og:locale\" content=\"tr_TR\" \/>\n<meta property=\"og:type\" content=\"article\" \/>\n<meta property=\"og:title\" content=\"Tribunal judiciaire de Pau, le 20 octobre 2025, n\u00b024\/02220\" \/>\n<meta property=\"og:description\" content=\"Le tribunal judiciaire, statuant par jugement r\u00e9put\u00e9 contradictoire le 20 octobre 2025, a \u00e9t\u00e9 saisi d\u2019un litige cons\u00e9cutif \u00e0 la destruction d\u2019une fosse septi...\" \/>\n<meta property=\"og:url\" content=\"https:\/\/kohenavocats.com\/tr\/tribunal-judiciaire-de-pau-le-20-octobre-2025-n24-02220\/\" \/>\n<meta property=\"og:site_name\" content=\"Ma\u00eetre Hassan Kohen, avocat en droit p\u00e9nal \u00e0 Paris\" \/>\n<meta property=\"article:published_time\" content=\"2026-04-24T01:00:20+00:00\" \/>\n<meta property=\"og:image\" content=\"https:\/\/kohenavocats.com\/wp-content\/uploads\/2024\/08\/sebastian-pichler-bAQH53VquTc-unsplash.webp\" \/>\n\t<meta property=\"og:image:width\" content=\"5184\" \/>\n\t<meta property=\"og:image:height\" content=\"3456\" \/>\n\t<meta property=\"og:image:type\" content=\"image\/webp\" \/>\n<meta name=\"author\" content=\"Kohen\" \/>\n<meta name=\"twitter:card\" content=\"summary_large_image\" \/>\n<meta name=\"twitter:label1\" content=\"Yazan:\" \/>\n\t<meta name=\"twitter:data1\" content=\"Kohen\" \/>\n\t<meta name=\"twitter:label2\" content=\"Tahmini okuma s\u00fcresi\" \/>\n\t<meta name=\"twitter:data2\" content=\"3 dakika\" \/>\n<script type=\"application\/ld+json\" class=\"yoast-schema-graph\">{\"@context\":\"https:\\\/\\\/schema.org\",\"@graph\":[{\"@type\":\"Article\",\"@id\":\"https:\\\/\\\/kohenavocats.com\\\/tr\\\/tribunal-judiciaire-de-pau-le-20-octobre-2025-n24-02220\\\/#article\",\"isPartOf\":{\"@id\":\"https:\\\/\\\/kohenavocats.com\\\/tr\\\/tribunal-judiciaire-de-pau-le-20-octobre-2025-n24-02220\\\/\"},\"author\":{\"name\":\"Kohen\",\"@id\":\"https:\\\/\\\/kohenavocats.com\\\/tr\\\/#\\\/schema\\\/person\\\/761c9ba54fa1ca84d405cef0831ff751\"},\"headline\":\"Tribunal judiciaire de Pau, le 20 octobre 2025, n\u00b024\\\/02220\",\"datePublished\":\"2026-04-24T01:00:20+00:00\",\"mainEntityOfPage\":{\"@id\":\"https:\\\/\\\/kohenavocats.com\\\/tr\\\/tribunal-judiciaire-de-pau-le-20-octobre-2025-n24-02220\\\/\"},\"wordCount\":590,\"commentCount\":0,\"publisher\":{\"@id\":\"https:\\\/\\\/kohenavocats.com\\\/tr\\\/#organization\"},\"image\":{\"@id\":\"https:\\\/\\\/kohenavocats.com\\\/tr\\\/tribunal-judiciaire-de-pau-le-20-octobre-2025-n24-02220\\\/#primaryimage\"},\"thumbnailUrl\":\"https:\\\/\\\/kohenavocats.com\\\/wp-content\\\/uploads\\\/2024\\\/08\\\/sebastian-pichler-bAQH53VquTc-unsplash.webp\",\"articleSection\":[\"Jurisprudence\"],\"inLanguage\":\"tr\",\"potentialAction\":[{\"@type\":\"CommentAction\",\"name\":\"Comment\",\"target\":[\"https:\\\/\\\/kohenavocats.com\\\/tr\\\/tribunal-judiciaire-de-pau-le-20-octobre-2025-n24-02220\\\/#respond\"]}],\"citation\":\"Tribunal judiciaire de Pau, le 20 octobre 2025, n\u00b024\\\/02220\",\"about\":[{\"@type\":\"Thing\",\"name\":\"Jurisprudence\"}],\"dateModified\":\"2026-04-24T01:00:20+00:00\",\"speakable\":{\"@type\":\"SpeakableSpecification\",\"cssSelector\":[\".article-content > p:first-of-type\"]}},{\"@type\":\"WebPage\",\"@id\":\"https:\\\/\\\/kohenavocats.com\\\/tr\\\/tribunal-judiciaire-de-pau-le-20-octobre-2025-n24-02220\\\/\",\"url\":\"https:\\\/\\\/kohenavocats.com\\\/tr\\\/tribunal-judiciaire-de-pau-le-20-octobre-2025-n24-02220\\\/\",\"name\":\"Tribunal judiciaire de Pau, le 20 octobre 2025, n\u00b024\\\/02220 - Ma\u00eetre Hassan Kohen, avocat en droit p\u00e9nal \u00e0 Paris\",\"isPartOf\":{\"@id\":\"https:\\\/\\\/kohenavocats.com\\\/tr\\\/#website\"},\"primaryImageOfPage\":{\"@id\":\"https:\\\/\\\/kohenavocats.com\\\/tr\\\/tribunal-judiciaire-de-pau-le-20-octobre-2025-n24-02220\\\/#primaryimage\"},\"image\":{\"@id\":\"https:\\\/\\\/kohenavocats.com\\\/tr\\\/tribunal-judiciaire-de-pau-le-20-octobre-2025-n24-02220\\\/#primaryimage\"},\"thumbnailUrl\":\"https:\\\/\\\/kohenavocats.com\\\/wp-content\\\/uploads\\\/2024\\\/08\\\/sebastian-pichler-bAQH53VquTc-unsplash.webp\",\"datePublished\":\"2026-04-24T01:00:20+00:00\",\"description\":\"Le tribunal judiciaire, statuant par jugement r\u00e9put\u00e9 contradictoire le 20 octobre 2025, a \u00e9t\u00e9 saisi d\u2019un litige cons\u00e9cutif \u00e0 la destruction d\u2019une fosse septi...\",\"breadcrumb\":{\"@id\":\"https:\\\/\\\/kohenavocats.com\\\/tr\\\/tribunal-judiciaire-de-pau-le-20-octobre-2025-n24-02220\\\/#breadcrumb\"},\"inLanguage\":\"tr\",\"potentialAction\":[{\"@type\":\"ReadAction\",\"target\":[\"https:\\\/\\\/kohenavocats.com\\\/tr\\\/tribunal-judiciaire-de-pau-le-20-octobre-2025-n24-02220\\\/\"]}]},{\"@type\":\"ImageObject\",\"inLanguage\":\"tr\",\"@id\":\"https:\\\/\\\/kohenavocats.com\\\/tr\\\/tribunal-judiciaire-de-pau-le-20-octobre-2025-n24-02220\\\/#primaryimage\",\"url\":\"https:\\\/\\\/kohenavocats.com\\\/wp-content\\\/uploads\\\/2024\\\/08\\\/sebastian-pichler-bAQH53VquTc-unsplash.webp\",\"contentUrl\":\"https:\\\/\\\/kohenavocats.com\\\/wp-content\\\/uploads\\\/2024\\\/08\\\/sebastian-pichler-bAQH53VquTc-unsplash.webp\",\"width\":5184,\"height\":3456},{\"@type\":\"BreadcrumbList\",\"@id\":\"https:\\\/\\\/kohenavocats.com\\\/tr\\\/tribunal-judiciaire-de-pau-le-20-octobre-2025-n24-02220\\\/#breadcrumb\",\"itemListElement\":[{\"@type\":\"ListItem\",\"position\":1,\"name\":\"Home\",\"item\":\"https:\\\/\\\/kohenavocats.com\\\/tr\\\/avocats-en-droit-penal-a-paris-conseil-et-defense-strategique\\\/\"},{\"@type\":\"ListItem\",\"position\":2,\"name\":\"Tribunal judiciaire de Pau, le 20 octobre 2025, n\u00b024\\\/02220\"}]},{\"@type\":\"WebSite\",\"@id\":\"https:\\\/\\\/kohenavocats.com\\\/tr\\\/#website\",\"url\":\"https:\\\/\\\/kohenavocats.com\\\/tr\\\/\",\"name\":\"Kohen Avocats\",\"description\":\"Ma\u00eetre Hassan Kohen, avocat p\u00e9naliste \u00e0 Paris, intervient exclusivement en droit p\u00e9nal pour la d\u00e9fense des particuliers, notamment en mati\u00e8re d\u2019accusations de viol. Il assure un accompagnement rigoureux d\u00e8s la garde \u00e0 vue jusqu\u2019\u00e0 la Cour d\u2019assises, veillant au strict respect des garanties proc\u00e9durales.\",\"publisher\":{\"@id\":\"https:\\\/\\\/kohenavocats.com\\\/tr\\\/#organization\"},\"potentialAction\":[{\"@type\":\"SearchAction\",\"target\":{\"@type\":\"EntryPoint\",\"urlTemplate\":\"https:\\\/\\\/kohenavocats.com\\\/tr\\\/?s={search_term_string}\"},\"query-input\":{\"@type\":\"PropertyValueSpecification\",\"valueRequired\":true,\"valueName\":\"search_term_string\"}}],\"inLanguage\":\"tr\"},{\"@type\":\"Organization\",\"@id\":\"https:\\\/\\\/kohenavocats.com\\\/tr\\\/#organization\",\"name\":\"Kohen Avocats\",\"url\":\"https:\\\/\\\/kohenavocats.com\\\/tr\\\/\",\"logo\":{\"@type\":\"ImageObject\",\"inLanguage\":\"tr\",\"@id\":\"https:\\\/\\\/kohenavocats.com\\\/tr\\\/#\\\/schema\\\/logo\\\/image\\\/\",\"url\":\"https:\\\/\\\/kohenavocats.com\\\/wp-content\\\/uploads\\\/2026\\\/01\\\/Logo-2-1.webp\",\"contentUrl\":\"https:\\\/\\\/kohenavocats.com\\\/wp-content\\\/uploads\\\/2026\\\/01\\\/Logo-2-1.webp\",\"width\":2114,\"height\":1253,\"caption\":\"Kohen Avocats\"},\"image\":{\"@id\":\"https:\\\/\\\/kohenavocats.com\\\/tr\\\/#\\\/schema\\\/logo\\\/image\\\/\"}},{\"@type\":\"Person\",\"@id\":\"https:\\\/\\\/kohenavocats.com\\\/tr\\\/#\\\/schema\\\/person\\\/761c9ba54fa1ca84d405cef0831ff751\",\"name\":\"Kohen\",\"image\":{\"@type\":\"ImageObject\",\"inLanguage\":\"tr\",\"@id\":\"https:\\\/\\\/secure.gravatar.com\\\/avatar\\\/1c5e76ef76bbbfdd2b4da984e2bf2fa4056fd51a27d25ce2c332047f1dfd6e00?s=96&d=identicon&r=g\",\"url\":\"https:\\\/\\\/secure.gravatar.com\\\/avatar\\\/1c5e76ef76bbbfdd2b4da984e2bf2fa4056fd51a27d25ce2c332047f1dfd6e00?s=96&d=identicon&r=g\",\"contentUrl\":\"https:\\\/\\\/secure.gravatar.com\\\/avatar\\\/1c5e76ef76bbbfdd2b4da984e2bf2fa4056fd51a27d25ce2c332047f1dfd6e00?s=96&d=identicon&r=g\",\"caption\":\"Kohen\"},\"sameAs\":[\"https:\\\/\\\/www.linkedin.com\\\/in\\\/hassan-kohen-448548192\\\/\",\"https:\\\/\\\/www.youtube.com\\\/@Kohen-Avocats\"],\"url\":\"https:\\\/\\\/kohenavocats.com\\\/tr\\\/author\\\/kohenmlk\\\/\"}]}<\/script>\n<!-- \/ Yoast SEO Premium plugin. -->","yoast_head_json":{"title":"Tribunal judiciaire de Pau, le 20 octobre 2025, n\u00b024\/02220 - Ma\u00eetre Hassan Kohen, avocat en droit p\u00e9nal \u00e0 Paris","description":"Le tribunal judiciaire, statuant par jugement r\u00e9put\u00e9 contradictoire le 20 octobre 2025, a \u00e9t\u00e9 saisi d\u2019un litige cons\u00e9cutif \u00e0 la destruction d\u2019une fosse septi...","robots":{"index":"index","follow":"follow","max-snippet":"max-snippet:-1","max-image-preview":"max-image-preview:large","max-video-preview":"max-video-preview:-1"},"canonical":"https:\/\/kohenavocats.com\/tr\/tribunal-judiciaire-de-pau-le-20-octobre-2025-n24-02220\/","og_locale":"tr_TR","og_type":"article","og_title":"Tribunal judiciaire de Pau, le 20 octobre 2025, n\u00b024\/02220","og_description":"Le tribunal judiciaire, statuant par jugement r\u00e9put\u00e9 contradictoire le 20 octobre 2025, a \u00e9t\u00e9 saisi d\u2019un litige cons\u00e9cutif \u00e0 la destruction d\u2019une fosse septi...","og_url":"https:\/\/kohenavocats.com\/tr\/tribunal-judiciaire-de-pau-le-20-octobre-2025-n24-02220\/","og_site_name":"Ma\u00eetre Hassan Kohen, avocat en droit p\u00e9nal \u00e0 Paris","article_published_time":"2026-04-24T01:00:20+00:00","og_image":[{"width":5184,"height":3456,"url":"https:\/\/kohenavocats.com\/wp-content\/uploads\/2024\/08\/sebastian-pichler-bAQH53VquTc-unsplash.webp","type":"image\/webp"}],"author":"Kohen","twitter_card":"summary_large_image","twitter_misc":{"Yazan:":"Kohen","Tahmini okuma s\u00fcresi":"3 dakika"},"schema":{"@context":"https:\/\/schema.org","@graph":[{"@type":"Article","@id":"https:\/\/kohenavocats.com\/tr\/tribunal-judiciaire-de-pau-le-20-octobre-2025-n24-02220\/#article","isPartOf":{"@id":"https:\/\/kohenavocats.com\/tr\/tribunal-judiciaire-de-pau-le-20-octobre-2025-n24-02220\/"},"author":{"name":"Kohen","@id":"https:\/\/kohenavocats.com\/tr\/#\/schema\/person\/761c9ba54fa1ca84d405cef0831ff751"},"headline":"Tribunal judiciaire de Pau, le 20 octobre 2025, n\u00b024\/02220","datePublished":"2026-04-24T01:00:20+00:00","mainEntityOfPage":{"@id":"https:\/\/kohenavocats.com\/tr\/tribunal-judiciaire-de-pau-le-20-octobre-2025-n24-02220\/"},"wordCount":590,"commentCount":0,"publisher":{"@id":"https:\/\/kohenavocats.com\/tr\/#organization"},"image":{"@id":"https:\/\/kohenavocats.com\/tr\/tribunal-judiciaire-de-pau-le-20-octobre-2025-n24-02220\/#primaryimage"},"thumbnailUrl":"https:\/\/kohenavocats.com\/wp-content\/uploads\/2024\/08\/sebastian-pichler-bAQH53VquTc-unsplash.webp","articleSection":["Jurisprudence"],"inLanguage":"tr","potentialAction":[{"@type":"CommentAction","name":"Comment","target":["https:\/\/kohenavocats.com\/tr\/tribunal-judiciaire-de-pau-le-20-octobre-2025-n24-02220\/#respond"]}],"citation":"Tribunal judiciaire de Pau, le 20 octobre 2025, n\u00b024\/02220","about":[{"@type":"Thing","name":"Jurisprudence"}],"dateModified":"2026-04-24T01:00:20+00:00","speakable":{"@type":"SpeakableSpecification","cssSelector":[".article-content > p:first-of-type"]}},{"@type":"WebPage","@id":"https:\/\/kohenavocats.com\/tr\/tribunal-judiciaire-de-pau-le-20-octobre-2025-n24-02220\/","url":"https:\/\/kohenavocats.com\/tr\/tribunal-judiciaire-de-pau-le-20-octobre-2025-n24-02220\/","name":"Tribunal judiciaire de Pau, le 20 octobre 2025, n\u00b024\/02220 - Ma\u00eetre Hassan Kohen, avocat en droit p\u00e9nal \u00e0 Paris","isPartOf":{"@id":"https:\/\/kohenavocats.com\/tr\/#website"},"primaryImageOfPage":{"@id":"https:\/\/kohenavocats.com\/tr\/tribunal-judiciaire-de-pau-le-20-octobre-2025-n24-02220\/#primaryimage"},"image":{"@id":"https:\/\/kohenavocats.com\/tr\/tribunal-judiciaire-de-pau-le-20-octobre-2025-n24-02220\/#primaryimage"},"thumbnailUrl":"https:\/\/kohenavocats.com\/wp-content\/uploads\/2024\/08\/sebastian-pichler-bAQH53VquTc-unsplash.webp","datePublished":"2026-04-24T01:00:20+00:00","description":"Le tribunal judiciaire, statuant par jugement r\u00e9put\u00e9 contradictoire le 20 octobre 2025, a \u00e9t\u00e9 saisi d\u2019un litige cons\u00e9cutif \u00e0 la destruction d\u2019une fosse septi...","breadcrumb":{"@id":"https:\/\/kohenavocats.com\/tr\/tribunal-judiciaire-de-pau-le-20-octobre-2025-n24-02220\/#breadcrumb"},"inLanguage":"tr","potentialAction":[{"@type":"ReadAction","target":["https:\/\/kohenavocats.com\/tr\/tribunal-judiciaire-de-pau-le-20-octobre-2025-n24-02220\/"]}]},{"@type":"ImageObject","inLanguage":"tr","@id":"https:\/\/kohenavocats.com\/tr\/tribunal-judiciaire-de-pau-le-20-octobre-2025-n24-02220\/#primaryimage","url":"https:\/\/kohenavocats.com\/wp-content\/uploads\/2024\/08\/sebastian-pichler-bAQH53VquTc-unsplash.webp","contentUrl":"https:\/\/kohenavocats.com\/wp-content\/uploads\/2024\/08\/sebastian-pichler-bAQH53VquTc-unsplash.webp","width":5184,"height":3456},{"@type":"BreadcrumbList","@id":"https:\/\/kohenavocats.com\/tr\/tribunal-judiciaire-de-pau-le-20-octobre-2025-n24-02220\/#breadcrumb","itemListElement":[{"@type":"ListItem","position":1,"name":"Home","item":"https:\/\/kohenavocats.com\/tr\/avocats-en-droit-penal-a-paris-conseil-et-defense-strategique\/"},{"@type":"ListItem","position":2,"name":"Tribunal judiciaire de Pau, le 20 octobre 2025, n\u00b024\/02220"}]},{"@type":"WebSite","@id":"https:\/\/kohenavocats.com\/tr\/#website","url":"https:\/\/kohenavocats.com\/tr\/","name":"Kohen Avocats","description":"Ma\u00eetre Hassan Kohen, avocat p\u00e9naliste \u00e0 Paris, intervient exclusivement en droit p\u00e9nal pour la d\u00e9fense des particuliers, notamment en mati\u00e8re d\u2019accusations de viol. Il assure un accompagnement rigoureux d\u00e8s la garde \u00e0 vue jusqu\u2019\u00e0 la Cour d\u2019assises, veillant au strict respect des garanties proc\u00e9durales.","publisher":{"@id":"https:\/\/kohenavocats.com\/tr\/#organization"},"potentialAction":[{"@type":"SearchAction","target":{"@type":"EntryPoint","urlTemplate":"https:\/\/kohenavocats.com\/tr\/?s={search_term_string}"},"query-input":{"@type":"PropertyValueSpecification","valueRequired":true,"valueName":"search_term_string"}}],"inLanguage":"tr"},{"@type":"Organization","@id":"https:\/\/kohenavocats.com\/tr\/#organization","name":"Kohen Avocats","url":"https:\/\/kohenavocats.com\/tr\/","logo":{"@type":"ImageObject","inLanguage":"tr","@id":"https:\/\/kohenavocats.com\/tr\/#\/schema\/logo\/image\/","url":"https:\/\/kohenavocats.com\/wp-content\/uploads\/2026\/01\/Logo-2-1.webp","contentUrl":"https:\/\/kohenavocats.com\/wp-content\/uploads\/2026\/01\/Logo-2-1.webp","width":2114,"height":1253,"caption":"Kohen Avocats"},"image":{"@id":"https:\/\/kohenavocats.com\/tr\/#\/schema\/logo\/image\/"}},{"@type":"Person","@id":"https:\/\/kohenavocats.com\/tr\/#\/schema\/person\/761c9ba54fa1ca84d405cef0831ff751","name":"Kohen","image":{"@type":"ImageObject","inLanguage":"tr","@id":"https:\/\/secure.gravatar.com\/avatar\/1c5e76ef76bbbfdd2b4da984e2bf2fa4056fd51a27d25ce2c332047f1dfd6e00?s=96&d=identicon&r=g","url":"https:\/\/secure.gravatar.com\/avatar\/1c5e76ef76bbbfdd2b4da984e2bf2fa4056fd51a27d25ce2c332047f1dfd6e00?s=96&d=identicon&r=g","contentUrl":"https:\/\/secure.gravatar.com\/avatar\/1c5e76ef76bbbfdd2b4da984e2bf2fa4056fd51a27d25ce2c332047f1dfd6e00?s=96&d=identicon&r=g","caption":"Kohen"},"sameAs":["https:\/\/www.linkedin.com\/in\/hassan-kohen-448548192\/","https:\/\/www.youtube.com\/@Kohen-Avocats"],"url":"https:\/\/kohenavocats.com\/tr\/author\/kohenmlk\/"}]}},"jetpack_featured_media_url":"https:\/\/kohenavocats.com\/wp-content\/uploads\/2024\/08\/sebastian-pichler-bAQH53VquTc-unsplash.webp","jetpack_likes_enabled":false,"jetpack_shortlink":"https:\/\/wp.me\/peCrII-2Nzo","jetpack-related-posts":[{"id":424311,"url":"https:\/\/kohenavocats.com\/tr\/cour-dappel-de-paris-le-20-octobre-2011-n09-05441\/","url_meta":{"origin":667206,"position":0},"title":"Cour d&#8217;appel de Paris, le 20 octobre 2011, n\u00b009\/05441","author":"Kohen","date":"23 Mart 2026","format":false,"excerpt":"La Cour d\u2019appel de Paris, dans un arr\u00eat du 20 octobre 2011, a \u00e9t\u00e9 saisie d\u2019un litige relatif \u00e0 la responsabilit\u00e9 d\u2019une soci\u00e9t\u00e9 de transport \u00e0 la suite du vol d\u2019un v\u00e9hicule et de sa cargaison de tabacs. Les assureurs de l\u2019exp\u00e9diteur et ce dernier avaient obtenu du Tribunal de\u2026","rel":"","context":"&quot;Cour d'appel&quot; i\u00e7inde","block_context":{"text":"Cour d'appel","link":"https:\/\/kohenavocats.com\/category\/cour-dappel\/"},"img":{"alt_text":"","src":"https:\/\/i0.wp.com\/kohenavocats.com\/wp-content\/uploads\/2024\/08\/leonard-cotte-R5scocnOOdM-unsplash.webp?resize=350%2C200&ssl=1","width":350,"height":200,"srcset":"https:\/\/i0.wp.com\/kohenavocats.com\/wp-content\/uploads\/2024\/08\/leonard-cotte-R5scocnOOdM-unsplash.webp?resize=350%2C200&ssl=1 1x, https:\/\/i0.wp.com\/kohenavocats.com\/wp-content\/uploads\/2024\/08\/leonard-cotte-R5scocnOOdM-unsplash.webp?resize=525%2C300&ssl=1 1.5x, https:\/\/i0.wp.com\/kohenavocats.com\/wp-content\/uploads\/2024\/08\/leonard-cotte-R5scocnOOdM-unsplash.webp?resize=700%2C400&ssl=1 2x, https:\/\/i0.wp.com\/kohenavocats.com\/wp-content\/uploads\/2024\/08\/leonard-cotte-R5scocnOOdM-unsplash.webp?resize=1050%2C600&ssl=1 3x, https:\/\/i0.wp.com\/kohenavocats.com\/wp-content\/uploads\/2024\/08\/leonard-cotte-R5scocnOOdM-unsplash.webp?resize=1400%2C800&ssl=1 4x"},"classes":[]},{"id":632120,"url":"https:\/\/kohenavocats.com\/tr\/tribunal-judiciaire-de-marseille-le-20-octobre-2025-n23-00672\/","url_meta":{"origin":667206,"position":1},"title":"Tribunal judiciaire de Marseille, le 20 octobre 2025, n\u00b023\/00672","author":"Kohen","date":"21 Nisan 2026","format":false,"excerpt":"Le tribunal judiciaire de Marseille, le 20 octobre 2025, a statu\u00e9 sur une demande en responsabilit\u00e9 d\u00e9lictuelle suite \u00e0 un accident sur un chantier. Un inter...","rel":"","context":"&quot;Jurisprudence&quot; i\u00e7inde","block_context":{"text":"Jurisprudence","link":"https:\/\/kohenavocats.com\/category\/jurisprudence\/"},"img":{"alt_text":"","src":"https:\/\/i0.wp.com\/kohenavocats.com\/wp-content\/uploads\/2024\/11\/getty-images-KP0uq0vIgI4-unsplash.webp?resize=350%2C200&ssl=1","width":350,"height":200,"srcset":"https:\/\/i0.wp.com\/kohenavocats.com\/wp-content\/uploads\/2024\/11\/getty-images-KP0uq0vIgI4-unsplash.webp?resize=350%2C200&ssl=1 1x, https:\/\/i0.wp.com\/kohenavocats.com\/wp-content\/uploads\/2024\/11\/getty-images-KP0uq0vIgI4-unsplash.webp?resize=525%2C300&ssl=1 1.5x, https:\/\/i0.wp.com\/kohenavocats.com\/wp-content\/uploads\/2024\/11\/getty-images-KP0uq0vIgI4-unsplash.webp?resize=700%2C400&ssl=1 2x, https:\/\/i0.wp.com\/kohenavocats.com\/wp-content\/uploads\/2024\/11\/getty-images-KP0uq0vIgI4-unsplash.webp?resize=1050%2C600&ssl=1 3x, https:\/\/i0.wp.com\/kohenavocats.com\/wp-content\/uploads\/2024\/11\/getty-images-KP0uq0vIgI4-unsplash.webp?resize=1400%2C800&ssl=1 4x"},"classes":[]},{"id":630038,"url":"https:\/\/kohenavocats.com\/tr\/tribunal-judiciaire-de-chartres-le-15-octobre-2025-n24-00622\/","url_meta":{"origin":667206,"position":2},"title":"Tribunal judiciaire de Chartres, le 15 octobre 2025, n\u00b024\/00622","author":"Kohen","date":"21 Nisan 2026","format":false,"excerpt":"Le Tribunal judiciaire, statuant en date non pr\u00e9cis\u00e9e, a \u00e9t\u00e9 saisi par deux soci\u00e9t\u00e9s d'assurance subrog\u00e9es dans les droits de leur assur\u00e9, un bailleur. Ces d...","rel":"","context":"&quot;Jurisprudence&quot; i\u00e7inde","block_context":{"text":"Jurisprudence","link":"https:\/\/kohenavocats.com\/category\/jurisprudence\/"},"img":{"alt_text":"","src":"https:\/\/i0.wp.com\/kohenavocats.com\/wp-content\/uploads\/2024\/07\/chris-karidis-F77D9r-qIqU-unsplash.webp?resize=350%2C200&ssl=1","width":350,"height":200,"srcset":"https:\/\/i0.wp.com\/kohenavocats.com\/wp-content\/uploads\/2024\/07\/chris-karidis-F77D9r-qIqU-unsplash.webp?resize=350%2C200&ssl=1 1x, https:\/\/i0.wp.com\/kohenavocats.com\/wp-content\/uploads\/2024\/07\/chris-karidis-F77D9r-qIqU-unsplash.webp?resize=525%2C300&ssl=1 1.5x, https:\/\/i0.wp.com\/kohenavocats.com\/wp-content\/uploads\/2024\/07\/chris-karidis-F77D9r-qIqU-unsplash.webp?resize=700%2C400&ssl=1 2x, https:\/\/i0.wp.com\/kohenavocats.com\/wp-content\/uploads\/2024\/07\/chris-karidis-F77D9r-qIqU-unsplash.webp?resize=1050%2C600&ssl=1 3x, https:\/\/i0.wp.com\/kohenavocats.com\/wp-content\/uploads\/2024\/07\/chris-karidis-F77D9r-qIqU-unsplash.webp?resize=1400%2C800&ssl=1 4x"},"classes":[]},{"id":621042,"url":"https:\/\/kohenavocats.com\/tr\/cour-dappel-de-rennes-le-20-octobre-2025-n23-04089\/","url_meta":{"origin":667206,"position":3},"title":"Cour d&#8217;appel de Rennes, le 20 octobre 2025, n\u00b023\/04089","author":"Kohen","date":"20 Nisan 2026","format":false,"excerpt":"La cour d\u2019appel de Rennes, statuant le 20 octobre 2025, examine un litige en responsabilit\u00e9 civile d\u00e9lictuelle. Un propri\u00e9taire demande r\u00e9paration suite \u00e0 la...","rel":"","context":"&quot;Jurisprudence&quot; i\u00e7inde","block_context":{"text":"Jurisprudence","link":"https:\/\/kohenavocats.com\/category\/jurisprudence\/"},"img":{"alt_text":"","src":"https:\/\/i0.wp.com\/kohenavocats.com\/wp-content\/uploads\/2024\/11\/getty-images-tv21aoxFzwY-unsplash.webp?resize=350%2C200&ssl=1","width":350,"height":200,"srcset":"https:\/\/i0.wp.com\/kohenavocats.com\/wp-content\/uploads\/2024\/11\/getty-images-tv21aoxFzwY-unsplash.webp?resize=350%2C200&ssl=1 1x, https:\/\/i0.wp.com\/kohenavocats.com\/wp-content\/uploads\/2024\/11\/getty-images-tv21aoxFzwY-unsplash.webp?resize=525%2C300&ssl=1 1.5x, https:\/\/i0.wp.com\/kohenavocats.com\/wp-content\/uploads\/2024\/11\/getty-images-tv21aoxFzwY-unsplash.webp?resize=700%2C400&ssl=1 2x, https:\/\/i0.wp.com\/kohenavocats.com\/wp-content\/uploads\/2024\/11\/getty-images-tv21aoxFzwY-unsplash.webp?resize=1050%2C600&ssl=1 3x, https:\/\/i0.wp.com\/kohenavocats.com\/wp-content\/uploads\/2024\/11\/getty-images-tv21aoxFzwY-unsplash.webp?resize=1400%2C800&ssl=1 4x"},"classes":[]},{"id":437314,"url":"https:\/\/kohenavocats.com\/tr\/cour-dappel-de-paris-le-20-octobre-2010-n09-01061\/","url_meta":{"origin":667206,"position":4},"title":"Cour d&#8217;appel de Paris, le 20 octobre 2010, n\u00b009\/01061","author":"Kohen","date":"25 Mart 2026","format":false,"excerpt":"Un photographe ind\u00e9pendant avait confi\u00e9 par contrat la commercialisation exclusive de ses clich\u00e9s \u00e0 une soci\u00e9t\u00e9 mandataire. Apr\u00e8s l\u2019expiration du mandat, il reprocha \u00e0 celle-ci divers manquements contractuels et une exploitation prolong\u00e9e sans autorisation. Il assigna \u00e9galement la soci\u00e9t\u00e9 ayant absorb\u00e9 le mandataire pour exploitation d\u00e9lictuelle. Le Tribunal de grande\u2026","rel":"","context":"&quot;Cour d'appel&quot; i\u00e7inde","block_context":{"text":"Cour d'appel","link":"https:\/\/kohenavocats.com\/category\/cour-dappel\/"},"img":{"alt_text":"","src":"https:\/\/i0.wp.com\/kohenavocats.com\/wp-content\/uploads\/2024\/08\/diane-picchiottino-q9uT-7aQPtE-unsplash.webp?resize=350%2C200&ssl=1","width":350,"height":200,"srcset":"https:\/\/i0.wp.com\/kohenavocats.com\/wp-content\/uploads\/2024\/08\/diane-picchiottino-q9uT-7aQPtE-unsplash.webp?resize=350%2C200&ssl=1 1x, https:\/\/i0.wp.com\/kohenavocats.com\/wp-content\/uploads\/2024\/08\/diane-picchiottino-q9uT-7aQPtE-unsplash.webp?resize=525%2C300&ssl=1 1.5x, https:\/\/i0.wp.com\/kohenavocats.com\/wp-content\/uploads\/2024\/08\/diane-picchiottino-q9uT-7aQPtE-unsplash.webp?resize=700%2C400&ssl=1 2x, https:\/\/i0.wp.com\/kohenavocats.com\/wp-content\/uploads\/2024\/08\/diane-picchiottino-q9uT-7aQPtE-unsplash.webp?resize=1050%2C600&ssl=1 3x, https:\/\/i0.wp.com\/kohenavocats.com\/wp-content\/uploads\/2024\/08\/diane-picchiottino-q9uT-7aQPtE-unsplash.webp?resize=1400%2C800&ssl=1 4x"},"classes":[]},{"id":620441,"url":"https:\/\/kohenavocats.com\/tr\/tribunal-judiciaire-de-marseille-le-20-octobre-2025-n25-01706\/","url_meta":{"origin":667206,"position":5},"title":"Tribunal judiciaire de Marseille, le 20 octobre 2025, n\u00b025\/01706","author":"Kohen","date":"20 Nisan 2026","format":false,"excerpt":"Le tribunal judiciaire, statuant par d\u00e9faut le [date], a connu d'un litige opposant un exploitant de transport public au propri\u00e9taire d'un poids lourd. Ce v\u00e9...","rel":"","context":"&quot;Jurisprudence&quot; i\u00e7inde","block_context":{"text":"Jurisprudence","link":"https:\/\/kohenavocats.com\/category\/jurisprudence\/"},"img":{"alt_text":"","src":"https:\/\/i0.wp.com\/kohenavocats.com\/wp-content\/uploads\/2024\/08\/adam-wood-IDVIKdf8JYw-unsplash.webp?resize=350%2C200&ssl=1","width":350,"height":200,"srcset":"https:\/\/i0.wp.com\/kohenavocats.com\/wp-content\/uploads\/2024\/08\/adam-wood-IDVIKdf8JYw-unsplash.webp?resize=350%2C200&ssl=1 1x, https:\/\/i0.wp.com\/kohenavocats.com\/wp-content\/uploads\/2024\/08\/adam-wood-IDVIKdf8JYw-unsplash.webp?resize=525%2C300&ssl=1 1.5x, https:\/\/i0.wp.com\/kohenavocats.com\/wp-content\/uploads\/2024\/08\/adam-wood-IDVIKdf8JYw-unsplash.webp?resize=700%2C400&ssl=1 2x, https:\/\/i0.wp.com\/kohenavocats.com\/wp-content\/uploads\/2024\/08\/adam-wood-IDVIKdf8JYw-unsplash.webp?resize=1050%2C600&ssl=1 3x, https:\/\/i0.wp.com\/kohenavocats.com\/wp-content\/uploads\/2024\/08\/adam-wood-IDVIKdf8JYw-unsplash.webp?resize=1400%2C800&ssl=1 4x"},"classes":[]}],"jetpack_sharing_enabled":true,"_links":{"self":[{"href":"https:\/\/kohenavocats.com\/tr\/wp-json\/wp\/v2\/posts\/667206","targetHints":{"allow":["GET"]}}],"collection":[{"href":"https:\/\/kohenavocats.com\/tr\/wp-json\/wp\/v2\/posts"}],"about":[{"href":"https:\/\/kohenavocats.com\/tr\/wp-json\/wp\/v2\/types\/post"}],"author":[{"embeddable":true,"href":"https:\/\/kohenavocats.com\/tr\/wp-json\/wp\/v2\/users\/232070755"}],"replies":[{"embeddable":true,"href":"https:\/\/kohenavocats.com\/tr\/wp-json\/wp\/v2\/comments?post=667206"}],"version-history":[{"count":0,"href":"https:\/\/kohenavocats.com\/tr\/wp-json\/wp\/v2\/posts\/667206\/revisions"}],"wp:featuredmedia":[{"embeddable":true,"href":"https:\/\/kohenavocats.com\/tr\/wp-json\/wp\/v2\/media\/4865"}],"wp:attachment":[{"href":"https:\/\/kohenavocats.com\/tr\/wp-json\/wp\/v2\/media?parent=667206"}],"wp:term":[{"taxonomy":"category","embeddable":true,"href":"https:\/\/kohenavocats.com\/tr\/wp-json\/wp\/v2\/categories?post=667206"},{"taxonomy":"post_tag","embeddable":true,"href":"https:\/\/kohenavocats.com\/tr\/wp-json\/wp\/v2\/tags?post=667206"}],"curies":[{"name":"wp","href":"https:\/\/api.w.org\/{rel}","templated":true}]}}