{"id":670159,"date":"2026-04-24T07:23:51","date_gmt":"2026-04-24T05:23:51","guid":{"rendered":"https:\/\/kohenavocats.com\/tribunal-judiciaire-de-soissons-le-12-juin-2024-n25-00235\/"},"modified":"2026-04-24T07:23:51","modified_gmt":"2026-04-24T05:23:51","slug":"tribunal-judiciaire-de-soissons-le-12-juin-2024-n25-00235","status":"publish","type":"post","link":"https:\/\/kohenavocats.com\/tr\/tribunal-judiciaire-de-soissons-le-12-juin-2024-n25-00235\/","title":{"rendered":"Tribunal judiciaire de Soissons, le 12 juin 2024, n\u00b025\/00235"},"content":{"rendered":"<div class=\"article-content\">\n<p>Le tribunal judiciaire, statuant en premier ressort, a rendu un jugement le 12 juin 2024. Une infirmi\u00e8re rempla\u00e7ante r\u00e9clamait le paiement de prestations \u00e0 la titulaire du cabinet qu\u2019elle avait suppl\u00e9\u00e9e. La proc\u00e9dure \u00e9tait une action en paiement. La question centrale \u00e9tait celle de la charge et du mode de preuve de la cr\u00e9ance all\u00e9gu\u00e9e. Le tribunal a d\u00e9bout\u00e9 la demanderesse de sa requ\u00eate, faute de preuve suffisante.<\/p>\n<p>La charge de la preuve et l\u2019exigence d\u2019un \u00e9crit probant<\/p>\n<p>Le tribunal rappelle d\u2019abord les principes g\u00e9n\u00e9raux gouvernant la preuve des obligations. Il souligne que celui qui r\u00e9clame l\u2019ex\u00e9cution d\u2019une obligation doit la prouver. Cette r\u00e8gle fondamentale trouve son fondement dans l\u2019article 1353 du Code civil. Le juge pr\u00e9cise ensuite le mode de preuve requis pour les cr\u00e9ances importantes. Il \u00e9nonce que &#8220;la preuve d&#8217;une obligation dont le montant est sup\u00e9rieur \u00e0 1 500 euros se fait par un \u00e9crit&#8221; (Motifs, sur la demande en paiement). Cette application stricte de l\u2019article 1359 du Code civil est conforme \u00e0 la jurisprudence constante. La Cour d\u2019appel de Caen a ainsi rappel\u00e9 que &#8220;l&#8217;article 1359 dispose que l&#8217;acte juridique portant sur une somme ou une valeur exc\u00e9dant un montant fix\u00e9 par d\u00e9cret, \u00e0 savoir 1.500 euros, doit \u00eatre prouv\u00e9 par \u00e9crit&#8221; (Cour d\u2019appel de Caen, le 13 f\u00e9vrier 2025, n\u00b023\/01279). La port\u00e9e de ce point est essentielle. Il r\u00e9affirme le principe de la preuve litt\u00e9rale pour les engagements d\u00e9passant le seuil l\u00e9gal. Cette rigueur vise \u00e0 garantir la s\u00e9curit\u00e9 juridique des transactions.<\/p>\n<p>L\u2019insuffisance des \u00e9l\u00e9ments produits par la cr\u00e9anci\u00e8re<\/p>\n<p>Le juge constate ensuite l\u2019existence d\u2019un d\u00e9saccord sur les sommes dues. Des t\u00e9moignages et un courriel attestent de tensions financi\u00e8res entre les parties. La demanderesse fonde sa r\u00e9clamation sur des tableaux qu\u2019elle a elle-m\u00eame \u00e9tablis. Le tribunal \u00e9carte la valeur probante de ces documents. Il estime qu\u2019ils &#8220;ne peuvent suffire pour \u00e9tablir avec certitude les sommes&#8221; dues (Motifs, sur la demande en paiement). Cette analyse s\u2019appuie sur le principe selon lequel &#8220;nul ne peut se constituer un titre \u00e0 soi-m\u00eame&#8221; (Motifs, sur la demande en paiement). La valeur de cette sous-partie est pratique. Elle rappelle que la preuve doit \u00e9maner d\u2019un tiers ou \u00eatre contradictoire. Un document unilat\u00e9ral, sans acceptation de la partie adverse, reste insuffisant. La port\u00e9e est significative pour les professions lib\u00e9rales. Elle les incite \u00e0 formaliser par \u00e9crit tout accord de remplacement et ses conditions financi\u00e8res.<\/p>\n<p>Les cons\u00e9quences proc\u00e9durales du d\u00e9faut de preuve<\/p>\n<p>Le rejet de la demande principale entra\u00eene des cons\u00e9quences sur les frais de proc\u00e9dure. En application de l\u2019article 696 du code de proc\u00e9dure civile, la partie perdante supporte les d\u00e9pens. Le tribunal condamne donc la demanderesse aux entiers d\u00e9pens. Il rejette \u00e9galement sa demande au titre de l\u2019article 700 du m\u00eame code. Cette disposition permet d\u2019allouer une somme pour frais non compris dans les d\u00e9pens. Le juge appr\u00e9cie souverainement cette demande en tenant compte de l\u2019\u00e9quit\u00e9. La valeur de cette d\u00e9cision est d\u2019ordre incitatif. Elle dissuade les actions en justice insuffisamment \u00e9tay\u00e9es par des preuves admissibles. La port\u00e9e est \u00e9conomique, car elle r\u00e9partit les co\u00fbts du proc\u00e8s selon son issue.<\/p>\n<p>La confirmation du principe de l\u2019ex\u00e9cution provisoire<\/p>\n<p>Enfin, le tribunal statue sur le r\u00e9gime d\u2019ex\u00e9cution de sa d\u00e9cision. Il rappelle que les jugements de premi\u00e8re instance sont ex\u00e9cutoires \u00e0 titre provisoire. C\u2019est une r\u00e8gle de droit commun pos\u00e9e par l\u2019article 514 du code de proc\u00e9dure civile. Le juge estime qu\u2019il n\u2019y a pas lieu d\u2019\u00e9carter ce principe en l\u2019esp\u00e8ce. Cette d\u00e9cision a pour sens d\u2019assurer l\u2019effectivit\u00e9 imm\u00e9diate de la justice rendue. Sa valeur est proc\u00e9durale, car elle \u00e9vite qu\u2019un appel suspende automatiquement les effets du jugement. La port\u00e9e en est pratique, permettant au gagnant de b\u00e9n\u00e9ficier sans d\u00e9lai de la d\u00e9cision.<\/p>\n<\/div>\n","protected":false},"excerpt":{"rendered":"<p>Le tribunal judiciaire, statuant en premier ressort, a rendu un jugement le 12 juin 2024. Une infirmi\u00e8re rempla\u00e7ante r\u00e9clamait le paiement de prestations \u00e0 l&#8230;<\/p>\n","protected":false},"author":232070755,"featured_media":9605,"comment_status":"open","ping_status":"open","sticky":false,"template":"","format":"standard","meta":{"_crdt_document":"","_jetpack_newsletter_access":"","_jetpack_dont_email_post_to_subs":false,"_jetpack_newsletter_tier_id":0,"_jetpack_memberships_contains_paywalled_content":false,"_kj_source_type":"","_kj_official_id":"","_kj_official_url":"","_kj_judilibre_id":"","_kj_jur":"","_kj_lieu":"","_kj_chambre":"","_kj_rg":"","_kj_date":"","_jetpack_memberships_contains_paid_content":false,"footnotes":"","jetpack_post_was_ever_published":false},"categories":[7597],"tags":[],"class_list":["post-670159","post","type-post","status-publish","format-standard","has-post-thumbnail","hentry","category-jurisprudence"],"yoast_head":"<!-- This site is optimized with the Yoast SEO Premium plugin v27.4 (Yoast SEO v27.4) - https:\/\/yoast.com\/product\/yoast-seo-premium-wordpress\/ -->\n<title>Tribunal judiciaire de Soissons, le 12 juin 2024, n\u00b025\/00235 - Ma\u00eetre Hassan Kohen, avocat en droit p\u00e9nal \u00e0 Paris<\/title>\n<meta name=\"description\" content=\"Le tribunal judiciaire, statuant en premier ressort, a rendu un jugement le 12 juin 2024. Une infirmi\u00e8re rempla\u00e7ante r\u00e9clamait le paiement de prestations \u00e0 l...\" \/>\n<meta name=\"robots\" content=\"index, follow, max-snippet:-1, max-image-preview:large, max-video-preview:-1\" \/>\n<link rel=\"canonical\" href=\"https:\/\/kohenavocats.com\/tr\/tribunal-judiciaire-de-soissons-le-12-juin-2024-n25-00235\/\" \/>\n<meta property=\"og:locale\" content=\"tr_TR\" \/>\n<meta property=\"og:type\" content=\"article\" \/>\n<meta property=\"og:title\" content=\"Tribunal judiciaire de Soissons, le 12 juin 2024, n\u00b025\/00235\" \/>\n<meta property=\"og:description\" content=\"Le tribunal judiciaire, statuant en premier ressort, a rendu un jugement le 12 juin 2024. Une infirmi\u00e8re rempla\u00e7ante r\u00e9clamait le paiement de prestations \u00e0 l...\" \/>\n<meta property=\"og:url\" content=\"https:\/\/kohenavocats.com\/tr\/tribunal-judiciaire-de-soissons-le-12-juin-2024-n25-00235\/\" \/>\n<meta property=\"og:site_name\" content=\"Ma\u00eetre Hassan Kohen, avocat en droit p\u00e9nal \u00e0 Paris\" \/>\n<meta property=\"article:published_time\" content=\"2026-04-24T05:23:51+00:00\" \/>\n<meta property=\"og:image\" content=\"https:\/\/kohenavocats.com\/wp-content\/uploads\/2024\/11\/alex-shuper-m4kXI_iQmsE-unsplash.webp\" \/>\n\t<meta property=\"og:image:width\" content=\"6000\" \/>\n\t<meta property=\"og:image:height\" content=\"4000\" \/>\n\t<meta property=\"og:image:type\" content=\"image\/webp\" \/>\n<meta name=\"author\" content=\"Kohen\" \/>\n<meta name=\"twitter:card\" content=\"summary_large_image\" \/>\n<meta name=\"twitter:label1\" content=\"Yazan:\" \/>\n\t<meta name=\"twitter:data1\" content=\"Kohen\" \/>\n\t<meta name=\"twitter:label2\" content=\"Tahmini okuma s\u00fcresi\" \/>\n\t<meta name=\"twitter:data2\" content=\"3 dakika\" \/>\n<script type=\"application\/ld+json\" class=\"yoast-schema-graph\">{\"@context\":\"https:\\\/\\\/schema.org\",\"@graph\":[{\"@type\":\"Article\",\"@id\":\"https:\\\/\\\/kohenavocats.com\\\/tr\\\/tribunal-judiciaire-de-soissons-le-12-juin-2024-n25-00235\\\/#article\",\"isPartOf\":{\"@id\":\"https:\\\/\\\/kohenavocats.com\\\/tr\\\/tribunal-judiciaire-de-soissons-le-12-juin-2024-n25-00235\\\/\"},\"author\":{\"name\":\"Kohen\",\"@id\":\"https:\\\/\\\/kohenavocats.com\\\/tr\\\/#\\\/schema\\\/person\\\/761c9ba54fa1ca84d405cef0831ff751\"},\"headline\":\"Tribunal judiciaire de Soissons, le 12 juin 2024, n\u00b025\\\/00235\",\"datePublished\":\"2026-04-24T05:23:51+00:00\",\"mainEntityOfPage\":{\"@id\":\"https:\\\/\\\/kohenavocats.com\\\/tr\\\/tribunal-judiciaire-de-soissons-le-12-juin-2024-n25-00235\\\/\"},\"wordCount\":709,\"commentCount\":0,\"publisher\":{\"@id\":\"https:\\\/\\\/kohenavocats.com\\\/tr\\\/#organization\"},\"image\":{\"@id\":\"https:\\\/\\\/kohenavocats.com\\\/tr\\\/tribunal-judiciaire-de-soissons-le-12-juin-2024-n25-00235\\\/#primaryimage\"},\"thumbnailUrl\":\"https:\\\/\\\/kohenavocats.com\\\/wp-content\\\/uploads\\\/2024\\\/11\\\/alex-shuper-m4kXI_iQmsE-unsplash.webp\",\"articleSection\":[\"Jurisprudence\"],\"inLanguage\":\"tr\",\"potentialAction\":[{\"@type\":\"CommentAction\",\"name\":\"Comment\",\"target\":[\"https:\\\/\\\/kohenavocats.com\\\/tr\\\/tribunal-judiciaire-de-soissons-le-12-juin-2024-n25-00235\\\/#respond\"]}],\"citation\":\"Tribunal judiciaire de Soissons, le 12 juin 2024, n\u00b025\\\/00235\",\"about\":[{\"@type\":\"Thing\",\"name\":\"Jurisprudence\"}],\"dateModified\":\"2026-04-24T05:23:51+00:00\",\"speakable\":{\"@type\":\"SpeakableSpecification\",\"cssSelector\":[\".article-content > p:first-of-type\"]}},{\"@type\":\"WebPage\",\"@id\":\"https:\\\/\\\/kohenavocats.com\\\/tr\\\/tribunal-judiciaire-de-soissons-le-12-juin-2024-n25-00235\\\/\",\"url\":\"https:\\\/\\\/kohenavocats.com\\\/tr\\\/tribunal-judiciaire-de-soissons-le-12-juin-2024-n25-00235\\\/\",\"name\":\"Tribunal judiciaire de Soissons, le 12 juin 2024, n\u00b025\\\/00235 - Ma\u00eetre Hassan Kohen, avocat en droit p\u00e9nal \u00e0 Paris\",\"isPartOf\":{\"@id\":\"https:\\\/\\\/kohenavocats.com\\\/tr\\\/#website\"},\"primaryImageOfPage\":{\"@id\":\"https:\\\/\\\/kohenavocats.com\\\/tr\\\/tribunal-judiciaire-de-soissons-le-12-juin-2024-n25-00235\\\/#primaryimage\"},\"image\":{\"@id\":\"https:\\\/\\\/kohenavocats.com\\\/tr\\\/tribunal-judiciaire-de-soissons-le-12-juin-2024-n25-00235\\\/#primaryimage\"},\"thumbnailUrl\":\"https:\\\/\\\/kohenavocats.com\\\/wp-content\\\/uploads\\\/2024\\\/11\\\/alex-shuper-m4kXI_iQmsE-unsplash.webp\",\"datePublished\":\"2026-04-24T05:23:51+00:00\",\"description\":\"Le tribunal judiciaire, statuant en premier ressort, a rendu un jugement le 12 juin 2024. Une infirmi\u00e8re rempla\u00e7ante r\u00e9clamait le paiement de prestations \u00e0 l...\",\"breadcrumb\":{\"@id\":\"https:\\\/\\\/kohenavocats.com\\\/tr\\\/tribunal-judiciaire-de-soissons-le-12-juin-2024-n25-00235\\\/#breadcrumb\"},\"inLanguage\":\"tr\",\"potentialAction\":[{\"@type\":\"ReadAction\",\"target\":[\"https:\\\/\\\/kohenavocats.com\\\/tr\\\/tribunal-judiciaire-de-soissons-le-12-juin-2024-n25-00235\\\/\"]}]},{\"@type\":\"ImageObject\",\"inLanguage\":\"tr\",\"@id\":\"https:\\\/\\\/kohenavocats.com\\\/tr\\\/tribunal-judiciaire-de-soissons-le-12-juin-2024-n25-00235\\\/#primaryimage\",\"url\":\"https:\\\/\\\/kohenavocats.com\\\/wp-content\\\/uploads\\\/2024\\\/11\\\/alex-shuper-m4kXI_iQmsE-unsplash.webp\",\"contentUrl\":\"https:\\\/\\\/kohenavocats.com\\\/wp-content\\\/uploads\\\/2024\\\/11\\\/alex-shuper-m4kXI_iQmsE-unsplash.webp\",\"width\":6000,\"height\":4000},{\"@type\":\"BreadcrumbList\",\"@id\":\"https:\\\/\\\/kohenavocats.com\\\/tr\\\/tribunal-judiciaire-de-soissons-le-12-juin-2024-n25-00235\\\/#breadcrumb\",\"itemListElement\":[{\"@type\":\"ListItem\",\"position\":1,\"name\":\"Home\",\"item\":\"https:\\\/\\\/kohenavocats.com\\\/tr\\\/avocats-en-droit-penal-a-paris-conseil-et-defense-strategique\\\/\"},{\"@type\":\"ListItem\",\"position\":2,\"name\":\"Tribunal judiciaire de Soissons, le 12 juin 2024, n\u00b025\\\/00235\"}]},{\"@type\":\"WebSite\",\"@id\":\"https:\\\/\\\/kohenavocats.com\\\/tr\\\/#website\",\"url\":\"https:\\\/\\\/kohenavocats.com\\\/tr\\\/\",\"name\":\"Kohen Avocats\",\"description\":\"Ma\u00eetre Hassan Kohen, avocat p\u00e9naliste \u00e0 Paris, intervient exclusivement en droit p\u00e9nal pour la d\u00e9fense des particuliers, notamment en mati\u00e8re d\u2019accusations de viol. Il assure un accompagnement rigoureux d\u00e8s la garde \u00e0 vue jusqu\u2019\u00e0 la Cour d\u2019assises, veillant au strict respect des garanties proc\u00e9durales.\",\"publisher\":{\"@id\":\"https:\\\/\\\/kohenavocats.com\\\/tr\\\/#organization\"},\"potentialAction\":[{\"@type\":\"SearchAction\",\"target\":{\"@type\":\"EntryPoint\",\"urlTemplate\":\"https:\\\/\\\/kohenavocats.com\\\/tr\\\/?s={search_term_string}\"},\"query-input\":{\"@type\":\"PropertyValueSpecification\",\"valueRequired\":true,\"valueName\":\"search_term_string\"}}],\"inLanguage\":\"tr\"},{\"@type\":\"Organization\",\"@id\":\"https:\\\/\\\/kohenavocats.com\\\/tr\\\/#organization\",\"name\":\"Kohen Avocats\",\"url\":\"https:\\\/\\\/kohenavocats.com\\\/tr\\\/\",\"logo\":{\"@type\":\"ImageObject\",\"inLanguage\":\"tr\",\"@id\":\"https:\\\/\\\/kohenavocats.com\\\/tr\\\/#\\\/schema\\\/logo\\\/image\\\/\",\"url\":\"https:\\\/\\\/kohenavocats.com\\\/wp-content\\\/uploads\\\/2026\\\/01\\\/Logo-2-1.webp\",\"contentUrl\":\"https:\\\/\\\/kohenavocats.com\\\/wp-content\\\/uploads\\\/2026\\\/01\\\/Logo-2-1.webp\",\"width\":2114,\"height\":1253,\"caption\":\"Kohen Avocats\"},\"image\":{\"@id\":\"https:\\\/\\\/kohenavocats.com\\\/tr\\\/#\\\/schema\\\/logo\\\/image\\\/\"}},{\"@type\":\"Person\",\"@id\":\"https:\\\/\\\/kohenavocats.com\\\/tr\\\/#\\\/schema\\\/person\\\/761c9ba54fa1ca84d405cef0831ff751\",\"name\":\"Kohen\",\"image\":{\"@type\":\"ImageObject\",\"inLanguage\":\"tr\",\"@id\":\"https:\\\/\\\/secure.gravatar.com\\\/avatar\\\/1c5e76ef76bbbfdd2b4da984e2bf2fa4056fd51a27d25ce2c332047f1dfd6e00?s=96&d=identicon&r=g\",\"url\":\"https:\\\/\\\/secure.gravatar.com\\\/avatar\\\/1c5e76ef76bbbfdd2b4da984e2bf2fa4056fd51a27d25ce2c332047f1dfd6e00?s=96&d=identicon&r=g\",\"contentUrl\":\"https:\\\/\\\/secure.gravatar.com\\\/avatar\\\/1c5e76ef76bbbfdd2b4da984e2bf2fa4056fd51a27d25ce2c332047f1dfd6e00?s=96&d=identicon&r=g\",\"caption\":\"Kohen\"},\"sameAs\":[\"https:\\\/\\\/www.linkedin.com\\\/in\\\/hassan-kohen-448548192\\\/\",\"https:\\\/\\\/www.youtube.com\\\/@Kohen-Avocats\"],\"url\":\"https:\\\/\\\/kohenavocats.com\\\/tr\\\/author\\\/kohenmlk\\\/\"}]}<\/script>\n<!-- \/ Yoast SEO Premium plugin. -->","yoast_head_json":{"title":"Tribunal judiciaire de Soissons, le 12 juin 2024, n\u00b025\/00235 - Ma\u00eetre Hassan Kohen, avocat en droit p\u00e9nal \u00e0 Paris","description":"Le tribunal judiciaire, statuant en premier ressort, a rendu un jugement le 12 juin 2024. Une infirmi\u00e8re rempla\u00e7ante r\u00e9clamait le paiement de prestations \u00e0 l...","robots":{"index":"index","follow":"follow","max-snippet":"max-snippet:-1","max-image-preview":"max-image-preview:large","max-video-preview":"max-video-preview:-1"},"canonical":"https:\/\/kohenavocats.com\/tr\/tribunal-judiciaire-de-soissons-le-12-juin-2024-n25-00235\/","og_locale":"tr_TR","og_type":"article","og_title":"Tribunal judiciaire de Soissons, le 12 juin 2024, n\u00b025\/00235","og_description":"Le tribunal judiciaire, statuant en premier ressort, a rendu un jugement le 12 juin 2024. Une infirmi\u00e8re rempla\u00e7ante r\u00e9clamait le paiement de prestations \u00e0 l...","og_url":"https:\/\/kohenavocats.com\/tr\/tribunal-judiciaire-de-soissons-le-12-juin-2024-n25-00235\/","og_site_name":"Ma\u00eetre Hassan Kohen, avocat en droit p\u00e9nal \u00e0 Paris","article_published_time":"2026-04-24T05:23:51+00:00","og_image":[{"width":6000,"height":4000,"url":"https:\/\/kohenavocats.com\/wp-content\/uploads\/2024\/11\/alex-shuper-m4kXI_iQmsE-unsplash.webp","type":"image\/webp"}],"author":"Kohen","twitter_card":"summary_large_image","twitter_misc":{"Yazan:":"Kohen","Tahmini okuma s\u00fcresi":"3 dakika"},"schema":{"@context":"https:\/\/schema.org","@graph":[{"@type":"Article","@id":"https:\/\/kohenavocats.com\/tr\/tribunal-judiciaire-de-soissons-le-12-juin-2024-n25-00235\/#article","isPartOf":{"@id":"https:\/\/kohenavocats.com\/tr\/tribunal-judiciaire-de-soissons-le-12-juin-2024-n25-00235\/"},"author":{"name":"Kohen","@id":"https:\/\/kohenavocats.com\/tr\/#\/schema\/person\/761c9ba54fa1ca84d405cef0831ff751"},"headline":"Tribunal judiciaire de Soissons, le 12 juin 2024, n\u00b025\/00235","datePublished":"2026-04-24T05:23:51+00:00","mainEntityOfPage":{"@id":"https:\/\/kohenavocats.com\/tr\/tribunal-judiciaire-de-soissons-le-12-juin-2024-n25-00235\/"},"wordCount":709,"commentCount":0,"publisher":{"@id":"https:\/\/kohenavocats.com\/tr\/#organization"},"image":{"@id":"https:\/\/kohenavocats.com\/tr\/tribunal-judiciaire-de-soissons-le-12-juin-2024-n25-00235\/#primaryimage"},"thumbnailUrl":"https:\/\/kohenavocats.com\/wp-content\/uploads\/2024\/11\/alex-shuper-m4kXI_iQmsE-unsplash.webp","articleSection":["Jurisprudence"],"inLanguage":"tr","potentialAction":[{"@type":"CommentAction","name":"Comment","target":["https:\/\/kohenavocats.com\/tr\/tribunal-judiciaire-de-soissons-le-12-juin-2024-n25-00235\/#respond"]}],"citation":"Tribunal judiciaire de Soissons, le 12 juin 2024, n\u00b025\/00235","about":[{"@type":"Thing","name":"Jurisprudence"}],"dateModified":"2026-04-24T05:23:51+00:00","speakable":{"@type":"SpeakableSpecification","cssSelector":[".article-content > p:first-of-type"]}},{"@type":"WebPage","@id":"https:\/\/kohenavocats.com\/tr\/tribunal-judiciaire-de-soissons-le-12-juin-2024-n25-00235\/","url":"https:\/\/kohenavocats.com\/tr\/tribunal-judiciaire-de-soissons-le-12-juin-2024-n25-00235\/","name":"Tribunal judiciaire de Soissons, le 12 juin 2024, n\u00b025\/00235 - Ma\u00eetre Hassan Kohen, avocat en droit p\u00e9nal \u00e0 Paris","isPartOf":{"@id":"https:\/\/kohenavocats.com\/tr\/#website"},"primaryImageOfPage":{"@id":"https:\/\/kohenavocats.com\/tr\/tribunal-judiciaire-de-soissons-le-12-juin-2024-n25-00235\/#primaryimage"},"image":{"@id":"https:\/\/kohenavocats.com\/tr\/tribunal-judiciaire-de-soissons-le-12-juin-2024-n25-00235\/#primaryimage"},"thumbnailUrl":"https:\/\/kohenavocats.com\/wp-content\/uploads\/2024\/11\/alex-shuper-m4kXI_iQmsE-unsplash.webp","datePublished":"2026-04-24T05:23:51+00:00","description":"Le tribunal judiciaire, statuant en premier ressort, a rendu un jugement le 12 juin 2024. Une infirmi\u00e8re rempla\u00e7ante r\u00e9clamait le paiement de prestations \u00e0 l...","breadcrumb":{"@id":"https:\/\/kohenavocats.com\/tr\/tribunal-judiciaire-de-soissons-le-12-juin-2024-n25-00235\/#breadcrumb"},"inLanguage":"tr","potentialAction":[{"@type":"ReadAction","target":["https:\/\/kohenavocats.com\/tr\/tribunal-judiciaire-de-soissons-le-12-juin-2024-n25-00235\/"]}]},{"@type":"ImageObject","inLanguage":"tr","@id":"https:\/\/kohenavocats.com\/tr\/tribunal-judiciaire-de-soissons-le-12-juin-2024-n25-00235\/#primaryimage","url":"https:\/\/kohenavocats.com\/wp-content\/uploads\/2024\/11\/alex-shuper-m4kXI_iQmsE-unsplash.webp","contentUrl":"https:\/\/kohenavocats.com\/wp-content\/uploads\/2024\/11\/alex-shuper-m4kXI_iQmsE-unsplash.webp","width":6000,"height":4000},{"@type":"BreadcrumbList","@id":"https:\/\/kohenavocats.com\/tr\/tribunal-judiciaire-de-soissons-le-12-juin-2024-n25-00235\/#breadcrumb","itemListElement":[{"@type":"ListItem","position":1,"name":"Home","item":"https:\/\/kohenavocats.com\/tr\/avocats-en-droit-penal-a-paris-conseil-et-defense-strategique\/"},{"@type":"ListItem","position":2,"name":"Tribunal judiciaire de Soissons, le 12 juin 2024, n\u00b025\/00235"}]},{"@type":"WebSite","@id":"https:\/\/kohenavocats.com\/tr\/#website","url":"https:\/\/kohenavocats.com\/tr\/","name":"Kohen Avocats","description":"Ma\u00eetre Hassan Kohen, avocat p\u00e9naliste \u00e0 Paris, intervient exclusivement en droit p\u00e9nal pour la d\u00e9fense des particuliers, notamment en mati\u00e8re d\u2019accusations de viol. Il assure un accompagnement rigoureux d\u00e8s la garde \u00e0 vue jusqu\u2019\u00e0 la Cour d\u2019assises, veillant au strict respect des garanties proc\u00e9durales.","publisher":{"@id":"https:\/\/kohenavocats.com\/tr\/#organization"},"potentialAction":[{"@type":"SearchAction","target":{"@type":"EntryPoint","urlTemplate":"https:\/\/kohenavocats.com\/tr\/?s={search_term_string}"},"query-input":{"@type":"PropertyValueSpecification","valueRequired":true,"valueName":"search_term_string"}}],"inLanguage":"tr"},{"@type":"Organization","@id":"https:\/\/kohenavocats.com\/tr\/#organization","name":"Kohen Avocats","url":"https:\/\/kohenavocats.com\/tr\/","logo":{"@type":"ImageObject","inLanguage":"tr","@id":"https:\/\/kohenavocats.com\/tr\/#\/schema\/logo\/image\/","url":"https:\/\/kohenavocats.com\/wp-content\/uploads\/2026\/01\/Logo-2-1.webp","contentUrl":"https:\/\/kohenavocats.com\/wp-content\/uploads\/2026\/01\/Logo-2-1.webp","width":2114,"height":1253,"caption":"Kohen Avocats"},"image":{"@id":"https:\/\/kohenavocats.com\/tr\/#\/schema\/logo\/image\/"}},{"@type":"Person","@id":"https:\/\/kohenavocats.com\/tr\/#\/schema\/person\/761c9ba54fa1ca84d405cef0831ff751","name":"Kohen","image":{"@type":"ImageObject","inLanguage":"tr","@id":"https:\/\/secure.gravatar.com\/avatar\/1c5e76ef76bbbfdd2b4da984e2bf2fa4056fd51a27d25ce2c332047f1dfd6e00?s=96&d=identicon&r=g","url":"https:\/\/secure.gravatar.com\/avatar\/1c5e76ef76bbbfdd2b4da984e2bf2fa4056fd51a27d25ce2c332047f1dfd6e00?s=96&d=identicon&r=g","contentUrl":"https:\/\/secure.gravatar.com\/avatar\/1c5e76ef76bbbfdd2b4da984e2bf2fa4056fd51a27d25ce2c332047f1dfd6e00?s=96&d=identicon&r=g","caption":"Kohen"},"sameAs":["https:\/\/www.linkedin.com\/in\/hassan-kohen-448548192\/","https:\/\/www.youtube.com\/@Kohen-Avocats"],"url":"https:\/\/kohenavocats.com\/tr\/author\/kohenmlk\/"}]}},"jetpack_featured_media_url":"https:\/\/kohenavocats.com\/wp-content\/uploads\/2024\/11\/alex-shuper-m4kXI_iQmsE-unsplash.webp","jetpack_likes_enabled":false,"jetpack_shortlink":"https:\/\/wp.me\/peCrII-2Ol1","jetpack-related-posts":[{"id":478868,"url":"https:\/\/kohenavocats.com\/tr\/tribunal-judiciaire-de-beziers-le-26-avril-2024-n24-00607\/","url_meta":{"origin":670159,"position":0},"title":"Tribunal judiciaire de B\u00e9ziers, le 26 avril 2024, n\u00b024\/00607","author":"Kohen","date":"7 Nisan 2026","format":false,"excerpt":"Le juge des contentieux de la protection a rendu un jugement le 26 avril 2024. Il statuait sur une demande de paiement formul\u00e9e par un bailleur \u00e0 l'encontre ...","rel":"","context":"&quot;Jurisprudence&quot; i\u00e7inde","block_context":{"text":"Jurisprudence","link":"https:\/\/kohenavocats.com\/category\/jurisprudence\/"},"img":{"alt_text":"","src":"https:\/\/i0.wp.com\/kohenavocats.com\/wp-content\/uploads\/2024\/06\/robin-ooode-A5hD0BMzsbo-unsplash.webp?resize=350%2C200&ssl=1","width":350,"height":200,"srcset":"https:\/\/i0.wp.com\/kohenavocats.com\/wp-content\/uploads\/2024\/06\/robin-ooode-A5hD0BMzsbo-unsplash.webp?resize=350%2C200&ssl=1 1x, https:\/\/i0.wp.com\/kohenavocats.com\/wp-content\/uploads\/2024\/06\/robin-ooode-A5hD0BMzsbo-unsplash.webp?resize=525%2C300&ssl=1 1.5x, https:\/\/i0.wp.com\/kohenavocats.com\/wp-content\/uploads\/2024\/06\/robin-ooode-A5hD0BMzsbo-unsplash.webp?resize=700%2C400&ssl=1 2x, https:\/\/i0.wp.com\/kohenavocats.com\/wp-content\/uploads\/2024\/06\/robin-ooode-A5hD0BMzsbo-unsplash.webp?resize=1050%2C600&ssl=1 3x, https:\/\/i0.wp.com\/kohenavocats.com\/wp-content\/uploads\/2024\/06\/robin-ooode-A5hD0BMzsbo-unsplash.webp?resize=1400%2C800&ssl=1 4x"},"classes":[]},{"id":631878,"url":"https:\/\/kohenavocats.com\/tr\/tribunal-judiciaire-de-dax-le-6-juin-2025-n24-00551\/","url_meta":{"origin":670159,"position":1},"title":"Tribunal judiciaire de Dax, le 6 juin 2025, n\u00b024\/00551","author":"Kohen","date":"21 Nisan 2026","format":false,"excerpt":"Le juge des contentieux de la protection a statu\u00e9 le 6 juin 2025 sur un litige locatif opposant des bailleurs \u00e0 leurs anciens locataires. Les premiers r\u00e9clam...","rel":"","context":"&quot;Jurisprudence&quot; i\u00e7inde","block_context":{"text":"Jurisprudence","link":"https:\/\/kohenavocats.com\/category\/jurisprudence\/"},"img":{"alt_text":"","src":"https:\/\/i0.wp.com\/kohenavocats.com\/wp-content\/uploads\/2024\/08\/andre-benz-AiORnUT6sC0-unsplash.webp?resize=350%2C200&ssl=1","width":350,"height":200,"srcset":"https:\/\/i0.wp.com\/kohenavocats.com\/wp-content\/uploads\/2024\/08\/andre-benz-AiORnUT6sC0-unsplash.webp?resize=350%2C200&ssl=1 1x, https:\/\/i0.wp.com\/kohenavocats.com\/wp-content\/uploads\/2024\/08\/andre-benz-AiORnUT6sC0-unsplash.webp?resize=525%2C300&ssl=1 1.5x, https:\/\/i0.wp.com\/kohenavocats.com\/wp-content\/uploads\/2024\/08\/andre-benz-AiORnUT6sC0-unsplash.webp?resize=700%2C400&ssl=1 2x, https:\/\/i0.wp.com\/kohenavocats.com\/wp-content\/uploads\/2024\/08\/andre-benz-AiORnUT6sC0-unsplash.webp?resize=1050%2C600&ssl=1 3x, https:\/\/i0.wp.com\/kohenavocats.com\/wp-content\/uploads\/2024\/08\/andre-benz-AiORnUT6sC0-unsplash.webp?resize=1400%2C800&ssl=1 4x"},"classes":[]},{"id":81772,"url":"https:\/\/kohenavocats.com\/tr\/cour-dappel-de-rennes-le-24-juin-2025-n24-05274\/","url_meta":{"origin":670159,"position":2},"title":"Cour d&#8217;appel de Rennes, le 24 juin 2025, n\u00b024\/05274","author":"Kohen","date":"10 Kas\u0131m 2025","format":false,"excerpt":"Par un arr\u00eat du 24 juin 2025, la Cour d\u2019appel de Rennes se prononce sur la recevabilit\u00e9 d\u2019un recours form\u00e9 contre une ordonnance de rejet de cr\u00e9ance en proc\u00e9dure collective. L\u2019enjeu porte sur l\u2019application de l\u2019article L. 622-27 du code de commerce et sur la port\u00e9e d\u2019un avis de contestation\u2026","rel":"","context":"&quot;Travaux Parlementaires&quot; i\u00e7inde","block_context":{"text":"Travaux Parlementaires","link":"https:\/\/kohenavocats.com\/category\/travaux-parlementaires\/"},"img":{"alt_text":"","src":"https:\/\/i0.wp.com\/kohenavocats.com\/wp-content\/uploads\/2024\/11\/nigel-hoare-1YyTewQMpmU-unsplash.webp?resize=350%2C200&ssl=1","width":350,"height":200,"srcset":"https:\/\/i0.wp.com\/kohenavocats.com\/wp-content\/uploads\/2024\/11\/nigel-hoare-1YyTewQMpmU-unsplash.webp?resize=350%2C200&ssl=1 1x, https:\/\/i0.wp.com\/kohenavocats.com\/wp-content\/uploads\/2024\/11\/nigel-hoare-1YyTewQMpmU-unsplash.webp?resize=525%2C300&ssl=1 1.5x, https:\/\/i0.wp.com\/kohenavocats.com\/wp-content\/uploads\/2024\/11\/nigel-hoare-1YyTewQMpmU-unsplash.webp?resize=700%2C400&ssl=1 2x, https:\/\/i0.wp.com\/kohenavocats.com\/wp-content\/uploads\/2024\/11\/nigel-hoare-1YyTewQMpmU-unsplash.webp?resize=1050%2C600&ssl=1 3x, https:\/\/i0.wp.com\/kohenavocats.com\/wp-content\/uploads\/2024\/11\/nigel-hoare-1YyTewQMpmU-unsplash.webp?resize=1400%2C800&ssl=1 4x"},"classes":[]},{"id":636405,"url":"https:\/\/kohenavocats.com\/tr\/tribunal-judiciaire-de-paris-le-18-octobre-2024-n25-02928\/","url_meta":{"origin":670159,"position":3},"title":"Tribunal judiciaire de Paris, le 18 octobre 2024, n\u00b025\/02928","author":"Kohen","date":"21 Nisan 2026","format":false,"excerpt":"Le tribunal judiciaire, par jugement du 18 octobre 2024, a statu\u00e9 sur une action en recouvrement de charges de copropri\u00e9t\u00e9. Le syndicat demandait le paiement...","rel":"","context":"&quot;Jurisprudence&quot; i\u00e7inde","block_context":{"text":"Jurisprudence","link":"https:\/\/kohenavocats.com\/category\/jurisprudence\/"},"img":{"alt_text":"","src":"https:\/\/i0.wp.com\/kohenavocats.com\/wp-content\/uploads\/2024\/11\/laura-adai-pK4l4wGVETA-unsplash.webp?resize=350%2C200&ssl=1","width":350,"height":200,"srcset":"https:\/\/i0.wp.com\/kohenavocats.com\/wp-content\/uploads\/2024\/11\/laura-adai-pK4l4wGVETA-unsplash.webp?resize=350%2C200&ssl=1 1x, https:\/\/i0.wp.com\/kohenavocats.com\/wp-content\/uploads\/2024\/11\/laura-adai-pK4l4wGVETA-unsplash.webp?resize=525%2C300&ssl=1 1.5x, https:\/\/i0.wp.com\/kohenavocats.com\/wp-content\/uploads\/2024\/11\/laura-adai-pK4l4wGVETA-unsplash.webp?resize=700%2C400&ssl=1 2x, https:\/\/i0.wp.com\/kohenavocats.com\/wp-content\/uploads\/2024\/11\/laura-adai-pK4l4wGVETA-unsplash.webp?resize=1050%2C600&ssl=1 3x, https:\/\/i0.wp.com\/kohenavocats.com\/wp-content\/uploads\/2024\/11\/laura-adai-pK4l4wGVETA-unsplash.webp?resize=1400%2C800&ssl=1 4x"},"classes":[]},{"id":238763,"url":"https:\/\/kohenavocats.com\/tr\/cour-dappel-de-fort-de-france-le-24-juin-2025-n24-00219\/","url_meta":{"origin":670159,"position":4},"title":"Cour d&#8217;appel de Fort de France, le 24 juin 2025, n\u00b024\/00219","author":"Kohen","date":"31 Aral\u0131k 2025","format":false,"excerpt":"L'arr\u00eat rendu par la Cour d'appel de Fort-de-France le 24 juin 2025 illustre une application classique des r\u00e8gles relatives \u00e0 la charge de la preuve du paiement. Un \u00e9tablissement public charg\u00e9 de la gestion d'un r\u00e9gime de retraite compl\u00e9mentaire r\u00e9clamait \u00e0 une commune le r\u00e8glement de cotisations pour plusieurs exercices\u2026","rel":"","context":"&quot;Cour d'appel&quot; i\u00e7inde","block_context":{"text":"Cour d'appel","link":"https:\/\/kohenavocats.com\/category\/cour-dappel\/"},"img":{"alt_text":"","src":"https:\/\/i0.wp.com\/kohenavocats.com\/wp-content\/uploads\/2024\/11\/getty-images-2F-9_XQYhP8-unsplash.webp?resize=350%2C200&ssl=1","width":350,"height":200,"srcset":"https:\/\/i0.wp.com\/kohenavocats.com\/wp-content\/uploads\/2024\/11\/getty-images-2F-9_XQYhP8-unsplash.webp?resize=350%2C200&ssl=1 1x, https:\/\/i0.wp.com\/kohenavocats.com\/wp-content\/uploads\/2024\/11\/getty-images-2F-9_XQYhP8-unsplash.webp?resize=525%2C300&ssl=1 1.5x, https:\/\/i0.wp.com\/kohenavocats.com\/wp-content\/uploads\/2024\/11\/getty-images-2F-9_XQYhP8-unsplash.webp?resize=700%2C400&ssl=1 2x, https:\/\/i0.wp.com\/kohenavocats.com\/wp-content\/uploads\/2024\/11\/getty-images-2F-9_XQYhP8-unsplash.webp?resize=1050%2C600&ssl=1 3x, https:\/\/i0.wp.com\/kohenavocats.com\/wp-content\/uploads\/2024\/11\/getty-images-2F-9_XQYhP8-unsplash.webp?resize=1400%2C800&ssl=1 4x"},"classes":[]},{"id":415201,"url":"https:\/\/kohenavocats.com\/tr\/cour-dappel-de-paris-le-26-juin-2012-n11-14710\/","url_meta":{"origin":670159,"position":5},"title":"Cour d&#8217;appel de Paris, le 26 juin 2012, n\u00b011\/14710","author":"Kohen","date":"21 Mart 2026","format":false,"excerpt":"La Cour d\u2019appel de Paris, dans un arr\u00eat du 26 juin 2012, a \u00e9t\u00e9 saisie d\u2019un litige relatif \u00e0 la rupture d\u2019un contrat de collaboration lib\u00e9rale entre un cabinet d\u2019avocats et une avocate collaboratrice. Le diff\u00e9rend portait principalement sur la date effective de cette rupture, laquelle d\u00e9terminait le calcul des\u2026","rel":"","context":"&quot;Cour d'appel&quot; i\u00e7inde","block_context":{"text":"Cour d'appel","link":"https:\/\/kohenavocats.com\/category\/cour-dappel\/"},"img":{"alt_text":"","src":"https:\/\/i0.wp.com\/kohenavocats.com\/wp-content\/uploads\/2024\/11\/mohamed-nohassi-G58ozVlYgF8-unsplash.webp?resize=350%2C200&ssl=1","width":350,"height":200,"srcset":"https:\/\/i0.wp.com\/kohenavocats.com\/wp-content\/uploads\/2024\/11\/mohamed-nohassi-G58ozVlYgF8-unsplash.webp?resize=350%2C200&ssl=1 1x, https:\/\/i0.wp.com\/kohenavocats.com\/wp-content\/uploads\/2024\/11\/mohamed-nohassi-G58ozVlYgF8-unsplash.webp?resize=525%2C300&ssl=1 1.5x, https:\/\/i0.wp.com\/kohenavocats.com\/wp-content\/uploads\/2024\/11\/mohamed-nohassi-G58ozVlYgF8-unsplash.webp?resize=700%2C400&ssl=1 2x, https:\/\/i0.wp.com\/kohenavocats.com\/wp-content\/uploads\/2024\/11\/mohamed-nohassi-G58ozVlYgF8-unsplash.webp?resize=1050%2C600&ssl=1 3x, https:\/\/i0.wp.com\/kohenavocats.com\/wp-content\/uploads\/2024\/11\/mohamed-nohassi-G58ozVlYgF8-unsplash.webp?resize=1400%2C800&ssl=1 4x"},"classes":[]}],"jetpack_sharing_enabled":true,"_links":{"self":[{"href":"https:\/\/kohenavocats.com\/tr\/wp-json\/wp\/v2\/posts\/670159","targetHints":{"allow":["GET"]}}],"collection":[{"href":"https:\/\/kohenavocats.com\/tr\/wp-json\/wp\/v2\/posts"}],"about":[{"href":"https:\/\/kohenavocats.com\/tr\/wp-json\/wp\/v2\/types\/post"}],"author":[{"embeddable":true,"href":"https:\/\/kohenavocats.com\/tr\/wp-json\/wp\/v2\/users\/232070755"}],"replies":[{"embeddable":true,"href":"https:\/\/kohenavocats.com\/tr\/wp-json\/wp\/v2\/comments?post=670159"}],"version-history":[{"count":0,"href":"https:\/\/kohenavocats.com\/tr\/wp-json\/wp\/v2\/posts\/670159\/revisions"}],"wp:featuredmedia":[{"embeddable":true,"href":"https:\/\/kohenavocats.com\/tr\/wp-json\/wp\/v2\/media\/9605"}],"wp:attachment":[{"href":"https:\/\/kohenavocats.com\/tr\/wp-json\/wp\/v2\/media?parent=670159"}],"wp:term":[{"taxonomy":"category","embeddable":true,"href":"https:\/\/kohenavocats.com\/tr\/wp-json\/wp\/v2\/categories?post=670159"},{"taxonomy":"post_tag","embeddable":true,"href":"https:\/\/kohenavocats.com\/tr\/wp-json\/wp\/v2\/tags?post=670159"}],"curies":[{"name":"wp","href":"https:\/\/api.w.org\/{rel}","templated":true}]}}