{"id":670160,"date":"2026-04-24T07:23:54","date_gmt":"2026-04-24T05:23:54","guid":{"rendered":"https:\/\/kohenavocats.com\/cour-dappel-de-paris-le-18-septembre-2025-n25-04681\/"},"modified":"2026-04-24T07:23:54","modified_gmt":"2026-04-24T05:23:54","slug":"cour-dappel-de-paris-le-18-septembre-2025-n25-04681","status":"publish","type":"post","link":"https:\/\/kohenavocats.com\/tr\/cour-dappel-de-paris-le-18-septembre-2025-n25-04681\/","title":{"rendered":"Cour d&#8217;appel de Paris, le 18 septembre 2025, n\u00b025\/04681"},"content":{"rendered":"<div class=\"article-content\">\n<p>La Cour d&#8217;appel de Paris, le 18 septembre 2025, statue sur une requ\u00eate en rectification d&#8217;erreur mat\u00e9rielle. Le juge de la mise en \u00e9tat avait rendu une ordonnance d\u00e9signant une expertise. Une partie requiert la rectification du dispositif pour y inclure express\u00e9ment deux assureurs. La question est de savoir si une omission concernant l&#8217;identit\u00e9 de parties \u00e0 une expertise constitue une erreur mat\u00e9rielle rectifiable. La cour accueille la requ\u00eate et rectifie l&#8217;ordonnance pour ajouter les deux assureurs concern\u00e9s.<\/p>\n<p>La qualification juridique de l&#8217;omission comme erreur mat\u00e9rielle<\/p>\n<p>La d\u00e9cision retient le caract\u00e8re mat\u00e9riel de l&#8217;impr\u00e9cision dans la r\u00e9daction. L&#8217;examen du dossier r\u00e9v\u00e8le une contradiction entre l&#8217;intention du juge et la formulation \u00e9crite. Le dispositif initial omettait d&#8217;indiquer express\u00e9ment les assureurs comme nouvelles parties \u00e0 l&#8217;expertise. Cette omission est qualifi\u00e9e d&#8217;impr\u00e9cision affectant la clart\u00e9 de la d\u00e9cision. Elle rel\u00e8ve ainsi du champ d&#8217;application de l&#8217;article 462 du code de proc\u00e9dure civile.<\/p>\n<p>La port\u00e9e de cette analyse est de rappeler les crit\u00e8res de l&#8217;erreur rectifiable. L&#8217;erreur mat\u00e9rielle couvre les divergences entre la volont\u00e9 du juge et son expression \u00e9crite. &#8220;L&#8217;examen de la d\u00e9cision fait appara\u00eetre une impr\u00e9cision quant aux nouvelles parties&#8221; (Motifs). La rectification vise \u00e0 harmoniser le dispositif avec l&#8217;intention d\u00e9duite des d\u00e9bats. Cette interpr\u00e9tation est conforme \u00e0 la jurisprudence constante sur la mati\u00e8re.<\/p>\n<p>Les modalit\u00e9s proc\u00e9durales de la rectification par le juge<\/p>\n<p>La juridiction se saisit d&#8217;office pour r\u00e9gulariser la situation concernant l&#8217;un des assureurs. Le juge utilise le pouvoir conf\u00e9r\u00e9 par l&#8217;article 462 pour corriger l&#8217;omission. Il statue sans audience, estimant l&#8217;audition des parties non n\u00e9cessaire en l&#8217;esp\u00e8ce. Cette proc\u00e9dure simplifi\u00e9e permet une correction rapide et efficace de l&#8217;erreur. Elle \u00e9vite ainsi un formalisme excessif pour une rectification purement mat\u00e9rielle.<\/p>\n<p>La valeur de cette solution r\u00e9side dans l&#8217;\u00e9conomie proc\u00e9durale qu&#8217;elle consacre. Le juge peut statuer sans audience lorsqu&#8217;il est saisi par requ\u00eate. &#8220;Toutefois lorsqu\u2019il est saisi par requ\u00eate il statue sans audience, \u00e0 moins qu\u2019il n\u2019estime n\u00e9cessaire d\u2019entendre les parties&#8221; (Motifs). Cette facult\u00e9 est exerc\u00e9e ici au nom de l&#8217;efficacit\u00e9 de la justice. Elle assure la c\u00e9l\u00e9rit\u00e9 tout en respectant le droit \u00e0 un proc\u00e8s \u00e9quitable.<\/p>\n<p>La d\u00e9cision illustre le m\u00e9canisme correctif des erreurs mat\u00e9rielles en proc\u00e9dure civile. Elle pr\u00e9cise que l&#8217;omission de parties dans un dispositif d&#8217;expertise est rectifiable. Le juge peut se saisir d&#8217;office et statuer sans audience pour une telle r\u00e9gularisation. Cette solution garantit la s\u00e9curit\u00e9 juridique et l&#8217;exactitude des d\u00e9cisions de justice. Elle confirme une jurisprudence bien \u00e9tablie sur l&#8217;interpr\u00e9tation de l&#8217;article 462.<\/p>\n<\/div>\n","protected":false},"excerpt":{"rendered":"<p>La Cour d&#8217;appel de Paris, le 18 septembre 2025, statue sur une requ\u00eate en rectification d&#8217;erreur mat\u00e9rielle. Le juge de la mise en \u00e9tat avait rendu une ordon&#8230;<\/p>\n","protected":false},"author":232070755,"featured_media":9558,"comment_status":"open","ping_status":"open","sticky":false,"template":"","format":"standard","meta":{"_crdt_document":"","_jetpack_newsletter_access":"","_jetpack_dont_email_post_to_subs":false,"_jetpack_newsletter_tier_id":0,"_jetpack_memberships_contains_paywalled_content":false,"_kj_source_type":"judilibre","_kj_official_id":"68e88b4c3ea43407b9fba84a","_kj_official_url":"https:\/\/www.courdecassation.fr\/decision\/68e88b4c3ea43407b9fba84a","_kj_judilibre_id":"68e88b4c3ea43407b9fba84a","_kj_jur":"Tribunal judiciaire","_kj_lieu":"Tribunal judiciaire de Versailles","_kj_chambre":"Quatri\u00e8me Chambre","_kj_rg":"25\/04681","_kj_date":"2025-09-18","_jetpack_memberships_contains_paid_content":false,"footnotes":"","jetpack_post_was_ever_published":false},"categories":[7597],"tags":[],"class_list":["post-670160","post","type-post","status-publish","format-standard","has-post-thumbnail","hentry","category-jurisprudence"],"yoast_head":"<!-- This site is optimized with the Yoast SEO Premium plugin v27.5 (Yoast SEO v27.5) - https:\/\/yoast.com\/product\/yoast-seo-premium-wordpress\/ -->\n<title>Cour d&#039;appel de Paris, le 18 septembre 2025, n\u00b025\/04681 - Ma\u00eetre Hassan Kohen, avocat en droit p\u00e9nal \u00e0 Paris<\/title>\n<meta name=\"description\" content=\"La Cour d&#039;appel de Paris, le 18 septembre 2025, statue sur une requ\u00eate en rectification d&#039;erreur mat\u00e9rielle. Le juge de la mise en \u00e9tat avait rendu une ordon...\" \/>\n<meta name=\"robots\" content=\"index, follow, max-snippet:-1, max-image-preview:large, max-video-preview:-1\" \/>\n<link rel=\"canonical\" href=\"https:\/\/kohenavocats.com\/tr\/cour-dappel-de-paris-le-18-septembre-2025-n25-04681\/\" \/>\n<meta property=\"og:locale\" content=\"tr_TR\" \/>\n<meta property=\"og:type\" content=\"article\" \/>\n<meta property=\"og:title\" content=\"Cour d&#039;appel de Paris, le 18 septembre 2025, n\u00b025\/04681\" \/>\n<meta property=\"og:description\" content=\"La Cour d&#039;appel de Paris, le 18 septembre 2025, statue sur une requ\u00eate en rectification d&#039;erreur mat\u00e9rielle. Le juge de la mise en \u00e9tat avait rendu une ordon...\" \/>\n<meta property=\"og:url\" content=\"https:\/\/kohenavocats.com\/tr\/cour-dappel-de-paris-le-18-septembre-2025-n25-04681\/\" \/>\n<meta property=\"og:site_name\" content=\"Ma\u00eetre Hassan Kohen, avocat en droit p\u00e9nal \u00e0 Paris\" \/>\n<meta property=\"article:published_time\" content=\"2026-04-24T05:23:54+00:00\" \/>\n<meta property=\"og:image\" content=\"https:\/\/kohenavocats.com\/wp-content\/uploads\/2024\/11\/getty-images-tv21aoxFzwY-unsplash.webp\" \/>\n\t<meta property=\"og:image:width\" content=\"6500\" \/>\n\t<meta property=\"og:image:height\" content=\"4000\" \/>\n\t<meta property=\"og:image:type\" content=\"image\/webp\" \/>\n<meta name=\"author\" content=\"Kohen\" \/>\n<meta name=\"twitter:card\" content=\"summary_large_image\" \/>\n<meta name=\"twitter:label1\" content=\"Yazan:\" \/>\n\t<meta name=\"twitter:data1\" content=\"Kohen\" \/>\n\t<meta name=\"twitter:label2\" content=\"Tahmini okuma s\u00fcresi\" \/>\n\t<meta name=\"twitter:data2\" content=\"2 dakika\" \/>\n<script type=\"application\/ld+json\" class=\"yoast-schema-graph\">{\"@context\":\"https:\\\/\\\/schema.org\",\"@graph\":[{\"@type\":\"Article\",\"@id\":\"https:\\\/\\\/kohenavocats.com\\\/tr\\\/cour-dappel-de-paris-le-18-septembre-2025-n25-04681\\\/#article\",\"isPartOf\":{\"@id\":\"https:\\\/\\\/kohenavocats.com\\\/tr\\\/cour-dappel-de-paris-le-18-septembre-2025-n25-04681\\\/\"},\"author\":{\"name\":\"Kohen\",\"@id\":\"https:\\\/\\\/kohenavocats.com\\\/tr\\\/#\\\/schema\\\/person\\\/761c9ba54fa1ca84d405cef0831ff751\"},\"headline\":\"Cour d&#8217;appel de Paris, le 18 septembre 2025, n\u00b025\\\/04681\",\"datePublished\":\"2026-04-24T05:23:54+00:00\",\"mainEntityOfPage\":{\"@id\":\"https:\\\/\\\/kohenavocats.com\\\/tr\\\/cour-dappel-de-paris-le-18-septembre-2025-n25-04681\\\/\"},\"wordCount\":500,\"commentCount\":0,\"publisher\":{\"@id\":\"https:\\\/\\\/kohenavocats.com\\\/tr\\\/#organization\"},\"image\":{\"@id\":\"https:\\\/\\\/kohenavocats.com\\\/tr\\\/cour-dappel-de-paris-le-18-septembre-2025-n25-04681\\\/#primaryimage\"},\"thumbnailUrl\":\"https:\\\/\\\/kohenavocats.com\\\/wp-content\\\/uploads\\\/2024\\\/11\\\/getty-images-tv21aoxFzwY-unsplash.webp\",\"articleSection\":[\"Jurisprudence\"],\"inLanguage\":\"tr\",\"potentialAction\":[{\"@type\":\"CommentAction\",\"name\":\"Comment\",\"target\":[\"https:\\\/\\\/kohenavocats.com\\\/tr\\\/cour-dappel-de-paris-le-18-septembre-2025-n25-04681\\\/#respond\"]}],\"citation\":\"Cour d&#8217;appel de Paris, le 18 septembre 2025, n\u00b025\\\/04681\",\"about\":[{\"@type\":\"Thing\",\"name\":\"Jurisprudence\"}],\"dateModified\":\"2026-04-24T05:23:54+00:00\",\"speakable\":{\"@type\":\"SpeakableSpecification\",\"cssSelector\":[\".article-content > p:first-of-type\"]}},{\"@type\":\"WebPage\",\"@id\":\"https:\\\/\\\/kohenavocats.com\\\/tr\\\/cour-dappel-de-paris-le-18-septembre-2025-n25-04681\\\/\",\"url\":\"https:\\\/\\\/kohenavocats.com\\\/tr\\\/cour-dappel-de-paris-le-18-septembre-2025-n25-04681\\\/\",\"name\":\"Cour d'appel de Paris, le 18 septembre 2025, n\u00b025\\\/04681 - Ma\u00eetre Hassan Kohen, avocat en droit p\u00e9nal \u00e0 Paris\",\"isPartOf\":{\"@id\":\"https:\\\/\\\/kohenavocats.com\\\/tr\\\/#website\"},\"primaryImageOfPage\":{\"@id\":\"https:\\\/\\\/kohenavocats.com\\\/tr\\\/cour-dappel-de-paris-le-18-septembre-2025-n25-04681\\\/#primaryimage\"},\"image\":{\"@id\":\"https:\\\/\\\/kohenavocats.com\\\/tr\\\/cour-dappel-de-paris-le-18-septembre-2025-n25-04681\\\/#primaryimage\"},\"thumbnailUrl\":\"https:\\\/\\\/kohenavocats.com\\\/wp-content\\\/uploads\\\/2024\\\/11\\\/getty-images-tv21aoxFzwY-unsplash.webp\",\"datePublished\":\"2026-04-24T05:23:54+00:00\",\"description\":\"La Cour d'appel de Paris, le 18 septembre 2025, statue sur une requ\u00eate en rectification d'erreur mat\u00e9rielle. Le juge de la mise en \u00e9tat avait rendu une ordon...\",\"breadcrumb\":{\"@id\":\"https:\\\/\\\/kohenavocats.com\\\/tr\\\/cour-dappel-de-paris-le-18-septembre-2025-n25-04681\\\/#breadcrumb\"},\"inLanguage\":\"tr\",\"potentialAction\":[{\"@type\":\"ReadAction\",\"target\":[\"https:\\\/\\\/kohenavocats.com\\\/tr\\\/cour-dappel-de-paris-le-18-septembre-2025-n25-04681\\\/\"]}]},{\"@type\":\"ImageObject\",\"inLanguage\":\"tr\",\"@id\":\"https:\\\/\\\/kohenavocats.com\\\/tr\\\/cour-dappel-de-paris-le-18-septembre-2025-n25-04681\\\/#primaryimage\",\"url\":\"https:\\\/\\\/kohenavocats.com\\\/wp-content\\\/uploads\\\/2024\\\/11\\\/getty-images-tv21aoxFzwY-unsplash.webp\",\"contentUrl\":\"https:\\\/\\\/kohenavocats.com\\\/wp-content\\\/uploads\\\/2024\\\/11\\\/getty-images-tv21aoxFzwY-unsplash.webp\",\"width\":6500,\"height\":4000},{\"@type\":\"BreadcrumbList\",\"@id\":\"https:\\\/\\\/kohenavocats.com\\\/tr\\\/cour-dappel-de-paris-le-18-septembre-2025-n25-04681\\\/#breadcrumb\",\"itemListElement\":[{\"@type\":\"ListItem\",\"position\":1,\"name\":\"Home\",\"item\":\"https:\\\/\\\/kohenavocats.com\\\/tr\\\/avocats-en-droit-penal-a-paris-conseil-et-defense-strategique\\\/\"},{\"@type\":\"ListItem\",\"position\":2,\"name\":\"Cour d&rsquo;appel de Paris, le 18 septembre 2025, n\u00b025\\\/04681\"}]},{\"@type\":\"WebSite\",\"@id\":\"https:\\\/\\\/kohenavocats.com\\\/tr\\\/#website\",\"url\":\"https:\\\/\\\/kohenavocats.com\\\/tr\\\/\",\"name\":\"Kohen Avocats\",\"description\":\"Ma\u00eetre Hassan Kohen, avocat p\u00e9naliste \u00e0 Paris, intervient exclusivement en droit p\u00e9nal pour la d\u00e9fense des particuliers, notamment en mati\u00e8re d\u2019accusations de viol. Il assure un accompagnement rigoureux d\u00e8s la garde \u00e0 vue jusqu\u2019\u00e0 la Cour d\u2019assises, veillant au strict respect des garanties proc\u00e9durales.\",\"publisher\":{\"@id\":\"https:\\\/\\\/kohenavocats.com\\\/tr\\\/#organization\"},\"potentialAction\":[{\"@type\":\"SearchAction\",\"target\":{\"@type\":\"EntryPoint\",\"urlTemplate\":\"https:\\\/\\\/kohenavocats.com\\\/tr\\\/?s={search_term_string}\"},\"query-input\":{\"@type\":\"PropertyValueSpecification\",\"valueRequired\":true,\"valueName\":\"search_term_string\"}}],\"inLanguage\":\"tr\"},{\"@type\":\"Organization\",\"@id\":\"https:\\\/\\\/kohenavocats.com\\\/tr\\\/#organization\",\"name\":\"Kohen Avocats\",\"url\":\"https:\\\/\\\/kohenavocats.com\\\/tr\\\/\",\"logo\":{\"@type\":\"ImageObject\",\"inLanguage\":\"tr\",\"@id\":\"https:\\\/\\\/kohenavocats.com\\\/tr\\\/#\\\/schema\\\/logo\\\/image\\\/\",\"url\":\"https:\\\/\\\/kohenavocats.com\\\/wp-content\\\/uploads\\\/2026\\\/01\\\/Logo-2-1.webp\",\"contentUrl\":\"https:\\\/\\\/kohenavocats.com\\\/wp-content\\\/uploads\\\/2026\\\/01\\\/Logo-2-1.webp\",\"width\":2114,\"height\":1253,\"caption\":\"Kohen Avocats\"},\"image\":{\"@id\":\"https:\\\/\\\/kohenavocats.com\\\/tr\\\/#\\\/schema\\\/logo\\\/image\\\/\"}},{\"@type\":\"Person\",\"@id\":\"https:\\\/\\\/kohenavocats.com\\\/tr\\\/#\\\/schema\\\/person\\\/761c9ba54fa1ca84d405cef0831ff751\",\"name\":\"Kohen\",\"image\":{\"@type\":\"ImageObject\",\"inLanguage\":\"tr\",\"@id\":\"https:\\\/\\\/secure.gravatar.com\\\/avatar\\\/1c5e76ef76bbbfdd2b4da984e2bf2fa4056fd51a27d25ce2c332047f1dfd6e00?s=96&d=identicon&r=g\",\"url\":\"https:\\\/\\\/secure.gravatar.com\\\/avatar\\\/1c5e76ef76bbbfdd2b4da984e2bf2fa4056fd51a27d25ce2c332047f1dfd6e00?s=96&d=identicon&r=g\",\"contentUrl\":\"https:\\\/\\\/secure.gravatar.com\\\/avatar\\\/1c5e76ef76bbbfdd2b4da984e2bf2fa4056fd51a27d25ce2c332047f1dfd6e00?s=96&d=identicon&r=g\",\"caption\":\"Kohen\"},\"sameAs\":[\"https:\\\/\\\/www.linkedin.com\\\/in\\\/hassan-kohen-448548192\\\/\",\"https:\\\/\\\/www.youtube.com\\\/@Kohen-Avocats\"],\"url\":\"https:\\\/\\\/kohenavocats.com\\\/tr\\\/author\\\/kohenmlk\\\/\"}]}<\/script>\n<!-- \/ Yoast SEO Premium plugin. -->","yoast_head_json":{"title":"Cour d'appel de Paris, le 18 septembre 2025, n\u00b025\/04681 - Ma\u00eetre Hassan Kohen, avocat en droit p\u00e9nal \u00e0 Paris","description":"La Cour d'appel de Paris, le 18 septembre 2025, statue sur une requ\u00eate en rectification d'erreur mat\u00e9rielle. Le juge de la mise en \u00e9tat avait rendu une ordon...","robots":{"index":"index","follow":"follow","max-snippet":"max-snippet:-1","max-image-preview":"max-image-preview:large","max-video-preview":"max-video-preview:-1"},"canonical":"https:\/\/kohenavocats.com\/tr\/cour-dappel-de-paris-le-18-septembre-2025-n25-04681\/","og_locale":"tr_TR","og_type":"article","og_title":"Cour d'appel de Paris, le 18 septembre 2025, n\u00b025\/04681","og_description":"La Cour d'appel de Paris, le 18 septembre 2025, statue sur une requ\u00eate en rectification d'erreur mat\u00e9rielle. Le juge de la mise en \u00e9tat avait rendu une ordon...","og_url":"https:\/\/kohenavocats.com\/tr\/cour-dappel-de-paris-le-18-septembre-2025-n25-04681\/","og_site_name":"Ma\u00eetre Hassan Kohen, avocat en droit p\u00e9nal \u00e0 Paris","article_published_time":"2026-04-24T05:23:54+00:00","og_image":[{"width":6500,"height":4000,"url":"https:\/\/kohenavocats.com\/wp-content\/uploads\/2024\/11\/getty-images-tv21aoxFzwY-unsplash.webp","type":"image\/webp"}],"author":"Kohen","twitter_card":"summary_large_image","twitter_misc":{"Yazan:":"Kohen","Tahmini okuma s\u00fcresi":"2 dakika"},"schema":{"@context":"https:\/\/schema.org","@graph":[{"@type":"Article","@id":"https:\/\/kohenavocats.com\/tr\/cour-dappel-de-paris-le-18-septembre-2025-n25-04681\/#article","isPartOf":{"@id":"https:\/\/kohenavocats.com\/tr\/cour-dappel-de-paris-le-18-septembre-2025-n25-04681\/"},"author":{"name":"Kohen","@id":"https:\/\/kohenavocats.com\/tr\/#\/schema\/person\/761c9ba54fa1ca84d405cef0831ff751"},"headline":"Cour d&#8217;appel de Paris, le 18 septembre 2025, n\u00b025\/04681","datePublished":"2026-04-24T05:23:54+00:00","mainEntityOfPage":{"@id":"https:\/\/kohenavocats.com\/tr\/cour-dappel-de-paris-le-18-septembre-2025-n25-04681\/"},"wordCount":500,"commentCount":0,"publisher":{"@id":"https:\/\/kohenavocats.com\/tr\/#organization"},"image":{"@id":"https:\/\/kohenavocats.com\/tr\/cour-dappel-de-paris-le-18-septembre-2025-n25-04681\/#primaryimage"},"thumbnailUrl":"https:\/\/kohenavocats.com\/wp-content\/uploads\/2024\/11\/getty-images-tv21aoxFzwY-unsplash.webp","articleSection":["Jurisprudence"],"inLanguage":"tr","potentialAction":[{"@type":"CommentAction","name":"Comment","target":["https:\/\/kohenavocats.com\/tr\/cour-dappel-de-paris-le-18-septembre-2025-n25-04681\/#respond"]}],"citation":"Cour d&#8217;appel de Paris, le 18 septembre 2025, n\u00b025\/04681","about":[{"@type":"Thing","name":"Jurisprudence"}],"dateModified":"2026-04-24T05:23:54+00:00","speakable":{"@type":"SpeakableSpecification","cssSelector":[".article-content > p:first-of-type"]}},{"@type":"WebPage","@id":"https:\/\/kohenavocats.com\/tr\/cour-dappel-de-paris-le-18-septembre-2025-n25-04681\/","url":"https:\/\/kohenavocats.com\/tr\/cour-dappel-de-paris-le-18-septembre-2025-n25-04681\/","name":"Cour d'appel de Paris, le 18 septembre 2025, n\u00b025\/04681 - Ma\u00eetre Hassan Kohen, avocat en droit p\u00e9nal \u00e0 Paris","isPartOf":{"@id":"https:\/\/kohenavocats.com\/tr\/#website"},"primaryImageOfPage":{"@id":"https:\/\/kohenavocats.com\/tr\/cour-dappel-de-paris-le-18-septembre-2025-n25-04681\/#primaryimage"},"image":{"@id":"https:\/\/kohenavocats.com\/tr\/cour-dappel-de-paris-le-18-septembre-2025-n25-04681\/#primaryimage"},"thumbnailUrl":"https:\/\/kohenavocats.com\/wp-content\/uploads\/2024\/11\/getty-images-tv21aoxFzwY-unsplash.webp","datePublished":"2026-04-24T05:23:54+00:00","description":"La Cour d'appel de Paris, le 18 septembre 2025, statue sur une requ\u00eate en rectification d'erreur mat\u00e9rielle. Le juge de la mise en \u00e9tat avait rendu une ordon...","breadcrumb":{"@id":"https:\/\/kohenavocats.com\/tr\/cour-dappel-de-paris-le-18-septembre-2025-n25-04681\/#breadcrumb"},"inLanguage":"tr","potentialAction":[{"@type":"ReadAction","target":["https:\/\/kohenavocats.com\/tr\/cour-dappel-de-paris-le-18-septembre-2025-n25-04681\/"]}]},{"@type":"ImageObject","inLanguage":"tr","@id":"https:\/\/kohenavocats.com\/tr\/cour-dappel-de-paris-le-18-septembre-2025-n25-04681\/#primaryimage","url":"https:\/\/kohenavocats.com\/wp-content\/uploads\/2024\/11\/getty-images-tv21aoxFzwY-unsplash.webp","contentUrl":"https:\/\/kohenavocats.com\/wp-content\/uploads\/2024\/11\/getty-images-tv21aoxFzwY-unsplash.webp","width":6500,"height":4000},{"@type":"BreadcrumbList","@id":"https:\/\/kohenavocats.com\/tr\/cour-dappel-de-paris-le-18-septembre-2025-n25-04681\/#breadcrumb","itemListElement":[{"@type":"ListItem","position":1,"name":"Home","item":"https:\/\/kohenavocats.com\/tr\/avocats-en-droit-penal-a-paris-conseil-et-defense-strategique\/"},{"@type":"ListItem","position":2,"name":"Cour d&rsquo;appel de Paris, le 18 septembre 2025, n\u00b025\/04681"}]},{"@type":"WebSite","@id":"https:\/\/kohenavocats.com\/tr\/#website","url":"https:\/\/kohenavocats.com\/tr\/","name":"Kohen Avocats","description":"Ma\u00eetre Hassan Kohen, avocat p\u00e9naliste \u00e0 Paris, intervient exclusivement en droit p\u00e9nal pour la d\u00e9fense des particuliers, notamment en mati\u00e8re d\u2019accusations de viol. Il assure un accompagnement rigoureux d\u00e8s la garde \u00e0 vue jusqu\u2019\u00e0 la Cour d\u2019assises, veillant au strict respect des garanties proc\u00e9durales.","publisher":{"@id":"https:\/\/kohenavocats.com\/tr\/#organization"},"potentialAction":[{"@type":"SearchAction","target":{"@type":"EntryPoint","urlTemplate":"https:\/\/kohenavocats.com\/tr\/?s={search_term_string}"},"query-input":{"@type":"PropertyValueSpecification","valueRequired":true,"valueName":"search_term_string"}}],"inLanguage":"tr"},{"@type":"Organization","@id":"https:\/\/kohenavocats.com\/tr\/#organization","name":"Kohen Avocats","url":"https:\/\/kohenavocats.com\/tr\/","logo":{"@type":"ImageObject","inLanguage":"tr","@id":"https:\/\/kohenavocats.com\/tr\/#\/schema\/logo\/image\/","url":"https:\/\/kohenavocats.com\/wp-content\/uploads\/2026\/01\/Logo-2-1.webp","contentUrl":"https:\/\/kohenavocats.com\/wp-content\/uploads\/2026\/01\/Logo-2-1.webp","width":2114,"height":1253,"caption":"Kohen Avocats"},"image":{"@id":"https:\/\/kohenavocats.com\/tr\/#\/schema\/logo\/image\/"}},{"@type":"Person","@id":"https:\/\/kohenavocats.com\/tr\/#\/schema\/person\/761c9ba54fa1ca84d405cef0831ff751","name":"Kohen","image":{"@type":"ImageObject","inLanguage":"tr","@id":"https:\/\/secure.gravatar.com\/avatar\/1c5e76ef76bbbfdd2b4da984e2bf2fa4056fd51a27d25ce2c332047f1dfd6e00?s=96&d=identicon&r=g","url":"https:\/\/secure.gravatar.com\/avatar\/1c5e76ef76bbbfdd2b4da984e2bf2fa4056fd51a27d25ce2c332047f1dfd6e00?s=96&d=identicon&r=g","contentUrl":"https:\/\/secure.gravatar.com\/avatar\/1c5e76ef76bbbfdd2b4da984e2bf2fa4056fd51a27d25ce2c332047f1dfd6e00?s=96&d=identicon&r=g","caption":"Kohen"},"sameAs":["https:\/\/www.linkedin.com\/in\/hassan-kohen-448548192\/","https:\/\/www.youtube.com\/@Kohen-Avocats"],"url":"https:\/\/kohenavocats.com\/tr\/author\/kohenmlk\/"}]}},"jetpack_featured_media_url":"https:\/\/kohenavocats.com\/wp-content\/uploads\/2024\/11\/getty-images-tv21aoxFzwY-unsplash.webp","jetpack_likes_enabled":false,"jetpack_shortlink":"https:\/\/wp.me\/peCrII-2Ol2","jetpack-related-posts":[{"id":644895,"url":"https:\/\/kohenavocats.com\/tr\/cour-dappel-de-douai-le-15-decembre-2025-n25-01216\/","url_meta":{"origin":670160,"position":0},"title":"Cour d&#8217;appel de Douai, le 15 d\u00e9cembre 2025, n\u00b025\/01216","author":"Kohen","date":"22 Nisan 2026","format":false,"excerpt":"La cour d'appel de Douai, le 15 d\u00e9cembre 2025, statue sur une requ\u00eate en rectification d'erreur mat\u00e9rielle. Une ordonnance avait mis hors de cause un assureu...","rel":"","context":"&quot;Jurisprudence&quot; i\u00e7inde","block_context":{"text":"Jurisprudence","link":"https:\/\/kohenavocats.com\/category\/jurisprudence\/"},"img":{"alt_text":"","src":"https:\/\/i0.wp.com\/kohenavocats.com\/wp-content\/uploads\/2024\/11\/zyanya-citlalli-bEhnA88B_mA-unsplash.webp?resize=350%2C200&ssl=1","width":350,"height":200,"srcset":"https:\/\/i0.wp.com\/kohenavocats.com\/wp-content\/uploads\/2024\/11\/zyanya-citlalli-bEhnA88B_mA-unsplash.webp?resize=350%2C200&ssl=1 1x, https:\/\/i0.wp.com\/kohenavocats.com\/wp-content\/uploads\/2024\/11\/zyanya-citlalli-bEhnA88B_mA-unsplash.webp?resize=525%2C300&ssl=1 1.5x, https:\/\/i0.wp.com\/kohenavocats.com\/wp-content\/uploads\/2024\/11\/zyanya-citlalli-bEhnA88B_mA-unsplash.webp?resize=700%2C400&ssl=1 2x, https:\/\/i0.wp.com\/kohenavocats.com\/wp-content\/uploads\/2024\/11\/zyanya-citlalli-bEhnA88B_mA-unsplash.webp?resize=1050%2C600&ssl=1 3x, https:\/\/i0.wp.com\/kohenavocats.com\/wp-content\/uploads\/2024\/11\/zyanya-citlalli-bEhnA88B_mA-unsplash.webp?resize=1400%2C800&ssl=1 4x"},"classes":[]},{"id":447606,"url":"https:\/\/kohenavocats.com\/tr\/tribunal-judiciaire-le-6-aout-2025-n25-00276\/","url_meta":{"origin":670160,"position":1},"title":"Tribunal judiciaire, le 6 ao\u00fbt 2025, n\u00b025\/00276","author":"","date":"5 Nisan 2026","format":false,"excerpt":"Le tribunal judiciaire de Dijon, statuant par ordonnance rectificative du 6 ao\u00fbt 2025, a \u00e9t\u00e9 saisi d\u2019une requ\u00eate en rectification d\u2019erreur mat\u00e9rielle...","rel":"","context":"&quot;D\u00e9cisions juridiques&quot; i\u00e7inde","block_context":{"text":"D\u00e9cisions juridiques","link":"https:\/\/kohenavocats.com\/category\/decisions-juridiques\/"},"img":{"alt_text":"","src":"https:\/\/i0.wp.com\/kohenavocats.com\/wp-content\/uploads\/2024\/11\/getty-images-jnPjTCDHfYA-unsplash.webp?resize=350%2C200&ssl=1","width":350,"height":200,"srcset":"https:\/\/i0.wp.com\/kohenavocats.com\/wp-content\/uploads\/2024\/11\/getty-images-jnPjTCDHfYA-unsplash.webp?resize=350%2C200&ssl=1 1x, https:\/\/i0.wp.com\/kohenavocats.com\/wp-content\/uploads\/2024\/11\/getty-images-jnPjTCDHfYA-unsplash.webp?resize=525%2C300&ssl=1 1.5x, https:\/\/i0.wp.com\/kohenavocats.com\/wp-content\/uploads\/2024\/11\/getty-images-jnPjTCDHfYA-unsplash.webp?resize=700%2C400&ssl=1 2x, https:\/\/i0.wp.com\/kohenavocats.com\/wp-content\/uploads\/2024\/11\/getty-images-jnPjTCDHfYA-unsplash.webp?resize=1050%2C600&ssl=1 3x, https:\/\/i0.wp.com\/kohenavocats.com\/wp-content\/uploads\/2024\/11\/getty-images-jnPjTCDHfYA-unsplash.webp?resize=1400%2C800&ssl=1 4x"},"classes":[]},{"id":682543,"url":"https:\/\/kohenavocats.com\/tr\/cour-dappel-de-montpellier-le-18-septembre-2025-n25-03117\/","url_meta":{"origin":670160,"position":2},"title":"Cour d&#8217;appel de Montpellier, le 18 septembre 2025, n\u00b025\/03117","author":"Kohen","date":"25 Nisan 2026","format":false,"excerpt":"La Cour d'appel de Montpellier, troisi\u00e8me chambre civile, statue le 18 septembre 2025 sur une requ\u00eate en rectification. La soci\u00e9t\u00e9 CEMA sollicite l'alignemen...","rel":"","context":"&quot;Jurisprudence&quot; i\u00e7inde","block_context":{"text":"Jurisprudence","link":"https:\/\/kohenavocats.com\/category\/jurisprudence\/"},"img":{"alt_text":"","src":"https:\/\/i0.wp.com\/kohenavocats.com\/wp-content\/uploads\/2024\/11\/allison-saeng-fcfjIHK9fbY-unsplash.webp?resize=350%2C200&ssl=1","width":350,"height":200,"srcset":"https:\/\/i0.wp.com\/kohenavocats.com\/wp-content\/uploads\/2024\/11\/allison-saeng-fcfjIHK9fbY-unsplash.webp?resize=350%2C200&ssl=1 1x, https:\/\/i0.wp.com\/kohenavocats.com\/wp-content\/uploads\/2024\/11\/allison-saeng-fcfjIHK9fbY-unsplash.webp?resize=525%2C300&ssl=1 1.5x, https:\/\/i0.wp.com\/kohenavocats.com\/wp-content\/uploads\/2024\/11\/allison-saeng-fcfjIHK9fbY-unsplash.webp?resize=700%2C400&ssl=1 2x, https:\/\/i0.wp.com\/kohenavocats.com\/wp-content\/uploads\/2024\/11\/allison-saeng-fcfjIHK9fbY-unsplash.webp?resize=1050%2C600&ssl=1 3x, https:\/\/i0.wp.com\/kohenavocats.com\/wp-content\/uploads\/2024\/11\/allison-saeng-fcfjIHK9fbY-unsplash.webp?resize=1400%2C800&ssl=1 4x"},"classes":[]},{"id":669579,"url":"https:\/\/kohenavocats.com\/tr\/tribunal-judiciaire-de-bordeaux-le-19-septembre-2025-n25-05339\/","url_meta":{"origin":670160,"position":3},"title":"Tribunal judiciaire de Bordeaux, le 19 septembre 2025, n\u00b025\/05339","author":"Kohen","date":"24 Nisan 2026","format":false,"excerpt":"Le tribunal judiciaire de Bordeaux, juge de la mise en \u00e9tat, le 19 septembre 2025, statue sur une requ\u00eate en rectification d\u2019erreur mat\u00e9rielle. L\u2019affaire con...","rel":"","context":"&quot;Code des assurances&quot; i\u00e7inde","block_context":{"text":"Code des assurances","link":"https:\/\/kohenavocats.com\/category\/code-des-assurances\/"},"img":{"alt_text":"","src":"https:\/\/i0.wp.com\/kohenavocats.com\/wp-content\/uploads\/2024\/11\/virginia-marinova-3UfkjHxVch0-unsplash.webp?resize=350%2C200&ssl=1","width":350,"height":200,"srcset":"https:\/\/i0.wp.com\/kohenavocats.com\/wp-content\/uploads\/2024\/11\/virginia-marinova-3UfkjHxVch0-unsplash.webp?resize=350%2C200&ssl=1 1x, https:\/\/i0.wp.com\/kohenavocats.com\/wp-content\/uploads\/2024\/11\/virginia-marinova-3UfkjHxVch0-unsplash.webp?resize=525%2C300&ssl=1 1.5x, https:\/\/i0.wp.com\/kohenavocats.com\/wp-content\/uploads\/2024\/11\/virginia-marinova-3UfkjHxVch0-unsplash.webp?resize=700%2C400&ssl=1 2x, https:\/\/i0.wp.com\/kohenavocats.com\/wp-content\/uploads\/2024\/11\/virginia-marinova-3UfkjHxVch0-unsplash.webp?resize=1050%2C600&ssl=1 3x, https:\/\/i0.wp.com\/kohenavocats.com\/wp-content\/uploads\/2024\/11\/virginia-marinova-3UfkjHxVch0-unsplash.webp?resize=1400%2C800&ssl=1 4x"},"classes":[]},{"id":664020,"url":"https:\/\/kohenavocats.com\/tr\/cour-dappel-de-aix-en-provence-le-25-septembre-2025-n25-10132\/","url_meta":{"origin":670160,"position":4},"title":"Cour d&#8217;appel de Aix-en-Provence, le 25 septembre 2025, n\u00b025\/10132","author":"Kohen","date":"23 Nisan 2026","format":false,"excerpt":"La cour d'appel d'Aix-en-Provence, statuant en rectification d'erreur mat\u00e9rielle le vingt-cinq septembre deux mille vingt-cinq, examine une requ\u00eate d\u00e9pos\u00e9e p...","rel":"","context":"&quot;Jurisprudence&quot; i\u00e7inde","block_context":{"text":"Jurisprudence","link":"https:\/\/kohenavocats.com\/category\/jurisprudence\/"},"img":{"alt_text":"","src":"https:\/\/i0.wp.com\/kohenavocats.com\/wp-content\/uploads\/2024\/11\/getty-images-p1ZW7qeVRyE-unsplash.webp?resize=350%2C200&ssl=1","width":350,"height":200,"srcset":"https:\/\/i0.wp.com\/kohenavocats.com\/wp-content\/uploads\/2024\/11\/getty-images-p1ZW7qeVRyE-unsplash.webp?resize=350%2C200&ssl=1 1x, https:\/\/i0.wp.com\/kohenavocats.com\/wp-content\/uploads\/2024\/11\/getty-images-p1ZW7qeVRyE-unsplash.webp?resize=525%2C300&ssl=1 1.5x, https:\/\/i0.wp.com\/kohenavocats.com\/wp-content\/uploads\/2024\/11\/getty-images-p1ZW7qeVRyE-unsplash.webp?resize=700%2C400&ssl=1 2x, https:\/\/i0.wp.com\/kohenavocats.com\/wp-content\/uploads\/2024\/11\/getty-images-p1ZW7qeVRyE-unsplash.webp?resize=1050%2C600&ssl=1 3x, https:\/\/i0.wp.com\/kohenavocats.com\/wp-content\/uploads\/2024\/11\/getty-images-p1ZW7qeVRyE-unsplash.webp?resize=1400%2C800&ssl=1 4x"},"classes":[]},{"id":666136,"url":"https:\/\/kohenavocats.com\/tr\/cour-dappel-de-toulouse-le-24-septembre-2025-n25-01871\/","url_meta":{"origin":670160,"position":5},"title":"Cour d&#8217;appel de Toulouse, le 24 septembre 2025, n\u00b025\/01871","author":"Kohen","date":"24 Nisan 2026","format":false,"excerpt":"La Cour d'appel de Toulouse, le 24 septembre 2025, statue sur une requ\u00eate en rectification d'erreur mat\u00e9rielle. L'affaire initiale concernait des d\u00e9sordres d...","rel":"","context":"&quot;Jurisprudence&quot; i\u00e7inde","block_context":{"text":"Jurisprudence","link":"https:\/\/kohenavocats.com\/category\/jurisprudence\/"},"img":{"alt_text":"","src":"https:\/\/i0.wp.com\/kohenavocats.com\/wp-content\/uploads\/2024\/08\/tristan-guillemet-1v8NEQ3IodU-unsplash.webp?resize=350%2C200&ssl=1","width":350,"height":200,"srcset":"https:\/\/i0.wp.com\/kohenavocats.com\/wp-content\/uploads\/2024\/08\/tristan-guillemet-1v8NEQ3IodU-unsplash.webp?resize=350%2C200&ssl=1 1x, https:\/\/i0.wp.com\/kohenavocats.com\/wp-content\/uploads\/2024\/08\/tristan-guillemet-1v8NEQ3IodU-unsplash.webp?resize=525%2C300&ssl=1 1.5x, https:\/\/i0.wp.com\/kohenavocats.com\/wp-content\/uploads\/2024\/08\/tristan-guillemet-1v8NEQ3IodU-unsplash.webp?resize=700%2C400&ssl=1 2x, https:\/\/i0.wp.com\/kohenavocats.com\/wp-content\/uploads\/2024\/08\/tristan-guillemet-1v8NEQ3IodU-unsplash.webp?resize=1050%2C600&ssl=1 3x, https:\/\/i0.wp.com\/kohenavocats.com\/wp-content\/uploads\/2024\/08\/tristan-guillemet-1v8NEQ3IodU-unsplash.webp?resize=1400%2C800&ssl=1 4x"},"classes":[]}],"jetpack_sharing_enabled":true,"_links":{"self":[{"href":"https:\/\/kohenavocats.com\/tr\/wp-json\/wp\/v2\/posts\/670160","targetHints":{"allow":["GET"]}}],"collection":[{"href":"https:\/\/kohenavocats.com\/tr\/wp-json\/wp\/v2\/posts"}],"about":[{"href":"https:\/\/kohenavocats.com\/tr\/wp-json\/wp\/v2\/types\/post"}],"author":[{"embeddable":true,"href":"https:\/\/kohenavocats.com\/tr\/wp-json\/wp\/v2\/users\/232070755"}],"replies":[{"embeddable":true,"href":"https:\/\/kohenavocats.com\/tr\/wp-json\/wp\/v2\/comments?post=670160"}],"version-history":[{"count":0,"href":"https:\/\/kohenavocats.com\/tr\/wp-json\/wp\/v2\/posts\/670160\/revisions"}],"wp:featuredmedia":[{"embeddable":true,"href":"https:\/\/kohenavocats.com\/tr\/wp-json\/wp\/v2\/media\/9558"}],"wp:attachment":[{"href":"https:\/\/kohenavocats.com\/tr\/wp-json\/wp\/v2\/media?parent=670160"}],"wp:term":[{"taxonomy":"category","embeddable":true,"href":"https:\/\/kohenavocats.com\/tr\/wp-json\/wp\/v2\/categories?post=670160"},{"taxonomy":"post_tag","embeddable":true,"href":"https:\/\/kohenavocats.com\/tr\/wp-json\/wp\/v2\/tags?post=670160"}],"curies":[{"name":"wp","href":"https:\/\/api.w.org\/{rel}","templated":true}]}}