{"id":670277,"date":"2026-04-24T07:36:11","date_gmt":"2026-04-24T05:36:11","guid":{"rendered":"https:\/\/kohenavocats.com\/tribunal-judiciaire-de-paris-le-18-septembre-2025-n24-03772\/"},"modified":"2026-04-24T07:36:11","modified_gmt":"2026-04-24T05:36:11","slug":"tribunal-judiciaire-de-paris-le-18-septembre-2025-n24-03772","status":"publish","type":"post","link":"https:\/\/kohenavocats.com\/tr\/tribunal-judiciaire-de-paris-le-18-septembre-2025-n24-03772\/","title":{"rendered":"Tribunal judiciaire de Paris, le 18 septembre 2025, n\u00b024\/03772"},"content":{"rendered":"<div class=\"article-content\">\n<p>Le tribunal judiciaire de Paris, statuant en date non pr\u00e9cis\u00e9e, a \u00e9t\u00e9 saisi d&#8217;un litige cons\u00e9cutif \u00e0 l&#8217;endommagement d&#8217;un v\u00e9hicule par une porte de garage collective. La propri\u00e9taire du v\u00e9hicule a engag\u00e9 la responsabilit\u00e9 du syndicat des copropri\u00e9taires. Les juges ont retenu la responsabilit\u00e9 du syndicat pour le dommage et l&#8217;ont condamn\u00e9 pour proc\u00e9dure abusive, accordant r\u00e9paration int\u00e9grale \u00e0 la copropri\u00e9taire l\u00e9s\u00e9e.<\/p>\n<p>La responsabilit\u00e9 du syndicat fond\u00e9e sur la garde de la chose<\/p>\n<p>Le r\u00e9gime de responsabilit\u00e9 applicable aux parties communes. Le tribunal applique le principe de responsabilit\u00e9 du fait des choses \u00e9nonc\u00e9 \u00e0 l&#8217;article 1242 du code civil. Il rappelle que le syndicat, dot\u00e9 de la personnalit\u00e9 civile, a pour objet l&#8217;administration des parties communes. &#8220;Le syndicat est responsable des dommages caus\u00e9s aux copropri\u00e9taires ou aux tiers ayant leur origine dans les parties communes, sans pr\u00e9judice de toutes actions r\u00e9cursoires.&#8221; (Motifs de la d\u00e9cision). La porte de garage, en tant qu&#8217;\u00e9l\u00e9ment d&#8217;acc\u00e8s commun, rel\u00e8ve ainsi de la garde du syndicat.<\/p>\n<p>L&#8217;absence de faute de la victime et l&#8217;indiff\u00e9rence du bon fonctionnement. Les juges \u00e9cartent tout partage de responsabilit\u00e9 en constatant l&#8217;absence de faute de la victime. La configuration des lieux rendait l&#8217;exposition au risque in\u00e9vitable. Ils estiment surtout qu'&#8221;Il est indiff\u00e9rent que l&#8217;entreprise charg\u00e9e de la maintenance de la porte d&#8217;acc\u00e8s aux garages t\u00e9moigne du bon fonctionnement de celle-ci.&#8221; (Motifs de la d\u00e9cision). Cette affirmation est essentielle car elle dissocie la responsabilit\u00e9 de la preuve d&#8217;un dysfonctionnement technique pr\u00e9cis au moment du sinistre.<\/p>\n<p>La condamnation pour r\u00e9sistance abusive et la sanction proc\u00e9durale<\/p>\n<p>La reconnaissance d&#8217;une attitude dilatoire du syndicat. Au-del\u00e0 de la r\u00e9paration du pr\u00e9judice mat\u00e9riel, le tribunal sanctionne le comportement du syndicat durant la proc\u00e9dure. Il retient la r\u00e9sistance abusive sur le fondement de l&#8217;article 1240 du code civil. La preuve r\u00e9side dans la chronologie des \u00e9v\u00e9nements d\u00e9montrant une conscience du danger. &#8220;Le SDC LES CHARTREUX \u00e9tait conscient de la dangerosit\u00e9 de cette porte.&#8221; (Motifs de la d\u00e9cision). Cette conscience est \u00e9tablie par la demande de devis pour mise en s\u00e9curit\u00e9 et le vote ult\u00e9rieur du remplacement.<\/p>\n<p>La port\u00e9e dissuasive de la condamnation aux frais. La d\u00e9cision se veut exemplaire en accordant une indemnit\u00e9 distincte pour r\u00e9sistance abusive et en condamnant le syndicat aux d\u00e9pens et \u00e0 des frais irr\u00e9p\u00e9tibles significatifs. Cette approche globale vise \u00e0 dissuader les syndicats de faire preuve de n\u00e9gligence dans l&#8217;entretien des parties communes puis de tarder \u00e0 indemniser. Elle renforce les obligations de vigilance et de r\u00e9activit\u00e9 pesant sur la collectivit\u00e9 des copropri\u00e9taires et son mandataire.<\/p>\n<\/div>\n","protected":false},"excerpt":{"rendered":"<p>Le tribunal judiciaire de Paris, statuant en date non pr\u00e9cis\u00e9e, a \u00e9t\u00e9 saisi d&#8217;un litige cons\u00e9cutif \u00e0 l&#8217;endommagement d&#8217;un v\u00e9hicule par une porte de garage co&#8230;<\/p>\n","protected":false},"author":232070755,"featured_media":4921,"comment_status":"open","ping_status":"open","sticky":false,"template":"","format":"standard","meta":{"_crdt_document":"","_jetpack_newsletter_access":"","_jetpack_dont_email_post_to_subs":false,"_jetpack_newsletter_tier_id":0,"_jetpack_memberships_contains_paywalled_content":false,"_kj_source_type":"judilibre","_kj_official_id":"68cc6b999da36895046ab5ea","_kj_official_url":"https:\/\/www.courdecassation.fr\/decision\/68cc6b999da36895046ab5ea","_kj_judilibre_id":"68cc6b999da36895046ab5ea","_kj_jur":"Tribunal judiciaire","_kj_lieu":"Tribunal judiciaire de Toulon","_kj_chambre":"5\u00e8me Chambre","_kj_rg":"24\/03772","_kj_date":"2025-09-18","_jetpack_memberships_contains_paid_content":false,"footnotes":"","jetpack_post_was_ever_published":false},"categories":[7096,35583,7597],"tags":[],"class_list":["post-670277","post","type-post","status-publish","format-standard","has-post-thumbnail","hentry","category-code-des-assurances","category-immobilier","category-jurisprudence"],"yoast_head":"<!-- This site is optimized with the Yoast SEO Premium plugin v27.5 (Yoast SEO v27.5) - https:\/\/yoast.com\/product\/yoast-seo-premium-wordpress\/ -->\n<title>Tribunal judiciaire de Paris, le 18 septembre 2025, n\u00b024\/03772 - Ma\u00eetre Hassan Kohen, avocat en droit p\u00e9nal \u00e0 Paris<\/title>\n<meta name=\"description\" content=\"Le tribunal judiciaire de Paris, statuant en date non pr\u00e9cis\u00e9e, a \u00e9t\u00e9 saisi d&#039;un litige cons\u00e9cutif \u00e0 l&#039;endommagement d&#039;un v\u00e9hicule par une porte de garage co...\" \/>\n<meta name=\"robots\" content=\"index, follow, max-snippet:-1, max-image-preview:large, max-video-preview:-1\" \/>\n<link rel=\"canonical\" href=\"https:\/\/kohenavocats.com\/tr\/tribunal-judiciaire-de-paris-le-18-septembre-2025-n24-03772\/\" \/>\n<meta property=\"og:locale\" content=\"tr_TR\" \/>\n<meta property=\"og:type\" content=\"article\" \/>\n<meta property=\"og:title\" content=\"Tribunal judiciaire de Paris, le 18 septembre 2025, n\u00b024\/03772\" \/>\n<meta property=\"og:description\" content=\"Le tribunal judiciaire de Paris, statuant en date non pr\u00e9cis\u00e9e, a \u00e9t\u00e9 saisi d&#039;un litige cons\u00e9cutif \u00e0 l&#039;endommagement d&#039;un v\u00e9hicule par une porte de garage co...\" \/>\n<meta property=\"og:url\" content=\"https:\/\/kohenavocats.com\/tr\/tribunal-judiciaire-de-paris-le-18-septembre-2025-n24-03772\/\" \/>\n<meta property=\"og:site_name\" content=\"Ma\u00eetre Hassan Kohen, avocat en droit p\u00e9nal \u00e0 Paris\" \/>\n<meta property=\"article:published_time\" content=\"2026-04-24T05:36:11+00:00\" \/>\n<meta property=\"og:image\" content=\"https:\/\/kohenavocats.com\/wp-content\/uploads\/2024\/08\/silvio-kundt-Fixg8KipOg8-unsplash.webp\" \/>\n\t<meta property=\"og:image:width\" content=\"4272\" \/>\n\t<meta property=\"og:image:height\" content=\"2848\" \/>\n\t<meta property=\"og:image:type\" content=\"image\/webp\" \/>\n<meta name=\"author\" content=\"Kohen\" \/>\n<meta name=\"twitter:card\" content=\"summary_large_image\" \/>\n<meta name=\"twitter:label1\" content=\"Yazan:\" \/>\n\t<meta name=\"twitter:data1\" content=\"Kohen\" \/>\n\t<meta name=\"twitter:label2\" content=\"Tahmini okuma s\u00fcresi\" \/>\n\t<meta name=\"twitter:data2\" content=\"2 dakika\" \/>\n<script type=\"application\/ld+json\" class=\"yoast-schema-graph\">{\"@context\":\"https:\\\/\\\/schema.org\",\"@graph\":[{\"@type\":\"Article\",\"@id\":\"https:\\\/\\\/kohenavocats.com\\\/tr\\\/tribunal-judiciaire-de-paris-le-18-septembre-2025-n24-03772\\\/#article\",\"isPartOf\":{\"@id\":\"https:\\\/\\\/kohenavocats.com\\\/tr\\\/tribunal-judiciaire-de-paris-le-18-septembre-2025-n24-03772\\\/\"},\"author\":{\"name\":\"Kohen\",\"@id\":\"https:\\\/\\\/kohenavocats.com\\\/tr\\\/#\\\/schema\\\/person\\\/761c9ba54fa1ca84d405cef0831ff751\"},\"headline\":\"Tribunal judiciaire de Paris, le 18 septembre 2025, n\u00b024\\\/03772\",\"datePublished\":\"2026-04-24T05:36:11+00:00\",\"mainEntityOfPage\":{\"@id\":\"https:\\\/\\\/kohenavocats.com\\\/tr\\\/tribunal-judiciaire-de-paris-le-18-septembre-2025-n24-03772\\\/\"},\"wordCount\":485,\"commentCount\":0,\"publisher\":{\"@id\":\"https:\\\/\\\/kohenavocats.com\\\/tr\\\/#organization\"},\"image\":{\"@id\":\"https:\\\/\\\/kohenavocats.com\\\/tr\\\/tribunal-judiciaire-de-paris-le-18-septembre-2025-n24-03772\\\/#primaryimage\"},\"thumbnailUrl\":\"https:\\\/\\\/kohenavocats.com\\\/wp-content\\\/uploads\\\/2024\\\/08\\\/silvio-kundt-Fixg8KipOg8-unsplash.webp\",\"articleSection\":[\"Code des assurances\",\"Immobilier\",\"Jurisprudence\"],\"inLanguage\":\"tr\",\"potentialAction\":[{\"@type\":\"CommentAction\",\"name\":\"Comment\",\"target\":[\"https:\\\/\\\/kohenavocats.com\\\/tr\\\/tribunal-judiciaire-de-paris-le-18-septembre-2025-n24-03772\\\/#respond\"]}],\"citation\":\"Tribunal judiciaire de Paris, le 18 septembre 2025, n\u00b024\\\/03772\",\"about\":[{\"@type\":\"Thing\",\"name\":\"Code des assurances\"},{\"@type\":\"Thing\",\"name\":\"Immobilier\"},{\"@type\":\"Thing\",\"name\":\"Jurisprudence\"}],\"dateModified\":\"2026-04-24T05:36:11+00:00\",\"speakable\":{\"@type\":\"SpeakableSpecification\",\"cssSelector\":[\".article-content > p:first-of-type\"]}},{\"@type\":\"WebPage\",\"@id\":\"https:\\\/\\\/kohenavocats.com\\\/tr\\\/tribunal-judiciaire-de-paris-le-18-septembre-2025-n24-03772\\\/\",\"url\":\"https:\\\/\\\/kohenavocats.com\\\/tr\\\/tribunal-judiciaire-de-paris-le-18-septembre-2025-n24-03772\\\/\",\"name\":\"Tribunal judiciaire de Paris, le 18 septembre 2025, n\u00b024\\\/03772 - Ma\u00eetre Hassan Kohen, avocat en droit p\u00e9nal \u00e0 Paris\",\"isPartOf\":{\"@id\":\"https:\\\/\\\/kohenavocats.com\\\/tr\\\/#website\"},\"primaryImageOfPage\":{\"@id\":\"https:\\\/\\\/kohenavocats.com\\\/tr\\\/tribunal-judiciaire-de-paris-le-18-septembre-2025-n24-03772\\\/#primaryimage\"},\"image\":{\"@id\":\"https:\\\/\\\/kohenavocats.com\\\/tr\\\/tribunal-judiciaire-de-paris-le-18-septembre-2025-n24-03772\\\/#primaryimage\"},\"thumbnailUrl\":\"https:\\\/\\\/kohenavocats.com\\\/wp-content\\\/uploads\\\/2024\\\/08\\\/silvio-kundt-Fixg8KipOg8-unsplash.webp\",\"datePublished\":\"2026-04-24T05:36:11+00:00\",\"description\":\"Le tribunal judiciaire de Paris, statuant en date non pr\u00e9cis\u00e9e, a \u00e9t\u00e9 saisi d'un litige cons\u00e9cutif \u00e0 l'endommagement d'un v\u00e9hicule par une porte de garage co...\",\"breadcrumb\":{\"@id\":\"https:\\\/\\\/kohenavocats.com\\\/tr\\\/tribunal-judiciaire-de-paris-le-18-septembre-2025-n24-03772\\\/#breadcrumb\"},\"inLanguage\":\"tr\",\"potentialAction\":[{\"@type\":\"ReadAction\",\"target\":[\"https:\\\/\\\/kohenavocats.com\\\/tr\\\/tribunal-judiciaire-de-paris-le-18-septembre-2025-n24-03772\\\/\"]}]},{\"@type\":\"ImageObject\",\"inLanguage\":\"tr\",\"@id\":\"https:\\\/\\\/kohenavocats.com\\\/tr\\\/tribunal-judiciaire-de-paris-le-18-septembre-2025-n24-03772\\\/#primaryimage\",\"url\":\"https:\\\/\\\/kohenavocats.com\\\/wp-content\\\/uploads\\\/2024\\\/08\\\/silvio-kundt-Fixg8KipOg8-unsplash.webp\",\"contentUrl\":\"https:\\\/\\\/kohenavocats.com\\\/wp-content\\\/uploads\\\/2024\\\/08\\\/silvio-kundt-Fixg8KipOg8-unsplash.webp\",\"width\":4272,\"height\":2848},{\"@type\":\"BreadcrumbList\",\"@id\":\"https:\\\/\\\/kohenavocats.com\\\/tr\\\/tribunal-judiciaire-de-paris-le-18-septembre-2025-n24-03772\\\/#breadcrumb\",\"itemListElement\":[{\"@type\":\"ListItem\",\"position\":1,\"name\":\"Home\",\"item\":\"https:\\\/\\\/kohenavocats.com\\\/tr\\\/avocats-en-droit-penal-a-paris-conseil-et-defense-strategique\\\/\"},{\"@type\":\"ListItem\",\"position\":2,\"name\":\"Tribunal judiciaire de Paris, le 18 septembre 2025, n\u00b024\\\/03772\"}]},{\"@type\":\"WebSite\",\"@id\":\"https:\\\/\\\/kohenavocats.com\\\/tr\\\/#website\",\"url\":\"https:\\\/\\\/kohenavocats.com\\\/tr\\\/\",\"name\":\"Kohen Avocats\",\"description\":\"Ma\u00eetre Hassan Kohen, avocat p\u00e9naliste \u00e0 Paris, intervient exclusivement en droit p\u00e9nal pour la d\u00e9fense des particuliers, notamment en mati\u00e8re d\u2019accusations de viol. Il assure un accompagnement rigoureux d\u00e8s la garde \u00e0 vue jusqu\u2019\u00e0 la Cour d\u2019assises, veillant au strict respect des garanties proc\u00e9durales.\",\"publisher\":{\"@id\":\"https:\\\/\\\/kohenavocats.com\\\/tr\\\/#organization\"},\"potentialAction\":[{\"@type\":\"SearchAction\",\"target\":{\"@type\":\"EntryPoint\",\"urlTemplate\":\"https:\\\/\\\/kohenavocats.com\\\/tr\\\/?s={search_term_string}\"},\"query-input\":{\"@type\":\"PropertyValueSpecification\",\"valueRequired\":true,\"valueName\":\"search_term_string\"}}],\"inLanguage\":\"tr\"},{\"@type\":\"Organization\",\"@id\":\"https:\\\/\\\/kohenavocats.com\\\/tr\\\/#organization\",\"name\":\"Kohen Avocats\",\"url\":\"https:\\\/\\\/kohenavocats.com\\\/tr\\\/\",\"logo\":{\"@type\":\"ImageObject\",\"inLanguage\":\"tr\",\"@id\":\"https:\\\/\\\/kohenavocats.com\\\/tr\\\/#\\\/schema\\\/logo\\\/image\\\/\",\"url\":\"https:\\\/\\\/kohenavocats.com\\\/wp-content\\\/uploads\\\/2026\\\/01\\\/Logo-2-1.webp\",\"contentUrl\":\"https:\\\/\\\/kohenavocats.com\\\/wp-content\\\/uploads\\\/2026\\\/01\\\/Logo-2-1.webp\",\"width\":2114,\"height\":1253,\"caption\":\"Kohen Avocats\"},\"image\":{\"@id\":\"https:\\\/\\\/kohenavocats.com\\\/tr\\\/#\\\/schema\\\/logo\\\/image\\\/\"}},{\"@type\":\"Person\",\"@id\":\"https:\\\/\\\/kohenavocats.com\\\/tr\\\/#\\\/schema\\\/person\\\/761c9ba54fa1ca84d405cef0831ff751\",\"name\":\"Kohen\",\"image\":{\"@type\":\"ImageObject\",\"inLanguage\":\"tr\",\"@id\":\"https:\\\/\\\/secure.gravatar.com\\\/avatar\\\/1c5e76ef76bbbfdd2b4da984e2bf2fa4056fd51a27d25ce2c332047f1dfd6e00?s=96&d=identicon&r=g\",\"url\":\"https:\\\/\\\/secure.gravatar.com\\\/avatar\\\/1c5e76ef76bbbfdd2b4da984e2bf2fa4056fd51a27d25ce2c332047f1dfd6e00?s=96&d=identicon&r=g\",\"contentUrl\":\"https:\\\/\\\/secure.gravatar.com\\\/avatar\\\/1c5e76ef76bbbfdd2b4da984e2bf2fa4056fd51a27d25ce2c332047f1dfd6e00?s=96&d=identicon&r=g\",\"caption\":\"Kohen\"},\"sameAs\":[\"https:\\\/\\\/www.linkedin.com\\\/in\\\/hassan-kohen-448548192\\\/\",\"https:\\\/\\\/www.youtube.com\\\/@Kohen-Avocats\"],\"url\":\"https:\\\/\\\/kohenavocats.com\\\/tr\\\/author\\\/kohenmlk\\\/\"}]}<\/script>\n<!-- \/ Yoast SEO Premium plugin. -->","yoast_head_json":{"title":"Tribunal judiciaire de Paris, le 18 septembre 2025, n\u00b024\/03772 - Ma\u00eetre Hassan Kohen, avocat en droit p\u00e9nal \u00e0 Paris","description":"Le tribunal judiciaire de Paris, statuant en date non pr\u00e9cis\u00e9e, a \u00e9t\u00e9 saisi d'un litige cons\u00e9cutif \u00e0 l'endommagement d'un v\u00e9hicule par une porte de garage co...","robots":{"index":"index","follow":"follow","max-snippet":"max-snippet:-1","max-image-preview":"max-image-preview:large","max-video-preview":"max-video-preview:-1"},"canonical":"https:\/\/kohenavocats.com\/tr\/tribunal-judiciaire-de-paris-le-18-septembre-2025-n24-03772\/","og_locale":"tr_TR","og_type":"article","og_title":"Tribunal judiciaire de Paris, le 18 septembre 2025, n\u00b024\/03772","og_description":"Le tribunal judiciaire de Paris, statuant en date non pr\u00e9cis\u00e9e, a \u00e9t\u00e9 saisi d'un litige cons\u00e9cutif \u00e0 l'endommagement d'un v\u00e9hicule par une porte de garage co...","og_url":"https:\/\/kohenavocats.com\/tr\/tribunal-judiciaire-de-paris-le-18-septembre-2025-n24-03772\/","og_site_name":"Ma\u00eetre Hassan Kohen, avocat en droit p\u00e9nal \u00e0 Paris","article_published_time":"2026-04-24T05:36:11+00:00","og_image":[{"width":4272,"height":2848,"url":"https:\/\/kohenavocats.com\/wp-content\/uploads\/2024\/08\/silvio-kundt-Fixg8KipOg8-unsplash.webp","type":"image\/webp"}],"author":"Kohen","twitter_card":"summary_large_image","twitter_misc":{"Yazan:":"Kohen","Tahmini okuma s\u00fcresi":"2 dakika"},"schema":{"@context":"https:\/\/schema.org","@graph":[{"@type":"Article","@id":"https:\/\/kohenavocats.com\/tr\/tribunal-judiciaire-de-paris-le-18-septembre-2025-n24-03772\/#article","isPartOf":{"@id":"https:\/\/kohenavocats.com\/tr\/tribunal-judiciaire-de-paris-le-18-septembre-2025-n24-03772\/"},"author":{"name":"Kohen","@id":"https:\/\/kohenavocats.com\/tr\/#\/schema\/person\/761c9ba54fa1ca84d405cef0831ff751"},"headline":"Tribunal judiciaire de Paris, le 18 septembre 2025, n\u00b024\/03772","datePublished":"2026-04-24T05:36:11+00:00","mainEntityOfPage":{"@id":"https:\/\/kohenavocats.com\/tr\/tribunal-judiciaire-de-paris-le-18-septembre-2025-n24-03772\/"},"wordCount":485,"commentCount":0,"publisher":{"@id":"https:\/\/kohenavocats.com\/tr\/#organization"},"image":{"@id":"https:\/\/kohenavocats.com\/tr\/tribunal-judiciaire-de-paris-le-18-septembre-2025-n24-03772\/#primaryimage"},"thumbnailUrl":"https:\/\/kohenavocats.com\/wp-content\/uploads\/2024\/08\/silvio-kundt-Fixg8KipOg8-unsplash.webp","articleSection":["Code des assurances","Immobilier","Jurisprudence"],"inLanguage":"tr","potentialAction":[{"@type":"CommentAction","name":"Comment","target":["https:\/\/kohenavocats.com\/tr\/tribunal-judiciaire-de-paris-le-18-septembre-2025-n24-03772\/#respond"]}],"citation":"Tribunal judiciaire de Paris, le 18 septembre 2025, n\u00b024\/03772","about":[{"@type":"Thing","name":"Code des assurances"},{"@type":"Thing","name":"Immobilier"},{"@type":"Thing","name":"Jurisprudence"}],"dateModified":"2026-04-24T05:36:11+00:00","speakable":{"@type":"SpeakableSpecification","cssSelector":[".article-content > p:first-of-type"]}},{"@type":"WebPage","@id":"https:\/\/kohenavocats.com\/tr\/tribunal-judiciaire-de-paris-le-18-septembre-2025-n24-03772\/","url":"https:\/\/kohenavocats.com\/tr\/tribunal-judiciaire-de-paris-le-18-septembre-2025-n24-03772\/","name":"Tribunal judiciaire de Paris, le 18 septembre 2025, n\u00b024\/03772 - Ma\u00eetre Hassan Kohen, avocat en droit p\u00e9nal \u00e0 Paris","isPartOf":{"@id":"https:\/\/kohenavocats.com\/tr\/#website"},"primaryImageOfPage":{"@id":"https:\/\/kohenavocats.com\/tr\/tribunal-judiciaire-de-paris-le-18-septembre-2025-n24-03772\/#primaryimage"},"image":{"@id":"https:\/\/kohenavocats.com\/tr\/tribunal-judiciaire-de-paris-le-18-septembre-2025-n24-03772\/#primaryimage"},"thumbnailUrl":"https:\/\/kohenavocats.com\/wp-content\/uploads\/2024\/08\/silvio-kundt-Fixg8KipOg8-unsplash.webp","datePublished":"2026-04-24T05:36:11+00:00","description":"Le tribunal judiciaire de Paris, statuant en date non pr\u00e9cis\u00e9e, a \u00e9t\u00e9 saisi d'un litige cons\u00e9cutif \u00e0 l'endommagement d'un v\u00e9hicule par une porte de garage co...","breadcrumb":{"@id":"https:\/\/kohenavocats.com\/tr\/tribunal-judiciaire-de-paris-le-18-septembre-2025-n24-03772\/#breadcrumb"},"inLanguage":"tr","potentialAction":[{"@type":"ReadAction","target":["https:\/\/kohenavocats.com\/tr\/tribunal-judiciaire-de-paris-le-18-septembre-2025-n24-03772\/"]}]},{"@type":"ImageObject","inLanguage":"tr","@id":"https:\/\/kohenavocats.com\/tr\/tribunal-judiciaire-de-paris-le-18-septembre-2025-n24-03772\/#primaryimage","url":"https:\/\/kohenavocats.com\/wp-content\/uploads\/2024\/08\/silvio-kundt-Fixg8KipOg8-unsplash.webp","contentUrl":"https:\/\/kohenavocats.com\/wp-content\/uploads\/2024\/08\/silvio-kundt-Fixg8KipOg8-unsplash.webp","width":4272,"height":2848},{"@type":"BreadcrumbList","@id":"https:\/\/kohenavocats.com\/tr\/tribunal-judiciaire-de-paris-le-18-septembre-2025-n24-03772\/#breadcrumb","itemListElement":[{"@type":"ListItem","position":1,"name":"Home","item":"https:\/\/kohenavocats.com\/tr\/avocats-en-droit-penal-a-paris-conseil-et-defense-strategique\/"},{"@type":"ListItem","position":2,"name":"Tribunal judiciaire de Paris, le 18 septembre 2025, n\u00b024\/03772"}]},{"@type":"WebSite","@id":"https:\/\/kohenavocats.com\/tr\/#website","url":"https:\/\/kohenavocats.com\/tr\/","name":"Kohen Avocats","description":"Ma\u00eetre Hassan Kohen, avocat p\u00e9naliste \u00e0 Paris, intervient exclusivement en droit p\u00e9nal pour la d\u00e9fense des particuliers, notamment en mati\u00e8re d\u2019accusations de viol. Il assure un accompagnement rigoureux d\u00e8s la garde \u00e0 vue jusqu\u2019\u00e0 la Cour d\u2019assises, veillant au strict respect des garanties proc\u00e9durales.","publisher":{"@id":"https:\/\/kohenavocats.com\/tr\/#organization"},"potentialAction":[{"@type":"SearchAction","target":{"@type":"EntryPoint","urlTemplate":"https:\/\/kohenavocats.com\/tr\/?s={search_term_string}"},"query-input":{"@type":"PropertyValueSpecification","valueRequired":true,"valueName":"search_term_string"}}],"inLanguage":"tr"},{"@type":"Organization","@id":"https:\/\/kohenavocats.com\/tr\/#organization","name":"Kohen Avocats","url":"https:\/\/kohenavocats.com\/tr\/","logo":{"@type":"ImageObject","inLanguage":"tr","@id":"https:\/\/kohenavocats.com\/tr\/#\/schema\/logo\/image\/","url":"https:\/\/kohenavocats.com\/wp-content\/uploads\/2026\/01\/Logo-2-1.webp","contentUrl":"https:\/\/kohenavocats.com\/wp-content\/uploads\/2026\/01\/Logo-2-1.webp","width":2114,"height":1253,"caption":"Kohen Avocats"},"image":{"@id":"https:\/\/kohenavocats.com\/tr\/#\/schema\/logo\/image\/"}},{"@type":"Person","@id":"https:\/\/kohenavocats.com\/tr\/#\/schema\/person\/761c9ba54fa1ca84d405cef0831ff751","name":"Kohen","image":{"@type":"ImageObject","inLanguage":"tr","@id":"https:\/\/secure.gravatar.com\/avatar\/1c5e76ef76bbbfdd2b4da984e2bf2fa4056fd51a27d25ce2c332047f1dfd6e00?s=96&d=identicon&r=g","url":"https:\/\/secure.gravatar.com\/avatar\/1c5e76ef76bbbfdd2b4da984e2bf2fa4056fd51a27d25ce2c332047f1dfd6e00?s=96&d=identicon&r=g","contentUrl":"https:\/\/secure.gravatar.com\/avatar\/1c5e76ef76bbbfdd2b4da984e2bf2fa4056fd51a27d25ce2c332047f1dfd6e00?s=96&d=identicon&r=g","caption":"Kohen"},"sameAs":["https:\/\/www.linkedin.com\/in\/hassan-kohen-448548192\/","https:\/\/www.youtube.com\/@Kohen-Avocats"],"url":"https:\/\/kohenavocats.com\/tr\/author\/kohenmlk\/"}]}},"jetpack_featured_media_url":"https:\/\/kohenavocats.com\/wp-content\/uploads\/2024\/08\/silvio-kundt-Fixg8KipOg8-unsplash.webp","jetpack_likes_enabled":false,"jetpack_shortlink":"https:\/\/wp.me\/peCrII-2OmV","jetpack-related-posts":[{"id":416419,"url":"https:\/\/kohenavocats.com\/tr\/cour-dappel-de-bastia-le-25-avril-2012-n10-00062\/","url_meta":{"origin":670277,"position":0},"title":"Cour d&#8217;appel de Bastia, le 25 avril 2012, n\u00b010\/00062","author":"Kohen","date":"22 Mart 2026","format":false,"excerpt":"La Cour d\u2019appel de Bastia, dans un arr\u00eat du 25 avril 2012, confirme un jugement ayant retenu la responsabilit\u00e9 du syndicat de copropri\u00e9t\u00e9 \u00e0 raison de dommages caus\u00e9s aux v\u00e9hicules de copropri\u00e9taires par des plots d\u2019acc\u00e8s. Le syndicat, gardien de l\u2019installation, et son assureur \u00e9taient appelants. Les juges du fond\u2026","rel":"","context":"&quot;Cour d'appel&quot; i\u00e7inde","block_context":{"text":"Cour d'appel","link":"https:\/\/kohenavocats.com\/category\/cour-dappel\/"},"img":{"alt_text":"","src":"https:\/\/i0.wp.com\/kohenavocats.com\/wp-content\/uploads\/2024\/08\/kreshen-iMSeWtfaDmM-unsplash.webp?resize=350%2C200&ssl=1","width":350,"height":200,"srcset":"https:\/\/i0.wp.com\/kohenavocats.com\/wp-content\/uploads\/2024\/08\/kreshen-iMSeWtfaDmM-unsplash.webp?resize=350%2C200&ssl=1 1x, https:\/\/i0.wp.com\/kohenavocats.com\/wp-content\/uploads\/2024\/08\/kreshen-iMSeWtfaDmM-unsplash.webp?resize=525%2C300&ssl=1 1.5x, https:\/\/i0.wp.com\/kohenavocats.com\/wp-content\/uploads\/2024\/08\/kreshen-iMSeWtfaDmM-unsplash.webp?resize=700%2C400&ssl=1 2x, https:\/\/i0.wp.com\/kohenavocats.com\/wp-content\/uploads\/2024\/08\/kreshen-iMSeWtfaDmM-unsplash.webp?resize=1050%2C600&ssl=1 3x, https:\/\/i0.wp.com\/kohenavocats.com\/wp-content\/uploads\/2024\/08\/kreshen-iMSeWtfaDmM-unsplash.webp?resize=1400%2C800&ssl=1 4x"},"classes":[]},{"id":412351,"url":"https:\/\/kohenavocats.com\/tr\/cour-dappel-de-paris-le-18-decembre-2012-n10-11454\/","url_meta":{"origin":670277,"position":1},"title":"Cour d&#8217;appel de Paris, le 18 d\u00e9cembre 2012, n\u00b010\/11454","author":"Kohen","date":"21 Mart 2026","format":false,"excerpt":"La Cour d'appel de Paris, dans un arr\u00eat du 18 d\u00e9cembre 2012, statue sur les obligations d\u2019un syndicat de copropri\u00e9taires envers son locataire. Le locataire demandait la r\u00e9paration d\u2019une canalisation de gaz d\u00e9fectueuse et la remise en service de sa chaudi\u00e8re. Le tribunal d\u2019instance l\u2019avait initialement d\u00e9bout\u00e9. La cour d\u2019appel\u2026","rel":"","context":"&quot;Cour d'appel&quot; i\u00e7inde","block_context":{"text":"Cour d'appel","link":"https:\/\/kohenavocats.com\/category\/cour-dappel\/"},"img":{"alt_text":"","src":"https:\/\/i0.wp.com\/kohenavocats.com\/wp-content\/uploads\/2024\/11\/lala-azizli-FwzWgaUqjlc-unsplash.webp?resize=350%2C200&ssl=1","width":350,"height":200,"srcset":"https:\/\/i0.wp.com\/kohenavocats.com\/wp-content\/uploads\/2024\/11\/lala-azizli-FwzWgaUqjlc-unsplash.webp?resize=350%2C200&ssl=1 1x, https:\/\/i0.wp.com\/kohenavocats.com\/wp-content\/uploads\/2024\/11\/lala-azizli-FwzWgaUqjlc-unsplash.webp?resize=525%2C300&ssl=1 1.5x, https:\/\/i0.wp.com\/kohenavocats.com\/wp-content\/uploads\/2024\/11\/lala-azizli-FwzWgaUqjlc-unsplash.webp?resize=700%2C400&ssl=1 2x, https:\/\/i0.wp.com\/kohenavocats.com\/wp-content\/uploads\/2024\/11\/lala-azizli-FwzWgaUqjlc-unsplash.webp?resize=1050%2C600&ssl=1 3x, https:\/\/i0.wp.com\/kohenavocats.com\/wp-content\/uploads\/2024\/11\/lala-azizli-FwzWgaUqjlc-unsplash.webp?resize=1400%2C800&ssl=1 4x"},"classes":[]},{"id":643127,"url":"https:\/\/kohenavocats.com\/tr\/cour-dappel-le-16-juin-2023-n21-08250\/","url_meta":{"origin":670277,"position":2},"title":"Cour d&#8217;appel, le 16 juin 2023, n\u00b021\/08250","author":"Kohen","date":"22 Nisan 2026","format":false,"excerpt":"Cour d\u2019appel de Paris, arr\u00eat du 16 juin 2023. Un copropri\u00e9taire subissait des nuisances sonores et thermiques provenant de la chaufferie collective situ\u00e9e so...","rel":"","context":"&quot;Jurisprudence&quot; i\u00e7inde","block_context":{"text":"Jurisprudence","link":"https:\/\/kohenavocats.com\/category\/jurisprudence\/"},"img":{"alt_text":"","src":"https:\/\/i0.wp.com\/kohenavocats.com\/wp-content\/uploads\/2024\/08\/stephanie-leblanc-53aGntxJ8iA-unsplash.webp?resize=350%2C200&ssl=1","width":350,"height":200,"srcset":"https:\/\/i0.wp.com\/kohenavocats.com\/wp-content\/uploads\/2024\/08\/stephanie-leblanc-53aGntxJ8iA-unsplash.webp?resize=350%2C200&ssl=1 1x, https:\/\/i0.wp.com\/kohenavocats.com\/wp-content\/uploads\/2024\/08\/stephanie-leblanc-53aGntxJ8iA-unsplash.webp?resize=525%2C300&ssl=1 1.5x, https:\/\/i0.wp.com\/kohenavocats.com\/wp-content\/uploads\/2024\/08\/stephanie-leblanc-53aGntxJ8iA-unsplash.webp?resize=700%2C400&ssl=1 2x, https:\/\/i0.wp.com\/kohenavocats.com\/wp-content\/uploads\/2024\/08\/stephanie-leblanc-53aGntxJ8iA-unsplash.webp?resize=1050%2C600&ssl=1 3x, https:\/\/i0.wp.com\/kohenavocats.com\/wp-content\/uploads\/2024\/08\/stephanie-leblanc-53aGntxJ8iA-unsplash.webp?resize=1400%2C800&ssl=1 4x"},"classes":[]},{"id":487788,"url":"https:\/\/kohenavocats.com\/tr\/tribunal-judiciaire-de-paris-le-12-mars-2025-n21-06285\/","url_meta":{"origin":670277,"position":3},"title":"Tribunal judiciaire de Paris, le 12 mars 2025, n\u00b021\/06285","author":"Kohen","date":"8 Nisan 2026","format":false,"excerpt":"Le tribunal judiciaire de Paris, dans un jugement du 12 mars 2025, statue sur un litige complexe entre copropri\u00e9taires et leur syndicat. Des d\u00e9sordres li\u00e9s \u00e0...","rel":"","context":"&quot;Jurisprudence&quot; i\u00e7inde","block_context":{"text":"Jurisprudence","link":"https:\/\/kohenavocats.com\/category\/jurisprudence\/"},"img":{"alt_text":"","src":"https:\/\/i0.wp.com\/kohenavocats.com\/wp-content\/uploads\/2024\/11\/getty-images-UzSgkFUhmVc-unsplash.webp?resize=350%2C200&ssl=1","width":350,"height":200,"srcset":"https:\/\/i0.wp.com\/kohenavocats.com\/wp-content\/uploads\/2024\/11\/getty-images-UzSgkFUhmVc-unsplash.webp?resize=350%2C200&ssl=1 1x, https:\/\/i0.wp.com\/kohenavocats.com\/wp-content\/uploads\/2024\/11\/getty-images-UzSgkFUhmVc-unsplash.webp?resize=525%2C300&ssl=1 1.5x, https:\/\/i0.wp.com\/kohenavocats.com\/wp-content\/uploads\/2024\/11\/getty-images-UzSgkFUhmVc-unsplash.webp?resize=700%2C400&ssl=1 2x, https:\/\/i0.wp.com\/kohenavocats.com\/wp-content\/uploads\/2024\/11\/getty-images-UzSgkFUhmVc-unsplash.webp?resize=1050%2C600&ssl=1 3x, https:\/\/i0.wp.com\/kohenavocats.com\/wp-content\/uploads\/2024\/11\/getty-images-UzSgkFUhmVc-unsplash.webp?resize=1400%2C800&ssl=1 4x"},"classes":[]},{"id":477776,"url":"https:\/\/kohenavocats.com\/tr\/tribunal-judiciaire-de-paris-le-4-decembre-2025-n22-07956\/","url_meta":{"origin":670277,"position":4},"title":"Tribunal judiciaire de Paris, le 4 d\u00e9cembre 2025, n\u00b022\/07956","author":"Kohen","date":"7 Nisan 2026","format":false,"excerpt":"Le Tribunal judiciaire de Paris, huiti\u00e8me chambre, deuxi\u00e8me section, a statu\u00e9 par jugement du 4 d\u00e9cembre 2025. Des travaux de r\u00e9novation entrepris par un loc...","rel":"","context":"&quot;Jurisprudence&quot; i\u00e7inde","block_context":{"text":"Jurisprudence","link":"https:\/\/kohenavocats.com\/category\/jurisprudence\/"},"img":{"alt_text":"","src":"https:\/\/i0.wp.com\/kohenavocats.com\/wp-content\/uploads\/2024\/11\/kristijan-arsov-C8ilked7AJ8-unsplash.webp?resize=350%2C200&ssl=1","width":350,"height":200,"srcset":"https:\/\/i0.wp.com\/kohenavocats.com\/wp-content\/uploads\/2024\/11\/kristijan-arsov-C8ilked7AJ8-unsplash.webp?resize=350%2C200&ssl=1 1x, https:\/\/i0.wp.com\/kohenavocats.com\/wp-content\/uploads\/2024\/11\/kristijan-arsov-C8ilked7AJ8-unsplash.webp?resize=525%2C300&ssl=1 1.5x, https:\/\/i0.wp.com\/kohenavocats.com\/wp-content\/uploads\/2024\/11\/kristijan-arsov-C8ilked7AJ8-unsplash.webp?resize=700%2C400&ssl=1 2x, https:\/\/i0.wp.com\/kohenavocats.com\/wp-content\/uploads\/2024\/11\/kristijan-arsov-C8ilked7AJ8-unsplash.webp?resize=1050%2C600&ssl=1 3x, https:\/\/i0.wp.com\/kohenavocats.com\/wp-content\/uploads\/2024\/11\/kristijan-arsov-C8ilked7AJ8-unsplash.webp?resize=1400%2C800&ssl=1 4x"},"classes":[]},{"id":481051,"url":"https:\/\/kohenavocats.com\/tr\/tribunal-judiciaire-de-paris-le-13-novembre-2025-n23-05328\/","url_meta":{"origin":670277,"position":5},"title":"Tribunal judiciaire de Paris, le 13 novembre 2025, n\u00b023\/05328","author":"Kohen","date":"7 Nisan 2026","format":false,"excerpt":"Le Tribunal judiciaire de Paris, statuant le 13 novembre 2025, a examin\u00e9 un litige relatif \u00e0 des infiltrations d'eau dans un logement en copropri\u00e9t\u00e9. Un copr...","rel":"","context":"&quot;Jurisprudence&quot; i\u00e7inde","block_context":{"text":"Jurisprudence","link":"https:\/\/kohenavocats.com\/category\/jurisprudence\/"},"img":{"alt_text":"","src":"https:\/\/i0.wp.com\/kohenavocats.com\/wp-content\/uploads\/2024\/11\/gabriella-clare-marino-cSNzKJN-LNI-unsplash.webp?resize=350%2C200&ssl=1","width":350,"height":200,"srcset":"https:\/\/i0.wp.com\/kohenavocats.com\/wp-content\/uploads\/2024\/11\/gabriella-clare-marino-cSNzKJN-LNI-unsplash.webp?resize=350%2C200&ssl=1 1x, https:\/\/i0.wp.com\/kohenavocats.com\/wp-content\/uploads\/2024\/11\/gabriella-clare-marino-cSNzKJN-LNI-unsplash.webp?resize=525%2C300&ssl=1 1.5x, https:\/\/i0.wp.com\/kohenavocats.com\/wp-content\/uploads\/2024\/11\/gabriella-clare-marino-cSNzKJN-LNI-unsplash.webp?resize=700%2C400&ssl=1 2x, https:\/\/i0.wp.com\/kohenavocats.com\/wp-content\/uploads\/2024\/11\/gabriella-clare-marino-cSNzKJN-LNI-unsplash.webp?resize=1050%2C600&ssl=1 3x, https:\/\/i0.wp.com\/kohenavocats.com\/wp-content\/uploads\/2024\/11\/gabriella-clare-marino-cSNzKJN-LNI-unsplash.webp?resize=1400%2C800&ssl=1 4x"},"classes":[]}],"jetpack_sharing_enabled":true,"_links":{"self":[{"href":"https:\/\/kohenavocats.com\/tr\/wp-json\/wp\/v2\/posts\/670277","targetHints":{"allow":["GET"]}}],"collection":[{"href":"https:\/\/kohenavocats.com\/tr\/wp-json\/wp\/v2\/posts"}],"about":[{"href":"https:\/\/kohenavocats.com\/tr\/wp-json\/wp\/v2\/types\/post"}],"author":[{"embeddable":true,"href":"https:\/\/kohenavocats.com\/tr\/wp-json\/wp\/v2\/users\/232070755"}],"replies":[{"embeddable":true,"href":"https:\/\/kohenavocats.com\/tr\/wp-json\/wp\/v2\/comments?post=670277"}],"version-history":[{"count":0,"href":"https:\/\/kohenavocats.com\/tr\/wp-json\/wp\/v2\/posts\/670277\/revisions"}],"wp:featuredmedia":[{"embeddable":true,"href":"https:\/\/kohenavocats.com\/tr\/wp-json\/wp\/v2\/media\/4921"}],"wp:attachment":[{"href":"https:\/\/kohenavocats.com\/tr\/wp-json\/wp\/v2\/media?parent=670277"}],"wp:term":[{"taxonomy":"category","embeddable":true,"href":"https:\/\/kohenavocats.com\/tr\/wp-json\/wp\/v2\/categories?post=670277"},{"taxonomy":"post_tag","embeddable":true,"href":"https:\/\/kohenavocats.com\/tr\/wp-json\/wp\/v2\/tags?post=670277"}],"curies":[{"name":"wp","href":"https:\/\/api.w.org\/{rel}","templated":true}]}}