{"id":670305,"date":"2026-04-24T07:38:12","date_gmt":"2026-04-24T05:38:12","guid":{"rendered":"https:\/\/kohenavocats.com\/tribunal-judiciaire-de-strasbourg-le-19-decembre-2024-n23-01800\/"},"modified":"2026-04-26T16:34:19","modified_gmt":"2026-04-26T14:34:19","slug":"tribunal-judiciaire-de-strasbourg-le-19-decembre-2024-n23-01800","status":"publish","type":"post","link":"https:\/\/kohenavocats.com\/tr\/tribunal-judiciaire-de-strasbourg-le-19-decembre-2024-n23-01800\/","title":{"rendered":"Tribunal judiciaire de Strasbourg, le 19 d\u00e9cembre 2024, n\u00b023\/01800"},"content":{"rendered":"<div class=\"article-content\">\n<p>Le tribunal judiciaire de Strasbourg, statuant le 19 d\u00e9cembre 2024, a \u00e9t\u00e9 saisi d\u2019une action en paiement dirig\u00e9e par un \u00e9tablissement de cr\u00e9dit contre deux cautions personnes physiques d\u2019un pr\u00eat professionnel. La soci\u00e9t\u00e9 d\u00e9bitrice principale avait fait l\u2019objet d\u2019une <a href=\"https:\/\/kohenavocats.fr\/elementor-60\/avocats-droit-affaires-paris\/avocat-procedures-collectives-paris\/\" target=\"_blank\" title=\"liquidation judiciaire\">liquidation judiciaire<\/a>. La juridiction a rejet\u00e9 la demande contre la premi\u00e8re <a href=\"https:\/\/kohenavocats.fr\/avocat-depot-garantie-paris\/\" target=\"_blank\" title=\"caution\">caution<\/a> et accueilli celle contre la seconde, tout en d\u00e9boutant cette derni\u00e8re de sa demande reconventionnelle en responsabilit\u00e9. La d\u00e9cision articule ainsi le contr\u00f4le de la proportionnalit\u00e9 de l\u2019engagement et le r\u00e9gime probatoire de l\u2019information annuelle.<\/p>\n<p>Le contr\u00f4le du caract\u00e8re disproportionn\u00e9 de l\u2019engagement de la caution<\/p>\n<p>Le juge op\u00e8re un contr\u00f4le strict de la proportionnalit\u00e9 au moment de la souscription. Il applique l\u2019article L. 332-1 du code de la consommation, qui prot\u00e8ge la caution personne physique non professionnelle. Le tribunal rel\u00e8ve que l\u2019engagement initial \u00e9tait manifestement disproportionn\u00e9 aux ressources de l\u2019int\u00e9ress\u00e9. Il constate surtout que le cr\u00e9ancier ne d\u00e9montre pas une am\u00e9lioration patrimoniale ult\u00e9rieure. &#8220;Par ailleurs, la Banque CIC EST n&#8217;apporte pas la preuve qu&#8217;au moment de l&#8217;appel en paiement, le 27 juin 2022, le patrimoine de Monsieur [S] lui permet de faire face \u00e0 ses engagements&#8221; (Motifs, \u00a72). Cette exigence probatoire renforce la protection en reportant sur le cr\u00e9ancier professionnel la charge de la preuve d\u2019une \u00e9volution favorable. La solution s\u2019inscrit dans la lign\u00e9e d\u2019une jurisprudence exigeante. &#8220;Un cr\u00e9ancier professionnel ne peut se pr\u00e9valoir d&#8217;un contrat de cautionnement conclu par une personne physique dont l&#8217;engagement \u00e9tait, lors de sa conclusion, manifestement disproportionn\u00e9 \u00e0 ses biens et revenus, \u00e0 moins que le patrimoine de cette caution, au moment o\u00f9 celle-ci est appel\u00e9e, ne lui permette de faire face \u00e0 son obligation&#8221; (Cour d&#8217;appel de Limoges, le 30 janvier 2025, n\u00b024\/00165). La port\u00e9e est significative car elle combine l\u2019appr\u00e9ciation initiale et une <a href=\"https:\/\/kohenavocats.fr\/elementor-60\/avocats-droit-immobilier-paris\/avocat-compromis-vente-immobilier-paris\/\" target=\"_blank\" title=\"condition suspensive\">condition suspensive<\/a> de l\u2019exigibilit\u00e9, offrant une s\u00e9curit\u00e9 juridique accrue \u00e0 la caution.<\/p>\n<p>Le r\u00e9gime probatoire all\u00e9g\u00e9 de l\u2019information annuelle de la caution<\/p>\n<p>La d\u00e9cision d\u00e9finit avec pr\u00e9cision les moyens de preuve de l\u2019information annuelle. Elle rappelle que cette obligation, pr\u00e9vue \u00e0 l\u2019article L. 313-22 du code mon\u00e9taire et financier, est une formalit\u00e9 substantielle. Le d\u00e9faut d\u2019information entra\u00eene des sanctions s\u00e9v\u00e8res, notamment la d\u00e9ch\u00e9ance des int\u00e9r\u00eats. Le tribunal admet cependant des modes de preuve souples pour le cr\u00e9ancier. Il estime que la production de copies des lettres et de proc\u00e8s-verbaux d\u2019huissier constatant les op\u00e9rations d\u2019exp\u00e9dition suffit. &#8220;Ainsi, la Banque CIC EST apporte la preuve de l&#8217;accomplissement de son obligation d&#8217;information annuelle de la caution&#8221; (Motifs, \u00a74). Le cr\u00e9ancier n\u2019a pas \u00e0 prouver la r\u00e9ception effective par la caution, mais seulement l\u2019envoi mat\u00e9riel des informations. Cette interpr\u00e9tation facilite la t\u00e2che des \u00e9tablissements de cr\u00e9dit en leur \u00e9vitant de recourir syst\u00e9matiquement \u00e0 des recommand\u00e9s. La valeur de la solution r\u00e9side dans l\u2019\u00e9quilibre trouv\u00e9 entre la protection de la caution et la s\u00e9curit\u00e9 des op\u00e9rations de cr\u00e9dit. Elle clarifie les moyens de preuve admissibles et \u00e9vite une interpr\u00e9tation trop rigoriste qui paralyserait la pratique bancaire.<\/p>\n<\/div>\n","protected":false},"excerpt":{"rendered":"<p>Le tribunal judiciaire de Strasbourg, statuant le 19 d\u00e9cembre 2024, a \u00e9t\u00e9 saisi d\u2019une action en paiement dirig\u00e9e par un \u00e9tablissement de cr\u00e9dit contre deux c&#8230;<\/p>\n","protected":false},"author":232070755,"featured_media":4818,"comment_status":"open","ping_status":"open","sticky":false,"template":"","format":"standard","meta":{"_crdt_document":"","_jetpack_newsletter_access":"","_jetpack_dont_email_post_to_subs":false,"_jetpack_newsletter_tier_id":0,"_jetpack_memberships_contains_paywalled_content":false,"_kj_source_type":"judilibre","_kj_official_id":"68cc7a539da36895046bcec5","_kj_official_url":"https:\/\/www.courdecassation.fr\/decision\/68cc7a539da36895046bcec5","_kj_judilibre_id":"68cc7a539da36895046bcec5","_kj_jur":"Tribunal judiciaire","_kj_lieu":"Tribunal judiciaire de Strasbourg","_kj_chambre":"1\u00e8re Ch. Civile Cab. 1","_kj_rg":"23\/01800","_kj_date":"2025-09-18","_jetpack_memberships_contains_paid_content":false,"footnotes":"","jetpack_post_was_ever_published":false},"categories":[7606,7594,35581,7595,7597],"tags":[],"class_list":["post-670305","post","type-post","status-publish","format-standard","has-post-thumbnail","hentry","category-cedh","category-cjue","category-droit-des-affaires","category-droit-europeen","category-jurisprudence"],"yoast_head":"<!-- This site is optimized with the Yoast SEO Premium plugin v27.5 (Yoast SEO v27.5) - https:\/\/yoast.com\/product\/yoast-seo-premium-wordpress\/ -->\n<title>Tribunal judiciaire de Strasbourg, le 19 d\u00e9cembre 2024, n\u00b023\/01800 - Ma\u00eetre Hassan Kohen, avocat en droit p\u00e9nal \u00e0 Paris<\/title>\n<meta name=\"description\" content=\"Le tribunal judiciaire de Strasbourg, statuant le 19 d\u00e9cembre 2024, a \u00e9t\u00e9 saisi d\u2019une action en paiement dirig\u00e9e par un \u00e9tablissement de cr\u00e9dit contre deux c...\" \/>\n<meta name=\"robots\" content=\"index, follow, max-snippet:-1, max-image-preview:large, max-video-preview:-1\" \/>\n<link rel=\"canonical\" href=\"https:\/\/kohenavocats.com\/tr\/tribunal-judiciaire-de-strasbourg-le-19-decembre-2024-n23-01800\/\" \/>\n<meta property=\"og:locale\" content=\"tr_TR\" \/>\n<meta property=\"og:type\" content=\"article\" \/>\n<meta property=\"og:title\" content=\"Tribunal judiciaire de Strasbourg, le 19 d\u00e9cembre 2024, n\u00b023\/01800\" \/>\n<meta property=\"og:description\" content=\"Le tribunal judiciaire de Strasbourg, statuant le 19 d\u00e9cembre 2024, a \u00e9t\u00e9 saisi d\u2019une action en paiement dirig\u00e9e par un \u00e9tablissement de cr\u00e9dit contre deux c...\" \/>\n<meta property=\"og:url\" content=\"https:\/\/kohenavocats.com\/tr\/tribunal-judiciaire-de-strasbourg-le-19-decembre-2024-n23-01800\/\" \/>\n<meta property=\"og:site_name\" content=\"Ma\u00eetre Hassan Kohen, avocat en droit p\u00e9nal \u00e0 Paris\" \/>\n<meta property=\"article:published_time\" content=\"2026-04-24T05:38:12+00:00\" \/>\n<meta property=\"article:modified_time\" content=\"2026-04-26T14:34:19+00:00\" \/>\n<meta property=\"og:image\" content=\"https:\/\/kohenavocats.com\/wp-content\/uploads\/2024\/08\/amir-mortezaie-bKLKnHSwk4A-unsplash.webp\" \/>\n\t<meta property=\"og:image:width\" content=\"4608\" \/>\n\t<meta property=\"og:image:height\" content=\"3456\" \/>\n\t<meta property=\"og:image:type\" content=\"image\/webp\" \/>\n<meta name=\"author\" content=\"Kohen\" \/>\n<meta name=\"twitter:card\" content=\"summary_large_image\" \/>\n<meta name=\"twitter:label1\" content=\"Yazan:\" \/>\n\t<meta name=\"twitter:data1\" content=\"Kohen\" \/>\n\t<meta name=\"twitter:label2\" content=\"Tahmini okuma s\u00fcresi\" \/>\n\t<meta name=\"twitter:data2\" content=\"3 dakika\" \/>\n<script type=\"application\/ld+json\" class=\"yoast-schema-graph\">{\"@context\":\"https:\\\/\\\/schema.org\",\"@graph\":[{\"@type\":\"Article\",\"@id\":\"https:\\\/\\\/kohenavocats.com\\\/tr\\\/tribunal-judiciaire-de-strasbourg-le-19-decembre-2024-n23-01800\\\/#article\",\"isPartOf\":{\"@id\":\"https:\\\/\\\/kohenavocats.com\\\/tr\\\/tribunal-judiciaire-de-strasbourg-le-19-decembre-2024-n23-01800\\\/\"},\"author\":{\"name\":\"Kohen\",\"@id\":\"https:\\\/\\\/kohenavocats.com\\\/tr\\\/#\\\/schema\\\/person\\\/761c9ba54fa1ca84d405cef0831ff751\"},\"headline\":\"Tribunal judiciaire de Strasbourg, le 19 d\u00e9cembre 2024, n\u00b023\\\/01800\",\"datePublished\":\"2026-04-24T05:38:12+00:00\",\"dateModified\":\"2026-04-26T14:34:19+00:00\",\"mainEntityOfPage\":{\"@id\":\"https:\\\/\\\/kohenavocats.com\\\/tr\\\/tribunal-judiciaire-de-strasbourg-le-19-decembre-2024-n23-01800\\\/\"},\"wordCount\":569,\"commentCount\":0,\"publisher\":{\"@id\":\"https:\\\/\\\/kohenavocats.com\\\/tr\\\/#organization\"},\"image\":{\"@id\":\"https:\\\/\\\/kohenavocats.com\\\/tr\\\/tribunal-judiciaire-de-strasbourg-le-19-decembre-2024-n23-01800\\\/#primaryimage\"},\"thumbnailUrl\":\"https:\\\/\\\/kohenavocats.com\\\/wp-content\\\/uploads\\\/2024\\\/08\\\/amir-mortezaie-bKLKnHSwk4A-unsplash.webp\",\"articleSection\":[\"CEDH\",\"CJUE\",\"Droit des affaires\",\"Droit europ\u00e9en\",\"Jurisprudence\"],\"inLanguage\":\"tr\",\"potentialAction\":[{\"@type\":\"CommentAction\",\"name\":\"Comment\",\"target\":[\"https:\\\/\\\/kohenavocats.com\\\/tr\\\/tribunal-judiciaire-de-strasbourg-le-19-decembre-2024-n23-01800\\\/#respond\"]}],\"citation\":\"Tribunal judiciaire de Strasbourg, le 19 d\u00e9cembre 2024, n\u00b023\\\/01800\",\"about\":[{\"@type\":\"Thing\",\"name\":\"CEDH\"},{\"@type\":\"Thing\",\"name\":\"CJUE\"},{\"@type\":\"Thing\",\"name\":\"Droit des affaires\"},{\"@type\":\"Thing\",\"name\":\"Droit europ\u00e9en\"},{\"@type\":\"Thing\",\"name\":\"Jurisprudence\"}],\"speakable\":{\"@type\":\"SpeakableSpecification\",\"cssSelector\":[\".article-content > p:first-of-type\"]}},{\"@type\":\"WebPage\",\"@id\":\"https:\\\/\\\/kohenavocats.com\\\/tr\\\/tribunal-judiciaire-de-strasbourg-le-19-decembre-2024-n23-01800\\\/\",\"url\":\"https:\\\/\\\/kohenavocats.com\\\/tr\\\/tribunal-judiciaire-de-strasbourg-le-19-decembre-2024-n23-01800\\\/\",\"name\":\"Tribunal judiciaire de Strasbourg, le 19 d\u00e9cembre 2024, n\u00b023\\\/01800 - Ma\u00eetre Hassan Kohen, avocat en droit p\u00e9nal \u00e0 Paris\",\"isPartOf\":{\"@id\":\"https:\\\/\\\/kohenavocats.com\\\/tr\\\/#website\"},\"primaryImageOfPage\":{\"@id\":\"https:\\\/\\\/kohenavocats.com\\\/tr\\\/tribunal-judiciaire-de-strasbourg-le-19-decembre-2024-n23-01800\\\/#primaryimage\"},\"image\":{\"@id\":\"https:\\\/\\\/kohenavocats.com\\\/tr\\\/tribunal-judiciaire-de-strasbourg-le-19-decembre-2024-n23-01800\\\/#primaryimage\"},\"thumbnailUrl\":\"https:\\\/\\\/kohenavocats.com\\\/wp-content\\\/uploads\\\/2024\\\/08\\\/amir-mortezaie-bKLKnHSwk4A-unsplash.webp\",\"datePublished\":\"2026-04-24T05:38:12+00:00\",\"dateModified\":\"2026-04-26T14:34:19+00:00\",\"description\":\"Le tribunal judiciaire de Strasbourg, statuant le 19 d\u00e9cembre 2024, a \u00e9t\u00e9 saisi d\u2019une action en paiement dirig\u00e9e par un \u00e9tablissement de cr\u00e9dit contre deux c...\",\"breadcrumb\":{\"@id\":\"https:\\\/\\\/kohenavocats.com\\\/tr\\\/tribunal-judiciaire-de-strasbourg-le-19-decembre-2024-n23-01800\\\/#breadcrumb\"},\"inLanguage\":\"tr\",\"potentialAction\":[{\"@type\":\"ReadAction\",\"target\":[\"https:\\\/\\\/kohenavocats.com\\\/tr\\\/tribunal-judiciaire-de-strasbourg-le-19-decembre-2024-n23-01800\\\/\"]}]},{\"@type\":\"ImageObject\",\"inLanguage\":\"tr\",\"@id\":\"https:\\\/\\\/kohenavocats.com\\\/tr\\\/tribunal-judiciaire-de-strasbourg-le-19-decembre-2024-n23-01800\\\/#primaryimage\",\"url\":\"https:\\\/\\\/kohenavocats.com\\\/wp-content\\\/uploads\\\/2024\\\/08\\\/amir-mortezaie-bKLKnHSwk4A-unsplash.webp\",\"contentUrl\":\"https:\\\/\\\/kohenavocats.com\\\/wp-content\\\/uploads\\\/2024\\\/08\\\/amir-mortezaie-bKLKnHSwk4A-unsplash.webp\",\"width\":4608,\"height\":3456},{\"@type\":\"BreadcrumbList\",\"@id\":\"https:\\\/\\\/kohenavocats.com\\\/tr\\\/tribunal-judiciaire-de-strasbourg-le-19-decembre-2024-n23-01800\\\/#breadcrumb\",\"itemListElement\":[{\"@type\":\"ListItem\",\"position\":1,\"name\":\"Home\",\"item\":\"https:\\\/\\\/kohenavocats.com\\\/tr\\\/avocats-en-droit-penal-a-paris-conseil-et-defense-strategique\\\/\"},{\"@type\":\"ListItem\",\"position\":2,\"name\":\"Tribunal judiciaire de Strasbourg, le 19 d\u00e9cembre 2024, n\u00b023\\\/01800\"}]},{\"@type\":\"WebSite\",\"@id\":\"https:\\\/\\\/kohenavocats.com\\\/tr\\\/#website\",\"url\":\"https:\\\/\\\/kohenavocats.com\\\/tr\\\/\",\"name\":\"Kohen Avocats\",\"description\":\"Ma\u00eetre Hassan Kohen, avocat p\u00e9naliste \u00e0 Paris, intervient exclusivement en droit p\u00e9nal pour la d\u00e9fense des particuliers, notamment en mati\u00e8re d\u2019accusations de viol. Il assure un accompagnement rigoureux d\u00e8s la garde \u00e0 vue jusqu\u2019\u00e0 la Cour d\u2019assises, veillant au strict respect des garanties proc\u00e9durales.\",\"publisher\":{\"@id\":\"https:\\\/\\\/kohenavocats.com\\\/tr\\\/#organization\"},\"potentialAction\":[{\"@type\":\"SearchAction\",\"target\":{\"@type\":\"EntryPoint\",\"urlTemplate\":\"https:\\\/\\\/kohenavocats.com\\\/tr\\\/?s={search_term_string}\"},\"query-input\":{\"@type\":\"PropertyValueSpecification\",\"valueRequired\":true,\"valueName\":\"search_term_string\"}}],\"inLanguage\":\"tr\"},{\"@type\":\"Organization\",\"@id\":\"https:\\\/\\\/kohenavocats.com\\\/tr\\\/#organization\",\"name\":\"Kohen Avocats\",\"url\":\"https:\\\/\\\/kohenavocats.com\\\/tr\\\/\",\"logo\":{\"@type\":\"ImageObject\",\"inLanguage\":\"tr\",\"@id\":\"https:\\\/\\\/kohenavocats.com\\\/tr\\\/#\\\/schema\\\/logo\\\/image\\\/\",\"url\":\"https:\\\/\\\/kohenavocats.com\\\/wp-content\\\/uploads\\\/2026\\\/01\\\/Logo-2-1.webp\",\"contentUrl\":\"https:\\\/\\\/kohenavocats.com\\\/wp-content\\\/uploads\\\/2026\\\/01\\\/Logo-2-1.webp\",\"width\":2114,\"height\":1253,\"caption\":\"Kohen Avocats\"},\"image\":{\"@id\":\"https:\\\/\\\/kohenavocats.com\\\/tr\\\/#\\\/schema\\\/logo\\\/image\\\/\"}},{\"@type\":\"Person\",\"@id\":\"https:\\\/\\\/kohenavocats.com\\\/tr\\\/#\\\/schema\\\/person\\\/761c9ba54fa1ca84d405cef0831ff751\",\"name\":\"Kohen\",\"image\":{\"@type\":\"ImageObject\",\"inLanguage\":\"tr\",\"@id\":\"https:\\\/\\\/secure.gravatar.com\\\/avatar\\\/1c5e76ef76bbbfdd2b4da984e2bf2fa4056fd51a27d25ce2c332047f1dfd6e00?s=96&d=identicon&r=g\",\"url\":\"https:\\\/\\\/secure.gravatar.com\\\/avatar\\\/1c5e76ef76bbbfdd2b4da984e2bf2fa4056fd51a27d25ce2c332047f1dfd6e00?s=96&d=identicon&r=g\",\"contentUrl\":\"https:\\\/\\\/secure.gravatar.com\\\/avatar\\\/1c5e76ef76bbbfdd2b4da984e2bf2fa4056fd51a27d25ce2c332047f1dfd6e00?s=96&d=identicon&r=g\",\"caption\":\"Kohen\"},\"sameAs\":[\"https:\\\/\\\/www.linkedin.com\\\/in\\\/hassan-kohen-448548192\\\/\",\"https:\\\/\\\/www.youtube.com\\\/@Kohen-Avocats\"],\"url\":\"https:\\\/\\\/kohenavocats.com\\\/tr\\\/author\\\/kohenmlk\\\/\"}]}<\/script>\n<!-- \/ Yoast SEO Premium plugin. -->","yoast_head_json":{"title":"Tribunal judiciaire de Strasbourg, le 19 d\u00e9cembre 2024, n\u00b023\/01800 - Ma\u00eetre Hassan Kohen, avocat en droit p\u00e9nal \u00e0 Paris","description":"Le tribunal judiciaire de Strasbourg, statuant le 19 d\u00e9cembre 2024, a \u00e9t\u00e9 saisi d\u2019une action en paiement dirig\u00e9e par un \u00e9tablissement de cr\u00e9dit contre deux c...","robots":{"index":"index","follow":"follow","max-snippet":"max-snippet:-1","max-image-preview":"max-image-preview:large","max-video-preview":"max-video-preview:-1"},"canonical":"https:\/\/kohenavocats.com\/tr\/tribunal-judiciaire-de-strasbourg-le-19-decembre-2024-n23-01800\/","og_locale":"tr_TR","og_type":"article","og_title":"Tribunal judiciaire de Strasbourg, le 19 d\u00e9cembre 2024, n\u00b023\/01800","og_description":"Le tribunal judiciaire de Strasbourg, statuant le 19 d\u00e9cembre 2024, a \u00e9t\u00e9 saisi d\u2019une action en paiement dirig\u00e9e par un \u00e9tablissement de cr\u00e9dit contre deux c...","og_url":"https:\/\/kohenavocats.com\/tr\/tribunal-judiciaire-de-strasbourg-le-19-decembre-2024-n23-01800\/","og_site_name":"Ma\u00eetre Hassan Kohen, avocat en droit p\u00e9nal \u00e0 Paris","article_published_time":"2026-04-24T05:38:12+00:00","article_modified_time":"2026-04-26T14:34:19+00:00","og_image":[{"width":4608,"height":3456,"url":"https:\/\/kohenavocats.com\/wp-content\/uploads\/2024\/08\/amir-mortezaie-bKLKnHSwk4A-unsplash.webp","type":"image\/webp"}],"author":"Kohen","twitter_card":"summary_large_image","twitter_misc":{"Yazan:":"Kohen","Tahmini okuma s\u00fcresi":"3 dakika"},"schema":{"@context":"https:\/\/schema.org","@graph":[{"@type":"Article","@id":"https:\/\/kohenavocats.com\/tr\/tribunal-judiciaire-de-strasbourg-le-19-decembre-2024-n23-01800\/#article","isPartOf":{"@id":"https:\/\/kohenavocats.com\/tr\/tribunal-judiciaire-de-strasbourg-le-19-decembre-2024-n23-01800\/"},"author":{"name":"Kohen","@id":"https:\/\/kohenavocats.com\/tr\/#\/schema\/person\/761c9ba54fa1ca84d405cef0831ff751"},"headline":"Tribunal judiciaire de Strasbourg, le 19 d\u00e9cembre 2024, n\u00b023\/01800","datePublished":"2026-04-24T05:38:12+00:00","dateModified":"2026-04-26T14:34:19+00:00","mainEntityOfPage":{"@id":"https:\/\/kohenavocats.com\/tr\/tribunal-judiciaire-de-strasbourg-le-19-decembre-2024-n23-01800\/"},"wordCount":569,"commentCount":0,"publisher":{"@id":"https:\/\/kohenavocats.com\/tr\/#organization"},"image":{"@id":"https:\/\/kohenavocats.com\/tr\/tribunal-judiciaire-de-strasbourg-le-19-decembre-2024-n23-01800\/#primaryimage"},"thumbnailUrl":"https:\/\/kohenavocats.com\/wp-content\/uploads\/2024\/08\/amir-mortezaie-bKLKnHSwk4A-unsplash.webp","articleSection":["CEDH","CJUE","Droit des affaires","Droit europ\u00e9en","Jurisprudence"],"inLanguage":"tr","potentialAction":[{"@type":"CommentAction","name":"Comment","target":["https:\/\/kohenavocats.com\/tr\/tribunal-judiciaire-de-strasbourg-le-19-decembre-2024-n23-01800\/#respond"]}],"citation":"Tribunal judiciaire de Strasbourg, le 19 d\u00e9cembre 2024, n\u00b023\/01800","about":[{"@type":"Thing","name":"CEDH"},{"@type":"Thing","name":"CJUE"},{"@type":"Thing","name":"Droit des affaires"},{"@type":"Thing","name":"Droit europ\u00e9en"},{"@type":"Thing","name":"Jurisprudence"}],"speakable":{"@type":"SpeakableSpecification","cssSelector":[".article-content > p:first-of-type"]}},{"@type":"WebPage","@id":"https:\/\/kohenavocats.com\/tr\/tribunal-judiciaire-de-strasbourg-le-19-decembre-2024-n23-01800\/","url":"https:\/\/kohenavocats.com\/tr\/tribunal-judiciaire-de-strasbourg-le-19-decembre-2024-n23-01800\/","name":"Tribunal judiciaire de Strasbourg, le 19 d\u00e9cembre 2024, n\u00b023\/01800 - Ma\u00eetre Hassan Kohen, avocat en droit p\u00e9nal \u00e0 Paris","isPartOf":{"@id":"https:\/\/kohenavocats.com\/tr\/#website"},"primaryImageOfPage":{"@id":"https:\/\/kohenavocats.com\/tr\/tribunal-judiciaire-de-strasbourg-le-19-decembre-2024-n23-01800\/#primaryimage"},"image":{"@id":"https:\/\/kohenavocats.com\/tr\/tribunal-judiciaire-de-strasbourg-le-19-decembre-2024-n23-01800\/#primaryimage"},"thumbnailUrl":"https:\/\/kohenavocats.com\/wp-content\/uploads\/2024\/08\/amir-mortezaie-bKLKnHSwk4A-unsplash.webp","datePublished":"2026-04-24T05:38:12+00:00","dateModified":"2026-04-26T14:34:19+00:00","description":"Le tribunal judiciaire de Strasbourg, statuant le 19 d\u00e9cembre 2024, a \u00e9t\u00e9 saisi d\u2019une action en paiement dirig\u00e9e par un \u00e9tablissement de cr\u00e9dit contre deux c...","breadcrumb":{"@id":"https:\/\/kohenavocats.com\/tr\/tribunal-judiciaire-de-strasbourg-le-19-decembre-2024-n23-01800\/#breadcrumb"},"inLanguage":"tr","potentialAction":[{"@type":"ReadAction","target":["https:\/\/kohenavocats.com\/tr\/tribunal-judiciaire-de-strasbourg-le-19-decembre-2024-n23-01800\/"]}]},{"@type":"ImageObject","inLanguage":"tr","@id":"https:\/\/kohenavocats.com\/tr\/tribunal-judiciaire-de-strasbourg-le-19-decembre-2024-n23-01800\/#primaryimage","url":"https:\/\/kohenavocats.com\/wp-content\/uploads\/2024\/08\/amir-mortezaie-bKLKnHSwk4A-unsplash.webp","contentUrl":"https:\/\/kohenavocats.com\/wp-content\/uploads\/2024\/08\/amir-mortezaie-bKLKnHSwk4A-unsplash.webp","width":4608,"height":3456},{"@type":"BreadcrumbList","@id":"https:\/\/kohenavocats.com\/tr\/tribunal-judiciaire-de-strasbourg-le-19-decembre-2024-n23-01800\/#breadcrumb","itemListElement":[{"@type":"ListItem","position":1,"name":"Home","item":"https:\/\/kohenavocats.com\/tr\/avocats-en-droit-penal-a-paris-conseil-et-defense-strategique\/"},{"@type":"ListItem","position":2,"name":"Tribunal judiciaire de Strasbourg, le 19 d\u00e9cembre 2024, n\u00b023\/01800"}]},{"@type":"WebSite","@id":"https:\/\/kohenavocats.com\/tr\/#website","url":"https:\/\/kohenavocats.com\/tr\/","name":"Kohen Avocats","description":"Ma\u00eetre Hassan Kohen, avocat p\u00e9naliste \u00e0 Paris, intervient exclusivement en droit p\u00e9nal pour la d\u00e9fense des particuliers, notamment en mati\u00e8re d\u2019accusations de viol. Il assure un accompagnement rigoureux d\u00e8s la garde \u00e0 vue jusqu\u2019\u00e0 la Cour d\u2019assises, veillant au strict respect des garanties proc\u00e9durales.","publisher":{"@id":"https:\/\/kohenavocats.com\/tr\/#organization"},"potentialAction":[{"@type":"SearchAction","target":{"@type":"EntryPoint","urlTemplate":"https:\/\/kohenavocats.com\/tr\/?s={search_term_string}"},"query-input":{"@type":"PropertyValueSpecification","valueRequired":true,"valueName":"search_term_string"}}],"inLanguage":"tr"},{"@type":"Organization","@id":"https:\/\/kohenavocats.com\/tr\/#organization","name":"Kohen Avocats","url":"https:\/\/kohenavocats.com\/tr\/","logo":{"@type":"ImageObject","inLanguage":"tr","@id":"https:\/\/kohenavocats.com\/tr\/#\/schema\/logo\/image\/","url":"https:\/\/kohenavocats.com\/wp-content\/uploads\/2026\/01\/Logo-2-1.webp","contentUrl":"https:\/\/kohenavocats.com\/wp-content\/uploads\/2026\/01\/Logo-2-1.webp","width":2114,"height":1253,"caption":"Kohen Avocats"},"image":{"@id":"https:\/\/kohenavocats.com\/tr\/#\/schema\/logo\/image\/"}},{"@type":"Person","@id":"https:\/\/kohenavocats.com\/tr\/#\/schema\/person\/761c9ba54fa1ca84d405cef0831ff751","name":"Kohen","image":{"@type":"ImageObject","inLanguage":"tr","@id":"https:\/\/secure.gravatar.com\/avatar\/1c5e76ef76bbbfdd2b4da984e2bf2fa4056fd51a27d25ce2c332047f1dfd6e00?s=96&d=identicon&r=g","url":"https:\/\/secure.gravatar.com\/avatar\/1c5e76ef76bbbfdd2b4da984e2bf2fa4056fd51a27d25ce2c332047f1dfd6e00?s=96&d=identicon&r=g","contentUrl":"https:\/\/secure.gravatar.com\/avatar\/1c5e76ef76bbbfdd2b4da984e2bf2fa4056fd51a27d25ce2c332047f1dfd6e00?s=96&d=identicon&r=g","caption":"Kohen"},"sameAs":["https:\/\/www.linkedin.com\/in\/hassan-kohen-448548192\/","https:\/\/www.youtube.com\/@Kohen-Avocats"],"url":"https:\/\/kohenavocats.com\/tr\/author\/kohenmlk\/"}]}},"jetpack_featured_media_url":"https:\/\/kohenavocats.com\/wp-content\/uploads\/2024\/08\/amir-mortezaie-bKLKnHSwk4A-unsplash.webp","jetpack_likes_enabled":false,"jetpack_shortlink":"https:\/\/wp.me\/peCrII-2Onn","jetpack-related-posts":[{"id":622644,"url":"https:\/\/kohenavocats.com\/tr\/tribunal-judiciaire-de-strasbourg-le-16-decembre-2024-n24-02087\/","url_meta":{"origin":670305,"position":0},"title":"Tribunal judiciaire de Strasbourg, le 16 d\u00e9cembre 2024, n\u00b024\/02087","author":"Kohen","date":"20 Nisan 2026","format":false,"excerpt":"Le tribunal judiciaire de Strasbourg, statuant le 16 d\u00e9cembre 2024, se prononce sur une action en paiement engag\u00e9e par un \u00e9tablissement de cr\u00e9dit. La demande...","rel":"","context":"&quot;Jurisprudence&quot; i\u00e7inde","block_context":{"text":"Jurisprudence","link":"https:\/\/kohenavocats.com\/category\/jurisprudence\/"},"img":{"alt_text":"","src":"https:\/\/i0.wp.com\/kohenavocats.com\/wp-content\/uploads\/2024\/08\/valeria-m-MUHjcr8Ew4I-unsplash.webp?resize=350%2C200&ssl=1","width":350,"height":200,"srcset":"https:\/\/i0.wp.com\/kohenavocats.com\/wp-content\/uploads\/2024\/08\/valeria-m-MUHjcr8Ew4I-unsplash.webp?resize=350%2C200&ssl=1 1x, https:\/\/i0.wp.com\/kohenavocats.com\/wp-content\/uploads\/2024\/08\/valeria-m-MUHjcr8Ew4I-unsplash.webp?resize=525%2C300&ssl=1 1.5x, https:\/\/i0.wp.com\/kohenavocats.com\/wp-content\/uploads\/2024\/08\/valeria-m-MUHjcr8Ew4I-unsplash.webp?resize=700%2C400&ssl=1 2x, https:\/\/i0.wp.com\/kohenavocats.com\/wp-content\/uploads\/2024\/08\/valeria-m-MUHjcr8Ew4I-unsplash.webp?resize=1050%2C600&ssl=1 3x, https:\/\/i0.wp.com\/kohenavocats.com\/wp-content\/uploads\/2024\/08\/valeria-m-MUHjcr8Ew4I-unsplash.webp?resize=1400%2C800&ssl=1 4x"},"classes":[]},{"id":479417,"url":"https:\/\/kohenavocats.com\/tr\/tribunal-judiciaire-de-strasbourg-le-4-mars-2024-n24-03334\/","url_meta":{"origin":670305,"position":1},"title":"Tribunal judiciaire de Strasbourg, le 4 mars 2024, n\u00b024\/03334","author":"Kohen","date":"7 Nisan 2026","format":false,"excerpt":"Le tribunal judiciaire de Strasbourg, par jugement du 4 mars 2024, statue sur les poursuites engag\u00e9es par un \u00e9tablissement de cr\u00e9dit contre une soci\u00e9t\u00e9 d\u00e9bit...","rel":"","context":"&quot;Jurisprudence&quot; i\u00e7inde","block_context":{"text":"Jurisprudence","link":"https:\/\/kohenavocats.com\/category\/jurisprudence\/"},"img":{"alt_text":"","src":"https:\/\/i0.wp.com\/kohenavocats.com\/wp-content\/uploads\/2024\/11\/virginia-marinova-5TTaPKNAuHU-unsplash.webp?resize=350%2C200&ssl=1","width":350,"height":200,"srcset":"https:\/\/i0.wp.com\/kohenavocats.com\/wp-content\/uploads\/2024\/11\/virginia-marinova-5TTaPKNAuHU-unsplash.webp?resize=350%2C200&ssl=1 1x, https:\/\/i0.wp.com\/kohenavocats.com\/wp-content\/uploads\/2024\/11\/virginia-marinova-5TTaPKNAuHU-unsplash.webp?resize=525%2C300&ssl=1 1.5x, https:\/\/i0.wp.com\/kohenavocats.com\/wp-content\/uploads\/2024\/11\/virginia-marinova-5TTaPKNAuHU-unsplash.webp?resize=700%2C400&ssl=1 2x, https:\/\/i0.wp.com\/kohenavocats.com\/wp-content\/uploads\/2024\/11\/virginia-marinova-5TTaPKNAuHU-unsplash.webp?resize=1050%2C600&ssl=1 3x, https:\/\/i0.wp.com\/kohenavocats.com\/wp-content\/uploads\/2024\/11\/virginia-marinova-5TTaPKNAuHU-unsplash.webp?resize=1400%2C800&ssl=1 4x"},"classes":[]},{"id":670935,"url":"https:\/\/kohenavocats.com\/tr\/tribunal-judiciaire-de-strasbourg-le-17-juin-2025-n25-00083\/","url_meta":{"origin":670305,"position":2},"title":"Tribunal judiciaire de Strasbourg, le 17 juin 2025, n\u00b025\/00083","author":"Kohen","date":"24 Nisan 2026","format":false,"excerpt":"Le tribunal judiciaire, statuant en r\u00e9f\u00e9r\u00e9 le 17 juin 2025, examine les demandes d'un bailleur. Ce dernier sollicite le paiement d'arri\u00e9r\u00e9s de loyers, la con...","rel":"","context":"&quot;CEDH&quot; i\u00e7inde","block_context":{"text":"CEDH","link":"https:\/\/kohenavocats.com\/category\/cedh\/"},"img":{"alt_text":"","src":"https:\/\/i0.wp.com\/kohenavocats.com\/wp-content\/uploads\/2024\/08\/anthony-mcgee-iOZOydyIw3M-unsplash.webp?resize=350%2C200&ssl=1","width":350,"height":200,"srcset":"https:\/\/i0.wp.com\/kohenavocats.com\/wp-content\/uploads\/2024\/08\/anthony-mcgee-iOZOydyIw3M-unsplash.webp?resize=350%2C200&ssl=1 1x, https:\/\/i0.wp.com\/kohenavocats.com\/wp-content\/uploads\/2024\/08\/anthony-mcgee-iOZOydyIw3M-unsplash.webp?resize=525%2C300&ssl=1 1.5x, https:\/\/i0.wp.com\/kohenavocats.com\/wp-content\/uploads\/2024\/08\/anthony-mcgee-iOZOydyIw3M-unsplash.webp?resize=700%2C400&ssl=1 2x, https:\/\/i0.wp.com\/kohenavocats.com\/wp-content\/uploads\/2024\/08\/anthony-mcgee-iOZOydyIw3M-unsplash.webp?resize=1050%2C600&ssl=1 3x, https:\/\/i0.wp.com\/kohenavocats.com\/wp-content\/uploads\/2024\/08\/anthony-mcgee-iOZOydyIw3M-unsplash.webp?resize=1400%2C800&ssl=1 4x"},"classes":[]},{"id":632117,"url":"https:\/\/kohenavocats.com\/tr\/tribunal-judiciaire-de-strasbourg-le-21-fevrier-2025-n23-09486\/","url_meta":{"origin":670305,"position":3},"title":"Tribunal judiciaire de Strasbourg, le 21 f\u00e9vrier 2025, n\u00b023\/09486","author":"Kohen","date":"21 Nisan 2026","format":false,"excerpt":"Le tribunal judiciaire de Strasbourg, statuant le 21 f\u00e9vrier 2025, se prononce sur le recours de deux \u00e9tablissements financiers contre un couple. Les cr\u00e9anci...","rel":"","context":"&quot;Jurisprudence&quot; i\u00e7inde","block_context":{"text":"Jurisprudence","link":"https:\/\/kohenavocats.com\/category\/jurisprudence\/"},"img":{"alt_text":"","src":"https:\/\/i0.wp.com\/kohenavocats.com\/wp-content\/uploads\/2024\/08\/mika-ruusunen-ypVM8PnygUo-unsplash.webp?resize=350%2C200&ssl=1","width":350,"height":200,"srcset":"https:\/\/i0.wp.com\/kohenavocats.com\/wp-content\/uploads\/2024\/08\/mika-ruusunen-ypVM8PnygUo-unsplash.webp?resize=350%2C200&ssl=1 1x, https:\/\/i0.wp.com\/kohenavocats.com\/wp-content\/uploads\/2024\/08\/mika-ruusunen-ypVM8PnygUo-unsplash.webp?resize=525%2C300&ssl=1 1.5x, https:\/\/i0.wp.com\/kohenavocats.com\/wp-content\/uploads\/2024\/08\/mika-ruusunen-ypVM8PnygUo-unsplash.webp?resize=700%2C400&ssl=1 2x, https:\/\/i0.wp.com\/kohenavocats.com\/wp-content\/uploads\/2024\/08\/mika-ruusunen-ypVM8PnygUo-unsplash.webp?resize=1050%2C600&ssl=1 3x, https:\/\/i0.wp.com\/kohenavocats.com\/wp-content\/uploads\/2024\/08\/mika-ruusunen-ypVM8PnygUo-unsplash.webp?resize=1400%2C800&ssl=1 4x"},"classes":[]},{"id":290830,"url":"https:\/\/kohenavocats.com\/tr\/tribunal-judiciaire-de-strasbourg-le-24-juin-2025-n24-08202\/","url_meta":{"origin":670305,"position":4},"title":"Tribunal judiciaire de Strasbourg, le 24 juin 2025, n\u00b024\/08202","author":"Kohen","date":"20 Ocak 2026","format":false,"excerpt":"Le Tribunal judiciaire de [Localit\u00e9 12], par jugement du 24 juin 2025, a condamn\u00e9 deux cautions solidaires au paiement de leur engagement. Une soci\u00e9t\u00e9 avait ouvert un compte courant professionnel aupr\u00e8s d\u2019une banque. Deux \u00e9poux s\u2019\u00e9taient port\u00e9s cautions solidaires de cette soci\u00e9t\u00e9 pour un plafond de vingt-six mille euros. Le\u2026","rel":"","context":"&quot;D\u00e9cisions juridiques&quot; i\u00e7inde","block_context":{"text":"D\u00e9cisions juridiques","link":"https:\/\/kohenavocats.com\/category\/decisions-juridiques\/"},"img":{"alt_text":"","src":"https:\/\/i0.wp.com\/kohenavocats.com\/wp-content\/uploads\/2024\/08\/cristina-gottardi-GeKoZualPmA-unsplash-1.webp?resize=350%2C200&ssl=1","width":350,"height":200,"srcset":"https:\/\/i0.wp.com\/kohenavocats.com\/wp-content\/uploads\/2024\/08\/cristina-gottardi-GeKoZualPmA-unsplash-1.webp?resize=350%2C200&ssl=1 1x, https:\/\/i0.wp.com\/kohenavocats.com\/wp-content\/uploads\/2024\/08\/cristina-gottardi-GeKoZualPmA-unsplash-1.webp?resize=525%2C300&ssl=1 1.5x, https:\/\/i0.wp.com\/kohenavocats.com\/wp-content\/uploads\/2024\/08\/cristina-gottardi-GeKoZualPmA-unsplash-1.webp?resize=700%2C400&ssl=1 2x, https:\/\/i0.wp.com\/kohenavocats.com\/wp-content\/uploads\/2024\/08\/cristina-gottardi-GeKoZualPmA-unsplash-1.webp?resize=1050%2C600&ssl=1 3x, https:\/\/i0.wp.com\/kohenavocats.com\/wp-content\/uploads\/2024\/08\/cristina-gottardi-GeKoZualPmA-unsplash-1.webp?resize=1400%2C800&ssl=1 4x"},"classes":[]},{"id":293057,"url":"https:\/\/kohenavocats.com\/tr\/tribunal-judiciaire-de-strasbourg-le-4-juillet-2025-n21-01596\/","url_meta":{"origin":670305,"position":5},"title":"Tribunal judiciaire de Strasbourg, le 4 juillet 2025, n\u00b021\/01596","author":"Kohen","date":"24 Ocak 2026","format":false,"excerpt":"Le Tribunal judiciaire de Strasbourg, dans un jugement du 4 juillet 2025, statue sur une demande en paiement d\u2019une banque contre une soci\u00e9t\u00e9 d\u00e9bitrice et son dirigeant caution. La soci\u00e9t\u00e9 avait souscrit deux pr\u00eats professionnels. Le dirigeant avait personnellement cautionn\u00e9 l\u2019un d\u2019eux. La banque r\u00e9clame le remboursement des sommes dues\u2026","rel":"","context":"&quot;D\u00e9cisions juridiques&quot; i\u00e7inde","block_context":{"text":"D\u00e9cisions juridiques","link":"https:\/\/kohenavocats.com\/category\/decisions-juridiques\/"},"img":{"alt_text":"","src":"https:\/\/i0.wp.com\/kohenavocats.com\/wp-content\/uploads\/2024\/11\/anita-austvika-0feDabnRz58-unsplash.webp?resize=350%2C200&ssl=1","width":350,"height":200,"srcset":"https:\/\/i0.wp.com\/kohenavocats.com\/wp-content\/uploads\/2024\/11\/anita-austvika-0feDabnRz58-unsplash.webp?resize=350%2C200&ssl=1 1x, https:\/\/i0.wp.com\/kohenavocats.com\/wp-content\/uploads\/2024\/11\/anita-austvika-0feDabnRz58-unsplash.webp?resize=525%2C300&ssl=1 1.5x, https:\/\/i0.wp.com\/kohenavocats.com\/wp-content\/uploads\/2024\/11\/anita-austvika-0feDabnRz58-unsplash.webp?resize=700%2C400&ssl=1 2x, https:\/\/i0.wp.com\/kohenavocats.com\/wp-content\/uploads\/2024\/11\/anita-austvika-0feDabnRz58-unsplash.webp?resize=1050%2C600&ssl=1 3x, https:\/\/i0.wp.com\/kohenavocats.com\/wp-content\/uploads\/2024\/11\/anita-austvika-0feDabnRz58-unsplash.webp?resize=1400%2C800&ssl=1 4x"},"classes":[]}],"jetpack_sharing_enabled":true,"_links":{"self":[{"href":"https:\/\/kohenavocats.com\/tr\/wp-json\/wp\/v2\/posts\/670305","targetHints":{"allow":["GET"]}}],"collection":[{"href":"https:\/\/kohenavocats.com\/tr\/wp-json\/wp\/v2\/posts"}],"about":[{"href":"https:\/\/kohenavocats.com\/tr\/wp-json\/wp\/v2\/types\/post"}],"author":[{"embeddable":true,"href":"https:\/\/kohenavocats.com\/tr\/wp-json\/wp\/v2\/users\/232070755"}],"replies":[{"embeddable":true,"href":"https:\/\/kohenavocats.com\/tr\/wp-json\/wp\/v2\/comments?post=670305"}],"version-history":[{"count":1,"href":"https:\/\/kohenavocats.com\/tr\/wp-json\/wp\/v2\/posts\/670305\/revisions"}],"predecessor-version":[{"id":694461,"href":"https:\/\/kohenavocats.com\/tr\/wp-json\/wp\/v2\/posts\/670305\/revisions\/694461"}],"wp:featuredmedia":[{"embeddable":true,"href":"https:\/\/kohenavocats.com\/tr\/wp-json\/wp\/v2\/media\/4818"}],"wp:attachment":[{"href":"https:\/\/kohenavocats.com\/tr\/wp-json\/wp\/v2\/media?parent=670305"}],"wp:term":[{"taxonomy":"category","embeddable":true,"href":"https:\/\/kohenavocats.com\/tr\/wp-json\/wp\/v2\/categories?post=670305"},{"taxonomy":"post_tag","embeddable":true,"href":"https:\/\/kohenavocats.com\/tr\/wp-json\/wp\/v2\/tags?post=670305"}],"curies":[{"name":"wp","href":"https:\/\/api.w.org\/{rel}","templated":true}]}}