{"id":670308,"date":"2026-04-24T07:38:16","date_gmt":"2026-04-24T05:38:16","guid":{"rendered":"https:\/\/kohenavocats.com\/tribunal-judiciaire-de-bastia-le-29-janvier-2026-n24-04996\/"},"modified":"2026-04-26T16:34:19","modified_gmt":"2026-04-26T14:34:19","slug":"tribunal-judiciaire-de-bastia-le-29-janvier-2026-n24-04996","status":"publish","type":"post","link":"https:\/\/kohenavocats.com\/tr\/tribunal-judiciaire-de-bastia-le-29-janvier-2026-n24-04996\/","title":{"rendered":"Tribunal judiciaire de Bastia, le 29 janvier 2026, n\u00b024\/04996"},"content":{"rendered":"<div class=\"article-content\">\n<p>Le tribunal judiciaire de Bastia, statuant le 29 janvier 2026, a examin\u00e9 une demande en paiement formul\u00e9e par le liquidateur d\u2019une entreprise de b\u00e2timent. Le ma\u00eetre de l\u2019ouvrage, d\u00e9faillant, opposait des cr\u00e9ances pour p\u00e9nalit\u00e9s de retard et retenue de garantie. La juridiction a jug\u00e9 la demande recevable et bien fond\u00e9e, condamnant le ma\u00eetre de l\u2019ouvrage au paiement int\u00e9gral des sommes r\u00e9clam\u00e9es. Elle \u00e9carte ainsi toute compensation avec les cr\u00e9ances invoqu\u00e9es par la partie d\u00e9faillante, au motif du d\u00e9faut de d\u00e9claration dans la <a href=\"https:\/\/kohenavocats.fr\/elementor-60\/avocats-droit-affaires-paris\/avocat-procedures-collectives-paris\/\" target=\"_blank\" title=\"proc\u00e9dure collective\">proc\u00e9dure collective<\/a>.<\/p>\n<p>Le respect des principes proc\u00e9duraux en l\u2019absence de comparution<br \/>\nLa d\u00e9cision rappelle d\u2019abord les exigences fondamentales du proc\u00e8s \u00e9quitable avant de constater la r\u00e9gularit\u00e9 de la proc\u00e9dure suivie. Le juge souligne son obligation de faire observer le principe de la contradiction en toutes circonstances. &#8220;le juge doit, en toutes circonstances, faire observer et observer lui-m\u00eame le principe de la contradiction&#8221; (Selon les termes de l&#8217;article 16 du code de proc\u00e9dure civile, dans ses alin\u00e9as 1 et 2). Ce principe est respect\u00e9 d\u00e8s lors que la d\u00e9fenderesse a \u00e9t\u00e9 r\u00e9guli\u00e8rement assign\u00e9e, permettant une d\u00e9cision r\u00e9put\u00e9e contradictoire. La juridiction statue n\u00e9anmoins sur le fond en vertu de l\u2019article 472 du code de proc\u00e9dure civile, qui l\u2019y autorise en cas de d\u00e9faut de comparution. Elle v\u00e9rifie alors scrupuleusement la r\u00e9gularit\u00e9, la recevabilit\u00e9 et le bien-fond\u00e9 de la demande, assurant ainsi les droits de la partie absente. Cette application rigoureuse garantit l\u2019\u00e9quit\u00e9 du proc\u00e8s malgr\u00e9 l\u2019absence d\u2019une partie.<\/p>\n<p>L\u2019impossibilit\u00e9 de la compensation en liquidation judiciaire<br \/>\nLe c\u0153ur de la motivation r\u00e9side dans le rejet des pr\u00e9tentions compensatoires du ma\u00eetre de l\u2019ouvrage, fond\u00e9 sur le r\u00e9gime des proc\u00e9dures collectives. La d\u00e9cision constate que les prestations factur\u00e9es par l\u2019entrepreneur ont \u00e9t\u00e9 int\u00e9gralement r\u00e9alis\u00e9es et doivent donc \u00eatre pay\u00e9es. Elle \u00e9carte l\u2019exception d\u2019inex\u00e9cution soulev\u00e9e par le ma\u00eetre de l\u2019ouvrage, celui-ci ne pouvant refuser le paiement du prix des prestations fournies. Surtout, le tribunal refuse toute compensation avec les p\u00e9nalit\u00e9s de retard et la retenue de garantie invoqu\u00e9es. Ce refus est justifi\u00e9 par le d\u00e9faut de d\u00e9claration de ces cr\u00e9ances dans la liquidation judiciaire de l\u2019entrepreneur, en application de l\u2019article L.641-3 du code de commerce. &#8220;Aucune compensation entre les sommes dues [&#8230;] et les cr\u00e9ances, n\u00e9es ant\u00e9rieurement au jugement de liquidation judiciaire [&#8230;] ne saurait, d\u00e8s lors, \u00eatre op\u00e9r\u00e9e d&#8217;office&#8221; (Aucune compensation entre les sommes dues par la SCCV C\u0152UR VILLAGE au titre des prestations fournies par la SARL BM ISERE et les cr\u00e9ances, n\u00e9es ant\u00e9rieurement au jugement de liquidation judiciaire de la SARL BM ISERE, que la SCCV [Adresse 5] invoque [&#8230;] ne saurait, d\u00e8s lors, \u00eatre op\u00e9r\u00e9e d&#8217;office). Cette solution prot\u00e8ge l\u2019actif de la liquidation et assure l\u2019\u00e9galit\u00e9 entre les cr\u00e9anciers.<\/p>\n<p>Le sort de la retenue de garantie non consign\u00e9e<br \/>\nLa d\u00e9cision consacre enfin la lib\u00e9ration automatique de la retenue de garantie en l\u2019absence de consignation r\u00e9guli\u00e8re. Le tribunal rel\u00e8ve l\u2019absence de justification de la consignation de la retenue de garantie, comme l\u2019exige la loi du 16 juillet 1971. Cette omission entra\u00eene la sanction de la restitution int\u00e9grale au profit de l\u2019entrepreneur. Cette solution rappelle la jurisprudence ant\u00e9rieure du m\u00eame tribunal, qui avait d\u00e9j\u00e0 pr\u00e9cis\u00e9 les effets de l\u2019absence de consignation. &#8220;\u00e0 l&#8217;expiration du d\u00e9lai d&#8217;une ann\u00e9e [&#8230;] la <a href=\"https:\/\/kohenavocats.fr\/avocat-depot-garantie-paris\/\" target=\"_blank\" title=\"caution\">caution<\/a> est lib\u00e9r\u00e9e ou les sommes consign\u00e9es sont vers\u00e9es \u00e0 l&#8217;entrepreneur, m\u00eame en l&#8217;absence de mainlev\u00e9e, si le ma\u00eetre de l&#8217;ouvrage n&#8217;a pas notifi\u00e9 [&#8230;] son opposition motiv\u00e9e&#8221; (Tribunal judiciaire de Bastia, le 29 janvier 2026, n\u00b025\/00841). La port\u00e9e de ce point est majeure pour le droit de la construction, renfor\u00e7ant les obligations formelles du ma\u00eetre de l\u2019ouvrage. La sanction est automatique et prot\u00e8ge l\u2019entrepreneur contre le blocage ind\u00fb de fonds, notamment en p\u00e9riode de difficult\u00e9s financi\u00e8res.<\/p>\n<p>La port\u00e9e de la d\u00e9cision pour les proc\u00e9dures collectives<br \/>\nL\u2019arr\u00eat affirme avec force la primaut\u00e9 des r\u00e8gles de la liquidation judiciaire sur les m\u00e9canismes de droit commun comme la compensation. En exigeant une d\u00e9claration pr\u00e9alable des cr\u00e9ances n\u00e9es avant le jugement d\u2019ouverture, il rend inop\u00e9rante toute compensation ult\u00e9rieure avec une cr\u00e9ance n\u00e9e r\u00e9guli\u00e8rement apr\u00e8s l\u2019ouverture. Cette solution s\u2019inscrit en coh\u00e9rence avec la jurisprudence de la Cour de cassation qui admet la compensation pour les seules cr\u00e9ances post\u00e9rieures \u00e0 l\u2019ouverture sous conditions. &#8220;des cr\u00e9ances n\u00e9es r\u00e9guli\u00e8rement apr\u00e8s l&#8217;ouverture de la proc\u00e9dure de liquidation judiciaire [&#8230;] peuvent faire l&#8217;objet d&#8217;une compensation l\u00e9gale&#8221; (Cass. Chambre commerciale financi\u00e8re et \u00e9conomique, le 1 juillet 2020, n\u00b018-25.487). La valeur de l\u2019arr\u00eat est donc de clarifier les interactions entre ex\u00e9cution des contrats et proc\u00e9dures collectives. Il rappelle aux cocontractants la n\u00e9cessit\u00e9 imp\u00e9rative de d\u00e9clarer leurs cr\u00e9ances sous peine de les voir \u00e9teintes, pr\u00e9servant ainsi l\u2019ordre public de la liquidation.<\/p>\n<\/div>\n","protected":false},"excerpt":{"rendered":"<p>Le tribunal judiciaire de Bastia, statuant le 29 janvier 2026, a examin\u00e9 une demande en paiement formul\u00e9e par le liquidateur d\u2019une entreprise de b\u00e2timent. Le&#8230;<\/p>\n","protected":false},"author":232070755,"featured_media":9511,"comment_status":"open","ping_status":"open","sticky":false,"template":"","format":"standard","meta":{"_crdt_document":"","_jetpack_newsletter_access":"","_jetpack_dont_email_post_to_subs":false,"_jetpack_newsletter_tier_id":0,"_jetpack_memberships_contains_paywalled_content":false,"_kj_source_type":"judilibre","_kj_official_id":"68cdc72854b52e4d6be28529","_kj_official_url":"https:\/\/www.courdecassation.fr\/decision\/68cdc72854b52e4d6be28529","_kj_judilibre_id":"68cdc72854b52e4d6be28529","_kj_jur":"Tribunal judiciaire","_kj_lieu":"Tribunal judiciaire de Grenoble","_kj_chambre":"6\u00e8me chambre civile","_kj_rg":"24\/04996","_kj_date":"2025-09-18","_jetpack_memberships_contains_paid_content":false,"footnotes":"","jetpack_post_was_ever_published":false},"categories":[35581,7597],"tags":[],"class_list":["post-670308","post","type-post","status-publish","format-standard","has-post-thumbnail","hentry","category-droit-des-affaires","category-jurisprudence"],"yoast_head":"<!-- This site is optimized with the Yoast SEO Premium plugin v27.5 (Yoast SEO v27.5) - https:\/\/yoast.com\/product\/yoast-seo-premium-wordpress\/ -->\n<title>Tribunal judiciaire de Bastia, le 29 janvier 2026, n\u00b024\/04996 - Ma\u00eetre Hassan Kohen, avocat en droit p\u00e9nal \u00e0 Paris<\/title>\n<meta name=\"description\" content=\"Le tribunal judiciaire de Bastia, statuant le 29 janvier 2026, a examin\u00e9 une demande en paiement formul\u00e9e par le liquidateur d\u2019une entreprise de b\u00e2timent. Le...\" \/>\n<meta name=\"robots\" content=\"index, follow, max-snippet:-1, max-image-preview:large, max-video-preview:-1\" \/>\n<link rel=\"canonical\" href=\"https:\/\/kohenavocats.com\/tr\/tribunal-judiciaire-de-bastia-le-29-janvier-2026-n24-04996\/\" \/>\n<meta property=\"og:locale\" content=\"tr_TR\" \/>\n<meta property=\"og:type\" content=\"article\" \/>\n<meta property=\"og:title\" content=\"Tribunal judiciaire de Bastia, le 29 janvier 2026, n\u00b024\/04996\" \/>\n<meta property=\"og:description\" content=\"Le tribunal judiciaire de Bastia, statuant le 29 janvier 2026, a examin\u00e9 une demande en paiement formul\u00e9e par le liquidateur d\u2019une entreprise de b\u00e2timent. Le...\" \/>\n<meta property=\"og:url\" content=\"https:\/\/kohenavocats.com\/tr\/tribunal-judiciaire-de-bastia-le-29-janvier-2026-n24-04996\/\" \/>\n<meta property=\"og:site_name\" content=\"Ma\u00eetre Hassan Kohen, avocat en droit p\u00e9nal \u00e0 Paris\" \/>\n<meta property=\"article:published_time\" content=\"2026-04-24T05:38:16+00:00\" \/>\n<meta property=\"article:modified_time\" content=\"2026-04-26T14:34:19+00:00\" \/>\n<meta property=\"og:image\" content=\"https:\/\/kohenavocats.com\/wp-content\/uploads\/2024\/11\/getty-images-2F-9_XQYhP8-unsplash.webp\" \/>\n\t<meta property=\"og:image:width\" content=\"6657\" \/>\n\t<meta property=\"og:image:height\" content=\"4636\" \/>\n\t<meta property=\"og:image:type\" content=\"image\/webp\" \/>\n<meta name=\"author\" content=\"Kohen\" \/>\n<meta name=\"twitter:card\" content=\"summary_large_image\" \/>\n<meta name=\"twitter:label1\" content=\"Yazan:\" \/>\n\t<meta name=\"twitter:data1\" content=\"Kohen\" \/>\n\t<meta name=\"twitter:label2\" content=\"Tahmini okuma s\u00fcresi\" \/>\n\t<meta name=\"twitter:data2\" content=\"5 dakika\" \/>\n<script type=\"application\/ld+json\" class=\"yoast-schema-graph\">{\"@context\":\"https:\\\/\\\/schema.org\",\"@graph\":[{\"@type\":\"Article\",\"@id\":\"https:\\\/\\\/kohenavocats.com\\\/tr\\\/tribunal-judiciaire-de-bastia-le-29-janvier-2026-n24-04996\\\/#article\",\"isPartOf\":{\"@id\":\"https:\\\/\\\/kohenavocats.com\\\/tr\\\/tribunal-judiciaire-de-bastia-le-29-janvier-2026-n24-04996\\\/\"},\"author\":{\"name\":\"Kohen\",\"@id\":\"https:\\\/\\\/kohenavocats.com\\\/tr\\\/#\\\/schema\\\/person\\\/761c9ba54fa1ca84d405cef0831ff751\"},\"headline\":\"Tribunal judiciaire de Bastia, le 29 janvier 2026, n\u00b024\\\/04996\",\"datePublished\":\"2026-04-24T05:38:16+00:00\",\"dateModified\":\"2026-04-26T14:34:19+00:00\",\"mainEntityOfPage\":{\"@id\":\"https:\\\/\\\/kohenavocats.com\\\/tr\\\/tribunal-judiciaire-de-bastia-le-29-janvier-2026-n24-04996\\\/\"},\"wordCount\":930,\"commentCount\":0,\"publisher\":{\"@id\":\"https:\\\/\\\/kohenavocats.com\\\/tr\\\/#organization\"},\"image\":{\"@id\":\"https:\\\/\\\/kohenavocats.com\\\/tr\\\/tribunal-judiciaire-de-bastia-le-29-janvier-2026-n24-04996\\\/#primaryimage\"},\"thumbnailUrl\":\"https:\\\/\\\/kohenavocats.com\\\/wp-content\\\/uploads\\\/2024\\\/11\\\/getty-images-2F-9_XQYhP8-unsplash.webp\",\"articleSection\":[\"Droit des affaires\",\"Jurisprudence\"],\"inLanguage\":\"tr\",\"potentialAction\":[{\"@type\":\"CommentAction\",\"name\":\"Comment\",\"target\":[\"https:\\\/\\\/kohenavocats.com\\\/tr\\\/tribunal-judiciaire-de-bastia-le-29-janvier-2026-n24-04996\\\/#respond\"]}],\"citation\":\"Tribunal judiciaire de Bastia, le 29 janvier 2026, n\u00b024\\\/04996\",\"about\":[{\"@type\":\"Thing\",\"name\":\"Droit des affaires\"},{\"@type\":\"Thing\",\"name\":\"Jurisprudence\"}],\"speakable\":{\"@type\":\"SpeakableSpecification\",\"cssSelector\":[\".article-content > p:first-of-type\"]}},{\"@type\":\"WebPage\",\"@id\":\"https:\\\/\\\/kohenavocats.com\\\/tr\\\/tribunal-judiciaire-de-bastia-le-29-janvier-2026-n24-04996\\\/\",\"url\":\"https:\\\/\\\/kohenavocats.com\\\/tr\\\/tribunal-judiciaire-de-bastia-le-29-janvier-2026-n24-04996\\\/\",\"name\":\"Tribunal judiciaire de Bastia, le 29 janvier 2026, n\u00b024\\\/04996 - Ma\u00eetre Hassan Kohen, avocat en droit p\u00e9nal \u00e0 Paris\",\"isPartOf\":{\"@id\":\"https:\\\/\\\/kohenavocats.com\\\/tr\\\/#website\"},\"primaryImageOfPage\":{\"@id\":\"https:\\\/\\\/kohenavocats.com\\\/tr\\\/tribunal-judiciaire-de-bastia-le-29-janvier-2026-n24-04996\\\/#primaryimage\"},\"image\":{\"@id\":\"https:\\\/\\\/kohenavocats.com\\\/tr\\\/tribunal-judiciaire-de-bastia-le-29-janvier-2026-n24-04996\\\/#primaryimage\"},\"thumbnailUrl\":\"https:\\\/\\\/kohenavocats.com\\\/wp-content\\\/uploads\\\/2024\\\/11\\\/getty-images-2F-9_XQYhP8-unsplash.webp\",\"datePublished\":\"2026-04-24T05:38:16+00:00\",\"dateModified\":\"2026-04-26T14:34:19+00:00\",\"description\":\"Le tribunal judiciaire de Bastia, statuant le 29 janvier 2026, a examin\u00e9 une demande en paiement formul\u00e9e par le liquidateur d\u2019une entreprise de b\u00e2timent. Le...\",\"breadcrumb\":{\"@id\":\"https:\\\/\\\/kohenavocats.com\\\/tr\\\/tribunal-judiciaire-de-bastia-le-29-janvier-2026-n24-04996\\\/#breadcrumb\"},\"inLanguage\":\"tr\",\"potentialAction\":[{\"@type\":\"ReadAction\",\"target\":[\"https:\\\/\\\/kohenavocats.com\\\/tr\\\/tribunal-judiciaire-de-bastia-le-29-janvier-2026-n24-04996\\\/\"]}]},{\"@type\":\"ImageObject\",\"inLanguage\":\"tr\",\"@id\":\"https:\\\/\\\/kohenavocats.com\\\/tr\\\/tribunal-judiciaire-de-bastia-le-29-janvier-2026-n24-04996\\\/#primaryimage\",\"url\":\"https:\\\/\\\/kohenavocats.com\\\/wp-content\\\/uploads\\\/2024\\\/11\\\/getty-images-2F-9_XQYhP8-unsplash.webp\",\"contentUrl\":\"https:\\\/\\\/kohenavocats.com\\\/wp-content\\\/uploads\\\/2024\\\/11\\\/getty-images-2F-9_XQYhP8-unsplash.webp\",\"width\":6657,\"height\":4636},{\"@type\":\"BreadcrumbList\",\"@id\":\"https:\\\/\\\/kohenavocats.com\\\/tr\\\/tribunal-judiciaire-de-bastia-le-29-janvier-2026-n24-04996\\\/#breadcrumb\",\"itemListElement\":[{\"@type\":\"ListItem\",\"position\":1,\"name\":\"Home\",\"item\":\"https:\\\/\\\/kohenavocats.com\\\/tr\\\/avocats-en-droit-penal-a-paris-conseil-et-defense-strategique\\\/\"},{\"@type\":\"ListItem\",\"position\":2,\"name\":\"Tribunal judiciaire de Bastia, le 29 janvier 2026, n\u00b024\\\/04996\"}]},{\"@type\":\"WebSite\",\"@id\":\"https:\\\/\\\/kohenavocats.com\\\/tr\\\/#website\",\"url\":\"https:\\\/\\\/kohenavocats.com\\\/tr\\\/\",\"name\":\"Kohen Avocats\",\"description\":\"Ma\u00eetre Hassan Kohen, avocat p\u00e9naliste \u00e0 Paris, intervient exclusivement en droit p\u00e9nal pour la d\u00e9fense des particuliers, notamment en mati\u00e8re d\u2019accusations de viol. Il assure un accompagnement rigoureux d\u00e8s la garde \u00e0 vue jusqu\u2019\u00e0 la Cour d\u2019assises, veillant au strict respect des garanties proc\u00e9durales.\",\"publisher\":{\"@id\":\"https:\\\/\\\/kohenavocats.com\\\/tr\\\/#organization\"},\"potentialAction\":[{\"@type\":\"SearchAction\",\"target\":{\"@type\":\"EntryPoint\",\"urlTemplate\":\"https:\\\/\\\/kohenavocats.com\\\/tr\\\/?s={search_term_string}\"},\"query-input\":{\"@type\":\"PropertyValueSpecification\",\"valueRequired\":true,\"valueName\":\"search_term_string\"}}],\"inLanguage\":\"tr\"},{\"@type\":\"Organization\",\"@id\":\"https:\\\/\\\/kohenavocats.com\\\/tr\\\/#organization\",\"name\":\"Kohen Avocats\",\"url\":\"https:\\\/\\\/kohenavocats.com\\\/tr\\\/\",\"logo\":{\"@type\":\"ImageObject\",\"inLanguage\":\"tr\",\"@id\":\"https:\\\/\\\/kohenavocats.com\\\/tr\\\/#\\\/schema\\\/logo\\\/image\\\/\",\"url\":\"https:\\\/\\\/kohenavocats.com\\\/wp-content\\\/uploads\\\/2026\\\/01\\\/Logo-2-1.webp\",\"contentUrl\":\"https:\\\/\\\/kohenavocats.com\\\/wp-content\\\/uploads\\\/2026\\\/01\\\/Logo-2-1.webp\",\"width\":2114,\"height\":1253,\"caption\":\"Kohen Avocats\"},\"image\":{\"@id\":\"https:\\\/\\\/kohenavocats.com\\\/tr\\\/#\\\/schema\\\/logo\\\/image\\\/\"}},{\"@type\":\"Person\",\"@id\":\"https:\\\/\\\/kohenavocats.com\\\/tr\\\/#\\\/schema\\\/person\\\/761c9ba54fa1ca84d405cef0831ff751\",\"name\":\"Kohen\",\"image\":{\"@type\":\"ImageObject\",\"inLanguage\":\"tr\",\"@id\":\"https:\\\/\\\/secure.gravatar.com\\\/avatar\\\/1c5e76ef76bbbfdd2b4da984e2bf2fa4056fd51a27d25ce2c332047f1dfd6e00?s=96&d=identicon&r=g\",\"url\":\"https:\\\/\\\/secure.gravatar.com\\\/avatar\\\/1c5e76ef76bbbfdd2b4da984e2bf2fa4056fd51a27d25ce2c332047f1dfd6e00?s=96&d=identicon&r=g\",\"contentUrl\":\"https:\\\/\\\/secure.gravatar.com\\\/avatar\\\/1c5e76ef76bbbfdd2b4da984e2bf2fa4056fd51a27d25ce2c332047f1dfd6e00?s=96&d=identicon&r=g\",\"caption\":\"Kohen\"},\"sameAs\":[\"https:\\\/\\\/www.linkedin.com\\\/in\\\/hassan-kohen-448548192\\\/\",\"https:\\\/\\\/www.youtube.com\\\/@Kohen-Avocats\"],\"url\":\"https:\\\/\\\/kohenavocats.com\\\/tr\\\/author\\\/kohenmlk\\\/\"}]}<\/script>\n<!-- \/ Yoast SEO Premium plugin. -->","yoast_head_json":{"title":"Tribunal judiciaire de Bastia, le 29 janvier 2026, n\u00b024\/04996 - Ma\u00eetre Hassan Kohen, avocat en droit p\u00e9nal \u00e0 Paris","description":"Le tribunal judiciaire de Bastia, statuant le 29 janvier 2026, a examin\u00e9 une demande en paiement formul\u00e9e par le liquidateur d\u2019une entreprise de b\u00e2timent. Le...","robots":{"index":"index","follow":"follow","max-snippet":"max-snippet:-1","max-image-preview":"max-image-preview:large","max-video-preview":"max-video-preview:-1"},"canonical":"https:\/\/kohenavocats.com\/tr\/tribunal-judiciaire-de-bastia-le-29-janvier-2026-n24-04996\/","og_locale":"tr_TR","og_type":"article","og_title":"Tribunal judiciaire de Bastia, le 29 janvier 2026, n\u00b024\/04996","og_description":"Le tribunal judiciaire de Bastia, statuant le 29 janvier 2026, a examin\u00e9 une demande en paiement formul\u00e9e par le liquidateur d\u2019une entreprise de b\u00e2timent. Le...","og_url":"https:\/\/kohenavocats.com\/tr\/tribunal-judiciaire-de-bastia-le-29-janvier-2026-n24-04996\/","og_site_name":"Ma\u00eetre Hassan Kohen, avocat en droit p\u00e9nal \u00e0 Paris","article_published_time":"2026-04-24T05:38:16+00:00","article_modified_time":"2026-04-26T14:34:19+00:00","og_image":[{"width":6657,"height":4636,"url":"https:\/\/kohenavocats.com\/wp-content\/uploads\/2024\/11\/getty-images-2F-9_XQYhP8-unsplash.webp","type":"image\/webp"}],"author":"Kohen","twitter_card":"summary_large_image","twitter_misc":{"Yazan:":"Kohen","Tahmini okuma s\u00fcresi":"5 dakika"},"schema":{"@context":"https:\/\/schema.org","@graph":[{"@type":"Article","@id":"https:\/\/kohenavocats.com\/tr\/tribunal-judiciaire-de-bastia-le-29-janvier-2026-n24-04996\/#article","isPartOf":{"@id":"https:\/\/kohenavocats.com\/tr\/tribunal-judiciaire-de-bastia-le-29-janvier-2026-n24-04996\/"},"author":{"name":"Kohen","@id":"https:\/\/kohenavocats.com\/tr\/#\/schema\/person\/761c9ba54fa1ca84d405cef0831ff751"},"headline":"Tribunal judiciaire de Bastia, le 29 janvier 2026, n\u00b024\/04996","datePublished":"2026-04-24T05:38:16+00:00","dateModified":"2026-04-26T14:34:19+00:00","mainEntityOfPage":{"@id":"https:\/\/kohenavocats.com\/tr\/tribunal-judiciaire-de-bastia-le-29-janvier-2026-n24-04996\/"},"wordCount":930,"commentCount":0,"publisher":{"@id":"https:\/\/kohenavocats.com\/tr\/#organization"},"image":{"@id":"https:\/\/kohenavocats.com\/tr\/tribunal-judiciaire-de-bastia-le-29-janvier-2026-n24-04996\/#primaryimage"},"thumbnailUrl":"https:\/\/kohenavocats.com\/wp-content\/uploads\/2024\/11\/getty-images-2F-9_XQYhP8-unsplash.webp","articleSection":["Droit des affaires","Jurisprudence"],"inLanguage":"tr","potentialAction":[{"@type":"CommentAction","name":"Comment","target":["https:\/\/kohenavocats.com\/tr\/tribunal-judiciaire-de-bastia-le-29-janvier-2026-n24-04996\/#respond"]}],"citation":"Tribunal judiciaire de Bastia, le 29 janvier 2026, n\u00b024\/04996","about":[{"@type":"Thing","name":"Droit des affaires"},{"@type":"Thing","name":"Jurisprudence"}],"speakable":{"@type":"SpeakableSpecification","cssSelector":[".article-content > p:first-of-type"]}},{"@type":"WebPage","@id":"https:\/\/kohenavocats.com\/tr\/tribunal-judiciaire-de-bastia-le-29-janvier-2026-n24-04996\/","url":"https:\/\/kohenavocats.com\/tr\/tribunal-judiciaire-de-bastia-le-29-janvier-2026-n24-04996\/","name":"Tribunal judiciaire de Bastia, le 29 janvier 2026, n\u00b024\/04996 - Ma\u00eetre Hassan Kohen, avocat en droit p\u00e9nal \u00e0 Paris","isPartOf":{"@id":"https:\/\/kohenavocats.com\/tr\/#website"},"primaryImageOfPage":{"@id":"https:\/\/kohenavocats.com\/tr\/tribunal-judiciaire-de-bastia-le-29-janvier-2026-n24-04996\/#primaryimage"},"image":{"@id":"https:\/\/kohenavocats.com\/tr\/tribunal-judiciaire-de-bastia-le-29-janvier-2026-n24-04996\/#primaryimage"},"thumbnailUrl":"https:\/\/kohenavocats.com\/wp-content\/uploads\/2024\/11\/getty-images-2F-9_XQYhP8-unsplash.webp","datePublished":"2026-04-24T05:38:16+00:00","dateModified":"2026-04-26T14:34:19+00:00","description":"Le tribunal judiciaire de Bastia, statuant le 29 janvier 2026, a examin\u00e9 une demande en paiement formul\u00e9e par le liquidateur d\u2019une entreprise de b\u00e2timent. Le...","breadcrumb":{"@id":"https:\/\/kohenavocats.com\/tr\/tribunal-judiciaire-de-bastia-le-29-janvier-2026-n24-04996\/#breadcrumb"},"inLanguage":"tr","potentialAction":[{"@type":"ReadAction","target":["https:\/\/kohenavocats.com\/tr\/tribunal-judiciaire-de-bastia-le-29-janvier-2026-n24-04996\/"]}]},{"@type":"ImageObject","inLanguage":"tr","@id":"https:\/\/kohenavocats.com\/tr\/tribunal-judiciaire-de-bastia-le-29-janvier-2026-n24-04996\/#primaryimage","url":"https:\/\/kohenavocats.com\/wp-content\/uploads\/2024\/11\/getty-images-2F-9_XQYhP8-unsplash.webp","contentUrl":"https:\/\/kohenavocats.com\/wp-content\/uploads\/2024\/11\/getty-images-2F-9_XQYhP8-unsplash.webp","width":6657,"height":4636},{"@type":"BreadcrumbList","@id":"https:\/\/kohenavocats.com\/tr\/tribunal-judiciaire-de-bastia-le-29-janvier-2026-n24-04996\/#breadcrumb","itemListElement":[{"@type":"ListItem","position":1,"name":"Home","item":"https:\/\/kohenavocats.com\/tr\/avocats-en-droit-penal-a-paris-conseil-et-defense-strategique\/"},{"@type":"ListItem","position":2,"name":"Tribunal judiciaire de Bastia, le 29 janvier 2026, n\u00b024\/04996"}]},{"@type":"WebSite","@id":"https:\/\/kohenavocats.com\/tr\/#website","url":"https:\/\/kohenavocats.com\/tr\/","name":"Kohen Avocats","description":"Ma\u00eetre Hassan Kohen, avocat p\u00e9naliste \u00e0 Paris, intervient exclusivement en droit p\u00e9nal pour la d\u00e9fense des particuliers, notamment en mati\u00e8re d\u2019accusations de viol. Il assure un accompagnement rigoureux d\u00e8s la garde \u00e0 vue jusqu\u2019\u00e0 la Cour d\u2019assises, veillant au strict respect des garanties proc\u00e9durales.","publisher":{"@id":"https:\/\/kohenavocats.com\/tr\/#organization"},"potentialAction":[{"@type":"SearchAction","target":{"@type":"EntryPoint","urlTemplate":"https:\/\/kohenavocats.com\/tr\/?s={search_term_string}"},"query-input":{"@type":"PropertyValueSpecification","valueRequired":true,"valueName":"search_term_string"}}],"inLanguage":"tr"},{"@type":"Organization","@id":"https:\/\/kohenavocats.com\/tr\/#organization","name":"Kohen Avocats","url":"https:\/\/kohenavocats.com\/tr\/","logo":{"@type":"ImageObject","inLanguage":"tr","@id":"https:\/\/kohenavocats.com\/tr\/#\/schema\/logo\/image\/","url":"https:\/\/kohenavocats.com\/wp-content\/uploads\/2026\/01\/Logo-2-1.webp","contentUrl":"https:\/\/kohenavocats.com\/wp-content\/uploads\/2026\/01\/Logo-2-1.webp","width":2114,"height":1253,"caption":"Kohen Avocats"},"image":{"@id":"https:\/\/kohenavocats.com\/tr\/#\/schema\/logo\/image\/"}},{"@type":"Person","@id":"https:\/\/kohenavocats.com\/tr\/#\/schema\/person\/761c9ba54fa1ca84d405cef0831ff751","name":"Kohen","image":{"@type":"ImageObject","inLanguage":"tr","@id":"https:\/\/secure.gravatar.com\/avatar\/1c5e76ef76bbbfdd2b4da984e2bf2fa4056fd51a27d25ce2c332047f1dfd6e00?s=96&d=identicon&r=g","url":"https:\/\/secure.gravatar.com\/avatar\/1c5e76ef76bbbfdd2b4da984e2bf2fa4056fd51a27d25ce2c332047f1dfd6e00?s=96&d=identicon&r=g","contentUrl":"https:\/\/secure.gravatar.com\/avatar\/1c5e76ef76bbbfdd2b4da984e2bf2fa4056fd51a27d25ce2c332047f1dfd6e00?s=96&d=identicon&r=g","caption":"Kohen"},"sameAs":["https:\/\/www.linkedin.com\/in\/hassan-kohen-448548192\/","https:\/\/www.youtube.com\/@Kohen-Avocats"],"url":"https:\/\/kohenavocats.com\/tr\/author\/kohenmlk\/"}]}},"jetpack_featured_media_url":"https:\/\/kohenavocats.com\/wp-content\/uploads\/2024\/11\/getty-images-2F-9_XQYhP8-unsplash.webp","jetpack_likes_enabled":false,"jetpack_shortlink":"https:\/\/wp.me\/peCrII-2Onq","jetpack-related-posts":[{"id":423947,"url":"https:\/\/kohenavocats.com\/tr\/cour-dappel-de-bastia-le-9-novembre-2011-n10-00128\/","url_meta":{"origin":670308,"position":0},"title":"Cour d&#8217;appel de Bastia, le 9 novembre 2011, n\u00b010\/00128","author":"Kohen","date":"23 Mart 2026","format":false,"excerpt":"L\u2019arr\u00eat rendu par la Cour d\u2019appel de Bastia le 9 novembre 2011 confirme un jugement ayant condamn\u00e9 plusieurs constructeurs et assureurs \u00e0 r\u00e9parer des d\u00e9sordres d\u00e9cennaux affectant un logement. La juridiction rejette les exceptions d\u2019irrecevabilit\u00e9 soulev\u00e9es par l\u2019assureur d\u00e9cennal et le liquidateur judiciaire d\u2019une entreprise d\u00e9faillante. Elle pr\u00e9cise les conditions\u2026","rel":"","context":"&quot;Cour d'appel&quot; i\u00e7inde","block_context":{"text":"Cour d'appel","link":"https:\/\/kohenavocats.com\/category\/cour-dappel\/"},"img":{"alt_text":"","src":"https:\/\/i0.wp.com\/kohenavocats.com\/wp-content\/uploads\/2024\/11\/curated-lifestyle-qCnkmrhcitk-unsplash.webp?resize=350%2C200&ssl=1","width":350,"height":200,"srcset":"https:\/\/i0.wp.com\/kohenavocats.com\/wp-content\/uploads\/2024\/11\/curated-lifestyle-qCnkmrhcitk-unsplash.webp?resize=350%2C200&ssl=1 1x, https:\/\/i0.wp.com\/kohenavocats.com\/wp-content\/uploads\/2024\/11\/curated-lifestyle-qCnkmrhcitk-unsplash.webp?resize=525%2C300&ssl=1 1.5x, https:\/\/i0.wp.com\/kohenavocats.com\/wp-content\/uploads\/2024\/11\/curated-lifestyle-qCnkmrhcitk-unsplash.webp?resize=700%2C400&ssl=1 2x, https:\/\/i0.wp.com\/kohenavocats.com\/wp-content\/uploads\/2024\/11\/curated-lifestyle-qCnkmrhcitk-unsplash.webp?resize=1050%2C600&ssl=1 3x, https:\/\/i0.wp.com\/kohenavocats.com\/wp-content\/uploads\/2024\/11\/curated-lifestyle-qCnkmrhcitk-unsplash.webp?resize=1400%2C800&ssl=1 4x"},"classes":[]},{"id":424520,"url":"https:\/\/kohenavocats.com\/tr\/cour-dappel-de-bastia-le-19-octobre-2011-n08-00812\/","url_meta":{"origin":670308,"position":1},"title":"Cour d&#8217;appel de Bastia, le 19 octobre 2011, n\u00b008\/00812","author":"Kohen","date":"23 Mart 2026","format":false,"excerpt":"La Cour d\u2019appel de Bastia, dans un arr\u00eat du 19 octobre 2011, statue sur un litige relatif \u00e0 l\u2019ex\u00e9cution d\u2019un contrat de construction de maisons individuelles. Les ma\u00eetres de l\u2019ouvrage, d\u00e9faillants dans le paiement du solde des travaux, se pr\u00e9valent de nombreux d\u00e9sordres et non-conformit\u00e9s. Le Tribunal de grande instance\u2026","rel":"","context":"&quot;Cour d'appel&quot; i\u00e7inde","block_context":{"text":"Cour d'appel","link":"https:\/\/kohenavocats.com\/category\/cour-dappel\/"},"img":{"alt_text":"","src":"https:\/\/i0.wp.com\/kohenavocats.com\/wp-content\/uploads\/2024\/08\/pierre-chatel-innocenti-hJEqMutj3qc-unsplash.webp?resize=350%2C200&ssl=1","width":350,"height":200,"srcset":"https:\/\/i0.wp.com\/kohenavocats.com\/wp-content\/uploads\/2024\/08\/pierre-chatel-innocenti-hJEqMutj3qc-unsplash.webp?resize=350%2C200&ssl=1 1x, https:\/\/i0.wp.com\/kohenavocats.com\/wp-content\/uploads\/2024\/08\/pierre-chatel-innocenti-hJEqMutj3qc-unsplash.webp?resize=525%2C300&ssl=1 1.5x, https:\/\/i0.wp.com\/kohenavocats.com\/wp-content\/uploads\/2024\/08\/pierre-chatel-innocenti-hJEqMutj3qc-unsplash.webp?resize=700%2C400&ssl=1 2x, https:\/\/i0.wp.com\/kohenavocats.com\/wp-content\/uploads\/2024\/08\/pierre-chatel-innocenti-hJEqMutj3qc-unsplash.webp?resize=1050%2C600&ssl=1 3x, https:\/\/i0.wp.com\/kohenavocats.com\/wp-content\/uploads\/2024\/08\/pierre-chatel-innocenti-hJEqMutj3qc-unsplash.webp?resize=1400%2C800&ssl=1 4x"},"classes":[]},{"id":418161,"url":"https:\/\/kohenavocats.com\/tr\/cour-dappel-de-bastia-le-29-fevrier-2012-n11-00254\/","url_meta":{"origin":670308,"position":2},"title":"Cour d&#8217;appel de Bastia, le 29 f\u00e9vrier 2012, n\u00b011\/00254","author":"Kohen","date":"22 Mart 2026","format":false,"excerpt":"La Cour d\u2019appel de Bastia, dans un arr\u00eat du 29 f\u00e9vrier 2012, statue sur les effets de la proc\u00e9dure collective sur une cr\u00e9ance contractuelle n\u00e9e d\u2019un march\u00e9 de construction. Un entrepreneur, plac\u00e9 en redressement puis liquidation judiciaire, avait abandonn\u00e9 un chantier avant son ach\u00e8vement. Le ma\u00eetre de l\u2019ouvrage avait obtenu\u2026","rel":"","context":"&quot;Cour d'appel&quot; i\u00e7inde","block_context":{"text":"Cour d'appel","link":"https:\/\/kohenavocats.com\/category\/cour-dappel\/"},"img":{"alt_text":"","src":"https:\/\/i0.wp.com\/kohenavocats.com\/wp-content\/uploads\/2024\/08\/isaiah-b-pwS850MaFYo-unsplash.webp?resize=350%2C200&ssl=1","width":350,"height":200,"srcset":"https:\/\/i0.wp.com\/kohenavocats.com\/wp-content\/uploads\/2024\/08\/isaiah-b-pwS850MaFYo-unsplash.webp?resize=350%2C200&ssl=1 1x, https:\/\/i0.wp.com\/kohenavocats.com\/wp-content\/uploads\/2024\/08\/isaiah-b-pwS850MaFYo-unsplash.webp?resize=525%2C300&ssl=1 1.5x, https:\/\/i0.wp.com\/kohenavocats.com\/wp-content\/uploads\/2024\/08\/isaiah-b-pwS850MaFYo-unsplash.webp?resize=700%2C400&ssl=1 2x, https:\/\/i0.wp.com\/kohenavocats.com\/wp-content\/uploads\/2024\/08\/isaiah-b-pwS850MaFYo-unsplash.webp?resize=1050%2C600&ssl=1 3x, https:\/\/i0.wp.com\/kohenavocats.com\/wp-content\/uploads\/2024\/08\/isaiah-b-pwS850MaFYo-unsplash.webp?resize=1400%2C800&ssl=1 4x"},"classes":[]},{"id":438723,"url":"https:\/\/kohenavocats.com\/tr\/cour-dappel-de-bastia-le-9-mars-2011-n08-00148\/","url_meta":{"origin":670308,"position":3},"title":"Cour d&#8217;appel de Bastia, le 9 mars 2011, n\u00b008\/00148","author":"Kohen","date":"26 Mart 2026","format":false,"excerpt":"La Cour d\u2019appel de Bastia, dans un arr\u00eat du 9 mars 2011, se prononce sur une affaire relative \u00e0 des d\u00e9sordres affectant un lotissement. Des ma\u00eetres d\u2019ouvrage avaient confi\u00e9 la ma\u00eetrise d\u2019\u0153uvre \u00e0 un architecte et les travaux \u00e0 une entreprise. Apr\u00e8s r\u00e9ception avec r\u00e9serves, des expertises ont constat\u00e9 des\u2026","rel":"","context":"&quot;Cour d'appel&quot; i\u00e7inde","block_context":{"text":"Cour d'appel","link":"https:\/\/kohenavocats.com\/category\/cour-dappel\/"},"img":{"alt_text":"","src":"https:\/\/i0.wp.com\/kohenavocats.com\/wp-content\/uploads\/2024\/08\/matthew6910-2uWoi7y2S8E-unsplash.webp?resize=350%2C200&ssl=1","width":350,"height":200,"srcset":"https:\/\/i0.wp.com\/kohenavocats.com\/wp-content\/uploads\/2024\/08\/matthew6910-2uWoi7y2S8E-unsplash.webp?resize=350%2C200&ssl=1 1x, https:\/\/i0.wp.com\/kohenavocats.com\/wp-content\/uploads\/2024\/08\/matthew6910-2uWoi7y2S8E-unsplash.webp?resize=525%2C300&ssl=1 1.5x, https:\/\/i0.wp.com\/kohenavocats.com\/wp-content\/uploads\/2024\/08\/matthew6910-2uWoi7y2S8E-unsplash.webp?resize=700%2C400&ssl=1 2x, https:\/\/i0.wp.com\/kohenavocats.com\/wp-content\/uploads\/2024\/08\/matthew6910-2uWoi7y2S8E-unsplash.webp?resize=1050%2C600&ssl=1 3x, https:\/\/i0.wp.com\/kohenavocats.com\/wp-content\/uploads\/2024\/08\/matthew6910-2uWoi7y2S8E-unsplash.webp?resize=1400%2C800&ssl=1 4x"},"classes":[]},{"id":421322,"url":"https:\/\/kohenavocats.com\/tr\/cour-dappel-de-bastia-le-4-janvier-2012-n10-00527\/","url_meta":{"origin":670308,"position":4},"title":"Cour d&#8217;appel de Bastia, le 4 janvier 2012, n\u00b010\/00527","author":"Kohen","date":"22 Mart 2026","format":false,"excerpt":"La Cour d\u2019appel de Bastia, dans un arr\u00eat du 4 janvier 2012, se prononce sur la responsabilit\u00e9 contractuelle d\u2019un architecte ma\u00eetre d\u2019\u0153uvre. Des \u00e9poux avaient confi\u00e9 \u00e0 ce professionnel la ma\u00eetrise d\u2019\u0153uvre compl\u00e8te pour la construction d\u2019une villa. Aucun proc\u00e8s-verbal de r\u00e9ception ne fut \u00e9tabli. Constatant divers d\u00e9sordres, les ma\u00eetres\u2026","rel":"","context":"&quot;Cour d'appel&quot; i\u00e7inde","block_context":{"text":"Cour d'appel","link":"https:\/\/kohenavocats.com\/category\/cour-dappel\/"},"img":{"alt_text":"","src":"https:\/\/i0.wp.com\/kohenavocats.com\/wp-content\/uploads\/2024\/11\/andrej-lisakov-fLyCZtHPWjA-unsplash.webp?resize=350%2C200&ssl=1","width":350,"height":200,"srcset":"https:\/\/i0.wp.com\/kohenavocats.com\/wp-content\/uploads\/2024\/11\/andrej-lisakov-fLyCZtHPWjA-unsplash.webp?resize=350%2C200&ssl=1 1x, https:\/\/i0.wp.com\/kohenavocats.com\/wp-content\/uploads\/2024\/11\/andrej-lisakov-fLyCZtHPWjA-unsplash.webp?resize=525%2C300&ssl=1 1.5x, https:\/\/i0.wp.com\/kohenavocats.com\/wp-content\/uploads\/2024\/11\/andrej-lisakov-fLyCZtHPWjA-unsplash.webp?resize=700%2C400&ssl=1 2x, https:\/\/i0.wp.com\/kohenavocats.com\/wp-content\/uploads\/2024\/11\/andrej-lisakov-fLyCZtHPWjA-unsplash.webp?resize=1050%2C600&ssl=1 3x, https:\/\/i0.wp.com\/kohenavocats.com\/wp-content\/uploads\/2024\/11\/andrej-lisakov-fLyCZtHPWjA-unsplash.webp?resize=1400%2C800&ssl=1 4x"},"classes":[]},{"id":422033,"url":"https:\/\/kohenavocats.com\/tr\/cour-dappel-de-bastia-le-7-decembre-2011-n10-00930\/","url_meta":{"origin":670308,"position":5},"title":"Cour d&#8217;appel de Bastia, le 7 d\u00e9cembre 2011, n\u00b010\/00930","author":"Kohen","date":"22 Mart 2026","format":false,"excerpt":"Une soci\u00e9t\u00e9 civile immobili\u00e8re avait accept\u00e9 une proposition d\u2019honoraires pour la ma\u00eetrise d\u2019\u0153uvre d\u2019un hangar. Apr\u00e8s r\u00e8glement partiel, les architectes assign\u00e8rent la soci\u00e9t\u00e9 en paiement du reliquat. Le Tribunal de grande instance d\u2019Ajaccio, par jugement du 4 novembre 2010, condamna la soci\u00e9t\u00e9 au paiement des sommes r\u00e9clam\u00e9es. La soci\u00e9t\u00e9 forma\u2026","rel":"","context":"&quot;Cour d'appel&quot; i\u00e7inde","block_context":{"text":"Cour d'appel","link":"https:\/\/kohenavocats.com\/category\/cour-dappel\/"},"img":{"alt_text":"","src":"https:\/\/i0.wp.com\/kohenavocats.com\/wp-content\/uploads\/2024\/08\/rosilaine-alves-674oH-T1wNo-unsplash.webp?resize=350%2C200&ssl=1","width":350,"height":200,"srcset":"https:\/\/i0.wp.com\/kohenavocats.com\/wp-content\/uploads\/2024\/08\/rosilaine-alves-674oH-T1wNo-unsplash.webp?resize=350%2C200&ssl=1 1x, https:\/\/i0.wp.com\/kohenavocats.com\/wp-content\/uploads\/2024\/08\/rosilaine-alves-674oH-T1wNo-unsplash.webp?resize=525%2C300&ssl=1 1.5x, https:\/\/i0.wp.com\/kohenavocats.com\/wp-content\/uploads\/2024\/08\/rosilaine-alves-674oH-T1wNo-unsplash.webp?resize=700%2C400&ssl=1 2x, https:\/\/i0.wp.com\/kohenavocats.com\/wp-content\/uploads\/2024\/08\/rosilaine-alves-674oH-T1wNo-unsplash.webp?resize=1050%2C600&ssl=1 3x, https:\/\/i0.wp.com\/kohenavocats.com\/wp-content\/uploads\/2024\/08\/rosilaine-alves-674oH-T1wNo-unsplash.webp?resize=1400%2C800&ssl=1 4x"},"classes":[]}],"jetpack_sharing_enabled":true,"_links":{"self":[{"href":"https:\/\/kohenavocats.com\/tr\/wp-json\/wp\/v2\/posts\/670308","targetHints":{"allow":["GET"]}}],"collection":[{"href":"https:\/\/kohenavocats.com\/tr\/wp-json\/wp\/v2\/posts"}],"about":[{"href":"https:\/\/kohenavocats.com\/tr\/wp-json\/wp\/v2\/types\/post"}],"author":[{"embeddable":true,"href":"https:\/\/kohenavocats.com\/tr\/wp-json\/wp\/v2\/users\/232070755"}],"replies":[{"embeddable":true,"href":"https:\/\/kohenavocats.com\/tr\/wp-json\/wp\/v2\/comments?post=670308"}],"version-history":[{"count":1,"href":"https:\/\/kohenavocats.com\/tr\/wp-json\/wp\/v2\/posts\/670308\/revisions"}],"predecessor-version":[{"id":694459,"href":"https:\/\/kohenavocats.com\/tr\/wp-json\/wp\/v2\/posts\/670308\/revisions\/694459"}],"wp:featuredmedia":[{"embeddable":true,"href":"https:\/\/kohenavocats.com\/tr\/wp-json\/wp\/v2\/media\/9511"}],"wp:attachment":[{"href":"https:\/\/kohenavocats.com\/tr\/wp-json\/wp\/v2\/media?parent=670308"}],"wp:term":[{"taxonomy":"category","embeddable":true,"href":"https:\/\/kohenavocats.com\/tr\/wp-json\/wp\/v2\/categories?post=670308"},{"taxonomy":"post_tag","embeddable":true,"href":"https:\/\/kohenavocats.com\/tr\/wp-json\/wp\/v2\/tags?post=670308"}],"curies":[{"name":"wp","href":"https:\/\/api.w.org\/{rel}","templated":true}]}}