{"id":670310,"date":"2026-04-24T07:38:22","date_gmt":"2026-04-24T05:38:22","guid":{"rendered":"https:\/\/kohenavocats.com\/tribunal-judiciaire-de-paris-le-18-septembre-2025-n24-00678\/"},"modified":"2026-04-26T16:34:19","modified_gmt":"2026-04-26T14:34:19","slug":"tribunal-judiciaire-de-paris-le-18-septembre-2025-n24-00678","status":"publish","type":"post","link":"https:\/\/kohenavocats.com\/tr\/tribunal-judiciaire-de-paris-le-18-septembre-2025-n24-00678\/","title":{"rendered":"Tribunal judiciaire de Paris, le 18 septembre 2025, n\u00b024\/00678"},"content":{"rendered":"<div class=\"article-content\">\n<p>Le tribunal judiciaire de Paris, le 18 septembre 2025, statue sur un recours contestant un taux d&#8217;incapacit\u00e9 permanente partielle. L&#8217;employeur conteste le taux de dix-huit pour cent accord\u00e9 \u00e0 une salari\u00e9e suite \u00e0 un <a href=\"https:\/\/kohenavocats.com\/avocats-droit-social-paris\/avocats-accident-travail-paris\/\" target=\"_blank\" title=\"accident du travail\">accident du travail<\/a>. La juridiction ordonne une expertise m\u00e9dicale sur pi\u00e8ces avant de se prononcer au fond, en r\u00e9servant les droits des parties et en accordant l&#8217;ex\u00e9cution provisoire.<\/p>\n<p>La saisine du juge pour une mesure d&#8217;instruction probatoire<\/p>\n<p>Le cadre l\u00e9gal de l&#8217;expertise en mati\u00e8re d&#8217;incapacit\u00e9. Le tribunal fonde sa d\u00e9cision sur les articles du code de la s\u00e9curit\u00e9 sociale organisant la proc\u00e9dure. Il rappelle que &#8220;la juridiction peut ordonner toute mesure d&#8217;instruction&#8221; (article R142-16 du code de la s\u00e9curit\u00e9 sociale). Ce pouvoir discr\u00e9tionnaire permet d&#8217;\u00e9clairer le litige par une consultation m\u00e9dicale sp\u00e9cialis\u00e9e. La mesure vise \u00e0 pallier l&#8217;insuffisance des \u00e9l\u00e9ments produits au d\u00e9bat.<\/p>\n<p>Les conditions de mise en \u0153uvre de la consultation ordonn\u00e9e. La d\u00e9cision est motiv\u00e9e par des carences dans l&#8217;\u00e9valuation initiale du pr\u00e9judice. Elle rel\u00e8ve &#8220;la faiblesse des \u00e9l\u00e9ments pathologiques relev\u00e9s, associ\u00e9e \u00e0 l\u2019absence d\u2019\u00e9valuation de la marche&#8221; permettant de remettre en cause le taux. Le juge use donc de son pouvoir pour ordonner une mesure d&#8217;instruction n\u00e9cessaire. L&#8217;expert devra proposer un taux selon le bar\u00e8me indicatif et en fonction de l&#8217;\u00e9tat s\u00e9quellaire \u00e0 la date de consolidation.<\/p>\n<p>La d\u00e9termination souveraine du taux d&#8217;incapacit\u00e9 permanente<\/p>\n<p>Le rappel des principes directeurs de l&#8217;\u00e9valuation du pr\u00e9judice. Le tribunal r\u00e9affirme les r\u00e8gles substantielles gouvernant la fixation du taux. Il \u00e9nonce que &#8220;le taux d\u2019incapacit\u00e9 permanente partielle doit \u00eatre fix\u00e9 en fonction de l\u2019\u00e9tat s\u00e9quellaire au jour de la consolidation&#8221; sans consid\u00e9ration d&#8217;\u00e9l\u00e9ments post\u00e9rieurs. Ce principe, rappel\u00e9 par la jurisprudence, garantit une \u00e9valuation objective et fig\u00e9e dans le temps. Il rel\u00e8ve \u00e9galement de &#8220;l\u2019appr\u00e9ciation souveraine et motiv\u00e9e des juges du fond&#8221;.<\/p>\n<p>La mission confi\u00e9e \u00e0 l&#8217;expert comme pr\u00e9alable \u00e0 la d\u00e9cision judiciaire. L&#8217;expert doit se prononcer sur le taux en tenant compte des crit\u00e8res l\u00e9gaux \u00e9num\u00e9r\u00e9s par l&#8217;article L434-2. La d\u00e9cision d\u00e9taille ces crit\u00e8res : &#8220;la nature de l&#8217;infirmit\u00e9&#8221;, &#8220;l&#8217;\u00e9tat g\u00e9n\u00e9ral&#8221;, &#8220;l&#8217;\u00e2ge&#8221;, &#8220;les facult\u00e9s physiques et mentales&#8221;. Cette mission encadr\u00e9e guide l&#8217;expert et pr\u00e9pare le futur jugement sur le fond. Le juge conserve son pouvoir souverain apr\u00e8s r\u00e9ception du rapport d&#8217;expertise.<\/p>\n<p>Cette d\u00e9cision illustre la ma\u00eetrise proc\u00e9durale du juge en mati\u00e8re d&#8217;expertise m\u00e9dicale. Elle souligne que l&#8217;\u00e9valuation du taux d&#8217;incapacit\u00e9, bien que souveraine, n\u00e9cessite une instruction compl\u00e8te. Le recours \u00e0 un expert est syst\u00e9matique lorsque les \u00e9l\u00e9ments m\u00e9dicaux sont insuffisants ou contradictoires. La port\u00e9e de l&#8217;arr\u00eat r\u00e9side dans le rappel des principes temporels et substantiels de la r\u00e9paration. Elle garantit ainsi une indemnisation juste et conforme aux r\u00e8gles l\u00e9gales et jurisprudentielles \u00e9tablies.<\/p>\n<\/div>\n","protected":false},"excerpt":{"rendered":"<p>Le tribunal judiciaire de Paris, le 18 septembre 2025, statue sur un recours contestant un taux d&#8217;incapacit\u00e9 permanente partielle. L&#8217;employeur conteste le ta&#8230;<\/p>\n","protected":false},"author":232070755,"featured_media":3907,"comment_status":"open","ping_status":"open","sticky":false,"template":"","format":"standard","meta":{"_crdt_document":"","_jetpack_newsletter_access":"","_jetpack_dont_email_post_to_subs":false,"_jetpack_newsletter_tier_id":0,"_jetpack_memberships_contains_paywalled_content":false,"_kj_source_type":"","_kj_official_id":"","_kj_official_url":"","_kj_judilibre_id":"","_kj_jur":"","_kj_lieu":"","_kj_chambre":"","_kj_rg":"","_kj_date":"","_jetpack_memberships_contains_paid_content":false,"footnotes":"","jetpack_post_was_ever_published":false},"categories":[7096,7123,6580,7597,6718,6992],"tags":[],"class_list":["post-670310","post","type-post","status-publish","format-standard","has-post-thumbnail","hentry","category-code-des-assurances","category-droit-du-travail","category-droit-social","category-jurisprudence","category-social","category-travail"],"yoast_head":"<!-- This site is optimized with the Yoast SEO Premium plugin v27.4 (Yoast SEO v27.4) - https:\/\/yoast.com\/product\/yoast-seo-premium-wordpress\/ -->\n<title>Tribunal judiciaire de Paris, le 18 septembre 2025, n\u00b024\/00678 - Ma\u00eetre Hassan Kohen, avocat en droit p\u00e9nal \u00e0 Paris<\/title>\n<meta name=\"description\" content=\"Le tribunal judiciaire de Paris, le 18 septembre 2025, statue sur un recours contestant un taux d&#039;incapacit\u00e9 permanente partielle. L&#039;employeur conteste le ta...\" \/>\n<meta name=\"robots\" content=\"index, follow, max-snippet:-1, max-image-preview:large, max-video-preview:-1\" \/>\n<link rel=\"canonical\" href=\"https:\/\/kohenavocats.com\/tr\/tribunal-judiciaire-de-paris-le-18-septembre-2025-n24-00678\/\" \/>\n<meta property=\"og:locale\" content=\"tr_TR\" \/>\n<meta property=\"og:type\" content=\"article\" \/>\n<meta property=\"og:title\" content=\"Tribunal judiciaire de Paris, le 18 septembre 2025, n\u00b024\/00678\" \/>\n<meta property=\"og:description\" content=\"Le tribunal judiciaire de Paris, le 18 septembre 2025, statue sur un recours contestant un taux d&#039;incapacit\u00e9 permanente partielle. L&#039;employeur conteste le ta...\" \/>\n<meta property=\"og:url\" content=\"https:\/\/kohenavocats.com\/tr\/tribunal-judiciaire-de-paris-le-18-septembre-2025-n24-00678\/\" \/>\n<meta property=\"og:site_name\" content=\"Ma\u00eetre Hassan Kohen, avocat en droit p\u00e9nal \u00e0 Paris\" \/>\n<meta property=\"article:published_time\" content=\"2026-04-24T05:38:22+00:00\" \/>\n<meta property=\"article:modified_time\" content=\"2026-04-26T14:34:19+00:00\" \/>\n<meta property=\"og:image\" content=\"https:\/\/kohenavocats.com\/wp-content\/uploads\/2024\/07\/leo-serrat-jxLd50GtR0c-unsplash.webp\" \/>\n\t<meta property=\"og:image:width\" content=\"5170\" \/>\n\t<meta property=\"og:image:height\" content=\"3447\" \/>\n\t<meta property=\"og:image:type\" content=\"image\/webp\" \/>\n<meta name=\"author\" content=\"Kohen\" \/>\n<meta name=\"twitter:card\" content=\"summary_large_image\" \/>\n<meta name=\"twitter:label1\" content=\"Yazan:\" \/>\n\t<meta name=\"twitter:data1\" content=\"Kohen\" \/>\n\t<meta name=\"twitter:label2\" content=\"Tahmini okuma s\u00fcresi\" \/>\n\t<meta name=\"twitter:data2\" content=\"3 dakika\" \/>\n<script type=\"application\/ld+json\" class=\"yoast-schema-graph\">{\"@context\":\"https:\\\/\\\/schema.org\",\"@graph\":[{\"@type\":\"Article\",\"@id\":\"https:\\\/\\\/kohenavocats.com\\\/tr\\\/tribunal-judiciaire-de-paris-le-18-septembre-2025-n24-00678\\\/#article\",\"isPartOf\":{\"@id\":\"https:\\\/\\\/kohenavocats.com\\\/tr\\\/tribunal-judiciaire-de-paris-le-18-septembre-2025-n24-00678\\\/\"},\"author\":{\"name\":\"Kohen\",\"@id\":\"https:\\\/\\\/kohenavocats.com\\\/tr\\\/#\\\/schema\\\/person\\\/761c9ba54fa1ca84d405cef0831ff751\"},\"headline\":\"Tribunal judiciaire de Paris, le 18 septembre 2025, n\u00b024\\\/00678\",\"datePublished\":\"2026-04-24T05:38:22+00:00\",\"dateModified\":\"2026-04-26T14:34:19+00:00\",\"mainEntityOfPage\":{\"@id\":\"https:\\\/\\\/kohenavocats.com\\\/tr\\\/tribunal-judiciaire-de-paris-le-18-septembre-2025-n24-00678\\\/\"},\"wordCount\":538,\"commentCount\":0,\"publisher\":{\"@id\":\"https:\\\/\\\/kohenavocats.com\\\/tr\\\/#organization\"},\"image\":{\"@id\":\"https:\\\/\\\/kohenavocats.com\\\/tr\\\/tribunal-judiciaire-de-paris-le-18-septembre-2025-n24-00678\\\/#primaryimage\"},\"thumbnailUrl\":\"https:\\\/\\\/kohenavocats.com\\\/wp-content\\\/uploads\\\/2024\\\/07\\\/leo-serrat-jxLd50GtR0c-unsplash.webp\",\"articleSection\":[\"Code des assurances\",\"Droit du travail\",\"Droit Social\",\"Jurisprudence\",\"Social\",\"Travail\"],\"inLanguage\":\"tr\",\"potentialAction\":[{\"@type\":\"CommentAction\",\"name\":\"Comment\",\"target\":[\"https:\\\/\\\/kohenavocats.com\\\/tr\\\/tribunal-judiciaire-de-paris-le-18-septembre-2025-n24-00678\\\/#respond\"]}],\"citation\":\"Tribunal judiciaire de Paris, le 18 septembre 2025, n\u00b024\\\/00678\",\"about\":[{\"@type\":\"Thing\",\"name\":\"Code des assurances\"},{\"@type\":\"Thing\",\"name\":\"Droit du travail\"},{\"@type\":\"Thing\",\"name\":\"Droit Social\"},{\"@type\":\"Thing\",\"name\":\"Jurisprudence\"},{\"@type\":\"Thing\",\"name\":\"Social\"},{\"@type\":\"Thing\",\"name\":\"Travail\"}],\"speakable\":{\"@type\":\"SpeakableSpecification\",\"cssSelector\":[\".article-content > p:first-of-type\"]}},{\"@type\":\"WebPage\",\"@id\":\"https:\\\/\\\/kohenavocats.com\\\/tr\\\/tribunal-judiciaire-de-paris-le-18-septembre-2025-n24-00678\\\/\",\"url\":\"https:\\\/\\\/kohenavocats.com\\\/tr\\\/tribunal-judiciaire-de-paris-le-18-septembre-2025-n24-00678\\\/\",\"name\":\"Tribunal judiciaire de Paris, le 18 septembre 2025, n\u00b024\\\/00678 - Ma\u00eetre Hassan Kohen, avocat en droit p\u00e9nal \u00e0 Paris\",\"isPartOf\":{\"@id\":\"https:\\\/\\\/kohenavocats.com\\\/tr\\\/#website\"},\"primaryImageOfPage\":{\"@id\":\"https:\\\/\\\/kohenavocats.com\\\/tr\\\/tribunal-judiciaire-de-paris-le-18-septembre-2025-n24-00678\\\/#primaryimage\"},\"image\":{\"@id\":\"https:\\\/\\\/kohenavocats.com\\\/tr\\\/tribunal-judiciaire-de-paris-le-18-septembre-2025-n24-00678\\\/#primaryimage\"},\"thumbnailUrl\":\"https:\\\/\\\/kohenavocats.com\\\/wp-content\\\/uploads\\\/2024\\\/07\\\/leo-serrat-jxLd50GtR0c-unsplash.webp\",\"datePublished\":\"2026-04-24T05:38:22+00:00\",\"dateModified\":\"2026-04-26T14:34:19+00:00\",\"description\":\"Le tribunal judiciaire de Paris, le 18 septembre 2025, statue sur un recours contestant un taux d'incapacit\u00e9 permanente partielle. L'employeur conteste le ta...\",\"breadcrumb\":{\"@id\":\"https:\\\/\\\/kohenavocats.com\\\/tr\\\/tribunal-judiciaire-de-paris-le-18-septembre-2025-n24-00678\\\/#breadcrumb\"},\"inLanguage\":\"tr\",\"potentialAction\":[{\"@type\":\"ReadAction\",\"target\":[\"https:\\\/\\\/kohenavocats.com\\\/tr\\\/tribunal-judiciaire-de-paris-le-18-septembre-2025-n24-00678\\\/\"]}]},{\"@type\":\"ImageObject\",\"inLanguage\":\"tr\",\"@id\":\"https:\\\/\\\/kohenavocats.com\\\/tr\\\/tribunal-judiciaire-de-paris-le-18-septembre-2025-n24-00678\\\/#primaryimage\",\"url\":\"https:\\\/\\\/kohenavocats.com\\\/wp-content\\\/uploads\\\/2024\\\/07\\\/leo-serrat-jxLd50GtR0c-unsplash.webp\",\"contentUrl\":\"https:\\\/\\\/kohenavocats.com\\\/wp-content\\\/uploads\\\/2024\\\/07\\\/leo-serrat-jxLd50GtR0c-unsplash.webp\",\"width\":5170,\"height\":3447},{\"@type\":\"BreadcrumbList\",\"@id\":\"https:\\\/\\\/kohenavocats.com\\\/tr\\\/tribunal-judiciaire-de-paris-le-18-septembre-2025-n24-00678\\\/#breadcrumb\",\"itemListElement\":[{\"@type\":\"ListItem\",\"position\":1,\"name\":\"Home\",\"item\":\"https:\\\/\\\/kohenavocats.com\\\/tr\\\/avocats-en-droit-penal-a-paris-conseil-et-defense-strategique\\\/\"},{\"@type\":\"ListItem\",\"position\":2,\"name\":\"Tribunal judiciaire de Paris, le 18 septembre 2025, n\u00b024\\\/00678\"}]},{\"@type\":\"WebSite\",\"@id\":\"https:\\\/\\\/kohenavocats.com\\\/tr\\\/#website\",\"url\":\"https:\\\/\\\/kohenavocats.com\\\/tr\\\/\",\"name\":\"Kohen Avocats\",\"description\":\"Ma\u00eetre Hassan Kohen, avocat p\u00e9naliste \u00e0 Paris, intervient exclusivement en droit p\u00e9nal pour la d\u00e9fense des particuliers, notamment en mati\u00e8re d\u2019accusations de viol. Il assure un accompagnement rigoureux d\u00e8s la garde \u00e0 vue jusqu\u2019\u00e0 la Cour d\u2019assises, veillant au strict respect des garanties proc\u00e9durales.\",\"publisher\":{\"@id\":\"https:\\\/\\\/kohenavocats.com\\\/tr\\\/#organization\"},\"potentialAction\":[{\"@type\":\"SearchAction\",\"target\":{\"@type\":\"EntryPoint\",\"urlTemplate\":\"https:\\\/\\\/kohenavocats.com\\\/tr\\\/?s={search_term_string}\"},\"query-input\":{\"@type\":\"PropertyValueSpecification\",\"valueRequired\":true,\"valueName\":\"search_term_string\"}}],\"inLanguage\":\"tr\"},{\"@type\":\"Organization\",\"@id\":\"https:\\\/\\\/kohenavocats.com\\\/tr\\\/#organization\",\"name\":\"Kohen Avocats\",\"url\":\"https:\\\/\\\/kohenavocats.com\\\/tr\\\/\",\"logo\":{\"@type\":\"ImageObject\",\"inLanguage\":\"tr\",\"@id\":\"https:\\\/\\\/kohenavocats.com\\\/tr\\\/#\\\/schema\\\/logo\\\/image\\\/\",\"url\":\"https:\\\/\\\/kohenavocats.com\\\/wp-content\\\/uploads\\\/2026\\\/01\\\/Logo-2-1.webp\",\"contentUrl\":\"https:\\\/\\\/kohenavocats.com\\\/wp-content\\\/uploads\\\/2026\\\/01\\\/Logo-2-1.webp\",\"width\":2114,\"height\":1253,\"caption\":\"Kohen Avocats\"},\"image\":{\"@id\":\"https:\\\/\\\/kohenavocats.com\\\/tr\\\/#\\\/schema\\\/logo\\\/image\\\/\"}},{\"@type\":\"Person\",\"@id\":\"https:\\\/\\\/kohenavocats.com\\\/tr\\\/#\\\/schema\\\/person\\\/761c9ba54fa1ca84d405cef0831ff751\",\"name\":\"Kohen\",\"image\":{\"@type\":\"ImageObject\",\"inLanguage\":\"tr\",\"@id\":\"https:\\\/\\\/secure.gravatar.com\\\/avatar\\\/1c5e76ef76bbbfdd2b4da984e2bf2fa4056fd51a27d25ce2c332047f1dfd6e00?s=96&d=identicon&r=g\",\"url\":\"https:\\\/\\\/secure.gravatar.com\\\/avatar\\\/1c5e76ef76bbbfdd2b4da984e2bf2fa4056fd51a27d25ce2c332047f1dfd6e00?s=96&d=identicon&r=g\",\"contentUrl\":\"https:\\\/\\\/secure.gravatar.com\\\/avatar\\\/1c5e76ef76bbbfdd2b4da984e2bf2fa4056fd51a27d25ce2c332047f1dfd6e00?s=96&d=identicon&r=g\",\"caption\":\"Kohen\"},\"sameAs\":[\"https:\\\/\\\/www.linkedin.com\\\/in\\\/hassan-kohen-448548192\\\/\",\"https:\\\/\\\/www.youtube.com\\\/@Kohen-Avocats\"],\"url\":\"https:\\\/\\\/kohenavocats.com\\\/tr\\\/author\\\/kohenmlk\\\/\"}]}<\/script>\n<!-- \/ Yoast SEO Premium plugin. -->","yoast_head_json":{"title":"Tribunal judiciaire de Paris, le 18 septembre 2025, n\u00b024\/00678 - Ma\u00eetre Hassan Kohen, avocat en droit p\u00e9nal \u00e0 Paris","description":"Le tribunal judiciaire de Paris, le 18 septembre 2025, statue sur un recours contestant un taux d'incapacit\u00e9 permanente partielle. L'employeur conteste le ta...","robots":{"index":"index","follow":"follow","max-snippet":"max-snippet:-1","max-image-preview":"max-image-preview:large","max-video-preview":"max-video-preview:-1"},"canonical":"https:\/\/kohenavocats.com\/tr\/tribunal-judiciaire-de-paris-le-18-septembre-2025-n24-00678\/","og_locale":"tr_TR","og_type":"article","og_title":"Tribunal judiciaire de Paris, le 18 septembre 2025, n\u00b024\/00678","og_description":"Le tribunal judiciaire de Paris, le 18 septembre 2025, statue sur un recours contestant un taux d'incapacit\u00e9 permanente partielle. L'employeur conteste le ta...","og_url":"https:\/\/kohenavocats.com\/tr\/tribunal-judiciaire-de-paris-le-18-septembre-2025-n24-00678\/","og_site_name":"Ma\u00eetre Hassan Kohen, avocat en droit p\u00e9nal \u00e0 Paris","article_published_time":"2026-04-24T05:38:22+00:00","article_modified_time":"2026-04-26T14:34:19+00:00","og_image":[{"width":5170,"height":3447,"url":"https:\/\/kohenavocats.com\/wp-content\/uploads\/2024\/07\/leo-serrat-jxLd50GtR0c-unsplash.webp","type":"image\/webp"}],"author":"Kohen","twitter_card":"summary_large_image","twitter_misc":{"Yazan:":"Kohen","Tahmini okuma s\u00fcresi":"3 dakika"},"schema":{"@context":"https:\/\/schema.org","@graph":[{"@type":"Article","@id":"https:\/\/kohenavocats.com\/tr\/tribunal-judiciaire-de-paris-le-18-septembre-2025-n24-00678\/#article","isPartOf":{"@id":"https:\/\/kohenavocats.com\/tr\/tribunal-judiciaire-de-paris-le-18-septembre-2025-n24-00678\/"},"author":{"name":"Kohen","@id":"https:\/\/kohenavocats.com\/tr\/#\/schema\/person\/761c9ba54fa1ca84d405cef0831ff751"},"headline":"Tribunal judiciaire de Paris, le 18 septembre 2025, n\u00b024\/00678","datePublished":"2026-04-24T05:38:22+00:00","dateModified":"2026-04-26T14:34:19+00:00","mainEntityOfPage":{"@id":"https:\/\/kohenavocats.com\/tr\/tribunal-judiciaire-de-paris-le-18-septembre-2025-n24-00678\/"},"wordCount":538,"commentCount":0,"publisher":{"@id":"https:\/\/kohenavocats.com\/tr\/#organization"},"image":{"@id":"https:\/\/kohenavocats.com\/tr\/tribunal-judiciaire-de-paris-le-18-septembre-2025-n24-00678\/#primaryimage"},"thumbnailUrl":"https:\/\/kohenavocats.com\/wp-content\/uploads\/2024\/07\/leo-serrat-jxLd50GtR0c-unsplash.webp","articleSection":["Code des assurances","Droit du travail","Droit Social","Jurisprudence","Social","Travail"],"inLanguage":"tr","potentialAction":[{"@type":"CommentAction","name":"Comment","target":["https:\/\/kohenavocats.com\/tr\/tribunal-judiciaire-de-paris-le-18-septembre-2025-n24-00678\/#respond"]}],"citation":"Tribunal judiciaire de Paris, le 18 septembre 2025, n\u00b024\/00678","about":[{"@type":"Thing","name":"Code des assurances"},{"@type":"Thing","name":"Droit du travail"},{"@type":"Thing","name":"Droit Social"},{"@type":"Thing","name":"Jurisprudence"},{"@type":"Thing","name":"Social"},{"@type":"Thing","name":"Travail"}],"speakable":{"@type":"SpeakableSpecification","cssSelector":[".article-content > p:first-of-type"]}},{"@type":"WebPage","@id":"https:\/\/kohenavocats.com\/tr\/tribunal-judiciaire-de-paris-le-18-septembre-2025-n24-00678\/","url":"https:\/\/kohenavocats.com\/tr\/tribunal-judiciaire-de-paris-le-18-septembre-2025-n24-00678\/","name":"Tribunal judiciaire de Paris, le 18 septembre 2025, n\u00b024\/00678 - Ma\u00eetre Hassan Kohen, avocat en droit p\u00e9nal \u00e0 Paris","isPartOf":{"@id":"https:\/\/kohenavocats.com\/tr\/#website"},"primaryImageOfPage":{"@id":"https:\/\/kohenavocats.com\/tr\/tribunal-judiciaire-de-paris-le-18-septembre-2025-n24-00678\/#primaryimage"},"image":{"@id":"https:\/\/kohenavocats.com\/tr\/tribunal-judiciaire-de-paris-le-18-septembre-2025-n24-00678\/#primaryimage"},"thumbnailUrl":"https:\/\/kohenavocats.com\/wp-content\/uploads\/2024\/07\/leo-serrat-jxLd50GtR0c-unsplash.webp","datePublished":"2026-04-24T05:38:22+00:00","dateModified":"2026-04-26T14:34:19+00:00","description":"Le tribunal judiciaire de Paris, le 18 septembre 2025, statue sur un recours contestant un taux d'incapacit\u00e9 permanente partielle. L'employeur conteste le ta...","breadcrumb":{"@id":"https:\/\/kohenavocats.com\/tr\/tribunal-judiciaire-de-paris-le-18-septembre-2025-n24-00678\/#breadcrumb"},"inLanguage":"tr","potentialAction":[{"@type":"ReadAction","target":["https:\/\/kohenavocats.com\/tr\/tribunal-judiciaire-de-paris-le-18-septembre-2025-n24-00678\/"]}]},{"@type":"ImageObject","inLanguage":"tr","@id":"https:\/\/kohenavocats.com\/tr\/tribunal-judiciaire-de-paris-le-18-septembre-2025-n24-00678\/#primaryimage","url":"https:\/\/kohenavocats.com\/wp-content\/uploads\/2024\/07\/leo-serrat-jxLd50GtR0c-unsplash.webp","contentUrl":"https:\/\/kohenavocats.com\/wp-content\/uploads\/2024\/07\/leo-serrat-jxLd50GtR0c-unsplash.webp","width":5170,"height":3447},{"@type":"BreadcrumbList","@id":"https:\/\/kohenavocats.com\/tr\/tribunal-judiciaire-de-paris-le-18-septembre-2025-n24-00678\/#breadcrumb","itemListElement":[{"@type":"ListItem","position":1,"name":"Home","item":"https:\/\/kohenavocats.com\/tr\/avocats-en-droit-penal-a-paris-conseil-et-defense-strategique\/"},{"@type":"ListItem","position":2,"name":"Tribunal judiciaire de Paris, le 18 septembre 2025, n\u00b024\/00678"}]},{"@type":"WebSite","@id":"https:\/\/kohenavocats.com\/tr\/#website","url":"https:\/\/kohenavocats.com\/tr\/","name":"Kohen Avocats","description":"Ma\u00eetre Hassan Kohen, avocat p\u00e9naliste \u00e0 Paris, intervient exclusivement en droit p\u00e9nal pour la d\u00e9fense des particuliers, notamment en mati\u00e8re d\u2019accusations de viol. Il assure un accompagnement rigoureux d\u00e8s la garde \u00e0 vue jusqu\u2019\u00e0 la Cour d\u2019assises, veillant au strict respect des garanties proc\u00e9durales.","publisher":{"@id":"https:\/\/kohenavocats.com\/tr\/#organization"},"potentialAction":[{"@type":"SearchAction","target":{"@type":"EntryPoint","urlTemplate":"https:\/\/kohenavocats.com\/tr\/?s={search_term_string}"},"query-input":{"@type":"PropertyValueSpecification","valueRequired":true,"valueName":"search_term_string"}}],"inLanguage":"tr"},{"@type":"Organization","@id":"https:\/\/kohenavocats.com\/tr\/#organization","name":"Kohen Avocats","url":"https:\/\/kohenavocats.com\/tr\/","logo":{"@type":"ImageObject","inLanguage":"tr","@id":"https:\/\/kohenavocats.com\/tr\/#\/schema\/logo\/image\/","url":"https:\/\/kohenavocats.com\/wp-content\/uploads\/2026\/01\/Logo-2-1.webp","contentUrl":"https:\/\/kohenavocats.com\/wp-content\/uploads\/2026\/01\/Logo-2-1.webp","width":2114,"height":1253,"caption":"Kohen Avocats"},"image":{"@id":"https:\/\/kohenavocats.com\/tr\/#\/schema\/logo\/image\/"}},{"@type":"Person","@id":"https:\/\/kohenavocats.com\/tr\/#\/schema\/person\/761c9ba54fa1ca84d405cef0831ff751","name":"Kohen","image":{"@type":"ImageObject","inLanguage":"tr","@id":"https:\/\/secure.gravatar.com\/avatar\/1c5e76ef76bbbfdd2b4da984e2bf2fa4056fd51a27d25ce2c332047f1dfd6e00?s=96&d=identicon&r=g","url":"https:\/\/secure.gravatar.com\/avatar\/1c5e76ef76bbbfdd2b4da984e2bf2fa4056fd51a27d25ce2c332047f1dfd6e00?s=96&d=identicon&r=g","contentUrl":"https:\/\/secure.gravatar.com\/avatar\/1c5e76ef76bbbfdd2b4da984e2bf2fa4056fd51a27d25ce2c332047f1dfd6e00?s=96&d=identicon&r=g","caption":"Kohen"},"sameAs":["https:\/\/www.linkedin.com\/in\/hassan-kohen-448548192\/","https:\/\/www.youtube.com\/@Kohen-Avocats"],"url":"https:\/\/kohenavocats.com\/tr\/author\/kohenmlk\/"}]}},"jetpack_featured_media_url":"https:\/\/kohenavocats.com\/wp-content\/uploads\/2024\/07\/leo-serrat-jxLd50GtR0c-unsplash.webp","jetpack_likes_enabled":false,"jetpack_shortlink":"https:\/\/wp.me\/peCrII-2Ons","jetpack-related-posts":[{"id":666689,"url":"https:\/\/kohenavocats.com\/tr\/cour-dappel-le-23-septembre-2025-n25-00932\/","url_meta":{"origin":670310,"position":0},"title":"Cour d&#8217;appel, le 23 septembre 2025, n\u00b025\/00932","author":"Kohen","date":"24 Nisan 2026","format":false,"excerpt":"La cour d'appel, statuant par ordonnance de mise en \u00e9tat du 23 septembre 2025, se prononce sur une contestation relative au taux d'incapacit\u00e9 permanente. Le ...","rel":"","context":"&quot;Droit du travail&quot; i\u00e7inde","block_context":{"text":"Droit du travail","link":"https:\/\/kohenavocats.com\/category\/droit-du-travail\/"},"img":{"alt_text":"","src":"https:\/\/i0.wp.com\/kohenavocats.com\/wp-content\/uploads\/2024\/08\/karla-caloca-2uGxst615P4-unsplash.webp?resize=350%2C200&ssl=1","width":350,"height":200,"srcset":"https:\/\/i0.wp.com\/kohenavocats.com\/wp-content\/uploads\/2024\/08\/karla-caloca-2uGxst615P4-unsplash.webp?resize=350%2C200&ssl=1 1x, https:\/\/i0.wp.com\/kohenavocats.com\/wp-content\/uploads\/2024\/08\/karla-caloca-2uGxst615P4-unsplash.webp?resize=525%2C300&ssl=1 1.5x, https:\/\/i0.wp.com\/kohenavocats.com\/wp-content\/uploads\/2024\/08\/karla-caloca-2uGxst615P4-unsplash.webp?resize=700%2C400&ssl=1 2x, https:\/\/i0.wp.com\/kohenavocats.com\/wp-content\/uploads\/2024\/08\/karla-caloca-2uGxst615P4-unsplash.webp?resize=1050%2C600&ssl=1 3x, https:\/\/i0.wp.com\/kohenavocats.com\/wp-content\/uploads\/2024\/08\/karla-caloca-2uGxst615P4-unsplash.webp?resize=1400%2C800&ssl=1 4x"},"classes":[]},{"id":668479,"url":"https:\/\/kohenavocats.com\/tr\/cour-dappel-le-22-septembre-2025-n25-00802\/","url_meta":{"origin":670310,"position":1},"title":"Cour d&#8217;appel, le 22 septembre 2025, n\u00b025\/00802","author":"Kohen","date":"24 Nisan 2026","format":false,"excerpt":"La cour d'appel, statuant par ordonnnance du 22 septembre 2025, se prononce sur une contestation de taux d'incapacit\u00e9 permanente partielle. Le requ\u00e9rant cont...","rel":"","context":"&quot;Code des assurances&quot; i\u00e7inde","block_context":{"text":"Code des assurances","link":"https:\/\/kohenavocats.com\/category\/code-des-assurances\/"},"img":{"alt_text":"","src":"https:\/\/i0.wp.com\/kohenavocats.com\/wp-content\/uploads\/2024\/08\/daniel-bustos-KfhRfj6ZQPY-unsplash.webp?resize=350%2C200&ssl=1","width":350,"height":200,"srcset":"https:\/\/i0.wp.com\/kohenavocats.com\/wp-content\/uploads\/2024\/08\/daniel-bustos-KfhRfj6ZQPY-unsplash.webp?resize=350%2C200&ssl=1 1x, https:\/\/i0.wp.com\/kohenavocats.com\/wp-content\/uploads\/2024\/08\/daniel-bustos-KfhRfj6ZQPY-unsplash.webp?resize=525%2C300&ssl=1 1.5x, https:\/\/i0.wp.com\/kohenavocats.com\/wp-content\/uploads\/2024\/08\/daniel-bustos-KfhRfj6ZQPY-unsplash.webp?resize=700%2C400&ssl=1 2x, https:\/\/i0.wp.com\/kohenavocats.com\/wp-content\/uploads\/2024\/08\/daniel-bustos-KfhRfj6ZQPY-unsplash.webp?resize=1050%2C600&ssl=1 3x, https:\/\/i0.wp.com\/kohenavocats.com\/wp-content\/uploads\/2024\/08\/daniel-bustos-KfhRfj6ZQPY-unsplash.webp?resize=1400%2C800&ssl=1 4x"},"classes":[]},{"id":666760,"url":"https:\/\/kohenavocats.com\/tr\/cour-dappel-le-23-septembre-2025-n25-00238\/","url_meta":{"origin":670310,"position":2},"title":"Cour d&#8217;appel, le 23 septembre 2025, n\u00b025\/00238","author":"Kohen","date":"24 Nisan 2026","format":false,"excerpt":"La cour d'appel, statuant par ordonnance de mise en \u00e9tat du 23 septembre 2025, se prononce sur la d\u00e9signation d'un m\u00e9decin consultant dans un litige relatif ...","rel":"","context":"&quot;Droit du travail&quot; i\u00e7inde","block_context":{"text":"Droit du travail","link":"https:\/\/kohenavocats.com\/category\/droit-du-travail\/"},"img":{"alt_text":"","src":"https:\/\/i0.wp.com\/kohenavocats.com\/wp-content\/uploads\/2024\/08\/nathan-cima-bfSlMwZNBtY-unsplash.webp?resize=350%2C200&ssl=1","width":350,"height":200,"srcset":"https:\/\/i0.wp.com\/kohenavocats.com\/wp-content\/uploads\/2024\/08\/nathan-cima-bfSlMwZNBtY-unsplash.webp?resize=350%2C200&ssl=1 1x, https:\/\/i0.wp.com\/kohenavocats.com\/wp-content\/uploads\/2024\/08\/nathan-cima-bfSlMwZNBtY-unsplash.webp?resize=525%2C300&ssl=1 1.5x, https:\/\/i0.wp.com\/kohenavocats.com\/wp-content\/uploads\/2024\/08\/nathan-cima-bfSlMwZNBtY-unsplash.webp?resize=700%2C400&ssl=1 2x, https:\/\/i0.wp.com\/kohenavocats.com\/wp-content\/uploads\/2024\/08\/nathan-cima-bfSlMwZNBtY-unsplash.webp?resize=1050%2C600&ssl=1 3x, https:\/\/i0.wp.com\/kohenavocats.com\/wp-content\/uploads\/2024\/08\/nathan-cima-bfSlMwZNBtY-unsplash.webp?resize=1400%2C800&ssl=1 4x"},"classes":[]},{"id":666503,"url":"https:\/\/kohenavocats.com\/tr\/cour-dappel-de-paris-le-23-septembre-2025-n25-00903\/","url_meta":{"origin":670310,"position":3},"title":"Cour d&#8217;appel de Paris, le 23 septembre 2025, n\u00b025\/00903","author":"Kohen","date":"24 Nisan 2026","format":false,"excerpt":"La cour d'appel de Paris, tribunal judiciaire de Bobigny, rend le 23 septembre 2025 une ordonnance de mise en \u00e9tat. Elle statue sur une contestation du taux ...","rel":"","context":"&quot;Droit du travail&quot; i\u00e7inde","block_context":{"text":"Droit du travail","link":"https:\/\/kohenavocats.com\/category\/droit-du-travail\/"},"img":{"alt_text":"","src":"https:\/\/i0.wp.com\/kohenavocats.com\/wp-content\/uploads\/2024\/08\/waqar-KY7GFNrxoOY-unsplash-2.webp?resize=350%2C200&ssl=1","width":350,"height":200,"srcset":"https:\/\/i0.wp.com\/kohenavocats.com\/wp-content\/uploads\/2024\/08\/waqar-KY7GFNrxoOY-unsplash-2.webp?resize=350%2C200&ssl=1 1x, https:\/\/i0.wp.com\/kohenavocats.com\/wp-content\/uploads\/2024\/08\/waqar-KY7GFNrxoOY-unsplash-2.webp?resize=525%2C300&ssl=1 1.5x, https:\/\/i0.wp.com\/kohenavocats.com\/wp-content\/uploads\/2024\/08\/waqar-KY7GFNrxoOY-unsplash-2.webp?resize=700%2C400&ssl=1 2x, https:\/\/i0.wp.com\/kohenavocats.com\/wp-content\/uploads\/2024\/08\/waqar-KY7GFNrxoOY-unsplash-2.webp?resize=1050%2C600&ssl=1 3x, https:\/\/i0.wp.com\/kohenavocats.com\/wp-content\/uploads\/2024\/08\/waqar-KY7GFNrxoOY-unsplash-2.webp?resize=1400%2C800&ssl=1 4x"},"classes":[]},{"id":665943,"url":"https:\/\/kohenavocats.com\/tr\/cour-dappel-de-nancy-le-18-fevrier-2025-n24-02148\/","url_meta":{"origin":670310,"position":4},"title":"Cour d&#8217;appel de Nancy, le 18 f\u00e9vrier 2025, n\u00b024\/02148","author":"Kohen","date":"24 Nisan 2026","format":false,"excerpt":"La Cour d'appel de Nancy, le 18 f\u00e9vrier 2025, statue sur un litige relatif \u00e0 la fixation du taux d'incapacit\u00e9 permanente partielle. Un travailleur avait subi...","rel":"","context":"&quot;Droit du travail&quot; i\u00e7inde","block_context":{"text":"Droit du travail","link":"https:\/\/kohenavocats.com\/category\/droit-du-travail\/"},"img":{"alt_text":"","src":"https:\/\/i0.wp.com\/kohenavocats.com\/wp-content\/uploads\/2024\/07\/clarisse-meyer-jKU2NneZAbI-unsplash.webp?resize=350%2C200&ssl=1","width":350,"height":200,"srcset":"https:\/\/i0.wp.com\/kohenavocats.com\/wp-content\/uploads\/2024\/07\/clarisse-meyer-jKU2NneZAbI-unsplash.webp?resize=350%2C200&ssl=1 1x, https:\/\/i0.wp.com\/kohenavocats.com\/wp-content\/uploads\/2024\/07\/clarisse-meyer-jKU2NneZAbI-unsplash.webp?resize=525%2C300&ssl=1 1.5x, https:\/\/i0.wp.com\/kohenavocats.com\/wp-content\/uploads\/2024\/07\/clarisse-meyer-jKU2NneZAbI-unsplash.webp?resize=700%2C400&ssl=1 2x, https:\/\/i0.wp.com\/kohenavocats.com\/wp-content\/uploads\/2024\/07\/clarisse-meyer-jKU2NneZAbI-unsplash.webp?resize=1050%2C600&ssl=1 3x, https:\/\/i0.wp.com\/kohenavocats.com\/wp-content\/uploads\/2024\/07\/clarisse-meyer-jKU2NneZAbI-unsplash.webp?resize=1400%2C800&ssl=1 4x"},"classes":[]},{"id":666572,"url":"https:\/\/kohenavocats.com\/tr\/cour-dappel-le-23-septembre-2025-n25-01300\/","url_meta":{"origin":670310,"position":5},"title":"Cour d&#8217;appel, le 23 septembre 2025, n\u00b025\/01300","author":"Kohen","date":"24 Nisan 2026","format":false,"excerpt":"La cour d'appel, statuant par ordonnance de mise en \u00e9tat du 23 septembre 2025, a \u00e9t\u00e9 saisie d'un litige relatif \u00e0 l'\u00e9valuation d'un taux d'incapacit\u00e9 permane...","rel":"","context":"&quot;Droit du travail&quot; i\u00e7inde","block_context":{"text":"Droit du travail","link":"https:\/\/kohenavocats.com\/category\/droit-du-travail\/"},"img":{"alt_text":"","src":"https:\/\/i0.wp.com\/kohenavocats.com\/wp-content\/uploads\/2024\/11\/mohamed-nohassi-_amjPlrSrKA-unsplash.webp?resize=350%2C200&ssl=1","width":350,"height":200,"srcset":"https:\/\/i0.wp.com\/kohenavocats.com\/wp-content\/uploads\/2024\/11\/mohamed-nohassi-_amjPlrSrKA-unsplash.webp?resize=350%2C200&ssl=1 1x, https:\/\/i0.wp.com\/kohenavocats.com\/wp-content\/uploads\/2024\/11\/mohamed-nohassi-_amjPlrSrKA-unsplash.webp?resize=525%2C300&ssl=1 1.5x, https:\/\/i0.wp.com\/kohenavocats.com\/wp-content\/uploads\/2024\/11\/mohamed-nohassi-_amjPlrSrKA-unsplash.webp?resize=700%2C400&ssl=1 2x, https:\/\/i0.wp.com\/kohenavocats.com\/wp-content\/uploads\/2024\/11\/mohamed-nohassi-_amjPlrSrKA-unsplash.webp?resize=1050%2C600&ssl=1 3x, https:\/\/i0.wp.com\/kohenavocats.com\/wp-content\/uploads\/2024\/11\/mohamed-nohassi-_amjPlrSrKA-unsplash.webp?resize=1400%2C800&ssl=1 4x"},"classes":[]}],"jetpack_sharing_enabled":true,"_links":{"self":[{"href":"https:\/\/kohenavocats.com\/tr\/wp-json\/wp\/v2\/posts\/670310","targetHints":{"allow":["GET"]}}],"collection":[{"href":"https:\/\/kohenavocats.com\/tr\/wp-json\/wp\/v2\/posts"}],"about":[{"href":"https:\/\/kohenavocats.com\/tr\/wp-json\/wp\/v2\/types\/post"}],"author":[{"embeddable":true,"href":"https:\/\/kohenavocats.com\/tr\/wp-json\/wp\/v2\/users\/232070755"}],"replies":[{"embeddable":true,"href":"https:\/\/kohenavocats.com\/tr\/wp-json\/wp\/v2\/comments?post=670310"}],"version-history":[{"count":1,"href":"https:\/\/kohenavocats.com\/tr\/wp-json\/wp\/v2\/posts\/670310\/revisions"}],"predecessor-version":[{"id":694460,"href":"https:\/\/kohenavocats.com\/tr\/wp-json\/wp\/v2\/posts\/670310\/revisions\/694460"}],"wp:featuredmedia":[{"embeddable":true,"href":"https:\/\/kohenavocats.com\/tr\/wp-json\/wp\/v2\/media\/3907"}],"wp:attachment":[{"href":"https:\/\/kohenavocats.com\/tr\/wp-json\/wp\/v2\/media?parent=670310"}],"wp:term":[{"taxonomy":"category","embeddable":true,"href":"https:\/\/kohenavocats.com\/tr\/wp-json\/wp\/v2\/categories?post=670310"},{"taxonomy":"post_tag","embeddable":true,"href":"https:\/\/kohenavocats.com\/tr\/wp-json\/wp\/v2\/tags?post=670310"}],"curies":[{"name":"wp","href":"https:\/\/api.w.org\/{rel}","templated":true}]}}