{"id":671184,"date":"2026-04-24T09:21:49","date_gmt":"2026-04-24T07:21:49","guid":{"rendered":"https:\/\/kohenavocats.com\/criteres-ordre-licenciement-economique-contester-points-preuves\/"},"modified":"2026-04-26T17:25:40","modified_gmt":"2026-04-26T15:25:40","slug":"criteres-ordre-licenciement-economique-contester-points-preuves","status":"publish","type":"post","link":"https:\/\/kohenavocats.com\/tr\/criteres-ordre-licenciement-economique-contester-points-preuves\/","title":{"rendered":"Crit\u00e8res d&#8217;ordre du licenciement \u00e9conomique : comment contester le choix du salari\u00e9 licenci\u00e9 ?"},"content":{"rendered":"<p>Un licenciement \u00e9conomique ne permet pas \u00e0 l&#8217;employeur de choisir librement le salari\u00e9 qui part. Quand plusieurs salari\u00e9s appartiennent \u00e0 la m\u00eame cat\u00e9gorie professionnelle et que tous les postes ne sont pas supprim\u00e9s, l&#8217;employeur doit appliquer des crit\u00e8res d&#8217;ordre. Ces crit\u00e8res servent \u00e0 d\u00e9terminer qui est le plus expos\u00e9 au licenciement et qui doit, au contraire, \u00eatre prot\u00e9g\u00e9.<\/p>\n<p>Pour le salari\u00e9, le sujet est souvent d\u00e9couvert trop tard. La lettre de licenciement \u00e9voque un motif \u00e9conomique, un poste supprim\u00e9, parfois un contrat de s\u00e9curisation professionnelle. Mais elle ne dit pas toujours pourquoi lui, plut\u00f4t qu&#8217;un coll\u00e8gue du m\u00eame service, a \u00e9t\u00e9 d\u00e9sign\u00e9. C&#8217;est pr\u00e9cis\u00e9ment l\u00e0 que le contr\u00f4le commence.<\/p>\n<p>Le sujet ne se limite pas \u00e0 v\u00e9rifier l&#8217;existence d&#8217;un motif \u00e9conomique. M\u00eame si les difficult\u00e9s \u00e9conomiques, la r\u00e9organisation ou la suppression de poste sont \u00e9tablies, l&#8217;employeur peut engager sa responsabilit\u00e9 s&#8217;il a mal appliqu\u00e9 les crit\u00e8res d&#8217;ordre. Le contentieux porte alors sur la cat\u00e9gorie professionnelle retenue, le p\u00e9rim\u00e8tre g\u00e9ographique, la pond\u00e9ration des points, la prise en compte de l&#8217;anciennet\u00e9, des charges de famille, du handicap, de l&#8217;\u00e2ge ou des qualit\u00e9s professionnelles.<\/p>\n<p>Cette page est volontairement pratique : elle explique quand les crit\u00e8res d&#8217;ordre doivent \u00eatre appliqu\u00e9s, comment les demander, quelles erreurs rechercher, quelles pi\u00e8ces r\u00e9unir et ce qu&#8217;un conseil de prud&#8217;hommes peut accorder.<\/p>\n<p>Pour le contentieux g\u00e9n\u00e9ral du licenciement \u00e9conomique \u00e0 Paris, voir aussi notre page d\u00e9di\u00e9e aux <a href=\"https:\/\/kohenavocats.com\/avocats-droit-social-paris\/avocats-licenciement-economique-paris\/\">avocats en licenciement \u00e9conomique \u00e0 Paris<\/a>. Pour le contentieux prud&#8217;homal, voir notre page <a href=\"https:\/\/kohenavocats.com\/avocats-droit-social-paris\/avocats-contentieux-prudhommes-paris\/\">avocats contentieux prud&#8217;hommes \u00e0 Paris<\/a>.<\/p>\n<h2>Dans quels cas l&#8217;employeur doit appliquer les crit\u00e8res d&#8217;ordre ?<\/h2>\n<p>L&#8217;article L. 1233-5 du code du travail impose \u00e0 l&#8217;employeur de d\u00e9finir les crit\u00e8res retenus pour fixer l&#8217;ordre des licenciements lorsqu&#8217;il proc\u00e8de \u00e0 un <a href=\"https:\/\/kohenavocats.com\/avocats-droit-social-paris\/avocats-restructuration-pse-paris\/\" target=\"_blank\" title=\"licenciement collectif\">licenciement collectif<\/a> pour motif \u00e9conomique et qu&#8217;aucune convention ou accord collectif applicable ne les fixe d\u00e9j\u00e0. Le texte impose la consultation du comit\u00e9 social et \u00e9conomique lorsqu&#8217;il existe.<\/p>\n<p>Le principe est simple : les crit\u00e8res d&#8217;ordre deviennent n\u00e9cessaires d\u00e8s que l&#8217;employeur doit choisir entre plusieurs salari\u00e9s. Il faut comparer des salari\u00e9s appartenant \u00e0 la m\u00eame cat\u00e9gorie professionnelle. Si l&#8217;entreprise supprime tous les emplois d&#8217;une cat\u00e9gorie, le choix dispara\u00eet. Si elle conserve une partie des postes, elle doit justifier la d\u00e9signation du ou des salari\u00e9s licenci\u00e9s.<\/p>\n<p>Le pi\u00e8ge classique consiste \u00e0 confondre poste supprim\u00e9 et salari\u00e9 licenci\u00e9. Un poste peut \u00eatre supprim\u00e9 sans que son titulaire soit automatiquement celui qui quitte l&#8217;entreprise. L&#8217;employeur doit regarder les salari\u00e9s qui exercent des fonctions de m\u00eame nature supposant une formation professionnelle commune. Il applique ensuite les crit\u00e8res \u00e0 cette cat\u00e9gorie. Le salari\u00e9 dont le poste dispara\u00eet peut donc \u00eatre maintenu si, selon les crit\u00e8res, un autre salari\u00e9 de la m\u00eame cat\u00e9gorie est moins prioritaire au maintien dans l&#8217;emploi.<\/p>\n<p>Trois questions doivent \u00eatre pos\u00e9es imm\u00e9diatement :<\/p>\n<ul>\n<li>Combien de postes sont r\u00e9ellement supprim\u00e9s ?<\/li>\n<li>Quelle cat\u00e9gorie professionnelle l&#8217;employeur a-t-il retenue ?<\/li>\n<li>Tous les salari\u00e9s de cette cat\u00e9gorie ont-ils \u00e9t\u00e9 compar\u00e9s avec les m\u00eames crit\u00e8res ?<\/li>\n<\/ul>\n<p>Si la r\u00e9ponse est floue, le dossier m\u00e9rite une contestation cibl\u00e9e.<\/p>\n<h2>Les quatre crit\u00e8res l\u00e9gaux \u00e0 contr\u00f4ler<\/h2>\n<p>En l&#8217;absence de convention ou d&#8217;accord collectif, l&#8217;employeur doit tenir compte de quatre familles de crit\u00e8res pr\u00e9vues par l&#8217;article L. 1233-5 du code du travail :<\/p>\n<ul>\n<li>les charges de famille, en particulier celles des parents isol\u00e9s ;<\/li>\n<li>l&#8217;anciennet\u00e9 de service dans l&#8217;\u00e9tablissement ou l&#8217;entreprise ;<\/li>\n<li>la situation des salari\u00e9s dont la r\u00e9insertion professionnelle est particuli\u00e8rement difficile, notamment les salari\u00e9s \u00e2g\u00e9s ou handicap\u00e9s ;<\/li>\n<li>les qualit\u00e9s professionnelles appr\u00e9ci\u00e9es par cat\u00e9gorie.<\/li>\n<\/ul>\n<p>L&#8217;employeur peut privil\u00e9gier un crit\u00e8re, par exemple les qualit\u00e9s professionnelles, mais il ne peut pas ignorer les autres. Une grille qui neutralise l&#8217;anciennet\u00e9, les charges de famille ou la situation de handicap peut \u00eatre critiqu\u00e9e. Une grille qui utilise les qualit\u00e9s professionnelles sans indicateurs objectifs peut \u00e9galement \u00eatre contest\u00e9e.<\/p>\n<p>Le point le plus sensible est souvent celui des qualit\u00e9s professionnelles. L&#8217;employeur peut tenir compte de l&#8217;exp\u00e9rience, de la polyvalence, de l&#8217;autonomie, de la ma\u00eetrise technique, des \u00e9valuations ou d&#8217;objectifs ant\u00e9rieurs. Mais il doit pouvoir expliquer la m\u00e9thode. Un simple jugement subjectif ne suffit pas. Le juge ne remplace pas l&#8217;employeur dans l&#8217;appr\u00e9ciation des qualit\u00e9s professionnelles, mais il v\u00e9rifie que l&#8217;employeur s&#8217;appuie sur des \u00e9l\u00e9ments objectifs et pertinents.<\/p>\n<p>La cour d&#8217;appel de Bordeaux l&#8217;a rappel\u00e9 dans une d\u00e9cision du 20 janvier 2026 : le juge ne substitue pas sa propre appr\u00e9ciation \u00e0 celle de l&#8217;employeur, mais il contr\u00f4le que l&#8217;\u00e9valuation repose sur des \u00e9l\u00e9ments objectifs, pertinents et v\u00e9rifiables. Dans cette affaire, la cour a examin\u00e9 les points attribu\u00e9s au salari\u00e9 au regard de l&#8217;anciennet\u00e9, des charges de famille et des qualit\u00e9s professionnelles, puis a accord\u00e9 une indemnit\u00e9 au titre de la violation des crit\u00e8res d&#8217;ordre.<\/p>\n<h2>Demander les crit\u00e8res : le d\u00e9lai de 10 jours<\/h2>\n<p>Le salari\u00e9 licenci\u00e9 peut demander \u00e0 l&#8217;employeur les crit\u00e8res retenus pour fixer l&#8217;ordre des licenciements. L&#8217;article L. 1233-17 du code du travail pr\u00e9voit cette demande \u00e9crite. L&#8217;article R. 1233-1 pr\u00e9cise le calendrier : le salari\u00e9 adresse sa demande avant l&#8217;expiration d&#8217;un d\u00e9lai de dix jours \u00e0 compter de la date \u00e0 laquelle il quitte effectivement son emploi. L&#8217;employeur doit r\u00e9pondre dans les dix jours suivant la pr\u00e9sentation ou la remise de la demande.<\/p>\n<p>En pratique, il faut agir vite. La demande doit \u00eatre \u00e9crite, id\u00e9alement par lettre recommand\u00e9e avec avis de r\u00e9ception ou remise contre r\u00e9c\u00e9piss\u00e9. Elle doit demander :<\/p>\n<ul>\n<li>les crit\u00e8res retenus ;<\/li>\n<li>la pond\u00e9ration appliqu\u00e9e ;<\/li>\n<li>la cat\u00e9gorie professionnelle concern\u00e9e ;<\/li>\n<li>le p\u00e9rim\u00e8tre d&#8217;application ;<\/li>\n<li>le nombre de points attribu\u00e9s au salari\u00e9 ;<\/li>\n<li>les \u00e9l\u00e9ments objectifs utilis\u00e9s pour appr\u00e9cier les qualit\u00e9s professionnelles.<\/li>\n<\/ul>\n<p>M\u00eame si le salari\u00e9 n&#8217;a pas demand\u00e9 les crit\u00e8res dans les dix jours, il peut encore contester la mise en oeuvre de l&#8217;ordre des licenciements devant le conseil de prud&#8217;hommes dans le d\u00e9lai applicable au licenciement \u00e9conomique. Mais ne pas demander les crit\u00e8res prive le dossier d&#8217;une pi\u00e8ce utile et peut rendre la preuve plus difficile.<\/p>\n<p>Voici une formulation simple :<\/p>\n<blockquote>\n<p>Je vous demande de bien vouloir me communiquer, conform\u00e9ment aux articles L. 1233-17 et R. 1233-1 du code du travail, les crit\u00e8res retenus pour fixer l&#8217;ordre des licenciements, leur pond\u00e9ration, le p\u00e9rim\u00e8tre et la cat\u00e9gorie professionnelle retenus, ainsi que les \u00e9l\u00e9ments ayant conduit \u00e0 ma d\u00e9signation.<\/p>\n<\/blockquote>\n<h2>Les erreurs les plus fr\u00e9quentes<\/h2>\n<p>La premi\u00e8re erreur porte sur la cat\u00e9gorie professionnelle. L&#8217;employeur peut \u00eatre tent\u00e9 de d\u00e9couper trop finement les fonctions pour isoler le salari\u00e9 vis\u00e9. Or la cat\u00e9gorie professionnelle ne correspond pas forc\u00e9ment \u00e0 l&#8217;intitul\u00e9 exact du poste. Elle rassemble les salari\u00e9s exer\u00e7ant des fonctions de m\u00eame nature supposant une formation professionnelle commune. Si deux salari\u00e9s ont des intitul\u00e9s diff\u00e9rents mais peuvent occuper les m\u00eames fonctions apr\u00e8s adaptation normale, ils peuvent relever de la m\u00eame cat\u00e9gorie.<\/p>\n<p>La deuxi\u00e8me erreur porte sur le p\u00e9rim\u00e8tre. Les crit\u00e8res ne s&#8217;appliquent pas librement service par service si le p\u00e9rim\u00e8tre l\u00e9gal ou conventionnel impose une zone plus large. L&#8217;article L. 1233-5 pr\u00e9voit que le p\u00e9rim\u00e8tre peut \u00eatre fix\u00e9 par accord collectif ou, dans certains cas, par document unilat\u00e9ral, mais il ne peut pas \u00eatre inf\u00e9rieur \u00e0 la zone d&#8217;emploi concern\u00e9e lorsque le texte le pr\u00e9voit.<\/p>\n<p>La troisi\u00e8me erreur porte sur les charges de famille. Un salari\u00e9 parent isol\u00e9, ayant plusieurs enfants \u00e0 charge ou supportant une charge familiale particuli\u00e8re doit voir cette situation r\u00e9ellement prise en compte. La Cour de cassation, dans un arr\u00eat du 6 mai 2025, a cass\u00e9 une d\u00e9cision qui avait \u00e9cart\u00e9 trop rapidement la situation d&#8217;une salari\u00e9e au regard de la notion d&#8217;enfant \u00e0 charge dans un accord collectif majoritaire. L&#8217;arr\u00eat rappelle qu&#8217;une r\u00e8gle de pond\u00e9ration doit \u00eatre lue strictement et appliqu\u00e9e \u00e0 la situation r\u00e9elle du salari\u00e9.<\/p>\n<p>La quatri\u00e8me erreur porte sur les qualit\u00e9s professionnelles. Un employeur qui attribue peu de points sans grille lisible, sans entretiens d&#8217;\u00e9valuation, sans objectifs comparables ou sur la base d&#8217;appr\u00e9ciations pr\u00e9par\u00e9es pour le licenciement s&#8217;expose \u00e0 une contestation. Les absences pour maladie, le handicap, la maternit\u00e9, l&#8217;exercice d&#8217;un mandat ou le temps partiel ne doivent pas devenir des crit\u00e8res de fait.<\/p>\n<p>La cinqui\u00e8me erreur porte sur l&#8217;information du salari\u00e9. L&#8217;absence de r\u00e9ponse \u00e0 la demande de crit\u00e8res ou une r\u00e9ponse vague ne rend pas automatiquement le licenciement sans cause r\u00e9elle et s\u00e9rieuse, mais elle peut ouvrir droit \u00e0 r\u00e9paration si elle cause un pr\u00e9judice.<\/p>\n<h2>Que faut-il prouver devant le conseil de prud&#8217;hommes ?<\/h2>\n<p>Le salari\u00e9 doit montrer que l&#8217;employeur a commis une erreur dans la d\u00e9termination ou l&#8217;application des crit\u00e8res. Il ne suffit pas d&#8217;affirmer que le licenciement est injuste. Il faut construire une comparaison.<\/p>\n<p>Les pi\u00e8ces utiles sont les suivantes :<\/p>\n<ul>\n<li>contrat de travail, avenants, fiches de poste et organigrammes ;<\/li>\n<li>bulletins de paie indiquant l&#8217;anciennet\u00e9, la classification et les fonctions ;<\/li>\n<li>lettre de licenciement et documents relatifs au CSP ;<\/li>\n<li>courrier demandant les crit\u00e8res d&#8217;ordre et r\u00e9ponse de l&#8217;employeur ;<\/li>\n<li>grille de points si elle a \u00e9t\u00e9 communiqu\u00e9e ;<\/li>\n<li>comptes rendus d&#8217;entretiens annuels ;<\/li>\n<li>objectifs commerciaux ou techniques ;<\/li>\n<li>\u00e9l\u00e9ments sur les charges de famille ;<\/li>\n<li>justificatif de qualit\u00e9 de parent isol\u00e9, handicap, \u00e2ge, reconnaissance RQTH ou difficult\u00e9s particuli\u00e8res de reclassement ;<\/li>\n<li>\u00e9changes <a href=\"https:\/\/kohenavocats.com\/avocats-droit-social-paris\/avocats-cse-elections-professionnelles-paris\/\" target=\"_blank\" title=\"CSE\">CSE<\/a> lorsque le salari\u00e9 y a acc\u00e8s ;<\/li>\n<li>offres de reclassement, liste des postes disponibles et crit\u00e8res de d\u00e9partage lorsqu&#8217;il y a plusieurs candidats.<\/li>\n<\/ul>\n<p>La d\u00e9cision de la Cour de cassation du 8 janvier 2025, publi\u00e9e au Bulletin, est utile sur ce dernier point. Elle juge que l&#8217;employeur doit indiquer dans la liste des postes disponibles les crit\u00e8res de d\u00e9partage arr\u00eat\u00e9s en cas de candidatures multiples pour un m\u00eame poste. \u00c0 d\u00e9faut, l&#8217;offre de reclassement est impr\u00e9cise et le licenciement peut \u00eatre priv\u00e9 de cause r\u00e9elle et s\u00e9rieuse.<\/p>\n<p>Il faut donc distinguer deux contentieux :<\/p>\n<ul>\n<li>les crit\u00e8res d&#8217;ordre, qui d\u00e9signent le salari\u00e9 licenci\u00e9 ;<\/li>\n<li>les crit\u00e8res de d\u00e9partage des candidatures au reclassement, qui d\u00e9signent le salari\u00e9 retenu sur un poste disponible.<\/li>\n<\/ul>\n<p>Les deux peuvent se cumuler dans le m\u00eame dossier.<\/p>\n<h2>Quelle indemnisation peut \u00eatre obtenue ?<\/h2>\n<p>Le non-respect des crit\u00e8res d&#8217;ordre n&#8217;entra\u00eene pas n\u00e9cessairement l&#8217;annulation du licenciement. Il ouvre en principe droit \u00e0 des dommages-int\u00e9r\u00eats correspondant au pr\u00e9judice subi. Ce pr\u00e9judice peut \u00eatre important si le salari\u00e9 d\u00e9montre qu&#8217;une application correcte des crit\u00e8res aurait probablement conduit \u00e0 conserver son emploi.<\/p>\n<p>Le juge peut indemniser :<\/p>\n<ul>\n<li>la perte de chance de ne pas \u00eatre licenci\u00e9 ;<\/li>\n<li>la d\u00e9loyaut\u00e9 dans la s\u00e9lection ;<\/li>\n<li>l&#8217;absence d&#8217;information utile sur les crit\u00e8res ;<\/li>\n<li>une discrimination si la grille a en r\u00e9alit\u00e9 p\u00e9nalis\u00e9 l&#8217;\u00e2ge, le handicap, le temps partiel, la sant\u00e9, la maternit\u00e9 ou un mandat.<\/li>\n<\/ul>\n<p>Lorsque l&#8217;erreur sur les crit\u00e8res r\u00e9v\u00e8le aussi une atteinte discriminatoire, le dossier change de nature. Une discrimination peut conduire \u00e0 des demandes plus fortes, notamment en nullit\u00e9 ou en r\u00e9paration int\u00e9grale selon les faits. Il faut alors isoler les \u00e9l\u00e9ments de comparaison et les indices objectifs : salari\u00e9s conserv\u00e9s, absences neutralis\u00e9es ou non, crit\u00e8res d&#8217;\u00e9valuation utilis\u00e9s, notations anormales, \u00e9volution r\u00e9cente des appr\u00e9ciations.<\/p>\n<h2>Le cas du contrat de s\u00e9curisation professionnelle<\/h2>\n<p>L&#8217;acceptation du contrat de s\u00e9curisation professionnelle ne ferme pas la discussion. Le salari\u00e9 peut contester la rupture et la mise en oeuvre des crit\u00e8res d&#8217;ordre. Il faut toutefois surveiller le d\u00e9lai de douze mois applicable \u00e0 la contestation de la rupture pour motif \u00e9conomique, pr\u00e9vu par l&#8217;article L. 1235-7 du code du travail lorsque le d\u00e9lai est mentionn\u00e9 dans la proposition de CSP.<\/p>\n<p>Dans les dossiers CSP, les salari\u00e9s se concentrent souvent sur la rapidit\u00e9 de la transition. C&#8217;est compr\u00e9hensible. Mais il faut conserver les pi\u00e8ces d\u00e8s la remise de la documentation : proposition de CSP, bulletin d&#8217;acceptation, courrier d&#8217;information, lettre \u00e9non\u00e7ant le motif \u00e9conomique, demande des crit\u00e8res, r\u00e9ponse de l&#8217;employeur.<\/p>\n<p>Une contestation bien construite ne se limite pas \u00e0 dire que le salari\u00e9 aurait d\u00fb \u00eatre gard\u00e9. Elle reconstruit la grille que l&#8217;employeur aurait d\u00fb appliquer.<\/p>\n<h2>M\u00e9thode de contestation en six \u00e9tapes<\/h2>\n<p>Premi\u00e8re \u00e9tape : identifier la cat\u00e9gorie professionnelle. Il faut comparer les fonctions r\u00e9elles, pas seulement l&#8217;intitul\u00e9 du poste.<\/p>\n<p>Deuxi\u00e8me \u00e9tape : v\u00e9rifier si un accord collectif fixe les crit\u00e8res ou le p\u00e9rim\u00e8tre. S&#8217;il existe, il s&#8217;impose \u00e0 l&#8217;employeur.<\/p>\n<p>Troisi\u00e8me \u00e9tape : demander par \u00e9crit les crit\u00e8res dans les dix jours du d\u00e9part effectif.<\/p>\n<p>Quatri\u00e8me \u00e9tape : r\u00e9cup\u00e9rer les preuves personnelles : anciennet\u00e9, enfants \u00e0 charge, parent isol\u00e9, handicap, \u00e2ge, difficult\u00e9s de reclassement, \u00e9valuations, objectifs.<\/p>\n<p>Cinqui\u00e8me \u00e9tape : comparer la situation avec celle des salari\u00e9s conserv\u00e9s dans la m\u00eame cat\u00e9gorie professionnelle.<\/p>\n<p>Sixi\u00e8me \u00e9tape : chiffrer le pr\u00e9judice. Il faut expliquer pourquoi le salari\u00e9 aurait eu une chance s\u00e9rieuse de rester si les crit\u00e8res avaient \u00e9t\u00e9 correctement appliqu\u00e9s.<\/p>\n<h2>Les points \u00e0 v\u00e9rifier avant de saisir le conseil de prud&#8217;hommes<\/h2>\n<p>Avant d&#8217;assigner, le dossier doit r\u00e9pondre \u00e0 quatre questions.<\/p>\n<p>L&#8217;employeur avait-il r\u00e9ellement un choix \u00e0 faire ? Si tous les postes de la cat\u00e9gorie \u00e9taient supprim\u00e9s, le contentieux des crit\u00e8res d&#8217;ordre sera plus faible.<\/p>\n<p>La cat\u00e9gorie professionnelle est-elle trop \u00e9troite ? Si elle isole artificiellement le salari\u00e9, l&#8217;angle est fort.<\/p>\n<p>La grille donne-t-elle un avantage excessif aux qualit\u00e9s professionnelles ? Ce n&#8217;est pas interdit, mais l&#8217;employeur doit avoir tenu compte de tous les crit\u00e8res l\u00e9gaux.<\/p>\n<p>Les qualit\u00e9s professionnelles reposent-elles sur des \u00e9l\u00e9ments objectifs ? Une notation construite apr\u00e8s coup ou contredite par les \u00e9valuations ant\u00e9rieures est contestable.<\/p>\n<p>Dans un dossier solide, la demande ne se limite pas aux crit\u00e8res d&#8217;ordre. Elle peut \u00eatre articul\u00e9e avec la contestation du motif \u00e9conomique, le d\u00e9faut de reclassement, l&#8217;insuffisance de motivation de la lettre, la priorit\u00e9 de r\u00e9embauche, ou une discrimination.<\/p>\n<h2>Comment lire une grille de points ?<\/h2>\n<p>La grille de points est la pi\u00e8ce centrale. Il faut la lire comme un tableau de s\u00e9lection, pas comme une simple formalit\u00e9 administrative. Une grille s\u00e9rieuse doit permettre de comprendre pourquoi un salari\u00e9 a \u00e9t\u00e9 moins prot\u00e9g\u00e9 qu&#8217;un autre. Elle doit indiquer les crit\u00e8res, les sous-crit\u00e8res, les points attribu\u00e9s et, surtout, les \u00e9l\u00e9ments factuels qui justifient ces points.<\/p>\n<p>Le premier r\u00e9flexe consiste \u00e0 additionner les points. Cela ne suffit pas. Il faut v\u00e9rifier ce que chaque point repr\u00e9sente. Un salari\u00e9 peut perdre le dossier sur un seul sous-crit\u00e8re mal construit : polyvalence, performance, disponibilit\u00e9, mobilit\u00e9, ma\u00eetrise d&#8217;un logiciel, absence suppos\u00e9e de potentiel, comportement commercial. Ces rubriques paraissent neutres. Elles peuvent devenir arbitraires si l&#8217;employeur ne prouve pas leur lien avec les fonctions maintenues.<\/p>\n<p>La grille doit aussi \u00eatre coh\u00e9rente avec les \u00e9valuations ant\u00e9rieures. Un salari\u00e9 \u00e9valu\u00e9 positivement pendant plusieurs ann\u00e9es ne peut pas devenir soudainement le moins performant sans explication. Une baisse de note juste avant la restructuration doit \u00eatre rapproch\u00e9e des mails de f\u00e9licitations, des objectifs atteints, des primes per\u00e7ues, des comptes rendus d&#8217;entretien annuel et des \u00e9ventuelles formations confi\u00e9es.<\/p>\n<p>Il faut ensuite v\u00e9rifier la pond\u00e9ration. L&#8217;employeur peut privil\u00e9gier un crit\u00e8re, mais il ne peut pas \u00e9craser tous les autres. Une grille qui donne 80 points aux qualit\u00e9s professionnelles et 5 points aux charges de famille peut \u00eatre discut\u00e9e si elle aboutit \u00e0 neutraliser l&#8217;anciennet\u00e9, la parentalit\u00e9 isol\u00e9e ou la situation de handicap. Le d\u00e9bat n&#8217;est pas math\u00e9matique seulement. Il porte sur l&#8217;\u00e9quilibre de la m\u00e9thode.<\/p>\n<p>Enfin, il faut rechercher les salari\u00e9s comparables. La question n&#8217;est pas : &#8220;suis-je un bon salari\u00e9 ?&#8221; La question est : &#8220;dans la cat\u00e9gorie professionnelle retenue, pourquoi ai-je eu moins de points que les salari\u00e9s conserv\u00e9s ?&#8221; Sans comparatif, la contestation reste abstraite.<\/p>\n<h2>Exemples de situations contestables<\/h2>\n<p>Premier exemple : une entreprise supprime deux postes de commerciaux grands comptes. Elle conserve un salari\u00e9 plus r\u00e9cent et licencie un salari\u00e9 plus ancien, parent isol\u00e9, au motif que le salari\u00e9 conserv\u00e9 aurait une meilleure ma\u00eetrise d&#8217;un logiciel interne. Si ce logiciel s&#8217;apprend rapidement et que les deux salari\u00e9s exercent les m\u00eames missions commerciales, la pond\u00e9ration des qualit\u00e9s professionnelles peut \u00eatre contest\u00e9e.<\/p>\n<p>Deuxi\u00e8me exemple : une soci\u00e9t\u00e9 retient une cat\u00e9gorie limit\u00e9e aux &#8220;assistants ADV export&#8221;, alors que les assistants ADV France et export utilisent les m\u00eames outils, suivent les m\u00eames clients et peuvent \u00eatre affect\u00e9s aux m\u00eames t\u00e2ches apr\u00e8s une courte adaptation. La cat\u00e9gorie peut avoir \u00e9t\u00e9 d\u00e9coup\u00e9e trop finement.<\/p>\n<p>Troisi\u00e8me exemple : l&#8217;employeur attribue une mauvaise note de performance \u00e0 un salari\u00e9 en arr\u00eat maladie, en invoquant une moindre pr\u00e9sence sur l&#8217;ann\u00e9e. Le risque discriminatoire est \u00e9vident. Les absences li\u00e9es \u00e0 l&#8217;\u00e9tat de sant\u00e9 ne peuvent pas servir indirectement \u00e0 d\u00e9signer le salari\u00e9 licenci\u00e9.<\/p>\n<p>Quatri\u00e8me exemple : la grille ne tient pas compte de la reconnaissance de travailleur handicap\u00e9 ou de l&#8217;\u00e2ge du salari\u00e9, alors que le texte impose de prendre en compte les situations rendant la r\u00e9insertion professionnelle particuli\u00e8rement difficile. L&#8217;omission peut justifier une demande indemnitaire.<\/p>\n<p>Cinqui\u00e8me exemple : l&#8217;employeur affirme que tous les postes d&#8217;une cat\u00e9gorie sont supprim\u00e9s, mais l&#8217;organigramme post\u00e9rieur montre qu&#8217;un poste comparable est maintenu sous un autre intitul\u00e9. Le salari\u00e9 peut alors discuter \u00e0 la fois le motif \u00e9conomique, la cat\u00e9gorie professionnelle et l&#8217;ordre des licenciements.<\/p>\n<h2>Licenciement \u00e9conomique individuel : les crit\u00e8res peuvent aussi compter<\/h2>\n<p>Beaucoup de salari\u00e9s pensent que les crit\u00e8res d&#8217;ordre ne concernent que les plans de licenciement collectif. C&#8217;est inexact. M\u00eame en pr\u00e9sence d&#8217;un licenciement \u00e9conomique individuel, l&#8217;employeur peut devoir appliquer les crit\u00e8res s&#8217;il doit choisir entre plusieurs salari\u00e9s appartenant \u00e0 la m\u00eame cat\u00e9gorie professionnelle. Le nombre de lettres de licenciement ne r\u00e8gle pas tout.<\/p>\n<p>Le raisonnement est le suivant : si un seul poste est supprim\u00e9 dans une cat\u00e9gorie qui compte plusieurs salari\u00e9s comparables, l&#8217;employeur d\u00e9signe un salari\u00e9. Cette d\u00e9signation doit \u00eatre contr\u00f4l\u00e9e. Si, au contraire, l&#8217;emploi supprim\u00e9 est unique et sans salari\u00e9 comparable, les crit\u00e8res d&#8217;ordre ne joueront pas de la m\u00eame mani\u00e8re.<\/p>\n<p>Cette distinction est essentielle dans les petites entreprises et les fonctions support. Un employeur peut pr\u00e9senter le licenciement comme individuel, alors qu&#8217;il a en r\u00e9alit\u00e9 choisi entre plusieurs assistants, vendeurs, techniciens, responsables de secteur ou charg\u00e9s de client\u00e8le.<\/p>\n<p>Le salari\u00e9 doit donc reconstituer l&#8217;\u00e9quipe r\u00e9elle au moment de la rupture : qui faisait quoi, avec quelle anciennet\u00e9, quelle classification, quels objectifs, quelles comp\u00e9tences communes, quelles possibilit\u00e9s d&#8217;adaptation ?<\/p>\n<h2>Articulation avec la priorit\u00e9 de r\u00e9embauche<\/h2>\n<p>Apr\u00e8s un licenciement \u00e9conomique, le salari\u00e9 b\u00e9n\u00e9ficie d&#8217;une priorit\u00e9 de r\u00e9embauche s&#8217;il en fait la demande dans les conditions l\u00e9gales. Ce sujet est distinct des crit\u00e8res d&#8217;ordre, mais il compl\u00e8te la strat\u00e9gie.<\/p>\n<p>Si l&#8217;employeur a mal choisi le salari\u00e9 licenci\u00e9, puis recrute rapidement sur un poste comparable sans respecter la priorit\u00e9 de r\u00e9embauche, le dossier se renforce. Il faut donc surveiller les offres publi\u00e9es par l&#8217;entreprise, les annonces LinkedIn, les fiches de poste, les recrutements internes et les changements d&#8217;intitul\u00e9s.<\/p>\n<p>La priorit\u00e9 de r\u00e9embauche permet aussi de montrer que les besoins \u00e9conomiques ont \u00e9t\u00e9 pr\u00e9sent\u00e9s de mani\u00e8re trop g\u00e9n\u00e9rale. Une entreprise qui supprime un poste puis recrute sur des fonctions proches quelques semaines plus tard devra expliquer la diff\u00e9rence entre les deux postes.<\/p>\n<h2>Comment chiffrer le pr\u00e9judice ?<\/h2>\n<p>Le chiffrage d\u00e9pend de la probabilit\u00e9 que le salari\u00e9 aurait conserv\u00e9 son emploi si les crit\u00e8res avaient \u00e9t\u00e9 correctement appliqu\u00e9s. Plus l&#8217;erreur est nette, plus la perte de chance est forte.<\/p>\n<p>Il faut r\u00e9unir les \u00e9l\u00e9ments suivants :<\/p>\n<ul>\n<li>r\u00e9mun\u00e9ration mensuelle brute ;<\/li>\n<li>anciennet\u00e9 ;<\/li>\n<li>dur\u00e9e de ch\u00f4mage ou d\u00e9lai de retour \u00e0 l&#8217;emploi ;<\/li>\n<li>diff\u00e9rence entre ancien salaire et nouvel emploi ;<\/li>\n<li>\u00e2ge et difficult\u00e9s de reclassement ;<\/li>\n<li>\u00e9l\u00e9ments montrant que le salari\u00e9 aurait obtenu une meilleure note avec une grille r\u00e9guli\u00e8re ;<\/li>\n<li>situation familiale et financi\u00e8re apr\u00e8s la rupture.<\/li>\n<\/ul>\n<p>Le pr\u00e9judice n&#8217;est pas seulement moral. Il peut \u00eatre \u00e9conomique : perte de r\u00e9mun\u00e9ration, rupture de carri\u00e8re, perte de chance de b\u00e9n\u00e9ficier d&#8217;un reclassement interne, d\u00e9classement professionnel. Le dossier doit expliquer concr\u00e8tement ce qui s&#8217;est pass\u00e9 apr\u00e8s le licenciement.<\/p>\n<p>Dans un contentieux prud&#8217;homal, la demande peut \u00eatre pr\u00e9sent\u00e9e avec un montant principal et, si le motif \u00e9conomique ou le reclassement sont \u00e9galement contest\u00e9s, avec des demandes distinctes. Il faut \u00e9viter de m\u00e9langer tous les pr\u00e9judices dans une somme globale. Une demande claire aide le juge \u00e0 comprendre ce qui rel\u00e8ve de l&#8217;ordre des licenciements et ce qui rel\u00e8ve du licenciement lui-m\u00eame.<\/p>\n<h2>Ce que l&#8217;employeur r\u00e9pond souvent<\/h2>\n<p>L&#8217;employeur soutient souvent que le juge ne peut pas contr\u00f4ler les qualit\u00e9s professionnelles. C&#8217;est trop large. Le juge ne se substitue pas \u00e0 l&#8217;employeur, mais il contr\u00f4le les \u00e9l\u00e9ments objectifs qui ont servi \u00e0 la notation. Si la note repose sur des crit\u00e8res impr\u00e9cis, contradictoires ou discriminatoires, elle peut \u00eatre discut\u00e9e.<\/p>\n<p>L&#8217;employeur r\u00e9pond aussi que le salari\u00e9 dont le poste est supprim\u00e9 devait n\u00e9cessairement partir. C&#8217;est \u00e9galement trop rapide. Les crit\u00e8res d&#8217;ordre s&#8217;appliquent par cat\u00e9gorie professionnelle. Le titulaire du poste supprim\u00e9 n&#8217;est pas automatiquement le salari\u00e9 licenci\u00e9 lorsque d&#8217;autres salari\u00e9s comparables existent.<\/p>\n<p>Autre r\u00e9ponse fr\u00e9quente : l&#8217;accord collectif ou le document unilat\u00e9ral aurait fix\u00e9 les r\u00e8gles. Il faut alors lire le texte. Un accord peut organiser les crit\u00e8res, mais il ne permet pas toutes les neutralisations. Il faut v\u00e9rifier la cat\u00e9gorie, le p\u00e9rim\u00e8tre, les crit\u00e8res obligatoires, la pond\u00e9ration et l&#8217;application r\u00e9elle au salari\u00e9.<\/p>\n<p>Enfin, l&#8217;employeur peut soutenir que l&#8217;irr\u00e9gularit\u00e9 n&#8217;a caus\u00e9 aucun pr\u00e9judice. C&#8217;est pourquoi le salari\u00e9 doit montrer l&#8217;effet concret de l&#8217;erreur : avec les bons points, il n&#8217;aurait pas \u00e9t\u00e9 dernier de la cat\u00e9gorie, ou il aurait au moins eu une chance s\u00e9rieuse d&#8217;\u00eatre conserv\u00e9.<\/p>\n<h2>Quand faut-il consulter un avocat ?<\/h2>\n<p>Il faut consulter rapidement dans trois situations.<\/p>\n<p>La premi\u00e8re : l&#8217;employeur refuse ou tarde \u00e0 communiquer les crit\u00e8res. Le d\u00e9lai de dix jours est court, et une r\u00e9ponse vague doit \u00eatre exploit\u00e9e.<\/p>\n<p>La deuxi\u00e8me : le salari\u00e9 identifie un coll\u00e8gue comparable conserv\u00e9 malgr\u00e9 une anciennet\u00e9 plus faible, moins de charges de famille ou des \u00e9valuations similaires. C&#8217;est le point de d\u00e9part d&#8217;une comparaison utile.<\/p>\n<p>La troisi\u00e8me : la grille semble p\u00e9naliser la sant\u00e9, le handicap, l&#8217;\u00e2ge, un temps partiel, une maternit\u00e9, un cong\u00e9 parental ou une absence prot\u00e9g\u00e9e. L&#8217;enjeu peut d\u00e9passer la simple irr\u00e9gularit\u00e9 des crit\u00e8res.<\/p>\n<p>L&#8217;avocat ne doit pas seulement \u00e9crire une contestation g\u00e9n\u00e9rale du licenciement \u00e9conomique. Il doit demander les pi\u00e8ces, identifier les salari\u00e9s comparables, v\u00e9rifier la cat\u00e9gorie professionnelle, isoler les crit\u00e8res d\u00e9faillants, puis relier cette erreur au pr\u00e9judice.<\/p>\n<p>Pour les salari\u00e9s de Paris et d&#8217;\u00cele-de-France, une d\u00e9clinaison locale est disponible ici : <a href=\"https:\/\/kohenavocats.fr\/2026\/04\/24\/ordre-licenciement-economique-paris-ile-de-france-prudhommes-pieces-delais\/\">crit\u00e8res d&#8217;ordre du licenciement \u00e9conomique \u00e0 Paris et en \u00cele-de-France<\/a>.<\/p>\n<h2>Sources utiles<\/h2>\n<ul>\n<li><a href=\"https:\/\/www.legifrance.gouv.fr\/loda\/article_lc\/LEGIARTI000036261856\/2020-12-17\">Article L. 1233-5 du code du travail<\/a><\/li>\n<li><a href=\"https:\/\/www.legifrance.gouv.fr\/codes\/article_lc\/LEGIARTI000006901029\">Article L. 1233-17 du code du travail<\/a><\/li>\n<li><a href=\"https:\/\/www.legifrance.gouv.fr\/codes\/article_lc\/LEGIARTI000018537694\">Article R. 1233-1 du code du travail<\/a><\/li>\n<li><a href=\"https:\/\/www.courdecassation.fr\/decision\/6819a1f4ea7b3f881e0af493\">Cass. soc., 6 mai 2025, n\u00b0 24-10.869<\/a><\/li>\n<li><a href=\"https:\/\/www.courdecassation.fr\/decision\/677e29a27273c3590cec110d\">Cass. soc., 8 janvier 2025, n\u00b0 22-24.724, publi\u00e9 au Bulletin<\/a><\/li>\n<li><a href=\"https:\/\/www.courdecassation.fr\/decision\/6970d915cdc6046d471dd181\">CA Bordeaux, 20 janvier 2026, n\u00b0 23\/02507<\/a><\/li>\n<\/ul>\n<p>Ajouter un lien vers l&#8217;article de calcul quand l&#8217;article traite des cons\u00e9quences financi\u00e8res du licenciement \u00e9conomique. <a href=\"https:\/\/kohenavocats.com\/indemnite-licenciement-economique-calcul-preavis-csp-solde-tout-compte\/\">indemnit\u00e9 de licenciement \u00e9conomique<\/a>.<\/p>\n<h2>Besoin d&#8217;un avis rapide sur votre dossier<\/h2>\n<p>Vous pouvez demander une consultation t\u00e9l\u00e9phonique sous 48 heures avec un avocat du cabinet.<\/p>\n<p>Nous v\u00e9rifions la proc\u00e9dure, les crit\u00e8res d&#8217;ordre, les d\u00e9lais de contestation et les pi\u00e8ces utiles avant toute saisine prud&#8217;homale.<\/p>\n<p>Appelez le cabinet au <a href=\"tel:+33689113445\">06 89 11 34 45<\/a> ou utilisez notre <a href=\"https:\/\/kohenavocats.com\/contactez-nous\/\">formulaire de contact<\/a>.<\/p>\n","protected":false},"excerpt":{"rendered":"<p>Comment demander, v\u00e9rifier et contester les crit\u00e8res d&#8217;ordre du licenciement \u00e9conomique : cat\u00e9gorie professionnelle, points, preuves et indemnisation.<\/p>\n","protected":false},"author":232070755,"featured_media":9569,"comment_status":"open","ping_status":"open","sticky":false,"template":"","format":"standard","meta":{"_crdt_document":"","_jetpack_newsletter_access":"","_jetpack_dont_email_post_to_subs":false,"_jetpack_newsletter_tier_id":0,"_jetpack_memberships_contains_paywalled_content":false,"_kj_source_type":"","_kj_official_id":"","_kj_official_url":"","_kj_judilibre_id":"","_kj_jur":"","_kj_lieu":"","_kj_chambre":"","_kj_rg":"","_kj_date":"","_jetpack_memberships_contains_paid_content":false,"footnotes":"","jetpack_post_was_ever_published":false},"categories":[7096,6995,7123,6580,6718,6992],"tags":[],"class_list":["post-671184","post","type-post","status-publish","format-standard","has-post-thumbnail","hentry","category-code-des-assurances","category-decryptage","category-droit-du-travail","category-droit-social","category-social","category-travail"],"yoast_head":"<!-- This site is optimized with the Yoast SEO Premium plugin v27.5 (Yoast SEO v27.5) - https:\/\/yoast.com\/product\/yoast-seo-premium-wordpress\/ -->\n<title>Crit\u00e8res d&#039;ordre du licenciement \u00e9conomique : comment contester le choix du salari\u00e9 licenci\u00e9 ? - Ma\u00eetre Hassan Kohen, avocat en droit p\u00e9nal \u00e0 Paris<\/title>\n<meta name=\"robots\" content=\"index, follow, max-snippet:-1, max-image-preview:large, max-video-preview:-1\" \/>\n<link rel=\"canonical\" href=\"https:\/\/kohenavocats.com\/tr\/criteres-ordre-licenciement-economique-contester-points-preuves\/\" \/>\n<meta property=\"og:locale\" content=\"tr_TR\" \/>\n<meta property=\"og:type\" content=\"article\" \/>\n<meta property=\"og:title\" content=\"Crit\u00e8res d&#039;ordre du licenciement \u00e9conomique : comment contester le choix du salari\u00e9 licenci\u00e9 ?\" \/>\n<meta property=\"og:description\" content=\"Comment demander, v\u00e9rifier et contester les crit\u00e8res d&#039;ordre du licenciement \u00e9conomique : cat\u00e9gorie professionnelle, points, preuves et indemnisation.\" \/>\n<meta property=\"og:url\" content=\"https:\/\/kohenavocats.com\/tr\/criteres-ordre-licenciement-economique-contester-points-preuves\/\" \/>\n<meta property=\"og:site_name\" content=\"Ma\u00eetre Hassan Kohen, avocat en droit p\u00e9nal \u00e0 Paris\" \/>\n<meta property=\"article:published_time\" content=\"2026-04-24T07:21:49+00:00\" \/>\n<meta property=\"article:modified_time\" content=\"2026-04-26T15:25:40+00:00\" \/>\n<meta property=\"og:image\" content=\"https:\/\/kohenavocats.com\/wp-content\/uploads\/2024\/11\/ave-calvar-34SzSSXv2Qk-unsplash.webp\" \/>\n\t<meta property=\"og:image:width\" content=\"4447\" \/>\n\t<meta property=\"og:image:height\" content=\"6477\" \/>\n\t<meta property=\"og:image:type\" content=\"image\/webp\" \/>\n<meta name=\"author\" content=\"Kohen\" \/>\n<meta name=\"twitter:card\" content=\"summary_large_image\" \/>\n<meta name=\"twitter:label1\" content=\"Yazan:\" \/>\n\t<meta name=\"twitter:data1\" content=\"Kohen\" \/>\n\t<meta name=\"twitter:label2\" content=\"Tahmini okuma s\u00fcresi\" \/>\n\t<meta name=\"twitter:data2\" content=\"20 dakika\" \/>\n<script type=\"application\/ld+json\" class=\"yoast-schema-graph\">{\"@context\":\"https:\\\/\\\/schema.org\",\"@graph\":[{\"@type\":\"Article\",\"@id\":\"https:\\\/\\\/kohenavocats.com\\\/tr\\\/criteres-ordre-licenciement-economique-contester-points-preuves\\\/#article\",\"isPartOf\":{\"@id\":\"https:\\\/\\\/kohenavocats.com\\\/tr\\\/criteres-ordre-licenciement-economique-contester-points-preuves\\\/\"},\"author\":{\"name\":\"Kohen\",\"@id\":\"https:\\\/\\\/kohenavocats.com\\\/tr\\\/#\\\/schema\\\/person\\\/761c9ba54fa1ca84d405cef0831ff751\"},\"headline\":\"Crit\u00e8res d&#8217;ordre du licenciement \u00e9conomique : comment contester le choix du salari\u00e9 licenci\u00e9 ?\",\"datePublished\":\"2026-04-24T07:21:49+00:00\",\"dateModified\":\"2026-04-26T15:25:40+00:00\",\"mainEntityOfPage\":{\"@id\":\"https:\\\/\\\/kohenavocats.com\\\/tr\\\/criteres-ordre-licenciement-economique-contester-points-preuves\\\/\"},\"wordCount\":4299,\"commentCount\":0,\"publisher\":{\"@id\":\"https:\\\/\\\/kohenavocats.com\\\/tr\\\/#organization\"},\"image\":{\"@id\":\"https:\\\/\\\/kohenavocats.com\\\/tr\\\/criteres-ordre-licenciement-economique-contester-points-preuves\\\/#primaryimage\"},\"thumbnailUrl\":\"https:\\\/\\\/kohenavocats.com\\\/wp-content\\\/uploads\\\/2024\\\/11\\\/ave-calvar-34SzSSXv2Qk-unsplash.webp\",\"articleSection\":[\"Code des assurances\",\"D\u00e9cryptage\",\"Droit du travail\",\"Droit Social\",\"Social\",\"Travail\"],\"inLanguage\":\"tr\",\"potentialAction\":[{\"@type\":\"CommentAction\",\"name\":\"Comment\",\"target\":[\"https:\\\/\\\/kohenavocats.com\\\/tr\\\/criteres-ordre-licenciement-economique-contester-points-preuves\\\/#respond\"]}],\"citation\":\"Crit\u00e8res d&#8217;ordre du licenciement \u00e9conomique : comment contester le choix du salari\u00e9 licenci\u00e9 ?\",\"about\":[{\"@type\":\"Thing\",\"name\":\"Code des assurances\"},{\"@type\":\"Thing\",\"name\":\"D\u00e9cryptage\"},{\"@type\":\"Thing\",\"name\":\"Droit du travail\"},{\"@type\":\"Thing\",\"name\":\"Droit Social\"},{\"@type\":\"Thing\",\"name\":\"Social\"},{\"@type\":\"Thing\",\"name\":\"Travail\"}],\"speakable\":{\"@type\":\"SpeakableSpecification\",\"cssSelector\":[\".article-content > p:first-of-type\"]}},{\"@type\":\"WebPage\",\"@id\":\"https:\\\/\\\/kohenavocats.com\\\/tr\\\/criteres-ordre-licenciement-economique-contester-points-preuves\\\/\",\"url\":\"https:\\\/\\\/kohenavocats.com\\\/tr\\\/criteres-ordre-licenciement-economique-contester-points-preuves\\\/\",\"name\":\"Crit\u00e8res d'ordre du licenciement \u00e9conomique : comment contester le choix du salari\u00e9 licenci\u00e9 ? - Ma\u00eetre Hassan Kohen, avocat en droit p\u00e9nal \u00e0 Paris\",\"isPartOf\":{\"@id\":\"https:\\\/\\\/kohenavocats.com\\\/tr\\\/#website\"},\"primaryImageOfPage\":{\"@id\":\"https:\\\/\\\/kohenavocats.com\\\/tr\\\/criteres-ordre-licenciement-economique-contester-points-preuves\\\/#primaryimage\"},\"image\":{\"@id\":\"https:\\\/\\\/kohenavocats.com\\\/tr\\\/criteres-ordre-licenciement-economique-contester-points-preuves\\\/#primaryimage\"},\"thumbnailUrl\":\"https:\\\/\\\/kohenavocats.com\\\/wp-content\\\/uploads\\\/2024\\\/11\\\/ave-calvar-34SzSSXv2Qk-unsplash.webp\",\"datePublished\":\"2026-04-24T07:21:49+00:00\",\"dateModified\":\"2026-04-26T15:25:40+00:00\",\"breadcrumb\":{\"@id\":\"https:\\\/\\\/kohenavocats.com\\\/tr\\\/criteres-ordre-licenciement-economique-contester-points-preuves\\\/#breadcrumb\"},\"inLanguage\":\"tr\",\"potentialAction\":[{\"@type\":\"ReadAction\",\"target\":[\"https:\\\/\\\/kohenavocats.com\\\/tr\\\/criteres-ordre-licenciement-economique-contester-points-preuves\\\/\"]}]},{\"@type\":\"ImageObject\",\"inLanguage\":\"tr\",\"@id\":\"https:\\\/\\\/kohenavocats.com\\\/tr\\\/criteres-ordre-licenciement-economique-contester-points-preuves\\\/#primaryimage\",\"url\":\"https:\\\/\\\/kohenavocats.com\\\/wp-content\\\/uploads\\\/2024\\\/11\\\/ave-calvar-34SzSSXv2Qk-unsplash.webp\",\"contentUrl\":\"https:\\\/\\\/kohenavocats.com\\\/wp-content\\\/uploads\\\/2024\\\/11\\\/ave-calvar-34SzSSXv2Qk-unsplash.webp\",\"width\":4447,\"height\":6477},{\"@type\":\"BreadcrumbList\",\"@id\":\"https:\\\/\\\/kohenavocats.com\\\/tr\\\/criteres-ordre-licenciement-economique-contester-points-preuves\\\/#breadcrumb\",\"itemListElement\":[{\"@type\":\"ListItem\",\"position\":1,\"name\":\"Home\",\"item\":\"https:\\\/\\\/kohenavocats.com\\\/tr\\\/avocats-en-droit-penal-a-paris-conseil-et-defense-strategique\\\/\"},{\"@type\":\"ListItem\",\"position\":2,\"name\":\"Crit\u00e8res d&rsquo;ordre du licenciement \u00e9conomique : comment contester le choix du salari\u00e9 licenci\u00e9 ?\"}]},{\"@type\":\"WebSite\",\"@id\":\"https:\\\/\\\/kohenavocats.com\\\/tr\\\/#website\",\"url\":\"https:\\\/\\\/kohenavocats.com\\\/tr\\\/\",\"name\":\"Kohen Avocats\",\"description\":\"Ma\u00eetre Hassan Kohen, avocat p\u00e9naliste \u00e0 Paris, intervient exclusivement en droit p\u00e9nal pour la d\u00e9fense des particuliers, notamment en mati\u00e8re d\u2019accusations de viol. Il assure un accompagnement rigoureux d\u00e8s la garde \u00e0 vue jusqu\u2019\u00e0 la Cour d\u2019assises, veillant au strict respect des garanties proc\u00e9durales.\",\"publisher\":{\"@id\":\"https:\\\/\\\/kohenavocats.com\\\/tr\\\/#organization\"},\"potentialAction\":[{\"@type\":\"SearchAction\",\"target\":{\"@type\":\"EntryPoint\",\"urlTemplate\":\"https:\\\/\\\/kohenavocats.com\\\/tr\\\/?s={search_term_string}\"},\"query-input\":{\"@type\":\"PropertyValueSpecification\",\"valueRequired\":true,\"valueName\":\"search_term_string\"}}],\"inLanguage\":\"tr\"},{\"@type\":\"Organization\",\"@id\":\"https:\\\/\\\/kohenavocats.com\\\/tr\\\/#organization\",\"name\":\"Kohen Avocats\",\"url\":\"https:\\\/\\\/kohenavocats.com\\\/tr\\\/\",\"logo\":{\"@type\":\"ImageObject\",\"inLanguage\":\"tr\",\"@id\":\"https:\\\/\\\/kohenavocats.com\\\/tr\\\/#\\\/schema\\\/logo\\\/image\\\/\",\"url\":\"https:\\\/\\\/kohenavocats.com\\\/wp-content\\\/uploads\\\/2026\\\/01\\\/Logo-2-1.webp\",\"contentUrl\":\"https:\\\/\\\/kohenavocats.com\\\/wp-content\\\/uploads\\\/2026\\\/01\\\/Logo-2-1.webp\",\"width\":2114,\"height\":1253,\"caption\":\"Kohen Avocats\"},\"image\":{\"@id\":\"https:\\\/\\\/kohenavocats.com\\\/tr\\\/#\\\/schema\\\/logo\\\/image\\\/\"}},{\"@type\":\"Person\",\"@id\":\"https:\\\/\\\/kohenavocats.com\\\/tr\\\/#\\\/schema\\\/person\\\/761c9ba54fa1ca84d405cef0831ff751\",\"name\":\"Kohen\",\"image\":{\"@type\":\"ImageObject\",\"inLanguage\":\"tr\",\"@id\":\"https:\\\/\\\/secure.gravatar.com\\\/avatar\\\/1c5e76ef76bbbfdd2b4da984e2bf2fa4056fd51a27d25ce2c332047f1dfd6e00?s=96&d=identicon&r=g\",\"url\":\"https:\\\/\\\/secure.gravatar.com\\\/avatar\\\/1c5e76ef76bbbfdd2b4da984e2bf2fa4056fd51a27d25ce2c332047f1dfd6e00?s=96&d=identicon&r=g\",\"contentUrl\":\"https:\\\/\\\/secure.gravatar.com\\\/avatar\\\/1c5e76ef76bbbfdd2b4da984e2bf2fa4056fd51a27d25ce2c332047f1dfd6e00?s=96&d=identicon&r=g\",\"caption\":\"Kohen\"},\"sameAs\":[\"https:\\\/\\\/www.linkedin.com\\\/in\\\/hassan-kohen-448548192\\\/\",\"https:\\\/\\\/www.youtube.com\\\/@Kohen-Avocats\"],\"url\":\"https:\\\/\\\/kohenavocats.com\\\/tr\\\/author\\\/kohenmlk\\\/\"}]}<\/script>\n<!-- \/ Yoast SEO Premium plugin. -->","yoast_head_json":{"title":"Crit\u00e8res d'ordre du licenciement \u00e9conomique : comment contester le choix du salari\u00e9 licenci\u00e9 ? - Ma\u00eetre Hassan Kohen, avocat en droit p\u00e9nal \u00e0 Paris","robots":{"index":"index","follow":"follow","max-snippet":"max-snippet:-1","max-image-preview":"max-image-preview:large","max-video-preview":"max-video-preview:-1"},"canonical":"https:\/\/kohenavocats.com\/tr\/criteres-ordre-licenciement-economique-contester-points-preuves\/","og_locale":"tr_TR","og_type":"article","og_title":"Crit\u00e8res d'ordre du licenciement \u00e9conomique : comment contester le choix du salari\u00e9 licenci\u00e9 ?","og_description":"Comment demander, v\u00e9rifier et contester les crit\u00e8res d'ordre du licenciement \u00e9conomique : cat\u00e9gorie professionnelle, points, preuves et indemnisation.","og_url":"https:\/\/kohenavocats.com\/tr\/criteres-ordre-licenciement-economique-contester-points-preuves\/","og_site_name":"Ma\u00eetre Hassan Kohen, avocat en droit p\u00e9nal \u00e0 Paris","article_published_time":"2026-04-24T07:21:49+00:00","article_modified_time":"2026-04-26T15:25:40+00:00","og_image":[{"width":4447,"height":6477,"url":"https:\/\/kohenavocats.com\/wp-content\/uploads\/2024\/11\/ave-calvar-34SzSSXv2Qk-unsplash.webp","type":"image\/webp"}],"author":"Kohen","twitter_card":"summary_large_image","twitter_misc":{"Yazan:":"Kohen","Tahmini okuma s\u00fcresi":"20 dakika"},"schema":{"@context":"https:\/\/schema.org","@graph":[{"@type":"Article","@id":"https:\/\/kohenavocats.com\/tr\/criteres-ordre-licenciement-economique-contester-points-preuves\/#article","isPartOf":{"@id":"https:\/\/kohenavocats.com\/tr\/criteres-ordre-licenciement-economique-contester-points-preuves\/"},"author":{"name":"Kohen","@id":"https:\/\/kohenavocats.com\/tr\/#\/schema\/person\/761c9ba54fa1ca84d405cef0831ff751"},"headline":"Crit\u00e8res d&#8217;ordre du licenciement \u00e9conomique : comment contester le choix du salari\u00e9 licenci\u00e9 ?","datePublished":"2026-04-24T07:21:49+00:00","dateModified":"2026-04-26T15:25:40+00:00","mainEntityOfPage":{"@id":"https:\/\/kohenavocats.com\/tr\/criteres-ordre-licenciement-economique-contester-points-preuves\/"},"wordCount":4299,"commentCount":0,"publisher":{"@id":"https:\/\/kohenavocats.com\/tr\/#organization"},"image":{"@id":"https:\/\/kohenavocats.com\/tr\/criteres-ordre-licenciement-economique-contester-points-preuves\/#primaryimage"},"thumbnailUrl":"https:\/\/kohenavocats.com\/wp-content\/uploads\/2024\/11\/ave-calvar-34SzSSXv2Qk-unsplash.webp","articleSection":["Code des assurances","D\u00e9cryptage","Droit du travail","Droit Social","Social","Travail"],"inLanguage":"tr","potentialAction":[{"@type":"CommentAction","name":"Comment","target":["https:\/\/kohenavocats.com\/tr\/criteres-ordre-licenciement-economique-contester-points-preuves\/#respond"]}],"citation":"Crit\u00e8res d&#8217;ordre du licenciement \u00e9conomique : comment contester le choix du salari\u00e9 licenci\u00e9 ?","about":[{"@type":"Thing","name":"Code des assurances"},{"@type":"Thing","name":"D\u00e9cryptage"},{"@type":"Thing","name":"Droit du travail"},{"@type":"Thing","name":"Droit Social"},{"@type":"Thing","name":"Social"},{"@type":"Thing","name":"Travail"}],"speakable":{"@type":"SpeakableSpecification","cssSelector":[".article-content > p:first-of-type"]}},{"@type":"WebPage","@id":"https:\/\/kohenavocats.com\/tr\/criteres-ordre-licenciement-economique-contester-points-preuves\/","url":"https:\/\/kohenavocats.com\/tr\/criteres-ordre-licenciement-economique-contester-points-preuves\/","name":"Crit\u00e8res d'ordre du licenciement \u00e9conomique : comment contester le choix du salari\u00e9 licenci\u00e9 ? - Ma\u00eetre Hassan Kohen, avocat en droit p\u00e9nal \u00e0 Paris","isPartOf":{"@id":"https:\/\/kohenavocats.com\/tr\/#website"},"primaryImageOfPage":{"@id":"https:\/\/kohenavocats.com\/tr\/criteres-ordre-licenciement-economique-contester-points-preuves\/#primaryimage"},"image":{"@id":"https:\/\/kohenavocats.com\/tr\/criteres-ordre-licenciement-economique-contester-points-preuves\/#primaryimage"},"thumbnailUrl":"https:\/\/kohenavocats.com\/wp-content\/uploads\/2024\/11\/ave-calvar-34SzSSXv2Qk-unsplash.webp","datePublished":"2026-04-24T07:21:49+00:00","dateModified":"2026-04-26T15:25:40+00:00","breadcrumb":{"@id":"https:\/\/kohenavocats.com\/tr\/criteres-ordre-licenciement-economique-contester-points-preuves\/#breadcrumb"},"inLanguage":"tr","potentialAction":[{"@type":"ReadAction","target":["https:\/\/kohenavocats.com\/tr\/criteres-ordre-licenciement-economique-contester-points-preuves\/"]}]},{"@type":"ImageObject","inLanguage":"tr","@id":"https:\/\/kohenavocats.com\/tr\/criteres-ordre-licenciement-economique-contester-points-preuves\/#primaryimage","url":"https:\/\/kohenavocats.com\/wp-content\/uploads\/2024\/11\/ave-calvar-34SzSSXv2Qk-unsplash.webp","contentUrl":"https:\/\/kohenavocats.com\/wp-content\/uploads\/2024\/11\/ave-calvar-34SzSSXv2Qk-unsplash.webp","width":4447,"height":6477},{"@type":"BreadcrumbList","@id":"https:\/\/kohenavocats.com\/tr\/criteres-ordre-licenciement-economique-contester-points-preuves\/#breadcrumb","itemListElement":[{"@type":"ListItem","position":1,"name":"Home","item":"https:\/\/kohenavocats.com\/tr\/avocats-en-droit-penal-a-paris-conseil-et-defense-strategique\/"},{"@type":"ListItem","position":2,"name":"Crit\u00e8res d&rsquo;ordre du licenciement \u00e9conomique : comment contester le choix du salari\u00e9 licenci\u00e9 ?"}]},{"@type":"WebSite","@id":"https:\/\/kohenavocats.com\/tr\/#website","url":"https:\/\/kohenavocats.com\/tr\/","name":"Kohen Avocats","description":"Ma\u00eetre Hassan Kohen, avocat p\u00e9naliste \u00e0 Paris, intervient exclusivement en droit p\u00e9nal pour la d\u00e9fense des particuliers, notamment en mati\u00e8re d\u2019accusations de viol. Il assure un accompagnement rigoureux d\u00e8s la garde \u00e0 vue jusqu\u2019\u00e0 la Cour d\u2019assises, veillant au strict respect des garanties proc\u00e9durales.","publisher":{"@id":"https:\/\/kohenavocats.com\/tr\/#organization"},"potentialAction":[{"@type":"SearchAction","target":{"@type":"EntryPoint","urlTemplate":"https:\/\/kohenavocats.com\/tr\/?s={search_term_string}"},"query-input":{"@type":"PropertyValueSpecification","valueRequired":true,"valueName":"search_term_string"}}],"inLanguage":"tr"},{"@type":"Organization","@id":"https:\/\/kohenavocats.com\/tr\/#organization","name":"Kohen Avocats","url":"https:\/\/kohenavocats.com\/tr\/","logo":{"@type":"ImageObject","inLanguage":"tr","@id":"https:\/\/kohenavocats.com\/tr\/#\/schema\/logo\/image\/","url":"https:\/\/kohenavocats.com\/wp-content\/uploads\/2026\/01\/Logo-2-1.webp","contentUrl":"https:\/\/kohenavocats.com\/wp-content\/uploads\/2026\/01\/Logo-2-1.webp","width":2114,"height":1253,"caption":"Kohen Avocats"},"image":{"@id":"https:\/\/kohenavocats.com\/tr\/#\/schema\/logo\/image\/"}},{"@type":"Person","@id":"https:\/\/kohenavocats.com\/tr\/#\/schema\/person\/761c9ba54fa1ca84d405cef0831ff751","name":"Kohen","image":{"@type":"ImageObject","inLanguage":"tr","@id":"https:\/\/secure.gravatar.com\/avatar\/1c5e76ef76bbbfdd2b4da984e2bf2fa4056fd51a27d25ce2c332047f1dfd6e00?s=96&d=identicon&r=g","url":"https:\/\/secure.gravatar.com\/avatar\/1c5e76ef76bbbfdd2b4da984e2bf2fa4056fd51a27d25ce2c332047f1dfd6e00?s=96&d=identicon&r=g","contentUrl":"https:\/\/secure.gravatar.com\/avatar\/1c5e76ef76bbbfdd2b4da984e2bf2fa4056fd51a27d25ce2c332047f1dfd6e00?s=96&d=identicon&r=g","caption":"Kohen"},"sameAs":["https:\/\/www.linkedin.com\/in\/hassan-kohen-448548192\/","https:\/\/www.youtube.com\/@Kohen-Avocats"],"url":"https:\/\/kohenavocats.com\/tr\/author\/kohenmlk\/"}]}},"jetpack_featured_media_url":"https:\/\/kohenavocats.com\/wp-content\/uploads\/2024\/11\/ave-calvar-34SzSSXv2Qk-unsplash.webp","jetpack_likes_enabled":false,"jetpack_shortlink":"https:\/\/wp.me\/peCrII-2OBy","jetpack-related-posts":[{"id":429535,"url":"https:\/\/kohenavocats.com\/tr\/cour-dappel-de-angers-le-14-juin-2011-n10-01533\/","url_meta":{"origin":671184,"position":0},"title":"Cour d&#8217;appel de Angers, le 14 juin 2011, n\u00b010\/01533","author":"Kohen","date":"24 Mart 2026","format":false,"excerpt":"La Cour d\u2019appel d\u2019Angers, dans un arr\u00eat du 14 juin 2011, a statu\u00e9 sur un litige relatif \u00e0 un licenciement pour motif \u00e9conomique survenu dans le cadre d\u2019une proc\u00e9dure collective. Un salari\u00e9, engag\u00e9 en 1998 en qualit\u00e9 de fraiseur, avait \u00e9t\u00e9 licenci\u00e9 le 20 mars 2009 par une soci\u00e9t\u00e9 en\u2026","rel":"","context":"&quot;Cour d'appel&quot; i\u00e7inde","block_context":{"text":"Cour d'appel","link":"https:\/\/kohenavocats.com\/category\/cour-dappel\/"},"img":{"alt_text":"","src":"https:\/\/i0.wp.com\/kohenavocats.com\/wp-content\/uploads\/2024\/11\/george-dagerotip-8CdA2foBDnk-unsplash.webp?resize=350%2C200&ssl=1","width":350,"height":200,"srcset":"https:\/\/i0.wp.com\/kohenavocats.com\/wp-content\/uploads\/2024\/11\/george-dagerotip-8CdA2foBDnk-unsplash.webp?resize=350%2C200&ssl=1 1x, https:\/\/i0.wp.com\/kohenavocats.com\/wp-content\/uploads\/2024\/11\/george-dagerotip-8CdA2foBDnk-unsplash.webp?resize=525%2C300&ssl=1 1.5x, https:\/\/i0.wp.com\/kohenavocats.com\/wp-content\/uploads\/2024\/11\/george-dagerotip-8CdA2foBDnk-unsplash.webp?resize=700%2C400&ssl=1 2x, https:\/\/i0.wp.com\/kohenavocats.com\/wp-content\/uploads\/2024\/11\/george-dagerotip-8CdA2foBDnk-unsplash.webp?resize=1050%2C600&ssl=1 3x, https:\/\/i0.wp.com\/kohenavocats.com\/wp-content\/uploads\/2024\/11\/george-dagerotip-8CdA2foBDnk-unsplash.webp?resize=1400%2C800&ssl=1 4x"},"classes":[]},{"id":434611,"url":"https:\/\/kohenavocats.com\/tr\/cour-dappel-de-orleans-le-26-fevrier-2026-n25-00075\/","url_meta":{"origin":671184,"position":1},"title":"Cour d&#8217;appel de Orl\u00e9ans, le 26 f\u00e9vrier 2026, n\u00b025\/00075","author":"Kohen","date":"25 Mart 2026","format":false,"excerpt":"La Cour d\u2019appel d\u2019Orl\u00e9ans, dans un arr\u00eat du 26 f\u00e9vrier 2026, a \u00e9t\u00e9 saisie d\u2019un litige relatif \u00e0 la rupture d\u2019un contrat de travail. Un salari\u00e9, ancien associ\u00e9, contestait la validit\u00e9 de son licenciement pour motif \u00e9conomique et sollicitait diverses indemnit\u00e9s. Le conseil de prud\u2019hommes de Tours, par un jugement\u2026","rel":"","context":"&quot;Cour d'appel&quot; i\u00e7inde","block_context":{"text":"Cour d'appel","link":"https:\/\/kohenavocats.com\/category\/cour-dappel\/"},"img":{"alt_text":"","src":"https:\/\/i0.wp.com\/kohenavocats.com\/wp-content\/uploads\/2024\/08\/zdenek-machacek-lmZtT6q8tt0-unsplash.webp?resize=350%2C200&ssl=1","width":350,"height":200,"srcset":"https:\/\/i0.wp.com\/kohenavocats.com\/wp-content\/uploads\/2024\/08\/zdenek-machacek-lmZtT6q8tt0-unsplash.webp?resize=350%2C200&ssl=1 1x, https:\/\/i0.wp.com\/kohenavocats.com\/wp-content\/uploads\/2024\/08\/zdenek-machacek-lmZtT6q8tt0-unsplash.webp?resize=525%2C300&ssl=1 1.5x, https:\/\/i0.wp.com\/kohenavocats.com\/wp-content\/uploads\/2024\/08\/zdenek-machacek-lmZtT6q8tt0-unsplash.webp?resize=700%2C400&ssl=1 2x, https:\/\/i0.wp.com\/kohenavocats.com\/wp-content\/uploads\/2024\/08\/zdenek-machacek-lmZtT6q8tt0-unsplash.webp?resize=1050%2C600&ssl=1 3x, https:\/\/i0.wp.com\/kohenavocats.com\/wp-content\/uploads\/2024\/08\/zdenek-machacek-lmZtT6q8tt0-unsplash.webp?resize=1400%2C800&ssl=1 4x"},"classes":[]},{"id":412606,"url":"https:\/\/kohenavocats.com\/tr\/cour-dappel-de-pau-le-22-novembre-2012-n11-00152\/","url_meta":{"origin":671184,"position":2},"title":"Cour d&#8217;appel de Pau, le 22 novembre 2012, n\u00b011\/00152","author":"Kohen","date":"21 Mart 2026","format":false,"excerpt":"La Cour d\u2019appel de Pau, chambre sociale, le 22 novembre 2012, statue sur un pourvoi form\u00e9 contre un jugement du Conseil de prud\u2019hommes de Pau du 22 d\u00e9cembre 2010. Ce jugement avait reconnu le caract\u00e8re r\u00e9el et s\u00e9rieux du licenciement \u00e9conomique mais avait sanctionn\u00e9 le non-respect de l\u2019ordre des licenciements.\u2026","rel":"","context":"&quot;Cour d'appel&quot; i\u00e7inde","block_context":{"text":"Cour d'appel","link":"https:\/\/kohenavocats.com\/category\/cour-dappel\/"},"img":{"alt_text":"","src":"https:\/\/i0.wp.com\/kohenavocats.com\/wp-content\/uploads\/2024\/11\/declan-sun-JYXbjhOGTCs-unsplash.webp?resize=350%2C200&ssl=1","width":350,"height":200,"srcset":"https:\/\/i0.wp.com\/kohenavocats.com\/wp-content\/uploads\/2024\/11\/declan-sun-JYXbjhOGTCs-unsplash.webp?resize=350%2C200&ssl=1 1x, https:\/\/i0.wp.com\/kohenavocats.com\/wp-content\/uploads\/2024\/11\/declan-sun-JYXbjhOGTCs-unsplash.webp?resize=525%2C300&ssl=1 1.5x, https:\/\/i0.wp.com\/kohenavocats.com\/wp-content\/uploads\/2024\/11\/declan-sun-JYXbjhOGTCs-unsplash.webp?resize=700%2C400&ssl=1 2x, https:\/\/i0.wp.com\/kohenavocats.com\/wp-content\/uploads\/2024\/11\/declan-sun-JYXbjhOGTCs-unsplash.webp?resize=1050%2C600&ssl=1 3x, https:\/\/i0.wp.com\/kohenavocats.com\/wp-content\/uploads\/2024\/11\/declan-sun-JYXbjhOGTCs-unsplash.webp?resize=1400%2C800&ssl=1 4x"},"classes":[]},{"id":481828,"url":"https:\/\/kohenavocats.com\/tr\/cour-dappel-de-paris-le-4-fevrier-2025-n22-08287\/","url_meta":{"origin":671184,"position":3},"title":"Cour d&#8217;appel de Paris, le 4 f\u00e9vrier 2025, n\u00b022\/08287","author":"Kohen","date":"7 Nisan 2026","format":false,"excerpt":"La Cour d'appel de Paris, dans un arr\u00eat du 4 f\u00e9vrier 2025, a eu \u00e0 conna\u00eetre d'un litige opposant une salari\u00e9e \u00e0 son employeur suite \u00e0 un licenciement \u00e9conomi...","rel":"","context":"&quot;Jurisprudence&quot; i\u00e7inde","block_context":{"text":"Jurisprudence","link":"https:\/\/kohenavocats.com\/category\/jurisprudence\/"},"img":{"alt_text":"","src":"https:\/\/i0.wp.com\/kohenavocats.com\/wp-content\/uploads\/2024\/11\/ave-calvar-yJLFsme5WMU-unsplash.webp?resize=350%2C200&ssl=1","width":350,"height":200,"srcset":"https:\/\/i0.wp.com\/kohenavocats.com\/wp-content\/uploads\/2024\/11\/ave-calvar-yJLFsme5WMU-unsplash.webp?resize=350%2C200&ssl=1 1x, https:\/\/i0.wp.com\/kohenavocats.com\/wp-content\/uploads\/2024\/11\/ave-calvar-yJLFsme5WMU-unsplash.webp?resize=525%2C300&ssl=1 1.5x, https:\/\/i0.wp.com\/kohenavocats.com\/wp-content\/uploads\/2024\/11\/ave-calvar-yJLFsme5WMU-unsplash.webp?resize=700%2C400&ssl=1 2x, https:\/\/i0.wp.com\/kohenavocats.com\/wp-content\/uploads\/2024\/11\/ave-calvar-yJLFsme5WMU-unsplash.webp?resize=1050%2C600&ssl=1 3x, https:\/\/i0.wp.com\/kohenavocats.com\/wp-content\/uploads\/2024\/11\/ave-calvar-yJLFsme5WMU-unsplash.webp?resize=1400%2C800&ssl=1 4x"},"classes":[]},{"id":439086,"url":"https:\/\/kohenavocats.com\/tr\/cour-dappel-de-versailles-le-4-mars-2026-n25-01941\/","url_meta":{"origin":671184,"position":4},"title":"Cour d&#8217;appel de Versailles, le 4 mars 2026, n\u00b025\/01941","author":"Kohen","date":"26 Mart 2026","format":false,"excerpt":"Une salari\u00e9e engag\u00e9e en 2002 occupait les fonctions d\u2019assistante de direction. Son employeur, une soci\u00e9t\u00e9 sp\u00e9cialis\u00e9e dans le traitement des esp\u00e8ces, l\u2019a licenci\u00e9e pour motif \u00e9conomique en novembre 2019 dans le cadre d\u2019un projet collectif supprimant six postes. La salari\u00e9e a contest\u00e9 ce licenciement devant le conseil de prud\u2019hommes de\u2026","rel":"","context":"&quot;Cour d'appel&quot; i\u00e7inde","block_context":{"text":"Cour d'appel","link":"https:\/\/kohenavocats.com\/category\/cour-dappel\/"},"img":{"alt_text":"","src":"https:\/\/i0.wp.com\/kohenavocats.com\/wp-content\/uploads\/2024\/11\/getty-images-_oX4l6NGtI-unsplash.webp?resize=350%2C200&ssl=1","width":350,"height":200,"srcset":"https:\/\/i0.wp.com\/kohenavocats.com\/wp-content\/uploads\/2024\/11\/getty-images-_oX4l6NGtI-unsplash.webp?resize=350%2C200&ssl=1 1x, https:\/\/i0.wp.com\/kohenavocats.com\/wp-content\/uploads\/2024\/11\/getty-images-_oX4l6NGtI-unsplash.webp?resize=525%2C300&ssl=1 1.5x, https:\/\/i0.wp.com\/kohenavocats.com\/wp-content\/uploads\/2024\/11\/getty-images-_oX4l6NGtI-unsplash.webp?resize=700%2C400&ssl=1 2x, https:\/\/i0.wp.com\/kohenavocats.com\/wp-content\/uploads\/2024\/11\/getty-images-_oX4l6NGtI-unsplash.webp?resize=1050%2C600&ssl=1 3x, https:\/\/i0.wp.com\/kohenavocats.com\/wp-content\/uploads\/2024\/11\/getty-images-_oX4l6NGtI-unsplash.webp?resize=1400%2C800&ssl=1 4x"},"classes":[]},{"id":44661,"url":"https:\/\/kohenavocats.com\/tr\/cour-dappel-de-grenoble-le-19-juin-2025-n23-01010\/","url_meta":{"origin":671184,"position":5},"title":"Cour d&#8217;appel de Grenoble, le 19 juin 2025, n\u00b023\/01010","author":"Kohen","date":"7 Kas\u0131m 2025","format":false,"excerpt":"Par un arr\u00eat de la Cour d\u2019appel de Grenoble du 19 juin 2025, la juridiction sociale statue sur la contestation d\u2019un licenciement \u00e9conomique, assortie de griefs tenant aux obligations de s\u00e9curit\u00e9 et de formation. La salari\u00e9e, recrut\u00e9e en 2010 et titularis\u00e9e en 2011 comme adjointe de direction, a \u00e9t\u00e9 licenci\u00e9e\u2026","rel":"","context":"&quot;Cour d'appel&quot; i\u00e7inde","block_context":{"text":"Cour d'appel","link":"https:\/\/kohenavocats.com\/category\/cour-dappel\/"},"img":{"alt_text":"","src":"https:\/\/i0.wp.com\/kohenavocats.com\/wp-content\/uploads\/2024\/11\/mohamed-nohassi-AE9Z7hVNOPE-unsplash.webp?resize=350%2C200&ssl=1","width":350,"height":200,"srcset":"https:\/\/i0.wp.com\/kohenavocats.com\/wp-content\/uploads\/2024\/11\/mohamed-nohassi-AE9Z7hVNOPE-unsplash.webp?resize=350%2C200&ssl=1 1x, https:\/\/i0.wp.com\/kohenavocats.com\/wp-content\/uploads\/2024\/11\/mohamed-nohassi-AE9Z7hVNOPE-unsplash.webp?resize=525%2C300&ssl=1 1.5x, https:\/\/i0.wp.com\/kohenavocats.com\/wp-content\/uploads\/2024\/11\/mohamed-nohassi-AE9Z7hVNOPE-unsplash.webp?resize=700%2C400&ssl=1 2x, https:\/\/i0.wp.com\/kohenavocats.com\/wp-content\/uploads\/2024\/11\/mohamed-nohassi-AE9Z7hVNOPE-unsplash.webp?resize=1050%2C600&ssl=1 3x, https:\/\/i0.wp.com\/kohenavocats.com\/wp-content\/uploads\/2024\/11\/mohamed-nohassi-AE9Z7hVNOPE-unsplash.webp?resize=1400%2C800&ssl=1 4x"},"classes":[]}],"jetpack_sharing_enabled":true,"_links":{"self":[{"href":"https:\/\/kohenavocats.com\/tr\/wp-json\/wp\/v2\/posts\/671184","targetHints":{"allow":["GET"]}}],"collection":[{"href":"https:\/\/kohenavocats.com\/tr\/wp-json\/wp\/v2\/posts"}],"about":[{"href":"https:\/\/kohenavocats.com\/tr\/wp-json\/wp\/v2\/types\/post"}],"author":[{"embeddable":true,"href":"https:\/\/kohenavocats.com\/tr\/wp-json\/wp\/v2\/users\/232070755"}],"replies":[{"embeddable":true,"href":"https:\/\/kohenavocats.com\/tr\/wp-json\/wp\/v2\/comments?post=671184"}],"version-history":[{"count":2,"href":"https:\/\/kohenavocats.com\/tr\/wp-json\/wp\/v2\/posts\/671184\/revisions"}],"predecessor-version":[{"id":694941,"href":"https:\/\/kohenavocats.com\/tr\/wp-json\/wp\/v2\/posts\/671184\/revisions\/694941"}],"wp:featuredmedia":[{"embeddable":true,"href":"https:\/\/kohenavocats.com\/tr\/wp-json\/wp\/v2\/media\/9569"}],"wp:attachment":[{"href":"https:\/\/kohenavocats.com\/tr\/wp-json\/wp\/v2\/media?parent=671184"}],"wp:term":[{"taxonomy":"category","embeddable":true,"href":"https:\/\/kohenavocats.com\/tr\/wp-json\/wp\/v2\/categories?post=671184"},{"taxonomy":"post_tag","embeddable":true,"href":"https:\/\/kohenavocats.com\/tr\/wp-json\/wp\/v2\/tags?post=671184"}],"curies":[{"name":"wp","href":"https:\/\/api.w.org\/{rel}","templated":true}]}}