{"id":680292,"date":"2026-04-25T12:08:34","date_gmt":"2026-04-25T10:08:34","guid":{"rendered":"https:\/\/kohenavocats.com\/prolongation-garde-a-vue-notification-droits-avocat-nullite\/"},"modified":"2026-04-28T15:21:03","modified_gmt":"2026-04-28T13:21:03","slug":"prolongation-garde-a-vue-notification-droits-avocat-nullite","status":"publish","type":"post","link":"https:\/\/kohenavocats.com\/tr\/prolongation-garde-a-vue-notification-droits-avocat-nullite\/","title":{"rendered":"Prolongation de garde \u00e0 vue : notification des droits, avocat et nullit\u00e9"},"content":{"rendered":"<blockquote>\n<p><strong>Meta description<\/strong> : Prolongation de garde \u00e0 vue : dur\u00e9e 24h\/48h, notification des droits, nouvel entretien avocat, m\u00e9decin, proc\u00e8s-verbal, nullit\u00e9 et pi\u00e8ces \u00e0 v\u00e9rifier. Cabinet Kohen Avocats, Paris.<\/p>\n<\/blockquote>\n<p>La prolongation de garde \u00e0 vue est souvent le moment o\u00f9 le dossier bascule. Apr\u00e8s vingt-quatre heures d&#8217;auditions, de confrontations ou d&#8217;attente en cellule, le gard\u00e9 \u00e0 vue apprend que la mesure continue. Les enqu\u00eateurs veulent encore l&#8217;entendre. Le parquet autorise la prolongation. La fatigue s&#8217;installe. La personne peut croire qu&#8217;elle n&#8217;a plus qu&#8217;\u00e0 attendre.<\/p>\n<p>C&#8217;est pr\u00e9cis\u00e9ment l&#8217;inverse. La prolongation ouvre une nouvelle s\u00e9quence de d\u00e9fense. Elle suppose une d\u00e9cision r\u00e9guli\u00e8re, une information claire, la notification des droits attach\u00e9s \u00e0 cette nouvelle p\u00e9riode, et la possibilit\u00e9 de redemander l&#8217;avocat et le m\u00e9decin. Une irr\u00e9gularit\u00e9 ne suffit pas toujours \u00e0 faire annuler tout le dossier, mais elle peut \u00e9carter les auditions faites pendant la prolongation, affaiblir une <a href=\"https:\/\/kohenavocats.com\/avocats-en-droit-penal-a-paris-conseil-et-defense-strategique\/avocats-comparution-immediate-paris\/\" target=\"_blank\" title=\"comparution imm\u00e9diate\">comparution imm\u00e9diate<\/a> ou ouvrir une discussion s\u00e9rieuse devant la chambre de l&#8217;instruction.<\/p>\n<p>Cet article traite d&#8217;un point pr\u00e9cis : que faut-il v\u00e9rifier lorsque la garde \u00e0 vue est prolong\u00e9e, au moment de la notification des droits.<\/p>\n<h2>Ce que signifie une prolongation de garde \u00e0 vue<\/h2>\n<p>La garde \u00e0 vue de droit commun ne peut pas \u00eatre utilis\u00e9e comme une simple facilit\u00e9 d&#8217;enqu\u00eate. L&#8217;article 62-2 du Code de proc\u00e9dure p\u00e9nale la d\u00e9finit comme une mesure de contrainte, d\u00e9cid\u00e9e par un officier de police judiciaire, sous le contr\u00f4le de l&#8217;autorit\u00e9 judiciaire, contre une personne soup\u00e7onn\u00e9e d&#8217;un crime ou d&#8217;un d\u00e9lit puni d&#8217;emprisonnement<sup id=\"fnref:1\"><a class=\"footnote-ref\" href=\"#fn:1\">1<\/a><\/sup>.<\/p>\n<p>L&#8217;article 63 du m\u00eame code fixe ensuite la dur\u00e9e. La premi\u00e8re p\u00e9riode est de vingt-quatre heures. Une prolongation de vingt-quatre <a href=\"https:\/\/kohenavocats.com\/avocats-droit-social-paris\/avocats-heures-supplementaires-paris\/\" target=\"_blank\" title=\"heures suppl\u00e9mentaires\">heures suppl\u00e9mentaires<\/a> peut \u00eatre autoris\u00e9e par le procureur de la R\u00e9publique lorsque l&#8217;infraction reproch\u00e9e est un crime ou un d\u00e9lit puni d&#8217;au moins un an d&#8217;emprisonnement, et lorsque cette prolongation reste n\u00e9cessaire \u00e0 l&#8217;un des objectifs l\u00e9gaux de la garde \u00e0 vue<sup id=\"fnref:2\"><a class=\"footnote-ref\" href=\"#fn:2\">2<\/a><\/sup>.<\/p>\n<p>La prolongation n&#8217;est donc pas automatique. Le dossier doit permettre d&#8217;identifier :<\/p>\n<ul>\n<li>l&#8217;heure exacte du d\u00e9but de privation de libert\u00e9 ;<\/li>\n<li>l&#8217;heure de fin de la premi\u00e8re p\u00e9riode ;<\/li>\n<li>l&#8217;autorit\u00e9 qui a autoris\u00e9 la prolongation ;<\/li>\n<li>la motivation de cette prolongation ;<\/li>\n<li>les droits notifi\u00e9s \u00e0 la personne au d\u00e9but de la prolongation ;<\/li>\n<li>les demandes formul\u00e9es par la personne et les suites donn\u00e9es \u00e0 ces demandes.<\/li>\n<\/ul>\n<p>Le calcul de l&#8217;heure de d\u00e9part est essentiel. Si la personne a \u00e9t\u00e9 appr\u00e9hend\u00e9e avant son placement formel en garde \u00e0 vue, cette privation de libert\u00e9 ant\u00e9rieure peut compter dans la dur\u00e9e totale. Le proc\u00e8s-verbal doit donc \u00eatre relu chronologiquement : interpellation, transport au commissariat, notification initiale, auditions, repos, pr\u00e9sentation au parquet ou d\u00e9cision motiv\u00e9e sans pr\u00e9sentation, notification de la prolongation.<\/p>\n<h2>Les droits qui doivent \u00eatre rappel\u00e9s au d\u00e9but de la prolongation<\/h2>\n<p>L&#8217;article 63-1 du Code de proc\u00e9dure p\u00e9nale impose l&#8217;information imm\u00e9diate de la personne gard\u00e9e \u00e0 vue sur la mesure, sa dur\u00e9e possible, la qualification des faits et les droits attach\u00e9s \u00e0 la garde \u00e0 vue<sup id=\"fnref:3\"><a class=\"footnote-ref\" href=\"#fn:3\">3<\/a><\/sup>. Lorsqu&#8217;une prolongation intervient, certains droits prennent une importance particuli\u00e8re.<\/p>\n<p>D&#8217;abord, le droit \u00e0 l&#8217;avocat. L&#8217;article 63-4 pr\u00e9voit un entretien confidentiel avec l&#8217;avocat. Lorsque la garde \u00e0 vue est prolong\u00e9e, la personne peut demander un nouvel entretien d\u00e8s le d\u00e9but de la prolongation<sup id=\"fnref:4\"><a class=\"footnote-ref\" href=\"#fn:4\">4<\/a><\/sup>. Ce second entretien n&#8217;est pas une formalit\u00e9. Il sert \u00e0 faire le point sur ce qui a \u00e9t\u00e9 dit, sur ce qui reste \u00e0 dire, sur les contradictions du dossier et sur l&#8217;opportunit\u00e9 de garder le silence.<\/p>\n<p>Ensuite, le droit au m\u00e9decin. L&#8217;article 63-3 pr\u00e9voit qu&#8217;en cas de prolongation, la personne peut demander \u00e0 \u00eatre examin\u00e9e une seconde fois<sup id=\"fnref:5\"><a class=\"footnote-ref\" href=\"#fn:5\">5<\/a><\/sup>. La question n&#8217;est pas seulement sanitaire. La fatigue, l&#8217;angoisse, une pathologie, un traitement non remis ou des conditions mat\u00e9rielles d\u00e9grad\u00e9es peuvent peser sur la capacit\u00e9 \u00e0 r\u00e9pondre utilement aux enqu\u00eateurs.<\/p>\n<p>Enfin, le droit de consulter certaines pi\u00e8ces par l&#8217;interm\u00e9diaire de l&#8217;avocat. L&#8217;article 63-4-1 permet \u00e0 l&#8217;avocat de consulter notamment le proc\u00e8s-verbal de notification du <a href=\"https:\/\/kohenavocats.com\/avocats-en-droit-penal-a-paris-conseil-et-defense-strategique\/avocats-garde-a-vue-paris\/\" target=\"_blank\" title=\"placement en garde \u00e0 vue\">placement en garde \u00e0 vue<\/a> et des droits, le certificat m\u00e9dical et les proc\u00e8s-verbaux d&#8217;audition de la personne qu&#8217;il assiste<sup id=\"fnref:6\"><a class=\"footnote-ref\" href=\"#fn:6\">6<\/a><\/sup>. En pratique, ces pi\u00e8ces sont la base du contr\u00f4le de r\u00e9gularit\u00e9.<\/p>\n<p>Un proc\u00e8s-verbal de prolongation propre doit donc faire appara\u00eetre que la personne a compris qu&#8217;elle pouvait redemander l&#8217;avocat, redemander un m\u00e9decin, garder le silence, formuler des observations et signer ou refuser de signer les proc\u00e8s-verbaux. Si ces \u00e9l\u00e9ments sont absents, lacunaires ou contradictoires, le moyen de nullit\u00e9 se pr\u00e9pare imm\u00e9diatement.<\/p>\n<h2>La checklist de contr\u00f4le pour l&#8217;avocat<\/h2>\n<p>Le premier contr\u00f4le porte sur l&#8217;heure. Une prolongation notifi\u00e9e apr\u00e8s l&#8217;expiration du d\u00e9lai de vingt-quatre heures pose une difficult\u00e9 \u00e9vidente. Il faut comparer l&#8217;heure d&#8217;interpellation, l&#8217;heure de placement, l&#8217;heure de notification initiale, les heures d&#8217;audition et l&#8217;heure de notification de la prolongation. La chronologie doit tenir minute par minute.<\/p>\n<p>Le deuxi\u00e8me contr\u00f4le porte sur l&#8217;autorisation. La prolongation suppose une d\u00e9cision \u00e9crite et motiv\u00e9e du procureur de la R\u00e9publique, sauf r\u00e9gimes particuliers. Il faut v\u00e9rifier si la personne a \u00e9t\u00e9 pr\u00e9sent\u00e9e au magistrat, physiquement ou par visioconf\u00e9rence, ou si une d\u00e9cision \u00e9crite explique pourquoi cette pr\u00e9sentation n&#8217;a pas eu lieu. Une simple mention vague ne suffit pas toujours \u00e0 prot\u00e9ger la proc\u00e9dure.<\/p>\n<p>Le troisi\u00e8me contr\u00f4le porte sur la notification des droits. Il ne faut pas seulement rechercher la formule &#8220;droits notifi\u00e9s&#8221;. Il faut v\u00e9rifier quels droits ont \u00e9t\u00e9 effectivement rappel\u00e9s, dans quelle langue, avec quel interpr\u00e8te si n\u00e9cessaire, et si la personne a sign\u00e9. Le refus de signer n&#8217;est pas en soi une irr\u00e9gularit\u00e9 ; l&#8217;absence de mention claire peut l&#8217;\u00eatre.<\/p>\n<p>Le quatri\u00e8me contr\u00f4le porte sur les demandes. La personne a-t-elle demand\u00e9 un avocat ? Le m\u00eame avocat que pendant la premi\u00e8re p\u00e9riode ? Un avocat commis d&#8217;office ? Un m\u00e9decin ? Un proche ? Un employeur ? Chaque demande doit avoir une suite identifiable. \u00c0 d\u00e9faut, l&#8217;avocat doit faire acter une observation \u00e9crite.<\/p>\n<p>Le cinqui\u00e8me contr\u00f4le porte sur les auditions r\u00e9alis\u00e9es apr\u00e8s la prolongation. Si la notification est contestable, les d\u00e9clarations faites pendant cette deuxi\u00e8me p\u00e9riode deviennent le coeur du d\u00e9bat. Le but n&#8217;est pas toujours d&#8217;annuler toute la garde \u00e0 vue ; il peut \u00eatre plus r\u00e9aliste d&#8217;obtenir l&#8217;annulation des actes accomplis apr\u00e8s l&#8217;irr\u00e9gularit\u00e9 et des actes qui en sont le support n\u00e9cessaire.<\/p>\n<p>Cette m\u00e9thode rejoint le contentieux g\u00e9n\u00e9ral des nullit\u00e9s de proc\u00e9dure p\u00e9nale. Pour approfondir la logique du grief et de l&#8217;article 802 du Code de proc\u00e9dure p\u00e9nale, voir notre analyse d\u00e9di\u00e9e : <a href=\"https:\/\/kohenavocats.com\/article-802-code-procedure-penale-grief-nullites-ordre-public-jurisprudence\/\">article 802 CPP, grief et nullit\u00e9s de proc\u00e9dure p\u00e9nale<\/a>.<\/p>\n<h2>La jurisprudence r\u00e9cente : le proc\u00e8s-verbal r\u00e9capitulatif compte<\/h2>\n<p>La chambre criminelle a rappel\u00e9 en 2025 que le contr\u00f4le ne se limite pas au seul proc\u00e8s-verbal isol\u00e9 de notification. Dans un arr\u00eat du 6 mai 2025, publi\u00e9 au Bulletin, elle juge que l&#8217;officier de police judiciaire \u00e9tablit un proc\u00e8s-verbal r\u00e9capitulatif de fin de garde \u00e0 vue mentionnant les informations donn\u00e9es, les demandes faites et les suites r\u00e9serv\u00e9es \u00e0 ces demandes, sans qu&#8217;il soit n\u00e9cessaire de dresser un proc\u00e8s-verbal distinct pour chaque diligence accomplie<sup id=\"fnref:7\"><a class=\"footnote-ref\" href=\"#fn:7\">7<\/a><\/sup>.<\/p>\n<p>La le\u00e7on pratique est double.<\/p>\n<p>D&#8217;un c\u00f4t\u00e9, l&#8217;avocat ne doit pas conclure trop vite \u00e0 la nullit\u00e9 au seul motif qu&#8217;une diligence ne figure pas dans un proc\u00e8s-verbal interm\u00e9diaire. Il faut obtenir et lire le proc\u00e8s-verbal r\u00e9capitulatif de fin de garde \u00e0 vue.<\/p>\n<p>De l&#8217;autre, ce proc\u00e8s-verbal r\u00e9capitulatif ne doit pas devenir un \u00e9cran. S&#8217;il comporte des mentions incoh\u00e9rentes, impr\u00e9cises ou contredites par les horaires d&#8217;audition, la demande de nullit\u00e9 conserve son utilit\u00e9. La proc\u00e9dure doit permettre de comprendre ce qui a \u00e9t\u00e9 demand\u00e9, \u00e0 quelle heure, par qui, et avec quelle suite.<\/p>\n<p>Le contr\u00f4le est donc documentaire. Il faut aligner les pi\u00e8ces :<\/p>\n<ul>\n<li>notification initiale de garde \u00e0 vue ;<\/li>\n<li>proc\u00e8s-verbal d&#8217;information du parquet ;<\/li>\n<li>d\u00e9cision de prolongation ;<\/li>\n<li>notification de la prolongation ;<\/li>\n<li>proc\u00e8s-verbaux d&#8217;audition ;<\/li>\n<li>observations \u00e9crites de l&#8217;avocat ;<\/li>\n<li>proc\u00e8s-verbal r\u00e9capitulatif de fin de garde \u00e0 vue ;<\/li>\n<li>certificat m\u00e9dical, si un examen a \u00e9t\u00e9 demand\u00e9.<\/li>\n<\/ul>\n<p>Cette lecture permet d&#8217;\u00e9viter deux erreurs. La premi\u00e8re consiste \u00e0 soulever un moyen trop abstrait, que la juridiction rejettera faute de grief. La seconde consiste \u00e0 manquer une anomalie pr\u00e9cise : une audition commenc\u00e9e avant l&#8217;arriv\u00e9e de l&#8217;avocat demand\u00e9, une absence de second entretien au d\u00e9but de la prolongation, une demande de m\u00e9decin laiss\u00e9e sans suite, ou une d\u00e9cision de prolongation insuffisamment motiv\u00e9e.<\/p>\n<h2>Le cas des gardes \u00e0 vue longues : stup\u00e9fiants, criminalit\u00e9 organis\u00e9e, terrorisme<\/h2>\n<p>Le r\u00e9gime de droit commun conduit \u00e0 quarante-huit heures maximum. Certaines infractions ob\u00e9issent \u00e0 des r\u00e9gimes d\u00e9rogatoires. L&#8217;article 706-88 du Code de proc\u00e9dure p\u00e9nale pr\u00e9voit, pour certaines infractions de criminalit\u00e9 et de d\u00e9linquance organis\u00e9es, des prolongations suppl\u00e9mentaires, sous le contr\u00f4le d&#8217;un magistrat comp\u00e9tent<sup id=\"fnref:8\"><a class=\"footnote-ref\" href=\"#fn:8\">8<\/a><\/sup>.<\/p>\n<p>Dans ces dossiers, la notification des droits devient encore plus sensible. La personne peut rester priv\u00e9e de libert\u00e9 pendant une dur\u00e9e qui modifie sa capacit\u00e9 de r\u00e9sistance psychologique, son \u00e9tat de fatigue et sa compr\u00e9hension du dossier. Le contr\u00f4le doit donc porter sur trois niveaux :<\/p>\n<ol>\n<li>le droit commun des vingt-quatre premi\u00e8res heures ;<\/li>\n<li>la prolongation \u00e0 quarante-huit heures ;<\/li>\n<li>les prolongations suppl\u00e9mentaires, avec les autorisations et garanties propres au r\u00e9gime sp\u00e9cial.<\/li>\n<\/ol>\n<p>Les affaires de stup\u00e9fiants, d&#8217;association de malfaiteurs ou de bande organis\u00e9e appellent une attention particuli\u00e8re. Il faut v\u00e9rifier si les faits entrent r\u00e9ellement dans le champ du r\u00e9gime sp\u00e9cial, si la d\u00e9cision vise le bon texte, si le magistrat comp\u00e9tent a \u00e9t\u00e9 saisi, et si les droits sp\u00e9cifiques ont \u00e9t\u00e9 notifi\u00e9s dans des termes compr\u00e9hensibles.<\/p>\n<p>Une d\u00e9fense utile ne se limite pas \u00e0 contester la dur\u00e9e. Elle pr\u00e9pare les suites : d\u00e9f\u00e8rement, comparution imm\u00e9diate, ouverture d&#8217;<a href=\"https:\/\/kohenavocats.com\/avocats-en-droit-penal-a-paris-conseil-et-defense-strategique\/avocats-instruction-judiciaire-paris\/\" target=\"_blank\" title=\"information judiciaire\">information judiciaire<\/a>, contr\u00f4le judiciaire ou <a href=\"https:\/\/kohenavocats.com\/avocats-en-droit-penal-a-paris-conseil-et-defense-strategique\/avocats-detention-provisoire-paris\/\" target=\"_blank\" title=\"d\u00e9tention provisoire\">d\u00e9tention provisoire<\/a>. Sur les suites possibles apr\u00e8s la mesure, voir aussi : <a href=\"https:\/\/kohenavocats.com\/apres-audition-libre-garde-a-vue-delai-decision-parquet\/\">apr\u00e8s une audition libre ou une garde \u00e0 vue, combien de temps avant de savoir si vous serez poursuivi ?<\/a>.<\/p>\n<h2>Que faire si vous \u00eates inform\u00e9 d&#8217;une prolongation<\/h2>\n<p>Si vous \u00eates la personne gard\u00e9e \u00e0 vue, la premi\u00e8re r\u00e8gle est simple : demandez l&#8217;avocat au d\u00e9but de la prolongation, m\u00eame si vous l&#8217;avez d\u00e9j\u00e0 vu pendant la premi\u00e8re p\u00e9riode. Demandez que cette demande figure au proc\u00e8s-verbal. Si votre \u00e9tat de sant\u00e9 le justifie, demandez aussi un m\u00e9decin.<\/p>\n<p>Si vous \u00eates un proche, votre r\u00f4le est diff\u00e9rent. Vous ne pouvez pas diriger la proc\u00e9dure \u00e0 la place du gard\u00e9 \u00e0 vue. Vous pouvez en revanche contacter rapidement un avocat, transmettre les informations utiles et pr\u00e9parer les pi\u00e8ces qui seront n\u00e9cessaires en cas de d\u00e9f\u00e8rement : justificatif de domicile, contrat de travail, bulletins de salaire, certificat m\u00e9dical, documents familiaux, \u00e9l\u00e9ments de personnalit\u00e9.<\/p>\n<p>Si vous \u00eates l&#8217;avocat appel\u00e9 pendant la prolongation, la priorit\u00e9 est de figer le dossier. Demander les pi\u00e8ces consultables. Reconstituer les horaires. Faire noter les demandes et les refus. Pr\u00e9parer les observations. Anticiper la sortie de garde \u00e0 vue : remise en libert\u00e9, convocation ult\u00e9rieure, CRPC, comparution imm\u00e9diate, saisine du juge d&#8217;instruction.<\/p>\n<p>La prolongation n&#8217;est pas seulement une question de dur\u00e9e. C&#8217;est un moment proc\u00e9dural. Une d\u00e9fense active \u00e0 ce stade peut modifier la suite du dossier.<\/p>\n<h2>Les erreurs fr\u00e9quentes lors d&#8217;une prolongation<\/h2>\n<p>Premi\u00e8re erreur : croire que la prolongation signifie que la culpabilit\u00e9 est acquise. Elle signifie seulement que l&#8217;enqu\u00eate continue sous contrainte. Elle ne dispense pas le parquet de prouver les faits, ni les enqu\u00eateurs de respecter les droits de la d\u00e9fense.<\/p>\n<p>Deuxi\u00e8me erreur : parler pour &#8220;en finir&#8221;. La fatigue rend cette tentation forte. Une d\u00e9claration faite pendant la prolongation peut pourtant devenir la pi\u00e8ce centrale du dossier. Le droit au silence existe aussi pendant la deuxi\u00e8me p\u00e9riode.<\/p>\n<p>Troisi\u00e8me erreur : signer sans relire. Le proc\u00e8s-verbal doit refl\u00e9ter les questions pos\u00e9es, les r\u00e9ponses donn\u00e9es, les demandes formul\u00e9es et les horaires. Une signature ne valide pas tout, mais elle complique la contestation d&#8217;une mention inexacte.<\/p>\n<p>Quatri\u00e8me erreur : soulever une nullit\u00e9 sans d\u00e9montrer le grief. Devant le tribunal ou la chambre de l&#8217;instruction, l&#8217;argument doit expliquer en quoi l&#8217;irr\u00e9gularit\u00e9 a port\u00e9 atteinte aux droits de la personne : entretien avocat impossible, audition non pr\u00e9par\u00e9e, d\u00e9claration faite sans information suffisante, absence de m\u00e9decin malgr\u00e9 un \u00e9tat de sant\u00e9 incompatible.<\/p>\n<p>Cinqui\u00e8me erreur : confondre l&#8217;article g\u00e9n\u00e9ral sur la garde \u00e0 vue avec le sous-angle de la prolongation. Pour une vue plus large sur l&#8217;intervention de l&#8217;avocat d\u00e8s le d\u00e9but de la mesure, voir notre page : <a href=\"https:\/\/kohenavocats.com\/avocat-garde-a-vue-paris\/\">avocat garde \u00e0 vue \u00e0 Paris<\/a>. Pour la premi\u00e8re p\u00e9riode, voir \u00e9galement : <a href=\"https:\/\/kohenavocats.com\/garde-a-vue-moins-de-24h-droits-sortie\/\">garde \u00e0 vue de moins de 24h, droits et sortie<\/a>.<\/p>\n<h2>Synth\u00e8se op\u00e9rationnelle<\/h2>\n<p>La prolongation de garde \u00e0 vue doit \u00eatre trait\u00e9e comme une nouvelle \u00e9tape proc\u00e9durale. Elle suppose une autorisation r\u00e9guli\u00e8re, une notification claire, la possibilit\u00e9 de solliciter \u00e0 nouveau l&#8217;avocat, un nouvel examen m\u00e9dical si n\u00e9cessaire, et une tra\u00e7abilit\u00e9 pr\u00e9cise des demandes de la personne.<\/p>\n<p>L&#8217;avocat doit contr\u00f4ler les horaires, l&#8217;autorisation du parquet, la notification des droits, les auditions post\u00e9rieures, les demandes rest\u00e9es sans suite et le proc\u00e8s-verbal r\u00e9capitulatif. Le moyen de nullit\u00e9 le plus utile est rarement le plus spectaculaire. C&#8217;est celui qui relie une irr\u00e9gularit\u00e9 concr\u00e8te \u00e0 une atteinte identifiable aux droits de la d\u00e9fense.<\/p>\n<p>Une garde \u00e0 vue prolong\u00e9e se pr\u00e9pare d\u00e8s la notification de la prolongation. Attendre l&#8217;audience pour d\u00e9couvrir les proc\u00e8s-verbaux est souvent trop tard.<\/p>\n<p>Lien retour vers le nouvel article sur l&#8217;audition sans avocat, la renonciation et les nullit\u00e9s de garde \u00e0 vue. <a href=\"https:\/\/kohenavocats.com\/garde-a-vue-sans-avocat-nullite-renonciation-delai-carence\/\">garde \u00e0 vue sans avocat<\/a>.<\/p>\n<h2>Besoin d&#8217;un avis rapide sur votre dossier<\/h2>\n<p>Vous \u00eates concern\u00e9 par une garde \u00e0 vue prolong\u00e9e, une notification de droits contestable ou une audition r\u00e9alis\u00e9e sans exercice effectif des droits de la d\u00e9fense. Notre cabinet vous propose une consultation t\u00e9l\u00e9phonique en 48 heures avec un avocat p\u00e9naliste de l&#8217;\u00e9quipe.<\/p>\n<p><a href=\"tel:+33689113445\">06 89 11 34 45<\/a><\/p>\n<p><a href=\"https:\/\/kohenavocats.com\/contactez-nous\/\">Prendre contact avec le cabinet<\/a><\/p>\n<p>Le cabinet intervient \u00e0 Paris et en \u00cele-de-France, en garde \u00e0 vue, en comparution imm\u00e9diate, devant le juge d&#8217;instruction et devant le <a href=\"https:\/\/kohenavocats.com\/avocats-en-droit-penal-a-paris-conseil-et-defense-strategique\/avocats-tribunal-correctionnel-paris\/\" target=\"_blank\" title=\"tribunal correctionnel\">tribunal correctionnel<\/a>.<\/p>\n<hr>\n<div class=\"footnote\">\n<hr>\n<ol>\n<li id=\"fn:1\">\n<p>Article 62-2 du Code de proc\u00e9dure p\u00e9nale, L\u00e9gifrance : <a href=\"https:\/\/www.legifrance.gouv.fr\/codes\/article_lc\/LEGIARTI000023865405&#038;#160\" rel=\"nofollow\">https:\/\/www.legifrance.gouv.fr\/codes\/article_lc\/LEGIARTI000023865405&#038;#160<\/a>;<a class=\"footnote-backref\" href=\"#fnref:1\" title=\"Jump back to footnote 1 in the text\">&#8617;<\/a><\/p>\n<\/li>\n<li id=\"fn:2\">\n<p>Article 63 du Code de proc\u00e9dure p\u00e9nale, L\u00e9gifrance : <a href=\"https:\/\/www.legifrance.gouv.fr\/codes\/article_lc\/LEGIARTI000029000770&#038;#160\" rel=\"nofollow\">https:\/\/www.legifrance.gouv.fr\/codes\/article_lc\/LEGIARTI000029000770&#038;#160<\/a>;<a class=\"footnote-backref\" href=\"#fnref:2\" title=\"Jump back to footnote 2 in the text\">&#8617;<\/a><\/p>\n<\/li>\n<li id=\"fn:3\">\n<p>Article 63-1 du Code de proc\u00e9dure p\u00e9nale, L\u00e9gifrance : <a href=\"https:\/\/www.legifrance.gouv.fr\/loda\/article_lc\/LEGIARTI000032655471\/2025-02-24&#038;#160\" rel=\"nofollow\">https:\/\/www.legifrance.gouv.fr\/loda\/article_lc\/LEGIARTI000032655471\/2025-02-24&#038;#160<\/a>;<a class=\"footnote-backref\" href=\"#fnref:3\" title=\"Jump back to footnote 3 in the text\">&#8617;<\/a><\/p>\n<\/li>\n<li id=\"fn:4\">\n<p>Article 63-4 du Code de proc\u00e9dure p\u00e9nale, L\u00e9gifrance : <a href=\"https:\/\/www.legifrance.gouv.fr\/codes\/article_lc\/LEGIARTI000023876559&#038;#160\" rel=\"nofollow\">https:\/\/www.legifrance.gouv.fr\/codes\/article_lc\/LEGIARTI000023876559&#038;#160<\/a>;<a class=\"footnote-backref\" href=\"#fnref:4\" title=\"Jump back to footnote 4 in the text\">&#8617;<\/a><\/p>\n<\/li>\n<li id=\"fn:5\">\n<p>Article 63-3 du Code de proc\u00e9dure p\u00e9nale, L\u00e9gifrance : <a href=\"https:\/\/www.legifrance.gouv.fr\/codes\/article_lc\/LEGIARTI000047052947\/2023-01-26&#038;#160\" rel=\"nofollow\">https:\/\/www.legifrance.gouv.fr\/codes\/article_lc\/LEGIARTI000047052947\/2023-01-26&#038;#160<\/a>;<a class=\"footnote-backref\" href=\"#fnref:5\" title=\"Jump back to footnote 5 in the text\">&#8617;<\/a><\/p>\n<\/li>\n<li id=\"fn:6\">\n<p>Article 63-4-1 du Code de proc\u00e9dure p\u00e9nale, L\u00e9gifrance : <a href=\"https:\/\/www.legifrance.gouv.fr\/codes\/article_lc\/LEGIARTI000029000831\/2019-06-01&#038;#160\" rel=\"nofollow\">https:\/\/www.legifrance.gouv.fr\/codes\/article_lc\/LEGIARTI000029000831\/2019-06-01&#038;#160<\/a>;<a class=\"footnote-backref\" href=\"#fnref:6\" title=\"Jump back to footnote 6 in the text\">&#8617;<\/a><\/p>\n<\/li>\n<li id=\"fn:7\">\n<p>Cass. crim., 6 mai 2025, n\u00b0 24-86.191, publi\u00e9 au Bulletin, source Judilibre\/Cour de cassation : <a href=\"https:\/\/www.courdecassation.fr\/decision\/6819a176ea7b3f881e0af3ff&#038;#160\" rel=\"nofollow\">https:\/\/www.courdecassation.fr\/decision\/6819a176ea7b3f881e0af3ff&#038;#160<\/a>;<a class=\"footnote-backref\" href=\"#fnref:7\" title=\"Jump back to footnote 7 in the text\">&#8617;<\/a><\/p>\n<\/li>\n<li id=\"fn:8\">\n<p>Article 706-88 du Code de proc\u00e9dure p\u00e9nale, L\u00e9gifrance : <a href=\"https:\/\/www.legifrance.gouv.fr\/codes\/article_lc\/LEGIARTI000047860863&#038;#160\" rel=\"nofollow\">https:\/\/www.legifrance.gouv.fr\/codes\/article_lc\/LEGIARTI000047860863&#038;#160<\/a>;<a class=\"footnote-backref\" href=\"#fnref:8\" title=\"Jump back to footnote 8 in the text\">&#8617;<\/a><\/p>\n<\/li>\n<\/ol>\n<\/div>\n","protected":false},"excerpt":{"rendered":"<p>Prolongation de garde \u00e0 vue : les droits \u00e0 notifier, le nouvel entretien avocat, le m\u00e9decin, les proc\u00e8s-verbaux \u00e0 contr\u00f4ler et les nullit\u00e9s possibles.<\/p>\n","protected":false},"author":232070755,"featured_media":9492,"comment_status":"open","ping_status":"open","sticky":false,"template":"","format":"standard","meta":{"_crdt_document":"","_jetpack_newsletter_access":"","_jetpack_dont_email_post_to_subs":false,"_jetpack_newsletter_tier_id":0,"_jetpack_memberships_contains_paywalled_content":false,"_kj_source_type":"","_kj_official_id":"","_kj_official_url":"","_kj_judilibre_id":"","_kj_jur":"","_kj_lieu":"","_kj_chambre":"","_kj_rg":"","_kj_date":"","_jetpack_memberships_contains_paid_content":false,"footnotes":"","jetpack_post_was_ever_published":false},"categories":[6995,6364],"tags":[],"class_list":["post-680292","post","type-post","status-publish","format-standard","has-post-thumbnail","hentry","category-decryptage","category-penal"],"yoast_head":"<!-- This site is optimized with the Yoast SEO Premium plugin v27.5 (Yoast SEO v27.5) - https:\/\/yoast.com\/product\/yoast-seo-premium-wordpress\/ -->\n<title>Prolongation de garde \u00e0 vue : notification des droits, avocat et nullit\u00e9 - Ma\u00eetre Hassan Kohen, avocat en droit p\u00e9nal \u00e0 Paris<\/title>\n<meta name=\"robots\" content=\"index, follow, max-snippet:-1, max-image-preview:large, max-video-preview:-1\" \/>\n<link rel=\"canonical\" href=\"https:\/\/kohenavocats.com\/tr\/prolongation-garde-a-vue-notification-droits-avocat-nullite\/\" \/>\n<meta property=\"og:locale\" content=\"tr_TR\" \/>\n<meta property=\"og:type\" content=\"article\" \/>\n<meta property=\"og:title\" content=\"Prolongation de garde \u00e0 vue : notification des droits, avocat et nullit\u00e9\" \/>\n<meta property=\"og:description\" content=\"Prolongation de garde \u00e0 vue : les droits \u00e0 notifier, le nouvel entretien avocat, le m\u00e9decin, les proc\u00e8s-verbaux \u00e0 contr\u00f4ler et les nullit\u00e9s possibles.\" \/>\n<meta property=\"og:url\" content=\"https:\/\/kohenavocats.com\/tr\/prolongation-garde-a-vue-notification-droits-avocat-nullite\/\" \/>\n<meta property=\"og:site_name\" content=\"Ma\u00eetre Hassan Kohen, avocat en droit p\u00e9nal \u00e0 Paris\" \/>\n<meta property=\"article:published_time\" content=\"2026-04-25T10:08:34+00:00\" \/>\n<meta property=\"article:modified_time\" content=\"2026-04-28T13:21:03+00:00\" \/>\n<meta property=\"og:image\" content=\"https:\/\/kohenavocats.com\/wp-content\/uploads\/2024\/11\/planet-volumes-3eXgkMpE-pQ-unsplash.webp\" \/>\n\t<meta property=\"og:image:width\" content=\"2200\" \/>\n\t<meta property=\"og:image:height\" content=\"3500\" \/>\n\t<meta property=\"og:image:type\" content=\"image\/webp\" \/>\n<meta name=\"author\" content=\"Kohen\" \/>\n<meta name=\"twitter:card\" content=\"summary_large_image\" \/>\n<meta name=\"twitter:label1\" content=\"Yazan:\" \/>\n\t<meta name=\"twitter:data1\" content=\"Kohen\" \/>\n\t<meta name=\"twitter:label2\" content=\"Tahmini okuma s\u00fcresi\" \/>\n\t<meta name=\"twitter:data2\" content=\"13 dakika\" \/>\n<script type=\"application\/ld+json\" class=\"yoast-schema-graph\">{\"@context\":\"https:\\\/\\\/schema.org\",\"@graph\":[{\"@type\":\"Article\",\"@id\":\"https:\\\/\\\/kohenavocats.com\\\/tr\\\/prolongation-garde-a-vue-notification-droits-avocat-nullite\\\/#article\",\"isPartOf\":{\"@id\":\"https:\\\/\\\/kohenavocats.com\\\/tr\\\/prolongation-garde-a-vue-notification-droits-avocat-nullite\\\/\"},\"author\":{\"name\":\"Kohen\",\"@id\":\"https:\\\/\\\/kohenavocats.com\\\/tr\\\/#\\\/schema\\\/person\\\/761c9ba54fa1ca84d405cef0831ff751\"},\"headline\":\"Prolongation de garde \u00e0 vue : notification des droits, avocat et nullit\u00e9\",\"datePublished\":\"2026-04-25T10:08:34+00:00\",\"dateModified\":\"2026-04-28T13:21:03+00:00\",\"mainEntityOfPage\":{\"@id\":\"https:\\\/\\\/kohenavocats.com\\\/tr\\\/prolongation-garde-a-vue-notification-droits-avocat-nullite\\\/\"},\"wordCount\":2748,\"commentCount\":0,\"publisher\":{\"@id\":\"https:\\\/\\\/kohenavocats.com\\\/tr\\\/#organization\"},\"image\":{\"@id\":\"https:\\\/\\\/kohenavocats.com\\\/tr\\\/prolongation-garde-a-vue-notification-droits-avocat-nullite\\\/#primaryimage\"},\"thumbnailUrl\":\"https:\\\/\\\/kohenavocats.com\\\/wp-content\\\/uploads\\\/2024\\\/11\\\/planet-volumes-3eXgkMpE-pQ-unsplash.webp\",\"articleSection\":[\"D\u00e9cryptage\",\"P\u00e9nal\"],\"inLanguage\":\"tr\",\"potentialAction\":[{\"@type\":\"CommentAction\",\"name\":\"Comment\",\"target\":[\"https:\\\/\\\/kohenavocats.com\\\/tr\\\/prolongation-garde-a-vue-notification-droits-avocat-nullite\\\/#respond\"]}],\"citation\":\"Prolongation de garde \u00e0 vue : notification des droits, avocat et nullit\u00e9\",\"about\":[{\"@type\":\"Thing\",\"name\":\"D\u00e9cryptage\"},{\"@type\":\"Thing\",\"name\":\"P\u00e9nal\"}],\"speakable\":{\"@type\":\"SpeakableSpecification\",\"cssSelector\":[\".article-content > p:first-of-type\"]}},{\"@type\":\"WebPage\",\"@id\":\"https:\\\/\\\/kohenavocats.com\\\/tr\\\/prolongation-garde-a-vue-notification-droits-avocat-nullite\\\/\",\"url\":\"https:\\\/\\\/kohenavocats.com\\\/tr\\\/prolongation-garde-a-vue-notification-droits-avocat-nullite\\\/\",\"name\":\"Prolongation de garde \u00e0 vue : notification des droits, avocat et nullit\u00e9 - Ma\u00eetre Hassan Kohen, avocat en droit p\u00e9nal \u00e0 Paris\",\"isPartOf\":{\"@id\":\"https:\\\/\\\/kohenavocats.com\\\/tr\\\/#website\"},\"primaryImageOfPage\":{\"@id\":\"https:\\\/\\\/kohenavocats.com\\\/tr\\\/prolongation-garde-a-vue-notification-droits-avocat-nullite\\\/#primaryimage\"},\"image\":{\"@id\":\"https:\\\/\\\/kohenavocats.com\\\/tr\\\/prolongation-garde-a-vue-notification-droits-avocat-nullite\\\/#primaryimage\"},\"thumbnailUrl\":\"https:\\\/\\\/kohenavocats.com\\\/wp-content\\\/uploads\\\/2024\\\/11\\\/planet-volumes-3eXgkMpE-pQ-unsplash.webp\",\"datePublished\":\"2026-04-25T10:08:34+00:00\",\"dateModified\":\"2026-04-28T13:21:03+00:00\",\"breadcrumb\":{\"@id\":\"https:\\\/\\\/kohenavocats.com\\\/tr\\\/prolongation-garde-a-vue-notification-droits-avocat-nullite\\\/#breadcrumb\"},\"inLanguage\":\"tr\",\"potentialAction\":[{\"@type\":\"ReadAction\",\"target\":[\"https:\\\/\\\/kohenavocats.com\\\/tr\\\/prolongation-garde-a-vue-notification-droits-avocat-nullite\\\/\"]}]},{\"@type\":\"ImageObject\",\"inLanguage\":\"tr\",\"@id\":\"https:\\\/\\\/kohenavocats.com\\\/tr\\\/prolongation-garde-a-vue-notification-droits-avocat-nullite\\\/#primaryimage\",\"url\":\"https:\\\/\\\/kohenavocats.com\\\/wp-content\\\/uploads\\\/2024\\\/11\\\/planet-volumes-3eXgkMpE-pQ-unsplash.webp\",\"contentUrl\":\"https:\\\/\\\/kohenavocats.com\\\/wp-content\\\/uploads\\\/2024\\\/11\\\/planet-volumes-3eXgkMpE-pQ-unsplash.webp\",\"width\":2200,\"height\":3500},{\"@type\":\"BreadcrumbList\",\"@id\":\"https:\\\/\\\/kohenavocats.com\\\/tr\\\/prolongation-garde-a-vue-notification-droits-avocat-nullite\\\/#breadcrumb\",\"itemListElement\":[{\"@type\":\"ListItem\",\"position\":1,\"name\":\"Home\",\"item\":\"https:\\\/\\\/kohenavocats.com\\\/tr\\\/avocats-en-droit-penal-a-paris-conseil-et-defense-strategique\\\/\"},{\"@type\":\"ListItem\",\"position\":2,\"name\":\"Prolongation de garde \u00e0 vue : notification des droits, avocat et nullit\u00e9\"}]},{\"@type\":\"WebSite\",\"@id\":\"https:\\\/\\\/kohenavocats.com\\\/tr\\\/#website\",\"url\":\"https:\\\/\\\/kohenavocats.com\\\/tr\\\/\",\"name\":\"Kohen Avocats\",\"description\":\"Ma\u00eetre Hassan Kohen, avocat p\u00e9naliste \u00e0 Paris, intervient exclusivement en droit p\u00e9nal pour la d\u00e9fense des particuliers, notamment en mati\u00e8re d\u2019accusations de viol. Il assure un accompagnement rigoureux d\u00e8s la garde \u00e0 vue jusqu\u2019\u00e0 la Cour d\u2019assises, veillant au strict respect des garanties proc\u00e9durales.\",\"publisher\":{\"@id\":\"https:\\\/\\\/kohenavocats.com\\\/tr\\\/#organization\"},\"potentialAction\":[{\"@type\":\"SearchAction\",\"target\":{\"@type\":\"EntryPoint\",\"urlTemplate\":\"https:\\\/\\\/kohenavocats.com\\\/tr\\\/?s={search_term_string}\"},\"query-input\":{\"@type\":\"PropertyValueSpecification\",\"valueRequired\":true,\"valueName\":\"search_term_string\"}}],\"inLanguage\":\"tr\"},{\"@type\":\"Organization\",\"@id\":\"https:\\\/\\\/kohenavocats.com\\\/tr\\\/#organization\",\"name\":\"Kohen Avocats\",\"url\":\"https:\\\/\\\/kohenavocats.com\\\/tr\\\/\",\"logo\":{\"@type\":\"ImageObject\",\"inLanguage\":\"tr\",\"@id\":\"https:\\\/\\\/kohenavocats.com\\\/tr\\\/#\\\/schema\\\/logo\\\/image\\\/\",\"url\":\"https:\\\/\\\/kohenavocats.com\\\/wp-content\\\/uploads\\\/2026\\\/01\\\/Logo-2-1.webp\",\"contentUrl\":\"https:\\\/\\\/kohenavocats.com\\\/wp-content\\\/uploads\\\/2026\\\/01\\\/Logo-2-1.webp\",\"width\":2114,\"height\":1253,\"caption\":\"Kohen Avocats\"},\"image\":{\"@id\":\"https:\\\/\\\/kohenavocats.com\\\/tr\\\/#\\\/schema\\\/logo\\\/image\\\/\"}},{\"@type\":\"Person\",\"@id\":\"https:\\\/\\\/kohenavocats.com\\\/tr\\\/#\\\/schema\\\/person\\\/761c9ba54fa1ca84d405cef0831ff751\",\"name\":\"Kohen\",\"image\":{\"@type\":\"ImageObject\",\"inLanguage\":\"tr\",\"@id\":\"https:\\\/\\\/secure.gravatar.com\\\/avatar\\\/1c5e76ef76bbbfdd2b4da984e2bf2fa4056fd51a27d25ce2c332047f1dfd6e00?s=96&d=identicon&r=g\",\"url\":\"https:\\\/\\\/secure.gravatar.com\\\/avatar\\\/1c5e76ef76bbbfdd2b4da984e2bf2fa4056fd51a27d25ce2c332047f1dfd6e00?s=96&d=identicon&r=g\",\"contentUrl\":\"https:\\\/\\\/secure.gravatar.com\\\/avatar\\\/1c5e76ef76bbbfdd2b4da984e2bf2fa4056fd51a27d25ce2c332047f1dfd6e00?s=96&d=identicon&r=g\",\"caption\":\"Kohen\"},\"sameAs\":[\"https:\\\/\\\/www.linkedin.com\\\/in\\\/hassan-kohen-448548192\\\/\",\"https:\\\/\\\/www.youtube.com\\\/@Kohen-Avocats\"],\"url\":\"https:\\\/\\\/kohenavocats.com\\\/tr\\\/author\\\/kohenmlk\\\/\"}]}<\/script>\n<!-- \/ Yoast SEO Premium plugin. -->","yoast_head_json":{"title":"Prolongation de garde \u00e0 vue : notification des droits, avocat et nullit\u00e9 - Ma\u00eetre Hassan Kohen, avocat en droit p\u00e9nal \u00e0 Paris","robots":{"index":"index","follow":"follow","max-snippet":"max-snippet:-1","max-image-preview":"max-image-preview:large","max-video-preview":"max-video-preview:-1"},"canonical":"https:\/\/kohenavocats.com\/tr\/prolongation-garde-a-vue-notification-droits-avocat-nullite\/","og_locale":"tr_TR","og_type":"article","og_title":"Prolongation de garde \u00e0 vue : notification des droits, avocat et nullit\u00e9","og_description":"Prolongation de garde \u00e0 vue : les droits \u00e0 notifier, le nouvel entretien avocat, le m\u00e9decin, les proc\u00e8s-verbaux \u00e0 contr\u00f4ler et les nullit\u00e9s possibles.","og_url":"https:\/\/kohenavocats.com\/tr\/prolongation-garde-a-vue-notification-droits-avocat-nullite\/","og_site_name":"Ma\u00eetre Hassan Kohen, avocat en droit p\u00e9nal \u00e0 Paris","article_published_time":"2026-04-25T10:08:34+00:00","article_modified_time":"2026-04-28T13:21:03+00:00","og_image":[{"width":2200,"height":3500,"url":"https:\/\/kohenavocats.com\/wp-content\/uploads\/2024\/11\/planet-volumes-3eXgkMpE-pQ-unsplash.webp","type":"image\/webp"}],"author":"Kohen","twitter_card":"summary_large_image","twitter_misc":{"Yazan:":"Kohen","Tahmini okuma s\u00fcresi":"13 dakika"},"schema":{"@context":"https:\/\/schema.org","@graph":[{"@type":"Article","@id":"https:\/\/kohenavocats.com\/tr\/prolongation-garde-a-vue-notification-droits-avocat-nullite\/#article","isPartOf":{"@id":"https:\/\/kohenavocats.com\/tr\/prolongation-garde-a-vue-notification-droits-avocat-nullite\/"},"author":{"name":"Kohen","@id":"https:\/\/kohenavocats.com\/tr\/#\/schema\/person\/761c9ba54fa1ca84d405cef0831ff751"},"headline":"Prolongation de garde \u00e0 vue : notification des droits, avocat et nullit\u00e9","datePublished":"2026-04-25T10:08:34+00:00","dateModified":"2026-04-28T13:21:03+00:00","mainEntityOfPage":{"@id":"https:\/\/kohenavocats.com\/tr\/prolongation-garde-a-vue-notification-droits-avocat-nullite\/"},"wordCount":2748,"commentCount":0,"publisher":{"@id":"https:\/\/kohenavocats.com\/tr\/#organization"},"image":{"@id":"https:\/\/kohenavocats.com\/tr\/prolongation-garde-a-vue-notification-droits-avocat-nullite\/#primaryimage"},"thumbnailUrl":"https:\/\/kohenavocats.com\/wp-content\/uploads\/2024\/11\/planet-volumes-3eXgkMpE-pQ-unsplash.webp","articleSection":["D\u00e9cryptage","P\u00e9nal"],"inLanguage":"tr","potentialAction":[{"@type":"CommentAction","name":"Comment","target":["https:\/\/kohenavocats.com\/tr\/prolongation-garde-a-vue-notification-droits-avocat-nullite\/#respond"]}],"citation":"Prolongation de garde \u00e0 vue : notification des droits, avocat et nullit\u00e9","about":[{"@type":"Thing","name":"D\u00e9cryptage"},{"@type":"Thing","name":"P\u00e9nal"}],"speakable":{"@type":"SpeakableSpecification","cssSelector":[".article-content > p:first-of-type"]}},{"@type":"WebPage","@id":"https:\/\/kohenavocats.com\/tr\/prolongation-garde-a-vue-notification-droits-avocat-nullite\/","url":"https:\/\/kohenavocats.com\/tr\/prolongation-garde-a-vue-notification-droits-avocat-nullite\/","name":"Prolongation de garde \u00e0 vue : notification des droits, avocat et nullit\u00e9 - Ma\u00eetre Hassan Kohen, avocat en droit p\u00e9nal \u00e0 Paris","isPartOf":{"@id":"https:\/\/kohenavocats.com\/tr\/#website"},"primaryImageOfPage":{"@id":"https:\/\/kohenavocats.com\/tr\/prolongation-garde-a-vue-notification-droits-avocat-nullite\/#primaryimage"},"image":{"@id":"https:\/\/kohenavocats.com\/tr\/prolongation-garde-a-vue-notification-droits-avocat-nullite\/#primaryimage"},"thumbnailUrl":"https:\/\/kohenavocats.com\/wp-content\/uploads\/2024\/11\/planet-volumes-3eXgkMpE-pQ-unsplash.webp","datePublished":"2026-04-25T10:08:34+00:00","dateModified":"2026-04-28T13:21:03+00:00","breadcrumb":{"@id":"https:\/\/kohenavocats.com\/tr\/prolongation-garde-a-vue-notification-droits-avocat-nullite\/#breadcrumb"},"inLanguage":"tr","potentialAction":[{"@type":"ReadAction","target":["https:\/\/kohenavocats.com\/tr\/prolongation-garde-a-vue-notification-droits-avocat-nullite\/"]}]},{"@type":"ImageObject","inLanguage":"tr","@id":"https:\/\/kohenavocats.com\/tr\/prolongation-garde-a-vue-notification-droits-avocat-nullite\/#primaryimage","url":"https:\/\/kohenavocats.com\/wp-content\/uploads\/2024\/11\/planet-volumes-3eXgkMpE-pQ-unsplash.webp","contentUrl":"https:\/\/kohenavocats.com\/wp-content\/uploads\/2024\/11\/planet-volumes-3eXgkMpE-pQ-unsplash.webp","width":2200,"height":3500},{"@type":"BreadcrumbList","@id":"https:\/\/kohenavocats.com\/tr\/prolongation-garde-a-vue-notification-droits-avocat-nullite\/#breadcrumb","itemListElement":[{"@type":"ListItem","position":1,"name":"Home","item":"https:\/\/kohenavocats.com\/tr\/avocats-en-droit-penal-a-paris-conseil-et-defense-strategique\/"},{"@type":"ListItem","position":2,"name":"Prolongation de garde \u00e0 vue : notification des droits, avocat et nullit\u00e9"}]},{"@type":"WebSite","@id":"https:\/\/kohenavocats.com\/tr\/#website","url":"https:\/\/kohenavocats.com\/tr\/","name":"Kohen Avocats","description":"Ma\u00eetre Hassan Kohen, avocat p\u00e9naliste \u00e0 Paris, intervient exclusivement en droit p\u00e9nal pour la d\u00e9fense des particuliers, notamment en mati\u00e8re d\u2019accusations de viol. Il assure un accompagnement rigoureux d\u00e8s la garde \u00e0 vue jusqu\u2019\u00e0 la Cour d\u2019assises, veillant au strict respect des garanties proc\u00e9durales.","publisher":{"@id":"https:\/\/kohenavocats.com\/tr\/#organization"},"potentialAction":[{"@type":"SearchAction","target":{"@type":"EntryPoint","urlTemplate":"https:\/\/kohenavocats.com\/tr\/?s={search_term_string}"},"query-input":{"@type":"PropertyValueSpecification","valueRequired":true,"valueName":"search_term_string"}}],"inLanguage":"tr"},{"@type":"Organization","@id":"https:\/\/kohenavocats.com\/tr\/#organization","name":"Kohen Avocats","url":"https:\/\/kohenavocats.com\/tr\/","logo":{"@type":"ImageObject","inLanguage":"tr","@id":"https:\/\/kohenavocats.com\/tr\/#\/schema\/logo\/image\/","url":"https:\/\/kohenavocats.com\/wp-content\/uploads\/2026\/01\/Logo-2-1.webp","contentUrl":"https:\/\/kohenavocats.com\/wp-content\/uploads\/2026\/01\/Logo-2-1.webp","width":2114,"height":1253,"caption":"Kohen Avocats"},"image":{"@id":"https:\/\/kohenavocats.com\/tr\/#\/schema\/logo\/image\/"}},{"@type":"Person","@id":"https:\/\/kohenavocats.com\/tr\/#\/schema\/person\/761c9ba54fa1ca84d405cef0831ff751","name":"Kohen","image":{"@type":"ImageObject","inLanguage":"tr","@id":"https:\/\/secure.gravatar.com\/avatar\/1c5e76ef76bbbfdd2b4da984e2bf2fa4056fd51a27d25ce2c332047f1dfd6e00?s=96&d=identicon&r=g","url":"https:\/\/secure.gravatar.com\/avatar\/1c5e76ef76bbbfdd2b4da984e2bf2fa4056fd51a27d25ce2c332047f1dfd6e00?s=96&d=identicon&r=g","contentUrl":"https:\/\/secure.gravatar.com\/avatar\/1c5e76ef76bbbfdd2b4da984e2bf2fa4056fd51a27d25ce2c332047f1dfd6e00?s=96&d=identicon&r=g","caption":"Kohen"},"sameAs":["https:\/\/www.linkedin.com\/in\/hassan-kohen-448548192\/","https:\/\/www.youtube.com\/@Kohen-Avocats"],"url":"https:\/\/kohenavocats.com\/tr\/author\/kohenmlk\/"}]}},"jetpack_featured_media_url":"https:\/\/kohenavocats.com\/wp-content\/uploads\/2024\/11\/planet-volumes-3eXgkMpE-pQ-unsplash.webp","jetpack_likes_enabled":false,"jetpack_shortlink":"https:\/\/wp.me\/peCrII-2QYs","jetpack-related-posts":[{"id":410380,"url":"https:\/\/kohenavocats.com\/tr\/la-garde-a-vue-regime-juridique-droits-fondamentaux-du-garde-a-vue-et-causes-de-nullite-en-jurisprudence\/","url_meta":{"origin":680292,"position":0},"title":"La garde \u00e0 vue : r\u00e9gime juridique, droits fondamentaux du gard\u00e9 \u00e0 vue et causes de nullit\u00e9 en jurisprudence","author":"Kohen","date":"10 Mart 2026","format":false,"excerpt":"La garde \u00e0 vue constitue l'une des mesures les plus sensibles de la proc\u00e9dure p\u00e9nale fran\u00e7aise. D\u00e9finie \u00e0 l'article 62-2 du Code de proc\u00e9dure p\u00e9nale, elle permet \u00e0 un officier de police judiciaire de retenir une personne soup\u00e7onn\u00e9e d'avoir commis ou tent\u00e9 de commettre un crime ou un d\u00e9lit puni\u2026","rel":"","context":"&quot;6923&quot; i\u00e7inde","block_context":{"text":"6923","link":"https:\/\/kohenavocats.com\/category\/6923\/"},"img":{"alt_text":"","src":"https:\/\/i0.wp.com\/kohenavocats.com\/wp-content\/uploads\/2024\/11\/tim-schmidbauer-EnC5f7At4ac-unsplash.webp?resize=350%2C200&ssl=1","width":350,"height":200,"srcset":"https:\/\/i0.wp.com\/kohenavocats.com\/wp-content\/uploads\/2024\/11\/tim-schmidbauer-EnC5f7At4ac-unsplash.webp?resize=350%2C200&ssl=1 1x, https:\/\/i0.wp.com\/kohenavocats.com\/wp-content\/uploads\/2024\/11\/tim-schmidbauer-EnC5f7At4ac-unsplash.webp?resize=525%2C300&ssl=1 1.5x, https:\/\/i0.wp.com\/kohenavocats.com\/wp-content\/uploads\/2024\/11\/tim-schmidbauer-EnC5f7At4ac-unsplash.webp?resize=700%2C400&ssl=1 2x, https:\/\/i0.wp.com\/kohenavocats.com\/wp-content\/uploads\/2024\/11\/tim-schmidbauer-EnC5f7At4ac-unsplash.webp?resize=1050%2C600&ssl=1 3x, https:\/\/i0.wp.com\/kohenavocats.com\/wp-content\/uploads\/2024\/11\/tim-schmidbauer-EnC5f7At4ac-unsplash.webp?resize=1400%2C800&ssl=1 4x"},"classes":[]},{"id":410449,"url":"https:\/\/kohenavocats.com\/tr\/la-garde-a-vue-en-droit-penal-nullites-procedurales-et-droits-fondamentaux-du-garde-a-vue-a-la-lumiere-de-la-jurisprudence-recente\/","url_meta":{"origin":680292,"position":1},"title":"La garde \u00e0 vue en droit p\u00e9nal : nullit\u00e9s proc\u00e9durales et droits fondamentaux du gard\u00e9 \u00e0 vue \u00e0 la lumi\u00e8re de la jurisprudence r\u00e9cente","author":"Kohen","date":"12 Mart 2026","format":false,"excerpt":"La garde \u00e0 vue constitue l'une des mesures de contrainte les plus fr\u00e9quemment mises en \u0153uvre dans le cadre des enqu\u00eates p\u00e9nales. D\u00e9finie par l'article 62-2 du Code de proc\u00e9dure p\u00e9nale comme le maintien d'une personne soup\u00e7onn\u00e9e \u00e0 la disposition des enqu\u00eateurs, cette mesure restreint consid\u00e9rablement les libert\u00e9s individuelles. D\u00e8s\u2026","rel":"","context":"&quot;6923&quot; i\u00e7inde","block_context":{"text":"6923","link":"https:\/\/kohenavocats.com\/category\/6923\/"},"img":{"alt_text":"","src":"https:\/\/i0.wp.com\/kohenavocats.com\/wp-content\/uploads\/2024\/11\/pawel-czerwinski-WVPJ3ISFRZs-unsplash.webp?resize=350%2C200&ssl=1","width":350,"height":200,"srcset":"https:\/\/i0.wp.com\/kohenavocats.com\/wp-content\/uploads\/2024\/11\/pawel-czerwinski-WVPJ3ISFRZs-unsplash.webp?resize=350%2C200&ssl=1 1x, https:\/\/i0.wp.com\/kohenavocats.com\/wp-content\/uploads\/2024\/11\/pawel-czerwinski-WVPJ3ISFRZs-unsplash.webp?resize=525%2C300&ssl=1 1.5x, https:\/\/i0.wp.com\/kohenavocats.com\/wp-content\/uploads\/2024\/11\/pawel-czerwinski-WVPJ3ISFRZs-unsplash.webp?resize=700%2C400&ssl=1 2x, https:\/\/i0.wp.com\/kohenavocats.com\/wp-content\/uploads\/2024\/11\/pawel-czerwinski-WVPJ3ISFRZs-unsplash.webp?resize=1050%2C600&ssl=1 3x, https:\/\/i0.wp.com\/kohenavocats.com\/wp-content\/uploads\/2024\/11\/pawel-czerwinski-WVPJ3ISFRZs-unsplash.webp?resize=1400%2C800&ssl=1 4x"},"classes":[]},{"id":653150,"url":"https:\/\/kohenavocats.com\/tr\/garde-a-vue-prolongee-48h-96h-qui-decide-avocat-sortie\/","url_meta":{"origin":680292,"position":2},"title":"Garde \u00e0 vue prolong\u00e9e \u00e0 48 heures ou 96 heures : qui d\u00e9cide, que peut faire l&#8217;avocat et quand sort-on ?","author":"Kohen","date":"23 Nisan 2026","format":false,"excerpt":"Garde \u00e0 vue prolong\u00e9e \u00e0 48h ou 96h : autorisation du parquet, r\u00e9gime d\u00e9rogatoire, r\u00f4le de l'avocat et issue concr\u00e8te de la mesure.","rel":"","context":"&quot;Non cat\u00e9goris\u00e9&quot; i\u00e7inde","block_context":{"text":"Non cat\u00e9goris\u00e9","link":"https:\/\/kohenavocats.com\/category\/non-categorise\/"},"img":{"alt_text":"","src":"https:\/\/i0.wp.com\/kohenavocats.com\/wp-content\/uploads\/2024\/08\/william-krause-irBbDi2HoLg-unsplash.webp?resize=350%2C200&ssl=1","width":350,"height":200,"srcset":"https:\/\/i0.wp.com\/kohenavocats.com\/wp-content\/uploads\/2024\/08\/william-krause-irBbDi2HoLg-unsplash.webp?resize=350%2C200&ssl=1 1x, https:\/\/i0.wp.com\/kohenavocats.com\/wp-content\/uploads\/2024\/08\/william-krause-irBbDi2HoLg-unsplash.webp?resize=525%2C300&ssl=1 1.5x, https:\/\/i0.wp.com\/kohenavocats.com\/wp-content\/uploads\/2024\/08\/william-krause-irBbDi2HoLg-unsplash.webp?resize=700%2C400&ssl=1 2x, https:\/\/i0.wp.com\/kohenavocats.com\/wp-content\/uploads\/2024\/08\/william-krause-irBbDi2HoLg-unsplash.webp?resize=1050%2C600&ssl=1 3x, https:\/\/i0.wp.com\/kohenavocats.com\/wp-content\/uploads\/2024\/08\/william-krause-irBbDi2HoLg-unsplash.webp?resize=1400%2C800&ssl=1 4x"},"classes":[]},{"id":410269,"url":"https:\/\/kohenavocats.com\/tr\/la-garde-a-vue-et-le-controle-de-proportionnalite-exigences-de-larticle-62-2-du-cpp-et-nullites-procedurales-en-jurisprudence-recente\/","url_meta":{"origin":680292,"position":3},"title":"La garde \u00e0 vue et le contr\u00f4le de proportionnalit\u00e9 : exigences de l&#8217;article 62-2 du CPP et nullit\u00e9s proc\u00e9durales en jurisprudence r\u00e9cente","author":"Kohen","date":"8 Mart 2026","format":false,"excerpt":"La garde \u00e0 vue constitue la mesure de contrainte p\u00e9nale la plus fr\u00e9quemment mise en \u0153uvre dans le cadre des enqu\u00eates judiciaires. D\u00e9finie par l'article 62-2 du Code de proc\u00e9dure p\u00e9nale comme une mesure par laquelle une personne soup\u00e7onn\u00e9e est maintenue \u00e0 la disposition des enqu\u00eateurs, elle ob\u00e9it \u00e0 un\u2026","rel":"","context":"&quot;6923&quot; i\u00e7inde","block_context":{"text":"6923","link":"https:\/\/kohenavocats.com\/category\/6923\/"},"img":{"alt_text":"","src":"https:\/\/i0.wp.com\/kohenavocats.com\/wp-content\/uploads\/2024\/11\/anita-austvika-c3a-Tr6CM1Q-unsplash.webp?resize=350%2C200&ssl=1","width":350,"height":200,"srcset":"https:\/\/i0.wp.com\/kohenavocats.com\/wp-content\/uploads\/2024\/11\/anita-austvika-c3a-Tr6CM1Q-unsplash.webp?resize=350%2C200&ssl=1 1x, https:\/\/i0.wp.com\/kohenavocats.com\/wp-content\/uploads\/2024\/11\/anita-austvika-c3a-Tr6CM1Q-unsplash.webp?resize=525%2C300&ssl=1 1.5x, https:\/\/i0.wp.com\/kohenavocats.com\/wp-content\/uploads\/2024\/11\/anita-austvika-c3a-Tr6CM1Q-unsplash.webp?resize=700%2C400&ssl=1 2x, https:\/\/i0.wp.com\/kohenavocats.com\/wp-content\/uploads\/2024\/11\/anita-austvika-c3a-Tr6CM1Q-unsplash.webp?resize=1050%2C600&ssl=1 3x, https:\/\/i0.wp.com\/kohenavocats.com\/wp-content\/uploads\/2024\/11\/anita-austvika-c3a-Tr6CM1Q-unsplash.webp?resize=1400%2C800&ssl=1 4x"},"classes":[]},{"id":410284,"url":"https:\/\/kohenavocats.com\/tr\/la-garde-a-vue-et-le-droit-a-lavocat-retards-de-notification-nullites-et-evolutions-jurisprudentielles-recentes\/","url_meta":{"origin":680292,"position":4},"title":"La garde \u00e0 vue et le droit \u00e0 l&#8217;avocat : retards de notification, nullit\u00e9s et \u00e9volutions jurisprudentielles r\u00e9centes","author":"Kohen","date":"9 Mart 2026","format":false,"excerpt":"La garde \u00e0 vue constitue l'une des mesures les plus attentatoires aux libert\u00e9s individuelles que le droit de la proc\u00e9dure p\u00e9nale fran\u00e7aise autorise. Encadr\u00e9e par les articles 62-2 et suivants du Code de proc\u00e9dure p\u00e9nale, elle permet \u00e0 un officier de police judiciaire de retenir une personne soup\u00e7onn\u00e9e d'avoir commis\u2026","rel":"","context":"&quot;6923&quot; i\u00e7inde","block_context":{"text":"6923","link":"https:\/\/kohenavocats.com\/category\/6923\/"},"img":{"alt_text":"","src":"https:\/\/i0.wp.com\/kohenavocats.com\/wp-content\/uploads\/2024\/08\/clay-banks-5JQAKBU0vG8-unsplash.webp?resize=350%2C200&ssl=1","width":350,"height":200,"srcset":"https:\/\/i0.wp.com\/kohenavocats.com\/wp-content\/uploads\/2024\/08\/clay-banks-5JQAKBU0vG8-unsplash.webp?resize=350%2C200&ssl=1 1x, https:\/\/i0.wp.com\/kohenavocats.com\/wp-content\/uploads\/2024\/08\/clay-banks-5JQAKBU0vG8-unsplash.webp?resize=525%2C300&ssl=1 1.5x, https:\/\/i0.wp.com\/kohenavocats.com\/wp-content\/uploads\/2024\/08\/clay-banks-5JQAKBU0vG8-unsplash.webp?resize=700%2C400&ssl=1 2x, https:\/\/i0.wp.com\/kohenavocats.com\/wp-content\/uploads\/2024\/08\/clay-banks-5JQAKBU0vG8-unsplash.webp?resize=1050%2C600&ssl=1 3x, https:\/\/i0.wp.com\/kohenavocats.com\/wp-content\/uploads\/2024\/08\/clay-banks-5JQAKBU0vG8-unsplash.webp?resize=1400%2C800&ssl=1 4x"},"classes":[]},{"id":235718,"url":"https:\/\/kohenavocats.com\/tr\/garde-a-vue\/","url_meta":{"origin":680292,"position":5},"title":"Garde \u00e0 vue","author":"Kohen","date":"20 Nisan 2026","format":false,"excerpt":"Information : Cette fiche presente les regles generales applicables. Votre situation personnelle peut necessiter une analyse specifique. Contactez notre cabinet pour un accompagnement personnalise. La garde \u00e0 vue est une mesure privative de libert\u00e9 prise lors d'une enqu\u00eate judiciaire \u00e0 l'encontre d'une personne suspect\u00e9e d'avoir commis une infraction. Nous vous\u2026","rel":"","context":"&quot;6908&quot; i\u00e7inde","block_context":{"text":"6908","link":"https:\/\/kohenavocats.com\/category\/6908\/"},"img":{"alt_text":"","src":"https:\/\/i0.wp.com\/kohenavocats.com\/wp-content\/uploads\/2024\/11\/mohamed-nohassi-hj1WiuQsWzY-unsplash.webp?resize=350%2C200&ssl=1","width":350,"height":200,"srcset":"https:\/\/i0.wp.com\/kohenavocats.com\/wp-content\/uploads\/2024\/11\/mohamed-nohassi-hj1WiuQsWzY-unsplash.webp?resize=350%2C200&ssl=1 1x, https:\/\/i0.wp.com\/kohenavocats.com\/wp-content\/uploads\/2024\/11\/mohamed-nohassi-hj1WiuQsWzY-unsplash.webp?resize=525%2C300&ssl=1 1.5x, https:\/\/i0.wp.com\/kohenavocats.com\/wp-content\/uploads\/2024\/11\/mohamed-nohassi-hj1WiuQsWzY-unsplash.webp?resize=700%2C400&ssl=1 2x, https:\/\/i0.wp.com\/kohenavocats.com\/wp-content\/uploads\/2024\/11\/mohamed-nohassi-hj1WiuQsWzY-unsplash.webp?resize=1050%2C600&ssl=1 3x, https:\/\/i0.wp.com\/kohenavocats.com\/wp-content\/uploads\/2024\/11\/mohamed-nohassi-hj1WiuQsWzY-unsplash.webp?resize=1400%2C800&ssl=1 4x"},"classes":[]}],"jetpack_sharing_enabled":true,"_links":{"self":[{"href":"https:\/\/kohenavocats.com\/tr\/wp-json\/wp\/v2\/posts\/680292","targetHints":{"allow":["GET"]}}],"collection":[{"href":"https:\/\/kohenavocats.com\/tr\/wp-json\/wp\/v2\/posts"}],"about":[{"href":"https:\/\/kohenavocats.com\/tr\/wp-json\/wp\/v2\/types\/post"}],"author":[{"embeddable":true,"href":"https:\/\/kohenavocats.com\/tr\/wp-json\/wp\/v2\/users\/232070755"}],"replies":[{"embeddable":true,"href":"https:\/\/kohenavocats.com\/tr\/wp-json\/wp\/v2\/comments?post=680292"}],"version-history":[{"count":3,"href":"https:\/\/kohenavocats.com\/tr\/wp-json\/wp\/v2\/posts\/680292\/revisions"}],"predecessor-version":[{"id":732679,"href":"https:\/\/kohenavocats.com\/tr\/wp-json\/wp\/v2\/posts\/680292\/revisions\/732679"}],"wp:featuredmedia":[{"embeddable":true,"href":"https:\/\/kohenavocats.com\/tr\/wp-json\/wp\/v2\/media\/9492"}],"wp:attachment":[{"href":"https:\/\/kohenavocats.com\/tr\/wp-json\/wp\/v2\/media?parent=680292"}],"wp:term":[{"taxonomy":"category","embeddable":true,"href":"https:\/\/kohenavocats.com\/tr\/wp-json\/wp\/v2\/categories?post=680292"},{"taxonomy":"post_tag","embeddable":true,"href":"https:\/\/kohenavocats.com\/tr\/wp-json\/wp\/v2\/tags?post=680292"}],"curies":[{"name":"wp","href":"https:\/\/api.w.org\/{rel}","templated":true}]}}