{"id":685560,"date":"2026-04-25T20:49:21","date_gmt":"2026-04-25T18:49:21","guid":{"rendered":"https:\/\/kohenavocats.com\/cour-de-cassation-le-9-juillet-2025-n23-22-063\/"},"modified":"2026-04-25T20:49:21","modified_gmt":"2026-04-25T18:49:21","slug":"cour-de-cassation-le-9-juillet-2025-n23-22-063","status":"publish","type":"post","link":"https:\/\/kohenavocats.com\/tr\/cour-de-cassation-le-9-juillet-2025-n23-22-063\/","title":{"rendered":"Cour de cassation, le 9 juillet 2025, n\u00b023-22.063"},"content":{"rendered":"<div class=\"article-content\">\n<p>Par un arr\u00eat de la Cour de cassation, premi\u00e8re chambre civile, du 9 juillet 2025, les juges pr\u00e9cisent l&#8217;articulation des obligations de remboursement des voyages \u00e0 forfait. Un couple de voyageurs avait acquis aupr\u00e8s d&#8217;une agence d\u00e9taillante une croisi\u00e8re pr\u00e9vue fin octobre 2020 ; l&#8217;organisateur a finalement annul\u00e9 le s\u00e9jour pour cause sanitaire. Entre professionnels, des avenants puis un accord ult\u00e9rieur ont r\u00e9gl\u00e9 des restitutions, avant qu&#8217;une demande de remboursement et de dommages soit form\u00e9e contre le d\u00e9taillant, subsidiairement contre l&#8217;organisateur. Par un jugement du tribunal judiciaire de Marseille du 2 d\u00e9cembre 2022, la demande contre le d\u00e9taillant a \u00e9t\u00e9 accueillie ; ce dernier a sollicit\u00e9 la garantie de l&#8217;organisateur. Un pourvoi a \u00e9t\u00e9 form\u00e9, contestant l&#8217;\u00e9tendue des obligations respectives et la port\u00e9e des accords intervenus ; la Haute juridiction rejette le pourvoi. La question pos\u00e9e tenait \u00e0 l&#8217;identification des d\u00e9biteurs de la restitution en cas de circonstances exceptionnelles, et au recours du d\u00e9taillant ayant d\u00e9sint\u00e9ress\u00e9 le voyageur. La Cour admet la dette conjointe de restitution du d\u00e9taillant et de l&#8217;organisateur et pr\u00e9cise le recours, tout en validant le rejet des pr\u00e9tentions contre l&#8217;organisateur.<\/p>\n<p>I. L\u2019\u00e9conomie de la solution retenue<\/p>\n<p>A. Le double d\u00e9biteur de la restitution en cas d\u2019annulation<br \/>\nLa Cour affirme un principe clair. Elle \u00e9nonce : &#8220;Ainsi, en cas d&#8217;annulation des prestations en raison de circonstances exceptionnelles et in\u00e9vitables, tant l&#8217;agence de voyage que l&#8217;organisateur du voyage sont tenus de rembourser la somme vers\u00e9e par le voyageur&#8221;. Le motif articule l&#8217;article L 211-14, III, 2, du code du tourisme avec le r\u00e9gime du forfait, et consacre une restitution conjointe. Le voyageur peut donc r\u00e9clamer l&#8217;int\u00e9gralit\u00e9 des sommes \u00e0 l&#8217;un ou l&#8217;autre, sans pr\u00e9judice des rapports internes entre professionnels.<\/p>\n<p>B. L\u2019am\u00e9nagement du recours interne du d\u00e9taillant contre l\u2019organisateur<br \/>\nLa Cour pr\u00e9cise ensuite la port\u00e9e du recours interne : &#8220;Il se d\u00e9duit de ce qui pr\u00e9c\u00e8de que, en cas d&#8217;annulation du voyage en raison de circonstances exceptionnelles et in\u00e9vitables, l&#8217;agence de voyage ayant d\u00e9sint\u00e9ress\u00e9 le voyageur peut obtenir de l&#8217;organisateur de voyage le remboursement :&#8221;. &#8221; &#8211; des sommes que l&#8217;organisateur a re\u00e7ues au titre de prestations qu&#8217;il devait assurer et qui n&#8217;ont pas \u00e9t\u00e9 ex\u00e9cut\u00e9es ;&#8221;. &#8221; &#8211; le cas \u00e9ch\u00e9ant, des sommes dues au voyageur \u00e0 titre de dommages et int\u00e9r\u00eats en cas de notification tardive de l&#8217;annulation par l&#8217;organisateur.&#8221;. Le recours recouvre d&#8217;abord la r\u00e9p\u00e9tition des paiements encaiss\u00e9s pour des prestations annul\u00e9es. Il peut en outre inclure l&#8217;indemnisation corr\u00e9l\u00e9e \u00e0 une notification tardive, \u00e0 condition d&#8217;\u00e9tablir ce retard et son lien causal. La solution \u00e9quilibre la protection du voyageur et la r\u00e9partition interne des risques, en assujettissant l\u2019indemnitaire \u00e0 la preuve d\u2019un manquement d\u2019information.<\/p>\n<p>II. Port\u00e9e et appr\u00e9ciation<\/p>\n<p>A. Substitution de motifs et refus de renvoi pr\u00e9judiciel<br \/>\nLa Cour assoit son raisonnement sur une base proc\u00e9durale ferme : &#8220;Par ces motifs de pur droit, substitu\u00e9s \u00e0 ceux critiqu\u00e9s, dans les conditions pr\u00e9vues par les articles 620, alin\u00e9a 1er, et 1015 du code de proc\u00e9dure civile, le jugement se trouve l\u00e9galement justifi\u00e9&#8221;. Elle ajoute : &#8220;DIT n&#8217;y avoir lieu de poser une question pr\u00e9judicielle \u00e0 la Cour de justice de l&#8217;Union europ\u00e9enne&#8221;. La substitution op\u00e9r\u00e9e conf\u00e8re \u00e0 l\u2019arr\u00eat une efficacit\u00e9 normative sans remise, tout en s\u00e9curisant l\u2019interpr\u00e9tation retenue. Le refus de renvoi consacre un acte clair au regard de la directive sur les voyages \u00e0 forfait, l\u2019issue d\u00e9coulant d\u2019une lecture harmonis\u00e9e de la restitution et de ses limites.<\/p>\n<p>B. Incidences pratiques pour les litiges post\u2011crise sanitaire<br \/>\nLe juge du fond a retenu des circonstances exceptionnelles au sens de l&#8217;article L 211-14, III, 2, l\u00e9gitimant la r\u00e9solution et excluant toute indemnisation suppl\u00e9mentaire. La Cour en d\u00e9duit, compte tenu d\u2019un accord interprofessionnel de restitution, que l\u2019action directe contre l\u2019organisateur devait \u00eatre \u00e9cart\u00e9e, la restitution demeurant due par le d\u00e9taillant. La solution structure la pr\u00e9vention du risque : informer \u00e0 temps pour \u00e9viter l\u2019indemnitaire ; tracer les flux pour faciliter la r\u00e9p\u00e9tition entre professionnels. Pour les voyageurs, le remboursement est assur\u00e9 contre l\u2019un des deux op\u00e9rateurs ; pour ces derniers, l\u2019indemnisation n\u2019intervient qu\u2019en cas de notification tardive pr\u00e9cis\u00e9ment d\u00e9montr\u00e9e.<\/p>\n<\/div>\n","protected":false},"excerpt":{"rendered":"<p>Par un arr\u00eat de la Cour de cassation, premi\u00e8re chambre civile, du 9 juillet 2025, les juges pr\u00e9cisent l&#8217;articulation des obligations de remboursement des voy&#8230;<\/p>\n","protected":false},"author":232070755,"featured_media":9519,"comment_status":"open","ping_status":"open","sticky":false,"template":"","format":"standard","meta":{"_crdt_document":"","_jetpack_newsletter_access":"","_jetpack_dont_email_post_to_subs":false,"_jetpack_newsletter_tier_id":0,"_jetpack_memberships_contains_paywalled_content":false,"_kj_source_type":"judilibre","_kj_official_id":"686e027de0a6f0ca1546efac","_kj_official_url":"https:\/\/www.courdecassation.fr\/decision\/686e027de0a6f0ca1546efac","_kj_judilibre_id":"686e027de0a6f0ca1546efac","_kj_jur":"Cour de cassation","_kj_lieu":"","_kj_chambre":"Premi\u00e8re chambre civile","_kj_rg":"23-22.063","_kj_date":"2025-07-09","_jetpack_memberships_contains_paid_content":false,"footnotes":"","jetpack_post_was_ever_published":false},"categories":[7597],"tags":[],"class_list":["post-685560","post","type-post","status-publish","format-standard","has-post-thumbnail","hentry","category-jurisprudence"],"yoast_head":"<!-- This site is optimized with the Yoast SEO Premium plugin v27.5 (Yoast SEO v27.5) - https:\/\/yoast.com\/product\/yoast-seo-premium-wordpress\/ -->\n<title>Cour de cassation, le 9 juillet 2025, n\u00b023-22.063 - Ma\u00eetre Hassan Kohen, avocat en droit p\u00e9nal \u00e0 Paris<\/title>\n<meta name=\"description\" content=\"Par un arr\u00eat de la Cour de cassation, premi\u00e8re chambre civile, du 9 juillet 2025, les juges pr\u00e9cisent l&#039;articulation des obligations de remboursement des voy...\" \/>\n<meta name=\"robots\" content=\"index, follow, max-snippet:-1, max-image-preview:large, max-video-preview:-1\" \/>\n<link rel=\"canonical\" href=\"https:\/\/kohenavocats.com\/tr\/cour-de-cassation-le-9-juillet-2025-n23-22-063\/\" \/>\n<meta property=\"og:locale\" content=\"tr_TR\" \/>\n<meta property=\"og:type\" content=\"article\" \/>\n<meta property=\"og:title\" content=\"Cour de cassation, le 9 juillet 2025, n\u00b023-22.063\" \/>\n<meta property=\"og:description\" content=\"Par un arr\u00eat de la Cour de cassation, premi\u00e8re chambre civile, du 9 juillet 2025, les juges pr\u00e9cisent l&#039;articulation des obligations de remboursement des voy...\" \/>\n<meta property=\"og:url\" content=\"https:\/\/kohenavocats.com\/tr\/cour-de-cassation-le-9-juillet-2025-n23-22-063\/\" \/>\n<meta property=\"og:site_name\" content=\"Ma\u00eetre Hassan Kohen, avocat en droit p\u00e9nal \u00e0 Paris\" \/>\n<meta property=\"article:published_time\" content=\"2026-04-25T18:49:21+00:00\" \/>\n<meta property=\"og:image\" content=\"https:\/\/kohenavocats.com\/wp-content\/uploads\/2024\/11\/getty-images-Sk9JF1KDz6M-unsplash.webp\" \/>\n\t<meta property=\"og:image:width\" content=\"8000\" \/>\n\t<meta property=\"og:image:height\" content=\"5333\" \/>\n\t<meta property=\"og:image:type\" content=\"image\/webp\" \/>\n<meta name=\"author\" content=\"Kohen\" \/>\n<meta name=\"twitter:card\" content=\"summary_large_image\" \/>\n<meta name=\"twitter:label1\" content=\"Yazan:\" \/>\n\t<meta name=\"twitter:data1\" content=\"Kohen\" \/>\n\t<meta name=\"twitter:label2\" content=\"Tahmini okuma s\u00fcresi\" \/>\n\t<meta name=\"twitter:data2\" content=\"4 dakika\" \/>\n<script type=\"application\/ld+json\" class=\"yoast-schema-graph\">{\"@context\":\"https:\\\/\\\/schema.org\",\"@graph\":[{\"@type\":\"Article\",\"@id\":\"https:\\\/\\\/kohenavocats.com\\\/tr\\\/cour-de-cassation-le-9-juillet-2025-n23-22-063\\\/#article\",\"isPartOf\":{\"@id\":\"https:\\\/\\\/kohenavocats.com\\\/tr\\\/cour-de-cassation-le-9-juillet-2025-n23-22-063\\\/\"},\"author\":{\"name\":\"Kohen\",\"@id\":\"https:\\\/\\\/kohenavocats.com\\\/tr\\\/#\\\/schema\\\/person\\\/761c9ba54fa1ca84d405cef0831ff751\"},\"headline\":\"Cour de cassation, le 9 juillet 2025, n\u00b023-22.063\",\"datePublished\":\"2026-04-25T18:49:21+00:00\",\"mainEntityOfPage\":{\"@id\":\"https:\\\/\\\/kohenavocats.com\\\/tr\\\/cour-de-cassation-le-9-juillet-2025-n23-22-063\\\/\"},\"wordCount\":779,\"commentCount\":0,\"publisher\":{\"@id\":\"https:\\\/\\\/kohenavocats.com\\\/tr\\\/#organization\"},\"image\":{\"@id\":\"https:\\\/\\\/kohenavocats.com\\\/tr\\\/cour-de-cassation-le-9-juillet-2025-n23-22-063\\\/#primaryimage\"},\"thumbnailUrl\":\"https:\\\/\\\/kohenavocats.com\\\/wp-content\\\/uploads\\\/2024\\\/11\\\/getty-images-Sk9JF1KDz6M-unsplash.webp\",\"articleSection\":[\"Jurisprudence\"],\"inLanguage\":\"tr\",\"potentialAction\":[{\"@type\":\"CommentAction\",\"name\":\"Comment\",\"target\":[\"https:\\\/\\\/kohenavocats.com\\\/tr\\\/cour-de-cassation-le-9-juillet-2025-n23-22-063\\\/#respond\"]}],\"citation\":\"Cour de cassation, le 9 juillet 2025, n\u00b023-22.063\",\"about\":[{\"@type\":\"Thing\",\"name\":\"Jurisprudence\"}],\"dateModified\":\"2026-04-25T18:49:21+00:00\",\"speakable\":{\"@type\":\"SpeakableSpecification\",\"cssSelector\":[\".article-content > p:first-of-type\"]}},{\"@type\":\"WebPage\",\"@id\":\"https:\\\/\\\/kohenavocats.com\\\/tr\\\/cour-de-cassation-le-9-juillet-2025-n23-22-063\\\/\",\"url\":\"https:\\\/\\\/kohenavocats.com\\\/tr\\\/cour-de-cassation-le-9-juillet-2025-n23-22-063\\\/\",\"name\":\"Cour de cassation, le 9 juillet 2025, n\u00b023-22.063 - Ma\u00eetre Hassan Kohen, avocat en droit p\u00e9nal \u00e0 Paris\",\"isPartOf\":{\"@id\":\"https:\\\/\\\/kohenavocats.com\\\/tr\\\/#website\"},\"primaryImageOfPage\":{\"@id\":\"https:\\\/\\\/kohenavocats.com\\\/tr\\\/cour-de-cassation-le-9-juillet-2025-n23-22-063\\\/#primaryimage\"},\"image\":{\"@id\":\"https:\\\/\\\/kohenavocats.com\\\/tr\\\/cour-de-cassation-le-9-juillet-2025-n23-22-063\\\/#primaryimage\"},\"thumbnailUrl\":\"https:\\\/\\\/kohenavocats.com\\\/wp-content\\\/uploads\\\/2024\\\/11\\\/getty-images-Sk9JF1KDz6M-unsplash.webp\",\"datePublished\":\"2026-04-25T18:49:21+00:00\",\"description\":\"Par un arr\u00eat de la Cour de cassation, premi\u00e8re chambre civile, du 9 juillet 2025, les juges pr\u00e9cisent l'articulation des obligations de remboursement des voy...\",\"breadcrumb\":{\"@id\":\"https:\\\/\\\/kohenavocats.com\\\/tr\\\/cour-de-cassation-le-9-juillet-2025-n23-22-063\\\/#breadcrumb\"},\"inLanguage\":\"tr\",\"potentialAction\":[{\"@type\":\"ReadAction\",\"target\":[\"https:\\\/\\\/kohenavocats.com\\\/tr\\\/cour-de-cassation-le-9-juillet-2025-n23-22-063\\\/\"]}]},{\"@type\":\"ImageObject\",\"inLanguage\":\"tr\",\"@id\":\"https:\\\/\\\/kohenavocats.com\\\/tr\\\/cour-de-cassation-le-9-juillet-2025-n23-22-063\\\/#primaryimage\",\"url\":\"https:\\\/\\\/kohenavocats.com\\\/wp-content\\\/uploads\\\/2024\\\/11\\\/getty-images-Sk9JF1KDz6M-unsplash.webp\",\"contentUrl\":\"https:\\\/\\\/kohenavocats.com\\\/wp-content\\\/uploads\\\/2024\\\/11\\\/getty-images-Sk9JF1KDz6M-unsplash.webp\",\"width\":8000,\"height\":5333},{\"@type\":\"BreadcrumbList\",\"@id\":\"https:\\\/\\\/kohenavocats.com\\\/tr\\\/cour-de-cassation-le-9-juillet-2025-n23-22-063\\\/#breadcrumb\",\"itemListElement\":[{\"@type\":\"ListItem\",\"position\":1,\"name\":\"Home\",\"item\":\"https:\\\/\\\/kohenavocats.com\\\/tr\\\/avocats-en-droit-penal-a-paris-conseil-et-defense-strategique\\\/\"},{\"@type\":\"ListItem\",\"position\":2,\"name\":\"Cour de cassation, le 9 juillet 2025, n\u00b023-22.063\"}]},{\"@type\":\"WebSite\",\"@id\":\"https:\\\/\\\/kohenavocats.com\\\/tr\\\/#website\",\"url\":\"https:\\\/\\\/kohenavocats.com\\\/tr\\\/\",\"name\":\"Kohen Avocats\",\"description\":\"Ma\u00eetre Hassan Kohen, avocat p\u00e9naliste \u00e0 Paris, intervient exclusivement en droit p\u00e9nal pour la d\u00e9fense des particuliers, notamment en mati\u00e8re d\u2019accusations de viol. Il assure un accompagnement rigoureux d\u00e8s la garde \u00e0 vue jusqu\u2019\u00e0 la Cour d\u2019assises, veillant au strict respect des garanties proc\u00e9durales.\",\"publisher\":{\"@id\":\"https:\\\/\\\/kohenavocats.com\\\/tr\\\/#organization\"},\"potentialAction\":[{\"@type\":\"SearchAction\",\"target\":{\"@type\":\"EntryPoint\",\"urlTemplate\":\"https:\\\/\\\/kohenavocats.com\\\/tr\\\/?s={search_term_string}\"},\"query-input\":{\"@type\":\"PropertyValueSpecification\",\"valueRequired\":true,\"valueName\":\"search_term_string\"}}],\"inLanguage\":\"tr\"},{\"@type\":\"Organization\",\"@id\":\"https:\\\/\\\/kohenavocats.com\\\/tr\\\/#organization\",\"name\":\"Kohen Avocats\",\"url\":\"https:\\\/\\\/kohenavocats.com\\\/tr\\\/\",\"logo\":{\"@type\":\"ImageObject\",\"inLanguage\":\"tr\",\"@id\":\"https:\\\/\\\/kohenavocats.com\\\/tr\\\/#\\\/schema\\\/logo\\\/image\\\/\",\"url\":\"https:\\\/\\\/kohenavocats.com\\\/wp-content\\\/uploads\\\/2026\\\/01\\\/Logo-2-1.webp\",\"contentUrl\":\"https:\\\/\\\/kohenavocats.com\\\/wp-content\\\/uploads\\\/2026\\\/01\\\/Logo-2-1.webp\",\"width\":2114,\"height\":1253,\"caption\":\"Kohen Avocats\"},\"image\":{\"@id\":\"https:\\\/\\\/kohenavocats.com\\\/tr\\\/#\\\/schema\\\/logo\\\/image\\\/\"}},{\"@type\":\"Person\",\"@id\":\"https:\\\/\\\/kohenavocats.com\\\/tr\\\/#\\\/schema\\\/person\\\/761c9ba54fa1ca84d405cef0831ff751\",\"name\":\"Kohen\",\"image\":{\"@type\":\"ImageObject\",\"inLanguage\":\"tr\",\"@id\":\"https:\\\/\\\/secure.gravatar.com\\\/avatar\\\/1c5e76ef76bbbfdd2b4da984e2bf2fa4056fd51a27d25ce2c332047f1dfd6e00?s=96&d=identicon&r=g\",\"url\":\"https:\\\/\\\/secure.gravatar.com\\\/avatar\\\/1c5e76ef76bbbfdd2b4da984e2bf2fa4056fd51a27d25ce2c332047f1dfd6e00?s=96&d=identicon&r=g\",\"contentUrl\":\"https:\\\/\\\/secure.gravatar.com\\\/avatar\\\/1c5e76ef76bbbfdd2b4da984e2bf2fa4056fd51a27d25ce2c332047f1dfd6e00?s=96&d=identicon&r=g\",\"caption\":\"Kohen\"},\"sameAs\":[\"https:\\\/\\\/www.linkedin.com\\\/in\\\/hassan-kohen-448548192\\\/\",\"https:\\\/\\\/www.youtube.com\\\/@Kohen-Avocats\"],\"url\":\"https:\\\/\\\/kohenavocats.com\\\/tr\\\/author\\\/kohenmlk\\\/\"}]}<\/script>\n<!-- \/ Yoast SEO Premium plugin. -->","yoast_head_json":{"title":"Cour de cassation, le 9 juillet 2025, n\u00b023-22.063 - Ma\u00eetre Hassan Kohen, avocat en droit p\u00e9nal \u00e0 Paris","description":"Par un arr\u00eat de la Cour de cassation, premi\u00e8re chambre civile, du 9 juillet 2025, les juges pr\u00e9cisent l'articulation des obligations de remboursement des voy...","robots":{"index":"index","follow":"follow","max-snippet":"max-snippet:-1","max-image-preview":"max-image-preview:large","max-video-preview":"max-video-preview:-1"},"canonical":"https:\/\/kohenavocats.com\/tr\/cour-de-cassation-le-9-juillet-2025-n23-22-063\/","og_locale":"tr_TR","og_type":"article","og_title":"Cour de cassation, le 9 juillet 2025, n\u00b023-22.063","og_description":"Par un arr\u00eat de la Cour de cassation, premi\u00e8re chambre civile, du 9 juillet 2025, les juges pr\u00e9cisent l'articulation des obligations de remboursement des voy...","og_url":"https:\/\/kohenavocats.com\/tr\/cour-de-cassation-le-9-juillet-2025-n23-22-063\/","og_site_name":"Ma\u00eetre Hassan Kohen, avocat en droit p\u00e9nal \u00e0 Paris","article_published_time":"2026-04-25T18:49:21+00:00","og_image":[{"width":8000,"height":5333,"url":"https:\/\/kohenavocats.com\/wp-content\/uploads\/2024\/11\/getty-images-Sk9JF1KDz6M-unsplash.webp","type":"image\/webp"}],"author":"Kohen","twitter_card":"summary_large_image","twitter_misc":{"Yazan:":"Kohen","Tahmini okuma s\u00fcresi":"4 dakika"},"schema":{"@context":"https:\/\/schema.org","@graph":[{"@type":"Article","@id":"https:\/\/kohenavocats.com\/tr\/cour-de-cassation-le-9-juillet-2025-n23-22-063\/#article","isPartOf":{"@id":"https:\/\/kohenavocats.com\/tr\/cour-de-cassation-le-9-juillet-2025-n23-22-063\/"},"author":{"name":"Kohen","@id":"https:\/\/kohenavocats.com\/tr\/#\/schema\/person\/761c9ba54fa1ca84d405cef0831ff751"},"headline":"Cour de cassation, le 9 juillet 2025, n\u00b023-22.063","datePublished":"2026-04-25T18:49:21+00:00","mainEntityOfPage":{"@id":"https:\/\/kohenavocats.com\/tr\/cour-de-cassation-le-9-juillet-2025-n23-22-063\/"},"wordCount":779,"commentCount":0,"publisher":{"@id":"https:\/\/kohenavocats.com\/tr\/#organization"},"image":{"@id":"https:\/\/kohenavocats.com\/tr\/cour-de-cassation-le-9-juillet-2025-n23-22-063\/#primaryimage"},"thumbnailUrl":"https:\/\/kohenavocats.com\/wp-content\/uploads\/2024\/11\/getty-images-Sk9JF1KDz6M-unsplash.webp","articleSection":["Jurisprudence"],"inLanguage":"tr","potentialAction":[{"@type":"CommentAction","name":"Comment","target":["https:\/\/kohenavocats.com\/tr\/cour-de-cassation-le-9-juillet-2025-n23-22-063\/#respond"]}],"citation":"Cour de cassation, le 9 juillet 2025, n\u00b023-22.063","about":[{"@type":"Thing","name":"Jurisprudence"}],"dateModified":"2026-04-25T18:49:21+00:00","speakable":{"@type":"SpeakableSpecification","cssSelector":[".article-content > p:first-of-type"]}},{"@type":"WebPage","@id":"https:\/\/kohenavocats.com\/tr\/cour-de-cassation-le-9-juillet-2025-n23-22-063\/","url":"https:\/\/kohenavocats.com\/tr\/cour-de-cassation-le-9-juillet-2025-n23-22-063\/","name":"Cour de cassation, le 9 juillet 2025, n\u00b023-22.063 - Ma\u00eetre Hassan Kohen, avocat en droit p\u00e9nal \u00e0 Paris","isPartOf":{"@id":"https:\/\/kohenavocats.com\/tr\/#website"},"primaryImageOfPage":{"@id":"https:\/\/kohenavocats.com\/tr\/cour-de-cassation-le-9-juillet-2025-n23-22-063\/#primaryimage"},"image":{"@id":"https:\/\/kohenavocats.com\/tr\/cour-de-cassation-le-9-juillet-2025-n23-22-063\/#primaryimage"},"thumbnailUrl":"https:\/\/kohenavocats.com\/wp-content\/uploads\/2024\/11\/getty-images-Sk9JF1KDz6M-unsplash.webp","datePublished":"2026-04-25T18:49:21+00:00","description":"Par un arr\u00eat de la Cour de cassation, premi\u00e8re chambre civile, du 9 juillet 2025, les juges pr\u00e9cisent l'articulation des obligations de remboursement des voy...","breadcrumb":{"@id":"https:\/\/kohenavocats.com\/tr\/cour-de-cassation-le-9-juillet-2025-n23-22-063\/#breadcrumb"},"inLanguage":"tr","potentialAction":[{"@type":"ReadAction","target":["https:\/\/kohenavocats.com\/tr\/cour-de-cassation-le-9-juillet-2025-n23-22-063\/"]}]},{"@type":"ImageObject","inLanguage":"tr","@id":"https:\/\/kohenavocats.com\/tr\/cour-de-cassation-le-9-juillet-2025-n23-22-063\/#primaryimage","url":"https:\/\/kohenavocats.com\/wp-content\/uploads\/2024\/11\/getty-images-Sk9JF1KDz6M-unsplash.webp","contentUrl":"https:\/\/kohenavocats.com\/wp-content\/uploads\/2024\/11\/getty-images-Sk9JF1KDz6M-unsplash.webp","width":8000,"height":5333},{"@type":"BreadcrumbList","@id":"https:\/\/kohenavocats.com\/tr\/cour-de-cassation-le-9-juillet-2025-n23-22-063\/#breadcrumb","itemListElement":[{"@type":"ListItem","position":1,"name":"Home","item":"https:\/\/kohenavocats.com\/tr\/avocats-en-droit-penal-a-paris-conseil-et-defense-strategique\/"},{"@type":"ListItem","position":2,"name":"Cour de cassation, le 9 juillet 2025, n\u00b023-22.063"}]},{"@type":"WebSite","@id":"https:\/\/kohenavocats.com\/tr\/#website","url":"https:\/\/kohenavocats.com\/tr\/","name":"Kohen Avocats","description":"Ma\u00eetre Hassan Kohen, avocat p\u00e9naliste \u00e0 Paris, intervient exclusivement en droit p\u00e9nal pour la d\u00e9fense des particuliers, notamment en mati\u00e8re d\u2019accusations de viol. Il assure un accompagnement rigoureux d\u00e8s la garde \u00e0 vue jusqu\u2019\u00e0 la Cour d\u2019assises, veillant au strict respect des garanties proc\u00e9durales.","publisher":{"@id":"https:\/\/kohenavocats.com\/tr\/#organization"},"potentialAction":[{"@type":"SearchAction","target":{"@type":"EntryPoint","urlTemplate":"https:\/\/kohenavocats.com\/tr\/?s={search_term_string}"},"query-input":{"@type":"PropertyValueSpecification","valueRequired":true,"valueName":"search_term_string"}}],"inLanguage":"tr"},{"@type":"Organization","@id":"https:\/\/kohenavocats.com\/tr\/#organization","name":"Kohen Avocats","url":"https:\/\/kohenavocats.com\/tr\/","logo":{"@type":"ImageObject","inLanguage":"tr","@id":"https:\/\/kohenavocats.com\/tr\/#\/schema\/logo\/image\/","url":"https:\/\/kohenavocats.com\/wp-content\/uploads\/2026\/01\/Logo-2-1.webp","contentUrl":"https:\/\/kohenavocats.com\/wp-content\/uploads\/2026\/01\/Logo-2-1.webp","width":2114,"height":1253,"caption":"Kohen Avocats"},"image":{"@id":"https:\/\/kohenavocats.com\/tr\/#\/schema\/logo\/image\/"}},{"@type":"Person","@id":"https:\/\/kohenavocats.com\/tr\/#\/schema\/person\/761c9ba54fa1ca84d405cef0831ff751","name":"Kohen","image":{"@type":"ImageObject","inLanguage":"tr","@id":"https:\/\/secure.gravatar.com\/avatar\/1c5e76ef76bbbfdd2b4da984e2bf2fa4056fd51a27d25ce2c332047f1dfd6e00?s=96&d=identicon&r=g","url":"https:\/\/secure.gravatar.com\/avatar\/1c5e76ef76bbbfdd2b4da984e2bf2fa4056fd51a27d25ce2c332047f1dfd6e00?s=96&d=identicon&r=g","contentUrl":"https:\/\/secure.gravatar.com\/avatar\/1c5e76ef76bbbfdd2b4da984e2bf2fa4056fd51a27d25ce2c332047f1dfd6e00?s=96&d=identicon&r=g","caption":"Kohen"},"sameAs":["https:\/\/www.linkedin.com\/in\/hassan-kohen-448548192\/","https:\/\/www.youtube.com\/@Kohen-Avocats"],"url":"https:\/\/kohenavocats.com\/tr\/author\/kohenmlk\/"}]}},"jetpack_featured_media_url":"https:\/\/kohenavocats.com\/wp-content\/uploads\/2024\/11\/getty-images-Sk9JF1KDz6M-unsplash.webp","jetpack_likes_enabled":false,"jetpack_shortlink":"https:\/\/wp.me\/peCrII-2Slq","jetpack-related-posts":[{"id":515397,"url":"https:\/\/kohenavocats.com\/tr\/tribunal-judiciaire-de-nice-le-4-novembre-2025-n22-00927\/","url_meta":{"origin":685560,"position":0},"title":"Tribunal judiciaire de Nice, le 4 novembre 2025, n\u00b022\/00927","author":"Kohen","date":"8 Nisan 2026","format":false,"excerpt":"Le tribunal judiciaire de Paris, par jugement du 4 novembre 2025, statue sur les cons\u00e9quences de l\u2019annulation d\u2019un voyage en Nouvelle-Z\u00e9lande et en...","rel":"","context":"&quot;D\u00e9cisions juridiques&quot; i\u00e7inde","block_context":{"text":"D\u00e9cisions juridiques","link":"https:\/\/kohenavocats.com\/category\/decisions-juridiques\/"},"img":{"alt_text":"","src":"https:\/\/i0.wp.com\/kohenavocats.com\/wp-content\/uploads\/2024\/08\/cristina-gottardi-GeKoZualPmA-unsplash.webp?resize=350%2C200&ssl=1","width":350,"height":200,"srcset":"https:\/\/i0.wp.com\/kohenavocats.com\/wp-content\/uploads\/2024\/08\/cristina-gottardi-GeKoZualPmA-unsplash.webp?resize=350%2C200&ssl=1 1x, https:\/\/i0.wp.com\/kohenavocats.com\/wp-content\/uploads\/2024\/08\/cristina-gottardi-GeKoZualPmA-unsplash.webp?resize=525%2C300&ssl=1 1.5x, https:\/\/i0.wp.com\/kohenavocats.com\/wp-content\/uploads\/2024\/08\/cristina-gottardi-GeKoZualPmA-unsplash.webp?resize=700%2C400&ssl=1 2x, https:\/\/i0.wp.com\/kohenavocats.com\/wp-content\/uploads\/2024\/08\/cristina-gottardi-GeKoZualPmA-unsplash.webp?resize=1050%2C600&ssl=1 3x, https:\/\/i0.wp.com\/kohenavocats.com\/wp-content\/uploads\/2024\/08\/cristina-gottardi-GeKoZualPmA-unsplash.webp?resize=1400%2C800&ssl=1 4x"},"classes":[]},{"id":535234,"url":"https:\/\/kohenavocats.com\/tr\/tribunal-judiciaire-de-paris-le-9-novembre-2023-n22-05384\/","url_meta":{"origin":685560,"position":1},"title":"Tribunal judiciaire de Paris, le 9 novembre 2023, n\u00b022\/05384","author":"Kohen","date":"9 Nisan 2026","format":false,"excerpt":"Le tribunal judiciaire de Paris, dans un jugement du 9 novembre 2023, a statu\u00e9 sur un litige relatif \u00e0 l'annulation d'un forfait touristique. Un voyageur sol...","rel":"","context":"&quot;Jurisprudence&quot; i\u00e7inde","block_context":{"text":"Jurisprudence","link":"https:\/\/kohenavocats.com\/category\/jurisprudence\/"},"img":{"alt_text":"","src":"https:\/\/i0.wp.com\/kohenavocats.com\/wp-content\/uploads\/2024\/08\/paul-melki-gX7o0yQsrRo-unsplash.webp?resize=350%2C200&ssl=1","width":350,"height":200,"srcset":"https:\/\/i0.wp.com\/kohenavocats.com\/wp-content\/uploads\/2024\/08\/paul-melki-gX7o0yQsrRo-unsplash.webp?resize=350%2C200&ssl=1 1x, https:\/\/i0.wp.com\/kohenavocats.com\/wp-content\/uploads\/2024\/08\/paul-melki-gX7o0yQsrRo-unsplash.webp?resize=525%2C300&ssl=1 1.5x, https:\/\/i0.wp.com\/kohenavocats.com\/wp-content\/uploads\/2024\/08\/paul-melki-gX7o0yQsrRo-unsplash.webp?resize=700%2C400&ssl=1 2x, https:\/\/i0.wp.com\/kohenavocats.com\/wp-content\/uploads\/2024\/08\/paul-melki-gX7o0yQsrRo-unsplash.webp?resize=1050%2C600&ssl=1 3x, https:\/\/i0.wp.com\/kohenavocats.com\/wp-content\/uploads\/2024\/08\/paul-melki-gX7o0yQsrRo-unsplash.webp?resize=1400%2C800&ssl=1 4x"},"classes":[]},{"id":88206,"url":"https:\/\/kohenavocats.com\/tr\/tribunal-judiciaire-de-evry-le-17-juin-2025-n24-01755\/","url_meta":{"origin":685560,"position":2},"title":"Tribunal judiciaire de \u00c9vry, le 17 juin 2025, n\u00b024\/01755","author":"Kohen","date":"10 Kas\u0131m 2025","format":false,"excerpt":"D\u00e9cision rendue le 17 juin 2025 par une juridiction de premi\u00e8re instance du ressort d\u2019Evry. Des voyageurs avaient acquis un forfait touristique incluant l\u2019h\u00e9bergement en Espagne. L\u2019offre mentionnait la pr\u00e9sence d\u2019une piscine int\u00e9rieure, assortie de la formule \u00ab Piscine int\u00e9rieure chauff\u00e9e (en avril et octobre) \u00bb. Arriv\u00e9s sur place fin\u2026","rel":"","context":"&quot;Travaux Parlementaires&quot; i\u00e7inde","block_context":{"text":"Travaux Parlementaires","link":"https:\/\/kohenavocats.com\/category\/travaux-parlementaires\/"},"img":{"alt_text":"","src":"https:\/\/i0.wp.com\/kohenavocats.com\/wp-content\/uploads\/2024\/11\/zyanya-citlalli-UacA8X7HWwg-unsplash-1.webp?resize=350%2C200&ssl=1","width":350,"height":200,"srcset":"https:\/\/i0.wp.com\/kohenavocats.com\/wp-content\/uploads\/2024\/11\/zyanya-citlalli-UacA8X7HWwg-unsplash-1.webp?resize=350%2C200&ssl=1 1x, https:\/\/i0.wp.com\/kohenavocats.com\/wp-content\/uploads\/2024\/11\/zyanya-citlalli-UacA8X7HWwg-unsplash-1.webp?resize=525%2C300&ssl=1 1.5x, https:\/\/i0.wp.com\/kohenavocats.com\/wp-content\/uploads\/2024\/11\/zyanya-citlalli-UacA8X7HWwg-unsplash-1.webp?resize=700%2C400&ssl=1 2x, https:\/\/i0.wp.com\/kohenavocats.com\/wp-content\/uploads\/2024\/11\/zyanya-citlalli-UacA8X7HWwg-unsplash-1.webp?resize=1050%2C600&ssl=1 3x, https:\/\/i0.wp.com\/kohenavocats.com\/wp-content\/uploads\/2024\/11\/zyanya-citlalli-UacA8X7HWwg-unsplash-1.webp?resize=1400%2C800&ssl=1 4x"},"classes":[]},{"id":74493,"url":"https:\/\/kohenavocats.com\/tr\/tribunal-judiciaire-de-toulouse-le-19-juin-2025-n24-04884\/","url_meta":{"origin":685560,"position":3},"title":"Tribunal judiciaire de Toulouse, le 19 juin 2025, n\u00b024\/04884","author":"Kohen","date":"9 Kas\u0131m 2025","format":false,"excerpt":"Tribunal judiciaire de Toulouse, 19 juin 2025. Le litige na\u00eet d\u2019un voyage \u00e0 forfait comprenant transport a\u00e9rien et h\u00e9bergement. Le vol retour a \u00e9t\u00e9 annul\u00e9 le jour dit, contraignant la voyageuse \u00e0 organiser son rapatriement par un autre vol et par la route. Elle a adress\u00e9 sans effet une mise\u2026","rel":"","context":"&quot;D\u00e9cisions juridiques&quot; i\u00e7inde","block_context":{"text":"D\u00e9cisions juridiques","link":"https:\/\/kohenavocats.com\/category\/decisions-juridiques\/"},"img":{"alt_text":"","src":"https:\/\/i0.wp.com\/kohenavocats.com\/wp-content\/uploads\/2024\/08\/is-chessyca-ms276CveJPY-unsplash.webp?resize=350%2C200&ssl=1","width":350,"height":200,"srcset":"https:\/\/i0.wp.com\/kohenavocats.com\/wp-content\/uploads\/2024\/08\/is-chessyca-ms276CveJPY-unsplash.webp?resize=350%2C200&ssl=1 1x, https:\/\/i0.wp.com\/kohenavocats.com\/wp-content\/uploads\/2024\/08\/is-chessyca-ms276CveJPY-unsplash.webp?resize=525%2C300&ssl=1 1.5x, https:\/\/i0.wp.com\/kohenavocats.com\/wp-content\/uploads\/2024\/08\/is-chessyca-ms276CveJPY-unsplash.webp?resize=700%2C400&ssl=1 2x, https:\/\/i0.wp.com\/kohenavocats.com\/wp-content\/uploads\/2024\/08\/is-chessyca-ms276CveJPY-unsplash.webp?resize=1050%2C600&ssl=1 3x, https:\/\/i0.wp.com\/kohenavocats.com\/wp-content\/uploads\/2024\/08\/is-chessyca-ms276CveJPY-unsplash.webp?resize=1400%2C800&ssl=1 4x"},"classes":[]},{"id":513574,"url":"https:\/\/kohenavocats.com\/tr\/tribunal-judiciaire-de-nanterre-le-6-novembre-2025-n22-05384\/","url_meta":{"origin":685560,"position":4},"title":"Tribunal judiciaire de Nanterre, le 6 novembre 2025, n\u00b022\/05384","author":"Kohen","date":"8 Nisan 2026","format":false,"excerpt":"Le tribunal judiciaire de Paris, dans un jugement du 9 novembre 2023, a statu\u00e9 sur un litige relatif \u00e0 l'annulation d'un forfait touristique. Un voyageur...","rel":"","context":"&quot;D\u00e9cisions juridiques&quot; i\u00e7inde","block_context":{"text":"D\u00e9cisions juridiques","link":"https:\/\/kohenavocats.com\/category\/decisions-juridiques\/"},"img":{"alt_text":"","src":"https:\/\/i0.wp.com\/kohenavocats.com\/wp-content\/uploads\/2024\/11\/ave-calvar-KfxfnO7EWX4-unsplash.webp?resize=350%2C200&ssl=1","width":350,"height":200,"srcset":"https:\/\/i0.wp.com\/kohenavocats.com\/wp-content\/uploads\/2024\/11\/ave-calvar-KfxfnO7EWX4-unsplash.webp?resize=350%2C200&ssl=1 1x, https:\/\/i0.wp.com\/kohenavocats.com\/wp-content\/uploads\/2024\/11\/ave-calvar-KfxfnO7EWX4-unsplash.webp?resize=525%2C300&ssl=1 1.5x, https:\/\/i0.wp.com\/kohenavocats.com\/wp-content\/uploads\/2024\/11\/ave-calvar-KfxfnO7EWX4-unsplash.webp?resize=700%2C400&ssl=1 2x, https:\/\/i0.wp.com\/kohenavocats.com\/wp-content\/uploads\/2024\/11\/ave-calvar-KfxfnO7EWX4-unsplash.webp?resize=1050%2C600&ssl=1 3x, https:\/\/i0.wp.com\/kohenavocats.com\/wp-content\/uploads\/2024\/11\/ave-calvar-KfxfnO7EWX4-unsplash.webp?resize=1400%2C800&ssl=1 4x"},"classes":[]},{"id":510906,"url":"https:\/\/kohenavocats.com\/tr\/cour-dappel-de-bourges-le-23-janvier-2025-n23-09192\/","url_meta":{"origin":685560,"position":5},"title":"Cour d&#8217;appel de Bourges, le 23 janvier 2025, n\u00b023\/09192","author":"Kohen","date":"8 Nisan 2026","format":false,"excerpt":"La Cour d'appel de Bourges, le 23 janvier 2025, statue sur un litige n\u00e9 de l'annulation d'un s\u00e9jour en raison de la pand\u00e9mie de Covid-19. L'organisateur avai...","rel":"","context":"&quot;Jurisprudence&quot; i\u00e7inde","block_context":{"text":"Jurisprudence","link":"https:\/\/kohenavocats.com\/category\/jurisprudence\/"},"img":{"alt_text":"","src":"https:\/\/i0.wp.com\/kohenavocats.com\/wp-content\/uploads\/2024\/11\/ayush-kumar-lRZ-KmsecQ-unsplash.webp?resize=350%2C200&ssl=1","width":350,"height":200,"srcset":"https:\/\/i0.wp.com\/kohenavocats.com\/wp-content\/uploads\/2024\/11\/ayush-kumar-lRZ-KmsecQ-unsplash.webp?resize=350%2C200&ssl=1 1x, https:\/\/i0.wp.com\/kohenavocats.com\/wp-content\/uploads\/2024\/11\/ayush-kumar-lRZ-KmsecQ-unsplash.webp?resize=525%2C300&ssl=1 1.5x, https:\/\/i0.wp.com\/kohenavocats.com\/wp-content\/uploads\/2024\/11\/ayush-kumar-lRZ-KmsecQ-unsplash.webp?resize=700%2C400&ssl=1 2x, https:\/\/i0.wp.com\/kohenavocats.com\/wp-content\/uploads\/2024\/11\/ayush-kumar-lRZ-KmsecQ-unsplash.webp?resize=1050%2C600&ssl=1 3x, https:\/\/i0.wp.com\/kohenavocats.com\/wp-content\/uploads\/2024\/11\/ayush-kumar-lRZ-KmsecQ-unsplash.webp?resize=1400%2C800&ssl=1 4x"},"classes":[]}],"jetpack_sharing_enabled":true,"_links":{"self":[{"href":"https:\/\/kohenavocats.com\/tr\/wp-json\/wp\/v2\/posts\/685560","targetHints":{"allow":["GET"]}}],"collection":[{"href":"https:\/\/kohenavocats.com\/tr\/wp-json\/wp\/v2\/posts"}],"about":[{"href":"https:\/\/kohenavocats.com\/tr\/wp-json\/wp\/v2\/types\/post"}],"author":[{"embeddable":true,"href":"https:\/\/kohenavocats.com\/tr\/wp-json\/wp\/v2\/users\/232070755"}],"replies":[{"embeddable":true,"href":"https:\/\/kohenavocats.com\/tr\/wp-json\/wp\/v2\/comments?post=685560"}],"version-history":[{"count":0,"href":"https:\/\/kohenavocats.com\/tr\/wp-json\/wp\/v2\/posts\/685560\/revisions"}],"wp:featuredmedia":[{"embeddable":true,"href":"https:\/\/kohenavocats.com\/tr\/wp-json\/wp\/v2\/media\/9519"}],"wp:attachment":[{"href":"https:\/\/kohenavocats.com\/tr\/wp-json\/wp\/v2\/media?parent=685560"}],"wp:term":[{"taxonomy":"category","embeddable":true,"href":"https:\/\/kohenavocats.com\/tr\/wp-json\/wp\/v2\/categories?post=685560"},{"taxonomy":"post_tag","embeddable":true,"href":"https:\/\/kohenavocats.com\/tr\/wp-json\/wp\/v2\/tags?post=685560"}],"curies":[{"name":"wp","href":"https:\/\/api.w.org\/{rel}","templated":true}]}}