{"id":686245,"date":"2026-04-25T21:25:02","date_gmt":"2026-04-25T19:25:02","guid":{"rendered":"https:\/\/kohenavocats.com\/cour-dappel-de-paris-le-21-octobre-2024-n24-19063\/"},"modified":"2026-04-25T21:25:02","modified_gmt":"2026-04-25T19:25:02","slug":"cour-dappel-de-paris-le-21-octobre-2024-n24-19063","status":"publish","type":"post","link":"https:\/\/kohenavocats.com\/tr\/cour-dappel-de-paris-le-21-octobre-2024-n24-19063\/","title":{"rendered":"Cour d&#8217;appel de Paris, le 21 octobre 2024, n\u00b024\/19063"},"content":{"rendered":"<div class=\"article-content\">\n<p>La Cour d&#8217;appel de Paris, P\u00f4le 1, chambre 8, 20 juin 2025 (RG 24\/19063), se prononce sur un d\u00e9sistement d&#8217;appel et ses effets proc\u00e9duraux. L&#8217;instance trouve son origine dans une ordonnance du 21 octobre 2024 rendue en r\u00e9f\u00e9r\u00e9 par le tribunal judiciaire de Cr\u00e9teil. Par d\u00e9claration du 8 novembre 2024, l&#8217;appelante a interjet\u00e9 appel; en cause d&#8217;appel, les \u00e9critures du 22 mai 2025 actent un d\u00e9sistement. L&#8217;intim\u00e9e accepte le d\u00e9sistement, renonce \u00e0 son appel incident et au b\u00e9n\u00e9fice de l&#8217;ordonnance entreprise; chacune sollicite le dessaisissement et l&#8217;extinction de l&#8217;instance. La question pos\u00e9e tient aux conditions d&#8217;un d\u00e9sistement d&#8217;appel en pr\u00e9sence d&#8217;un appel incident et \u00e0 ses effets, notamment la charge des d\u00e9pens. La cour rappelle les articles 400 et 401 du code de proc\u00e9dure civile, constate un d\u00e9sistement parfait, puis retient l&#8217;application de l&#8217;article 399 pour les frais. Il convient d&#8217;exposer le r\u00e9gime du d\u00e9sistement d&#8217;appel, avant d&#8217;appr\u00e9cier la port\u00e9e pratique de la solution, notamment sur les d\u00e9pens et la renonciation.<\/p>\n<p>I. Le r\u00e9gime du d\u00e9sistement d&#8217;appel<\/p>\n<p>A. Admission et cadre textuel<\/p>\n<p>La d\u00e9cision s&#8217;ouvre sur le rappel litt\u00e9ral du texte r\u00e9gissant l&#8217;exercice du d\u00e9sistement d&#8217;appel, rappel \u00e0 valeur de m\u00e9thode et de hi\u00e9rarchisation. La cour \u00e9nonce ainsi: &#8220;Aux termes de l&#8217;article 400 du code de proc\u00e9dure civile, le d\u00e9sistement de l&#8217;appel est admis en toutes mati\u00e8res.&#8221; Ce rappel souligne la libert\u00e9 de l&#8217;appelant de mettre fin \u00e0 l&#8217;instance d&#8217;appel, sans condition de mati\u00e8re, sous r\u00e9serve des exigences li\u00e9es aux droits adverses.<\/p>\n<p>B. Acceptation et d\u00e9sistement parfait<\/p>\n<p>Le second texte vis\u00e9 pr\u00e9cise le p\u00e9rim\u00e8tre de l&#8217;acceptation, laquelle conditionne, dans certains cas, la perfection du d\u00e9sistement et la purge de l&#8217;instance. La cour cite express\u00e9ment: &#8220;L&#8217;article 401 du code de proc\u00e9dure civile dispose que le d\u00e9sistement de l&#8217;appel n&#8217;a besoin d&#8217;\u00eatre accept\u00e9 que s&#8217;il contient des r\u00e9serves ou si la partie \u00e0 l&#8217;\u00e9gard de laquelle il est fait a pr\u00e9alablement form\u00e9 un appel incident ou une demande incidente.&#8221; Appliquant ces r\u00e8gles, la d\u00e9cision retient: &#8220;Il y a lieu en cons\u00e9quence de constater que ce d\u00e9sistement d&#8217;instance est parfait et emporte, en cons\u00e9quence, extinction de l&#8217;instance et dessaisissement de la cour.&#8221; La pr\u00e9sence d&#8217;un appel incident justifiait l&#8217;acceptation de l&#8217;intim\u00e9e; celle-ci ayant renonc\u00e9 et accept\u00e9, la caducit\u00e9 de l&#8217;instance d&#8217;appel s&#8217;impose m\u00e9caniquement. Reste alors \u00e0 appr\u00e9cier les effets concrets de cette issue, d&#8217;abord sur les d\u00e9pens, ensuite sur la port\u00e9e de la renonciation conjointe.<\/p>\n<p>II. Port\u00e9e pratique et cons\u00e9quences<\/p>\n<p>A. D\u00e9pens et application de l&#8217;article 399<\/p>\n<p>Sur les frais, la cour reprend le texte et en tire une cons\u00e9quence claire: &#8220;En application de l&#8217;article 399 du code de proc\u00e9dure civile qui pr\u00e9voit que le d\u00e9sistement emporte, sauf convention contraire, soumission de payer les frais de l&#8217;instance \u00e9teinte, les d\u00e9pens resteront \u00e0 la charge de l&#8217;appelante.&#8221; La motivation est d\u00e9pourvue d&#8217;ambigu\u00eft\u00e9. Le dispositif pr\u00e9cise, en coh\u00e9rence, un temp\u00e9rament usuel, &#8220;sauf meilleur accord&#8221;, qui traduit la primaut\u00e9 de l&#8217;autonomie proc\u00e9durale, sans alt\u00e9rer la r\u00e8gle suppl\u00e9tive. Cette lecture, classique, garantit une r\u00e9partition pr\u00e9visible des co\u00fbts d&#8217;instance \u00e9teinte, tout en laissant aux parties la facult\u00e9 de convenir d&#8217;une solution alternative.<\/p>\n<p>B. Renonciation au b\u00e9n\u00e9fice de l&#8217;ordonnance et s\u00e9curit\u00e9 proc\u00e9durale<\/p>\n<p>La d\u00e9cision rel\u00e8ve enfin l&#8217;engagement proc\u00e9dural de l&#8217;intim\u00e9e: &#8220;L&#8217;intim\u00e9e, qui s&#8217;engage \u00e0 renoncer au b\u00e9n\u00e9fice de l&#8217;ordonnance entreprise, accepte ce d\u00e9sistement et renonce \u00e0 son appel incident.&#8221; Cette renonciation neutralise l&#8217;int\u00e9r\u00eat pratique de l&#8217;ordonnance de r\u00e9f\u00e9r\u00e9 dans le cadre de l&#8217;appel clos, sans effacer la d\u00e9cision, ni troubler d&#8217;\u00e9ventuels d\u00e9bats au fond. Le dessaisissement constat\u00e9 met un terme d\u00e9finitif \u00e0 l&#8217;instance d&#8217;appel; la s\u00e9curit\u00e9 proc\u00e9durale s&#8217;en trouve renforc\u00e9e, l&#8217;autorit\u00e9 de chose jug\u00e9e demeurant \u00e9trang\u00e8re \u00e0 cette extinction. La solution concilie \u00e9conomie de proc\u00e9dure et loyaut\u00e9 des d\u00e9bats, en exigeant l&#8217;acceptation lorsque l&#8217;appel incident existe, puis en actant des renonciations claires et convergentes.<\/p>\n<\/div>\n","protected":false},"excerpt":{"rendered":"<p>La Cour d&#8217;appel de Paris, P\u00f4le 1, chambre 8, 20 juin 2025 (RG 24\/19063), se prononce sur un d\u00e9sistement d&#8217;appel et ses effets proc\u00e9duraux. L&#8217;instance trouve &#8230;<\/p>\n","protected":false},"author":232070755,"featured_media":9439,"comment_status":"open","ping_status":"open","sticky":false,"template":"","format":"standard","meta":{"_crdt_document":"","_jetpack_newsletter_access":"","_jetpack_dont_email_post_to_subs":false,"_jetpack_newsletter_tier_id":0,"_jetpack_memberships_contains_paywalled_content":false,"_kj_source_type":"","_kj_official_id":"","_kj_official_url":"","_kj_judilibre_id":"","_kj_jur":"","_kj_lieu":"","_kj_chambre":"","_kj_rg":"","_kj_date":"","_jetpack_memberships_contains_paid_content":false,"footnotes":"","jetpack_post_was_ever_published":false},"categories":[7597],"tags":[],"class_list":["post-686245","post","type-post","status-publish","format-standard","has-post-thumbnail","hentry","category-jurisprudence"],"yoast_head":"<!-- This site is optimized with the Yoast SEO Premium plugin v27.5 (Yoast SEO v27.5) - https:\/\/yoast.com\/product\/yoast-seo-premium-wordpress\/ -->\n<title>Cour d&#039;appel de Paris, le 21 octobre 2024, n\u00b024\/19063 - Ma\u00eetre Hassan Kohen, avocat en droit p\u00e9nal \u00e0 Paris<\/title>\n<meta name=\"description\" content=\"La Cour d&#039;appel de Paris, P\u00f4le 1, chambre 8, 20 juin 2025 (RG 24\/19063), se prononce sur un d\u00e9sistement d&#039;appel et ses effets proc\u00e9duraux. L&#039;instance trouve ...\" \/>\n<meta name=\"robots\" content=\"index, follow, max-snippet:-1, max-image-preview:large, max-video-preview:-1\" \/>\n<link rel=\"canonical\" href=\"https:\/\/kohenavocats.com\/tr\/cour-dappel-de-paris-le-21-octobre-2024-n24-19063\/\" \/>\n<meta property=\"og:locale\" content=\"tr_TR\" \/>\n<meta property=\"og:type\" content=\"article\" \/>\n<meta property=\"og:title\" content=\"Cour d&#039;appel de Paris, le 21 octobre 2024, n\u00b024\/19063\" \/>\n<meta property=\"og:description\" content=\"La Cour d&#039;appel de Paris, P\u00f4le 1, chambre 8, 20 juin 2025 (RG 24\/19063), se prononce sur un d\u00e9sistement d&#039;appel et ses effets proc\u00e9duraux. L&#039;instance trouve ...\" \/>\n<meta property=\"og:url\" content=\"https:\/\/kohenavocats.com\/tr\/cour-dappel-de-paris-le-21-octobre-2024-n24-19063\/\" \/>\n<meta property=\"og:site_name\" content=\"Ma\u00eetre Hassan Kohen, avocat en droit p\u00e9nal \u00e0 Paris\" \/>\n<meta property=\"article:published_time\" content=\"2026-04-25T19:25:02+00:00\" \/>\n<meta property=\"og:image\" content=\"https:\/\/kohenavocats.com\/wp-content\/uploads\/2024\/11\/osarugue-igbinoba-GtkcrFqc5hE-unsplash.webp\" \/>\n\t<meta property=\"og:image:width\" content=\"2736\" \/>\n\t<meta property=\"og:image:height\" content=\"3648\" \/>\n\t<meta property=\"og:image:type\" content=\"image\/webp\" \/>\n<meta name=\"author\" content=\"Kohen\" \/>\n<meta name=\"twitter:card\" content=\"summary_large_image\" \/>\n<meta name=\"twitter:label1\" content=\"Yazan:\" \/>\n\t<meta name=\"twitter:data1\" content=\"Kohen\" \/>\n\t<meta name=\"twitter:label2\" content=\"Tahmini okuma s\u00fcresi\" \/>\n\t<meta name=\"twitter:data2\" content=\"3 dakika\" \/>\n<script type=\"application\/ld+json\" class=\"yoast-schema-graph\">{\"@context\":\"https:\\\/\\\/schema.org\",\"@graph\":[{\"@type\":\"Article\",\"@id\":\"https:\\\/\\\/kohenavocats.com\\\/tr\\\/cour-dappel-de-paris-le-21-octobre-2024-n24-19063\\\/#article\",\"isPartOf\":{\"@id\":\"https:\\\/\\\/kohenavocats.com\\\/tr\\\/cour-dappel-de-paris-le-21-octobre-2024-n24-19063\\\/\"},\"author\":{\"name\":\"Kohen\",\"@id\":\"https:\\\/\\\/kohenavocats.com\\\/tr\\\/#\\\/schema\\\/person\\\/761c9ba54fa1ca84d405cef0831ff751\"},\"headline\":\"Cour d&#8217;appel de Paris, le 21 octobre 2024, n\u00b024\\\/19063\",\"datePublished\":\"2026-04-25T19:25:02+00:00\",\"mainEntityOfPage\":{\"@id\":\"https:\\\/\\\/kohenavocats.com\\\/tr\\\/cour-dappel-de-paris-le-21-octobre-2024-n24-19063\\\/\"},\"wordCount\":765,\"commentCount\":0,\"publisher\":{\"@id\":\"https:\\\/\\\/kohenavocats.com\\\/tr\\\/#organization\"},\"image\":{\"@id\":\"https:\\\/\\\/kohenavocats.com\\\/tr\\\/cour-dappel-de-paris-le-21-octobre-2024-n24-19063\\\/#primaryimage\"},\"thumbnailUrl\":\"https:\\\/\\\/kohenavocats.com\\\/wp-content\\\/uploads\\\/2024\\\/11\\\/osarugue-igbinoba-GtkcrFqc5hE-unsplash.webp\",\"articleSection\":[\"Jurisprudence\"],\"inLanguage\":\"tr\",\"potentialAction\":[{\"@type\":\"CommentAction\",\"name\":\"Comment\",\"target\":[\"https:\\\/\\\/kohenavocats.com\\\/tr\\\/cour-dappel-de-paris-le-21-octobre-2024-n24-19063\\\/#respond\"]}],\"citation\":\"Cour d&#8217;appel de Paris, le 21 octobre 2024, n\u00b024\\\/19063\",\"about\":[{\"@type\":\"Thing\",\"name\":\"Jurisprudence\"}],\"dateModified\":\"2026-04-25T19:25:02+00:00\",\"speakable\":{\"@type\":\"SpeakableSpecification\",\"cssSelector\":[\".article-content > p:first-of-type\"]}},{\"@type\":\"WebPage\",\"@id\":\"https:\\\/\\\/kohenavocats.com\\\/tr\\\/cour-dappel-de-paris-le-21-octobre-2024-n24-19063\\\/\",\"url\":\"https:\\\/\\\/kohenavocats.com\\\/tr\\\/cour-dappel-de-paris-le-21-octobre-2024-n24-19063\\\/\",\"name\":\"Cour d'appel de Paris, le 21 octobre 2024, n\u00b024\\\/19063 - Ma\u00eetre Hassan Kohen, avocat en droit p\u00e9nal \u00e0 Paris\",\"isPartOf\":{\"@id\":\"https:\\\/\\\/kohenavocats.com\\\/tr\\\/#website\"},\"primaryImageOfPage\":{\"@id\":\"https:\\\/\\\/kohenavocats.com\\\/tr\\\/cour-dappel-de-paris-le-21-octobre-2024-n24-19063\\\/#primaryimage\"},\"image\":{\"@id\":\"https:\\\/\\\/kohenavocats.com\\\/tr\\\/cour-dappel-de-paris-le-21-octobre-2024-n24-19063\\\/#primaryimage\"},\"thumbnailUrl\":\"https:\\\/\\\/kohenavocats.com\\\/wp-content\\\/uploads\\\/2024\\\/11\\\/osarugue-igbinoba-GtkcrFqc5hE-unsplash.webp\",\"datePublished\":\"2026-04-25T19:25:02+00:00\",\"description\":\"La Cour d'appel de Paris, P\u00f4le 1, chambre 8, 20 juin 2025 (RG 24\\\/19063), se prononce sur un d\u00e9sistement d'appel et ses effets proc\u00e9duraux. L'instance trouve ...\",\"breadcrumb\":{\"@id\":\"https:\\\/\\\/kohenavocats.com\\\/tr\\\/cour-dappel-de-paris-le-21-octobre-2024-n24-19063\\\/#breadcrumb\"},\"inLanguage\":\"tr\",\"potentialAction\":[{\"@type\":\"ReadAction\",\"target\":[\"https:\\\/\\\/kohenavocats.com\\\/tr\\\/cour-dappel-de-paris-le-21-octobre-2024-n24-19063\\\/\"]}]},{\"@type\":\"ImageObject\",\"inLanguage\":\"tr\",\"@id\":\"https:\\\/\\\/kohenavocats.com\\\/tr\\\/cour-dappel-de-paris-le-21-octobre-2024-n24-19063\\\/#primaryimage\",\"url\":\"https:\\\/\\\/kohenavocats.com\\\/wp-content\\\/uploads\\\/2024\\\/11\\\/osarugue-igbinoba-GtkcrFqc5hE-unsplash.webp\",\"contentUrl\":\"https:\\\/\\\/kohenavocats.com\\\/wp-content\\\/uploads\\\/2024\\\/11\\\/osarugue-igbinoba-GtkcrFqc5hE-unsplash.webp\",\"width\":2736,\"height\":3648},{\"@type\":\"BreadcrumbList\",\"@id\":\"https:\\\/\\\/kohenavocats.com\\\/tr\\\/cour-dappel-de-paris-le-21-octobre-2024-n24-19063\\\/#breadcrumb\",\"itemListElement\":[{\"@type\":\"ListItem\",\"position\":1,\"name\":\"Home\",\"item\":\"https:\\\/\\\/kohenavocats.com\\\/tr\\\/avocats-en-droit-penal-a-paris-conseil-et-defense-strategique\\\/\"},{\"@type\":\"ListItem\",\"position\":2,\"name\":\"Cour d&rsquo;appel de Paris, le 21 octobre 2024, n\u00b024\\\/19063\"}]},{\"@type\":\"WebSite\",\"@id\":\"https:\\\/\\\/kohenavocats.com\\\/tr\\\/#website\",\"url\":\"https:\\\/\\\/kohenavocats.com\\\/tr\\\/\",\"name\":\"Kohen Avocats\",\"description\":\"Ma\u00eetre Hassan Kohen, avocat p\u00e9naliste \u00e0 Paris, intervient exclusivement en droit p\u00e9nal pour la d\u00e9fense des particuliers, notamment en mati\u00e8re d\u2019accusations de viol. Il assure un accompagnement rigoureux d\u00e8s la garde \u00e0 vue jusqu\u2019\u00e0 la Cour d\u2019assises, veillant au strict respect des garanties proc\u00e9durales.\",\"publisher\":{\"@id\":\"https:\\\/\\\/kohenavocats.com\\\/tr\\\/#organization\"},\"potentialAction\":[{\"@type\":\"SearchAction\",\"target\":{\"@type\":\"EntryPoint\",\"urlTemplate\":\"https:\\\/\\\/kohenavocats.com\\\/tr\\\/?s={search_term_string}\"},\"query-input\":{\"@type\":\"PropertyValueSpecification\",\"valueRequired\":true,\"valueName\":\"search_term_string\"}}],\"inLanguage\":\"tr\"},{\"@type\":\"Organization\",\"@id\":\"https:\\\/\\\/kohenavocats.com\\\/tr\\\/#organization\",\"name\":\"Kohen Avocats\",\"url\":\"https:\\\/\\\/kohenavocats.com\\\/tr\\\/\",\"logo\":{\"@type\":\"ImageObject\",\"inLanguage\":\"tr\",\"@id\":\"https:\\\/\\\/kohenavocats.com\\\/tr\\\/#\\\/schema\\\/logo\\\/image\\\/\",\"url\":\"https:\\\/\\\/kohenavocats.com\\\/wp-content\\\/uploads\\\/2026\\\/01\\\/Logo-2-1.webp\",\"contentUrl\":\"https:\\\/\\\/kohenavocats.com\\\/wp-content\\\/uploads\\\/2026\\\/01\\\/Logo-2-1.webp\",\"width\":2114,\"height\":1253,\"caption\":\"Kohen Avocats\"},\"image\":{\"@id\":\"https:\\\/\\\/kohenavocats.com\\\/tr\\\/#\\\/schema\\\/logo\\\/image\\\/\"}},{\"@type\":\"Person\",\"@id\":\"https:\\\/\\\/kohenavocats.com\\\/tr\\\/#\\\/schema\\\/person\\\/761c9ba54fa1ca84d405cef0831ff751\",\"name\":\"Kohen\",\"image\":{\"@type\":\"ImageObject\",\"inLanguage\":\"tr\",\"@id\":\"https:\\\/\\\/secure.gravatar.com\\\/avatar\\\/1c5e76ef76bbbfdd2b4da984e2bf2fa4056fd51a27d25ce2c332047f1dfd6e00?s=96&d=identicon&r=g\",\"url\":\"https:\\\/\\\/secure.gravatar.com\\\/avatar\\\/1c5e76ef76bbbfdd2b4da984e2bf2fa4056fd51a27d25ce2c332047f1dfd6e00?s=96&d=identicon&r=g\",\"contentUrl\":\"https:\\\/\\\/secure.gravatar.com\\\/avatar\\\/1c5e76ef76bbbfdd2b4da984e2bf2fa4056fd51a27d25ce2c332047f1dfd6e00?s=96&d=identicon&r=g\",\"caption\":\"Kohen\"},\"sameAs\":[\"https:\\\/\\\/www.linkedin.com\\\/in\\\/hassan-kohen-448548192\\\/\",\"https:\\\/\\\/www.youtube.com\\\/@Kohen-Avocats\"],\"url\":\"https:\\\/\\\/kohenavocats.com\\\/tr\\\/author\\\/kohenmlk\\\/\"}]}<\/script>\n<!-- \/ Yoast SEO Premium plugin. -->","yoast_head_json":{"title":"Cour d'appel de Paris, le 21 octobre 2024, n\u00b024\/19063 - Ma\u00eetre Hassan Kohen, avocat en droit p\u00e9nal \u00e0 Paris","description":"La Cour d'appel de Paris, P\u00f4le 1, chambre 8, 20 juin 2025 (RG 24\/19063), se prononce sur un d\u00e9sistement d'appel et ses effets proc\u00e9duraux. L'instance trouve ...","robots":{"index":"index","follow":"follow","max-snippet":"max-snippet:-1","max-image-preview":"max-image-preview:large","max-video-preview":"max-video-preview:-1"},"canonical":"https:\/\/kohenavocats.com\/tr\/cour-dappel-de-paris-le-21-octobre-2024-n24-19063\/","og_locale":"tr_TR","og_type":"article","og_title":"Cour d'appel de Paris, le 21 octobre 2024, n\u00b024\/19063","og_description":"La Cour d'appel de Paris, P\u00f4le 1, chambre 8, 20 juin 2025 (RG 24\/19063), se prononce sur un d\u00e9sistement d'appel et ses effets proc\u00e9duraux. L'instance trouve ...","og_url":"https:\/\/kohenavocats.com\/tr\/cour-dappel-de-paris-le-21-octobre-2024-n24-19063\/","og_site_name":"Ma\u00eetre Hassan Kohen, avocat en droit p\u00e9nal \u00e0 Paris","article_published_time":"2026-04-25T19:25:02+00:00","og_image":[{"width":2736,"height":3648,"url":"https:\/\/kohenavocats.com\/wp-content\/uploads\/2024\/11\/osarugue-igbinoba-GtkcrFqc5hE-unsplash.webp","type":"image\/webp"}],"author":"Kohen","twitter_card":"summary_large_image","twitter_misc":{"Yazan:":"Kohen","Tahmini okuma s\u00fcresi":"3 dakika"},"schema":{"@context":"https:\/\/schema.org","@graph":[{"@type":"Article","@id":"https:\/\/kohenavocats.com\/tr\/cour-dappel-de-paris-le-21-octobre-2024-n24-19063\/#article","isPartOf":{"@id":"https:\/\/kohenavocats.com\/tr\/cour-dappel-de-paris-le-21-octobre-2024-n24-19063\/"},"author":{"name":"Kohen","@id":"https:\/\/kohenavocats.com\/tr\/#\/schema\/person\/761c9ba54fa1ca84d405cef0831ff751"},"headline":"Cour d&#8217;appel de Paris, le 21 octobre 2024, n\u00b024\/19063","datePublished":"2026-04-25T19:25:02+00:00","mainEntityOfPage":{"@id":"https:\/\/kohenavocats.com\/tr\/cour-dappel-de-paris-le-21-octobre-2024-n24-19063\/"},"wordCount":765,"commentCount":0,"publisher":{"@id":"https:\/\/kohenavocats.com\/tr\/#organization"},"image":{"@id":"https:\/\/kohenavocats.com\/tr\/cour-dappel-de-paris-le-21-octobre-2024-n24-19063\/#primaryimage"},"thumbnailUrl":"https:\/\/kohenavocats.com\/wp-content\/uploads\/2024\/11\/osarugue-igbinoba-GtkcrFqc5hE-unsplash.webp","articleSection":["Jurisprudence"],"inLanguage":"tr","potentialAction":[{"@type":"CommentAction","name":"Comment","target":["https:\/\/kohenavocats.com\/tr\/cour-dappel-de-paris-le-21-octobre-2024-n24-19063\/#respond"]}],"citation":"Cour d&#8217;appel de Paris, le 21 octobre 2024, n\u00b024\/19063","about":[{"@type":"Thing","name":"Jurisprudence"}],"dateModified":"2026-04-25T19:25:02+00:00","speakable":{"@type":"SpeakableSpecification","cssSelector":[".article-content > p:first-of-type"]}},{"@type":"WebPage","@id":"https:\/\/kohenavocats.com\/tr\/cour-dappel-de-paris-le-21-octobre-2024-n24-19063\/","url":"https:\/\/kohenavocats.com\/tr\/cour-dappel-de-paris-le-21-octobre-2024-n24-19063\/","name":"Cour d'appel de Paris, le 21 octobre 2024, n\u00b024\/19063 - Ma\u00eetre Hassan Kohen, avocat en droit p\u00e9nal \u00e0 Paris","isPartOf":{"@id":"https:\/\/kohenavocats.com\/tr\/#website"},"primaryImageOfPage":{"@id":"https:\/\/kohenavocats.com\/tr\/cour-dappel-de-paris-le-21-octobre-2024-n24-19063\/#primaryimage"},"image":{"@id":"https:\/\/kohenavocats.com\/tr\/cour-dappel-de-paris-le-21-octobre-2024-n24-19063\/#primaryimage"},"thumbnailUrl":"https:\/\/kohenavocats.com\/wp-content\/uploads\/2024\/11\/osarugue-igbinoba-GtkcrFqc5hE-unsplash.webp","datePublished":"2026-04-25T19:25:02+00:00","description":"La Cour d'appel de Paris, P\u00f4le 1, chambre 8, 20 juin 2025 (RG 24\/19063), se prononce sur un d\u00e9sistement d'appel et ses effets proc\u00e9duraux. L'instance trouve ...","breadcrumb":{"@id":"https:\/\/kohenavocats.com\/tr\/cour-dappel-de-paris-le-21-octobre-2024-n24-19063\/#breadcrumb"},"inLanguage":"tr","potentialAction":[{"@type":"ReadAction","target":["https:\/\/kohenavocats.com\/tr\/cour-dappel-de-paris-le-21-octobre-2024-n24-19063\/"]}]},{"@type":"ImageObject","inLanguage":"tr","@id":"https:\/\/kohenavocats.com\/tr\/cour-dappel-de-paris-le-21-octobre-2024-n24-19063\/#primaryimage","url":"https:\/\/kohenavocats.com\/wp-content\/uploads\/2024\/11\/osarugue-igbinoba-GtkcrFqc5hE-unsplash.webp","contentUrl":"https:\/\/kohenavocats.com\/wp-content\/uploads\/2024\/11\/osarugue-igbinoba-GtkcrFqc5hE-unsplash.webp","width":2736,"height":3648},{"@type":"BreadcrumbList","@id":"https:\/\/kohenavocats.com\/tr\/cour-dappel-de-paris-le-21-octobre-2024-n24-19063\/#breadcrumb","itemListElement":[{"@type":"ListItem","position":1,"name":"Home","item":"https:\/\/kohenavocats.com\/tr\/avocats-en-droit-penal-a-paris-conseil-et-defense-strategique\/"},{"@type":"ListItem","position":2,"name":"Cour d&rsquo;appel de Paris, le 21 octobre 2024, n\u00b024\/19063"}]},{"@type":"WebSite","@id":"https:\/\/kohenavocats.com\/tr\/#website","url":"https:\/\/kohenavocats.com\/tr\/","name":"Kohen Avocats","description":"Ma\u00eetre Hassan Kohen, avocat p\u00e9naliste \u00e0 Paris, intervient exclusivement en droit p\u00e9nal pour la d\u00e9fense des particuliers, notamment en mati\u00e8re d\u2019accusations de viol. Il assure un accompagnement rigoureux d\u00e8s la garde \u00e0 vue jusqu\u2019\u00e0 la Cour d\u2019assises, veillant au strict respect des garanties proc\u00e9durales.","publisher":{"@id":"https:\/\/kohenavocats.com\/tr\/#organization"},"potentialAction":[{"@type":"SearchAction","target":{"@type":"EntryPoint","urlTemplate":"https:\/\/kohenavocats.com\/tr\/?s={search_term_string}"},"query-input":{"@type":"PropertyValueSpecification","valueRequired":true,"valueName":"search_term_string"}}],"inLanguage":"tr"},{"@type":"Organization","@id":"https:\/\/kohenavocats.com\/tr\/#organization","name":"Kohen Avocats","url":"https:\/\/kohenavocats.com\/tr\/","logo":{"@type":"ImageObject","inLanguage":"tr","@id":"https:\/\/kohenavocats.com\/tr\/#\/schema\/logo\/image\/","url":"https:\/\/kohenavocats.com\/wp-content\/uploads\/2026\/01\/Logo-2-1.webp","contentUrl":"https:\/\/kohenavocats.com\/wp-content\/uploads\/2026\/01\/Logo-2-1.webp","width":2114,"height":1253,"caption":"Kohen Avocats"},"image":{"@id":"https:\/\/kohenavocats.com\/tr\/#\/schema\/logo\/image\/"}},{"@type":"Person","@id":"https:\/\/kohenavocats.com\/tr\/#\/schema\/person\/761c9ba54fa1ca84d405cef0831ff751","name":"Kohen","image":{"@type":"ImageObject","inLanguage":"tr","@id":"https:\/\/secure.gravatar.com\/avatar\/1c5e76ef76bbbfdd2b4da984e2bf2fa4056fd51a27d25ce2c332047f1dfd6e00?s=96&d=identicon&r=g","url":"https:\/\/secure.gravatar.com\/avatar\/1c5e76ef76bbbfdd2b4da984e2bf2fa4056fd51a27d25ce2c332047f1dfd6e00?s=96&d=identicon&r=g","contentUrl":"https:\/\/secure.gravatar.com\/avatar\/1c5e76ef76bbbfdd2b4da984e2bf2fa4056fd51a27d25ce2c332047f1dfd6e00?s=96&d=identicon&r=g","caption":"Kohen"},"sameAs":["https:\/\/www.linkedin.com\/in\/hassan-kohen-448548192\/","https:\/\/www.youtube.com\/@Kohen-Avocats"],"url":"https:\/\/kohenavocats.com\/tr\/author\/kohenmlk\/"}]}},"jetpack_featured_media_url":"https:\/\/kohenavocats.com\/wp-content\/uploads\/2024\/11\/osarugue-igbinoba-GtkcrFqc5hE-unsplash.webp","jetpack_likes_enabled":false,"jetpack_shortlink":"https:\/\/wp.me\/peCrII-2Swt","jetpack-related-posts":[{"id":226614,"url":"https:\/\/kohenavocats.com\/tr\/cour-de-cassation-le-19-juin-2025-n24-22-238\/","url_meta":{"origin":686245,"position":0},"title":"Cour de cassation, le 19 juin 2025, n\u00b024-22.238","author":"Kohen","date":"26 Aral\u0131k 2025","format":false,"excerpt":"La Cour de cassation, par ordonnance du 19 juin 2025, a constat\u00e9 le d\u00e9sistement d'un pourvoi form\u00e9 contre un arr\u00eat de la cour d'appel de Paris du 8 octobre 2024. Cette d\u00e9cision, rendue par une conseill\u00e8re r\u00e9f\u00e9rendaire d\u00e9l\u00e9gu\u00e9e par le premier pr\u00e9sident, illustre le m\u00e9canisme proc\u00e9dural du d\u00e9sistement en mati\u00e8re\u2026","rel":"","context":"&quot;Cour de cassation&quot; i\u00e7inde","block_context":{"text":"Cour de cassation","link":"https:\/\/kohenavocats.com\/category\/cour-de-cassation\/"},"img":{"alt_text":"","src":"https:\/\/i0.wp.com\/kohenavocats.com\/wp-content\/uploads\/2024\/08\/xuan-nguyen-OGk-S3p9HRw-unsplash.webp?resize=350%2C200&ssl=1","width":350,"height":200,"srcset":"https:\/\/i0.wp.com\/kohenavocats.com\/wp-content\/uploads\/2024\/08\/xuan-nguyen-OGk-S3p9HRw-unsplash.webp?resize=350%2C200&ssl=1 1x, https:\/\/i0.wp.com\/kohenavocats.com\/wp-content\/uploads\/2024\/08\/xuan-nguyen-OGk-S3p9HRw-unsplash.webp?resize=525%2C300&ssl=1 1.5x, https:\/\/i0.wp.com\/kohenavocats.com\/wp-content\/uploads\/2024\/08\/xuan-nguyen-OGk-S3p9HRw-unsplash.webp?resize=700%2C400&ssl=1 2x, https:\/\/i0.wp.com\/kohenavocats.com\/wp-content\/uploads\/2024\/08\/xuan-nguyen-OGk-S3p9HRw-unsplash.webp?resize=1050%2C600&ssl=1 3x, https:\/\/i0.wp.com\/kohenavocats.com\/wp-content\/uploads\/2024\/08\/xuan-nguyen-OGk-S3p9HRw-unsplash.webp?resize=1400%2C800&ssl=1 4x"},"classes":[]},{"id":667539,"url":"https:\/\/kohenavocats.com\/tr\/cour-dappel-de-paris-le-15-octobre-2024-n24-06775\/","url_meta":{"origin":686245,"position":1},"title":"Cour d&#8217;appel de Paris, le 15 octobre 2024, n\u00b024\/06775","author":"Kohen","date":"24 Nisan 2026","format":false,"excerpt":"La Cour d'appel de Paris, statuant le 15 octobre 2024, a \u00e9t\u00e9 saisie de deux affaires connexes. Un appelant a exprim\u00e9 sa volont\u00e9 de se d\u00e9sister de son recours...","rel":"","context":"&quot;Jurisprudence&quot; i\u00e7inde","block_context":{"text":"Jurisprudence","link":"https:\/\/kohenavocats.com\/category\/jurisprudence\/"},"img":{"alt_text":"","src":"https:\/\/i0.wp.com\/kohenavocats.com\/wp-content\/uploads\/2024\/11\/resource-database-lRwnx8gdAW0-unsplash.webp?resize=350%2C200&ssl=1","width":350,"height":200,"srcset":"https:\/\/i0.wp.com\/kohenavocats.com\/wp-content\/uploads\/2024\/11\/resource-database-lRwnx8gdAW0-unsplash.webp?resize=350%2C200&ssl=1 1x, https:\/\/i0.wp.com\/kohenavocats.com\/wp-content\/uploads\/2024\/11\/resource-database-lRwnx8gdAW0-unsplash.webp?resize=525%2C300&ssl=1 1.5x, https:\/\/i0.wp.com\/kohenavocats.com\/wp-content\/uploads\/2024\/11\/resource-database-lRwnx8gdAW0-unsplash.webp?resize=700%2C400&ssl=1 2x, https:\/\/i0.wp.com\/kohenavocats.com\/wp-content\/uploads\/2024\/11\/resource-database-lRwnx8gdAW0-unsplash.webp?resize=1050%2C600&ssl=1 3x, https:\/\/i0.wp.com\/kohenavocats.com\/wp-content\/uploads\/2024\/11\/resource-database-lRwnx8gdAW0-unsplash.webp?resize=1400%2C800&ssl=1 4x"},"classes":[]},{"id":235986,"url":"https:\/\/kohenavocats.com\/tr\/cour-dappel-de-paris-le-17-juin-2025-n24-19021\/","url_meta":{"origin":686245,"position":2},"title":"Cour d&#8217;appel de Paris, le 17 juin 2025, n\u00b024\/19021","author":"Kohen","date":"29 Aral\u0131k 2025","format":false,"excerpt":"Par un arr\u00eat du 17 juin 2025, la Cour d'appel de Paris, p\u00f4le 5, chambre 8, s'est prononc\u00e9e sur le d\u00e9sistement d'appel form\u00e9 par une soci\u00e9t\u00e9 dans le cadre d'un litige relatif \u00e0 la r\u00e9siliation d'un contrat de sous-location. Cette d\u00e9cision illustre les conditions proc\u00e9durales du d\u00e9sistement d'appel en pr\u00e9sence\u2026","rel":"","context":"&quot;Cour d'appel&quot; i\u00e7inde","block_context":{"text":"Cour d'appel","link":"https:\/\/kohenavocats.com\/category\/cour-dappel\/"},"img":{"alt_text":"","src":"https:\/\/i0.wp.com\/kohenavocats.com\/wp-content\/uploads\/2024\/11\/lala-azizli-FwzWgaUqjlc-unsplash.webp?resize=350%2C200&ssl=1","width":350,"height":200,"srcset":"https:\/\/i0.wp.com\/kohenavocats.com\/wp-content\/uploads\/2024\/11\/lala-azizli-FwzWgaUqjlc-unsplash.webp?resize=350%2C200&ssl=1 1x, https:\/\/i0.wp.com\/kohenavocats.com\/wp-content\/uploads\/2024\/11\/lala-azizli-FwzWgaUqjlc-unsplash.webp?resize=525%2C300&ssl=1 1.5x, https:\/\/i0.wp.com\/kohenavocats.com\/wp-content\/uploads\/2024\/11\/lala-azizli-FwzWgaUqjlc-unsplash.webp?resize=700%2C400&ssl=1 2x, https:\/\/i0.wp.com\/kohenavocats.com\/wp-content\/uploads\/2024\/11\/lala-azizli-FwzWgaUqjlc-unsplash.webp?resize=1050%2C600&ssl=1 3x, https:\/\/i0.wp.com\/kohenavocats.com\/wp-content\/uploads\/2024\/11\/lala-azizli-FwzWgaUqjlc-unsplash.webp?resize=1400%2C800&ssl=1 4x"},"classes":[]},{"id":44685,"url":"https:\/\/kohenavocats.com\/tr\/cour-de-cassation-le-26-juin-2025-n25-10-033\/","url_meta":{"origin":686245,"position":3},"title":"Cour de cassation, le 26 juin 2025, n\u00b025-10.033","author":"Kohen","date":"7 Kas\u0131m 2025","format":false,"excerpt":"La Cour de cassation, Premi\u00e8re pr\u00e9sidence, a rendu le 26 juin 2025 une ordonnance de d\u00e9sistement, n\u00b0 X 25-10.033. Le pourvoi avait \u00e9t\u00e9 form\u00e9 le 3 janvier 2025 contre un arr\u00eat de la cour d'appel de Paris (p\u00f4le 6, chambre 8), 24 octobre 2024. Le litige opposait une personne physique\u2026","rel":"","context":"&quot;Cour de cassation&quot; i\u00e7inde","block_context":{"text":"Cour de cassation","link":"https:\/\/kohenavocats.com\/category\/cour-de-cassation\/"},"img":{"alt_text":"","src":"https:\/\/i0.wp.com\/kohenavocats.com\/wp-content\/uploads\/2024\/11\/tim-schmidbauer-EnC5f7At4ac-unsplash.webp?resize=350%2C200&ssl=1","width":350,"height":200,"srcset":"https:\/\/i0.wp.com\/kohenavocats.com\/wp-content\/uploads\/2024\/11\/tim-schmidbauer-EnC5f7At4ac-unsplash.webp?resize=350%2C200&ssl=1 1x, https:\/\/i0.wp.com\/kohenavocats.com\/wp-content\/uploads\/2024\/11\/tim-schmidbauer-EnC5f7At4ac-unsplash.webp?resize=525%2C300&ssl=1 1.5x, https:\/\/i0.wp.com\/kohenavocats.com\/wp-content\/uploads\/2024\/11\/tim-schmidbauer-EnC5f7At4ac-unsplash.webp?resize=700%2C400&ssl=1 2x, https:\/\/i0.wp.com\/kohenavocats.com\/wp-content\/uploads\/2024\/11\/tim-schmidbauer-EnC5f7At4ac-unsplash.webp?resize=1050%2C600&ssl=1 3x, https:\/\/i0.wp.com\/kohenavocats.com\/wp-content\/uploads\/2024\/11\/tim-schmidbauer-EnC5f7At4ac-unsplash.webp?resize=1400%2C800&ssl=1 4x"},"classes":[]},{"id":50364,"url":"https:\/\/kohenavocats.com\/tr\/cour-de-cassation-le-19-juin-2025-n24-22-239\/","url_meta":{"origin":686245,"position":4},"title":"Cour de cassation, le 19 juin 2025, n\u00b024-22.239","author":"Kohen","date":"8 Kas\u0131m 2025","format":false,"excerpt":"La Cour de cassation, Premi\u00e8re pr\u00e9sidence, a rendu le 19 juin 2025 une \u00ab ORDONNANCE DE D\u00c9SISTEMENT \u00bb relative \u00e0 un pourvoi dirig\u00e9 contre un arr\u00eat de la cour d'appel de Paris du 8 octobre 2024. La proc\u00e9dure est strictement encadr\u00e9e et se cl\u00f4t sur une d\u00e9cision de nature proc\u00e9durale,\u2026","rel":"","context":"&quot;Cour de cassation&quot; i\u00e7inde","block_context":{"text":"Cour de cassation","link":"https:\/\/kohenavocats.com\/category\/cour-de-cassation\/"},"img":{"alt_text":"","src":"https:\/\/i0.wp.com\/kohenavocats.com\/wp-content\/uploads\/2024\/08\/luis-k-mPdxzDX68vU-unsplash.webp?resize=350%2C200&ssl=1","width":350,"height":200,"srcset":"https:\/\/i0.wp.com\/kohenavocats.com\/wp-content\/uploads\/2024\/08\/luis-k-mPdxzDX68vU-unsplash.webp?resize=350%2C200&ssl=1 1x, https:\/\/i0.wp.com\/kohenavocats.com\/wp-content\/uploads\/2024\/08\/luis-k-mPdxzDX68vU-unsplash.webp?resize=525%2C300&ssl=1 1.5x, https:\/\/i0.wp.com\/kohenavocats.com\/wp-content\/uploads\/2024\/08\/luis-k-mPdxzDX68vU-unsplash.webp?resize=700%2C400&ssl=1 2x, https:\/\/i0.wp.com\/kohenavocats.com\/wp-content\/uploads\/2024\/08\/luis-k-mPdxzDX68vU-unsplash.webp?resize=1050%2C600&ssl=1 3x, https:\/\/i0.wp.com\/kohenavocats.com\/wp-content\/uploads\/2024\/08\/luis-k-mPdxzDX68vU-unsplash.webp?resize=1400%2C800&ssl=1 4x"},"classes":[]},{"id":74259,"url":"https:\/\/kohenavocats.com\/tr\/cour-de-cassation-le-26-juin-2025-n24-22-724\/","url_meta":{"origin":686245,"position":5},"title":"Cour de cassation, le 26 juin 2025, n\u00b024-22.724","author":"Kohen","date":"9 Kas\u0131m 2025","format":false,"excerpt":"La Cour de cassation, premi\u00e8re pr\u00e9sidence, a rendu le 26 juin 2025 une ordonnance de d\u00e9sistement cons\u00e9cutive \u00e0 un pourvoi dirig\u00e9 contre un arr\u00eat de la cour d\u2019appel de Paris du 3 octobre 2024. Le litige, port\u00e9 en cassation le 23 d\u00e9cembre 2024, a connu diverses constitutions d\u2019avocats, avant qu\u2019une\u2026","rel":"","context":"&quot;Cour de cassation&quot; i\u00e7inde","block_context":{"text":"Cour de cassation","link":"https:\/\/kohenavocats.com\/category\/cour-de-cassation\/"},"img":{"alt_text":"","src":"https:\/\/i0.wp.com\/kohenavocats.com\/wp-content\/uploads\/2024\/08\/anthony-choren-WU1RbgzDoAs-unsplash.webp?resize=350%2C200&ssl=1","width":350,"height":200,"srcset":"https:\/\/i0.wp.com\/kohenavocats.com\/wp-content\/uploads\/2024\/08\/anthony-choren-WU1RbgzDoAs-unsplash.webp?resize=350%2C200&ssl=1 1x, https:\/\/i0.wp.com\/kohenavocats.com\/wp-content\/uploads\/2024\/08\/anthony-choren-WU1RbgzDoAs-unsplash.webp?resize=525%2C300&ssl=1 1.5x, https:\/\/i0.wp.com\/kohenavocats.com\/wp-content\/uploads\/2024\/08\/anthony-choren-WU1RbgzDoAs-unsplash.webp?resize=700%2C400&ssl=1 2x, https:\/\/i0.wp.com\/kohenavocats.com\/wp-content\/uploads\/2024\/08\/anthony-choren-WU1RbgzDoAs-unsplash.webp?resize=1050%2C600&ssl=1 3x, https:\/\/i0.wp.com\/kohenavocats.com\/wp-content\/uploads\/2024\/08\/anthony-choren-WU1RbgzDoAs-unsplash.webp?resize=1400%2C800&ssl=1 4x"},"classes":[]}],"jetpack_sharing_enabled":true,"_links":{"self":[{"href":"https:\/\/kohenavocats.com\/tr\/wp-json\/wp\/v2\/posts\/686245","targetHints":{"allow":["GET"]}}],"collection":[{"href":"https:\/\/kohenavocats.com\/tr\/wp-json\/wp\/v2\/posts"}],"about":[{"href":"https:\/\/kohenavocats.com\/tr\/wp-json\/wp\/v2\/types\/post"}],"author":[{"embeddable":true,"href":"https:\/\/kohenavocats.com\/tr\/wp-json\/wp\/v2\/users\/232070755"}],"replies":[{"embeddable":true,"href":"https:\/\/kohenavocats.com\/tr\/wp-json\/wp\/v2\/comments?post=686245"}],"version-history":[{"count":0,"href":"https:\/\/kohenavocats.com\/tr\/wp-json\/wp\/v2\/posts\/686245\/revisions"}],"wp:featuredmedia":[{"embeddable":true,"href":"https:\/\/kohenavocats.com\/tr\/wp-json\/wp\/v2\/media\/9439"}],"wp:attachment":[{"href":"https:\/\/kohenavocats.com\/tr\/wp-json\/wp\/v2\/media?parent=686245"}],"wp:term":[{"taxonomy":"category","embeddable":true,"href":"https:\/\/kohenavocats.com\/tr\/wp-json\/wp\/v2\/categories?post=686245"},{"taxonomy":"post_tag","embeddable":true,"href":"https:\/\/kohenavocats.com\/tr\/wp-json\/wp\/v2\/tags?post=686245"}],"curies":[{"name":"wp","href":"https:\/\/api.w.org\/{rel}","templated":true}]}}