{"id":690639,"date":"2026-04-26T08:11:14","date_gmt":"2026-04-26T06:11:14","guid":{"rendered":"https:\/\/kohenavocats.com\/tribunal-judiciaire-de-toulon-le-9-decembre-2025-n25-02299\/"},"modified":"2026-04-26T08:11:14","modified_gmt":"2026-04-26T06:11:14","slug":"tribunal-judiciaire-de-toulon-le-9-decembre-2025-n25-02299","status":"publish","type":"post","link":"https:\/\/kohenavocats.com\/tr\/tribunal-judiciaire-de-toulon-le-9-decembre-2025-n25-02299\/","title":{"rendered":"Tribunal judiciaire de Toulon, le 9 d\u00e9cembre 2025, n\u00b025\/02299"},"content":{"rendered":"<div class=\"article-content\">\n<p>Le Tribunal judiciaire de Toulon, statuant en r\u00e9f\u00e9r\u00e9 le 9 d\u00e9cembre 2025, \u00e9tait saisi d&#8217;une demande de restitution d&#8217;un v\u00e9hicule retenu par un garage. La demanderesse invoquait l&#8217;extinction du droit de r\u00e9tention par compensation judiciaire des cr\u00e9ances r\u00e9ciproques. La question centrale portait sur l&#8217;existence d&#8217;un trouble manifestement illicite r\u00e9sultant de la r\u00e9tention persistante du v\u00e9hicule. Le juge a dit n&#8217;y avoir lieu \u00e0 r\u00e9f\u00e9r\u00e9 sur cette demande de restitution.<\/p>\n<p>L&#8217;absence de trouble manifestement illicite.<\/p>\n<p>Le juge rappelle que le trouble manifestement illicite est une violation \u00e9vidente de la r\u00e8gle de droit. Il examine si la compensation invoqu\u00e9e \u00e9teint le droit de r\u00e9tention du garage. Le jugement du 3 avril 2025 avait condamn\u00e9 le garage \u00e0 payer 3500 euros \u00e0 sa cliente. La cliente n&#8217;avait pas r\u00e9gl\u00e9 la facture de r\u00e9paration de 510,21 euros.<\/p>\n<p>Le cr\u00e9ancier est en droit de r\u00e9clamer des frais de gardiennage durant l&#8217;exercice du droit de r\u00e9tention. Or, le rapport d&#8217;expertise amiable du 8 avril 2024 montre que le garage se pr\u00e9tendait cr\u00e9ancier de frais de gardiennage. D\u00e8s lors, &#8220;il n&#8217;est pas \u00e9tabli que la cr\u00e9ance dont dispose la SAS TOULON AUTO PIECES HORUS TOULON au titre de la r\u00e9paration effectu\u00e9e et des frais de gardiennage est compens\u00e9e par la cr\u00e9ance dont dispose [S] [U] sur le fondement du jugement du 03 avril 2025&#8221; (Motifs). La preuve de l&#8217;extinction totale du droit de r\u00e9tention n&#8217;est donc pas rapport\u00e9e.<\/p>\n<p>La valeur de cette d\u00e9cision r\u00e9side dans le rappel des conditions strictes de la preuve en r\u00e9f\u00e9r\u00e9. La simple existence d&#8217;une compensation judiciaire ne suffit pas \u00e0 caract\u00e9riser un trouble manifestement illicite. Le juge des r\u00e9f\u00e9r\u00e9s exige une d\u00e9monstration claire que la cr\u00e9ance du r\u00e9tenteur est int\u00e9gralement \u00e9teinte. En l&#8217;esp\u00e8ce, l&#8217;incertitude sur le montant total d\u00fb, incluant les frais de gardiennage, emp\u00eache cette d\u00e9monstration.<\/p>\n<p>La port\u00e9e de cette solution est importante pour les praticiens. Elle souligne que le droit de r\u00e9tention, une fois n\u00e9, ne s&#8217;\u00e9teint pas automatiquement par une compensation partielle. Le d\u00e9biteur doit prouver que toutes les sommes garanties par la r\u00e9tention ont \u00e9t\u00e9 pay\u00e9es. Le r\u00e9f\u00e9r\u00e9 n&#8217;est pas la voie adapt\u00e9e pour trancher une contestation s\u00e9rieuse sur le montant exact des cr\u00e9ances r\u00e9ciproques.<\/p>\n<p>Les demandes accessoires.<\/p>\n<p>La demanderesse, succombant en sa demande principale, est condamn\u00e9e aux d\u00e9pens. Elle est \u00e9galement d\u00e9bout\u00e9e de sa demande au titre de l&#8217;article 700 du code de proc\u00e9dure civile. Cette solution applique le principe selon lequel les frais du proc\u00e8s suivent le sort de la pr\u00e9tention principale.<\/p>\n<\/div>\n","protected":false},"excerpt":{"rendered":"<p>Le Tribunal judiciaire de Toulon, statuant en r\u00e9f\u00e9r\u00e9 le 9 d\u00e9cembre 2025, \u00e9tait saisi d&#8217;une demande de restitution d&#8217;un v\u00e9hicule retenu par un garage. La dema&#8230;<\/p>\n","protected":false},"author":232070755,"featured_media":4675,"comment_status":"open","ping_status":"open","sticky":false,"template":"","format":"standard","meta":{"_crdt_document":"","_jetpack_newsletter_access":"","_jetpack_dont_email_post_to_subs":false,"_jetpack_newsletter_tier_id":0,"_jetpack_memberships_contains_paywalled_content":false,"_kj_source_type":"judilibre","_kj_official_id":"694634f775782d5f06e565c5","_kj_official_url":"https:\/\/www.courdecassation.fr\/decision\/694634f775782d5f06e565c5","_kj_judilibre_id":"694634f775782d5f06e565c5","_kj_jur":"Tribunal judiciaire","_kj_lieu":"Tribunal judiciaire de Toulon","_kj_chambre":"REFERES","_kj_rg":"25\/02299","_kj_date":"2025-12-09","_jetpack_memberships_contains_paid_content":false,"footnotes":"","jetpack_post_was_ever_published":false},"categories":[7597],"tags":[],"class_list":["post-690639","post","type-post","status-publish","format-standard","has-post-thumbnail","hentry","category-jurisprudence"],"yoast_head":"<!-- This site is optimized with the Yoast SEO Premium plugin v27.5 (Yoast SEO v27.5) - https:\/\/yoast.com\/product\/yoast-seo-premium-wordpress\/ -->\n<title>Tribunal judiciaire de Toulon, le 9 d\u00e9cembre 2025, n\u00b025\/02299 - Ma\u00eetre Hassan Kohen, avocat en droit p\u00e9nal \u00e0 Paris<\/title>\n<meta name=\"description\" content=\"Le Tribunal judiciaire de Toulon, statuant en r\u00e9f\u00e9r\u00e9 le 9 d\u00e9cembre 2025, \u00e9tait saisi d&#039;une demande de restitution d&#039;un v\u00e9hicule retenu par un garage. La dema...\" \/>\n<meta name=\"robots\" content=\"index, follow, max-snippet:-1, max-image-preview:large, max-video-preview:-1\" \/>\n<link rel=\"canonical\" href=\"https:\/\/kohenavocats.com\/tr\/tribunal-judiciaire-de-toulon-le-9-decembre-2025-n25-02299\/\" \/>\n<meta property=\"og:locale\" content=\"tr_TR\" \/>\n<meta property=\"og:type\" content=\"article\" \/>\n<meta property=\"og:title\" content=\"Tribunal judiciaire de Toulon, le 9 d\u00e9cembre 2025, n\u00b025\/02299\" \/>\n<meta property=\"og:description\" content=\"Le Tribunal judiciaire de Toulon, statuant en r\u00e9f\u00e9r\u00e9 le 9 d\u00e9cembre 2025, \u00e9tait saisi d&#039;une demande de restitution d&#039;un v\u00e9hicule retenu par un garage. La dema...\" \/>\n<meta property=\"og:url\" content=\"https:\/\/kohenavocats.com\/tr\/tribunal-judiciaire-de-toulon-le-9-decembre-2025-n25-02299\/\" \/>\n<meta property=\"og:site_name\" content=\"Ma\u00eetre Hassan Kohen, avocat en droit p\u00e9nal \u00e0 Paris\" \/>\n<meta property=\"article:published_time\" content=\"2026-04-26T06:11:14+00:00\" \/>\n<meta property=\"og:image\" content=\"https:\/\/kohenavocats.com\/wp-content\/uploads\/2024\/08\/emily-bentley-26_Z2TrY_hw-unsplash.webp\" \/>\n\t<meta property=\"og:image:width\" content=\"3072\" \/>\n\t<meta property=\"og:image:height\" content=\"2048\" \/>\n\t<meta property=\"og:image:type\" content=\"image\/webp\" \/>\n<meta name=\"author\" content=\"Kohen\" \/>\n<meta name=\"twitter:card\" content=\"summary_large_image\" \/>\n<meta name=\"twitter:label1\" content=\"Yazan:\" \/>\n\t<meta name=\"twitter:data1\" content=\"Kohen\" \/>\n\t<meta name=\"twitter:label2\" content=\"Tahmini okuma s\u00fcresi\" \/>\n\t<meta name=\"twitter:data2\" content=\"2 dakika\" \/>\n<script type=\"application\/ld+json\" class=\"yoast-schema-graph\">{\"@context\":\"https:\\\/\\\/schema.org\",\"@graph\":[{\"@type\":\"Article\",\"@id\":\"https:\\\/\\\/kohenavocats.com\\\/tr\\\/tribunal-judiciaire-de-toulon-le-9-decembre-2025-n25-02299\\\/#article\",\"isPartOf\":{\"@id\":\"https:\\\/\\\/kohenavocats.com\\\/tr\\\/tribunal-judiciaire-de-toulon-le-9-decembre-2025-n25-02299\\\/\"},\"author\":{\"name\":\"Kohen\",\"@id\":\"https:\\\/\\\/kohenavocats.com\\\/tr\\\/#\\\/schema\\\/person\\\/761c9ba54fa1ca84d405cef0831ff751\"},\"headline\":\"Tribunal judiciaire de Toulon, le 9 d\u00e9cembre 2025, n\u00b025\\\/02299\",\"datePublished\":\"2026-04-26T06:11:14+00:00\",\"mainEntityOfPage\":{\"@id\":\"https:\\\/\\\/kohenavocats.com\\\/tr\\\/tribunal-judiciaire-de-toulon-le-9-decembre-2025-n25-02299\\\/\"},\"wordCount\":481,\"commentCount\":0,\"publisher\":{\"@id\":\"https:\\\/\\\/kohenavocats.com\\\/tr\\\/#organization\"},\"image\":{\"@id\":\"https:\\\/\\\/kohenavocats.com\\\/tr\\\/tribunal-judiciaire-de-toulon-le-9-decembre-2025-n25-02299\\\/#primaryimage\"},\"thumbnailUrl\":\"https:\\\/\\\/kohenavocats.com\\\/wp-content\\\/uploads\\\/2024\\\/08\\\/emily-bentley-26_Z2TrY_hw-unsplash.webp\",\"articleSection\":[\"Jurisprudence\"],\"inLanguage\":\"tr\",\"potentialAction\":[{\"@type\":\"CommentAction\",\"name\":\"Comment\",\"target\":[\"https:\\\/\\\/kohenavocats.com\\\/tr\\\/tribunal-judiciaire-de-toulon-le-9-decembre-2025-n25-02299\\\/#respond\"]}],\"citation\":\"Tribunal judiciaire de Toulon, le 9 d\u00e9cembre 2025, n\u00b025\\\/02299\",\"about\":[{\"@type\":\"Thing\",\"name\":\"Jurisprudence\"}],\"dateModified\":\"2026-04-26T06:11:14+00:00\",\"speakable\":{\"@type\":\"SpeakableSpecification\",\"cssSelector\":[\".article-content > p:first-of-type\"]}},{\"@type\":\"WebPage\",\"@id\":\"https:\\\/\\\/kohenavocats.com\\\/tr\\\/tribunal-judiciaire-de-toulon-le-9-decembre-2025-n25-02299\\\/\",\"url\":\"https:\\\/\\\/kohenavocats.com\\\/tr\\\/tribunal-judiciaire-de-toulon-le-9-decembre-2025-n25-02299\\\/\",\"name\":\"Tribunal judiciaire de Toulon, le 9 d\u00e9cembre 2025, n\u00b025\\\/02299 - Ma\u00eetre Hassan Kohen, avocat en droit p\u00e9nal \u00e0 Paris\",\"isPartOf\":{\"@id\":\"https:\\\/\\\/kohenavocats.com\\\/tr\\\/#website\"},\"primaryImageOfPage\":{\"@id\":\"https:\\\/\\\/kohenavocats.com\\\/tr\\\/tribunal-judiciaire-de-toulon-le-9-decembre-2025-n25-02299\\\/#primaryimage\"},\"image\":{\"@id\":\"https:\\\/\\\/kohenavocats.com\\\/tr\\\/tribunal-judiciaire-de-toulon-le-9-decembre-2025-n25-02299\\\/#primaryimage\"},\"thumbnailUrl\":\"https:\\\/\\\/kohenavocats.com\\\/wp-content\\\/uploads\\\/2024\\\/08\\\/emily-bentley-26_Z2TrY_hw-unsplash.webp\",\"datePublished\":\"2026-04-26T06:11:14+00:00\",\"description\":\"Le Tribunal judiciaire de Toulon, statuant en r\u00e9f\u00e9r\u00e9 le 9 d\u00e9cembre 2025, \u00e9tait saisi d'une demande de restitution d'un v\u00e9hicule retenu par un garage. La dema...\",\"breadcrumb\":{\"@id\":\"https:\\\/\\\/kohenavocats.com\\\/tr\\\/tribunal-judiciaire-de-toulon-le-9-decembre-2025-n25-02299\\\/#breadcrumb\"},\"inLanguage\":\"tr\",\"potentialAction\":[{\"@type\":\"ReadAction\",\"target\":[\"https:\\\/\\\/kohenavocats.com\\\/tr\\\/tribunal-judiciaire-de-toulon-le-9-decembre-2025-n25-02299\\\/\"]}]},{\"@type\":\"ImageObject\",\"inLanguage\":\"tr\",\"@id\":\"https:\\\/\\\/kohenavocats.com\\\/tr\\\/tribunal-judiciaire-de-toulon-le-9-decembre-2025-n25-02299\\\/#primaryimage\",\"url\":\"https:\\\/\\\/kohenavocats.com\\\/wp-content\\\/uploads\\\/2024\\\/08\\\/emily-bentley-26_Z2TrY_hw-unsplash.webp\",\"contentUrl\":\"https:\\\/\\\/kohenavocats.com\\\/wp-content\\\/uploads\\\/2024\\\/08\\\/emily-bentley-26_Z2TrY_hw-unsplash.webp\",\"width\":3072,\"height\":2048},{\"@type\":\"BreadcrumbList\",\"@id\":\"https:\\\/\\\/kohenavocats.com\\\/tr\\\/tribunal-judiciaire-de-toulon-le-9-decembre-2025-n25-02299\\\/#breadcrumb\",\"itemListElement\":[{\"@type\":\"ListItem\",\"position\":1,\"name\":\"Home\",\"item\":\"https:\\\/\\\/kohenavocats.com\\\/tr\\\/avocats-en-droit-penal-a-paris-conseil-et-defense-strategique\\\/\"},{\"@type\":\"ListItem\",\"position\":2,\"name\":\"Tribunal judiciaire de Toulon, le 9 d\u00e9cembre 2025, n\u00b025\\\/02299\"}]},{\"@type\":\"WebSite\",\"@id\":\"https:\\\/\\\/kohenavocats.com\\\/tr\\\/#website\",\"url\":\"https:\\\/\\\/kohenavocats.com\\\/tr\\\/\",\"name\":\"Kohen Avocats\",\"description\":\"Ma\u00eetre Hassan Kohen, avocat p\u00e9naliste \u00e0 Paris, intervient exclusivement en droit p\u00e9nal pour la d\u00e9fense des particuliers, notamment en mati\u00e8re d\u2019accusations de viol. Il assure un accompagnement rigoureux d\u00e8s la garde \u00e0 vue jusqu\u2019\u00e0 la Cour d\u2019assises, veillant au strict respect des garanties proc\u00e9durales.\",\"publisher\":{\"@id\":\"https:\\\/\\\/kohenavocats.com\\\/tr\\\/#organization\"},\"potentialAction\":[{\"@type\":\"SearchAction\",\"target\":{\"@type\":\"EntryPoint\",\"urlTemplate\":\"https:\\\/\\\/kohenavocats.com\\\/tr\\\/?s={search_term_string}\"},\"query-input\":{\"@type\":\"PropertyValueSpecification\",\"valueRequired\":true,\"valueName\":\"search_term_string\"}}],\"inLanguage\":\"tr\"},{\"@type\":\"Organization\",\"@id\":\"https:\\\/\\\/kohenavocats.com\\\/tr\\\/#organization\",\"name\":\"Kohen Avocats\",\"url\":\"https:\\\/\\\/kohenavocats.com\\\/tr\\\/\",\"logo\":{\"@type\":\"ImageObject\",\"inLanguage\":\"tr\",\"@id\":\"https:\\\/\\\/kohenavocats.com\\\/tr\\\/#\\\/schema\\\/logo\\\/image\\\/\",\"url\":\"https:\\\/\\\/kohenavocats.com\\\/wp-content\\\/uploads\\\/2026\\\/01\\\/Logo-2-1.webp\",\"contentUrl\":\"https:\\\/\\\/kohenavocats.com\\\/wp-content\\\/uploads\\\/2026\\\/01\\\/Logo-2-1.webp\",\"width\":2114,\"height\":1253,\"caption\":\"Kohen Avocats\"},\"image\":{\"@id\":\"https:\\\/\\\/kohenavocats.com\\\/tr\\\/#\\\/schema\\\/logo\\\/image\\\/\"}},{\"@type\":\"Person\",\"@id\":\"https:\\\/\\\/kohenavocats.com\\\/tr\\\/#\\\/schema\\\/person\\\/761c9ba54fa1ca84d405cef0831ff751\",\"name\":\"Kohen\",\"image\":{\"@type\":\"ImageObject\",\"inLanguage\":\"tr\",\"@id\":\"https:\\\/\\\/secure.gravatar.com\\\/avatar\\\/1c5e76ef76bbbfdd2b4da984e2bf2fa4056fd51a27d25ce2c332047f1dfd6e00?s=96&d=identicon&r=g\",\"url\":\"https:\\\/\\\/secure.gravatar.com\\\/avatar\\\/1c5e76ef76bbbfdd2b4da984e2bf2fa4056fd51a27d25ce2c332047f1dfd6e00?s=96&d=identicon&r=g\",\"contentUrl\":\"https:\\\/\\\/secure.gravatar.com\\\/avatar\\\/1c5e76ef76bbbfdd2b4da984e2bf2fa4056fd51a27d25ce2c332047f1dfd6e00?s=96&d=identicon&r=g\",\"caption\":\"Kohen\"},\"sameAs\":[\"https:\\\/\\\/www.linkedin.com\\\/in\\\/hassan-kohen-448548192\\\/\",\"https:\\\/\\\/www.youtube.com\\\/@Kohen-Avocats\"],\"url\":\"https:\\\/\\\/kohenavocats.com\\\/tr\\\/author\\\/kohenmlk\\\/\"}]}<\/script>\n<!-- \/ Yoast SEO Premium plugin. -->","yoast_head_json":{"title":"Tribunal judiciaire de Toulon, le 9 d\u00e9cembre 2025, n\u00b025\/02299 - Ma\u00eetre Hassan Kohen, avocat en droit p\u00e9nal \u00e0 Paris","description":"Le Tribunal judiciaire de Toulon, statuant en r\u00e9f\u00e9r\u00e9 le 9 d\u00e9cembre 2025, \u00e9tait saisi d'une demande de restitution d'un v\u00e9hicule retenu par un garage. La dema...","robots":{"index":"index","follow":"follow","max-snippet":"max-snippet:-1","max-image-preview":"max-image-preview:large","max-video-preview":"max-video-preview:-1"},"canonical":"https:\/\/kohenavocats.com\/tr\/tribunal-judiciaire-de-toulon-le-9-decembre-2025-n25-02299\/","og_locale":"tr_TR","og_type":"article","og_title":"Tribunal judiciaire de Toulon, le 9 d\u00e9cembre 2025, n\u00b025\/02299","og_description":"Le Tribunal judiciaire de Toulon, statuant en r\u00e9f\u00e9r\u00e9 le 9 d\u00e9cembre 2025, \u00e9tait saisi d'une demande de restitution d'un v\u00e9hicule retenu par un garage. La dema...","og_url":"https:\/\/kohenavocats.com\/tr\/tribunal-judiciaire-de-toulon-le-9-decembre-2025-n25-02299\/","og_site_name":"Ma\u00eetre Hassan Kohen, avocat en droit p\u00e9nal \u00e0 Paris","article_published_time":"2026-04-26T06:11:14+00:00","og_image":[{"width":3072,"height":2048,"url":"https:\/\/kohenavocats.com\/wp-content\/uploads\/2024\/08\/emily-bentley-26_Z2TrY_hw-unsplash.webp","type":"image\/webp"}],"author":"Kohen","twitter_card":"summary_large_image","twitter_misc":{"Yazan:":"Kohen","Tahmini okuma s\u00fcresi":"2 dakika"},"schema":{"@context":"https:\/\/schema.org","@graph":[{"@type":"Article","@id":"https:\/\/kohenavocats.com\/tr\/tribunal-judiciaire-de-toulon-le-9-decembre-2025-n25-02299\/#article","isPartOf":{"@id":"https:\/\/kohenavocats.com\/tr\/tribunal-judiciaire-de-toulon-le-9-decembre-2025-n25-02299\/"},"author":{"name":"Kohen","@id":"https:\/\/kohenavocats.com\/tr\/#\/schema\/person\/761c9ba54fa1ca84d405cef0831ff751"},"headline":"Tribunal judiciaire de Toulon, le 9 d\u00e9cembre 2025, n\u00b025\/02299","datePublished":"2026-04-26T06:11:14+00:00","mainEntityOfPage":{"@id":"https:\/\/kohenavocats.com\/tr\/tribunal-judiciaire-de-toulon-le-9-decembre-2025-n25-02299\/"},"wordCount":481,"commentCount":0,"publisher":{"@id":"https:\/\/kohenavocats.com\/tr\/#organization"},"image":{"@id":"https:\/\/kohenavocats.com\/tr\/tribunal-judiciaire-de-toulon-le-9-decembre-2025-n25-02299\/#primaryimage"},"thumbnailUrl":"https:\/\/kohenavocats.com\/wp-content\/uploads\/2024\/08\/emily-bentley-26_Z2TrY_hw-unsplash.webp","articleSection":["Jurisprudence"],"inLanguage":"tr","potentialAction":[{"@type":"CommentAction","name":"Comment","target":["https:\/\/kohenavocats.com\/tr\/tribunal-judiciaire-de-toulon-le-9-decembre-2025-n25-02299\/#respond"]}],"citation":"Tribunal judiciaire de Toulon, le 9 d\u00e9cembre 2025, n\u00b025\/02299","about":[{"@type":"Thing","name":"Jurisprudence"}],"dateModified":"2026-04-26T06:11:14+00:00","speakable":{"@type":"SpeakableSpecification","cssSelector":[".article-content > p:first-of-type"]}},{"@type":"WebPage","@id":"https:\/\/kohenavocats.com\/tr\/tribunal-judiciaire-de-toulon-le-9-decembre-2025-n25-02299\/","url":"https:\/\/kohenavocats.com\/tr\/tribunal-judiciaire-de-toulon-le-9-decembre-2025-n25-02299\/","name":"Tribunal judiciaire de Toulon, le 9 d\u00e9cembre 2025, n\u00b025\/02299 - Ma\u00eetre Hassan Kohen, avocat en droit p\u00e9nal \u00e0 Paris","isPartOf":{"@id":"https:\/\/kohenavocats.com\/tr\/#website"},"primaryImageOfPage":{"@id":"https:\/\/kohenavocats.com\/tr\/tribunal-judiciaire-de-toulon-le-9-decembre-2025-n25-02299\/#primaryimage"},"image":{"@id":"https:\/\/kohenavocats.com\/tr\/tribunal-judiciaire-de-toulon-le-9-decembre-2025-n25-02299\/#primaryimage"},"thumbnailUrl":"https:\/\/kohenavocats.com\/wp-content\/uploads\/2024\/08\/emily-bentley-26_Z2TrY_hw-unsplash.webp","datePublished":"2026-04-26T06:11:14+00:00","description":"Le Tribunal judiciaire de Toulon, statuant en r\u00e9f\u00e9r\u00e9 le 9 d\u00e9cembre 2025, \u00e9tait saisi d'une demande de restitution d'un v\u00e9hicule retenu par un garage. La dema...","breadcrumb":{"@id":"https:\/\/kohenavocats.com\/tr\/tribunal-judiciaire-de-toulon-le-9-decembre-2025-n25-02299\/#breadcrumb"},"inLanguage":"tr","potentialAction":[{"@type":"ReadAction","target":["https:\/\/kohenavocats.com\/tr\/tribunal-judiciaire-de-toulon-le-9-decembre-2025-n25-02299\/"]}]},{"@type":"ImageObject","inLanguage":"tr","@id":"https:\/\/kohenavocats.com\/tr\/tribunal-judiciaire-de-toulon-le-9-decembre-2025-n25-02299\/#primaryimage","url":"https:\/\/kohenavocats.com\/wp-content\/uploads\/2024\/08\/emily-bentley-26_Z2TrY_hw-unsplash.webp","contentUrl":"https:\/\/kohenavocats.com\/wp-content\/uploads\/2024\/08\/emily-bentley-26_Z2TrY_hw-unsplash.webp","width":3072,"height":2048},{"@type":"BreadcrumbList","@id":"https:\/\/kohenavocats.com\/tr\/tribunal-judiciaire-de-toulon-le-9-decembre-2025-n25-02299\/#breadcrumb","itemListElement":[{"@type":"ListItem","position":1,"name":"Home","item":"https:\/\/kohenavocats.com\/tr\/avocats-en-droit-penal-a-paris-conseil-et-defense-strategique\/"},{"@type":"ListItem","position":2,"name":"Tribunal judiciaire de Toulon, le 9 d\u00e9cembre 2025, n\u00b025\/02299"}]},{"@type":"WebSite","@id":"https:\/\/kohenavocats.com\/tr\/#website","url":"https:\/\/kohenavocats.com\/tr\/","name":"Kohen Avocats","description":"Ma\u00eetre Hassan Kohen, avocat p\u00e9naliste \u00e0 Paris, intervient exclusivement en droit p\u00e9nal pour la d\u00e9fense des particuliers, notamment en mati\u00e8re d\u2019accusations de viol. Il assure un accompagnement rigoureux d\u00e8s la garde \u00e0 vue jusqu\u2019\u00e0 la Cour d\u2019assises, veillant au strict respect des garanties proc\u00e9durales.","publisher":{"@id":"https:\/\/kohenavocats.com\/tr\/#organization"},"potentialAction":[{"@type":"SearchAction","target":{"@type":"EntryPoint","urlTemplate":"https:\/\/kohenavocats.com\/tr\/?s={search_term_string}"},"query-input":{"@type":"PropertyValueSpecification","valueRequired":true,"valueName":"search_term_string"}}],"inLanguage":"tr"},{"@type":"Organization","@id":"https:\/\/kohenavocats.com\/tr\/#organization","name":"Kohen Avocats","url":"https:\/\/kohenavocats.com\/tr\/","logo":{"@type":"ImageObject","inLanguage":"tr","@id":"https:\/\/kohenavocats.com\/tr\/#\/schema\/logo\/image\/","url":"https:\/\/kohenavocats.com\/wp-content\/uploads\/2026\/01\/Logo-2-1.webp","contentUrl":"https:\/\/kohenavocats.com\/wp-content\/uploads\/2026\/01\/Logo-2-1.webp","width":2114,"height":1253,"caption":"Kohen Avocats"},"image":{"@id":"https:\/\/kohenavocats.com\/tr\/#\/schema\/logo\/image\/"}},{"@type":"Person","@id":"https:\/\/kohenavocats.com\/tr\/#\/schema\/person\/761c9ba54fa1ca84d405cef0831ff751","name":"Kohen","image":{"@type":"ImageObject","inLanguage":"tr","@id":"https:\/\/secure.gravatar.com\/avatar\/1c5e76ef76bbbfdd2b4da984e2bf2fa4056fd51a27d25ce2c332047f1dfd6e00?s=96&d=identicon&r=g","url":"https:\/\/secure.gravatar.com\/avatar\/1c5e76ef76bbbfdd2b4da984e2bf2fa4056fd51a27d25ce2c332047f1dfd6e00?s=96&d=identicon&r=g","contentUrl":"https:\/\/secure.gravatar.com\/avatar\/1c5e76ef76bbbfdd2b4da984e2bf2fa4056fd51a27d25ce2c332047f1dfd6e00?s=96&d=identicon&r=g","caption":"Kohen"},"sameAs":["https:\/\/www.linkedin.com\/in\/hassan-kohen-448548192\/","https:\/\/www.youtube.com\/@Kohen-Avocats"],"url":"https:\/\/kohenavocats.com\/tr\/author\/kohenmlk\/"}]}},"jetpack_featured_media_url":"https:\/\/kohenavocats.com\/wp-content\/uploads\/2024\/08\/emily-bentley-26_Z2TrY_hw-unsplash.webp","jetpack_likes_enabled":false,"jetpack_shortlink":"https:\/\/wp.me\/peCrII-2TFl","jetpack-related-posts":[{"id":605541,"url":"https:\/\/kohenavocats.com\/tr\/cour-dappel-le-8-decembre-2025-n25-54399\/","url_meta":{"origin":690639,"position":0},"title":"Cour d&#8217;appel, le 8 d\u00e9cembre 2025, n\u00b025\/54399","author":"Kohen","date":"19 Nisan 2026","format":false,"excerpt":"La cour d'appel, statuant en r\u00e9f\u00e9r\u00e9, a rendu une ordonnance le huit d\u00e9cembre deux mille vingt-cinq. Des consommateurs avaient confi\u00e9 leur v\u00e9hicule pour r\u00e9par...","rel":"","context":"&quot;Jurisprudence&quot; i\u00e7inde","block_context":{"text":"Jurisprudence","link":"https:\/\/kohenavocats.com\/category\/jurisprudence\/"},"img":{"alt_text":"","src":"https:\/\/i0.wp.com\/kohenavocats.com\/wp-content\/uploads\/2024\/11\/getty-images-tv21aoxFzwY-unsplash.webp?resize=350%2C200&ssl=1","width":350,"height":200,"srcset":"https:\/\/i0.wp.com\/kohenavocats.com\/wp-content\/uploads\/2024\/11\/getty-images-tv21aoxFzwY-unsplash.webp?resize=350%2C200&ssl=1 1x, https:\/\/i0.wp.com\/kohenavocats.com\/wp-content\/uploads\/2024\/11\/getty-images-tv21aoxFzwY-unsplash.webp?resize=525%2C300&ssl=1 1.5x, https:\/\/i0.wp.com\/kohenavocats.com\/wp-content\/uploads\/2024\/11\/getty-images-tv21aoxFzwY-unsplash.webp?resize=700%2C400&ssl=1 2x, https:\/\/i0.wp.com\/kohenavocats.com\/wp-content\/uploads\/2024\/11\/getty-images-tv21aoxFzwY-unsplash.webp?resize=1050%2C600&ssl=1 3x, https:\/\/i0.wp.com\/kohenavocats.com\/wp-content\/uploads\/2024\/11\/getty-images-tv21aoxFzwY-unsplash.webp?resize=1400%2C800&ssl=1 4x"},"classes":[]},{"id":494183,"url":"https:\/\/kohenavocats.com\/tr\/tribunal-judiciaire-de-toulouse-le-4-novembre-2025-n25-01191\/","url_meta":{"origin":690639,"position":1},"title":"Tribunal judiciaire de Toulouse, le 4 novembre 2025, n\u00b025\/01191","author":"Kohen","date":"8 Nisan 2026","format":false,"excerpt":"Le tribunal judiciaire de Toulouse, statuant en r\u00e9f\u00e9r\u00e9 le 4 novembre 2025, se prononce sur une demande de restitution d\u2019un v\u00e9hicule. Suite \u00e0 un accident,...","rel":"","context":"&quot;D\u00e9cisions juridiques&quot; i\u00e7inde","block_context":{"text":"D\u00e9cisions juridiques","link":"https:\/\/kohenavocats.com\/category\/decisions-juridiques\/"},"img":{"alt_text":"","src":"https:\/\/i0.wp.com\/kohenavocats.com\/wp-content\/uploads\/2024\/11\/getty-images-tv21aoxFzwY-unsplash.webp?resize=350%2C200&ssl=1","width":350,"height":200,"srcset":"https:\/\/i0.wp.com\/kohenavocats.com\/wp-content\/uploads\/2024\/11\/getty-images-tv21aoxFzwY-unsplash.webp?resize=350%2C200&ssl=1 1x, https:\/\/i0.wp.com\/kohenavocats.com\/wp-content\/uploads\/2024\/11\/getty-images-tv21aoxFzwY-unsplash.webp?resize=525%2C300&ssl=1 1.5x, https:\/\/i0.wp.com\/kohenavocats.com\/wp-content\/uploads\/2024\/11\/getty-images-tv21aoxFzwY-unsplash.webp?resize=700%2C400&ssl=1 2x, https:\/\/i0.wp.com\/kohenavocats.com\/wp-content\/uploads\/2024\/11\/getty-images-tv21aoxFzwY-unsplash.webp?resize=1050%2C600&ssl=1 3x, https:\/\/i0.wp.com\/kohenavocats.com\/wp-content\/uploads\/2024\/11\/getty-images-tv21aoxFzwY-unsplash.webp?resize=1400%2C800&ssl=1 4x"},"classes":[]},{"id":481732,"url":"https:\/\/kohenavocats.com\/tr\/tribunal-judiciaire-le-17-novembre-2025-n2025r00012\/","url_meta":{"origin":690639,"position":2},"title":"Tribunal judiciaire, le 17 novembre 2025, n\u00b02025R00012","author":"Kohen","date":"7 Nisan 2026","format":false,"excerpt":"Le tribunal judiciaire, statuant en r\u00e9f\u00e9r\u00e9, rejette la demande de restitution de deux v\u00e9hicules sous astreinte. Une soci\u00e9t\u00e9 de transport contestait les factu...","rel":"","context":"&quot;Jurisprudence&quot; i\u00e7inde","block_context":{"text":"Jurisprudence","link":"https:\/\/kohenavocats.com\/category\/jurisprudence\/"},"img":{"alt_text":"","src":"https:\/\/i0.wp.com\/kohenavocats.com\/wp-content\/uploads\/2024\/11\/jsb-co-sz1m9nwdXKw-unsplash.webp?resize=350%2C200&ssl=1","width":350,"height":200,"srcset":"https:\/\/i0.wp.com\/kohenavocats.com\/wp-content\/uploads\/2024\/11\/jsb-co-sz1m9nwdXKw-unsplash.webp?resize=350%2C200&ssl=1 1x, https:\/\/i0.wp.com\/kohenavocats.com\/wp-content\/uploads\/2024\/11\/jsb-co-sz1m9nwdXKw-unsplash.webp?resize=525%2C300&ssl=1 1.5x, https:\/\/i0.wp.com\/kohenavocats.com\/wp-content\/uploads\/2024\/11\/jsb-co-sz1m9nwdXKw-unsplash.webp?resize=700%2C400&ssl=1 2x, https:\/\/i0.wp.com\/kohenavocats.com\/wp-content\/uploads\/2024\/11\/jsb-co-sz1m9nwdXKw-unsplash.webp?resize=1050%2C600&ssl=1 3x, https:\/\/i0.wp.com\/kohenavocats.com\/wp-content\/uploads\/2024\/11\/jsb-co-sz1m9nwdXKw-unsplash.webp?resize=1400%2C800&ssl=1 4x"},"classes":[]},{"id":614108,"url":"https:\/\/kohenavocats.com\/tr\/tribunal-judiciaire-de-meaux-le-30-mai-2025-n25-00374\/","url_meta":{"origin":690639,"position":3},"title":"Tribunal judiciaire de Meaux, le 30 mai 2025, n\u00b025\/00374","author":"Kohen","date":"20 Nisan 2026","format":false,"excerpt":"Le tribunal judiciaire de Meaux, statuant en r\u00e9f\u00e9r\u00e9 le 30 mai 2025, se prononce sur une demande de restitution d\u2019un v\u00e9hicule. Un propri\u00e9taire sollicite la re...","rel":"","context":"&quot;Jurisprudence&quot; i\u00e7inde","block_context":{"text":"Jurisprudence","link":"https:\/\/kohenavocats.com\/category\/jurisprudence\/"},"img":{"alt_text":"","src":"https:\/\/i0.wp.com\/kohenavocats.com\/wp-content\/uploads\/2024\/11\/mohamed-nohassi-vGTXy8FS7b0-unsplash.webp?resize=350%2C200&ssl=1","width":350,"height":200,"srcset":"https:\/\/i0.wp.com\/kohenavocats.com\/wp-content\/uploads\/2024\/11\/mohamed-nohassi-vGTXy8FS7b0-unsplash.webp?resize=350%2C200&ssl=1 1x, https:\/\/i0.wp.com\/kohenavocats.com\/wp-content\/uploads\/2024\/11\/mohamed-nohassi-vGTXy8FS7b0-unsplash.webp?resize=525%2C300&ssl=1 1.5x, https:\/\/i0.wp.com\/kohenavocats.com\/wp-content\/uploads\/2024\/11\/mohamed-nohassi-vGTXy8FS7b0-unsplash.webp?resize=700%2C400&ssl=1 2x, https:\/\/i0.wp.com\/kohenavocats.com\/wp-content\/uploads\/2024\/11\/mohamed-nohassi-vGTXy8FS7b0-unsplash.webp?resize=1050%2C600&ssl=1 3x, https:\/\/i0.wp.com\/kohenavocats.com\/wp-content\/uploads\/2024\/11\/mohamed-nohassi-vGTXy8FS7b0-unsplash.webp?resize=1400%2C800&ssl=1 4x"},"classes":[]},{"id":669013,"url":"https:\/\/kohenavocats.com\/tr\/cour-dappel-de-poitiers-le-18-juin-2025-n25-00407\/","url_meta":{"origin":690639,"position":4},"title":"Cour d&#8217;appel de Poitiers, le 18 juin 2025, n\u00b025\/00407","author":"Kohen","date":"24 Nisan 2026","format":false,"excerpt":"La cour d\u2019appel de Poitiers, statuant en r\u00e9f\u00e9r\u00e9 le 18 juin 2025, examine une demande en restitution d\u2019un v\u00e9hicule et en paiement de sa valeur. Le juge des r\u00e9...","rel":"","context":"&quot;Jurisprudence&quot; i\u00e7inde","block_context":{"text":"Jurisprudence","link":"https:\/\/kohenavocats.com\/category\/jurisprudence\/"},"img":{"alt_text":"","src":"https:\/\/i0.wp.com\/kohenavocats.com\/wp-content\/uploads\/2024\/11\/laura-adai-AUtGEImMB-8-unsplash.webp?resize=350%2C200&ssl=1","width":350,"height":200,"srcset":"https:\/\/i0.wp.com\/kohenavocats.com\/wp-content\/uploads\/2024\/11\/laura-adai-AUtGEImMB-8-unsplash.webp?resize=350%2C200&ssl=1 1x, https:\/\/i0.wp.com\/kohenavocats.com\/wp-content\/uploads\/2024\/11\/laura-adai-AUtGEImMB-8-unsplash.webp?resize=525%2C300&ssl=1 1.5x, https:\/\/i0.wp.com\/kohenavocats.com\/wp-content\/uploads\/2024\/11\/laura-adai-AUtGEImMB-8-unsplash.webp?resize=700%2C400&ssl=1 2x, https:\/\/i0.wp.com\/kohenavocats.com\/wp-content\/uploads\/2024\/11\/laura-adai-AUtGEImMB-8-unsplash.webp?resize=1050%2C600&ssl=1 3x, https:\/\/i0.wp.com\/kohenavocats.com\/wp-content\/uploads\/2024\/11\/laura-adai-AUtGEImMB-8-unsplash.webp?resize=1400%2C800&ssl=1 4x"},"classes":[]},{"id":684377,"url":"https:\/\/kohenavocats.com\/tr\/tribunal-judiciaire-de-lyon-le-4-decembre-2024-n25-00285\/","url_meta":{"origin":690639,"position":5},"title":"Tribunal judiciaire de Lyon, le 4 d\u00e9cembre 2024, n\u00b025\/00285","author":"Kohen","date":"25 Nisan 2026","format":false,"excerpt":"Par ordonnance de r\u00e9f\u00e9r\u00e9 du tribunal judiciaire de Lyon, 23 juin 2025, le juge tranche un litige relatif \u00e0 la restitution d\u2019un garage lou\u00e9 depuis 2014. Le ba...","rel":"","context":"&quot;Jurisprudence&quot; i\u00e7inde","block_context":{"text":"Jurisprudence","link":"https:\/\/kohenavocats.com\/category\/jurisprudence\/"},"img":{"alt_text":"","src":"https:\/\/i0.wp.com\/kohenavocats.com\/wp-content\/uploads\/2024\/11\/zyanya-citlalli-rHPdKZUQqv4-unsplash.webp?resize=350%2C200&ssl=1","width":350,"height":200,"srcset":"https:\/\/i0.wp.com\/kohenavocats.com\/wp-content\/uploads\/2024\/11\/zyanya-citlalli-rHPdKZUQqv4-unsplash.webp?resize=350%2C200&ssl=1 1x, https:\/\/i0.wp.com\/kohenavocats.com\/wp-content\/uploads\/2024\/11\/zyanya-citlalli-rHPdKZUQqv4-unsplash.webp?resize=525%2C300&ssl=1 1.5x, https:\/\/i0.wp.com\/kohenavocats.com\/wp-content\/uploads\/2024\/11\/zyanya-citlalli-rHPdKZUQqv4-unsplash.webp?resize=700%2C400&ssl=1 2x, https:\/\/i0.wp.com\/kohenavocats.com\/wp-content\/uploads\/2024\/11\/zyanya-citlalli-rHPdKZUQqv4-unsplash.webp?resize=1050%2C600&ssl=1 3x, https:\/\/i0.wp.com\/kohenavocats.com\/wp-content\/uploads\/2024\/11\/zyanya-citlalli-rHPdKZUQqv4-unsplash.webp?resize=1400%2C800&ssl=1 4x"},"classes":[]}],"jetpack_sharing_enabled":true,"_links":{"self":[{"href":"https:\/\/kohenavocats.com\/tr\/wp-json\/wp\/v2\/posts\/690639","targetHints":{"allow":["GET"]}}],"collection":[{"href":"https:\/\/kohenavocats.com\/tr\/wp-json\/wp\/v2\/posts"}],"about":[{"href":"https:\/\/kohenavocats.com\/tr\/wp-json\/wp\/v2\/types\/post"}],"author":[{"embeddable":true,"href":"https:\/\/kohenavocats.com\/tr\/wp-json\/wp\/v2\/users\/232070755"}],"replies":[{"embeddable":true,"href":"https:\/\/kohenavocats.com\/tr\/wp-json\/wp\/v2\/comments?post=690639"}],"version-history":[{"count":0,"href":"https:\/\/kohenavocats.com\/tr\/wp-json\/wp\/v2\/posts\/690639\/revisions"}],"wp:featuredmedia":[{"embeddable":true,"href":"https:\/\/kohenavocats.com\/tr\/wp-json\/wp\/v2\/media\/4675"}],"wp:attachment":[{"href":"https:\/\/kohenavocats.com\/tr\/wp-json\/wp\/v2\/media?parent=690639"}],"wp:term":[{"taxonomy":"category","embeddable":true,"href":"https:\/\/kohenavocats.com\/tr\/wp-json\/wp\/v2\/categories?post=690639"},{"taxonomy":"post_tag","embeddable":true,"href":"https:\/\/kohenavocats.com\/tr\/wp-json\/wp\/v2\/tags?post=690639"}],"curies":[{"name":"wp","href":"https:\/\/api.w.org\/{rel}","templated":true}]}}