{"id":703984,"date":"2026-04-27T14:22:12","date_gmt":"2026-04-27T12:22:12","guid":{"rendered":"https:\/\/kohenavocats.com\/mise-sous-tutelle-urgence-parent-age-comptes-logement\/"},"modified":"2026-04-27T14:22:12","modified_gmt":"2026-04-27T12:22:12","slug":"mise-sous-tutelle-urgence-parent-age-comptes-logement","status":"publish","type":"post","link":"https:\/\/kohenavocats.com\/tr\/mise-sous-tutelle-urgence-parent-age-comptes-logement\/","title":{"rendered":"Mise sous tutelle en urgence : prot\u00e9ger un parent \u00e2g\u00e9, ses comptes et son logement"},"content":{"rendered":"<hr>\n<p>title: &#8220;Mise sous tutelle en urgence : prot\u00e9ger un parent \u00e2g\u00e9, ses comptes et son logement&#8221;<br \/>\nslug: mise-sous-tutelle-urgence-parent-age-comptes-logement<br \/>\nmeta_description: &#8220;Parent \u00e2g\u00e9 vuln\u00e9rable : quand demander une tutelle en urgence, une sauvegarde de justice ou une curatelle renforc\u00e9e ? Certificat m\u00e9dical, requ\u00eate, comptes bancaires, logement et juge comp\u00e9tent.&#8221;<br \/>\ndomaine: famille<br \/>\nsite: com<br \/>\nauteur: Hassan Kohen<br \/>\ndate_publication: 2026-04-27<\/p>\n<hr>\n<p>Un parent \u00e2g\u00e9 ne paie plus ses factures. Des pr\u00e9l\u00e8vements inhabituels apparaissent. La banque bloque les op\u00e9rations. Un voisin l&#8217;accompagne au distributeur. Un \u00e9tablissement m\u00e9dical demande une d\u00e9cision rapide pour signer un contrat d&#8217;h\u00e9bergement. Dans ces situations, la question n&#8217;est pas seulement de savoir si une tutelle est possible. La vraie question est de savoir quelle mesure demander tout de suite, avec quelles pi\u00e8ces, et devant quel juge.<\/p>\n<p>La mise sous tutelle n&#8217;est pas une sanction familiale. C&#8217;est une mesure judiciaire de protection. Elle ne peut \u00eatre prononc\u00e9e que si l&#8217;alt\u00e9ration des facult\u00e9s de la personne est m\u00e9dicalement constat\u00e9e et si les outils moins contraignants ne suffisent pas. En urgence, il faut souvent raisonner en deux temps : demander une sauvegarde de justice ou une mesure provisoire pour bloquer le danger imm\u00e9diat, puis pr\u00e9parer la curatelle renforc\u00e9e ou la tutelle si la perte d&#8217;autonomie est durable.<\/p>\n<p>Le sujet rel\u00e8ve du <a href=\"https:\/\/kohenavocats.com\/avocats-droit-famille-paris\/\">droit de la famille<\/a> et plus pr\u00e9cis\u00e9ment de la <a href=\"https:\/\/kohenavocats.com\/avocats-droit-famille-paris\/avocats-tutelle-curatelle-paris\/\">tutelle et de la curatelle<\/a>. Il croise aussi les litiges d&#8217;EHPAD, d&#8217;obligation alimentaire, d&#8217;abus de faiblesse, de comptes bancaires et de vente du logement familial.<\/p>\n<h2>Dans quels cas parler d&#8217;urgence<\/h2>\n<p>L&#8217;urgence existe lorsque l&#8217;attente de la d\u00e9cision d\u00e9finitive expose la personne vuln\u00e9rable ou son patrimoine \u00e0 un dommage concret. Il ne suffit pas que la famille soit inqui\u00e8te. Il faut documenter un risque actuel.<\/p>\n<p>Les cas les plus fr\u00e9quents sont les suivants : loyers ou charges impay\u00e9s, dettes qui s&#8217;accumulent, ch\u00e9quier utilis\u00e9 par un tiers, virements inexpliqu\u00e9s, refus de soins ou impossibilit\u00e9 de signer des documents administratifs, risque d&#8217;expulsion d&#8217;un logement, vente immobili\u00e8re engag\u00e9e sans compr\u00e9hension r\u00e9elle, conflits entre enfants, ou placement en \u00e9tablissement qui n\u00e9cessite un repr\u00e9sentant.<\/p>\n<p>Le r\u00e9flexe consistant \u00e0 demander directement une tutelle peut \u00eatre trop lent. La proc\u00e9dure normale suppose une requ\u00eate, un certificat m\u00e9dical circonstanci\u00e9, l&#8217;audition de la personne lorsque son \u00e9tat le permet, l&#8217;avis des proches et une d\u00e9cision du juge des contentieux de la protection. Lorsque les comptes se vident ou que le logement est menac\u00e9, il faut envisager une sauvegarde de justice pendant l&#8217;instance.<\/p>\n<h2>La condition de base : une alt\u00e9ration m\u00e9dicalement constat\u00e9e<\/h2>\n<p>L&#8217;article 425 du Code civil fixe le point de d\u00e9part. Une mesure de protection suppose une impossibilit\u00e9 de pourvoir seul \u00e0 ses int\u00e9r\u00eats en raison d&#8217;une alt\u00e9ration m\u00e9dicalement constat\u00e9e des facult\u00e9s mentales ou corporelles emp\u00eachant l&#8217;expression de la volont\u00e9<sup id=\"fnref:1\"><a class=\"footnote-ref\" href=\"#fn:1\">1<\/a><\/sup>.<\/p>\n<p>Ce point est d\u00e9cisif. Une personne \u00e2g\u00e9e peut prendre de mauvaises d\u00e9cisions sans relever d&#8217;une tutelle. Elle peut refuser l&#8217;aide de ses enfants. Elle peut d\u00e9penser beaucoup. Elle peut choisir de vivre seule. Le juge n&#8217;intervient pas pour remplacer une volont\u00e9 libre par la volont\u00e9 de la famille. Il intervient lorsque la volont\u00e9 ne peut plus s&#8217;exprimer normalement, ou lorsque la personne n&#8217;est plus en mesure de comprendre et de prot\u00e9ger ses int\u00e9r\u00eats.<\/p>\n<p>Le dossier m\u00e9dical doit donc \u00eatre solide. Le certificat utile n&#8217;est pas une simple attestation du m\u00e9decin traitant. Pour une demande de tutelle ou de curatelle, il faut un certificat m\u00e9dical circonstanci\u00e9 \u00e9tabli par un m\u00e9decin inscrit sur la liste du procureur de la R\u00e9publique. L&#8217;article 431 du Code civil en fait une condition de recevabilit\u00e9 de la demande<sup id=\"fnref:2\"><a class=\"footnote-ref\" href=\"#fn:2\">2<\/a><\/sup>.<\/p>\n<p>En pratique, la famille doit pr\u00e9parer trois blocs de pi\u00e8ces :<\/p>\n<ul>\n<li>les pi\u00e8ces d&#8217;identit\u00e9 et d&#8217;\u00e9tat civil de la personne \u00e0 prot\u00e9ger ;<\/li>\n<li>les \u00e9l\u00e9ments m\u00e9dicaux permettant de justifier l&#8217;alt\u00e9ration ;<\/li>\n<li>les \u00e9l\u00e9ments patrimoniaux et pratiques qui d\u00e9montrent l&#8217;urgence.<\/li>\n<\/ul>\n<p>Sur ce dernier point, les relev\u00e9s bancaires, courriers de relance, avis d&#8217;impay\u00e9s, messages de la banque, factures d&#8217;EHPAD, courriers de bailleur, attestations de proches et mails de l&#8217;assistante sociale sont souvent plus utiles qu&#8217;un r\u00e9cit g\u00e9n\u00e9ral.<\/p>\n<h2>Pourquoi la sauvegarde de justice peut \u00eatre la bonne premi\u00e8re demande<\/h2>\n<p>La tutelle est la mesure la plus forte. Elle suppose que la personne doive \u00eatre repr\u00e9sent\u00e9e de mani\u00e8re continue dans les actes de la vie civile. L&#8217;article 440 du Code civil la r\u00e9serve aux situations dans lesquelles ni la sauvegarde de justice ni la curatelle ne prot\u00e8gent suffisamment la personne<sup id=\"fnref:3\"><a class=\"footnote-ref\" href=\"#fn:3\">3<\/a><\/sup>.<\/p>\n<p>En urgence, la sauvegarde de justice permet d&#8217;agir plus vite. L&#8217;article 433 du Code civil pr\u00e9voit que le juge peut placer une personne sous sauvegarde de justice lorsqu&#8217;elle a besoin d&#8217;une protection juridique temporaire ou d&#8217;\u00eatre repr\u00e9sent\u00e9e pour certains actes d\u00e9termin\u00e9s. Le m\u00eame texte permet au juge, en cas d&#8217;urgence, de statuer sans audition pr\u00e9alable, \u00e0 charge d&#8217;entendre la personne dans les meilleurs d\u00e9lais lorsque cela reste possible<sup id=\"fnref:4\"><a class=\"footnote-ref\" href=\"#fn:4\">4<\/a><\/sup>.<\/p>\n<p>Cela change la strat\u00e9gie. Si le danger porte sur un acte pr\u00e9cis, il peut \u00eatre plus efficace de demander une sauvegarde de justice avec d\u00e9signation d&#8217;un mandataire sp\u00e9cial qu&#8217;une tutelle imm\u00e9diate. Le mandataire sp\u00e9cial pourra, selon la mission fix\u00e9e par le juge, payer les charges, s\u00e9curiser les comptes, signer un document urgent, r\u00e9cup\u00e9rer des pi\u00e8ces, ou suspendre une op\u00e9ration patrimoniale.<\/p>\n<p>La sauvegarde de justice n&#8217;est pas une solution de long terme. Elle sert \u00e0 franchir la p\u00e9riode critique. Elle peut ensuite laisser place \u00e0 une curatelle renforc\u00e9e ou \u00e0 une tutelle, selon le degr\u00e9 d&#8217;autonomie restant.<\/p>\n<h2>Tutelle, curatelle renforc\u00e9e ou habilitation familiale : choisir la bonne mesure<\/h2>\n<p>La demande doit \u00eatre proportionn\u00e9e. L&#8217;article 428 du Code civil impose au juge de n&#8217;ordonner une mesure judiciaire qu&#8217;en cas de n\u00e9cessit\u00e9 et lorsque les solutions moins contraignantes ne suffisent pas. La mesure doit \u00eatre individualis\u00e9e selon le degr\u00e9 d&#8217;alt\u00e9ration des facult\u00e9s personnelles<sup id=\"fnref:5\"><a class=\"footnote-ref\" href=\"#fn:5\">5<\/a><\/sup>.<\/p>\n<p>La curatelle simple convient lorsque la personne peut encore agir mais doit \u00eatre assist\u00e9e pour les actes importants. La curatelle renforc\u00e9e va plus loin : le curateur per\u00e7oit les revenus sur un compte ouvert au nom de la personne, r\u00e8gle les d\u00e9penses et reverse l&#8217;exc\u00e9dent ou le laisse \u00e0 disposition de l&#8217;int\u00e9ress\u00e9. L&#8217;article 472 du Code civil encadre cette gestion des revenus et des d\u00e9penses<sup id=\"fnref:6\"><a class=\"footnote-ref\" href=\"#fn:6\">6<\/a><\/sup>. Elle est souvent adapt\u00e9e lorsque le probl\u00e8me principal porte sur les comptes courants, les factures et les d\u00e9penses incontr\u00f4l\u00e9es.<\/p>\n<p>La tutelle s&#8217;impose lorsque la personne doit \u00eatre repr\u00e9sent\u00e9e de mani\u00e8re continue. Le tuteur repr\u00e9sente alors la personne prot\u00e9g\u00e9e dans les actes n\u00e9cessaires \u00e0 la gestion de son patrimoine, avec une obligation de prudence et de diligence dans son seul int\u00e9r\u00eat<sup id=\"fnref:7\"><a class=\"footnote-ref\" href=\"#fn:7\">7<\/a><\/sup>.<\/p>\n<p>L&#8217;habilitation familiale peut \u00eatre utile si la famille est d&#8217;accord sur la personne qui agira et sur les actes \u00e0 accomplir. Elle est moins lourde qu&#8217;une tutelle classique. Mais elle devient difficile lorsque la fratrie est divis\u00e9e, lorsqu&#8217;un enfant soup\u00e7onne un autre d&#8217;utiliser les comptes, ou lorsque le patrimoine comporte un bien immobilier, une assurance-vie ou des op\u00e9rations sensibles.<\/p>\n<h2>Qui peut saisir le juge<\/h2>\n<p>La demande peut venir de la personne \u00e0 prot\u00e9ger, de son conjoint, de son partenaire de Pacs, de son concubin, d&#8217;un parent, d&#8217;un alli\u00e9, d&#8217;une personne entretenant avec elle des liens \u00e9troits et stables, ou du procureur de la R\u00e9publique. Lorsque la famille n&#8217;a pas la qualit\u00e9 ou les pi\u00e8ces n\u00e9cessaires, un signalement au procureur peut \u00eatre envisag\u00e9, notamment par un professionnel, un \u00e9tablissement ou un service social.<\/p>\n<p>Pour un proche, le dossier doit \u00e9viter deux erreurs. La premi\u00e8re consiste \u00e0 \u00e9crire une requ\u00eate de conflit familial. Le juge n&#8217;est pas saisi pour arbitrer une rivalit\u00e9 entre enfants. Il est saisi pour prot\u00e9ger une personne vuln\u00e9rable. La seconde consiste \u00e0 demander la mesure la plus forte sans expliquer pourquoi les mesures plus l\u00e9g\u00e8res ne suffisent pas.<\/p>\n<p>La bonne requ\u00eate expose sobrement :<\/p>\n<ul>\n<li>l&#8217;identit\u00e9 de la personne \u00e0 prot\u00e9ger ;<\/li>\n<li>le lien du demandeur avec elle ;<\/li>\n<li>les faits concrets qui r\u00e9v\u00e8lent la perte d&#8217;autonomie ;<\/li>\n<li>les risques imm\u00e9diats ;<\/li>\n<li>les pi\u00e8ces m\u00e9dicales et patrimoniales ;<\/li>\n<li>la mesure demand\u00e9e \u00e0 titre principal ;<\/li>\n<li>les mesures provisoires demand\u00e9es en urgence.<\/li>\n<\/ul>\n<h2>Comment prot\u00e9ger les comptes bancaires<\/h2>\n<p>Le compte bancaire est souvent le premier point de crise. La personne vuln\u00e9rable ne comprend plus ses relev\u00e9s. Elle donne son code. Elle signe des ch\u00e8ques. Elle retire des esp\u00e8ces pour un tiers. La banque refuse de remettre certaines informations aux enfants, faute de mandat ou de d\u00e9cision judiciaire.<\/p>\n<p>Sans mesure de protection, un enfant n&#8217;a pas automatiquement acc\u00e8s aux comptes de son parent. Une procuration bancaire peut aider si elle a \u00e9t\u00e9 donn\u00e9e librement et si la personne comprend encore ce qu&#8217;elle signe. Mais elle ne remplace pas une mesure de protection lorsque les facult\u00e9s sont alt\u00e9r\u00e9es. Elle peut m\u00eame devenir suspecte si elle est utilis\u00e9e alors que le parent ne comprend plus les op\u00e9rations.<\/p>\n<p>En urgence, la requ\u00eate doit identifier les comptes connus, les op\u00e9rations litigieuses, les risques de retraits et les d\u00e9penses indispensables. Si la sauvegarde de justice avec mandataire sp\u00e9cial est demand\u00e9e, il faut pr\u00e9ciser les pouvoirs n\u00e9cessaires : obtenir les relev\u00e9s, payer les charges courantes, r\u00e9gler l&#8217;\u00e9tablissement, suspendre les moyens de paiement, r\u00e9cup\u00e9rer les documents, et rendre compte au juge.<\/p>\n<p>Si la mesure d\u00e9finitive est une curatelle renforc\u00e9e, l&#8217;article 472 donne un cadre plus adapt\u00e9 aux revenus et aux d\u00e9penses courantes. Si la mesure est une tutelle, la gestion patrimoniale rel\u00e8ve du tuteur, sous les contr\u00f4les pr\u00e9vus par le Code civil.<\/p>\n<h2>Logement, EHPAD et d\u00e9cisions de sant\u00e9<\/h2>\n<p>La crise ne porte pas toujours sur l&#8217;argent. Elle porte souvent sur le logement. Un parent \u00e2g\u00e9 ne peut plus rester seul. Un EHPAD demande la signature du contrat de s\u00e9jour. Le bailleur r\u00e9clame des impay\u00e9s. La vente du logement est envisag\u00e9e pour financer la prise en charge.<\/p>\n<p>Il faut distinguer trois niveaux.<\/p>\n<p>Le premier niveau concerne les actes urgents de conservation : payer l&#8217;assurance, \u00e9viter une coupure, r\u00e9gler les charges, emp\u00eacher une d\u00e9gradation, conserver les cl\u00e9s et documents. Ces actes peuvent justifier une mesure provisoire.<\/p>\n<p>Le deuxi\u00e8me niveau concerne le lieu de vie. L&#8217;article 459 du Code civil rappelle que la personne prot\u00e9g\u00e9e prend seule les d\u00e9cisions relatives \u00e0 sa personne dans la mesure o\u00f9 son \u00e9tat le permet. Lorsque son \u00e9tat ne lui permet pas de prendre une d\u00e9cision \u00e9clair\u00e9e, le juge peut organiser l&#8217;assistance ou la repr\u00e9sentation pour certains actes personnels<sup id=\"fnref:8\"><a class=\"footnote-ref\" href=\"#fn:8\">8<\/a><\/sup>. Le juge reste donc attentif \u00e0 la volont\u00e9 de la personne, m\u00eame vuln\u00e9rable.<\/p>\n<p>Le troisi\u00e8me niveau concerne les actes patrimoniaux lourds : vendre un appartement, r\u00e9silier un bail, signer un contrat d&#8217;h\u00e9bergement durable, mobiliser une assurance-vie, ou arbitrer entre plusieurs enfants. Ces actes exigent un dossier plus complet et, selon la mesure, une autorisation sp\u00e9cifique.<\/p>\n<h2>Paris et \u00cele-de-France : le bon tribunal et les bons r\u00e9flexes<\/h2>\n<p>\u00c0 Paris et en \u00cele-de-France, le tribunal comp\u00e9tent est en principe celui du lieu de r\u00e9sidence habituelle de la personne \u00e0 prot\u00e9ger. La demande rel\u00e8ve du juge des contentieux de la protection, dans le ressort du tribunal judiciaire comp\u00e9tent. L&#8217;article 430 du Code civil permet aux proches qualifi\u00e9s, et au procureur de la R\u00e9publique, de saisir le juge<sup id=\"fnref:9\"><a class=\"footnote-ref\" href=\"#fn:9\">9<\/a><\/sup>.<\/p>\n<p>Le point pratique est simple : il faut viser le bon tribunal judiciaire et pr\u00e9parer un dossier imm\u00e9diatement exploitable par le juge. Pour Paris, Nanterre, Bobigny, Cr\u00e9teil, Versailles, Pontoise, \u00c9vry ou Melun, les d\u00e9lais et les circuits de d\u00e9p\u00f4t peuvent varier. En urgence, une requ\u00eate mal orient\u00e9e ou incompl\u00e8te fait perdre plusieurs semaines.<\/p>\n<p>Lorsque la personne r\u00e9side en EHPAD, il faut v\u00e9rifier si sa r\u00e9sidence habituelle a chang\u00e9. Une hospitalisation temporaire ne d\u00e9place pas n\u00e9cessairement la comp\u00e9tence. Un h\u00e9bergement durable peut, en revanche, modifier le tribunal \u00e0 saisir. Ce point doit \u00eatre v\u00e9rifi\u00e9 avant le d\u00e9p\u00f4t.<\/p>\n<h2>Ce qu&#8217;il faut demander au juge en urgence<\/h2>\n<p>La demande ne doit pas \u00eatre vague. Le juge ne peut pas deviner les mesures utiles. Il faut formuler les pouvoirs demand\u00e9s de mani\u00e8re op\u00e9rationnelle.<\/p>\n<p>Exemples de demandes utiles :<\/p>\n<ul>\n<li>placer provisoirement la personne sous sauvegarde de justice ;<\/li>\n<li>d\u00e9signer un mandataire sp\u00e9cial ;<\/li>\n<li>autoriser le mandataire \u00e0 obtenir les relev\u00e9s bancaires ;<\/li>\n<li>lui permettre de r\u00e9gler les charges courantes et les frais d&#8217;h\u00e9bergement ;<\/li>\n<li>lui confier la r\u00e9cup\u00e9ration des documents administratifs ;<\/li>\n<li>lui demander d&#8217;\u00e9tablir un inventaire ;<\/li>\n<li>bloquer les moyens de paiement lorsque les retraits sont dangereux ;<\/li>\n<li>repr\u00e9senter la personne pour un acte d\u00e9termin\u00e9 ;<\/li>\n<li>pr\u00e9voir une audience rapide sur la mesure d\u00e9finitive.<\/li>\n<\/ul>\n<p>Plus la demande est pr\u00e9cise, plus elle a de chances d&#8217;\u00eatre utile. Une requ\u00eate qui se contente de demander &#8220;une tutelle en urgence&#8221; laisse trop de zones d&#8217;ombre : qui agit pendant l&#8217;attente, sur quels comptes, pour quels actes, avec quel contr\u00f4le ?<\/p>\n<h2>Les erreurs qui font \u00e9chouer le dossier<\/h2>\n<p>La premi\u00e8re erreur est de confondre urgence familiale et urgence juridique. Une dispute entre enfants ne suffit pas. Il faut montrer le danger pour la personne ou ses biens.<\/p>\n<p>La deuxi\u00e8me erreur est de d\u00e9poser sans certificat m\u00e9dical circonstanci\u00e9. Sans base m\u00e9dicale conforme, le juge ne peut pas ouvrir une mesure durable.<\/p>\n<p>La troisi\u00e8me erreur est de viser la tutelle alors qu&#8217;une curatelle renforc\u00e9e ou une sauvegarde suffit. Le juge applique le principe de proportionnalit\u00e9. Une demande excessive peut retarder la protection utile.<\/p>\n<p>La quatri\u00e8me erreur est de produire des relev\u00e9s bancaires sans explication. Il faut entourer les op\u00e9rations anormales, dater les retraits, identifier les b\u00e9n\u00e9ficiaires connus, et expliquer pourquoi ces mouvements ne correspondent pas aux habitudes de la personne.<\/p>\n<p>La cinqui\u00e8me erreur est de n\u00e9gliger la volont\u00e9 de la personne vuln\u00e9rable. M\u00eame lorsqu&#8217;elle est prot\u00e9g\u00e9e, elle conserve des droits personnels. Les d\u00e9cisions sur son lieu de vie, ses relations, sa sant\u00e9 et ses choix personnels ne doivent pas \u00eatre trait\u00e9es comme de simples d\u00e9cisions de gestion.<\/p>\n<h2>Jurisprudence utile : qualit\u00e9 pour agir et protection effective<\/h2>\n<p>La Cour de cassation rappelle r\u00e9guli\u00e8rement que les mesures de protection sont centr\u00e9es sur l&#8217;int\u00e9r\u00eat du majeur prot\u00e9g\u00e9. Dans un arr\u00eat du 27 janvier 2021, la premi\u00e8re chambre civile a jug\u00e9 que le droit d&#8217;appel contre les d\u00e9cisions du juge des tutelles appartient au cercle des proches ayant vocation \u00e0 veiller \u00e0 la protection du majeur, et non \u00e0 tout tiers invoquant un int\u00e9r\u00eat personnel<sup id=\"fnref:10\"><a class=\"footnote-ref\" href=\"#fn:10\">10<\/a><\/sup>.<\/p>\n<p>Dans un arr\u00eat du 13 juillet 2022, elle a \u00e9galement rappel\u00e9 que la personne sous tutelle peut exercer seule certains recours touchant \u00e0 sa r\u00e9sidence<sup id=\"fnref:11\"><a class=\"footnote-ref\" href=\"#fn:11\">11<\/a><\/sup>. L&#8217;id\u00e9e est importante : la protection juridique n&#8217;efface pas la personne. Elle organise une repr\u00e9sentation ou une assistance l\u00e0 o\u00f9 elle est n\u00e9cessaire, mais elle ne transforme pas le majeur prot\u00e9g\u00e9 en objet de d\u00e9cision familiale.<\/p>\n<p>Enfin, la chambre criminelle a jug\u00e9 le 19 novembre 2025 que les autorit\u00e9s p\u00e9nales doivent proc\u00e9der aux v\u00e9rifications n\u00e9cessaires lorsqu&#8217;un doute existe sur une mesure de protection juridique concernant une personne mise en cause<sup id=\"fnref:12\"><a class=\"footnote-ref\" href=\"#fn:12\">12<\/a><\/sup>. M\u00eame si cet arr\u00eat est p\u00e9nal, il montre la port\u00e9e concr\u00e8te d&#8217;une mesure de protection : elle doit \u00eatre connue, opposable et prise en compte par les institutions.<\/p>\n<h2>M\u00e9thode de dossier pour agir vite<\/h2>\n<p>Un dossier efficace tient en dix pi\u00e8ces :<\/p>\n<ol>\n<li>copie int\u00e9grale de l&#8217;acte de naissance de la personne \u00e0 prot\u00e9ger ;<\/li>\n<li>copie de sa pi\u00e8ce d&#8217;identit\u00e9 ;<\/li>\n<li>justificatif de domicile ou justificatif d&#8217;h\u00e9bergement ;<\/li>\n<li>certificat m\u00e9dical circonstanci\u00e9 du m\u00e9decin inscrit ;<\/li>\n<li>relev\u00e9s bancaires montrant les anomalies ;<\/li>\n<li>factures impay\u00e9es, courriers de relance ou preuve du risque locatif ;<\/li>\n<li>documents d&#8217;EHPAD, d&#8217;h\u00f4pital ou de service social ;<\/li>\n<li>liste des proches connus avec coordonn\u00e9es ;<\/li>\n<li>note courte sur les risques imm\u00e9diats ;<\/li>\n<li>projet de pouvoirs demand\u00e9s au mandataire sp\u00e9cial.<\/li>\n<\/ol>\n<p>La note de synth\u00e8se doit tenir sur deux pages. Elle doit commencer par le danger concret : comptes vid\u00e9s, logement menac\u00e9, soins impossibles, contrat d&#8217;h\u00e9bergement \u00e0 signer, impay\u00e9s. Elle doit ensuite expliquer pourquoi une mesure moins forte ne suffit pas, ou pourquoi elle suffit \u00e0 titre provisoire.<\/p>\n<h2>Besoin d&#8217;un avis rapide sur votre dossier.<\/h2>\n<p>Le cabinet peut examiner votre situation et vous indiquer quelle mesure demander : sauvegarde de justice, curatelle renforc\u00e9e, tutelle ou habilitation familiale.<\/p>\n<p>Une consultation t\u00e9l\u00e9phonique peut \u00eatre organis\u00e9e sous 48 heures avec un avocat du cabinet, notamment si les comptes, le logement ou l&#8217;h\u00e9bergement d&#8217;un parent \u00e2g\u00e9 sont en danger.<\/p>\n<p>Contactez le cabinet au <a href=\"tel:+33689113445\">06 89 11 34 45<\/a> ou via notre <a href=\"https:\/\/kohenavocats.com\/contactez-nous\/\">formulaire de contact<\/a>.<\/p>\n<p>Nous intervenons \u00e0 Paris et en \u00cele-de-France pour pr\u00e9parer les requ\u00eates urgentes devant le juge comp\u00e9tent.<\/p>\n<div class=\"footnote\">\n<hr>\n<ol>\n<li id=\"fn:1\">\n<p><a href=\"https:\/\/www.legifrance.gouv.fr\/codes\/article_lc\/LEGIARTI000006427435\">Article 425 du Code civil<\/a>.&#160;<a class=\"footnote-backref\" href=\"#fnref:1\" title=\"Jump back to footnote 1 in the text\">&#8617;<\/a><\/p>\n<\/li>\n<li id=\"fn:2\">\n<p><a href=\"https:\/\/www.legifrance.gouv.fr\/codes\/article_lc\/LEGIARTI000038310450\/2022-03-10\">Article 431 du Code civil<\/a>.&#160;<a class=\"footnote-backref\" href=\"#fnref:2\" title=\"Jump back to footnote 2 in the text\">&#8617;<\/a><\/p>\n<\/li>\n<li id=\"fn:3\">\n<p><a href=\"https:\/\/www.legifrance.gouv.fr\/codes\/article_lc\/LEGIARTI000006427481\">Article 440 du Code civil<\/a>.&#160;<a class=\"footnote-backref\" href=\"#fnref:3\" title=\"Jump back to footnote 3 in the text\">&#8617;<\/a><\/p>\n<\/li>\n<li id=\"fn:4\">\n<p><a href=\"https:\/\/www.legifrance.gouv.fr\/codes\/article_lc\/LEGIARTI000006427594\">Article 433 du Code civil<\/a>.&#160;<a class=\"footnote-backref\" href=\"#fnref:4\" title=\"Jump back to footnote 4 in the text\">&#8617;<\/a><\/p>\n<\/li>\n<li id=\"fn:5\">\n<p><a href=\"https:\/\/www.legifrance.gouv.fr\/codes\/article_lc\/LEGIARTI000038311088\">Article 428 du Code civil<\/a>.&#160;<a class=\"footnote-backref\" href=\"#fnref:5\" title=\"Jump back to footnote 5 in the text\">&#8617;<\/a><\/p>\n<\/li>\n<li id=\"fn:6\">\n<p><a href=\"https:\/\/www.legifrance.gouv.fr\/codes\/article_lc\/LEGIARTI000006427805\">Article 472 du Code civil<\/a>.&#160;<a class=\"footnote-backref\" href=\"#fnref:6\" title=\"Jump back to footnote 6 in the text\">&#8617;<\/a><\/p>\n<\/li>\n<li id=\"fn:7\">\n<p><a href=\"https:\/\/www.legifrance.gouv.fr\/codes\/article_lc\/LEGIARTI000006428219\">Article 496 du Code civil<\/a>.&#160;<a class=\"footnote-backref\" href=\"#fnref:7\" title=\"Jump back to footnote 7 in the text\">&#8617;<\/a><\/p>\n<\/li>\n<li id=\"fn:8\">\n<p><a href=\"https:\/\/www.legifrance.gouv.fr\/codes\/article_lc\/LEGIARTI000038310445\">Article 459 du Code civil<\/a>.&#160;<a class=\"footnote-backref\" href=\"#fnref:8\" title=\"Jump back to footnote 8 in the text\">&#8617;<\/a><\/p>\n<\/li>\n<li id=\"fn:9\">\n<p><a href=\"https:\/\/www.legifrance.gouv.fr\/codes\/article_lc\/LEGIARTI000006427589\">Article 430 du Code civil<\/a>.&#160;<a class=\"footnote-backref\" href=\"#fnref:9\" title=\"Jump back to footnote 9 in the text\">&#8617;<\/a><\/p>\n<\/li>\n<li id=\"fn:10\">\n<p><a href=\"https:\/\/www.courdecassation.fr\/decision\/601427b4d881275fcb354461\">Cour de cassation, 1re civ., 27 janvier 2021, n\u00b0 19-22.508<\/a>.&#160;<a class=\"footnote-backref\" href=\"#fnref:10\" title=\"Jump back to footnote 10 in the text\">&#8617;<\/a><\/p>\n<\/li>\n<li id=\"fn:11\">\n<p><a href=\"https:\/\/www.courdecassation.fr\/decision\/62ce612d9a20ce9fcf1266e5\">Cour de cassation, 1re civ., 13 juillet 2022, n\u00b0 21-10.030<\/a>.&#160;<a class=\"footnote-backref\" href=\"#fnref:11\" title=\"Jump back to footnote 11 in the text\">&#8617;<\/a><\/p>\n<\/li>\n<li id=\"fn:12\">\n<p><a href=\"https:\/\/www.courdecassation.fr\/decision\/691dc7ff02bad2f30afd8e1a\">Cour de cassation, crim., 19 novembre 2025, n\u00b0 25-83.666<\/a>.&#160;<a class=\"footnote-backref\" href=\"#fnref:12\" title=\"Jump back to footnote 12 in the text\">&#8617;<\/a><\/p>\n<\/li>\n<\/ol>\n<\/div>\n","protected":false},"excerpt":{"rendered":"<p>Parent \u00e2g\u00e9 vuln\u00e9rable : quand demander une tutelle en urgence, une sauvegarde de justice ou une curatelle renforc\u00e9e ? Certificat m\u00e9dical, requ\u00eate, comptes bancaires, logement et juge comp\u00e9tent.<\/p>\n","protected":false},"author":232070755,"featured_media":4922,"comment_status":"open","ping_status":"open","sticky":false,"template":"","format":"standard","meta":{"_crdt_document":"","_jetpack_newsletter_access":"","_jetpack_dont_email_post_to_subs":false,"_jetpack_newsletter_tier_id":0,"_jetpack_memberships_contains_paywalled_content":false,"_kj_source_type":"","_kj_official_id":"","_kj_official_url":"","_kj_judilibre_id":"","_kj_jur":"","_kj_lieu":"","_kj_chambre":"","_kj_rg":"","_kj_date":"","_jetpack_memberships_contains_paid_content":false,"footnotes":"","jetpack_post_was_ever_published":false},"categories":[6995,6719],"tags":[],"class_list":["post-703984","post","type-post","status-publish","format-standard","has-post-thumbnail","hentry","category-decryptage","category-famille"],"yoast_head":"<!-- This site is optimized with the Yoast SEO Premium plugin v27.4 (Yoast SEO v27.4) - https:\/\/yoast.com\/product\/yoast-seo-premium-wordpress\/ -->\n<title>Mise sous tutelle en urgence : prot\u00e9ger un parent \u00e2g\u00e9, ses comptes et son logement - Ma\u00eetre Hassan Kohen, avocat en droit p\u00e9nal \u00e0 Paris<\/title>\n<meta name=\"robots\" content=\"index, follow, max-snippet:-1, max-image-preview:large, max-video-preview:-1\" \/>\n<link rel=\"canonical\" href=\"https:\/\/kohenavocats.com\/tr\/mise-sous-tutelle-urgence-parent-age-comptes-logement\/\" \/>\n<meta property=\"og:locale\" content=\"tr_TR\" \/>\n<meta property=\"og:type\" content=\"article\" \/>\n<meta property=\"og:title\" content=\"Mise sous tutelle en urgence : prot\u00e9ger un parent \u00e2g\u00e9, ses comptes et son logement\" \/>\n<meta property=\"og:description\" content=\"Parent \u00e2g\u00e9 vuln\u00e9rable : quand demander une tutelle en urgence, une sauvegarde de justice ou une curatelle renforc\u00e9e ? Certificat m\u00e9dical, requ\u00eate, comptes bancaires, logement et juge comp\u00e9tent.\" \/>\n<meta property=\"og:url\" content=\"https:\/\/kohenavocats.com\/tr\/mise-sous-tutelle-urgence-parent-age-comptes-logement\/\" \/>\n<meta property=\"og:site_name\" content=\"Ma\u00eetre Hassan Kohen, avocat en droit p\u00e9nal \u00e0 Paris\" \/>\n<meta property=\"article:published_time\" content=\"2026-04-27T12:22:12+00:00\" \/>\n<meta name=\"author\" content=\"Kohen\" \/>\n<meta name=\"twitter:card\" content=\"summary_large_image\" \/>\n<meta name=\"twitter:label1\" content=\"Yazan:\" \/>\n\t<meta name=\"twitter:data1\" content=\"Kohen\" \/>\n\t<meta name=\"twitter:label2\" content=\"Tahmini okuma s\u00fcresi\" \/>\n\t<meta name=\"twitter:data2\" content=\"15 dakika\" \/>\n<script type=\"application\/ld+json\" class=\"yoast-schema-graph\">{\"@context\":\"https:\\\/\\\/schema.org\",\"@graph\":[{\"@type\":\"Article\",\"@id\":\"https:\\\/\\\/kohenavocats.com\\\/tr\\\/mise-sous-tutelle-urgence-parent-age-comptes-logement\\\/#article\",\"isPartOf\":{\"@id\":\"https:\\\/\\\/kohenavocats.com\\\/tr\\\/mise-sous-tutelle-urgence-parent-age-comptes-logement\\\/\"},\"author\":{\"name\":\"Kohen\",\"@id\":\"https:\\\/\\\/kohenavocats.com\\\/tr\\\/#\\\/schema\\\/person\\\/761c9ba54fa1ca84d405cef0831ff751\"},\"headline\":\"Mise sous tutelle en urgence : prot\u00e9ger un parent \u00e2g\u00e9, ses comptes et son logement\",\"datePublished\":\"2026-04-27T12:22:12+00:00\",\"mainEntityOfPage\":{\"@id\":\"https:\\\/\\\/kohenavocats.com\\\/tr\\\/mise-sous-tutelle-urgence-parent-age-comptes-logement\\\/\"},\"wordCount\":3054,\"commentCount\":0,\"publisher\":{\"@id\":\"https:\\\/\\\/kohenavocats.com\\\/tr\\\/#organization\"},\"image\":{\"@id\":\"https:\\\/\\\/kohenavocats.com\\\/tr\\\/mise-sous-tutelle-urgence-parent-age-comptes-logement\\\/#primaryimage\"},\"thumbnailUrl\":\"https:\\\/\\\/kohenavocats.com\\\/wp-content\\\/uploads\\\/2024\\\/08\\\/pierre-axel-cotteret-ZxtssYV12S4-unsplash.webp\",\"articleSection\":[\"D\u00e9cryptage\",\"Famille\"],\"inLanguage\":\"tr\",\"potentialAction\":[{\"@type\":\"CommentAction\",\"name\":\"Comment\",\"target\":[\"https:\\\/\\\/kohenavocats.com\\\/tr\\\/mise-sous-tutelle-urgence-parent-age-comptes-logement\\\/#respond\"]}],\"citation\":\"Mise sous tutelle en urgence : prot\u00e9ger un parent \u00e2g\u00e9, ses comptes et son logement\",\"about\":[{\"@type\":\"Thing\",\"name\":\"D\u00e9cryptage\"},{\"@type\":\"Thing\",\"name\":\"Famille\"}],\"dateModified\":\"2026-04-27T12:22:12+00:00\",\"speakable\":{\"@type\":\"SpeakableSpecification\",\"cssSelector\":[\".article-content > p:first-of-type\"]}},{\"@type\":\"WebPage\",\"@id\":\"https:\\\/\\\/kohenavocats.com\\\/tr\\\/mise-sous-tutelle-urgence-parent-age-comptes-logement\\\/\",\"url\":\"https:\\\/\\\/kohenavocats.com\\\/tr\\\/mise-sous-tutelle-urgence-parent-age-comptes-logement\\\/\",\"name\":\"Mise sous tutelle en urgence : prot\u00e9ger un parent \u00e2g\u00e9, ses comptes et son logement - Ma\u00eetre Hassan Kohen, avocat en droit p\u00e9nal \u00e0 Paris\",\"isPartOf\":{\"@id\":\"https:\\\/\\\/kohenavocats.com\\\/tr\\\/#website\"},\"primaryImageOfPage\":{\"@id\":\"https:\\\/\\\/kohenavocats.com\\\/tr\\\/mise-sous-tutelle-urgence-parent-age-comptes-logement\\\/#primaryimage\"},\"image\":{\"@id\":\"https:\\\/\\\/kohenavocats.com\\\/tr\\\/mise-sous-tutelle-urgence-parent-age-comptes-logement\\\/#primaryimage\"},\"thumbnailUrl\":\"https:\\\/\\\/kohenavocats.com\\\/wp-content\\\/uploads\\\/2024\\\/08\\\/pierre-axel-cotteret-ZxtssYV12S4-unsplash.webp\",\"datePublished\":\"2026-04-27T12:22:12+00:00\",\"breadcrumb\":{\"@id\":\"https:\\\/\\\/kohenavocats.com\\\/tr\\\/mise-sous-tutelle-urgence-parent-age-comptes-logement\\\/#breadcrumb\"},\"inLanguage\":\"tr\",\"potentialAction\":[{\"@type\":\"ReadAction\",\"target\":[\"https:\\\/\\\/kohenavocats.com\\\/tr\\\/mise-sous-tutelle-urgence-parent-age-comptes-logement\\\/\"]}]},{\"@type\":\"ImageObject\",\"inLanguage\":\"tr\",\"@id\":\"https:\\\/\\\/kohenavocats.com\\\/tr\\\/mise-sous-tutelle-urgence-parent-age-comptes-logement\\\/#primaryimage\",\"url\":\"https:\\\/\\\/kohenavocats.com\\\/wp-content\\\/uploads\\\/2024\\\/08\\\/pierre-axel-cotteret-ZxtssYV12S4-unsplash.webp\",\"contentUrl\":\"https:\\\/\\\/kohenavocats.com\\\/wp-content\\\/uploads\\\/2024\\\/08\\\/pierre-axel-cotteret-ZxtssYV12S4-unsplash.webp\",\"width\":6000,\"height\":4000},{\"@type\":\"BreadcrumbList\",\"@id\":\"https:\\\/\\\/kohenavocats.com\\\/tr\\\/mise-sous-tutelle-urgence-parent-age-comptes-logement\\\/#breadcrumb\",\"itemListElement\":[{\"@type\":\"ListItem\",\"position\":1,\"name\":\"Home\",\"item\":\"https:\\\/\\\/kohenavocats.com\\\/tr\\\/avocats-en-droit-penal-a-paris-conseil-et-defense-strategique\\\/\"},{\"@type\":\"ListItem\",\"position\":2,\"name\":\"Mise sous tutelle en urgence : prot\u00e9ger un parent \u00e2g\u00e9, ses comptes et son logement\"}]},{\"@type\":\"WebSite\",\"@id\":\"https:\\\/\\\/kohenavocats.com\\\/tr\\\/#website\",\"url\":\"https:\\\/\\\/kohenavocats.com\\\/tr\\\/\",\"name\":\"Kohen Avocats\",\"description\":\"Ma\u00eetre Hassan Kohen, avocat p\u00e9naliste \u00e0 Paris, intervient exclusivement en droit p\u00e9nal pour la d\u00e9fense des particuliers, notamment en mati\u00e8re d\u2019accusations de viol. Il assure un accompagnement rigoureux d\u00e8s la garde \u00e0 vue jusqu\u2019\u00e0 la Cour d\u2019assises, veillant au strict respect des garanties proc\u00e9durales.\",\"publisher\":{\"@id\":\"https:\\\/\\\/kohenavocats.com\\\/tr\\\/#organization\"},\"potentialAction\":[{\"@type\":\"SearchAction\",\"target\":{\"@type\":\"EntryPoint\",\"urlTemplate\":\"https:\\\/\\\/kohenavocats.com\\\/tr\\\/?s={search_term_string}\"},\"query-input\":{\"@type\":\"PropertyValueSpecification\",\"valueRequired\":true,\"valueName\":\"search_term_string\"}}],\"inLanguage\":\"tr\"},{\"@type\":\"Organization\",\"@id\":\"https:\\\/\\\/kohenavocats.com\\\/tr\\\/#organization\",\"name\":\"Kohen Avocats\",\"url\":\"https:\\\/\\\/kohenavocats.com\\\/tr\\\/\",\"logo\":{\"@type\":\"ImageObject\",\"inLanguage\":\"tr\",\"@id\":\"https:\\\/\\\/kohenavocats.com\\\/tr\\\/#\\\/schema\\\/logo\\\/image\\\/\",\"url\":\"https:\\\/\\\/kohenavocats.com\\\/wp-content\\\/uploads\\\/2026\\\/01\\\/Logo-2-1.webp\",\"contentUrl\":\"https:\\\/\\\/kohenavocats.com\\\/wp-content\\\/uploads\\\/2026\\\/01\\\/Logo-2-1.webp\",\"width\":2114,\"height\":1253,\"caption\":\"Kohen Avocats\"},\"image\":{\"@id\":\"https:\\\/\\\/kohenavocats.com\\\/tr\\\/#\\\/schema\\\/logo\\\/image\\\/\"}},{\"@type\":\"Person\",\"@id\":\"https:\\\/\\\/kohenavocats.com\\\/tr\\\/#\\\/schema\\\/person\\\/761c9ba54fa1ca84d405cef0831ff751\",\"name\":\"Kohen\",\"image\":{\"@type\":\"ImageObject\",\"inLanguage\":\"tr\",\"@id\":\"https:\\\/\\\/secure.gravatar.com\\\/avatar\\\/1c5e76ef76bbbfdd2b4da984e2bf2fa4056fd51a27d25ce2c332047f1dfd6e00?s=96&d=identicon&r=g\",\"url\":\"https:\\\/\\\/secure.gravatar.com\\\/avatar\\\/1c5e76ef76bbbfdd2b4da984e2bf2fa4056fd51a27d25ce2c332047f1dfd6e00?s=96&d=identicon&r=g\",\"contentUrl\":\"https:\\\/\\\/secure.gravatar.com\\\/avatar\\\/1c5e76ef76bbbfdd2b4da984e2bf2fa4056fd51a27d25ce2c332047f1dfd6e00?s=96&d=identicon&r=g\",\"caption\":\"Kohen\"},\"sameAs\":[\"https:\\\/\\\/www.linkedin.com\\\/in\\\/hassan-kohen-448548192\\\/\",\"https:\\\/\\\/www.youtube.com\\\/@Kohen-Avocats\"],\"url\":\"https:\\\/\\\/kohenavocats.com\\\/tr\\\/author\\\/kohenmlk\\\/\"}]}<\/script>\n<!-- \/ Yoast SEO Premium plugin. -->","yoast_head_json":{"title":"Mise sous tutelle en urgence : prot\u00e9ger un parent \u00e2g\u00e9, ses comptes et son logement - Ma\u00eetre Hassan Kohen, avocat en droit p\u00e9nal \u00e0 Paris","robots":{"index":"index","follow":"follow","max-snippet":"max-snippet:-1","max-image-preview":"max-image-preview:large","max-video-preview":"max-video-preview:-1"},"canonical":"https:\/\/kohenavocats.com\/tr\/mise-sous-tutelle-urgence-parent-age-comptes-logement\/","og_locale":"tr_TR","og_type":"article","og_title":"Mise sous tutelle en urgence : prot\u00e9ger un parent \u00e2g\u00e9, ses comptes et son logement","og_description":"Parent \u00e2g\u00e9 vuln\u00e9rable : quand demander une tutelle en urgence, une sauvegarde de justice ou une curatelle renforc\u00e9e ? Certificat m\u00e9dical, requ\u00eate, comptes bancaires, logement et juge comp\u00e9tent.","og_url":"https:\/\/kohenavocats.com\/tr\/mise-sous-tutelle-urgence-parent-age-comptes-logement\/","og_site_name":"Ma\u00eetre Hassan Kohen, avocat en droit p\u00e9nal \u00e0 Paris","article_published_time":"2026-04-27T12:22:12+00:00","author":"Kohen","twitter_card":"summary_large_image","twitter_misc":{"Yazan:":"Kohen","Tahmini okuma s\u00fcresi":"15 dakika"},"schema":{"@context":"https:\/\/schema.org","@graph":[{"@type":"Article","@id":"https:\/\/kohenavocats.com\/tr\/mise-sous-tutelle-urgence-parent-age-comptes-logement\/#article","isPartOf":{"@id":"https:\/\/kohenavocats.com\/tr\/mise-sous-tutelle-urgence-parent-age-comptes-logement\/"},"author":{"name":"Kohen","@id":"https:\/\/kohenavocats.com\/tr\/#\/schema\/person\/761c9ba54fa1ca84d405cef0831ff751"},"headline":"Mise sous tutelle en urgence : prot\u00e9ger un parent \u00e2g\u00e9, ses comptes et son logement","datePublished":"2026-04-27T12:22:12+00:00","mainEntityOfPage":{"@id":"https:\/\/kohenavocats.com\/tr\/mise-sous-tutelle-urgence-parent-age-comptes-logement\/"},"wordCount":3054,"commentCount":0,"publisher":{"@id":"https:\/\/kohenavocats.com\/tr\/#organization"},"image":{"@id":"https:\/\/kohenavocats.com\/tr\/mise-sous-tutelle-urgence-parent-age-comptes-logement\/#primaryimage"},"thumbnailUrl":"https:\/\/kohenavocats.com\/wp-content\/uploads\/2024\/08\/pierre-axel-cotteret-ZxtssYV12S4-unsplash.webp","articleSection":["D\u00e9cryptage","Famille"],"inLanguage":"tr","potentialAction":[{"@type":"CommentAction","name":"Comment","target":["https:\/\/kohenavocats.com\/tr\/mise-sous-tutelle-urgence-parent-age-comptes-logement\/#respond"]}],"citation":"Mise sous tutelle en urgence : prot\u00e9ger un parent \u00e2g\u00e9, ses comptes et son logement","about":[{"@type":"Thing","name":"D\u00e9cryptage"},{"@type":"Thing","name":"Famille"}],"dateModified":"2026-04-27T12:22:12+00:00","speakable":{"@type":"SpeakableSpecification","cssSelector":[".article-content > p:first-of-type"]}},{"@type":"WebPage","@id":"https:\/\/kohenavocats.com\/tr\/mise-sous-tutelle-urgence-parent-age-comptes-logement\/","url":"https:\/\/kohenavocats.com\/tr\/mise-sous-tutelle-urgence-parent-age-comptes-logement\/","name":"Mise sous tutelle en urgence : prot\u00e9ger un parent \u00e2g\u00e9, ses comptes et son logement - Ma\u00eetre Hassan Kohen, avocat en droit p\u00e9nal \u00e0 Paris","isPartOf":{"@id":"https:\/\/kohenavocats.com\/tr\/#website"},"primaryImageOfPage":{"@id":"https:\/\/kohenavocats.com\/tr\/mise-sous-tutelle-urgence-parent-age-comptes-logement\/#primaryimage"},"image":{"@id":"https:\/\/kohenavocats.com\/tr\/mise-sous-tutelle-urgence-parent-age-comptes-logement\/#primaryimage"},"thumbnailUrl":"https:\/\/kohenavocats.com\/wp-content\/uploads\/2024\/08\/pierre-axel-cotteret-ZxtssYV12S4-unsplash.webp","datePublished":"2026-04-27T12:22:12+00:00","breadcrumb":{"@id":"https:\/\/kohenavocats.com\/tr\/mise-sous-tutelle-urgence-parent-age-comptes-logement\/#breadcrumb"},"inLanguage":"tr","potentialAction":[{"@type":"ReadAction","target":["https:\/\/kohenavocats.com\/tr\/mise-sous-tutelle-urgence-parent-age-comptes-logement\/"]}]},{"@type":"ImageObject","inLanguage":"tr","@id":"https:\/\/kohenavocats.com\/tr\/mise-sous-tutelle-urgence-parent-age-comptes-logement\/#primaryimage","url":"https:\/\/kohenavocats.com\/wp-content\/uploads\/2024\/08\/pierre-axel-cotteret-ZxtssYV12S4-unsplash.webp","contentUrl":"https:\/\/kohenavocats.com\/wp-content\/uploads\/2024\/08\/pierre-axel-cotteret-ZxtssYV12S4-unsplash.webp","width":6000,"height":4000},{"@type":"BreadcrumbList","@id":"https:\/\/kohenavocats.com\/tr\/mise-sous-tutelle-urgence-parent-age-comptes-logement\/#breadcrumb","itemListElement":[{"@type":"ListItem","position":1,"name":"Home","item":"https:\/\/kohenavocats.com\/tr\/avocats-en-droit-penal-a-paris-conseil-et-defense-strategique\/"},{"@type":"ListItem","position":2,"name":"Mise sous tutelle en urgence : prot\u00e9ger un parent \u00e2g\u00e9, ses comptes et son logement"}]},{"@type":"WebSite","@id":"https:\/\/kohenavocats.com\/tr\/#website","url":"https:\/\/kohenavocats.com\/tr\/","name":"Kohen Avocats","description":"Ma\u00eetre Hassan Kohen, avocat p\u00e9naliste \u00e0 Paris, intervient exclusivement en droit p\u00e9nal pour la d\u00e9fense des particuliers, notamment en mati\u00e8re d\u2019accusations de viol. Il assure un accompagnement rigoureux d\u00e8s la garde \u00e0 vue jusqu\u2019\u00e0 la Cour d\u2019assises, veillant au strict respect des garanties proc\u00e9durales.","publisher":{"@id":"https:\/\/kohenavocats.com\/tr\/#organization"},"potentialAction":[{"@type":"SearchAction","target":{"@type":"EntryPoint","urlTemplate":"https:\/\/kohenavocats.com\/tr\/?s={search_term_string}"},"query-input":{"@type":"PropertyValueSpecification","valueRequired":true,"valueName":"search_term_string"}}],"inLanguage":"tr"},{"@type":"Organization","@id":"https:\/\/kohenavocats.com\/tr\/#organization","name":"Kohen Avocats","url":"https:\/\/kohenavocats.com\/tr\/","logo":{"@type":"ImageObject","inLanguage":"tr","@id":"https:\/\/kohenavocats.com\/tr\/#\/schema\/logo\/image\/","url":"https:\/\/kohenavocats.com\/wp-content\/uploads\/2026\/01\/Logo-2-1.webp","contentUrl":"https:\/\/kohenavocats.com\/wp-content\/uploads\/2026\/01\/Logo-2-1.webp","width":2114,"height":1253,"caption":"Kohen Avocats"},"image":{"@id":"https:\/\/kohenavocats.com\/tr\/#\/schema\/logo\/image\/"}},{"@type":"Person","@id":"https:\/\/kohenavocats.com\/tr\/#\/schema\/person\/761c9ba54fa1ca84d405cef0831ff751","name":"Kohen","image":{"@type":"ImageObject","inLanguage":"tr","@id":"https:\/\/secure.gravatar.com\/avatar\/1c5e76ef76bbbfdd2b4da984e2bf2fa4056fd51a27d25ce2c332047f1dfd6e00?s=96&d=identicon&r=g","url":"https:\/\/secure.gravatar.com\/avatar\/1c5e76ef76bbbfdd2b4da984e2bf2fa4056fd51a27d25ce2c332047f1dfd6e00?s=96&d=identicon&r=g","contentUrl":"https:\/\/secure.gravatar.com\/avatar\/1c5e76ef76bbbfdd2b4da984e2bf2fa4056fd51a27d25ce2c332047f1dfd6e00?s=96&d=identicon&r=g","caption":"Kohen"},"sameAs":["https:\/\/www.linkedin.com\/in\/hassan-kohen-448548192\/","https:\/\/www.youtube.com\/@Kohen-Avocats"],"url":"https:\/\/kohenavocats.com\/tr\/author\/kohenmlk\/"}]}},"jetpack_featured_media_url":"https:\/\/kohenavocats.com\/wp-content\/uploads\/2024\/08\/pierre-axel-cotteret-ZxtssYV12S4-unsplash.webp","jetpack_likes_enabled":false,"jetpack_shortlink":"https:\/\/wp.me\/peCrII-2X8A","jetpack-related-posts":[{"id":205685,"url":"https:\/\/kohenavocats.com\/tr\/cour-dappel-administrative-de-lyon-le-27-fevrier-2025-n23ly01877\/","url_meta":{"origin":703984,"position":0},"title":"Cour d&#8217;appel administrative de Lyon, le 27 f\u00e9vrier 2025, n\u00b023LY01877","author":"Kohen","date":"22 Aral\u0131k 2025","format":false,"excerpt":"Une ressortissante \u00e9trang\u00e8re, s\u00e9journant r\u00e9guli\u00e8rement en France, a sollicit\u00e9 le b\u00e9n\u00e9fice du regroupement familial pour ses deux enfants mineurs r\u00e9sidant \u00e0 l'\u00e9tranger. Leur p\u00e8re \u00e9tait d\u00e9c\u00e9d\u00e9 et les enfants avaient \u00e9t\u00e9 confi\u00e9s \u00e0 un oncle. L\u2019administration a rejet\u00e9 sa demande au motif que le logement dont elle disposait n'\u00e9tait pas\u2026","rel":"","context":"&quot;6920&quot; i\u00e7inde","block_context":{"text":"6920","link":"https:\/\/kohenavocats.com\/category\/6920\/"},"img":{"alt_text":"","src":"https:\/\/i0.wp.com\/kohenavocats.com\/wp-content\/uploads\/2024\/11\/getty-images-dWqNBrbg25A-unsplash.webp?resize=350%2C200&ssl=1","width":350,"height":200,"srcset":"https:\/\/i0.wp.com\/kohenavocats.com\/wp-content\/uploads\/2024\/11\/getty-images-dWqNBrbg25A-unsplash.webp?resize=350%2C200&ssl=1 1x, https:\/\/i0.wp.com\/kohenavocats.com\/wp-content\/uploads\/2024\/11\/getty-images-dWqNBrbg25A-unsplash.webp?resize=525%2C300&ssl=1 1.5x, https:\/\/i0.wp.com\/kohenavocats.com\/wp-content\/uploads\/2024\/11\/getty-images-dWqNBrbg25A-unsplash.webp?resize=700%2C400&ssl=1 2x, https:\/\/i0.wp.com\/kohenavocats.com\/wp-content\/uploads\/2024\/11\/getty-images-dWqNBrbg25A-unsplash.webp?resize=1050%2C600&ssl=1 3x, https:\/\/i0.wp.com\/kohenavocats.com\/wp-content\/uploads\/2024\/11\/getty-images-dWqNBrbg25A-unsplash.webp?resize=1400%2C800&ssl=1 4x"},"classes":[]},{"id":228716,"url":"https:\/\/kohenavocats.com\/tr\/code-justice-administrative-article-l911-9\/","url_meta":{"origin":703984,"position":1},"title":"Article L911-9 &#8211; Code de justice administrative","author":"Kohen","date":"27 Aral\u0131k 2025","format":false,"excerpt":"Article L911-9 du Code de justice administrative D\u00e9finition et application par la jurisprudence Texte de loi Article L911-9 Lorsqu\u2019une d\u00e9cision pass\u00e9e en force de chose jug\u00e9e a prononc\u00e9 la condamnation d\u2019une personne publique au paiement d\u2019une somme d\u2019argent dont elle a fix\u00e9 le montant, les dispositions de l\u2019article 1er de\u2026","rel":"","context":"&quot;Code de justice administrative&quot; i\u00e7inde","block_context":{"text":"Code de justice administrative","link":"https:\/\/kohenavocats.com\/category\/code-de-justice-administrative\/"},"img":{"alt_text":"","src":"https:\/\/i0.wp.com\/kohenavocats.com\/wp-content\/uploads\/2024\/11\/getty-images-AofcIDFaraI-unsplash.webp?resize=350%2C200&ssl=1","width":350,"height":200,"srcset":"https:\/\/i0.wp.com\/kohenavocats.com\/wp-content\/uploads\/2024\/11\/getty-images-AofcIDFaraI-unsplash.webp?resize=350%2C200&ssl=1 1x, https:\/\/i0.wp.com\/kohenavocats.com\/wp-content\/uploads\/2024\/11\/getty-images-AofcIDFaraI-unsplash.webp?resize=525%2C300&ssl=1 1.5x, https:\/\/i0.wp.com\/kohenavocats.com\/wp-content\/uploads\/2024\/11\/getty-images-AofcIDFaraI-unsplash.webp?resize=700%2C400&ssl=1 2x, https:\/\/i0.wp.com\/kohenavocats.com\/wp-content\/uploads\/2024\/11\/getty-images-AofcIDFaraI-unsplash.webp?resize=1050%2C600&ssl=1 3x, https:\/\/i0.wp.com\/kohenavocats.com\/wp-content\/uploads\/2024\/11\/getty-images-AofcIDFaraI-unsplash.webp?resize=1400%2C800&ssl=1 4x"},"classes":[]},{"id":205800,"url":"https:\/\/kohenavocats.com\/tr\/cour-dappel-administrative-de-nantes-le-24-decembre-2024-n24nt00940\/","url_meta":{"origin":703984,"position":2},"title":"Cour d&#8217;appel administrative de Nantes, le 24 d\u00e9cembre 2024, n\u00b024NT00940","author":"Kohen","date":"22 Aral\u0131k 2025","format":false,"excerpt":"En l'esp\u00e8ce, une ressortissante \u00e9trang\u00e8re, m\u00e8re d'un enfant fran\u00e7ais, a sollicit\u00e9 le renouvellement de son titre de s\u00e9jour. Le pr\u00e9fet a oppos\u00e9 un refus \u00e0 cette demande au motif qu'elle n'\u00e9tablissait pas que le p\u00e8re de l'enfant, de nationalit\u00e9 fran\u00e7aise, contribuait effectivement \u00e0 son entretien et \u00e0 son \u00e9ducation, condition\u2026","rel":"","context":"&quot;Cour administrative d'appel&quot; i\u00e7inde","block_context":{"text":"Cour administrative d'appel","link":"https:\/\/kohenavocats.com\/category\/cour-administrative-dappel\/"},"img":{"alt_text":"","src":"https:\/\/i0.wp.com\/kohenavocats.com\/wp-content\/uploads\/2024\/11\/getty-images-U7YRxXgIqmo-unsplash.webp?resize=350%2C200&ssl=1","width":350,"height":200,"srcset":"https:\/\/i0.wp.com\/kohenavocats.com\/wp-content\/uploads\/2024\/11\/getty-images-U7YRxXgIqmo-unsplash.webp?resize=350%2C200&ssl=1 1x, https:\/\/i0.wp.com\/kohenavocats.com\/wp-content\/uploads\/2024\/11\/getty-images-U7YRxXgIqmo-unsplash.webp?resize=525%2C300&ssl=1 1.5x, https:\/\/i0.wp.com\/kohenavocats.com\/wp-content\/uploads\/2024\/11\/getty-images-U7YRxXgIqmo-unsplash.webp?resize=700%2C400&ssl=1 2x, https:\/\/i0.wp.com\/kohenavocats.com\/wp-content\/uploads\/2024\/11\/getty-images-U7YRxXgIqmo-unsplash.webp?resize=1050%2C600&ssl=1 3x, https:\/\/i0.wp.com\/kohenavocats.com\/wp-content\/uploads\/2024\/11\/getty-images-U7YRxXgIqmo-unsplash.webp?resize=1400%2C800&ssl=1 4x"},"classes":[]},{"id":205688,"url":"https:\/\/kohenavocats.com\/tr\/cour-dappel-administrative-de-nantes-le-24-juin-2025-n24nt02575\/","url_meta":{"origin":703984,"position":3},"title":"Cour d&#8217;appel administrative de Nantes, le 24 juin 2025, n\u00b024NT02575","author":"Kohen","date":"22 Aral\u0131k 2025","format":false,"excerpt":"Par un arr\u00eat en date du 24 juin 2025, la Cour administrative d'appel de Nantes a statu\u00e9 sur les conditions d'appr\u00e9ciation de l'\u00e2ge d'un enfant dans le cadre d'une demande de r\u00e9unification familiale au b\u00e9n\u00e9fice d'un parent prot\u00e9g\u00e9. En l'esp\u00e8ce, une ressortissante \u00e9trang\u00e8re, ayant obtenu la protection subsidiaire en France\u2026","rel":"","context":"&quot;Cour administrative d'appel&quot; i\u00e7inde","block_context":{"text":"Cour administrative d'appel","link":"https:\/\/kohenavocats.com\/category\/cour-administrative-dappel\/"},"img":{"alt_text":"","src":"https:\/\/i0.wp.com\/kohenavocats.com\/wp-content\/uploads\/2024\/08\/sylvia-yang-_ar2ENzmqb0-unsplash.webp?resize=350%2C200&ssl=1","width":350,"height":200,"srcset":"https:\/\/i0.wp.com\/kohenavocats.com\/wp-content\/uploads\/2024\/08\/sylvia-yang-_ar2ENzmqb0-unsplash.webp?resize=350%2C200&ssl=1 1x, https:\/\/i0.wp.com\/kohenavocats.com\/wp-content\/uploads\/2024\/08\/sylvia-yang-_ar2ENzmqb0-unsplash.webp?resize=525%2C300&ssl=1 1.5x, https:\/\/i0.wp.com\/kohenavocats.com\/wp-content\/uploads\/2024\/08\/sylvia-yang-_ar2ENzmqb0-unsplash.webp?resize=700%2C400&ssl=1 2x, https:\/\/i0.wp.com\/kohenavocats.com\/wp-content\/uploads\/2024\/08\/sylvia-yang-_ar2ENzmqb0-unsplash.webp?resize=1050%2C600&ssl=1 3x, https:\/\/i0.wp.com\/kohenavocats.com\/wp-content\/uploads\/2024\/08\/sylvia-yang-_ar2ENzmqb0-unsplash.webp?resize=1400%2C800&ssl=1 4x"},"classes":[]},{"id":307985,"url":"https:\/\/kohenavocats.com\/tr\/tribunal-judiciaire-de-lyon-le-8-juillet-2025-n23-01343\/","url_meta":{"origin":703984,"position":4},"title":"Tribunal judiciaire de Lyon, le 8 juillet 2025, n\u00b023\/01343","author":"Kohen","date":"6 \u015eubat 2026","format":false,"excerpt":"Une personne plac\u00e9e sous curatelle renforc\u00e9e a conclu un contrat d\u2019h\u00e9bergement en \u00e9tablissement m\u00e9dicalis\u00e9. Des impay\u00e9s sont n\u00e9s. L\u2019\u00e9tablissement a engag\u00e9 une action en paiement des int\u00e9r\u00eats moratoires contre la personne prot\u00e9g\u00e9e et sa curatrice. Le Tribunal judiciaire de Lyon, par jugement du 8 juillet 2025, a condamn\u00e9 la personne\u2026","rel":"","context":"&quot;D\u00e9cisions juridiques&quot; i\u00e7inde","block_context":{"text":"D\u00e9cisions juridiques","link":"https:\/\/kohenavocats.com\/category\/decisions-juridiques\/"},"img":{"alt_text":"","src":"https:\/\/i0.wp.com\/kohenavocats.com\/wp-content\/uploads\/2024\/11\/getty-images-KLAusgd2DI8-unsplash.webp?resize=350%2C200&ssl=1","width":350,"height":200,"srcset":"https:\/\/i0.wp.com\/kohenavocats.com\/wp-content\/uploads\/2024\/11\/getty-images-KLAusgd2DI8-unsplash.webp?resize=350%2C200&ssl=1 1x, https:\/\/i0.wp.com\/kohenavocats.com\/wp-content\/uploads\/2024\/11\/getty-images-KLAusgd2DI8-unsplash.webp?resize=525%2C300&ssl=1 1.5x, https:\/\/i0.wp.com\/kohenavocats.com\/wp-content\/uploads\/2024\/11\/getty-images-KLAusgd2DI8-unsplash.webp?resize=700%2C400&ssl=1 2x, https:\/\/i0.wp.com\/kohenavocats.com\/wp-content\/uploads\/2024\/11\/getty-images-KLAusgd2DI8-unsplash.webp?resize=1050%2C600&ssl=1 3x, https:\/\/i0.wp.com\/kohenavocats.com\/wp-content\/uploads\/2024\/11\/getty-images-KLAusgd2DI8-unsplash.webp?resize=1400%2C800&ssl=1 4x"},"classes":[]},{"id":304551,"url":"https:\/\/kohenavocats.com\/tr\/tribunal-judiciaire-de-besancon-le-17-juillet-2025-n25-00822\/","url_meta":{"origin":703984,"position":5},"title":"Tribunal judiciaire de Besan\u00e7on, le 17 juillet 2025, n\u00b025\/00822","author":"Kohen","date":"5 \u015eubat 2026","format":false,"excerpt":"Le tribunal a prononc\u00e9 une adoption simple entre deux personnes majeures. L\u2019adoptant est le conjoint du parent de l\u2019adopt\u00e9. Cette d\u00e9cision gracieuse respecte les conditions l\u00e9gales de l\u2019article 360 du code civil. **I. Les conditions de fond de l\u2019adoption simple sont satisfaites** L\u2019adopt\u00e9 est majeur et consent personnellement \u00e0 l\u2019adoption.\u2026","rel":"","context":"&quot;D\u00e9cisions juridiques&quot; i\u00e7inde","block_context":{"text":"D\u00e9cisions juridiques","link":"https:\/\/kohenavocats.com\/category\/decisions-juridiques\/"},"img":{"alt_text":"","src":"https:\/\/i0.wp.com\/kohenavocats.com\/wp-content\/uploads\/2024\/11\/manuela-martinez-G7KXRXyFDwQ-unsplash.webp?resize=350%2C200&ssl=1","width":350,"height":200,"srcset":"https:\/\/i0.wp.com\/kohenavocats.com\/wp-content\/uploads\/2024\/11\/manuela-martinez-G7KXRXyFDwQ-unsplash.webp?resize=350%2C200&ssl=1 1x, https:\/\/i0.wp.com\/kohenavocats.com\/wp-content\/uploads\/2024\/11\/manuela-martinez-G7KXRXyFDwQ-unsplash.webp?resize=525%2C300&ssl=1 1.5x, https:\/\/i0.wp.com\/kohenavocats.com\/wp-content\/uploads\/2024\/11\/manuela-martinez-G7KXRXyFDwQ-unsplash.webp?resize=700%2C400&ssl=1 2x, https:\/\/i0.wp.com\/kohenavocats.com\/wp-content\/uploads\/2024\/11\/manuela-martinez-G7KXRXyFDwQ-unsplash.webp?resize=1050%2C600&ssl=1 3x, https:\/\/i0.wp.com\/kohenavocats.com\/wp-content\/uploads\/2024\/11\/manuela-martinez-G7KXRXyFDwQ-unsplash.webp?resize=1400%2C800&ssl=1 4x"},"classes":[]}],"jetpack_sharing_enabled":true,"_links":{"self":[{"href":"https:\/\/kohenavocats.com\/tr\/wp-json\/wp\/v2\/posts\/703984","targetHints":{"allow":["GET"]}}],"collection":[{"href":"https:\/\/kohenavocats.com\/tr\/wp-json\/wp\/v2\/posts"}],"about":[{"href":"https:\/\/kohenavocats.com\/tr\/wp-json\/wp\/v2\/types\/post"}],"author":[{"embeddable":true,"href":"https:\/\/kohenavocats.com\/tr\/wp-json\/wp\/v2\/users\/232070755"}],"replies":[{"embeddable":true,"href":"https:\/\/kohenavocats.com\/tr\/wp-json\/wp\/v2\/comments?post=703984"}],"version-history":[{"count":0,"href":"https:\/\/kohenavocats.com\/tr\/wp-json\/wp\/v2\/posts\/703984\/revisions"}],"wp:featuredmedia":[{"embeddable":true,"href":"https:\/\/kohenavocats.com\/tr\/wp-json\/wp\/v2\/media\/4922"}],"wp:attachment":[{"href":"https:\/\/kohenavocats.com\/tr\/wp-json\/wp\/v2\/media?parent=703984"}],"wp:term":[{"taxonomy":"category","embeddable":true,"href":"https:\/\/kohenavocats.com\/tr\/wp-json\/wp\/v2\/categories?post=703984"},{"taxonomy":"post_tag","embeddable":true,"href":"https:\/\/kohenavocats.com\/tr\/wp-json\/wp\/v2\/tags?post=703984"}],"curies":[{"name":"wp","href":"https:\/\/api.w.org\/{rel}","templated":true}]}}