{"id":704414,"date":"2026-04-27T15:37:34","date_gmt":"2026-04-27T13:37:34","guid":{"rendered":"https:\/\/kohenavocats.com\/tribunal-judiciaire-de-aix-en-provence-le-9-decembre-2025-n24-00651\/"},"modified":"2026-04-27T15:37:34","modified_gmt":"2026-04-27T13:37:34","slug":"tribunal-judiciaire-de-aix-en-provence-le-9-decembre-2025-n24-00651","status":"publish","type":"post","link":"https:\/\/kohenavocats.com\/tr\/tribunal-judiciaire-de-aix-en-provence-le-9-decembre-2025-n24-00651\/","title":{"rendered":"Tribunal judiciaire de Aix-en-Provence, le 9 d\u00e9cembre 2025, n\u00b024\/00651"},"content":{"rendered":"<div class='article-content'>\n<style scoped>.toc-article{background:#f8f9fa;border:1px solid #e2e6ea;border-left:4px solid #2c5f8a;border-radius:6px;padding:20px 24px;margin:0 0 32px;font-size:15px;line-height:1.6}.toc-article p{margin:0 0 10px;font-size:16px;font-weight:600;color:#1a1a1a}.toc-article ul{list-style:none;margin:0;padding:0}.toc-article li.toc-h2{padding:4px 0}.toc-article li.toc-h3{padding:2px 0 2px 20px;font-size:14px}.toc-article a{color:#2c5f8a;text-decoration:none;border-bottom:1px dotted #a0b4c8}.toc-article a:hover{color:#1a3d5c;border-bottom-color:#1a3d5c}<\/style>\n<nav class=\"toc-article\" role=\"navigation\" aria-label=\"Sommaire\">\n<p>Sommaire<\/p>\n<ul>\n<li class=\"toc-h2\"><a href=\"#fondements-juridiques\">Fondements juridiques<\/a><\/li>\n<\/ul>\n<\/nav>\n<p>Le tribunal judiciaire d\u2019Aix-en-Provence, dans un jugement du 9 d\u00e9cembre 2025, a d\u00e9bout\u00e9 un acqu\u00e9reur de sa demande en r\u00e9duction du prix pour vices cach\u00e9s. L\u2019acheteur invoquait de multiples dysfonctionnements survenus peu apr\u00e8s l\u2019acquisition d\u2019un v\u00e9hicule d\u2019occasion. La question centrale portait sur la caract\u00e9risation d\u2019un vice cach\u00e9 au sens des articles 1641 et suivants du code civil. La solution retient que les d\u00e9fauts all\u00e9gu\u00e9s ne constituent que des d\u00e9sagr\u00e9ments mineurs n\u2019affectant pas l\u2019usage normal du bien.<\/p>\n<p>L\u2019exigence d\u2019un d\u00e9faut grave compromettant l\u2019usage de la chose.<\/p>\n<p>La cour rappelle que l\u2019acqu\u00e9reur doit prouver un d\u00e9faut intrins\u00e8que, grave, non apparent et ant\u00e9rieur \u00e0 la vente. En l\u2019esp\u00e8ce, les expertises amiable et judiciaire n\u2019ont r\u00e9v\u00e9l\u00e9 que des anomalies b\u00e9nignes comme un \u00e9clat de peinture ou un faisceau \u00e0 remplacer. Le juge \u00e9carte ainsi la qualification de vice cach\u00e9, faute pour le demandeur de d\u00e9montrer l\u2019impropri\u00e9t\u00e9 du v\u00e9hicule \u00e0 sa destination.<\/p>\n<p>La port\u00e9e de cette d\u00e9cision est de rappeler le seuil de gravit\u00e9 exig\u00e9 par la garantie. Les simples d\u00e9fauts d\u2019agr\u00e9ment, m\u00eame r\u00e9currents, ne suffisent pas \u00e0 ouvrir droit \u00e0 r\u00e9paration. Cette solution s\u2019inscrit dans la ligne d\u2019une jurisprudence constante qui exige un trouble objectif et substantiel, comme l\u2019illustre l\u2019arr\u00eat de la cour d\u2019appel de Bordeaux du 20 mars 2025. Dans cette affaire, un vice ant\u00e9rieur rendant le v\u00e9hicule impropre \u00e0 son usage avait \u00e9t\u00e9 caract\u00e9ris\u00e9 par un rapport d\u2019expertise.<\/p>\n<p>L\u2019absence de preuve d\u2019un vice ant\u00e9rieur \u00e0 la vente.<\/p>\n<p>Le tribunal souligne que les expertises n\u2019ont pas \u00e9tabli l\u2019ant\u00e9riorit\u00e9 des d\u00e9sordres par rapport \u00e0 la vente. L\u2019expert judiciaire a m\u00eame indiqu\u00e9 que le vendeur n\u2019avait rien voulu cacher \u00e0 l\u2019acqu\u00e9reur. D\u00e8s lors, la charge de la preuve, incombant au demandeur, n\u2019est pas rapport\u00e9e conform\u00e9ment \u00e0 l\u2019article 9 du code de proc\u00e9dure civile. Le jugement rejette \u00e9galement la demande de prolongation de garantie, faute de contrat produit et de d\u00e9monstration de risques futurs.<\/p>\n<p>La valeur de ce raisonnement est de souligner le r\u00f4le central de l\u2019expertise dans l\u2019administration de la preuve. La cour d\u2019appel de Papeete, le 9 janvier 2025, avait retenu un vice cach\u00e9 car les d\u00e9chets enfouis rendaient le terrain impropre \u00e0 son usage projet\u00e9. Ici, l\u2019absence de preuve technique d\u2019un d\u00e9faut ant\u00e9rieur et grave conduit logiquement au rejet des pr\u00e9tentions de l\u2019acheteur, confirmant la rigueur probatoire de la garantie des vices cach\u00e9s.<\/p>\n<\/div>\n<style scoped>.fondements-juridiques{margin:40px 0 0;padding:0}.fondements-juridiques>h2{font-size:22px;color:#1a1a1a;border-bottom:2px solid #2c5f8a;padding-bottom:10px;margin-bottom:20px}.fj-article{background:#fdfdfd;border:1px solid #e8e8e8;border-radius:6px;padding:20px;margin-bottom:16px}.fj-article h3{font-size:17px;color:#2c5f8a;margin:0 0 12px;font-weight:600}.fj-texte{font-size:15px;line-height:1.7;color:#333}.fj-texte p{margin:8px 0}.fj-badge{font-size:11px;padding:2px 8px;border-radius:3px;margin-left:8px;font-weight:500;vertical-align:middle}.fj-en-vigueur{background:#e8f5e9;color:#2e7d32}.fj-abroge{background:#ffebee;color:#c62828}.fj-modifie{background:#fff3e0;color:#e65100}<\/style>\n<section class=\"fondements-juridiques\">\n<h2 id=\"fondements-juridiques\">Fondements juridiques<\/h2>\n<div class=\"fj-article\">\n<h3><a href=\"https:\/\/www.legifrance.gouv.fr\/codes\/article_lc\/LEGIARTI000006410102\" rel=\"nofollow\" target=\"_blank\">Article 9 du Code de proc\u00e9dure civile<\/a> <span class=\"fj-badge fj-en-vigueur\">En vigueur<\/span><\/h3>\n<div class=\"fj-texte\">\n<p>   Il incombe \u00e0 chaque partie de prouver conform\u00e9ment \u00e0 la loi les faits n\u00e9cessaires au succ\u00e8s de sa pr\u00e9tention.<\/p>\n<\/p>\n<\/div>\n<\/div>\n<\/section>\n","protected":false},"excerpt":{"rendered":"<p>Le tribunal judiciaire d\u2019Aix-en-Provence, dans un jugement du 9 d\u00e9cembre 2025, a d\u00e9bout\u00e9 un acqu\u00e9reur de sa demande en r\u00e9duction du prix pour vices&#8230;<\/p>\n","protected":false},"author":232070755,"featured_media":9715,"comment_status":"open","ping_status":"open","sticky":false,"template":"","format":"standard","meta":{"_crdt_document":"","_jetpack_newsletter_access":"","_jetpack_dont_email_post_to_subs":false,"_jetpack_newsletter_tier_id":0,"_jetpack_memberships_contains_paywalled_content":false,"_kj_source_type":"judilibre","_kj_official_id":"6983aba7cdc6046d47ee2d93","_kj_official_url":"https:\/\/www.courdecassation.fr\/decision\/6983aba7cdc6046d47ee2d93","_kj_judilibre_id":"6983aba7cdc6046d47ee2d93","_kj_jur":"Tribunal judiciaire","_kj_lieu":"Tribunal judiciaire d'Aix-en-Provence","_kj_chambre":"CH GENERALISTE A","_kj_rg":"24\/00651","_kj_date":"2025-12-09","_jetpack_memberships_contains_paid_content":false,"footnotes":"","jetpack_post_was_ever_published":false},"categories":[6454,6440],"tags":[],"class_list":["post-704414","post","type-post","status-publish","format-standard","has-post-thumbnail","hentry","category-decisions-juridiques","category-tribunal-judiciaire"],"yoast_head":"<!-- This site is optimized with the Yoast SEO Premium plugin v27.5 (Yoast SEO v27.5) - https:\/\/yoast.com\/product\/yoast-seo-premium-wordpress\/ -->\n<title>Tribunal judiciaire de Aix-en-Provence, le 9 d\u00e9cembre 2025, n\u00b024\/00651 - Ma\u00eetre Hassan Kohen, avocat en droit p\u00e9nal \u00e0 Paris<\/title>\n<meta name=\"description\" content=\"Le tribunal judiciaire d\u2019Aix-en-Provence, dans un jugement du 9 d\u00e9cembre 2025, a d\u00e9bout\u00e9 un acqu\u00e9reur de sa demande en r\u00e9duction du prix pour vices...\" \/>\n<meta name=\"robots\" content=\"index, follow, max-snippet:-1, max-image-preview:large, max-video-preview:-1\" \/>\n<link rel=\"canonical\" href=\"https:\/\/kohenavocats.com\/tr\/tribunal-judiciaire-de-aix-en-provence-le-9-decembre-2025-n24-00651\/\" \/>\n<meta property=\"og:locale\" content=\"tr_TR\" \/>\n<meta property=\"og:type\" content=\"article\" \/>\n<meta property=\"og:title\" content=\"Tribunal judiciaire de Aix-en-Provence, le 9 d\u00e9cembre 2025, n\u00b024\/00651\" \/>\n<meta property=\"og:description\" content=\"Le tribunal judiciaire d\u2019Aix-en-Provence, dans un jugement du 9 d\u00e9cembre 2025, a d\u00e9bout\u00e9 un acqu\u00e9reur de sa demande en r\u00e9duction du prix pour vices...\" \/>\n<meta property=\"og:url\" content=\"https:\/\/kohenavocats.com\/tr\/tribunal-judiciaire-de-aix-en-provence-le-9-decembre-2025-n24-00651\/\" \/>\n<meta property=\"og:site_name\" content=\"Ma\u00eetre Hassan Kohen, avocat en droit p\u00e9nal \u00e0 Paris\" \/>\n<meta property=\"article:published_time\" content=\"2026-04-27T13:37:34+00:00\" \/>\n<meta property=\"og:image\" content=\"https:\/\/kohenavocats.com\/wp-content\/uploads\/2024\/11\/kamran-abdullayev-tRrxCpbE1pQ-unsplash.webp\" \/>\n\t<meta property=\"og:image:width\" content=\"3840\" \/>\n\t<meta property=\"og:image:height\" content=\"2160\" \/>\n\t<meta property=\"og:image:type\" content=\"image\/webp\" \/>\n<meta name=\"author\" content=\"Kohen\" \/>\n<meta name=\"twitter:card\" content=\"summary_large_image\" \/>\n<meta name=\"twitter:label1\" content=\"Yazan:\" \/>\n\t<meta name=\"twitter:data1\" content=\"Kohen\" \/>\n\t<meta name=\"twitter:label2\" content=\"Tahmini okuma s\u00fcresi\" \/>\n\t<meta name=\"twitter:data2\" content=\"2 dakika\" \/>\n<script type=\"application\/ld+json\" class=\"yoast-schema-graph\">{\"@context\":\"https:\\\/\\\/schema.org\",\"@graph\":[{\"@type\":\"Article\",\"@id\":\"https:\\\/\\\/kohenavocats.com\\\/tr\\\/tribunal-judiciaire-de-aix-en-provence-le-9-decembre-2025-n24-00651\\\/#article\",\"isPartOf\":{\"@id\":\"https:\\\/\\\/kohenavocats.com\\\/tr\\\/tribunal-judiciaire-de-aix-en-provence-le-9-decembre-2025-n24-00651\\\/\"},\"author\":{\"name\":\"Kohen\",\"@id\":\"https:\\\/\\\/kohenavocats.com\\\/tr\\\/#\\\/schema\\\/person\\\/761c9ba54fa1ca84d405cef0831ff751\"},\"headline\":\"Tribunal judiciaire de Aix-en-Provence, le 9 d\u00e9cembre 2025, n\u00b024\\\/00651\",\"datePublished\":\"2026-04-27T13:37:34+00:00\",\"mainEntityOfPage\":{\"@id\":\"https:\\\/\\\/kohenavocats.com\\\/tr\\\/tribunal-judiciaire-de-aix-en-provence-le-9-decembre-2025-n24-00651\\\/\"},\"wordCount\":493,\"commentCount\":0,\"publisher\":{\"@id\":\"https:\\\/\\\/kohenavocats.com\\\/tr\\\/#organization\"},\"image\":{\"@id\":\"https:\\\/\\\/kohenavocats.com\\\/tr\\\/tribunal-judiciaire-de-aix-en-provence-le-9-decembre-2025-n24-00651\\\/#primaryimage\"},\"thumbnailUrl\":\"https:\\\/\\\/kohenavocats.com\\\/wp-content\\\/uploads\\\/2024\\\/11\\\/kamran-abdullayev-tRrxCpbE1pQ-unsplash.webp\",\"articleSection\":[\"D\u00e9cisions juridiques\",\"Tribunal judiciaire\"],\"inLanguage\":\"tr\",\"potentialAction\":[{\"@type\":\"CommentAction\",\"name\":\"Comment\",\"target\":[\"https:\\\/\\\/kohenavocats.com\\\/tr\\\/tribunal-judiciaire-de-aix-en-provence-le-9-decembre-2025-n24-00651\\\/#respond\"]}],\"citation\":\"Tribunal judiciaire de Aix-en-Provence, le 9 d\u00e9cembre 2025, n\u00b024\\\/00651\",\"about\":[{\"@type\":\"Thing\",\"name\":\"D\u00e9cisions juridiques\"},{\"@type\":\"Thing\",\"name\":\"Tribunal judiciaire\"}],\"dateModified\":\"2026-04-27T13:37:34+00:00\",\"speakable\":{\"@type\":\"SpeakableSpecification\",\"cssSelector\":[\".article-content > p:first-of-type\"]}},{\"@type\":\"WebPage\",\"@id\":\"https:\\\/\\\/kohenavocats.com\\\/tr\\\/tribunal-judiciaire-de-aix-en-provence-le-9-decembre-2025-n24-00651\\\/\",\"url\":\"https:\\\/\\\/kohenavocats.com\\\/tr\\\/tribunal-judiciaire-de-aix-en-provence-le-9-decembre-2025-n24-00651\\\/\",\"name\":\"Tribunal judiciaire de Aix-en-Provence, le 9 d\u00e9cembre 2025, n\u00b024\\\/00651 - Ma\u00eetre Hassan Kohen, avocat en droit p\u00e9nal \u00e0 Paris\",\"isPartOf\":{\"@id\":\"https:\\\/\\\/kohenavocats.com\\\/tr\\\/#website\"},\"primaryImageOfPage\":{\"@id\":\"https:\\\/\\\/kohenavocats.com\\\/tr\\\/tribunal-judiciaire-de-aix-en-provence-le-9-decembre-2025-n24-00651\\\/#primaryimage\"},\"image\":{\"@id\":\"https:\\\/\\\/kohenavocats.com\\\/tr\\\/tribunal-judiciaire-de-aix-en-provence-le-9-decembre-2025-n24-00651\\\/#primaryimage\"},\"thumbnailUrl\":\"https:\\\/\\\/kohenavocats.com\\\/wp-content\\\/uploads\\\/2024\\\/11\\\/kamran-abdullayev-tRrxCpbE1pQ-unsplash.webp\",\"datePublished\":\"2026-04-27T13:37:34+00:00\",\"description\":\"Le tribunal judiciaire d\u2019Aix-en-Provence, dans un jugement du 9 d\u00e9cembre 2025, a d\u00e9bout\u00e9 un acqu\u00e9reur de sa demande en r\u00e9duction du prix pour vices...\",\"breadcrumb\":{\"@id\":\"https:\\\/\\\/kohenavocats.com\\\/tr\\\/tribunal-judiciaire-de-aix-en-provence-le-9-decembre-2025-n24-00651\\\/#breadcrumb\"},\"inLanguage\":\"tr\",\"potentialAction\":[{\"@type\":\"ReadAction\",\"target\":[\"https:\\\/\\\/kohenavocats.com\\\/tr\\\/tribunal-judiciaire-de-aix-en-provence-le-9-decembre-2025-n24-00651\\\/\"]}]},{\"@type\":\"ImageObject\",\"inLanguage\":\"tr\",\"@id\":\"https:\\\/\\\/kohenavocats.com\\\/tr\\\/tribunal-judiciaire-de-aix-en-provence-le-9-decembre-2025-n24-00651\\\/#primaryimage\",\"url\":\"https:\\\/\\\/kohenavocats.com\\\/wp-content\\\/uploads\\\/2024\\\/11\\\/kamran-abdullayev-tRrxCpbE1pQ-unsplash.webp\",\"contentUrl\":\"https:\\\/\\\/kohenavocats.com\\\/wp-content\\\/uploads\\\/2024\\\/11\\\/kamran-abdullayev-tRrxCpbE1pQ-unsplash.webp\",\"width\":3840,\"height\":2160},{\"@type\":\"BreadcrumbList\",\"@id\":\"https:\\\/\\\/kohenavocats.com\\\/tr\\\/tribunal-judiciaire-de-aix-en-provence-le-9-decembre-2025-n24-00651\\\/#breadcrumb\",\"itemListElement\":[{\"@type\":\"ListItem\",\"position\":1,\"name\":\"Home\",\"item\":\"https:\\\/\\\/kohenavocats.com\\\/tr\\\/avocats-en-droit-penal-a-paris-conseil-et-defense-strategique\\\/\"},{\"@type\":\"ListItem\",\"position\":2,\"name\":\"Tribunal judiciaire de Aix-en-Provence, le 9 d\u00e9cembre 2025, n\u00b024\\\/00651\"}]},{\"@type\":\"WebSite\",\"@id\":\"https:\\\/\\\/kohenavocats.com\\\/tr\\\/#website\",\"url\":\"https:\\\/\\\/kohenavocats.com\\\/tr\\\/\",\"name\":\"Kohen Avocats\",\"description\":\"Ma\u00eetre Hassan Kohen, avocat p\u00e9naliste \u00e0 Paris, intervient exclusivement en droit p\u00e9nal pour la d\u00e9fense des particuliers, notamment en mati\u00e8re d\u2019accusations de viol. Il assure un accompagnement rigoureux d\u00e8s la garde \u00e0 vue jusqu\u2019\u00e0 la Cour d\u2019assises, veillant au strict respect des garanties proc\u00e9durales.\",\"publisher\":{\"@id\":\"https:\\\/\\\/kohenavocats.com\\\/tr\\\/#organization\"},\"potentialAction\":[{\"@type\":\"SearchAction\",\"target\":{\"@type\":\"EntryPoint\",\"urlTemplate\":\"https:\\\/\\\/kohenavocats.com\\\/tr\\\/?s={search_term_string}\"},\"query-input\":{\"@type\":\"PropertyValueSpecification\",\"valueRequired\":true,\"valueName\":\"search_term_string\"}}],\"inLanguage\":\"tr\"},{\"@type\":\"Organization\",\"@id\":\"https:\\\/\\\/kohenavocats.com\\\/tr\\\/#organization\",\"name\":\"Kohen Avocats\",\"url\":\"https:\\\/\\\/kohenavocats.com\\\/tr\\\/\",\"logo\":{\"@type\":\"ImageObject\",\"inLanguage\":\"tr\",\"@id\":\"https:\\\/\\\/kohenavocats.com\\\/tr\\\/#\\\/schema\\\/logo\\\/image\\\/\",\"url\":\"https:\\\/\\\/kohenavocats.com\\\/wp-content\\\/uploads\\\/2026\\\/01\\\/Logo-2-1.webp\",\"contentUrl\":\"https:\\\/\\\/kohenavocats.com\\\/wp-content\\\/uploads\\\/2026\\\/01\\\/Logo-2-1.webp\",\"width\":2114,\"height\":1253,\"caption\":\"Kohen Avocats\"},\"image\":{\"@id\":\"https:\\\/\\\/kohenavocats.com\\\/tr\\\/#\\\/schema\\\/logo\\\/image\\\/\"}},{\"@type\":\"Person\",\"@id\":\"https:\\\/\\\/kohenavocats.com\\\/tr\\\/#\\\/schema\\\/person\\\/761c9ba54fa1ca84d405cef0831ff751\",\"name\":\"Kohen\",\"image\":{\"@type\":\"ImageObject\",\"inLanguage\":\"tr\",\"@id\":\"https:\\\/\\\/secure.gravatar.com\\\/avatar\\\/1c5e76ef76bbbfdd2b4da984e2bf2fa4056fd51a27d25ce2c332047f1dfd6e00?s=96&d=identicon&r=g\",\"url\":\"https:\\\/\\\/secure.gravatar.com\\\/avatar\\\/1c5e76ef76bbbfdd2b4da984e2bf2fa4056fd51a27d25ce2c332047f1dfd6e00?s=96&d=identicon&r=g\",\"contentUrl\":\"https:\\\/\\\/secure.gravatar.com\\\/avatar\\\/1c5e76ef76bbbfdd2b4da984e2bf2fa4056fd51a27d25ce2c332047f1dfd6e00?s=96&d=identicon&r=g\",\"caption\":\"Kohen\"},\"sameAs\":[\"https:\\\/\\\/www.linkedin.com\\\/in\\\/hassan-kohen-448548192\\\/\",\"https:\\\/\\\/www.youtube.com\\\/@Kohen-Avocats\"],\"url\":\"https:\\\/\\\/kohenavocats.com\\\/tr\\\/author\\\/kohenmlk\\\/\"}]}<\/script>\n<!-- \/ Yoast SEO Premium plugin. -->","yoast_head_json":{"title":"Tribunal judiciaire de Aix-en-Provence, le 9 d\u00e9cembre 2025, n\u00b024\/00651 - Ma\u00eetre Hassan Kohen, avocat en droit p\u00e9nal \u00e0 Paris","description":"Le tribunal judiciaire d\u2019Aix-en-Provence, dans un jugement du 9 d\u00e9cembre 2025, a d\u00e9bout\u00e9 un acqu\u00e9reur de sa demande en r\u00e9duction du prix pour vices...","robots":{"index":"index","follow":"follow","max-snippet":"max-snippet:-1","max-image-preview":"max-image-preview:large","max-video-preview":"max-video-preview:-1"},"canonical":"https:\/\/kohenavocats.com\/tr\/tribunal-judiciaire-de-aix-en-provence-le-9-decembre-2025-n24-00651\/","og_locale":"tr_TR","og_type":"article","og_title":"Tribunal judiciaire de Aix-en-Provence, le 9 d\u00e9cembre 2025, n\u00b024\/00651","og_description":"Le tribunal judiciaire d\u2019Aix-en-Provence, dans un jugement du 9 d\u00e9cembre 2025, a d\u00e9bout\u00e9 un acqu\u00e9reur de sa demande en r\u00e9duction du prix pour vices...","og_url":"https:\/\/kohenavocats.com\/tr\/tribunal-judiciaire-de-aix-en-provence-le-9-decembre-2025-n24-00651\/","og_site_name":"Ma\u00eetre Hassan Kohen, avocat en droit p\u00e9nal \u00e0 Paris","article_published_time":"2026-04-27T13:37:34+00:00","og_image":[{"width":3840,"height":2160,"url":"https:\/\/kohenavocats.com\/wp-content\/uploads\/2024\/11\/kamran-abdullayev-tRrxCpbE1pQ-unsplash.webp","type":"image\/webp"}],"author":"Kohen","twitter_card":"summary_large_image","twitter_misc":{"Yazan:":"Kohen","Tahmini okuma s\u00fcresi":"2 dakika"},"schema":{"@context":"https:\/\/schema.org","@graph":[{"@type":"Article","@id":"https:\/\/kohenavocats.com\/tr\/tribunal-judiciaire-de-aix-en-provence-le-9-decembre-2025-n24-00651\/#article","isPartOf":{"@id":"https:\/\/kohenavocats.com\/tr\/tribunal-judiciaire-de-aix-en-provence-le-9-decembre-2025-n24-00651\/"},"author":{"name":"Kohen","@id":"https:\/\/kohenavocats.com\/tr\/#\/schema\/person\/761c9ba54fa1ca84d405cef0831ff751"},"headline":"Tribunal judiciaire de Aix-en-Provence, le 9 d\u00e9cembre 2025, n\u00b024\/00651","datePublished":"2026-04-27T13:37:34+00:00","mainEntityOfPage":{"@id":"https:\/\/kohenavocats.com\/tr\/tribunal-judiciaire-de-aix-en-provence-le-9-decembre-2025-n24-00651\/"},"wordCount":493,"commentCount":0,"publisher":{"@id":"https:\/\/kohenavocats.com\/tr\/#organization"},"image":{"@id":"https:\/\/kohenavocats.com\/tr\/tribunal-judiciaire-de-aix-en-provence-le-9-decembre-2025-n24-00651\/#primaryimage"},"thumbnailUrl":"https:\/\/kohenavocats.com\/wp-content\/uploads\/2024\/11\/kamran-abdullayev-tRrxCpbE1pQ-unsplash.webp","articleSection":["D\u00e9cisions juridiques","Tribunal judiciaire"],"inLanguage":"tr","potentialAction":[{"@type":"CommentAction","name":"Comment","target":["https:\/\/kohenavocats.com\/tr\/tribunal-judiciaire-de-aix-en-provence-le-9-decembre-2025-n24-00651\/#respond"]}],"citation":"Tribunal judiciaire de Aix-en-Provence, le 9 d\u00e9cembre 2025, n\u00b024\/00651","about":[{"@type":"Thing","name":"D\u00e9cisions juridiques"},{"@type":"Thing","name":"Tribunal judiciaire"}],"dateModified":"2026-04-27T13:37:34+00:00","speakable":{"@type":"SpeakableSpecification","cssSelector":[".article-content > p:first-of-type"]}},{"@type":"WebPage","@id":"https:\/\/kohenavocats.com\/tr\/tribunal-judiciaire-de-aix-en-provence-le-9-decembre-2025-n24-00651\/","url":"https:\/\/kohenavocats.com\/tr\/tribunal-judiciaire-de-aix-en-provence-le-9-decembre-2025-n24-00651\/","name":"Tribunal judiciaire de Aix-en-Provence, le 9 d\u00e9cembre 2025, n\u00b024\/00651 - Ma\u00eetre Hassan Kohen, avocat en droit p\u00e9nal \u00e0 Paris","isPartOf":{"@id":"https:\/\/kohenavocats.com\/tr\/#website"},"primaryImageOfPage":{"@id":"https:\/\/kohenavocats.com\/tr\/tribunal-judiciaire-de-aix-en-provence-le-9-decembre-2025-n24-00651\/#primaryimage"},"image":{"@id":"https:\/\/kohenavocats.com\/tr\/tribunal-judiciaire-de-aix-en-provence-le-9-decembre-2025-n24-00651\/#primaryimage"},"thumbnailUrl":"https:\/\/kohenavocats.com\/wp-content\/uploads\/2024\/11\/kamran-abdullayev-tRrxCpbE1pQ-unsplash.webp","datePublished":"2026-04-27T13:37:34+00:00","description":"Le tribunal judiciaire d\u2019Aix-en-Provence, dans un jugement du 9 d\u00e9cembre 2025, a d\u00e9bout\u00e9 un acqu\u00e9reur de sa demande en r\u00e9duction du prix pour vices...","breadcrumb":{"@id":"https:\/\/kohenavocats.com\/tr\/tribunal-judiciaire-de-aix-en-provence-le-9-decembre-2025-n24-00651\/#breadcrumb"},"inLanguage":"tr","potentialAction":[{"@type":"ReadAction","target":["https:\/\/kohenavocats.com\/tr\/tribunal-judiciaire-de-aix-en-provence-le-9-decembre-2025-n24-00651\/"]}]},{"@type":"ImageObject","inLanguage":"tr","@id":"https:\/\/kohenavocats.com\/tr\/tribunal-judiciaire-de-aix-en-provence-le-9-decembre-2025-n24-00651\/#primaryimage","url":"https:\/\/kohenavocats.com\/wp-content\/uploads\/2024\/11\/kamran-abdullayev-tRrxCpbE1pQ-unsplash.webp","contentUrl":"https:\/\/kohenavocats.com\/wp-content\/uploads\/2024\/11\/kamran-abdullayev-tRrxCpbE1pQ-unsplash.webp","width":3840,"height":2160},{"@type":"BreadcrumbList","@id":"https:\/\/kohenavocats.com\/tr\/tribunal-judiciaire-de-aix-en-provence-le-9-decembre-2025-n24-00651\/#breadcrumb","itemListElement":[{"@type":"ListItem","position":1,"name":"Home","item":"https:\/\/kohenavocats.com\/tr\/avocats-en-droit-penal-a-paris-conseil-et-defense-strategique\/"},{"@type":"ListItem","position":2,"name":"Tribunal judiciaire de Aix-en-Provence, le 9 d\u00e9cembre 2025, n\u00b024\/00651"}]},{"@type":"WebSite","@id":"https:\/\/kohenavocats.com\/tr\/#website","url":"https:\/\/kohenavocats.com\/tr\/","name":"Kohen Avocats","description":"Ma\u00eetre Hassan Kohen, avocat p\u00e9naliste \u00e0 Paris, intervient exclusivement en droit p\u00e9nal pour la d\u00e9fense des particuliers, notamment en mati\u00e8re d\u2019accusations de viol. Il assure un accompagnement rigoureux d\u00e8s la garde \u00e0 vue jusqu\u2019\u00e0 la Cour d\u2019assises, veillant au strict respect des garanties proc\u00e9durales.","publisher":{"@id":"https:\/\/kohenavocats.com\/tr\/#organization"},"potentialAction":[{"@type":"SearchAction","target":{"@type":"EntryPoint","urlTemplate":"https:\/\/kohenavocats.com\/tr\/?s={search_term_string}"},"query-input":{"@type":"PropertyValueSpecification","valueRequired":true,"valueName":"search_term_string"}}],"inLanguage":"tr"},{"@type":"Organization","@id":"https:\/\/kohenavocats.com\/tr\/#organization","name":"Kohen Avocats","url":"https:\/\/kohenavocats.com\/tr\/","logo":{"@type":"ImageObject","inLanguage":"tr","@id":"https:\/\/kohenavocats.com\/tr\/#\/schema\/logo\/image\/","url":"https:\/\/kohenavocats.com\/wp-content\/uploads\/2026\/01\/Logo-2-1.webp","contentUrl":"https:\/\/kohenavocats.com\/wp-content\/uploads\/2026\/01\/Logo-2-1.webp","width":2114,"height":1253,"caption":"Kohen Avocats"},"image":{"@id":"https:\/\/kohenavocats.com\/tr\/#\/schema\/logo\/image\/"}},{"@type":"Person","@id":"https:\/\/kohenavocats.com\/tr\/#\/schema\/person\/761c9ba54fa1ca84d405cef0831ff751","name":"Kohen","image":{"@type":"ImageObject","inLanguage":"tr","@id":"https:\/\/secure.gravatar.com\/avatar\/1c5e76ef76bbbfdd2b4da984e2bf2fa4056fd51a27d25ce2c332047f1dfd6e00?s=96&d=identicon&r=g","url":"https:\/\/secure.gravatar.com\/avatar\/1c5e76ef76bbbfdd2b4da984e2bf2fa4056fd51a27d25ce2c332047f1dfd6e00?s=96&d=identicon&r=g","contentUrl":"https:\/\/secure.gravatar.com\/avatar\/1c5e76ef76bbbfdd2b4da984e2bf2fa4056fd51a27d25ce2c332047f1dfd6e00?s=96&d=identicon&r=g","caption":"Kohen"},"sameAs":["https:\/\/www.linkedin.com\/in\/hassan-kohen-448548192\/","https:\/\/www.youtube.com\/@Kohen-Avocats"],"url":"https:\/\/kohenavocats.com\/tr\/author\/kohenmlk\/"}]}},"jetpack_featured_media_url":"https:\/\/kohenavocats.com\/wp-content\/uploads\/2024\/11\/kamran-abdullayev-tRrxCpbE1pQ-unsplash.webp","jetpack_likes_enabled":false,"jetpack_shortlink":"https:\/\/wp.me\/peCrII-2Xfw","jetpack-related-posts":[{"id":496383,"url":"https:\/\/kohenavocats.com\/tr\/tribunal-judiciaire-de-aix-en-provence-le-1-decembre-2025-n24-01926\/","url_meta":{"origin":704414,"position":0},"title":"Tribunal judiciaire de Aix-en-Provence, le 1 d\u00e9cembre 2025, n\u00b024\/01926","author":"Kohen","date":"8 Nisan 2026","format":false,"excerpt":"Le tribunal judiciaire d\u2019Aix-en-Provence, statuant le 10 juillet 2024, a examin\u00e9 un litige opposant une assur\u00e9e \u00e0 sa compagnie. L\u2019assureur opposait une...","rel":"","context":"&quot;D\u00e9cisions juridiques&quot; i\u00e7inde","block_context":{"text":"D\u00e9cisions juridiques","link":"https:\/\/kohenavocats.com\/category\/decisions-juridiques\/"},"img":{"alt_text":"","src":"https:\/\/i0.wp.com\/kohenavocats.com\/wp-content\/uploads\/2024\/11\/ave-calvar-JCzi4IDosxM-unsplash.webp?resize=350%2C200&ssl=1","width":350,"height":200,"srcset":"https:\/\/i0.wp.com\/kohenavocats.com\/wp-content\/uploads\/2024\/11\/ave-calvar-JCzi4IDosxM-unsplash.webp?resize=350%2C200&ssl=1 1x, https:\/\/i0.wp.com\/kohenavocats.com\/wp-content\/uploads\/2024\/11\/ave-calvar-JCzi4IDosxM-unsplash.webp?resize=525%2C300&ssl=1 1.5x, https:\/\/i0.wp.com\/kohenavocats.com\/wp-content\/uploads\/2024\/11\/ave-calvar-JCzi4IDosxM-unsplash.webp?resize=700%2C400&ssl=1 2x, https:\/\/i0.wp.com\/kohenavocats.com\/wp-content\/uploads\/2024\/11\/ave-calvar-JCzi4IDosxM-unsplash.webp?resize=1050%2C600&ssl=1 3x, https:\/\/i0.wp.com\/kohenavocats.com\/wp-content\/uploads\/2024\/11\/ave-calvar-JCzi4IDosxM-unsplash.webp?resize=1400%2C800&ssl=1 4x"},"classes":[]},{"id":495044,"url":"https:\/\/kohenavocats.com\/tr\/cour-dappel-de-aix-en-provence-le-4-decembre-2025-n25-00918\/","url_meta":{"origin":704414,"position":1},"title":"Cour d&#8217;appel de Aix-en-Provence, le 4 d\u00e9cembre 2025, n\u00b025\/00918","author":"Kohen","date":"8 Nisan 2026","format":false,"excerpt":"La Cour d'appel d'Aix-en-Provence, statuant le 30 septembre 2025, examine un pourvoi relatif \u00e0 une action paulienne. Un cr\u00e9ancier assigne initialement son...","rel":"","context":"&quot;Cour d'appel&quot; i\u00e7inde","block_context":{"text":"Cour d'appel","link":"https:\/\/kohenavocats.com\/category\/cour-dappel\/"},"img":{"alt_text":"","src":"https:\/\/i0.wp.com\/kohenavocats.com\/wp-content\/uploads\/2024\/08\/frances-gunn-c9z9RlCh0Zo-unsplash.webp?resize=350%2C200&ssl=1","width":350,"height":200,"srcset":"https:\/\/i0.wp.com\/kohenavocats.com\/wp-content\/uploads\/2024\/08\/frances-gunn-c9z9RlCh0Zo-unsplash.webp?resize=350%2C200&ssl=1 1x, https:\/\/i0.wp.com\/kohenavocats.com\/wp-content\/uploads\/2024\/08\/frances-gunn-c9z9RlCh0Zo-unsplash.webp?resize=525%2C300&ssl=1 1.5x, https:\/\/i0.wp.com\/kohenavocats.com\/wp-content\/uploads\/2024\/08\/frances-gunn-c9z9RlCh0Zo-unsplash.webp?resize=700%2C400&ssl=1 2x, https:\/\/i0.wp.com\/kohenavocats.com\/wp-content\/uploads\/2024\/08\/frances-gunn-c9z9RlCh0Zo-unsplash.webp?resize=1050%2C600&ssl=1 3x, https:\/\/i0.wp.com\/kohenavocats.com\/wp-content\/uploads\/2024\/08\/frances-gunn-c9z9RlCh0Zo-unsplash.webp?resize=1400%2C800&ssl=1 4x"},"classes":[]},{"id":499097,"url":"https:\/\/kohenavocats.com\/tr\/cour-dappel-de-aix-en-provence-le-27-novembre-2025-n22-03612\/","url_meta":{"origin":704414,"position":2},"title":"Cour d&#8217;appel de Aix-en-Provence, le 27 novembre 2025, n\u00b022\/03612","author":"Kohen","date":"8 Nisan 2026","format":false,"excerpt":"La Cour d'appel d'Aix-en-Provence, statuant par arr\u00eat par d\u00e9faut le 27 novembre 2025, se prononce sur un appel form\u00e9 par un syndicat de copropri\u00e9taires....","rel":"","context":"&quot;Cour d'appel&quot; i\u00e7inde","block_context":{"text":"Cour d'appel","link":"https:\/\/kohenavocats.com\/category\/cour-dappel\/"},"img":{"alt_text":"","src":"https:\/\/i0.wp.com\/kohenavocats.com\/wp-content\/uploads\/2024\/11\/allison-saeng-MrtYdShGeQY-unsplash.webp?resize=350%2C200&ssl=1","width":350,"height":200,"srcset":"https:\/\/i0.wp.com\/kohenavocats.com\/wp-content\/uploads\/2024\/11\/allison-saeng-MrtYdShGeQY-unsplash.webp?resize=350%2C200&ssl=1 1x, https:\/\/i0.wp.com\/kohenavocats.com\/wp-content\/uploads\/2024\/11\/allison-saeng-MrtYdShGeQY-unsplash.webp?resize=525%2C300&ssl=1 1.5x, https:\/\/i0.wp.com\/kohenavocats.com\/wp-content\/uploads\/2024\/11\/allison-saeng-MrtYdShGeQY-unsplash.webp?resize=700%2C400&ssl=1 2x, https:\/\/i0.wp.com\/kohenavocats.com\/wp-content\/uploads\/2024\/11\/allison-saeng-MrtYdShGeQY-unsplash.webp?resize=1050%2C600&ssl=1 3x, https:\/\/i0.wp.com\/kohenavocats.com\/wp-content\/uploads\/2024\/11\/allison-saeng-MrtYdShGeQY-unsplash.webp?resize=1400%2C800&ssl=1 4x"},"classes":[]},{"id":494477,"url":"https:\/\/kohenavocats.com\/tr\/cour-dappel-de-aix-en-provence-le-29-octobre-2025-n24-12315\/","url_meta":{"origin":704414,"position":3},"title":"Cour d&#8217;appel de Aix-en-Provence, le 29 octobre 2025, n\u00b024\/12315","author":"Kohen","date":"8 Nisan 2026","format":false,"excerpt":"La Cour d'appel d'Aix-en-Provence, le 29 octobre 2025, statue sur un litige entre copropri\u00e9taires concernant une ouverture en fa\u00e7ade. L'assembl\u00e9e g\u00e9n\u00e9rale...","rel":"","context":"&quot;Cour d'appel&quot; i\u00e7inde","block_context":{"text":"Cour d'appel","link":"https:\/\/kohenavocats.com\/category\/cour-dappel\/"},"img":{"alt_text":"","src":"https:\/\/i0.wp.com\/kohenavocats.com\/wp-content\/uploads\/2024\/08\/anthony-delanoix-fVm02RclkKc-unsplash.webp?resize=350%2C200&ssl=1","width":350,"height":200,"srcset":"https:\/\/i0.wp.com\/kohenavocats.com\/wp-content\/uploads\/2024\/08\/anthony-delanoix-fVm02RclkKc-unsplash.webp?resize=350%2C200&ssl=1 1x, https:\/\/i0.wp.com\/kohenavocats.com\/wp-content\/uploads\/2024\/08\/anthony-delanoix-fVm02RclkKc-unsplash.webp?resize=525%2C300&ssl=1 1.5x, https:\/\/i0.wp.com\/kohenavocats.com\/wp-content\/uploads\/2024\/08\/anthony-delanoix-fVm02RclkKc-unsplash.webp?resize=700%2C400&ssl=1 2x, https:\/\/i0.wp.com\/kohenavocats.com\/wp-content\/uploads\/2024\/08\/anthony-delanoix-fVm02RclkKc-unsplash.webp?resize=1050%2C600&ssl=1 3x, https:\/\/i0.wp.com\/kohenavocats.com\/wp-content\/uploads\/2024\/08\/anthony-delanoix-fVm02RclkKc-unsplash.webp?resize=1400%2C800&ssl=1 4x"},"classes":[]},{"id":489050,"url":"https:\/\/kohenavocats.com\/tr\/tribunal-judiciaire-de-aix-en-provence-le-24-novembre-2025-n24-00018\/","url_meta":{"origin":704414,"position":4},"title":"Tribunal judiciaire de Aix-en-Provence, le 24 novembre 2025, n\u00b024\/00018","author":"Kohen","date":"8 Nisan 2026","format":false,"excerpt":"Le tribunal judiciaire d\u2019Aix-en-Provence, statuant en mati\u00e8re commerciale, a rendu son jugement le 16 mai 2024. Une soci\u00e9t\u00e9 assur\u00e9e r\u00e9clamait...","rel":"","context":"&quot;D\u00e9cisions juridiques&quot; i\u00e7inde","block_context":{"text":"D\u00e9cisions juridiques","link":"https:\/\/kohenavocats.com\/category\/decisions-juridiques\/"},"img":{"alt_text":"","src":"https:\/\/i0.wp.com\/kohenavocats.com\/wp-content\/uploads\/2024\/11\/aakash-dhage-mpt624SvwS4-unsplash.webp?resize=350%2C200&ssl=1","width":350,"height":200,"srcset":"https:\/\/i0.wp.com\/kohenavocats.com\/wp-content\/uploads\/2024\/11\/aakash-dhage-mpt624SvwS4-unsplash.webp?resize=350%2C200&ssl=1 1x, https:\/\/i0.wp.com\/kohenavocats.com\/wp-content\/uploads\/2024\/11\/aakash-dhage-mpt624SvwS4-unsplash.webp?resize=525%2C300&ssl=1 1.5x, https:\/\/i0.wp.com\/kohenavocats.com\/wp-content\/uploads\/2024\/11\/aakash-dhage-mpt624SvwS4-unsplash.webp?resize=700%2C400&ssl=1 2x, https:\/\/i0.wp.com\/kohenavocats.com\/wp-content\/uploads\/2024\/11\/aakash-dhage-mpt624SvwS4-unsplash.webp?resize=1050%2C600&ssl=1 3x, https:\/\/i0.wp.com\/kohenavocats.com\/wp-content\/uploads\/2024\/11\/aakash-dhage-mpt624SvwS4-unsplash.webp?resize=1400%2C800&ssl=1 4x"},"classes":[]},{"id":493805,"url":"https:\/\/kohenavocats.com\/tr\/cour-dappel-de-aix-en-provence-le-6-novembre-2025-n24-14339\/","url_meta":{"origin":704414,"position":5},"title":"Cour d&#8217;appel de Aix-en-Provence, le 6 novembre 2025, n\u00b024\/14339","author":"Kohen","date":"8 Nisan 2026","format":false,"excerpt":"La Cour d'appel d'Aix-en-Provence, le 13 mars 2025, statue sur un pourvoi relatif \u00e0 la liquidation d'une astreinte. L'affaire concerne l'ex\u00e9cution d'une...","rel":"","context":"&quot;Cour d'appel&quot; i\u00e7inde","block_context":{"text":"Cour d'appel","link":"https:\/\/kohenavocats.com\/category\/cour-dappel\/"},"img":{"alt_text":"","src":"https:\/\/i0.wp.com\/kohenavocats.com\/wp-content\/uploads\/2024\/11\/zyanya-citlalli-qhFXS18P2OQ-unsplash.webp?resize=350%2C200&ssl=1","width":350,"height":200,"srcset":"https:\/\/i0.wp.com\/kohenavocats.com\/wp-content\/uploads\/2024\/11\/zyanya-citlalli-qhFXS18P2OQ-unsplash.webp?resize=350%2C200&ssl=1 1x, https:\/\/i0.wp.com\/kohenavocats.com\/wp-content\/uploads\/2024\/11\/zyanya-citlalli-qhFXS18P2OQ-unsplash.webp?resize=525%2C300&ssl=1 1.5x, https:\/\/i0.wp.com\/kohenavocats.com\/wp-content\/uploads\/2024\/11\/zyanya-citlalli-qhFXS18P2OQ-unsplash.webp?resize=700%2C400&ssl=1 2x, https:\/\/i0.wp.com\/kohenavocats.com\/wp-content\/uploads\/2024\/11\/zyanya-citlalli-qhFXS18P2OQ-unsplash.webp?resize=1050%2C600&ssl=1 3x, https:\/\/i0.wp.com\/kohenavocats.com\/wp-content\/uploads\/2024\/11\/zyanya-citlalli-qhFXS18P2OQ-unsplash.webp?resize=1400%2C800&ssl=1 4x"},"classes":[]}],"jetpack_sharing_enabled":true,"_links":{"self":[{"href":"https:\/\/kohenavocats.com\/tr\/wp-json\/wp\/v2\/posts\/704414","targetHints":{"allow":["GET"]}}],"collection":[{"href":"https:\/\/kohenavocats.com\/tr\/wp-json\/wp\/v2\/posts"}],"about":[{"href":"https:\/\/kohenavocats.com\/tr\/wp-json\/wp\/v2\/types\/post"}],"author":[{"embeddable":true,"href":"https:\/\/kohenavocats.com\/tr\/wp-json\/wp\/v2\/users\/232070755"}],"replies":[{"embeddable":true,"href":"https:\/\/kohenavocats.com\/tr\/wp-json\/wp\/v2\/comments?post=704414"}],"version-history":[{"count":0,"href":"https:\/\/kohenavocats.com\/tr\/wp-json\/wp\/v2\/posts\/704414\/revisions"}],"wp:featuredmedia":[{"embeddable":true,"href":"https:\/\/kohenavocats.com\/tr\/wp-json\/wp\/v2\/media\/9715"}],"wp:attachment":[{"href":"https:\/\/kohenavocats.com\/tr\/wp-json\/wp\/v2\/media?parent=704414"}],"wp:term":[{"taxonomy":"category","embeddable":true,"href":"https:\/\/kohenavocats.com\/tr\/wp-json\/wp\/v2\/categories?post=704414"},{"taxonomy":"post_tag","embeddable":true,"href":"https:\/\/kohenavocats.com\/tr\/wp-json\/wp\/v2\/tags?post=704414"}],"curies":[{"name":"wp","href":"https:\/\/api.w.org\/{rel}","templated":true}]}}