{"id":706844,"date":"2026-04-27T18:31:21","date_gmt":"2026-04-27T16:31:21","guid":{"rendered":"https:\/\/kohenavocats.com\/caa-de-lyon-le-19-fevrier-2026-n25ly01574\/"},"modified":"2026-04-27T18:31:21","modified_gmt":"2026-04-27T16:31:21","slug":"caa-de-lyon-le-19-fevrier-2026-n25ly01574","status":"publish","type":"post","link":"https:\/\/kohenavocats.com\/tr\/caa-de-lyon-le-19-fevrier-2026-n25ly01574\/","title":{"rendered":"CAA de LYON, le 19 f\u00e9vrier 2026, n\u00b025LY01574"},"content":{"rendered":"<div class='article-content'>\n<style scoped>.toc-article{background:#f8f9fa;border:1px solid #e2e6ea;border-left:4px solid #2c5f8a;border-radius:6px;padding:20px 24px;margin:0 0 32px;font-size:15px;line-height:1.6}.toc-article p{margin:0 0 10px;font-size:16px;font-weight:600;color:#1a1a1a}.toc-article ul{list-style:none;margin:0;padding:0}.toc-article li.toc-h2{padding:4px 0}.toc-article li.toc-h3{padding:2px 0 2px 20px;font-size:14px}.toc-article a{color:#2c5f8a;text-decoration:none;border-bottom:1px dotted #a0b4c8}.toc-article a:hover{color:#1a3d5c;border-bottom-color:#1a3d5c}<\/style>\n<nav class=\"toc-article\" role=\"navigation\" aria-label=\"Sommaire\">\n<p>Sommaire<\/p>\n<ul>\n<li class=\"toc-h2\"><a href=\"#fondements-juridiques\">Fondements juridiques<\/a><\/li>\n<\/ul>\n<\/nav>\n<p>La cour administrative d\u2019appel de Lyon, dans un arr\u00eat du 19 f\u00e9vrier 2026, a statu\u00e9 sur une demande de sursis \u00e0 ex\u00e9cution d\u2019un jugement du tribunal administratif de Lyon. Ce jugement avait condamn\u00e9 une r\u00e9gion \u00e0 verser plus de trois millions d\u2019euros \u00e0 une commune pour le non-versement d\u2019une subvention. La r\u00e9gion, appelante, invoquait un risque de perte d\u00e9finitive de la somme et des cons\u00e9quences difficilement r\u00e9parables. La question de droit portait sur la r\u00e9union des conditions l\u00e9gales du sursis \u00e0 ex\u00e9cution. La cour a rejet\u00e9 la requ\u00eate, jugeant ces conditions non remplies.<\/p>\n<p>Le refus de caract\u00e9riser le risque de perte d\u00e9finitive de la somme<\/p>\n<p>La cour \u00e9carte d\u2019abord le moyen tir\u00e9 de l\u2019article R. 811-16 du code de justice administrative. Elle estime que la simple \u00e9ventualit\u00e9 d\u2019un remboursement \u00e9tal\u00e9 sur deux exercices budg\u00e9taires ne suffit pas. La situation financi\u00e8re de la commune, dont l\u2019endettement est faible, ne d\u00e9montre pas un risque irr\u00e9m\u00e9diable pour la r\u00e9gion appelante. La valeur de cette interpr\u00e9tation est de pr\u00e9ciser le seuil du pr\u00e9judice irr\u00e9versible exig\u00e9 pour le sursis.<\/p>\n<p>La port\u00e9e de cette solution est de limiter ce recours aux hypoth\u00e8ses d\u2019insolvabilit\u00e9 manifeste et certaine du cr\u00e9ancier. Le sens de la d\u00e9cision est ainsi de prot\u00e9ger l\u2019ex\u00e9cution provisoire des jugements de condamnation p\u00e9cuniaire. La cour rappelle que la seule capacit\u00e9 financi\u00e8re r\u00e9duite du d\u00e9biteur n\u2019est pas un obstacle dirimant \u00e0 l\u2019ex\u00e9cution.<\/p>\n<p>L\u2019absence de d\u00e9monstration de cons\u00e9quences difficilement r\u00e9parables<\/p>\n<p>La cour examine ensuite le second fondement, l\u2019article R. 811-17, et rejette les deux arguments de la r\u00e9gion. D\u2019une part, l\u2019absence de cr\u00e9dits budg\u00e9taires pr\u00e9vus et le risque pour des projets en cours sont jug\u00e9s insuffisants. D\u2019autre part, l\u2019hypoth\u00e8se de jugements contradictoires futurs ne constitue pas une cons\u00e9quence difficilement r\u00e9parable pour la r\u00e9gion elle-m\u00eame. La valeur de ce raisonnement est de cantonner l\u2019appr\u00e9ciation du pr\u00e9judice \u00e0 la situation personnelle de l\u2019appelant.<\/p>\n<p>La port\u00e9e de cet arr\u00eat est de rappeler que le sursis \u00e0 ex\u00e9cution est une mesure exceptionnelle. Son obtention exige une d\u00e9monstration concr\u00e8te et individualis\u00e9e d\u2019un pr\u00e9judice grave, au-del\u00e0 de simples difficult\u00e9s de tr\u00e9sorerie. La cour confirme ainsi l\u2019autorit\u00e9 des jugements de premi\u00e8re instance en mati\u00e8re de r\u00e9paration p\u00e9cuniaire, tant que leur ex\u00e9cution n\u2019est pas manifestement impossible.<\/p>\n<\/div>\n<style scoped>.fondements-juridiques{margin:40px 0 0;padding:0}.fondements-juridiques>h2{font-size:22px;color:#1a1a1a;border-bottom:2px solid #2c5f8a;padding-bottom:10px;margin-bottom:20px}.fj-article{background:#fdfdfd;border:1px solid #e8e8e8;border-radius:6px;padding:20px;margin-bottom:16px}.fj-article h3{font-size:17px;color:#2c5f8a;margin:0 0 12px;font-weight:600}.fj-texte{font-size:15px;line-height:1.7;color:#333}.fj-texte p{margin:8px 0}.fj-badge{font-size:11px;padding:2px 8px;border-radius:3px;margin-left:8px;font-weight:500;vertical-align:middle}.fj-en-vigueur{background:#e8f5e9;color:#2e7d32}.fj-abroge{background:#ffebee;color:#c62828}.fj-modifie{background:#fff3e0;color:#e65100}<\/style>\n<section class=\"fondements-juridiques\">\n<h2 id=\"fondements-juridiques\">Fondements juridiques<\/h2>\n<div class=\"fj-article\">\n<h3><a href=\"https:\/\/www.legifrance.gouv.fr\/codes\/article_lc\/LEGIARTI000006450388\" rel=\"nofollow\" target=\"_blank\">Article R. 811-16 du Code de justice administrative<\/a> <span class=\"fj-badge fj-en-vigueur\">En vigueur<\/span><\/h3>\n<div class=\"fj-texte\">\n<p>Lorsqu&#8217;il est fait appel par une personne autre que le demandeur en premi\u00e8re instance, la juridiction peut, \u00e0 la demande de l&#8217;appelant, ordonner sous r\u00e9serve des dispositions des articles R. 533-2 et R. 541-6 qu&#8217;il soit sursis \u00e0 l&#8217;ex\u00e9cution du jugement d\u00e9f\u00e9r\u00e9 si cette ex\u00e9cution risque d&#8217;exposer l&#8217;appelant \u00e0 la perte d\u00e9finitive d&#8217;une somme qui ne devrait pas rester \u00e0 sa charge dans le cas o\u00f9 ses conclusions d&#8217;appel seraient accueillies.<\/p>\n<\/p>\n<\/div>\n<\/div>\n<\/section>\n","protected":false},"excerpt":{"rendered":"<p>La cour administrative d\u2019appel de Lyon, dans un arr\u00eat du 19 f\u00e9vrier 2026, a statu\u00e9 sur une demande de sursis \u00e0 ex\u00e9cution d\u2019un jugement du tribunal&#8230;<\/p>\n","protected":false},"author":232070755,"featured_media":9502,"comment_status":"open","ping_status":"open","sticky":false,"template":"","format":"standard","meta":{"_crdt_document":"","_jetpack_newsletter_access":"","_jetpack_dont_email_post_to_subs":false,"_jetpack_newsletter_tier_id":0,"_jetpack_memberships_contains_paywalled_content":false,"_kj_source_type":"","_kj_official_id":"","_kj_official_url":"","_kj_judilibre_id":"","_kj_jur":"","_kj_lieu":"","_kj_chambre":"","_kj_rg":"","_kj_date":"","_jetpack_memberships_contains_paid_content":false,"footnotes":"","jetpack_post_was_ever_published":false},"categories":[40876,6454],"tags":[],"class_list":["post-706844","post","type-post","status-publish","format-standard","has-post-thumbnail","hentry","category-caa-de-lyon","category-decisions-juridiques"],"yoast_head":"<!-- This site is optimized with the Yoast SEO Premium plugin v27.4 (Yoast SEO v27.4) - https:\/\/yoast.com\/product\/yoast-seo-premium-wordpress\/ -->\n<title>CAA de LYON, le 19 f\u00e9vrier 2026, n\u00b025LY01574 - Ma\u00eetre Hassan Kohen, avocat en droit p\u00e9nal \u00e0 Paris<\/title>\n<meta name=\"description\" content=\"La cour administrative d\u2019appel de Lyon, dans un arr\u00eat du 19 f\u00e9vrier 2026, a statu\u00e9 sur une demande de sursis \u00e0 ex\u00e9cution d\u2019un jugement du tribunal...\" \/>\n<meta name=\"robots\" content=\"index, follow, max-snippet:-1, max-image-preview:large, max-video-preview:-1\" \/>\n<link rel=\"canonical\" href=\"https:\/\/kohenavocats.com\/tr\/caa-de-lyon-le-19-fevrier-2026-n25ly01574\/\" \/>\n<meta property=\"og:locale\" content=\"tr_TR\" \/>\n<meta property=\"og:type\" content=\"article\" \/>\n<meta property=\"og:title\" content=\"CAA de LYON, le 19 f\u00e9vrier 2026, n\u00b025LY01574\" \/>\n<meta property=\"og:description\" content=\"La cour administrative d\u2019appel de Lyon, dans un arr\u00eat du 19 f\u00e9vrier 2026, a statu\u00e9 sur une demande de sursis \u00e0 ex\u00e9cution d\u2019un jugement du tribunal...\" \/>\n<meta property=\"og:url\" content=\"https:\/\/kohenavocats.com\/tr\/caa-de-lyon-le-19-fevrier-2026-n25ly01574\/\" \/>\n<meta property=\"og:site_name\" content=\"Ma\u00eetre Hassan Kohen, avocat en droit p\u00e9nal \u00e0 Paris\" \/>\n<meta property=\"article:published_time\" content=\"2026-04-27T16:31:21+00:00\" \/>\n<meta property=\"og:image\" content=\"https:\/\/kohenavocats.com\/wp-content\/uploads\/2024\/11\/getty-images-Q3a9uErAXXo-unsplash.webp\" \/>\n\t<meta property=\"og:image:width\" content=\"1742\" \/>\n\t<meta property=\"og:image:height\" content=\"2500\" \/>\n\t<meta property=\"og:image:type\" content=\"image\/webp\" \/>\n<meta name=\"author\" content=\"Kohen\" \/>\n<meta name=\"twitter:card\" content=\"summary_large_image\" \/>\n<meta name=\"twitter:label1\" content=\"Yazan:\" \/>\n\t<meta name=\"twitter:data1\" content=\"Kohen\" \/>\n\t<meta name=\"twitter:label2\" content=\"Tahmini okuma s\u00fcresi\" \/>\n\t<meta name=\"twitter:data2\" content=\"3 dakika\" \/>\n<script type=\"application\/ld+json\" class=\"yoast-schema-graph\">{\"@context\":\"https:\\\/\\\/schema.org\",\"@graph\":[{\"@type\":\"Article\",\"@id\":\"https:\\\/\\\/kohenavocats.com\\\/tr\\\/caa-de-lyon-le-19-fevrier-2026-n25ly01574\\\/#article\",\"isPartOf\":{\"@id\":\"https:\\\/\\\/kohenavocats.com\\\/tr\\\/caa-de-lyon-le-19-fevrier-2026-n25ly01574\\\/\"},\"author\":{\"name\":\"Kohen\",\"@id\":\"https:\\\/\\\/kohenavocats.com\\\/tr\\\/#\\\/schema\\\/person\\\/761c9ba54fa1ca84d405cef0831ff751\"},\"headline\":\"CAA de LYON, le 19 f\u00e9vrier 2026, n\u00b025LY01574\",\"datePublished\":\"2026-04-27T16:31:21+00:00\",\"mainEntityOfPage\":{\"@id\":\"https:\\\/\\\/kohenavocats.com\\\/tr\\\/caa-de-lyon-le-19-fevrier-2026-n25ly01574\\\/\"},\"wordCount\":544,\"commentCount\":0,\"publisher\":{\"@id\":\"https:\\\/\\\/kohenavocats.com\\\/tr\\\/#organization\"},\"image\":{\"@id\":\"https:\\\/\\\/kohenavocats.com\\\/tr\\\/caa-de-lyon-le-19-fevrier-2026-n25ly01574\\\/#primaryimage\"},\"thumbnailUrl\":\"https:\\\/\\\/kohenavocats.com\\\/wp-content\\\/uploads\\\/2024\\\/11\\\/getty-images-Q3a9uErAXXo-unsplash.webp\",\"articleSection\":[\"CAA de LYON\",\"D\u00e9cisions juridiques\"],\"inLanguage\":\"tr\",\"potentialAction\":[{\"@type\":\"CommentAction\",\"name\":\"Comment\",\"target\":[\"https:\\\/\\\/kohenavocats.com\\\/tr\\\/caa-de-lyon-le-19-fevrier-2026-n25ly01574\\\/#respond\"]}],\"citation\":\"CAA de LYON, le 19 f\u00e9vrier 2026, n\u00b025LY01574\",\"about\":[{\"@type\":\"Thing\",\"name\":\"CAA de LYON\"},{\"@type\":\"Thing\",\"name\":\"D\u00e9cisions juridiques\"}],\"dateModified\":\"2026-04-27T16:31:21+00:00\",\"speakable\":{\"@type\":\"SpeakableSpecification\",\"cssSelector\":[\".article-content > p:first-of-type\"]}},{\"@type\":\"WebPage\",\"@id\":\"https:\\\/\\\/kohenavocats.com\\\/tr\\\/caa-de-lyon-le-19-fevrier-2026-n25ly01574\\\/\",\"url\":\"https:\\\/\\\/kohenavocats.com\\\/tr\\\/caa-de-lyon-le-19-fevrier-2026-n25ly01574\\\/\",\"name\":\"CAA de LYON, le 19 f\u00e9vrier 2026, n\u00b025LY01574 - Ma\u00eetre Hassan Kohen, avocat en droit p\u00e9nal \u00e0 Paris\",\"isPartOf\":{\"@id\":\"https:\\\/\\\/kohenavocats.com\\\/tr\\\/#website\"},\"primaryImageOfPage\":{\"@id\":\"https:\\\/\\\/kohenavocats.com\\\/tr\\\/caa-de-lyon-le-19-fevrier-2026-n25ly01574\\\/#primaryimage\"},\"image\":{\"@id\":\"https:\\\/\\\/kohenavocats.com\\\/tr\\\/caa-de-lyon-le-19-fevrier-2026-n25ly01574\\\/#primaryimage\"},\"thumbnailUrl\":\"https:\\\/\\\/kohenavocats.com\\\/wp-content\\\/uploads\\\/2024\\\/11\\\/getty-images-Q3a9uErAXXo-unsplash.webp\",\"datePublished\":\"2026-04-27T16:31:21+00:00\",\"description\":\"La cour administrative d\u2019appel de Lyon, dans un arr\u00eat du 19 f\u00e9vrier 2026, a statu\u00e9 sur une demande de sursis \u00e0 ex\u00e9cution d\u2019un jugement du tribunal...\",\"breadcrumb\":{\"@id\":\"https:\\\/\\\/kohenavocats.com\\\/tr\\\/caa-de-lyon-le-19-fevrier-2026-n25ly01574\\\/#breadcrumb\"},\"inLanguage\":\"tr\",\"potentialAction\":[{\"@type\":\"ReadAction\",\"target\":[\"https:\\\/\\\/kohenavocats.com\\\/tr\\\/caa-de-lyon-le-19-fevrier-2026-n25ly01574\\\/\"]}]},{\"@type\":\"ImageObject\",\"inLanguage\":\"tr\",\"@id\":\"https:\\\/\\\/kohenavocats.com\\\/tr\\\/caa-de-lyon-le-19-fevrier-2026-n25ly01574\\\/#primaryimage\",\"url\":\"https:\\\/\\\/kohenavocats.com\\\/wp-content\\\/uploads\\\/2024\\\/11\\\/getty-images-Q3a9uErAXXo-unsplash.webp\",\"contentUrl\":\"https:\\\/\\\/kohenavocats.com\\\/wp-content\\\/uploads\\\/2024\\\/11\\\/getty-images-Q3a9uErAXXo-unsplash.webp\",\"width\":1742,\"height\":2500},{\"@type\":\"BreadcrumbList\",\"@id\":\"https:\\\/\\\/kohenavocats.com\\\/tr\\\/caa-de-lyon-le-19-fevrier-2026-n25ly01574\\\/#breadcrumb\",\"itemListElement\":[{\"@type\":\"ListItem\",\"position\":1,\"name\":\"Home\",\"item\":\"https:\\\/\\\/kohenavocats.com\\\/tr\\\/avocats-en-droit-penal-a-paris-conseil-et-defense-strategique\\\/\"},{\"@type\":\"ListItem\",\"position\":2,\"name\":\"CAA de LYON, le 19 f\u00e9vrier 2026, n\u00b025LY01574\"}]},{\"@type\":\"WebSite\",\"@id\":\"https:\\\/\\\/kohenavocats.com\\\/tr\\\/#website\",\"url\":\"https:\\\/\\\/kohenavocats.com\\\/tr\\\/\",\"name\":\"Kohen Avocats\",\"description\":\"Ma\u00eetre Hassan Kohen, avocat p\u00e9naliste \u00e0 Paris, intervient exclusivement en droit p\u00e9nal pour la d\u00e9fense des particuliers, notamment en mati\u00e8re d\u2019accusations de viol. Il assure un accompagnement rigoureux d\u00e8s la garde \u00e0 vue jusqu\u2019\u00e0 la Cour d\u2019assises, veillant au strict respect des garanties proc\u00e9durales.\",\"publisher\":{\"@id\":\"https:\\\/\\\/kohenavocats.com\\\/tr\\\/#organization\"},\"potentialAction\":[{\"@type\":\"SearchAction\",\"target\":{\"@type\":\"EntryPoint\",\"urlTemplate\":\"https:\\\/\\\/kohenavocats.com\\\/tr\\\/?s={search_term_string}\"},\"query-input\":{\"@type\":\"PropertyValueSpecification\",\"valueRequired\":true,\"valueName\":\"search_term_string\"}}],\"inLanguage\":\"tr\"},{\"@type\":\"Organization\",\"@id\":\"https:\\\/\\\/kohenavocats.com\\\/tr\\\/#organization\",\"name\":\"Kohen Avocats\",\"url\":\"https:\\\/\\\/kohenavocats.com\\\/tr\\\/\",\"logo\":{\"@type\":\"ImageObject\",\"inLanguage\":\"tr\",\"@id\":\"https:\\\/\\\/kohenavocats.com\\\/tr\\\/#\\\/schema\\\/logo\\\/image\\\/\",\"url\":\"https:\\\/\\\/kohenavocats.com\\\/wp-content\\\/uploads\\\/2026\\\/01\\\/Logo-2-1.webp\",\"contentUrl\":\"https:\\\/\\\/kohenavocats.com\\\/wp-content\\\/uploads\\\/2026\\\/01\\\/Logo-2-1.webp\",\"width\":2114,\"height\":1253,\"caption\":\"Kohen Avocats\"},\"image\":{\"@id\":\"https:\\\/\\\/kohenavocats.com\\\/tr\\\/#\\\/schema\\\/logo\\\/image\\\/\"}},{\"@type\":\"Person\",\"@id\":\"https:\\\/\\\/kohenavocats.com\\\/tr\\\/#\\\/schema\\\/person\\\/761c9ba54fa1ca84d405cef0831ff751\",\"name\":\"Kohen\",\"image\":{\"@type\":\"ImageObject\",\"inLanguage\":\"tr\",\"@id\":\"https:\\\/\\\/secure.gravatar.com\\\/avatar\\\/1c5e76ef76bbbfdd2b4da984e2bf2fa4056fd51a27d25ce2c332047f1dfd6e00?s=96&d=identicon&r=g\",\"url\":\"https:\\\/\\\/secure.gravatar.com\\\/avatar\\\/1c5e76ef76bbbfdd2b4da984e2bf2fa4056fd51a27d25ce2c332047f1dfd6e00?s=96&d=identicon&r=g\",\"contentUrl\":\"https:\\\/\\\/secure.gravatar.com\\\/avatar\\\/1c5e76ef76bbbfdd2b4da984e2bf2fa4056fd51a27d25ce2c332047f1dfd6e00?s=96&d=identicon&r=g\",\"caption\":\"Kohen\"},\"sameAs\":[\"https:\\\/\\\/www.linkedin.com\\\/in\\\/hassan-kohen-448548192\\\/\",\"https:\\\/\\\/www.youtube.com\\\/@Kohen-Avocats\"],\"url\":\"https:\\\/\\\/kohenavocats.com\\\/tr\\\/author\\\/kohenmlk\\\/\"}]}<\/script>\n<!-- \/ Yoast SEO Premium plugin. -->","yoast_head_json":{"title":"CAA de LYON, le 19 f\u00e9vrier 2026, n\u00b025LY01574 - Ma\u00eetre Hassan Kohen, avocat en droit p\u00e9nal \u00e0 Paris","description":"La cour administrative d\u2019appel de Lyon, dans un arr\u00eat du 19 f\u00e9vrier 2026, a statu\u00e9 sur une demande de sursis \u00e0 ex\u00e9cution d\u2019un jugement du tribunal...","robots":{"index":"index","follow":"follow","max-snippet":"max-snippet:-1","max-image-preview":"max-image-preview:large","max-video-preview":"max-video-preview:-1"},"canonical":"https:\/\/kohenavocats.com\/tr\/caa-de-lyon-le-19-fevrier-2026-n25ly01574\/","og_locale":"tr_TR","og_type":"article","og_title":"CAA de LYON, le 19 f\u00e9vrier 2026, n\u00b025LY01574","og_description":"La cour administrative d\u2019appel de Lyon, dans un arr\u00eat du 19 f\u00e9vrier 2026, a statu\u00e9 sur une demande de sursis \u00e0 ex\u00e9cution d\u2019un jugement du tribunal...","og_url":"https:\/\/kohenavocats.com\/tr\/caa-de-lyon-le-19-fevrier-2026-n25ly01574\/","og_site_name":"Ma\u00eetre Hassan Kohen, avocat en droit p\u00e9nal \u00e0 Paris","article_published_time":"2026-04-27T16:31:21+00:00","og_image":[{"width":1742,"height":2500,"url":"https:\/\/kohenavocats.com\/wp-content\/uploads\/2024\/11\/getty-images-Q3a9uErAXXo-unsplash.webp","type":"image\/webp"}],"author":"Kohen","twitter_card":"summary_large_image","twitter_misc":{"Yazan:":"Kohen","Tahmini okuma s\u00fcresi":"3 dakika"},"schema":{"@context":"https:\/\/schema.org","@graph":[{"@type":"Article","@id":"https:\/\/kohenavocats.com\/tr\/caa-de-lyon-le-19-fevrier-2026-n25ly01574\/#article","isPartOf":{"@id":"https:\/\/kohenavocats.com\/tr\/caa-de-lyon-le-19-fevrier-2026-n25ly01574\/"},"author":{"name":"Kohen","@id":"https:\/\/kohenavocats.com\/tr\/#\/schema\/person\/761c9ba54fa1ca84d405cef0831ff751"},"headline":"CAA de LYON, le 19 f\u00e9vrier 2026, n\u00b025LY01574","datePublished":"2026-04-27T16:31:21+00:00","mainEntityOfPage":{"@id":"https:\/\/kohenavocats.com\/tr\/caa-de-lyon-le-19-fevrier-2026-n25ly01574\/"},"wordCount":544,"commentCount":0,"publisher":{"@id":"https:\/\/kohenavocats.com\/tr\/#organization"},"image":{"@id":"https:\/\/kohenavocats.com\/tr\/caa-de-lyon-le-19-fevrier-2026-n25ly01574\/#primaryimage"},"thumbnailUrl":"https:\/\/kohenavocats.com\/wp-content\/uploads\/2024\/11\/getty-images-Q3a9uErAXXo-unsplash.webp","articleSection":["CAA de LYON","D\u00e9cisions juridiques"],"inLanguage":"tr","potentialAction":[{"@type":"CommentAction","name":"Comment","target":["https:\/\/kohenavocats.com\/tr\/caa-de-lyon-le-19-fevrier-2026-n25ly01574\/#respond"]}],"citation":"CAA de LYON, le 19 f\u00e9vrier 2026, n\u00b025LY01574","about":[{"@type":"Thing","name":"CAA de LYON"},{"@type":"Thing","name":"D\u00e9cisions juridiques"}],"dateModified":"2026-04-27T16:31:21+00:00","speakable":{"@type":"SpeakableSpecification","cssSelector":[".article-content > p:first-of-type"]}},{"@type":"WebPage","@id":"https:\/\/kohenavocats.com\/tr\/caa-de-lyon-le-19-fevrier-2026-n25ly01574\/","url":"https:\/\/kohenavocats.com\/tr\/caa-de-lyon-le-19-fevrier-2026-n25ly01574\/","name":"CAA de LYON, le 19 f\u00e9vrier 2026, n\u00b025LY01574 - Ma\u00eetre Hassan Kohen, avocat en droit p\u00e9nal \u00e0 Paris","isPartOf":{"@id":"https:\/\/kohenavocats.com\/tr\/#website"},"primaryImageOfPage":{"@id":"https:\/\/kohenavocats.com\/tr\/caa-de-lyon-le-19-fevrier-2026-n25ly01574\/#primaryimage"},"image":{"@id":"https:\/\/kohenavocats.com\/tr\/caa-de-lyon-le-19-fevrier-2026-n25ly01574\/#primaryimage"},"thumbnailUrl":"https:\/\/kohenavocats.com\/wp-content\/uploads\/2024\/11\/getty-images-Q3a9uErAXXo-unsplash.webp","datePublished":"2026-04-27T16:31:21+00:00","description":"La cour administrative d\u2019appel de Lyon, dans un arr\u00eat du 19 f\u00e9vrier 2026, a statu\u00e9 sur une demande de sursis \u00e0 ex\u00e9cution d\u2019un jugement du tribunal...","breadcrumb":{"@id":"https:\/\/kohenavocats.com\/tr\/caa-de-lyon-le-19-fevrier-2026-n25ly01574\/#breadcrumb"},"inLanguage":"tr","potentialAction":[{"@type":"ReadAction","target":["https:\/\/kohenavocats.com\/tr\/caa-de-lyon-le-19-fevrier-2026-n25ly01574\/"]}]},{"@type":"ImageObject","inLanguage":"tr","@id":"https:\/\/kohenavocats.com\/tr\/caa-de-lyon-le-19-fevrier-2026-n25ly01574\/#primaryimage","url":"https:\/\/kohenavocats.com\/wp-content\/uploads\/2024\/11\/getty-images-Q3a9uErAXXo-unsplash.webp","contentUrl":"https:\/\/kohenavocats.com\/wp-content\/uploads\/2024\/11\/getty-images-Q3a9uErAXXo-unsplash.webp","width":1742,"height":2500},{"@type":"BreadcrumbList","@id":"https:\/\/kohenavocats.com\/tr\/caa-de-lyon-le-19-fevrier-2026-n25ly01574\/#breadcrumb","itemListElement":[{"@type":"ListItem","position":1,"name":"Home","item":"https:\/\/kohenavocats.com\/tr\/avocats-en-droit-penal-a-paris-conseil-et-defense-strategique\/"},{"@type":"ListItem","position":2,"name":"CAA de LYON, le 19 f\u00e9vrier 2026, n\u00b025LY01574"}]},{"@type":"WebSite","@id":"https:\/\/kohenavocats.com\/tr\/#website","url":"https:\/\/kohenavocats.com\/tr\/","name":"Kohen Avocats","description":"Ma\u00eetre Hassan Kohen, avocat p\u00e9naliste \u00e0 Paris, intervient exclusivement en droit p\u00e9nal pour la d\u00e9fense des particuliers, notamment en mati\u00e8re d\u2019accusations de viol. Il assure un accompagnement rigoureux d\u00e8s la garde \u00e0 vue jusqu\u2019\u00e0 la Cour d\u2019assises, veillant au strict respect des garanties proc\u00e9durales.","publisher":{"@id":"https:\/\/kohenavocats.com\/tr\/#organization"},"potentialAction":[{"@type":"SearchAction","target":{"@type":"EntryPoint","urlTemplate":"https:\/\/kohenavocats.com\/tr\/?s={search_term_string}"},"query-input":{"@type":"PropertyValueSpecification","valueRequired":true,"valueName":"search_term_string"}}],"inLanguage":"tr"},{"@type":"Organization","@id":"https:\/\/kohenavocats.com\/tr\/#organization","name":"Kohen Avocats","url":"https:\/\/kohenavocats.com\/tr\/","logo":{"@type":"ImageObject","inLanguage":"tr","@id":"https:\/\/kohenavocats.com\/tr\/#\/schema\/logo\/image\/","url":"https:\/\/kohenavocats.com\/wp-content\/uploads\/2026\/01\/Logo-2-1.webp","contentUrl":"https:\/\/kohenavocats.com\/wp-content\/uploads\/2026\/01\/Logo-2-1.webp","width":2114,"height":1253,"caption":"Kohen Avocats"},"image":{"@id":"https:\/\/kohenavocats.com\/tr\/#\/schema\/logo\/image\/"}},{"@type":"Person","@id":"https:\/\/kohenavocats.com\/tr\/#\/schema\/person\/761c9ba54fa1ca84d405cef0831ff751","name":"Kohen","image":{"@type":"ImageObject","inLanguage":"tr","@id":"https:\/\/secure.gravatar.com\/avatar\/1c5e76ef76bbbfdd2b4da984e2bf2fa4056fd51a27d25ce2c332047f1dfd6e00?s=96&d=identicon&r=g","url":"https:\/\/secure.gravatar.com\/avatar\/1c5e76ef76bbbfdd2b4da984e2bf2fa4056fd51a27d25ce2c332047f1dfd6e00?s=96&d=identicon&r=g","contentUrl":"https:\/\/secure.gravatar.com\/avatar\/1c5e76ef76bbbfdd2b4da984e2bf2fa4056fd51a27d25ce2c332047f1dfd6e00?s=96&d=identicon&r=g","caption":"Kohen"},"sameAs":["https:\/\/www.linkedin.com\/in\/hassan-kohen-448548192\/","https:\/\/www.youtube.com\/@Kohen-Avocats"],"url":"https:\/\/kohenavocats.com\/tr\/author\/kohenmlk\/"}]}},"jetpack_featured_media_url":"https:\/\/kohenavocats.com\/wp-content\/uploads\/2024\/11\/getty-images-Q3a9uErAXXo-unsplash.webp","jetpack_likes_enabled":false,"jetpack_shortlink":"https:\/\/wp.me\/peCrII-2XSI","jetpack-related-posts":[{"id":725599,"url":"https:\/\/kohenavocats.com\/tr\/caa-caa-de-lyon-12-03-2026-n-25ly03015\/","url_meta":{"origin":706844,"position":0},"title":"CAA &#8211; CAA de LYON &#8211; 12\/03\/2026 &#8211; n\u00b0 25LY03015","author":"Kohen","date":"28 Nisan 2026","format":false,"excerpt":"La cour administrative d\u2019appel de Lyon, par un arr\u00eat du 12 mars 2026, constate l\u2019ex\u00e9cution compl\u00e8te de sa d\u00e9cision du 3 avril 2025. La proc\u00e9dure...","rel":"","context":"&quot;Juridictions administratives&quot; i\u00e7inde","block_context":{"text":"Juridictions administratives","link":"https:\/\/kohenavocats.com\/category\/juridictions-administratives\/"},"img":{"alt_text":"","src":"https:\/\/i0.wp.com\/kohenavocats.com\/wp-content\/uploads\/2024\/11\/chris-barbalis-r4ytn1RdQas-unsplash.webp?resize=350%2C200&ssl=1","width":350,"height":200,"srcset":"https:\/\/i0.wp.com\/kohenavocats.com\/wp-content\/uploads\/2024\/11\/chris-barbalis-r4ytn1RdQas-unsplash.webp?resize=350%2C200&ssl=1 1x, https:\/\/i0.wp.com\/kohenavocats.com\/wp-content\/uploads\/2024\/11\/chris-barbalis-r4ytn1RdQas-unsplash.webp?resize=525%2C300&ssl=1 1.5x, https:\/\/i0.wp.com\/kohenavocats.com\/wp-content\/uploads\/2024\/11\/chris-barbalis-r4ytn1RdQas-unsplash.webp?resize=700%2C400&ssl=1 2x, https:\/\/i0.wp.com\/kohenavocats.com\/wp-content\/uploads\/2024\/11\/chris-barbalis-r4ytn1RdQas-unsplash.webp?resize=1050%2C600&ssl=1 3x, https:\/\/i0.wp.com\/kohenavocats.com\/wp-content\/uploads\/2024\/11\/chris-barbalis-r4ytn1RdQas-unsplash.webp?resize=1400%2C800&ssl=1 4x"},"classes":[]},{"id":716550,"url":"https:\/\/kohenavocats.com\/tr\/tribunal-de-commerce-de-lyon-le-15-janvier-2026-n2025f05329\/","url_meta":{"origin":706844,"position":1},"title":"Tribunal de commerce de Lyon, le 15 janvier 2026, n\u00b02025F05329","author":"Kohen","date":"28 Nisan 2026","format":false,"excerpt":"Le Tribunal des activit\u00e9s \u00e9conomiques de Lyon a rendu un jugement le 15 janvier 2026 dans le cadre d\u2019une proc\u00e9dure de liquidation judiciaire. Le...","rel":"","context":"&quot;D\u00e9cisions juridiques&quot; i\u00e7inde","block_context":{"text":"D\u00e9cisions juridiques","link":"https:\/\/kohenavocats.com\/category\/decisions-juridiques\/"},"img":{"alt_text":"","src":"https:\/\/i0.wp.com\/kohenavocats.com\/wp-content\/uploads\/2024\/11\/getty-images-zpqbsft1RcM-unsplash.webp?resize=350%2C200&ssl=1","width":350,"height":200,"srcset":"https:\/\/i0.wp.com\/kohenavocats.com\/wp-content\/uploads\/2024\/11\/getty-images-zpqbsft1RcM-unsplash.webp?resize=350%2C200&ssl=1 1x, https:\/\/i0.wp.com\/kohenavocats.com\/wp-content\/uploads\/2024\/11\/getty-images-zpqbsft1RcM-unsplash.webp?resize=525%2C300&ssl=1 1.5x, https:\/\/i0.wp.com\/kohenavocats.com\/wp-content\/uploads\/2024\/11\/getty-images-zpqbsft1RcM-unsplash.webp?resize=700%2C400&ssl=1 2x, https:\/\/i0.wp.com\/kohenavocats.com\/wp-content\/uploads\/2024\/11\/getty-images-zpqbsft1RcM-unsplash.webp?resize=1050%2C600&ssl=1 3x, https:\/\/i0.wp.com\/kohenavocats.com\/wp-content\/uploads\/2024\/11\/getty-images-zpqbsft1RcM-unsplash.webp?resize=1400%2C800&ssl=1 4x"},"classes":[]},{"id":708383,"url":"https:\/\/kohenavocats.com\/tr\/tribunal-judiciaire-de-lyon-le-12-decembre-2025-n24-01046\/","url_meta":{"origin":706844,"position":2},"title":"Tribunal judiciaire de Lyon, le 12 d\u00e9cembre 2025, n\u00b024\/01046","author":"Kohen","date":"27 Nisan 2026","format":false,"excerpt":"Le Tribunal judiciaire de Lyon, dans son jugement du 12 d\u00e9cembre 2025, a \u00e9t\u00e9 saisi d\u2019un recours contre une d\u00e9cision relative \u00e0 l\u2019\u00e9valuation du taux...","rel":"","context":"&quot;D\u00e9cisions juridiques&quot; i\u00e7inde","block_context":{"text":"D\u00e9cisions juridiques","link":"https:\/\/kohenavocats.com\/category\/decisions-juridiques\/"},"img":{"alt_text":"","src":"https:\/\/i0.wp.com\/kohenavocats.com\/wp-content\/uploads\/2024\/08\/alice-P1D60RN7KuQ-unsplash.webp?resize=350%2C200&ssl=1","width":350,"height":200,"srcset":"https:\/\/i0.wp.com\/kohenavocats.com\/wp-content\/uploads\/2024\/08\/alice-P1D60RN7KuQ-unsplash.webp?resize=350%2C200&ssl=1 1x, https:\/\/i0.wp.com\/kohenavocats.com\/wp-content\/uploads\/2024\/08\/alice-P1D60RN7KuQ-unsplash.webp?resize=525%2C300&ssl=1 1.5x, https:\/\/i0.wp.com\/kohenavocats.com\/wp-content\/uploads\/2024\/08\/alice-P1D60RN7KuQ-unsplash.webp?resize=700%2C400&ssl=1 2x, https:\/\/i0.wp.com\/kohenavocats.com\/wp-content\/uploads\/2024\/08\/alice-P1D60RN7KuQ-unsplash.webp?resize=1050%2C600&ssl=1 3x, https:\/\/i0.wp.com\/kohenavocats.com\/wp-content\/uploads\/2024\/08\/alice-P1D60RN7KuQ-unsplash.webp?resize=1400%2C800&ssl=1 4x"},"classes":[]},{"id":716430,"url":"https:\/\/kohenavocats.com\/tr\/cour-dappel-de-lyon-le-16-janvier-2026-n24-08008\/","url_meta":{"origin":706844,"position":3},"title":"Cour d&#8217;appel de Lyon, le 16 janvier 2026, n\u00b024\/08008","author":"Kohen","date":"28 Nisan 2026","format":false,"excerpt":"La cour d'appel de Lyon, dans un arr\u00eat du 16 janvier 2026, a confirm\u00e9 le jugement du conseil de prud'hommes ayant valid\u00e9 la rupture anticip\u00e9e pour faute...","rel":"","context":"&quot;Cour d'appel&quot; i\u00e7inde","block_context":{"text":"Cour d'appel","link":"https:\/\/kohenavocats.com\/category\/cour-dappel\/"},"img":{"alt_text":"","src":"https:\/\/i0.wp.com\/kohenavocats.com\/wp-content\/uploads\/2024\/08\/thomas-kelley-HBANPxXi3aQ-unsplash.webp?resize=350%2C200&ssl=1","width":350,"height":200,"srcset":"https:\/\/i0.wp.com\/kohenavocats.com\/wp-content\/uploads\/2024\/08\/thomas-kelley-HBANPxXi3aQ-unsplash.webp?resize=350%2C200&ssl=1 1x, https:\/\/i0.wp.com\/kohenavocats.com\/wp-content\/uploads\/2024\/08\/thomas-kelley-HBANPxXi3aQ-unsplash.webp?resize=525%2C300&ssl=1 1.5x, https:\/\/i0.wp.com\/kohenavocats.com\/wp-content\/uploads\/2024\/08\/thomas-kelley-HBANPxXi3aQ-unsplash.webp?resize=700%2C400&ssl=1 2x, https:\/\/i0.wp.com\/kohenavocats.com\/wp-content\/uploads\/2024\/08\/thomas-kelley-HBANPxXi3aQ-unsplash.webp?resize=1050%2C600&ssl=1 3x, https:\/\/i0.wp.com\/kohenavocats.com\/wp-content\/uploads\/2024\/08\/thomas-kelley-HBANPxXi3aQ-unsplash.webp?resize=1400%2C800&ssl=1 4x"},"classes":[]},{"id":725740,"url":"https:\/\/kohenavocats.com\/tr\/cour-dappel-de-lyon-le-5-fevrier-2026-n24-06530\/","url_meta":{"origin":706844,"position":4},"title":"Cour d&#8217;appel de Lyon, le 5 f\u00e9vrier 2026, n\u00b024\/06530","author":"Kohen","date":"28 Nisan 2026","format":false,"excerpt":"L\u2019arr\u00eat rendu par la cour d\u2019appel de Lyon le 5 f\u00e9vrier 2026 porte sur la recevabilit\u00e9 de l\u2019appel d\u2019une ordonnance ayant rejet\u00e9 une cr\u00e9ance d\u00e9clar\u00e9e dans...","rel":"","context":"&quot;Cour d'appel&quot; i\u00e7inde","block_context":{"text":"Cour d'appel","link":"https:\/\/kohenavocats.com\/category\/cour-dappel\/"},"img":{"alt_text":"","src":"https:\/\/i0.wp.com\/kohenavocats.com\/wp-content\/uploads\/2024\/11\/anita-austvika-0SYgXsw1BV4-unsplash.webp?resize=350%2C200&ssl=1","width":350,"height":200,"srcset":"https:\/\/i0.wp.com\/kohenavocats.com\/wp-content\/uploads\/2024\/11\/anita-austvika-0SYgXsw1BV4-unsplash.webp?resize=350%2C200&ssl=1 1x, https:\/\/i0.wp.com\/kohenavocats.com\/wp-content\/uploads\/2024\/11\/anita-austvika-0SYgXsw1BV4-unsplash.webp?resize=525%2C300&ssl=1 1.5x, https:\/\/i0.wp.com\/kohenavocats.com\/wp-content\/uploads\/2024\/11\/anita-austvika-0SYgXsw1BV4-unsplash.webp?resize=700%2C400&ssl=1 2x, https:\/\/i0.wp.com\/kohenavocats.com\/wp-content\/uploads\/2024\/11\/anita-austvika-0SYgXsw1BV4-unsplash.webp?resize=1050%2C600&ssl=1 3x, https:\/\/i0.wp.com\/kohenavocats.com\/wp-content\/uploads\/2024\/11\/anita-austvika-0SYgXsw1BV4-unsplash.webp?resize=1400%2C800&ssl=1 4x"},"classes":[]},{"id":717295,"url":"https:\/\/kohenavocats.com\/tr\/tribunal-judiciaire-de-lyon-le-20-janvier-2026-n24-03666\/","url_meta":{"origin":706844,"position":5},"title":"Tribunal judiciaire de Lyon, le 20 janvier 2026, n\u00b024\/03666","author":"Kohen","date":"28 Nisan 2026","format":false,"excerpt":"Le tribunal judiciaire de Lyon, par un jugement r\u00e9put\u00e9 contradictoire du 20 janvier 2026, a prononc\u00e9 la r\u00e9siliation d\u2019un bail verbal portant sur un...","rel":"","context":"&quot;D\u00e9cisions juridiques&quot; i\u00e7inde","block_context":{"text":"D\u00e9cisions juridiques","link":"https:\/\/kohenavocats.com\/category\/decisions-juridiques\/"},"img":{"alt_text":"","src":"https:\/\/i0.wp.com\/kohenavocats.com\/wp-content\/uploads\/2024\/11\/getty-images-uXScU4WS2YM-unsplash.webp?resize=350%2C200&ssl=1","width":350,"height":200,"srcset":"https:\/\/i0.wp.com\/kohenavocats.com\/wp-content\/uploads\/2024\/11\/getty-images-uXScU4WS2YM-unsplash.webp?resize=350%2C200&ssl=1 1x, https:\/\/i0.wp.com\/kohenavocats.com\/wp-content\/uploads\/2024\/11\/getty-images-uXScU4WS2YM-unsplash.webp?resize=525%2C300&ssl=1 1.5x, https:\/\/i0.wp.com\/kohenavocats.com\/wp-content\/uploads\/2024\/11\/getty-images-uXScU4WS2YM-unsplash.webp?resize=700%2C400&ssl=1 2x, https:\/\/i0.wp.com\/kohenavocats.com\/wp-content\/uploads\/2024\/11\/getty-images-uXScU4WS2YM-unsplash.webp?resize=1050%2C600&ssl=1 3x, https:\/\/i0.wp.com\/kohenavocats.com\/wp-content\/uploads\/2024\/11\/getty-images-uXScU4WS2YM-unsplash.webp?resize=1400%2C800&ssl=1 4x"},"classes":[]}],"jetpack_sharing_enabled":true,"_links":{"self":[{"href":"https:\/\/kohenavocats.com\/tr\/wp-json\/wp\/v2\/posts\/706844","targetHints":{"allow":["GET"]}}],"collection":[{"href":"https:\/\/kohenavocats.com\/tr\/wp-json\/wp\/v2\/posts"}],"about":[{"href":"https:\/\/kohenavocats.com\/tr\/wp-json\/wp\/v2\/types\/post"}],"author":[{"embeddable":true,"href":"https:\/\/kohenavocats.com\/tr\/wp-json\/wp\/v2\/users\/232070755"}],"replies":[{"embeddable":true,"href":"https:\/\/kohenavocats.com\/tr\/wp-json\/wp\/v2\/comments?post=706844"}],"version-history":[{"count":0,"href":"https:\/\/kohenavocats.com\/tr\/wp-json\/wp\/v2\/posts\/706844\/revisions"}],"wp:featuredmedia":[{"embeddable":true,"href":"https:\/\/kohenavocats.com\/tr\/wp-json\/wp\/v2\/media\/9502"}],"wp:attachment":[{"href":"https:\/\/kohenavocats.com\/tr\/wp-json\/wp\/v2\/media?parent=706844"}],"wp:term":[{"taxonomy":"category","embeddable":true,"href":"https:\/\/kohenavocats.com\/tr\/wp-json\/wp\/v2\/categories?post=706844"},{"taxonomy":"post_tag","embeddable":true,"href":"https:\/\/kohenavocats.com\/tr\/wp-json\/wp\/v2\/tags?post=706844"}],"curies":[{"name":"wp","href":"https:\/\/api.w.org\/{rel}","templated":true}]}}