{"id":706847,"date":"2026-04-27T18:31:27","date_gmt":"2026-04-27T16:31:27","guid":{"rendered":"https:\/\/kohenavocats.com\/conseil-detat-le-19-mars-2026-n496781\/"},"modified":"2026-04-27T18:31:27","modified_gmt":"2026-04-27T16:31:27","slug":"conseil-detat-le-19-mars-2026-n496781","status":"publish","type":"post","link":"https:\/\/kohenavocats.com\/tr\/conseil-detat-le-19-mars-2026-n496781\/","title":{"rendered":"Conseil d&#8217;\u00c9tat, le 19 mars 2026, n\u00b0496781"},"content":{"rendered":"<div class=\"article-content\">\n<p>Le Conseil d\u2019\u00c9tat, dans un arr\u00eat du 19 mars 2026, a censur\u00e9 l\u2019arr\u00eat de la cour administrative d\u2019appel de Versailles du 6 juin 2024. Une soci\u00e9t\u00e9 p\u00e9titionnaire avait demand\u00e9 l\u2019annulation d\u2019un refus de permis de construire valant autorisation d\u2019exploitation commerciale pour l\u2019extension d\u2019un supermarch\u00e9. La cour avait annul\u00e9 ce refus et enjoint \u00e0 la Commission nationale d\u2019am\u00e9nagement commercial de rendre un nouvel avis. La question de droit portait sur la possibilit\u00e9 pour la commission de tenir compte de l\u2019insertion paysag\u00e8re des b\u00e2timents existants lors de l\u2019examen d\u2019une extension. Le Conseil d\u2019\u00c9tat a r\u00e9pondu par l\u2019affirmative, annulant l\u2019arr\u00eat de la cour pour erreur de droit.<\/p>\n<p>I. L\u2019obligation d\u2019examiner les installations existantes lors d\u2019une extension commerciale<\/p>\n<p>Le juge de cassation pr\u00e9cise la port\u00e9e des crit\u00e8res d\u2019\u00e9valuation applicables aux projets d\u2019extension de magasins. Il estime que les commissions doivent se prononcer sur la conformit\u00e9 du projet aux objectifs l\u00e9gaux, y compris pour les parties non modifi\u00e9es du site. Cette solution unifie le r\u00e9gime d\u2019examen des demandes d\u2019autorisation commerciale en imposant une appr\u00e9ciation globale du site d\u2019exploitation.<\/p>\n<p>A. L\u2019int\u00e9gration des espaces de stationnement dans le p\u00e9rim\u00e8tre d\u2019appr\u00e9ciation<\/p>\n<p>Le Conseil d\u2019\u00c9tat \u00e9tend la notion de b\u00e2timents existants aux installations et \u00e9quipements n\u00e9cessaires \u00e0 l\u2019exploitation du magasin. Il affirme que ces \u00e9l\u00e9ments incluent \u201cles espaces de stationnement qui lui sont associ\u00e9s et les voies de circulation au sein de ces espaces\u201d (point 3). Cette interpr\u00e9tation extensive permet aux autorit\u00e9s comp\u00e9tentes d\u2019\u00e9valuer l\u2019impact r\u00e9el et complet du projet sur son environnement. La valeur de cette pr\u00e9cision est de renforcer l\u2019effectivit\u00e9 du contr\u00f4le de l\u2019insertion paysag\u00e8re et architecturale.<\/p>\n<p>B. L\u2019application des crit\u00e8res du 2\u00b0 aux b\u00e2timents non modifi\u00e9s par l\u2019extension<\/p>\n<p>La haute juridiction impose aux commissions de v\u00e9rifier le respect des crit\u00e8res de qualit\u00e9 environnementale et d\u2019insertion pour l\u2019ensemble du magasin existant. Elle pr\u00e9cise que cette obligation vaut \u201cm\u00eame lorsque l\u2019extension de la surface de vente ne requiert aucune modification ext\u00e9rieure de ces b\u00e2timents\u201d (point 3). Cette solution interdit de limiter l\u2019examen aux seuls travaux projet\u00e9s, \u00e9largissant ainsi le champ du contr\u00f4le. La port\u00e9e de cette r\u00e8gle est d\u2019emp\u00eacher un contournement des objectifs l\u00e9gaux par l\u2019absence de transformation physique du b\u00e2ti.<\/p>\n<p>II. La censure de l\u2019arr\u00eat d\u2019appel pour une m\u00e9connaissance de l\u2019office du juge<\/p>\n<p>Le Conseil d\u2019\u00c9tat sanctionne l\u2019erreur de droit commise par la cour administrative d\u2019appel, qui avait exclu \u00e0 tort la prise en compte de l\u2019insertion du b\u00e2timent existant. Il rappelle le r\u00f4le des commissions d\u2019am\u00e9nagement commercial dans l\u2019appr\u00e9ciation souveraine des crit\u00e8res l\u00e9gaux. Cette d\u00e9cision confirme la n\u00e9cessit\u00e9 d\u2019un contr\u00f4le entier et non tronqu\u00e9 des demandes d\u2019autorisation.<\/p>\n<p>A. L\u2019illic\u00e9it\u00e9 de l\u2019exclusion de la mauvaise insertion paysag\u00e8re du b\u00e2ti ant\u00e9rieur<\/p>\n<p>La cour avait jug\u00e9 que la commission ne pouvait \u201cl\u00e9galement tenir compte de la mauvaise insertion paysag\u00e8re et architecturale du b\u00e2timent existant\u201d (point 4). Le Conseil d\u2019\u00c9tat qualifie ce raisonnement d\u2019erreur de droit, car il m\u00e9conna\u00eet la port\u00e9e des dispositions de l\u2019article L. 752-6 du code de commerce. Le sens de cette censure est de r\u00e9affirmer que la commission doit examiner tous les crit\u00e8res, y compris ceux concernant les parties du magasin qui ne sont pas l\u2019objet des travaux. La valeur de cette solution est de garantir une \u00e9valuation exhaustive et loyale.<\/p>\n<p>B. Le r\u00e9tablissement de la pl\u00e9nitude du pouvoir d\u2019appr\u00e9ciation des commissions<\/p>\n<p>En annulant l\u2019arr\u00eat, le juge de cassation renvoie l\u2019affaire pour qu\u2019il soit statu\u00e9 conform\u00e9ment \u00e0 sa doctrine. Il impose aux juges du fond de v\u00e9rifier que la commission a bien pris en compte l\u2019\u00e9tat initial du site dans son ensemble. Cette port\u00e9e pratique assure que l\u2019autorisation d\u2019extension ne soit pas accord\u00e9e sans consid\u00e9ration pour les nuisances ou d\u00e9fauts esth\u00e9tiques pr\u00e9existants. La d\u00e9cision renforce ainsi l\u2019\u00e9quilibre entre le d\u00e9veloppement commercial et les objectifs d\u2019am\u00e9nagement durable du territoire.<\/p>\n<\/div>\n","protected":false},"excerpt":{"rendered":"<p>Le Conseil d\u2019\u00c9tat, dans un arr\u00eat du 19 mars 2026, a censur\u00e9 l\u2019arr\u00eat de la cour administrative d\u2019appel de Versailles du 6 juin 2024. Une soci\u00e9t\u00e9 p\u00e9titionnaire&#8230;<\/p>\n","protected":false},"author":232070755,"featured_media":9584,"comment_status":"open","ping_status":"open","sticky":false,"template":"","format":"standard","meta":{"_crdt_document":"","_jetpack_newsletter_access":"","_jetpack_dont_email_post_to_subs":false,"_jetpack_newsletter_tier_id":0,"_jetpack_memberships_contains_paywalled_content":false,"_kj_source_type":"","_kj_official_id":"","_kj_official_url":"","_kj_judilibre_id":"","_kj_jur":"","_kj_lieu":"","_kj_chambre":"","_kj_rg":"","_kj_date":"","_jetpack_memberships_contains_paid_content":false,"footnotes":"","jetpack_post_was_ever_published":false},"categories":[7597],"tags":[],"class_list":["post-706847","post","type-post","status-publish","format-standard","has-post-thumbnail","hentry","category-jurisprudence"],"yoast_head":"<!-- This site is optimized with the Yoast SEO Premium plugin v27.5 (Yoast SEO v27.5) - https:\/\/yoast.com\/product\/yoast-seo-premium-wordpress\/ -->\n<title>Conseil d&#039;\u00c9tat, le 19 mars 2026, n\u00b0496781 - Ma\u00eetre Hassan Kohen, avocat en droit p\u00e9nal \u00e0 Paris<\/title>\n<meta name=\"description\" content=\"Le Conseil d\u2019\u00c9tat, dans un arr\u00eat du 19 mars 2026, a censur\u00e9 l\u2019arr\u00eat de la cour administrative d\u2019appel de Versailles du 6 juin 2024. Une soci\u00e9t\u00e9 p\u00e9titionnaire...\" \/>\n<meta name=\"robots\" content=\"index, follow, max-snippet:-1, max-image-preview:large, max-video-preview:-1\" \/>\n<link rel=\"canonical\" href=\"https:\/\/kohenavocats.com\/tr\/conseil-detat-le-19-mars-2026-n496781\/\" \/>\n<meta property=\"og:locale\" content=\"tr_TR\" \/>\n<meta property=\"og:type\" content=\"article\" \/>\n<meta property=\"og:title\" content=\"Conseil d&#039;\u00c9tat, le 19 mars 2026, n\u00b0496781\" \/>\n<meta property=\"og:description\" content=\"Le Conseil d\u2019\u00c9tat, dans un arr\u00eat du 19 mars 2026, a censur\u00e9 l\u2019arr\u00eat de la cour administrative d\u2019appel de Versailles du 6 juin 2024. Une soci\u00e9t\u00e9 p\u00e9titionnaire...\" \/>\n<meta property=\"og:url\" content=\"https:\/\/kohenavocats.com\/tr\/conseil-detat-le-19-mars-2026-n496781\/\" \/>\n<meta property=\"og:site_name\" content=\"Ma\u00eetre Hassan Kohen, avocat en droit p\u00e9nal \u00e0 Paris\" \/>\n<meta property=\"article:published_time\" content=\"2026-04-27T16:31:27+00:00\" \/>\n<meta property=\"og:image\" content=\"https:\/\/kohenavocats.com\/wp-content\/uploads\/2024\/11\/laura-adai-AUtGEImMB-8-unsplash.webp\" \/>\n\t<meta property=\"og:image:width\" content=\"7086\" \/>\n\t<meta property=\"og:image:height\" content=\"4724\" \/>\n\t<meta property=\"og:image:type\" content=\"image\/webp\" \/>\n<meta name=\"author\" content=\"Kohen\" \/>\n<meta name=\"twitter:card\" content=\"summary_large_image\" \/>\n<meta name=\"twitter:label1\" content=\"Yazan:\" \/>\n\t<meta name=\"twitter:data1\" content=\"Kohen\" \/>\n\t<meta name=\"twitter:label2\" content=\"Tahmini okuma s\u00fcresi\" \/>\n\t<meta name=\"twitter:data2\" content=\"4 dakika\" \/>\n<script type=\"application\/ld+json\" class=\"yoast-schema-graph\">{\"@context\":\"https:\\\/\\\/schema.org\",\"@graph\":[{\"@type\":\"Article\",\"@id\":\"https:\\\/\\\/kohenavocats.com\\\/tr\\\/conseil-detat-le-19-mars-2026-n496781\\\/#article\",\"isPartOf\":{\"@id\":\"https:\\\/\\\/kohenavocats.com\\\/tr\\\/conseil-detat-le-19-mars-2026-n496781\\\/\"},\"author\":{\"name\":\"Kohen\",\"@id\":\"https:\\\/\\\/kohenavocats.com\\\/tr\\\/#\\\/schema\\\/person\\\/761c9ba54fa1ca84d405cef0831ff751\"},\"headline\":\"Conseil d&#8217;\u00c9tat, le 19 mars 2026, n\u00b0496781\",\"datePublished\":\"2026-04-27T16:31:27+00:00\",\"mainEntityOfPage\":{\"@id\":\"https:\\\/\\\/kohenavocats.com\\\/tr\\\/conseil-detat-le-19-mars-2026-n496781\\\/\"},\"wordCount\":756,\"commentCount\":0,\"publisher\":{\"@id\":\"https:\\\/\\\/kohenavocats.com\\\/tr\\\/#organization\"},\"image\":{\"@id\":\"https:\\\/\\\/kohenavocats.com\\\/tr\\\/conseil-detat-le-19-mars-2026-n496781\\\/#primaryimage\"},\"thumbnailUrl\":\"https:\\\/\\\/kohenavocats.com\\\/wp-content\\\/uploads\\\/2024\\\/11\\\/laura-adai-AUtGEImMB-8-unsplash.webp\",\"articleSection\":[\"Jurisprudence\"],\"inLanguage\":\"tr\",\"potentialAction\":[{\"@type\":\"CommentAction\",\"name\":\"Comment\",\"target\":[\"https:\\\/\\\/kohenavocats.com\\\/tr\\\/conseil-detat-le-19-mars-2026-n496781\\\/#respond\"]}],\"citation\":\"Conseil d&#8217;\u00c9tat, le 19 mars 2026, n\u00b0496781\",\"about\":[{\"@type\":\"Thing\",\"name\":\"Jurisprudence\"}],\"dateModified\":\"2026-04-27T16:31:27+00:00\",\"speakable\":{\"@type\":\"SpeakableSpecification\",\"cssSelector\":[\".article-content > p:first-of-type\"]}},{\"@type\":\"WebPage\",\"@id\":\"https:\\\/\\\/kohenavocats.com\\\/tr\\\/conseil-detat-le-19-mars-2026-n496781\\\/\",\"url\":\"https:\\\/\\\/kohenavocats.com\\\/tr\\\/conseil-detat-le-19-mars-2026-n496781\\\/\",\"name\":\"Conseil d'\u00c9tat, le 19 mars 2026, n\u00b0496781 - Ma\u00eetre Hassan Kohen, avocat en droit p\u00e9nal \u00e0 Paris\",\"isPartOf\":{\"@id\":\"https:\\\/\\\/kohenavocats.com\\\/tr\\\/#website\"},\"primaryImageOfPage\":{\"@id\":\"https:\\\/\\\/kohenavocats.com\\\/tr\\\/conseil-detat-le-19-mars-2026-n496781\\\/#primaryimage\"},\"image\":{\"@id\":\"https:\\\/\\\/kohenavocats.com\\\/tr\\\/conseil-detat-le-19-mars-2026-n496781\\\/#primaryimage\"},\"thumbnailUrl\":\"https:\\\/\\\/kohenavocats.com\\\/wp-content\\\/uploads\\\/2024\\\/11\\\/laura-adai-AUtGEImMB-8-unsplash.webp\",\"datePublished\":\"2026-04-27T16:31:27+00:00\",\"description\":\"Le Conseil d\u2019\u00c9tat, dans un arr\u00eat du 19 mars 2026, a censur\u00e9 l\u2019arr\u00eat de la cour administrative d\u2019appel de Versailles du 6 juin 2024. Une soci\u00e9t\u00e9 p\u00e9titionnaire...\",\"breadcrumb\":{\"@id\":\"https:\\\/\\\/kohenavocats.com\\\/tr\\\/conseil-detat-le-19-mars-2026-n496781\\\/#breadcrumb\"},\"inLanguage\":\"tr\",\"potentialAction\":[{\"@type\":\"ReadAction\",\"target\":[\"https:\\\/\\\/kohenavocats.com\\\/tr\\\/conseil-detat-le-19-mars-2026-n496781\\\/\"]}]},{\"@type\":\"ImageObject\",\"inLanguage\":\"tr\",\"@id\":\"https:\\\/\\\/kohenavocats.com\\\/tr\\\/conseil-detat-le-19-mars-2026-n496781\\\/#primaryimage\",\"url\":\"https:\\\/\\\/kohenavocats.com\\\/wp-content\\\/uploads\\\/2024\\\/11\\\/laura-adai-AUtGEImMB-8-unsplash.webp\",\"contentUrl\":\"https:\\\/\\\/kohenavocats.com\\\/wp-content\\\/uploads\\\/2024\\\/11\\\/laura-adai-AUtGEImMB-8-unsplash.webp\",\"width\":7086,\"height\":4724},{\"@type\":\"BreadcrumbList\",\"@id\":\"https:\\\/\\\/kohenavocats.com\\\/tr\\\/conseil-detat-le-19-mars-2026-n496781\\\/#breadcrumb\",\"itemListElement\":[{\"@type\":\"ListItem\",\"position\":1,\"name\":\"Home\",\"item\":\"https:\\\/\\\/kohenavocats.com\\\/tr\\\/avocats-en-droit-penal-a-paris-conseil-et-defense-strategique\\\/\"},{\"@type\":\"ListItem\",\"position\":2,\"name\":\"Conseil d&rsquo;\u00c9tat, le 19 mars 2026, n\u00b0496781\"}]},{\"@type\":\"WebSite\",\"@id\":\"https:\\\/\\\/kohenavocats.com\\\/tr\\\/#website\",\"url\":\"https:\\\/\\\/kohenavocats.com\\\/tr\\\/\",\"name\":\"Kohen Avocats\",\"description\":\"Ma\u00eetre Hassan Kohen, avocat p\u00e9naliste \u00e0 Paris, intervient exclusivement en droit p\u00e9nal pour la d\u00e9fense des particuliers, notamment en mati\u00e8re d\u2019accusations de viol. Il assure un accompagnement rigoureux d\u00e8s la garde \u00e0 vue jusqu\u2019\u00e0 la Cour d\u2019assises, veillant au strict respect des garanties proc\u00e9durales.\",\"publisher\":{\"@id\":\"https:\\\/\\\/kohenavocats.com\\\/tr\\\/#organization\"},\"potentialAction\":[{\"@type\":\"SearchAction\",\"target\":{\"@type\":\"EntryPoint\",\"urlTemplate\":\"https:\\\/\\\/kohenavocats.com\\\/tr\\\/?s={search_term_string}\"},\"query-input\":{\"@type\":\"PropertyValueSpecification\",\"valueRequired\":true,\"valueName\":\"search_term_string\"}}],\"inLanguage\":\"tr\"},{\"@type\":\"Organization\",\"@id\":\"https:\\\/\\\/kohenavocats.com\\\/tr\\\/#organization\",\"name\":\"Kohen Avocats\",\"url\":\"https:\\\/\\\/kohenavocats.com\\\/tr\\\/\",\"logo\":{\"@type\":\"ImageObject\",\"inLanguage\":\"tr\",\"@id\":\"https:\\\/\\\/kohenavocats.com\\\/tr\\\/#\\\/schema\\\/logo\\\/image\\\/\",\"url\":\"https:\\\/\\\/kohenavocats.com\\\/wp-content\\\/uploads\\\/2026\\\/01\\\/Logo-2-1.webp\",\"contentUrl\":\"https:\\\/\\\/kohenavocats.com\\\/wp-content\\\/uploads\\\/2026\\\/01\\\/Logo-2-1.webp\",\"width\":2114,\"height\":1253,\"caption\":\"Kohen Avocats\"},\"image\":{\"@id\":\"https:\\\/\\\/kohenavocats.com\\\/tr\\\/#\\\/schema\\\/logo\\\/image\\\/\"}},{\"@type\":\"Person\",\"@id\":\"https:\\\/\\\/kohenavocats.com\\\/tr\\\/#\\\/schema\\\/person\\\/761c9ba54fa1ca84d405cef0831ff751\",\"name\":\"Kohen\",\"image\":{\"@type\":\"ImageObject\",\"inLanguage\":\"tr\",\"@id\":\"https:\\\/\\\/secure.gravatar.com\\\/avatar\\\/1c5e76ef76bbbfdd2b4da984e2bf2fa4056fd51a27d25ce2c332047f1dfd6e00?s=96&d=identicon&r=g\",\"url\":\"https:\\\/\\\/secure.gravatar.com\\\/avatar\\\/1c5e76ef76bbbfdd2b4da984e2bf2fa4056fd51a27d25ce2c332047f1dfd6e00?s=96&d=identicon&r=g\",\"contentUrl\":\"https:\\\/\\\/secure.gravatar.com\\\/avatar\\\/1c5e76ef76bbbfdd2b4da984e2bf2fa4056fd51a27d25ce2c332047f1dfd6e00?s=96&d=identicon&r=g\",\"caption\":\"Kohen\"},\"sameAs\":[\"https:\\\/\\\/www.linkedin.com\\\/in\\\/hassan-kohen-448548192\\\/\",\"https:\\\/\\\/www.youtube.com\\\/@Kohen-Avocats\"],\"url\":\"https:\\\/\\\/kohenavocats.com\\\/tr\\\/author\\\/kohenmlk\\\/\"}]}<\/script>\n<!-- \/ Yoast SEO Premium plugin. -->","yoast_head_json":{"title":"Conseil d'\u00c9tat, le 19 mars 2026, n\u00b0496781 - Ma\u00eetre Hassan Kohen, avocat en droit p\u00e9nal \u00e0 Paris","description":"Le Conseil d\u2019\u00c9tat, dans un arr\u00eat du 19 mars 2026, a censur\u00e9 l\u2019arr\u00eat de la cour administrative d\u2019appel de Versailles du 6 juin 2024. Une soci\u00e9t\u00e9 p\u00e9titionnaire...","robots":{"index":"index","follow":"follow","max-snippet":"max-snippet:-1","max-image-preview":"max-image-preview:large","max-video-preview":"max-video-preview:-1"},"canonical":"https:\/\/kohenavocats.com\/tr\/conseil-detat-le-19-mars-2026-n496781\/","og_locale":"tr_TR","og_type":"article","og_title":"Conseil d'\u00c9tat, le 19 mars 2026, n\u00b0496781","og_description":"Le Conseil d\u2019\u00c9tat, dans un arr\u00eat du 19 mars 2026, a censur\u00e9 l\u2019arr\u00eat de la cour administrative d\u2019appel de Versailles du 6 juin 2024. Une soci\u00e9t\u00e9 p\u00e9titionnaire...","og_url":"https:\/\/kohenavocats.com\/tr\/conseil-detat-le-19-mars-2026-n496781\/","og_site_name":"Ma\u00eetre Hassan Kohen, avocat en droit p\u00e9nal \u00e0 Paris","article_published_time":"2026-04-27T16:31:27+00:00","og_image":[{"width":7086,"height":4724,"url":"https:\/\/kohenavocats.com\/wp-content\/uploads\/2024\/11\/laura-adai-AUtGEImMB-8-unsplash.webp","type":"image\/webp"}],"author":"Kohen","twitter_card":"summary_large_image","twitter_misc":{"Yazan:":"Kohen","Tahmini okuma s\u00fcresi":"4 dakika"},"schema":{"@context":"https:\/\/schema.org","@graph":[{"@type":"Article","@id":"https:\/\/kohenavocats.com\/tr\/conseil-detat-le-19-mars-2026-n496781\/#article","isPartOf":{"@id":"https:\/\/kohenavocats.com\/tr\/conseil-detat-le-19-mars-2026-n496781\/"},"author":{"name":"Kohen","@id":"https:\/\/kohenavocats.com\/tr\/#\/schema\/person\/761c9ba54fa1ca84d405cef0831ff751"},"headline":"Conseil d&#8217;\u00c9tat, le 19 mars 2026, n\u00b0496781","datePublished":"2026-04-27T16:31:27+00:00","mainEntityOfPage":{"@id":"https:\/\/kohenavocats.com\/tr\/conseil-detat-le-19-mars-2026-n496781\/"},"wordCount":756,"commentCount":0,"publisher":{"@id":"https:\/\/kohenavocats.com\/tr\/#organization"},"image":{"@id":"https:\/\/kohenavocats.com\/tr\/conseil-detat-le-19-mars-2026-n496781\/#primaryimage"},"thumbnailUrl":"https:\/\/kohenavocats.com\/wp-content\/uploads\/2024\/11\/laura-adai-AUtGEImMB-8-unsplash.webp","articleSection":["Jurisprudence"],"inLanguage":"tr","potentialAction":[{"@type":"CommentAction","name":"Comment","target":["https:\/\/kohenavocats.com\/tr\/conseil-detat-le-19-mars-2026-n496781\/#respond"]}],"citation":"Conseil d&#8217;\u00c9tat, le 19 mars 2026, n\u00b0496781","about":[{"@type":"Thing","name":"Jurisprudence"}],"dateModified":"2026-04-27T16:31:27+00:00","speakable":{"@type":"SpeakableSpecification","cssSelector":[".article-content > p:first-of-type"]}},{"@type":"WebPage","@id":"https:\/\/kohenavocats.com\/tr\/conseil-detat-le-19-mars-2026-n496781\/","url":"https:\/\/kohenavocats.com\/tr\/conseil-detat-le-19-mars-2026-n496781\/","name":"Conseil d'\u00c9tat, le 19 mars 2026, n\u00b0496781 - Ma\u00eetre Hassan Kohen, avocat en droit p\u00e9nal \u00e0 Paris","isPartOf":{"@id":"https:\/\/kohenavocats.com\/tr\/#website"},"primaryImageOfPage":{"@id":"https:\/\/kohenavocats.com\/tr\/conseil-detat-le-19-mars-2026-n496781\/#primaryimage"},"image":{"@id":"https:\/\/kohenavocats.com\/tr\/conseil-detat-le-19-mars-2026-n496781\/#primaryimage"},"thumbnailUrl":"https:\/\/kohenavocats.com\/wp-content\/uploads\/2024\/11\/laura-adai-AUtGEImMB-8-unsplash.webp","datePublished":"2026-04-27T16:31:27+00:00","description":"Le Conseil d\u2019\u00c9tat, dans un arr\u00eat du 19 mars 2026, a censur\u00e9 l\u2019arr\u00eat de la cour administrative d\u2019appel de Versailles du 6 juin 2024. Une soci\u00e9t\u00e9 p\u00e9titionnaire...","breadcrumb":{"@id":"https:\/\/kohenavocats.com\/tr\/conseil-detat-le-19-mars-2026-n496781\/#breadcrumb"},"inLanguage":"tr","potentialAction":[{"@type":"ReadAction","target":["https:\/\/kohenavocats.com\/tr\/conseil-detat-le-19-mars-2026-n496781\/"]}]},{"@type":"ImageObject","inLanguage":"tr","@id":"https:\/\/kohenavocats.com\/tr\/conseil-detat-le-19-mars-2026-n496781\/#primaryimage","url":"https:\/\/kohenavocats.com\/wp-content\/uploads\/2024\/11\/laura-adai-AUtGEImMB-8-unsplash.webp","contentUrl":"https:\/\/kohenavocats.com\/wp-content\/uploads\/2024\/11\/laura-adai-AUtGEImMB-8-unsplash.webp","width":7086,"height":4724},{"@type":"BreadcrumbList","@id":"https:\/\/kohenavocats.com\/tr\/conseil-detat-le-19-mars-2026-n496781\/#breadcrumb","itemListElement":[{"@type":"ListItem","position":1,"name":"Home","item":"https:\/\/kohenavocats.com\/tr\/avocats-en-droit-penal-a-paris-conseil-et-defense-strategique\/"},{"@type":"ListItem","position":2,"name":"Conseil d&rsquo;\u00c9tat, le 19 mars 2026, n\u00b0496781"}]},{"@type":"WebSite","@id":"https:\/\/kohenavocats.com\/tr\/#website","url":"https:\/\/kohenavocats.com\/tr\/","name":"Kohen Avocats","description":"Ma\u00eetre Hassan Kohen, avocat p\u00e9naliste \u00e0 Paris, intervient exclusivement en droit p\u00e9nal pour la d\u00e9fense des particuliers, notamment en mati\u00e8re d\u2019accusations de viol. Il assure un accompagnement rigoureux d\u00e8s la garde \u00e0 vue jusqu\u2019\u00e0 la Cour d\u2019assises, veillant au strict respect des garanties proc\u00e9durales.","publisher":{"@id":"https:\/\/kohenavocats.com\/tr\/#organization"},"potentialAction":[{"@type":"SearchAction","target":{"@type":"EntryPoint","urlTemplate":"https:\/\/kohenavocats.com\/tr\/?s={search_term_string}"},"query-input":{"@type":"PropertyValueSpecification","valueRequired":true,"valueName":"search_term_string"}}],"inLanguage":"tr"},{"@type":"Organization","@id":"https:\/\/kohenavocats.com\/tr\/#organization","name":"Kohen Avocats","url":"https:\/\/kohenavocats.com\/tr\/","logo":{"@type":"ImageObject","inLanguage":"tr","@id":"https:\/\/kohenavocats.com\/tr\/#\/schema\/logo\/image\/","url":"https:\/\/kohenavocats.com\/wp-content\/uploads\/2026\/01\/Logo-2-1.webp","contentUrl":"https:\/\/kohenavocats.com\/wp-content\/uploads\/2026\/01\/Logo-2-1.webp","width":2114,"height":1253,"caption":"Kohen Avocats"},"image":{"@id":"https:\/\/kohenavocats.com\/tr\/#\/schema\/logo\/image\/"}},{"@type":"Person","@id":"https:\/\/kohenavocats.com\/tr\/#\/schema\/person\/761c9ba54fa1ca84d405cef0831ff751","name":"Kohen","image":{"@type":"ImageObject","inLanguage":"tr","@id":"https:\/\/secure.gravatar.com\/avatar\/1c5e76ef76bbbfdd2b4da984e2bf2fa4056fd51a27d25ce2c332047f1dfd6e00?s=96&d=identicon&r=g","url":"https:\/\/secure.gravatar.com\/avatar\/1c5e76ef76bbbfdd2b4da984e2bf2fa4056fd51a27d25ce2c332047f1dfd6e00?s=96&d=identicon&r=g","contentUrl":"https:\/\/secure.gravatar.com\/avatar\/1c5e76ef76bbbfdd2b4da984e2bf2fa4056fd51a27d25ce2c332047f1dfd6e00?s=96&d=identicon&r=g","caption":"Kohen"},"sameAs":["https:\/\/www.linkedin.com\/in\/hassan-kohen-448548192\/","https:\/\/www.youtube.com\/@Kohen-Avocats"],"url":"https:\/\/kohenavocats.com\/tr\/author\/kohenmlk\/"}]}},"jetpack_featured_media_url":"https:\/\/kohenavocats.com\/wp-content\/uploads\/2024\/11\/laura-adai-AUtGEImMB-8-unsplash.webp","jetpack_likes_enabled":false,"jetpack_shortlink":"https:\/\/wp.me\/peCrII-2XSL","jetpack-related-posts":[{"id":463157,"url":"https:\/\/kohenavocats.com\/tr\/ce-conseil-detat-19-09-2025-n-476185\/","url_meta":{"origin":706847,"position":0},"title":"CE \u2013 Conseil d&#8217;\u00c9tat \u2013 19\/09\/2025 \u2013 n\u00b0 476185","author":"Kohen","date":"7 Nisan 2026","format":false,"excerpt":"Par une d\u00e9cision du 19 septembre 2025, le Conseil d\u2019\u00c9tat pr\u00e9cise les modalit\u00e9s d\u2019\u00e9valuation environnementale lors de l\u2019extension d\u2019une surface de vente...","rel":"","context":"&quot;Juridictions administratives&quot; i\u00e7inde","block_context":{"text":"Juridictions administratives","link":"https:\/\/kohenavocats.com\/category\/juridictions-administratives\/"},"img":{"alt_text":"","src":"https:\/\/i0.wp.com\/kohenavocats.com\/wp-content\/uploads\/2024\/11\/resource-database-lRwnx8gdAW0-unsplash.webp?resize=350%2C200&ssl=1","width":350,"height":200,"srcset":"https:\/\/i0.wp.com\/kohenavocats.com\/wp-content\/uploads\/2024\/11\/resource-database-lRwnx8gdAW0-unsplash.webp?resize=350%2C200&ssl=1 1x, https:\/\/i0.wp.com\/kohenavocats.com\/wp-content\/uploads\/2024\/11\/resource-database-lRwnx8gdAW0-unsplash.webp?resize=525%2C300&ssl=1 1.5x, https:\/\/i0.wp.com\/kohenavocats.com\/wp-content\/uploads\/2024\/11\/resource-database-lRwnx8gdAW0-unsplash.webp?resize=700%2C400&ssl=1 2x, https:\/\/i0.wp.com\/kohenavocats.com\/wp-content\/uploads\/2024\/11\/resource-database-lRwnx8gdAW0-unsplash.webp?resize=1050%2C600&ssl=1 3x, https:\/\/i0.wp.com\/kohenavocats.com\/wp-content\/uploads\/2024\/11\/resource-database-lRwnx8gdAW0-unsplash.webp?resize=1400%2C800&ssl=1 4x"},"classes":[]},{"id":475158,"url":"https:\/\/kohenavocats.com\/tr\/caa-caa-de-lyon-09-05-2025-n-23ly01989\/","url_meta":{"origin":706847,"position":1},"title":"CAA \u2013 CAA de LYON \u2013 09\/05\/2025 \u2013 n\u00b0 23LY01989","author":"Kohen","date":"7 Nisan 2026","format":false,"excerpt":"Par un arr\u00eat en date du 9 mai 2025, la Cour administrative d'appel a proc\u00e9d\u00e9 \u00e0 l'annulation d'une d\u00e9cision par laquelle la Commission nationale...","rel":"","context":"&quot;Juridictions administratives&quot; i\u00e7inde","block_context":{"text":"Juridictions administratives","link":"https:\/\/kohenavocats.com\/category\/juridictions-administratives\/"},"img":{"alt_text":"","src":"https:\/\/i0.wp.com\/kohenavocats.com\/wp-content\/uploads\/2024\/08\/fabian-schneidereit-pahbeN4wc_M-unsplash.webp?resize=350%2C200&ssl=1","width":350,"height":200,"srcset":"https:\/\/i0.wp.com\/kohenavocats.com\/wp-content\/uploads\/2024\/08\/fabian-schneidereit-pahbeN4wc_M-unsplash.webp?resize=350%2C200&ssl=1 1x, https:\/\/i0.wp.com\/kohenavocats.com\/wp-content\/uploads\/2024\/08\/fabian-schneidereit-pahbeN4wc_M-unsplash.webp?resize=525%2C300&ssl=1 1.5x, https:\/\/i0.wp.com\/kohenavocats.com\/wp-content\/uploads\/2024\/08\/fabian-schneidereit-pahbeN4wc_M-unsplash.webp?resize=700%2C400&ssl=1 2x, https:\/\/i0.wp.com\/kohenavocats.com\/wp-content\/uploads\/2024\/08\/fabian-schneidereit-pahbeN4wc_M-unsplash.webp?resize=1050%2C600&ssl=1 3x, https:\/\/i0.wp.com\/kohenavocats.com\/wp-content\/uploads\/2024\/08\/fabian-schneidereit-pahbeN4wc_M-unsplash.webp?resize=1400%2C800&ssl=1 4x"},"classes":[]},{"id":467465,"url":"https:\/\/kohenavocats.com\/tr\/ce-conseil-detat-19-09-2025-n-470356\/","url_meta":{"origin":706847,"position":2},"title":"CE \u2013 Conseil d&#8217;\u00c9tat \u2013 19\/09\/2025 \u2013 n\u00b0 470356","author":"Kohen","date":"7 Nisan 2026","format":false,"excerpt":"Par un arr\u00eat rendu le 19 septembre 2025, le Conseil d\u2019\u00c9tat pr\u00e9cise l\u2019\u00e9tendue du contr\u00f4le exerc\u00e9 par la Commission nationale d\u2019am\u00e9nagement commercial sur...","rel":"","context":"&quot;Juridictions administratives&quot; i\u00e7inde","block_context":{"text":"Juridictions administratives","link":"https:\/\/kohenavocats.com\/category\/juridictions-administratives\/"},"img":{"alt_text":"","src":"https:\/\/i0.wp.com\/kohenavocats.com\/wp-content\/uploads\/2024\/11\/anita-austvika-lFdweM584mQ-unsplash.webp?resize=350%2C200&ssl=1","width":350,"height":200,"srcset":"https:\/\/i0.wp.com\/kohenavocats.com\/wp-content\/uploads\/2024\/11\/anita-austvika-lFdweM584mQ-unsplash.webp?resize=350%2C200&ssl=1 1x, https:\/\/i0.wp.com\/kohenavocats.com\/wp-content\/uploads\/2024\/11\/anita-austvika-lFdweM584mQ-unsplash.webp?resize=525%2C300&ssl=1 1.5x, https:\/\/i0.wp.com\/kohenavocats.com\/wp-content\/uploads\/2024\/11\/anita-austvika-lFdweM584mQ-unsplash.webp?resize=700%2C400&ssl=1 2x, https:\/\/i0.wp.com\/kohenavocats.com\/wp-content\/uploads\/2024\/11\/anita-austvika-lFdweM584mQ-unsplash.webp?resize=1050%2C600&ssl=1 3x, https:\/\/i0.wp.com\/kohenavocats.com\/wp-content\/uploads\/2024\/11\/anita-austvika-lFdweM584mQ-unsplash.webp?resize=1400%2C800&ssl=1 4x"},"classes":[]},{"id":457600,"url":"https:\/\/kohenavocats.com\/tr\/caa-caa-de-bordeaux-08-01-2026-n-23bx01814\/","url_meta":{"origin":706847,"position":3},"title":"CAA \u2013 CAA de BORDEAUX \u2013 08\/01\/2026 \u2013 n\u00b0 23BX01814","author":"Kohen","date":"7 Nisan 2026","format":false,"excerpt":"La Cour administrative d'appel de Bordeaux, par une d\u00e9cision rendue le 8 janvier 2026, s'est prononc\u00e9e sur la validit\u00e9 d'une autorisation d'exploitation...","rel":"","context":"&quot;Juridictions administratives&quot; i\u00e7inde","block_context":{"text":"Juridictions administratives","link":"https:\/\/kohenavocats.com\/category\/juridictions-administratives\/"},"img":{"alt_text":"","src":"https:\/\/i0.wp.com\/kohenavocats.com\/wp-content\/uploads\/2024\/11\/mourad-saadi-LWhFQL0hL7o-unsplash-1.webp?resize=350%2C200&ssl=1","width":350,"height":200,"srcset":"https:\/\/i0.wp.com\/kohenavocats.com\/wp-content\/uploads\/2024\/11\/mourad-saadi-LWhFQL0hL7o-unsplash-1.webp?resize=350%2C200&ssl=1 1x, https:\/\/i0.wp.com\/kohenavocats.com\/wp-content\/uploads\/2024\/11\/mourad-saadi-LWhFQL0hL7o-unsplash-1.webp?resize=525%2C300&ssl=1 1.5x, https:\/\/i0.wp.com\/kohenavocats.com\/wp-content\/uploads\/2024\/11\/mourad-saadi-LWhFQL0hL7o-unsplash-1.webp?resize=700%2C400&ssl=1 2x, https:\/\/i0.wp.com\/kohenavocats.com\/wp-content\/uploads\/2024\/11\/mourad-saadi-LWhFQL0hL7o-unsplash-1.webp?resize=1050%2C600&ssl=1 3x, https:\/\/i0.wp.com\/kohenavocats.com\/wp-content\/uploads\/2024\/11\/mourad-saadi-LWhFQL0hL7o-unsplash-1.webp?resize=1400%2C800&ssl=1 4x"},"classes":[]},{"id":457595,"url":"https:\/\/kohenavocats.com\/tr\/ce-conseil-detat-31-12-2025-n-493352\/","url_meta":{"origin":706847,"position":4},"title":"CE \u2013 Conseil d&#8217;\u00c9tat \u2013 31\/12\/2025 \u2013 n\u00b0 493352","author":"Kohen","date":"7 Nisan 2026","format":false,"excerpt":"Le Conseil d\u2019\u00c9tat a rendu une d\u00e9cision le 31 d\u00e9cembre 2025 concernant le contentieux de l\u2019am\u00e9nagement commercial et les pouvoirs d\u2019injonction du juge...","rel":"","context":"&quot;Juridictions administratives&quot; i\u00e7inde","block_context":{"text":"Juridictions administratives","link":"https:\/\/kohenavocats.com\/category\/juridictions-administratives\/"},"img":{"alt_text":"","src":"https:\/\/i0.wp.com\/kohenavocats.com\/wp-content\/uploads\/2024\/07\/andreas-MKGu9ihH46k-unsplash-1.webp?resize=350%2C200&ssl=1","width":350,"height":200,"srcset":"https:\/\/i0.wp.com\/kohenavocats.com\/wp-content\/uploads\/2024\/07\/andreas-MKGu9ihH46k-unsplash-1.webp?resize=350%2C200&ssl=1 1x, https:\/\/i0.wp.com\/kohenavocats.com\/wp-content\/uploads\/2024\/07\/andreas-MKGu9ihH46k-unsplash-1.webp?resize=525%2C300&ssl=1 1.5x, https:\/\/i0.wp.com\/kohenavocats.com\/wp-content\/uploads\/2024\/07\/andreas-MKGu9ihH46k-unsplash-1.webp?resize=700%2C400&ssl=1 2x, https:\/\/i0.wp.com\/kohenavocats.com\/wp-content\/uploads\/2024\/07\/andreas-MKGu9ihH46k-unsplash-1.webp?resize=1050%2C600&ssl=1 3x, https:\/\/i0.wp.com\/kohenavocats.com\/wp-content\/uploads\/2024\/07\/andreas-MKGu9ihH46k-unsplash-1.webp?resize=1400%2C800&ssl=1 4x"},"classes":[]},{"id":458221,"url":"https:\/\/kohenavocats.com\/tr\/caa-caa-de-bordeaux-18-12-2025-n-23bx02497\/","url_meta":{"origin":706847,"position":5},"title":"CAA \u2013 CAA de BORDEAUX \u2013 18\/12\/2025 \u2013 n\u00b0 23BX02497","author":"Kohen","date":"7 Nisan 2026","format":false,"excerpt":"La Cour administrative d'appel de Bordeaux a rendu, le 18 d\u00e9cembre 2025, une d\u00e9cision pr\u00e9cisant la port\u00e9e de l'autorit\u00e9 de la chose jug\u00e9e en mati\u00e8re...","rel":"","context":"&quot;Juridictions administratives&quot; i\u00e7inde","block_context":{"text":"Juridictions administratives","link":"https:\/\/kohenavocats.com\/category\/juridictions-administratives\/"},"img":{"alt_text":"","src":"https:\/\/i0.wp.com\/kohenavocats.com\/wp-content\/uploads\/2024\/08\/alexey-larionov-D2hRgjgmB8Y-unsplash.webp?resize=350%2C200&ssl=1","width":350,"height":200,"srcset":"https:\/\/i0.wp.com\/kohenavocats.com\/wp-content\/uploads\/2024\/08\/alexey-larionov-D2hRgjgmB8Y-unsplash.webp?resize=350%2C200&ssl=1 1x, https:\/\/i0.wp.com\/kohenavocats.com\/wp-content\/uploads\/2024\/08\/alexey-larionov-D2hRgjgmB8Y-unsplash.webp?resize=525%2C300&ssl=1 1.5x, https:\/\/i0.wp.com\/kohenavocats.com\/wp-content\/uploads\/2024\/08\/alexey-larionov-D2hRgjgmB8Y-unsplash.webp?resize=700%2C400&ssl=1 2x, https:\/\/i0.wp.com\/kohenavocats.com\/wp-content\/uploads\/2024\/08\/alexey-larionov-D2hRgjgmB8Y-unsplash.webp?resize=1050%2C600&ssl=1 3x, https:\/\/i0.wp.com\/kohenavocats.com\/wp-content\/uploads\/2024\/08\/alexey-larionov-D2hRgjgmB8Y-unsplash.webp?resize=1400%2C800&ssl=1 4x"},"classes":[]}],"jetpack_sharing_enabled":true,"_links":{"self":[{"href":"https:\/\/kohenavocats.com\/tr\/wp-json\/wp\/v2\/posts\/706847","targetHints":{"allow":["GET"]}}],"collection":[{"href":"https:\/\/kohenavocats.com\/tr\/wp-json\/wp\/v2\/posts"}],"about":[{"href":"https:\/\/kohenavocats.com\/tr\/wp-json\/wp\/v2\/types\/post"}],"author":[{"embeddable":true,"href":"https:\/\/kohenavocats.com\/tr\/wp-json\/wp\/v2\/users\/232070755"}],"replies":[{"embeddable":true,"href":"https:\/\/kohenavocats.com\/tr\/wp-json\/wp\/v2\/comments?post=706847"}],"version-history":[{"count":0,"href":"https:\/\/kohenavocats.com\/tr\/wp-json\/wp\/v2\/posts\/706847\/revisions"}],"wp:featuredmedia":[{"embeddable":true,"href":"https:\/\/kohenavocats.com\/tr\/wp-json\/wp\/v2\/media\/9584"}],"wp:attachment":[{"href":"https:\/\/kohenavocats.com\/tr\/wp-json\/wp\/v2\/media?parent=706847"}],"wp:term":[{"taxonomy":"category","embeddable":true,"href":"https:\/\/kohenavocats.com\/tr\/wp-json\/wp\/v2\/categories?post=706847"},{"taxonomy":"post_tag","embeddable":true,"href":"https:\/\/kohenavocats.com\/tr\/wp-json\/wp\/v2\/tags?post=706847"}],"curies":[{"name":"wp","href":"https:\/\/api.w.org\/{rel}","templated":true}]}}