{"id":629922,"date":"2026-04-21T02:01:50","date_gmt":"2026-04-21T00:01:50","guid":{"rendered":"https:\/\/kohenavocats.com\/tribunal-judiciaire-de-paris-le-15-octobre-2025-n25-01838\/"},"modified":"2026-04-21T02:01:50","modified_gmt":"2026-04-21T00:01:50","slug":"tribunal-judiciaire-de-paris-le-15-octobre-2025-n25-01838","status":"publish","type":"post","link":"https:\/\/kohenavocats.com\/zh-hans\/tribunal-judiciaire-de-paris-le-15-octobre-2025-n25-01838\/","title":{"rendered":"Tribunal judiciaire de Paris, le 15 octobre 2025, n\u00b025\/01838"},"content":{"rendered":"<div class=\"article-content\">\n<p>Le Tribunal judiciaire de Paris, statuant en r\u00e9f\u00e9r\u00e9 le 15 octobre 2025, a \u00e9t\u00e9 saisi par une artiste suite \u00e0 la publication d\u2019un article de presse illustr\u00e9 de photographies la montrant avec sa fille. Le juge a rejet\u00e9 une demande de jonction d\u2019instances et a condamn\u00e9 l\u2019\u00e9diteur pour atteinte \u00e0 la vie priv\u00e9e et au droit \u00e0 l\u2019image. Il a accord\u00e9 une provision sur dommages-int\u00e9r\u00eats mais a refus\u00e9 l\u2019insertion d\u2019un communiqu\u00e9 judiciaire.<\/p>\n<p>La caract\u00e9risation d\u2019une atteinte illicite aux droits de la personnalit\u00e9<\/p>\n<p>Le juge a d\u2019abord rappel\u00e9 le principe fondamental du consentement pr\u00e9alable pour toute fixation ou diffusion de l\u2019image d\u2019une personne. &#8220;Il est ainsi de principe que le droit au respect de la vie priv\u00e9e, consacr\u00e9 par l&#8217;article 9 du code civil, autorise toute personne \u00e0 s&#8217;opposer \u00e0 la diffusion, sans son autorisation, d&#8217;informations, vraies ou fausses, entrant dans la sph\u00e8re de sa vie priv\u00e9e, et \u00e0 s&#8217;opposer \u00e0 la fixation de son image ou \u00e0 sa reproduction sans son autorisation pr\u00e9alable.&#8221; (I. Sur les atteintes \u00e0 la vie priv\u00e9e et au droit \u00e0 l&#8217;image) Il a ensuite proc\u00e9d\u00e9 \u00e0 la mise en balance de ce droit avec la libert\u00e9 d\u2019expression, en appliquant les crit\u00e8res de proportionnalit\u00e9 \u00e9tablis par la jurisprudence.<\/p>\n<p>L\u2019analyse des faits a conduit \u00e0 \u00e9carter les justifications avanc\u00e9es par l\u2019\u00e9diteur. La notori\u00e9t\u00e9 de la plaignante et sa communication personnelle sur certains aspects de sa vie ne constituent pas des faits justificatifs g\u00e9n\u00e9raux. Surtout, les photographies, prises au t\u00e9l\u00e9objectif, captaient des moments familiaux ordinaires et intimes. &#8220;la pr\u00e9sence renforce encore l\u2019intimit\u00e9 du moment &#8211; ce dont t\u00e9moigne l\u2019utilisation manifeste d\u2019un t\u00e9l\u00e9objectif pour la captation de ces images vol\u00e9es&#8221; (a. Sur la caract\u00e9risation des atteintes) Le juge a estim\u00e9 que cette publication ne contribuait \u00e0 aucun d\u00e9bat d\u2019int\u00e9r\u00eat g\u00e9n\u00e9ral mais visait seulement \u00e0 satisfaire la curiosit\u00e9 du public.<\/p>\n<p>La port\u00e9e de cette analyse est significative. Elle r\u00e9affirme que le caract\u00e8re public d\u2019un lieu n\u2019autorise pas toute captation d\u2019image, surtout avec des moyens intrusifs. Elle pr\u00e9cise \u00e9galement que la communication volontaire d\u2019une personne sur sa vie priv\u00e9e ne vaut pas consentement tacite \u00e0 toute immixtion, particuli\u00e8rement lorsque celle-ci concerne des proches qui ont cultiv\u00e9 leur discr\u00e9tion. Cette d\u00e9cision op\u00e8re ainsi une distinction nette entre l\u2019exposition consentie et l\u2019intrusion illicite.<\/p>\n<p>La r\u00e9paration proportionn\u00e9e du pr\u00e9judice subi<\/p>\n<p>Pour d\u00e9terminer la provision, le juge a exerc\u00e9 son pouvoir d\u2019appr\u00e9ciation souveraine en consid\u00e9ration de divers \u00e9l\u00e9ments aggravants. Il a notamment relev\u00e9 l\u2019ampleur de l\u2019exposition due \u00e0 la une tapageuse et \u00e0 la large diffusion du magazine. &#8220;l\u2019\u00e9tendue de la divulgation et l\u2019importance du lectorat d&#8217;un magazine sont de nature \u00e0 accro\u00eetre le pr\u00e9judice&#8221; (b. Sur le pr\u00e9judice et les mesures r\u00e9paratrices) Le caract\u00e8re exclusif des images, r\u00e9v\u00e9lant pour la premi\u00e8re fois l\u2019enfant de face, et les r\u00e9percussions concr\u00e8tes sur la vie de la plaignante ont \u00e9galement \u00e9t\u00e9 retenus.<\/p>\n<p>Toutefois, le juge a mod\u00e9r\u00e9 cette \u00e9valuation au regard de certains \u00e9l\u00e9ments. La banalit\u00e9 des sc\u00e8nes r\u00e9v\u00e9l\u00e9es et l\u2019exposition r\u00e9guli\u00e8re par l\u2019artiste elle-m\u00eame d\u2019aspects de sa vie priv\u00e9e ont \u00e9t\u00e9 prises en compte. Ces facteurs r\u00e9v\u00e8lent &#8220;une moindre aptitude de l\u2019int\u00e9ress\u00e9e \u00e0 souffrir des effets d\u2019une telle publicit\u00e9&#8221; (b. Sur le pr\u00e9judice et les mesures r\u00e9paratrices) sans pour autant priver de protection. Cette pond\u00e9ration a conduit \u00e0 allouer une provision de six mille euros, jug\u00e9e suffisante pour r\u00e9parer le pr\u00e9judice non s\u00e9rieusement contestable.<\/p>\n<p>La valeur de ce raisonnement r\u00e9side dans sa recherche d\u2019\u00e9quilibre. Le juge rappelle que l\u2019indemnisation a une fonction r\u00e9paratrice et non punitive. Le refus d\u2019ordonner la publication d\u2019un communiqu\u00e9 judiciaire en est l\u2019illustration, cette mesure \u00e9tant jug\u00e9e disproportionn\u00e9e d\u00e8s lors qu\u2019une provision p\u00e9cuniaire \u00e9tait accord\u00e9e. Cette approche garantit une r\u00e9paration effective tout en respectant le principe de proportionnalit\u00e9 face \u00e0 la libert\u00e9 de la presse.<\/p>\n<\/div>\n","protected":false},"excerpt":{"rendered":"<p>Le Tribunal judiciaire de Paris, statuant en r\u00e9f\u00e9r\u00e9 le 15 octobre 2025, a \u00e9t\u00e9 saisi par une artiste suite \u00e0 la publication d\u2019un article de presse illustr\u00e9 de&#8230;<\/p>\n","protected":false},"author":232070755,"featured_media":9676,"comment_status":"open","ping_status":"open","sticky":false,"template":"","format":"standard","meta":{"_crdt_document":"","_jetpack_newsletter_access":"","_jetpack_dont_email_post_to_subs":false,"_jetpack_newsletter_tier_id":0,"_jetpack_memberships_contains_paywalled_content":false,"_jetpack_memberships_contains_paid_content":false,"footnotes":"","jetpack_post_was_ever_published":false},"categories":[7597],"tags":[],"class_list":["post-629922","post","type-post","status-publish","format-standard","has-post-thumbnail","hentry","category-jurisprudence"],"yoast_head":"<!-- This site is optimized with the Yoast SEO Premium plugin v27.4 (Yoast SEO v27.4) - https:\/\/yoast.com\/product\/yoast-seo-premium-wordpress\/ -->\n<title>Tribunal judiciaire de Paris, le 15 octobre 2025, n\u00b025\/01838 - Ma\u00eetre Hassan Kohen, avocat en droit p\u00e9nal \u00e0 Paris<\/title>\n<meta name=\"description\" content=\"Le Tribunal judiciaire de Paris, statuant en r\u00e9f\u00e9r\u00e9 le 15 octobre 2025, a \u00e9t\u00e9 saisi par une artiste suite \u00e0 la publication d\u2019un article de presse illustr\u00e9 de...\" \/>\n<meta name=\"robots\" content=\"index, follow, max-snippet:-1, max-image-preview:large, max-video-preview:-1\" \/>\n<link rel=\"canonical\" href=\"https:\/\/kohenavocats.com\/zh-hans\/tribunal-judiciaire-de-paris-le-15-octobre-2025-n25-01838\/\" \/>\n<meta property=\"og:locale\" content=\"zh_CN\" \/>\n<meta property=\"og:type\" content=\"article\" \/>\n<meta property=\"og:title\" content=\"Tribunal judiciaire de Paris, le 15 octobre 2025, n\u00b025\/01838\" \/>\n<meta property=\"og:description\" content=\"Le Tribunal judiciaire de Paris, statuant en r\u00e9f\u00e9r\u00e9 le 15 octobre 2025, a \u00e9t\u00e9 saisi par une artiste suite \u00e0 la publication d\u2019un article de presse illustr\u00e9 de...\" \/>\n<meta property=\"og:url\" content=\"https:\/\/kohenavocats.com\/zh-hans\/tribunal-judiciaire-de-paris-le-15-octobre-2025-n25-01838\/\" \/>\n<meta property=\"og:site_name\" content=\"Ma\u00eetre Hassan Kohen, avocat en droit p\u00e9nal \u00e0 Paris\" \/>\n<meta property=\"article:published_time\" content=\"2026-04-21T00:01:50+00:00\" \/>\n<meta property=\"og:image\" content=\"https:\/\/kohenavocats.com\/wp-content\/uploads\/2024\/11\/kristijan-arsov-A2a12i_diJs-unsplash.webp\" \/>\n\t<meta property=\"og:image:width\" content=\"4968\" \/>\n\t<meta property=\"og:image:height\" content=\"3332\" \/>\n\t<meta property=\"og:image:type\" content=\"image\/webp\" \/>\n<meta name=\"author\" content=\"Kohen\" \/>\n<meta name=\"twitter:card\" content=\"summary_large_image\" \/>\n<meta name=\"twitter:label1\" content=\"\u4f5c\u8005\" \/>\n\t<meta name=\"twitter:data1\" content=\"Kohen\" \/>\n\t<meta name=\"twitter:label2\" content=\"\u9884\u8ba1\u9605\u8bfb\u65f6\u95f4\" \/>\n\t<meta name=\"twitter:data2\" content=\"4 \u5206\" \/>\n<script type=\"application\/ld+json\" class=\"yoast-schema-graph\">{\"@context\":\"https:\\\/\\\/schema.org\",\"@graph\":[{\"@type\":\"Article\",\"@id\":\"https:\\\/\\\/kohenavocats.com\\\/zh-hans\\\/tribunal-judiciaire-de-paris-le-15-octobre-2025-n25-01838\\\/#article\",\"isPartOf\":{\"@id\":\"https:\\\/\\\/kohenavocats.com\\\/zh-hans\\\/tribunal-judiciaire-de-paris-le-15-octobre-2025-n25-01838\\\/\"},\"author\":{\"name\":\"Kohen\",\"@id\":\"https:\\\/\\\/kohenavocats.com\\\/zh-hans\\\/#\\\/schema\\\/person\\\/761c9ba54fa1ca84d405cef0831ff751\"},\"headline\":\"Tribunal judiciaire de Paris, le 15 octobre 2025, n\u00b025\\\/01838\",\"datePublished\":\"2026-04-21T00:01:50+00:00\",\"mainEntityOfPage\":{\"@id\":\"https:\\\/\\\/kohenavocats.com\\\/zh-hans\\\/tribunal-judiciaire-de-paris-le-15-octobre-2025-n25-01838\\\/\"},\"wordCount\":728,\"commentCount\":0,\"publisher\":{\"@id\":\"https:\\\/\\\/kohenavocats.com\\\/zh-hans\\\/#organization\"},\"image\":{\"@id\":\"https:\\\/\\\/kohenavocats.com\\\/zh-hans\\\/tribunal-judiciaire-de-paris-le-15-octobre-2025-n25-01838\\\/#primaryimage\"},\"thumbnailUrl\":\"https:\\\/\\\/kohenavocats.com\\\/wp-content\\\/uploads\\\/2024\\\/11\\\/kristijan-arsov-A2a12i_diJs-unsplash.webp\",\"articleSection\":[\"Jurisprudence\"],\"inLanguage\":\"zh-Hans\",\"potentialAction\":[{\"@type\":\"CommentAction\",\"name\":\"Comment\",\"target\":[\"https:\\\/\\\/kohenavocats.com\\\/zh-hans\\\/tribunal-judiciaire-de-paris-le-15-octobre-2025-n25-01838\\\/#respond\"]}],\"citation\":\"Tribunal judiciaire de Paris, le 15 octobre 2025, n\u00b025\\\/01838\",\"about\":[{\"@type\":\"Thing\",\"name\":\"Jurisprudence\"}],\"dateModified\":\"2026-04-21T00:01:50+00:00\",\"speakable\":{\"@type\":\"SpeakableSpecification\",\"cssSelector\":[\".article-content > p:first-of-type\"]}},{\"@type\":\"WebPage\",\"@id\":\"https:\\\/\\\/kohenavocats.com\\\/zh-hans\\\/tribunal-judiciaire-de-paris-le-15-octobre-2025-n25-01838\\\/\",\"url\":\"https:\\\/\\\/kohenavocats.com\\\/zh-hans\\\/tribunal-judiciaire-de-paris-le-15-octobre-2025-n25-01838\\\/\",\"name\":\"Tribunal judiciaire de Paris, le 15 octobre 2025, n\u00b025\\\/01838 - Ma\u00eetre Hassan Kohen, avocat en droit p\u00e9nal \u00e0 Paris\",\"isPartOf\":{\"@id\":\"https:\\\/\\\/kohenavocats.com\\\/zh-hans\\\/#website\"},\"primaryImageOfPage\":{\"@id\":\"https:\\\/\\\/kohenavocats.com\\\/zh-hans\\\/tribunal-judiciaire-de-paris-le-15-octobre-2025-n25-01838\\\/#primaryimage\"},\"image\":{\"@id\":\"https:\\\/\\\/kohenavocats.com\\\/zh-hans\\\/tribunal-judiciaire-de-paris-le-15-octobre-2025-n25-01838\\\/#primaryimage\"},\"thumbnailUrl\":\"https:\\\/\\\/kohenavocats.com\\\/wp-content\\\/uploads\\\/2024\\\/11\\\/kristijan-arsov-A2a12i_diJs-unsplash.webp\",\"datePublished\":\"2026-04-21T00:01:50+00:00\",\"description\":\"Le Tribunal judiciaire de Paris, statuant en r\u00e9f\u00e9r\u00e9 le 15 octobre 2025, a \u00e9t\u00e9 saisi par une artiste suite \u00e0 la publication d\u2019un article de presse illustr\u00e9 de...\",\"breadcrumb\":{\"@id\":\"https:\\\/\\\/kohenavocats.com\\\/zh-hans\\\/tribunal-judiciaire-de-paris-le-15-octobre-2025-n25-01838\\\/#breadcrumb\"},\"inLanguage\":\"zh-Hans\",\"potentialAction\":[{\"@type\":\"ReadAction\",\"target\":[\"https:\\\/\\\/kohenavocats.com\\\/zh-hans\\\/tribunal-judiciaire-de-paris-le-15-octobre-2025-n25-01838\\\/\"]}]},{\"@type\":\"ImageObject\",\"inLanguage\":\"zh-Hans\",\"@id\":\"https:\\\/\\\/kohenavocats.com\\\/zh-hans\\\/tribunal-judiciaire-de-paris-le-15-octobre-2025-n25-01838\\\/#primaryimage\",\"url\":\"https:\\\/\\\/kohenavocats.com\\\/wp-content\\\/uploads\\\/2024\\\/11\\\/kristijan-arsov-A2a12i_diJs-unsplash.webp\",\"contentUrl\":\"https:\\\/\\\/kohenavocats.com\\\/wp-content\\\/uploads\\\/2024\\\/11\\\/kristijan-arsov-A2a12i_diJs-unsplash.webp\",\"width\":4968,\"height\":3332},{\"@type\":\"BreadcrumbList\",\"@id\":\"https:\\\/\\\/kohenavocats.com\\\/zh-hans\\\/tribunal-judiciaire-de-paris-le-15-octobre-2025-n25-01838\\\/#breadcrumb\",\"itemListElement\":[{\"@type\":\"ListItem\",\"position\":1,\"name\":\"Home\",\"item\":\"https:\\\/\\\/kohenavocats.com\\\/zh-hans\\\/\"},{\"@type\":\"ListItem\",\"position\":2,\"name\":\"Tribunal judiciaire de Paris, le 15 octobre 2025, n\u00b025\\\/01838\"}]},{\"@type\":\"WebSite\",\"@id\":\"https:\\\/\\\/kohenavocats.com\\\/zh-hans\\\/#website\",\"url\":\"https:\\\/\\\/kohenavocats.com\\\/zh-hans\\\/\",\"name\":\"Kohen Avocats\",\"description\":\"Ma\u00eetre Hassan Kohen, avocat p\u00e9naliste \u00e0 Paris, intervient exclusivement en droit p\u00e9nal pour la d\u00e9fense des particuliers, notamment en mati\u00e8re d\u2019accusations de viol. Il assure un accompagnement rigoureux d\u00e8s la garde \u00e0 vue jusqu\u2019\u00e0 la Cour d\u2019assises, veillant au strict respect des garanties proc\u00e9durales.\",\"publisher\":{\"@id\":\"https:\\\/\\\/kohenavocats.com\\\/zh-hans\\\/#organization\"},\"potentialAction\":[{\"@type\":\"SearchAction\",\"target\":{\"@type\":\"EntryPoint\",\"urlTemplate\":\"https:\\\/\\\/kohenavocats.com\\\/zh-hans\\\/?s={search_term_string}\"},\"query-input\":{\"@type\":\"PropertyValueSpecification\",\"valueRequired\":true,\"valueName\":\"search_term_string\"}}],\"inLanguage\":\"zh-Hans\"},{\"@type\":\"Organization\",\"@id\":\"https:\\\/\\\/kohenavocats.com\\\/zh-hans\\\/#organization\",\"name\":\"Kohen Avocats\",\"url\":\"https:\\\/\\\/kohenavocats.com\\\/zh-hans\\\/\",\"logo\":{\"@type\":\"ImageObject\",\"inLanguage\":\"zh-Hans\",\"@id\":\"https:\\\/\\\/kohenavocats.com\\\/zh-hans\\\/#\\\/schema\\\/logo\\\/image\\\/\",\"url\":\"https:\\\/\\\/kohenavocats.com\\\/wp-content\\\/uploads\\\/2026\\\/01\\\/Logo-2-1.webp\",\"contentUrl\":\"https:\\\/\\\/kohenavocats.com\\\/wp-content\\\/uploads\\\/2026\\\/01\\\/Logo-2-1.webp\",\"width\":2114,\"height\":1253,\"caption\":\"Kohen Avocats\"},\"image\":{\"@id\":\"https:\\\/\\\/kohenavocats.com\\\/zh-hans\\\/#\\\/schema\\\/logo\\\/image\\\/\"}},{\"@type\":\"Person\",\"@id\":\"https:\\\/\\\/kohenavocats.com\\\/zh-hans\\\/#\\\/schema\\\/person\\\/761c9ba54fa1ca84d405cef0831ff751\",\"name\":\"Kohen\",\"image\":{\"@type\":\"ImageObject\",\"inLanguage\":\"zh-Hans\",\"@id\":\"https:\\\/\\\/secure.gravatar.com\\\/avatar\\\/1c5e76ef76bbbfdd2b4da984e2bf2fa4056fd51a27d25ce2c332047f1dfd6e00?s=96&d=identicon&r=g\",\"url\":\"https:\\\/\\\/secure.gravatar.com\\\/avatar\\\/1c5e76ef76bbbfdd2b4da984e2bf2fa4056fd51a27d25ce2c332047f1dfd6e00?s=96&d=identicon&r=g\",\"contentUrl\":\"https:\\\/\\\/secure.gravatar.com\\\/avatar\\\/1c5e76ef76bbbfdd2b4da984e2bf2fa4056fd51a27d25ce2c332047f1dfd6e00?s=96&d=identicon&r=g\",\"caption\":\"Kohen\"},\"sameAs\":[\"https:\\\/\\\/www.linkedin.com\\\/in\\\/hassan-kohen-448548192\\\/\",\"https:\\\/\\\/www.youtube.com\\\/@Kohen-Avocats\"],\"url\":\"https:\\\/\\\/kohenavocats.com\\\/zh-hans\\\/author\\\/kohenmlk\\\/\"}]}<\/script>\n<!-- \/ Yoast SEO Premium plugin. -->","yoast_head_json":{"title":"Tribunal judiciaire de Paris, le 15 octobre 2025, n\u00b025\/01838 - Ma\u00eetre Hassan Kohen, avocat en droit p\u00e9nal \u00e0 Paris","description":"Le Tribunal judiciaire de Paris, statuant en r\u00e9f\u00e9r\u00e9 le 15 octobre 2025, a \u00e9t\u00e9 saisi par une artiste suite \u00e0 la publication d\u2019un article de presse illustr\u00e9 de...","robots":{"index":"index","follow":"follow","max-snippet":"max-snippet:-1","max-image-preview":"max-image-preview:large","max-video-preview":"max-video-preview:-1"},"canonical":"https:\/\/kohenavocats.com\/zh-hans\/tribunal-judiciaire-de-paris-le-15-octobre-2025-n25-01838\/","og_locale":"zh_CN","og_type":"article","og_title":"Tribunal judiciaire de Paris, le 15 octobre 2025, n\u00b025\/01838","og_description":"Le Tribunal judiciaire de Paris, statuant en r\u00e9f\u00e9r\u00e9 le 15 octobre 2025, a \u00e9t\u00e9 saisi par une artiste suite \u00e0 la publication d\u2019un article de presse illustr\u00e9 de...","og_url":"https:\/\/kohenavocats.com\/zh-hans\/tribunal-judiciaire-de-paris-le-15-octobre-2025-n25-01838\/","og_site_name":"Ma\u00eetre Hassan Kohen, avocat en droit p\u00e9nal \u00e0 Paris","article_published_time":"2026-04-21T00:01:50+00:00","og_image":[{"width":4968,"height":3332,"url":"https:\/\/kohenavocats.com\/wp-content\/uploads\/2024\/11\/kristijan-arsov-A2a12i_diJs-unsplash.webp","type":"image\/webp"}],"author":"Kohen","twitter_card":"summary_large_image","twitter_misc":{"\u4f5c\u8005":"Kohen","\u9884\u8ba1\u9605\u8bfb\u65f6\u95f4":"4 \u5206"},"schema":{"@context":"https:\/\/schema.org","@graph":[{"@type":"Article","@id":"https:\/\/kohenavocats.com\/zh-hans\/tribunal-judiciaire-de-paris-le-15-octobre-2025-n25-01838\/#article","isPartOf":{"@id":"https:\/\/kohenavocats.com\/zh-hans\/tribunal-judiciaire-de-paris-le-15-octobre-2025-n25-01838\/"},"author":{"name":"Kohen","@id":"https:\/\/kohenavocats.com\/zh-hans\/#\/schema\/person\/761c9ba54fa1ca84d405cef0831ff751"},"headline":"Tribunal judiciaire de Paris, le 15 octobre 2025, n\u00b025\/01838","datePublished":"2026-04-21T00:01:50+00:00","mainEntityOfPage":{"@id":"https:\/\/kohenavocats.com\/zh-hans\/tribunal-judiciaire-de-paris-le-15-octobre-2025-n25-01838\/"},"wordCount":728,"commentCount":0,"publisher":{"@id":"https:\/\/kohenavocats.com\/zh-hans\/#organization"},"image":{"@id":"https:\/\/kohenavocats.com\/zh-hans\/tribunal-judiciaire-de-paris-le-15-octobre-2025-n25-01838\/#primaryimage"},"thumbnailUrl":"https:\/\/kohenavocats.com\/wp-content\/uploads\/2024\/11\/kristijan-arsov-A2a12i_diJs-unsplash.webp","articleSection":["Jurisprudence"],"inLanguage":"zh-Hans","potentialAction":[{"@type":"CommentAction","name":"Comment","target":["https:\/\/kohenavocats.com\/zh-hans\/tribunal-judiciaire-de-paris-le-15-octobre-2025-n25-01838\/#respond"]}],"citation":"Tribunal judiciaire de Paris, le 15 octobre 2025, n\u00b025\/01838","about":[{"@type":"Thing","name":"Jurisprudence"}],"dateModified":"2026-04-21T00:01:50+00:00","speakable":{"@type":"SpeakableSpecification","cssSelector":[".article-content > p:first-of-type"]}},{"@type":"WebPage","@id":"https:\/\/kohenavocats.com\/zh-hans\/tribunal-judiciaire-de-paris-le-15-octobre-2025-n25-01838\/","url":"https:\/\/kohenavocats.com\/zh-hans\/tribunal-judiciaire-de-paris-le-15-octobre-2025-n25-01838\/","name":"Tribunal judiciaire de Paris, le 15 octobre 2025, n\u00b025\/01838 - Ma\u00eetre Hassan Kohen, avocat en droit p\u00e9nal \u00e0 Paris","isPartOf":{"@id":"https:\/\/kohenavocats.com\/zh-hans\/#website"},"primaryImageOfPage":{"@id":"https:\/\/kohenavocats.com\/zh-hans\/tribunal-judiciaire-de-paris-le-15-octobre-2025-n25-01838\/#primaryimage"},"image":{"@id":"https:\/\/kohenavocats.com\/zh-hans\/tribunal-judiciaire-de-paris-le-15-octobre-2025-n25-01838\/#primaryimage"},"thumbnailUrl":"https:\/\/kohenavocats.com\/wp-content\/uploads\/2024\/11\/kristijan-arsov-A2a12i_diJs-unsplash.webp","datePublished":"2026-04-21T00:01:50+00:00","description":"Le Tribunal judiciaire de Paris, statuant en r\u00e9f\u00e9r\u00e9 le 15 octobre 2025, a \u00e9t\u00e9 saisi par une artiste suite \u00e0 la publication d\u2019un article de presse illustr\u00e9 de...","breadcrumb":{"@id":"https:\/\/kohenavocats.com\/zh-hans\/tribunal-judiciaire-de-paris-le-15-octobre-2025-n25-01838\/#breadcrumb"},"inLanguage":"zh-Hans","potentialAction":[{"@type":"ReadAction","target":["https:\/\/kohenavocats.com\/zh-hans\/tribunal-judiciaire-de-paris-le-15-octobre-2025-n25-01838\/"]}]},{"@type":"ImageObject","inLanguage":"zh-Hans","@id":"https:\/\/kohenavocats.com\/zh-hans\/tribunal-judiciaire-de-paris-le-15-octobre-2025-n25-01838\/#primaryimage","url":"https:\/\/kohenavocats.com\/wp-content\/uploads\/2024\/11\/kristijan-arsov-A2a12i_diJs-unsplash.webp","contentUrl":"https:\/\/kohenavocats.com\/wp-content\/uploads\/2024\/11\/kristijan-arsov-A2a12i_diJs-unsplash.webp","width":4968,"height":3332},{"@type":"BreadcrumbList","@id":"https:\/\/kohenavocats.com\/zh-hans\/tribunal-judiciaire-de-paris-le-15-octobre-2025-n25-01838\/#breadcrumb","itemListElement":[{"@type":"ListItem","position":1,"name":"Home","item":"https:\/\/kohenavocats.com\/zh-hans\/"},{"@type":"ListItem","position":2,"name":"Tribunal judiciaire de Paris, le 15 octobre 2025, n\u00b025\/01838"}]},{"@type":"WebSite","@id":"https:\/\/kohenavocats.com\/zh-hans\/#website","url":"https:\/\/kohenavocats.com\/zh-hans\/","name":"Kohen Avocats","description":"Ma\u00eetre Hassan Kohen, avocat p\u00e9naliste \u00e0 Paris, intervient exclusivement en droit p\u00e9nal pour la d\u00e9fense des particuliers, notamment en mati\u00e8re d\u2019accusations de viol. Il assure un accompagnement rigoureux d\u00e8s la garde \u00e0 vue jusqu\u2019\u00e0 la Cour d\u2019assises, veillant au strict respect des garanties proc\u00e9durales.","publisher":{"@id":"https:\/\/kohenavocats.com\/zh-hans\/#organization"},"potentialAction":[{"@type":"SearchAction","target":{"@type":"EntryPoint","urlTemplate":"https:\/\/kohenavocats.com\/zh-hans\/?s={search_term_string}"},"query-input":{"@type":"PropertyValueSpecification","valueRequired":true,"valueName":"search_term_string"}}],"inLanguage":"zh-Hans"},{"@type":"Organization","@id":"https:\/\/kohenavocats.com\/zh-hans\/#organization","name":"Kohen Avocats","url":"https:\/\/kohenavocats.com\/zh-hans\/","logo":{"@type":"ImageObject","inLanguage":"zh-Hans","@id":"https:\/\/kohenavocats.com\/zh-hans\/#\/schema\/logo\/image\/","url":"https:\/\/kohenavocats.com\/wp-content\/uploads\/2026\/01\/Logo-2-1.webp","contentUrl":"https:\/\/kohenavocats.com\/wp-content\/uploads\/2026\/01\/Logo-2-1.webp","width":2114,"height":1253,"caption":"Kohen Avocats"},"image":{"@id":"https:\/\/kohenavocats.com\/zh-hans\/#\/schema\/logo\/image\/"}},{"@type":"Person","@id":"https:\/\/kohenavocats.com\/zh-hans\/#\/schema\/person\/761c9ba54fa1ca84d405cef0831ff751","name":"Kohen","image":{"@type":"ImageObject","inLanguage":"zh-Hans","@id":"https:\/\/secure.gravatar.com\/avatar\/1c5e76ef76bbbfdd2b4da984e2bf2fa4056fd51a27d25ce2c332047f1dfd6e00?s=96&d=identicon&r=g","url":"https:\/\/secure.gravatar.com\/avatar\/1c5e76ef76bbbfdd2b4da984e2bf2fa4056fd51a27d25ce2c332047f1dfd6e00?s=96&d=identicon&r=g","contentUrl":"https:\/\/secure.gravatar.com\/avatar\/1c5e76ef76bbbfdd2b4da984e2bf2fa4056fd51a27d25ce2c332047f1dfd6e00?s=96&d=identicon&r=g","caption":"Kohen"},"sameAs":["https:\/\/www.linkedin.com\/in\/hassan-kohen-448548192\/","https:\/\/www.youtube.com\/@Kohen-Avocats"],"url":"https:\/\/kohenavocats.com\/zh-hans\/author\/kohenmlk\/"}]}},"jetpack_featured_media_url":"https:\/\/kohenavocats.com\/wp-content\/uploads\/2024\/11\/kristijan-arsov-A2a12i_diJs-unsplash.webp","jetpack_likes_enabled":false,"jetpack_shortlink":"https:\/\/wp.me\/peCrII-2DS2","jetpack-related-posts":[{"id":630725,"url":"https:\/\/kohenavocats.com\/zh-hans\/tribunal-judiciaire-de-paris-le-15-octobre-2025-n25-01839\/","url_meta":{"origin":629922,"position":0},"title":"Tribunal judiciaire de Paris, le 15 octobre 2025, n\u00b025\/01839","author":"Kohen","date":"2026\u5e744\u670821\u65e5","format":false,"excerpt":"Le tribunal judiciaire de Paris, statuant en r\u00e9f\u00e9r\u2026","rel":"","context":"\u5728\u201cJurisprudence\u201d\u4e2d","block_context":{"text":"Jurisprudence","link":"https:\/\/kohenavocats.com\/category\/jurisprudence\/"},"img":{"alt_text":"","src":"https:\/\/i0.wp.com\/kohenavocats.com\/wp-content\/uploads\/2024\/08\/jonathan-velasquez-eUSpDPSFdKU-unsplash.webp?resize=350%2C200&ssl=1","width":350,"height":200,"srcset":"https:\/\/i0.wp.com\/kohenavocats.com\/wp-content\/uploads\/2024\/08\/jonathan-velasquez-eUSpDPSFdKU-unsplash.webp?resize=350%2C200&ssl=1 1x, https:\/\/i0.wp.com\/kohenavocats.com\/wp-content\/uploads\/2024\/08\/jonathan-velasquez-eUSpDPSFdKU-unsplash.webp?resize=525%2C300&ssl=1 1.5x, https:\/\/i0.wp.com\/kohenavocats.com\/wp-content\/uploads\/2024\/08\/jonathan-velasquez-eUSpDPSFdKU-unsplash.webp?resize=700%2C400&ssl=1 2x, https:\/\/i0.wp.com\/kohenavocats.com\/wp-content\/uploads\/2024\/08\/jonathan-velasquez-eUSpDPSFdKU-unsplash.webp?resize=1050%2C600&ssl=1 3x, https:\/\/i0.wp.com\/kohenavocats.com\/wp-content\/uploads\/2024\/08\/jonathan-velasquez-eUSpDPSFdKU-unsplash.webp?resize=1400%2C800&ssl=1 4x"},"classes":[]},{"id":361597,"url":"https:\/\/kohenavocats.com\/zh-hans\/tribunal-judiciaire-de-paris-le-8-octobre-2025-n24-10489\/","url_meta":{"origin":629922,"position":1},"title":"Tribunal judiciaire de Paris, le 8 octobre 2025, n\u00b024\/10489","author":"Kohen","date":"2026\u5e742\u670811\u65e5","format":false,"excerpt":"Le Tribunal judiciaire de Paris, dans un jugement \u2026","rel":"","context":"\u5728\u201cD\u00e9cisions juridiques\u201d\u4e2d","block_context":{"text":"D\u00e9cisions juridiques","link":"https:\/\/kohenavocats.com\/category\/decisions-juridiques\/"},"img":{"alt_text":"","src":"https:\/\/i0.wp.com\/kohenavocats.com\/wp-content\/uploads\/2024\/11\/virginia-marinova-CUq6KAqzzNY-unsplash.webp?resize=350%2C200&ssl=1","width":350,"height":200,"srcset":"https:\/\/i0.wp.com\/kohenavocats.com\/wp-content\/uploads\/2024\/11\/virginia-marinova-CUq6KAqzzNY-unsplash.webp?resize=350%2C200&ssl=1 1x, https:\/\/i0.wp.com\/kohenavocats.com\/wp-content\/uploads\/2024\/11\/virginia-marinova-CUq6KAqzzNY-unsplash.webp?resize=525%2C300&ssl=1 1.5x, https:\/\/i0.wp.com\/kohenavocats.com\/wp-content\/uploads\/2024\/11\/virginia-marinova-CUq6KAqzzNY-unsplash.webp?resize=700%2C400&ssl=1 2x, https:\/\/i0.wp.com\/kohenavocats.com\/wp-content\/uploads\/2024\/11\/virginia-marinova-CUq6KAqzzNY-unsplash.webp?resize=1050%2C600&ssl=1 3x, https:\/\/i0.wp.com\/kohenavocats.com\/wp-content\/uploads\/2024\/11\/virginia-marinova-CUq6KAqzzNY-unsplash.webp?resize=1400%2C800&ssl=1 4x"},"classes":[]},{"id":200922,"url":"https:\/\/kohenavocats.com\/zh-hans\/cour-dappel-de-versailles-le-15-juillet-2025-n23-08277\/","url_meta":{"origin":629922,"position":2},"title":"Cour d&#8217;appel de Versailles, le 15 juillet 2025, n\u00b023\/08277","author":"Kohen","date":"2025\u5e7412\u670820\u65e5","format":false,"excerpt":"Rendue par la Cour d'appel de Versailles le 15 jui\u2026","rel":"","context":"\u5728\u201cCour d'appel\u201d\u4e2d","block_context":{"text":"Cour d'appel","link":"https:\/\/kohenavocats.com\/category\/cour-dappel\/"},"img":{"alt_text":"","src":"https:\/\/i0.wp.com\/kohenavocats.com\/wp-content\/uploads\/2024\/11\/juliet-furst-LhkovoqKi70-unsplash.webp?resize=350%2C200&ssl=1","width":350,"height":200,"srcset":"https:\/\/i0.wp.com\/kohenavocats.com\/wp-content\/uploads\/2024\/11\/juliet-furst-LhkovoqKi70-unsplash.webp?resize=350%2C200&ssl=1 1x, https:\/\/i0.wp.com\/kohenavocats.com\/wp-content\/uploads\/2024\/11\/juliet-furst-LhkovoqKi70-unsplash.webp?resize=525%2C300&ssl=1 1.5x, https:\/\/i0.wp.com\/kohenavocats.com\/wp-content\/uploads\/2024\/11\/juliet-furst-LhkovoqKi70-unsplash.webp?resize=700%2C400&ssl=1 2x, https:\/\/i0.wp.com\/kohenavocats.com\/wp-content\/uploads\/2024\/11\/juliet-furst-LhkovoqKi70-unsplash.webp?resize=1050%2C600&ssl=1 3x, https:\/\/i0.wp.com\/kohenavocats.com\/wp-content\/uploads\/2024\/11\/juliet-furst-LhkovoqKi70-unsplash.webp?resize=1400%2C800&ssl=1 4x"},"classes":[]},{"id":530542,"url":"https:\/\/kohenavocats.com\/zh-hans\/tribunal-judiciaire-de-paris-le-2-octobre-2025-n25-54411\/","url_meta":{"origin":629922,"position":3},"title":"Tribunal judiciaire de Paris, le 2 octobre 2025, n\u00b025\/54411","author":"Kohen","date":"2026\u5e744\u67089\u65e5","format":false,"excerpt":"Le Tribunal judiciaire de Paris, statuant en r\u00e9f\u00e9r\u2026","rel":"","context":"\u5728\u201cD\u00e9cisions juridiques\u201d\u4e2d","block_context":{"text":"D\u00e9cisions juridiques","link":"https:\/\/kohenavocats.com\/category\/decisions-juridiques\/"},"img":{"alt_text":"","src":"https:\/\/i0.wp.com\/kohenavocats.com\/wp-content\/uploads\/2024\/07\/pierre-bamin-SnQnWFVPp-4-unsplash.webp?resize=350%2C200&ssl=1","width":350,"height":200,"srcset":"https:\/\/i0.wp.com\/kohenavocats.com\/wp-content\/uploads\/2024\/07\/pierre-bamin-SnQnWFVPp-4-unsplash.webp?resize=350%2C200&ssl=1 1x, https:\/\/i0.wp.com\/kohenavocats.com\/wp-content\/uploads\/2024\/07\/pierre-bamin-SnQnWFVPp-4-unsplash.webp?resize=525%2C300&ssl=1 1.5x, https:\/\/i0.wp.com\/kohenavocats.com\/wp-content\/uploads\/2024\/07\/pierre-bamin-SnQnWFVPp-4-unsplash.webp?resize=700%2C400&ssl=1 2x, https:\/\/i0.wp.com\/kohenavocats.com\/wp-content\/uploads\/2024\/07\/pierre-bamin-SnQnWFVPp-4-unsplash.webp?resize=1050%2C600&ssl=1 3x, https:\/\/i0.wp.com\/kohenavocats.com\/wp-content\/uploads\/2024\/07\/pierre-bamin-SnQnWFVPp-4-unsplash.webp?resize=1400%2C800&ssl=1 4x"},"classes":[]},{"id":446252,"url":"https:\/\/kohenavocats.com\/zh-hans\/tribunal-judiciaire-le-14-aout-2025-n25-53733\/","url_meta":{"origin":629922,"position":4},"title":"Tribunal judiciaire, le 14 ao\u00fbt 2025, n\u00b025\/53733","author":"","date":"2026\u5e744\u67085\u65e5","format":false,"excerpt":"Le Tribunal judiciaire de Paris, statuant en r\u00e9f\u00e9r\u2026","rel":"","context":"\u5728\u201cD\u00e9cisions juridiques\u201d\u4e2d","block_context":{"text":"D\u00e9cisions juridiques","link":"https:\/\/kohenavocats.com\/category\/decisions-juridiques\/"},"img":{"alt_text":"","src":"https:\/\/i0.wp.com\/kohenavocats.com\/wp-content\/uploads\/2024\/11\/pawel-czerwinski-EPAQ0_u0VZo-unsplash.webp?resize=350%2C200&ssl=1","width":350,"height":200,"srcset":"https:\/\/i0.wp.com\/kohenavocats.com\/wp-content\/uploads\/2024\/11\/pawel-czerwinski-EPAQ0_u0VZo-unsplash.webp?resize=350%2C200&ssl=1 1x, https:\/\/i0.wp.com\/kohenavocats.com\/wp-content\/uploads\/2024\/11\/pawel-czerwinski-EPAQ0_u0VZo-unsplash.webp?resize=525%2C300&ssl=1 1.5x, https:\/\/i0.wp.com\/kohenavocats.com\/wp-content\/uploads\/2024\/11\/pawel-czerwinski-EPAQ0_u0VZo-unsplash.webp?resize=700%2C400&ssl=1 2x, https:\/\/i0.wp.com\/kohenavocats.com\/wp-content\/uploads\/2024\/11\/pawel-czerwinski-EPAQ0_u0VZo-unsplash.webp?resize=1050%2C600&ssl=1 3x, https:\/\/i0.wp.com\/kohenavocats.com\/wp-content\/uploads\/2024\/11\/pawel-czerwinski-EPAQ0_u0VZo-unsplash.webp?resize=1400%2C800&ssl=1 4x"},"classes":[]},{"id":329727,"url":"https:\/\/kohenavocats.com\/zh-hans\/tribunal-judiciaire-de-paris-le-14-aout-2025-n25-53733\/","url_meta":{"origin":629922,"position":5},"title":"Tribunal judiciaire de Paris, le 14 ao\u00fbt 2025, n\u00b025\/53733","author":"Kohen","date":"2026\u5e742\u67089\u65e5","format":false,"excerpt":"Le Tribunal judiciaire de Paris, statuant en r\u00e9f\u00e9r\u2026","rel":"","context":"\u5728\u201cD\u00e9cisions juridiques\u201d\u4e2d","block_context":{"text":"D\u00e9cisions juridiques","link":"https:\/\/kohenavocats.com\/category\/decisions-juridiques\/"},"img":{"alt_text":"","src":"https:\/\/i0.wp.com\/kohenavocats.com\/wp-content\/uploads\/2024\/08\/mateus-campos-felipe-rgnkCd4rF1A-unsplash.webp?resize=350%2C200&ssl=1","width":350,"height":200,"srcset":"https:\/\/i0.wp.com\/kohenavocats.com\/wp-content\/uploads\/2024\/08\/mateus-campos-felipe-rgnkCd4rF1A-unsplash.webp?resize=350%2C200&ssl=1 1x, https:\/\/i0.wp.com\/kohenavocats.com\/wp-content\/uploads\/2024\/08\/mateus-campos-felipe-rgnkCd4rF1A-unsplash.webp?resize=525%2C300&ssl=1 1.5x, https:\/\/i0.wp.com\/kohenavocats.com\/wp-content\/uploads\/2024\/08\/mateus-campos-felipe-rgnkCd4rF1A-unsplash.webp?resize=700%2C400&ssl=1 2x, https:\/\/i0.wp.com\/kohenavocats.com\/wp-content\/uploads\/2024\/08\/mateus-campos-felipe-rgnkCd4rF1A-unsplash.webp?resize=1050%2C600&ssl=1 3x, https:\/\/i0.wp.com\/kohenavocats.com\/wp-content\/uploads\/2024\/08\/mateus-campos-felipe-rgnkCd4rF1A-unsplash.webp?resize=1400%2C800&ssl=1 4x"},"classes":[]}],"jetpack_sharing_enabled":true,"_links":{"self":[{"href":"https:\/\/kohenavocats.com\/zh-hans\/wp-json\/wp\/v2\/posts\/629922","targetHints":{"allow":["GET"]}}],"collection":[{"href":"https:\/\/kohenavocats.com\/zh-hans\/wp-json\/wp\/v2\/posts"}],"about":[{"href":"https:\/\/kohenavocats.com\/zh-hans\/wp-json\/wp\/v2\/types\/post"}],"author":[{"embeddable":true,"href":"https:\/\/kohenavocats.com\/zh-hans\/wp-json\/wp\/v2\/users\/232070755"}],"replies":[{"embeddable":true,"href":"https:\/\/kohenavocats.com\/zh-hans\/wp-json\/wp\/v2\/comments?post=629922"}],"version-history":[{"count":0,"href":"https:\/\/kohenavocats.com\/zh-hans\/wp-json\/wp\/v2\/posts\/629922\/revisions"}],"wp:featuredmedia":[{"embeddable":true,"href":"https:\/\/kohenavocats.com\/zh-hans\/wp-json\/wp\/v2\/media\/9676"}],"wp:attachment":[{"href":"https:\/\/kohenavocats.com\/zh-hans\/wp-json\/wp\/v2\/media?parent=629922"}],"wp:term":[{"taxonomy":"category","embeddable":true,"href":"https:\/\/kohenavocats.com\/zh-hans\/wp-json\/wp\/v2\/categories?post=629922"},{"taxonomy":"post_tag","embeddable":true,"href":"https:\/\/kohenavocats.com\/zh-hans\/wp-json\/wp\/v2\/tags?post=629922"}],"curies":[{"name":"wp","href":"https:\/\/api.w.org\/{rel}","templated":true}]}}